{"id":4805,"date":"2022-06-27T12:30:38","date_gmt":"2022-06-27T10:30:38","guid":{"rendered":"https:\/\/blog.holyart.it\/fr\/?p=4805"},"modified":"2024-06-10T15:35:01","modified_gmt":"2024-06-10T13:35:01","slug":"saints-pierre-et-paul-pourquoi-sont-ils-fetes-ensemble","status":"publish","type":"post","link":"https:\/\/blog.holyart.it\/fr\/saints-et-bienheureux\/saints-pierre-et-paul-pourquoi-sont-ils-fetes-ensemble\/","title":{"rendered":"Saints Pierre et Paul, pourquoi sont-ils f\u00eat\u00e9s ensemble ?"},"content":{"rendered":"<h4>Le 29 juin, on f\u00eate Saints Pierre et Paul. Deux ap\u00f4tres, deux hommes tr\u00e8s diff\u00e9rents, mais tous les deux fondamentaux pour l\u2019histoire de l\u2019\u00c9glise. Apprenons \u00e0 mieux conna\u00eetre ces deux exemples de foi et leur f\u00eate.<\/h4>\n\n<p>Difficile de penser \u00e0 deux hommes plus diff\u00e9rents entre eux pour histoire et vocation que <strong>Saints Pierre et Paul<\/strong>. Et pourtant, non seulement ils sont tous les deux rappel\u00e9s comme deux <strong>remparts de foi<\/strong> et symboles m\u00eame de l\u2019\u00c9glise catholique, ils partagent m\u00eame leur f\u00eate, le <strong>29 juin<\/strong>.<\/p>\n<p>En cette date, en <strong>67 apr. J.-C. <\/strong><a href=\"https:\/\/www.holyart.fr\/articles-religieux\/icones-religieuses\/icones-grecques\/saint-pierre-et-saint-paul\"><strong>Saint Pierre et Paul<\/strong><\/a> auraient \u00e9t\u00e9 martyris\u00e9s \u00e0 Rome au cours des pers\u00e9cutions command\u00e9es par l\u2019empereur <strong>N\u00e9ron<\/strong> contre les chr\u00e9tiens. Cela selon le Martyrologue Romain, les Synaxaires des \u00c9glises orientales (recueils de vies de saints) et le Decretum Gelasianum, un document du Ve si\u00e8cle qui contient diff\u00e9rentes listes de mat\u00e9riel religieux, de textes \u00e9crits \u00e0 reconna\u00eetre ou \u00e0 rejeter \u00e0 des histoires d\u2019auteurs eccl\u00e9siastiques reconnus ou \u00e0 la liste des synodes.<\/p>\n<div class=\"link-product\">\n<div class=\"blocco-immagine\"><img loading=\"lazy\" decoding=\"async\" class=\"alignnone size-full wp-image-4806\" src=\"https:\/\/blog.holyart.it\/fr\/wp-content\/uploads\/sites\/14\/2022\/06\/Saint-Pierre-et-Saint-Paul.jpg\" alt=\"Saint Pierre et Saint Paul\" width=\"100\" height=\"100\" data-kale-share-title=\"Saints Pierre et Paul, pourquoi sont-ils f\u00eat\u00e9s ensemble ?\" data-kale-share-url=\"https:\/\/blog.holyart.it\/fr\/?p=4805\" \/><\/div>\n<div class=\"blocco-contenuto\">\n<div class=\"blocco-acquista\">Acheter sur Holyart:<\/div>\n<div class=\"blocco-titolo\"><a href=\"https:\/\/www.holyart.fr\/articles-religieux\/icones-religieuses\/icones-grecques\/saint-pierre-et-saint-paul\">Saint Pierre et Saint Paul<\/a><\/div>\n<div class=\"blocco-descrizione\">Ic\u00f4ne grecque peinte \u00e0 la main sur planche en bois.<\/div>\n<\/div>\n<\/div>\n<p>Bien qu\u2019il soit presque certain que Pierre comme Paul subirent le martyr par volont\u00e9 de N\u00e9ron, le premier <strong>crucifi\u00e9 la t\u00eate en bas<\/strong>, le deuxi\u00e8me <strong>d\u00e9capit\u00e9<\/strong> entre 64 et 67 apr. J.-C., le fait que les deux ex\u00e9cutions aient eu lieu le m\u00eame jour de la m\u00eame ann\u00e9e est hautement improbable.<\/p>\n<p>Il est plus plausible que le choix de comm\u00e9morer la mort des deux Saints, Pierre et Paul, le 29 juin d\u00e9rive de la volont\u00e9 de convertir une <strong>f\u00eate pa\u00efenne<\/strong> en une c\u00e9l\u00e9bration chr\u00e9tienne, comme il est advenu au cours des si\u00e8cles pour des tr\u00e8s nombreuses festivit\u00e9s religieuses. En effet, le 29 juin co\u00efncidait avec la f\u00eate de <strong>Romulus et R\u00e9mus<\/strong>, fondateurs de Rome. Vraisemblablement, les chr\u00e9tiens ont voulu rendre hommage aux deux fondateurs de l\u2019\u00c9glise en ce m\u00eame jour, cherchant \u00e0 c\u00e9l\u00e9brer la naissance d\u2019une <strong>nouvelle Rome chr\u00e9tienne<\/strong>.<\/p>\n<p>Apprenons \u00e0 mieux conna\u00eetre Saints Pierre et Paul et leur destin commun.<\/p>\n<h2>Histoire de Saint Pierre, le P\u00eacheur d\u2019hommes<\/h2>\n<p>Simon, qui changea son nom en Pierre quand il d\u00e9cida de suivre J\u00e9sus avec son fr\u00e8re Andr\u00e9, fut le premier parmi les disciples \u00e0 reconna\u00eetre J\u00e9sus comme Messie et Fils de Dieu vivant.<\/p>\n<p><em>J\u00e9sus, \u00e9tant arriv\u00e9 dans le territoire de C\u00e9sar\u00e9e de Philippe, demanda \u00e0 ses disciples : \u00ab\u00a0Qui dit-on que je suis, moi, le Fils de l\u2019homme ?\u00a0\u00bb Ils r\u00e9pondirent\u00a0: \u00ab\u00a0Les uns disent que tu es Jean-Baptiste\u00a0; les autres, \u00c9lie\u00a0; les autres, J\u00e9r\u00e9mie, ou l\u2019un des proph\u00e8tes\u00a0\u00bb. \u00ab\u00a0Et vous\u00a0\u00bb, dit-il, \u00ab\u00a0qui dites-vous que je suis\u00a0?\u00a0\u00bb. Simon Pierre r\u00e9pondit\u00a0: \u201cTu es le Christ, le Fils du Dieu vivant\u00a0\u00bb. <\/em>(Matthieu 16,13-16)<\/p>\n<p>De la m\u00eame mani\u00e8re, et \u00e0 la m\u00eame occasion, J\u00e9sus en personne d\u00e9signa <a href=\"https:\/\/www.holyart.fr\/articles-religieux\/statues\/statues-en-bois-peint\/statue-st-pierre-avec-les-cles-31-cm-bois-peint\"><strong>Pierre<\/strong><\/a> com <strong>Son successeur<\/strong>, <strong>fondation de Son \u00c9glise<\/strong> et <strong>guide du troupeau de Dieu<\/strong> :<\/p>\n<p><em>J\u00e9sus, reprenant la parole, lui dit\u00a0: \u00ab\u00a0Tu es heureux, Simon, fils de Jonas\u00a0; car ce ne sont pas la chair et le sang qui t\u2019ont r\u00e9v\u00e9l\u00e9 cela, mais c\u2019est mon P\u00e8re qui est dans les cieux. Et moi, je te dis que <strong>tu es Pierre, et que sur cette pierre je fonderai mon \u00c9glise<\/strong>, et que les portes du s\u00e9jour des morts ne pr\u00e9vaudront point contre elle. Je te donnerai les cl\u00e9s du royaume des cieux, et ce que tu d\u00e9lieras sur la terre sera d\u00e9li\u00e9 dans les cieux.<\/em>\u00a0\u00bb (Matthieu 16,17-19)<\/p>\n<div class=\"link-product\">\n<div class=\"blocco-immagine\"><img loading=\"lazy\" decoding=\"async\" class=\"alignnone wp-image-4812 size-full\" src=\"https:\/\/blog.holyart.it\/fr\/wp-content\/uploads\/sites\/14\/2022\/06\/Statue-St-Pierre-avec-les-cles-31-cm-bois-peint.jpg\" alt=\"Statue St Pierre avec les cles 31 cm bois peint\" width=\"100\" height=\"100\" data-kale-share-title=\"Saints Pierre et Paul, pourquoi sont-ils f\u00eat\u00e9s ensemble ?\" data-kale-share-url=\"https:\/\/blog.holyart.it\/fr\/?p=4805\" \/><\/div>\n<div class=\"blocco-contenuto\">\n<div class=\"blocco-acquista\">Acheter sur Holyart:<\/div>\n<div class=\"blocco-titolo\"><a href=\"https:\/\/www.holyart.fr\/articles-religieux\/statues\/statues-en-bois-peint\/statue-st-pierre-avec-les-cles-31-cm-bois-peint\">Statue St Pierre avec les cl\u00e9s<\/a><\/div>\n<div class=\"blocco-descrizione\">Statue en bois d&rsquo;\u00e9rable r\u00e9alis\u00e9e et peinte \u00e0 la main de 31 cm.<\/div>\n<\/div>\n<\/div>\n<p>Ce fut exactement ce qui advint apr\u00e8s la mort de J\u00e9sus. Pierre, qui \u00e0 trois reprises avait reni\u00e9 son Ma\u00eetre apr\u00e8s son arrestation, devint le <strong>point de r\u00e9f\u00e9rence<\/strong> pour les autres ap\u00f4tres et pour tous les disciples. Ce sera lui qui d\u00e9clenchera la <strong>pr\u00e9dication de la Bonne Nouvelle<\/strong>, apr\u00e8s la descente du Saint-Esprit sur eux \u00e0 la Pentec\u00f4te. Ce sera lui qui assumera tous les devoirs du <strong>Vicaire de Christ sur Terre<\/strong>.<\/p>\n<p>En parlant de comment Pierre renia J\u00e9sus, nous ne pouvons pas \u00e9viter de nous attarder sur sa <strong>faiblesse<\/strong>, sur ses <strong>d\u00e9fauts<\/strong> qui font de lui un \u00eatre humain parmi les \u00eatres humains. Il est incroyable de penser que cet homme que J\u00e9sus d\u00e9finit <em>homme de peu de foi<\/em>, quand il ne croyait pas pouvoir marcher sur l\u2019eau pour l\u2019atteindre (Matthieu 14, 22-36), devint la <strong>fondation m\u00eame de la Foi chr\u00e9tienne<\/strong> et le pilier stable et soud\u00e9 sur lequel se fondera l\u2019\u00c9glise\u00a0!<br \/>\nEt pourtant, ainsi \u00e9tait Pierre avant d\u2019\u00eatre ce que J\u00e9sus lui demanda de devenir. Un homme, un p\u00eacheur qui jetait ses filets dans la mer de Galil\u00e9e, et qui attendait la venue du Messie pr\u00each\u00e9e par les proph\u00e8tes et d\u00e9clar\u00e9e imminente par <a href=\"https:\/\/www.holyart.fr\/blog\/articles-religieux\/24-juin-saint-jean-le-baptiste\/\"><strong>Jean le Baptiste<\/strong><\/a>. \u00c0 lui J\u00e9sus demanda de pouvoir monter sur son bateau pour pr\u00eacher, et, b\u00e9nit par une p\u00eache miraculeuse, Simon d\u00e9cida de tout quitter, m\u00eame son propre nom, et de suivre J\u00e9sus s\u2019autoproclamant <strong>p\u00eacheur d\u2019homme<\/strong>.<\/p>\n<div class=\"link-article\">\n<p><img loading=\"lazy\" decoding=\"async\" class=\"alignnone size-full wp-image-4810\" src=\"https:\/\/blog.holyart.it\/fr\/wp-content\/uploads\/sites\/14\/2022\/06\/24-juin-Saint-Jean-le-Baptiste.jpg\" alt=\"24 juin Saint Jean le Baptiste\" width=\"150\" height=\"101\" data-kale-share-title=\"Saints Pierre et Paul, pourquoi sont-ils f\u00eat\u00e9s ensemble ?\" data-kale-share-url=\"https:\/\/blog.holyart.it\/fr\/?p=4805\" \/><\/p>\n<div class=\"leggi-anche\">Lire aussi :<\/div>\n<p><strong><a href=\"https:\/\/www.holyart.fr\/blog\/articles-religieux\/24-juin-saint-jean-le-baptiste\/\">24 juin : Saint Jean le Baptiste<\/a><\/strong><br \/>\nLe 24 juin nous f\u00eatons la naissance de Saint Jean le Baptiste, un des Saints les plus v\u00e9n\u00e9r\u00e9s au monde, dernier proph\u00e8te de l\u2019Ancien Testament&#8230;<\/p>\n<\/div>\n<p>Pierre fut \u00e9galement t\u00e9moin de la <a href=\"https:\/\/www.holyart.fr\/blog\/articles-religieux\/la-transfiguration-de-jesus-christ\/\"><strong>Transfiguration de J\u00e9sus<\/strong><\/a>, avec Jacques et Jean.<\/p>\n<p><strong>Ardent et impulsif<\/strong>, Pierre attendait un Messie qui soit un guide spirituel, mais aussi un guerrier, un Roi conqu\u00e9reur qui aurait cass\u00e9 le joug de Rome. La personnalit\u00e9 et le charisme de J\u00e9sus, toutefois, le conquirent enti\u00e8rement. M\u00eame au moment de l\u2019<strong>arrestation<\/strong> de ce dernier, l\u2019ancienne ardeur de Pierre ressurgit, le poussant \u00e0 empoigner l\u2019\u00e9p\u00e9e contre les gardes venues emmener J\u00e9sus et \u00e0 en blesser un avec son \u00e9p\u00e9e. Cela ne lui emp\u00eachera pas de le renier trois fois, acte qu\u2019il regrettera am\u00e8rement.<\/p>\n<div class=\"link-article\">\n<p><img loading=\"lazy\" decoding=\"async\" class=\"alignnone size-full wp-image-4814\" src=\"https:\/\/blog.holyart.it\/fr\/wp-content\/uploads\/sites\/14\/2022\/06\/La-transfiguration-de-Jesus-Christ.jpg\" alt=\"La transfiguration de Jesus-Christ\" width=\"150\" height=\"99\" data-kale-share-title=\"Saints Pierre et Paul, pourquoi sont-ils f\u00eat\u00e9s ensemble ?\" data-kale-share-url=\"https:\/\/blog.holyart.it\/fr\/?p=4805\" \/><\/p>\n<div class=\"leggi-anche\">Lire aussi :<\/div>\n<p><strong><a href=\"https:\/\/www.holyart.fr\/blog\/articles-religieux\/la-transfiguration-de-jesus-christ\/\">La transfiguration de J\u00e9sus-Christ<\/a><\/strong><br \/>\nLe 6 ao\u00fbt on c\u00e9l\u00e8bre la Transfiguration de J\u00e9sus, quarante jours avant l\u2019Exaltation de la Sainte-Croix, comm\u00e9moration de la Crucifixion&#8230;<\/p>\n<\/div>\n<p>\u00c0 Pierre, accouru <strong>le matin de P\u00e2ques<\/strong> aupr\u00e8s du tombeau de Christ trouv\u00e9 vide par les femmes, J\u00e9sus apparut avant les autres, et \u00e0 partir de ce moment-l\u00e0, les <strong>Actes des Ap\u00f4tres<\/strong> et les textes sacr\u00e9s nous rapportent des confirmations continues du r\u00f4le pleinement embrass\u00e9 par l\u2019Ap\u00f4tre.<br \/>\nLe jour de <a href=\"https:\/\/www.holyart.fr\/blog\/accessoires-pour-la-liturgie\/a-loccasion-de-la-pentecote-priez-marie-qui-defait-les-noeuds\/\"><strong>Pentec\u00f4te<\/strong><\/a>, lors que le Saint-Esprit descendu en langues de feu donnait aux disciples la capacit\u00e9 de parler dans toutes les langues du monde, Pierre haranguera la foule, troubl\u00e9e et apeur\u00e9e en d\u00e9clarant J\u00e9sus <strong>Seigneur et Messie<\/strong>, ressuscit\u00e9 du royaume des morts et mont\u00e9 au ciel, accomplissant ce miracle. Son discours poussera beaucoup des t\u00e9moins pr\u00e9sents \u00e0 se convertir et \u00e0 demander le Bapt\u00eame, et d\u2019autres arriveront par milliers dans les jours suivant pour la m\u00eame raison.<\/p>\n<p>Le m\u00eame jour, commen\u00e7a \u00e9galement la <strong>pr\u00e9dication de la Bonne Nouvelle<\/strong> de la part de Pierre, ce qui l\u2019amena \u00e0 \u00eatre arr\u00eat\u00e9 plusieurs fois par les Juifs et par les Romains. En particulier, rappelons l\u2019arrestation de la part d\u2019H\u00e9rode Agrippa, auquel l\u2019ap\u00f4tre aurait fui gr\u00e2ce \u00e0 l\u2019intervention d\u2019un ange.<\/p>\n<p>Ses voyages l\u2019amen\u00e8rent jusqu\u2019\u00e0 <strong>Rome<\/strong>, o\u00f9 il rencontrera son destin par volont\u00e9 de N\u00e9ron.<\/p>\n<p>La l\u00e9gende veut que, lorsqu\u2019il tentait de fuir de Rome afin d\u2019\u00e9viter l\u2019arrestation, J\u00e9sus lui apparut. L\u2019ap\u00f4tre lui demanda : \u201cQuo vadis ?\u201d (o\u00f9 vas-tu?) et le Seigneur lui r\u00e9pondit qu\u2019il allait \u00e0 Rome pour mourir \u00e0 nouveau. Alors Pierre retourna sur ses pas, se laissa arr\u00eater et accepta le martyr. Le choix de mourir <strong>crucifi\u00e9 la t\u00eate en bas<\/strong> fut de Pierre en personne, qui ne consid\u00e9rait pas digne de mourir de la m\u00eame mani\u00e8re que son Ma\u00eetre tr\u00e8s aim\u00e9. Il fut enterr\u00e9 sur le Col Vatican et, autour de sa tombe, avec le temps, fut \u00e9rig\u00e9e <strong>la Basilique de Saint Pierre<\/strong>, qui conserve encore aujourd\u2019hui son tombeau.<\/p>\n<h2>Histoire de Saint Paul, ap\u00f4tre des Gentils<\/h2>\n<p>Paul s\u2019appelait Saul de Tarse avant de se convertir. <strong>Il ne connut jamais J\u00e9sus<\/strong>, mais il est rappel\u00e9 comme <strong>Son premier missionnaire<\/strong>, le <strong>somme pr\u00e9dicateur de Sa Parole chez les Juifs, les Grecs et les Romains<\/strong>, les \u00ab\u00a0gentils\u00a0\u00bb, entendus comme <em>pa\u00efens, non chr\u00e9tiens<\/em>. Ce fut gr\u00e2ce \u00e0 lui et \u00e0 Saint Pierre que le message \u00e9vang\u00e9lique se r\u00e9pandit dans tout le Bassin m\u00e9diterran\u00e9en de l\u2019\u00e9poque. Ses \u00e9crits exceptionnels font de lui le <strong>premier th\u00e9ologien<\/strong> de l\u2019histoire du <strong><a href=\"https:\/\/www.holyart.fr\/blog\/articles-religieux\/les-differences-entre-judaisme-et-christianisme\/\">Christianisme<\/a>.<\/strong><\/p>\n<div class=\"link-article\">\n<p><img loading=\"lazy\" decoding=\"async\" class=\"alignnone size-full wp-image-4817\" src=\"https:\/\/blog.holyart.it\/fr\/wp-content\/uploads\/sites\/14\/2022\/06\/Les-differences-entre-judaisme-et-christianisme-1.jpg\" alt=\"Les differences entre judaisme et christianisme\" width=\"150\" height=\"99\" data-kale-share-title=\"Saints Pierre et Paul, pourquoi sont-ils f\u00eat\u00e9s ensemble ?\" data-kale-share-url=\"https:\/\/blog.holyart.it\/fr\/?p=4805\" \/><\/p>\n<div class=\"leggi-anche\">Lire aussi :<\/div>\n<p><strong><a href=\"https:\/\/www.holyart.fr\/blog\/articles-religieux\/les-differences-entre-judaisme-et-christianisme\/\">Les diff\u00e9rences entre juda\u00efsme et christianisme<\/a><\/strong><br \/>\nQuelles sont les diff\u00e9rences entre Juda\u00efsme et Christianisme? Le Dieu des Juifs est le m\u00eame que Celui des Chr\u00e9tiens ? Essayons de d\u00e9couvrir&#8230;<\/p>\n<\/div>\n<p>Il \u00e9tait un juif hell\u00e9nis\u00e9, un aristocrate, un citoyen romain. Fier partisan des traditions juives, il d\u00e9dia la premi\u00e8re partie de sa vie \u00e0 <strong>pers\u00e9cuter les chr\u00e9tiens<\/strong>, qu\u2019il voyait comme une secte dangereuse \u00e0 exterminer par tous les moyens.<\/p>\n<p>Ce fut justement pendant qu\u2019il accomplissait son devoir d\u2019exterminateur des chr\u00e9tiens qu\u2019il connut son propre destin. Dans les <strong>Actes des Ap\u00f4tres<\/strong> (Actes 9,1-9) nous lisons comment, en voyage vers <strong>Damas<\/strong> pour poursuivre un groupe de chr\u00e9tiens qui avaient fui J\u00e9rusalem, Saul fut investi par une lumi\u00e8re \u00e9blouissante qui l\u2019aveugla. Dans cette lueur il entendit une voix qui disait : \u00ab\u00a0<em>Saul, Saul, pourquoi me pers\u00e9cutes-tu\u00a0?<\/em>\u00a0\u00bb (Actes 9,4). Apr\u00e8s cet \u00e9v\u00e9nement miraculeux, l\u2019homme vagua pendant trois jours en arrivant \u00e0 Damas, o\u00f9 il fut accueilli et soign\u00e9 par <strong>Ananias<\/strong>, chef des chr\u00e9tiens de la ville.<\/p>\n<p>Ainsi eut lieu sa <strong>conversion<\/strong> et le d\u00e9but de sa mission en tant que missionnaire infatigable de J\u00e9sus.<\/p>\n<p>C\u2019est justement de sa conversion que <a href=\"https:\/\/www.holyart.fr\/articles-religieux\/statues\/statues-en-bois-peint\/saint-paul-statue-bois\"><strong>Saint Paul<\/strong><\/a> s\u2019inspirera pour commencer sa pr\u00e9dication. Une mission compliqu\u00e9e, en consid\u00e9rant que partout on se rappelait sa haine envers les chr\u00e9tiens. Mais Paul ne perdit pas espoir. Baptis\u00e9 par Ananias, et apr\u00e8s avoir v\u00e9cu quelques temps \u00e0 Damas aupr\u00e8s de la communaut\u00e9 chr\u00e9tienne, <strong>il entreprit diff\u00e9rents voyages<\/strong>. La tradition indique <strong>trois voyages missionnaires principaux<\/strong> : le premier dans les r\u00e9gions de l\u2019actuelle Turquie, sur l\u2019\u00eele de Chypre, dans la ville d\u2019Antioche et en Syrie\u00a0; le deuxi\u00e8me en Gr\u00e8ce\u00a0; le troisi\u00e8me de nouveau en Asie. Il y eu un quatri\u00e8me voyage, que Paul entreprit en tant que prisonnier, jusqu\u2019\u00e0 <strong>Rome<\/strong>. Ici les <strong>Actes des Ap\u00f4tres<\/strong> interrompent le r\u00e9cit relatif \u00e0 sa vie. Il mourut <strong>d\u00e9capit\u00e9<\/strong> pendant les pers\u00e9cutions command\u00e9es par N\u00e9ron. Ses restes se trouvent toujours dans la <strong>Basilique de Saint-Paul-hors-les-Murs<\/strong>.<\/p>\n<div class=\"link-product\">\n<div class=\"blocco-immagine\"><img loading=\"lazy\" decoding=\"async\" class=\"alignnone size-full wp-image-4819\" src=\"https:\/\/blog.holyart.it\/fr\/wp-content\/uploads\/sites\/14\/2022\/06\/Saint-Paul-statue-bois.jpg\" alt=\"Saint Paul, statue bois\" width=\"100\" height=\"100\" data-kale-share-title=\"Saints Pierre et Paul, pourquoi sont-ils f\u00eat\u00e9s ensemble ?\" data-kale-share-url=\"https:\/\/blog.holyart.it\/fr\/?p=4805\" \/><\/div>\n<div class=\"blocco-contenuto\">\n<div class=\"blocco-acquista\">Acheter sur Holyart:<\/div>\n<div class=\"blocco-titolo\"><a href=\"https:\/\/www.holyart.fr\/articles-religieux\/statues\/statues-en-bois-peint\/saint-paul-statue-bois?path=articles-religieux&amp;path=statues&amp;path=statues-en-bois-peint&amp;path=saint-paul-statue-bois\">Saint Paul, statue bois<\/a><\/div>\n<div class=\"blocco-descrizione\">Statue r\u00e9alis\u00e9e \u00e0 la main par les artisans de la Valgardena.<\/div>\n<\/div>\n<\/div>\n<p>Le t\u00e9moignage de son \u0153uvre \u00e9vang\u00e9lique nous parvient, outre que dans les chroniques et dans les comptes-rendus de l\u2019\u00e9poque, surtout dans ses <strong>\u0152uvres<\/strong>. Nous faisons r\u00e9f\u00e9rence aux <strong>Lettres<\/strong> qu\u2019il \u00e9crit aux communaut\u00e9s chr\u00e9tiennes touch\u00e9es pendant ses voyages apostoliques ou fond\u00e9es par lui-m\u00eame. Elles sont destin\u00e9es \u00e0 faire partie du <strong>Nouveau Testament<\/strong>. Dans ces lettres, Saint Paul se fait <strong>porte-parole de Dieu et de sa promesse de salut<\/strong>. Ce salut qui avait illumin\u00e9 lui-m\u00eame en premier, en l\u2019arrachant \u00e0 son ancienne vie et en le rendant l\u2019un des plus fervent des ap\u00f4tres, bien qu\u2019il ne rencontr\u00e2t jamais J\u00e9sus de sa vie sur terre.<br \/>\n<em>\u00ab\u00a0Je vous ai enseign\u00e9 avant tout, <strong>comme je l\u2019avais aussi re\u00e7u<\/strong>, que Christ est mort pour nos p\u00e9ch\u00e9s, selon les \u00c9critures ; qu\u2019il a \u00e9t\u00e9 enseveli, et qu\u2019il est ressuscit\u00e9 le troisi\u00e8me jour, selon les \u00c9critures\u00a0; et qu\u2019il est apparu \u00e0 C\u00e9phas, puis aux douze.\u00a0\u00bb <\/em>(Premi\u00e8re lettre aux Corinthiens 15,3-5)<\/p>\n<h2>Pourquoi Pierre et Paul sont-ils f\u00eat\u00e9s ensemble ?<\/h2>\n<p>En n\u00e9gligeant la tradition qui les veut \u00e0 Rome \u00e0 la m\u00eame p\u00e9riode et tu\u00e9s le m\u00eame jour, nous pouvons reconna\u00eetre les traits qui unissent Saints Pierre et Paul, ces deux hommes si diff\u00e9rents, et font en sorte qu\u2019ils soient f\u00eat\u00e9s ensemble, dans leur <strong>volont\u00e9 commune de diffuser le message \u00e9vang\u00e9lique <\/strong>et l\u2019h\u00e9ritage laiss\u00e9 par l\u2019exp\u00e9rience humaine et mortelle de J\u00e9sus.<\/p>\n<p>Si Pierre fut la <strong>\u00ab\u00a0pierre\u00a0\u00bb sur laquelle l\u2019\u00c9glise a \u00e9t\u00e9 \u00e9difi\u00e9e<\/strong>, outre que le guide du troupeau de Dieu, Paul fut le plus fervent pr\u00e9dicateur de la parole dans tout le monde m\u00e9diterran\u00e9en, <strong>le premier missionnaire de l\u2019histoire<\/strong>.<\/p>\n<p>Incontestable \u00e9galement le lien de Saints Pierre et Paul avec <strong>Rome<\/strong>, o\u00f9 les deux moururent, mais surtout \u00e0 la <strong>renaissance chr\u00e9tienne <\/strong>vers laquelle les deux tendirent. En 2012, <a href=\"https:\/\/www.holyart.fr\/articles-religieux\/statues\/statues-en-bois-naturel\/pape-benoit-xvi-en-bois-naturel-valgardena1?path=articles-religieux&amp;path=statues&amp;path=statues-en-bois-naturel&amp;path=pape-benoit-xvi-en-bois-naturel-valgardena1\"><strong>Pape \u00c9m\u00e9rite Beno\u00eet XVI <\/strong><\/a>les d\u00e9clara tous les deux \u00ab\u00a0<strong>saints patrons principaux de l\u2019\u00c9glise de Rome<\/strong>\u00a0\u00bb. Encore aujourd\u2019hui <strong>Rome les rappelle avec une grande f\u00eate<\/strong>, au cours de laquelle a lieu un important spectacle de feux d\u2019artifices, tandis que Saint-Pierre est d\u00e9cor\u00e9e avec une magnifique composition florale et le Pape livre une bande en laine blanche (le pallium) aux \u00e9v\u00eaques de la ville avant d\u2019embrasser le pied de la statue de Saint Pierre qui, pour cette r\u00e9currence, est v\u00eatue d\u2019un manteau rouge.<\/p>\n<p>Bien que <strong>diff\u00e9rents<\/strong>, bien qu\u2019\u00e9loign\u00e9s par histoire et par l\u2019exp\u00e9rience, et malgr\u00e9 qu\u2019ils se soient <strong>oppos\u00e9s l\u2019un \u00e0 l\u2019autre <\/strong>justement \u00e0 cause de ces diversit\u00e9s, Saints Pierre et Paul sont comme des fr\u00e8res compl\u00e9mentaires, li\u00e9s par l\u2019<strong>\u00c9vangile<\/strong> dont ils furent messagers et d\u00e9positaires. Dans les <strong>Discours de Saint Augustin<\/strong>, nous lisons\u00a0: \u00ab\u00a0<em>Un seul jour est consacr\u00e9 \u00e0 la f\u00eate des deux ap\u00f4tres. Mais eux aussi n\u2019\u00e9tait qu\u2019une seule chose. Bien qu\u2019ils aient \u00e9t\u00e9 martyris\u00e9s en des jours diff\u00e9rents, ils \u00e9taient toutefois une seule chose en Christ<\/em>\u00a0\u00bb.<\/p>\n<div class=\"link-article\">\n<p><img loading=\"lazy\" decoding=\"async\" class=\"alignnone size-full wp-image-4821\" src=\"https:\/\/blog.holyart.it\/fr\/wp-content\/uploads\/sites\/14\/2022\/06\/Saint-Augustin-d\u2019Hippone.jpg\" alt=\"Saint Augustin d\u2019Hippone\" width=\"150\" height=\"99\" data-kale-share-title=\"Saints Pierre et Paul, pourquoi sont-ils f\u00eat\u00e9s ensemble ?\" data-kale-share-url=\"https:\/\/blog.holyart.it\/fr\/?p=4805\" \/><\/p>\n<div class=\"leggi-anche\">Lire aussi :<\/div>\n<p><strong><a href=\"https:\/\/www.holyart.fr\/blog\/saints-et-bienheureux\/saint-augustin-dhippone-philosophe-eveque-theologien\/\">Saint Augustin d\u2019Hippone: philosophe, \u00e9v\u00eaque et th\u00e9ologien<\/a><\/strong><br \/>\nPeu sont les hommes de foi qui peuvent \u00eatre compar\u00e9s \u00e0 Saint Augustin d\u2019Ippone. Il ne fut pas uniquement un grand th\u00e9ologien et un \u00e9v\u00eaque&#8230;<\/p>\n<\/div>\n<p>Ainsi deux individus que l\u2019histoire a gard\u00e9 s\u00e9par\u00e9s, que le temp\u00e9rament et \u00a0la nature ont gard\u00e9 \u00e9loign\u00e9s, ils se sont r\u00e9unis <strong>en Christ et pour Christ<\/strong>.<\/p>\n<h2>La repr\u00e9sentation de l\u2019\u00e9treinte des Saints Pierre et Paul<\/h2>\n<p><a href=\"https:\/\/www.holyart.fr\/articles-religieux\/icones-religieuses\/icones-roumaines-peintes\/s.pierre-et-s.-paul\"><strong>L\u2019ic\u00f4ne de Saints Pierre et Paul<\/strong><\/a> les repr\u00e9sente dans l\u2019acte de <strong>se serrer dans les bras les uns des autres<\/strong>. Ce fut probablement avec une \u00e9treinte qu\u2019ils se salu\u00e8rent avant d\u2019\u00eatre emmen\u00e9s par leurs bourreaux, selon la tradition. Mais cette \u00e9treinte signifie beaucoup plus qu\u2019un simple salut entre deux hommes qui sont les colonnes de la Chr\u00e9tient\u00e9. Il s\u2019agit d\u2019un geste symbolique qui va au-del\u00e0 du <strong>message d\u2019amour<\/strong> promu par J\u00e9sus et justement mis en pratique par ses deux disciples les plus proches\u00a0: \u00ab\u00a0<em>C\u2019est ici mon commandement\u00a0: Aimez-vous les uns les autres, comme je vous ai aim\u00e9s<\/em>\u00a0\u00bb (Jean 15,9-17).<\/p>\n<div class=\"link-product\">\n<div class=\"blocco-immagine\"><img loading=\"lazy\" decoding=\"async\" class=\"alignnone size-full wp-image-4824\" src=\"https:\/\/blog.holyart.it\/fr\/wp-content\/uploads\/sites\/14\/2022\/06\/S.Pierre-et-S.-Paul.jpg\" alt=\"S.Pierre et S. Paul\" width=\"100\" height=\"100\" data-kale-share-title=\"Saints Pierre et Paul, pourquoi sont-ils f\u00eat\u00e9s ensemble ?\" data-kale-share-url=\"https:\/\/blog.holyart.it\/fr\/?p=4805\" \/><\/div>\n<div class=\"blocco-contenuto\">\n<div class=\"blocco-acquista\">Acheter sur Holyart:<\/div>\n<div class=\"blocco-titolo\"><a href=\"https:\/\/www.holyart.fr\/articles-religieux\/icones-religieuses\/icones-roumaines-peintes\/s.pierre-et-s.-paul?path=it%2Carticoli-religiosi%2Cicone-sacre%2Cicone-romania-dipinte%2Cicona-santi-pietro-e-paolo&amp;flags=true\">Saints Pierre et Paul<\/a><\/div>\n<div class=\"blocco-descrizione\">Ic\u00f4ne des saints Pierre et Paul, int\u00e9rieur en satin.<\/div>\n<\/div>\n<\/div>\n<p>Cette \u00e9treinte id\u00e9ale symbolise l\u2019<strong>union entre les deux mondes<\/strong>, le <strong>pa\u00efen<\/strong>, repr\u00e9sent\u00e9 par les <em>gentils<\/em> auxquels s\u2019adressait Saint Paul, et les <strong>Juifs<\/strong>, que Pierre continuait de consid\u00e9rer comme le peuple \u00e9lu. Pour Saint Pierre il n\u2019\u00e9tait pas possible d\u2019embrasser le Christianisme sans avoir d\u2019abord embrasser la culture et la tradition juive, et les pa\u00efens pouvaient au maximum devenir des chr\u00e9tiens de deuxi\u00e8me cat\u00e9gorie, tandis que pour Paul <strong>seul le message de Christ comptait<\/strong> et transcendait les racines m\u00eame, en offrant la possibilit\u00e9 d\u2019une renaissance pleine et compl\u00e8te en Son nom.<\/p>\n<p>Toutefois, Paul reconnut toujours le <strong>primat de Pierre<\/strong>, son autorit\u00e9 en tant que chef de l\u2019\u00c9glise voulu et \u00e9lu par J\u00e9sus en personne. Pierre, de son c\u00f4t\u00e9, malgr\u00e9 les d\u00e9saccords initiaux, reconnut la valeur de la <strong>doctrine de Paul <\/strong>et, m\u00eame dans cette valeur compl\u00e9mentaire d\u2019<strong>autorit\u00e9 et doctrine <\/strong>nous pouvons lire une ult\u00e9rieure signification dans l\u2019\u00e9treinte des deux ap\u00f4tres.<\/p>\n","protected":false},"excerpt":{"rendered":"<p>Le 29 juin, on f\u00eate Saints Pierre et Paul. Deux ap\u00f4tres, deux hommes tr\u00e8s diff\u00e9rents, mais tous les deux fondamentaux pour l\u2019histoire de l\u2019\u00c9glise. Apprenons \u00e0 mieux conna\u00eetre ces deux exemples de foi et leur f\u00eate. Difficile de penser \u00e0 deux hommes plus diff\u00e9rents entre&hellip;<\/p>\n","protected":false},"author":1,"featured_media":4827,"comment_status":"closed","ping_status":"open","sticky":false,"template":"","format":"standard","meta":{"_acf_changed":false,"footnotes":""},"categories":[7],"tags":[],"class_list":["post-4805","post","type-post","status-publish","format-standard","has-post-thumbnail","hentry","category-saints-et-bienheureux"],"acf":[],"yoast_head":"<!-- This site is optimized with the Yoast SEO plugin v26.6 - https:\/\/yoast.com\/wordpress\/plugins\/seo\/ -->\n<title>Saints Pierre et Paul, pourquoi sont-ils f\u00eat\u00e9s ensemble ? - Holyart.fr Blog<\/title>\n<meta name=\"description\" content=\"Le 29 juin, on f\u00eate Saints Pierre et Paul. Deux ap\u00f4tres, deux hommes tr\u00e8s diff\u00e9rents, mais tous les deux fondamentaux pour l\u2019histoire de l\u2019\u00c9glise.\" \/>\n<meta name=\"robots\" content=\"index, follow, max-snippet:-1, max-image-preview:large, max-video-preview:-1\" \/>\n<link rel=\"canonical\" href=\"https:\/\/blog.holyart.it\/fr\/saints-et-bienheureux\/saints-pierre-et-paul-pourquoi-sont-ils-fetes-ensemble\/\" \/>\n<meta property=\"og:locale\" content=\"fr_FR\" \/>\n<meta property=\"og:type\" content=\"article\" \/>\n<meta property=\"og:title\" content=\"Saints Pierre et Paul, pourquoi sont-ils f\u00eat\u00e9s ensemble ? - Holyart.fr Blog\" \/>\n<meta property=\"og:description\" content=\"Le 29 juin, on f\u00eate Saints Pierre et Paul. Deux ap\u00f4tres, deux hommes tr\u00e8s diff\u00e9rents, mais tous les deux fondamentaux pour l\u2019histoire de l\u2019\u00c9glise.\" \/>\n<meta property=\"og:url\" content=\"https:\/\/blog.holyart.it\/fr\/saints-et-bienheureux\/saints-pierre-et-paul-pourquoi-sont-ils-fetes-ensemble\/\" \/>\n<meta property=\"og:site_name\" content=\"Holyart.fr Blog\" \/>\n<meta property=\"article:published_time\" content=\"2022-06-27T10:30:38+00:00\" \/>\n<meta property=\"article:modified_time\" content=\"2024-06-10T13:35:01+00:00\" \/>\n<meta property=\"og:image\" content=\"https:\/\/blog.holyart.it\/fr\/wp-content\/uploads\/sites\/14\/2022\/06\/saints-Pierre-et-Paul.jpg\" \/>\n\t<meta property=\"og:image:width\" content=\"1000\" \/>\n\t<meta property=\"og:image:height\" content=\"666\" \/>\n\t<meta property=\"og:image:type\" content=\"image\/jpeg\" \/>\n<meta name=\"author\" content=\"Redazione\" \/>\n<meta name=\"twitter:card\" content=\"summary_large_image\" \/>\n<meta name=\"twitter:label1\" content=\"\u00c9crit par\" \/>\n\t<meta name=\"twitter:data1\" content=\"Redazione\" \/>\n\t<meta name=\"twitter:label2\" content=\"Dur\u00e9e de lecture estim\u00e9e\" \/>\n\t<meta name=\"twitter:data2\" content=\"15 minutes\" \/>\n<script type=\"application\/ld+json\" class=\"yoast-schema-graph\">{\"@context\":\"https:\/\/schema.org\",\"@graph\":[{\"@type\":\"Article\",\"@id\":\"https:\/\/blog.holyart.it\/fr\/saints-et-bienheureux\/saints-pierre-et-paul-pourquoi-sont-ils-fetes-ensemble\/#article\",\"isPartOf\":{\"@id\":\"https:\/\/blog.holyart.it\/fr\/saints-et-bienheureux\/saints-pierre-et-paul-pourquoi-sont-ils-fetes-ensemble\/\"},\"author\":{\"name\":\"Redazione\",\"@id\":\"https:\/\/blog.holyart.it\/fr\/#\/schema\/person\/0a7b686e5af0f856ec1e390dd0baecda\"},\"headline\":\"Saints Pierre et Paul, pourquoi sont-ils f\u00eat\u00e9s ensemble ?\",\"datePublished\":\"2022-06-27T10:30:38+00:00\",\"dateModified\":\"2024-06-10T13:35:01+00:00\",\"mainEntityOfPage\":{\"@id\":\"https:\/\/blog.holyart.it\/fr\/saints-et-bienheureux\/saints-pierre-et-paul-pourquoi-sont-ils-fetes-ensemble\/\"},\"wordCount\":2849,\"publisher\":{\"@id\":\"https:\/\/blog.holyart.it\/fr\/#organization\"},\"image\":{\"@id\":\"https:\/\/blog.holyart.it\/fr\/saints-et-bienheureux\/saints-pierre-et-paul-pourquoi-sont-ils-fetes-ensemble\/#primaryimage\"},\"thumbnailUrl\":\"https:\/\/blog.holyart.it\/fr\/wp-content\/uploads\/sites\/14\/2022\/06\/saints-Pierre-et-Paul.jpg\",\"articleSection\":[\"Saints et Bienheureux\"],\"inLanguage\":\"fr-FR\"},{\"@type\":\"WebPage\",\"@id\":\"https:\/\/blog.holyart.it\/fr\/saints-et-bienheureux\/saints-pierre-et-paul-pourquoi-sont-ils-fetes-ensemble\/\",\"url\":\"https:\/\/blog.holyart.it\/fr\/saints-et-bienheureux\/saints-pierre-et-paul-pourquoi-sont-ils-fetes-ensemble\/\",\"name\":\"Saints Pierre et Paul, pourquoi sont-ils f\u00eat\u00e9s ensemble ? - Holyart.fr Blog\",\"isPartOf\":{\"@id\":\"https:\/\/blog.holyart.it\/fr\/#website\"},\"primaryImageOfPage\":{\"@id\":\"https:\/\/blog.holyart.it\/fr\/saints-et-bienheureux\/saints-pierre-et-paul-pourquoi-sont-ils-fetes-ensemble\/#primaryimage\"},\"image\":{\"@id\":\"https:\/\/blog.holyart.it\/fr\/saints-et-bienheureux\/saints-pierre-et-paul-pourquoi-sont-ils-fetes-ensemble\/#primaryimage\"},\"thumbnailUrl\":\"https:\/\/blog.holyart.it\/fr\/wp-content\/uploads\/sites\/14\/2022\/06\/saints-Pierre-et-Paul.jpg\",\"datePublished\":\"2022-06-27T10:30:38+00:00\",\"dateModified\":\"2024-06-10T13:35:01+00:00\",\"description\":\"Le 29 juin, on f\u00eate Saints Pierre et Paul. Deux ap\u00f4tres, deux hommes tr\u00e8s diff\u00e9rents, mais tous les deux fondamentaux pour l\u2019histoire de l\u2019\u00c9glise.\",\"breadcrumb\":{\"@id\":\"https:\/\/blog.holyart.it\/fr\/saints-et-bienheureux\/saints-pierre-et-paul-pourquoi-sont-ils-fetes-ensemble\/#breadcrumb\"},\"inLanguage\":\"fr-FR\",\"potentialAction\":[{\"@type\":\"ReadAction\",\"target\":[\"https:\/\/blog.holyart.it\/fr\/saints-et-bienheureux\/saints-pierre-et-paul-pourquoi-sont-ils-fetes-ensemble\/\"]}]},{\"@type\":\"ImageObject\",\"inLanguage\":\"fr-FR\",\"@id\":\"https:\/\/blog.holyart.it\/fr\/saints-et-bienheureux\/saints-pierre-et-paul-pourquoi-sont-ils-fetes-ensemble\/#primaryimage\",\"url\":\"https:\/\/blog.holyart.it\/fr\/wp-content\/uploads\/sites\/14\/2022\/06\/saints-Pierre-et-Paul.jpg\",\"contentUrl\":\"https:\/\/blog.holyart.it\/fr\/wp-content\/uploads\/sites\/14\/2022\/06\/saints-Pierre-et-Paul.jpg\",\"width\":1000,\"height\":666,\"caption\":\"saints Pierre et Paul\"},{\"@type\":\"BreadcrumbList\",\"@id\":\"https:\/\/blog.holyart.it\/fr\/saints-et-bienheureux\/saints-pierre-et-paul-pourquoi-sont-ils-fetes-ensemble\/#breadcrumb\",\"itemListElement\":[{\"@type\":\"ListItem\",\"position\":1,\"name\":\"Homepage\",\"item\":\"https:\/\/blog.holyart.it\/fr\/\"},{\"@type\":\"ListItem\",\"position\":2,\"name\":\"Saints et Bienheureux\",\"item\":\"https:\/\/blog.holyart.it\/fr\/saints-et-bienheureux\/\"},{\"@type\":\"ListItem\",\"position\":3,\"name\":\"Saints Pierre et Paul, pourquoi sont-ils f\u00eat\u00e9s ensemble ?\"}]},{\"@type\":\"WebSite\",\"@id\":\"https:\/\/blog.holyart.it\/fr\/#website\",\"url\":\"https:\/\/blog.holyart.it\/fr\/\",\"name\":\"Holyart.fr Blog\",\"description\":\"Holyblog\",\"publisher\":{\"@id\":\"https:\/\/blog.holyart.it\/fr\/#organization\"},\"potentialAction\":[{\"@type\":\"SearchAction\",\"target\":{\"@type\":\"EntryPoint\",\"urlTemplate\":\"https:\/\/blog.holyart.it\/fr\/?s={search_term_string}\"},\"query-input\":{\"@type\":\"PropertyValueSpecification\",\"valueRequired\":true,\"valueName\":\"search_term_string\"}}],\"inLanguage\":\"fr-FR\"},{\"@type\":\"Organization\",\"@id\":\"https:\/\/blog.holyart.it\/fr\/#organization\",\"name\":\"Holyart.fr Blog\",\"url\":\"https:\/\/blog.holyart.it\/fr\/\",\"logo\":{\"@type\":\"ImageObject\",\"inLanguage\":\"fr-FR\",\"@id\":\"https:\/\/blog.holyart.it\/fr\/#\/schema\/logo\/image\/\",\"url\":\"https:\/\/blog.holyart.it\/fr\/wp-content\/uploads\/sites\/14\/2022\/12\/Holyart_Blog_Logo.jpg\",\"contentUrl\":\"https:\/\/blog.holyart.it\/fr\/wp-content\/uploads\/sites\/14\/2022\/12\/Holyart_Blog_Logo.jpg\",\"width\":300,\"height\":50,\"caption\":\"Holyart.fr Blog\"},\"image\":{\"@id\":\"https:\/\/blog.holyart.it\/fr\/#\/schema\/logo\/image\/\"}},{\"@type\":\"Person\",\"@id\":\"https:\/\/blog.holyart.it\/fr\/#\/schema\/person\/0a7b686e5af0f856ec1e390dd0baecda\",\"name\":\"Redazione\",\"image\":{\"@type\":\"ImageObject\",\"inLanguage\":\"fr-FR\",\"@id\":\"https:\/\/blog.holyart.it\/fr\/#\/schema\/person\/image\/\",\"url\":\"https:\/\/secure.gravatar.com\/avatar\/f477da817f43e50d0af36abecd33e3edf826c68299714bdc1057dff3b113f516?s=96&d=mm&r=g\",\"contentUrl\":\"https:\/\/secure.gravatar.com\/avatar\/f477da817f43e50d0af36abecd33e3edf826c68299714bdc1057dff3b113f516?s=96&d=mm&r=g\",\"caption\":\"Redazione\"},\"url\":\"https:\/\/blog.holyart.it\/fr\/author\/admin\/\"}]}<\/script>\n<!-- \/ Yoast SEO plugin. -->","yoast_head_json":{"title":"Saints Pierre et Paul, pourquoi sont-ils f\u00eat\u00e9s ensemble ? - Holyart.fr Blog","description":"Le 29 juin, on f\u00eate Saints Pierre et Paul. Deux ap\u00f4tres, deux hommes tr\u00e8s diff\u00e9rents, mais tous les deux fondamentaux pour l\u2019histoire de l\u2019\u00c9glise.","robots":{"index":"index","follow":"follow","max-snippet":"max-snippet:-1","max-image-preview":"max-image-preview:large","max-video-preview":"max-video-preview:-1"},"canonical":"https:\/\/blog.holyart.it\/fr\/saints-et-bienheureux\/saints-pierre-et-paul-pourquoi-sont-ils-fetes-ensemble\/","og_locale":"fr_FR","og_type":"article","og_title":"Saints Pierre et Paul, pourquoi sont-ils f\u00eat\u00e9s ensemble ? - Holyart.fr Blog","og_description":"Le 29 juin, on f\u00eate Saints Pierre et Paul. Deux ap\u00f4tres, deux hommes tr\u00e8s diff\u00e9rents, mais tous les deux fondamentaux pour l\u2019histoire de l\u2019\u00c9glise.","og_url":"https:\/\/blog.holyart.it\/fr\/saints-et-bienheureux\/saints-pierre-et-paul-pourquoi-sont-ils-fetes-ensemble\/","og_site_name":"Holyart.fr Blog","article_published_time":"2022-06-27T10:30:38+00:00","article_modified_time":"2024-06-10T13:35:01+00:00","og_image":[{"width":1000,"height":666,"url":"https:\/\/blog.holyart.it\/fr\/wp-content\/uploads\/sites\/14\/2022\/06\/saints-Pierre-et-Paul.jpg","type":"image\/jpeg"}],"author":"Redazione","twitter_card":"summary_large_image","twitter_misc":{"\u00c9crit par":"Redazione","Dur\u00e9e de lecture estim\u00e9e":"15 minutes"},"schema":{"@context":"https:\/\/schema.org","@graph":[{"@type":"Article","@id":"https:\/\/blog.holyart.it\/fr\/saints-et-bienheureux\/saints-pierre-et-paul-pourquoi-sont-ils-fetes-ensemble\/#article","isPartOf":{"@id":"https:\/\/blog.holyart.it\/fr\/saints-et-bienheureux\/saints-pierre-et-paul-pourquoi-sont-ils-fetes-ensemble\/"},"author":{"name":"Redazione","@id":"https:\/\/blog.holyart.it\/fr\/#\/schema\/person\/0a7b686e5af0f856ec1e390dd0baecda"},"headline":"Saints Pierre et Paul, pourquoi sont-ils f\u00eat\u00e9s ensemble ?","datePublished":"2022-06-27T10:30:38+00:00","dateModified":"2024-06-10T13:35:01+00:00","mainEntityOfPage":{"@id":"https:\/\/blog.holyart.it\/fr\/saints-et-bienheureux\/saints-pierre-et-paul-pourquoi-sont-ils-fetes-ensemble\/"},"wordCount":2849,"publisher":{"@id":"https:\/\/blog.holyart.it\/fr\/#organization"},"image":{"@id":"https:\/\/blog.holyart.it\/fr\/saints-et-bienheureux\/saints-pierre-et-paul-pourquoi-sont-ils-fetes-ensemble\/#primaryimage"},"thumbnailUrl":"https:\/\/blog.holyart.it\/fr\/wp-content\/uploads\/sites\/14\/2022\/06\/saints-Pierre-et-Paul.jpg","articleSection":["Saints et Bienheureux"],"inLanguage":"fr-FR"},{"@type":"WebPage","@id":"https:\/\/blog.holyart.it\/fr\/saints-et-bienheureux\/saints-pierre-et-paul-pourquoi-sont-ils-fetes-ensemble\/","url":"https:\/\/blog.holyart.it\/fr\/saints-et-bienheureux\/saints-pierre-et-paul-pourquoi-sont-ils-fetes-ensemble\/","name":"Saints Pierre et Paul, pourquoi sont-ils f\u00eat\u00e9s ensemble ? - Holyart.fr Blog","isPartOf":{"@id":"https:\/\/blog.holyart.it\/fr\/#website"},"primaryImageOfPage":{"@id":"https:\/\/blog.holyart.it\/fr\/saints-et-bienheureux\/saints-pierre-et-paul-pourquoi-sont-ils-fetes-ensemble\/#primaryimage"},"image":{"@id":"https:\/\/blog.holyart.it\/fr\/saints-et-bienheureux\/saints-pierre-et-paul-pourquoi-sont-ils-fetes-ensemble\/#primaryimage"},"thumbnailUrl":"https:\/\/blog.holyart.it\/fr\/wp-content\/uploads\/sites\/14\/2022\/06\/saints-Pierre-et-Paul.jpg","datePublished":"2022-06-27T10:30:38+00:00","dateModified":"2024-06-10T13:35:01+00:00","description":"Le 29 juin, on f\u00eate Saints Pierre et Paul. Deux ap\u00f4tres, deux hommes tr\u00e8s diff\u00e9rents, mais tous les deux fondamentaux pour l\u2019histoire de l\u2019\u00c9glise.","breadcrumb":{"@id":"https:\/\/blog.holyart.it\/fr\/saints-et-bienheureux\/saints-pierre-et-paul-pourquoi-sont-ils-fetes-ensemble\/#breadcrumb"},"inLanguage":"fr-FR","potentialAction":[{"@type":"ReadAction","target":["https:\/\/blog.holyart.it\/fr\/saints-et-bienheureux\/saints-pierre-et-paul-pourquoi-sont-ils-fetes-ensemble\/"]}]},{"@type":"ImageObject","inLanguage":"fr-FR","@id":"https:\/\/blog.holyart.it\/fr\/saints-et-bienheureux\/saints-pierre-et-paul-pourquoi-sont-ils-fetes-ensemble\/#primaryimage","url":"https:\/\/blog.holyart.it\/fr\/wp-content\/uploads\/sites\/14\/2022\/06\/saints-Pierre-et-Paul.jpg","contentUrl":"https:\/\/blog.holyart.it\/fr\/wp-content\/uploads\/sites\/14\/2022\/06\/saints-Pierre-et-Paul.jpg","width":1000,"height":666,"caption":"saints Pierre et Paul"},{"@type":"BreadcrumbList","@id":"https:\/\/blog.holyart.it\/fr\/saints-et-bienheureux\/saints-pierre-et-paul-pourquoi-sont-ils-fetes-ensemble\/#breadcrumb","itemListElement":[{"@type":"ListItem","position":1,"name":"Homepage","item":"https:\/\/blog.holyart.it\/fr\/"},{"@type":"ListItem","position":2,"name":"Saints et Bienheureux","item":"https:\/\/blog.holyart.it\/fr\/saints-et-bienheureux\/"},{"@type":"ListItem","position":3,"name":"Saints Pierre et Paul, pourquoi sont-ils f\u00eat\u00e9s ensemble ?"}]},{"@type":"WebSite","@id":"https:\/\/blog.holyart.it\/fr\/#website","url":"https:\/\/blog.holyart.it\/fr\/","name":"Holyart.fr Blog","description":"Holyblog","publisher":{"@id":"https:\/\/blog.holyart.it\/fr\/#organization"},"potentialAction":[{"@type":"SearchAction","target":{"@type":"EntryPoint","urlTemplate":"https:\/\/blog.holyart.it\/fr\/?s={search_term_string}"},"query-input":{"@type":"PropertyValueSpecification","valueRequired":true,"valueName":"search_term_string"}}],"inLanguage":"fr-FR"},{"@type":"Organization","@id":"https:\/\/blog.holyart.it\/fr\/#organization","name":"Holyart.fr Blog","url":"https:\/\/blog.holyart.it\/fr\/","logo":{"@type":"ImageObject","inLanguage":"fr-FR","@id":"https:\/\/blog.holyart.it\/fr\/#\/schema\/logo\/image\/","url":"https:\/\/blog.holyart.it\/fr\/wp-content\/uploads\/sites\/14\/2022\/12\/Holyart_Blog_Logo.jpg","contentUrl":"https:\/\/blog.holyart.it\/fr\/wp-content\/uploads\/sites\/14\/2022\/12\/Holyart_Blog_Logo.jpg","width":300,"height":50,"caption":"Holyart.fr Blog"},"image":{"@id":"https:\/\/blog.holyart.it\/fr\/#\/schema\/logo\/image\/"}},{"@type":"Person","@id":"https:\/\/blog.holyart.it\/fr\/#\/schema\/person\/0a7b686e5af0f856ec1e390dd0baecda","name":"Redazione","image":{"@type":"ImageObject","inLanguage":"fr-FR","@id":"https:\/\/blog.holyart.it\/fr\/#\/schema\/person\/image\/","url":"https:\/\/secure.gravatar.com\/avatar\/f477da817f43e50d0af36abecd33e3edf826c68299714bdc1057dff3b113f516?s=96&d=mm&r=g","contentUrl":"https:\/\/secure.gravatar.com\/avatar\/f477da817f43e50d0af36abecd33e3edf826c68299714bdc1057dff3b113f516?s=96&d=mm&r=g","caption":"Redazione"},"url":"https:\/\/blog.holyart.it\/fr\/author\/admin\/"}]}},"_links":{"self":[{"href":"https:\/\/blog.holyart.it\/fr\/wp-json\/wp\/v2\/posts\/4805","targetHints":{"allow":["GET"]}}],"collection":[{"href":"https:\/\/blog.holyart.it\/fr\/wp-json\/wp\/v2\/posts"}],"about":[{"href":"https:\/\/blog.holyart.it\/fr\/wp-json\/wp\/v2\/types\/post"}],"author":[{"embeddable":true,"href":"https:\/\/blog.holyart.it\/fr\/wp-json\/wp\/v2\/users\/1"}],"replies":[{"embeddable":true,"href":"https:\/\/blog.holyart.it\/fr\/wp-json\/wp\/v2\/comments?post=4805"}],"version-history":[{"count":1,"href":"https:\/\/blog.holyart.it\/fr\/wp-json\/wp\/v2\/posts\/4805\/revisions"}],"predecessor-version":[{"id":6548,"href":"https:\/\/blog.holyart.it\/fr\/wp-json\/wp\/v2\/posts\/4805\/revisions\/6548"}],"wp:featuredmedia":[{"embeddable":true,"href":"https:\/\/blog.holyart.it\/fr\/wp-json\/wp\/v2\/media\/4827"}],"wp:attachment":[{"href":"https:\/\/blog.holyart.it\/fr\/wp-json\/wp\/v2\/media?parent=4805"}],"wp:term":[{"taxonomy":"category","embeddable":true,"href":"https:\/\/blog.holyart.it\/fr\/wp-json\/wp\/v2\/categories?post=4805"},{"taxonomy":"post_tag","embeddable":true,"href":"https:\/\/blog.holyart.it\/fr\/wp-json\/wp\/v2\/tags?post=4805"}],"curies":[{"name":"wp","href":"https:\/\/api.w.org\/{rel}","templated":true}]}}