{"id":48,"date":"2018-02-14T16:24:18","date_gmt":"2018-02-14T15:24:18","guid":{"rendered":"https:\/\/blog.holyart.it\/fr\/?p=48"},"modified":"2018-05-03T15:58:15","modified_gmt":"2018-05-03T13:58:15","slug":"bougies-dautel","status":"publish","type":"post","link":"https:\/\/blog.holyart.it\/fr\/accessoires-pour-la-liturgie\/bougies-dautel\/","title":{"rendered":"Les bougies d\u2019autel"},"content":{"rendered":"<p>Parmi les <strong>accessoires liturgiques<\/strong>, les <strong><a title=\"Bougies d\u2019autel\" href=\"http:\/\/www.holyart.fr\/produits-de-consommation\/bougies-cierges-chandelles\">bougies d\u2019autel<\/a><\/strong> occupent un r\u00f4le fondamental. Depuis notre enfance, nous sommes invit\u00e9s \u00e0 accomplir le geste symbolique d\u2019allumer une <strong>bougie \u00e0 l\u2019\u00e9glise<\/strong>, un geste qui semble presque un jeu, mais qui rec\u00e8le une valeur symbolique tr\u00e8s forte.<\/p>\n<p>La signification des <strong>bougies d\u2019autel<\/strong> est bien \u00e9videmment li\u00e9e \u00e0 la <strong>Lumi\u00e8re<\/strong>. Quand Dieu cr\u00e9a le monde, il cr\u00e9a d\u2019abord la Lumi\u00e8re. La Lumi\u00e8re illumine notre vie jusqu\u2019au <strong>Bapt\u00eame<\/strong>, \u00e9claircissant notre chemin vers <strong>Christ<\/strong>, nous fournissant un point de r\u00e9f\u00e9rence et un phare dans l\u2019obscurit\u00e9. \u00c0 chaque occasion, \u00e0 chaque c\u00e9l\u00e9bration, les bougies d\u2019autel apportent la lumi\u00e8re, dissipent les t\u00e9n\u00e8bres et rappellent avec leur chaleur et leur beaut\u00e9 la grandeur et la splendeur de l\u2019amour de Dieu.<\/p>\n<p>Chaque <strong>bougie d\u2019autel<\/strong> poss\u00e8de une signification sp\u00e9cifique, une valeur tr\u00e8s forte. Tous ces lumi\u00e8res, petites et grandes, sont symboliquement r\u00e9unies afin d\u2019\u00e9claircir la plus sombre des nuits, afin d\u2019an\u00e9antir la Mort, r\u00e9unies comme tous les chr\u00e9tiens sont unis dans la pri\u00e8re et dans l\u2019amour dans un seul corps palpitant et rempli d\u2019une immense joie.<\/p>\n<p>Les <strong>bougies d\u2019autel<\/strong> d\u00e9signent le chemin de lumi\u00e8re et de salut et accompagnent le fid\u00e8le \u00e0 travers la nuit, pas apr\u00e8s pas, jusqu\u2019au jour, nouveau et brillant.<\/p>\n","protected":false},"excerpt":{"rendered":"<p>Parmi les accessoires liturgiques, les bougies d\u2019autel occupent un r\u00f4le fondamental. Depuis notre enfance, nous sommes invit\u00e9s \u00e0 accomplir le geste symbolique d\u2019allumer une bougie \u00e0 l\u2019\u00e9glise, un geste qui semble presque un jeu, mais qui rec\u00e8le une valeur symbolique tr\u00e8s forte. La signification des&hellip;<\/p>\n","protected":false},"author":1,"featured_media":51,"comment_status":"closed","ping_status":"open","sticky":false,"template":"","format":"standard","meta":{"_acf_changed":false,"footnotes":""},"categories":[4],"tags":[],"class_list":["post-48","post","type-post","status-publish","format-standard","has-post-thumbnail","hentry","category-accessoires-pour-la-liturgie"],"acf":[],"yoast_head":"<!-- This site is optimized with the Yoast SEO plugin v26.6 - https:\/\/yoast.com\/wordpress\/plugins\/seo\/ -->\n<title>Les bougies d\u2019autel - Holyart.fr Blog<\/title>\n<meta name=\"description\" content=\"La signification des bougies d\u2019autel est bien \u00e9videmment li\u00e9e \u00e0 la Lumi\u00e8re. Quand Dieu cr\u00e9a le monde, il cr\u00e9a d\u2019abord la Lumi\u00e8re.\" \/>\n<meta name=\"robots\" content=\"index, follow, max-snippet:-1, max-image-preview:large, max-video-preview:-1\" \/>\n<link rel=\"canonical\" href=\"https:\/\/blog.holyart.it\/fr\/accessoires-pour-la-liturgie\/bougies-dautel\/\" \/>\n<meta property=\"og:locale\" content=\"fr_FR\" \/>\n<meta property=\"og:type\" content=\"article\" \/>\n<meta property=\"og:title\" content=\"Les bougies d\u2019autel - Holyart.fr Blog\" \/>\n<meta property=\"og:description\" content=\"La signification des bougies d\u2019autel est bien \u00e9videmment li\u00e9e \u00e0 la Lumi\u00e8re. Quand Dieu cr\u00e9a le monde, il cr\u00e9a d\u2019abord la Lumi\u00e8re.\" \/>\n<meta property=\"og:url\" content=\"https:\/\/blog.holyart.it\/fr\/accessoires-pour-la-liturgie\/bougies-dautel\/\" \/>\n<meta property=\"og:site_name\" content=\"Holyart.fr Blog\" \/>\n<meta property=\"article:published_time\" content=\"2018-02-14T15:24:18+00:00\" \/>\n<meta property=\"article:modified_time\" content=\"2018-05-03T13:58:15+00:00\" \/>\n<meta property=\"og:image\" content=\"https:\/\/blog.holyart.it\/fr\/wp-content\/uploads\/sites\/14\/2016\/05\/bougies-d\u2019autel.jpg\" \/>\n\t<meta property=\"og:image:width\" content=\"1000\" \/>\n\t<meta property=\"og:image:height\" content=\"667\" \/>\n\t<meta property=\"og:image:type\" content=\"image\/jpeg\" \/>\n<meta name=\"author\" content=\"Redazione\" \/>\n<meta name=\"twitter:card\" content=\"summary_large_image\" \/>\n<meta name=\"twitter:label1\" content=\"\u00c9crit par\" \/>\n\t<meta name=\"twitter:data1\" content=\"Redazione\" \/>\n\t<meta name=\"twitter:label2\" content=\"Dur\u00e9e de lecture estim\u00e9e\" \/>\n\t<meta name=\"twitter:data2\" content=\"1 minute\" \/>\n<script type=\"application\/ld+json\" class=\"yoast-schema-graph\">{\"@context\":\"https:\/\/schema.org\",\"@graph\":[{\"@type\":\"Article\",\"@id\":\"https:\/\/blog.holyart.it\/fr\/accessoires-pour-la-liturgie\/bougies-dautel\/#article\",\"isPartOf\":{\"@id\":\"https:\/\/blog.holyart.it\/fr\/accessoires-pour-la-liturgie\/bougies-dautel\/\"},\"author\":{\"name\":\"Redazione\",\"@id\":\"https:\/\/blog.holyart.it\/fr\/#\/schema\/person\/0a7b686e5af0f856ec1e390dd0baecda\"},\"headline\":\"Les bougies d\u2019autel\",\"datePublished\":\"2018-02-14T15:24:18+00:00\",\"dateModified\":\"2018-05-03T13:58:15+00:00\",\"mainEntityOfPage\":{\"@id\":\"https:\/\/blog.holyart.it\/fr\/accessoires-pour-la-liturgie\/bougies-dautel\/\"},\"wordCount\":245,\"publisher\":{\"@id\":\"https:\/\/blog.holyart.it\/fr\/#organization\"},\"image\":{\"@id\":\"https:\/\/blog.holyart.it\/fr\/accessoires-pour-la-liturgie\/bougies-dautel\/#primaryimage\"},\"thumbnailUrl\":\"https:\/\/blog.holyart.it\/fr\/wp-content\/uploads\/sites\/14\/2016\/05\/bougies-d\u2019autel.jpg\",\"articleSection\":[\"Liturgie\"],\"inLanguage\":\"fr-FR\"},{\"@type\":\"WebPage\",\"@id\":\"https:\/\/blog.holyart.it\/fr\/accessoires-pour-la-liturgie\/bougies-dautel\/\",\"url\":\"https:\/\/blog.holyart.it\/fr\/accessoires-pour-la-liturgie\/bougies-dautel\/\",\"name\":\"Les bougies d\u2019autel - Holyart.fr Blog\",\"isPartOf\":{\"@id\":\"https:\/\/blog.holyart.it\/fr\/#website\"},\"primaryImageOfPage\":{\"@id\":\"https:\/\/blog.holyart.it\/fr\/accessoires-pour-la-liturgie\/bougies-dautel\/#primaryimage\"},\"image\":{\"@id\":\"https:\/\/blog.holyart.it\/fr\/accessoires-pour-la-liturgie\/bougies-dautel\/#primaryimage\"},\"thumbnailUrl\":\"https:\/\/blog.holyart.it\/fr\/wp-content\/uploads\/sites\/14\/2016\/05\/bougies-d\u2019autel.jpg\",\"datePublished\":\"2018-02-14T15:24:18+00:00\",\"dateModified\":\"2018-05-03T13:58:15+00:00\",\"description\":\"La signification des bougies d\u2019autel est bien \u00e9videmment li\u00e9e \u00e0 la Lumi\u00e8re. Quand Dieu cr\u00e9a le monde, il cr\u00e9a d\u2019abord la Lumi\u00e8re.\",\"breadcrumb\":{\"@id\":\"https:\/\/blog.holyart.it\/fr\/accessoires-pour-la-liturgie\/bougies-dautel\/#breadcrumb\"},\"inLanguage\":\"fr-FR\",\"potentialAction\":[{\"@type\":\"ReadAction\",\"target\":[\"https:\/\/blog.holyart.it\/fr\/accessoires-pour-la-liturgie\/bougies-dautel\/\"]}]},{\"@type\":\"ImageObject\",\"inLanguage\":\"fr-FR\",\"@id\":\"https:\/\/blog.holyart.it\/fr\/accessoires-pour-la-liturgie\/bougies-dautel\/#primaryimage\",\"url\":\"https:\/\/blog.holyart.it\/fr\/wp-content\/uploads\/sites\/14\/2016\/05\/bougies-d\u2019autel.jpg\",\"contentUrl\":\"https:\/\/blog.holyart.it\/fr\/wp-content\/uploads\/sites\/14\/2016\/05\/bougies-d\u2019autel.jpg\",\"width\":1000,\"height\":667,\"caption\":\"Bougies d\u2019autel\"},{\"@type\":\"BreadcrumbList\",\"@id\":\"https:\/\/blog.holyart.it\/fr\/accessoires-pour-la-liturgie\/bougies-dautel\/#breadcrumb\",\"itemListElement\":[{\"@type\":\"ListItem\",\"position\":1,\"name\":\"Homepage\",\"item\":\"https:\/\/blog.holyart.it\/fr\/\"},{\"@type\":\"ListItem\",\"position\":2,\"name\":\"Liturgie\",\"item\":\"https:\/\/blog.holyart.it\/fr\/accessoires-pour-la-liturgie\/\"},{\"@type\":\"ListItem\",\"position\":3,\"name\":\"Les bougies d\u2019autel\"}]},{\"@type\":\"WebSite\",\"@id\":\"https:\/\/blog.holyart.it\/fr\/#website\",\"url\":\"https:\/\/blog.holyart.it\/fr\/\",\"name\":\"Holyart.fr Blog\",\"description\":\"Holyblog\",\"publisher\":{\"@id\":\"https:\/\/blog.holyart.it\/fr\/#organization\"},\"potentialAction\":[{\"@type\":\"SearchAction\",\"target\":{\"@type\":\"EntryPoint\",\"urlTemplate\":\"https:\/\/blog.holyart.it\/fr\/?s={search_term_string}\"},\"query-input\":{\"@type\":\"PropertyValueSpecification\",\"valueRequired\":true,\"valueName\":\"search_term_string\"}}],\"inLanguage\":\"fr-FR\"},{\"@type\":\"Organization\",\"@id\":\"https:\/\/blog.holyart.it\/fr\/#organization\",\"name\":\"Holyart.fr Blog\",\"url\":\"https:\/\/blog.holyart.it\/fr\/\",\"logo\":{\"@type\":\"ImageObject\",\"inLanguage\":\"fr-FR\",\"@id\":\"https:\/\/blog.holyart.it\/fr\/#\/schema\/logo\/image\/\",\"url\":\"https:\/\/blog.holyart.it\/fr\/wp-content\/uploads\/sites\/14\/2022\/12\/Holyart_Blog_Logo.jpg\",\"contentUrl\":\"https:\/\/blog.holyart.it\/fr\/wp-content\/uploads\/sites\/14\/2022\/12\/Holyart_Blog_Logo.jpg\",\"width\":300,\"height\":50,\"caption\":\"Holyart.fr Blog\"},\"image\":{\"@id\":\"https:\/\/blog.holyart.it\/fr\/#\/schema\/logo\/image\/\"}},{\"@type\":\"Person\",\"@id\":\"https:\/\/blog.holyart.it\/fr\/#\/schema\/person\/0a7b686e5af0f856ec1e390dd0baecda\",\"name\":\"Redazione\",\"image\":{\"@type\":\"ImageObject\",\"inLanguage\":\"fr-FR\",\"@id\":\"https:\/\/blog.holyart.it\/fr\/#\/schema\/person\/image\/\",\"url\":\"https:\/\/secure.gravatar.com\/avatar\/f477da817f43e50d0af36abecd33e3edf826c68299714bdc1057dff3b113f516?s=96&d=mm&r=g\",\"contentUrl\":\"https:\/\/secure.gravatar.com\/avatar\/f477da817f43e50d0af36abecd33e3edf826c68299714bdc1057dff3b113f516?s=96&d=mm&r=g\",\"caption\":\"Redazione\"},\"url\":\"https:\/\/blog.holyart.it\/fr\/author\/admin\/\"}]}<\/script>\n<!-- \/ Yoast SEO plugin. -->","yoast_head_json":{"title":"Les bougies d\u2019autel - Holyart.fr Blog","description":"La signification des bougies d\u2019autel est bien \u00e9videmment li\u00e9e \u00e0 la Lumi\u00e8re. Quand Dieu cr\u00e9a le monde, il cr\u00e9a d\u2019abord la Lumi\u00e8re.","robots":{"index":"index","follow":"follow","max-snippet":"max-snippet:-1","max-image-preview":"max-image-preview:large","max-video-preview":"max-video-preview:-1"},"canonical":"https:\/\/blog.holyart.it\/fr\/accessoires-pour-la-liturgie\/bougies-dautel\/","og_locale":"fr_FR","og_type":"article","og_title":"Les bougies d\u2019autel - Holyart.fr Blog","og_description":"La signification des bougies d\u2019autel est bien \u00e9videmment li\u00e9e \u00e0 la Lumi\u00e8re. Quand Dieu cr\u00e9a le monde, il cr\u00e9a d\u2019abord la Lumi\u00e8re.","og_url":"https:\/\/blog.holyart.it\/fr\/accessoires-pour-la-liturgie\/bougies-dautel\/","og_site_name":"Holyart.fr Blog","article_published_time":"2018-02-14T15:24:18+00:00","article_modified_time":"2018-05-03T13:58:15+00:00","og_image":[{"width":1000,"height":667,"url":"https:\/\/blog.holyart.it\/fr\/wp-content\/uploads\/sites\/14\/2016\/05\/bougies-d\u2019autel.jpg","type":"image\/jpeg"}],"author":"Redazione","twitter_card":"summary_large_image","twitter_misc":{"\u00c9crit par":"Redazione","Dur\u00e9e de lecture estim\u00e9e":"1 minute"},"schema":{"@context":"https:\/\/schema.org","@graph":[{"@type":"Article","@id":"https:\/\/blog.holyart.it\/fr\/accessoires-pour-la-liturgie\/bougies-dautel\/#article","isPartOf":{"@id":"https:\/\/blog.holyart.it\/fr\/accessoires-pour-la-liturgie\/bougies-dautel\/"},"author":{"name":"Redazione","@id":"https:\/\/blog.holyart.it\/fr\/#\/schema\/person\/0a7b686e5af0f856ec1e390dd0baecda"},"headline":"Les bougies d\u2019autel","datePublished":"2018-02-14T15:24:18+00:00","dateModified":"2018-05-03T13:58:15+00:00","mainEntityOfPage":{"@id":"https:\/\/blog.holyart.it\/fr\/accessoires-pour-la-liturgie\/bougies-dautel\/"},"wordCount":245,"publisher":{"@id":"https:\/\/blog.holyart.it\/fr\/#organization"},"image":{"@id":"https:\/\/blog.holyart.it\/fr\/accessoires-pour-la-liturgie\/bougies-dautel\/#primaryimage"},"thumbnailUrl":"https:\/\/blog.holyart.it\/fr\/wp-content\/uploads\/sites\/14\/2016\/05\/bougies-d\u2019autel.jpg","articleSection":["Liturgie"],"inLanguage":"fr-FR"},{"@type":"WebPage","@id":"https:\/\/blog.holyart.it\/fr\/accessoires-pour-la-liturgie\/bougies-dautel\/","url":"https:\/\/blog.holyart.it\/fr\/accessoires-pour-la-liturgie\/bougies-dautel\/","name":"Les bougies d\u2019autel - Holyart.fr Blog","isPartOf":{"@id":"https:\/\/blog.holyart.it\/fr\/#website"},"primaryImageOfPage":{"@id":"https:\/\/blog.holyart.it\/fr\/accessoires-pour-la-liturgie\/bougies-dautel\/#primaryimage"},"image":{"@id":"https:\/\/blog.holyart.it\/fr\/accessoires-pour-la-liturgie\/bougies-dautel\/#primaryimage"},"thumbnailUrl":"https:\/\/blog.holyart.it\/fr\/wp-content\/uploads\/sites\/14\/2016\/05\/bougies-d\u2019autel.jpg","datePublished":"2018-02-14T15:24:18+00:00","dateModified":"2018-05-03T13:58:15+00:00","description":"La signification des bougies d\u2019autel est bien \u00e9videmment li\u00e9e \u00e0 la Lumi\u00e8re. Quand Dieu cr\u00e9a le monde, il cr\u00e9a d\u2019abord la Lumi\u00e8re.","breadcrumb":{"@id":"https:\/\/blog.holyart.it\/fr\/accessoires-pour-la-liturgie\/bougies-dautel\/#breadcrumb"},"inLanguage":"fr-FR","potentialAction":[{"@type":"ReadAction","target":["https:\/\/blog.holyart.it\/fr\/accessoires-pour-la-liturgie\/bougies-dautel\/"]}]},{"@type":"ImageObject","inLanguage":"fr-FR","@id":"https:\/\/blog.holyart.it\/fr\/accessoires-pour-la-liturgie\/bougies-dautel\/#primaryimage","url":"https:\/\/blog.holyart.it\/fr\/wp-content\/uploads\/sites\/14\/2016\/05\/bougies-d\u2019autel.jpg","contentUrl":"https:\/\/blog.holyart.it\/fr\/wp-content\/uploads\/sites\/14\/2016\/05\/bougies-d\u2019autel.jpg","width":1000,"height":667,"caption":"Bougies d\u2019autel"},{"@type":"BreadcrumbList","@id":"https:\/\/blog.holyart.it\/fr\/accessoires-pour-la-liturgie\/bougies-dautel\/#breadcrumb","itemListElement":[{"@type":"ListItem","position":1,"name":"Homepage","item":"https:\/\/blog.holyart.it\/fr\/"},{"@type":"ListItem","position":2,"name":"Liturgie","item":"https:\/\/blog.holyart.it\/fr\/accessoires-pour-la-liturgie\/"},{"@type":"ListItem","position":3,"name":"Les bougies d\u2019autel"}]},{"@type":"WebSite","@id":"https:\/\/blog.holyart.it\/fr\/#website","url":"https:\/\/blog.holyart.it\/fr\/","name":"Holyart.fr Blog","description":"Holyblog","publisher":{"@id":"https:\/\/blog.holyart.it\/fr\/#organization"},"potentialAction":[{"@type":"SearchAction","target":{"@type":"EntryPoint","urlTemplate":"https:\/\/blog.holyart.it\/fr\/?s={search_term_string}"},"query-input":{"@type":"PropertyValueSpecification","valueRequired":true,"valueName":"search_term_string"}}],"inLanguage":"fr-FR"},{"@type":"Organization","@id":"https:\/\/blog.holyart.it\/fr\/#organization","name":"Holyart.fr Blog","url":"https:\/\/blog.holyart.it\/fr\/","logo":{"@type":"ImageObject","inLanguage":"fr-FR","@id":"https:\/\/blog.holyart.it\/fr\/#\/schema\/logo\/image\/","url":"https:\/\/blog.holyart.it\/fr\/wp-content\/uploads\/sites\/14\/2022\/12\/Holyart_Blog_Logo.jpg","contentUrl":"https:\/\/blog.holyart.it\/fr\/wp-content\/uploads\/sites\/14\/2022\/12\/Holyart_Blog_Logo.jpg","width":300,"height":50,"caption":"Holyart.fr Blog"},"image":{"@id":"https:\/\/blog.holyart.it\/fr\/#\/schema\/logo\/image\/"}},{"@type":"Person","@id":"https:\/\/blog.holyart.it\/fr\/#\/schema\/person\/0a7b686e5af0f856ec1e390dd0baecda","name":"Redazione","image":{"@type":"ImageObject","inLanguage":"fr-FR","@id":"https:\/\/blog.holyart.it\/fr\/#\/schema\/person\/image\/","url":"https:\/\/secure.gravatar.com\/avatar\/f477da817f43e50d0af36abecd33e3edf826c68299714bdc1057dff3b113f516?s=96&d=mm&r=g","contentUrl":"https:\/\/secure.gravatar.com\/avatar\/f477da817f43e50d0af36abecd33e3edf826c68299714bdc1057dff3b113f516?s=96&d=mm&r=g","caption":"Redazione"},"url":"https:\/\/blog.holyart.it\/fr\/author\/admin\/"}]}},"_links":{"self":[{"href":"https:\/\/blog.holyart.it\/fr\/wp-json\/wp\/v2\/posts\/48","targetHints":{"allow":["GET"]}}],"collection":[{"href":"https:\/\/blog.holyart.it\/fr\/wp-json\/wp\/v2\/posts"}],"about":[{"href":"https:\/\/blog.holyart.it\/fr\/wp-json\/wp\/v2\/types\/post"}],"author":[{"embeddable":true,"href":"https:\/\/blog.holyart.it\/fr\/wp-json\/wp\/v2\/users\/1"}],"replies":[{"embeddable":true,"href":"https:\/\/blog.holyart.it\/fr\/wp-json\/wp\/v2\/comments?post=48"}],"version-history":[{"count":0,"href":"https:\/\/blog.holyart.it\/fr\/wp-json\/wp\/v2\/posts\/48\/revisions"}],"wp:featuredmedia":[{"embeddable":true,"href":"https:\/\/blog.holyart.it\/fr\/wp-json\/wp\/v2\/media\/51"}],"wp:attachment":[{"href":"https:\/\/blog.holyart.it\/fr\/wp-json\/wp\/v2\/media?parent=48"}],"wp:term":[{"taxonomy":"category","embeddable":true,"href":"https:\/\/blog.holyart.it\/fr\/wp-json\/wp\/v2\/categories?post=48"},{"taxonomy":"post_tag","embeddable":true,"href":"https:\/\/blog.holyart.it\/fr\/wp-json\/wp\/v2\/tags?post=48"}],"curies":[{"name":"wp","href":"https:\/\/api.w.org\/{rel}","templated":true}]}}