{"id":4786,"date":"2022-06-22T09:00:12","date_gmt":"2022-06-22T07:00:12","guid":{"rendered":"https:\/\/blog.holyart.it\/fr\/?p=4786"},"modified":"2023-06-05T16:58:58","modified_gmt":"2023-06-05T14:58:58","slug":"24-juin-saint-jean-le-baptiste","status":"publish","type":"post","link":"https:\/\/blog.holyart.it\/fr\/saints-et-bienheureux\/24-juin-saint-jean-le-baptiste\/","title":{"rendered":"24 juin : Saint Jean le Baptiste"},"content":{"rendered":"<h4><em>Le 24 juin nous f\u00eatons la naissance de Saint Jean le Baptiste, un des Saints les plus v\u00e9n\u00e9r\u00e9s au monde, dernier proph\u00e8te de l\u2019Ancien Testament et premier Ap\u00f4tre de J\u00e9sus. Voici ce qui le rend si important et fait en sorte qu\u2019il soit l\u2019objet d\u2019une grande d\u00e9votion encore aujourd\u2019hui.<\/em><\/h4>\n\n<p>Aucun personnage des Saintes \u00c9critures ne peut vanter le primat de <a href=\"https:\/\/www.holyart.fr\/accessoires-pour-la-liturgie\/mobilier-deglise\/ambons-prie-dieu-complements-dameublement\/saint-jean-baptiste-stylise-laiton-bronze-58cm\"><strong>Saint Jean le Baptiste<\/strong><\/a> : celui d\u2019avoir exult\u00e9 \u00e0 la nouvelle de la naissance imminente de J\u00e9sus avant m\u00eame de na\u00eetre \u00e0 son tour. Et pourtant ce fut exactement ce qui arriva ! Sa m\u00e8re \u00c9lisabeth, consid\u00e9r\u00e9e depuis toujours st\u00e9rile et d\u00e9sormais \u00e2g\u00e9e, tomba miraculeusement enceinte et re\u00e7ut la visite de sa cousine <strong>Marie de Nazareth<\/strong>, qui portait en son sein le Sauveur. \u00c0 cette occasion, Marie entonna le <em>Magnificat<\/em>, un cantique de remerciement et de joie adress\u00e9 \u00e0 Dieu, et \u00c9lisabeth la b\u00e9nit. \u00c0 cet instant-l\u00e0, le fils qu\u2019elle portait en son sein <strong>exulta de joie<\/strong>. Nous pouvons donc dire que la proximit\u00e9 de Marie et de J\u00e9sus a <strong>pr\u00e9sanctifi\u00e9<\/strong> le petit Jean avant m\u00eame qu\u2019il ne vienne au monde.<\/p>\n<div class=\"link-product\">\n<div class=\"blocco-immagine\"><img loading=\"lazy\" decoding=\"async\" class=\"alignnone size-full wp-image-4788\" src=\"https:\/\/blog.holyart.it\/fr\/wp-content\/uploads\/sites\/14\/2022\/06\/Saint-Jean-Baptiste-1.jpg\" alt=\"Saint Jean Baptiste\" width=\"100\" height=\"100\" data-kale-share-title=\"24 juin : Saint Jean le Baptiste\" data-kale-share-url=\"https:\/\/blog.holyart.it\/fr\/?p=4786\" \/><\/div>\n<div class=\"blocco-contenuto\">\n<div class=\"blocco-acquista\">Acheter sur Holyart:<\/div>\n<div class=\"blocco-titolo\"><a href=\"https:\/\/www.holyart.fr\/articles-religieux\/statues\/statues-en-bois-peint\/saint-jean-baptiste-74-cm-bois-bethleem\">Saint Jean Baptiste 74 cm bois Bethl\u00e9em<\/a><\/div>\n<div class=\"blocco-descrizione\">Statue en bois peint de 74 cm de hauteur<\/div>\n<\/div>\n<\/div>\n<p>Mais celui-ci ne fut surement pas le seul \u00e9v\u00e9nement miraculeux li\u00e9 \u00e0 la conception et \u00e0 la naissance de Jean le Baptiste. Ce n\u2019est pas un hasard si l\u2019\u00c9glise le comm\u00e9more non seulement le jour de sa <strong>mort<\/strong> (le 29 ao\u00fbt), mais aussi le jour de sa <strong>naissance<\/strong> (le 24 juin), comme uniquement la Vierge Marie est f\u00eat\u00e9e.<\/p>\n<p>Outre le fait d\u2019\u00eatre proph\u00e8te de Christ avant m\u00eame sa propre naissance, sa <strong>conception<\/strong> advint en des circonstances extraordinaires. Ses deux parents, <strong>Zacharie<\/strong> <strong>et<\/strong> <strong>\u00c9lisabeth<\/strong>, appartenant \u00e0 la caste sacerdotale, \u00e9taient trop \u00e2g\u00e9s et n\u2019avaient pas eu d\u2019enfants. \u00c9lisabeth, descendante de Aaron, \u00e9tait comme nous l\u2019avons d\u00e9j\u00e0 dit parente de Marie, probablement sa cousine. Le couple vivait vraisemblablement \u00e0 Ain Karem, non loin de J\u00e9rusalem. Un jour, <a href=\"https:\/\/www.holyart.fr\/articles-religieux\/icones-religieuses\/icones-roumaines-peintes\/icone-archange-gabriel-peinte-a-la-main-18x14-cm-roumanie\"><strong>l\u2019Archange Gabriel<\/strong><\/a> se pr\u00e9senta \u00e0 Zacharie, qui offrait de l\u2019encens au temple, et lui dit que sa femme \u00c9lisabeth allait donner le jour \u00e0 un enfant qu\u2019il devrait appeler Jean. Il lui dit \u00e9galement qu\u2019il aurait \u00e9t\u00e9 \u00ab\u00a0<strong>rempli de l\u2019Esprit Saint<\/strong>\u00a0\u00bb, qu\u2019il aurait \u00e9t\u00e9 \u00ab\u00a0<strong>grand devant le Seigneur<\/strong>\u00a0\u00bb et <strong>Son pr\u00e9curseur<\/strong>.<\/p>\n<p>Et ainsi fut-il. \u00c9lisabeth tomba enceinte et quand, six mois apr\u00e8s, l\u2019Archange Gabriel se pr\u00e9senta \u00e9galement \u00e0 Marie pour lui <a href=\"https:\/\/www.holyart.fr\/blog\/articles-religieux\/annonciation-du-seigneur-pourquoi-la-fetons-nous-le-25-mars\/\"><strong>annoncer la naissance de J\u00e9sus<\/strong><\/a>, il lui dit, entre autres choses\u00a0: \u00ab\u00a0<em>Voici, \u00c9lisabeth, ta parente, a con\u00e7u, elle aussi, un fils en sa vieillesse, et celle qui \u00e9tait appel\u00e9e st\u00e9rile est dans son sixi\u00e8me mois. Car rien n\u2019est impossible \u00e0 Dieu<\/em>\u00a0\u00bb (Luc 1,36-37).<\/p>\n<div class=\"link-article\">\n<p><img loading=\"lazy\" decoding=\"async\" class=\"alignnone size-full wp-image-4789\" src=\"https:\/\/blog.holyart.it\/fr\/wp-content\/uploads\/sites\/14\/2022\/06\/Annonciation-du-Seigneur.jpg\" alt=\"Annonciation du Seigneur\" width=\"150\" height=\"99\" data-kale-share-title=\"24 juin : Saint Jean le Baptiste\" data-kale-share-url=\"https:\/\/blog.holyart.it\/fr\/?p=4786\" \/><\/p>\n<div class=\"leggi-anche\">Lire aussi :<\/div>\n<p><strong><a href=\"https:\/\/www.holyart.fr\/blog\/articles-religieux\/annonciation-du-seigneur-pourquoi-la-fetons-nous-le-25-mars\/\">Annonciation du Seigneur : pourquoi la f\u00eatons-nous le 25 mars<\/a><\/strong><br \/>\nLe 25 mars nous c\u00e9l\u00e9brons l\u2019Annonciation du Seigneur, une f\u00eate d\u00e9di\u00e9e \u00e0 J\u00e9sus, mais aussi \u00e0 Sa m\u00e8re Marie, li\u00e9e \u00e0 Lui de mani\u00e8re indissoluble. D\u00e9couvrons pourquoi.<\/p>\n<\/div>\n<p>En outre, \u00e0 la naissance, <strong>son p\u00e8re Zacharie<\/strong> r\u00e9cup\u00e9ra la voix, apr\u00e8s \u00eatre devenu muet \u00e0 l\u2019annonce de Gabriel. J\u00e9sus en personne dira de Saint Jean\u00a0: \u00ab\u00a0<em>Je vous le dis, parmi ceux qui sont n\u00e9s de femmes, il n\u2019y en a point plus grand que Jean. Cependant, le plus petit dans le royaume de Dieu est plus grand que lui<\/em>\u00a0\u00bb (Luc 7,28).<\/p>\n<p>Les <strong>\u00c9vangiles canoniques<\/strong> contiennent toutes les informations arriv\u00e9es jusqu\u2019\u00e0 nous sur Saint Jean le Baptiste. <strong>L\u2019\u00c9vangile de Luc<\/strong> en particulier. Gr\u00e2ce \u00e0 lui, nous savons que <strong>Jean baptisa J\u00e9sus <\/strong>dans le Jourdain (Luc 3,21-22) et qu\u2019il <strong>mourut par volont\u00e9 du Roi H\u00e9rode Antipas<\/strong> (Luc 3,19-20\u00a0; 9,7-9), qui le fit d\u00e9capiter afin de donner sa t\u00eate coup\u00e9e en cadeau \u00e0 sa belle-fille Salom\u00e9 en tant que prix pour avoir dans\u00e9 pour lui lors d\u2019un banquet. D\u2019ici vient son surnom de Saint Jean D\u00e9coll\u00e9.<\/p>\n<p>Comme il arriva pour Saint Joseph, la tradition veut que Jean le Baptiste soit <strong>ressuscit\u00e9 en corps et en \u00e2me<\/strong> et soit mont\u00e9 aux Cieux avec J\u00e9sus au moment de l\u2019Ascension.<\/p>\n<p>Flavius Jos\u00e8phe aussi, \u00e9crivain et historien romain d\u2019origine juive, \u00e9crit de lui. Dans l\u2019\u00c9vangile selon Jean, on nia toutefois que Jean le Baptiste et J\u00e9sus se connaissaient, tandis que dans l\u2019\u00c9vangile de Luc ils \u00e9taient parents.<\/p>\n<p>Nous avons d\u00e9j\u00e0 dit que Jean le Baptiste fut le <strong>dernier proph\u00e8te de l\u2019Ancien Testament<\/strong> et le <strong>premier Ap\u00f4tre de J\u00e9sus<\/strong>.<\/p>\n<p>Une fois grandi, Jean le Baptiste alla vivre dans le <strong>d\u00e9sert<\/strong>, o\u00f9 il mena une vie de p\u00e9nitence et de pri\u00e8re, habill\u00e9 de peaux de chameaux, une ceinture de cuir autour des hanches. Sa nourriture \u00e9tait faite de locustes et de miel sauvage (Marc 1,6).<\/p>\n<p>Ensuite il commen\u00e7a sa mission, en <strong>pr\u00eachant la venue du Messie<\/strong>. Il fut mis en relation par les \u00e9vang\u00e9listes avec les <strong>anciennes proph\u00e9ties<\/strong>, qui promettaient l\u2019av\u00e8nement d\u2019un messager qui aurait pr\u00e9par\u00e9 le chemin au Messie. Pensons \u00e0 \u00c9sa\u00efe 40 :3-4 (\u00ab\u00a0<em>Une voix crie : pr\u00e9parez au d\u00e9sert le chemin de l\u2019\u00c9ternel, aplanissez dans les lieux arides une route pour notre Dieu. Que toute vall\u00e9e soit exhauss\u00e9e, que toute montagne et toute colline soient abaiss\u00e9es\u00a0! Que les coteaux se changent en plaines, et les d\u00e9fil\u00e9s \u00e9troits en vallons<\/em>\u00a0!\u00a0\u00bb) et Malachie 3\u00a0:1 (\u00ab\u00a0<em>Voici, j\u2019enverrai mon messager\u00a0; il pr\u00e9parera le chemin devant moi. Et soudain entrera dans son temple le Seigneur que vous cherchez\u00a0; et le messager de l\u2019alliance que vous d\u00e9sirez, voici, il vient, dit l\u2019\u00c9ternel des arm\u00e9es<\/em>\u00a0\u00bb).<\/p>\n<p>Pour les \u00e9vang\u00e9listes, Jean devint donc <strong>\u00ab\u00a0voix de celui qui crie dans le d\u00e9sert<\/strong>\u00a0\u00bb\u00a0: \u00ab\u00a0<em>Selon ce qui est \u00e9crit dans le livre des paroles d\u2019\u00c9sa\u00efe, le proph\u00e8te\u00a0: C\u2019est la voix de celui qui crie dans le d\u00e9sert\u00a0: pr\u00e9parez le chemin du Seigneur, aplanissez les sentiers\u00a0!\u00a0<\/em>\u00bb (Luc 3,4).<\/p>\n<p>Jean pr\u00eachait donc aux Juifs la <strong>venue du Messie-Christ<\/strong>. Il \u00e9tait un proph\u00e8te eschatologique, envoy\u00e9 pour pr\u00e9parer les gens pour ce changement imminent. En vue de cette venue, il parlait des profonds <strong>changements sociaux et historiques<\/strong> qui l\u2019auraient suivie. En Jean le Baptiste ardait l\u2019<strong>attente<\/strong>, qui pour lui devint une occasion pour pr\u00e9parer le monde \u00e0 l\u2019action de Dieu.<\/p>\n<p>Attente et pr\u00e9paration, mais aussi <strong>invitation \u00e0 la conversion<\/strong> en vue de la prochaine venue de J\u00e9sus. \u00c0 qui lui demandait s\u2019il \u00e9tait lui-m\u00eame le Messie, Jean offrait le <strong>pardon de tous les p\u00e9ch\u00e9s par le biais du Bapt\u00eame<\/strong> et disait\u00a0: \u00ab\u00a0<em>Moi, je vous baptise d\u2019eau\u00a0; mais il vient celui qui est plus puissant que moi, et je ne suis pas digne de d\u00e9lier la courroie de ses souliers. Lui, il vous baptisera du Saint-Esprit et de feu<\/em>\u00a0\u00bb (Luc 3,16).<\/p>\n<h2>Le Pr\u00e9curseur : pourquoi Jean le Baptiste est-il appel\u00e9 ainsi\u00a0?<\/h2>\n<p>Nous avons d\u00e9j\u00e0 racont\u00e9 de comment <a href=\"https:\/\/www.holyart.fr\/blog\/saints-et-bienheureux\/lhistoire-de-jean-baptiste\/\">Saint Jean le Baptiste<\/a> se soit <strong>pr\u00e9sanctifi\u00e9<\/strong> encore dans le ventre de sa m\u00e8re gr\u00e2ce \u00e0 la visite de Marie enceinte du petit J\u00e9sus.<\/p>\n<p>En outre, sa <strong>naissance annonc\u00e9e par l\u2019Archange Gabriel<\/strong> le rendit encore plus proche de J\u00e9sus, duquel il est consid\u00e9r\u00e9 depuis toujours comme le <strong>Pr\u00e9curseur<\/strong>.<\/p>\n<div class=\"link-article\">\n<p><img loading=\"lazy\" decoding=\"async\" class=\"alignnone size-full wp-image-4790\" src=\"https:\/\/blog.holyart.it\/fr\/wp-content\/uploads\/sites\/14\/2022\/06\/jean-baptiste.jpg\" alt=\"jean baptiste\" width=\"150\" height=\"99\" data-kale-share-title=\"24 juin : Saint Jean le Baptiste\" data-kale-share-url=\"https:\/\/blog.holyart.it\/fr\/?p=4786\" \/><\/p>\n<div class=\"leggi-anche\">Lire aussi :<\/div>\n<p><strong><a href=\"https:\/\/www.holyart.fr\/blog\/saints-et-bienheureux\/lhistoire-de-jean-baptiste\/\">L\u2019histoire de Jean le Baptiste<\/a><\/strong><br \/>\nSaint Jean Baptiste est une des personnalit\u00e9s les plus importantes de la religion chr\u00e9tienne catholique, qui le consid\u00e8re comme un des proph\u00e8tes les plus \u00e9minents avant Mahomet.<\/p>\n<\/div>\n<p>Pr\u00e9curseur donc pour avoir connu J\u00e9sus avant m\u00eame qu\u2019il ne naisse, mais aussi <strong>pour avoir fait de l\u2019annonce de Sa venue la mission de sa vie<\/strong>.<\/p>\n<p>Apr\u00e8s avoir v\u00e9cu pendant des ann\u00e9es dans le d\u00e9sert, Saint Jean commen\u00e7a sa pr\u00e9dication le long des rives du Jourdain, en exhortant tout le monde \u00e0 la conversion, en vue de l\u2019arriv\u00e9e imminente du Messie. \u00c0 qui accourait pour l\u2019\u00e9couter le consid\u00e9rant comme un proph\u00e8te, Jean offrait la possibilit\u00e9 de <strong>se purifier de tous les p\u00e9ch\u00e9s<\/strong> par le biais du Bapt\u00eame. Pour cela aussi, beaucoup le prirent pour le Messie en personne.<\/p>\n<p>Aux grands pr\u00eatres qui lui envoy\u00e8rent une d\u00e9l\u00e9gation officielle afin de comprendre de quoi il parlait, Jean r\u00e9pondit qu\u2019il n\u2019\u00e9tait pas le Messie, comme beaucoup le croyait, mais simplement quelqu\u2019un qui crie dans le d\u00e9sert, porteur de l\u2019accomplissement de la proph\u00e9tie d\u2019\u00c9sa\u00efe.<\/p>\n<h2>Le Bapt\u00eame de J\u00e9sus<\/h2>\n<p><em>Tout le peuple se faisait baptiser, J\u00e9sus fut aussi baptis\u00e9\u00a0; et, pendant qu\u2019il priait, le ciel s\u2019ouvrit, et le Saint-Esprit descendit sur lui sur une forme corporelle, comme une colombe. Et une voix fit entendre du ciel ces paroles : Tu es mon Fils bien-aim\u00e9\u00a0; en toi j\u2019ai mis toute mon affection\u00a0\u00bb <\/em>(Luc 3,21-22)<em>.<\/em><\/p>\n<p>Nous pouvons consid\u00e9rer le moment du <a href=\"https:\/\/www.holyart.fr\/noel\/creches-noel\/creche-noel-angela-tripi\/bapteme-de-jesus-scene-angela-tripi-30-cm\"><strong>Bapt\u00eame de J\u00e9sus<\/strong><\/a> comme le d\u00e9but de Sa pr\u00e9dication et mission sur terre. Et ce fut justement Jean le Baptiste qui le baptisa, quand J\u00e9sus se pr\u00e9senta sur les rives du Jourdain. Quand il le vit, Jean s\u2019exclama : \u00ab\u00a0<em>Voici l\u2019Agneau de Dieu, qui \u00f4te le p\u00e9ch\u00e9 du monde<\/em>\u00a0\u00bb (Jean 1,29). En pratique, la mission de J\u00e9sus commen\u00e7a au moment o\u00f9 Saint Jean conclut la sienne. En effet, peu de temps apr\u00e8s, il sera arr\u00eat\u00e9 par ordre de Roi H\u00e9rode et mourra.<\/p>\n<div class=\"link-product\">\n<div class=\"blocco-immagine\"><img loading=\"lazy\" decoding=\"async\" class=\"alignnone size-full wp-image-4788\" src=\"https:\/\/blog.holyart.it\/fr\/wp-content\/uploads\/sites\/14\/2022\/06\/Saint-Jean-Baptiste-1.jpg\" alt=\"Saint Jean Baptiste\" width=\"100\" height=\"100\" data-kale-share-title=\"24 juin : Saint Jean le Baptiste\" data-kale-share-url=\"https:\/\/blog.holyart.it\/fr\/?p=4786\" \/><\/div>\n<div class=\"blocco-contenuto\">\n<div class=\"blocco-acquista\">Acheter sur Holyart:<\/div>\n<div class=\"blocco-titolo\"><a href=\"https:\/\/www.holyart.fr\/noel\/creches-noel\/creche-noel-angela-tripi\/bapteme-de-jesus-scene-angela-tripi-30-cm\">Bapt\u00eame de J\u00e9sus sc\u00e8ne Angela Tripi<\/a><\/div>\n<div class=\"blocco-descrizione\">Bapt\u00eame de J\u00e9sus sc\u00e8ne Angela Tripi 30 cm<\/div>\n<\/div>\n<\/div>\n<p>Il est int\u00e9ressant de remarquer comment dans les <a href=\"https:\/\/www.holyart.fr\/articles-religieux\/livres-sacres\/evangiles\"><strong>\u00e9vangiles synoptiques<\/strong><\/a> (Matthieu, Marc et Luc) on raconte le Bapt\u00eame de J\u00e9sus, tandis que dans l\u2019\u00c9vangile de Jean on rapporte l\u2019\u00e9pisode de la descente du Saint-Esprit sur J\u00e9sus du point de vue de Jean le Baptiste, mais on ne parle pas du Bapt\u00eame.<\/p>\n<p>Nous devons interpr\u00e9ter le <a href=\"https:\/\/www.holyart.fr\/occasions-speciales\/bapteme\"><strong>Bapt\u00eame de J\u00e9sus<\/strong><\/a> dans sa signification la plus profonde. En effet, J\u00e9sus par sa propre nature \u00e9tait <strong>sans p\u00e9ch\u00e9<\/strong> et n\u2019aurait donc eu aucun besoin d\u2019\u00eatre baptis\u00e9, du moment que le Bapt\u00eame offert par Jean le Baptiste \u00e9tait finalis\u00e9 \u00e0 la <strong>r\u00e9mission des p\u00e9ch\u00e9s<\/strong>. Mais ce fut J\u00e9sus en personne qui sollicita le Baptiste pour qu\u2019il le baptise, en pr\u00e9sentant comme motivation\u00a0: \u00ab\u00a0<em>Laisse faire maintenant, car il est convenable que nous accomplissions ainsi tout ce qui est juste<\/em>\u00a0\u00bb (Matthieu 3,15).<\/p>\n<p>L\u2019\u00c9glise catholique f\u00eate le <strong>Bapt\u00eame du Seigneur<\/strong> le dimanche apr\u00e8s l\u2019\u00c9piphanie, le dimanche compris donc entre le 7 janvier et le 13 janvier.<\/p>\n<h2>La Vierge au Chardonneret : explication de l\u2019\u0153uvre<\/h2>\n<p>L\u2019iconographie de Saint Jean le Baptiste est incontournable, puisqu\u2019il est le saint le plus repr\u00e9sent\u00e9 dans l\u2019art de tous les temps. G\u00e9n\u00e9ralement, il \u00e9tait repr\u00e9sent\u00e9 avec une peau d\u2019animal comme seul v\u00eatement et une canne avec une croix en son sommet en main. Autrement, nous le voyons dans les \u0153uvres de Rapha\u00ebl ou de L\u00e9onard comme un enfant qui joue avec J\u00e9sus, lui aussi enfant. Dans cette version il est appel\u00e9 le <strong>petit Saint Jean<\/strong>. La repr\u00e9sentation du <strong>Bapt\u00eame de J\u00e9sus<\/strong> est aussi r\u00e9currente, ainsi comme celle de son martyre, ou de sa t\u00eate coup\u00e9e pos\u00e9e sur un plateau qu\u2019H\u00e9rode offrit \u00e0 Salom\u00e9.<\/p>\n<div class=\"link-product\">\n<div class=\"blocco-immagine\"><img loading=\"lazy\" decoding=\"async\" class=\"alignnone size-full wp-image-4792\" src=\"https:\/\/blog.holyart.it\/fr\/wp-content\/uploads\/sites\/14\/2022\/06\/Cadre-impression-sur-bois-Vierge-du-Chardonneret.jpg\" alt=\"Cadre impression sur bois Vierge du Chardonneret\" width=\"100\" height=\"100\" data-kale-share-title=\"24 juin : Saint Jean le Baptiste\" data-kale-share-url=\"https:\/\/blog.holyart.it\/fr\/?p=4786\" \/><\/div>\n<div class=\"blocco-contenuto\">\n<div class=\"blocco-acquista\">Acheter sur Holyart:<\/div>\n<div class=\"blocco-titolo\"><a href=\"https:\/\/www.holyart.fr\/articles-religieux\/tableaux-gravures-manuscrit-enlumine\/cadre-impression-sur-bois-vierge-du-chardonneret-60x44-cm\">Vierge du Chardonneret<\/a><\/div>\n<div class=\"blocco-descrizione\">Cadre impression sur bois Vierge du Chardonneret 60&#215;44 cm<\/div>\n<\/div>\n<\/div>\n<p><a href=\"https:\/\/www.holyart.fr\/articles-religieux\/tableaux-gravures-manuscrit-enlumine\/cadre-impression-sur-bois-vierge-du-chardonneret-60x44-cm\"><strong>La Vierge au Chardonneret <\/strong><\/a>est un tableau de Rapha\u00ebl Sanzio de 1506, conserv\u00e9 dans la Galerie des Offices \u00e0 Florence. Il repr\u00e9sente la Vierge, l\u2019Enfant J\u00e9sus pos\u00e9 contre ses jambes et le petit Saint Jean qui l\u2019enlace. Les deux enfants sont en train de jouer avec un petit oiseau, un <strong>chardonneret<\/strong>. C\u2019est justement cet \u00e9l\u00e9ment, apparemment insignifiant, qui est le c\u0153ur m\u00eame de l\u2019\u0153uvre, puisque ce chardonneret repr\u00e9senterait, dans l\u2019intention de l\u2019artiste, la <strong>Passion de Christ<\/strong>. Dans l\u2019iconographie chr\u00e9tienne, trois esp\u00e8ces d\u2019oiseaux sont associ\u00e9es \u00e0 la Passion et \u00e0 la mort de J\u00e9sus\u00a0: le <strong>chardonneret<\/strong>, le <strong>rouge-gorge<\/strong> et le <strong>pinson<\/strong>. Cela parce qu\u2019on raconte que pendant la Crucifixion ils tent\u00e8rent de pr\u00eater secours au Christ, en d\u00e9tachant de leur bec les \u00e9pines de la couronne. Mais, ce faisant, ils se bless\u00e8rent, d\u2019o\u00f9 les taches rouges sur leurs plumages, h\u00e9ritage de ce geste de mis\u00e9ricorde de la part de si petites cr\u00e9atures.<\/p>\n<h2>Vierge, J\u00e9sus et Jean le Baptiste<\/h2>\n<p>Nous avons vu comment dans l\u2019histoire de l\u2019art la repr\u00e9sentation de Saint Jean ou petit Saint Jean avec la Vierge et l\u2019Enfant J\u00e9sus est r\u00e9currente. L\u2019importance rev\u00eatue par cette figure est telle qu\u2019elle le rend plus proche de J\u00e9sus et de Marie de n\u2019importe quel autre Saint ou Sainte.<\/p>\n<div class=\"link-product\">\n<div class=\"blocco-immagine\"><img loading=\"lazy\" decoding=\"async\" class=\"alignnone size-full wp-image-4793\" src=\"https:\/\/blog.holyart.it\/fr\/wp-content\/uploads\/sites\/14\/2022\/06\/Tapisserie-St-Jean-Baptiste-Enfant.jpg\" alt=\"Tapisserie St Jean-Baptiste Enfant\" width=\"100\" height=\"100\" data-kale-share-title=\"24 juin : Saint Jean le Baptiste\" data-kale-share-url=\"https:\/\/blog.holyart.it\/fr\/?p=4786\" \/><\/div>\n<div class=\"blocco-contenuto\">\n<div class=\"blocco-acquista\">Acheter sur Holyart:<\/div>\n<div class=\"blocco-titolo\"><a href=\"https:\/\/www.holyart.fr\/articles-religieux\/tapisseries-religieuses\/tapisserie-st-jean-baptiste-enfant-50x40-cm\">Tapisserie St Jean-Baptiste Enfant<\/a><\/div>\n<div class=\"blocco-descrizione\">Tapisserie St Jean-Baptiste Enfant 50&#215;40 cm<\/div>\n<\/div>\n<\/div>\n<p>Il n\u2019y a que pour lui et pour la Vierge Marie qu\u2019on c\u00e9l\u00e8bre le jour de la mort, mais aussi celui de la naissance terrestre, tandis que pour les autres saints on ne rappelle que le jour de la mort, \u00e9galement appel\u00e9 \u00ab\u00a0dies natalis\u00a0\u00bb ou jour de la renaissance \u00e0 une nouvelle vie c\u00e9leste.<\/p>\n<p>La f\u00eate de Saint Jean le 24 juin a toujours eu une grande <strong>importance populaire<\/strong>. Outre la d\u00e9votion au saint, elle est \u00e9galement li\u00e9e aux traditions qui se r\u00e9f\u00e8rent aux <strong>anciens cultes pa\u00efens<\/strong>, li\u00e9s \u00e0 l\u2019agriculture et au cycle solaire. Dans la Rome antique, le 24 juin on c\u00e9l\u00e9brait le <strong>solstice d\u2019\u00e9t\u00e9<\/strong>, quand le soleil est au sommet dans l\u2019apog\u00e9e et, avec lui, le d\u00e9but de la <strong>moisson<\/strong>. Ainsi, en passant petit \u00e0 petit des usages pa\u00efens au culte populaire pour le saint, la nuit de la Saint Jean les gens des campagnes dansaient autour de feux de joie allum\u00e9s dans les champs, se lavaient avec la ros\u00e9e b\u00e9nite et ramassaient avant l\u2019aube des herbes consid\u00e9r\u00e9es comme magiques. Encore aujourd\u2019hui, ces traditions perdurent dans chaque culture, \u00e9cho d\u2019un pass\u00e9 au charme ind\u00e9niable, o\u00f9 sacr\u00e9 et profane tendaient souvent \u00e0 se m\u00e9langer.<\/p>\n<h2>Qu\u2019est-ce que signifie le nom Jean<\/h2>\n<p>Jean est un des pr\u00e9noms les plus r\u00e9pandus au monde dans ses infinies variantes et m\u00eame dans ses versions f\u00e9minines. Plus de cinq cents parmi saints et saintes l\u2019ont port\u00e9, \u00e0 partir de <strong>Saint Jean l\u2019\u00c9vang\u00e9liste<\/strong>, qui fut l\u2019ap\u00f4tre bien-aim\u00e9 de J\u00e9sus et pratiquement un contemporain de Jean le Baptiste. Le pr\u00e9nom Jean d\u00e9rive du juif <em>leh\u00f3hanan<\/em>, qui signifie : \u00ab\u00a0Dieu est propice\u00a0\u00bb, voire \u00ab\u00a0Don ou gr\u00e2ce de Dieu\u00a0\u00bb.<\/p>\n<p>Il y a \u00e9galement beaucoup de villages qui portent le nom de Saint Jean, dont cent rien qu\u2019en Italie.<\/p>\n<p>Saint Jean est consid\u00e9r\u00e9 \u00e9galement comme le Saint Patron de : Baptist\u00e8res, Chantres, D\u00e9tenus, Cardeurs de laine, Couteliers, Tanneurs de cuir, Condamn\u00e9s \u00e0 mort, Fabricants de ciseaux, Fabricants d\u2019\u00e9p\u00e9es, Travailleurs du cuir, Moines, Musiciens, Fourreurs, Tailleurs, Sources d\u2019eau, Enfants trouv\u00e9s et Oiseleurs.<\/p>\n","protected":false},"excerpt":{"rendered":"<p>Le 24 juin nous f\u00eatons la naissance de Saint Jean le Baptiste, un des Saints les plus v\u00e9n\u00e9r\u00e9s au monde, dernier proph\u00e8te de l\u2019Ancien Testament et premier Ap\u00f4tre de J\u00e9sus. Voici ce qui le rend si important et fait en sorte qu\u2019il soit l\u2019objet d\u2019une&hellip;<\/p>\n","protected":false},"author":1,"featured_media":4799,"comment_status":"closed","ping_status":"open","sticky":false,"template":"","format":"standard","meta":{"_acf_changed":false,"footnotes":""},"categories":[8,7],"tags":[],"class_list":["post-4786","post","type-post","status-publish","format-standard","has-post-thumbnail","hentry","category-articles-religieux","category-saints-et-bienheureux"],"acf":[],"yoast_head":"<!-- This site is optimized with the Yoast SEO plugin v26.6 - https:\/\/yoast.com\/wordpress\/plugins\/seo\/ -->\n<title>24 juin : Saint Jean le Baptiste - Holyart.fr Blog<\/title>\n<meta name=\"description\" content=\"Le 24 juin nous f\u00eatons la naissance de Saint Jean le Baptiste, dernier proph\u00e8te de l\u2019Ancien Testament et premier Ap\u00f4tre de J\u00e9sus.\" \/>\n<meta name=\"robots\" content=\"index, follow, max-snippet:-1, max-image-preview:large, max-video-preview:-1\" \/>\n<link rel=\"canonical\" href=\"https:\/\/blog.holyart.it\/fr\/saints-et-bienheureux\/24-juin-saint-jean-le-baptiste\/\" \/>\n<meta property=\"og:locale\" content=\"fr_FR\" \/>\n<meta property=\"og:type\" content=\"article\" \/>\n<meta property=\"og:title\" content=\"24 juin : Saint Jean le Baptiste - Holyart.fr Blog\" \/>\n<meta property=\"og:description\" content=\"Le 24 juin nous f\u00eatons la naissance de Saint Jean le Baptiste, dernier proph\u00e8te de l\u2019Ancien Testament et premier Ap\u00f4tre de J\u00e9sus.\" \/>\n<meta property=\"og:url\" content=\"https:\/\/blog.holyart.it\/fr\/saints-et-bienheureux\/24-juin-saint-jean-le-baptiste\/\" \/>\n<meta property=\"og:site_name\" content=\"Holyart.fr Blog\" \/>\n<meta property=\"article:published_time\" content=\"2022-06-22T07:00:12+00:00\" \/>\n<meta property=\"article:modified_time\" content=\"2023-06-05T14:58:58+00:00\" \/>\n<meta property=\"og:image\" content=\"https:\/\/blog.holyart.it\/fr\/wp-content\/uploads\/sites\/14\/2022\/06\/saint-jean-le-baptiste.jpg\" \/>\n\t<meta property=\"og:image:width\" content=\"1000\" \/>\n\t<meta property=\"og:image:height\" content=\"680\" \/>\n\t<meta property=\"og:image:type\" content=\"image\/jpeg\" \/>\n<meta name=\"author\" content=\"Redazione\" \/>\n<meta name=\"twitter:card\" content=\"summary_large_image\" \/>\n<meta name=\"twitter:label1\" content=\"\u00c9crit par\" \/>\n\t<meta name=\"twitter:data1\" content=\"Redazione\" \/>\n\t<meta name=\"twitter:label2\" content=\"Dur\u00e9e de lecture estim\u00e9e\" \/>\n\t<meta name=\"twitter:data2\" content=\"13 minutes\" \/>\n<script type=\"application\/ld+json\" class=\"yoast-schema-graph\">{\"@context\":\"https:\/\/schema.org\",\"@graph\":[{\"@type\":\"Article\",\"@id\":\"https:\/\/blog.holyart.it\/fr\/saints-et-bienheureux\/24-juin-saint-jean-le-baptiste\/#article\",\"isPartOf\":{\"@id\":\"https:\/\/blog.holyart.it\/fr\/saints-et-bienheureux\/24-juin-saint-jean-le-baptiste\/\"},\"author\":{\"name\":\"Redazione\",\"@id\":\"https:\/\/blog.holyart.it\/fr\/#\/schema\/person\/0a7b686e5af0f856ec1e390dd0baecda\"},\"headline\":\"24 juin : Saint Jean le Baptiste\",\"datePublished\":\"2022-06-22T07:00:12+00:00\",\"dateModified\":\"2023-06-05T14:58:58+00:00\",\"mainEntityOfPage\":{\"@id\":\"https:\/\/blog.holyart.it\/fr\/saints-et-bienheureux\/24-juin-saint-jean-le-baptiste\/\"},\"wordCount\":2614,\"publisher\":{\"@id\":\"https:\/\/blog.holyart.it\/fr\/#organization\"},\"image\":{\"@id\":\"https:\/\/blog.holyart.it\/fr\/saints-et-bienheureux\/24-juin-saint-jean-le-baptiste\/#primaryimage\"},\"thumbnailUrl\":\"https:\/\/blog.holyart.it\/fr\/wp-content\/uploads\/sites\/14\/2022\/06\/saint-jean-le-baptiste.jpg\",\"articleSection\":[\"Religion\",\"Saints et Bienheureux\"],\"inLanguage\":\"fr-FR\"},{\"@type\":\"WebPage\",\"@id\":\"https:\/\/blog.holyart.it\/fr\/saints-et-bienheureux\/24-juin-saint-jean-le-baptiste\/\",\"url\":\"https:\/\/blog.holyart.it\/fr\/saints-et-bienheureux\/24-juin-saint-jean-le-baptiste\/\",\"name\":\"24 juin : Saint Jean le Baptiste - Holyart.fr Blog\",\"isPartOf\":{\"@id\":\"https:\/\/blog.holyart.it\/fr\/#website\"},\"primaryImageOfPage\":{\"@id\":\"https:\/\/blog.holyart.it\/fr\/saints-et-bienheureux\/24-juin-saint-jean-le-baptiste\/#primaryimage\"},\"image\":{\"@id\":\"https:\/\/blog.holyart.it\/fr\/saints-et-bienheureux\/24-juin-saint-jean-le-baptiste\/#primaryimage\"},\"thumbnailUrl\":\"https:\/\/blog.holyart.it\/fr\/wp-content\/uploads\/sites\/14\/2022\/06\/saint-jean-le-baptiste.jpg\",\"datePublished\":\"2022-06-22T07:00:12+00:00\",\"dateModified\":\"2023-06-05T14:58:58+00:00\",\"description\":\"Le 24 juin nous f\u00eatons la naissance de Saint Jean le Baptiste, dernier proph\u00e8te de l\u2019Ancien Testament et premier Ap\u00f4tre de J\u00e9sus.\",\"breadcrumb\":{\"@id\":\"https:\/\/blog.holyart.it\/fr\/saints-et-bienheureux\/24-juin-saint-jean-le-baptiste\/#breadcrumb\"},\"inLanguage\":\"fr-FR\",\"potentialAction\":[{\"@type\":\"ReadAction\",\"target\":[\"https:\/\/blog.holyart.it\/fr\/saints-et-bienheureux\/24-juin-saint-jean-le-baptiste\/\"]}]},{\"@type\":\"ImageObject\",\"inLanguage\":\"fr-FR\",\"@id\":\"https:\/\/blog.holyart.it\/fr\/saints-et-bienheureux\/24-juin-saint-jean-le-baptiste\/#primaryimage\",\"url\":\"https:\/\/blog.holyart.it\/fr\/wp-content\/uploads\/sites\/14\/2022\/06\/saint-jean-le-baptiste.jpg\",\"contentUrl\":\"https:\/\/blog.holyart.it\/fr\/wp-content\/uploads\/sites\/14\/2022\/06\/saint-jean-le-baptiste.jpg\",\"width\":1000,\"height\":680,\"caption\":\"saint jean le baptiste\"},{\"@type\":\"BreadcrumbList\",\"@id\":\"https:\/\/blog.holyart.it\/fr\/saints-et-bienheureux\/24-juin-saint-jean-le-baptiste\/#breadcrumb\",\"itemListElement\":[{\"@type\":\"ListItem\",\"position\":1,\"name\":\"Homepage\",\"item\":\"https:\/\/blog.holyart.it\/fr\/\"},{\"@type\":\"ListItem\",\"position\":2,\"name\":\"Saints et Bienheureux\",\"item\":\"https:\/\/blog.holyart.it\/fr\/saints-et-bienheureux\/\"},{\"@type\":\"ListItem\",\"position\":3,\"name\":\"24 juin : Saint Jean le Baptiste\"}]},{\"@type\":\"WebSite\",\"@id\":\"https:\/\/blog.holyart.it\/fr\/#website\",\"url\":\"https:\/\/blog.holyart.it\/fr\/\",\"name\":\"Holyart.fr Blog\",\"description\":\"Holyblog\",\"publisher\":{\"@id\":\"https:\/\/blog.holyart.it\/fr\/#organization\"},\"potentialAction\":[{\"@type\":\"SearchAction\",\"target\":{\"@type\":\"EntryPoint\",\"urlTemplate\":\"https:\/\/blog.holyart.it\/fr\/?s={search_term_string}\"},\"query-input\":{\"@type\":\"PropertyValueSpecification\",\"valueRequired\":true,\"valueName\":\"search_term_string\"}}],\"inLanguage\":\"fr-FR\"},{\"@type\":\"Organization\",\"@id\":\"https:\/\/blog.holyart.it\/fr\/#organization\",\"name\":\"Holyart.fr Blog\",\"url\":\"https:\/\/blog.holyart.it\/fr\/\",\"logo\":{\"@type\":\"ImageObject\",\"inLanguage\":\"fr-FR\",\"@id\":\"https:\/\/blog.holyart.it\/fr\/#\/schema\/logo\/image\/\",\"url\":\"https:\/\/blog.holyart.it\/fr\/wp-content\/uploads\/sites\/14\/2022\/12\/Holyart_Blog_Logo.jpg\",\"contentUrl\":\"https:\/\/blog.holyart.it\/fr\/wp-content\/uploads\/sites\/14\/2022\/12\/Holyart_Blog_Logo.jpg\",\"width\":300,\"height\":50,\"caption\":\"Holyart.fr Blog\"},\"image\":{\"@id\":\"https:\/\/blog.holyart.it\/fr\/#\/schema\/logo\/image\/\"}},{\"@type\":\"Person\",\"@id\":\"https:\/\/blog.holyart.it\/fr\/#\/schema\/person\/0a7b686e5af0f856ec1e390dd0baecda\",\"name\":\"Redazione\",\"image\":{\"@type\":\"ImageObject\",\"inLanguage\":\"fr-FR\",\"@id\":\"https:\/\/blog.holyart.it\/fr\/#\/schema\/person\/image\/\",\"url\":\"https:\/\/secure.gravatar.com\/avatar\/f477da817f43e50d0af36abecd33e3edf826c68299714bdc1057dff3b113f516?s=96&d=mm&r=g\",\"contentUrl\":\"https:\/\/secure.gravatar.com\/avatar\/f477da817f43e50d0af36abecd33e3edf826c68299714bdc1057dff3b113f516?s=96&d=mm&r=g\",\"caption\":\"Redazione\"},\"url\":\"https:\/\/blog.holyart.it\/fr\/author\/admin\/\"}]}<\/script>\n<!-- \/ Yoast SEO plugin. -->","yoast_head_json":{"title":"24 juin : Saint Jean le Baptiste - Holyart.fr Blog","description":"Le 24 juin nous f\u00eatons la naissance de Saint Jean le Baptiste, dernier proph\u00e8te de l\u2019Ancien Testament et premier Ap\u00f4tre de J\u00e9sus.","robots":{"index":"index","follow":"follow","max-snippet":"max-snippet:-1","max-image-preview":"max-image-preview:large","max-video-preview":"max-video-preview:-1"},"canonical":"https:\/\/blog.holyart.it\/fr\/saints-et-bienheureux\/24-juin-saint-jean-le-baptiste\/","og_locale":"fr_FR","og_type":"article","og_title":"24 juin : Saint Jean le Baptiste - Holyart.fr Blog","og_description":"Le 24 juin nous f\u00eatons la naissance de Saint Jean le Baptiste, dernier proph\u00e8te de l\u2019Ancien Testament et premier Ap\u00f4tre de J\u00e9sus.","og_url":"https:\/\/blog.holyart.it\/fr\/saints-et-bienheureux\/24-juin-saint-jean-le-baptiste\/","og_site_name":"Holyart.fr Blog","article_published_time":"2022-06-22T07:00:12+00:00","article_modified_time":"2023-06-05T14:58:58+00:00","og_image":[{"width":1000,"height":680,"url":"https:\/\/blog.holyart.it\/fr\/wp-content\/uploads\/sites\/14\/2022\/06\/saint-jean-le-baptiste.jpg","type":"image\/jpeg"}],"author":"Redazione","twitter_card":"summary_large_image","twitter_misc":{"\u00c9crit par":"Redazione","Dur\u00e9e de lecture estim\u00e9e":"13 minutes"},"schema":{"@context":"https:\/\/schema.org","@graph":[{"@type":"Article","@id":"https:\/\/blog.holyart.it\/fr\/saints-et-bienheureux\/24-juin-saint-jean-le-baptiste\/#article","isPartOf":{"@id":"https:\/\/blog.holyart.it\/fr\/saints-et-bienheureux\/24-juin-saint-jean-le-baptiste\/"},"author":{"name":"Redazione","@id":"https:\/\/blog.holyart.it\/fr\/#\/schema\/person\/0a7b686e5af0f856ec1e390dd0baecda"},"headline":"24 juin : Saint Jean le Baptiste","datePublished":"2022-06-22T07:00:12+00:00","dateModified":"2023-06-05T14:58:58+00:00","mainEntityOfPage":{"@id":"https:\/\/blog.holyart.it\/fr\/saints-et-bienheureux\/24-juin-saint-jean-le-baptiste\/"},"wordCount":2614,"publisher":{"@id":"https:\/\/blog.holyart.it\/fr\/#organization"},"image":{"@id":"https:\/\/blog.holyart.it\/fr\/saints-et-bienheureux\/24-juin-saint-jean-le-baptiste\/#primaryimage"},"thumbnailUrl":"https:\/\/blog.holyart.it\/fr\/wp-content\/uploads\/sites\/14\/2022\/06\/saint-jean-le-baptiste.jpg","articleSection":["Religion","Saints et Bienheureux"],"inLanguage":"fr-FR"},{"@type":"WebPage","@id":"https:\/\/blog.holyart.it\/fr\/saints-et-bienheureux\/24-juin-saint-jean-le-baptiste\/","url":"https:\/\/blog.holyart.it\/fr\/saints-et-bienheureux\/24-juin-saint-jean-le-baptiste\/","name":"24 juin : Saint Jean le Baptiste - Holyart.fr Blog","isPartOf":{"@id":"https:\/\/blog.holyart.it\/fr\/#website"},"primaryImageOfPage":{"@id":"https:\/\/blog.holyart.it\/fr\/saints-et-bienheureux\/24-juin-saint-jean-le-baptiste\/#primaryimage"},"image":{"@id":"https:\/\/blog.holyart.it\/fr\/saints-et-bienheureux\/24-juin-saint-jean-le-baptiste\/#primaryimage"},"thumbnailUrl":"https:\/\/blog.holyart.it\/fr\/wp-content\/uploads\/sites\/14\/2022\/06\/saint-jean-le-baptiste.jpg","datePublished":"2022-06-22T07:00:12+00:00","dateModified":"2023-06-05T14:58:58+00:00","description":"Le 24 juin nous f\u00eatons la naissance de Saint Jean le Baptiste, dernier proph\u00e8te de l\u2019Ancien Testament et premier Ap\u00f4tre de J\u00e9sus.","breadcrumb":{"@id":"https:\/\/blog.holyart.it\/fr\/saints-et-bienheureux\/24-juin-saint-jean-le-baptiste\/#breadcrumb"},"inLanguage":"fr-FR","potentialAction":[{"@type":"ReadAction","target":["https:\/\/blog.holyart.it\/fr\/saints-et-bienheureux\/24-juin-saint-jean-le-baptiste\/"]}]},{"@type":"ImageObject","inLanguage":"fr-FR","@id":"https:\/\/blog.holyart.it\/fr\/saints-et-bienheureux\/24-juin-saint-jean-le-baptiste\/#primaryimage","url":"https:\/\/blog.holyart.it\/fr\/wp-content\/uploads\/sites\/14\/2022\/06\/saint-jean-le-baptiste.jpg","contentUrl":"https:\/\/blog.holyart.it\/fr\/wp-content\/uploads\/sites\/14\/2022\/06\/saint-jean-le-baptiste.jpg","width":1000,"height":680,"caption":"saint jean le baptiste"},{"@type":"BreadcrumbList","@id":"https:\/\/blog.holyart.it\/fr\/saints-et-bienheureux\/24-juin-saint-jean-le-baptiste\/#breadcrumb","itemListElement":[{"@type":"ListItem","position":1,"name":"Homepage","item":"https:\/\/blog.holyart.it\/fr\/"},{"@type":"ListItem","position":2,"name":"Saints et Bienheureux","item":"https:\/\/blog.holyart.it\/fr\/saints-et-bienheureux\/"},{"@type":"ListItem","position":3,"name":"24 juin : Saint Jean le Baptiste"}]},{"@type":"WebSite","@id":"https:\/\/blog.holyart.it\/fr\/#website","url":"https:\/\/blog.holyart.it\/fr\/","name":"Holyart.fr Blog","description":"Holyblog","publisher":{"@id":"https:\/\/blog.holyart.it\/fr\/#organization"},"potentialAction":[{"@type":"SearchAction","target":{"@type":"EntryPoint","urlTemplate":"https:\/\/blog.holyart.it\/fr\/?s={search_term_string}"},"query-input":{"@type":"PropertyValueSpecification","valueRequired":true,"valueName":"search_term_string"}}],"inLanguage":"fr-FR"},{"@type":"Organization","@id":"https:\/\/blog.holyart.it\/fr\/#organization","name":"Holyart.fr Blog","url":"https:\/\/blog.holyart.it\/fr\/","logo":{"@type":"ImageObject","inLanguage":"fr-FR","@id":"https:\/\/blog.holyart.it\/fr\/#\/schema\/logo\/image\/","url":"https:\/\/blog.holyart.it\/fr\/wp-content\/uploads\/sites\/14\/2022\/12\/Holyart_Blog_Logo.jpg","contentUrl":"https:\/\/blog.holyart.it\/fr\/wp-content\/uploads\/sites\/14\/2022\/12\/Holyart_Blog_Logo.jpg","width":300,"height":50,"caption":"Holyart.fr Blog"},"image":{"@id":"https:\/\/blog.holyart.it\/fr\/#\/schema\/logo\/image\/"}},{"@type":"Person","@id":"https:\/\/blog.holyart.it\/fr\/#\/schema\/person\/0a7b686e5af0f856ec1e390dd0baecda","name":"Redazione","image":{"@type":"ImageObject","inLanguage":"fr-FR","@id":"https:\/\/blog.holyart.it\/fr\/#\/schema\/person\/image\/","url":"https:\/\/secure.gravatar.com\/avatar\/f477da817f43e50d0af36abecd33e3edf826c68299714bdc1057dff3b113f516?s=96&d=mm&r=g","contentUrl":"https:\/\/secure.gravatar.com\/avatar\/f477da817f43e50d0af36abecd33e3edf826c68299714bdc1057dff3b113f516?s=96&d=mm&r=g","caption":"Redazione"},"url":"https:\/\/blog.holyart.it\/fr\/author\/admin\/"}]}},"_links":{"self":[{"href":"https:\/\/blog.holyart.it\/fr\/wp-json\/wp\/v2\/posts\/4786","targetHints":{"allow":["GET"]}}],"collection":[{"href":"https:\/\/blog.holyart.it\/fr\/wp-json\/wp\/v2\/posts"}],"about":[{"href":"https:\/\/blog.holyart.it\/fr\/wp-json\/wp\/v2\/types\/post"}],"author":[{"embeddable":true,"href":"https:\/\/blog.holyart.it\/fr\/wp-json\/wp\/v2\/users\/1"}],"replies":[{"embeddable":true,"href":"https:\/\/blog.holyart.it\/fr\/wp-json\/wp\/v2\/comments?post=4786"}],"version-history":[{"count":1,"href":"https:\/\/blog.holyart.it\/fr\/wp-json\/wp\/v2\/posts\/4786\/revisions"}],"predecessor-version":[{"id":6468,"href":"https:\/\/blog.holyart.it\/fr\/wp-json\/wp\/v2\/posts\/4786\/revisions\/6468"}],"wp:featuredmedia":[{"embeddable":true,"href":"https:\/\/blog.holyart.it\/fr\/wp-json\/wp\/v2\/media\/4799"}],"wp:attachment":[{"href":"https:\/\/blog.holyart.it\/fr\/wp-json\/wp\/v2\/media?parent=4786"}],"wp:term":[{"taxonomy":"category","embeddable":true,"href":"https:\/\/blog.holyart.it\/fr\/wp-json\/wp\/v2\/categories?post=4786"},{"taxonomy":"post_tag","embeddable":true,"href":"https:\/\/blog.holyart.it\/fr\/wp-json\/wp\/v2\/tags?post=4786"}],"curies":[{"name":"wp","href":"https:\/\/api.w.org\/{rel}","templated":true}]}}