{"id":4779,"date":"2022-06-20T09:00:54","date_gmt":"2022-06-20T07:00:54","guid":{"rendered":"https:\/\/blog.holyart.it\/fr\/?p=4779"},"modified":"2024-06-07T14:54:55","modified_gmt":"2024-06-07T12:54:55","slug":"saint-louis-de-gonzague-saint-patron-des-jeunes","status":"publish","type":"post","link":"https:\/\/blog.holyart.it\/fr\/saints-et-bienheureux\/saint-louis-de-gonzague-saint-patron-des-jeunes\/","title":{"rendered":"Saint Louis de Gonzague, saint patron des jeunes"},"content":{"rendered":"<h4><em>Saint Louis de Gonzague est un de ce jeunes qui, dans l\u2019histoire de l\u2019\u00c9glise, ont d\u00e9di\u00e9 leur courte vie \u00e0 cultiver leurs vertus et \u00e0 soigner leur prochain. Des jeunes saints qui vivent dans l\u2019\u00e9ternit\u00e9, mod\u00e8les de vie et de foi pour les jeunes d\u2019aujourd\u2019hui.<\/em><\/h4>\n\n<p>Aujourd\u2019hui nous parlerons de Saint Louis de Gonzague, un des \u201csaints jeunes\u201d. Et dans son cas, cette d\u00e9finition est plus vraie que jamais, puisque Saint Louis <strong>des jeunes est<\/strong> justement <strong>le saint patron<\/strong>. Canonis\u00e9 en 1726 par Pape Beno\u00eet XIII, il fut ensuite d\u00e9clar\u00e9 par ce dernier <strong>protecteur des \u00e9tudiants<\/strong>, tandis que Pie XI le nomma en 1926 <strong>patron de la jeunesse catholique<\/strong>.<\/p>\n<p>De plus, en 1991, <a href=\"https:\/\/www.holyart.fr\/occasions-speciales\/jean-paul-ii\"><strong>Jean-Paul II<\/strong><\/a> lui attribua le patronat des <strong>malades du SIDA<\/strong>.<\/p>\n<p>Nous avons d\u00e9j\u00e0 dit que Saint Louis de Gonzague est un saint jeune. En effet, comme nous le verrons, il mourut <strong>\u00e0 vingt-trois ans<\/strong> \u00e0 peine. La mort d\u2019un enfant ou d\u2019une personne tr\u00e8s jeune est toujours tragique. Cela frappe la communaut\u00e9 enti\u00e8re, en transmettant un sens de profonde impuissance et d\u2019incr\u00e9dulit\u00e9. C\u2019est comme si la fin pr\u00e9matur\u00e9e d\u2019une jeune vie enlevait un peu de future et de confiance \u00e0 tout le monde. Cela parce que, \u00e0 la gravit\u00e9 de la mort en soi, s\u2019ajoute la conscience d\u2019une vie bris\u00e9e avant de m\u00eame de commencer, de l\u2019annulation de tout ce qui aurait pu \u00eatre et ne sera jamais. Le plus grand m\u00e9rite de ces jeunes gar\u00e7ons et filles est justement le fait qu\u2019ils ont su cultiver leur esprit en un laps de temps si bref, en accomplissant de telles actions qu\u2019ils ont m\u00e9rit\u00e9 la b\u00e9atification.<\/p>\n<p>Qu\u2019est-ce que nous d\u00e9montrent ces jeunes saints, ces fleurs coup\u00e9es trop t\u00f4t, probablement parce que destin\u00e9es \u00e0 d\u00e9corer un Jardin c\u00e9leste, auquel seuls les plus dignes peuvent aspirer\u00a0? Leur le\u00e7on est pr\u00e9cieuse et double : d\u2019un c\u00f4t\u00e9, ils nous apprennent que <strong>la saintet\u00e9 n\u2019a pas d\u2019\u00e2ge<\/strong>, qu\u2019il n\u2019y a pas besoin d\u2019avoir v\u00e9cu des nombreuses ann\u00e9es et d\u2019avoir muri une longue exp\u00e9rience de vie pour pouvoir accomplir des actions dignes d\u2019\u00eatre sanctifi\u00e9es\u00a0; de l\u2019autre, ils nous montrent comment <strong>la v\u00e9ritable immortalit\u00e9 r\u00e9side justement dans le fait d\u2019\u00eatre rappel\u00e9s au cours des ann\u00e9es et des si\u00e8cles en vertu des bonnes actions<\/strong> que l\u2019on a accompli dans une pourtant courte existence.<\/p>\n<p>Cette valeur double fait d\u2019eux des <strong>mod\u00e8les de r\u00e9f\u00e9rence<\/strong> pour les jeunes du m\u00eame \u00e2ge de chaque \u00e9poque, des exemples \u00e0 suivre et \u00e0 imiter, desquels s\u2019inspirer afin de trouver courage et force dans les moments difficiles. Jamais comme \u00e0 notre \u00e9poque, o\u00f9 les jeunes semblent avoir perdu les valeurs de r\u00e9f\u00e9rence, o\u00f9 il est si facile de s\u2019abandonner au d\u00e9sespoir, souvent pour des raisons futiles, on sent le besoin d\u2019avoir des exemples de la sorte.<\/p>\n<p>Le <strong>21 juin<\/strong>, nous f\u00eatons un de ces jeunes saints, l\u2019embl\u00e8me m\u00eame de la jeunesse, le saint patron des jeunes de tous les temps\u00a0<strong>: Saint Louis de Gonzague<\/strong>.<\/p>\n<h2>L\u2019histoire du saint<\/h2>\n<p>Avant de d\u00e9couvrir l\u2019histoire de <a href=\"https:\/\/www.holyart.fr\/articles-religieux\/statues\/statues-en-platre\/saint-louis-de-gonzague-40-cm-en-platre-peint\"><strong>Saint Louis<\/strong><\/a>, nous souhaitons nous attarder sur un aspect un peu n\u00e9glig\u00e9 de sa personne. En effet, si nous observons les images pieuses et autres repr\u00e9sentations qui le peignent comme un jeune d\u00e9licat portant un habit noir et blanc de j\u00e9suite, avec un lys entre ses fines mains et le regard langoureusement perdu dans la contemplation d\u2019un crucifix, la perception que nous pouvons avoir de lui est probablement un peu limit\u00e9e. Car, bien s\u00fbr, Saint Louis fut un jeune \u00e0 l\u2019air gentil, mais il fut \u00e9galement si <strong>obstin\u00e9 et d\u00e9termin\u00e9<\/strong> qu\u2019il s\u2019opposa de toutes ses forces \u00e0 la vie que les autres avaient choisi pour lui afin de poursuivre son r\u00eave et de d\u00e9dier son existence \u00e0 Dieu. Nous pouvons parler donc d\u2019un <strong>jeune rebelle<\/strong>, et pour les jeunes il est probablement plus facile de s\u2019identifier dans un rebelle, plut\u00f4t qu\u2019\u00e0\u00a0 un jeune de leur \u00e2ge \u00e0 l\u2019air docile et soumis.<\/p>\n<div class=\"link-product\">\n<div class=\"blocco-immagine\"><img loading=\"lazy\" decoding=\"async\" class=\"alignnone size-full wp-image-4780\" src=\"https:\/\/blog.holyart.it\/fr\/wp-content\/uploads\/sites\/14\/2022\/06\/Saint-Louis-de-Gonzague-40-cm.jpg\" alt=\"\" width=\"100\" height=\"100\" data-kale-share-title=\"Saint Louis de Gonzague, saint patron des jeunes\" data-kale-share-url=\"https:\/\/blog.holyart.it\/fr\/?p=4779\" \/><\/div>\n<div class=\"blocco-contenuto\">\n<div class=\"blocco-acquista\">Acheter sur Holyart:<\/div>\n<div class=\"blocco-titolo\"><a href=\"https:\/\/www.holyart.fr\/articles-religieux\/statues\/statues-en-platre\/saint-louis-de-gonzague-40-cm-en-platre-peint\">Saint Louis de Gonzague<\/a><\/div>\n<div class=\"blocco-descrizione\">Saint Louis de Gonzague 40 cm en pl\u00e2tre peint<\/div>\n<\/div>\n<\/div>\n<p>Le fait est que Saint Louis naquit le 9 mars 1568 \u00e0 <strong>Castiglione delle Stiviere<\/strong>, en province de Mantoue, fils a\u00een\u00e9 du Marquis Ferdinand Ier de Gonzague, seigneur de Castiglione, et de Marta Tana de Santena, la dame de compagnie pr\u00e9f\u00e9r\u00e9e de la troisi\u00e8me femme de Philippe II d\u2019Espagne, Isabelle de Valois. Il appartenait donc \u00e0 <strong>une des plus puissantes familles de la Renaissance italienne<\/strong> et, en tant que fils a\u00een\u00e9, son p\u00e8re le d\u00e9signa comme son h\u00e9ritier et pla\u00e7a en lui tous ses espoirs. D\u00e8s son enfance, donc, Louis d\u00fbt suivre son p\u00e8re quand il se d\u00e9diait aux exercices militaires et passait en revue ses troupes. Il le faisait en portant une armure d\u2019enfant que Ferdinand avait fait confectionner expr\u00e8s pour son fils. Le milieu des soldats n\u2019\u00e9tait s\u00fbrement pas adapt\u00e9 pour un enfant si jeune, mais Louis ob\u00e9issait aux souhaits de son p\u00e8re, qui voulait l\u2019introduire au <strong>m\u00e9tier des armes<\/strong> au plus t\u00f4t.<\/p>\n<p>Toutefois, d\u00e9j\u00e0 \u00e0 <strong>sept ans<\/strong>, l\u2019enfant commen\u00e7a \u00e0 montrer une certaine intol\u00e9rance pour ce genre de vie d\u00e9di\u00e9e \u00e0 la violence et \u00e0 l\u2019abus. Il commen\u00e7a \u00e0 prier de mani\u00e8re de plus en plus fr\u00e9quente, en percevant un <strong>appel pr\u00e9coce \u00e0 Dieu<\/strong>. Son souhait de fuir la vie mondaine et souvent turbulente des nobles de son temps augmenta quand, envoy\u00e9 avec son fr\u00e8re Rodolphe \u00e0 <strong>Florence<\/strong>, il entra en contact avec la cour corrompue du grand-duc de Toscane, Fran\u00e7ois de M\u00e9dicis. Il fut tellement d\u00e9gout\u00e9 de ce milieu adonn\u00e9 <strong>aux intrigues et \u00e0 la d\u00e9cadence<\/strong> qu\u2019il s\u2019enferma de plus en plus sur lui-m\u00eame, jusqu\u2019\u00e0 prononcer, \u00e0 <strong>dix ans<\/strong> \u00e0 peine, le v\u0153u de ne jamais offenser Dieu avec le p\u00e9ch\u00e9. Il commen\u00e7a \u00e0 se soumettre \u00e0 <strong>des je\u00fbnes et des pratiques religieuses souvent extr\u00eames<\/strong>, en priant sur le sol en pierre de sa chambre glac\u00e9e, et en s\u2019engageant vaillamment pour maintenir sa chastet\u00e9 et sa modestie. Son aspiration constante \u00e0 la saintet\u00e9 l\u2019amena \u00e0 des <strong>exc\u00e8s<\/strong> que lui-m\u00eame reconnut par la suite. Du reste, n\u2019ayant personne pour le guider et pour le conseiller dans son parcours spirituel, il d\u00fbt essayer de trouver tout seul son propre chemin.<\/p>\n<p>\u00ab\u00a0<em>Je suis un morceau de fer tordu. Je suis entr\u00e9 dans la vie religieuse pour me redresser<\/em>\u00a0\u00bb, dit-il de lui-m\u00eame, une fois devenu J\u00e9suite.<\/p>\n<p>Entretemps, il se d\u00e9diait \u00e0 l\u2019\u00e9tude\u00a0: <strong>lettres, science, philosophie et th\u00e9ologie<\/strong>. Son p\u00e8re ne se r\u00e9signa pas facilement \u00e0 son changement, en l\u2019envoyant dans des nombreuses <strong>cours italiennes et europ\u00e9ennes<\/strong>, dans l\u2019espoir de le distraire de son obsession religieuse. \u00c0 <strong>Brescia<\/strong>, en 1580, Louis re\u00e7ut la Premi\u00e8re Communion du <strong>Cardinal Charles Borrom\u00e9e<\/strong> en visite en ville.<\/p>\n<p>Son p\u00e8re arriva \u00e0 l\u2019envoyer comme page en <strong>Espagne<\/strong>, \u00e0 la suite de Marie d\u2019Habsbourg, veuve de l\u2019empereur Maximilien II.<\/p>\n<p>Mais Louis \u00e9tait plus que jamais d\u00e9termin\u00e9 \u00e0 suivre son propre chemin. En effet \u00e0 <strong>Madrid<\/strong> il eut un confesseur <strong>J\u00e9suite<\/strong> et d\u00e9cida d\u2019entrer dans la <strong>Compagnie de J\u00e9sus<\/strong>. Mais il lui fallait l\u2019autorisation de Ferdinand, qui mena\u00e7a de le fouetter s\u2019il n\u2019en cessait pas avec ses d\u00e9lires religieux. Mais pour finir ce fut au p\u00e8re de c\u00e9der.<\/p>\n<p>Louis renon\u00e7a au titre de Marquis en faveur de son fr\u00e8re cadet et Ferdinand l\u2019envoya \u00e0 Rome avec une lettre pour le sup\u00e9rieur g\u00e9n\u00e9ral des j\u00e9suites, dans laquelle il avait \u00e9crit\u00a0: \u00ab\u00a0<em>Je souhaite simplement affirmer que je suis sur le point de remettre entre les mains de Votre R\u00e9v\u00e9rendissime Excellence le bien le plus pr\u00e9cieux que je poss\u00e8de au monde<\/em>\u00a0\u00bb.<\/p>\n<p>Le 25 novembre 1585, \u00e0 <strong>dix-sept ans<\/strong>, Louis de Gonzague entra comme novice dans la <strong>Compagnie de J\u00e9sus<\/strong>. Paradoxalement le style de vie de novice fut beaucoup moins rigide et auster de celui qu\u2019il s\u2019\u00e9tait impos\u00e9 par lui-m\u00eame chez lui. Ses propres sup\u00e9rieurs lui intim\u00e8rent de manger plus et prier moins, et de r\u00e9duire ses p\u00e9nitences.<\/p>\n<p>Il v\u00e9cut et \u00e9tudia \u00e0 <strong>Rome<\/strong>, qu\u2019il ne quitta que pour des br\u00e8ves p\u00e9riodes. Ici, au beau milieu des <strong>\u00e9pid\u00e9mies<\/strong> qui ravageaient la population, il d\u00e9dia sa jeune vie au soin des malades de peste et de typhus. Et cela malgr\u00e9 le fait d\u2019avoir confess\u00e9 \u00e0 son r\u00e9f\u00e9rent spirituel qu\u2019il \u00e9prouvait un terrible d\u00e9go\u00fbt \u00e0 la vue et \u00e0 l\u2019odeur des malades. \u00c0 la sant\u00e9 fragile, \u00e9prouv\u00e9 par ce style de vie tr\u00e8s dur, en 1591 il tomba malade apr\u00e8s avoir assist\u00e9 un patient de l\u2019H\u00f4pital de la Consolation, malade de peste. Il mourut \u00e0 vingt-trois ans \u00e0 peine, avec le nom de J\u00e9sus sur les l\u00e8vres, comme <a href=\"https:\/\/www.holyart.fr\/blog\/saints-et-bienheureux\/symbole-de-foi-et-de-courage-jeann-darc-sainte-guerriere\/\"><strong><u>Jeanne d\u2019Arc<\/u><\/strong><\/a>.<\/p>\n<div class=\"link-article\">\n<p><img loading=\"lazy\" decoding=\"async\" class=\"alignnone size-full wp-image-4781\" src=\"https:\/\/blog.holyart.it\/fr\/wp-content\/uploads\/sites\/14\/2022\/06\/janne-darc.jpg\" alt=\"\" width=\"150\" height=\"100\" data-kale-share-title=\"Saint Louis de Gonzague, saint patron des jeunes\" data-kale-share-url=\"https:\/\/blog.holyart.it\/fr\/?p=4779\" \/><\/p>\n<div class=\"leggi-anche\">Lire aussi :<\/div>\n<p><strong><a href=\"https:\/\/www.holyart.fr\/blog\/saints-et-bienheureux\/symbole-de-foi-et-de-courage-jeann-darc-sainte-guerriere\/\">Symbole de foi et de courage : Jeann d\u2019Arc, sainte guerri\u00e8re<\/a><\/strong><br \/>\nJeanne d\u2019Arc, est une h\u00e9ro\u00efne nationale fran\u00e7aise. Sa fin tragique en a fait une sainte encore aim\u00e9e et v\u00e9n\u00e9r\u00e9e aujourd\u2019hui au sein de l\u2019\u00c9glise catholique.<\/p>\n<\/div>\n<p>\u00ab\u00a0<em>Quand deux j\u00e9suites virent \u00e0 ses c\u00f4t\u00e9s, ils remarqu\u00e8rent que son visage avait chang\u00e9 et comprirent que leur jeune Louis allait mourir. Ses yeux \u00e9taient fig\u00e9s sur le crucifix qu\u2019il gardait entre ses mains\u00a0; il mourut en tentant de prononcer le nom de J\u00e9sus<\/em>\u00a0\u00bb (Joseph Tylenda SJ, <em>Jesuit Saints and Martyrs \u2013 Saints et martyrs j\u00e9suites<\/em>).<\/p>\n<h2>Saint patron des \u00e9tudiants<\/h2>\n<p>Comme nous l\u2019avons d\u00e9j\u00e0 mentionn\u00e9, Pape Beno\u00eet XIII d\u00e9clara Saint Louis <strong>protecteur des \u00e9tudiants<\/strong> en 1729. Ce titre fit en sorte qu\u2019au cours des si\u00e8cles des tr\u00e8s nombreuses <strong>congr\u00e9gations religieuses<\/strong> qui se d\u00e9diaient \u00e0 l\u2019instruction des jeunes catholiques s\u2019inspirent de lui\u00a0: les <strong>Fr\u00e8res de Saint Louis de Gonzague<\/strong>, n\u00e9s aux Pays-Bas en 1840\u00a0; les <strong>S\u0153urs oblates de Saint Louis de Gonzague<\/strong>, fond\u00e9es en 1815\u00a0; les <strong>S\u0153urs Maitresses Louisiennes de Parme<\/strong>.<\/p>\n<p><strong>Pape Jean-Paul II<\/strong>, qui en 1991 se rendit en p\u00e8lerinage \u00e0 Castiglione, affirma \u00e0 propos de Saint Louis\u00a0: \u00ab\u00a0<em>Je suis ici en ce sanctuaire historique afin de c\u00e9l\u00e9brer avec vous Saint Louis de Gonzague, jeune mod\u00e8le de la jeunesse, v\u00e9cut il y a tr\u00e8s longtemps, mais encore tr\u00e8s actuel, car d\u00e9vou\u00e9 aux valeurs qui ne s\u2019estompent jamais. Il fut un h\u00e9ro\u00efque ap\u00f4tre de la charit\u00e9. Il se s\u00e9para de tout afin d\u2019embrasser le Tout [&#8230;], il ne d\u00e9daigna pas le monde, au contraire, il se consacra \u00e0 Dieu afin de l\u2019aimer plus et mieux. Que son exemple vous illumine<\/em>\u00a0\u00bb.<\/p>\n<h2>D\u2019autres jeunes Saints<\/h2>\n<p>Nous avons d\u00e9j\u00e0 mentionn\u00e9 au d\u00e9but de cet article que Saint Louis ne fut qu\u2019un des jeunes Saints et Bienheureux qui ont d\u00e9montr\u00e9 au cours des si\u00e8cles comment la saintet\u00e9 ne connait pas de limites d\u2019\u00e2ge.<\/p>\n<p>Nous souhaitons en citer quelques-uns.<\/p>\n<p><a href=\"https:\/\/www.holyart.fr\/articles-religieux\/statues\/statues-en-resine-et-pvc\/statue-don-bosco-et-d.-savio-30-cm-resine\"><strong>Saint Dominique Savio <\/strong><\/a>fut un \u00e9l\u00e8ve <a href=\"https:\/\/www.holyart.fr\/blog\/articles-religieux\/lhistoire-de-don-bosco\/\"><strong><u>de Saint Jean Bosco<\/u><\/strong><\/a>, et mourut \u00e0 quatorze ans \u00e0 peine. Profond\u00e9ment d\u00e9vot \u00e0 l\u2019Immacul\u00e9e Conception, assidu aux sacrements de la P\u00e9nitence et de l\u2019Eucharistie, il aida Don Bosco et quarante-quatre de ses jeunes en 1856 pendant la terrible \u00e9pid\u00e9mie de col\u00e8re de laquelle eux tous sortirent miraculeusement indemnes. Toutefois, par la suite, il contracta la tuberculose et mourut avant d\u2019avoir f\u00eat\u00e9 ses quinze ans. Il fut proclam\u00e9 saint en 1954 par pape Pie XII.<\/p>\n<div class=\"link-product\">\n<div class=\"blocco-immagine\"><img loading=\"lazy\" decoding=\"async\" class=\"alignnone size-full wp-image-4782\" src=\"https:\/\/blog.holyart.it\/fr\/wp-content\/uploads\/sites\/14\/2022\/06\/Statue-Don-Bosco-et-D.-Savio.jpg\" alt=\"Statue Don Bosco et D. Savio\" width=\"100\" height=\"100\" data-kale-share-title=\"Saint Louis de Gonzague, saint patron des jeunes\" data-kale-share-url=\"https:\/\/blog.holyart.it\/fr\/?p=4779\" \/><\/div>\n<div class=\"blocco-contenuto\">\n<div class=\"blocco-acquista\">Acheter sur Holyart:<\/div>\n<div class=\"blocco-titolo\"><a href=\"https:\/\/www.holyart.fr\/articles-religieux\/statues\/statues-en-resine-et-pvc\/statue-don-bosco-et-d.-savio-30-cm-resine\">Statue Don Bosco et D. Savio<\/a><\/div>\n<div class=\"blocco-descrizione\">Statue Don Bosco et D. Savio 30 cm r\u00e9sine<\/div>\n<\/div>\n<\/div>\n<p><a href=\"https:\/\/www.holyart.fr\/articles-religieux\/statues\/statues-en-bois-peint\/statue-sainte-agathe-de-catane-avec-palmier-bois-peint-val-gardena?path=articles-religieux&amp;path=statues&amp;path=statues-en-bois-peint&amp;path=statue-sainte-agathe-de-catane-avec-palmier-bois-peint-val-gardena\"><strong>Sainte Agathe<\/strong><\/a>, sainte patronne de Catane, v\u00e9cut au IIIe si\u00e8cle. Le proconsul Quintien s\u2019\u00e9prit d\u2019elle et la pers\u00e9cuta, d\u2019abord en essayant de la faire corrompre par une courtisane et ses filles, ensuite en l\u2019emprisonnant et en la faisant torturer de mani\u00e8re horrible. Agathe fut fouett\u00e9e et on lui arracha les seins avec des tenailles, ensuite elle subit le supplice des charbons ardents. Morte \u00e0 peine adolescente, elle est une des sept vierges et martyrs rappel\u00e9es dans le canon de la Messe.<\/p>\n<div class=\"link-product\">\n<div class=\"blocco-immagine\"><img loading=\"lazy\" decoding=\"async\" class=\"alignnone size-full wp-image-4783\" src=\"https:\/\/blog.holyart.it\/fr\/wp-content\/uploads\/sites\/14\/2022\/06\/Statue-Sainte-Agathe-de-Catane.jpg\" alt=\"Statue Sainte Agathe de Catane\" width=\"100\" height=\"100\" data-kale-share-title=\"Saint Louis de Gonzague, saint patron des jeunes\" data-kale-share-url=\"https:\/\/blog.holyart.it\/fr\/?p=4779\" \/><\/div>\n<div class=\"blocco-contenuto\">\n<div class=\"blocco-acquista\">Acheter sur Holyart:<\/div>\n<div class=\"blocco-titolo\"><a href=\"https:\/\/www.holyart.fr\/articles-religieux\/statues\/statues-en-bois-peint\/statue-sainte-agathe-de-catane-avec-palmier-bois-peint-val-gardena\">Statue Sainte Agathe de Catane<\/a><\/div>\n<div class=\"blocco-descrizione\">Statue Sainte Agathe de Catane<\/div>\n<\/div>\n<\/div>\n<p>\u00c0 <a href=\"https:\/\/www.holyart.fr\/articles-religieux\/statues\/statues-en-platre\/statue-platre-nacre-jeanne-darc-45-cm\"><strong>Sainte <u>Jeanne d\u2019Arc<\/u><\/strong><\/a> nous avons d\u00e9di\u00e9 r\u00e9cemment un long article. Saint Patronne de France, pendant la Guerre des Cent Ans elle conduisit l\u2019arm\u00e9e de Charles, Dauphin de France et, par la suite, son Roi, contre les Anglais et leurs alli\u00e9s bourguignons. Trahie par ses propres capitaines et abandonn\u00e9e par son Roi, elle fut br\u00fbl\u00e9e sur le b\u00fbcher par les Anglais \u00e0 dix-neuf ans \u00e0 peine, apr\u00e8s un faux proc\u00e8s dans lequel elle fut accus\u00e9e de sorcellerie et d\u2019h\u00e9r\u00e9sie.<\/p>\n<div class=\"link-product\">\n<div class=\"blocco-immagine\"><img loading=\"lazy\" decoding=\"async\" class=\"alignnone size-full wp-image-4784\" src=\"https:\/\/blog.holyart.it\/fr\/wp-content\/uploads\/sites\/14\/2022\/06\/Statue-pl\u00e2tre-nacr\u00e9-Jeanne-dArc-45-cm.jpg\" alt=\"Statue pl\u00e2tre nacr\u00e9 Jeanne d'Arc 45 cm\" width=\"100\" height=\"100\" data-kale-share-title=\"Saint Louis de Gonzague, saint patron des jeunes\" data-kale-share-url=\"https:\/\/blog.holyart.it\/fr\/?p=4779\" \/><\/div>\n<div class=\"blocco-contenuto\">\n<div class=\"blocco-acquista\">Acheter sur Holyart:<\/div>\n<div class=\"blocco-titolo\"><a href=\"https:\/\/www.holyart.fr\/articles-religieux\/statues\/statues-en-bois-peint\/statue-sainte-agathe-de-catane-avec-palmier-bois-peint-val-gardena\">Statue Sainte Agathe de Catane <\/a><\/div>\n<div class=\"blocco-descrizione\">Statue Sainte Agathe de Catane<\/div>\n<\/div>\n<\/div>\n","protected":false},"excerpt":{"rendered":"<p>Saint Louis de Gonzague est un de ce jeunes qui, dans l\u2019histoire de l\u2019\u00c9glise, ont d\u00e9di\u00e9 leur courte vie \u00e0 cultiver leurs vertus et \u00e0 soigner leur prochain. Des jeunes saints qui vivent dans l\u2019\u00e9ternit\u00e9, mod\u00e8les de vie et de foi pour les jeunes d\u2019aujourd\u2019hui.&hellip;<\/p>\n","protected":false},"author":1,"featured_media":4796,"comment_status":"closed","ping_status":"open","sticky":false,"template":"","format":"standard","meta":{"_acf_changed":false,"footnotes":""},"categories":[8,7],"tags":[],"class_list":["post-4779","post","type-post","status-publish","format-standard","has-post-thumbnail","hentry","category-articles-religieux","category-saints-et-bienheureux"],"acf":[],"yoast_head":"<!-- This site is optimized with the Yoast SEO plugin v26.6 - https:\/\/yoast.com\/wordpress\/plugins\/seo\/ -->\n<title>Saint Louis de Gonzague, saint patron des jeunes - Holyart.fr Blog<\/title>\n<meta name=\"description\" content=\"Saint Louis de Gonzague est un de ce jeunes qui, ont d\u00e9di\u00e9 leur courte vie \u00e0 cultiver leurs vertus. Mod\u00e8les de vie et de foi pour les jeunes d\u2019aujourd\u2019hui.\" \/>\n<meta name=\"robots\" content=\"index, follow, max-snippet:-1, max-image-preview:large, max-video-preview:-1\" \/>\n<link rel=\"canonical\" href=\"https:\/\/blog.holyart.it\/fr\/saints-et-bienheureux\/saint-louis-de-gonzague-saint-patron-des-jeunes\/\" \/>\n<meta property=\"og:locale\" content=\"fr_FR\" \/>\n<meta property=\"og:type\" content=\"article\" \/>\n<meta property=\"og:title\" content=\"Saint Louis de Gonzague, saint patron des jeunes - Holyart.fr Blog\" \/>\n<meta property=\"og:description\" content=\"Saint Louis de Gonzague est un de ce jeunes qui, ont d\u00e9di\u00e9 leur courte vie \u00e0 cultiver leurs vertus. Mod\u00e8les de vie et de foi pour les jeunes d\u2019aujourd\u2019hui.\" \/>\n<meta property=\"og:url\" content=\"https:\/\/blog.holyart.it\/fr\/saints-et-bienheureux\/saint-louis-de-gonzague-saint-patron-des-jeunes\/\" \/>\n<meta property=\"og:site_name\" content=\"Holyart.fr Blog\" \/>\n<meta property=\"article:published_time\" content=\"2022-06-20T07:00:54+00:00\" \/>\n<meta property=\"article:modified_time\" content=\"2024-06-07T12:54:55+00:00\" \/>\n<meta property=\"og:image\" content=\"https:\/\/blog.holyart.it\/fr\/wp-content\/uploads\/sites\/14\/2022\/06\/saint-luis-de-gonzague.jpg\" \/>\n\t<meta property=\"og:image:width\" content=\"975\" \/>\n\t<meta property=\"og:image:height\" content=\"650\" \/>\n\t<meta property=\"og:image:type\" content=\"image\/jpeg\" \/>\n<meta name=\"author\" content=\"Redazione\" \/>\n<meta name=\"twitter:card\" content=\"summary_large_image\" \/>\n<meta name=\"twitter:label1\" content=\"\u00c9crit par\" \/>\n\t<meta name=\"twitter:data1\" content=\"Redazione\" \/>\n\t<meta name=\"twitter:label2\" content=\"Dur\u00e9e de lecture estim\u00e9e\" \/>\n\t<meta name=\"twitter:data2\" content=\"12 minutes\" \/>\n<script type=\"application\/ld+json\" class=\"yoast-schema-graph\">{\"@context\":\"https:\/\/schema.org\",\"@graph\":[{\"@type\":\"Article\",\"@id\":\"https:\/\/blog.holyart.it\/fr\/saints-et-bienheureux\/saint-louis-de-gonzague-saint-patron-des-jeunes\/#article\",\"isPartOf\":{\"@id\":\"https:\/\/blog.holyart.it\/fr\/saints-et-bienheureux\/saint-louis-de-gonzague-saint-patron-des-jeunes\/\"},\"author\":{\"name\":\"Redazione\",\"@id\":\"https:\/\/blog.holyart.it\/fr\/#\/schema\/person\/0a7b686e5af0f856ec1e390dd0baecda\"},\"headline\":\"Saint Louis de Gonzague, saint patron des jeunes\",\"datePublished\":\"2022-06-20T07:00:54+00:00\",\"dateModified\":\"2024-06-07T12:54:55+00:00\",\"mainEntityOfPage\":{\"@id\":\"https:\/\/blog.holyart.it\/fr\/saints-et-bienheureux\/saint-louis-de-gonzague-saint-patron-des-jeunes\/\"},\"wordCount\":2235,\"publisher\":{\"@id\":\"https:\/\/blog.holyart.it\/fr\/#organization\"},\"image\":{\"@id\":\"https:\/\/blog.holyart.it\/fr\/saints-et-bienheureux\/saint-louis-de-gonzague-saint-patron-des-jeunes\/#primaryimage\"},\"thumbnailUrl\":\"https:\/\/blog.holyart.it\/fr\/wp-content\/uploads\/sites\/14\/2022\/06\/saint-luis-de-gonzague.jpg\",\"articleSection\":[\"Religion\",\"Saints et Bienheureux\"],\"inLanguage\":\"fr-FR\"},{\"@type\":\"WebPage\",\"@id\":\"https:\/\/blog.holyart.it\/fr\/saints-et-bienheureux\/saint-louis-de-gonzague-saint-patron-des-jeunes\/\",\"url\":\"https:\/\/blog.holyart.it\/fr\/saints-et-bienheureux\/saint-louis-de-gonzague-saint-patron-des-jeunes\/\",\"name\":\"Saint Louis de Gonzague, saint patron des jeunes - Holyart.fr Blog\",\"isPartOf\":{\"@id\":\"https:\/\/blog.holyart.it\/fr\/#website\"},\"primaryImageOfPage\":{\"@id\":\"https:\/\/blog.holyart.it\/fr\/saints-et-bienheureux\/saint-louis-de-gonzague-saint-patron-des-jeunes\/#primaryimage\"},\"image\":{\"@id\":\"https:\/\/blog.holyart.it\/fr\/saints-et-bienheureux\/saint-louis-de-gonzague-saint-patron-des-jeunes\/#primaryimage\"},\"thumbnailUrl\":\"https:\/\/blog.holyart.it\/fr\/wp-content\/uploads\/sites\/14\/2022\/06\/saint-luis-de-gonzague.jpg\",\"datePublished\":\"2022-06-20T07:00:54+00:00\",\"dateModified\":\"2024-06-07T12:54:55+00:00\",\"description\":\"Saint Louis de Gonzague est un de ce jeunes qui, ont d\u00e9di\u00e9 leur courte vie \u00e0 cultiver leurs vertus. Mod\u00e8les de vie et de foi pour les jeunes d\u2019aujourd\u2019hui.\",\"breadcrumb\":{\"@id\":\"https:\/\/blog.holyart.it\/fr\/saints-et-bienheureux\/saint-louis-de-gonzague-saint-patron-des-jeunes\/#breadcrumb\"},\"inLanguage\":\"fr-FR\",\"potentialAction\":[{\"@type\":\"ReadAction\",\"target\":[\"https:\/\/blog.holyart.it\/fr\/saints-et-bienheureux\/saint-louis-de-gonzague-saint-patron-des-jeunes\/\"]}]},{\"@type\":\"ImageObject\",\"inLanguage\":\"fr-FR\",\"@id\":\"https:\/\/blog.holyart.it\/fr\/saints-et-bienheureux\/saint-louis-de-gonzague-saint-patron-des-jeunes\/#primaryimage\",\"url\":\"https:\/\/blog.holyart.it\/fr\/wp-content\/uploads\/sites\/14\/2022\/06\/saint-luis-de-gonzague.jpg\",\"contentUrl\":\"https:\/\/blog.holyart.it\/fr\/wp-content\/uploads\/sites\/14\/2022\/06\/saint-luis-de-gonzague.jpg\",\"width\":975,\"height\":650,\"caption\":\"saint luis de gonzague\"},{\"@type\":\"BreadcrumbList\",\"@id\":\"https:\/\/blog.holyart.it\/fr\/saints-et-bienheureux\/saint-louis-de-gonzague-saint-patron-des-jeunes\/#breadcrumb\",\"itemListElement\":[{\"@type\":\"ListItem\",\"position\":1,\"name\":\"Homepage\",\"item\":\"https:\/\/blog.holyart.it\/fr\/\"},{\"@type\":\"ListItem\",\"position\":2,\"name\":\"Saints et Bienheureux\",\"item\":\"https:\/\/blog.holyart.it\/fr\/saints-et-bienheureux\/\"},{\"@type\":\"ListItem\",\"position\":3,\"name\":\"Saint Louis de Gonzague, saint patron des jeunes\"}]},{\"@type\":\"WebSite\",\"@id\":\"https:\/\/blog.holyart.it\/fr\/#website\",\"url\":\"https:\/\/blog.holyart.it\/fr\/\",\"name\":\"Holyart.fr Blog\",\"description\":\"Holyblog\",\"publisher\":{\"@id\":\"https:\/\/blog.holyart.it\/fr\/#organization\"},\"potentialAction\":[{\"@type\":\"SearchAction\",\"target\":{\"@type\":\"EntryPoint\",\"urlTemplate\":\"https:\/\/blog.holyart.it\/fr\/?s={search_term_string}\"},\"query-input\":{\"@type\":\"PropertyValueSpecification\",\"valueRequired\":true,\"valueName\":\"search_term_string\"}}],\"inLanguage\":\"fr-FR\"},{\"@type\":\"Organization\",\"@id\":\"https:\/\/blog.holyart.it\/fr\/#organization\",\"name\":\"Holyart.fr Blog\",\"url\":\"https:\/\/blog.holyart.it\/fr\/\",\"logo\":{\"@type\":\"ImageObject\",\"inLanguage\":\"fr-FR\",\"@id\":\"https:\/\/blog.holyart.it\/fr\/#\/schema\/logo\/image\/\",\"url\":\"https:\/\/blog.holyart.it\/fr\/wp-content\/uploads\/sites\/14\/2022\/12\/Holyart_Blog_Logo.jpg\",\"contentUrl\":\"https:\/\/blog.holyart.it\/fr\/wp-content\/uploads\/sites\/14\/2022\/12\/Holyart_Blog_Logo.jpg\",\"width\":300,\"height\":50,\"caption\":\"Holyart.fr Blog\"},\"image\":{\"@id\":\"https:\/\/blog.holyart.it\/fr\/#\/schema\/logo\/image\/\"}},{\"@type\":\"Person\",\"@id\":\"https:\/\/blog.holyart.it\/fr\/#\/schema\/person\/0a7b686e5af0f856ec1e390dd0baecda\",\"name\":\"Redazione\",\"image\":{\"@type\":\"ImageObject\",\"inLanguage\":\"fr-FR\",\"@id\":\"https:\/\/blog.holyart.it\/fr\/#\/schema\/person\/image\/\",\"url\":\"https:\/\/secure.gravatar.com\/avatar\/f477da817f43e50d0af36abecd33e3edf826c68299714bdc1057dff3b113f516?s=96&d=mm&r=g\",\"contentUrl\":\"https:\/\/secure.gravatar.com\/avatar\/f477da817f43e50d0af36abecd33e3edf826c68299714bdc1057dff3b113f516?s=96&d=mm&r=g\",\"caption\":\"Redazione\"},\"url\":\"https:\/\/blog.holyart.it\/fr\/author\/admin\/\"}]}<\/script>\n<!-- \/ Yoast SEO plugin. -->","yoast_head_json":{"title":"Saint Louis de Gonzague, saint patron des jeunes - Holyart.fr Blog","description":"Saint Louis de Gonzague est un de ce jeunes qui, ont d\u00e9di\u00e9 leur courte vie \u00e0 cultiver leurs vertus. Mod\u00e8les de vie et de foi pour les jeunes d\u2019aujourd\u2019hui.","robots":{"index":"index","follow":"follow","max-snippet":"max-snippet:-1","max-image-preview":"max-image-preview:large","max-video-preview":"max-video-preview:-1"},"canonical":"https:\/\/blog.holyart.it\/fr\/saints-et-bienheureux\/saint-louis-de-gonzague-saint-patron-des-jeunes\/","og_locale":"fr_FR","og_type":"article","og_title":"Saint Louis de Gonzague, saint patron des jeunes - Holyart.fr Blog","og_description":"Saint Louis de Gonzague est un de ce jeunes qui, ont d\u00e9di\u00e9 leur courte vie \u00e0 cultiver leurs vertus. Mod\u00e8les de vie et de foi pour les jeunes d\u2019aujourd\u2019hui.","og_url":"https:\/\/blog.holyart.it\/fr\/saints-et-bienheureux\/saint-louis-de-gonzague-saint-patron-des-jeunes\/","og_site_name":"Holyart.fr Blog","article_published_time":"2022-06-20T07:00:54+00:00","article_modified_time":"2024-06-07T12:54:55+00:00","og_image":[{"width":975,"height":650,"url":"https:\/\/blog.holyart.it\/fr\/wp-content\/uploads\/sites\/14\/2022\/06\/saint-luis-de-gonzague.jpg","type":"image\/jpeg"}],"author":"Redazione","twitter_card":"summary_large_image","twitter_misc":{"\u00c9crit par":"Redazione","Dur\u00e9e de lecture estim\u00e9e":"12 minutes"},"schema":{"@context":"https:\/\/schema.org","@graph":[{"@type":"Article","@id":"https:\/\/blog.holyart.it\/fr\/saints-et-bienheureux\/saint-louis-de-gonzague-saint-patron-des-jeunes\/#article","isPartOf":{"@id":"https:\/\/blog.holyart.it\/fr\/saints-et-bienheureux\/saint-louis-de-gonzague-saint-patron-des-jeunes\/"},"author":{"name":"Redazione","@id":"https:\/\/blog.holyart.it\/fr\/#\/schema\/person\/0a7b686e5af0f856ec1e390dd0baecda"},"headline":"Saint Louis de Gonzague, saint patron des jeunes","datePublished":"2022-06-20T07:00:54+00:00","dateModified":"2024-06-07T12:54:55+00:00","mainEntityOfPage":{"@id":"https:\/\/blog.holyart.it\/fr\/saints-et-bienheureux\/saint-louis-de-gonzague-saint-patron-des-jeunes\/"},"wordCount":2235,"publisher":{"@id":"https:\/\/blog.holyart.it\/fr\/#organization"},"image":{"@id":"https:\/\/blog.holyart.it\/fr\/saints-et-bienheureux\/saint-louis-de-gonzague-saint-patron-des-jeunes\/#primaryimage"},"thumbnailUrl":"https:\/\/blog.holyart.it\/fr\/wp-content\/uploads\/sites\/14\/2022\/06\/saint-luis-de-gonzague.jpg","articleSection":["Religion","Saints et Bienheureux"],"inLanguage":"fr-FR"},{"@type":"WebPage","@id":"https:\/\/blog.holyart.it\/fr\/saints-et-bienheureux\/saint-louis-de-gonzague-saint-patron-des-jeunes\/","url":"https:\/\/blog.holyart.it\/fr\/saints-et-bienheureux\/saint-louis-de-gonzague-saint-patron-des-jeunes\/","name":"Saint Louis de Gonzague, saint patron des jeunes - Holyart.fr Blog","isPartOf":{"@id":"https:\/\/blog.holyart.it\/fr\/#website"},"primaryImageOfPage":{"@id":"https:\/\/blog.holyart.it\/fr\/saints-et-bienheureux\/saint-louis-de-gonzague-saint-patron-des-jeunes\/#primaryimage"},"image":{"@id":"https:\/\/blog.holyart.it\/fr\/saints-et-bienheureux\/saint-louis-de-gonzague-saint-patron-des-jeunes\/#primaryimage"},"thumbnailUrl":"https:\/\/blog.holyart.it\/fr\/wp-content\/uploads\/sites\/14\/2022\/06\/saint-luis-de-gonzague.jpg","datePublished":"2022-06-20T07:00:54+00:00","dateModified":"2024-06-07T12:54:55+00:00","description":"Saint Louis de Gonzague est un de ce jeunes qui, ont d\u00e9di\u00e9 leur courte vie \u00e0 cultiver leurs vertus. Mod\u00e8les de vie et de foi pour les jeunes d\u2019aujourd\u2019hui.","breadcrumb":{"@id":"https:\/\/blog.holyart.it\/fr\/saints-et-bienheureux\/saint-louis-de-gonzague-saint-patron-des-jeunes\/#breadcrumb"},"inLanguage":"fr-FR","potentialAction":[{"@type":"ReadAction","target":["https:\/\/blog.holyart.it\/fr\/saints-et-bienheureux\/saint-louis-de-gonzague-saint-patron-des-jeunes\/"]}]},{"@type":"ImageObject","inLanguage":"fr-FR","@id":"https:\/\/blog.holyart.it\/fr\/saints-et-bienheureux\/saint-louis-de-gonzague-saint-patron-des-jeunes\/#primaryimage","url":"https:\/\/blog.holyart.it\/fr\/wp-content\/uploads\/sites\/14\/2022\/06\/saint-luis-de-gonzague.jpg","contentUrl":"https:\/\/blog.holyart.it\/fr\/wp-content\/uploads\/sites\/14\/2022\/06\/saint-luis-de-gonzague.jpg","width":975,"height":650,"caption":"saint luis de gonzague"},{"@type":"BreadcrumbList","@id":"https:\/\/blog.holyart.it\/fr\/saints-et-bienheureux\/saint-louis-de-gonzague-saint-patron-des-jeunes\/#breadcrumb","itemListElement":[{"@type":"ListItem","position":1,"name":"Homepage","item":"https:\/\/blog.holyart.it\/fr\/"},{"@type":"ListItem","position":2,"name":"Saints et Bienheureux","item":"https:\/\/blog.holyart.it\/fr\/saints-et-bienheureux\/"},{"@type":"ListItem","position":3,"name":"Saint Louis de Gonzague, saint patron des jeunes"}]},{"@type":"WebSite","@id":"https:\/\/blog.holyart.it\/fr\/#website","url":"https:\/\/blog.holyart.it\/fr\/","name":"Holyart.fr Blog","description":"Holyblog","publisher":{"@id":"https:\/\/blog.holyart.it\/fr\/#organization"},"potentialAction":[{"@type":"SearchAction","target":{"@type":"EntryPoint","urlTemplate":"https:\/\/blog.holyart.it\/fr\/?s={search_term_string}"},"query-input":{"@type":"PropertyValueSpecification","valueRequired":true,"valueName":"search_term_string"}}],"inLanguage":"fr-FR"},{"@type":"Organization","@id":"https:\/\/blog.holyart.it\/fr\/#organization","name":"Holyart.fr Blog","url":"https:\/\/blog.holyart.it\/fr\/","logo":{"@type":"ImageObject","inLanguage":"fr-FR","@id":"https:\/\/blog.holyart.it\/fr\/#\/schema\/logo\/image\/","url":"https:\/\/blog.holyart.it\/fr\/wp-content\/uploads\/sites\/14\/2022\/12\/Holyart_Blog_Logo.jpg","contentUrl":"https:\/\/blog.holyart.it\/fr\/wp-content\/uploads\/sites\/14\/2022\/12\/Holyart_Blog_Logo.jpg","width":300,"height":50,"caption":"Holyart.fr Blog"},"image":{"@id":"https:\/\/blog.holyart.it\/fr\/#\/schema\/logo\/image\/"}},{"@type":"Person","@id":"https:\/\/blog.holyart.it\/fr\/#\/schema\/person\/0a7b686e5af0f856ec1e390dd0baecda","name":"Redazione","image":{"@type":"ImageObject","inLanguage":"fr-FR","@id":"https:\/\/blog.holyart.it\/fr\/#\/schema\/person\/image\/","url":"https:\/\/secure.gravatar.com\/avatar\/f477da817f43e50d0af36abecd33e3edf826c68299714bdc1057dff3b113f516?s=96&d=mm&r=g","contentUrl":"https:\/\/secure.gravatar.com\/avatar\/f477da817f43e50d0af36abecd33e3edf826c68299714bdc1057dff3b113f516?s=96&d=mm&r=g","caption":"Redazione"},"url":"https:\/\/blog.holyart.it\/fr\/author\/admin\/"}]}},"_links":{"self":[{"href":"https:\/\/blog.holyart.it\/fr\/wp-json\/wp\/v2\/posts\/4779","targetHints":{"allow":["GET"]}}],"collection":[{"href":"https:\/\/blog.holyart.it\/fr\/wp-json\/wp\/v2\/posts"}],"about":[{"href":"https:\/\/blog.holyart.it\/fr\/wp-json\/wp\/v2\/types\/post"}],"author":[{"embeddable":true,"href":"https:\/\/blog.holyart.it\/fr\/wp-json\/wp\/v2\/users\/1"}],"replies":[{"embeddable":true,"href":"https:\/\/blog.holyart.it\/fr\/wp-json\/wp\/v2\/comments?post=4779"}],"version-history":[{"count":1,"href":"https:\/\/blog.holyart.it\/fr\/wp-json\/wp\/v2\/posts\/4779\/revisions"}],"predecessor-version":[{"id":6429,"href":"https:\/\/blog.holyart.it\/fr\/wp-json\/wp\/v2\/posts\/4779\/revisions\/6429"}],"wp:featuredmedia":[{"embeddable":true,"href":"https:\/\/blog.holyart.it\/fr\/wp-json\/wp\/v2\/media\/4796"}],"wp:attachment":[{"href":"https:\/\/blog.holyart.it\/fr\/wp-json\/wp\/v2\/media?parent=4779"}],"wp:term":[{"taxonomy":"category","embeddable":true,"href":"https:\/\/blog.holyart.it\/fr\/wp-json\/wp\/v2\/categories?post=4779"},{"taxonomy":"post_tag","embeddable":true,"href":"https:\/\/blog.holyart.it\/fr\/wp-json\/wp\/v2\/tags?post=4779"}],"curies":[{"name":"wp","href":"https:\/\/api.w.org\/{rel}","templated":true}]}}