{"id":4759,"date":"2022-06-13T12:30:46","date_gmt":"2022-06-13T10:30:46","guid":{"rendered":"https:\/\/blog.holyart.it\/fr\/?p=4759"},"modified":"2024-09-04T17:20:30","modified_gmt":"2024-09-04T15:20:30","slug":"le-parfum-des-saints-pour-chaque-saint-une-fleur","status":"publish","type":"post","link":"https:\/\/blog.holyart.it\/fr\/saints-et-bienheureux\/le-parfum-des-saints-pour-chaque-saint-une-fleur\/","title":{"rendered":"Le parfum des saints : pour chaque saint, une fleur !"},"content":{"rendered":"<h4>La rose est la fleur par excellence cher \u00e0 la Sainte Vierge, mais les autres saints ont \u00e9galement une fleur qui les repr\u00e9sentent. D\u00e9couvrons ensemble le parfum des saints.<\/h4>\n\n<p>Le <strong>mois de mai<\/strong> est un des mois d\u00e9di\u00e9s \u00e0 la Vierge. C\u2019est \u00e9galement le <a href=\"https:\/\/www.holyart.fr\/blog\/articles-religieux\/la-vierge-au-buisson-de-roses-representee-par-differents-artistes\/\"><strong>mois des roses<\/strong><\/a>, qui en cette p\u00e9riode connaissent leur floraison la plus luxuriante, et cette association n\u2019est pas un hasard. Autrefois, il y avait la tradition de d\u00e9corer les statues de la Vierge avec des couronnes de fleurs, en particulier de roses, et c\u2019est justement d\u2019ici que nait la forme d\u00e9votionnelle que nous connaissons tous : le <a href=\"https:\/\/www.holyart.fr\/articles-religieux\/chapelets-et-etuis-a-chapelet?path=articles-religieux&amp;path=chapelets-et-etuis-a-chapelet\"><strong>Rosaire<\/strong><\/a>. Toujours \u00e0 partir du lien \u00e9troit entre <a href=\"https:\/\/www.holyart.fr\/blog\/articles-religieux\/la-devotion-de-padre-pio-a-notre-dame-de-pompei-et-le-don-de-la-rose\/\"><strong>Marie et la rose<\/strong><\/a>, et les fleurs en g\u00e9n\u00e9ral, nait la <a href=\"https:\/\/www.holyart.fr\/blog\/articles-religieux\/comment-faire-un-fioretto-a-la-sainte-vierge\/\"><strong>pratique des \u00ab\u00a0Fioretti\u00a0\u00bb<\/strong><\/a>, des petites renonciations faites spontan\u00e9ment en signe d\u2019amour.<br \/>\nMais il y a d\u2019autres fleurs qui, pour diff\u00e9rentes raisons, ont \u00e9t\u00e9 associ\u00e9es au cours du temps \u00e0 la Sainte Vierge et aux saints. Par cons\u00e9quent, il nous semble juste de parler de parfum des saints et nous souhaitons approfondir dans cet article quelles sont les fleurs associ\u00e9es aux diff\u00e9rents saints et pourquoi, tr\u00e8s souvent, nous voyons des statues de saints d\u00e9cor\u00e9es de certaines fleurs en particulier.<\/p>\n<div class=\"link-article\">\n<p><img loading=\"lazy\" decoding=\"async\" class=\"alignnone size-full wp-image-4760\" src=\"https:\/\/blog.holyart.it\/fr\/wp-content\/uploads\/sites\/14\/2022\/06\/La-Vierge-au-buisson-de-roses.jpeg\" alt=\"La Vierge au buisson de roses\" width=\"150\" height=\"99\" data-kale-share-title=\"Le parfum des saints : pour chaque saint, une fleur !\" data-kale-share-url=\"https:\/\/blog.holyart.it\/fr\/?p=4759\" \/><\/p>\n<div class=\"leggi-anche\">Lire aussi :<\/div>\n<p><strong><a href=\"https:\/\/www.holyart.fr\/blog\/articles-religieux\/la-vierge-au-buisson-de-roses-representee-par-differents-artistes\/\">La Vierge au buisson de roses repr\u00e9sent\u00e9e par diff\u00e9rents artistes<\/a><\/strong><br \/>\nLe th\u00e8me de la rose, symbole de Marie, est r\u00e9curent dans l\u2019art. Voici&#8230;<\/p>\n<\/div>\n<h2>Mois de mai, mois de la Vierge<\/h2>\n<p>Mai est donc le mois consacr\u00e9 \u00e0 la Vierge Marie. La tradition qui associe la Vierge au mois de mai ne trouve aucun fondement dans les Saintes \u00c9critures. Elle a pris pied et s\u2019est d\u00e9velopp\u00e9e au cours des si\u00e8cles. Pendant tout le mois, chaque jour, des pri\u00e8res et des d\u00e9votions sp\u00e9ciales qui peuvent lui \u00eatre adress\u00e9es s\u2019encha\u00eenent afin d\u2019obtenir une gr\u00e2ce ou simplement pour entreprendre un chemin de croissance spirituelle personnelle. Les raisons qui font de mai le <a href=\"https:\/\/www.holyart.fr\/blog\/articles-religieux\/mai-mois-de-la-vierge-comment-celebrer-le-mois-marial\/\"><strong>mois marial par excellence<\/strong><\/a> puisent leurs racines dans les <strong>traditions pr\u00e9chr\u00e9tiennes<\/strong>, dans les anciens cultes pa\u00efens d\u00e9di\u00e9s \u00e0 des divinit\u00e9s de la fertilit\u00e9, de la f\u00e9condit\u00e9 et du retour \u00e0 la vie. En effet, depuis l\u2019antiquit\u00e9, \u00e0 cette p\u00e9riode de l\u2019ann\u00e9e on c\u00e9l\u00e9brait la <strong>renaissance de la nature<\/strong> apr\u00e8s le long hiver.<\/p>\n<p><img loading=\"lazy\" decoding=\"async\" class=\"alignnone size-full wp-image-4764\" src=\"https:\/\/blog.holyart.it\/fr\/wp-content\/uploads\/sites\/14\/2022\/06\/Mois-de-mai-mois-de-la-Vierge.jpeg\" alt=\"Mois de mai, mois de la Vierge\" width=\"1000\" height=\"667\" data-kale-share-title=\"Le parfum des saints : pour chaque saint, une fleur !\" data-kale-share-url=\"https:\/\/blog.holyart.it\/fr\/?p=4759\" \/><\/p>\n<p>L&rsquo;<a href=\"https:\/\/www.holyart.fr\/blog\/articles-religieux\/la-devotion-de-padre-pio-a-notre-dame-de-pompei-et-le-don-de-la-rose\/\"><strong>association de Marie aux roses <\/strong><\/a>vient du Moyen \u00c2ge, quand Marie commen\u00e7a \u00e0 \u00eatre c\u00e9l\u00e9br\u00e9e en tant que \u00ab\u00a0<em>Rose des roses, fleur des fleurs, femme parmi les femmes, dame unique, lumi\u00e8re des saints et voie des cieux<\/em>\u00a0\u00bb. Toujours au Moyen \u00c2ge, nait la tradition du <strong>Rosaire<\/strong>, en tant que pratique d\u00e9votionnelle d\u00e9di\u00e9e par excellence \u00e0 Marie. L\u2019origine du Rosaire est \u00e0 rechercher dans l\u2019usage de d\u00e9corer les statues de la Vierge avec des couronnes de fleurs, en particulier des roses, pendant le mois de mai. En ce qui concerne les \u00ab\u00a0<a href=\"https:\/\/www.holyart.fr\/blog\/articles-religieux\/comment-faire-un-fioretto-a-la-sainte-vierge\/\"><strong><u>Fioretti<\/u><\/strong>\u00a0<\/a>\u00bb, par contre, il faut attendre le XVI si\u00e8cle, quand <strong>Saint Philippe N\u00e9ri<\/strong> invitait les enfants sous sa garde \u00e0 d\u00e9corer de fleurs l\u2019image de Marie et \u00e0 chanter ses louanges et, par la suite, \u00e0 <a href=\"https:\/\/www.holyart.fr\/blog\/articles-religieux\/lhistoire-de-don-bosco\/\"><strong>Don Bosco<\/strong><\/a>, qui demandait \u00e0 ses jeunes de remplacer les fleurs pour la Vierge avec des <strong>bonnes<\/strong> <strong>actions<\/strong>, des petits sacrifices, des engagements li\u00e9s aussi au quotidien. Le \u00ab\u00a0Fioretto\u00a0\u00bb \u00e0 la Vierge comme petite fleur \u00e0 lui offrir.<\/p>\n<p>La Vierge est consid\u00e9r\u00e9e \u00e9galement comme la <strong>rose<\/strong> <strong>mystique<\/strong>, la plus belle fleur, qui symbolise la gr\u00e2ce de Dieu, la reine de toutes les fleurs et toutefois \u00ab\u00a0mystique\u00a0\u00bb, cach\u00e9e, comme cach\u00e9 pour nous est son corps, mont\u00e9 au Ciel \u00e0 sa mort.<\/p>\n<p>Une autre fleur souvent associ\u00e9e \u00e0 la Vierge est le <strong>lys blanc<\/strong>, symbole de puret\u00e9.<\/p>\n<div class=\"link-product\">\n<div class=\"blocco-immagine\"><img loading=\"lazy\" decoding=\"async\" class=\"alignnone size-full wp-image-4765\" src=\"https:\/\/blog.holyart.it\/fr\/wp-content\/uploads\/sites\/14\/2022\/06\/Encens-grec-a-la-rose.jpg\" alt=\"Encens grec a la rose\" width=\"100\" height=\"100\" data-kale-share-title=\"Le parfum des saints : pour chaque saint, une fleur !\" data-kale-share-url=\"https:\/\/blog.holyart.it\/fr\/?p=4759\" \/><\/div>\n<div class=\"blocco-contenuto\">\n<div class=\"blocco-acquista\">Acheter sur Holyart:<\/div>\n<div class=\"blocco-titolo\"><a href=\"https:\/\/www.holyart.fr\/produits-de-consommation\/encens?page=1&amp;path=produits-de-consommation&amp;path=encens&amp;23%5B%5D=989&amp;p_min=&amp;p_max=\">Encens naturels parfum\u00e9s<\/a><\/div>\n<div class=\"blocco-descrizione\">D\u00e9couvrez plus de 300 types d&rsquo;encens sur notre site !<\/div>\n<\/div>\n<\/div>\n<h2>Le lys, la fleur de Sainte Catherine<\/h2>\n<p>Dans l\u2019iconographie traditionnelle, <a href=\"https:\/\/www.holyart.fr\/blog\/saints-et-bienheureux\/saint-catherine-de-sienne-patronne-ditalie\/\"><strong>Sainte Catherine de Sienne<\/strong><\/a>, Sainte Patronne d\u2019Italie et Copatronne d\u2019Europe, est repr\u00e9sent\u00e9e avec un livre en main, symbole de la doctrine, la bague symbolisant les noces mystiques entre elle et J\u00e9sus et un <strong>lys<\/strong>, symbole de puret\u00e9. Dans d\u2019autres repr\u00e9sentations, des fleurs blanches jaillissent de ses stigmates, tandis que sur sa t\u00eate est pos\u00e9e une couronne d\u2019\u00e9pines.<\/p>\n<h2>Le nard, la fleur de Saint Joseph<\/h2>\n<p>Nous avons d\u00e9j\u00e0 approfondi dans un article pr\u00e9c\u00e9dent les raisons pour lesquelles <a href=\"https:\/\/www.holyart.fr\/blog\/saints-et-bienheureux\/la-fleur-de-saint-joseph-est-le-nard-decouvrons-pourquoi\/\"><strong>la fleur du nard est associ\u00e9e \u00e0 Saint Joseph<\/strong><\/a>, p\u00e8re putatif de J\u00e9sus. Elle apparait \u00e9galement sur l\u2019embl\u00e8me de <a href=\"https:\/\/www.holyart.fr\/occasions-speciales\/pape-francois?page=1&amp;path=occasions-speciales&amp;path=pape-francois\"><strong>Pape Fran\u00e7ois<\/strong><\/a>. L\u2019association de Saint Joseph au nard est typique des pays hispaniques, o\u00f9 le saint est souvent repr\u00e9sent\u00e9 avec une branche de nard en main. Du nard on obtient une huile tr\u00e8s parfum\u00e9e consid\u00e9r\u00e9e d\u2019une grande valeur depuis l\u2019antiquit\u00e9 et utilis\u00e9e comme encens : <a href=\"https:\/\/www.holyart.fr\/blog\/articles-religieux\/huile-de-nard-de-jerusalem-decouvrons-les-benefices-de-cet-ancien-onguent\/\"><strong>l\u2019huile de nard<\/strong><\/a>. Saint Joseph est souvent repr\u00e9sent\u00e9 aussi avec une <a href=\"https:\/\/www.holyart.fr\/articles-religieux\/tapisseries-religieuses\/tapisserie-st-joseph-avec-lys-bords-decores-passants-50x40-cm?path=articles-religieux&amp;path=tapisseries-religieuses&amp;path=tapisserie-st-joseph-avec-lys-bords-decores-passants-50x40-cm\"><strong>canne de laquelle fleurissent des lys<\/strong><\/a>, symbole de la puret\u00e9 de la Vierge.<\/p>\n<div class=\"link-article\">\n<p><img loading=\"lazy\" decoding=\"async\" class=\"alignnone size-full wp-image-4767\" src=\"https:\/\/blog.holyart.it\/fr\/wp-content\/uploads\/sites\/14\/2022\/06\/La-fleur-de-Saint-Joseph-est-le-nard.jpeg\" alt=\"La fleur de Saint Joseph est le nard\" width=\"150\" height=\"99\" data-kale-share-title=\"Le parfum des saints : pour chaque saint, une fleur !\" data-kale-share-url=\"https:\/\/blog.holyart.it\/fr\/?p=4759\" \/><\/p>\n<div class=\"leggi-anche\">Lire aussi :<\/div>\n<p><strong><a href=\"https:\/\/www.holyart.fr\/blog\/saints-et-bienheureux\/la-fleur-de-saint-joseph-est-le-nard-decouvrons-pourquoi\/\">La fleur de Saint Joseph est le nard : d\u00e9couvrons pourquoi<\/a><\/strong><br \/>\nSaint Joseph, symbole de tous les p\u00e8res. Pape Fran\u00e7ois lui a d\u00e9di\u00e9 l\u2019ann\u00e9e 2021. Mais aujourd\u2019hui nous allons parler d\u2019un aspect insolite&#8230;<\/p>\n<\/div>\n<h2>Le lys, la fleur de Saint Antoine<\/h2>\n<p><a href=\"https:\/\/www.holyart.fr\/blog\/saints-et-bienheureux\/saint-antoine-de-padoue-le-saint-aux-miracles\/\"><strong>Saint Antoine de Padoue<\/strong><\/a> est aussi souvent <a href=\"https:\/\/www.holyart.fr\/articles-religieux\/statues\/statues-en-resine-et-pvc\/statue-saint-antoine-de-padoue-avec-enfant-jesus-30-cm-resine-peinte?path=articles-religieux&amp;path=statues&amp;path=statues-en-resine-et-pvc&amp;path=statue-saint-antoine-de-padoue-avec-enfant-jesus-30-cm-resine-peinte\"><strong>repr\u00e9sent\u00e9 avec des lys blancs<\/strong><\/a>, qui, selon ses <em>Sermones<\/em>, repr\u00e9sentaient les p\u00e9nitents : \u00ab\u00a0<em>Consid\u00e8re que dans le lys il y a trois propri\u00e9t\u00e9s : le m\u00e9dicament, la candeur et le parfum. Le m\u00e9dicament se trouve dans la racine, la candeur et le parfum dans la fleur. Et ces trois propri\u00e9t\u00e9s repr\u00e9sentent les p\u00e9nitents, pauvres d\u2019esprit, qui crucifient les membres avec leurs vices et leurs concupiscences, qui gardent l\u2019humilit\u00e9 dans leur c\u0153ur afin de suffoquer l\u2019impudence de l\u2019orgueil, la candeur de la chastet\u00e9 dans le corps et le parfum de la bonne r\u00e9putation\u00a0\u00bb<\/em> (<em>Sermones<\/em>, Dimanche XV apr\u00e8s la Pentec\u00f4te, 12).<\/p>\n<h2>Le millepertuis, la fleur de Saint Jean<\/h2>\n<p>Le millepertuis, ou herbe de la <a href=\"https:\/\/www.holyart.fr\/articles-religieux\/statues\/statues-en-bois-peint\/statue-bois-st-jean-baptiste-peinte?path=articles-religieux&amp;path=statues&amp;path=statues-en-bois-peint&amp;path=statue-bois-st-jean-baptiste-peinte\"><strong>Saint-Jean<\/strong><\/a>, est une plante herbac\u00e9e r\u00e9pandue dans toute l\u2019Italie. Puisqu\u2019elle fleurit surtout entre juin et ao\u00fbt, elle a \u00e9t\u00e9 associ\u00e9e \u00e0 la f\u00eate d\u00e9di\u00e9e \u00e0 Saint Jean, qui tombe justement le 24 juin. Si en cette nuit on ramasse les fleurs jaunes du millepertuis, elles auront un pouvoir miraculeux pour combattre les maladies, mais aussi pour chasser les esprits malins. Aujourd\u2019hui, le millepertuis est utilis\u00e9 en phytoth\u00e9rapie pour traiter la d\u00e9pression, l\u2019anxi\u00e9t\u00e9 et la fatigue.<\/p>\n<div class=\"link-product\">\n<div class=\"blocco-immagine\"><img loading=\"lazy\" decoding=\"async\" class=\"alignnone size-full wp-image-4769\" src=\"https:\/\/blog.holyart.it\/fr\/wp-content\/uploads\/sites\/14\/2022\/06\/statue-bois-st-jean-baptiste-peinte.jpg\" alt=\"statue bois st jean baptiste peinte\" width=\"100\" height=\"100\" data-kale-share-title=\"Le parfum des saints : pour chaque saint, une fleur !\" data-kale-share-url=\"https:\/\/blog.holyart.it\/fr\/?p=4759\" \/><\/div>\n<div class=\"blocco-contenuto\">\n<div class=\"blocco-acquista\">Acheter sur Holyart:<\/div>\n<div class=\"blocco-titolo\"><a href=\"https:\/\/www.holyart.fr\/articles-religieux\/statues\/statues-en-bois-peint\/statue-bois-st-jean-baptiste-peinte?path=articles-religieux&amp;path=statues&amp;path=statues-en-bois-peint&amp;path=statue-bois-st-jean-baptiste-peinte\">Statue bois St Jean Baptiste peinte <\/a><\/div>\n<div class=\"blocco-descrizione\">Statue en bois d&rsquo;\u00e9rable de la Val Gardena r\u00e9alis\u00e9e \u00e0 la main.<\/div>\n<\/div>\n<\/div>\n<h2>Toutes les fleurs de Sainte Th\u00e9r\u00e8se<\/h2>\n<p>Le <strong><em>Sedum Sieboldii <\/em><\/strong>est connu comme \u00ab\u00a0Sainte-Th\u00e9r\u00e8se\u00a0\u00bb en raison de la p\u00e9riode de floraison au mois d\u2019octobre, mois d\u00e9di\u00e9 \u00e0 Sainte Th\u00e9r\u00e8se de l\u2019Enfant-J\u00e9sus (Th\u00e9r\u00e8se de Lisieux) et de Sainte Th\u00e9r\u00e8se d\u2019Avila. Originaire du Japon, il s\u2019agit d\u2019une plante succulente qui ne n\u00e9cessite que de peu de soins.<\/p>\n<p>Mais <a href=\"https:\/\/www.holyart.fr\/blog\/articles-religieux\/sainte-therese-de-lisieux-et-le-miracle-des-roses\/\"><strong>Sainte Th\u00e9r\u00e8se de Lisieux<\/strong><\/a> est \u00e9galement associ\u00e9e aux <a href=\"https:\/\/www.holyart.fr\/articles-religieux\/statues\/statues-en-bois-peint\/sainte-therese-de-lisieux-ou-de-lenfant-jesus-peint-val-gardena?path=articles-religieux&amp;path=statues&amp;path=statues-en-bois-peint&amp;path=sainte-therese-de-lisieux-ou-de-lenfant-jesus-peint-val-gardena\"><strong>roses et aux p\u00e2querettes<\/strong><\/a>. La Sainte se reconnaissait en particulier dans ces derni\u00e8res, des fleurs tr\u00e8s humbles et d\u00e9licates, comme nous le lisons dans ses m\u00e9moires : \u00ab\u00a0<em>De m\u00eame que le soleil \u00e9claire en m\u00eame temps les c\u00e8dres et chaque petite fleur comme si elle \u00e9tait seule sur la terre, de m\u00eame Notre-Seigneur s&rsquo;occupe aussi particuli\u00e8rement de chaque \u00e2me que si elle n&rsquo;avait pas de semblables ; et comme dans la nature toutes les saisons sont arrang\u00e9es de mani\u00e8re \u00e0 faire \u00e9clore au jour marqu\u00e9 la plus humble p\u00e2querette, de m\u00eame tout correspond au bien de chaque \u00e2me\u00a0\u00bb <\/em>(Histoire d\u2019une \u00e2me).<\/p>\n<p>Sur son lit de mort, Sainte Th\u00e9r\u00e8se annon\u00e7a : \u00ab\u00a0<em>Vous verrez, apr\u00e8s ma mort, je ferai tomber une pluie de roses<\/em>\u00a0\u00bb. Pour cette raison, dans l\u2019iconographie, la Sainte est souvent repr\u00e9sent\u00e9e avec les <a href=\"https:\/\/www.holyart.fr\/articles-religieux\/statues\/statues-en-bois-peint\/sainte-therese?path=articles-religieux&amp;path=statues&amp;path=statues-en-bois-peint&amp;path=sainte-therese\"><strong>mains remplies de roses<\/strong><\/a>, qui symbolisent les gr\u00e2ces dispens\u00e9es par elle au cours de sa vie, mais aussi apr\u00e8s sa mort. De cet \u00e9v\u00e9nement, nait \u00e9galement la <strong>neuvaine des roses<\/strong> qui lui est inspir\u00e9e. Un j\u00e9suite nomm\u00e9 P\u00e8re Pubingan commen\u00e7a \u00e0 r\u00e9citer une neuvaine afin d\u2019invoquer une gr\u00e2ce importante et demanda \u00e0 Dieu, en signe de bienveillance et de garantie, une rose. Pour chaque jour et pour chaque gr\u00e2ce, il continua de demander des roses et il les obtint.<\/p>\n<div class=\"link-product\">\n<div class=\"blocco-immagine\"><img loading=\"lazy\" decoding=\"async\" class=\"alignnone size-full wp-image-4772\" src=\"https:\/\/blog.holyart.it\/fr\/wp-content\/uploads\/sites\/14\/2022\/06\/Sainte-Therese-de-Lisieux.jpg\" alt=\"Sainte Therese de Lisieux\" width=\"100\" height=\"100\" data-kale-share-title=\"Le parfum des saints : pour chaque saint, une fleur !\" data-kale-share-url=\"https:\/\/blog.holyart.it\/fr\/?p=4759\" \/><\/div>\n<div class=\"blocco-contenuto\">\n<div class=\"blocco-acquista\">Acheter sur Holyart:<\/div>\n<div class=\"blocco-titolo\"><a href=\"https:\/\/www.holyart.fr\/articles-religieux\/statues\/statues-en-bois-peint\/sainte-therese-de-lisieux-ou-de-lenfant-jesus-peint-val-gardena?path=articles-religieux&amp;path=statues&amp;path=statues-en-bois-peint&amp;path=sainte-therese-de-lisieux-ou-de-lenfant-jesus-peint-val-gardena\">Sainte Th\u00e9r\u00e8se de Lisieux <\/a><\/div>\n<div class=\"blocco-descrizione\">Statue en bois peint du Val Gardena avec un bouquet de roses.<\/div>\n<\/div>\n<\/div>\n<h2>La rose de Sainte Rita<\/h2>\n<p><a href=\"https:\/\/www.holyart.fr\/articles-religieux\/statues\/statues-en-platre\/sainte-rita-de-cascia-30-cm-statuette-platre-arte-barsanti?path=articles-religieux&amp;path=statues&amp;path=statues-en-platre&amp;path=sainte-rita-de-cascia-30-cm-statuette-platre-arte-barsanti\"><strong>Sainte Rita de Cascia<\/strong><\/a> est connue aussi comme la <strong>Sainte de la Rose<\/strong>. Comme Sainte Catherine, elle est aussi souvent <a href=\"https:\/\/www.holyart.fr\/articles-religieux\/tableaux-gravures-manuscrit-enlumine\/cadre-sur-toile-ste-rita-de-cascia-25x20-cm?path=articles-religieux&amp;path=tableaux-gravures-manuscrit-enlumine&amp;path=cadre-sur-toile-ste-rita-de-cascia-25x20-cm\"><strong>repr\u00e9sent\u00e9e avec une bague et une rose<\/strong><\/a>. La rose en particulier est un de ses symboles par excellence. D\u00e9sormais alit\u00e9e, sur son lit de mort, la Sainte demanda qu\u2019on lui ram\u00e8ne deux figues et une rose de potager de la maison o\u00f9 elle avait grandi, bien qu\u2019on ait \u00e9t\u00e9 en plein hiver. Sa cousine qui tenta \u00e9galement de la satisfaire, se rendit dans le potager et, au milieu de la neige, trouva une rose et deux figues. La rose symbolise \u00e9galement la vie de Sainte Rita, grandie parmi les \u00e9pines sans toutefois perdre son parfum, son bon c\u0153ur et sa foi.<\/p>\n<h2>Lys et roses, les fleurs de Sainte Rosalie<\/h2>\n<p><a href=\"https:\/\/www.holyart.fr\/blog\/saints-et-bienheureux\/lhistoire-de-sainte-rosalie-sainte-patronne-de-palerme\/\"><strong>Sainte Rosalie<\/strong><\/a>, Sainte Patronne de Palerme, est souvent repr\u00e9sent\u00e9e orn\u00e9e de couronnes de lys et de roses, fleurs repr\u00e9sentant respectivement <a href=\"https:\/\/www.holyart.fr\/articles-religieux\/statues\/statues-en-platre\/sainte-rosalie-platre-nacre-40-cm?path=articles-religieux&amp;path=statues&amp;path=statues-en-platre&amp;path=sainte-rosalie-platre-nacre-40-cm\"><strong>la virginit\u00e9 et l\u2019union avec Dieu<\/strong><\/a>. Parfois, c\u2019est l\u2019Enfant J\u00e9sus qui tend la couronne de fleurs sur la t\u00eate de la Sainte vierge, dans une sorte de noce mystique. Son pr\u00e9nom m\u00eame referme celui des deux fleurs. Selon la l\u00e9gende, avant sa naissance, \u00e0 ses parents apparut une figure myst\u00e9rieuse qui leur annon\u00e7a que la fille qui serait n\u00e9e aurait \u00e9t\u00e9 \u00ab\u00a0<em>une rose sans \u00e9pines<\/em>\u00a0\u00bb. D\u2019o\u00f9 le pr\u00e9nom choisi pour elle, Rosalie, qui unit les termes latins <em>rosa<\/em> et <em>lilium<\/em>, \u00ab\u00a0rose\u00a0\u00bb et \u00ab\u00a0lys\u00a0\u00bb.<\/p>\n<div class=\"link-product\">\n<div class=\"blocco-immagine\"><img loading=\"lazy\" decoding=\"async\" class=\"alignnone size-full wp-image-4776\" src=\"https:\/\/blog.holyart.it\/fr\/wp-content\/uploads\/sites\/14\/2022\/06\/Sainte-Rosalie-couchee.jpg\" alt=\"Sainte Rosalie couchee\" width=\"100\" height=\"100\" data-kale-share-title=\"Le parfum des saints : pour chaque saint, une fleur !\" data-kale-share-url=\"https:\/\/blog.holyart.it\/fr\/saints-et-bienheureux\/le-parfum-des-saints-pour-chaque-saint-une-fleur\/\" \/><\/div>\n<div class=\"blocco-contenuto\">\n<div class=\"blocco-acquista\">Acheter sur Holyart:<\/div>\n<div class=\"blocco-titolo\"><a href=\"https:\/\/www.holyart.fr\/articles-religieux\/statues\/statues-en-platre\/sainte-rosalie-couchee-10x15x5-cm-platre?path=articles-religieux&amp;path=statues&amp;path=statues-en-platre&amp;path=sainte-rosalie-couchee-10x15x5-cm-platre\">Sainte Rosalie couch\u00e9e<\/a><\/div>\n<div class=\"blocco-descrizione\">Statue en pl\u00e2tre peint \u00e0 la main, 8x15x6 cm.<\/div>\n<\/div>\n<\/div>\n","protected":false},"excerpt":{"rendered":"<p>La rose est la fleur par excellence cher \u00e0 la Sainte Vierge, mais les autres saints ont \u00e9galement une fleur qui les repr\u00e9sentent. D\u00e9couvrons ensemble le parfum des saints. Le mois de mai est un des mois d\u00e9di\u00e9s \u00e0 la Vierge. C\u2019est \u00e9galement le mois&hellip;<\/p>\n","protected":false},"author":1,"featured_media":4763,"comment_status":"closed","ping_status":"open","sticky":false,"template":"","format":"standard","meta":{"_acf_changed":false,"footnotes":""},"categories":[7],"tags":[],"class_list":["post-4759","post","type-post","status-publish","format-standard","has-post-thumbnail","hentry","category-saints-et-bienheureux"],"acf":[],"yoast_head":"<!-- This site is optimized with the Yoast SEO plugin v26.6 - https:\/\/yoast.com\/wordpress\/plugins\/seo\/ -->\n<title>Le parfum des saints : pour chaque saint, une fleur ! - Holyart.fr Blog<\/title>\n<meta name=\"description\" content=\"La rose est la fleur par excellence cher \u00e0 la Sainte Vierge, mais les autres saints ont \u00e9galement une fleur qui les repr\u00e9sentent. D\u00e9couvrons ensemble le...\" \/>\n<meta name=\"robots\" content=\"index, follow, max-snippet:-1, max-image-preview:large, max-video-preview:-1\" \/>\n<link rel=\"canonical\" href=\"https:\/\/blog.holyart.it\/fr\/saints-et-bienheureux\/le-parfum-des-saints-pour-chaque-saint-une-fleur\/\" \/>\n<meta property=\"og:locale\" content=\"fr_FR\" \/>\n<meta property=\"og:type\" content=\"article\" \/>\n<meta property=\"og:title\" content=\"Le parfum des saints : pour chaque saint, une fleur ! - Holyart.fr Blog\" \/>\n<meta property=\"og:description\" content=\"La rose est la fleur par excellence cher \u00e0 la Sainte Vierge, mais les autres saints ont \u00e9galement une fleur qui les repr\u00e9sentent. D\u00e9couvrons ensemble le...\" \/>\n<meta property=\"og:url\" content=\"https:\/\/blog.holyart.it\/fr\/saints-et-bienheureux\/le-parfum-des-saints-pour-chaque-saint-une-fleur\/\" \/>\n<meta property=\"og:site_name\" content=\"Holyart.fr Blog\" \/>\n<meta property=\"article:published_time\" content=\"2022-06-13T10:30:46+00:00\" \/>\n<meta property=\"article:modified_time\" content=\"2024-09-04T15:20:30+00:00\" \/>\n<meta property=\"og:image\" content=\"https:\/\/blog.holyart.it\/fr\/wp-content\/uploads\/sites\/14\/2022\/06\/Le-parfum-des-saints.jpeg\" \/>\n\t<meta property=\"og:image:width\" content=\"1000\" \/>\n\t<meta property=\"og:image:height\" content=\"666\" \/>\n\t<meta property=\"og:image:type\" content=\"image\/jpeg\" \/>\n<meta name=\"author\" content=\"Redazione\" \/>\n<meta name=\"twitter:card\" content=\"summary_large_image\" \/>\n<meta name=\"twitter:label1\" content=\"\u00c9crit par\" \/>\n\t<meta name=\"twitter:data1\" content=\"Redazione\" \/>\n\t<meta name=\"twitter:label2\" content=\"Dur\u00e9e de lecture estim\u00e9e\" \/>\n\t<meta name=\"twitter:data2\" content=\"10 minutes\" \/>\n<script type=\"application\/ld+json\" class=\"yoast-schema-graph\">{\"@context\":\"https:\/\/schema.org\",\"@graph\":[{\"@type\":\"Article\",\"@id\":\"https:\/\/blog.holyart.it\/fr\/saints-et-bienheureux\/le-parfum-des-saints-pour-chaque-saint-une-fleur\/#article\",\"isPartOf\":{\"@id\":\"https:\/\/blog.holyart.it\/fr\/saints-et-bienheureux\/le-parfum-des-saints-pour-chaque-saint-une-fleur\/\"},\"author\":{\"name\":\"Redazione\",\"@id\":\"https:\/\/blog.holyart.it\/fr\/#\/schema\/person\/0a7b686e5af0f856ec1e390dd0baecda\"},\"headline\":\"Le parfum des saints : pour chaque saint, une fleur !\",\"datePublished\":\"2022-06-13T10:30:46+00:00\",\"dateModified\":\"2024-09-04T15:20:30+00:00\",\"mainEntityOfPage\":{\"@id\":\"https:\/\/blog.holyart.it\/fr\/saints-et-bienheureux\/le-parfum-des-saints-pour-chaque-saint-une-fleur\/\"},\"wordCount\":1785,\"publisher\":{\"@id\":\"https:\/\/blog.holyart.it\/fr\/#organization\"},\"image\":{\"@id\":\"https:\/\/blog.holyart.it\/fr\/saints-et-bienheureux\/le-parfum-des-saints-pour-chaque-saint-une-fleur\/#primaryimage\"},\"thumbnailUrl\":\"https:\/\/blog.holyart.it\/fr\/wp-content\/uploads\/sites\/14\/2022\/06\/Le-parfum-des-saints.jpeg\",\"articleSection\":[\"Saints et Bienheureux\"],\"inLanguage\":\"fr-FR\"},{\"@type\":\"WebPage\",\"@id\":\"https:\/\/blog.holyart.it\/fr\/saints-et-bienheureux\/le-parfum-des-saints-pour-chaque-saint-une-fleur\/\",\"url\":\"https:\/\/blog.holyart.it\/fr\/saints-et-bienheureux\/le-parfum-des-saints-pour-chaque-saint-une-fleur\/\",\"name\":\"Le parfum des saints : pour chaque saint, une fleur ! - Holyart.fr Blog\",\"isPartOf\":{\"@id\":\"https:\/\/blog.holyart.it\/fr\/#website\"},\"primaryImageOfPage\":{\"@id\":\"https:\/\/blog.holyart.it\/fr\/saints-et-bienheureux\/le-parfum-des-saints-pour-chaque-saint-une-fleur\/#primaryimage\"},\"image\":{\"@id\":\"https:\/\/blog.holyart.it\/fr\/saints-et-bienheureux\/le-parfum-des-saints-pour-chaque-saint-une-fleur\/#primaryimage\"},\"thumbnailUrl\":\"https:\/\/blog.holyart.it\/fr\/wp-content\/uploads\/sites\/14\/2022\/06\/Le-parfum-des-saints.jpeg\",\"datePublished\":\"2022-06-13T10:30:46+00:00\",\"dateModified\":\"2024-09-04T15:20:30+00:00\",\"description\":\"La rose est la fleur par excellence cher \u00e0 la Sainte Vierge, mais les autres saints ont \u00e9galement une fleur qui les repr\u00e9sentent. D\u00e9couvrons ensemble le...\",\"breadcrumb\":{\"@id\":\"https:\/\/blog.holyart.it\/fr\/saints-et-bienheureux\/le-parfum-des-saints-pour-chaque-saint-une-fleur\/#breadcrumb\"},\"inLanguage\":\"fr-FR\",\"potentialAction\":[{\"@type\":\"ReadAction\",\"target\":[\"https:\/\/blog.holyart.it\/fr\/saints-et-bienheureux\/le-parfum-des-saints-pour-chaque-saint-une-fleur\/\"]}]},{\"@type\":\"ImageObject\",\"inLanguage\":\"fr-FR\",\"@id\":\"https:\/\/blog.holyart.it\/fr\/saints-et-bienheureux\/le-parfum-des-saints-pour-chaque-saint-une-fleur\/#primaryimage\",\"url\":\"https:\/\/blog.holyart.it\/fr\/wp-content\/uploads\/sites\/14\/2022\/06\/Le-parfum-des-saints.jpeg\",\"contentUrl\":\"https:\/\/blog.holyart.it\/fr\/wp-content\/uploads\/sites\/14\/2022\/06\/Le-parfum-des-saints.jpeg\",\"width\":1000,\"height\":666,\"caption\":\"Le parfum des saints\"},{\"@type\":\"BreadcrumbList\",\"@id\":\"https:\/\/blog.holyart.it\/fr\/saints-et-bienheureux\/le-parfum-des-saints-pour-chaque-saint-une-fleur\/#breadcrumb\",\"itemListElement\":[{\"@type\":\"ListItem\",\"position\":1,\"name\":\"Homepage\",\"item\":\"https:\/\/blog.holyart.it\/fr\/\"},{\"@type\":\"ListItem\",\"position\":2,\"name\":\"Saints et Bienheureux\",\"item\":\"https:\/\/blog.holyart.it\/fr\/saints-et-bienheureux\/\"},{\"@type\":\"ListItem\",\"position\":3,\"name\":\"Le parfum des saints : pour chaque saint, une fleur !\"}]},{\"@type\":\"WebSite\",\"@id\":\"https:\/\/blog.holyart.it\/fr\/#website\",\"url\":\"https:\/\/blog.holyart.it\/fr\/\",\"name\":\"Holyart.fr Blog\",\"description\":\"Holyblog\",\"publisher\":{\"@id\":\"https:\/\/blog.holyart.it\/fr\/#organization\"},\"potentialAction\":[{\"@type\":\"SearchAction\",\"target\":{\"@type\":\"EntryPoint\",\"urlTemplate\":\"https:\/\/blog.holyart.it\/fr\/?s={search_term_string}\"},\"query-input\":{\"@type\":\"PropertyValueSpecification\",\"valueRequired\":true,\"valueName\":\"search_term_string\"}}],\"inLanguage\":\"fr-FR\"},{\"@type\":\"Organization\",\"@id\":\"https:\/\/blog.holyart.it\/fr\/#organization\",\"name\":\"Holyart.fr Blog\",\"url\":\"https:\/\/blog.holyart.it\/fr\/\",\"logo\":{\"@type\":\"ImageObject\",\"inLanguage\":\"fr-FR\",\"@id\":\"https:\/\/blog.holyart.it\/fr\/#\/schema\/logo\/image\/\",\"url\":\"https:\/\/blog.holyart.it\/fr\/wp-content\/uploads\/sites\/14\/2022\/12\/Holyart_Blog_Logo.jpg\",\"contentUrl\":\"https:\/\/blog.holyart.it\/fr\/wp-content\/uploads\/sites\/14\/2022\/12\/Holyart_Blog_Logo.jpg\",\"width\":300,\"height\":50,\"caption\":\"Holyart.fr Blog\"},\"image\":{\"@id\":\"https:\/\/blog.holyart.it\/fr\/#\/schema\/logo\/image\/\"}},{\"@type\":\"Person\",\"@id\":\"https:\/\/blog.holyart.it\/fr\/#\/schema\/person\/0a7b686e5af0f856ec1e390dd0baecda\",\"name\":\"Redazione\",\"image\":{\"@type\":\"ImageObject\",\"inLanguage\":\"fr-FR\",\"@id\":\"https:\/\/blog.holyart.it\/fr\/#\/schema\/person\/image\/\",\"url\":\"https:\/\/secure.gravatar.com\/avatar\/f477da817f43e50d0af36abecd33e3edf826c68299714bdc1057dff3b113f516?s=96&d=mm&r=g\",\"contentUrl\":\"https:\/\/secure.gravatar.com\/avatar\/f477da817f43e50d0af36abecd33e3edf826c68299714bdc1057dff3b113f516?s=96&d=mm&r=g\",\"caption\":\"Redazione\"},\"url\":\"https:\/\/blog.holyart.it\/fr\/author\/admin\/\"}]}<\/script>\n<!-- \/ Yoast SEO plugin. -->","yoast_head_json":{"title":"Le parfum des saints : pour chaque saint, une fleur ! - Holyart.fr Blog","description":"La rose est la fleur par excellence cher \u00e0 la Sainte Vierge, mais les autres saints ont \u00e9galement une fleur qui les repr\u00e9sentent. D\u00e9couvrons ensemble le...","robots":{"index":"index","follow":"follow","max-snippet":"max-snippet:-1","max-image-preview":"max-image-preview:large","max-video-preview":"max-video-preview:-1"},"canonical":"https:\/\/blog.holyart.it\/fr\/saints-et-bienheureux\/le-parfum-des-saints-pour-chaque-saint-une-fleur\/","og_locale":"fr_FR","og_type":"article","og_title":"Le parfum des saints : pour chaque saint, une fleur ! - Holyart.fr Blog","og_description":"La rose est la fleur par excellence cher \u00e0 la Sainte Vierge, mais les autres saints ont \u00e9galement une fleur qui les repr\u00e9sentent. D\u00e9couvrons ensemble le...","og_url":"https:\/\/blog.holyart.it\/fr\/saints-et-bienheureux\/le-parfum-des-saints-pour-chaque-saint-une-fleur\/","og_site_name":"Holyart.fr Blog","article_published_time":"2022-06-13T10:30:46+00:00","article_modified_time":"2024-09-04T15:20:30+00:00","og_image":[{"width":1000,"height":666,"url":"https:\/\/blog.holyart.it\/fr\/wp-content\/uploads\/sites\/14\/2022\/06\/Le-parfum-des-saints.jpeg","type":"image\/jpeg"}],"author":"Redazione","twitter_card":"summary_large_image","twitter_misc":{"\u00c9crit par":"Redazione","Dur\u00e9e de lecture estim\u00e9e":"10 minutes"},"schema":{"@context":"https:\/\/schema.org","@graph":[{"@type":"Article","@id":"https:\/\/blog.holyart.it\/fr\/saints-et-bienheureux\/le-parfum-des-saints-pour-chaque-saint-une-fleur\/#article","isPartOf":{"@id":"https:\/\/blog.holyart.it\/fr\/saints-et-bienheureux\/le-parfum-des-saints-pour-chaque-saint-une-fleur\/"},"author":{"name":"Redazione","@id":"https:\/\/blog.holyart.it\/fr\/#\/schema\/person\/0a7b686e5af0f856ec1e390dd0baecda"},"headline":"Le parfum des saints : pour chaque saint, une fleur !","datePublished":"2022-06-13T10:30:46+00:00","dateModified":"2024-09-04T15:20:30+00:00","mainEntityOfPage":{"@id":"https:\/\/blog.holyart.it\/fr\/saints-et-bienheureux\/le-parfum-des-saints-pour-chaque-saint-une-fleur\/"},"wordCount":1785,"publisher":{"@id":"https:\/\/blog.holyart.it\/fr\/#organization"},"image":{"@id":"https:\/\/blog.holyart.it\/fr\/saints-et-bienheureux\/le-parfum-des-saints-pour-chaque-saint-une-fleur\/#primaryimage"},"thumbnailUrl":"https:\/\/blog.holyart.it\/fr\/wp-content\/uploads\/sites\/14\/2022\/06\/Le-parfum-des-saints.jpeg","articleSection":["Saints et Bienheureux"],"inLanguage":"fr-FR"},{"@type":"WebPage","@id":"https:\/\/blog.holyart.it\/fr\/saints-et-bienheureux\/le-parfum-des-saints-pour-chaque-saint-une-fleur\/","url":"https:\/\/blog.holyart.it\/fr\/saints-et-bienheureux\/le-parfum-des-saints-pour-chaque-saint-une-fleur\/","name":"Le parfum des saints : pour chaque saint, une fleur ! - Holyart.fr Blog","isPartOf":{"@id":"https:\/\/blog.holyart.it\/fr\/#website"},"primaryImageOfPage":{"@id":"https:\/\/blog.holyart.it\/fr\/saints-et-bienheureux\/le-parfum-des-saints-pour-chaque-saint-une-fleur\/#primaryimage"},"image":{"@id":"https:\/\/blog.holyart.it\/fr\/saints-et-bienheureux\/le-parfum-des-saints-pour-chaque-saint-une-fleur\/#primaryimage"},"thumbnailUrl":"https:\/\/blog.holyart.it\/fr\/wp-content\/uploads\/sites\/14\/2022\/06\/Le-parfum-des-saints.jpeg","datePublished":"2022-06-13T10:30:46+00:00","dateModified":"2024-09-04T15:20:30+00:00","description":"La rose est la fleur par excellence cher \u00e0 la Sainte Vierge, mais les autres saints ont \u00e9galement une fleur qui les repr\u00e9sentent. D\u00e9couvrons ensemble le...","breadcrumb":{"@id":"https:\/\/blog.holyart.it\/fr\/saints-et-bienheureux\/le-parfum-des-saints-pour-chaque-saint-une-fleur\/#breadcrumb"},"inLanguage":"fr-FR","potentialAction":[{"@type":"ReadAction","target":["https:\/\/blog.holyart.it\/fr\/saints-et-bienheureux\/le-parfum-des-saints-pour-chaque-saint-une-fleur\/"]}]},{"@type":"ImageObject","inLanguage":"fr-FR","@id":"https:\/\/blog.holyart.it\/fr\/saints-et-bienheureux\/le-parfum-des-saints-pour-chaque-saint-une-fleur\/#primaryimage","url":"https:\/\/blog.holyart.it\/fr\/wp-content\/uploads\/sites\/14\/2022\/06\/Le-parfum-des-saints.jpeg","contentUrl":"https:\/\/blog.holyart.it\/fr\/wp-content\/uploads\/sites\/14\/2022\/06\/Le-parfum-des-saints.jpeg","width":1000,"height":666,"caption":"Le parfum des saints"},{"@type":"BreadcrumbList","@id":"https:\/\/blog.holyart.it\/fr\/saints-et-bienheureux\/le-parfum-des-saints-pour-chaque-saint-une-fleur\/#breadcrumb","itemListElement":[{"@type":"ListItem","position":1,"name":"Homepage","item":"https:\/\/blog.holyart.it\/fr\/"},{"@type":"ListItem","position":2,"name":"Saints et Bienheureux","item":"https:\/\/blog.holyart.it\/fr\/saints-et-bienheureux\/"},{"@type":"ListItem","position":3,"name":"Le parfum des saints : pour chaque saint, une fleur !"}]},{"@type":"WebSite","@id":"https:\/\/blog.holyart.it\/fr\/#website","url":"https:\/\/blog.holyart.it\/fr\/","name":"Holyart.fr Blog","description":"Holyblog","publisher":{"@id":"https:\/\/blog.holyart.it\/fr\/#organization"},"potentialAction":[{"@type":"SearchAction","target":{"@type":"EntryPoint","urlTemplate":"https:\/\/blog.holyart.it\/fr\/?s={search_term_string}"},"query-input":{"@type":"PropertyValueSpecification","valueRequired":true,"valueName":"search_term_string"}}],"inLanguage":"fr-FR"},{"@type":"Organization","@id":"https:\/\/blog.holyart.it\/fr\/#organization","name":"Holyart.fr Blog","url":"https:\/\/blog.holyart.it\/fr\/","logo":{"@type":"ImageObject","inLanguage":"fr-FR","@id":"https:\/\/blog.holyart.it\/fr\/#\/schema\/logo\/image\/","url":"https:\/\/blog.holyart.it\/fr\/wp-content\/uploads\/sites\/14\/2022\/12\/Holyart_Blog_Logo.jpg","contentUrl":"https:\/\/blog.holyart.it\/fr\/wp-content\/uploads\/sites\/14\/2022\/12\/Holyart_Blog_Logo.jpg","width":300,"height":50,"caption":"Holyart.fr Blog"},"image":{"@id":"https:\/\/blog.holyart.it\/fr\/#\/schema\/logo\/image\/"}},{"@type":"Person","@id":"https:\/\/blog.holyart.it\/fr\/#\/schema\/person\/0a7b686e5af0f856ec1e390dd0baecda","name":"Redazione","image":{"@type":"ImageObject","inLanguage":"fr-FR","@id":"https:\/\/blog.holyart.it\/fr\/#\/schema\/person\/image\/","url":"https:\/\/secure.gravatar.com\/avatar\/f477da817f43e50d0af36abecd33e3edf826c68299714bdc1057dff3b113f516?s=96&d=mm&r=g","contentUrl":"https:\/\/secure.gravatar.com\/avatar\/f477da817f43e50d0af36abecd33e3edf826c68299714bdc1057dff3b113f516?s=96&d=mm&r=g","caption":"Redazione"},"url":"https:\/\/blog.holyart.it\/fr\/author\/admin\/"}]}},"_links":{"self":[{"href":"https:\/\/blog.holyart.it\/fr\/wp-json\/wp\/v2\/posts\/4759","targetHints":{"allow":["GET"]}}],"collection":[{"href":"https:\/\/blog.holyart.it\/fr\/wp-json\/wp\/v2\/posts"}],"about":[{"href":"https:\/\/blog.holyart.it\/fr\/wp-json\/wp\/v2\/types\/post"}],"author":[{"embeddable":true,"href":"https:\/\/blog.holyart.it\/fr\/wp-json\/wp\/v2\/users\/1"}],"replies":[{"embeddable":true,"href":"https:\/\/blog.holyart.it\/fr\/wp-json\/wp\/v2\/comments?post=4759"}],"version-history":[{"count":1,"href":"https:\/\/blog.holyart.it\/fr\/wp-json\/wp\/v2\/posts\/4759\/revisions"}],"predecessor-version":[{"id":6319,"href":"https:\/\/blog.holyart.it\/fr\/wp-json\/wp\/v2\/posts\/4759\/revisions\/6319"}],"wp:featuredmedia":[{"embeddable":true,"href":"https:\/\/blog.holyart.it\/fr\/wp-json\/wp\/v2\/media\/4763"}],"wp:attachment":[{"href":"https:\/\/blog.holyart.it\/fr\/wp-json\/wp\/v2\/media?parent=4759"}],"wp:term":[{"taxonomy":"category","embeddable":true,"href":"https:\/\/blog.holyart.it\/fr\/wp-json\/wp\/v2\/categories?post=4759"},{"taxonomy":"post_tag","embeddable":true,"href":"https:\/\/blog.holyart.it\/fr\/wp-json\/wp\/v2\/tags?post=4759"}],"curies":[{"name":"wp","href":"https:\/\/api.w.org\/{rel}","templated":true}]}}