{"id":4743,"date":"2022-06-15T12:30:07","date_gmt":"2022-06-15T10:30:07","guid":{"rendered":"https:\/\/blog.holyart.it\/fr\/?p=4743"},"modified":"2025-05-15T15:58:39","modified_gmt":"2025-05-15T13:58:39","slug":"corpus-domini-la-signification-et-les-celebrations","status":"publish","type":"post","link":"https:\/\/blog.holyart.it\/fr\/articles-religieux\/corpus-domini-la-signification-et-les-celebrations\/","title":{"rendered":"Corpus Domini, la signification et les c\u00e9l\u00e9brations"},"content":{"rendered":"<h4>La Solennit\u00e9 du Corpus Domini est une des plus senties au niveau populaire. D\u00e9couvrons ce qu\u2019elle c\u00e9l\u00e8bre et comment elle est f\u00eat\u00e9e dans les diff\u00e9rentes zones d\u2019Italie.<\/h4>\n\n<p>Les raisons du succ\u00e8s et de l\u2019importance d\u00e9votionnelle de la f\u00eate du <strong>Corpus Domini <\/strong>sont faciles \u00e0 comprendre si nous nous attardons \u00e0 penser \u00e0 ce qu\u2019elle c\u00e9l\u00e8bre. Le Corpus Domini, i.e. le <em>Corps du Seigneur<\/em>, plus pr\u00e9cis\u00e9ment appel\u00e9e <strong>Solennit\u00e9 du Tr\u00e8s-Saint Corps et Sang de Christ<\/strong>, rappelle justement la <a href=\"https:\/\/www.holyart.fr\/blog\/accessoires-pour-la-liturgie\/lhostie-celebration-eucharistique\/\"><strong>pr\u00e9sence r\u00e9elle de J\u00e9sus-Christ dans l\u2019Eucharistie<\/strong><\/a>. Comme nous le savons si bien, l\u2019Eucharistie est pour les catholiques le moment rituel o\u00f9 le pain et le vin offerts par le pr\u00eatre qui c\u00e9l\u00e8bre la messe deviennent en tout et pour tout le Corps et le Sang du Christ, par \u0153uvre du Saint-Esprit. Dans ce miracle, qui redevient r\u00e9el \u00e0 chaque c\u00e9l\u00e9bration, on renouvelle le sacrifice de J\u00e9sus, le fait de s\u2019offrir tout entier aux ap\u00f4tres lors de <a href=\"http:\/\/holyart.fr\/articles-religieux\/icones-religieuses\/icones-grecques\/icone-serigraphie-derniere-cene?path=articles-religieux&amp;path=icones-religieuses&amp;path=icones-grecques&amp;path=icone-serigraphie-derniere-cene\"><strong>la C\u00e8ne<\/strong><\/a> et en g\u00e9n\u00e9ral \u00e0 ceux qui le suivent.<\/p>\n<p>Nous pouvons donc affirmer que la f\u00eate du Corpus Domini c\u00e9l\u00e8bre la <strong>proximit\u00e9 de J\u00e9sus aux hommes<\/strong>, le moment le plus \u00e9lev\u00e9 et le plus significatif de Son exp\u00e9rience humaine. Pour cette raison, les c\u00e9l\u00e9brations qui accompagnent cette f\u00eate ont souvent un <strong>caract\u00e8re populaire<\/strong>, et se d\u00e9roulent avec des processions, des cort\u00e8ges costum\u00e9s, des repr\u00e9sentations sacr\u00e9es et d\u2019autres \u00e9v\u00e9nements qui impliquent un grand nombre de personnes r\u00e9unies.<\/p>\n<p>Le Corpus Domini est une des principales f\u00eates de l\u2019ann\u00e9e liturgiques. <strong><a href=\"https:\/\/www.holyart.fr\/blog\/accessoires-pour-la-liturgie\/a-loccasion-de-la-pentecote-priez-marie-qui-defait-les-noeuds\/\">Il s\u2019agit d\u2019une f\u00eate mobile li\u00e9e \u00e0 la Pentec\u00f4te<\/a>.<\/strong> En effet, le Corpus Domini tombe le <strong>jeudi<\/strong> de la deuxi\u00e8me semaine apr\u00e8s la Pentec\u00f4te, c\u2019est-\u00e0-dire le jeudi apr\u00e8s la solennit\u00e9 de la Tr\u00e8s-Sainte Trinit\u00e9. Pour des raisons li\u00e9es au calendrier festif, m\u00eame si la f\u00eate reste un jeudi, les c\u00e9l\u00e9brations sont d\u00e9plac\u00e9es au <strong>dimanche suivant<\/strong>.<\/p>\n<div class=\"link-article\">\n<p><img loading=\"lazy\" decoding=\"async\" class=\"alignnone size-full wp-image-4744\" src=\"https:\/\/blog.holyart.it\/fr\/wp-content\/uploads\/sites\/14\/2022\/06\/Pentecote.jpg\" alt=\"Pentecote\" width=\"150\" height=\"99\" data-kale-share-title=\"Corpus Domini, la signification et les c\u00e9l\u00e9brations\" data-kale-share-url=\"https:\/\/blog.holyart.it\/fr\/?p=4743\" \/><\/p>\n<div class=\"leggi-anche\">Lire aussi :<\/div>\n<p><strong><a href=\"https:\/\/www.holyart.fr\/blog\/accessoires-pour-la-liturgie\/a-loccasion-de-la-pentecote-priez-marie-qui-defait-les-noeuds\/\">A l\u2019occasion de la Pentec\u00f4te, priez Marie qui d\u00e9fait les n\u0153uds<\/a><\/strong><br \/>\n50 jours apr\u00e8s P\u00e2ques, on f\u00eate la Pentec\u00f4te, qui rappelle la descente du Saint-Esprit sur les disciples et le d\u00e9but de la mission de l\u2019\u00c9glise.<\/p>\n<\/div>\n<h2>Mais quand cette f\u00eate a-t-elle \u00e9t\u00e9 institu\u00e9e\u00a0?<\/h2>\n<p>Nous devons remonter au XIIIe si\u00e8cle et nous rendre \u00e0 Li\u00e8ge, en Belgique. Ici, la <strong>mystique Julienne de Cornillon<\/strong>, prieure du Monast\u00e8re du Mont-Cornillon, eut une vision proph\u00e9tique\u00a0: la lune, pleine et candide, montrait une ombre sombre sur un c\u00f4t\u00e9. La femme interpr\u00e9ta cette vision comme un signe qu\u2019\u00e0 l\u2019\u00e9glise manquait quelque chose et, en l\u2019occurrence, une f\u00eate d\u00e9di\u00e9e au Tr\u00e8s-Saint Sacrement. Soutenue par son directeur spirituel, le canonique Jean de Lausanne, elle soumit \u00e0 l\u2019\u00e9v\u00eaque la proposition d\u2019instituer une f\u00eate qui c\u00e9l\u00e8bre le <a href=\"https:\/\/www.holyart.fr\/articles-religieux\/crucifix\/crucifix-en-bois\/corps-du-christ-en-bois-naturel?path=articles-religieux&amp;path=crucifix&amp;path=crucifix-en-bois&amp;path=corps-du-christ-en-bois-naturel\"><strong>Corps de Christ<\/strong><\/a> en dehors de <a href=\"https:\/\/www.holyart.fr\/occasions-speciales\/paques-et-careme?path=occasions-speciales&amp;path=paques-et-careme\"><strong>P\u00e2ques<\/strong><\/a>. La proposition fut examin\u00e9e par diff\u00e9rents th\u00e9ologiens et en <strong>1246<\/strong> la f\u00eate fut fix\u00e9e par <strong>Pape Urbain IV<\/strong> pour le jeudi apr\u00e8s la solennit\u00e9 de la Tr\u00e8s-Sainte Trinit\u00e9, avec la bulle <em>Transiturus<\/em>. \u00c0 convaincre le Pontife de la n\u00e9cessit\u00e9 d\u2019instituer cette f\u00eate fut, outre la proposition de Julienne de Cornillon, le <strong>miracle eucharistique de Bolsena<\/strong>. En 1245, Pierre de Prague, un pr\u00eatre boh\u00e8me de retour d\u2019un p\u00e8lerinage \u00e0 Rome, s\u2019arr\u00eata aupr\u00e8s de l\u2019<strong>\u00e9glise de Sainte Catherine \u00e0 Bolsena <\/strong>pour c\u00e9l\u00e9brer la messe. Lorsqu\u2019il partageait l\u2019Hostie consacr\u00e9e il fut assailli d\u2019un doute sur l\u2019effective pr\u00e9sence de Christ en ce pain saint. Mais au moment o\u00f9 ce doute l\u2019effleurait, de l\u2019Hostie ruissel\u00e8rent des gouttes de sang qui tomb\u00e8rent sur son corporal en lin et sur les pierres de l\u2019autel. Par la suite, le Pape envoya l\u2019\u00e9v\u00eaque d\u2019Orvieto v\u00e9rifier ce qu\u2019il s\u2019\u00e9tait pass\u00e9 et r\u00e9cup\u00e9rer le corporal et les pierres, qui furent d\u00e9pos\u00e9es dans le sacraire de la cath\u00e9drale de Sainte Marie \u00e0 Orvieto et ensuite dans la Cath\u00e9drale construite express\u00e9ment pour l\u2019accueillir.<\/p>\n<div class=\"link-product\">\n<div class=\"blocco-immagine\"><img loading=\"lazy\" decoding=\"async\" class=\"alignnone size-full wp-image-4749\" src=\"https:\/\/blog.holyart.it\/fr\/wp-content\/uploads\/sites\/14\/2022\/06\/hosties.jpg\" alt=\"hosties\" width=\"100\" height=\"100\" data-kale-share-title=\"Corpus Domini, la signification et les c\u00e9l\u00e9brations\" data-kale-share-url=\"https:\/\/blog.holyart.it\/fr\/articles-religieux\/corpus-domini-la-signification-et-les-celebrations\/\" \/><\/div>\n<div class=\"blocco-contenuto\">\n<div class=\"blocco-acquista\">Acheter sur Holyart:<\/div>\n<div class=\"blocco-titolo\"><a href=\"https:\/\/www.holyart.fr\/produits-de-consommation\/hosties-pour-leucharistie?page=1&amp;path=produits-de-consommation&amp;path=hosties-pour-leucharistie\">Hosties pour l&rsquo;Eucharistie<\/a><\/div>\n<div class=\"blocco-descrizione\">Les hosties sont disponibles dans les mesures classiques.<\/div>\n<\/div>\n<\/div>\n<h2>La signification du Corpus Domini<\/h2>\n<p>La caract\u00e9ristique fondamentale de la f\u00eate du Corpus Domini est bien \u00e9videmment l\u2019<strong>adoration eucharistique. <\/strong>L\u2019Eucharistie est expos\u00e9e pour que tout le monde puisse faire preuve de sa foi et de sa v\u00e9n\u00e9ration pour le Corps du Christ. J\u00e9sus a offert Sa chair et Son sang comme nutriment pour tous les hommes, comme instrument de salut et comme promesse d\u2019\u00e9ternit\u00e9. \u00c0 l\u2019occasion du Corpus Domini, les hosties consacr\u00e9es sont plac\u00e9es dans <a href=\"https:\/\/www.holyart.fr\/accessoires-pour-la-liturgie\/ostensoirs-reliquaires-trones\/ostensoirs-reliquaires-en-metal?page=1&amp;path=accessoires-pour-la-liturgie&amp;path=ostensoirs-reliquaires-trones&amp;path=ostensoirs-reliquaires-en-metal\"><strong>l\u2019ostensoire<\/strong><\/a>, l\u2019accessoire liturgique utilis\u00e9 justement pour contenir l\u2019hostie pendant l\u2019adoration eucharistique. Le pr\u00eatre utilise l\u2019ostensoir m\u00eame pour b\u00e9nir les fid\u00e8les. L\u2019adoration eucharistique peut \u00eatre accompagn\u00e9e ou pas d\u2019une <strong>procession<\/strong> solennelle, comme nous verrons que cela arrive dans de nombreuses villes italiennes. Ces processions symbolisent J\u00e9sus qui marche parmi les hommes, \u00e0 travers les rues, \u00e0 souligner comment Son sang et Sa chair nous rendent encore plus proches de Lui et Lui de nous.<\/p>\n<div class=\"link-product\">\n<div class=\"blocco-immagine\"><img loading=\"lazy\" decoding=\"async\" class=\"alignnone size-full wp-image-4751\" src=\"https:\/\/blog.holyart.it\/fr\/wp-content\/uploads\/sites\/14\/2022\/06\/Ostensoir-rayons-et-croix.jpg\" alt=\"Ostensoir rayons et croix\" width=\"100\" height=\"100\" data-kale-share-title=\"Corpus Domini, la signification et les c\u00e9l\u00e9brations\" data-kale-share-url=\"https:\/\/blog.holyart.it\/fr\/articles-religieux\/corpus-domini-la-signification-et-les-celebrations\/\" \/><\/div>\n<div class=\"blocco-contenuto\">\n<div class=\"blocco-acquista\">Acheter sur Holyart:<\/div>\n<div class=\"blocco-titolo\"><a href=\"https:\/\/www.holyart.fr\/accessoires-pour-la-liturgie\/ostensoirs-reliquaires-trones\/ostensoirs-reliquaires-en-metal\/ostensoir-rayons-et-croix?path=accessoires-pour-la-liturgie&amp;path=ostensoirs-reliquaires-trones&amp;path=ostensoirs-reliquaires-en-metal&amp;path=ostensoir-rayons-et-croix\">Ostensoir rayons et croix <\/a><\/div>\n<div class=\"blocco-descrizione\">Ostensoir pr\u00e9cieux en bronze argent\u00e9 et dor\u00e9.<\/div>\n<\/div>\n<\/div>\n<h2>Comment c\u00e9l\u00e8bre-t-on le Corpus Domini dans les diff\u00e9rentes zones d\u2019Italie<\/h2>\n<p>Sous l\u2019ordre de Pape Urbain IVe, le th\u00e9ologien dominicain <strong>Thomas d\u2019Aquin<\/strong> fut le premier \u00e0 composer l\u2019office de la solennit\u00e9 et de la <em>Messe du Corpus et Sanguis Domini<\/em>. Saint Thomas vivait dans le couvent de Saint Dominique \u00e0 Orvieto et on raconte que le Crucifix en bois qui encore aujourd\u2019hui y est conserv\u00e9 s\u2019est adress\u00e9 directement au th\u00e9ologien afin de lui montrer son approbation pour le travail qu\u2019il avait accompli. Selon la tradition, le Crucifix dit \u00e0 Thomas : \u00ab\u00a0Bene scripsisti, Thoma, de me quam ergo mercedem accipies?\u00a0\u00bb (<em>Tu as bien parl\u00e9 de moi, Thomas. Quelle sera ta r\u00e9compense ?<\/em>) et Thomas r\u00e9pondit : \u00ab\u00a0Non aliam nisi te, Domine\u00a0!\u00a0\u00bb (<em>Rien d\u2019autre que Toi, \u00f4 Seigneur\u00a0!<\/em>).<\/p>\n<p>L\u2019<strong>hymne<\/strong> chant\u00e9 pendant la procession du Corpus Domini et aux V\u00eapres, le <em>Pange lingua<\/em>, l\u2019hymne eucharistique par excellence de l\u2019\u00c9glise catholique, a lui aussi \u00e9t\u00e9 \u00e9crit et pens\u00e9 par Thomas d\u2019Aquin. Nous reportons ici la premi\u00e8re strophe\u00a0:<\/p>\n<p><em>Chante, ma langue,<br \/>\nle myst\u00e8re de ce Corps tr\u00e8s glorieux<\/em><br \/>\n<em>et de ce Sang si pr\u00e9cieux<\/em><br \/>\n<em>que le Roi des nations,<\/em><br \/>\n<em>issu d\u2019une noble lign\u00e9e,<\/em><br \/>\n<em>versa pour le prix de ce monde.<\/em><\/p>\n<p>Comme nous l\u2019avons d\u00e9j\u00e0 \u00e9crit, lors de la solennit\u00e9 du Corpus Domini, une hostie consacr\u00e9e est expos\u00e9e \u00e0 l\u2019adoration publique \u00e0 l\u2019int\u00e9rieur d\u2019un ostensoir et \u00e9ventuellement emmen\u00e9e en procession. Chaque ville a ensuite ses usages pour f\u00eater cette r\u00e9currence si pr\u00e9cieuse.<\/p>\n<p><iframe loading=\"lazy\" title=\"YouTube video player\" src=\"https:\/\/www.youtube.com\/embed\/OkrChSq-EAM\" width=\"800\" height=\"450\" frameborder=\"0\" allowfullscreen=\"allowfullscreen\"><\/iframe><\/p>\n<h2>Les myst\u00e8res de Campobasso<\/h2>\n<p>\u00c0 Campobasso, la festivit\u00e9 du Corpus Domini est associ\u00e9e aux <strong>Myst\u00e8res<\/strong>. Il s\u2019agit de <strong>Repr\u00e9sentations Sacr\u00e9es<\/strong> en mouvement spectaculaires, parmi les plus solennelles et les plus majestueuses d\u2019Italie, auxquelles tous les habitants de la ville et de tr\u00e8s nombreux ma\u00eetres artisans participent. C\u2019est une forme de d\u00e9votion populaire impr\u00e9gn\u00e9e de folklore qui est organis\u00e9e depuis des centaines d\u2019ann\u00e9es et ne cesse d\u2019attirer des milliers de fid\u00e8les et de visiteurs chaque ann\u00e9e.<br \/>\nDepuis le XVIe si\u00e8cle, Campobasso \u00e9tait connu pour les Repr\u00e9sentations Sacr\u00e9es et, \u00e0 partir du si\u00e8cle suivant, les <a href=\"https:\/\/www.holyart.fr\/articles-religieux\/medailles-confreries-et-associations?page=1&amp;path=articles-religieux&amp;path=medailles-confreries-et-associations\"><strong>confr\u00e9ries<\/strong><\/a> la\u00efques impl\u00e9ment\u00e8rent leur mise en sc\u00e8ne, surtout en rapport avec la f\u00eate du Corpus Domini. \u00c0 la moiti\u00e9 du XVIIIe si\u00e8cle, le sculpteur local <strong>Paolo Saverio di Zinno<\/strong> commen\u00e7a \u00e0 concevoir au nom des confr\u00e9ries de v\u00e9ritables <strong>machines pour les repr\u00e9sentations<\/strong>, \u00e0 la r\u00e9alisation desquelles prirent part de nombreux forgerons exp\u00e9riment\u00e9s. Ces machines, port\u00e9es sur les \u00e9paules des porteurs, \u00e9taient anim\u00e9es par des figurants en costume qui mettaient en sc\u00e8ne diff\u00e9rentes repr\u00e9sentations religieuses, du Corps de Christ, repr\u00e9sent\u00e9 par un grand calice, le <em>Calicione<\/em>, \u00e0 la Tr\u00e8s-Sainte Trinit\u00e9, \u00e0 Sainte Marie de la Croix, \u00e0 Notre-Dame du Rosaire. Il y a ensuite les Myst\u00e8res d\u00e9di\u00e9s aux diff\u00e9rents Saints, comme Saint \u00c9tienne, Saint Laurence, Saint Isidore, Saint Crispin, Saint Janvier et ainsi de suite. Aux anciens myst\u00e8res, qui \u00e9taient douze, s\u2019en est ajout\u00e9 un treizi\u00e8me dans des temps plus r\u00e9cents (1959) : le Tr\u00e8s-Saint C\u0153ur de J\u00e9sus. La <strong>procession des Myst\u00e8res<\/strong> est aujourd\u2019hui organis\u00e9e par une association pr\u00e9vue \u00e0 cette effet parrain\u00e9e par la Commune. Le jour du Corpus Domini, l\u2019archev\u00eaque c\u00e9l\u00e8bre la messe dans la cour de l\u2019Association des Myst\u00e8re, en pr\u00e9sence des autorit\u00e9s citoyennes, des b\u00e9n\u00e9voles, des figurants et des porteurs. Ensuite, les imposantes structures sont mises en marche, les figurants prennent place, les porteurs les chargent sur leurs \u00e9paules et la procession s\u2019achemine pour la joie de la foule en f\u00eate.<\/p>\n<p><img loading=\"lazy\" decoding=\"async\" class=\"alignnone size-full wp-image-4753\" src=\"https:\/\/blog.holyart.it\/fr\/wp-content\/uploads\/sites\/14\/2022\/06\/Les-mysteres-de-Campobasso.jpg\" alt=\"Les mysteres de Campobasso\" width=\"800\" height=\"535\" data-kale-share-title=\"Corpus Domini, la signification et les c\u00e9l\u00e9brations\" data-kale-share-url=\"https:\/\/blog.holyart.it\/fr\/articles-religieux\/corpus-domini-la-signification-et-les-celebrations\/\" \/><\/p>\n<h2>Le Corpus Domini d\u2019Orvieto<\/h2>\n<p>La F\u00eate du Corpus Domini d\u2019Orvieto est par contre caract\u00e9ris\u00e9e par le <strong>Cort\u00e8ge des Dames<\/strong>, une \u00e9vocation historique qui a lieu le jour pr\u00e9c\u00e9dant la festivit\u00e9 et qui propose des sc\u00e8nes de vie m\u00e9di\u00e9vale accompagn\u00e9es par des spectacles de fauconnerie et de lanceurs de drapeaux.<br \/>\nLe jour de la f\u00eate elle-m\u00eame, le cort\u00e8ge historique se fond avec la procession religieuse en donnant vie \u00e0 la <strong>Procession Historique et Religieuse du Corpus Domini<\/strong>, une des plus belles d\u2019Italie, avec plus de 400 figurants en armure et costumes tr\u00e8s pr\u00e9cieux r\u00e9alis\u00e9s par couturi\u00e8res et ma\u00eetres d\u2019armes d\u2019Orvieto.<\/p>\n<p><img loading=\"lazy\" decoding=\"async\" class=\"alignnone size-full wp-image-4754\" src=\"https:\/\/blog.holyart.it\/fr\/wp-content\/uploads\/sites\/14\/2022\/06\/Le-Corpus-Domini-d\u2019Orvieto.jpg\" alt=\"Le Corpus Domini d\u2019Orvieto\" width=\"676\" height=\"504\" data-kale-share-title=\"Corpus Domini, la signification et les c\u00e9l\u00e9brations\" data-kale-share-url=\"https:\/\/blog.holyart.it\/fr\/articles-religieux\/corpus-domini-la-signification-et-les-celebrations\/\" \/><\/p>\n<h2>Les <em>infiorate<\/em> de Spello<\/h2>\n<p>Pendant le transport des reliques de Pierre de Prague de Bolsena \u00e0 Orvieto, on raconte que les habitants des villages par lesquels passait la procession jet\u00e8rent des <strong>p\u00e9tales de fleurs<\/strong> sur les routes en hommage au Corpus Domini. D\u2019ici naquirent les <strong><em>Infiorate<\/em> du Corpus Domini<\/strong>.<strong><br \/>\n<\/strong>\u00c0 Spello, en Ombrie, par exemple, la festivit\u00e9 du Corpus Domini est c\u00e9l\u00e9br\u00e9e avec les Infiorate. Tout le centre historique est recouvert de <strong>tapis et de tableaux floraux<\/strong> qui servent de d\u00e9cor au passage de l\u2019ostensoir port\u00e9 par l\u2019\u00c9v\u00eaque et contenant le Corps de Christ sur un parcours d\u2019environ 1,5 km.<br \/>\nL&rsquo;<em>infiorata<\/em> de Spello est cit\u00e9e depuis 1602, mais au cours des si\u00e8cles, au lieu de se limiter \u00e0 parsemer le trajet de la procession de fleurs, de v\u00e9ritables groupes d\u2019<em>infioratori <\/em>ont vu le jour, s\u2019engageant m\u00eame une ann\u00e9e enti\u00e8re afin de r\u00e9aliser leurs tapis floraux, construits selon des sch\u00e9mas g\u00e9om\u00e9triques et avec la partie centrale repr\u00e9sentant figures et symboles li\u00e9s au Corpus Domini ou \u00e0 d\u2019autres sujets religieux. Aujourd\u2019hui, les tapis floraux sont de v\u00e9ritables tableaux color\u00e9s qui repr\u00e9sentent des th\u00e8mes religieux-sociaux r\u00e9alis\u00e9s avec p\u00e9tales et corolles et qui sont connus dans le monde entier.<\/p>\n<p><img loading=\"lazy\" decoding=\"async\" class=\"alignnone size-full wp-image-4755\" src=\"https:\/\/blog.holyart.it\/fr\/wp-content\/uploads\/sites\/14\/2022\/06\/Les-infiorate-de-Spello.jpg\" alt=\"Les infiorate de Spello\" width=\"960\" height=\"511\" data-kale-share-title=\"Corpus Domini, la signification et les c\u00e9l\u00e9brations\" data-kale-share-url=\"https:\/\/blog.holyart.it\/fr\/articles-religieux\/corpus-domini-la-signification-et-les-celebrations\/\" \/><\/p>\n","protected":false},"excerpt":{"rendered":"<p>La Solennit\u00e9 du Corpus Domini est une des plus senties au niveau populaire. D\u00e9couvrons ce qu\u2019elle c\u00e9l\u00e8bre et comment elle est f\u00eat\u00e9e dans les diff\u00e9rentes zones d\u2019Italie. Les raisons du succ\u00e8s et de l\u2019importance d\u00e9votionnelle de la f\u00eate du Corpus Domini sont faciles \u00e0 comprendre&hellip;<\/p>\n","protected":false},"author":1,"featured_media":4757,"comment_status":"closed","ping_status":"open","sticky":false,"template":"","format":"standard","meta":{"_acf_changed":false,"footnotes":""},"categories":[8],"tags":[],"class_list":["post-4743","post","type-post","status-publish","format-standard","has-post-thumbnail","hentry","category-articles-religieux"],"acf":[],"yoast_head":"<!-- This site is optimized with the Yoast SEO plugin v26.6 - https:\/\/yoast.com\/wordpress\/plugins\/seo\/ -->\n<title>Corpus Domini, la signification et les c\u00e9l\u00e9brations - Holyart.fr Blog<\/title>\n<meta name=\"description\" content=\"La Solennit\u00e9 du Corpus Domini est une des plus senties au niveau populaire. D\u00e9couvrons ce qu\u2019elle c\u00e9l\u00e8bre et comment elle est f\u00eat\u00e9e dans les diff\u00e9rentes...\" \/>\n<meta name=\"robots\" content=\"index, follow, max-snippet:-1, max-image-preview:large, max-video-preview:-1\" \/>\n<link rel=\"canonical\" href=\"https:\/\/blog.holyart.it\/fr\/articles-religieux\/corpus-domini-la-signification-et-les-celebrations\/\" \/>\n<meta property=\"og:locale\" content=\"fr_FR\" \/>\n<meta property=\"og:type\" content=\"article\" \/>\n<meta property=\"og:title\" content=\"Corpus Domini, la signification et les c\u00e9l\u00e9brations - Holyart.fr Blog\" \/>\n<meta property=\"og:description\" content=\"La Solennit\u00e9 du Corpus Domini est une des plus senties au niveau populaire. D\u00e9couvrons ce qu\u2019elle c\u00e9l\u00e8bre et comment elle est f\u00eat\u00e9e dans les diff\u00e9rentes...\" \/>\n<meta property=\"og:url\" content=\"https:\/\/blog.holyart.it\/fr\/articles-religieux\/corpus-domini-la-signification-et-les-celebrations\/\" \/>\n<meta property=\"og:site_name\" content=\"Holyart.fr Blog\" \/>\n<meta property=\"article:published_time\" content=\"2022-06-15T10:30:07+00:00\" \/>\n<meta property=\"article:modified_time\" content=\"2025-05-15T13:58:39+00:00\" \/>\n<meta property=\"og:image\" content=\"https:\/\/blog.holyart.it\/fr\/wp-content\/uploads\/sites\/14\/2022\/06\/corpus-domini.jpg\" \/>\n\t<meta property=\"og:image:width\" content=\"1000\" \/>\n\t<meta property=\"og:image:height\" content=\"666\" \/>\n\t<meta property=\"og:image:type\" content=\"image\/jpeg\" \/>\n<meta name=\"author\" content=\"Redazione\" \/>\n<meta name=\"twitter:card\" content=\"summary_large_image\" \/>\n<meta name=\"twitter:label1\" content=\"\u00c9crit par\" \/>\n\t<meta name=\"twitter:data1\" content=\"Redazione\" \/>\n\t<meta name=\"twitter:label2\" content=\"Dur\u00e9e de lecture estim\u00e9e\" \/>\n\t<meta name=\"twitter:data2\" content=\"10 minutes\" \/>\n<script type=\"application\/ld+json\" class=\"yoast-schema-graph\">{\"@context\":\"https:\/\/schema.org\",\"@graph\":[{\"@type\":\"Article\",\"@id\":\"https:\/\/blog.holyart.it\/fr\/articles-religieux\/corpus-domini-la-signification-et-les-celebrations\/#article\",\"isPartOf\":{\"@id\":\"https:\/\/blog.holyart.it\/fr\/articles-religieux\/corpus-domini-la-signification-et-les-celebrations\/\"},\"author\":{\"name\":\"Redazione\",\"@id\":\"https:\/\/blog.holyart.it\/fr\/#\/schema\/person\/0a7b686e5af0f856ec1e390dd0baecda\"},\"headline\":\"Corpus Domini, la signification et les c\u00e9l\u00e9brations\",\"datePublished\":\"2022-06-15T10:30:07+00:00\",\"dateModified\":\"2025-05-15T13:58:39+00:00\",\"mainEntityOfPage\":{\"@id\":\"https:\/\/blog.holyart.it\/fr\/articles-religieux\/corpus-domini-la-signification-et-les-celebrations\/\"},\"wordCount\":1935,\"publisher\":{\"@id\":\"https:\/\/blog.holyart.it\/fr\/#organization\"},\"image\":{\"@id\":\"https:\/\/blog.holyart.it\/fr\/articles-religieux\/corpus-domini-la-signification-et-les-celebrations\/#primaryimage\"},\"thumbnailUrl\":\"https:\/\/blog.holyart.it\/fr\/wp-content\/uploads\/sites\/14\/2022\/06\/corpus-domini.jpg\",\"articleSection\":[\"Religion\"],\"inLanguage\":\"fr-FR\"},{\"@type\":\"WebPage\",\"@id\":\"https:\/\/blog.holyart.it\/fr\/articles-religieux\/corpus-domini-la-signification-et-les-celebrations\/\",\"url\":\"https:\/\/blog.holyart.it\/fr\/articles-religieux\/corpus-domini-la-signification-et-les-celebrations\/\",\"name\":\"Corpus Domini, la signification et les c\u00e9l\u00e9brations - Holyart.fr Blog\",\"isPartOf\":{\"@id\":\"https:\/\/blog.holyart.it\/fr\/#website\"},\"primaryImageOfPage\":{\"@id\":\"https:\/\/blog.holyart.it\/fr\/articles-religieux\/corpus-domini-la-signification-et-les-celebrations\/#primaryimage\"},\"image\":{\"@id\":\"https:\/\/blog.holyart.it\/fr\/articles-religieux\/corpus-domini-la-signification-et-les-celebrations\/#primaryimage\"},\"thumbnailUrl\":\"https:\/\/blog.holyart.it\/fr\/wp-content\/uploads\/sites\/14\/2022\/06\/corpus-domini.jpg\",\"datePublished\":\"2022-06-15T10:30:07+00:00\",\"dateModified\":\"2025-05-15T13:58:39+00:00\",\"description\":\"La Solennit\u00e9 du Corpus Domini est une des plus senties au niveau populaire. D\u00e9couvrons ce qu\u2019elle c\u00e9l\u00e8bre et comment elle est f\u00eat\u00e9e dans les diff\u00e9rentes...\",\"breadcrumb\":{\"@id\":\"https:\/\/blog.holyart.it\/fr\/articles-religieux\/corpus-domini-la-signification-et-les-celebrations\/#breadcrumb\"},\"inLanguage\":\"fr-FR\",\"potentialAction\":[{\"@type\":\"ReadAction\",\"target\":[\"https:\/\/blog.holyart.it\/fr\/articles-religieux\/corpus-domini-la-signification-et-les-celebrations\/\"]}]},{\"@type\":\"ImageObject\",\"inLanguage\":\"fr-FR\",\"@id\":\"https:\/\/blog.holyart.it\/fr\/articles-religieux\/corpus-domini-la-signification-et-les-celebrations\/#primaryimage\",\"url\":\"https:\/\/blog.holyart.it\/fr\/wp-content\/uploads\/sites\/14\/2022\/06\/corpus-domini.jpg\",\"contentUrl\":\"https:\/\/blog.holyart.it\/fr\/wp-content\/uploads\/sites\/14\/2022\/06\/corpus-domini.jpg\",\"width\":1000,\"height\":666,\"caption\":\"corpus domini\"},{\"@type\":\"BreadcrumbList\",\"@id\":\"https:\/\/blog.holyart.it\/fr\/articles-religieux\/corpus-domini-la-signification-et-les-celebrations\/#breadcrumb\",\"itemListElement\":[{\"@type\":\"ListItem\",\"position\":1,\"name\":\"Homepage\",\"item\":\"https:\/\/blog.holyart.it\/fr\/\"},{\"@type\":\"ListItem\",\"position\":2,\"name\":\"Religion\",\"item\":\"https:\/\/blog.holyart.it\/fr\/articles-religieux\/\"},{\"@type\":\"ListItem\",\"position\":3,\"name\":\"Corpus Domini, la signification et les c\u00e9l\u00e9brations\"}]},{\"@type\":\"WebSite\",\"@id\":\"https:\/\/blog.holyart.it\/fr\/#website\",\"url\":\"https:\/\/blog.holyart.it\/fr\/\",\"name\":\"Holyart.fr Blog\",\"description\":\"Holyblog\",\"publisher\":{\"@id\":\"https:\/\/blog.holyart.it\/fr\/#organization\"},\"potentialAction\":[{\"@type\":\"SearchAction\",\"target\":{\"@type\":\"EntryPoint\",\"urlTemplate\":\"https:\/\/blog.holyart.it\/fr\/?s={search_term_string}\"},\"query-input\":{\"@type\":\"PropertyValueSpecification\",\"valueRequired\":true,\"valueName\":\"search_term_string\"}}],\"inLanguage\":\"fr-FR\"},{\"@type\":\"Organization\",\"@id\":\"https:\/\/blog.holyart.it\/fr\/#organization\",\"name\":\"Holyart.fr Blog\",\"url\":\"https:\/\/blog.holyart.it\/fr\/\",\"logo\":{\"@type\":\"ImageObject\",\"inLanguage\":\"fr-FR\",\"@id\":\"https:\/\/blog.holyart.it\/fr\/#\/schema\/logo\/image\/\",\"url\":\"https:\/\/blog.holyart.it\/fr\/wp-content\/uploads\/sites\/14\/2022\/12\/Holyart_Blog_Logo.jpg\",\"contentUrl\":\"https:\/\/blog.holyart.it\/fr\/wp-content\/uploads\/sites\/14\/2022\/12\/Holyart_Blog_Logo.jpg\",\"width\":300,\"height\":50,\"caption\":\"Holyart.fr Blog\"},\"image\":{\"@id\":\"https:\/\/blog.holyart.it\/fr\/#\/schema\/logo\/image\/\"}},{\"@type\":\"Person\",\"@id\":\"https:\/\/blog.holyart.it\/fr\/#\/schema\/person\/0a7b686e5af0f856ec1e390dd0baecda\",\"name\":\"Redazione\",\"image\":{\"@type\":\"ImageObject\",\"inLanguage\":\"fr-FR\",\"@id\":\"https:\/\/blog.holyart.it\/fr\/#\/schema\/person\/image\/\",\"url\":\"https:\/\/secure.gravatar.com\/avatar\/f477da817f43e50d0af36abecd33e3edf826c68299714bdc1057dff3b113f516?s=96&d=mm&r=g\",\"contentUrl\":\"https:\/\/secure.gravatar.com\/avatar\/f477da817f43e50d0af36abecd33e3edf826c68299714bdc1057dff3b113f516?s=96&d=mm&r=g\",\"caption\":\"Redazione\"},\"url\":\"https:\/\/blog.holyart.it\/fr\/author\/admin\/\"}]}<\/script>\n<!-- \/ Yoast SEO plugin. -->","yoast_head_json":{"title":"Corpus Domini, la signification et les c\u00e9l\u00e9brations - Holyart.fr Blog","description":"La Solennit\u00e9 du Corpus Domini est une des plus senties au niveau populaire. D\u00e9couvrons ce qu\u2019elle c\u00e9l\u00e8bre et comment elle est f\u00eat\u00e9e dans les diff\u00e9rentes...","robots":{"index":"index","follow":"follow","max-snippet":"max-snippet:-1","max-image-preview":"max-image-preview:large","max-video-preview":"max-video-preview:-1"},"canonical":"https:\/\/blog.holyart.it\/fr\/articles-religieux\/corpus-domini-la-signification-et-les-celebrations\/","og_locale":"fr_FR","og_type":"article","og_title":"Corpus Domini, la signification et les c\u00e9l\u00e9brations - Holyart.fr Blog","og_description":"La Solennit\u00e9 du Corpus Domini est une des plus senties au niveau populaire. D\u00e9couvrons ce qu\u2019elle c\u00e9l\u00e8bre et comment elle est f\u00eat\u00e9e dans les diff\u00e9rentes...","og_url":"https:\/\/blog.holyart.it\/fr\/articles-religieux\/corpus-domini-la-signification-et-les-celebrations\/","og_site_name":"Holyart.fr Blog","article_published_time":"2022-06-15T10:30:07+00:00","article_modified_time":"2025-05-15T13:58:39+00:00","og_image":[{"width":1000,"height":666,"url":"https:\/\/blog.holyart.it\/fr\/wp-content\/uploads\/sites\/14\/2022\/06\/corpus-domini.jpg","type":"image\/jpeg"}],"author":"Redazione","twitter_card":"summary_large_image","twitter_misc":{"\u00c9crit par":"Redazione","Dur\u00e9e de lecture estim\u00e9e":"10 minutes"},"schema":{"@context":"https:\/\/schema.org","@graph":[{"@type":"Article","@id":"https:\/\/blog.holyart.it\/fr\/articles-religieux\/corpus-domini-la-signification-et-les-celebrations\/#article","isPartOf":{"@id":"https:\/\/blog.holyart.it\/fr\/articles-religieux\/corpus-domini-la-signification-et-les-celebrations\/"},"author":{"name":"Redazione","@id":"https:\/\/blog.holyart.it\/fr\/#\/schema\/person\/0a7b686e5af0f856ec1e390dd0baecda"},"headline":"Corpus Domini, la signification et les c\u00e9l\u00e9brations","datePublished":"2022-06-15T10:30:07+00:00","dateModified":"2025-05-15T13:58:39+00:00","mainEntityOfPage":{"@id":"https:\/\/blog.holyart.it\/fr\/articles-religieux\/corpus-domini-la-signification-et-les-celebrations\/"},"wordCount":1935,"publisher":{"@id":"https:\/\/blog.holyart.it\/fr\/#organization"},"image":{"@id":"https:\/\/blog.holyart.it\/fr\/articles-religieux\/corpus-domini-la-signification-et-les-celebrations\/#primaryimage"},"thumbnailUrl":"https:\/\/blog.holyart.it\/fr\/wp-content\/uploads\/sites\/14\/2022\/06\/corpus-domini.jpg","articleSection":["Religion"],"inLanguage":"fr-FR"},{"@type":"WebPage","@id":"https:\/\/blog.holyart.it\/fr\/articles-religieux\/corpus-domini-la-signification-et-les-celebrations\/","url":"https:\/\/blog.holyart.it\/fr\/articles-religieux\/corpus-domini-la-signification-et-les-celebrations\/","name":"Corpus Domini, la signification et les c\u00e9l\u00e9brations - Holyart.fr Blog","isPartOf":{"@id":"https:\/\/blog.holyart.it\/fr\/#website"},"primaryImageOfPage":{"@id":"https:\/\/blog.holyart.it\/fr\/articles-religieux\/corpus-domini-la-signification-et-les-celebrations\/#primaryimage"},"image":{"@id":"https:\/\/blog.holyart.it\/fr\/articles-religieux\/corpus-domini-la-signification-et-les-celebrations\/#primaryimage"},"thumbnailUrl":"https:\/\/blog.holyart.it\/fr\/wp-content\/uploads\/sites\/14\/2022\/06\/corpus-domini.jpg","datePublished":"2022-06-15T10:30:07+00:00","dateModified":"2025-05-15T13:58:39+00:00","description":"La Solennit\u00e9 du Corpus Domini est une des plus senties au niveau populaire. D\u00e9couvrons ce qu\u2019elle c\u00e9l\u00e8bre et comment elle est f\u00eat\u00e9e dans les diff\u00e9rentes...","breadcrumb":{"@id":"https:\/\/blog.holyart.it\/fr\/articles-religieux\/corpus-domini-la-signification-et-les-celebrations\/#breadcrumb"},"inLanguage":"fr-FR","potentialAction":[{"@type":"ReadAction","target":["https:\/\/blog.holyart.it\/fr\/articles-religieux\/corpus-domini-la-signification-et-les-celebrations\/"]}]},{"@type":"ImageObject","inLanguage":"fr-FR","@id":"https:\/\/blog.holyart.it\/fr\/articles-religieux\/corpus-domini-la-signification-et-les-celebrations\/#primaryimage","url":"https:\/\/blog.holyart.it\/fr\/wp-content\/uploads\/sites\/14\/2022\/06\/corpus-domini.jpg","contentUrl":"https:\/\/blog.holyart.it\/fr\/wp-content\/uploads\/sites\/14\/2022\/06\/corpus-domini.jpg","width":1000,"height":666,"caption":"corpus domini"},{"@type":"BreadcrumbList","@id":"https:\/\/blog.holyart.it\/fr\/articles-religieux\/corpus-domini-la-signification-et-les-celebrations\/#breadcrumb","itemListElement":[{"@type":"ListItem","position":1,"name":"Homepage","item":"https:\/\/blog.holyart.it\/fr\/"},{"@type":"ListItem","position":2,"name":"Religion","item":"https:\/\/blog.holyart.it\/fr\/articles-religieux\/"},{"@type":"ListItem","position":3,"name":"Corpus Domini, la signification et les c\u00e9l\u00e9brations"}]},{"@type":"WebSite","@id":"https:\/\/blog.holyart.it\/fr\/#website","url":"https:\/\/blog.holyart.it\/fr\/","name":"Holyart.fr Blog","description":"Holyblog","publisher":{"@id":"https:\/\/blog.holyart.it\/fr\/#organization"},"potentialAction":[{"@type":"SearchAction","target":{"@type":"EntryPoint","urlTemplate":"https:\/\/blog.holyart.it\/fr\/?s={search_term_string}"},"query-input":{"@type":"PropertyValueSpecification","valueRequired":true,"valueName":"search_term_string"}}],"inLanguage":"fr-FR"},{"@type":"Organization","@id":"https:\/\/blog.holyart.it\/fr\/#organization","name":"Holyart.fr Blog","url":"https:\/\/blog.holyart.it\/fr\/","logo":{"@type":"ImageObject","inLanguage":"fr-FR","@id":"https:\/\/blog.holyart.it\/fr\/#\/schema\/logo\/image\/","url":"https:\/\/blog.holyart.it\/fr\/wp-content\/uploads\/sites\/14\/2022\/12\/Holyart_Blog_Logo.jpg","contentUrl":"https:\/\/blog.holyart.it\/fr\/wp-content\/uploads\/sites\/14\/2022\/12\/Holyart_Blog_Logo.jpg","width":300,"height":50,"caption":"Holyart.fr Blog"},"image":{"@id":"https:\/\/blog.holyart.it\/fr\/#\/schema\/logo\/image\/"}},{"@type":"Person","@id":"https:\/\/blog.holyart.it\/fr\/#\/schema\/person\/0a7b686e5af0f856ec1e390dd0baecda","name":"Redazione","image":{"@type":"ImageObject","inLanguage":"fr-FR","@id":"https:\/\/blog.holyart.it\/fr\/#\/schema\/person\/image\/","url":"https:\/\/secure.gravatar.com\/avatar\/f477da817f43e50d0af36abecd33e3edf826c68299714bdc1057dff3b113f516?s=96&d=mm&r=g","contentUrl":"https:\/\/secure.gravatar.com\/avatar\/f477da817f43e50d0af36abecd33e3edf826c68299714bdc1057dff3b113f516?s=96&d=mm&r=g","caption":"Redazione"},"url":"https:\/\/blog.holyart.it\/fr\/author\/admin\/"}]}},"_links":{"self":[{"href":"https:\/\/blog.holyart.it\/fr\/wp-json\/wp\/v2\/posts\/4743","targetHints":{"allow":["GET"]}}],"collection":[{"href":"https:\/\/blog.holyart.it\/fr\/wp-json\/wp\/v2\/posts"}],"about":[{"href":"https:\/\/blog.holyart.it\/fr\/wp-json\/wp\/v2\/types\/post"}],"author":[{"embeddable":true,"href":"https:\/\/blog.holyart.it\/fr\/wp-json\/wp\/v2\/users\/1"}],"replies":[{"embeddable":true,"href":"https:\/\/blog.holyart.it\/fr\/wp-json\/wp\/v2\/comments?post=4743"}],"version-history":[{"count":1,"href":"https:\/\/blog.holyart.it\/fr\/wp-json\/wp\/v2\/posts\/4743\/revisions"}],"predecessor-version":[{"id":10428,"href":"https:\/\/blog.holyart.it\/fr\/wp-json\/wp\/v2\/posts\/4743\/revisions\/10428"}],"wp:featuredmedia":[{"embeddable":true,"href":"https:\/\/blog.holyart.it\/fr\/wp-json\/wp\/v2\/media\/4757"}],"wp:attachment":[{"href":"https:\/\/blog.holyart.it\/fr\/wp-json\/wp\/v2\/media?parent=4743"}],"wp:term":[{"taxonomy":"category","embeddable":true,"href":"https:\/\/blog.holyart.it\/fr\/wp-json\/wp\/v2\/categories?post=4743"},{"taxonomy":"post_tag","embeddable":true,"href":"https:\/\/blog.holyart.it\/fr\/wp-json\/wp\/v2\/tags?post=4743"}],"curies":[{"name":"wp","href":"https:\/\/api.w.org\/{rel}","templated":true}]}}