{"id":4700,"date":"2022-06-08T12:30:55","date_gmt":"2022-06-08T10:30:55","guid":{"rendered":"https:\/\/blog.holyart.it\/fr\/?p=4700"},"modified":"2025-03-07T16:34:26","modified_gmt":"2025-03-07T15:34:26","slug":"la-descendance-dabraham-jusqua-jesus","status":"publish","type":"post","link":"https:\/\/blog.holyart.it\/fr\/articles-religieux\/la-descendance-dabraham-jusqua-jesus\/","title":{"rendered":"La descendance d\u2019Abraham jusqu\u2019\u00e0 J\u00e9sus"},"content":{"rendered":"<h4>La descendance d&rsquo;Abraham, i.e. la g\u00e9n\u00e9alogie de J\u00e9sus, a une importance fondamentale dans l\u2019histoire du Christianisme et peut \u00eatre consid\u00e9r\u00e9e comme un r\u00e9sum\u00e9 de l\u2019histoire enti\u00e8re du peuple juif. D\u00e9couvrons pourquoi.<\/h4>\n\n<p>Pourquoi dans le premier livre de l\u2019<strong>\u00c9vangile de Matthieu <\/strong>et dans le troisi\u00e8me de l\u2019<strong>\u00c9vangile de Luc<\/strong>, afin d\u2019introduire l\u2019histoire de J\u00e9sus, sont report\u00e9es respectivement la <strong>descendance d\u2019Abraham<\/strong>, qui part de lui jusqu\u2019\u00e0 arriver \u00e0 J\u00e9sus, et une <strong>encore plus vaste g\u00e9n\u00e9alogie<\/strong> qui puisent ses racines dans la figure d\u2019Adam ?<br \/>\nLa raison est simple. \u00c0 l\u2019\u00e9poque o\u00f9 les \u00c9vangiles ont \u00e9t\u00e9 \u00e9crits, il \u00e9tait consid\u00e9r\u00e9 comme encore tr\u00e8s important de contextualiser les faits dont on souhaitait parler dans un <strong>cadre historique document\u00e9<\/strong> qui a des fondations solides et qui ne puisse donc pas \u00eatre mis en doute.<\/p>\n<h2>J\u00e9sus comme partie de l\u2019histoire du peuple juif<\/h2>\n<p>Commencer l\u2019histoire d\u2019un personnage en \u00e9num\u00e9rant sa g\u00e9n\u00e9alogie \u00e9tait typique surtout dans le monde oriental. Dans le cas des \u00c9vangiles, de plus, la n\u00e9cessit\u00e9 de cr\u00e9er autour de la figure de J\u00e9sus-Christ une <strong>base historique<\/strong> qui le relie de mani\u00e8re incontestable \u00e0 l\u2019histoire du peuple juif, apparait encore plus \u00e9vidente. Gr\u00e2ce \u00e0 ces deux g\u00e9n\u00e9alogies, J\u00e9sus devient <strong>partie int\u00e9grante de l\u2019histoire du Juda\u00efsme<\/strong> et de ses trois grands P\u00e8res\u00a0: <strong>Abraham, Mo\u00efse et David<\/strong>. Pour les Chr\u00e9tiens, qui provenaient du juda\u00efsme, il \u00e9tait fondamental de pouvoir ins\u00e9rer la figure de J\u00e9sus \u00e0 l\u2019int\u00e9rieur de l\u2019histoire de leur peuple et des P\u00e8res. Il s\u2019agissait \u00e9galement d\u2019une mani\u00e8re pour soutenir la pr\u00e9tention de la communaut\u00e9 chr\u00e9tienne de <strong>reconnaitre J\u00e9sus comme le Messie<\/strong>.<br \/>\nCe n\u2019est pas un hasard si dans les deux g\u00e9n\u00e9alogies <strong>Joseph<\/strong> n\u2019est pas pr\u00e9sent\u00e9 comme le p\u00e8re biologique de J\u00e9sus, mais comme p\u00e8re putatif. Les deux \u00e9vang\u00e9listes avaient besoin de cr\u00e9er <strong>un lien de parent\u00e9 entre le Messie et le Roi David<\/strong>, en se reconnectant avec la proph\u00e9tie du proph\u00e8te \u00c9sa\u00efe\u00a0:<\/p>\n<p><em>Puis un rameau sortira du tronc d\u2019Isa\u00ef, et un rejeton na\u00eetra de ses racines. L\u2019Esprit de l\u2019\u00c9ternel reposera sur lui : Esprit de sagesse et d\u2019intelligence, Esprit de conseil et de force, Esprit de connaissance et de crainte de l\u2019\u00c9ternel. [&#8230;] Le loup habitera avec l\u2019agneau, et la panth\u00e8re se couchera avec le chevreau ; le veau, le lionceau, et le b\u00e9tail qu\u2019on engraisse, seront ensemble, et un petit enfant les conduira<\/em> (\u00c9sa\u00efe 11,1-10).<\/p>\n<p>Jess\u00e9 ou Isa\u00ef \u00e9tait le p\u00e8re du Roi David.<\/p>\n<p>Mais il y a plus. Tant Matthieu que Luc indiquent J\u00e9sus comme <strong>accomplissement de l\u2019histoire de l\u2019Alliance et de la promesse de Salut<\/strong> entre Dieu et l\u2019homme. Pour Matthieu, cette histoire d\u00e9buta avec <strong>Abraham<\/strong>, pour Luc elle co\u00efncide avec la naissance m\u00eame de l\u2019humanit\u00e9, incarn\u00e9e par <strong>Adam<\/strong>.<\/p>\n<p>Il faut dire que Matthieu s\u2019adressait surtout aux <strong>Juifs-Chr\u00e9tiens<\/strong> et que pour cela placer au d\u00e9but de la g\u00e9n\u00e9alogie Abraham, consid\u00e9r\u00e9 comme le P\u00e8re du Peuple \u00c9lu, est une mani\u00e8re de souligner la <strong>continuit\u00e9 entre juda\u00efsme et Christianisme<\/strong>.<br \/>\nLuc, par contre, s\u2019adressait aussi aux <strong>chr\u00e9tiens d\u2019origine pa\u00efenne<\/strong>, qui n\u2019avaient pas connu les traditions du monde juif. Pour cette raison, faire remonter l\u2019origine de J\u00e9sus encore plus loin, jusqu\u2019\u00e0 Adam, qu\u2019il d\u00e9finit comme <em>Fils de Dieu<\/em>, en ins\u00e9rant la figure de J\u00e9sus dans un contexte plus ample, qui fait r\u00e9f\u00e9rence aux diff\u00e9rentes dynasties juives et aux dix patriarches ant\u00e9diluviens (Adam, Seth, Enos, Kenan, Mahalaleel, Jared, \u00c9nosh, Mathusalem, Lamech et No\u00e9) et aux dix postdiluviens (Sem, Arpaxad, Sh\u00e9lakh, \u00c9b\u00e9r, P\u00e9l\u00e9g, Reou, Seroug, Nakhor, T\u00e9rakh, Abraham).<\/p>\n<h2>Juda\u00efsme et christianisme : diff\u00e9rences<\/h2>\n<p>Toute cette pr\u00e9occupation de la part de Matthieu de valoriser la descendance d\u2019Abraham jusqu\u2019\u00e0 J\u00e9sus, et de Luc d\u2019aller m\u00eame au-del\u00e0, en puisant dans les racines m\u00eames de l\u2019humanit\u00e9, nous relie aux <strong>diff\u00e9rences entre juda\u00efsme et christianisme<\/strong>, que nous avons d\u00e9j\u00e0 pris en examen <a href=\"https:\/\/www.holyart.fr\/blog\/articles-religieux\/les-differences-entre-judaisme-et-christianisme\/\"><strong>dans un article pr\u00e9c\u00e9dent<\/strong><\/a>. Pour un Chr\u00e9tien, il est acquis de penser \u00e0 <strong>J\u00e9sus comme fils de Dieu<\/strong>, puisque toute l\u2019\u00e9ducation religieuse qu\u2019il re\u00e7oit d\u00e8s son enfance porte justement sur Son in\u00e9luctable identit\u00e9. Pour les Juifs d\u2019aujourd\u2019hui, et encore plus pour ceux du temps o\u00f9 les \u00e9vang\u00e9listes \u00e9crivaient, <strong>J\u00e9sus \u00e9tait un simple proph\u00e8te<\/strong>.<\/p>\n<div class=\"link-article\">\n<p><img loading=\"lazy\" decoding=\"async\" class=\"alignnone size-full wp-image-4701\" src=\"https:\/\/blog.holyart.it\/fr\/wp-content\/uploads\/sites\/14\/2022\/06\/Les-differences-entre-judaisme-et-christianisme.jpg\" alt=\"Les differences entre judaisme et christianisme\" width=\"150\" height=\"99\" data-kale-share-title=\"La descendance d\u2019Abraham jusqu\u2019\u00e0 J\u00e9sus\" data-kale-share-url=\"https:\/\/blog.holyart.it\/fr\/?p=4700\" \/><\/p>\n<div class=\"leggi-anche\">Lire aussi :<\/div>\n<p><strong><a href=\"https:\/\/www.holyart.fr\/blog\/articles-religieux\/les-differences-entre-judaisme-et-christianisme\/\">Les diff\u00e9rences entre juda\u00efsme et christianisme<\/a><\/strong><br \/>\nQuelles sont les diff\u00e9rences entre Juda\u00efsme et Christianisme?Le Dieu des Juifs est le m\u00eame que Celui des Chr\u00e9tiens ?<\/p>\n<\/div>\n<p>Il \u00e9tait donc d\u2019une importance primordiale, afin de convertir les Juifs au Christianisme, d\u2019anoblir le plus possible aussi Sa figure terrestre, de mani\u00e8re \u00e0 le rendre reconnaissable comme le Messie tant attendu.<br \/>\nSi la religion chr\u00e9tienne commence avec J\u00e9sus, la juive d\u00e9bute avec <strong>Abraham<\/strong>, le premier homme auquel Dieu s\u2019est adress\u00e9. L\u2019alliance entre Dieu et les hommes, toujours selon les Juifs, s\u2019approfondit ensuite gr\u00e2ce \u00e0 <strong>Mo\u00efse<\/strong>, qui re\u00e7ut de Dieu les Dix Commandements, guide de vie et de foi.<br \/>\nAujourd\u2019hui encore, honorer et poursuivre son rapport avec Dieu \u00e0 travers l\u2019\u00e9tude et la pri\u00e8re, en se reliant \u00e0 ce qu\u2019a \u00e9t\u00e9 fait par les <strong>P\u00e8res<\/strong> avant soi, est un des devoirs fondamentaux de chaque homme juif. Voici une autre confirmation de l\u2019importance des g\u00e9n\u00e9alogies de Matthieu et de Luc.<\/p>\n<h2>La valeur des chiffres<\/h2>\n<p>Nous ne devons pas oublier, ensuite, la <strong>valeur symbolique<\/strong> des deux g\u00e9n\u00e9alogies. Notons tout d\u2019abord comment revient le <strong>chiffre sept<\/strong>, nombre favori dans la tradition juive, qui indiquait l\u2019association avec Dieu et repr\u00e9sentait la sanctification et la purification. Pour ne donner qu\u2019un exemple, les f\u00eates juives les plus importantes duraient sept jours et la <a href=\"https:\/\/www.holyart.fr\/blog\/articles-religieux\/la-menorah-histoire-et-signification-du-chandelier-juif\/\"><strong>M\u00e9norah<\/strong><\/a>, le <a href=\"https:\/\/www.holyart.fr\/accessoires-pour-la-liturgie\/chandeliers-candelabres-bases-pour-cierge\/candelabres\/candelabre-menorah-7-flammes-laiton-dore-hauteur-35-cm?path=accessoires-pour-la-liturgie&amp;path=chandeliers-candelabres-bases-pour-cierge&amp;path=candelabres&amp;path=candelabre-menorah-7-flammes-laiton-dore-hauteur-35-cm\"><strong>cand\u00e9labre symbole de la religion juive<\/strong><\/a>, a sept bras.<\/p>\n<div class=\"link-product\">\n<div class=\"blocco-immagine\"><img loading=\"lazy\" decoding=\"async\" class=\"alignnone size-full wp-image-4704\" src=\"https:\/\/blog.holyart.it\/fr\/wp-content\/uploads\/sites\/14\/2022\/06\/menorah.jpg\" alt=\"menorah\" width=\"100\" height=\"100\" data-kale-share-title=\"La descendance d\u2019Abraham jusqu\u2019\u00e0 J\u00e9sus\" data-kale-share-url=\"https:\/\/blog.holyart.it\/fr\/?p=4700\" \/><\/div>\n<div class=\"blocco-contenuto\">\n<div class=\"blocco-acquista\">Acheter sur Holyart:<\/div>\n<div class=\"blocco-titolo\"><a href=\"https:\/\/www.holyart.fr\/accessoires-pour-la-liturgie\/chandeliers-candelabres-bases-pour-cierge\/candelabres\/candelabre-menorah-7-flammes-laiton-dore-hauteur-35-cm?path=accessoires-pour-la-liturgie&amp;path=chandeliers-candelabres-bases-pour-cierge&amp;path=candelabres&amp;path=candelabre-menorah-7-flammes-laiton-dore-hauteur-35-cm\">Cand\u00e9labre M\u00e9norah 7 flammes<\/a><\/div>\n<div class=\"blocco-descrizione\">R\u00e9alis\u00e9 en laiton dor\u00e9, hauteur 35 cm.<\/div>\n<\/div>\n<\/div>\n<p>Le <strong>chiffre trois<\/strong> aussi avait une valeur symbolique : r\u00e9p\u00e9ter trois fois un geste ou un mot le chargeait d\u2019un pouvoir et d\u2019une compl\u00e9tude sup\u00e9rieurs. Dans les Saintes \u00c9critures, le chiffre trois revient souvent : pensons aux trois tentations de J\u00e9sus, \u00e0 <a href=\"https:\/\/www.holyart.fr\/blog\/articles-religieux\/la-tombe-de-saint-pierre-et-son-incroyable-decouverte\/\"><strong>Pierre<\/strong><\/a> qui renie son Ma\u00eetre pour trois fois, et ainsi de suite.<\/p>\n<div class=\"link-article\">\n<p><img loading=\"lazy\" decoding=\"async\" class=\"alignnone size-full wp-image-4706\" src=\"https:\/\/blog.holyart.it\/fr\/wp-content\/uploads\/sites\/14\/2022\/06\/tombe-de-Saint-Pierre.jpeg\" alt=\"tombe-de-Saint-Pierre\" width=\"150\" height=\"100\" data-kale-share-title=\"La descendance d\u2019Abraham jusqu\u2019\u00e0 J\u00e9sus\" data-kale-share-url=\"https:\/\/blog.holyart.it\/fr\/?p=4700\" \/><\/p>\n<div class=\"leggi-anche\">Lire aussi :<\/div>\n<p><strong><a href=\"https:\/\/www.holyart.fr\/blog\/articles-religieux\/la-tombe-de-saint-pierre-et-son-incroyable-decouverte\/\">La tombe de Saint Pierre et son incroyable d\u00e9couverte<\/a><\/strong><br \/>\nLa tombe de Saint Pierre \u00e0 Rome est consid\u00e9r\u00e9e depuis toujours comme un des lieux sacr\u00e9s de la chr\u00e9tient\u00e9 par excellence. D\u00e9couvrons-en&#8230;<\/p>\n<\/div>\n<p>Dans la g\u00e9n\u00e9alogie de Matthieu, qui part d\u2019Abraham et arrive \u00e0 J\u00e9sus, nous pouvons identifier trois groupes de <strong>quatorze<\/strong> noms (multiple de sept), c\u2019est-\u00e0-dire <strong>six sept\u00e9naires<\/strong>. J\u00e9sus est le premier nom du <strong>septi\u00e8me groupe<\/strong>.<br \/>\nDans la g\u00e9n\u00e9alogie de Luc, qui va d\u2019Adam \u00e0 J\u00e9sus, les noms contempl\u00e9s sont ceux de <strong>septante sept <\/strong>anc\u00eatres, que nous pouvons diviser en <strong>onze sept\u00e9naires<\/strong>. J\u00e9sus est le premier nom du douzi\u00e8me groupe.<\/p>\n<p>Les r\u00e9f\u00e9rences num\u00e9riques sont nombreuses et vari\u00e9es, et nous font comprendre comment ces g\u00e9n\u00e9alogies ne doivent pas \u00eatre lues comme des documents d\u2019\u00e9tat civil, mais comme des documents <strong>th\u00e9ologiques<\/strong>, o\u00f9 tout est destin\u00e9 \u00e0 exprimer de la mani\u00e8re la plus convaincante possible un message spirituel.<\/p>\n<h2>J\u00e9sus, Adam et l\u2019arbre de la vie<\/h2>\n<p>Nous avons d\u00e9j\u00e0 dit que pour Luc l\u2019histoire du Salut commence avec nos anc\u00eatres, <a href=\"https:\/\/www.holyart.fr\/blog\/articles-religieux\/lhistoire-dadam-et-deve\/\"><strong>Adam et \u00c8ve<\/strong><\/a>, et se conclut avec J\u00e9sus. Approfondir le lien entre J\u00e9sus et Adam demanderait bien plus de temps, puisqu\u2019il s\u2019agit de quelque chose de tout \u00e0 fait incontournable dans l\u2019histoire de la religion chr\u00e9tienne.<\/p>\n<div class=\"link-article\">\n<p><img loading=\"lazy\" decoding=\"async\" class=\"alignnone size-full wp-image-4708\" src=\"https:\/\/blog.holyart.it\/fr\/wp-content\/uploads\/sites\/14\/2022\/06\/L\u2019histoire-d\u2019Adam-et-d\u2019Eve.jpg\" alt=\"L\u2019histoire d\u2019Adam et d\u2019Eve\" width=\"150\" height=\"99\" data-kale-share-title=\"La descendance d\u2019Abraham jusqu\u2019\u00e0 J\u00e9sus\" data-kale-share-url=\"https:\/\/blog.holyart.it\/fr\/?p=4700\" \/><\/p>\n<div class=\"leggi-anche\">Lire aussi :<\/div>\n<p><strong><a href=\"https:\/\/www.holyart.fr\/blog\/articles-religieux\/lhistoire-dadam-et-deve\/\">L\u2019histoire d\u2019Adam et d\u2019\u00c8ve<\/a><\/strong><br \/>\nQui ne connait pas l\u2019histoire d\u2019Adam et d\u2019\u00c8ve, le premier homme et la premi\u00e8re femme ? Mais sommes-nous s\u00fbrs de la conna\u00eetre vraiment ?<\/p>\n<\/div>\n<p>Adam a \u00e9t\u00e9 le <strong>premier homme<\/strong>, cr\u00e9e par Dieu \u00e0 son image et \u00e0 sa ressemblance, et toutefois fallacieux, \u00e9tant donn\u00e9 qu\u2019il trahit la confiance de Son Cr\u00e9ateur et commet le P\u00e9ch\u00e9 originel.<br \/>\nJ\u00e9sus, <strong>nouvel homme<\/strong>, Dieu fait chair, est le <strong>nouvel Adam<\/strong>, retourn\u00e9 dans le monde pour sauver l\u2019humanit\u00e9 de ses propres p\u00e9ch\u00e9s. L\u00e0 o\u00f9 Adam \u00e9tait imparfait, <strong>J\u00e9sus est perfection<\/strong>, et dans Son sacrifice l\u2019humanit\u00e9 retrouve l\u2019innocence perdue dans l\u2019\u00c9den, et avec elle le don de l\u2019immortalit\u00e9 qui autrefois \u00e9tait garantie par les fruits de l\u2019<a href=\"https:\/\/www.holyart.fr\/blog\/articles-religieux\/signification-de-larbre-de-vie\/\"><strong>Arbre de la vie<\/strong><\/a>, qui poussait au c\u0153ur du Paradis terrestre. En J\u00e9sus, l\u2019Arbre de la Vie recommence \u00e0 fleurir sous la forme de la <strong>Croix<\/strong>, symbole d\u2019amour infini et de vie \u00e9ternelle pour qui est dispos\u00e9 \u00e0 en manger le fruit.<\/p>\n<div class=\"link-article\">\n<p><img loading=\"lazy\" decoding=\"async\" class=\"alignnone size-full wp-image-4710\" src=\"https:\/\/blog.holyart.it\/fr\/wp-content\/uploads\/sites\/14\/2022\/06\/La-signification-de-l\u2019Arbre-de-la-vie.jpg\" alt=\"La signification de l\u2019Arbre de la vie\" width=\"150\" height=\"99\" data-kale-share-title=\"La descendance d\u2019Abraham jusqu\u2019\u00e0 J\u00e9sus\" data-kale-share-url=\"https:\/\/blog.holyart.it\/fr\/?p=4700\" \/><\/p>\n<div class=\"leggi-anche\">Lire aussi :<\/div>\n<p><strong><a href=\"https:\/\/www.holyart.fr\/blog\/articles-religieux\/signification-de-larbre-de-vie\/\">La signification de l\u2019Arbre de la vie<\/a><\/strong><br \/>\nToutes les religions, d\u00e8s les origines de l\u2019histoire humaine, sont li\u00e9es d\u2019une mani\u00e8re ou d\u2019une autres aux arbres. Nous avons d\u00e9j\u00e0 approfondi ce&#8230;<\/p>\n<\/div>\n<h2>Les femmes dans la g\u00e9n\u00e9alogie de J\u00e9sus<\/h2>\n<p>Un \u00e9l\u00e9ment surprenant dans la descendance d\u2019Abraham pr\u00e9sent\u00e9e par Matthieu est la pr\u00e9sence de <strong>quatre femmes, auxquelles s\u2019ajoute <a href=\"https:\/\/www.holyart.fr\/blog\/articles-religieux\/deve-a-marie-la-figure-de-la-mere-dans-la-bible\/\">Marie, m\u00e8re de J\u00e9sus<\/a><\/strong>. Surprenant et insolite car dans les g\u00e9n\u00e9alogies du monde juif le concept de parents n\u2019existait pas, car ce n\u2019\u00e9tait que les p\u00e8res qui g\u00e9n\u00e9raient les enfants. De plus, les femmes mentionn\u00e9es dans la g\u00e9n\u00e9alogie de J\u00e9sus, sa m\u00e8re Marie exclue, ne sont pas des personnages c\u00e9l\u00e8bres li\u00e9s \u00e0 l\u2019histoire du peuple juif, mais des femmes pa\u00efennes \u00e0 la r\u00e9putation incertaine, comme <em>Thamar<\/em>, protagoniste d\u2019un cas d\u2019inceste, ou <em>Rahab<\/em>, prostitu\u00e9e par profession. <em>Ruth<\/em> aussi, rest\u00e9e veuve, con\u00e7ut Obed, arri\u00e8re-grand-p\u00e8re du Roi David, hors du mariage, tandis que <em>Bethsab\u00e9e<\/em> se fit s\u00e9duire par David m\u00eame si elle \u00e9tait d\u00e9j\u00e0 mari\u00e9e et donna le jour \u00e0 Salomon.<\/p>\n<div class=\"link-article\">\n<p><img loading=\"lazy\" decoding=\"async\" class=\"alignnone size-full wp-image-4713\" src=\"https:\/\/blog.holyart.it\/fr\/wp-content\/uploads\/sites\/14\/2022\/06\/la-figure-de-la-Mere-dans-la-Bible.jpg\" alt=\"la figure de la Mere dans la Bible\" width=\"150\" height=\"99\" data-kale-share-title=\"La descendance d\u2019Abraham jusqu\u2019\u00e0 J\u00e9sus\" data-kale-share-url=\"https:\/\/blog.holyart.it\/fr\/?p=4700\" \/><\/p>\n<div class=\"leggi-anche\">Lire aussi :<\/div>\n<p><strong><a href=\"https:\/\/www.holyart.fr\/blog\/articles-religieux\/deve-a-marie-la-figure-de-la-mere-dans-la-bible\/\">D\u2019\u00c8ve \u00e0 Marie : la figure de la M\u00e8re dans la Bible<\/a><\/strong><br \/>\nLa m\u00e8re, pilier de chaque famille , coeur et source de vie pour ceux qui gravitent autour d\u2019elle. Et pourtant parfois nous la donnons pour acquise.<\/p>\n<\/div>\n<p>Parmi les diff\u00e9rentes th\u00e9ories concernant l\u2019int\u00e9gration de ces quatre figures f\u00e9minines dans la descendance d\u2019Abraham \u00e9num\u00e9r\u00e9e par Matthieu, a \u00e9t\u00e9 \u00e9valu\u00e9e la possibilit\u00e9 que, en tant que <strong>p\u00e9cheresses<\/strong>, elles expriment toutes le <strong>message de salut et d\u2019expiation<\/strong> des p\u00e9ch\u00e9s incarn\u00e9 par J\u00e9sus.<\/p>\n<p>En outre, elles \u00e9taient toutes <strong>\u00e9trang\u00e8res<\/strong> et vivaient une <strong>condition irr\u00e9guli\u00e8re avec les hommes<\/strong>, y comprise Marie, \u00e9pouse de Joseph, qui toutefois n\u2019\u00e9tait pas le p\u00e8re de son Fils.<\/p>\n<p>Matthieu a probablement voulu montrer la grandeur de Dieu, qui a su rendre ces femmes des <strong>m\u00e8res<\/strong> malgr\u00e9 les difficult\u00e9s, ou peut-\u00eatre a-t-il voulu \u00e9largir la contextualisation de la figure de J\u00e9sus, en soutenant qu\u2019il n\u2019avait pas uniquement du sang juif, mais \u00e9tranger aussi, en vertu de sa parent\u00e9 avec ces femmes.<\/p>\n<p>Force est de constater que les quatre p\u00e9cheresses cit\u00e9es ne sont pas les seuls <strong>personnages controvers\u00e9s<\/strong> pr\u00e9sents dans la g\u00e9n\u00e9alogie de J\u00e9sus. David, Salomon, Ahab et Manass\u00e9 se t\u00e2ch\u00e8rent d\u2019actions indignes, voire sanglantes.<br \/>\nMais cela aussi fait partie du message que l\u2019\u00e9vang\u00e9liste Matthieu voulait exprimer, c\u2019est-\u00e0-dire que J\u00e9sus, <strong>descendant des P\u00e8res du peuple juif<\/strong>, mais aussi <strong>incarnation de Dieu<\/strong>, qui choisit de descendre parmi les hommes, bien que conscient de leurs imperfections, est le nouvel Adam, l\u2019homme nouveau cr\u00e9\u00e9 \u00e0 image et \u00e0 ressemblance de Dieu afin de r\u00e9dimer l\u2019humanit\u00e9 enti\u00e8re.<\/p>\n","protected":false},"excerpt":{"rendered":"<p>La descendance d&rsquo;Abraham, i.e. la g\u00e9n\u00e9alogie de J\u00e9sus, a une importance fondamentale dans l\u2019histoire du Christianisme et peut \u00eatre consid\u00e9r\u00e9e comme un r\u00e9sum\u00e9 de l\u2019histoire enti\u00e8re du peuple juif. D\u00e9couvrons pourquoi. Pourquoi dans le premier livre de l\u2019\u00c9vangile de Matthieu et dans le troisi\u00e8me de&hellip;<\/p>\n","protected":false},"author":1,"featured_media":4716,"comment_status":"closed","ping_status":"open","sticky":false,"template":"","format":"standard","meta":{"_acf_changed":false,"footnotes":""},"categories":[8],"tags":[],"class_list":["post-4700","post","type-post","status-publish","format-standard","has-post-thumbnail","hentry","category-articles-religieux"],"acf":[],"yoast_head":"<!-- This site is optimized with the Yoast SEO plugin v26.6 - https:\/\/yoast.com\/wordpress\/plugins\/seo\/ -->\n<title>La descendance d\u2019Abraham jusqu\u2019\u00e0 J\u00e9sus - Holyart.fr Blog<\/title>\n<meta name=\"description\" content=\"La descendance d&#039;Abraham, i.e. la g\u00e9n\u00e9alogie de J\u00e9sus, a une importance fondamentale dans l\u2019histoire du Christianisme et peut \u00eatre consid\u00e9r\u00e9e comme un...\" \/>\n<meta name=\"robots\" content=\"index, follow, max-snippet:-1, max-image-preview:large, max-video-preview:-1\" \/>\n<link rel=\"canonical\" href=\"https:\/\/blog.holyart.it\/fr\/articles-religieux\/la-descendance-dabraham-jusqua-jesus\/\" \/>\n<meta property=\"og:locale\" content=\"fr_FR\" \/>\n<meta property=\"og:type\" content=\"article\" \/>\n<meta property=\"og:title\" content=\"La descendance d\u2019Abraham jusqu\u2019\u00e0 J\u00e9sus - Holyart.fr Blog\" \/>\n<meta property=\"og:description\" content=\"La descendance d&#039;Abraham, i.e. la g\u00e9n\u00e9alogie de J\u00e9sus, a une importance fondamentale dans l\u2019histoire du Christianisme et peut \u00eatre consid\u00e9r\u00e9e comme un...\" \/>\n<meta property=\"og:url\" content=\"https:\/\/blog.holyart.it\/fr\/articles-religieux\/la-descendance-dabraham-jusqua-jesus\/\" \/>\n<meta property=\"og:site_name\" content=\"Holyart.fr Blog\" \/>\n<meta property=\"article:published_time\" content=\"2022-06-08T10:30:55+00:00\" \/>\n<meta property=\"article:modified_time\" content=\"2025-03-07T15:34:26+00:00\" \/>\n<meta property=\"og:image\" content=\"https:\/\/blog.holyart.it\/fr\/wp-content\/uploads\/sites\/14\/2022\/06\/La-descendance-d\u2019Abraham-jusqu\u2019a-Jesus.jpeg\" \/>\n\t<meta property=\"og:image:width\" content=\"1000\" \/>\n\t<meta property=\"og:image:height\" content=\"659\" \/>\n\t<meta property=\"og:image:type\" content=\"image\/jpeg\" \/>\n<meta name=\"author\" content=\"Redazione\" \/>\n<meta name=\"twitter:card\" content=\"summary_large_image\" \/>\n<meta name=\"twitter:label1\" content=\"\u00c9crit par\" \/>\n\t<meta name=\"twitter:data1\" content=\"Redazione\" \/>\n\t<meta name=\"twitter:label2\" content=\"Dur\u00e9e de lecture estim\u00e9e\" \/>\n\t<meta name=\"twitter:data2\" content=\"11 minutes\" \/>\n<script type=\"application\/ld+json\" class=\"yoast-schema-graph\">{\"@context\":\"https:\/\/schema.org\",\"@graph\":[{\"@type\":\"Article\",\"@id\":\"https:\/\/blog.holyart.it\/fr\/articles-religieux\/la-descendance-dabraham-jusqua-jesus\/#article\",\"isPartOf\":{\"@id\":\"https:\/\/blog.holyart.it\/fr\/articles-religieux\/la-descendance-dabraham-jusqua-jesus\/\"},\"author\":{\"name\":\"Redazione\",\"@id\":\"https:\/\/blog.holyart.it\/fr\/#\/schema\/person\/0a7b686e5af0f856ec1e390dd0baecda\"},\"headline\":\"La descendance d\u2019Abraham jusqu\u2019\u00e0 J\u00e9sus\",\"datePublished\":\"2022-06-08T10:30:55+00:00\",\"dateModified\":\"2025-03-07T15:34:26+00:00\",\"mainEntityOfPage\":{\"@id\":\"https:\/\/blog.holyart.it\/fr\/articles-religieux\/la-descendance-dabraham-jusqua-jesus\/\"},\"wordCount\":2070,\"publisher\":{\"@id\":\"https:\/\/blog.holyart.it\/fr\/#organization\"},\"image\":{\"@id\":\"https:\/\/blog.holyart.it\/fr\/articles-religieux\/la-descendance-dabraham-jusqua-jesus\/#primaryimage\"},\"thumbnailUrl\":\"https:\/\/blog.holyart.it\/fr\/wp-content\/uploads\/sites\/14\/2022\/06\/La-descendance-d\u2019Abraham-jusqu\u2019a-Jesus.jpeg\",\"articleSection\":[\"Religion\"],\"inLanguage\":\"fr-FR\"},{\"@type\":\"WebPage\",\"@id\":\"https:\/\/blog.holyart.it\/fr\/articles-religieux\/la-descendance-dabraham-jusqua-jesus\/\",\"url\":\"https:\/\/blog.holyart.it\/fr\/articles-religieux\/la-descendance-dabraham-jusqua-jesus\/\",\"name\":\"La descendance d\u2019Abraham jusqu\u2019\u00e0 J\u00e9sus - Holyart.fr Blog\",\"isPartOf\":{\"@id\":\"https:\/\/blog.holyart.it\/fr\/#website\"},\"primaryImageOfPage\":{\"@id\":\"https:\/\/blog.holyart.it\/fr\/articles-religieux\/la-descendance-dabraham-jusqua-jesus\/#primaryimage\"},\"image\":{\"@id\":\"https:\/\/blog.holyart.it\/fr\/articles-religieux\/la-descendance-dabraham-jusqua-jesus\/#primaryimage\"},\"thumbnailUrl\":\"https:\/\/blog.holyart.it\/fr\/wp-content\/uploads\/sites\/14\/2022\/06\/La-descendance-d\u2019Abraham-jusqu\u2019a-Jesus.jpeg\",\"datePublished\":\"2022-06-08T10:30:55+00:00\",\"dateModified\":\"2025-03-07T15:34:26+00:00\",\"description\":\"La descendance d'Abraham, i.e. la g\u00e9n\u00e9alogie de J\u00e9sus, a une importance fondamentale dans l\u2019histoire du Christianisme et peut \u00eatre consid\u00e9r\u00e9e comme un...\",\"breadcrumb\":{\"@id\":\"https:\/\/blog.holyart.it\/fr\/articles-religieux\/la-descendance-dabraham-jusqua-jesus\/#breadcrumb\"},\"inLanguage\":\"fr-FR\",\"potentialAction\":[{\"@type\":\"ReadAction\",\"target\":[\"https:\/\/blog.holyart.it\/fr\/articles-religieux\/la-descendance-dabraham-jusqua-jesus\/\"]}]},{\"@type\":\"ImageObject\",\"inLanguage\":\"fr-FR\",\"@id\":\"https:\/\/blog.holyart.it\/fr\/articles-religieux\/la-descendance-dabraham-jusqua-jesus\/#primaryimage\",\"url\":\"https:\/\/blog.holyart.it\/fr\/wp-content\/uploads\/sites\/14\/2022\/06\/La-descendance-d\u2019Abraham-jusqu\u2019a-Jesus.jpeg\",\"contentUrl\":\"https:\/\/blog.holyart.it\/fr\/wp-content\/uploads\/sites\/14\/2022\/06\/La-descendance-d\u2019Abraham-jusqu\u2019a-Jesus.jpeg\",\"width\":1000,\"height\":659,\"caption\":\"La descendance d\u2019Abraham jusqu\u2019a Jesus\"},{\"@type\":\"BreadcrumbList\",\"@id\":\"https:\/\/blog.holyart.it\/fr\/articles-religieux\/la-descendance-dabraham-jusqua-jesus\/#breadcrumb\",\"itemListElement\":[{\"@type\":\"ListItem\",\"position\":1,\"name\":\"Homepage\",\"item\":\"https:\/\/blog.holyart.it\/fr\/\"},{\"@type\":\"ListItem\",\"position\":2,\"name\":\"Religion\",\"item\":\"https:\/\/blog.holyart.it\/fr\/articles-religieux\/\"},{\"@type\":\"ListItem\",\"position\":3,\"name\":\"La descendance d\u2019Abraham jusqu\u2019\u00e0 J\u00e9sus\"}]},{\"@type\":\"WebSite\",\"@id\":\"https:\/\/blog.holyart.it\/fr\/#website\",\"url\":\"https:\/\/blog.holyart.it\/fr\/\",\"name\":\"Holyart.fr Blog\",\"description\":\"Holyblog\",\"publisher\":{\"@id\":\"https:\/\/blog.holyart.it\/fr\/#organization\"},\"potentialAction\":[{\"@type\":\"SearchAction\",\"target\":{\"@type\":\"EntryPoint\",\"urlTemplate\":\"https:\/\/blog.holyart.it\/fr\/?s={search_term_string}\"},\"query-input\":{\"@type\":\"PropertyValueSpecification\",\"valueRequired\":true,\"valueName\":\"search_term_string\"}}],\"inLanguage\":\"fr-FR\"},{\"@type\":\"Organization\",\"@id\":\"https:\/\/blog.holyart.it\/fr\/#organization\",\"name\":\"Holyart.fr Blog\",\"url\":\"https:\/\/blog.holyart.it\/fr\/\",\"logo\":{\"@type\":\"ImageObject\",\"inLanguage\":\"fr-FR\",\"@id\":\"https:\/\/blog.holyart.it\/fr\/#\/schema\/logo\/image\/\",\"url\":\"https:\/\/blog.holyart.it\/fr\/wp-content\/uploads\/sites\/14\/2022\/12\/Holyart_Blog_Logo.jpg\",\"contentUrl\":\"https:\/\/blog.holyart.it\/fr\/wp-content\/uploads\/sites\/14\/2022\/12\/Holyart_Blog_Logo.jpg\",\"width\":300,\"height\":50,\"caption\":\"Holyart.fr Blog\"},\"image\":{\"@id\":\"https:\/\/blog.holyart.it\/fr\/#\/schema\/logo\/image\/\"}},{\"@type\":\"Person\",\"@id\":\"https:\/\/blog.holyart.it\/fr\/#\/schema\/person\/0a7b686e5af0f856ec1e390dd0baecda\",\"name\":\"Redazione\",\"image\":{\"@type\":\"ImageObject\",\"inLanguage\":\"fr-FR\",\"@id\":\"https:\/\/blog.holyart.it\/fr\/#\/schema\/person\/image\/\",\"url\":\"https:\/\/secure.gravatar.com\/avatar\/f477da817f43e50d0af36abecd33e3edf826c68299714bdc1057dff3b113f516?s=96&d=mm&r=g\",\"contentUrl\":\"https:\/\/secure.gravatar.com\/avatar\/f477da817f43e50d0af36abecd33e3edf826c68299714bdc1057dff3b113f516?s=96&d=mm&r=g\",\"caption\":\"Redazione\"},\"url\":\"https:\/\/blog.holyart.it\/fr\/author\/admin\/\"}]}<\/script>\n<!-- \/ Yoast SEO plugin. -->","yoast_head_json":{"title":"La descendance d\u2019Abraham jusqu\u2019\u00e0 J\u00e9sus - Holyart.fr Blog","description":"La descendance d'Abraham, i.e. la g\u00e9n\u00e9alogie de J\u00e9sus, a une importance fondamentale dans l\u2019histoire du Christianisme et peut \u00eatre consid\u00e9r\u00e9e comme un...","robots":{"index":"index","follow":"follow","max-snippet":"max-snippet:-1","max-image-preview":"max-image-preview:large","max-video-preview":"max-video-preview:-1"},"canonical":"https:\/\/blog.holyart.it\/fr\/articles-religieux\/la-descendance-dabraham-jusqua-jesus\/","og_locale":"fr_FR","og_type":"article","og_title":"La descendance d\u2019Abraham jusqu\u2019\u00e0 J\u00e9sus - Holyart.fr Blog","og_description":"La descendance d'Abraham, i.e. la g\u00e9n\u00e9alogie de J\u00e9sus, a une importance fondamentale dans l\u2019histoire du Christianisme et peut \u00eatre consid\u00e9r\u00e9e comme un...","og_url":"https:\/\/blog.holyart.it\/fr\/articles-religieux\/la-descendance-dabraham-jusqua-jesus\/","og_site_name":"Holyart.fr Blog","article_published_time":"2022-06-08T10:30:55+00:00","article_modified_time":"2025-03-07T15:34:26+00:00","og_image":[{"width":1000,"height":659,"url":"https:\/\/blog.holyart.it\/fr\/wp-content\/uploads\/sites\/14\/2022\/06\/La-descendance-d\u2019Abraham-jusqu\u2019a-Jesus.jpeg","type":"image\/jpeg"}],"author":"Redazione","twitter_card":"summary_large_image","twitter_misc":{"\u00c9crit par":"Redazione","Dur\u00e9e de lecture estim\u00e9e":"11 minutes"},"schema":{"@context":"https:\/\/schema.org","@graph":[{"@type":"Article","@id":"https:\/\/blog.holyart.it\/fr\/articles-religieux\/la-descendance-dabraham-jusqua-jesus\/#article","isPartOf":{"@id":"https:\/\/blog.holyart.it\/fr\/articles-religieux\/la-descendance-dabraham-jusqua-jesus\/"},"author":{"name":"Redazione","@id":"https:\/\/blog.holyart.it\/fr\/#\/schema\/person\/0a7b686e5af0f856ec1e390dd0baecda"},"headline":"La descendance d\u2019Abraham jusqu\u2019\u00e0 J\u00e9sus","datePublished":"2022-06-08T10:30:55+00:00","dateModified":"2025-03-07T15:34:26+00:00","mainEntityOfPage":{"@id":"https:\/\/blog.holyart.it\/fr\/articles-religieux\/la-descendance-dabraham-jusqua-jesus\/"},"wordCount":2070,"publisher":{"@id":"https:\/\/blog.holyart.it\/fr\/#organization"},"image":{"@id":"https:\/\/blog.holyart.it\/fr\/articles-religieux\/la-descendance-dabraham-jusqua-jesus\/#primaryimage"},"thumbnailUrl":"https:\/\/blog.holyart.it\/fr\/wp-content\/uploads\/sites\/14\/2022\/06\/La-descendance-d\u2019Abraham-jusqu\u2019a-Jesus.jpeg","articleSection":["Religion"],"inLanguage":"fr-FR"},{"@type":"WebPage","@id":"https:\/\/blog.holyart.it\/fr\/articles-religieux\/la-descendance-dabraham-jusqua-jesus\/","url":"https:\/\/blog.holyart.it\/fr\/articles-religieux\/la-descendance-dabraham-jusqua-jesus\/","name":"La descendance d\u2019Abraham jusqu\u2019\u00e0 J\u00e9sus - Holyart.fr Blog","isPartOf":{"@id":"https:\/\/blog.holyart.it\/fr\/#website"},"primaryImageOfPage":{"@id":"https:\/\/blog.holyart.it\/fr\/articles-religieux\/la-descendance-dabraham-jusqua-jesus\/#primaryimage"},"image":{"@id":"https:\/\/blog.holyart.it\/fr\/articles-religieux\/la-descendance-dabraham-jusqua-jesus\/#primaryimage"},"thumbnailUrl":"https:\/\/blog.holyart.it\/fr\/wp-content\/uploads\/sites\/14\/2022\/06\/La-descendance-d\u2019Abraham-jusqu\u2019a-Jesus.jpeg","datePublished":"2022-06-08T10:30:55+00:00","dateModified":"2025-03-07T15:34:26+00:00","description":"La descendance d'Abraham, i.e. la g\u00e9n\u00e9alogie de J\u00e9sus, a une importance fondamentale dans l\u2019histoire du Christianisme et peut \u00eatre consid\u00e9r\u00e9e comme un...","breadcrumb":{"@id":"https:\/\/blog.holyart.it\/fr\/articles-religieux\/la-descendance-dabraham-jusqua-jesus\/#breadcrumb"},"inLanguage":"fr-FR","potentialAction":[{"@type":"ReadAction","target":["https:\/\/blog.holyart.it\/fr\/articles-religieux\/la-descendance-dabraham-jusqua-jesus\/"]}]},{"@type":"ImageObject","inLanguage":"fr-FR","@id":"https:\/\/blog.holyart.it\/fr\/articles-religieux\/la-descendance-dabraham-jusqua-jesus\/#primaryimage","url":"https:\/\/blog.holyart.it\/fr\/wp-content\/uploads\/sites\/14\/2022\/06\/La-descendance-d\u2019Abraham-jusqu\u2019a-Jesus.jpeg","contentUrl":"https:\/\/blog.holyart.it\/fr\/wp-content\/uploads\/sites\/14\/2022\/06\/La-descendance-d\u2019Abraham-jusqu\u2019a-Jesus.jpeg","width":1000,"height":659,"caption":"La descendance d\u2019Abraham jusqu\u2019a Jesus"},{"@type":"BreadcrumbList","@id":"https:\/\/blog.holyart.it\/fr\/articles-religieux\/la-descendance-dabraham-jusqua-jesus\/#breadcrumb","itemListElement":[{"@type":"ListItem","position":1,"name":"Homepage","item":"https:\/\/blog.holyart.it\/fr\/"},{"@type":"ListItem","position":2,"name":"Religion","item":"https:\/\/blog.holyart.it\/fr\/articles-religieux\/"},{"@type":"ListItem","position":3,"name":"La descendance d\u2019Abraham jusqu\u2019\u00e0 J\u00e9sus"}]},{"@type":"WebSite","@id":"https:\/\/blog.holyart.it\/fr\/#website","url":"https:\/\/blog.holyart.it\/fr\/","name":"Holyart.fr Blog","description":"Holyblog","publisher":{"@id":"https:\/\/blog.holyart.it\/fr\/#organization"},"potentialAction":[{"@type":"SearchAction","target":{"@type":"EntryPoint","urlTemplate":"https:\/\/blog.holyart.it\/fr\/?s={search_term_string}"},"query-input":{"@type":"PropertyValueSpecification","valueRequired":true,"valueName":"search_term_string"}}],"inLanguage":"fr-FR"},{"@type":"Organization","@id":"https:\/\/blog.holyart.it\/fr\/#organization","name":"Holyart.fr Blog","url":"https:\/\/blog.holyart.it\/fr\/","logo":{"@type":"ImageObject","inLanguage":"fr-FR","@id":"https:\/\/blog.holyart.it\/fr\/#\/schema\/logo\/image\/","url":"https:\/\/blog.holyart.it\/fr\/wp-content\/uploads\/sites\/14\/2022\/12\/Holyart_Blog_Logo.jpg","contentUrl":"https:\/\/blog.holyart.it\/fr\/wp-content\/uploads\/sites\/14\/2022\/12\/Holyart_Blog_Logo.jpg","width":300,"height":50,"caption":"Holyart.fr Blog"},"image":{"@id":"https:\/\/blog.holyart.it\/fr\/#\/schema\/logo\/image\/"}},{"@type":"Person","@id":"https:\/\/blog.holyart.it\/fr\/#\/schema\/person\/0a7b686e5af0f856ec1e390dd0baecda","name":"Redazione","image":{"@type":"ImageObject","inLanguage":"fr-FR","@id":"https:\/\/blog.holyart.it\/fr\/#\/schema\/person\/image\/","url":"https:\/\/secure.gravatar.com\/avatar\/f477da817f43e50d0af36abecd33e3edf826c68299714bdc1057dff3b113f516?s=96&d=mm&r=g","contentUrl":"https:\/\/secure.gravatar.com\/avatar\/f477da817f43e50d0af36abecd33e3edf826c68299714bdc1057dff3b113f516?s=96&d=mm&r=g","caption":"Redazione"},"url":"https:\/\/blog.holyart.it\/fr\/author\/admin\/"}]}},"_links":{"self":[{"href":"https:\/\/blog.holyart.it\/fr\/wp-json\/wp\/v2\/posts\/4700","targetHints":{"allow":["GET"]}}],"collection":[{"href":"https:\/\/blog.holyart.it\/fr\/wp-json\/wp\/v2\/posts"}],"about":[{"href":"https:\/\/blog.holyart.it\/fr\/wp-json\/wp\/v2\/types\/post"}],"author":[{"embeddable":true,"href":"https:\/\/blog.holyart.it\/fr\/wp-json\/wp\/v2\/users\/1"}],"replies":[{"embeddable":true,"href":"https:\/\/blog.holyart.it\/fr\/wp-json\/wp\/v2\/comments?post=4700"}],"version-history":[{"count":1,"href":"https:\/\/blog.holyart.it\/fr\/wp-json\/wp\/v2\/posts\/4700\/revisions"}],"predecessor-version":[{"id":6251,"href":"https:\/\/blog.holyart.it\/fr\/wp-json\/wp\/v2\/posts\/4700\/revisions\/6251"}],"wp:featuredmedia":[{"embeddable":true,"href":"https:\/\/blog.holyart.it\/fr\/wp-json\/wp\/v2\/media\/4716"}],"wp:attachment":[{"href":"https:\/\/blog.holyart.it\/fr\/wp-json\/wp\/v2\/media?parent=4700"}],"wp:term":[{"taxonomy":"category","embeddable":true,"href":"https:\/\/blog.holyart.it\/fr\/wp-json\/wp\/v2\/categories?post=4700"},{"taxonomy":"post_tag","embeddable":true,"href":"https:\/\/blog.holyart.it\/fr\/wp-json\/wp\/v2\/tags?post=4700"}],"curies":[{"name":"wp","href":"https:\/\/api.w.org\/{rel}","templated":true}]}}