{"id":4687,"date":"2022-06-01T12:30:17","date_gmt":"2022-06-01T10:30:17","guid":{"rendered":"https:\/\/blog.holyart.it\/fr\/?p=4687"},"modified":"2024-05-27T15:31:32","modified_gmt":"2024-05-27T13:31:32","slug":"journee-mondiale-des-parents","status":"publish","type":"post","link":"https:\/\/blog.holyart.it\/fr\/articles-religieux\/journee-mondiale-des-parents\/","title":{"rendered":"Journ\u00e9e mondiale des parents"},"content":{"rendered":"<h4>Le 1er juin c\u2019est la journ\u00e9e mondiale des parents 2022, un moment pour rappeler l\u2019importance des parents en tant que premiers et principaux \u00e9ducateurs des enfants.<\/h4>\n\n<p>La\u00a0<strong>Journ\u00e9e mondiale des parents <\/strong>a \u00e9t\u00e9 institu\u00e9e par l\u2019<strong>ONU<\/strong> en 2012 avec la r\u00e9solution A\/RES\/66\/292 dans le but de c\u00e9l\u00e9brer les parents du monde entier, de toutes les races, cultures et professions de foi, en rappelant leurs sacrifices et l\u2019engagement \u00e0 cultiver le rapport avec leurs enfants pour les faire grandir dans les meilleures conditions.<\/p>\n<p>Cela peut sembler banal, presque escompt\u00e9 que les parents soient les premiers \u00e9ducateurs des enfants, les futurs adultes du monde de demain.<\/p>\n<p>Mais malheureusement ce n\u2019est pas le cas.<\/p>\n<p>Ceux qui \u00e9duquent un enfant, qui assument la responsabilit\u00e9 de l\u2019adulte qu\u2019il deviendra, se trouvent \u00e0 devoir soutenir un engagement tr\u00e8s lourd et d\u00e9licat, pour l\u2019enfant m\u00eame, mais aussi pour toute la communaut\u00e9. Nous parlons de parents biologiques, mais adoptifs aussi.<\/p>\n<p>Et pourtant la <strong>profonde crise<\/strong> qui a boulevers\u00e9 la soci\u00e9t\u00e9 moderne dans les derni\u00e8res d\u00e9c\u00e9nnies a fait vaciller l\u2019importance de la figure parentale. Du reste, \u00e0 bien y r\u00e9fl\u00e9chir, c\u2019est le <strong>concept m\u00eame de famille<\/strong> qui est entr\u00e9 en crise, \u00e0 cause de toute une s\u00e9rie de tensions et forces qui ont \u00e9loign\u00e9 de plus en plus les individus singuliers du noyau familial v\u00e9ritable. La faute, si l\u2019on peut dire, au <strong>boom \u00e9conomique<\/strong>, qui a apport\u00e9 un plus grand bien-\u00eatre au d\u00e9triment d\u2019un plus grand engagement des femmes dans le monde du travail. Par cons\u00e9quent, moins de temps pour s\u2019occuper des enfants, voire moins de temps pour avoir, des enfants.<\/p>\n<p>\u00c0 cela, ajoutons des <strong>changements soci\u00e9taux et de pens\u00e9e<\/strong>, qui ont \u00e9volu\u00e9 au cours du temps.<\/p>\n<p>La <strong>plus grande \u00e9mancipation des femmes<\/strong>, par exemple, qui a amen\u00e9 \u00e0 une volont\u00e9 accrue d\u2019affirmation personnelle individuelle en dehors de la famille d\u2019appartenance. Le mod\u00e8le de famille patriarcale avec des r\u00f4les pr\u00e9\u00e9tablis et impos\u00e9s sans appel par un h\u00e9ritage g\u00e9n\u00e9rationnel fait sentir les femmes modernes vraiment \u00e0 l\u2019\u00e9troit. Si une femme veut se sortir d\u2019une situation familiale ou sentimentale qui ne la satisfait pas, voire pire qui la l\u00e8se, maintenant elle peut pratiquement le faire \u00e0 tout moment, ou du moins elle a souvent les instruments \u00e9conomiques pour \u00eatre ind\u00e9pendante.<\/p>\n<p>Ensuite, nous devons consid\u00e9rer le <strong>changement des r\u00f4les masculins et f\u00e9minins<\/strong>, qui, si d\u2019un c\u00f4t\u00e9 a permis une expression plus libre et spontan\u00e9e de son int\u00e9riorit\u00e9, elle a \u00e9galement g\u00e9n\u00e9r\u00e9 une certaine confusion dans notre soci\u00e9t\u00e9 qui s\u2019est bas\u00e9e pendant des si\u00e8cles sur des sch\u00e9mas traditionnels. La <strong>lib\u00e9ration sexuelle<\/strong> des ann\u00e9es Soixante a amen\u00e9 \u00e0 une plus grande ing\u00e9rence du plaisir dans le contexte des rapports de couple, en \u00e9branlant une condition s\u00e9culaire pour laquelle seulement aux hommes \u00e9taient permises certaines libert\u00e9s.<\/p>\n<p>Mais les <strong>enfants<\/strong> aussi ont commenc\u00e9 \u00e0 rev\u00eatir un r\u00f4le diff\u00e9rent dans les rapports de couple. D\u00e9sormais les rapports \u00e0 l\u2019int\u00e9rieur de la famille ne sont plus li\u00e9s \u00e0 une hi\u00e9rarchie qui pr\u00e9supposait ob\u00e9issance aveugle et respect d\u00fb. Les parents doivent savoir gagner la confiance de leurs enfants, cr\u00e9er avec eux un rapport fait d\u2019<strong>amour r\u00e9ciproque et de respect<\/strong>, ne pouvant plus compter uniquement sur le lien du sang.<\/p>\n<p>L\u2019instabilit\u00e9 conjugale, le manque de confiance entre conjoints, la facilit\u00e9 avec laquelle hommes et femmes jettent l\u2019\u00e9ponge, en se rendant aux premi\u00e8res difficult\u00e9s et en ayant recours au divorce, plut\u00f4t que de lutter pour sauver un mariage devenu trop vite inconfortable, am\u00e8nent \u00e0 un appauvrissement progressif et inexorable du concept de famille.<\/p>\n<p>Et les <strong>enfants<\/strong>\u00a0? Nerveux, abouliques, d\u00e9motiv\u00e9s, incapables de reconna\u00eetre et d\u2019appr\u00e9cier la valeur des choses mat\u00e9rielles, car trop souvent elles sont utilis\u00e9es afin de compenser le manque de temps ou de capacit\u00e9 de la part des parents \u00e0 affronter engagements et probl\u00e8mes. L\u2019angoisse existentielle qui avant surprenait les adolescents, maintenant elle arrive t\u00f4t, trop t\u00f4t, et comme des oiseaux pouss\u00e9s hors du nid avant le temps, sans un endroit o\u00f9 revenir, sans points de r\u00e9f\u00e9rence solides, les nouveaux hommes et les nouvelles femmes font leur entr\u00e9e dans le monde pleins d\u2019incertitudes et de fragilit\u00e9s.<\/p>\n<p><strong>Mais quand nait un enfant, nait aussi un parent.<\/strong><\/p>\n<p>Nous aimons cette phrase, profond\u00e9ment vraie. Au-del\u00e0 des changements \u00e9conomiques et sociaux de notre temps, bien que le monde soit un endroit difficile pour vivre, d\u00e9vor\u00e9 par le consum\u00e9risme et par la superficialit\u00e9, ou domin\u00e9 par la n\u00e9cessit\u00e9 la plus d\u00e9sesp\u00e9r\u00e9e chez les peuples les moins chanceux, nous aimons penser qu\u2019\u00eatre parents puisse encore signifier quelque chose de fondamental et d\u2019unique.<\/p>\n<p>Pour cette raison, la <strong>Journ\u00e9e mondiale des parents<\/strong> est f\u00eat\u00e9e chaque ann\u00e9e, afin de rappeler et d\u2019honorer ces personnes qui ont entre leurs mains le futur de notre monde et qui travaillent tous les jours pour nous tous. Oui, ils travaillent, car \u00eatre parent est comme un travail, souvent plus fatiguant que beaucoup d\u2019autres, et jamais r\u00e9tribu\u00e9, probablement car sa valeur est tout \u00e0 fait inestimable.<\/p>\n<p>Nous parlons de quelqu\u2019un qui a pour mission et pour devoir de transmettre les justes valeurs aux enfants, afin de les aider \u00e0 construire des mod\u00e8les de vie futurs respectueux de l\u2019\u00e9thique humaine, aliment\u00e9s par la justice, le respect, la gratitude et l\u2019amour.<\/p>\n<p>Ce n\u2019est certainement pas une t\u00e2che facile.<\/p>\n<p>Les parents sont comme les racines de l\u2019<strong>arbre de la vie<\/strong>, dont nous avons parl\u00e9 dans un <a href=\"https:\/\/www.holyart.fr\/blog\/articles-religieux\/signification-de-larbre-de-vie\/\"><strong>article pr\u00e9c\u00e9dent<\/strong><\/a>. Voil\u00e0 que, en plus de repr\u00e9senter depuis l\u2019antiquit\u00e9 un symbole de <strong>vitalit\u00e9 et de renouvellement<\/strong>, l\u2019arbre de la vie exprime \u00e9galement un <strong>lien profond<\/strong>, indissoluble, et, dans le contexte des rapports humains, le <strong>concept de famille<\/strong>, o\u00f9 les parents constituent les racines solides et les enfants les branches luxuriantes, charg\u00e9es de fleurs et de fruits nouveaux. Offrir un bijou ou un objet qui repr\u00e9sente l\u2019arbre de la vie est donc un geste de bon augure pour n\u2019importe quelle famille.<\/p>\n<div class=\"link-article\">\n<p><img loading=\"lazy\" decoding=\"async\" class=\"alignnone size-full wp-image-4689\" src=\"https:\/\/blog.holyart.it\/fr\/wp-content\/uploads\/sites\/14\/2022\/05\/Arbre-de-la-Vie.jpg\" alt=\"Arbre de la Vie\" width=\"150\" height=\"99\" data-kale-share-title=\"Journ\u00e9e mondiale des parents\" data-kale-share-url=\"https:\/\/blog.holyart.it\/fr\/?p=4687\" \/><\/p>\n<div class=\"leggi-anche\">Lire aussi :<\/div>\n<p><strong><a href=\"https:\/\/www.holyart.fr\/blog\/articles-religieux\/signification-de-larbre-de-vie\/\">La signification de l\u2019Arbre de la vie<\/a><\/strong><br \/>\nToutes les religions, d\u00e8s les origines de l\u2019histoire humaine, sont li\u00e9es d\u2019une mani\u00e8re ou d\u2019une autres aux arbres&#8230;<\/p>\n<\/div>\n<h2>Parents dans la Bible<\/h2>\n<p>Nous avons dit que le r\u00f4le de la famille et des parents a profond\u00e9ment chang\u00e9 dans les derni\u00e8res d\u00e9cennies. Mais comment a \u00e9volu\u00e9 le concept de parents et de famille dans la <strong>Bible<\/strong> ? Quel a \u00e9t\u00e9 le plan de Dieu concernant m\u00e8re et p\u00e8re d\u00e8s les origines ?<\/p>\n<p>En souhaitant nous attarder sur le bin\u00f4me parents-Bible, nous comprenons que le concept de famille a des origines profondes d\u00e9j\u00e0 en lisant la Gen\u00e8se, o\u00f9 nous trouvons cette phrase :\u00a0\u00ab\u00a0<em>C\u2019est pourquoi l\u2019homme quittera son p\u00e8re et sa m\u00e8re, et s\u2019attachera \u00e0 une femme, et ils deviendront une seule chair<\/em>\u00a0\u00bb (Gen\u00e8se 2,24). Voil\u00e0 ce qui arrive quand un homme et une femme se marient\u00a0: ils quittent la maison des parents pour cr\u00e9er une famille \u00e0 eux.<\/p>\n<p>Mais faisons \u00e0 un pas en arri\u00e8re, jusqu\u2019\u00e0 <strong>Adam et \u00c8ve<\/strong>, nos anc\u00eatres.<\/p>\n<div class=\"link-article\">\n<p><img loading=\"lazy\" decoding=\"async\" class=\"alignnone size-full wp-image-4691\" src=\"https:\/\/blog.holyart.it\/fr\/wp-content\/uploads\/sites\/14\/2022\/05\/L\u2019histoire-d\u2019Adam-et-d\u2019Eve.jpg\" alt=\"L\u2019histoire d\u2019Adam et d\u2019Eve\" width=\"150\" height=\"99\" data-kale-share-title=\"Journ\u00e9e mondiale des parents\" data-kale-share-url=\"https:\/\/blog.holyart.it\/fr\/?p=4687\" \/><\/p>\n<div class=\"leggi-anche\">Lire aussi :<\/div>\n<p><strong><a href=\"https:\/\/www.holyart.fr\/blog\/articles-religieux\/lhistoire-dadam-et-deve\/\">L\u2019histoire d\u2019Adam et d\u2019\u00c8ve<\/a><\/strong><br \/>\nQui ne connait pas l\u2019histoire d\u2019Adam et d\u2019\u00c8ve, le premier homme et la premi\u00e8re femme ? Mais sommes-nous s\u00fbrs de la conna\u00eetre vraiment ?<\/p>\n<\/div>\n<p>D\u00e8s le d\u00e9but, Dieu a fond\u00e9 le d\u00e9veloppement de l\u2019humanit\u00e9 sur le concept de famille. Que nous consid\u00e9rions la tradition sacerdotale selon laquelle homme et femme ont \u00e9t\u00e9 cr\u00e9\u00e9s au m\u00eame moment (Gen\u00e8se 1,26-28) ou que nous suivions celui j\u00e9hoviste selon lequel la femme fut cr\u00e9\u00e9e par une c\u00f4te de l\u2019homme (Gen\u00e8se 2,18-25), dans les deux cas <strong>hommes et femmes furent cr\u00e9\u00e9s pour se compl\u00e9ter l\u2019un l\u2019autre, pour \u00eatre ensemble, \u00eatre f\u00e9conds et peupler la terre<\/strong>. Comme nous le savons, quelque chose a mal tourn\u00e9. Adam et \u00c8ve p\u00each\u00e8rent et, afin de s\u2019innocenter devant Dieu, ils s\u2019accus\u00e8rent l\u2019un l\u2019autre. Pas vraiment un bon d\u00e9but pour la premi\u00e8re famille de l\u2019histoire, surtout si nous pensons \u00e0 ce qui s\u2019est pass\u00e9 ensuite avec Abel et Ca\u00efn, leurs premiers enfants\u00a0! C\u2019est comme si le <strong>p\u00e9ch\u00e9 originel<\/strong> ait corrompu l\u2019id\u00e9e de Dieu et il faudra attendre <strong>No\u00e9 et sa famille mod\u00e8le<\/strong> afin d\u2019assister \u00e0 une nouvelle possibilit\u00e9 accord\u00e9e par le Toutpuissant \u00e0 l\u2019homme. No\u00e9 avait une femme et trois enfants, et Dieu pour cela le jugea \u00ab\u00a0juste\u00a0\u00bb et le sauva du d\u00e9luge avec toute sa maison (Gen\u00e8se 7,1). En fait, en s\u2019adressant \u00e0 No\u00e9, il recommen\u00e7a \u00e0 encourager lui et ses enfants \u00e0 peupler la Terre\u00a0: \u00ab\u00a0<em>Soyez f\u00e9conds, multipliez et remplissez la terre<\/em>\u00a0\u00bb (Gen\u00e8se 9,1\u00a0; cf. 1,28).<\/p>\n<p>Mais la famille rev\u00eat un r\u00f4le fondamental dans toute la Bible.<br \/>\nPensons \u00e0 <strong>Sarah et Abraham<\/strong>, qui d\u2019abord tent\u00e8rent de rem\u00e9dier \u00e0 la st\u00e9rilit\u00e9 de leur mariage en cherchant un fils en dehors de ce dernier, pour ensuite retourner se confier en Dieu.<\/p>\n<p>Pensons \u00e0 <strong>Jacob<\/strong>, de la descendance duquel naquirent les douze tribus d\u2019Isra\u00ebl. Une famille exemplaire ? Pas vraiment si nous consid\u00e9rons ce que ses fr\u00e8res firent endurer \u00e0 Joseph, le fils pr\u00e9f\u00e9r\u00e9 de Jacob, bien que m\u00eame cette m\u00e9saventure fasse partie du plan de Dieu.<\/p>\n<p>Et que dire du <strong>Roi David<\/strong> ? Un grand Roi, mais certainement pas un mari ou un p\u00e8re exemplaire\u2026<\/p>\n<p>Mais dans la Bible ils existent \u00e9galement des exemples de <strong>familles sans t\u00e2che<\/strong>, r\u00e9gies par l\u2019amour, la fid\u00e9lit\u00e9 et surtout la d\u00e9votion aux enfants et \u00e0 leur \u00e9ducation. Dans le livre de <strong>Tobie<\/strong> on affirme un mod\u00e8le de mariage et de vie familiale sous le signe de <strong>l\u2019honn\u00eatet\u00e9 et du respect<\/strong>. Voici comment Tobie et Sarah s\u2019adressent \u00e0 Dieu en lui demandant de b\u00e9nir leur union : \u00ab<em>\u00a0C\u2019est toi qui as fait Adam\u00a0; tu lui as fait une aide et un appui\u00a0: \u00c8ve, sa femme. Et de tous deux est n\u00e9 le genre humain. C\u2019est toi qui as dit\u00a0:\u00a0Il n\u2019est pas bon que l\u2019homme soit seul. Je vais lui faire une aide qui lui soit semblable. Ce n\u2019est donc par pour une union ill\u00e9gitime que je prends ma s\u0153ur que voici, mais dans la v\u00e9rit\u00e9 de la Loi. Daigne me faire mis\u00e9ricorde, ainsi qu\u2019\u00e0 elle, et nous mener ensemble \u00e0 un \u00e2ge avanc\u00e9. <\/em><em>Puis ils dirent d\u2019une seule voix : Amen, amen ! <\/em>\u00bb (Tobie 8,6-8).<\/p>\n<p>Ou bien l\u2019<strong>exhortation de Tobie \u00e0 son fils <\/strong>d\u2019honorer lui-m\u00eame et sa m\u00e8re, en plus de Dieu : \u00ab\u00a0<em>Il appela son fils Tobie, qui vint \u00e0 lui. Tobie lui dit\u00a0: Mon enfant, quand je mourrai, enterre-moi dignement. Honore ta m\u00e8re et ne l\u2019abandonne pas aussi longtemps qu\u2019elle vivra. Fais ce qui lui est agr\u00e9able et ne l\u2019attriste en rien. Souviens-toi, mon enfant, de tous les risques qu\u2019elle a courus pour toi quand tu \u00e9tais dans son sein. Quand elle mourra, enterre-la aupr\u00e8s de moi, dans le m\u00eame tombeau<\/em>\u00a0\u00bb (Tobie 4,3-4).<\/p>\n<p>En arrivant au <strong>Nouveau Testament<\/strong>, <strong>J\u00e9sus<\/strong> continua \u00e0 pratiquer les valeurs fondamentales du mariage et de la famille constitu\u00e9e par l\u2019union indissoluble de l\u2019homme et de la femme, comme c\u2019\u00e9tait dans le dessein de Dieu depuis le d\u00e9but. \u00c0 cela, il ajoute l\u2019<strong>\u00e9l\u00e9vation du mariage \u00e0 sacrement<\/strong>.<\/p>\n<p>\u00c9vidente ensuite est l\u2019importance de l\u2019exemple familial fourni par la <a href=\"https:\/\/www.holyart.fr\/blog\/articles-religieux\/cadre-sainte-famille-un-symbole-a-garder-chez-soi\/\"><strong>Sainte Famille<\/strong><\/a>, constitu\u00e9e par Saint Joseph, la Sainte Vierge et l\u2019Enfant J\u00e9sus. Une famille qui incarne un quotidien fait de <strong>respect, amour, soin des enfants<\/strong>, qui doivent grandir aim\u00e9s et en harmonie, en affrontant ensemble avec les parents joies et difficult\u00e9s, pr\u00e9occupations et attentes, et fait avant tout du respect pour la Loi de Dieu.<\/p>\n<div class=\"link-product\">\n<div class=\"blocco-immagine\"><img loading=\"lazy\" decoding=\"async\" class=\"alignnone size-full wp-image-4693\" src=\"https:\/\/blog.holyart.it\/fr\/wp-content\/uploads\/sites\/14\/2022\/05\/Sainte-Famille-Aurora-argile-refractaire.jpg\" alt=\"Sainte Famille Aurora argile refractaire\" width=\"100\" height=\"100\" data-kale-share-title=\"Journ\u00e9e mondiale des parents\" data-kale-share-url=\"https:\/\/blog.holyart.it\/fr\/?p=4687\" \/><\/div>\n<div class=\"blocco-contenuto\">\n<div class=\"blocco-acquista\">Acheter sur Holyart:<\/div>\n<div class=\"blocco-titolo\"><a href=\"https:\/\/www.holyart.fr\/articles-religieux\/bas-reliefs\/bas-reliefs-varies\/sainte-famille-aurora-argile-refractaire?path=articles-religieux&amp;path=bas-reliefs&amp;path=bas-reliefs-varies&amp;path=sainte-famille-aurora-argile-refractaire\">Sainte Famille Aurora argile r\u00e9fractaire<\/a><\/div>\n<div class=\"blocco-descrizione\">Composition stylis\u00e9e repr\u00e9sentant la Sainte Famille.<\/div>\n<\/div>\n<\/div>\n<p>Au fil du temps, \u00e0 ce mod\u00e8le familial rest\u00e9 fondamental, s\u2019unira dans les textes sacr\u00e9s le concept d\u2019<strong>amour entre Christ et l\u2019\u00c9glise <\/strong>en tant qu\u2019apog\u00e9e et revendication du projet de Dieu auquel tout rapport humain est soumis\u00a0: \u00ab\u00a0<em>Enfants, ob\u00e9issez \u00e0 vos parents, selon le Seigneur, car cela est juste. [\u2026] Et vous, p\u00e8res, n\u2019irritez pas vos enfants, mais \u00e9levez-les en les corrigeant et en les instruisant selon le Seigneur<\/em>\u00a0\u00bb (\u00c9ph\u00e9siens 6,1-4).<\/p>\n<h2>Les dix commandements<\/h2>\n<p>Naturellement dans un discours sur la famille et le rapport avec les parents dans la Bible, nous ne pouvons pas faire abstraction des <a href=\"https:\/\/www.holyart.fr\/blog\/articles-religieux\/les-dix-commandements\/\"><strong>10 commandements<\/strong><\/a> et, en particulier, du Quatri\u00e8me : <strong><em>honore ton p\u00e8re et ta m\u00e8re<\/em><\/strong>.<\/p>\n<div class=\"link-article\">\n<p><img loading=\"lazy\" decoding=\"async\" class=\"alignnone size-full wp-image-4695\" src=\"https:\/\/blog.holyart.it\/fr\/wp-content\/uploads\/sites\/14\/2022\/05\/10-commandements.jpg\" alt=\"10 commandements\" width=\"150\" height=\"99\" data-kale-share-title=\"Journ\u00e9e mondiale des parents\" data-kale-share-url=\"https:\/\/blog.holyart.it\/fr\/?p=4687\" \/><\/p>\n<div class=\"leggi-anche\">Lire aussi :<\/div>\n<p><strong><a href=\"https:\/\/www.holyart.fr\/blog\/articles-religieux\/les-dix-commandements\/\">Les dix commandements<\/a><\/strong><br \/>\nLes Dix Commandements, ou le D\u00e9calogue, comme ils sont autrement d\u00e9finis, sont les r\u00e8gles imprim\u00e9es sur les Tables de la Loi que&#8230;<\/p>\n<\/div>\n<p>Il s\u2019agit du Commandement qui ouvre la deuxi\u00e8me Table de la Loi, i.e. le premier des commandements concernant la <strong>charit\u00e9 envers le prochain<\/strong>.<\/p>\n<p>Ce que Dieu impose \u00e0 qui souhaite suivre la Voie est clair\u00a0: ceux qui nous ont g\u00e9n\u00e9r\u00e9 doivent \u00eatre aim\u00e9s, avant tous les autres, car plus proches de nous de n\u2019importe qui d\u2019autre. Inutile d\u2019aimer les autres, des personnes \u00e9loign\u00e9es, si nous ne sommes pas capables d\u2019aimer qui nous est si proche.<\/p>\n<p>Les parents ne doivent pas uniquement \u00eatre aim\u00e9s, mais \u00ab\u00a0<strong>honor\u00e9s<\/strong>\u00a0\u00bb, i.e. \u00e9lev\u00e9s \u00e0 une intensit\u00e9 d\u2019amour et de d\u00e9votion encore plus grande. Cela justement en vertu de tout ce qu\u2019ils ont fait pour nous \u00e0 partir du moment o\u00f9 ils nous ont <strong>donn\u00e9 la vie<\/strong>. Il n\u2019est donc pas suffisant de les aimer, il faut aussi <strong>les respecter et leur ob\u00e9ir<\/strong>, non pas comme on ob\u00e9it \u00e0 quelqu\u2019un que l\u2019on craint, mais toujours par amour.<\/p>\n<p>Et naturellement, c\u2019est dans le devoir des enfants de prendre soin d\u2019eux quand, <strong>\u00e2g\u00e9s ou malades<\/strong>, ils en auront besoin, en refermant un cercle parfait d\u2019amour voulu par Dieu et par la nature de la vie en soi.<\/p>\n<h2>Phrases sur les parents<\/h2>\n<p>De nombreuses phrases ont \u00e9t\u00e9 \u00e9crites \u00e0 propos de la famille, de la n\u00e9cessit\u00e9 d\u2019aimer et de respecter les parents. Nous en avons choisi certaines qui nous plaisent particuli\u00e8rement, trouv\u00e9es sur le Net, afin de c\u00e9l\u00e9brer \u00e0 notre mani\u00e8re la <strong>Journ\u00e9e mondiale des parents<\/strong>.<\/p>\n<p>\u00ab\u00a0<em>Honore ton p\u00e8re et ta m\u00e8re, afin d\u2019avoir longue vie sur la terre que te donne le Seigneur, ton Dieu<\/em>\u00a0\u00bb (Exode 20,12)<\/p>\n<p><em>L\u2019Ap\u00f4tre enseigna :\u00a0\u00ab\u00a0Enfants, ob\u00e9issez \u00e0 vos parents, selon le Seigneur, car cela est juste. Honore ton p\u00e8re et ta m\u00e8re c\u2019est le premier commandement avec une promesse, afin que tu sois heureux et que tu vives longtemps sur la terre\u00a0\u00bb (\u00c9ph\u00e9siens 6,1-3).<\/em><\/p>\n<p><em>Celui qui frappe son p\u00e8re ou sa m\u00e8re sera mis \u00e0 mort.<\/em>\u00a0(Exode 21:15)<\/p>\n<p><em>Chers parents, aidez vos enfants \u00e0 d\u00e9couvrir l\u2019amour de J\u00e9sus\u00a0! Cela les rendra forts et courageux. (Pape Fran\u00e7ois pour rappeler la Journ\u00e9e mondiale des parents en 2019)<\/em><\/p>\n<p><em>\u00c9coute, mon fils, l\u2019instruction de ton p\u00e8re, et ne rejette pas l\u2019enseignement de ta m\u00e8re. (Proverbes 1:8-9)<\/em><\/p>\n<p><em>La chose la plus importante que les parents puissent enseigner \u00e0 leurs enfants, c\u2019est de r\u00e9ussir \u00e0 vivre sans eux.\u00a0<\/em>\u00a0(F. A. Clark)<\/p>\n","protected":false},"excerpt":{"rendered":"<p>Le 1er juin c\u2019est la journ\u00e9e mondiale des parents 2022, un moment pour rappeler l\u2019importance des parents en tant que premiers et principaux \u00e9ducateurs des enfants. La\u00a0Journ\u00e9e mondiale des parents a \u00e9t\u00e9 institu\u00e9e par l\u2019ONU en 2012 avec la r\u00e9solution A\/RES\/66\/292 dans le but de&hellip;<\/p>\n","protected":false},"author":1,"featured_media":4688,"comment_status":"closed","ping_status":"open","sticky":false,"template":"","format":"standard","meta":{"_acf_changed":false,"footnotes":""},"categories":[8],"tags":[],"class_list":["post-4687","post","type-post","status-publish","format-standard","has-post-thumbnail","hentry","category-articles-religieux"],"acf":[],"yoast_head":"<!-- This site is optimized with the Yoast SEO plugin v26.6 - https:\/\/yoast.com\/wordpress\/plugins\/seo\/ -->\n<title>Journ\u00e9e mondiale des parents - Holyart.fr Blog<\/title>\n<meta name=\"description\" content=\"Le 1er juin c\u2019est la journ\u00e9e mondiale des parents 2022, un moment pour rappeler l\u2019importance des parents en tant que premiers et principaux \u00e9ducateurs...\" \/>\n<meta name=\"robots\" content=\"index, follow, max-snippet:-1, max-image-preview:large, max-video-preview:-1\" \/>\n<link rel=\"canonical\" href=\"https:\/\/blog.holyart.it\/fr\/articles-religieux\/journee-mondiale-des-parents\/\" \/>\n<meta property=\"og:locale\" content=\"fr_FR\" \/>\n<meta property=\"og:type\" content=\"article\" \/>\n<meta property=\"og:title\" content=\"Journ\u00e9e mondiale des parents - Holyart.fr Blog\" \/>\n<meta property=\"og:description\" content=\"Le 1er juin c\u2019est la journ\u00e9e mondiale des parents 2022, un moment pour rappeler l\u2019importance des parents en tant que premiers et principaux \u00e9ducateurs...\" \/>\n<meta property=\"og:url\" content=\"https:\/\/blog.holyart.it\/fr\/articles-religieux\/journee-mondiale-des-parents\/\" \/>\n<meta property=\"og:site_name\" content=\"Holyart.fr Blog\" \/>\n<meta property=\"article:published_time\" content=\"2022-06-01T10:30:17+00:00\" \/>\n<meta property=\"article:modified_time\" content=\"2024-05-27T13:31:32+00:00\" \/>\n<meta property=\"og:image\" content=\"https:\/\/blog.holyart.it\/fr\/wp-content\/uploads\/sites\/14\/2022\/05\/Journee-mondiale-des-parents.jpg\" \/>\n\t<meta property=\"og:image:width\" content=\"1000\" \/>\n\t<meta property=\"og:image:height\" content=\"666\" \/>\n\t<meta property=\"og:image:type\" content=\"image\/jpeg\" \/>\n<meta name=\"author\" content=\"Redazione\" \/>\n<meta name=\"twitter:card\" content=\"summary_large_image\" \/>\n<meta name=\"twitter:label1\" content=\"\u00c9crit par\" \/>\n\t<meta name=\"twitter:data1\" content=\"Redazione\" \/>\n\t<meta name=\"twitter:label2\" content=\"Dur\u00e9e de lecture estim\u00e9e\" \/>\n\t<meta name=\"twitter:data2\" content=\"13 minutes\" \/>\n<script type=\"application\/ld+json\" class=\"yoast-schema-graph\">{\"@context\":\"https:\/\/schema.org\",\"@graph\":[{\"@type\":\"Article\",\"@id\":\"https:\/\/blog.holyart.it\/fr\/articles-religieux\/journee-mondiale-des-parents\/#article\",\"isPartOf\":{\"@id\":\"https:\/\/blog.holyart.it\/fr\/articles-religieux\/journee-mondiale-des-parents\/\"},\"author\":{\"name\":\"Redazione\",\"@id\":\"https:\/\/blog.holyart.it\/fr\/#\/schema\/person\/0a7b686e5af0f856ec1e390dd0baecda\"},\"headline\":\"Journ\u00e9e mondiale des parents\",\"datePublished\":\"2022-06-01T10:30:17+00:00\",\"dateModified\":\"2024-05-27T13:31:32+00:00\",\"mainEntityOfPage\":{\"@id\":\"https:\/\/blog.holyart.it\/fr\/articles-religieux\/journee-mondiale-des-parents\/\"},\"wordCount\":2662,\"publisher\":{\"@id\":\"https:\/\/blog.holyart.it\/fr\/#organization\"},\"image\":{\"@id\":\"https:\/\/blog.holyart.it\/fr\/articles-religieux\/journee-mondiale-des-parents\/#primaryimage\"},\"thumbnailUrl\":\"https:\/\/blog.holyart.it\/fr\/wp-content\/uploads\/sites\/14\/2022\/05\/Journee-mondiale-des-parents.jpg\",\"articleSection\":[\"Religion\"],\"inLanguage\":\"fr-FR\"},{\"@type\":\"WebPage\",\"@id\":\"https:\/\/blog.holyart.it\/fr\/articles-religieux\/journee-mondiale-des-parents\/\",\"url\":\"https:\/\/blog.holyart.it\/fr\/articles-religieux\/journee-mondiale-des-parents\/\",\"name\":\"Journ\u00e9e mondiale des parents - Holyart.fr Blog\",\"isPartOf\":{\"@id\":\"https:\/\/blog.holyart.it\/fr\/#website\"},\"primaryImageOfPage\":{\"@id\":\"https:\/\/blog.holyart.it\/fr\/articles-religieux\/journee-mondiale-des-parents\/#primaryimage\"},\"image\":{\"@id\":\"https:\/\/blog.holyart.it\/fr\/articles-religieux\/journee-mondiale-des-parents\/#primaryimage\"},\"thumbnailUrl\":\"https:\/\/blog.holyart.it\/fr\/wp-content\/uploads\/sites\/14\/2022\/05\/Journee-mondiale-des-parents.jpg\",\"datePublished\":\"2022-06-01T10:30:17+00:00\",\"dateModified\":\"2024-05-27T13:31:32+00:00\",\"description\":\"Le 1er juin c\u2019est la journ\u00e9e mondiale des parents 2022, un moment pour rappeler l\u2019importance des parents en tant que premiers et principaux \u00e9ducateurs...\",\"breadcrumb\":{\"@id\":\"https:\/\/blog.holyart.it\/fr\/articles-religieux\/journee-mondiale-des-parents\/#breadcrumb\"},\"inLanguage\":\"fr-FR\",\"potentialAction\":[{\"@type\":\"ReadAction\",\"target\":[\"https:\/\/blog.holyart.it\/fr\/articles-religieux\/journee-mondiale-des-parents\/\"]}]},{\"@type\":\"ImageObject\",\"inLanguage\":\"fr-FR\",\"@id\":\"https:\/\/blog.holyart.it\/fr\/articles-religieux\/journee-mondiale-des-parents\/#primaryimage\",\"url\":\"https:\/\/blog.holyart.it\/fr\/wp-content\/uploads\/sites\/14\/2022\/05\/Journee-mondiale-des-parents.jpg\",\"contentUrl\":\"https:\/\/blog.holyart.it\/fr\/wp-content\/uploads\/sites\/14\/2022\/05\/Journee-mondiale-des-parents.jpg\",\"width\":1000,\"height\":666,\"caption\":\"Journee mondiale des parents\"},{\"@type\":\"BreadcrumbList\",\"@id\":\"https:\/\/blog.holyart.it\/fr\/articles-religieux\/journee-mondiale-des-parents\/#breadcrumb\",\"itemListElement\":[{\"@type\":\"ListItem\",\"position\":1,\"name\":\"Homepage\",\"item\":\"https:\/\/blog.holyart.it\/fr\/\"},{\"@type\":\"ListItem\",\"position\":2,\"name\":\"Religion\",\"item\":\"https:\/\/blog.holyart.it\/fr\/articles-religieux\/\"},{\"@type\":\"ListItem\",\"position\":3,\"name\":\"Journ\u00e9e mondiale des parents\"}]},{\"@type\":\"WebSite\",\"@id\":\"https:\/\/blog.holyart.it\/fr\/#website\",\"url\":\"https:\/\/blog.holyart.it\/fr\/\",\"name\":\"Holyart.fr Blog\",\"description\":\"Holyblog\",\"publisher\":{\"@id\":\"https:\/\/blog.holyart.it\/fr\/#organization\"},\"potentialAction\":[{\"@type\":\"SearchAction\",\"target\":{\"@type\":\"EntryPoint\",\"urlTemplate\":\"https:\/\/blog.holyart.it\/fr\/?s={search_term_string}\"},\"query-input\":{\"@type\":\"PropertyValueSpecification\",\"valueRequired\":true,\"valueName\":\"search_term_string\"}}],\"inLanguage\":\"fr-FR\"},{\"@type\":\"Organization\",\"@id\":\"https:\/\/blog.holyart.it\/fr\/#organization\",\"name\":\"Holyart.fr Blog\",\"url\":\"https:\/\/blog.holyart.it\/fr\/\",\"logo\":{\"@type\":\"ImageObject\",\"inLanguage\":\"fr-FR\",\"@id\":\"https:\/\/blog.holyart.it\/fr\/#\/schema\/logo\/image\/\",\"url\":\"https:\/\/blog.holyart.it\/fr\/wp-content\/uploads\/sites\/14\/2022\/12\/Holyart_Blog_Logo.jpg\",\"contentUrl\":\"https:\/\/blog.holyart.it\/fr\/wp-content\/uploads\/sites\/14\/2022\/12\/Holyart_Blog_Logo.jpg\",\"width\":300,\"height\":50,\"caption\":\"Holyart.fr Blog\"},\"image\":{\"@id\":\"https:\/\/blog.holyart.it\/fr\/#\/schema\/logo\/image\/\"}},{\"@type\":\"Person\",\"@id\":\"https:\/\/blog.holyart.it\/fr\/#\/schema\/person\/0a7b686e5af0f856ec1e390dd0baecda\",\"name\":\"Redazione\",\"image\":{\"@type\":\"ImageObject\",\"inLanguage\":\"fr-FR\",\"@id\":\"https:\/\/blog.holyart.it\/fr\/#\/schema\/person\/image\/\",\"url\":\"https:\/\/secure.gravatar.com\/avatar\/f477da817f43e50d0af36abecd33e3edf826c68299714bdc1057dff3b113f516?s=96&d=mm&r=g\",\"contentUrl\":\"https:\/\/secure.gravatar.com\/avatar\/f477da817f43e50d0af36abecd33e3edf826c68299714bdc1057dff3b113f516?s=96&d=mm&r=g\",\"caption\":\"Redazione\"},\"url\":\"https:\/\/blog.holyart.it\/fr\/author\/admin\/\"}]}<\/script>\n<!-- \/ Yoast SEO plugin. -->","yoast_head_json":{"title":"Journ\u00e9e mondiale des parents - Holyart.fr Blog","description":"Le 1er juin c\u2019est la journ\u00e9e mondiale des parents 2022, un moment pour rappeler l\u2019importance des parents en tant que premiers et principaux \u00e9ducateurs...","robots":{"index":"index","follow":"follow","max-snippet":"max-snippet:-1","max-image-preview":"max-image-preview:large","max-video-preview":"max-video-preview:-1"},"canonical":"https:\/\/blog.holyart.it\/fr\/articles-religieux\/journee-mondiale-des-parents\/","og_locale":"fr_FR","og_type":"article","og_title":"Journ\u00e9e mondiale des parents - Holyart.fr Blog","og_description":"Le 1er juin c\u2019est la journ\u00e9e mondiale des parents 2022, un moment pour rappeler l\u2019importance des parents en tant que premiers et principaux \u00e9ducateurs...","og_url":"https:\/\/blog.holyart.it\/fr\/articles-religieux\/journee-mondiale-des-parents\/","og_site_name":"Holyart.fr Blog","article_published_time":"2022-06-01T10:30:17+00:00","article_modified_time":"2024-05-27T13:31:32+00:00","og_image":[{"width":1000,"height":666,"url":"https:\/\/blog.holyart.it\/fr\/wp-content\/uploads\/sites\/14\/2022\/05\/Journee-mondiale-des-parents.jpg","type":"image\/jpeg"}],"author":"Redazione","twitter_card":"summary_large_image","twitter_misc":{"\u00c9crit par":"Redazione","Dur\u00e9e de lecture estim\u00e9e":"13 minutes"},"schema":{"@context":"https:\/\/schema.org","@graph":[{"@type":"Article","@id":"https:\/\/blog.holyart.it\/fr\/articles-religieux\/journee-mondiale-des-parents\/#article","isPartOf":{"@id":"https:\/\/blog.holyart.it\/fr\/articles-religieux\/journee-mondiale-des-parents\/"},"author":{"name":"Redazione","@id":"https:\/\/blog.holyart.it\/fr\/#\/schema\/person\/0a7b686e5af0f856ec1e390dd0baecda"},"headline":"Journ\u00e9e mondiale des parents","datePublished":"2022-06-01T10:30:17+00:00","dateModified":"2024-05-27T13:31:32+00:00","mainEntityOfPage":{"@id":"https:\/\/blog.holyart.it\/fr\/articles-religieux\/journee-mondiale-des-parents\/"},"wordCount":2662,"publisher":{"@id":"https:\/\/blog.holyart.it\/fr\/#organization"},"image":{"@id":"https:\/\/blog.holyart.it\/fr\/articles-religieux\/journee-mondiale-des-parents\/#primaryimage"},"thumbnailUrl":"https:\/\/blog.holyart.it\/fr\/wp-content\/uploads\/sites\/14\/2022\/05\/Journee-mondiale-des-parents.jpg","articleSection":["Religion"],"inLanguage":"fr-FR"},{"@type":"WebPage","@id":"https:\/\/blog.holyart.it\/fr\/articles-religieux\/journee-mondiale-des-parents\/","url":"https:\/\/blog.holyart.it\/fr\/articles-religieux\/journee-mondiale-des-parents\/","name":"Journ\u00e9e mondiale des parents - Holyart.fr Blog","isPartOf":{"@id":"https:\/\/blog.holyart.it\/fr\/#website"},"primaryImageOfPage":{"@id":"https:\/\/blog.holyart.it\/fr\/articles-religieux\/journee-mondiale-des-parents\/#primaryimage"},"image":{"@id":"https:\/\/blog.holyart.it\/fr\/articles-religieux\/journee-mondiale-des-parents\/#primaryimage"},"thumbnailUrl":"https:\/\/blog.holyart.it\/fr\/wp-content\/uploads\/sites\/14\/2022\/05\/Journee-mondiale-des-parents.jpg","datePublished":"2022-06-01T10:30:17+00:00","dateModified":"2024-05-27T13:31:32+00:00","description":"Le 1er juin c\u2019est la journ\u00e9e mondiale des parents 2022, un moment pour rappeler l\u2019importance des parents en tant que premiers et principaux \u00e9ducateurs...","breadcrumb":{"@id":"https:\/\/blog.holyart.it\/fr\/articles-religieux\/journee-mondiale-des-parents\/#breadcrumb"},"inLanguage":"fr-FR","potentialAction":[{"@type":"ReadAction","target":["https:\/\/blog.holyart.it\/fr\/articles-religieux\/journee-mondiale-des-parents\/"]}]},{"@type":"ImageObject","inLanguage":"fr-FR","@id":"https:\/\/blog.holyart.it\/fr\/articles-religieux\/journee-mondiale-des-parents\/#primaryimage","url":"https:\/\/blog.holyart.it\/fr\/wp-content\/uploads\/sites\/14\/2022\/05\/Journee-mondiale-des-parents.jpg","contentUrl":"https:\/\/blog.holyart.it\/fr\/wp-content\/uploads\/sites\/14\/2022\/05\/Journee-mondiale-des-parents.jpg","width":1000,"height":666,"caption":"Journee mondiale des parents"},{"@type":"BreadcrumbList","@id":"https:\/\/blog.holyart.it\/fr\/articles-religieux\/journee-mondiale-des-parents\/#breadcrumb","itemListElement":[{"@type":"ListItem","position":1,"name":"Homepage","item":"https:\/\/blog.holyart.it\/fr\/"},{"@type":"ListItem","position":2,"name":"Religion","item":"https:\/\/blog.holyart.it\/fr\/articles-religieux\/"},{"@type":"ListItem","position":3,"name":"Journ\u00e9e mondiale des parents"}]},{"@type":"WebSite","@id":"https:\/\/blog.holyart.it\/fr\/#website","url":"https:\/\/blog.holyart.it\/fr\/","name":"Holyart.fr Blog","description":"Holyblog","publisher":{"@id":"https:\/\/blog.holyart.it\/fr\/#organization"},"potentialAction":[{"@type":"SearchAction","target":{"@type":"EntryPoint","urlTemplate":"https:\/\/blog.holyart.it\/fr\/?s={search_term_string}"},"query-input":{"@type":"PropertyValueSpecification","valueRequired":true,"valueName":"search_term_string"}}],"inLanguage":"fr-FR"},{"@type":"Organization","@id":"https:\/\/blog.holyart.it\/fr\/#organization","name":"Holyart.fr Blog","url":"https:\/\/blog.holyart.it\/fr\/","logo":{"@type":"ImageObject","inLanguage":"fr-FR","@id":"https:\/\/blog.holyart.it\/fr\/#\/schema\/logo\/image\/","url":"https:\/\/blog.holyart.it\/fr\/wp-content\/uploads\/sites\/14\/2022\/12\/Holyart_Blog_Logo.jpg","contentUrl":"https:\/\/blog.holyart.it\/fr\/wp-content\/uploads\/sites\/14\/2022\/12\/Holyart_Blog_Logo.jpg","width":300,"height":50,"caption":"Holyart.fr Blog"},"image":{"@id":"https:\/\/blog.holyart.it\/fr\/#\/schema\/logo\/image\/"}},{"@type":"Person","@id":"https:\/\/blog.holyart.it\/fr\/#\/schema\/person\/0a7b686e5af0f856ec1e390dd0baecda","name":"Redazione","image":{"@type":"ImageObject","inLanguage":"fr-FR","@id":"https:\/\/blog.holyart.it\/fr\/#\/schema\/person\/image\/","url":"https:\/\/secure.gravatar.com\/avatar\/f477da817f43e50d0af36abecd33e3edf826c68299714bdc1057dff3b113f516?s=96&d=mm&r=g","contentUrl":"https:\/\/secure.gravatar.com\/avatar\/f477da817f43e50d0af36abecd33e3edf826c68299714bdc1057dff3b113f516?s=96&d=mm&r=g","caption":"Redazione"},"url":"https:\/\/blog.holyart.it\/fr\/author\/admin\/"}]}},"_links":{"self":[{"href":"https:\/\/blog.holyart.it\/fr\/wp-json\/wp\/v2\/posts\/4687","targetHints":{"allow":["GET"]}}],"collection":[{"href":"https:\/\/blog.holyart.it\/fr\/wp-json\/wp\/v2\/posts"}],"about":[{"href":"https:\/\/blog.holyart.it\/fr\/wp-json\/wp\/v2\/types\/post"}],"author":[{"embeddable":true,"href":"https:\/\/blog.holyart.it\/fr\/wp-json\/wp\/v2\/users\/1"}],"replies":[{"embeddable":true,"href":"https:\/\/blog.holyart.it\/fr\/wp-json\/wp\/v2\/comments?post=4687"}],"version-history":[{"count":1,"href":"https:\/\/blog.holyart.it\/fr\/wp-json\/wp\/v2\/posts\/4687\/revisions"}],"predecessor-version":[{"id":8275,"href":"https:\/\/blog.holyart.it\/fr\/wp-json\/wp\/v2\/posts\/4687\/revisions\/8275"}],"wp:featuredmedia":[{"embeddable":true,"href":"https:\/\/blog.holyart.it\/fr\/wp-json\/wp\/v2\/media\/4688"}],"wp:attachment":[{"href":"https:\/\/blog.holyart.it\/fr\/wp-json\/wp\/v2\/media?parent=4687"}],"wp:term":[{"taxonomy":"category","embeddable":true,"href":"https:\/\/blog.holyart.it\/fr\/wp-json\/wp\/v2\/categories?post=4687"},{"taxonomy":"post_tag","embeddable":true,"href":"https:\/\/blog.holyart.it\/fr\/wp-json\/wp\/v2\/tags?post=4687"}],"curies":[{"name":"wp","href":"https:\/\/api.w.org\/{rel}","templated":true}]}}