{"id":4662,"date":"2022-05-30T12:30:48","date_gmt":"2022-05-30T10:30:48","guid":{"rendered":"https:\/\/blog.holyart.it\/fr\/?p=4662"},"modified":"2023-05-24T11:39:56","modified_gmt":"2023-05-24T09:39:56","slug":"a-loccasion-de-la-pentecote-priez-marie-qui-defait-les-noeuds","status":"publish","type":"post","link":"https:\/\/blog.holyart.it\/fr\/accessoires-pour-la-liturgie\/a-loccasion-de-la-pentecote-priez-marie-qui-defait-les-noeuds\/","title":{"rendered":"A l\u2019occasion de la Pentec\u00f4te, priez Marie qui d\u00e9fait les n\u0153uds"},"content":{"rendered":"<h4>50 jours apr\u00e8s P\u00e2ques, on f\u00eate la Pentec\u00f4te, qui rappelle la descente du Saint-Esprit sur les disciples et le d\u00e9but de la mission de l\u2019\u00c9glise. Cette ann\u00e9e, c\u00e9l\u00e9brons-la en r\u00e9citant une Neuvaine \u00e0 Marie qui d\u00e9fait les n\u0153uds.<\/h4>\n\n<p>Cette ann\u00e9e, la Pentec\u00f4te tombe le 31 mai. Il s\u2019agit d\u2019une f\u00eate mobile, dont la date d\u00e9pend de quand a \u00e9t\u00e9 c\u00e9l\u00e9br\u00e9e P\u00e2ques. En effet, la tradition veut que la Pentec\u00f4te tombe exactement cinquante jours apr\u00e8s P\u00e2ques.<\/p>\n<p><a href=\"https:\/\/www.holyart.fr\/blog\/articles-religieux\/pentecote-jour-on-celebre-saint-esprit-naissance-de-leglise\/\"><strong>La Pentec\u00f4te<\/strong><\/a> est une des c\u00e9l\u00e9brations les plus importantes pour l\u2019\u00c9glise catholique. Elle d\u00e9rive d\u2019une ancienne f\u00eate juive, le Chavouot, qui \u00e9tait c\u00e9l\u00e9br\u00e9 sept semaines apr\u00e8s la P\u00e2que juive et imposait un p\u00e8lerinage \u00e0 J\u00e9rusalem. Ce fut justement pour c\u00e9l\u00e9brer le Chavouot que les disciples et les ap\u00f4tres se r\u00e9unirent \u00e0 J\u00e9rusalem et ce fut \u00e0 cette occasion-l\u00e0 que le Saint-Esprit descendit du ciel.<\/p>\n<div class=\"link-article\">\n<p><img loading=\"lazy\" decoding=\"async\" class=\"alignnone size-full wp-image-4663\" src=\"https:\/\/blog.holyart.it\/fr\/wp-content\/uploads\/sites\/14\/2022\/05\/La-Pentecote.jpg\" alt=\"La Pentecote\" width=\"150\" height=\"99\" data-kale-share-title=\"A l\u2019occasion de la Pentec\u00f4te, priez Marie qui d\u00e9fait les n\u0153uds\" data-kale-share-url=\"https:\/\/blog.holyart.it\/fr\/?p=4662\" \/><\/p>\n<div class=\"leggi-anche\">Lire aussi :<\/div>\n<p><strong><a href=\"https:\/\/www.holyart.fr\/blog\/articles-religieux\/pentecote-jour-on-celebre-saint-esprit-naissance-de-leglise\/\">La Pentec\u00f4te : le jour o\u00f9 on c\u00e9l\u00e8bre le Saint Esprit et la naissance de l\u2019\u00c9glise<\/a><\/strong><br \/>\nLa Pentec\u00f4te est probablement, apr\u00e8s P\u00e2ques, la f\u00eate la plus importante&#8230;<\/p>\n<\/div>\n<p>La Pentec\u00f4te est aussi une des r\u00e9currences religieuses \u00e0 l\u2019occasion desquelles il est conseill\u00e9 de r\u00e9citer une <strong>Neuvaine<\/strong>, une pri\u00e8re particuli\u00e8re qui est g\u00e9n\u00e9ralement adress\u00e9e \u00e0 la Vierge ou \u00e0 un saint pour lui demander son intercession afin de r\u00e9soudre une question particuli\u00e8rement difficile. Pour \u00eatre efficace, la pri\u00e8re doit \u00eatre r\u00e9cit\u00e9e pendant neuf jours d\u2019affil\u00e9. Cette ann\u00e9e, \u00e0 la lumi\u00e8re des \u00e9v\u00e9nements r\u00e9cents, il nous semble donc opportun de proposer une Neuvaine d\u00e9di\u00e9e \u00e0 <strong>Marie qui d\u00e9fait les n\u0153uds<\/strong>, celle qui offre son aide afin de d\u00e9m\u00ealer les innombrables n\u0153uds de la vie, surtout les plus inextricables.<\/p>\n<h2>Les origines et la signification de la Pentec\u00f4te<\/h2>\n<p>Nous avons d\u00e9j\u00e0 mentionn\u00e9 comment, auparavant, la Pentec\u00f4te co\u00efncidait avec le Chavouot, la F\u00eate des Semaines. Le terme Pentec\u00f4te vient du grec ancien et signifie cinquanti\u00e8me jour. En effet, cette f\u00eate tombait 50 jours apr\u00e8s Pessa\u2019h, la P\u00e2ques juive. Il s\u2019agissait d\u2019une des trois f\u00eates (les deux autres \u00e9tant Pessa\u2019h et Souccot) \u00e0 l\u2019occasion desquelles il fallait se rentre en <strong>p\u00e8lerinage \u00e0 J\u00e9rusalem<\/strong> en apportant deux miches de pain en offrande au Temple. Le Chavouot \u00e9tait en effet une f\u00eate li\u00e9e \u00e0 la <strong>terre et aux moissons<\/strong>. Elle \u00e9tait \u00e9galement appel\u00e9e \u00ab\u00a0F\u00eate des moissons\u00a0\u00bb ou \u00ab\u00a0F\u00eate des primices\u00a0\u00bb et constituait un moment de grande joie.<\/p>\n<p>Mais le Chavouot c\u00e9l\u00e8bre \u00e9galement la joie pour le don des <a href=\"https:\/\/www.holyart.fr\/blog\/articles-religieux\/les-dix-commandements\/\"><strong>Dix Commandements<\/strong><\/a> \u00e0 Mo\u00efse et le choix de la part du peuple juif de les suivre et d\u2019y ob\u00e9ir.<\/p>\n<div class=\"link-article\">\n<p><img loading=\"lazy\" decoding=\"async\" class=\"alignnone size-full wp-image-4666\" src=\"https:\/\/blog.holyart.it\/fr\/wp-content\/uploads\/sites\/14\/2022\/05\/Les-dix-commandements.jpg\" alt=\"Les dix commandements\" width=\"150\" height=\"99\" data-kale-share-title=\"A l\u2019occasion de la Pentec\u00f4te, priez Marie qui d\u00e9fait les n\u0153uds\" data-kale-share-url=\"https:\/\/blog.holyart.it\/fr\/?p=4662\" \/><\/p>\n<div class=\"leggi-anche\">Lire aussi :<\/div>\n<p><strong><a href=\"https:\/\/www.holyart.fr\/blog\/articles-religieux\/les-dix-commandements\/\">Les dix commandements<\/a><\/strong><br \/>\nLes Dix Commandements, ou le D\u00e9calogue, comme ils sont autrement d\u00e9finis, sont les r\u00e8gles imprim\u00e9es sur les Tables de la Loi que&#8230;<\/p>\n<\/div>\n<p>Les ap\u00f4tres et les disciples de J\u00e9sus f\u00eataient aussi cette r\u00e9currence.<\/p>\n<p>Dans les <strong>Actes des Ap\u00f4tres<\/strong> (2,1-11) on lit que le jour de Pentec\u00f4te, ils se retrouv\u00e8rent tous ensemble au m\u00eame endroit. Selon les Actes des Ap\u00f4tres, l\u2019<strong>Ascension au ciel<\/strong> de J\u00e9sus \u00e9tait advenue seulement quelques jours avant, 40 jours apr\u00e8s la R\u00e9surrection, tandis que, selon l\u2019\u00c9vangile de Luc, elle avait eu lieu le jour m\u00eame de la R\u00e9surrection. Apr\u00e8s l\u2019Ascension de J\u00e9sus au ciel, la Vierge et les Ap\u00f4tres s\u2019\u00e9taient donc retrouv\u00e9s \u00e0 prier ensemble. \u00c0 un certain moment, le calme de la journ\u00e9e fut \u00e9branl\u00e9 par un fracas assourdissant et des langues de feu descendirent du ciel l\u00e9chant la t\u00eate de tous les pr\u00e9sents, qui tout d\u2019un coup commenc\u00e8rent \u00e0 parler dans <strong>toutes les langues du monde<\/strong>, tant que ceux qui avaient accouru en entendant le grand bruit, reconnurent chacun la sienne. \u00c0 cette foule, boulevers\u00e9e et \u00e9tonn\u00e9e par ce prodige, <a href=\"https:\/\/www.holyart.fr\/articles-religieux\/statues\/statues-en-bois-peint\/statue-st-pierre-avec-les-cles-31-cm-bois-peint?path=articles-religieux&amp;path=statues&amp;path=statues-en-bois-peint&amp;path=statue-st-pierre-avec-les-cles-31-cm-bois-peint\"><strong>Pierre<\/strong><\/a> dit que cela avait \u00e9t\u00e9 J\u00e9sus, \u00ab\u00a0Seigneur et Messie\u00a0\u00bb, ressuscit\u00e9 du royaume des morts et mont\u00e9 au ciel, qui avait accompli ce miracle. Beaucoup se convertirent \u00e0 l\u2019instant m\u00eame et demand\u00e8rent \u00e0 \u00eatre baptis\u00e9s. <strong>Matthieu<\/strong> aussi, l\u2019ap\u00f4tre qui avait remplac\u00e9 Judas Iscariote parmi les Douze \u00e9lus, \u00e9tait pr\u00e9sent et le Saint-Esprit le choisit lui aussi, en l\u2019investissant de la capacit\u00e9 \u00e0 apporter la Parole de Dieu partout.<\/p>\n<div class=\"link-product\">\n<div class=\"blocco-immagine\"><img loading=\"lazy\" decoding=\"async\" class=\"alignnone size-full wp-image-4668\" src=\"https:\/\/blog.holyart.it\/fr\/wp-content\/uploads\/sites\/14\/2022\/05\/Statue-St-Pierre-avec-les-cles-31-cm-bois-peint.jpg\" alt=\"Statue St Pierre avec les cles 31 cm bois peint\" width=\"100\" height=\"100\" data-kale-share-title=\"A l\u2019occasion de la Pentec\u00f4te, priez Marie qui d\u00e9fait les n\u0153uds\" data-kale-share-url=\"https:\/\/blog.holyart.it\/fr\/?p=4662\" \/><\/div>\n<div class=\"blocco-contenuto\">\n<div class=\"blocco-acquista\">Acheter sur Holyart:<\/div>\n<div class=\"blocco-titolo\"><a href=\"https:\/\/www.holyart.fr\/articles-religieux\/statues\/statues-en-bois-peint\/statue-st-pierre-avec-les-cles-31-cm-bois-peint?path=articles-religieux&amp;path=statues&amp;path=statues-en-bois-peint&amp;path=statue-st-pierre-avec-les-cles-31-cm-bois-peint\">Statue St Pierre avec les cl\u00e9s<\/a><\/div>\n<div class=\"blocco-descrizione\">Statue en bois peinte \u00e0 la main de 31 cm.<\/div>\n<\/div>\n<\/div>\n<p>Cette foule recueillie autour des Ap\u00f4tres qui racontaient la vie de J\u00e9sus, ses prodiges, sa grandeur, sa mort et sa r\u00e9surrection, fut le premier noyau de l\u2019\u00c9glise catholique, cr\u00e9\u00e9 par \u0153uvre du Saint-Esprit, descendu sous forme de feu pour donner l\u2019\u00e9loquence aux disciples de J\u00e9sus.<\/p>\n<h2>Le Saint-Esprit : qu\u2019est-ce que c\u2019est et qu\u2019est-ce qu\u2019il repr\u00e9sente<\/h2>\n<p>Le <a href=\"https:\/\/www.holyart.fr\/articles-religieux\/bas-reliefs\/bas-reliefs-varies\/bas-relief-st-esprit-44-cm-bois-valgardena-old-gold?path=articles-religieux&amp;path=bas-reliefs&amp;path=bas-reliefs-varies&amp;path=bas-relief-st-esprit-44-cm-bois-valgardena-old-gold\"><strong>Saint-Esprit<\/strong><\/a> est consid\u00e9r\u00e9 comme la <strong>Troisi\u00e8me Personne<\/strong> de la Tr\u00e8s-Sainte Trinit\u00e9. La substance divine, qui est une, se manifeste en trois diff\u00e9rentes \u00e9manations, qui toutefois sont assimilables \u00e0 la m\u00eame substance. Ce processus s\u2019appelle <strong>hypostase<\/strong>, du grec <em>hypostasis<\/em> \u00ab\u00a0qui existe\u00a0\u00bb, \u00ab\u00a0substance\u00a0\u00bb.<\/p>\n<div class=\"link-product\">\n<div class=\"blocco-immagine\"><img loading=\"lazy\" decoding=\"async\" class=\"alignnone size-full wp-image-4670\" src=\"https:\/\/blog.holyart.it\/fr\/wp-content\/uploads\/sites\/14\/2022\/05\/Bas-relief-St-Esprit-44-cm-bois-Valgardena-Old-Gold.jpg\" alt=\"Bas-relief St Esprit 44 cm bois Valgardena Old Gold\" width=\"100\" height=\"100\" data-kale-share-title=\"A l\u2019occasion de la Pentec\u00f4te, priez Marie qui d\u00e9fait les n\u0153uds\" data-kale-share-url=\"https:\/\/blog.holyart.it\/fr\/?p=4662\" \/><\/div>\n<div class=\"blocco-contenuto\">\n<div class=\"blocco-acquista\">Acheter sur Holyart:<\/div>\n<div class=\"blocco-titolo\"><a href=\"https:\/\/www.holyart.fr\/articles-religieux\/bas-reliefs\/bas-reliefs-varies\/bas-relief-st-esprit-44-cm-bois-valgardena-old-gold?path=articles-religieux&amp;path=bas-reliefs&amp;path=bas-reliefs-varies&amp;path=bas-relief-st-esprit-44-cm-bois-valgardena-old-gold\">Bas-relief St Esprit<\/a><\/div>\n<div class=\"blocco-descrizione\">Bas-relief 44 cm bois Valgardena Old Gold.<\/div>\n<\/div>\n<\/div>\n<p>Le Myst\u00e8re trinitaire est compos\u00e9 donc de <a href=\"https:\/\/www.holyart.fr\/blog\/articles-religieux\/tres-sainte-trinite-signification-et-representation-iconographique\/\"><strong>Dieu P\u00e8re, Dieu Fils et Dieu Saint-Esprit<\/strong><\/a>, comme r\u00e9cite le <strong>Credo nic\u00e9en-constantinopolitain<\/strong>\u00a0: \u00ab\u00a0Je crois en l\u2019Esprit-Saint, qui est Seigneur et donne la vie\u00a0; il proc\u00e8de du P\u00e8re et du Fils, il re\u00e7oit m\u00eame adoration et m\u00eame gloire\u00a0; il a parl\u00e9 par les proph\u00e8tes.\u00a0\u00bb<\/p>\n<p>Cette formule de foi fut compos\u00e9e pendant le premier concile de Nic\u00e9e (325) et \u00e9labor\u00e9e ensuite dans les parties relatives au Saint-Esprit lors du premier concile de Constantinople.<\/p>\n<div class=\"link-article\">\n<p><img loading=\"lazy\" decoding=\"async\" class=\"alignnone size-full wp-image-4672\" src=\"https:\/\/blog.holyart.it\/fr\/wp-content\/uploads\/sites\/14\/2022\/05\/Tres-Sainte-Trinite.jpg\" alt=\"Tres Sainte Trinite\" width=\"150\" height=\"99\" data-kale-share-title=\"A l\u2019occasion de la Pentec\u00f4te, priez Marie qui d\u00e9fait les n\u0153uds\" data-kale-share-url=\"https:\/\/blog.holyart.it\/fr\/?p=4662\" \/><\/p>\n<div class=\"leggi-anche\">Lire aussi :<\/div>\n<p><strong><a href=\"https:\/\/www.holyart.fr\/blog\/articles-religieux\/tres-sainte-trinite-signification-et-representation-iconographique\/\">Tr\u00e8s Sainte Trinit\u00e9 : signification et repr\u00e9sentation iconographique<\/a><\/strong><br \/>\nLe concept de Trinit\u00e9 r\u00e9sume la doctrine fondamentale de l\u2019\u00e9glise&#8230;<\/p>\n<\/div>\n<p>Dans la <strong>Bible<\/strong>, le Saint Esprit apparait sous diff\u00e9rentes formes\u00a0:<\/p>\n<ul>\n<li><strong>Eau<\/strong>, symbole de nouvelle vie (l\u2019eau jaillissant d\u2019un rocher pour sauver le peuple juif, Saint-Esprit dans le Bapt\u00eame)\u00a0;<\/li>\n<li><strong>Feu<\/strong>, symbole du pouvoir de l\u2019Esprit de transformer les choses et d\u2019inspirer la sagesse (par exemple \u00e0 la Pentec\u00f4te)\u00a0;<\/li>\n<li><strong>Vent<\/strong>, symbole du \u00ab\u00a0souffle\u00a0\u00bb divin (toujours \u00e0 la Pentec\u00f4te)\u00a0;<\/li>\n<li><strong>Nuage et lumi\u00e8re<\/strong> (pendant la rencontre avec Mo\u00efse sur le mont Sina\u00ef, lors de l\u2019<a href=\"https:\/\/www.holyart.fr\/blog\/articles-religieux\/annonciation-du-seigneur-pourquoi-la-fetons-nous-le-25-mars\/\"><strong>Annonciation \u00e0 la Sainte Vierge<\/strong><\/a>, lors de la Transfiguration de J\u00e9sus et de l\u2019Ascension de J\u00e9sus au ciel)\u00a0;<\/li>\n<li><strong>Sceau<\/strong>, li\u00e9 au symbole de l\u2019onction\u00a0;<\/li>\n<li><strong>Main<\/strong> : avec l\u2019imposition des mains, le Pr\u00eatre invoque la descente du Saint-Esprit et la b\u00e9n\u00e9diction de Dieu sur un fid\u00e8le\u00a0;<\/li>\n<li><strong>Doigt de Dieu<\/strong> (puissance de Dieu qui a grav\u00e9 les dix commandements ; avec un geste d\u2019avertissement du doigt, J\u00e9sus chassait les d\u00e9mons)\u00a0;<\/li>\n<li><strong>Colombe<\/strong>, lors du bapt\u00eame de J\u00e9sus.<\/li>\n<\/ul>\n<div class=\"link-article\">\n<p><img loading=\"lazy\" decoding=\"async\" class=\"alignnone size-full wp-image-4676\" src=\"https:\/\/blog.holyart.it\/fr\/wp-content\/uploads\/sites\/14\/2022\/05\/Annonciation-du-Seigneur.jpg\" alt=\"Annonciation du Seigneur\" width=\"150\" height=\"99\" data-kale-share-title=\"A l\u2019occasion de la Pentec\u00f4te, priez Marie qui d\u00e9fait les n\u0153uds\" data-kale-share-url=\"https:\/\/blog.holyart.it\/fr\/?p=4662\" \/><\/p>\n<div class=\"leggi-anche\">Lire aussi :<\/div>\n<p><strong><a href=\"https:\/\/www.holyart.fr\/blog\/articles-religieux\/annonciation-du-seigneur-pourquoi-la-fetons-nous-le-25-mars\/\">Annonciation du Seigneur : pourquoi la f\u00eatons-nous le 25 mars<\/a><\/strong><br \/>\nLe 25 mars nous c\u00e9l\u00e9brons l\u2019Annonciation du Seigneur, une f\u00eate d\u00e9di\u00e9e \u00e0 J\u00e9sus, mais aussi \u00e0 Sa m\u00e8re Marie, li\u00e9e \u00e0 Lui de mani\u00e8re indissoluble&#8230;<\/p>\n<\/div>\n<p>Dans l\u2019<strong>Ancien Testament<\/strong>, le Saint-Esprit est mentionn\u00e9 d\u00e8s la Gen\u00e8se comme \u00e9l\u00e9ment <strong>cr\u00e9ateur<\/strong> dans le contexte de la Cr\u00e9ation. L\u2019Esprit <strong>g\u00e9n\u00e9rait<\/strong> \u00e9galement et ainsi est d\u00e9fini le souffle vital avec lequel Dieu insuffle la vie dans la cr\u00e9ation, en la renouvelant et en la changeant au cours du temps. Ensuite, le Saint-Esprit sera investi \u00e9galement d\u2019une fonction de <strong>conducteur<\/strong>, puisqu\u2019il deviendra le guide et le stimulant pour rois, proph\u00e8tes et peuples entiers qui se d\u00e9placeront pouss\u00e9s par lui au nom de Dieu.<\/p>\n<p>Dans le <strong>Nouveau Testament<\/strong>, le Saint-Esprit se r\u00e9v\u00e8le pleinement. Il accompagne J\u00e9sus d\u00e8s Sa <strong>conception<\/strong> : \u201cMarie dit \u00e0 l\u2019ange\u00a0: Comment cela se fera-t-il, puisque je ne connais point d\u2019homme\u00a0? L\u2019ange lui r\u00e9pondit\u00a0: Le <strong>Saint-Esprit<\/strong> viendra sur toi, et la puissance du Tr\u00e8s-Haut te couvrira de son ombre. C\u2019est pourquoi le saint enfant qui na\u00eetra de toi sera appel\u00e9 Fils de Dieu\u00a0\u00bb (Luc 1,34-35).<\/p>\n<p>Il appara\u00eetra ensuite lors de Son <a href=\"https:\/\/www.holyart.fr\/occasions-speciales\/bapteme?path=occasions-speciales&amp;path=bapteme\"><strong>Bapt\u00eame<\/strong><\/a>, sous forme de colombe qui descend du ciel et parle de la voix de Dieu\u00a0: \u00ab\u00a0D\u00e8s que J\u00e9sus a \u00e9t\u00e9 baptis\u00e9, il sortit de l\u2019eau. Et voici, les cieux s\u2019ouvrirent, et il vit l\u2019<strong>Esprit de Dieu<\/strong> descendre comme une colombe et venir sur lui. Et voici, une voix fit entendre des cieux ces paroles\u00a0: Celui-ci est mon Fils bien-aim\u00e9, en qui j\u2019ai mis toute mon affection\u00a0\u00bb (Matthieu 3,16-17).<\/p>\n<p>Le Saint-Esprit accompagnera beaucoup des <strong>miracles<\/strong> de J\u00e9sus, surtout ceux li\u00e9s aux gu\u00e9risons miraculeuses et \u00e0 la lib\u00e9ration d\u2019hommes et de femmes poss\u00e9d\u00e9s.<\/p>\n<p>\u00ab\u00a0Mais, si c\u2019est par l\u2019Esprit de Dieu que je chasse les d\u00e9mons, le royaume de Dieu est donc venu vers vous\u00a0\u00bb (Matthieu 12,28).<\/p>\n<p>\u00ab\u00a0Mais J\u00e9sus, l\u2019ayant su, s\u2019\u00e9loigna de ce lieu. Une grande foule le suivit. Il gu\u00e9rit tous les malades, et il leur recommanda s\u00e9v\u00e8rement de ne pas le faire conna\u00eetre, afin que s\u2019accompl\u00eet ce qui avait \u00e9t\u00e9 annonc\u00e9 par Esa\u00efe, le proph\u00e8te\u00a0: Voici mon serviteur que j\u2019ai choisi, mon bien-aim\u00e9 en qui mon \u00e2me a pris plaisir. Je mettrai <strong>mon Esprit<\/strong> sur lui et il annoncera la justice aux nations\u00a0\u00bb (Matthieu 12,15-18).<\/p>\n<p>\u00ab\u00a0Mais les scribes, qui \u00e9taient descendus de J\u00e9rusalem, dirent\u00a0: Il est poss\u00e9d\u00e9 de Belz\u00e9bul\u00a0; c\u2019est par le prince des d\u00e9mons qu\u2019il chasse les d\u00e9mons. J\u00e9sus les appela, et leur dit sous forme de paraboles\u00a0: Comment Satan peut-il chasser Satan\u00a0? Si un royaume est divis\u00e9 contre lui-m\u00eame, ce royaume ne peut subsister\u00a0; et si une maison est divis\u00e9e contre elle-m\u00eame, cette maison ne peut subsister. Si donc Satan se r\u00e9volte contre lui-m\u00eame, il est divis\u00e9, et il ne peut subsister, mais c\u2019en est fait de lui. Personne ne peut entrer dans la maison d\u2019un homme fort et piller ses biens, sans avoir auparavant li\u00e9 cet homme fort\u00a0; alors il pillera sa maison. Je vous le dis en v\u00e9rit\u00e9, tous les p\u00e9ch\u00e9s seront pardonn\u00e9s aux fils des hommes, et les blasph\u00e8mes qu\u2019ils auront prof\u00e9r\u00e9s\u00a0; mais quiconque blasph\u00e9mera contre le <strong>Saint-Esprit<\/strong> n\u2019obtiendra jamais de pardon\u00a0: il est coupable d\u2019un p\u00e9ch\u00e9 \u00e9ternel. J\u00e9sus parla ainsi parce qu\u2019ils disaient\u00a0: il est poss\u00e9d\u00e9 d\u2019un esprit impur\u00a0\u00bb (Marc 3,22-30).<\/p>\n<p>Au moment de sa <strong>mort<\/strong>, selon tous les \u00c9vangiles \u00ab\u00a0J\u00e9sus, poussa de nouveau un grand cri, et rendit <strong>l\u2019esprit\u00a0<\/strong>\u00bb (Matthieu 27,50).<\/p>\n<p>Suite \u00e0 la mort et \u00e0 l\u2019Ascension au ciel de J\u00e9sus, le Saint-Esprit retournera justement pour la <strong>Pentec\u00f4te<\/strong>, en descendant du ciel sous forme de langues de feu qui se divis\u00e8rent et se pos\u00e8rent sur les disciples et sur Marie, en leur donnant la facult\u00e9 de pr\u00eacher l\u2019\u00c9vangile dans des langues avant inconnues.<\/p>\n<p>Nous devons nous rappeler que <strong>J\u00e9sus<\/strong> en personne avait encourag\u00e9 ses disciples \u00e0 prier apr\u00e8s sa mort afin que le Saint-Esprit descende sur eux\u00a0:<\/p>\n<p>\u00ab\u00a0Quand sera venu le <strong>consolateur<\/strong>, que je vous enverrai de la part du P\u00e8re, <strong>l\u2019Esprit de v\u00e9rit\u00e9<\/strong>, qui vient du P\u00e8re, il rendra t\u00e9moignage de moi ; et vous aussi, vous rendrez t\u00e9moignage, parce que vous \u00eates avec moi d\u00e8s le commencement\u00a0\u00bb (Jean 15,26-27).<\/p>\n<p>\u00ab\u00a0J\u2019ai encore beaucoup de choses \u00e0 vous dire, mais vous ne pouvez pas les porter maintenant. Quand le consolateur sera venu, <strong>l\u2019Esprit de v\u00e9rit\u00e9<\/strong>, il vous conduira dans toute la v\u00e9rit\u00e9\u00a0; car il ne parlera pas de lui-m\u00eame, mais il dira tout ce qu\u2019il aura entendu, et il vous annoncera les choses \u00e0 venir. Il me glorifiera, parce qu\u2019il prendra de ce qui est \u00e0 moi, et vous l\u2019annoncera. Tout ce que le P\u00e8re a est \u00e0 moi ; c\u2019est pourquoi j\u2019ai dit qu\u2019il prend de ce qui est \u00e0 moi, et qu\u2019il vous l\u2019annoncera\u00a0\u00bb (Jean 16,12-15).<\/p>\n<p>Selon la doctrine chr\u00e9tienne, le Saint-Esprit apporte <strong>sept dons<\/strong> \u00e0 qui l\u2019accueille en soi et est en \u00e9tat de gr\u00e2ce. Qui poss\u00e8de la vertu de la Charit\u00e9 est d\u00e9j\u00e0 en possession aussi de tous les 7 dons. Ces dons ne sont pas n\u00e9cessairement li\u00e9s \u00e0 la Saintet\u00e9, mais ils sont n\u00e9cessaires au Salut.<\/p>\n<p>Les voici :<\/p>\n<ul>\n<li>sagesse ;<\/li>\n<li>intelligence ;<\/li>\n<li>connaissance ;<\/li>\n<li>force ;<\/li>\n<li>conseil ;<\/li>\n<li>piti\u00e9 ;<\/li>\n<li>crainte de Dieu.<\/li>\n<\/ul>\n<p><a href=\"https:\/\/www.holyart.fr\/articles-religieux\/statues\/statues-en-bois-peint\/saint-paul-statue-bois?path=articles-religieux&amp;path=statues&amp;path=statues-en-bois-peint&amp;path=saint-paul-statue-bois\"><strong>Saint Paul<\/strong> <\/a>par contre \u00e9num\u00e9ra <strong>neuf fruit<\/strong> du Saint-Esprit, pr\u00eats \u00e0 germer en qui est dispos\u00e9 \u00e0 l\u2019accueillir en soi : \u00ab\u00a0Mais le fruit de <strong>l\u2019Esprit<\/strong>, c\u2019est l\u2019amour, la joie, la paix, la patience, la bont\u00e9, la b\u00e9nignit\u00e9, la fid\u00e9lit\u00e9, la douceur, la temp\u00e9rance\u00a0\u00bb (Galates 5,22-23).<\/p>\n<h2>La Pri\u00e8re \u00e0 Marie qui d\u00e9fait les noeuds en attente de la Pentec\u00f4te<\/h2>\n<p>La Pentec\u00f4te est donc l\u2019occasion id\u00e9ale pour r\u00e9citer la <a href=\"https:\/\/www.holyart.fr\/blog\/senza-categoria\/neuvaine-a-marie-defait-noeuds\/\"><strong>Neuvaine \u00e0 Marie qui d\u00e9fait les n\u0153uds<\/strong><\/a>.<\/p>\n<p>Apr\u00e8s l\u2019Ascension de J\u00e9sus au ciel, la Vierge et les Ap\u00f4tres pri\u00e8rent ensemble pendant <strong>neuf jour<\/strong>, jusqu\u2019\u00e0 Pentec\u00f4te, quand enfin le Saint Esprit descendit sur eux. D\u2019ici nait probablement l\u2019usage de la Neuvaine, particuli\u00e8rement pr\u00e9cieuse pour ceux qui se trouvent dans une situation d\u2019angoisse et de souffrance pour eux-m\u00eames ou pour quelqu\u2019un qu\u2019ils aiment.<\/p>\n<div class=\"link-article\">\n<p><img loading=\"lazy\" decoding=\"async\" class=\"alignnone size-full wp-image-4679\" src=\"https:\/\/blog.holyart.it\/fr\/wp-content\/uploads\/sites\/14\/2022\/05\/La-neuvaine-a-Marie-qui-defait-les-noeuds.jpg\" alt=\"La neuvaine a Marie qui defait les noeuds\" width=\"150\" height=\"99\" data-kale-share-title=\"A l\u2019occasion de la Pentec\u00f4te, priez Marie qui d\u00e9fait les n\u0153uds\" data-kale-share-url=\"https:\/\/blog.holyart.it\/fr\/?p=4662\" \/><\/p>\n<div class=\"leggi-anche\">Lire aussi :<\/div>\n<p><strong><a href=\"https:\/\/www.holyart.fr\/blog\/senza-categoria\/neuvaine-a-marie-defait-noeuds\/\">La neuvaine \u00e0 Marie qui d\u00e9fait les noeuds<\/a><\/strong><br \/>\nLa neuvaine est une forme de d\u00e9votion chr\u00e9tienne habituellement pratiqu\u00e9e en vue d\u2019une r\u00e9cidive religieuse ou d\u2019une f\u00eate importante&#8230;<\/p>\n<\/div>\n<p>Le but dans lequel r\u00e9citer cette Neuvaine est celui d\u2019obtenir l\u2019aide de la Vierge afin de d\u00e9m\u00ealer un \u00ab\u00a0n\u0153ud\u00a0\u00bb en particulier qui cr\u00e9e angoisse et souffrance. Il faut la r\u00e9citer pendant neuf jours cons\u00e9cutifs, en priant avec humilit\u00e9 et avec une confiance absolue, et \u00ab\u00a0prier, et ne point se rel\u00e2cher\u00a0\u00bb (Luc 18,1), comme disait de le faire J\u00e9sus.<\/p>\n<p>La d\u00e9votion \u00e0 Marie qui d\u00e9fait les n\u0153uds a \u00e9t\u00e9 en grande partie r\u00e9pandue par le cardinal <strong>Bergoglio<\/strong>, aujourd\u2019hui <a href=\"https:\/\/www.holyart.fr\/occasions-speciales\/pape-francois?page=1&amp;path=it%2Coccasioni-speciali%2Cpapa-francesco&amp;flags=true\"><strong>Pape Fran\u00e7ois<\/strong><\/a>. La premi\u00e8re Neuvaine \u00e0 Marie qui d\u00e9fait les n\u0153uds fut \u00e9crite en 1998 par un pr\u00eatre de Buenos Aires, Juan Ram\u00f3n Celeiro. En 2008, cette d\u00e9votion re\u00e7ut <em>l\u2019imprimatur<\/em> de l\u2019archev\u00eaque de Paris, i.e. le consensus de l\u2019autorit\u00e9 eccl\u00e9siastique requis pour valider des \u0153uvres concernant la religion.<\/p>\n<p>Aujourd\u2019hui la Neuvaine est r\u00e9cit\u00e9e dans le monde entier et plusieurs versions en existent. En voici une\u00a0:<\/p>\n<p><em>Vierge Marie, M\u00e8re du bel Amour,<br \/>\n<\/em><em>M\u00e8re qui n&rsquo;a jamais abandonn\u00e9 un enfant qui crie au secours,<br \/>\n<\/em><em>M\u00e8re dont les mains travaillent sans cesse pour tes enfants bien aim\u00e9s,<br \/>\n<\/em><em>car elles sont pouss\u00e9es par l&rsquo;Amour divin et l&rsquo;infinie Mis\u00e9ricorde qui d\u00e9borde de ton c\u0153ur,<br \/>\n<\/em><em>tourne ton regard plein de compassion vers moi.<br \/>\n<\/em><em>Voici le paquet de \u00ab\u00a0n\u0153uds\u00a0\u00bb qui \u00e9touffent ma vie.<br \/>\n<\/em><em>Tu connais mon d\u00e9sespoir et ma douleur.<br \/>\n<\/em><em>Tu sais combien ces n\u0153uds me paralysent.<br \/>\n<\/em><em>Marie, M\u00e8re que Dieu a charg\u00e9e de d\u00e9faire les \u00ab\u00a0n\u0153uds\u00a0\u00bb de la vie de tes enfants,<br \/>\n<\/em><em>je d\u00e9pose le ruban de ma vie dans tes mains.<br \/>\n<\/em><em>Personne, pas m\u00eame le Malin, ne peut le soustraire \u00e0 ton aide mis\u00e9ricordieuse.<br \/>\n<\/em><em>Dans tes mains, il n&rsquo;y a pas un seul n\u0153ud qui ne puisse \u00eatre d\u00e9fait.<br \/>\n<\/em><em>M\u00e8re toute puissante, par ta gr\u00e2ce et par ton pouvoir d&rsquo;intercession aupr\u00e8s de ton Fils J\u00e9sus, Mon Lib\u00e9rateur,<br \/>\n<\/em><em>re\u00e7ois aujourd&rsquo;hui ce \u00ab\u00a0n\u0153ud\u00a0\u00bb&#8230;.. (le nommer, si possible).<br \/>\n<\/em><em>Pour la gloire de Dieu, je te demande de le d\u00e9faire, et de le d\u00e9faire pour toujours.<br \/>\n<\/em><em>J&rsquo;esp\u00e8re en Toi. Tu es l&rsquo;unique Consolatrice que Dieu m&rsquo;a donn\u00e9e,<br \/>\n<\/em><em>tu es la forteresse de mes forces fragiles, la richesse de mes mis\u00e8res,<br \/>\n<\/em><em>la d\u00e9livrance de tout ce qui m&#8217;emp\u00eache d&rsquo;\u00eatre avec le Christ.<br \/>\n<\/em><em>Accueille mon appel. Garde-moi, guide-moi, prot\u00e8ge-moi.<br \/>\n<\/em><em>Tu es mon refuge assur\u00e9.<br \/>\n<\/em><em>Marie, toi qui d\u00e9fais les n\u0153uds, prie pour moi.<br \/>\n<\/em><em>Amen<\/em><\/p>\n<h2>Qu\u2019est-ce que les n\u0153uds de Marie symbolisent<\/h2>\n<p>Les \u00ab\u00a0n\u0153uds\u00a0\u00bb pour lesquels nous invoquons Marie peuvent \u00eatre tous ces probl\u00e8mes qui nous affligent, parfois m\u00eame pendant des ann\u00e9es, et que nous n\u2019arrivons pas \u00e0 r\u00e9soudre. Des incompr\u00e9hensions et des violences \u00e0 l\u2019int\u00e9rieur de notre famille, des enfants probl\u00e9matiques, malades, des crises conjugales, mais aussi des d\u00e9pendances dangereuses, comme l\u2019alcoolisme et la toxicomanie, ou le vice du jeu.<\/p>\n<p>Et puis les maladies incurables, d\u00e9pression, ch\u00f4mage, mais aussi rancune, culpabilit\u00e9, sentiments n\u00e9gatifs qui intoxiquent l\u2019\u00e2me.<\/p>\n<p>Cette <a href=\"https:\/\/www.holyart.fr\/articles-religieux\/statues\/statues-en-resine-et-pvc\/notre-dame-qui-defait-les-noeuds-30-cm-pvc?path=articles-religieux&amp;path=statues&amp;path=statues-en-resine-et-pvc&amp;path=notre-dame-qui-defait-les-noeuds-30-cm-pvc\"><strong>Vierge gentille, repr\u00e9sent\u00e9e avec un ruban rempli de n\u0153uds entre ses mains qui les d\u00e9m\u00ealent<\/strong><\/a>, accepte les n\u0153uds de qui s\u2019adresse \u00e0 elle avec un esprit sinc\u00e8re et avec espoir, avec la promesse de faire cesser la douleur.<\/p>\n<div class=\"link-product\">\n<div class=\"blocco-immagine\"><img loading=\"lazy\" decoding=\"async\" class=\"alignnone size-full wp-image-4681\" src=\"https:\/\/blog.holyart.it\/fr\/wp-content\/uploads\/sites\/14\/2022\/05\/notre-dame-qui-defait-les-noeuds-30-cm-pvc.jpg\" alt=\"notre dame qui defait les noeuds 30 cm pvc\" width=\"100\" height=\"100\" data-kale-share-title=\"A l\u2019occasion de la Pentec\u00f4te, priez Marie qui d\u00e9fait les n\u0153uds\" data-kale-share-url=\"https:\/\/blog.holyart.it\/fr\/?p=4662\" \/><\/div>\n<div class=\"blocco-contenuto\">\n<div class=\"blocco-acquista\">Acheter sur Holyart:<\/div>\n<div class=\"blocco-titolo\"><a href=\"https:\/\/www.holyart.fr\/blog\/senza-categoria\/neuvaine-a-marie-defait-noeuds\/\">Notre-Dame qui d\u00e9fait les noeuds<\/a><\/div>\n<div class=\"blocco-descrizione\">Statue en pvc de 30 cm.<\/div>\n<\/div>\n<\/div>\n","protected":false},"excerpt":{"rendered":"<p>50 jours apr\u00e8s P\u00e2ques, on f\u00eate la Pentec\u00f4te, qui rappelle la descente du Saint-Esprit sur les disciples et le d\u00e9but de la mission de l\u2019\u00c9glise. Cette ann\u00e9e, c\u00e9l\u00e9brons-la en r\u00e9citant une Neuvaine \u00e0 Marie qui d\u00e9fait les n\u0153uds. Cette ann\u00e9e, la Pentec\u00f4te tombe le 31&hellip;<\/p>\n","protected":false},"author":1,"featured_media":4683,"comment_status":"closed","ping_status":"open","sticky":false,"template":"","format":"standard","meta":{"_acf_changed":false,"footnotes":""},"categories":[4],"tags":[],"class_list":["post-4662","post","type-post","status-publish","format-standard","has-post-thumbnail","hentry","category-accessoires-pour-la-liturgie"],"acf":[],"yoast_head":"<!-- This site is optimized with the Yoast SEO plugin v26.6 - https:\/\/yoast.com\/wordpress\/plugins\/seo\/ -->\n<title>A l\u2019occasion de la Pentec\u00f4te, priez Marie qui d\u00e9fait les n\u0153uds<\/title>\n<meta name=\"description\" content=\"50 jours apr\u00e8s P\u00e2ques, on f\u00eate la Pentec\u00f4te, qui rappelle la descente du Saint-Esprit sur les disciples et le d\u00e9but de la mission de l\u2019\u00c9glise. Cette ann\u00e9e\" \/>\n<meta name=\"robots\" content=\"index, follow, max-snippet:-1, max-image-preview:large, max-video-preview:-1\" \/>\n<link rel=\"canonical\" href=\"https:\/\/blog.holyart.it\/fr\/accessoires-pour-la-liturgie\/a-loccasion-de-la-pentecote-priez-marie-qui-defait-les-noeuds\/\" \/>\n<meta property=\"og:locale\" content=\"fr_FR\" \/>\n<meta property=\"og:type\" content=\"article\" \/>\n<meta property=\"og:title\" content=\"A l\u2019occasion de la Pentec\u00f4te, priez Marie qui d\u00e9fait les n\u0153uds\" \/>\n<meta property=\"og:description\" content=\"50 jours apr\u00e8s P\u00e2ques, on f\u00eate la Pentec\u00f4te, qui rappelle la descente du Saint-Esprit sur les disciples et le d\u00e9but de la mission de l\u2019\u00c9glise. Cette ann\u00e9e\" \/>\n<meta property=\"og:url\" content=\"https:\/\/blog.holyart.it\/fr\/accessoires-pour-la-liturgie\/a-loccasion-de-la-pentecote-priez-marie-qui-defait-les-noeuds\/\" \/>\n<meta property=\"og:site_name\" content=\"Holyart.fr Blog\" \/>\n<meta property=\"article:published_time\" content=\"2022-05-30T10:30:48+00:00\" \/>\n<meta property=\"article:modified_time\" content=\"2023-05-24T09:39:56+00:00\" \/>\n<meta property=\"og:image\" content=\"https:\/\/blog.holyart.it\/fr\/wp-content\/uploads\/sites\/14\/2022\/05\/Pentecote.jpg\" \/>\n\t<meta property=\"og:image:width\" content=\"1000\" \/>\n\t<meta property=\"og:image:height\" content=\"666\" \/>\n\t<meta property=\"og:image:type\" content=\"image\/jpeg\" \/>\n<meta name=\"author\" content=\"Redazione\" \/>\n<meta name=\"twitter:card\" content=\"summary_large_image\" \/>\n<meta name=\"twitter:label1\" content=\"\u00c9crit par\" \/>\n\t<meta name=\"twitter:data1\" content=\"Redazione\" \/>\n\t<meta name=\"twitter:label2\" content=\"Dur\u00e9e de lecture estim\u00e9e\" \/>\n\t<meta name=\"twitter:data2\" content=\"15 minutes\" \/>\n<script type=\"application\/ld+json\" class=\"yoast-schema-graph\">{\"@context\":\"https:\/\/schema.org\",\"@graph\":[{\"@type\":\"Article\",\"@id\":\"https:\/\/blog.holyart.it\/fr\/accessoires-pour-la-liturgie\/a-loccasion-de-la-pentecote-priez-marie-qui-defait-les-noeuds\/#article\",\"isPartOf\":{\"@id\":\"https:\/\/blog.holyart.it\/fr\/accessoires-pour-la-liturgie\/a-loccasion-de-la-pentecote-priez-marie-qui-defait-les-noeuds\/\"},\"author\":{\"name\":\"Redazione\",\"@id\":\"https:\/\/blog.holyart.it\/fr\/#\/schema\/person\/0a7b686e5af0f856ec1e390dd0baecda\"},\"headline\":\"A l\u2019occasion de la Pentec\u00f4te, priez Marie qui d\u00e9fait les n\u0153uds\",\"datePublished\":\"2022-05-30T10:30:48+00:00\",\"dateModified\":\"2023-05-24T09:39:56+00:00\",\"mainEntityOfPage\":{\"@id\":\"https:\/\/blog.holyart.it\/fr\/accessoires-pour-la-liturgie\/a-loccasion-de-la-pentecote-priez-marie-qui-defait-les-noeuds\/\"},\"wordCount\":2956,\"publisher\":{\"@id\":\"https:\/\/blog.holyart.it\/fr\/#organization\"},\"image\":{\"@id\":\"https:\/\/blog.holyart.it\/fr\/accessoires-pour-la-liturgie\/a-loccasion-de-la-pentecote-priez-marie-qui-defait-les-noeuds\/#primaryimage\"},\"thumbnailUrl\":\"https:\/\/blog.holyart.it\/fr\/wp-content\/uploads\/sites\/14\/2022\/05\/Pentecote.jpg\",\"articleSection\":[\"Liturgie\"],\"inLanguage\":\"fr-FR\"},{\"@type\":\"WebPage\",\"@id\":\"https:\/\/blog.holyart.it\/fr\/accessoires-pour-la-liturgie\/a-loccasion-de-la-pentecote-priez-marie-qui-defait-les-noeuds\/\",\"url\":\"https:\/\/blog.holyart.it\/fr\/accessoires-pour-la-liturgie\/a-loccasion-de-la-pentecote-priez-marie-qui-defait-les-noeuds\/\",\"name\":\"A l\u2019occasion de la Pentec\u00f4te, priez Marie qui d\u00e9fait les n\u0153uds\",\"isPartOf\":{\"@id\":\"https:\/\/blog.holyart.it\/fr\/#website\"},\"primaryImageOfPage\":{\"@id\":\"https:\/\/blog.holyart.it\/fr\/accessoires-pour-la-liturgie\/a-loccasion-de-la-pentecote-priez-marie-qui-defait-les-noeuds\/#primaryimage\"},\"image\":{\"@id\":\"https:\/\/blog.holyart.it\/fr\/accessoires-pour-la-liturgie\/a-loccasion-de-la-pentecote-priez-marie-qui-defait-les-noeuds\/#primaryimage\"},\"thumbnailUrl\":\"https:\/\/blog.holyart.it\/fr\/wp-content\/uploads\/sites\/14\/2022\/05\/Pentecote.jpg\",\"datePublished\":\"2022-05-30T10:30:48+00:00\",\"dateModified\":\"2023-05-24T09:39:56+00:00\",\"description\":\"50 jours apr\u00e8s P\u00e2ques, on f\u00eate la Pentec\u00f4te, qui rappelle la descente du Saint-Esprit sur les disciples et le d\u00e9but de la mission de l\u2019\u00c9glise. Cette ann\u00e9e\",\"breadcrumb\":{\"@id\":\"https:\/\/blog.holyart.it\/fr\/accessoires-pour-la-liturgie\/a-loccasion-de-la-pentecote-priez-marie-qui-defait-les-noeuds\/#breadcrumb\"},\"inLanguage\":\"fr-FR\",\"potentialAction\":[{\"@type\":\"ReadAction\",\"target\":[\"https:\/\/blog.holyart.it\/fr\/accessoires-pour-la-liturgie\/a-loccasion-de-la-pentecote-priez-marie-qui-defait-les-noeuds\/\"]}]},{\"@type\":\"ImageObject\",\"inLanguage\":\"fr-FR\",\"@id\":\"https:\/\/blog.holyart.it\/fr\/accessoires-pour-la-liturgie\/a-loccasion-de-la-pentecote-priez-marie-qui-defait-les-noeuds\/#primaryimage\",\"url\":\"https:\/\/blog.holyart.it\/fr\/wp-content\/uploads\/sites\/14\/2022\/05\/Pentecote.jpg\",\"contentUrl\":\"https:\/\/blog.holyart.it\/fr\/wp-content\/uploads\/sites\/14\/2022\/05\/Pentecote.jpg\",\"width\":1000,\"height\":666,\"caption\":\"Pentecote\"},{\"@type\":\"BreadcrumbList\",\"@id\":\"https:\/\/blog.holyart.it\/fr\/accessoires-pour-la-liturgie\/a-loccasion-de-la-pentecote-priez-marie-qui-defait-les-noeuds\/#breadcrumb\",\"itemListElement\":[{\"@type\":\"ListItem\",\"position\":1,\"name\":\"Homepage\",\"item\":\"https:\/\/blog.holyart.it\/fr\/\"},{\"@type\":\"ListItem\",\"position\":2,\"name\":\"Liturgie\",\"item\":\"https:\/\/blog.holyart.it\/fr\/accessoires-pour-la-liturgie\/\"},{\"@type\":\"ListItem\",\"position\":3,\"name\":\"A l\u2019occasion de la Pentec\u00f4te, priez Marie qui d\u00e9fait les n\u0153uds\"}]},{\"@type\":\"WebSite\",\"@id\":\"https:\/\/blog.holyart.it\/fr\/#website\",\"url\":\"https:\/\/blog.holyart.it\/fr\/\",\"name\":\"Holyart.fr Blog\",\"description\":\"Holyblog\",\"publisher\":{\"@id\":\"https:\/\/blog.holyart.it\/fr\/#organization\"},\"potentialAction\":[{\"@type\":\"SearchAction\",\"target\":{\"@type\":\"EntryPoint\",\"urlTemplate\":\"https:\/\/blog.holyart.it\/fr\/?s={search_term_string}\"},\"query-input\":{\"@type\":\"PropertyValueSpecification\",\"valueRequired\":true,\"valueName\":\"search_term_string\"}}],\"inLanguage\":\"fr-FR\"},{\"@type\":\"Organization\",\"@id\":\"https:\/\/blog.holyart.it\/fr\/#organization\",\"name\":\"Holyart.fr Blog\",\"url\":\"https:\/\/blog.holyart.it\/fr\/\",\"logo\":{\"@type\":\"ImageObject\",\"inLanguage\":\"fr-FR\",\"@id\":\"https:\/\/blog.holyart.it\/fr\/#\/schema\/logo\/image\/\",\"url\":\"https:\/\/blog.holyart.it\/fr\/wp-content\/uploads\/sites\/14\/2022\/12\/Holyart_Blog_Logo.jpg\",\"contentUrl\":\"https:\/\/blog.holyart.it\/fr\/wp-content\/uploads\/sites\/14\/2022\/12\/Holyart_Blog_Logo.jpg\",\"width\":300,\"height\":50,\"caption\":\"Holyart.fr Blog\"},\"image\":{\"@id\":\"https:\/\/blog.holyart.it\/fr\/#\/schema\/logo\/image\/\"}},{\"@type\":\"Person\",\"@id\":\"https:\/\/blog.holyart.it\/fr\/#\/schema\/person\/0a7b686e5af0f856ec1e390dd0baecda\",\"name\":\"Redazione\",\"image\":{\"@type\":\"ImageObject\",\"inLanguage\":\"fr-FR\",\"@id\":\"https:\/\/blog.holyart.it\/fr\/#\/schema\/person\/image\/\",\"url\":\"https:\/\/secure.gravatar.com\/avatar\/f477da817f43e50d0af36abecd33e3edf826c68299714bdc1057dff3b113f516?s=96&d=mm&r=g\",\"contentUrl\":\"https:\/\/secure.gravatar.com\/avatar\/f477da817f43e50d0af36abecd33e3edf826c68299714bdc1057dff3b113f516?s=96&d=mm&r=g\",\"caption\":\"Redazione\"},\"url\":\"https:\/\/blog.holyart.it\/fr\/author\/admin\/\"}]}<\/script>\n<!-- \/ Yoast SEO plugin. -->","yoast_head_json":{"title":"A l\u2019occasion de la Pentec\u00f4te, priez Marie qui d\u00e9fait les n\u0153uds","description":"50 jours apr\u00e8s P\u00e2ques, on f\u00eate la Pentec\u00f4te, qui rappelle la descente du Saint-Esprit sur les disciples et le d\u00e9but de la mission de l\u2019\u00c9glise. Cette ann\u00e9e","robots":{"index":"index","follow":"follow","max-snippet":"max-snippet:-1","max-image-preview":"max-image-preview:large","max-video-preview":"max-video-preview:-1"},"canonical":"https:\/\/blog.holyart.it\/fr\/accessoires-pour-la-liturgie\/a-loccasion-de-la-pentecote-priez-marie-qui-defait-les-noeuds\/","og_locale":"fr_FR","og_type":"article","og_title":"A l\u2019occasion de la Pentec\u00f4te, priez Marie qui d\u00e9fait les n\u0153uds","og_description":"50 jours apr\u00e8s P\u00e2ques, on f\u00eate la Pentec\u00f4te, qui rappelle la descente du Saint-Esprit sur les disciples et le d\u00e9but de la mission de l\u2019\u00c9glise. Cette ann\u00e9e","og_url":"https:\/\/blog.holyart.it\/fr\/accessoires-pour-la-liturgie\/a-loccasion-de-la-pentecote-priez-marie-qui-defait-les-noeuds\/","og_site_name":"Holyart.fr Blog","article_published_time":"2022-05-30T10:30:48+00:00","article_modified_time":"2023-05-24T09:39:56+00:00","og_image":[{"width":1000,"height":666,"url":"https:\/\/blog.holyart.it\/fr\/wp-content\/uploads\/sites\/14\/2022\/05\/Pentecote.jpg","type":"image\/jpeg"}],"author":"Redazione","twitter_card":"summary_large_image","twitter_misc":{"\u00c9crit par":"Redazione","Dur\u00e9e de lecture estim\u00e9e":"15 minutes"},"schema":{"@context":"https:\/\/schema.org","@graph":[{"@type":"Article","@id":"https:\/\/blog.holyart.it\/fr\/accessoires-pour-la-liturgie\/a-loccasion-de-la-pentecote-priez-marie-qui-defait-les-noeuds\/#article","isPartOf":{"@id":"https:\/\/blog.holyart.it\/fr\/accessoires-pour-la-liturgie\/a-loccasion-de-la-pentecote-priez-marie-qui-defait-les-noeuds\/"},"author":{"name":"Redazione","@id":"https:\/\/blog.holyart.it\/fr\/#\/schema\/person\/0a7b686e5af0f856ec1e390dd0baecda"},"headline":"A l\u2019occasion de la Pentec\u00f4te, priez Marie qui d\u00e9fait les n\u0153uds","datePublished":"2022-05-30T10:30:48+00:00","dateModified":"2023-05-24T09:39:56+00:00","mainEntityOfPage":{"@id":"https:\/\/blog.holyart.it\/fr\/accessoires-pour-la-liturgie\/a-loccasion-de-la-pentecote-priez-marie-qui-defait-les-noeuds\/"},"wordCount":2956,"publisher":{"@id":"https:\/\/blog.holyart.it\/fr\/#organization"},"image":{"@id":"https:\/\/blog.holyart.it\/fr\/accessoires-pour-la-liturgie\/a-loccasion-de-la-pentecote-priez-marie-qui-defait-les-noeuds\/#primaryimage"},"thumbnailUrl":"https:\/\/blog.holyart.it\/fr\/wp-content\/uploads\/sites\/14\/2022\/05\/Pentecote.jpg","articleSection":["Liturgie"],"inLanguage":"fr-FR"},{"@type":"WebPage","@id":"https:\/\/blog.holyart.it\/fr\/accessoires-pour-la-liturgie\/a-loccasion-de-la-pentecote-priez-marie-qui-defait-les-noeuds\/","url":"https:\/\/blog.holyart.it\/fr\/accessoires-pour-la-liturgie\/a-loccasion-de-la-pentecote-priez-marie-qui-defait-les-noeuds\/","name":"A l\u2019occasion de la Pentec\u00f4te, priez Marie qui d\u00e9fait les n\u0153uds","isPartOf":{"@id":"https:\/\/blog.holyart.it\/fr\/#website"},"primaryImageOfPage":{"@id":"https:\/\/blog.holyart.it\/fr\/accessoires-pour-la-liturgie\/a-loccasion-de-la-pentecote-priez-marie-qui-defait-les-noeuds\/#primaryimage"},"image":{"@id":"https:\/\/blog.holyart.it\/fr\/accessoires-pour-la-liturgie\/a-loccasion-de-la-pentecote-priez-marie-qui-defait-les-noeuds\/#primaryimage"},"thumbnailUrl":"https:\/\/blog.holyart.it\/fr\/wp-content\/uploads\/sites\/14\/2022\/05\/Pentecote.jpg","datePublished":"2022-05-30T10:30:48+00:00","dateModified":"2023-05-24T09:39:56+00:00","description":"50 jours apr\u00e8s P\u00e2ques, on f\u00eate la Pentec\u00f4te, qui rappelle la descente du Saint-Esprit sur les disciples et le d\u00e9but de la mission de l\u2019\u00c9glise. Cette ann\u00e9e","breadcrumb":{"@id":"https:\/\/blog.holyart.it\/fr\/accessoires-pour-la-liturgie\/a-loccasion-de-la-pentecote-priez-marie-qui-defait-les-noeuds\/#breadcrumb"},"inLanguage":"fr-FR","potentialAction":[{"@type":"ReadAction","target":["https:\/\/blog.holyart.it\/fr\/accessoires-pour-la-liturgie\/a-loccasion-de-la-pentecote-priez-marie-qui-defait-les-noeuds\/"]}]},{"@type":"ImageObject","inLanguage":"fr-FR","@id":"https:\/\/blog.holyart.it\/fr\/accessoires-pour-la-liturgie\/a-loccasion-de-la-pentecote-priez-marie-qui-defait-les-noeuds\/#primaryimage","url":"https:\/\/blog.holyart.it\/fr\/wp-content\/uploads\/sites\/14\/2022\/05\/Pentecote.jpg","contentUrl":"https:\/\/blog.holyart.it\/fr\/wp-content\/uploads\/sites\/14\/2022\/05\/Pentecote.jpg","width":1000,"height":666,"caption":"Pentecote"},{"@type":"BreadcrumbList","@id":"https:\/\/blog.holyart.it\/fr\/accessoires-pour-la-liturgie\/a-loccasion-de-la-pentecote-priez-marie-qui-defait-les-noeuds\/#breadcrumb","itemListElement":[{"@type":"ListItem","position":1,"name":"Homepage","item":"https:\/\/blog.holyart.it\/fr\/"},{"@type":"ListItem","position":2,"name":"Liturgie","item":"https:\/\/blog.holyart.it\/fr\/accessoires-pour-la-liturgie\/"},{"@type":"ListItem","position":3,"name":"A l\u2019occasion de la Pentec\u00f4te, priez Marie qui d\u00e9fait les n\u0153uds"}]},{"@type":"WebSite","@id":"https:\/\/blog.holyart.it\/fr\/#website","url":"https:\/\/blog.holyart.it\/fr\/","name":"Holyart.fr Blog","description":"Holyblog","publisher":{"@id":"https:\/\/blog.holyart.it\/fr\/#organization"},"potentialAction":[{"@type":"SearchAction","target":{"@type":"EntryPoint","urlTemplate":"https:\/\/blog.holyart.it\/fr\/?s={search_term_string}"},"query-input":{"@type":"PropertyValueSpecification","valueRequired":true,"valueName":"search_term_string"}}],"inLanguage":"fr-FR"},{"@type":"Organization","@id":"https:\/\/blog.holyart.it\/fr\/#organization","name":"Holyart.fr Blog","url":"https:\/\/blog.holyart.it\/fr\/","logo":{"@type":"ImageObject","inLanguage":"fr-FR","@id":"https:\/\/blog.holyart.it\/fr\/#\/schema\/logo\/image\/","url":"https:\/\/blog.holyart.it\/fr\/wp-content\/uploads\/sites\/14\/2022\/12\/Holyart_Blog_Logo.jpg","contentUrl":"https:\/\/blog.holyart.it\/fr\/wp-content\/uploads\/sites\/14\/2022\/12\/Holyart_Blog_Logo.jpg","width":300,"height":50,"caption":"Holyart.fr Blog"},"image":{"@id":"https:\/\/blog.holyart.it\/fr\/#\/schema\/logo\/image\/"}},{"@type":"Person","@id":"https:\/\/blog.holyart.it\/fr\/#\/schema\/person\/0a7b686e5af0f856ec1e390dd0baecda","name":"Redazione","image":{"@type":"ImageObject","inLanguage":"fr-FR","@id":"https:\/\/blog.holyart.it\/fr\/#\/schema\/person\/image\/","url":"https:\/\/secure.gravatar.com\/avatar\/f477da817f43e50d0af36abecd33e3edf826c68299714bdc1057dff3b113f516?s=96&d=mm&r=g","contentUrl":"https:\/\/secure.gravatar.com\/avatar\/f477da817f43e50d0af36abecd33e3edf826c68299714bdc1057dff3b113f516?s=96&d=mm&r=g","caption":"Redazione"},"url":"https:\/\/blog.holyart.it\/fr\/author\/admin\/"}]}},"_links":{"self":[{"href":"https:\/\/blog.holyart.it\/fr\/wp-json\/wp\/v2\/posts\/4662","targetHints":{"allow":["GET"]}}],"collection":[{"href":"https:\/\/blog.holyart.it\/fr\/wp-json\/wp\/v2\/posts"}],"about":[{"href":"https:\/\/blog.holyart.it\/fr\/wp-json\/wp\/v2\/types\/post"}],"author":[{"embeddable":true,"href":"https:\/\/blog.holyart.it\/fr\/wp-json\/wp\/v2\/users\/1"}],"replies":[{"embeddable":true,"href":"https:\/\/blog.holyart.it\/fr\/wp-json\/wp\/v2\/comments?post=4662"}],"version-history":[{"count":1,"href":"https:\/\/blog.holyart.it\/fr\/wp-json\/wp\/v2\/posts\/4662\/revisions"}],"predecessor-version":[{"id":6305,"href":"https:\/\/blog.holyart.it\/fr\/wp-json\/wp\/v2\/posts\/4662\/revisions\/6305"}],"wp:featuredmedia":[{"embeddable":true,"href":"https:\/\/blog.holyart.it\/fr\/wp-json\/wp\/v2\/media\/4683"}],"wp:attachment":[{"href":"https:\/\/blog.holyart.it\/fr\/wp-json\/wp\/v2\/media?parent=4662"}],"wp:term":[{"taxonomy":"category","embeddable":true,"href":"https:\/\/blog.holyart.it\/fr\/wp-json\/wp\/v2\/categories?post=4662"},{"taxonomy":"post_tag","embeddable":true,"href":"https:\/\/blog.holyart.it\/fr\/wp-json\/wp\/v2\/tags?post=4662"}],"curies":[{"name":"wp","href":"https:\/\/api.w.org\/{rel}","templated":true}]}}