{"id":4650,"date":"2022-05-25T12:30:03","date_gmt":"2022-05-25T10:30:03","guid":{"rendered":"https:\/\/blog.holyart.it\/fr\/?p=4650"},"modified":"2023-05-19T11:41:54","modified_gmt":"2023-05-19T09:41:54","slug":"symbole-de-foi-et-de-courage-jeann-darc-sainte-guerriere","status":"publish","type":"post","link":"https:\/\/blog.holyart.it\/fr\/saints-et-bienheureux\/symbole-de-foi-et-de-courage-jeann-darc-sainte-guerriere\/","title":{"rendered":"Symbole de foi et de courage : Jeann d&rsquo;Arc, sainte guerri\u00e8re"},"content":{"rendered":"<h4>Jeanne d\u2019Arc, connue \u00e9galement comme la Pucelle d\u2019Orl\u00e9ans, est une h\u00e9ro\u00efne nationale fran\u00e7aise. Sa figure a inspir\u00e9 la d\u00e9votion de ses contemporains et sa fin tragique en a fait une sainte encore aim\u00e9e et v\u00e9n\u00e9r\u00e9e aujourd\u2019hui au sein de l\u2019\u00c9glise catholique.<\/h4>\n\n<p>Que savons-nous vraiment de Sainte Jeanne d\u2019Arc ? Commen\u00e7ons par dire qu\u2019elle rentre de droit parmi les 10 Femmes Chr\u00e9tiennes qui chang\u00e8rent l\u2019\u00c9glise et le monde. Rappel\u00e9e parmi les saints autant pour sa <strong>force spirituelle<\/strong>, \u00e9galement que pour avoir brandi l\u2019\u00e9p\u00e9e au nom de la foi. Et cela est encore plus surprenant si l\u2019on consid\u00e8re qu\u2019elle n\u2019\u00e9tait qu\u2019une jeune femme.<\/p>\n<p>Sur elle on a \u00e9crit des livres, tourn\u00e9 des films, qui ont mis en lumi\u00e8re tant\u00f4t un aspect tant\u00f4t un autre de sa figure controvers\u00e9e. Controvers\u00e9e car aujourd\u2019hui nous savons d\u2019elle qu\u2019elle \u00e9tait une tr\u00e8s jeune paysanne appel\u00e9e par Dieu \u00e0 soutenir une \u00e9preuve de courage et de foi que beaucoup d\u2019hommes m\u00fbrs et des militaires exp\u00e9riment\u00e9s n\u2019auraient pas \u00e9t\u00e9 capables de mener \u00e0 bien. Lou\u00e9e comme une sainte, elle a fini par \u00eatre accus\u00e9e de sorcellerie et, d\u00e8s dix-neuf ans, a connu la mort sur le b\u00fbcher.<\/p>\n<p>Malgr\u00e9 cela, en 1909 Pape <strong>Pie X<\/strong> la b\u00e9atifia, mais d\u00e9j\u00e0 avant lui <strong>Pape Calliste III<\/strong> en 1456 avait d\u00e9clar\u00e9 nul le proc\u00e8s qui avait scell\u00e9 sa mort et l\u2019avait r\u00e9habilit\u00e9e. En 1920, Jeanne fut proclam\u00e9e sainte par volont\u00e9 de <strong>Beno\u00eet XV<\/strong> et depuis 1922 elle est ,entre autres, sainte <strong>patronne de France<\/strong>. Le Pape \u00e9m\u00e9rite <a href=\"https:\/\/www.holyart.fr\/articles-religieux\/statues\/statues-en-bois-naturel\/pape-benoit-xvi-en-bois-naturel-valgardena1?path=articles-religieux&amp;path=statues&amp;path=statues-en-bois-naturel&amp;path=pape-benoit-xvi-en-bois-naturel-valgardena1\"><strong>Beno\u00eet XVI<\/strong><\/a> aussi manifesta son int\u00e9r\u00eat pour cette jeune sainte lors de l\u2019audience g\u00e9n\u00e9rale du 26 janvier 2011 et la compara \u00e0 <a href=\"https:\/\/www.holyart.fr\/blog\/saints-et-bienheureux\/saint-catherine-de-sienne-patronne-ditalie\/\"><strong>Sainte Catherine de Sienne<\/strong><\/a>, sainte patronne d\u2019Italie.<\/p>\n<p>Comment est-il possible qu\u2019une sorci\u00e8re pr\u00e9sum\u00e9e soit devenue une sainte ? Afin de comprendre cette apparente contradiction, nous devons nous immerger dans l\u2019\u00e9poque et le <strong>contexte historique<\/strong> dans lequel Jeanne v\u00e9cut, combattit et mourut. Une \u00e9poque o\u00f9, plus qu\u2019\u00e0 d\u2019autres, l\u2019\u00eatre humain sut s\u2019\u00e9lever \u00e0 de tr\u00e8s hauts sommets de g\u00e9nie et d\u2019expression artistique et, en m\u00eame temps, fit preuve de barbarie et d\u2019une f\u00e9rocit\u00e9 insoutenable. Il est vrai que l\u2019histoire de Jeanne se place non seulement au d\u00e9but de la Renaissance, mais quand cette contraposition entre \u00e9l\u00e9vation spirituelle, intellectuelle et artistique et cruaut\u00e9, faible valeur de la vie humaine s\u2019\u00e9taient d\u00e9j\u00e0 \u00e9tablis.<\/p>\n<p>Essayons de mieux comprendre l\u2019histoire de Jeanne d\u2019Arc, la sainte guerri\u00e8re, la pucelle d\u2019Orl\u00e9ans, comme elle \u00e9tait connue par ses contemporains.<\/p>\n<h2>L\u2019histoire de Jeanne d\u2019Arc<\/h2>\n<p>Nous avons d\u00e9j\u00e0 mentionn\u00e9 l\u2019\u00e9poque \u00e0 laquelle v\u00e9cut et mourut Sainte Jeanne d\u2019Arc, une p\u00e9riode \u00e0 cheval entre la fin du Moyen \u00c2ge et le d\u00e9but de la Renaissance. En particulier, un \u00e9v\u00e9nement pr\u00e9pond\u00e9rant dans la vie de Jeanne fut le conflit qui entre 1337 et 1453 vit s\u2019opposer le Royaume d\u2019Angleterre et le Royaume de France, connue comme <strong>Guerre des Cent Ans<\/strong>. \u00c0 cela ajoutons que le <strong>Schisme d\u2019Occident<\/strong> entre 1378 et 1417 avait lac\u00e9r\u00e9 l\u2019\u00c9glise occidentale avec une opposition entre papes et antipapes pour le contr\u00f4le du pontificat.<\/p>\n<p>Ce fut dans le d\u00e9cor de cette longue et terrible guerre qu\u2019en 1412 Jeanne naquit \u00e0 <strong>Domr\u00e9my<\/strong>, dans le nord est de la France. Jeanne vit le jour dans une humble famille de fermiers. Ignorante et analphab\u00e8te, elle d\u00e9montra toutefois d\u00e8s son plus jeune \u00e2ge une nature pr\u00e9dispos\u00e9e \u00e0 aider les pauvres et les n\u00e9cessiteux. Son enfance fut caract\u00e9ris\u00e9e par <strong>charit\u00e9, mis\u00e9ricorde et attitude au sacrifice<\/strong>.<\/p>\n<p>\u00c0 treize ans, elle commen\u00e7a \u00e0 affirmer avoir \u00e9t\u00e9 visit\u00e9e par <a href=\"https:\/\/www.holyart.fr\/articles-religieux\/statues\/statues-en-bois-peint\/saint-michel-archange?path=articles-religieux&amp;path=statues&amp;path=statues-en-bois-peint&amp;path=saint-michel-archange\"><strong>Saint Michel Archange<\/strong><\/a>, par <a href=\"https:\/\/www.holyart.fr\/articles-religieux\/statues\/statues-en-fibre-de-verre\/sainte-catherine-160-cm-fibre-de-verre-coloree-pour-exterieur?path=articles-religieux&amp;path=statues&amp;path=statues-en-fibre-de-verre&amp;path=sainte-catherine-160-cm-fibre-de-verre-coloree-pour-exterieur\"><strong>Sainte Catherine<\/strong><\/a> et <a href=\"https:\/\/www.holyart.fr\/articles-religieux\/statues\/statues-en-bois-peint\/statue-sainte-marguerite-dantioche-avec-croix-bois-peint-val-gardena?path=articles-religieux&amp;path=statues&amp;path=statues-en-bois-peint&amp;path=statue-sainte-marguerite-dantioche-avec-croix-bois-peint-val-gardena\"><strong>Sainte Marguerite<\/strong><\/a>. Ces trois pr\u00e9sences b\u00e9n\u00e9fiques lui parlaient avec des voix c\u00e9lestielles, en se manifestant parfois avec des lueurs, parfois avec de v\u00e9ritables visions.<\/p>\n<div class=\"link-product\">\n<div class=\"blocco-immagine\"><img loading=\"lazy\" decoding=\"async\" class=\"alignnone size-full wp-image-4651\" src=\"https:\/\/blog.holyart.it\/fr\/wp-content\/uploads\/sites\/14\/2022\/05\/Saint-Michel-archange.jpg\" alt=\"Saint Michel archange\" width=\"100\" height=\"100\" data-kale-share-title=\"Symbole de foi et de courage : Jeann d\u2019Arc, sainte guerri\u00e8re\" data-kale-share-url=\"https:\/\/blog.holyart.it\/fr\/?p=4650\" \/><\/div>\n<div class=\"blocco-contenuto\">\n<div class=\"blocco-acquista\">Acheter sur Holyart:<\/div>\n<div class=\"blocco-titolo\"><a href=\"https:\/\/www.holyart.fr\/articles-religieux\/statues\/statues-en-bois-peint\/saint-michel-archange?path=articles-religieux&amp;path=statues&amp;path=statues-en-bois-peint&amp;path=saint-michel-archange\">Saint Michel archange<\/a><\/div>\n<div class=\"blocco-descrizione\">Statue en bois d&rsquo;\u00e9rable r\u00e9alis\u00e9e \u00e0 la main.<\/div>\n<\/div>\n<\/div>\n<p>Quand en 1429 les Anglais aid\u00e9s par leurs alli\u00e9s bourguignons \u00e9taient sur le point de conqu\u00e9rir <strong>Orl\u00e9ans<\/strong>, ville \u00e0 l\u2019inestimable valeur \u00e9conomique et strat\u00e9gique pour les Fran\u00e7ais, les voix command\u00e8rent \u00e0 Jeanne de quitter la maison de ses parents et de venir en aide \u00e0 <strong>Charles Valois<\/strong>, Dauphin prince h\u00e9ritier de France (qui serait ensuite mont\u00e9 sur le tr\u00f4ne avec le nom de Charles VII).<\/p>\n<p>Jeanne, qui \u00e0 l\u2019\u00e9poque avait dix-sept ans et \u00e9tait sur le point d\u2019\u00eatre forc\u00e9e au mariage, convainquit ses parents de l\u2019importance de sa mission et arriva \u00e0 obtenir de rencontrer d\u2019abord le capitaine de la place forte de Vaucouleurs et, une fois convaincu ce dernier de sa bonne foi, le Dauphin en personne dans le ch\u00e2teau de <strong>Chinon<\/strong>.<\/p>\n<p>Charles ne se fia pas tout de suite de cette jeune fille \u00e9trange qui soutenait avoir \u00e9t\u00e9 invit\u00e9e par Dieu \u00e0 sauver la France et son droit au tr\u00f4ne.<\/p>\n<p>Il la soumit \u00e0 de nombreuses enqu\u00eates approfondies, conduites par des th\u00e9ologiens exp\u00e9riment\u00e9s et par des eccl\u00e9siastiques de haut rang, d\u2019abord \u00e0 Chinon et ensuite \u00e0 <strong>Poitiers<\/strong>.<\/p>\n<p>Enfin convaincu, Charles lui conc\u00e9da la charge d\u2019accompagner l\u2019exp\u00e9dition militaire en partance pour <strong>Orl\u00e9ans<\/strong>. Bien qu\u2019on ne lui ait conf\u00e9r\u00e9e aucune charge militaire, Jeanne commen\u00e7a \u00e0 <strong>imposer aux soldats un style de vie presque monastique<\/strong>, en \u00e9loignant les prostitu\u00e9es, en interdisant les pillages et les violences, voire les blasph\u00e8mes. En outre, elle d\u00e9cr\u00e9ta qu\u2019ils se confessent souvent et que deux fois par jour ils se r\u00e9unissent en pri\u00e8re commune aux pieds de l\u2019\u00e9tendard immacul\u00e9 qui repr\u00e9sentait Dieu qui conc\u00e9dait Sa b\u00e9n\u00e9diction au bluet, symbole de la monarchie fran\u00e7aise, avec les archanges Michel et Gabriel sur les c\u00f4t\u00e9s.<\/p>\n<p><a href=\"https:\/\/www.holyart.fr\/articles-religieux\/tableaux-gravures-manuscrit-enlumine\/sainte-jeanne-darc?path=articles-religieux&amp;path=tableaux-gravures-manuscrit-enlumine&amp;path=sainte-jeanne-darc\"><strong>Jeanne<\/strong><\/a> chevauchait un cheval blanc, portait l\u2019armure et l\u2019\u00e9p\u00e9e \u00e0 sa taille, comme un soldat. Bient\u00f4t tous, soldats et civils, commenc\u00e8rent \u00e0 l\u2019appeler <em>Jeanne la Pucelle<\/em>. Outre les soldats en voyage, s\u2019unirent \u00e0 elle de tr\u00e8s nombreux volontaires, inspir\u00e9s par sa figure et sa ferveur.<\/p>\n<div class=\"link-product\">\n<div class=\"blocco-immagine\"><img loading=\"lazy\" decoding=\"async\" class=\"alignnone size-full wp-image-4653\" src=\"https:\/\/blog.holyart.it\/fr\/wp-content\/uploads\/sites\/14\/2022\/05\/Sainte-Jeanne-dArc.jpg\" alt=\"Sainte Jeanne d'Arc\" width=\"100\" height=\"100\" data-kale-share-title=\"Symbole de foi et de courage : Jeann d\u2019Arc, sainte guerri\u00e8re\" data-kale-share-url=\"https:\/\/blog.holyart.it\/fr\/?p=4650\" \/><\/div>\n<div class=\"blocco-contenuto\">\n<div class=\"blocco-acquista\">Acheter sur Holyart:<\/div>\n<div class=\"blocco-titolo\"><a href=\"https:\/\/www.holyart.fr\/articles-religieux\/tableaux-gravures-manuscrit-enlumine\/sainte-jeanne-darc?path=articles-religieux&amp;path=tableaux-gravures-manuscrit-enlumine&amp;path=sainte-jeanne-darc\">Sainte Jeanne d&rsquo;Arc<\/a><\/div>\n<div class=\"blocco-descrizione\">Disponible en trois tailles pr\u00eat pour \u00eatre affich\u00e9 au mur.<\/div>\n<\/div>\n<\/div>\n<p>\u00c0 Orl\u00e9ans, d\u00e9sormais \u00e9puis\u00e9e par un long si\u00e8ge, Jean le B\u00e2tard \u00e9tait en train de traiter la reddition avec Philippe le Hardi, duc de Bourgogne et alli\u00e9 des Anglais. Jeanne arriva aupr\u00e8s de la ville en apportant provisions et renforts pour les troupes \u00e9puis\u00e9es.<\/p>\n<p>Bien que le B\u00e2tard lui ait intim\u00e9 de ne pas entreprendre d\u2019actions militaires, le soir m\u00eame Jeanne monta sur les gradins et, s\u2019adressant aux troupes anglaises leur intima de se rendre et de s\u2019en aller, recevant comme r\u00e9ponse des injures et des menaces. Apr\u00e8s des jours de combats, durant lesquels Jeanne combattit en premi\u00e8re ligne, en encourageant les soldats fran\u00e7ais avec son exemple et reportant de nombreuses blessures, les Anglais furent oblig\u00e9s de se retirer.<\/p>\n<p>Apr\u00e8s la victoire d\u2019Orl\u00e9ans, Jeanne poursuivit sa marche \u00e0 travers la France, en remportant une autre victoire retentissante \u00e0 <strong>Patay<\/strong> et en ouvrant ainsi le chemin \u00e0 la <strong>cons\u00e9cration du Roi Charles VII<\/strong> \u00e0 Reims.<\/p>\n<p>Ici commen\u00e7a toutefois la <strong>parabole descendante<\/strong> de Jeanne. Finie la guerre, du moins pour le moment, et port\u00e9 \u00ab\u00a0son\u00a0\u00bb Roi sur le tr\u00f4ne, elle semble avoir perdu toute raison d\u2019avancer. Elle continua toutefois \u00e0 contrarier les Anglais et les Bourguignons sur le territoire fran\u00e7ais, en ignorant les envies et l\u2019hostilit\u00e9 croissante de la cour envers elle. Les personnes qui la rencontraient la regardaient comme \u00e0 une sainte envoy\u00e9e du ciel et lui demandaient des miracles.<\/p>\n<p>Ce fut \u00e0 <strong>Margny<\/strong> le 23 mai 1430 qu\u2019elle fut enfin captur\u00e9e par les Bourguignons et, dans un deuxi\u00e8me temps, c\u00e9d\u00e9e pour une consid\u00e9rable ran\u00e7on aux Anglais. Charles VII ne tenta jamais de la lib\u00e9rer, ni n\u2019offrit une ran\u00e7on \u00e0 son tour, la livrant \u00e0 son destin. La captivit\u00e9 aux mains Anglais fut tr\u00e8s dure et, \u00e0 la fin, Jeanne fut conduite en justice \u00ab\u00a0<em>fortement suspect\u00e9e de nombreux crimes en odeur d\u2019h\u00e9r\u00e9sie<\/em>\u00a0\u00bb.<\/p>\n<h2>Le proc\u00e8s et la mort sur le b\u00fbcher<\/h2>\n<p>Le proc\u00e8s de Jeanne d\u2019Arc fut une <strong>farce<\/strong> d\u00e8s ses premi\u00e8res phases. L\u2019Universit\u00e9 de Paris, d\u00e9positaire de la jurisprudence civile et eccl\u00e9siastique, \u00e9tait totalement asservie aux Anglais, qui avaient d\u00e9j\u00e0 condamn\u00e9 Jeanne et la voulaient morte. Sa mort non seulement les aurait lib\u00e9r\u00e9s d\u2019un dangereux symbole tr\u00e8s aim\u00e9 sur le sol de France, mais aurait discr\u00e9dit\u00e9 l\u2019autorit\u00e9 de Charles VII.<\/p>\n<p>Ce fut un <strong>tribunal inquisiteur<\/strong> qui la traina en proc\u00e8s pour h\u00e9r\u00e9sie et Jeanne n\u2019en accepta jamais le jugement. Elle fut condamn\u00e9e sur base d\u2019accusations fausses et oblig\u00e9e \u00e0 l\u2019abjuration. M\u00eame en prison, Jeanne continua de recevoir les visites de ses amis c\u00e9lestes, qui l\u2019exhort\u00e8rent \u00e0 accepter son martyr.<\/p>\n<p>Elle fut br\u00fbl\u00e9e vivante \u00e0 <strong>Rouen<\/strong> le 30 mai 1431. Elle demanda \u00e0 un pr\u00eatre de garder une croix haute devant le b\u00fbcher afin de pouvoir mourir en regardant J\u00e9sus <a href=\"https:\/\/www.holyart.fr\/articles-religieux\/crucifix?path=articles-religieux&amp;path=crucifix\"><strong>Crucifi\u00e9<\/strong><\/a>, en invoquant Son nom.<\/p>\n<div class=\"link-product\">\n<div class=\"blocco-immagine\"><img loading=\"lazy\" decoding=\"async\" class=\"alignnone size-full wp-image-4655\" src=\"https:\/\/blog.holyart.it\/fr\/wp-content\/uploads\/sites\/14\/2022\/05\/Crucifix-en-pierre.jpg\" alt=\"Crucifix en pierre\" width=\"100\" height=\"100\" data-kale-share-title=\"Symbole de foi et de courage : Jeann d\u2019Arc, sainte guerri\u00e8re\" data-kale-share-url=\"https:\/\/blog.holyart.it\/fr\/?p=4650\" \/><\/div>\n<div class=\"blocco-contenuto\">\n<div class=\"blocco-acquista\">Acheter sur Holyart:<\/div>\n<div class=\"blocco-titolo\"><a href=\"https:\/\/www.holyart.fr\/articles-religieux\/crucifix\/crucifix-en-pierre\/crucifix-en-pierre?path=articles-religieux&amp;path=crucifix&amp;path=crucifix-en-pierre&amp;path=crucifix-en-pierre\">Crucifix en pierre <\/a><\/div>\n<div class=\"blocco-descrizione\">Crucifix en pierre des Pyr\u00e9n\u00e9es \u00e9l\u00e9gant.<\/div>\n<\/div>\n<\/div>\n<h2>R\u00e9vision de la sentence<\/h2>\n<p>Seulement apr\u00e8s que les Fran\u00e7ais eurent compl\u00e9t\u00e9 la reconqu\u00eate de toute la France, en <strong>1455<\/strong>, Pape Calliste III commanda une r\u00e9vision du proc\u00e8s de Jeanne d\u2019Arc. L\u2019ann\u00e9e suivante le proc\u00e8s fut jug\u00e9 nul et Jeanne d\u00e9clar\u00e9e totalement innocent\u00e9e des accusations d\u2019h\u00e9r\u00e9sie.<\/p>\n<p>En <strong>1909<\/strong> Pape Pie X la b\u00e9atifia.<\/p>\n<p>En <strong>1920<\/strong> eut lieu la canonisation par Pape Beno\u00eet XV. En <strong>1922<\/strong> Jeanne est sainte patronne de France.<\/p>\n<h2>Sainte Jeanne d\u2019Arc comme Sainte Catherine de Sienne<\/h2>\n<p>Nous avons d\u00e9j\u00e0 mentionn\u00e9 comment Pape Beno\u00eet XVI a voulu comparer Jeanne d\u2019Arc \u00e0 <a href=\"https:\/\/www.holyart.fr\/blog\/saints-et-bienheureux\/saint-catherine-de-sienne-patronne-ditalie\/\"><strong>Sainte Catherine de Sienne<\/strong><\/a>, sainte patronne d\u2019Italie et d\u2019Europe. Toutes les deux \u00e9taient des <strong>jeunes filles<\/strong>, quand elles re\u00e7urent leurs appels, toutes les deux venaient de <strong>familles humbles<\/strong> et choisirent de servir Dieu non pas dans un couvent, mais sur le champ de bataille l\u2019une et l\u2019autre au service des pauvres et des malades.<\/p>\n<div class=\"link-article\">\n<p><img loading=\"lazy\" decoding=\"async\" class=\"alignnone size-full wp-image-4657\" src=\"https:\/\/blog.holyart.it\/fr\/wp-content\/uploads\/sites\/14\/2022\/05\/Saint-Catherine-de-Sienne.jpg\" alt=\"Saint Catherine de Sienne\" width=\"150\" height=\"99\" data-kale-share-title=\"Symbole de foi et de courage : Jeann d\u2019Arc, sainte guerri\u00e8re\" data-kale-share-url=\"https:\/\/blog.holyart.it\/fr\/?p=4650\" \/><\/p>\n<div class=\"leggi-anche\">Lire aussi :<\/div>\n<p><strong><a href=\"https:\/\/www.holyart.fr\/blog\/saints-et-bienheureux\/saint-catherine-de-sienne-patronne-ditalie\/\">Saint Catherine de Sienne : patronne d\u2019Italie<\/a><\/strong><br \/>\nSainte Catherine de Sienne, de femme du peuple \u00e0 conseill\u00e8re des Papes et princes. Courageuse, sage et totalement d\u00e9vou\u00e9e \u00e0 Christ. Apprenons&#8230;<\/p>\n<\/div>\n<p>En outre, Jeanne d\u2019Arc comme Catherine v\u00e9curent dans une p\u00e9riode de <strong>profonde crise pour l\u2019\u00c9glise<\/strong>, avec le Schisme d\u2019Occident et les guerres qui d\u00e9chiraient l\u2019Europe. Tandis que Jeanne lutta pour porter sur le tr\u00f4ne <strong>Charles VII<\/strong>, Catherine s\u2019engagea contre la ligue antipapale et essaya de convaincre <strong>Pape Gr\u00e9goire XI<\/strong> de revenir d\u2019Avignon \u00e0 Rome.<\/p>\n<p>D\u2019elles Pape Beno\u00eet dit : \u00ab\u00a0<em>Nous pourrions les rapprocher (Jeanne d\u2019Arc et Catherine de Sienne) des saintes femmes qui rest\u00e8rent sur le Calvaire, \u00e0 c\u00f4t\u00e9 de J\u00e9sus crucifi\u00e9 et de Marie sa M\u00e8re, tandis que les Ap\u00f4tres avaient fui et que Pierre lui-m\u00eame l\u2019avait reni\u00e9 trois fois<\/em>\u00a0\u00bb.<\/p>\n<p>De grandes femmes, qui ont fait de la foi et du service \u00e0 Dieu le but ultime de leur vie et ne se sont m\u00eame pas arr\u00eat\u00e9es devant le martyr, dans le cas de Jeanne, et la souffrance pour Catherine.<\/p>\n","protected":false},"excerpt":{"rendered":"<p>Jeanne d\u2019Arc, connue \u00e9galement comme la Pucelle d\u2019Orl\u00e9ans, est une h\u00e9ro\u00efne nationale fran\u00e7aise. Sa figure a inspir\u00e9 la d\u00e9votion de ses contemporains et sa fin tragique en a fait une sainte encore aim\u00e9e et v\u00e9n\u00e9r\u00e9e aujourd\u2019hui au sein de l\u2019\u00c9glise catholique. Que savons-nous vraiment de&hellip;<\/p>\n","protected":false},"author":1,"featured_media":4659,"comment_status":"closed","ping_status":"open","sticky":false,"template":"","format":"standard","meta":{"_acf_changed":false,"footnotes":""},"categories":[7],"tags":[],"class_list":["post-4650","post","type-post","status-publish","format-standard","has-post-thumbnail","hentry","category-saints-et-bienheureux"],"acf":[],"yoast_head":"<!-- This site is optimized with the Yoast SEO plugin v26.6 - https:\/\/yoast.com\/wordpress\/plugins\/seo\/ -->\n<title>Symbole de foi et de courage : Jeann d&#039;Arc, sainte guerri\u00e8re<\/title>\n<meta name=\"description\" content=\"Jeanne d\u2019Arc, connue \u00e9galement comme la Pucelle d\u2019Orl\u00e9ans, est une h\u00e9ro\u00efne nationale fran\u00e7aise. Sa figure a inspir\u00e9 la d\u00e9votion de ses contemporains et...\" \/>\n<meta name=\"robots\" content=\"index, follow, max-snippet:-1, max-image-preview:large, max-video-preview:-1\" \/>\n<link rel=\"canonical\" href=\"https:\/\/blog.holyart.it\/fr\/saints-et-bienheureux\/symbole-de-foi-et-de-courage-jeann-darc-sainte-guerriere\/\" \/>\n<meta property=\"og:locale\" content=\"fr_FR\" \/>\n<meta property=\"og:type\" content=\"article\" \/>\n<meta property=\"og:title\" content=\"Symbole de foi et de courage : Jeann d&#039;Arc, sainte guerri\u00e8re\" \/>\n<meta property=\"og:description\" content=\"Jeanne d\u2019Arc, connue \u00e9galement comme la Pucelle d\u2019Orl\u00e9ans, est une h\u00e9ro\u00efne nationale fran\u00e7aise. Sa figure a inspir\u00e9 la d\u00e9votion de ses contemporains et...\" \/>\n<meta property=\"og:url\" content=\"https:\/\/blog.holyart.it\/fr\/saints-et-bienheureux\/symbole-de-foi-et-de-courage-jeann-darc-sainte-guerriere\/\" \/>\n<meta property=\"og:site_name\" content=\"Holyart.fr Blog\" \/>\n<meta property=\"article:published_time\" content=\"2022-05-25T10:30:03+00:00\" \/>\n<meta property=\"article:modified_time\" content=\"2023-05-19T09:41:54+00:00\" \/>\n<meta property=\"og:image\" content=\"https:\/\/blog.holyart.it\/fr\/wp-content\/uploads\/sites\/14\/2022\/05\/Jeann-dArc.jpg\" \/>\n\t<meta property=\"og:image:width\" content=\"1000\" \/>\n\t<meta property=\"og:image:height\" content=\"666\" \/>\n\t<meta property=\"og:image:type\" content=\"image\/jpeg\" \/>\n<meta name=\"author\" content=\"Redazione\" \/>\n<meta name=\"twitter:card\" content=\"summary_large_image\" \/>\n<meta name=\"twitter:label1\" content=\"\u00c9crit par\" \/>\n\t<meta name=\"twitter:data1\" content=\"Redazione\" \/>\n\t<meta name=\"twitter:label2\" content=\"Dur\u00e9e de lecture estim\u00e9e\" \/>\n\t<meta name=\"twitter:data2\" content=\"10 minutes\" \/>\n<script type=\"application\/ld+json\" class=\"yoast-schema-graph\">{\"@context\":\"https:\/\/schema.org\",\"@graph\":[{\"@type\":\"Article\",\"@id\":\"https:\/\/blog.holyart.it\/fr\/saints-et-bienheureux\/symbole-de-foi-et-de-courage-jeann-darc-sainte-guerriere\/#article\",\"isPartOf\":{\"@id\":\"https:\/\/blog.holyart.it\/fr\/saints-et-bienheureux\/symbole-de-foi-et-de-courage-jeann-darc-sainte-guerriere\/\"},\"author\":{\"name\":\"Redazione\",\"@id\":\"https:\/\/blog.holyart.it\/fr\/#\/schema\/person\/0a7b686e5af0f856ec1e390dd0baecda\"},\"headline\":\"Symbole de foi et de courage : Jeann d&rsquo;Arc, sainte guerri\u00e8re\",\"datePublished\":\"2022-05-25T10:30:03+00:00\",\"dateModified\":\"2023-05-19T09:41:54+00:00\",\"mainEntityOfPage\":{\"@id\":\"https:\/\/blog.holyart.it\/fr\/saints-et-bienheureux\/symbole-de-foi-et-de-courage-jeann-darc-sainte-guerriere\/\"},\"wordCount\":1994,\"publisher\":{\"@id\":\"https:\/\/blog.holyart.it\/fr\/#organization\"},\"image\":{\"@id\":\"https:\/\/blog.holyart.it\/fr\/saints-et-bienheureux\/symbole-de-foi-et-de-courage-jeann-darc-sainte-guerriere\/#primaryimage\"},\"thumbnailUrl\":\"https:\/\/blog.holyart.it\/fr\/wp-content\/uploads\/sites\/14\/2022\/05\/Jeann-dArc.jpg\",\"articleSection\":[\"Saints et Bienheureux\"],\"inLanguage\":\"fr-FR\"},{\"@type\":\"WebPage\",\"@id\":\"https:\/\/blog.holyart.it\/fr\/saints-et-bienheureux\/symbole-de-foi-et-de-courage-jeann-darc-sainte-guerriere\/\",\"url\":\"https:\/\/blog.holyart.it\/fr\/saints-et-bienheureux\/symbole-de-foi-et-de-courage-jeann-darc-sainte-guerriere\/\",\"name\":\"Symbole de foi et de courage : Jeann d'Arc, sainte guerri\u00e8re\",\"isPartOf\":{\"@id\":\"https:\/\/blog.holyart.it\/fr\/#website\"},\"primaryImageOfPage\":{\"@id\":\"https:\/\/blog.holyart.it\/fr\/saints-et-bienheureux\/symbole-de-foi-et-de-courage-jeann-darc-sainte-guerriere\/#primaryimage\"},\"image\":{\"@id\":\"https:\/\/blog.holyart.it\/fr\/saints-et-bienheureux\/symbole-de-foi-et-de-courage-jeann-darc-sainte-guerriere\/#primaryimage\"},\"thumbnailUrl\":\"https:\/\/blog.holyart.it\/fr\/wp-content\/uploads\/sites\/14\/2022\/05\/Jeann-dArc.jpg\",\"datePublished\":\"2022-05-25T10:30:03+00:00\",\"dateModified\":\"2023-05-19T09:41:54+00:00\",\"description\":\"Jeanne d\u2019Arc, connue \u00e9galement comme la Pucelle d\u2019Orl\u00e9ans, est une h\u00e9ro\u00efne nationale fran\u00e7aise. Sa figure a inspir\u00e9 la d\u00e9votion de ses contemporains et...\",\"breadcrumb\":{\"@id\":\"https:\/\/blog.holyart.it\/fr\/saints-et-bienheureux\/symbole-de-foi-et-de-courage-jeann-darc-sainte-guerriere\/#breadcrumb\"},\"inLanguage\":\"fr-FR\",\"potentialAction\":[{\"@type\":\"ReadAction\",\"target\":[\"https:\/\/blog.holyart.it\/fr\/saints-et-bienheureux\/symbole-de-foi-et-de-courage-jeann-darc-sainte-guerriere\/\"]}]},{\"@type\":\"ImageObject\",\"inLanguage\":\"fr-FR\",\"@id\":\"https:\/\/blog.holyart.it\/fr\/saints-et-bienheureux\/symbole-de-foi-et-de-courage-jeann-darc-sainte-guerriere\/#primaryimage\",\"url\":\"https:\/\/blog.holyart.it\/fr\/wp-content\/uploads\/sites\/14\/2022\/05\/Jeann-dArc.jpg\",\"contentUrl\":\"https:\/\/blog.holyart.it\/fr\/wp-content\/uploads\/sites\/14\/2022\/05\/Jeann-dArc.jpg\",\"width\":1000,\"height\":666,\"caption\":\"Jeann d'Arc\"},{\"@type\":\"BreadcrumbList\",\"@id\":\"https:\/\/blog.holyart.it\/fr\/saints-et-bienheureux\/symbole-de-foi-et-de-courage-jeann-darc-sainte-guerriere\/#breadcrumb\",\"itemListElement\":[{\"@type\":\"ListItem\",\"position\":1,\"name\":\"Homepage\",\"item\":\"https:\/\/blog.holyart.it\/fr\/\"},{\"@type\":\"ListItem\",\"position\":2,\"name\":\"Saints et Bienheureux\",\"item\":\"https:\/\/blog.holyart.it\/fr\/saints-et-bienheureux\/\"},{\"@type\":\"ListItem\",\"position\":3,\"name\":\"Symbole de foi et de courage : Jeann d&#8217;Arc, sainte guerri\u00e8re\"}]},{\"@type\":\"WebSite\",\"@id\":\"https:\/\/blog.holyart.it\/fr\/#website\",\"url\":\"https:\/\/blog.holyart.it\/fr\/\",\"name\":\"Holyart.fr Blog\",\"description\":\"Holyblog\",\"publisher\":{\"@id\":\"https:\/\/blog.holyart.it\/fr\/#organization\"},\"potentialAction\":[{\"@type\":\"SearchAction\",\"target\":{\"@type\":\"EntryPoint\",\"urlTemplate\":\"https:\/\/blog.holyart.it\/fr\/?s={search_term_string}\"},\"query-input\":{\"@type\":\"PropertyValueSpecification\",\"valueRequired\":true,\"valueName\":\"search_term_string\"}}],\"inLanguage\":\"fr-FR\"},{\"@type\":\"Organization\",\"@id\":\"https:\/\/blog.holyart.it\/fr\/#organization\",\"name\":\"Holyart.fr Blog\",\"url\":\"https:\/\/blog.holyart.it\/fr\/\",\"logo\":{\"@type\":\"ImageObject\",\"inLanguage\":\"fr-FR\",\"@id\":\"https:\/\/blog.holyart.it\/fr\/#\/schema\/logo\/image\/\",\"url\":\"https:\/\/blog.holyart.it\/fr\/wp-content\/uploads\/sites\/14\/2022\/12\/Holyart_Blog_Logo.jpg\",\"contentUrl\":\"https:\/\/blog.holyart.it\/fr\/wp-content\/uploads\/sites\/14\/2022\/12\/Holyart_Blog_Logo.jpg\",\"width\":300,\"height\":50,\"caption\":\"Holyart.fr Blog\"},\"image\":{\"@id\":\"https:\/\/blog.holyart.it\/fr\/#\/schema\/logo\/image\/\"}},{\"@type\":\"Person\",\"@id\":\"https:\/\/blog.holyart.it\/fr\/#\/schema\/person\/0a7b686e5af0f856ec1e390dd0baecda\",\"name\":\"Redazione\",\"image\":{\"@type\":\"ImageObject\",\"inLanguage\":\"fr-FR\",\"@id\":\"https:\/\/blog.holyart.it\/fr\/#\/schema\/person\/image\/\",\"url\":\"https:\/\/secure.gravatar.com\/avatar\/f477da817f43e50d0af36abecd33e3edf826c68299714bdc1057dff3b113f516?s=96&d=mm&r=g\",\"contentUrl\":\"https:\/\/secure.gravatar.com\/avatar\/f477da817f43e50d0af36abecd33e3edf826c68299714bdc1057dff3b113f516?s=96&d=mm&r=g\",\"caption\":\"Redazione\"},\"url\":\"https:\/\/blog.holyart.it\/fr\/author\/admin\/\"}]}<\/script>\n<!-- \/ Yoast SEO plugin. -->","yoast_head_json":{"title":"Symbole de foi et de courage : Jeann d'Arc, sainte guerri\u00e8re","description":"Jeanne d\u2019Arc, connue \u00e9galement comme la Pucelle d\u2019Orl\u00e9ans, est une h\u00e9ro\u00efne nationale fran\u00e7aise. Sa figure a inspir\u00e9 la d\u00e9votion de ses contemporains et...","robots":{"index":"index","follow":"follow","max-snippet":"max-snippet:-1","max-image-preview":"max-image-preview:large","max-video-preview":"max-video-preview:-1"},"canonical":"https:\/\/blog.holyart.it\/fr\/saints-et-bienheureux\/symbole-de-foi-et-de-courage-jeann-darc-sainte-guerriere\/","og_locale":"fr_FR","og_type":"article","og_title":"Symbole de foi et de courage : Jeann d'Arc, sainte guerri\u00e8re","og_description":"Jeanne d\u2019Arc, connue \u00e9galement comme la Pucelle d\u2019Orl\u00e9ans, est une h\u00e9ro\u00efne nationale fran\u00e7aise. Sa figure a inspir\u00e9 la d\u00e9votion de ses contemporains et...","og_url":"https:\/\/blog.holyart.it\/fr\/saints-et-bienheureux\/symbole-de-foi-et-de-courage-jeann-darc-sainte-guerriere\/","og_site_name":"Holyart.fr Blog","article_published_time":"2022-05-25T10:30:03+00:00","article_modified_time":"2023-05-19T09:41:54+00:00","og_image":[{"width":1000,"height":666,"url":"https:\/\/blog.holyart.it\/fr\/wp-content\/uploads\/sites\/14\/2022\/05\/Jeann-dArc.jpg","type":"image\/jpeg"}],"author":"Redazione","twitter_card":"summary_large_image","twitter_misc":{"\u00c9crit par":"Redazione","Dur\u00e9e de lecture estim\u00e9e":"10 minutes"},"schema":{"@context":"https:\/\/schema.org","@graph":[{"@type":"Article","@id":"https:\/\/blog.holyart.it\/fr\/saints-et-bienheureux\/symbole-de-foi-et-de-courage-jeann-darc-sainte-guerriere\/#article","isPartOf":{"@id":"https:\/\/blog.holyart.it\/fr\/saints-et-bienheureux\/symbole-de-foi-et-de-courage-jeann-darc-sainte-guerriere\/"},"author":{"name":"Redazione","@id":"https:\/\/blog.holyart.it\/fr\/#\/schema\/person\/0a7b686e5af0f856ec1e390dd0baecda"},"headline":"Symbole de foi et de courage : Jeann d&rsquo;Arc, sainte guerri\u00e8re","datePublished":"2022-05-25T10:30:03+00:00","dateModified":"2023-05-19T09:41:54+00:00","mainEntityOfPage":{"@id":"https:\/\/blog.holyart.it\/fr\/saints-et-bienheureux\/symbole-de-foi-et-de-courage-jeann-darc-sainte-guerriere\/"},"wordCount":1994,"publisher":{"@id":"https:\/\/blog.holyart.it\/fr\/#organization"},"image":{"@id":"https:\/\/blog.holyart.it\/fr\/saints-et-bienheureux\/symbole-de-foi-et-de-courage-jeann-darc-sainte-guerriere\/#primaryimage"},"thumbnailUrl":"https:\/\/blog.holyart.it\/fr\/wp-content\/uploads\/sites\/14\/2022\/05\/Jeann-dArc.jpg","articleSection":["Saints et Bienheureux"],"inLanguage":"fr-FR"},{"@type":"WebPage","@id":"https:\/\/blog.holyart.it\/fr\/saints-et-bienheureux\/symbole-de-foi-et-de-courage-jeann-darc-sainte-guerriere\/","url":"https:\/\/blog.holyart.it\/fr\/saints-et-bienheureux\/symbole-de-foi-et-de-courage-jeann-darc-sainte-guerriere\/","name":"Symbole de foi et de courage : Jeann d'Arc, sainte guerri\u00e8re","isPartOf":{"@id":"https:\/\/blog.holyart.it\/fr\/#website"},"primaryImageOfPage":{"@id":"https:\/\/blog.holyart.it\/fr\/saints-et-bienheureux\/symbole-de-foi-et-de-courage-jeann-darc-sainte-guerriere\/#primaryimage"},"image":{"@id":"https:\/\/blog.holyart.it\/fr\/saints-et-bienheureux\/symbole-de-foi-et-de-courage-jeann-darc-sainte-guerriere\/#primaryimage"},"thumbnailUrl":"https:\/\/blog.holyart.it\/fr\/wp-content\/uploads\/sites\/14\/2022\/05\/Jeann-dArc.jpg","datePublished":"2022-05-25T10:30:03+00:00","dateModified":"2023-05-19T09:41:54+00:00","description":"Jeanne d\u2019Arc, connue \u00e9galement comme la Pucelle d\u2019Orl\u00e9ans, est une h\u00e9ro\u00efne nationale fran\u00e7aise. Sa figure a inspir\u00e9 la d\u00e9votion de ses contemporains et...","breadcrumb":{"@id":"https:\/\/blog.holyart.it\/fr\/saints-et-bienheureux\/symbole-de-foi-et-de-courage-jeann-darc-sainte-guerriere\/#breadcrumb"},"inLanguage":"fr-FR","potentialAction":[{"@type":"ReadAction","target":["https:\/\/blog.holyart.it\/fr\/saints-et-bienheureux\/symbole-de-foi-et-de-courage-jeann-darc-sainte-guerriere\/"]}]},{"@type":"ImageObject","inLanguage":"fr-FR","@id":"https:\/\/blog.holyart.it\/fr\/saints-et-bienheureux\/symbole-de-foi-et-de-courage-jeann-darc-sainte-guerriere\/#primaryimage","url":"https:\/\/blog.holyart.it\/fr\/wp-content\/uploads\/sites\/14\/2022\/05\/Jeann-dArc.jpg","contentUrl":"https:\/\/blog.holyart.it\/fr\/wp-content\/uploads\/sites\/14\/2022\/05\/Jeann-dArc.jpg","width":1000,"height":666,"caption":"Jeann d'Arc"},{"@type":"BreadcrumbList","@id":"https:\/\/blog.holyart.it\/fr\/saints-et-bienheureux\/symbole-de-foi-et-de-courage-jeann-darc-sainte-guerriere\/#breadcrumb","itemListElement":[{"@type":"ListItem","position":1,"name":"Homepage","item":"https:\/\/blog.holyart.it\/fr\/"},{"@type":"ListItem","position":2,"name":"Saints et Bienheureux","item":"https:\/\/blog.holyart.it\/fr\/saints-et-bienheureux\/"},{"@type":"ListItem","position":3,"name":"Symbole de foi et de courage : Jeann d&#8217;Arc, sainte guerri\u00e8re"}]},{"@type":"WebSite","@id":"https:\/\/blog.holyart.it\/fr\/#website","url":"https:\/\/blog.holyart.it\/fr\/","name":"Holyart.fr Blog","description":"Holyblog","publisher":{"@id":"https:\/\/blog.holyart.it\/fr\/#organization"},"potentialAction":[{"@type":"SearchAction","target":{"@type":"EntryPoint","urlTemplate":"https:\/\/blog.holyart.it\/fr\/?s={search_term_string}"},"query-input":{"@type":"PropertyValueSpecification","valueRequired":true,"valueName":"search_term_string"}}],"inLanguage":"fr-FR"},{"@type":"Organization","@id":"https:\/\/blog.holyart.it\/fr\/#organization","name":"Holyart.fr Blog","url":"https:\/\/blog.holyart.it\/fr\/","logo":{"@type":"ImageObject","inLanguage":"fr-FR","@id":"https:\/\/blog.holyart.it\/fr\/#\/schema\/logo\/image\/","url":"https:\/\/blog.holyart.it\/fr\/wp-content\/uploads\/sites\/14\/2022\/12\/Holyart_Blog_Logo.jpg","contentUrl":"https:\/\/blog.holyart.it\/fr\/wp-content\/uploads\/sites\/14\/2022\/12\/Holyart_Blog_Logo.jpg","width":300,"height":50,"caption":"Holyart.fr Blog"},"image":{"@id":"https:\/\/blog.holyart.it\/fr\/#\/schema\/logo\/image\/"}},{"@type":"Person","@id":"https:\/\/blog.holyart.it\/fr\/#\/schema\/person\/0a7b686e5af0f856ec1e390dd0baecda","name":"Redazione","image":{"@type":"ImageObject","inLanguage":"fr-FR","@id":"https:\/\/blog.holyart.it\/fr\/#\/schema\/person\/image\/","url":"https:\/\/secure.gravatar.com\/avatar\/f477da817f43e50d0af36abecd33e3edf826c68299714bdc1057dff3b113f516?s=96&d=mm&r=g","contentUrl":"https:\/\/secure.gravatar.com\/avatar\/f477da817f43e50d0af36abecd33e3edf826c68299714bdc1057dff3b113f516?s=96&d=mm&r=g","caption":"Redazione"},"url":"https:\/\/blog.holyart.it\/fr\/author\/admin\/"}]}},"_links":{"self":[{"href":"https:\/\/blog.holyart.it\/fr\/wp-json\/wp\/v2\/posts\/4650","targetHints":{"allow":["GET"]}}],"collection":[{"href":"https:\/\/blog.holyart.it\/fr\/wp-json\/wp\/v2\/posts"}],"about":[{"href":"https:\/\/blog.holyart.it\/fr\/wp-json\/wp\/v2\/types\/post"}],"author":[{"embeddable":true,"href":"https:\/\/blog.holyart.it\/fr\/wp-json\/wp\/v2\/users\/1"}],"replies":[{"embeddable":true,"href":"https:\/\/blog.holyart.it\/fr\/wp-json\/wp\/v2\/comments?post=4650"}],"version-history":[{"count":1,"href":"https:\/\/blog.holyart.it\/fr\/wp-json\/wp\/v2\/posts\/4650\/revisions"}],"predecessor-version":[{"id":6337,"href":"https:\/\/blog.holyart.it\/fr\/wp-json\/wp\/v2\/posts\/4650\/revisions\/6337"}],"wp:featuredmedia":[{"embeddable":true,"href":"https:\/\/blog.holyart.it\/fr\/wp-json\/wp\/v2\/media\/4659"}],"wp:attachment":[{"href":"https:\/\/blog.holyart.it\/fr\/wp-json\/wp\/v2\/media?parent=4650"}],"wp:term":[{"taxonomy":"category","embeddable":true,"href":"https:\/\/blog.holyart.it\/fr\/wp-json\/wp\/v2\/categories?post=4650"},{"taxonomy":"post_tag","embeddable":true,"href":"https:\/\/blog.holyart.it\/fr\/wp-json\/wp\/v2\/tags?post=4650"}],"curies":[{"name":"wp","href":"https:\/\/api.w.org\/{rel}","templated":true}]}}