{"id":465,"date":"2017-09-20T12:37:39","date_gmt":"2017-09-20T10:37:39","guid":{"rendered":"https:\/\/blog.holyart.it\/fr\/?p=465"},"modified":"2018-07-25T10:05:34","modified_gmt":"2018-07-25T08:05:34","slug":"figure-de-sainte-vierge-4-evangiles","status":"publish","type":"post","link":"https:\/\/blog.holyart.it\/fr\/saints-et-bienheureux\/figure-de-sainte-vierge-4-evangiles\/","title":{"rendered":"La figure de la Sainte Vierge dans les 4 \u00e9vangiles"},"content":{"rendered":"<p>La tradition \u00e9vang\u00e9lique parle de Marie tout d\u2019abord en tant que <strong>\u00ab\u00a0m\u00e8re de J\u00e9sus<\/strong>\u00a0\u00bb et de \u00ab\u00a0<strong>Tr\u00e8s Sainte M\u00e8re de Dieu\u00a0<\/strong>\u00bb, v\u00e9n\u00e9r\u00e9e par les catholiques et les orthodoxes. En outre, sa saintet\u00e9 est admise m\u00eame par les anglicans et par d\u2019autres professions protestantes. Le Coran la d\u00e9finit \u00ab\u00a0la m\u00e8re vierge de J\u00e9sus\u00a0\u00bb.<\/p>\n<p>Et pourtant la plupart des apparitions de <strong>Marie dans les \u00c9vangiles<\/strong> nous montrent une femme du peuple, profond\u00e9ment authentique dans ses \u00e9motions, r\u00e9elle et concr\u00e8te dans son humanit\u00e9. Rares sont les occasions dans lesquelles transpara\u00eet en elle quelque chose de miraculeux. Sa vie quotidienne est celle d\u2019<strong>une femme commune<\/strong>, d\u2019origines humbles, qui en tant que telle est profond\u00e9ment inscrite dans le contexte historique et social dans lequel elle a v\u00e9cu. Son existence est bas\u00e9e sur des actions ordinaires, des visites aux parents, des p\u00e8lerinages, les fian\u00e7ailles et le mariage. Elle assiste impuissante \u00e0 la passion et \u00e0 la mort de son seul et unique fils, avec toute la douleur qu\u2019une femme normale, qu\u2019une m\u00e8re normale puisse manifester dans une occasion si \u00e9pouvantable. L\u2019annonciation de l\u2019Ange est le seul moment dans lequel cette femme si ordinaire semble \u00eatre effleur\u00e9e par le Myst\u00e8re divin et elle en est enti\u00e8rement investie avec les cons\u00e9quences que nous connaissons tous.<\/p>\n<p>Seul dans les \u00e9vangiles de Luc et de Jean, la figure de Marie est mise davantage en valeur. <strong>Des trois \u00e9vangiles synoptiques<\/strong>, c\u2019est celui de Luc qui d\u00e9die le plus d\u2019attention \u00e0 la figure de Marie, en la mettant en valeur d\u00e8s le d\u00e9but. C\u2019est elle qui incarne un r\u00f4le unique, fondamental, au d\u00e9but de l\u2019\u00c9vangile, pendant l\u2019enfance et la pr\u00e9dication publique de J\u00e9sus. Marie n\u2019est plus une femme ordinaire, ou en tout cas elle l\u2019est uniquement jusqu\u2019au moment o\u00f9 Dieu la choisi pour \u00eatre m\u00e8re de son unique Fils. \u00c0 partir de ce moment-l\u00e0, rien ne pourra plus \u00eatre le m\u00eame.<\/p>\n<p><strong>Marie devient la m\u00e8re de J\u00e9sus et de l\u2019\u00c9glise<\/strong>, une femme ordinaire qui a accept\u00e9 d\u2019assumer une mission sublime et terrible et elle ne le fait que par foi, que par amour.<\/p>\n<p>L\u2019Annonciation la voit en tant que protagoniste absolue, alors qu\u2019elle accepte en pleine conscience d\u2019accueillir en elle le Verbe fait chair, en offrant tout son \u00eatre pour un sacrifice d\u2019amour qui bouleversera enti\u00e8rement sa vie.<\/p>\n<p>Dans l\u2019\u00c9vangile de Jean ensuite, son r\u00f4le de m\u00e8re de J\u00e9sus, et par cons\u00e9quent de tous ses disciples, \u00e9merge dans les affirmations de Christ lui-m\u00eame. En effet, dans cet \u00c9vangile elle est toujours appel\u00e9e \u00ab\u00a0<strong>la M\u00e8re de J\u00e9sus<\/strong>\u00a0\u00bb. Elle participe \u00e0 la vie publique de son fils et, \u00e0 l\u2019occasion des Noces de Cana, elle l\u2019encourage \u00e0 accomplir son premier miracle.<\/p>\n<p>Sur la croix, d\u00e9j\u00e0 agonisant, J\u00e9sus s\u2019adresse \u00e0 elle et \u00e0 Jean en d\u00e9clarant que, \u00e0 partir de ce moment-l\u00e0, ils seront m\u00e8re et fils. C\u2019est le moment o\u00f9 Christ lui confie son nouveau r\u00f4le de <strong>M\u00e8re de l\u2019\u00c9glise et de tous les chr\u00e9tiens<\/strong>, r\u00f4le qui en fait une des figures les plus repr\u00e9sent\u00e9es dans des <strong>cadres<\/strong> et des <span style=\"color: #0000ff;\"><a style=\"color: #0000ff;\" href=\"https:\/\/www.holyart.fr\/produits\/statues-vierge-marie.php\"><strong>statues<\/strong>.<\/a><\/span><\/p>\n<p>Marie repr\u00e9sente donc depuis les origines de la chr\u00e9tient\u00e9 la femme humble et ordinaire qui se confie \u00e0 Dieu sans r\u00e9serve, en acceptant sans h\u00e9siter la port\u00e9e immense que ce choix implique dans son existence. Foi absolue, amour absolu.<\/p>\n<p><strong>\u00a0<\/strong><\/p>\n","protected":false},"excerpt":{"rendered":"<p>La tradition \u00e9vang\u00e9lique parle de Marie tout d\u2019abord en tant que \u00ab\u00a0m\u00e8re de J\u00e9sus\u00a0\u00bb et de \u00ab\u00a0Tr\u00e8s Sainte M\u00e8re de Dieu\u00a0\u00bb, v\u00e9n\u00e9r\u00e9e par les catholiques et les orthodoxes. En outre, sa saintet\u00e9 est admise m\u00eame par les anglicans et par d\u2019autres professions protestantes. Le Coran&hellip;<\/p>\n","protected":false},"author":1,"featured_media":467,"comment_status":"closed","ping_status":"open","sticky":false,"template":"","format":"standard","meta":{"_acf_changed":false,"footnotes":""},"categories":[7],"tags":[],"class_list":["post-465","post","type-post","status-publish","format-standard","has-post-thumbnail","hentry","category-saints-et-bienheureux"],"acf":[],"yoast_head":"<!-- This site is optimized with the Yoast SEO plugin v26.6 - https:\/\/yoast.com\/wordpress\/plugins\/seo\/ -->\n<title>La figure de la Sainte Vierge dans les 4 \u00e9vangiles - Holyblog<\/title>\n<meta name=\"description\" content=\"La tradition \u00e9vang\u00e9lique parle de Marie tout d\u2019abord en tant que \u00ab m\u00e8re de J\u00e9sus \u00bb et de \u00ab Tr\u00e8s Sainte M\u00e8re de Dieu \u00bb, v\u00e9n\u00e9r\u00e9e par les catholiques.\" \/>\n<meta name=\"robots\" content=\"index, follow, max-snippet:-1, max-image-preview:large, max-video-preview:-1\" \/>\n<link rel=\"canonical\" href=\"https:\/\/blog.holyart.it\/fr\/saints-et-bienheureux\/figure-de-sainte-vierge-4-evangiles\/\" \/>\n<meta property=\"og:locale\" content=\"fr_FR\" \/>\n<meta property=\"og:type\" content=\"article\" \/>\n<meta property=\"og:title\" content=\"La figure de la Sainte Vierge dans les 4 \u00e9vangiles - Holyblog\" \/>\n<meta property=\"og:description\" content=\"La tradition \u00e9vang\u00e9lique parle de Marie tout d\u2019abord en tant que \u00ab m\u00e8re de J\u00e9sus \u00bb et de \u00ab Tr\u00e8s Sainte M\u00e8re de Dieu \u00bb, v\u00e9n\u00e9r\u00e9e par les catholiques.\" \/>\n<meta property=\"og:url\" content=\"https:\/\/blog.holyart.it\/fr\/saints-et-bienheureux\/figure-de-sainte-vierge-4-evangiles\/\" \/>\n<meta property=\"og:site_name\" content=\"Holyart.fr Blog\" \/>\n<meta property=\"article:published_time\" content=\"2017-09-20T10:37:39+00:00\" \/>\n<meta property=\"article:modified_time\" content=\"2018-07-25T08:05:34+00:00\" \/>\n<meta property=\"og:image\" content=\"https:\/\/blog.holyart.it\/fr\/wp-content\/uploads\/sites\/14\/2017\/07\/La-figure-de-la-Sainte-Vierge-dans-les-4-\u00e9vangiles.jpg\" \/>\n\t<meta property=\"og:image:width\" content=\"1000\" \/>\n\t<meta property=\"og:image:height\" content=\"666\" \/>\n\t<meta property=\"og:image:type\" content=\"image\/jpeg\" \/>\n<meta name=\"author\" content=\"Redazione\" \/>\n<meta name=\"twitter:card\" content=\"summary_large_image\" \/>\n<meta name=\"twitter:label1\" content=\"\u00c9crit par\" \/>\n\t<meta name=\"twitter:data1\" content=\"Redazione\" \/>\n\t<meta name=\"twitter:label2\" content=\"Dur\u00e9e de lecture estim\u00e9e\" \/>\n\t<meta name=\"twitter:data2\" content=\"3 minutes\" \/>\n<script type=\"application\/ld+json\" class=\"yoast-schema-graph\">{\"@context\":\"https:\/\/schema.org\",\"@graph\":[{\"@type\":\"Article\",\"@id\":\"https:\/\/blog.holyart.it\/fr\/saints-et-bienheureux\/figure-de-sainte-vierge-4-evangiles\/#article\",\"isPartOf\":{\"@id\":\"https:\/\/blog.holyart.it\/fr\/saints-et-bienheureux\/figure-de-sainte-vierge-4-evangiles\/\"},\"author\":{\"name\":\"Redazione\",\"@id\":\"https:\/\/blog.holyart.it\/fr\/#\/schema\/person\/0a7b686e5af0f856ec1e390dd0baecda\"},\"headline\":\"La figure de la Sainte Vierge dans les 4 \u00e9vangiles\",\"datePublished\":\"2017-09-20T10:37:39+00:00\",\"dateModified\":\"2018-07-25T08:05:34+00:00\",\"mainEntityOfPage\":{\"@id\":\"https:\/\/blog.holyart.it\/fr\/saints-et-bienheureux\/figure-de-sainte-vierge-4-evangiles\/\"},\"wordCount\":623,\"publisher\":{\"@id\":\"https:\/\/blog.holyart.it\/fr\/#organization\"},\"image\":{\"@id\":\"https:\/\/blog.holyart.it\/fr\/saints-et-bienheureux\/figure-de-sainte-vierge-4-evangiles\/#primaryimage\"},\"thumbnailUrl\":\"https:\/\/blog.holyart.it\/fr\/wp-content\/uploads\/sites\/14\/2017\/07\/La-figure-de-la-Sainte-Vierge-dans-les-4-\u00e9vangiles.jpg\",\"articleSection\":[\"Saints et Bienheureux\"],\"inLanguage\":\"fr-FR\"},{\"@type\":\"WebPage\",\"@id\":\"https:\/\/blog.holyart.it\/fr\/saints-et-bienheureux\/figure-de-sainte-vierge-4-evangiles\/\",\"url\":\"https:\/\/blog.holyart.it\/fr\/saints-et-bienheureux\/figure-de-sainte-vierge-4-evangiles\/\",\"name\":\"La figure de la Sainte Vierge dans les 4 \u00e9vangiles - Holyblog\",\"isPartOf\":{\"@id\":\"https:\/\/blog.holyart.it\/fr\/#website\"},\"primaryImageOfPage\":{\"@id\":\"https:\/\/blog.holyart.it\/fr\/saints-et-bienheureux\/figure-de-sainte-vierge-4-evangiles\/#primaryimage\"},\"image\":{\"@id\":\"https:\/\/blog.holyart.it\/fr\/saints-et-bienheureux\/figure-de-sainte-vierge-4-evangiles\/#primaryimage\"},\"thumbnailUrl\":\"https:\/\/blog.holyart.it\/fr\/wp-content\/uploads\/sites\/14\/2017\/07\/La-figure-de-la-Sainte-Vierge-dans-les-4-\u00e9vangiles.jpg\",\"datePublished\":\"2017-09-20T10:37:39+00:00\",\"dateModified\":\"2018-07-25T08:05:34+00:00\",\"description\":\"La tradition \u00e9vang\u00e9lique parle de Marie tout d\u2019abord en tant que \u00ab m\u00e8re de J\u00e9sus \u00bb et de \u00ab Tr\u00e8s Sainte M\u00e8re de Dieu \u00bb, v\u00e9n\u00e9r\u00e9e par les catholiques.\",\"breadcrumb\":{\"@id\":\"https:\/\/blog.holyart.it\/fr\/saints-et-bienheureux\/figure-de-sainte-vierge-4-evangiles\/#breadcrumb\"},\"inLanguage\":\"fr-FR\",\"potentialAction\":[{\"@type\":\"ReadAction\",\"target\":[\"https:\/\/blog.holyart.it\/fr\/saints-et-bienheureux\/figure-de-sainte-vierge-4-evangiles\/\"]}]},{\"@type\":\"ImageObject\",\"inLanguage\":\"fr-FR\",\"@id\":\"https:\/\/blog.holyart.it\/fr\/saints-et-bienheureux\/figure-de-sainte-vierge-4-evangiles\/#primaryimage\",\"url\":\"https:\/\/blog.holyart.it\/fr\/wp-content\/uploads\/sites\/14\/2017\/07\/La-figure-de-la-Sainte-Vierge-dans-les-4-\u00e9vangiles.jpg\",\"contentUrl\":\"https:\/\/blog.holyart.it\/fr\/wp-content\/uploads\/sites\/14\/2017\/07\/La-figure-de-la-Sainte-Vierge-dans-les-4-\u00e9vangiles.jpg\",\"width\":1000,\"height\":666,\"caption\":\"Full title: The Virgin in Prayer Artist: Sassoferrato Date made: 1640-50 Source: http:\/\/www.nationalgalleryimages.co.uk\/ Contact: picture.library@nationalgallery.co.uk Copyright \u00a9 The National Gallery, London\"},{\"@type\":\"BreadcrumbList\",\"@id\":\"https:\/\/blog.holyart.it\/fr\/saints-et-bienheureux\/figure-de-sainte-vierge-4-evangiles\/#breadcrumb\",\"itemListElement\":[{\"@type\":\"ListItem\",\"position\":1,\"name\":\"Homepage\",\"item\":\"https:\/\/blog.holyart.it\/fr\/\"},{\"@type\":\"ListItem\",\"position\":2,\"name\":\"Saints et Bienheureux\",\"item\":\"https:\/\/blog.holyart.it\/fr\/saints-et-bienheureux\/\"},{\"@type\":\"ListItem\",\"position\":3,\"name\":\"La figure de la Sainte Vierge dans les 4 \u00e9vangiles\"}]},{\"@type\":\"WebSite\",\"@id\":\"https:\/\/blog.holyart.it\/fr\/#website\",\"url\":\"https:\/\/blog.holyart.it\/fr\/\",\"name\":\"Holyart.fr Blog\",\"description\":\"Holyblog\",\"publisher\":{\"@id\":\"https:\/\/blog.holyart.it\/fr\/#organization\"},\"potentialAction\":[{\"@type\":\"SearchAction\",\"target\":{\"@type\":\"EntryPoint\",\"urlTemplate\":\"https:\/\/blog.holyart.it\/fr\/?s={search_term_string}\"},\"query-input\":{\"@type\":\"PropertyValueSpecification\",\"valueRequired\":true,\"valueName\":\"search_term_string\"}}],\"inLanguage\":\"fr-FR\"},{\"@type\":\"Organization\",\"@id\":\"https:\/\/blog.holyart.it\/fr\/#organization\",\"name\":\"Holyart.fr Blog\",\"url\":\"https:\/\/blog.holyart.it\/fr\/\",\"logo\":{\"@type\":\"ImageObject\",\"inLanguage\":\"fr-FR\",\"@id\":\"https:\/\/blog.holyart.it\/fr\/#\/schema\/logo\/image\/\",\"url\":\"https:\/\/blog.holyart.it\/fr\/wp-content\/uploads\/sites\/14\/2022\/12\/Holyart_Blog_Logo.jpg\",\"contentUrl\":\"https:\/\/blog.holyart.it\/fr\/wp-content\/uploads\/sites\/14\/2022\/12\/Holyart_Blog_Logo.jpg\",\"width\":300,\"height\":50,\"caption\":\"Holyart.fr Blog\"},\"image\":{\"@id\":\"https:\/\/blog.holyart.it\/fr\/#\/schema\/logo\/image\/\"}},{\"@type\":\"Person\",\"@id\":\"https:\/\/blog.holyart.it\/fr\/#\/schema\/person\/0a7b686e5af0f856ec1e390dd0baecda\",\"name\":\"Redazione\",\"image\":{\"@type\":\"ImageObject\",\"inLanguage\":\"fr-FR\",\"@id\":\"https:\/\/blog.holyart.it\/fr\/#\/schema\/person\/image\/\",\"url\":\"https:\/\/secure.gravatar.com\/avatar\/f477da817f43e50d0af36abecd33e3edf826c68299714bdc1057dff3b113f516?s=96&d=mm&r=g\",\"contentUrl\":\"https:\/\/secure.gravatar.com\/avatar\/f477da817f43e50d0af36abecd33e3edf826c68299714bdc1057dff3b113f516?s=96&d=mm&r=g\",\"caption\":\"Redazione\"},\"url\":\"https:\/\/blog.holyart.it\/fr\/author\/admin\/\"}]}<\/script>\n<!-- \/ Yoast SEO plugin. -->","yoast_head_json":{"title":"La figure de la Sainte Vierge dans les 4 \u00e9vangiles - Holyblog","description":"La tradition \u00e9vang\u00e9lique parle de Marie tout d\u2019abord en tant que \u00ab m\u00e8re de J\u00e9sus \u00bb et de \u00ab Tr\u00e8s Sainte M\u00e8re de Dieu \u00bb, v\u00e9n\u00e9r\u00e9e par les catholiques.","robots":{"index":"index","follow":"follow","max-snippet":"max-snippet:-1","max-image-preview":"max-image-preview:large","max-video-preview":"max-video-preview:-1"},"canonical":"https:\/\/blog.holyart.it\/fr\/saints-et-bienheureux\/figure-de-sainte-vierge-4-evangiles\/","og_locale":"fr_FR","og_type":"article","og_title":"La figure de la Sainte Vierge dans les 4 \u00e9vangiles - Holyblog","og_description":"La tradition \u00e9vang\u00e9lique parle de Marie tout d\u2019abord en tant que \u00ab m\u00e8re de J\u00e9sus \u00bb et de \u00ab Tr\u00e8s Sainte M\u00e8re de Dieu \u00bb, v\u00e9n\u00e9r\u00e9e par les catholiques.","og_url":"https:\/\/blog.holyart.it\/fr\/saints-et-bienheureux\/figure-de-sainte-vierge-4-evangiles\/","og_site_name":"Holyart.fr Blog","article_published_time":"2017-09-20T10:37:39+00:00","article_modified_time":"2018-07-25T08:05:34+00:00","og_image":[{"width":1000,"height":666,"url":"https:\/\/blog.holyart.it\/fr\/wp-content\/uploads\/sites\/14\/2017\/07\/La-figure-de-la-Sainte-Vierge-dans-les-4-\u00e9vangiles.jpg","type":"image\/jpeg"}],"author":"Redazione","twitter_card":"summary_large_image","twitter_misc":{"\u00c9crit par":"Redazione","Dur\u00e9e de lecture estim\u00e9e":"3 minutes"},"schema":{"@context":"https:\/\/schema.org","@graph":[{"@type":"Article","@id":"https:\/\/blog.holyart.it\/fr\/saints-et-bienheureux\/figure-de-sainte-vierge-4-evangiles\/#article","isPartOf":{"@id":"https:\/\/blog.holyart.it\/fr\/saints-et-bienheureux\/figure-de-sainte-vierge-4-evangiles\/"},"author":{"name":"Redazione","@id":"https:\/\/blog.holyart.it\/fr\/#\/schema\/person\/0a7b686e5af0f856ec1e390dd0baecda"},"headline":"La figure de la Sainte Vierge dans les 4 \u00e9vangiles","datePublished":"2017-09-20T10:37:39+00:00","dateModified":"2018-07-25T08:05:34+00:00","mainEntityOfPage":{"@id":"https:\/\/blog.holyart.it\/fr\/saints-et-bienheureux\/figure-de-sainte-vierge-4-evangiles\/"},"wordCount":623,"publisher":{"@id":"https:\/\/blog.holyart.it\/fr\/#organization"},"image":{"@id":"https:\/\/blog.holyart.it\/fr\/saints-et-bienheureux\/figure-de-sainte-vierge-4-evangiles\/#primaryimage"},"thumbnailUrl":"https:\/\/blog.holyart.it\/fr\/wp-content\/uploads\/sites\/14\/2017\/07\/La-figure-de-la-Sainte-Vierge-dans-les-4-\u00e9vangiles.jpg","articleSection":["Saints et Bienheureux"],"inLanguage":"fr-FR"},{"@type":"WebPage","@id":"https:\/\/blog.holyart.it\/fr\/saints-et-bienheureux\/figure-de-sainte-vierge-4-evangiles\/","url":"https:\/\/blog.holyart.it\/fr\/saints-et-bienheureux\/figure-de-sainte-vierge-4-evangiles\/","name":"La figure de la Sainte Vierge dans les 4 \u00e9vangiles - Holyblog","isPartOf":{"@id":"https:\/\/blog.holyart.it\/fr\/#website"},"primaryImageOfPage":{"@id":"https:\/\/blog.holyart.it\/fr\/saints-et-bienheureux\/figure-de-sainte-vierge-4-evangiles\/#primaryimage"},"image":{"@id":"https:\/\/blog.holyart.it\/fr\/saints-et-bienheureux\/figure-de-sainte-vierge-4-evangiles\/#primaryimage"},"thumbnailUrl":"https:\/\/blog.holyart.it\/fr\/wp-content\/uploads\/sites\/14\/2017\/07\/La-figure-de-la-Sainte-Vierge-dans-les-4-\u00e9vangiles.jpg","datePublished":"2017-09-20T10:37:39+00:00","dateModified":"2018-07-25T08:05:34+00:00","description":"La tradition \u00e9vang\u00e9lique parle de Marie tout d\u2019abord en tant que \u00ab m\u00e8re de J\u00e9sus \u00bb et de \u00ab Tr\u00e8s Sainte M\u00e8re de Dieu \u00bb, v\u00e9n\u00e9r\u00e9e par les catholiques.","breadcrumb":{"@id":"https:\/\/blog.holyart.it\/fr\/saints-et-bienheureux\/figure-de-sainte-vierge-4-evangiles\/#breadcrumb"},"inLanguage":"fr-FR","potentialAction":[{"@type":"ReadAction","target":["https:\/\/blog.holyart.it\/fr\/saints-et-bienheureux\/figure-de-sainte-vierge-4-evangiles\/"]}]},{"@type":"ImageObject","inLanguage":"fr-FR","@id":"https:\/\/blog.holyart.it\/fr\/saints-et-bienheureux\/figure-de-sainte-vierge-4-evangiles\/#primaryimage","url":"https:\/\/blog.holyart.it\/fr\/wp-content\/uploads\/sites\/14\/2017\/07\/La-figure-de-la-Sainte-Vierge-dans-les-4-\u00e9vangiles.jpg","contentUrl":"https:\/\/blog.holyart.it\/fr\/wp-content\/uploads\/sites\/14\/2017\/07\/La-figure-de-la-Sainte-Vierge-dans-les-4-\u00e9vangiles.jpg","width":1000,"height":666,"caption":"Full title: The Virgin in Prayer Artist: Sassoferrato Date made: 1640-50 Source: http:\/\/www.nationalgalleryimages.co.uk\/ Contact: picture.library@nationalgallery.co.uk Copyright \u00a9 The National Gallery, London"},{"@type":"BreadcrumbList","@id":"https:\/\/blog.holyart.it\/fr\/saints-et-bienheureux\/figure-de-sainte-vierge-4-evangiles\/#breadcrumb","itemListElement":[{"@type":"ListItem","position":1,"name":"Homepage","item":"https:\/\/blog.holyart.it\/fr\/"},{"@type":"ListItem","position":2,"name":"Saints et Bienheureux","item":"https:\/\/blog.holyart.it\/fr\/saints-et-bienheureux\/"},{"@type":"ListItem","position":3,"name":"La figure de la Sainte Vierge dans les 4 \u00e9vangiles"}]},{"@type":"WebSite","@id":"https:\/\/blog.holyart.it\/fr\/#website","url":"https:\/\/blog.holyart.it\/fr\/","name":"Holyart.fr Blog","description":"Holyblog","publisher":{"@id":"https:\/\/blog.holyart.it\/fr\/#organization"},"potentialAction":[{"@type":"SearchAction","target":{"@type":"EntryPoint","urlTemplate":"https:\/\/blog.holyart.it\/fr\/?s={search_term_string}"},"query-input":{"@type":"PropertyValueSpecification","valueRequired":true,"valueName":"search_term_string"}}],"inLanguage":"fr-FR"},{"@type":"Organization","@id":"https:\/\/blog.holyart.it\/fr\/#organization","name":"Holyart.fr Blog","url":"https:\/\/blog.holyart.it\/fr\/","logo":{"@type":"ImageObject","inLanguage":"fr-FR","@id":"https:\/\/blog.holyart.it\/fr\/#\/schema\/logo\/image\/","url":"https:\/\/blog.holyart.it\/fr\/wp-content\/uploads\/sites\/14\/2022\/12\/Holyart_Blog_Logo.jpg","contentUrl":"https:\/\/blog.holyart.it\/fr\/wp-content\/uploads\/sites\/14\/2022\/12\/Holyart_Blog_Logo.jpg","width":300,"height":50,"caption":"Holyart.fr Blog"},"image":{"@id":"https:\/\/blog.holyart.it\/fr\/#\/schema\/logo\/image\/"}},{"@type":"Person","@id":"https:\/\/blog.holyart.it\/fr\/#\/schema\/person\/0a7b686e5af0f856ec1e390dd0baecda","name":"Redazione","image":{"@type":"ImageObject","inLanguage":"fr-FR","@id":"https:\/\/blog.holyart.it\/fr\/#\/schema\/person\/image\/","url":"https:\/\/secure.gravatar.com\/avatar\/f477da817f43e50d0af36abecd33e3edf826c68299714bdc1057dff3b113f516?s=96&d=mm&r=g","contentUrl":"https:\/\/secure.gravatar.com\/avatar\/f477da817f43e50d0af36abecd33e3edf826c68299714bdc1057dff3b113f516?s=96&d=mm&r=g","caption":"Redazione"},"url":"https:\/\/blog.holyart.it\/fr\/author\/admin\/"}]}},"_links":{"self":[{"href":"https:\/\/blog.holyart.it\/fr\/wp-json\/wp\/v2\/posts\/465","targetHints":{"allow":["GET"]}}],"collection":[{"href":"https:\/\/blog.holyart.it\/fr\/wp-json\/wp\/v2\/posts"}],"about":[{"href":"https:\/\/blog.holyart.it\/fr\/wp-json\/wp\/v2\/types\/post"}],"author":[{"embeddable":true,"href":"https:\/\/blog.holyart.it\/fr\/wp-json\/wp\/v2\/users\/1"}],"replies":[{"embeddable":true,"href":"https:\/\/blog.holyart.it\/fr\/wp-json\/wp\/v2\/comments?post=465"}],"version-history":[{"count":0,"href":"https:\/\/blog.holyart.it\/fr\/wp-json\/wp\/v2\/posts\/465\/revisions"}],"wp:featuredmedia":[{"embeddable":true,"href":"https:\/\/blog.holyart.it\/fr\/wp-json\/wp\/v2\/media\/467"}],"wp:attachment":[{"href":"https:\/\/blog.holyart.it\/fr\/wp-json\/wp\/v2\/media?parent=465"}],"wp:term":[{"taxonomy":"category","embeddable":true,"href":"https:\/\/blog.holyart.it\/fr\/wp-json\/wp\/v2\/categories?post=465"},{"taxonomy":"post_tag","embeddable":true,"href":"https:\/\/blog.holyart.it\/fr\/wp-json\/wp\/v2\/tags?post=465"}],"curies":[{"name":"wp","href":"https:\/\/api.w.org\/{rel}","templated":true}]}}