{"id":461,"date":"2017-09-13T12:24:47","date_gmt":"2017-09-13T10:24:47","guid":{"rendered":"https:\/\/blog.holyart.it\/fr\/?p=461"},"modified":"2018-07-25T10:04:39","modified_gmt":"2018-07-25T08:04:39","slug":"role-de-leveque-leglise-catholique","status":"publish","type":"post","link":"https:\/\/blog.holyart.it\/fr\/accessoires-pour-la-liturgie\/role-de-leveque-leglise-catholique\/","title":{"rendered":"Le r\u00f4le de l\u2019\u00e9v\u00eaque dans l\u2019\u00c9glise Catholique"},"content":{"rendered":"<p>La mission d\u2019un \u00c9v\u00eaque est tout d\u2019abord d\u2019<strong>annoncer l\u2019\u00c9vangile<\/strong>. La figure de l\u2019\u00c9v\u00eaque d\u00e9rive en tout et pour tout des ap\u00f4tres, les compagnons de J\u00e9sus, qui v\u00e9curent \u00e0 ses c\u00f4t\u00e9s la br\u00e8ve p\u00e9riode de sa vie mortelle et qui re\u00e7urent de lui la t\u00e2che de pr\u00eacher la Parole et de t\u00e9moigner Son message dans le monde.<\/p>\n<p><strong>Les \u00c9v\u00eaques sont donc investis par Christ en personne<\/strong> du r\u00f4le de guides du peuple de Dieu. Le Concile Vatican II affirme en effet qu\u2019avec la cons\u00e9cration \u00e9piscopale on atteint la pl\u00e9nitude du sacrement de l\u2019ordre, i.e. le sommet du sacerdoce, et avec elle la mission de <strong>sanctifier<\/strong>, <strong>enseigner<\/strong> et <strong>gouverner<\/strong>. Pour cette raison, \u00e0 chaque \u00c9v\u00eaque est confi\u00e9 de mani\u00e8re symbolique un territoire pastoral sous sa responsabilit\u00e9. L\u2019\u00c9v\u00eaque sera donc r\u00e9gent et pasteur de ce territoire.<\/p>\n<p>Les \u00c9v\u00eaques re\u00e7oivent leur mandat \u00e0 travers l\u2019imposition des mains et avec elle la t\u00e2che de sanctifier, enseigner et gouverner le peuple de Dieu. Parmi ces devoirs, celui d\u2019enseigner est primordial. Comme leurs pr\u00e9d\u00e9cesseurs, les Ap\u00f4tres, <strong>les \u00c9v\u00eaques doivent en effet annoncer la Parole de Dieu<\/strong>, rependre le message \u00e9vang\u00e9lique et aider les hommes \u00e0 atteindre une Foi pleine, consciente et solide.<\/p>\n<p>La figure de l\u2019\u00c9v\u00eaque se pr\u00e9vaut d\u2019une s\u00e9rie d\u2019<span style=\"color: #0000ff;\"><a style=\"color: #0000ff;\" href=\"https:\/\/www.holyart.fr\/accessoires-pour-la-liturgie\/attributs-episcopaux\"><strong>attributs \u00e9piscopaux<\/strong>,<\/a><\/span> de pi\u00e8ces de<span style=\"color: #0000ff;\"><a style=\"color: #0000ff;\" href=\"https:\/\/www.holyart.fr\/accessoires-pour-la-liturgie\/mobilier-deglise\"> <strong>mobilier<\/strong> <strong>liturgique<\/strong><\/a> <\/span>et de <strong>symboles<\/strong> qui expriment les devoirs et les t\u00e2ches dont il est investi\u00a0: la <strong>mitre<\/strong>, le couvre-chef caract\u00e9ristique de l\u2019\u00c9v\u00eaque\u00a0; la <strong>bague<\/strong> <strong>\u00e9piscopale<\/strong> port\u00e9e \u00e0 l\u2019annulaire droit en signe d\u2019ob\u00e9issance et de service \u00e0 l\u2019\u00c9glise\u00a0; la crosse \u00e9piscopale avec b\u00e2ton, pointu au bout pour \u00e9peronner les paresseux, droit au milieu pour conduire les faibles, courb\u00e9 en haut pour rassembler les \u00e9gar\u00e9s, selon Saint Ambroise\u00a0; les <strong>croix<\/strong> <strong>\u00e9piscopales<\/strong>.<\/p>\n<p>Des c\u00e9l\u00e9brations particuli\u00e8rement solennelles et des occasions sp\u00e9ciales demandent d\u2019autres apparats, comme les <strong>croix pectorales pour \u00e9v\u00eaques<\/strong>. L\u2019\u00e9v\u00eaque a \u00e9galement une fonction de sanctification des hommes \u00e0 travers la c\u00e9l\u00e9bration des <strong>sacrements<\/strong>, distribuant et dispensant la Gr\u00e2ce.<\/p>\n<p>&nbsp;<\/p>\n","protected":false},"excerpt":{"rendered":"<p>La mission d\u2019un \u00c9v\u00eaque est tout d\u2019abord d\u2019annoncer l\u2019\u00c9vangile. La figure de l\u2019\u00c9v\u00eaque d\u00e9rive en tout et pour tout des ap\u00f4tres, les compagnons de J\u00e9sus, qui v\u00e9curent \u00e0 ses c\u00f4t\u00e9s la br\u00e8ve p\u00e9riode de sa vie mortelle et qui re\u00e7urent de lui la t\u00e2che de&hellip;<\/p>\n","protected":false},"author":1,"featured_media":462,"comment_status":"closed","ping_status":"open","sticky":false,"template":"","format":"standard","meta":{"_acf_changed":false,"footnotes":""},"categories":[4],"tags":[],"class_list":["post-461","post","type-post","status-publish","format-standard","has-post-thumbnail","hentry","category-accessoires-pour-la-liturgie"],"acf":[],"yoast_head":"<!-- This site is optimized with the Yoast SEO plugin v26.6 - https:\/\/yoast.com\/wordpress\/plugins\/seo\/ -->\n<title>Le r\u00f4le de l\u2019\u00e9v\u00eaque dans l\u2019\u00c9glise Catholique<\/title>\n<meta name=\"description\" content=\"La mission d\u2019un \u00c9v\u00eaque est tout d\u2019abord d\u2019annoncer l\u2019\u00c9vangile. La figure de l\u2019\u00c9v\u00eaque d\u00e9rive en tout et pour tout des ap\u00f4tres, les compagnons de J\u00e9sus.\" \/>\n<meta name=\"robots\" content=\"index, follow, max-snippet:-1, max-image-preview:large, max-video-preview:-1\" \/>\n<link rel=\"canonical\" href=\"https:\/\/blog.holyart.it\/fr\/accessoires-pour-la-liturgie\/role-de-leveque-leglise-catholique\/\" \/>\n<meta property=\"og:locale\" content=\"fr_FR\" \/>\n<meta property=\"og:type\" content=\"article\" \/>\n<meta property=\"og:title\" content=\"Le r\u00f4le de l\u2019\u00e9v\u00eaque dans l\u2019\u00c9glise Catholique\" \/>\n<meta property=\"og:description\" content=\"La mission d\u2019un \u00c9v\u00eaque est tout d\u2019abord d\u2019annoncer l\u2019\u00c9vangile. La figure de l\u2019\u00c9v\u00eaque d\u00e9rive en tout et pour tout des ap\u00f4tres, les compagnons de J\u00e9sus.\" \/>\n<meta property=\"og:url\" content=\"https:\/\/blog.holyart.it\/fr\/accessoires-pour-la-liturgie\/role-de-leveque-leglise-catholique\/\" \/>\n<meta property=\"og:site_name\" content=\"Holyart.fr Blog\" \/>\n<meta property=\"article:published_time\" content=\"2017-09-13T10:24:47+00:00\" \/>\n<meta property=\"article:modified_time\" content=\"2018-07-25T08:04:39+00:00\" \/>\n<meta property=\"og:image\" content=\"https:\/\/blog.holyart.it\/fr\/wp-content\/uploads\/sites\/14\/2017\/11\/Le-r\u00f4le-de-l\u2019\u00e9v\u00eaque-dans-l\u2019\u00c9glise-Catholique.jpg\" \/>\n\t<meta property=\"og:image:width\" content=\"1000\" \/>\n\t<meta property=\"og:image:height\" content=\"667\" \/>\n\t<meta property=\"og:image:type\" content=\"image\/jpeg\" \/>\n<meta name=\"author\" content=\"Redazione\" \/>\n<meta name=\"twitter:card\" content=\"summary_large_image\" \/>\n<meta name=\"twitter:label1\" content=\"\u00c9crit par\" \/>\n\t<meta name=\"twitter:data1\" content=\"Redazione\" \/>\n\t<meta name=\"twitter:label2\" content=\"Dur\u00e9e de lecture estim\u00e9e\" \/>\n\t<meta name=\"twitter:data2\" content=\"2 minutes\" \/>\n<script type=\"application\/ld+json\" class=\"yoast-schema-graph\">{\"@context\":\"https:\/\/schema.org\",\"@graph\":[{\"@type\":\"Article\",\"@id\":\"https:\/\/blog.holyart.it\/fr\/accessoires-pour-la-liturgie\/role-de-leveque-leglise-catholique\/#article\",\"isPartOf\":{\"@id\":\"https:\/\/blog.holyart.it\/fr\/accessoires-pour-la-liturgie\/role-de-leveque-leglise-catholique\/\"},\"author\":{\"name\":\"Redazione\",\"@id\":\"https:\/\/blog.holyart.it\/fr\/#\/schema\/person\/0a7b686e5af0f856ec1e390dd0baecda\"},\"headline\":\"Le r\u00f4le de l\u2019\u00e9v\u00eaque dans l\u2019\u00c9glise Catholique\",\"datePublished\":\"2017-09-13T10:24:47+00:00\",\"dateModified\":\"2018-07-25T08:04:39+00:00\",\"mainEntityOfPage\":{\"@id\":\"https:\/\/blog.holyart.it\/fr\/accessoires-pour-la-liturgie\/role-de-leveque-leglise-catholique\/\"},\"wordCount\":390,\"publisher\":{\"@id\":\"https:\/\/blog.holyart.it\/fr\/#organization\"},\"image\":{\"@id\":\"https:\/\/blog.holyart.it\/fr\/accessoires-pour-la-liturgie\/role-de-leveque-leglise-catholique\/#primaryimage\"},\"thumbnailUrl\":\"https:\/\/blog.holyart.it\/fr\/wp-content\/uploads\/sites\/14\/2017\/11\/Le-r\u00f4le-de-l\u2019\u00e9v\u00eaque-dans-l\u2019\u00c9glise-Catholique.jpg\",\"articleSection\":[\"Liturgie\"],\"inLanguage\":\"fr-FR\"},{\"@type\":\"WebPage\",\"@id\":\"https:\/\/blog.holyart.it\/fr\/accessoires-pour-la-liturgie\/role-de-leveque-leglise-catholique\/\",\"url\":\"https:\/\/blog.holyart.it\/fr\/accessoires-pour-la-liturgie\/role-de-leveque-leglise-catholique\/\",\"name\":\"Le r\u00f4le de l\u2019\u00e9v\u00eaque dans l\u2019\u00c9glise Catholique\",\"isPartOf\":{\"@id\":\"https:\/\/blog.holyart.it\/fr\/#website\"},\"primaryImageOfPage\":{\"@id\":\"https:\/\/blog.holyart.it\/fr\/accessoires-pour-la-liturgie\/role-de-leveque-leglise-catholique\/#primaryimage\"},\"image\":{\"@id\":\"https:\/\/blog.holyart.it\/fr\/accessoires-pour-la-liturgie\/role-de-leveque-leglise-catholique\/#primaryimage\"},\"thumbnailUrl\":\"https:\/\/blog.holyart.it\/fr\/wp-content\/uploads\/sites\/14\/2017\/11\/Le-r\u00f4le-de-l\u2019\u00e9v\u00eaque-dans-l\u2019\u00c9glise-Catholique.jpg\",\"datePublished\":\"2017-09-13T10:24:47+00:00\",\"dateModified\":\"2018-07-25T08:04:39+00:00\",\"description\":\"La mission d\u2019un \u00c9v\u00eaque est tout d\u2019abord d\u2019annoncer l\u2019\u00c9vangile. La figure de l\u2019\u00c9v\u00eaque d\u00e9rive en tout et pour tout des ap\u00f4tres, les compagnons de J\u00e9sus.\",\"breadcrumb\":{\"@id\":\"https:\/\/blog.holyart.it\/fr\/accessoires-pour-la-liturgie\/role-de-leveque-leglise-catholique\/#breadcrumb\"},\"inLanguage\":\"fr-FR\",\"potentialAction\":[{\"@type\":\"ReadAction\",\"target\":[\"https:\/\/blog.holyart.it\/fr\/accessoires-pour-la-liturgie\/role-de-leveque-leglise-catholique\/\"]}]},{\"@type\":\"ImageObject\",\"inLanguage\":\"fr-FR\",\"@id\":\"https:\/\/blog.holyart.it\/fr\/accessoires-pour-la-liturgie\/role-de-leveque-leglise-catholique\/#primaryimage\",\"url\":\"https:\/\/blog.holyart.it\/fr\/wp-content\/uploads\/sites\/14\/2017\/11\/Le-r\u00f4le-de-l\u2019\u00e9v\u00eaque-dans-l\u2019\u00c9glise-Catholique.jpg\",\"contentUrl\":\"https:\/\/blog.holyart.it\/fr\/wp-content\/uploads\/sites\/14\/2017\/11\/Le-r\u00f4le-de-l\u2019\u00e9v\u00eaque-dans-l\u2019\u00c9glise-Catholique.jpg\",\"width\":1000,\"height\":667,\"caption\":\"Le r\u00f4le de l\u2019\u00e9v\u00eaque\"},{\"@type\":\"BreadcrumbList\",\"@id\":\"https:\/\/blog.holyart.it\/fr\/accessoires-pour-la-liturgie\/role-de-leveque-leglise-catholique\/#breadcrumb\",\"itemListElement\":[{\"@type\":\"ListItem\",\"position\":1,\"name\":\"Homepage\",\"item\":\"https:\/\/blog.holyart.it\/fr\/\"},{\"@type\":\"ListItem\",\"position\":2,\"name\":\"Liturgie\",\"item\":\"https:\/\/blog.holyart.it\/fr\/accessoires-pour-la-liturgie\/\"},{\"@type\":\"ListItem\",\"position\":3,\"name\":\"Le r\u00f4le de l\u2019\u00e9v\u00eaque dans l\u2019\u00c9glise Catholique\"}]},{\"@type\":\"WebSite\",\"@id\":\"https:\/\/blog.holyart.it\/fr\/#website\",\"url\":\"https:\/\/blog.holyart.it\/fr\/\",\"name\":\"Holyart.fr Blog\",\"description\":\"Holyblog\",\"publisher\":{\"@id\":\"https:\/\/blog.holyart.it\/fr\/#organization\"},\"potentialAction\":[{\"@type\":\"SearchAction\",\"target\":{\"@type\":\"EntryPoint\",\"urlTemplate\":\"https:\/\/blog.holyart.it\/fr\/?s={search_term_string}\"},\"query-input\":{\"@type\":\"PropertyValueSpecification\",\"valueRequired\":true,\"valueName\":\"search_term_string\"}}],\"inLanguage\":\"fr-FR\"},{\"@type\":\"Organization\",\"@id\":\"https:\/\/blog.holyart.it\/fr\/#organization\",\"name\":\"Holyart.fr Blog\",\"url\":\"https:\/\/blog.holyart.it\/fr\/\",\"logo\":{\"@type\":\"ImageObject\",\"inLanguage\":\"fr-FR\",\"@id\":\"https:\/\/blog.holyart.it\/fr\/#\/schema\/logo\/image\/\",\"url\":\"https:\/\/blog.holyart.it\/fr\/wp-content\/uploads\/sites\/14\/2022\/12\/Holyart_Blog_Logo.jpg\",\"contentUrl\":\"https:\/\/blog.holyart.it\/fr\/wp-content\/uploads\/sites\/14\/2022\/12\/Holyart_Blog_Logo.jpg\",\"width\":300,\"height\":50,\"caption\":\"Holyart.fr Blog\"},\"image\":{\"@id\":\"https:\/\/blog.holyart.it\/fr\/#\/schema\/logo\/image\/\"}},{\"@type\":\"Person\",\"@id\":\"https:\/\/blog.holyart.it\/fr\/#\/schema\/person\/0a7b686e5af0f856ec1e390dd0baecda\",\"name\":\"Redazione\",\"image\":{\"@type\":\"ImageObject\",\"inLanguage\":\"fr-FR\",\"@id\":\"https:\/\/blog.holyart.it\/fr\/#\/schema\/person\/image\/\",\"url\":\"https:\/\/secure.gravatar.com\/avatar\/f477da817f43e50d0af36abecd33e3edf826c68299714bdc1057dff3b113f516?s=96&d=mm&r=g\",\"contentUrl\":\"https:\/\/secure.gravatar.com\/avatar\/f477da817f43e50d0af36abecd33e3edf826c68299714bdc1057dff3b113f516?s=96&d=mm&r=g\",\"caption\":\"Redazione\"},\"url\":\"https:\/\/blog.holyart.it\/fr\/author\/admin\/\"}]}<\/script>\n<!-- \/ Yoast SEO plugin. -->","yoast_head_json":{"title":"Le r\u00f4le de l\u2019\u00e9v\u00eaque dans l\u2019\u00c9glise Catholique","description":"La mission d\u2019un \u00c9v\u00eaque est tout d\u2019abord d\u2019annoncer l\u2019\u00c9vangile. La figure de l\u2019\u00c9v\u00eaque d\u00e9rive en tout et pour tout des ap\u00f4tres, les compagnons de J\u00e9sus.","robots":{"index":"index","follow":"follow","max-snippet":"max-snippet:-1","max-image-preview":"max-image-preview:large","max-video-preview":"max-video-preview:-1"},"canonical":"https:\/\/blog.holyart.it\/fr\/accessoires-pour-la-liturgie\/role-de-leveque-leglise-catholique\/","og_locale":"fr_FR","og_type":"article","og_title":"Le r\u00f4le de l\u2019\u00e9v\u00eaque dans l\u2019\u00c9glise Catholique","og_description":"La mission d\u2019un \u00c9v\u00eaque est tout d\u2019abord d\u2019annoncer l\u2019\u00c9vangile. La figure de l\u2019\u00c9v\u00eaque d\u00e9rive en tout et pour tout des ap\u00f4tres, les compagnons de J\u00e9sus.","og_url":"https:\/\/blog.holyart.it\/fr\/accessoires-pour-la-liturgie\/role-de-leveque-leglise-catholique\/","og_site_name":"Holyart.fr Blog","article_published_time":"2017-09-13T10:24:47+00:00","article_modified_time":"2018-07-25T08:04:39+00:00","og_image":[{"width":1000,"height":667,"url":"https:\/\/blog.holyart.it\/fr\/wp-content\/uploads\/sites\/14\/2017\/11\/Le-r\u00f4le-de-l\u2019\u00e9v\u00eaque-dans-l\u2019\u00c9glise-Catholique.jpg","type":"image\/jpeg"}],"author":"Redazione","twitter_card":"summary_large_image","twitter_misc":{"\u00c9crit par":"Redazione","Dur\u00e9e de lecture estim\u00e9e":"2 minutes"},"schema":{"@context":"https:\/\/schema.org","@graph":[{"@type":"Article","@id":"https:\/\/blog.holyart.it\/fr\/accessoires-pour-la-liturgie\/role-de-leveque-leglise-catholique\/#article","isPartOf":{"@id":"https:\/\/blog.holyart.it\/fr\/accessoires-pour-la-liturgie\/role-de-leveque-leglise-catholique\/"},"author":{"name":"Redazione","@id":"https:\/\/blog.holyart.it\/fr\/#\/schema\/person\/0a7b686e5af0f856ec1e390dd0baecda"},"headline":"Le r\u00f4le de l\u2019\u00e9v\u00eaque dans l\u2019\u00c9glise Catholique","datePublished":"2017-09-13T10:24:47+00:00","dateModified":"2018-07-25T08:04:39+00:00","mainEntityOfPage":{"@id":"https:\/\/blog.holyart.it\/fr\/accessoires-pour-la-liturgie\/role-de-leveque-leglise-catholique\/"},"wordCount":390,"publisher":{"@id":"https:\/\/blog.holyart.it\/fr\/#organization"},"image":{"@id":"https:\/\/blog.holyart.it\/fr\/accessoires-pour-la-liturgie\/role-de-leveque-leglise-catholique\/#primaryimage"},"thumbnailUrl":"https:\/\/blog.holyart.it\/fr\/wp-content\/uploads\/sites\/14\/2017\/11\/Le-r\u00f4le-de-l\u2019\u00e9v\u00eaque-dans-l\u2019\u00c9glise-Catholique.jpg","articleSection":["Liturgie"],"inLanguage":"fr-FR"},{"@type":"WebPage","@id":"https:\/\/blog.holyart.it\/fr\/accessoires-pour-la-liturgie\/role-de-leveque-leglise-catholique\/","url":"https:\/\/blog.holyart.it\/fr\/accessoires-pour-la-liturgie\/role-de-leveque-leglise-catholique\/","name":"Le r\u00f4le de l\u2019\u00e9v\u00eaque dans l\u2019\u00c9glise Catholique","isPartOf":{"@id":"https:\/\/blog.holyart.it\/fr\/#website"},"primaryImageOfPage":{"@id":"https:\/\/blog.holyart.it\/fr\/accessoires-pour-la-liturgie\/role-de-leveque-leglise-catholique\/#primaryimage"},"image":{"@id":"https:\/\/blog.holyart.it\/fr\/accessoires-pour-la-liturgie\/role-de-leveque-leglise-catholique\/#primaryimage"},"thumbnailUrl":"https:\/\/blog.holyart.it\/fr\/wp-content\/uploads\/sites\/14\/2017\/11\/Le-r\u00f4le-de-l\u2019\u00e9v\u00eaque-dans-l\u2019\u00c9glise-Catholique.jpg","datePublished":"2017-09-13T10:24:47+00:00","dateModified":"2018-07-25T08:04:39+00:00","description":"La mission d\u2019un \u00c9v\u00eaque est tout d\u2019abord d\u2019annoncer l\u2019\u00c9vangile. La figure de l\u2019\u00c9v\u00eaque d\u00e9rive en tout et pour tout des ap\u00f4tres, les compagnons de J\u00e9sus.","breadcrumb":{"@id":"https:\/\/blog.holyart.it\/fr\/accessoires-pour-la-liturgie\/role-de-leveque-leglise-catholique\/#breadcrumb"},"inLanguage":"fr-FR","potentialAction":[{"@type":"ReadAction","target":["https:\/\/blog.holyart.it\/fr\/accessoires-pour-la-liturgie\/role-de-leveque-leglise-catholique\/"]}]},{"@type":"ImageObject","inLanguage":"fr-FR","@id":"https:\/\/blog.holyart.it\/fr\/accessoires-pour-la-liturgie\/role-de-leveque-leglise-catholique\/#primaryimage","url":"https:\/\/blog.holyart.it\/fr\/wp-content\/uploads\/sites\/14\/2017\/11\/Le-r\u00f4le-de-l\u2019\u00e9v\u00eaque-dans-l\u2019\u00c9glise-Catholique.jpg","contentUrl":"https:\/\/blog.holyart.it\/fr\/wp-content\/uploads\/sites\/14\/2017\/11\/Le-r\u00f4le-de-l\u2019\u00e9v\u00eaque-dans-l\u2019\u00c9glise-Catholique.jpg","width":1000,"height":667,"caption":"Le r\u00f4le de l\u2019\u00e9v\u00eaque"},{"@type":"BreadcrumbList","@id":"https:\/\/blog.holyart.it\/fr\/accessoires-pour-la-liturgie\/role-de-leveque-leglise-catholique\/#breadcrumb","itemListElement":[{"@type":"ListItem","position":1,"name":"Homepage","item":"https:\/\/blog.holyart.it\/fr\/"},{"@type":"ListItem","position":2,"name":"Liturgie","item":"https:\/\/blog.holyart.it\/fr\/accessoires-pour-la-liturgie\/"},{"@type":"ListItem","position":3,"name":"Le r\u00f4le de l\u2019\u00e9v\u00eaque dans l\u2019\u00c9glise Catholique"}]},{"@type":"WebSite","@id":"https:\/\/blog.holyart.it\/fr\/#website","url":"https:\/\/blog.holyart.it\/fr\/","name":"Holyart.fr Blog","description":"Holyblog","publisher":{"@id":"https:\/\/blog.holyart.it\/fr\/#organization"},"potentialAction":[{"@type":"SearchAction","target":{"@type":"EntryPoint","urlTemplate":"https:\/\/blog.holyart.it\/fr\/?s={search_term_string}"},"query-input":{"@type":"PropertyValueSpecification","valueRequired":true,"valueName":"search_term_string"}}],"inLanguage":"fr-FR"},{"@type":"Organization","@id":"https:\/\/blog.holyart.it\/fr\/#organization","name":"Holyart.fr Blog","url":"https:\/\/blog.holyart.it\/fr\/","logo":{"@type":"ImageObject","inLanguage":"fr-FR","@id":"https:\/\/blog.holyart.it\/fr\/#\/schema\/logo\/image\/","url":"https:\/\/blog.holyart.it\/fr\/wp-content\/uploads\/sites\/14\/2022\/12\/Holyart_Blog_Logo.jpg","contentUrl":"https:\/\/blog.holyart.it\/fr\/wp-content\/uploads\/sites\/14\/2022\/12\/Holyart_Blog_Logo.jpg","width":300,"height":50,"caption":"Holyart.fr Blog"},"image":{"@id":"https:\/\/blog.holyart.it\/fr\/#\/schema\/logo\/image\/"}},{"@type":"Person","@id":"https:\/\/blog.holyart.it\/fr\/#\/schema\/person\/0a7b686e5af0f856ec1e390dd0baecda","name":"Redazione","image":{"@type":"ImageObject","inLanguage":"fr-FR","@id":"https:\/\/blog.holyart.it\/fr\/#\/schema\/person\/image\/","url":"https:\/\/secure.gravatar.com\/avatar\/f477da817f43e50d0af36abecd33e3edf826c68299714bdc1057dff3b113f516?s=96&d=mm&r=g","contentUrl":"https:\/\/secure.gravatar.com\/avatar\/f477da817f43e50d0af36abecd33e3edf826c68299714bdc1057dff3b113f516?s=96&d=mm&r=g","caption":"Redazione"},"url":"https:\/\/blog.holyart.it\/fr\/author\/admin\/"}]}},"_links":{"self":[{"href":"https:\/\/blog.holyart.it\/fr\/wp-json\/wp\/v2\/posts\/461","targetHints":{"allow":["GET"]}}],"collection":[{"href":"https:\/\/blog.holyart.it\/fr\/wp-json\/wp\/v2\/posts"}],"about":[{"href":"https:\/\/blog.holyart.it\/fr\/wp-json\/wp\/v2\/types\/post"}],"author":[{"embeddable":true,"href":"https:\/\/blog.holyart.it\/fr\/wp-json\/wp\/v2\/users\/1"}],"replies":[{"embeddable":true,"href":"https:\/\/blog.holyart.it\/fr\/wp-json\/wp\/v2\/comments?post=461"}],"version-history":[{"count":0,"href":"https:\/\/blog.holyart.it\/fr\/wp-json\/wp\/v2\/posts\/461\/revisions"}],"wp:featuredmedia":[{"embeddable":true,"href":"https:\/\/blog.holyart.it\/fr\/wp-json\/wp\/v2\/media\/462"}],"wp:attachment":[{"href":"https:\/\/blog.holyart.it\/fr\/wp-json\/wp\/v2\/media?parent=461"}],"wp:term":[{"taxonomy":"category","embeddable":true,"href":"https:\/\/blog.holyart.it\/fr\/wp-json\/wp\/v2\/categories?post=461"},{"taxonomy":"post_tag","embeddable":true,"href":"https:\/\/blog.holyart.it\/fr\/wp-json\/wp\/v2\/tags?post=461"}],"curies":[{"name":"wp","href":"https:\/\/api.w.org\/{rel}","templated":true}]}}