{"id":4572,"date":"2022-05-11T12:30:30","date_gmt":"2022-05-11T10:30:30","guid":{"rendered":"https:\/\/blog.holyart.it\/fr\/?p=4572"},"modified":"2025-09-10T17:12:19","modified_gmt":"2025-09-10T15:12:19","slug":"la-devotion-de-padre-pio-a-notre-dame-de-pompei-et-le-don-de-la-rose","status":"publish","type":"post","link":"https:\/\/blog.holyart.it\/fr\/articles-religieux\/la-devotion-de-padre-pio-a-notre-dame-de-pompei-et-le-don-de-la-rose\/","title":{"rendered":"La d\u00e9votion de Padre Pio \u00e0 Notre-Dame de Pomp\u00e9i et le don de la rose"},"content":{"rendered":"<h4>Le 5 mai nous c\u00e9l\u00e9brons la f\u00eate du Saint de Pietrelcina. D\u00e9couvrons la suggestive naissance de la d\u00e9votion \u00e0 Padre Pio et \u00e0 Notre-Dame de Pomp\u00e9i.<\/h4>\n\n<p>Le fait que <a href=\"https:\/\/www.holyart.fr\/occasions-speciales\/padre-pio?page=1&amp;path=occasions-speciales&amp;path=padre-pio\"><strong>Saint Pio de Pietrelcina<\/strong><\/a> est un des saints les plus aim\u00e9s et les plus v\u00e9n\u00e9r\u00e9s de notre pays tout le monde le sait. Sa r\u00e9putation de thaumaturge, en plus de l\u2019exemple de sa propre vie fond\u00e9e sur la pri\u00e8re, le sacrifice et le d\u00e9vouement total aux autres, lui ont valu une d\u00e9votion populaire qui a d\u00e9but\u00e9 quand il \u00e9tait encore en vie. Chaque ann\u00e9e, des milliers de personnes visitent le <a href=\"https:\/\/www.holyart.fr\/blog\/articles-religieux\/le-sanctuaire-de-padre-pio-a-san-giovanni-rotondo\/\"><strong>Sanctuaire de Padre Pio \u00e0 San Giovanni Rotondo<\/strong><\/a>, un des lieux de p\u00e8lerinage les plus c\u00e9l\u00e8bres au monde. Dans cet article nous souhaitons nous attarder sur Padre Pio et Notre-Dame de Pomp\u00e9i, un aspect qui, d\u2019un c\u00f4t\u00e9, souligne le profond amour que le Saint voua toute sa vie \u00e0 la Tr\u00e8s Sainte Vierge Marie et, de l\u2019autre, raconte un \u00e9v\u00e9nement fascinant li\u00e9 \u00e0 son personnage.<\/p>\n<div class=\"link-article\">\n<p><img loading=\"lazy\" decoding=\"async\" class=\"alignnone size-full wp-image-4574\" src=\"https:\/\/blog.holyart.it\/fr\/wp-content\/uploads\/sites\/14\/2022\/05\/Le-Sanctuaire-de-Padre-Pio-\u00e0-San-Giovanni-Rotondo.jpg\" alt=\"Le Sanctuaire de Padre Pio \u00e0 San Giovanni Rotondo\" width=\"150\" height=\"99\" data-kale-share-title=\"La d\u00e9votion de Padre Pio \u00e0 Notre-Dame de Pomp\u00e9i et le don de la rose\" data-kale-share-url=\"https:\/\/blog.holyart.it\/fr\/?p=4572\" \/><\/p>\n<div class=\"leggi-anche\">Lire aussi :<\/div>\n<p><strong><a href=\"https:\/\/www.holyart.fr\/blog\/articles-religieux\/le-sanctuaire-de-padre-pio-a-san-giovanni-rotondo\/\">Le Sanctuaire de Padre Pio \u00e0 San Giovanni Rotondo<\/a><\/strong><br \/>\nQu\u2019est-ce qui pousse des milliers de personnes \u00e0 visiter chaque ann\u00e9e le Sanctuaire de Padre Pio \u00e0 San Giovanni Rotondo ?<\/p>\n<\/div>\n<h2>Padre Pio et le Sanctuaire de la Bienheureuse Vierge Marie du Saint Rosaire de Pomp\u00e9i<\/h2>\n<p>Rappelons tout d\u2019abord que, tout au long de sa vie, Padre Pio fut un <strong>Ap\u00f4tre du Rosaire<\/strong>. Il aimait infiniment cette pratique d\u00e9votionnelle et il r\u00e9citait le rosaire plusieurs fois par jour en gardant toujours avec lui un <a href=\"https:\/\/www.holyart.fr\/articles-religieux\/chapelets-et-etuis-a-chapelet?path=articles-religieux&amp;path=chapelets-et-etuis-a-chapelet\"><strong>chapelet<\/strong><\/a> autour de sa main ou de son bras. M\u00eame lors de sa mort il tenait la couronne du Rosaire en main. Comme nous le savons bien, le Rosaire est une pri\u00e8re d\u00e9votionnelle et contemplative r\u00e9cit\u00e9e par les chr\u00e9tiens du monde entier, surtout pour la possibilit\u00e9 qui lui est attribu\u00e9e de recevoir des indulgences, gr\u00e2ce \u00e0 l\u2019intercession de la Vierge.<\/p>\n<p>Au cours de sa vie, Padre Pio se rendit en p\u00e8lerinage au <strong>Sanctuaire de la Bienheureuse Vierge Marie du Saint Rosaire de Pomp\u00e9i<\/strong>, un des sanctuaires mariaux les plus importants et les plus visit\u00e9s d\u2019Italie, au moins trois fois, dont la premi\u00e8re quand il avait \u00e0 peine quatorze ans, accompagn\u00e9 par son ma\u00eetre d\u2019\u00e9cole de l\u2019\u00e9poque et par quelques copains d\u2019\u00e9tudes.<br \/>\nIl y retourna ensuite en 1911, quand il \u00e9tait un jeune pr\u00eatre au couvent de Venadro et encore en 1916, pendant une licence pour convalescence.<\/p>\n<h2>La corr\u00e9lation entre la Vierge et la rose<\/h2>\n<p>C\u2019\u00e9tait le 20 septembre 1968 et Padre Pio vivait ses derniers jours sur terre. Cela faisait d\u00e9j\u00e0 cinquante ans qu\u2019il avait re\u00e7u les stigmates et un de ses d\u00e9vot lui offrit un panier de roses rouges pour c\u00e9l\u00e9brer cette r\u00e9currence. Le Saint, \u00e9mu, en prit une et la lui donna, en lui demandant de l\u2019amener comme offrande \u00e0 <a href=\"https:\/\/www.holyart.fr\/articles-religieux\/tableaux-gravures-manuscrit-enlumine\/cadre-sur-toile-notre-dame-du-saint-rosaire-de-pompei-70x50-cm?path=articles-religieux&amp;path=tableaux-gravures-manuscrit-enlumine&amp;path=cadre-sur-toile-notre-dame-du-saint-rosaire-de-pompei-70x50-cm\"><strong>Notre-Dame de Pomp\u00e9i<\/strong><\/a>. Le d\u00e9vot fut tr\u00e8s heureux de pouvoir satisfaire cette requ\u00eate et se soucia de faire placer la rose juste devant le tableau de Notre-Dame de Pomp\u00e9i. Trois jours apr\u00e8s, Padre Pio mourut et une s\u0153ur, en enlevant les fleurs devant l\u2019effigie de la Vierge, se rendit compte que, lors que toutes les fleurs \u00e9taient fan\u00e9es, la rose de Padre Pio non seulement \u00e9tait encore fra\u00eeche, mais elle s\u2019\u00e9tait referm\u00e9e \u00e0 former un bouton parfum\u00e9. Inform\u00e9 de l\u2019\u00e9v\u00e9nement miraculeux, l\u2019\u00e9v\u00eaque pr\u00e9lat du Sanctuaire de Pomp\u00e9i demanda \u00e0 ce que la rose soit plac\u00e9e dans un pr\u00e9cieux reliquaire dans lequel elle est conserv\u00e9e encore aujourd\u2019hui.<br \/>\n<a href=\"https:\/\/www.holyart.fr\/\"><strong>Dans notre magasin en ligne<\/strong><\/a>, vous trouverez de nombreux articles, en particulier tableaux, chapelets et statues rappelant ce moment de d\u00e9votion et c\u00e9l\u00e9brant le lien entre Padre Pio et Notre-Dame de Pomp\u00e9i.<\/p>\n<div class=\"sp-styles-warning\" style=\"width: 450px; background-color: #FFF; color: #F00; border: 1px solid #F00; padding: 10px; font-size: 14px;\">\n\t\t\t<span style=\"font-weight: bold;\">Warning: The stylesheets were not loaded!<\/span> \n\t\t\tYou will need to change the <i>Load stylesheets<\/i> setting from <i>Automatically<\/i> to <i>On homepage<\/i> or <i>On all pages<\/i>. \n\t\t\tYou can set that <a style=\"text-decoration: underline; color: #F00;\" href=\"https:\/\/blog.holyart.it\/fr\/wp-admin\/admin.php?page=sliderpro-settings\">here<\/a>.\n\t\t\t<\/div>\r\n<div id=\"slider-pro-82\" class=\"slider-pro sp-no-js\" style=\"width: 500px; height: 500px;\">\r\n\t<div class=\"sp-slides\">\r\n\t\t\r\n\t\t<div class=\"sp-slide\">\r\n\t\t\t<img loading=\"lazy\" decoding=\"async\" class=\"sp-image\" src=\"https:\/\/blog.holyart.it\/fr\/wp-content\/uploads\/sites\/14\/2022\/05\/Cadre-impression-Notre-Dame-de-Pompei.jpg\" alt=\"Cadre impression Notre-Dame de Pompei\" width=\"500\" height=\"500\" \/>\r\n\t\t\t<div class=\"sp-thumbnail\"><img decoding=\"async\" src=\"https:\/\/blog.holyart.it\/fr\/wp-content\/uploads\/sites\/14\/2022\/05\/Cadre-impression-Notre-Dame-de-Pompei-70x50-cm.jpg\" alt=\"Cadre impression Notre-Dame de Pompei 70x50 cm\" \/>\n\r\n\t\t\t<\/div>\r\n\t\t\t<div class=\"sp-caption\">Cadre impression Notre-Dame de Pomp\u00e9i 70x50 cm.<br \/><strong><a href=\"https:\/\/www.holyart.fr\/articles-religieux\/tableaux-gravures-manuscrit-enlumine\/cadre-impression-notre-dame-de-pompei-70x50-cm?path=articles-religieux&amp;path=tableaux-gravures-manuscrit-enlumine&amp;path=cadre-impression-notre-dame-de-pompei-70x50-cm\">Acheter sur Holyart<\/a><\/span><\/strong><\/div>\r\n\t\t<\/div>\r\n\t\t<div class=\"sp-slide\">\r\n\t\t\t<img loading=\"lazy\" decoding=\"async\" class=\"sp-image\" src=\"https:\/\/blog.holyart.it\/fr\/wp-content\/uploads\/sites\/14\/2022\/05\/Chapelet-Padre-Pio-et-Christ-Misericordieux-bois.jpg\" alt=\"Chapelet Padre Pio et Christ Misericordieux bois\" width=\"500\" height=\"500\" \/>\r\n\t\t\t<div class=\"sp-thumbnail\"><img decoding=\"async\" src=\"https:\/\/blog.holyart.it\/fr\/wp-content\/uploads\/sites\/14\/2022\/05\/Chapelet-Padre-Pio-et-Christ-Misericordieux-bois-150x150.jpg\" \/>\n\r\n\t\t\t<\/div>\r\n\t\t\t<div class=\"sp-caption\">Chapelet Padre Pio et Christ Mis\u00e9ricordieux bois.<br \/><strong><a href=\"https:\/\/www.holyart.fr\/articles-religieux\/chapelets-et-etuis-a-chapelet\/chapelets-avec-images\/chapelet-padre-pio-et-christ-misericordieux-bois?path=articles-religieux&amp;path=chapelets-et-etuis-a-chapelet&amp;path=chapelets-avec-images&amp;path=chapelet-padre-pio-et-christ-misericordieux-bois\">Acheter sur Holyart<\/a><\/span><\/strong><\/div>\r\n\t\t<\/div>\r\n\t\t<div class=\"sp-slide\">\r\n\t\t\t<img loading=\"lazy\" decoding=\"async\" class=\"sp-image\" src=\"https:\/\/blog.holyart.it\/fr\/wp-content\/uploads\/sites\/14\/2022\/05\/Notre-Dame-du-Rosaire-de-Pompei-replique-15x20x15-cm-resine.jpg\" alt=\"Notre-Dame du Rosaire de Pompei replique 15x20x15 cm resine\" width=\"500\" height=\"500\" \/>\r\n\t\t\t<div class=\"sp-thumbnail\"><img decoding=\"async\" src=\"https:\/\/blog.holyart.it\/fr\/wp-content\/uploads\/sites\/14\/2022\/05\/Notre-Dame-du-Rosaire-de-Pompei-replique-15x20x15-cm.jpg\" alt=\"Notre-Dame du Rosaire de Pompei replique 15x20x15 cm\" \/>\n\r\n\t\t\t<\/div>\r\n\t\t\t<div class=\"sp-caption\">Notre-Dame du Rosaire de Pomp\u00e9i r\u00e9plique 15x20x15 cm r\u00e9sine.<br \/><strong><a href=\"https:\/\/www.holyart.fr\/articles-religieux\/statues\/statues-en-resine-et-pvc\/notre-dame-du-rosaire-de-pompei-replique-15x20x15-cm-resine?path=articles-religieux&amp;path=statues&amp;path=statues-en-resine-et-pvc&amp;path=notre-dame-du-rosaire-de-pompei-replique-15x20x15-cm-resine\">Acheter sur Holyart<\/a><\/span><\/strong><\/div>\r\n\t\t<\/div>\r\n\t\t<div class=\"sp-slide\">\r\n\t\t\t<img loading=\"lazy\" decoding=\"async\" class=\"sp-image\" src=\"https:\/\/blog.holyart.it\/fr\/wp-content\/uploads\/sites\/14\/2022\/05\/Statue-Saint-Pio-resine-30-cm-Landi.jpg\" alt=\"Statue Saint Pio resine 30 cm Landi\" width=\"500\" height=\"500\" \/>\r\n\t\t\t<div class=\"sp-thumbnail\"><img decoding=\"async\" src=\"https:\/\/blog.holyart.it\/fr\/wp-content\/uploads\/sites\/14\/2022\/05\/Statue-Saint-Pio-resine-30-cm.jpg\" alt=\"Statue Saint Pio resine 30 cm\" \/>\n\r\n\t\t\t<\/div>\r\n\t\t\t<div class=\"sp-caption\">Statue Saint Pio r\u00e9sine 30 cm Landi.<br \/><strong><a href=\"https:\/\/www.holyart.fr\/articles-religieux\/statues\/statues-en-resine-et-pvc\/statue-saint-pio-resine-30-cm-landi?path=articles-religieux&amp;path=statues&amp;path=statues-en-resine-et-pvc&amp;path=statue-saint-pio-resine-30-cm-landi\">Acheter sur Holyart<\/a><\/span><\/strong><\/div>\r\n\t\t<\/div>\r\n\t<\/div>\r\n<\/div>\n<h2>Le Parfum de rose de Padre Pio<\/h2>\n<p>Les apparitions et les visites spirituelles de Padre Pio ont toujours \u00e9t\u00e9 caract\u00e9ris\u00e9es par des parfums et des odeurs particuliers. D\u00e9j\u00e0 au cours de sa vie, ses v\u00eatements d\u00e9gageaient diff\u00e9rents parfums, comme le t\u00e9moignent de nombreuses personnes qui l\u2019ont connu. Ces parfums se r\u00e9pandaient comme une tra\u00een\u00e9e odorante sur son passage, en persistant dans les lieux o\u00f9 il avait s\u00e9journ\u00e9.<br \/>\nApr\u00e8s sa mort, le parfum est devenu une de ses mani\u00e8res pour transmettre des messages \u00e0 ses d\u00e9vots. En particulier, le <strong>parfum de rose<\/strong> serait celui choisit par Padre Pio pour manifester sa pr\u00e9sence aupr\u00e8s de ceux qui invoquent son aide. Toutefois, tout le monde ne peut pas percevoir ce parfum. Beaucoup de ceux qui racontent l\u2019avoir senti affirment \u00e9galement avoir b\u00e9n\u00e9fici\u00e9 d\u2019une gr\u00e2ce de la part du Saint pour eux ou pour un \u00eatre cher.<\/p>\n","protected":false},"excerpt":{"rendered":"<p>Le 5 mai nous c\u00e9l\u00e9brons la f\u00eate du Saint de Pietrelcina. D\u00e9couvrons la suggestive naissance de la d\u00e9votion \u00e0 Padre Pio et \u00e0 Notre-Dame de Pomp\u00e9i. Le fait que Saint Pio de Pietrelcina est un des saints les plus aim\u00e9s et les plus v\u00e9n\u00e9r\u00e9s de&hellip;<\/p>\n","protected":false},"author":1,"featured_media":4573,"comment_status":"closed","ping_status":"open","sticky":false,"template":"","format":"standard","meta":{"_acf_changed":false,"footnotes":""},"categories":[8],"tags":[],"class_list":["post-4572","post","type-post","status-publish","format-standard","has-post-thumbnail","hentry","category-articles-religieux"],"acf":[],"yoast_head":"<!-- This site is optimized with the Yoast SEO plugin v26.6 - https:\/\/yoast.com\/wordpress\/plugins\/seo\/ -->\n<title>La d\u00e9votion de Padre Pio \u00e0 Notre-Dame de Pomp\u00e9i et le don de la rose<\/title>\n<meta name=\"description\" content=\"Le 5 mai nous c\u00e9l\u00e9brons la f\u00eate du Saint de Pietrelcina. D\u00e9couvrons la suggestive naissance de la d\u00e9votion \u00e0 Padre Pio et \u00e0 Notre-Dame de Pomp\u00e9i.\" \/>\n<meta name=\"robots\" content=\"index, follow, max-snippet:-1, max-image-preview:large, max-video-preview:-1\" \/>\n<link rel=\"canonical\" href=\"https:\/\/blog.holyart.it\/fr\/articles-religieux\/la-devotion-de-padre-pio-a-notre-dame-de-pompei-et-le-don-de-la-rose\/\" \/>\n<meta property=\"og:locale\" content=\"fr_FR\" \/>\n<meta property=\"og:type\" content=\"article\" \/>\n<meta property=\"og:title\" content=\"La d\u00e9votion de Padre Pio \u00e0 Notre-Dame de Pomp\u00e9i et le don de la rose\" \/>\n<meta property=\"og:description\" content=\"Le 5 mai nous c\u00e9l\u00e9brons la f\u00eate du Saint de Pietrelcina. D\u00e9couvrons la suggestive naissance de la d\u00e9votion \u00e0 Padre Pio et \u00e0 Notre-Dame de Pomp\u00e9i.\" \/>\n<meta property=\"og:url\" content=\"https:\/\/blog.holyart.it\/fr\/articles-religieux\/la-devotion-de-padre-pio-a-notre-dame-de-pompei-et-le-don-de-la-rose\/\" \/>\n<meta property=\"og:site_name\" content=\"Holyart.fr Blog\" \/>\n<meta property=\"article:published_time\" content=\"2022-05-11T10:30:30+00:00\" \/>\n<meta property=\"article:modified_time\" content=\"2025-09-10T15:12:19+00:00\" \/>\n<meta property=\"og:image\" content=\"https:\/\/blog.holyart.it\/fr\/wp-content\/uploads\/sites\/14\/2022\/05\/La-devotion-de-Padre-Pio-a-Notre-Dame-de-Pompei-et-le-don-de-la-rose.jpeg\" \/>\n\t<meta property=\"og:image:width\" content=\"1069\" \/>\n\t<meta property=\"og:image:height\" content=\"667\" \/>\n\t<meta property=\"og:image:type\" content=\"image\/jpeg\" \/>\n<meta name=\"author\" content=\"Redazione\" \/>\n<meta name=\"twitter:card\" content=\"summary_large_image\" \/>\n<meta name=\"twitter:label1\" content=\"\u00c9crit par\" \/>\n\t<meta name=\"twitter:data1\" content=\"Redazione\" \/>\n\t<meta name=\"twitter:label2\" content=\"Dur\u00e9e de lecture estim\u00e9e\" \/>\n\t<meta name=\"twitter:data2\" content=\"5 minutes\" \/>\n<script type=\"application\/ld+json\" class=\"yoast-schema-graph\">{\"@context\":\"https:\/\/schema.org\",\"@graph\":[{\"@type\":\"Article\",\"@id\":\"https:\/\/blog.holyart.it\/fr\/articles-religieux\/la-devotion-de-padre-pio-a-notre-dame-de-pompei-et-le-don-de-la-rose\/#article\",\"isPartOf\":{\"@id\":\"https:\/\/blog.holyart.it\/fr\/articles-religieux\/la-devotion-de-padre-pio-a-notre-dame-de-pompei-et-le-don-de-la-rose\/\"},\"author\":{\"name\":\"Redazione\",\"@id\":\"https:\/\/blog.holyart.it\/fr\/#\/schema\/person\/0a7b686e5af0f856ec1e390dd0baecda\"},\"headline\":\"La d\u00e9votion de Padre Pio \u00e0 Notre-Dame de Pomp\u00e9i et le don de la rose\",\"datePublished\":\"2022-05-11T10:30:30+00:00\",\"dateModified\":\"2025-09-10T15:12:19+00:00\",\"mainEntityOfPage\":{\"@id\":\"https:\/\/blog.holyart.it\/fr\/articles-religieux\/la-devotion-de-padre-pio-a-notre-dame-de-pompei-et-le-don-de-la-rose\/\"},\"wordCount\":852,\"publisher\":{\"@id\":\"https:\/\/blog.holyart.it\/fr\/#organization\"},\"image\":{\"@id\":\"https:\/\/blog.holyart.it\/fr\/articles-religieux\/la-devotion-de-padre-pio-a-notre-dame-de-pompei-et-le-don-de-la-rose\/#primaryimage\"},\"thumbnailUrl\":\"https:\/\/blog.holyart.it\/fr\/wp-content\/uploads\/sites\/14\/2022\/05\/La-devotion-de-Padre-Pio-a-Notre-Dame-de-Pompei-et-le-don-de-la-rose.jpeg\",\"articleSection\":[\"Religion\"],\"inLanguage\":\"fr-FR\"},{\"@type\":\"WebPage\",\"@id\":\"https:\/\/blog.holyart.it\/fr\/articles-religieux\/la-devotion-de-padre-pio-a-notre-dame-de-pompei-et-le-don-de-la-rose\/\",\"url\":\"https:\/\/blog.holyart.it\/fr\/articles-religieux\/la-devotion-de-padre-pio-a-notre-dame-de-pompei-et-le-don-de-la-rose\/\",\"name\":\"La d\u00e9votion de Padre Pio \u00e0 Notre-Dame de Pomp\u00e9i et le don de la rose\",\"isPartOf\":{\"@id\":\"https:\/\/blog.holyart.it\/fr\/#website\"},\"primaryImageOfPage\":{\"@id\":\"https:\/\/blog.holyart.it\/fr\/articles-religieux\/la-devotion-de-padre-pio-a-notre-dame-de-pompei-et-le-don-de-la-rose\/#primaryimage\"},\"image\":{\"@id\":\"https:\/\/blog.holyart.it\/fr\/articles-religieux\/la-devotion-de-padre-pio-a-notre-dame-de-pompei-et-le-don-de-la-rose\/#primaryimage\"},\"thumbnailUrl\":\"https:\/\/blog.holyart.it\/fr\/wp-content\/uploads\/sites\/14\/2022\/05\/La-devotion-de-Padre-Pio-a-Notre-Dame-de-Pompei-et-le-don-de-la-rose.jpeg\",\"datePublished\":\"2022-05-11T10:30:30+00:00\",\"dateModified\":\"2025-09-10T15:12:19+00:00\",\"description\":\"Le 5 mai nous c\u00e9l\u00e9brons la f\u00eate du Saint de Pietrelcina. D\u00e9couvrons la suggestive naissance de la d\u00e9votion \u00e0 Padre Pio et \u00e0 Notre-Dame de Pomp\u00e9i.\",\"breadcrumb\":{\"@id\":\"https:\/\/blog.holyart.it\/fr\/articles-religieux\/la-devotion-de-padre-pio-a-notre-dame-de-pompei-et-le-don-de-la-rose\/#breadcrumb\"},\"inLanguage\":\"fr-FR\",\"potentialAction\":[{\"@type\":\"ReadAction\",\"target\":[\"https:\/\/blog.holyart.it\/fr\/articles-religieux\/la-devotion-de-padre-pio-a-notre-dame-de-pompei-et-le-don-de-la-rose\/\"]}]},{\"@type\":\"ImageObject\",\"inLanguage\":\"fr-FR\",\"@id\":\"https:\/\/blog.holyart.it\/fr\/articles-religieux\/la-devotion-de-padre-pio-a-notre-dame-de-pompei-et-le-don-de-la-rose\/#primaryimage\",\"url\":\"https:\/\/blog.holyart.it\/fr\/wp-content\/uploads\/sites\/14\/2022\/05\/La-devotion-de-Padre-Pio-a-Notre-Dame-de-Pompei-et-le-don-de-la-rose.jpeg\",\"contentUrl\":\"https:\/\/blog.holyart.it\/fr\/wp-content\/uploads\/sites\/14\/2022\/05\/La-devotion-de-Padre-Pio-a-Notre-Dame-de-Pompei-et-le-don-de-la-rose.jpeg\",\"width\":1069,\"height\":667,\"caption\":\"La devotion de Padre Pio a Notre-Dame de Pompei et le don de la rose\"},{\"@type\":\"BreadcrumbList\",\"@id\":\"https:\/\/blog.holyart.it\/fr\/articles-religieux\/la-devotion-de-padre-pio-a-notre-dame-de-pompei-et-le-don-de-la-rose\/#breadcrumb\",\"itemListElement\":[{\"@type\":\"ListItem\",\"position\":1,\"name\":\"Homepage\",\"item\":\"https:\/\/blog.holyart.it\/fr\/\"},{\"@type\":\"ListItem\",\"position\":2,\"name\":\"Religion\",\"item\":\"https:\/\/blog.holyart.it\/fr\/articles-religieux\/\"},{\"@type\":\"ListItem\",\"position\":3,\"name\":\"La d\u00e9votion de Padre Pio \u00e0 Notre-Dame de Pomp\u00e9i et le don de la rose\"}]},{\"@type\":\"WebSite\",\"@id\":\"https:\/\/blog.holyart.it\/fr\/#website\",\"url\":\"https:\/\/blog.holyart.it\/fr\/\",\"name\":\"Holyart.fr Blog\",\"description\":\"Holyblog\",\"publisher\":{\"@id\":\"https:\/\/blog.holyart.it\/fr\/#organization\"},\"potentialAction\":[{\"@type\":\"SearchAction\",\"target\":{\"@type\":\"EntryPoint\",\"urlTemplate\":\"https:\/\/blog.holyart.it\/fr\/?s={search_term_string}\"},\"query-input\":{\"@type\":\"PropertyValueSpecification\",\"valueRequired\":true,\"valueName\":\"search_term_string\"}}],\"inLanguage\":\"fr-FR\"},{\"@type\":\"Organization\",\"@id\":\"https:\/\/blog.holyart.it\/fr\/#organization\",\"name\":\"Holyart.fr Blog\",\"url\":\"https:\/\/blog.holyart.it\/fr\/\",\"logo\":{\"@type\":\"ImageObject\",\"inLanguage\":\"fr-FR\",\"@id\":\"https:\/\/blog.holyart.it\/fr\/#\/schema\/logo\/image\/\",\"url\":\"https:\/\/blog.holyart.it\/fr\/wp-content\/uploads\/sites\/14\/2022\/12\/Holyart_Blog_Logo.jpg\",\"contentUrl\":\"https:\/\/blog.holyart.it\/fr\/wp-content\/uploads\/sites\/14\/2022\/12\/Holyart_Blog_Logo.jpg\",\"width\":300,\"height\":50,\"caption\":\"Holyart.fr Blog\"},\"image\":{\"@id\":\"https:\/\/blog.holyart.it\/fr\/#\/schema\/logo\/image\/\"}},{\"@type\":\"Person\",\"@id\":\"https:\/\/blog.holyart.it\/fr\/#\/schema\/person\/0a7b686e5af0f856ec1e390dd0baecda\",\"name\":\"Redazione\",\"image\":{\"@type\":\"ImageObject\",\"inLanguage\":\"fr-FR\",\"@id\":\"https:\/\/blog.holyart.it\/fr\/#\/schema\/person\/image\/\",\"url\":\"https:\/\/secure.gravatar.com\/avatar\/f477da817f43e50d0af36abecd33e3edf826c68299714bdc1057dff3b113f516?s=96&d=mm&r=g\",\"contentUrl\":\"https:\/\/secure.gravatar.com\/avatar\/f477da817f43e50d0af36abecd33e3edf826c68299714bdc1057dff3b113f516?s=96&d=mm&r=g\",\"caption\":\"Redazione\"},\"url\":\"https:\/\/blog.holyart.it\/fr\/author\/admin\/\"}]}<\/script>\n<!-- \/ Yoast SEO plugin. -->","yoast_head_json":{"title":"La d\u00e9votion de Padre Pio \u00e0 Notre-Dame de Pomp\u00e9i et le don de la rose","description":"Le 5 mai nous c\u00e9l\u00e9brons la f\u00eate du Saint de Pietrelcina. D\u00e9couvrons la suggestive naissance de la d\u00e9votion \u00e0 Padre Pio et \u00e0 Notre-Dame de Pomp\u00e9i.","robots":{"index":"index","follow":"follow","max-snippet":"max-snippet:-1","max-image-preview":"max-image-preview:large","max-video-preview":"max-video-preview:-1"},"canonical":"https:\/\/blog.holyart.it\/fr\/articles-religieux\/la-devotion-de-padre-pio-a-notre-dame-de-pompei-et-le-don-de-la-rose\/","og_locale":"fr_FR","og_type":"article","og_title":"La d\u00e9votion de Padre Pio \u00e0 Notre-Dame de Pomp\u00e9i et le don de la rose","og_description":"Le 5 mai nous c\u00e9l\u00e9brons la f\u00eate du Saint de Pietrelcina. D\u00e9couvrons la suggestive naissance de la d\u00e9votion \u00e0 Padre Pio et \u00e0 Notre-Dame de Pomp\u00e9i.","og_url":"https:\/\/blog.holyart.it\/fr\/articles-religieux\/la-devotion-de-padre-pio-a-notre-dame-de-pompei-et-le-don-de-la-rose\/","og_site_name":"Holyart.fr Blog","article_published_time":"2022-05-11T10:30:30+00:00","article_modified_time":"2025-09-10T15:12:19+00:00","og_image":[{"width":1069,"height":667,"url":"https:\/\/blog.holyart.it\/fr\/wp-content\/uploads\/sites\/14\/2022\/05\/La-devotion-de-Padre-Pio-a-Notre-Dame-de-Pompei-et-le-don-de-la-rose.jpeg","type":"image\/jpeg"}],"author":"Redazione","twitter_card":"summary_large_image","twitter_misc":{"\u00c9crit par":"Redazione","Dur\u00e9e de lecture estim\u00e9e":"5 minutes"},"schema":{"@context":"https:\/\/schema.org","@graph":[{"@type":"Article","@id":"https:\/\/blog.holyart.it\/fr\/articles-religieux\/la-devotion-de-padre-pio-a-notre-dame-de-pompei-et-le-don-de-la-rose\/#article","isPartOf":{"@id":"https:\/\/blog.holyart.it\/fr\/articles-religieux\/la-devotion-de-padre-pio-a-notre-dame-de-pompei-et-le-don-de-la-rose\/"},"author":{"name":"Redazione","@id":"https:\/\/blog.holyart.it\/fr\/#\/schema\/person\/0a7b686e5af0f856ec1e390dd0baecda"},"headline":"La d\u00e9votion de Padre Pio \u00e0 Notre-Dame de Pomp\u00e9i et le don de la rose","datePublished":"2022-05-11T10:30:30+00:00","dateModified":"2025-09-10T15:12:19+00:00","mainEntityOfPage":{"@id":"https:\/\/blog.holyart.it\/fr\/articles-religieux\/la-devotion-de-padre-pio-a-notre-dame-de-pompei-et-le-don-de-la-rose\/"},"wordCount":852,"publisher":{"@id":"https:\/\/blog.holyart.it\/fr\/#organization"},"image":{"@id":"https:\/\/blog.holyart.it\/fr\/articles-religieux\/la-devotion-de-padre-pio-a-notre-dame-de-pompei-et-le-don-de-la-rose\/#primaryimage"},"thumbnailUrl":"https:\/\/blog.holyart.it\/fr\/wp-content\/uploads\/sites\/14\/2022\/05\/La-devotion-de-Padre-Pio-a-Notre-Dame-de-Pompei-et-le-don-de-la-rose.jpeg","articleSection":["Religion"],"inLanguage":"fr-FR"},{"@type":"WebPage","@id":"https:\/\/blog.holyart.it\/fr\/articles-religieux\/la-devotion-de-padre-pio-a-notre-dame-de-pompei-et-le-don-de-la-rose\/","url":"https:\/\/blog.holyart.it\/fr\/articles-religieux\/la-devotion-de-padre-pio-a-notre-dame-de-pompei-et-le-don-de-la-rose\/","name":"La d\u00e9votion de Padre Pio \u00e0 Notre-Dame de Pomp\u00e9i et le don de la rose","isPartOf":{"@id":"https:\/\/blog.holyart.it\/fr\/#website"},"primaryImageOfPage":{"@id":"https:\/\/blog.holyart.it\/fr\/articles-religieux\/la-devotion-de-padre-pio-a-notre-dame-de-pompei-et-le-don-de-la-rose\/#primaryimage"},"image":{"@id":"https:\/\/blog.holyart.it\/fr\/articles-religieux\/la-devotion-de-padre-pio-a-notre-dame-de-pompei-et-le-don-de-la-rose\/#primaryimage"},"thumbnailUrl":"https:\/\/blog.holyart.it\/fr\/wp-content\/uploads\/sites\/14\/2022\/05\/La-devotion-de-Padre-Pio-a-Notre-Dame-de-Pompei-et-le-don-de-la-rose.jpeg","datePublished":"2022-05-11T10:30:30+00:00","dateModified":"2025-09-10T15:12:19+00:00","description":"Le 5 mai nous c\u00e9l\u00e9brons la f\u00eate du Saint de Pietrelcina. D\u00e9couvrons la suggestive naissance de la d\u00e9votion \u00e0 Padre Pio et \u00e0 Notre-Dame de Pomp\u00e9i.","breadcrumb":{"@id":"https:\/\/blog.holyart.it\/fr\/articles-religieux\/la-devotion-de-padre-pio-a-notre-dame-de-pompei-et-le-don-de-la-rose\/#breadcrumb"},"inLanguage":"fr-FR","potentialAction":[{"@type":"ReadAction","target":["https:\/\/blog.holyart.it\/fr\/articles-religieux\/la-devotion-de-padre-pio-a-notre-dame-de-pompei-et-le-don-de-la-rose\/"]}]},{"@type":"ImageObject","inLanguage":"fr-FR","@id":"https:\/\/blog.holyart.it\/fr\/articles-religieux\/la-devotion-de-padre-pio-a-notre-dame-de-pompei-et-le-don-de-la-rose\/#primaryimage","url":"https:\/\/blog.holyart.it\/fr\/wp-content\/uploads\/sites\/14\/2022\/05\/La-devotion-de-Padre-Pio-a-Notre-Dame-de-Pompei-et-le-don-de-la-rose.jpeg","contentUrl":"https:\/\/blog.holyart.it\/fr\/wp-content\/uploads\/sites\/14\/2022\/05\/La-devotion-de-Padre-Pio-a-Notre-Dame-de-Pompei-et-le-don-de-la-rose.jpeg","width":1069,"height":667,"caption":"La devotion de Padre Pio a Notre-Dame de Pompei et le don de la rose"},{"@type":"BreadcrumbList","@id":"https:\/\/blog.holyart.it\/fr\/articles-religieux\/la-devotion-de-padre-pio-a-notre-dame-de-pompei-et-le-don-de-la-rose\/#breadcrumb","itemListElement":[{"@type":"ListItem","position":1,"name":"Homepage","item":"https:\/\/blog.holyart.it\/fr\/"},{"@type":"ListItem","position":2,"name":"Religion","item":"https:\/\/blog.holyart.it\/fr\/articles-religieux\/"},{"@type":"ListItem","position":3,"name":"La d\u00e9votion de Padre Pio \u00e0 Notre-Dame de Pomp\u00e9i et le don de la rose"}]},{"@type":"WebSite","@id":"https:\/\/blog.holyart.it\/fr\/#website","url":"https:\/\/blog.holyart.it\/fr\/","name":"Holyart.fr Blog","description":"Holyblog","publisher":{"@id":"https:\/\/blog.holyart.it\/fr\/#organization"},"potentialAction":[{"@type":"SearchAction","target":{"@type":"EntryPoint","urlTemplate":"https:\/\/blog.holyart.it\/fr\/?s={search_term_string}"},"query-input":{"@type":"PropertyValueSpecification","valueRequired":true,"valueName":"search_term_string"}}],"inLanguage":"fr-FR"},{"@type":"Organization","@id":"https:\/\/blog.holyart.it\/fr\/#organization","name":"Holyart.fr Blog","url":"https:\/\/blog.holyart.it\/fr\/","logo":{"@type":"ImageObject","inLanguage":"fr-FR","@id":"https:\/\/blog.holyart.it\/fr\/#\/schema\/logo\/image\/","url":"https:\/\/blog.holyart.it\/fr\/wp-content\/uploads\/sites\/14\/2022\/12\/Holyart_Blog_Logo.jpg","contentUrl":"https:\/\/blog.holyart.it\/fr\/wp-content\/uploads\/sites\/14\/2022\/12\/Holyart_Blog_Logo.jpg","width":300,"height":50,"caption":"Holyart.fr Blog"},"image":{"@id":"https:\/\/blog.holyart.it\/fr\/#\/schema\/logo\/image\/"}},{"@type":"Person","@id":"https:\/\/blog.holyart.it\/fr\/#\/schema\/person\/0a7b686e5af0f856ec1e390dd0baecda","name":"Redazione","image":{"@type":"ImageObject","inLanguage":"fr-FR","@id":"https:\/\/blog.holyart.it\/fr\/#\/schema\/person\/image\/","url":"https:\/\/secure.gravatar.com\/avatar\/f477da817f43e50d0af36abecd33e3edf826c68299714bdc1057dff3b113f516?s=96&d=mm&r=g","contentUrl":"https:\/\/secure.gravatar.com\/avatar\/f477da817f43e50d0af36abecd33e3edf826c68299714bdc1057dff3b113f516?s=96&d=mm&r=g","caption":"Redazione"},"url":"https:\/\/blog.holyart.it\/fr\/author\/admin\/"}]}},"_links":{"self":[{"href":"https:\/\/blog.holyart.it\/fr\/wp-json\/wp\/v2\/posts\/4572","targetHints":{"allow":["GET"]}}],"collection":[{"href":"https:\/\/blog.holyart.it\/fr\/wp-json\/wp\/v2\/posts"}],"about":[{"href":"https:\/\/blog.holyart.it\/fr\/wp-json\/wp\/v2\/types\/post"}],"author":[{"embeddable":true,"href":"https:\/\/blog.holyart.it\/fr\/wp-json\/wp\/v2\/users\/1"}],"replies":[{"embeddable":true,"href":"https:\/\/blog.holyart.it\/fr\/wp-json\/wp\/v2\/comments?post=4572"}],"version-history":[{"count":1,"href":"https:\/\/blog.holyart.it\/fr\/wp-json\/wp\/v2\/posts\/4572\/revisions"}],"predecessor-version":[{"id":6261,"href":"https:\/\/blog.holyart.it\/fr\/wp-json\/wp\/v2\/posts\/4572\/revisions\/6261"}],"wp:featuredmedia":[{"embeddable":true,"href":"https:\/\/blog.holyart.it\/fr\/wp-json\/wp\/v2\/media\/4573"}],"wp:attachment":[{"href":"https:\/\/blog.holyart.it\/fr\/wp-json\/wp\/v2\/media?parent=4572"}],"wp:term":[{"taxonomy":"category","embeddable":true,"href":"https:\/\/blog.holyart.it\/fr\/wp-json\/wp\/v2\/categories?post=4572"},{"taxonomy":"post_tag","embeddable":true,"href":"https:\/\/blog.holyart.it\/fr\/wp-json\/wp\/v2\/tags?post=4572"}],"curies":[{"name":"wp","href":"https:\/\/api.w.org\/{rel}","templated":true}]}}