{"id":45,"date":"2016-05-30T17:39:53","date_gmt":"2016-05-30T15:39:53","guid":{"rendered":"https:\/\/blog.holyart.it\/fr\/?p=45"},"modified":"2016-09-30T12:57:28","modified_gmt":"2016-09-30T10:57:28","slug":"ornements-liturgiques","status":"publish","type":"post","link":"https:\/\/blog.holyart.it\/fr\/accessoires-pour-la-liturgie\/ornements-liturgiques\/","title":{"rendered":"Les ornements liturgiques"},"content":{"rendered":"<p>Par <strong><a title=\"Ornements\u00a0Liturgiques\" href=\"http:\/\/www.holyart.fr\/accessoires-pour-la-liturgie\/vetements-liturgiques-et-linges-dautel\">Ornements\u00a0Liturgiques<\/a><\/strong> ou <strong>V\u00eatements\u00a0<\/strong><strong>Liturgiques<\/strong> on entend tous les v\u00eatements et linges utilis\u00e9s par les repr\u00e9sentants du clerg\u00e9, les ornements utilis\u00e9s pendant les services religieux, mais \u00e9galement les v\u00eatements informels et le linge d\u2019autel.<\/p>\n<p>La formule <strong>Ornements\u00a0<\/strong><strong>liturgique<\/strong> a remplac\u00e9 dans le temps celle de <strong>V\u00eatement religieux<\/strong>, surtout apr\u00e8s la R\u00e9forme liturgique.<\/p>\n<p>La tenue rev\u00eat un r\u00f4le tr\u00e8s important dans la Liturgie, v\u00e9ritable moment de f\u00eate, c\u00e9l\u00e9bration de la rencontre avec le Dieu vivant. Les croyants se r\u00e9unissent afin de f\u00eater la R\u00e9surrection du Christ et de rappeler son sacrifice. Les <strong>ornements liturgiques<\/strong>, tout comme les symboles et les gestes qui composent la c\u00e9r\u00e9monie, symbolisent la d\u00e9votion et la joie de ceux qui sont appel\u00e9s \u00e0 prendre part \u00e0 cet acte de foi et d\u2019amour. C\u2019est une f\u00eate et aux f\u00eates il faut avoir une tenue ad\u00e9quate.<\/p>\n<p>Depuis les temps anciens, il \u00e9tait demand\u00e9 aux c\u00e9l\u00e9brants de porter des habits sp\u00e9ciaux, r\u00e9serv\u00e9s aux c\u00e9r\u00e9monies. Le choix de ne pas utiliser des <strong>v\u00eatements ordinaires<\/strong>, associ\u00e9s \u00e0 la vie de tous les jours, mais plut\u00f4t des <strong>v\u00eatements sacerdotaux<\/strong> ad\u00e9quats symbolisait un d\u00e9tachement de la r\u00e9alit\u00e9, une volont\u00e9 d\u2019en transcender la mati\u00e8re et les limites.<\/p>\n<p>En outre, les <strong>ornements liturgiques<\/strong> annulaient l\u2019individualit\u00e9 du c\u00e9l\u00e9brant, ils le d\u00e9personnalisaient en faisant de lui une sorte de r\u00e9ceptacle pour la personne du Christ, pur instrument de sa volont\u00e9.<\/p>\n<p>Les <strong>V\u00eatements liturgiques<\/strong> comprennent : les chasubles, les \u00e9toles liturgiques, les chasubles romanes (ou chasubles cloche, p\u00e6nula en latin) et les aubes, les chapes et les dalmatiques, les nappes et le linge d\u2019autel (corporal, pale, manuterge, purificatoire), les voiles de lutrin. La plupart des <strong>ornements liturgiques<\/strong> sont disponibles dans diff\u00e9rentes couleurs en fonction de la p\u00e9riode de l\u2019ann\u00e9e liturgique.<\/p>\n<p>Les <strong>v\u00eatements liturgiques<\/strong> sont souvent r\u00e9alis\u00e9s avec des mat\u00e9riaux pr\u00e9cieux, brod\u00e9s \u00e0 la main, comme il le convient pour des habits pr\u00e9cieux, destin\u00e9s \u00e0 la plus belle des F\u00eates.<\/p>\n<p>Les d\u00e9cors et les ornements qui enrichissent les <strong>v\u00eatements liturgiques<\/strong> indiquent souvent le grade religieux de la personne qui les portent et ils en caract\u00e9risent le r\u00f4le.Dans cette optique symbolique \u00e9galement les <strong>ornements liturgiques<\/strong> sont fondamentaux dans chaque c\u00e9r\u00e9monie.<\/p>\n<p>Des pri\u00e8res sp\u00e9cifiques accompagnent l\u2019habillement et la dispositions des <strong>ornements liturgiques<\/strong>, aidant le c\u00e9l\u00e9brant \u00e0 se recueillir et \u00e0 se pr\u00e9parer au mieux avant la c\u00e9l\u00e9bration.<\/p>\n","protected":false},"excerpt":{"rendered":"<p>Par Ornements\u00a0Liturgiques ou V\u00eatements\u00a0Liturgiques on entend tous les v\u00eatements et linges utilis\u00e9s par les repr\u00e9sentants du clerg\u00e9, les ornements utilis\u00e9s pendant les services religieux, mais \u00e9galement les v\u00eatements informels et le linge d\u2019autel. La formule Ornements\u00a0liturgique a remplac\u00e9 dans le temps celle de V\u00eatement religieux,&hellip;<\/p>\n","protected":false},"author":1,"featured_media":50,"comment_status":"closed","ping_status":"open","sticky":false,"template":"","format":"standard","meta":{"_acf_changed":false,"footnotes":""},"categories":[4],"tags":[],"class_list":["post-45","post","type-post","status-publish","format-standard","has-post-thumbnail","hentry","category-accessoires-pour-la-liturgie"],"acf":[],"yoast_head":"<!-- This site is optimized with the Yoast SEO plugin v26.6 - https:\/\/yoast.com\/wordpress\/plugins\/seo\/ -->\n<title>Les ornements liturgiques - Holyart.fr Blog<\/title>\n<meta name=\"description\" content=\"Par Ornements Liturgiques on entend tous les v\u00eatements et linges utilis\u00e9s par les repr\u00e9sentants du clerg\u00e9 mais \u00e9galement les v\u00eatements informels...\" \/>\n<meta name=\"robots\" content=\"index, follow, max-snippet:-1, max-image-preview:large, max-video-preview:-1\" \/>\n<link rel=\"canonical\" href=\"https:\/\/blog.holyart.it\/fr\/accessoires-pour-la-liturgie\/ornements-liturgiques\/\" \/>\n<meta property=\"og:locale\" content=\"fr_FR\" \/>\n<meta property=\"og:type\" content=\"article\" \/>\n<meta property=\"og:title\" content=\"Les ornements liturgiques - Holyart.fr Blog\" \/>\n<meta property=\"og:description\" content=\"Par Ornements Liturgiques on entend tous les v\u00eatements et linges utilis\u00e9s par les repr\u00e9sentants du clerg\u00e9 mais \u00e9galement les v\u00eatements informels...\" \/>\n<meta property=\"og:url\" content=\"https:\/\/blog.holyart.it\/fr\/accessoires-pour-la-liturgie\/ornements-liturgiques\/\" \/>\n<meta property=\"og:site_name\" content=\"Holyart.fr Blog\" \/>\n<meta property=\"article:published_time\" content=\"2016-05-30T15:39:53+00:00\" \/>\n<meta property=\"article:modified_time\" content=\"2016-09-30T10:57:28+00:00\" \/>\n<meta property=\"og:image\" content=\"https:\/\/blog.holyart.it\/fr\/wp-content\/uploads\/sites\/14\/2016\/05\/v\u00eatements-liturgiques-header.jpg\" \/>\n\t<meta property=\"og:image:width\" content=\"1000\" \/>\n\t<meta property=\"og:image:height\" content=\"667\" \/>\n\t<meta property=\"og:image:type\" content=\"image\/jpeg\" \/>\n<meta name=\"author\" content=\"Redazione\" \/>\n<meta name=\"twitter:card\" content=\"summary_large_image\" \/>\n<meta name=\"twitter:label1\" content=\"\u00c9crit par\" \/>\n\t<meta name=\"twitter:data1\" content=\"Redazione\" \/>\n\t<meta name=\"twitter:label2\" content=\"Dur\u00e9e de lecture estim\u00e9e\" \/>\n\t<meta name=\"twitter:data2\" content=\"2 minutes\" \/>\n<script type=\"application\/ld+json\" class=\"yoast-schema-graph\">{\"@context\":\"https:\/\/schema.org\",\"@graph\":[{\"@type\":\"Article\",\"@id\":\"https:\/\/blog.holyart.it\/fr\/accessoires-pour-la-liturgie\/ornements-liturgiques\/#article\",\"isPartOf\":{\"@id\":\"https:\/\/blog.holyart.it\/fr\/accessoires-pour-la-liturgie\/ornements-liturgiques\/\"},\"author\":{\"name\":\"Redazione\",\"@id\":\"https:\/\/blog.holyart.it\/fr\/#\/schema\/person\/0a7b686e5af0f856ec1e390dd0baecda\"},\"headline\":\"Les ornements liturgiques\",\"datePublished\":\"2016-05-30T15:39:53+00:00\",\"dateModified\":\"2016-09-30T10:57:28+00:00\",\"mainEntityOfPage\":{\"@id\":\"https:\/\/blog.holyart.it\/fr\/accessoires-pour-la-liturgie\/ornements-liturgiques\/\"},\"wordCount\":452,\"publisher\":{\"@id\":\"https:\/\/blog.holyart.it\/fr\/#organization\"},\"image\":{\"@id\":\"https:\/\/blog.holyart.it\/fr\/accessoires-pour-la-liturgie\/ornements-liturgiques\/#primaryimage\"},\"thumbnailUrl\":\"https:\/\/blog.holyart.it\/fr\/wp-content\/uploads\/sites\/14\/2016\/05\/v\u00eatements-liturgiques-header.jpg\",\"articleSection\":[\"Liturgie\"],\"inLanguage\":\"fr-FR\"},{\"@type\":\"WebPage\",\"@id\":\"https:\/\/blog.holyart.it\/fr\/accessoires-pour-la-liturgie\/ornements-liturgiques\/\",\"url\":\"https:\/\/blog.holyart.it\/fr\/accessoires-pour-la-liturgie\/ornements-liturgiques\/\",\"name\":\"Les ornements liturgiques - Holyart.fr Blog\",\"isPartOf\":{\"@id\":\"https:\/\/blog.holyart.it\/fr\/#website\"},\"primaryImageOfPage\":{\"@id\":\"https:\/\/blog.holyart.it\/fr\/accessoires-pour-la-liturgie\/ornements-liturgiques\/#primaryimage\"},\"image\":{\"@id\":\"https:\/\/blog.holyart.it\/fr\/accessoires-pour-la-liturgie\/ornements-liturgiques\/#primaryimage\"},\"thumbnailUrl\":\"https:\/\/blog.holyart.it\/fr\/wp-content\/uploads\/sites\/14\/2016\/05\/v\u00eatements-liturgiques-header.jpg\",\"datePublished\":\"2016-05-30T15:39:53+00:00\",\"dateModified\":\"2016-09-30T10:57:28+00:00\",\"description\":\"Par Ornements Liturgiques on entend tous les v\u00eatements et linges utilis\u00e9s par les repr\u00e9sentants du clerg\u00e9 mais \u00e9galement les v\u00eatements informels...\",\"breadcrumb\":{\"@id\":\"https:\/\/blog.holyart.it\/fr\/accessoires-pour-la-liturgie\/ornements-liturgiques\/#breadcrumb\"},\"inLanguage\":\"fr-FR\",\"potentialAction\":[{\"@type\":\"ReadAction\",\"target\":[\"https:\/\/blog.holyart.it\/fr\/accessoires-pour-la-liturgie\/ornements-liturgiques\/\"]}]},{\"@type\":\"ImageObject\",\"inLanguage\":\"fr-FR\",\"@id\":\"https:\/\/blog.holyart.it\/fr\/accessoires-pour-la-liturgie\/ornements-liturgiques\/#primaryimage\",\"url\":\"https:\/\/blog.holyart.it\/fr\/wp-content\/uploads\/sites\/14\/2016\/05\/v\u00eatements-liturgiques-header.jpg\",\"contentUrl\":\"https:\/\/blog.holyart.it\/fr\/wp-content\/uploads\/sites\/14\/2016\/05\/v\u00eatements-liturgiques-header.jpg\",\"width\":1000,\"height\":667,\"caption\":\"V\u00eatements liturgiques\"},{\"@type\":\"BreadcrumbList\",\"@id\":\"https:\/\/blog.holyart.it\/fr\/accessoires-pour-la-liturgie\/ornements-liturgiques\/#breadcrumb\",\"itemListElement\":[{\"@type\":\"ListItem\",\"position\":1,\"name\":\"Homepage\",\"item\":\"https:\/\/blog.holyart.it\/fr\/\"},{\"@type\":\"ListItem\",\"position\":2,\"name\":\"Liturgie\",\"item\":\"https:\/\/blog.holyart.it\/fr\/accessoires-pour-la-liturgie\/\"},{\"@type\":\"ListItem\",\"position\":3,\"name\":\"Les ornements liturgiques\"}]},{\"@type\":\"WebSite\",\"@id\":\"https:\/\/blog.holyart.it\/fr\/#website\",\"url\":\"https:\/\/blog.holyart.it\/fr\/\",\"name\":\"Holyart.fr Blog\",\"description\":\"Holyblog\",\"publisher\":{\"@id\":\"https:\/\/blog.holyart.it\/fr\/#organization\"},\"potentialAction\":[{\"@type\":\"SearchAction\",\"target\":{\"@type\":\"EntryPoint\",\"urlTemplate\":\"https:\/\/blog.holyart.it\/fr\/?s={search_term_string}\"},\"query-input\":{\"@type\":\"PropertyValueSpecification\",\"valueRequired\":true,\"valueName\":\"search_term_string\"}}],\"inLanguage\":\"fr-FR\"},{\"@type\":\"Organization\",\"@id\":\"https:\/\/blog.holyart.it\/fr\/#organization\",\"name\":\"Holyart.fr Blog\",\"url\":\"https:\/\/blog.holyart.it\/fr\/\",\"logo\":{\"@type\":\"ImageObject\",\"inLanguage\":\"fr-FR\",\"@id\":\"https:\/\/blog.holyart.it\/fr\/#\/schema\/logo\/image\/\",\"url\":\"https:\/\/blog.holyart.it\/fr\/wp-content\/uploads\/sites\/14\/2022\/12\/Holyart_Blog_Logo.jpg\",\"contentUrl\":\"https:\/\/blog.holyart.it\/fr\/wp-content\/uploads\/sites\/14\/2022\/12\/Holyart_Blog_Logo.jpg\",\"width\":300,\"height\":50,\"caption\":\"Holyart.fr Blog\"},\"image\":{\"@id\":\"https:\/\/blog.holyart.it\/fr\/#\/schema\/logo\/image\/\"}},{\"@type\":\"Person\",\"@id\":\"https:\/\/blog.holyart.it\/fr\/#\/schema\/person\/0a7b686e5af0f856ec1e390dd0baecda\",\"name\":\"Redazione\",\"image\":{\"@type\":\"ImageObject\",\"inLanguage\":\"fr-FR\",\"@id\":\"https:\/\/blog.holyart.it\/fr\/#\/schema\/person\/image\/\",\"url\":\"https:\/\/secure.gravatar.com\/avatar\/f477da817f43e50d0af36abecd33e3edf826c68299714bdc1057dff3b113f516?s=96&d=mm&r=g\",\"contentUrl\":\"https:\/\/secure.gravatar.com\/avatar\/f477da817f43e50d0af36abecd33e3edf826c68299714bdc1057dff3b113f516?s=96&d=mm&r=g\",\"caption\":\"Redazione\"},\"url\":\"https:\/\/blog.holyart.it\/fr\/author\/admin\/\"}]}<\/script>\n<!-- \/ Yoast SEO plugin. -->","yoast_head_json":{"title":"Les ornements liturgiques - Holyart.fr Blog","description":"Par Ornements Liturgiques on entend tous les v\u00eatements et linges utilis\u00e9s par les repr\u00e9sentants du clerg\u00e9 mais \u00e9galement les v\u00eatements informels...","robots":{"index":"index","follow":"follow","max-snippet":"max-snippet:-1","max-image-preview":"max-image-preview:large","max-video-preview":"max-video-preview:-1"},"canonical":"https:\/\/blog.holyart.it\/fr\/accessoires-pour-la-liturgie\/ornements-liturgiques\/","og_locale":"fr_FR","og_type":"article","og_title":"Les ornements liturgiques - Holyart.fr Blog","og_description":"Par Ornements Liturgiques on entend tous les v\u00eatements et linges utilis\u00e9s par les repr\u00e9sentants du clerg\u00e9 mais \u00e9galement les v\u00eatements informels...","og_url":"https:\/\/blog.holyart.it\/fr\/accessoires-pour-la-liturgie\/ornements-liturgiques\/","og_site_name":"Holyart.fr Blog","article_published_time":"2016-05-30T15:39:53+00:00","article_modified_time":"2016-09-30T10:57:28+00:00","og_image":[{"width":1000,"height":667,"url":"https:\/\/blog.holyart.it\/fr\/wp-content\/uploads\/sites\/14\/2016\/05\/v\u00eatements-liturgiques-header.jpg","type":"image\/jpeg"}],"author":"Redazione","twitter_card":"summary_large_image","twitter_misc":{"\u00c9crit par":"Redazione","Dur\u00e9e de lecture estim\u00e9e":"2 minutes"},"schema":{"@context":"https:\/\/schema.org","@graph":[{"@type":"Article","@id":"https:\/\/blog.holyart.it\/fr\/accessoires-pour-la-liturgie\/ornements-liturgiques\/#article","isPartOf":{"@id":"https:\/\/blog.holyart.it\/fr\/accessoires-pour-la-liturgie\/ornements-liturgiques\/"},"author":{"name":"Redazione","@id":"https:\/\/blog.holyart.it\/fr\/#\/schema\/person\/0a7b686e5af0f856ec1e390dd0baecda"},"headline":"Les ornements liturgiques","datePublished":"2016-05-30T15:39:53+00:00","dateModified":"2016-09-30T10:57:28+00:00","mainEntityOfPage":{"@id":"https:\/\/blog.holyart.it\/fr\/accessoires-pour-la-liturgie\/ornements-liturgiques\/"},"wordCount":452,"publisher":{"@id":"https:\/\/blog.holyart.it\/fr\/#organization"},"image":{"@id":"https:\/\/blog.holyart.it\/fr\/accessoires-pour-la-liturgie\/ornements-liturgiques\/#primaryimage"},"thumbnailUrl":"https:\/\/blog.holyart.it\/fr\/wp-content\/uploads\/sites\/14\/2016\/05\/v\u00eatements-liturgiques-header.jpg","articleSection":["Liturgie"],"inLanguage":"fr-FR"},{"@type":"WebPage","@id":"https:\/\/blog.holyart.it\/fr\/accessoires-pour-la-liturgie\/ornements-liturgiques\/","url":"https:\/\/blog.holyart.it\/fr\/accessoires-pour-la-liturgie\/ornements-liturgiques\/","name":"Les ornements liturgiques - Holyart.fr Blog","isPartOf":{"@id":"https:\/\/blog.holyart.it\/fr\/#website"},"primaryImageOfPage":{"@id":"https:\/\/blog.holyart.it\/fr\/accessoires-pour-la-liturgie\/ornements-liturgiques\/#primaryimage"},"image":{"@id":"https:\/\/blog.holyart.it\/fr\/accessoires-pour-la-liturgie\/ornements-liturgiques\/#primaryimage"},"thumbnailUrl":"https:\/\/blog.holyart.it\/fr\/wp-content\/uploads\/sites\/14\/2016\/05\/v\u00eatements-liturgiques-header.jpg","datePublished":"2016-05-30T15:39:53+00:00","dateModified":"2016-09-30T10:57:28+00:00","description":"Par Ornements Liturgiques on entend tous les v\u00eatements et linges utilis\u00e9s par les repr\u00e9sentants du clerg\u00e9 mais \u00e9galement les v\u00eatements informels...","breadcrumb":{"@id":"https:\/\/blog.holyart.it\/fr\/accessoires-pour-la-liturgie\/ornements-liturgiques\/#breadcrumb"},"inLanguage":"fr-FR","potentialAction":[{"@type":"ReadAction","target":["https:\/\/blog.holyart.it\/fr\/accessoires-pour-la-liturgie\/ornements-liturgiques\/"]}]},{"@type":"ImageObject","inLanguage":"fr-FR","@id":"https:\/\/blog.holyart.it\/fr\/accessoires-pour-la-liturgie\/ornements-liturgiques\/#primaryimage","url":"https:\/\/blog.holyart.it\/fr\/wp-content\/uploads\/sites\/14\/2016\/05\/v\u00eatements-liturgiques-header.jpg","contentUrl":"https:\/\/blog.holyart.it\/fr\/wp-content\/uploads\/sites\/14\/2016\/05\/v\u00eatements-liturgiques-header.jpg","width":1000,"height":667,"caption":"V\u00eatements liturgiques"},{"@type":"BreadcrumbList","@id":"https:\/\/blog.holyart.it\/fr\/accessoires-pour-la-liturgie\/ornements-liturgiques\/#breadcrumb","itemListElement":[{"@type":"ListItem","position":1,"name":"Homepage","item":"https:\/\/blog.holyart.it\/fr\/"},{"@type":"ListItem","position":2,"name":"Liturgie","item":"https:\/\/blog.holyart.it\/fr\/accessoires-pour-la-liturgie\/"},{"@type":"ListItem","position":3,"name":"Les ornements liturgiques"}]},{"@type":"WebSite","@id":"https:\/\/blog.holyart.it\/fr\/#website","url":"https:\/\/blog.holyart.it\/fr\/","name":"Holyart.fr Blog","description":"Holyblog","publisher":{"@id":"https:\/\/blog.holyart.it\/fr\/#organization"},"potentialAction":[{"@type":"SearchAction","target":{"@type":"EntryPoint","urlTemplate":"https:\/\/blog.holyart.it\/fr\/?s={search_term_string}"},"query-input":{"@type":"PropertyValueSpecification","valueRequired":true,"valueName":"search_term_string"}}],"inLanguage":"fr-FR"},{"@type":"Organization","@id":"https:\/\/blog.holyart.it\/fr\/#organization","name":"Holyart.fr Blog","url":"https:\/\/blog.holyart.it\/fr\/","logo":{"@type":"ImageObject","inLanguage":"fr-FR","@id":"https:\/\/blog.holyart.it\/fr\/#\/schema\/logo\/image\/","url":"https:\/\/blog.holyart.it\/fr\/wp-content\/uploads\/sites\/14\/2022\/12\/Holyart_Blog_Logo.jpg","contentUrl":"https:\/\/blog.holyart.it\/fr\/wp-content\/uploads\/sites\/14\/2022\/12\/Holyart_Blog_Logo.jpg","width":300,"height":50,"caption":"Holyart.fr Blog"},"image":{"@id":"https:\/\/blog.holyart.it\/fr\/#\/schema\/logo\/image\/"}},{"@type":"Person","@id":"https:\/\/blog.holyart.it\/fr\/#\/schema\/person\/0a7b686e5af0f856ec1e390dd0baecda","name":"Redazione","image":{"@type":"ImageObject","inLanguage":"fr-FR","@id":"https:\/\/blog.holyart.it\/fr\/#\/schema\/person\/image\/","url":"https:\/\/secure.gravatar.com\/avatar\/f477da817f43e50d0af36abecd33e3edf826c68299714bdc1057dff3b113f516?s=96&d=mm&r=g","contentUrl":"https:\/\/secure.gravatar.com\/avatar\/f477da817f43e50d0af36abecd33e3edf826c68299714bdc1057dff3b113f516?s=96&d=mm&r=g","caption":"Redazione"},"url":"https:\/\/blog.holyart.it\/fr\/author\/admin\/"}]}},"_links":{"self":[{"href":"https:\/\/blog.holyart.it\/fr\/wp-json\/wp\/v2\/posts\/45","targetHints":{"allow":["GET"]}}],"collection":[{"href":"https:\/\/blog.holyart.it\/fr\/wp-json\/wp\/v2\/posts"}],"about":[{"href":"https:\/\/blog.holyart.it\/fr\/wp-json\/wp\/v2\/types\/post"}],"author":[{"embeddable":true,"href":"https:\/\/blog.holyart.it\/fr\/wp-json\/wp\/v2\/users\/1"}],"replies":[{"embeddable":true,"href":"https:\/\/blog.holyart.it\/fr\/wp-json\/wp\/v2\/comments?post=45"}],"version-history":[{"count":0,"href":"https:\/\/blog.holyart.it\/fr\/wp-json\/wp\/v2\/posts\/45\/revisions"}],"wp:featuredmedia":[{"embeddable":true,"href":"https:\/\/blog.holyart.it\/fr\/wp-json\/wp\/v2\/media\/50"}],"wp:attachment":[{"href":"https:\/\/blog.holyart.it\/fr\/wp-json\/wp\/v2\/media?parent=45"}],"wp:term":[{"taxonomy":"category","embeddable":true,"href":"https:\/\/blog.holyart.it\/fr\/wp-json\/wp\/v2\/categories?post=45"},{"taxonomy":"post_tag","embeddable":true,"href":"https:\/\/blog.holyart.it\/fr\/wp-json\/wp\/v2\/tags?post=45"}],"curies":[{"name":"wp","href":"https:\/\/api.w.org\/{rel}","templated":true}]}}