{"id":448,"date":"2017-08-23T11:34:16","date_gmt":"2017-08-23T09:34:16","guid":{"rendered":"https:\/\/blog.holyart.it\/fr\/?p=448"},"modified":"2019-06-20T15:31:46","modified_gmt":"2019-06-20T13:31:46","slug":"pape-jean-paul-ii-10-anedoctes-ne-connaissez-etre","status":"publish","type":"post","link":"https:\/\/blog.holyart.it\/fr\/saints-et-bienheureux\/pape-jean-paul-ii-10-anedoctes-ne-connaissez-etre\/","title":{"rendered":"Pape Jean-Paul II : 10 anedoctes que vous ne connaissez peut-\u00eatre pas"},"content":{"rendered":"<p><a href=\"https:\/\/www.holyart.fr\/occasions-speciales\/jean-paul-ii\"><strong><span style=\"color: #0000ff;\">Pape Jean-Paul II<\/span><\/strong>,<\/a> ou Pape Wojtyla, avec son pontificat a marqu\u00e9 l\u2019histoire du XX si\u00e8cle. Il a r\u00e9gi le sort de l\u2019\u00c9glise pendant 27 ans, en instaurant des rapports avec rois et chefs d\u2019\u00e9tat, en participant aux \u00e9v\u00e9nements les plus significatifs de notre \u00e8re avec une pr\u00e9sence constante et infatigable, m\u00eame quand son \u00e9tat de sant\u00e9 ne le lui auraient pas permis. Un homme passionn\u00e9, amoureux de la vie, proche des jeunes comme peut-\u00eatre aucun autre pape avant lui.<\/p>\n<p>Mais aujourd\u2019hui nous souhaitons parler de sa sanctification pr\u00e9coce, de ses actes mis\u00e9ricordieux, de sa profonde humanit\u00e9, de sa joie de vivre contagieuse et admirable. Il y a peut-\u00eatre quelques petites anecdotes sur lui que vous ne connaissent pas encore.<\/p>\n<ol>\n<li><strong>Jean-Paul II a \u00e9t\u00e9 le premier<\/strong> <strong>Pape non italien apr\u00e8s 400 ans.<\/strong> D\u00e8s son \u00e9lection, il se montra au balcon de Place Saint Pierre et, afin de justifier sa connaissance imparfaite de la langue, il pronon\u00e7a la c\u00e9l\u00e8bre phrase : \u00ab\u00a0\u2026et si je me trompe, vous me <em>corigeriez<\/em>\u00bb.<\/li>\n<li><strong>Il fut le premier Pape apr\u00e8s Saint Pierre \u00e0 franchir le seuil d\u2019une synagogue<\/strong>. Jean-Paul II eut toujours un rapport sp\u00e9cial avec les h\u00e9breux.<\/li>\n<li><strong>Jean-Paul II \u00e9tait toujours en mouvement.<\/strong> Il a voyag\u00e9 plus que tous les papes avant lui mis ensemble\u00a0! Des voyages officiels dans 129 pays de par le monde, mais aussi des sorties secr\u00e8tes, pour s\u2019octroyer quelques moments de rel\u00e2che et de solitude.<\/li>\n<li>Toujours concernant ses voyages, <strong>il a re\u00e7u la nomination de Globetrotter honoraire.<\/strong> Les Globetrotters ont \u00e9t\u00e9 promoteurs \u00e0 la fin du XIX si\u00e8cle d\u2019une nouvelle forme de voyage avec des moyens improvis\u00e9s et aventureux.<\/li>\n<li>Sa passion pour le sport, en particulier pour l\u2019alpinisme, le ski et la natation, lui a valu <strong>son surnom de \u00ab\u00a0athl\u00e8te de Dieu\u00a0\u00bb.<\/strong><\/li>\n<li>Il a \u00e9t\u00e9 le premier Pape dont le visage est apparu sur un billet de banque. C\u2019est arriv\u00e9 en Pologne, o\u00f9 en 2006 il apparait sur les 50 zloty.<\/li>\n<li>Pendant son pontificat,<strong> il a ex\u00e9cut\u00e9 1338 b\u00e9atifications et 482 sanctifications<\/strong>, un v\u00e9ritable record jamais atteint par ses pr\u00e9d\u00e9cesseurs.<\/li>\n<li><strong>Les Journ\u00e9es Mondiales de la Jeunesse, cr\u00e9es par lui en 1985, ont atteint les 5 millions de participant en 1995 \u00e0 Manille.<\/strong> La plus c\u00e9l\u00e8bre fut par contre celle de Rome \u00e0 l\u2019occasion du Jubil\u00e9 de 2000, quand la presse inventa le mot \u00ab\u00a0papaboys\u00a0\u00bb pour indiquer les 2 millions de jeunes accourus dans l\u2019esplanade de Tor Vergata pour acclamer le Pape.<\/li>\n<li><strong>Jean-Paul II a demand\u00e9 pardon pour les actes de cruaut\u00e9 et les barbaries accomplis par l\u2019\u00c9glise catholique au cours des si\u00e8cles,<\/strong> comme la pers\u00e9cution des protestants, la participation \u00e0 la traite des esclaves africains et la pers\u00e9cution de l\u2019astronome Galil\u00e9e.<\/li>\n<li><strong>Jean-Paul II apparait parmi les 10 personnes les plus importantes et admir\u00e9es du XX si\u00e8cles<\/strong> selon la classification Citizen de Gallup, soci\u00e9t\u00e9 am\u00e9ricain sp\u00e9cialis\u00e9e dans la recherche sociod\u00e9mographique mondiale.<\/li>\n<\/ol>\n<p>&nbsp;<\/p>\n","protected":false},"excerpt":{"rendered":"<p>Pape Jean-Paul II, ou Pape Wojtyla, avec son pontificat a marqu\u00e9 l\u2019histoire du XX si\u00e8cle. Il a r\u00e9gi le sort de l\u2019\u00c9glise pendant 27 ans, en instaurant des rapports avec rois et chefs d\u2019\u00e9tat, en participant aux \u00e9v\u00e9nements les plus significatifs de notre \u00e8re avec&hellip;<\/p>\n","protected":false},"author":1,"featured_media":450,"comment_status":"closed","ping_status":"open","sticky":false,"template":"","format":"standard","meta":{"_acf_changed":false,"footnotes":""},"categories":[7],"tags":[],"class_list":["post-448","post","type-post","status-publish","format-standard","has-post-thumbnail","hentry","category-saints-et-bienheureux"],"acf":[],"yoast_head":"<!-- This site is optimized with the Yoast SEO plugin v26.6 - https:\/\/yoast.com\/wordpress\/plugins\/seo\/ -->\n<title>Pape Jean-Paul II : 10 anedoctes - Holyblog<\/title>\n<meta name=\"description\" content=\"Pape Jean-Paul II, ou Pape Wojtyla, avec son pontificat a marqu\u00e9 l\u2019histoire du XX si\u00e8cle. pour 27 ans, a participant aux \u00e9v\u00e9nements plus significatifs.\" \/>\n<meta name=\"robots\" content=\"index, follow, max-snippet:-1, max-image-preview:large, max-video-preview:-1\" \/>\n<link rel=\"canonical\" href=\"https:\/\/blog.holyart.it\/fr\/saints-et-bienheureux\/pape-jean-paul-ii-10-anedoctes-ne-connaissez-etre\/\" \/>\n<meta property=\"og:locale\" content=\"fr_FR\" \/>\n<meta property=\"og:type\" content=\"article\" \/>\n<meta property=\"og:title\" content=\"Pape Jean-Paul II : 10 anedoctes - Holyblog\" \/>\n<meta property=\"og:description\" content=\"Pape Jean-Paul II, ou Pape Wojtyla, avec son pontificat a marqu\u00e9 l\u2019histoire du XX si\u00e8cle. pour 27 ans, a participant aux \u00e9v\u00e9nements plus significatifs.\" \/>\n<meta property=\"og:url\" content=\"https:\/\/blog.holyart.it\/fr\/saints-et-bienheureux\/pape-jean-paul-ii-10-anedoctes-ne-connaissez-etre\/\" \/>\n<meta property=\"og:site_name\" content=\"Holyart.fr Blog\" \/>\n<meta property=\"article:published_time\" content=\"2017-08-23T09:34:16+00:00\" \/>\n<meta property=\"article:modified_time\" content=\"2019-06-20T13:31:46+00:00\" \/>\n<meta property=\"og:image\" content=\"https:\/\/blog.holyart.it\/fr\/wp-content\/uploads\/sites\/14\/2017\/07\/Pape-Jean-Paul-II-10-anedoctes-que-vous-ne-connaissez-peut-\u00eatre-pas.jpg\" \/>\n\t<meta property=\"og:image:width\" content=\"1000\" \/>\n\t<meta property=\"og:image:height\" content=\"666\" \/>\n\t<meta property=\"og:image:type\" content=\"image\/jpeg\" \/>\n<meta name=\"author\" content=\"Redazione\" \/>\n<meta name=\"twitter:card\" content=\"summary_large_image\" \/>\n<meta name=\"twitter:label1\" content=\"\u00c9crit par\" \/>\n\t<meta name=\"twitter:data1\" content=\"Redazione\" \/>\n\t<meta name=\"twitter:label2\" content=\"Dur\u00e9e de lecture estim\u00e9e\" \/>\n\t<meta name=\"twitter:data2\" content=\"3 minutes\" \/>\n<script type=\"application\/ld+json\" class=\"yoast-schema-graph\">{\"@context\":\"https:\/\/schema.org\",\"@graph\":[{\"@type\":\"Article\",\"@id\":\"https:\/\/blog.holyart.it\/fr\/saints-et-bienheureux\/pape-jean-paul-ii-10-anedoctes-ne-connaissez-etre\/#article\",\"isPartOf\":{\"@id\":\"https:\/\/blog.holyart.it\/fr\/saints-et-bienheureux\/pape-jean-paul-ii-10-anedoctes-ne-connaissez-etre\/\"},\"author\":{\"name\":\"Redazione\",\"@id\":\"https:\/\/blog.holyart.it\/fr\/#\/schema\/person\/0a7b686e5af0f856ec1e390dd0baecda\"},\"headline\":\"Pape Jean-Paul II : 10 anedoctes que vous ne connaissez peut-\u00eatre pas\",\"datePublished\":\"2017-08-23T09:34:16+00:00\",\"dateModified\":\"2019-06-20T13:31:46+00:00\",\"mainEntityOfPage\":{\"@id\":\"https:\/\/blog.holyart.it\/fr\/saints-et-bienheureux\/pape-jean-paul-ii-10-anedoctes-ne-connaissez-etre\/\"},\"wordCount\":517,\"publisher\":{\"@id\":\"https:\/\/blog.holyart.it\/fr\/#organization\"},\"image\":{\"@id\":\"https:\/\/blog.holyart.it\/fr\/saints-et-bienheureux\/pape-jean-paul-ii-10-anedoctes-ne-connaissez-etre\/#primaryimage\"},\"thumbnailUrl\":\"https:\/\/blog.holyart.it\/fr\/wp-content\/uploads\/sites\/14\/2017\/07\/Pape-Jean-Paul-II-10-anedoctes-que-vous-ne-connaissez-peut-\u00eatre-pas.jpg\",\"articleSection\":[\"Saints et Bienheureux\"],\"inLanguage\":\"fr-FR\"},{\"@type\":\"WebPage\",\"@id\":\"https:\/\/blog.holyart.it\/fr\/saints-et-bienheureux\/pape-jean-paul-ii-10-anedoctes-ne-connaissez-etre\/\",\"url\":\"https:\/\/blog.holyart.it\/fr\/saints-et-bienheureux\/pape-jean-paul-ii-10-anedoctes-ne-connaissez-etre\/\",\"name\":\"Pape Jean-Paul II : 10 anedoctes - Holyblog\",\"isPartOf\":{\"@id\":\"https:\/\/blog.holyart.it\/fr\/#website\"},\"primaryImageOfPage\":{\"@id\":\"https:\/\/blog.holyart.it\/fr\/saints-et-bienheureux\/pape-jean-paul-ii-10-anedoctes-ne-connaissez-etre\/#primaryimage\"},\"image\":{\"@id\":\"https:\/\/blog.holyart.it\/fr\/saints-et-bienheureux\/pape-jean-paul-ii-10-anedoctes-ne-connaissez-etre\/#primaryimage\"},\"thumbnailUrl\":\"https:\/\/blog.holyart.it\/fr\/wp-content\/uploads\/sites\/14\/2017\/07\/Pape-Jean-Paul-II-10-anedoctes-que-vous-ne-connaissez-peut-\u00eatre-pas.jpg\",\"datePublished\":\"2017-08-23T09:34:16+00:00\",\"dateModified\":\"2019-06-20T13:31:46+00:00\",\"description\":\"Pape Jean-Paul II, ou Pape Wojtyla, avec son pontificat a marqu\u00e9 l\u2019histoire du XX si\u00e8cle. pour 27 ans, a participant aux \u00e9v\u00e9nements plus significatifs.\",\"breadcrumb\":{\"@id\":\"https:\/\/blog.holyart.it\/fr\/saints-et-bienheureux\/pape-jean-paul-ii-10-anedoctes-ne-connaissez-etre\/#breadcrumb\"},\"inLanguage\":\"fr-FR\",\"potentialAction\":[{\"@type\":\"ReadAction\",\"target\":[\"https:\/\/blog.holyart.it\/fr\/saints-et-bienheureux\/pape-jean-paul-ii-10-anedoctes-ne-connaissez-etre\/\"]}]},{\"@type\":\"ImageObject\",\"inLanguage\":\"fr-FR\",\"@id\":\"https:\/\/blog.holyart.it\/fr\/saints-et-bienheureux\/pape-jean-paul-ii-10-anedoctes-ne-connaissez-etre\/#primaryimage\",\"url\":\"https:\/\/blog.holyart.it\/fr\/wp-content\/uploads\/sites\/14\/2017\/07\/Pape-Jean-Paul-II-10-anedoctes-que-vous-ne-connaissez-peut-\u00eatre-pas.jpg\",\"contentUrl\":\"https:\/\/blog.holyart.it\/fr\/wp-content\/uploads\/sites\/14\/2017\/07\/Pape-Jean-Paul-II-10-anedoctes-que-vous-ne-connaissez-peut-\u00eatre-pas.jpg\",\"width\":1000,\"height\":666,\"caption\":\"Pape Jean-Paul II anedoctes\"},{\"@type\":\"BreadcrumbList\",\"@id\":\"https:\/\/blog.holyart.it\/fr\/saints-et-bienheureux\/pape-jean-paul-ii-10-anedoctes-ne-connaissez-etre\/#breadcrumb\",\"itemListElement\":[{\"@type\":\"ListItem\",\"position\":1,\"name\":\"Homepage\",\"item\":\"https:\/\/blog.holyart.it\/fr\/\"},{\"@type\":\"ListItem\",\"position\":2,\"name\":\"Saints et Bienheureux\",\"item\":\"https:\/\/blog.holyart.it\/fr\/saints-et-bienheureux\/\"},{\"@type\":\"ListItem\",\"position\":3,\"name\":\"Pape Jean-Paul II : 10 anedoctes que vous ne connaissez peut-\u00eatre pas\"}]},{\"@type\":\"WebSite\",\"@id\":\"https:\/\/blog.holyart.it\/fr\/#website\",\"url\":\"https:\/\/blog.holyart.it\/fr\/\",\"name\":\"Holyart.fr Blog\",\"description\":\"Holyblog\",\"publisher\":{\"@id\":\"https:\/\/blog.holyart.it\/fr\/#organization\"},\"potentialAction\":[{\"@type\":\"SearchAction\",\"target\":{\"@type\":\"EntryPoint\",\"urlTemplate\":\"https:\/\/blog.holyart.it\/fr\/?s={search_term_string}\"},\"query-input\":{\"@type\":\"PropertyValueSpecification\",\"valueRequired\":true,\"valueName\":\"search_term_string\"}}],\"inLanguage\":\"fr-FR\"},{\"@type\":\"Organization\",\"@id\":\"https:\/\/blog.holyart.it\/fr\/#organization\",\"name\":\"Holyart.fr Blog\",\"url\":\"https:\/\/blog.holyart.it\/fr\/\",\"logo\":{\"@type\":\"ImageObject\",\"inLanguage\":\"fr-FR\",\"@id\":\"https:\/\/blog.holyart.it\/fr\/#\/schema\/logo\/image\/\",\"url\":\"https:\/\/blog.holyart.it\/fr\/wp-content\/uploads\/sites\/14\/2022\/12\/Holyart_Blog_Logo.jpg\",\"contentUrl\":\"https:\/\/blog.holyart.it\/fr\/wp-content\/uploads\/sites\/14\/2022\/12\/Holyart_Blog_Logo.jpg\",\"width\":300,\"height\":50,\"caption\":\"Holyart.fr Blog\"},\"image\":{\"@id\":\"https:\/\/blog.holyart.it\/fr\/#\/schema\/logo\/image\/\"}},{\"@type\":\"Person\",\"@id\":\"https:\/\/blog.holyart.it\/fr\/#\/schema\/person\/0a7b686e5af0f856ec1e390dd0baecda\",\"name\":\"Redazione\",\"image\":{\"@type\":\"ImageObject\",\"inLanguage\":\"fr-FR\",\"@id\":\"https:\/\/blog.holyart.it\/fr\/#\/schema\/person\/image\/\",\"url\":\"https:\/\/secure.gravatar.com\/avatar\/f477da817f43e50d0af36abecd33e3edf826c68299714bdc1057dff3b113f516?s=96&d=mm&r=g\",\"contentUrl\":\"https:\/\/secure.gravatar.com\/avatar\/f477da817f43e50d0af36abecd33e3edf826c68299714bdc1057dff3b113f516?s=96&d=mm&r=g\",\"caption\":\"Redazione\"},\"url\":\"https:\/\/blog.holyart.it\/fr\/author\/admin\/\"}]}<\/script>\n<!-- \/ Yoast SEO plugin. -->","yoast_head_json":{"title":"Pape Jean-Paul II : 10 anedoctes - Holyblog","description":"Pape Jean-Paul II, ou Pape Wojtyla, avec son pontificat a marqu\u00e9 l\u2019histoire du XX si\u00e8cle. pour 27 ans, a participant aux \u00e9v\u00e9nements plus significatifs.","robots":{"index":"index","follow":"follow","max-snippet":"max-snippet:-1","max-image-preview":"max-image-preview:large","max-video-preview":"max-video-preview:-1"},"canonical":"https:\/\/blog.holyart.it\/fr\/saints-et-bienheureux\/pape-jean-paul-ii-10-anedoctes-ne-connaissez-etre\/","og_locale":"fr_FR","og_type":"article","og_title":"Pape Jean-Paul II : 10 anedoctes - Holyblog","og_description":"Pape Jean-Paul II, ou Pape Wojtyla, avec son pontificat a marqu\u00e9 l\u2019histoire du XX si\u00e8cle. pour 27 ans, a participant aux \u00e9v\u00e9nements plus significatifs.","og_url":"https:\/\/blog.holyart.it\/fr\/saints-et-bienheureux\/pape-jean-paul-ii-10-anedoctes-ne-connaissez-etre\/","og_site_name":"Holyart.fr Blog","article_published_time":"2017-08-23T09:34:16+00:00","article_modified_time":"2019-06-20T13:31:46+00:00","og_image":[{"width":1000,"height":666,"url":"https:\/\/blog.holyart.it\/fr\/wp-content\/uploads\/sites\/14\/2017\/07\/Pape-Jean-Paul-II-10-anedoctes-que-vous-ne-connaissez-peut-\u00eatre-pas.jpg","type":"image\/jpeg"}],"author":"Redazione","twitter_card":"summary_large_image","twitter_misc":{"\u00c9crit par":"Redazione","Dur\u00e9e de lecture estim\u00e9e":"3 minutes"},"schema":{"@context":"https:\/\/schema.org","@graph":[{"@type":"Article","@id":"https:\/\/blog.holyart.it\/fr\/saints-et-bienheureux\/pape-jean-paul-ii-10-anedoctes-ne-connaissez-etre\/#article","isPartOf":{"@id":"https:\/\/blog.holyart.it\/fr\/saints-et-bienheureux\/pape-jean-paul-ii-10-anedoctes-ne-connaissez-etre\/"},"author":{"name":"Redazione","@id":"https:\/\/blog.holyart.it\/fr\/#\/schema\/person\/0a7b686e5af0f856ec1e390dd0baecda"},"headline":"Pape Jean-Paul II : 10 anedoctes que vous ne connaissez peut-\u00eatre pas","datePublished":"2017-08-23T09:34:16+00:00","dateModified":"2019-06-20T13:31:46+00:00","mainEntityOfPage":{"@id":"https:\/\/blog.holyart.it\/fr\/saints-et-bienheureux\/pape-jean-paul-ii-10-anedoctes-ne-connaissez-etre\/"},"wordCount":517,"publisher":{"@id":"https:\/\/blog.holyart.it\/fr\/#organization"},"image":{"@id":"https:\/\/blog.holyart.it\/fr\/saints-et-bienheureux\/pape-jean-paul-ii-10-anedoctes-ne-connaissez-etre\/#primaryimage"},"thumbnailUrl":"https:\/\/blog.holyart.it\/fr\/wp-content\/uploads\/sites\/14\/2017\/07\/Pape-Jean-Paul-II-10-anedoctes-que-vous-ne-connaissez-peut-\u00eatre-pas.jpg","articleSection":["Saints et Bienheureux"],"inLanguage":"fr-FR"},{"@type":"WebPage","@id":"https:\/\/blog.holyart.it\/fr\/saints-et-bienheureux\/pape-jean-paul-ii-10-anedoctes-ne-connaissez-etre\/","url":"https:\/\/blog.holyart.it\/fr\/saints-et-bienheureux\/pape-jean-paul-ii-10-anedoctes-ne-connaissez-etre\/","name":"Pape Jean-Paul II : 10 anedoctes - Holyblog","isPartOf":{"@id":"https:\/\/blog.holyart.it\/fr\/#website"},"primaryImageOfPage":{"@id":"https:\/\/blog.holyart.it\/fr\/saints-et-bienheureux\/pape-jean-paul-ii-10-anedoctes-ne-connaissez-etre\/#primaryimage"},"image":{"@id":"https:\/\/blog.holyart.it\/fr\/saints-et-bienheureux\/pape-jean-paul-ii-10-anedoctes-ne-connaissez-etre\/#primaryimage"},"thumbnailUrl":"https:\/\/blog.holyart.it\/fr\/wp-content\/uploads\/sites\/14\/2017\/07\/Pape-Jean-Paul-II-10-anedoctes-que-vous-ne-connaissez-peut-\u00eatre-pas.jpg","datePublished":"2017-08-23T09:34:16+00:00","dateModified":"2019-06-20T13:31:46+00:00","description":"Pape Jean-Paul II, ou Pape Wojtyla, avec son pontificat a marqu\u00e9 l\u2019histoire du XX si\u00e8cle. pour 27 ans, a participant aux \u00e9v\u00e9nements plus significatifs.","breadcrumb":{"@id":"https:\/\/blog.holyart.it\/fr\/saints-et-bienheureux\/pape-jean-paul-ii-10-anedoctes-ne-connaissez-etre\/#breadcrumb"},"inLanguage":"fr-FR","potentialAction":[{"@type":"ReadAction","target":["https:\/\/blog.holyart.it\/fr\/saints-et-bienheureux\/pape-jean-paul-ii-10-anedoctes-ne-connaissez-etre\/"]}]},{"@type":"ImageObject","inLanguage":"fr-FR","@id":"https:\/\/blog.holyart.it\/fr\/saints-et-bienheureux\/pape-jean-paul-ii-10-anedoctes-ne-connaissez-etre\/#primaryimage","url":"https:\/\/blog.holyart.it\/fr\/wp-content\/uploads\/sites\/14\/2017\/07\/Pape-Jean-Paul-II-10-anedoctes-que-vous-ne-connaissez-peut-\u00eatre-pas.jpg","contentUrl":"https:\/\/blog.holyart.it\/fr\/wp-content\/uploads\/sites\/14\/2017\/07\/Pape-Jean-Paul-II-10-anedoctes-que-vous-ne-connaissez-peut-\u00eatre-pas.jpg","width":1000,"height":666,"caption":"Pape Jean-Paul II anedoctes"},{"@type":"BreadcrumbList","@id":"https:\/\/blog.holyart.it\/fr\/saints-et-bienheureux\/pape-jean-paul-ii-10-anedoctes-ne-connaissez-etre\/#breadcrumb","itemListElement":[{"@type":"ListItem","position":1,"name":"Homepage","item":"https:\/\/blog.holyart.it\/fr\/"},{"@type":"ListItem","position":2,"name":"Saints et Bienheureux","item":"https:\/\/blog.holyart.it\/fr\/saints-et-bienheureux\/"},{"@type":"ListItem","position":3,"name":"Pape Jean-Paul II : 10 anedoctes que vous ne connaissez peut-\u00eatre pas"}]},{"@type":"WebSite","@id":"https:\/\/blog.holyart.it\/fr\/#website","url":"https:\/\/blog.holyart.it\/fr\/","name":"Holyart.fr Blog","description":"Holyblog","publisher":{"@id":"https:\/\/blog.holyart.it\/fr\/#organization"},"potentialAction":[{"@type":"SearchAction","target":{"@type":"EntryPoint","urlTemplate":"https:\/\/blog.holyart.it\/fr\/?s={search_term_string}"},"query-input":{"@type":"PropertyValueSpecification","valueRequired":true,"valueName":"search_term_string"}}],"inLanguage":"fr-FR"},{"@type":"Organization","@id":"https:\/\/blog.holyart.it\/fr\/#organization","name":"Holyart.fr Blog","url":"https:\/\/blog.holyart.it\/fr\/","logo":{"@type":"ImageObject","inLanguage":"fr-FR","@id":"https:\/\/blog.holyart.it\/fr\/#\/schema\/logo\/image\/","url":"https:\/\/blog.holyart.it\/fr\/wp-content\/uploads\/sites\/14\/2022\/12\/Holyart_Blog_Logo.jpg","contentUrl":"https:\/\/blog.holyart.it\/fr\/wp-content\/uploads\/sites\/14\/2022\/12\/Holyart_Blog_Logo.jpg","width":300,"height":50,"caption":"Holyart.fr Blog"},"image":{"@id":"https:\/\/blog.holyart.it\/fr\/#\/schema\/logo\/image\/"}},{"@type":"Person","@id":"https:\/\/blog.holyart.it\/fr\/#\/schema\/person\/0a7b686e5af0f856ec1e390dd0baecda","name":"Redazione","image":{"@type":"ImageObject","inLanguage":"fr-FR","@id":"https:\/\/blog.holyart.it\/fr\/#\/schema\/person\/image\/","url":"https:\/\/secure.gravatar.com\/avatar\/f477da817f43e50d0af36abecd33e3edf826c68299714bdc1057dff3b113f516?s=96&d=mm&r=g","contentUrl":"https:\/\/secure.gravatar.com\/avatar\/f477da817f43e50d0af36abecd33e3edf826c68299714bdc1057dff3b113f516?s=96&d=mm&r=g","caption":"Redazione"},"url":"https:\/\/blog.holyart.it\/fr\/author\/admin\/"}]}},"_links":{"self":[{"href":"https:\/\/blog.holyart.it\/fr\/wp-json\/wp\/v2\/posts\/448","targetHints":{"allow":["GET"]}}],"collection":[{"href":"https:\/\/blog.holyart.it\/fr\/wp-json\/wp\/v2\/posts"}],"about":[{"href":"https:\/\/blog.holyart.it\/fr\/wp-json\/wp\/v2\/types\/post"}],"author":[{"embeddable":true,"href":"https:\/\/blog.holyart.it\/fr\/wp-json\/wp\/v2\/users\/1"}],"replies":[{"embeddable":true,"href":"https:\/\/blog.holyart.it\/fr\/wp-json\/wp\/v2\/comments?post=448"}],"version-history":[{"count":0,"href":"https:\/\/blog.holyart.it\/fr\/wp-json\/wp\/v2\/posts\/448\/revisions"}],"wp:featuredmedia":[{"embeddable":true,"href":"https:\/\/blog.holyart.it\/fr\/wp-json\/wp\/v2\/media\/450"}],"wp:attachment":[{"href":"https:\/\/blog.holyart.it\/fr\/wp-json\/wp\/v2\/media?parent=448"}],"wp:term":[{"taxonomy":"category","embeddable":true,"href":"https:\/\/blog.holyart.it\/fr\/wp-json\/wp\/v2\/categories?post=448"},{"taxonomy":"post_tag","embeddable":true,"href":"https:\/\/blog.holyart.it\/fr\/wp-json\/wp\/v2\/tags?post=448"}],"curies":[{"name":"wp","href":"https:\/\/api.w.org\/{rel}","templated":true}]}}