{"id":4446,"date":"2022-04-27T12:30:25","date_gmt":"2022-04-27T10:30:25","guid":{"rendered":"https:\/\/blog.holyart.it\/fr\/?p=4446"},"modified":"2024-04-16T09:47:41","modified_gmt":"2024-04-16T07:47:41","slug":"saint-catherine-de-sienne-patronne-ditalie","status":"publish","type":"post","link":"https:\/\/blog.holyart.it\/fr\/saints-et-bienheureux\/saint-catherine-de-sienne-patronne-ditalie\/","title":{"rendered":"Saint Catherine de Sienne : patronne d\u2019Italie"},"content":{"rendered":"<h4>Sainte Catherine de Sienne, de femme du peuple \u00e0 conseill\u00e8re des Papes et princes. Courageuse, sage et totalement d\u00e9vou\u00e9e \u00e0 Christ. Apprenons \u00e0 mieux conna\u00eetre la Sainte Patronne d\u2019Italie.<\/h4>\n\n<p>En pensant \u00e0 Catherine de Sienne, la premi\u00e8re r\u00e9flexion qui vient \u00e0 l\u2019esprit est comment la foi peut effectivement arriver \u00e0 nous \u00e9lever dans notre condition, nous rendant meilleurs, jour apr\u00e8s jour, jusqu\u2019\u00e0 nous permettre de r\u00e9aliser dans notre vie des choses tout \u00e0 fait surprenantes. Mais qu\u2019y a-t-il de si incroyable dans l\u2019histoire de cette sainte, qui v\u00e9cut pendant la moiti\u00e9 du XIVe si\u00e8cle, en Toscane, dans une terre d\u00e9chir\u00e9e par des combats fratricides et de profonds bouleversements politiques et religieux, mais aussi parcourue par un souffle spirituel, culturel et artistique sans pr\u00e9c\u00e9dents\u00a0? D\u2019elle nous rappelons ses symboles, le <strong>livre<\/strong> et le <strong>lys<\/strong>\u00a0: la doctrine d\u2019un c\u00f4t\u00e9 et la puret\u00e9 de l\u2019autre. Une dichotomie qui est probablement aussi la cl\u00e9 pour comprendre la grandeur de cette femme, qui offrit sa vie \u00e0 Dieu et \u00e0 ses fils les plus n\u00e9cessiteux, qui se partagea entre le soin des infirmes, de ces malades afflig\u00e9s par des maux si d\u00e9sagr\u00e9ables et dangereux que personne ne voulait les soigner, et la r\u00e9daction de textes th\u00e9ologiques qui lui m\u00e9riteront en 1970 le titre de Docteur de l\u2019\u00c9glise, jamais conf\u00e9r\u00e9 \u00e0 une femme auparavant. Un mod\u00e8le de vie qui se repropose encore aujourd\u2019hui avec une actualit\u00e9 extraordinaire. Ce n\u2019est pas un hasard donc si nous l\u2019avons cit\u00e9e dans notre article d\u00e9di\u00e9 aux <a href=\"https:\/\/www.holyart.fr\/blog\/saints-et-bienheureux\/saints-saintes-ont-change-monde\/\"><strong>Saints et aux Saintes qui ont chang\u00e9 le monde<\/strong><\/a>.<\/p>\n<div class=\"link-article\">\n<p><img loading=\"lazy\" decoding=\"async\" class=\"alignnone wp-image-4471 size-full\" src=\"https:\/\/blog.holyart.it\/fr\/wp-content\/uploads\/sites\/14\/2022\/04\/Les-saints-et-les-saintes-qui-ont-chang\u00e9-le-monde.jpg\" alt=\"Les saints et les saintes qui ont chang\u00e9 le monde\" width=\"150\" height=\"100\" data-kale-share-title=\"Saint Catherine de Sienne : patronne d\u2019Italie\" data-kale-share-url=\"https:\/\/blog.holyart.it\/fr\/?p=4446\" \/><\/p>\n<div class=\"leggi-anche\">Lire aussi :<\/div>\n<p><strong><a href=\"https:\/\/www.holyart.fr\/blog\/saints-et-bienheureux\/saints-saintes-ont-change-monde\/\">Les saints et les saintes qui ont chang\u00e9 le monde<\/a><\/strong><br \/>\nL\u2019Histoire de l\u2019Europe et de l\u2019Occident comme nous le connaissons passe \u00e0 travers une s\u00e9rie continue de subversions politiques, de profonds&#8230;<\/p>\n<\/div>\n<p>Auteur du <strong><em>Dialogue de la Divine Providence<\/em><\/strong>, un des chefs-d\u2019\u0153uvre de la litt\u00e9rature mystique m\u00e9di\u00e9vale, Sainte Catherine fut <strong>religieuse<\/strong>, <strong>th\u00e9ologien<\/strong>, <strong>philosophe<\/strong>.<\/p>\n<p>\u00ab\u00a0Mari\u00e9e\u00a0\u00bb dans des <strong>noces mystiques<\/strong> \u00e0 J\u00e9sus, elle confiait dans le salut repr\u00e9sent\u00e9 par le Pape (qu\u2019elle d\u00e9finissait le \u00ab\u00a0<em>doux Christ en terre<\/em>\u00a0\u00bb) et par l\u2019\u00c9glise pour tous les chr\u00e9tiens.<\/p>\n<p>Ses <strong>Lettres<\/strong> de r\u00e9confort, de conseil et d\u2019exhortation, adress\u00e9es \u00e0 souverains, commandants et hommes de lettre, exerc\u00e8rent un incroyable effet sur de nombreux \u00e9v\u00e9nements et diff\u00e9rends. Elles furent ensuite recueillies par ses disciples dans un pr\u00e9cieux <em>\u00c9pistolaire<\/em> encore aujourd\u2019hui consid\u00e9r\u00e9 comme un point de r\u00e9f\u00e9rence pour tous les religieux.<\/p>\n<p>Nous pouvons bien dire que ses \u00e9crits et sa ferveur donn\u00e8rent un grand coup de pouce \u00e0 la <strong>R\u00e9forme de l\u2019\u00c9glise<\/strong>.<\/p>\n<p>Parmi saints et bienheureux, Catherine est incluse dans ceux qui sont consid\u00e9r\u00e9s comme <strong>saints gu\u00e9risseurs<\/strong> et <a href=\"https:\/\/www.holyart.fr\/blog\/saints-et-bienheureux\/saints-guerisseurs-auxquels-sadresser-contre-les-maladies\/\"><strong>saints et saintes auxquels s\u2019adresser en cas de maladie<\/strong><\/a>. Cela non seulement parce qu\u2019elle est, entre autres, sainte patronne des infirmi\u00e8res, mais surtout en vertu de son activit\u00e9 d\u2019<strong>assistance aux infirmes et aux malades graves<\/strong>, surtout aux victimes d\u2019\u00e9pid\u00e9mies terribles.<\/p>\n<div class=\"link-article\">\n<p><img loading=\"lazy\" decoding=\"async\" class=\"alignnone wp-image-4473 size-full\" src=\"https:\/\/blog.holyart.it\/fr\/wp-content\/uploads\/sites\/14\/2022\/04\/Saints-Gu\u00e9risseurs-auxquels-s\u2019adresser-contre-les-maladies-1.jpg\" alt=\"Saints Gu\u00e9risseurs auxquels s\u2019adresser contre les maladies\" width=\"150\" height=\"99\" data-kale-share-title=\"Saint Catherine de Sienne : patronne d\u2019Italie\" data-kale-share-url=\"https:\/\/blog.holyart.it\/fr\/?p=4446\" \/><\/p>\n<div class=\"leggi-anche\">Lire aussi :<\/div>\n<p><strong><a href=\"https:\/\/www.holyart.fr\/blog\/saints-et-bienheureux\/saints-guerisseurs-auxquels-sadresser-contre-les-maladies\/\">Saints Gu\u00e9risseurs auxquels s\u2019adresser contre les maladies<br \/>\n<\/a><\/strong>Depuis toujours, l\u2019homme invoque Dieu demandant aide et r\u00e9confort en cas de maladies graves. Mais il y a six saints patrons&#8230;<\/p>\n<\/div>\n<p>Son <strong>amour absolu et total pour J\u00e9sus<\/strong>, capable de la jeter dans des extases mystiques d\u2019une rare puissance spirituelle, est consid\u00e9r\u00e9 comme un pont entre ciel et terre, un exemple de d\u00e9votion et de complet abandon \u00e0 Dieu qui a peu d\u2019\u00e9quivalents.<\/p>\n<p>Mais qui \u00e9tait Sainte Catherine de Sienne\u00a0?<\/p>\n<h2>Son histoire<\/h2>\n<p>Quand Catherine naquit, vingt-quatri\u00e8me de vingt-cinq enfants de Jacopo Benincasa, teinturier, et de sa femme Donna Lapa Piacenti, personne ne pouvait imaginer quel aurait \u00e9t\u00e9 son extraordinaire destin. C\u2019\u00e9tait la moiti\u00e9 du XIVe si\u00e8cle et, pour une jeune fille comme elle, n\u00e9e dans le quartier de Fontebranda, dans la contr\u00e9e de l\u2019Oca, dans une famille humble, il n\u2019y avait d\u2019autres perspectives qu\u2019un mariage et la cr\u00e9ation d\u2019une famille \u00e0 elle. Mais Catherine n\u2019\u00e9tait pas une fille ordinaire. D\u00e8s son enfance, elle affirmait \u00ab\u00a0voir\u00a0\u00bb des choses, comme lorsqu\u2019\u00e0 six ans elle raconta que J\u00e9sus lui \u00e9tait apparu, habill\u00e9 comme le Pape, et avec lui <a href=\"https:\/\/www.holyart.fr\/articles-religieux\/icones-religieuses\/icones-grecques\/saint-pierre-et-saint-paul?path=articles-religieux&amp;path=icones-religieuses&amp;path=icones-grecques&amp;path=saint-pierre-et-saint-paul\"><strong>Saint Pierre<\/strong><\/a>, <a href=\"https:\/\/www.holyart.fr\/articles-religieux\/statues\/statues-en-bois-peint\/statue-st-jean-evangeliste-40-cm-pate-a-bois?path=articles-religieux&amp;path=statues&amp;path=statues-en-bois-peint&amp;path=statue-st-jean-evangeliste-40-cm-pate-a-bois\"><strong>Saint Jean<\/strong><\/a> et <a href=\"https:\/\/www.holyart.fr\/articles-religieux\/icones-religieuses\/icones-grecques\/saint-pierre-et-saint-paul?path=articles-religieux&amp;path=icones-religieuses&amp;path=icones-grecques&amp;path=saint-pierre-et-saint-paul\"><strong>Saint Paul<\/strong><\/a>.<\/p>\n<div class=\"link-product\">\n<div class=\"blocco-immagine\"><img loading=\"lazy\" decoding=\"async\" class=\"alignnone size-full wp-image-4452\" src=\"https:\/\/blog.holyart.it\/fr\/wp-content\/uploads\/sites\/14\/2022\/04\/Saint-Pierre-et-Saint-Paul.jpg\" alt=\"Saint Pierre et Saint Paul\" width=\"100\" height=\"100\" data-kale-share-title=\"Saint Catherine de Sienne : patronne d\u2019Italie\" data-kale-share-url=\"https:\/\/blog.holyart.it\/fr\/?p=4446\" \/><\/div>\n<div class=\"blocco-contenuto\">\n<div class=\"blocco-acquista\">Acheter sur Holyart:<\/div>\n<div class=\"blocco-titolo\"><a href=\"https:\/\/www.holyart.fr\/articles-religieux\/icones-religieuses\/icones-grecques\/saint-pierre-et-saint-paul?path=articles-religieux&amp;path=icones-religieuses&amp;path=icones-grecques&amp;path=saint-pierre-et-saint-paul\">Saint Pierre et Saint Paul<\/a><\/div>\n<div class=\"blocco-descrizione\">Ic\u00f4ne grecque peinte \u00e0 la main sur planche en bois, dor\u00e9e.<\/div>\n<\/div>\n<\/div>\n<p>Christ en personne lui apparaitra \u00e0 ses vingt ans, accompagn\u00e9 de la Vierge Marie, Sa m\u00e8re, pour en faire Son \u00e9pouse avec une bague symbole des noces mystiques.<\/p>\n<p>Mais d\u00e9j\u00e0 enfant, Catherine semblait pr\u00e9dire son destin, puisqu\u2019\u00e0 sept ans elle prononce un v\u0153u de chastet\u00e9, et \u00e0 douze elle refuse le mariage que ses parents veulent lui proposer, manifestant au contraire l\u2019intention de prononcer ses v\u0153ux. Trop pauvre pour se permettre la dot consid\u00e9rable que les femmes devaient pr\u00e9senter pour entrer au monast\u00e8re, et oppos\u00e9e \u00e0 sa famille pour ses id\u00e9es, elle s\u2019enferma chez elle en se d\u00e9diant \u00e0 une vie de <strong>pri\u00e8re, p\u00e9nitence et je\u00fbne<\/strong>. Elle renonce \u00e0 la viande, se nourrit tr\u00e8s peu, uniquement d\u2019herbes am\u00e8res et de fruits, utilise le cilice. \u00c0 la fin, impressionn\u00e9 par sa d\u00e9termination, son p\u00e8re change d\u2019avis et d\u00e9cide de l\u2019aider \u00e0 r\u00e9aliser son r\u00eave. La l\u00e9gende veut que ce fut la vue d\u2019une colombe qui virevoltait au-dessus de la t\u00eate de sa fille en train de prier qui convainquit l\u2019homme. Mais afin de r\u00e9ussir \u00e0 \u00eatre admise chez les <strong>Mantel\u00e9es<\/strong>, i.e. les Tertiaires dominicaines connues comme S\u0153urs de la p\u00e9nitence de Saint Dominique, Catherine dut affronter encore de nombreux obstacles. Puisqu\u2019on lui refusa l\u2019acc\u00e8s \u00e0 l\u2019ordre \u00e0 cause de son jeune \u00e2ge et de sa beaut\u00e9, elle tomba victime d\u2019une fi\u00e8vre qui lui marqua son visage et la fit appara\u00eetre plus vieille que son \u00e2ge.<\/p>\n<p>\u00c0 seize ans \u00e0 peine, elle entra ainsi dans l\u2019ordre, mais pendant trois ans elle v\u00e9cut profond\u00e9ment isol\u00e9e des autres s\u0153urs. La raison est simple : ne connaissant pas le latin, elle ne pouvait pas prendre part \u00e0 la pri\u00e8re commune. Toutefois, les Mantel\u00e9es, qui habituellement acceptaient uniquement des veuves et des femmes \u00e2g\u00e9es, consentaient \u00e0 vivre dans le monde, tout en maintenant leurs v\u0153ux de chastet\u00e9, pauvret\u00e9 et ob\u00e9issance. Et c\u2019est ainsi que Catherine v\u00e9cut dans le monde, en se d\u00e9diant aux plus <strong>n\u00e9cessiteux<\/strong>, aux malades, \u00e0 ceux qui \u00e9taient abandonn\u00e9s \u00e0 eux-m\u00eames par leurs propres parents \u00e0 cause de la gravit\u00e9 de leur condition.<\/p>\n<p>\u00c0 la fin du Carnaval de 1367 eurent lieu ses <strong>noces mystiques avec J\u00e9sus<\/strong>, le mariage qu\u2019elle v\u00e9cut comme une tr\u00e8s douce extase dans laquelle fut consacr\u00e9 son lien profond et \u00e9ternel avec Christ.<\/p>\n<p>Entre-temps, elle s\u2019engagea \u00e9galement \u00e0 apprendre \u00e0 <strong>lire<\/strong> et \u00e0 <strong>\u00e9crire<\/strong>, m\u00eame si une bonne partie de ses lettres et de ses \u0153uvres furent \u00e9crites par elle sous la dict\u00e9e de la \u00ab\u00a0Belle brigade\u00a0\u00bb, une sorte de famille spirituelle de disciples qui l\u2019aimait et la suivait partout.<\/p>\n<p>Naissent ainsi ses textes extraordinaires, comme <strong>le Dialogue de la Divine providence<\/strong>, ses <strong>Oraisons<\/strong> et surtout les <strong>Lettres<\/strong>, adress\u00e9es \u00e0 des gens ordinaires, militaires, religieux, femmes, m\u00eame des d\u00e9funts, mais aussi des personnalit\u00e9s en vue de la politique et du monde religieux de l\u2019\u00e9poque. \u00c0 ces derniers en particulier elle soumit des questions civiles et politiques, de la <strong>pacification de l\u2019Italie<\/strong> \u00e0 la n\u00e9cessit\u00e9 d\u2019une <strong>nouvelle croisade<\/strong>, au retour du <strong>si\u00e8ge pontifical d\u2019Avignon \u00e0 Rome<\/strong>, \u00e0 la <strong>r\u00e9forme de l\u2019\u00c9glise<\/strong>. Des grands sujets, compliqu\u00e9, que cette femme du peuple arriva \u00e0 affronter avec une ma\u00eetrise tout \u00e0 fait miraculeuse et avec une ferveur impressionnante, qui confirmait amplement les rumeurs qui la voulaient inspir\u00e9e directement par Dieu.<\/p>\n<p>Le premier avril de 1375, Dimanche des Rameaux, lorsqu\u2019elle prie devant le crucifix dans l\u2019\u00e9glise de Sainte Christine, elle re\u00e7oit les <strong>stigmates<\/strong>, mais elles ne restent visibles que pour elle, dans un premier temps. Elle poursuit son activit\u00e9 politique et sociale, dans le but de bloquer la ligue antipapale surgie autour de Florence, et avec un voyage \u00e0 Avignon pour convaincre Pape Gr\u00e9goire XI de retourner \u00e0 Rome. Le pontife se laisse convaincre et retourne \u00e0 Rome, mais \u00e0 sa mort un schisme se cr\u00e9e et l\u2019\u00c9glise se retrouve \u00e0 avoir deux Papes, Urbain VI et Cl\u00e9ment VII, qui retourna \u00e0 Avignon.<\/p>\n<p>Catherine mourut le <strong>29 avril<\/strong> 1380, en se recommandant \u00e0 Dieu\u00a0: \u00ab\u00a0<em>P\u00e8re, entre tes mains, je remets mon \u00e2me et mon esprit<\/em>\u00a0\u00bb.<\/p>\n<div class=\"link-product\">\n<div class=\"blocco-immagine\"><img loading=\"lazy\" decoding=\"async\" class=\"alignnone size-full wp-image-4454\" src=\"https:\/\/blog.holyart.it\/fr\/wp-content\/uploads\/sites\/14\/2022\/04\/M\u00e9daille-Ste-Catherine-de-Sienne-argent-925-rhodi\u00e9-10-mm.jpg\" alt=\"M\u00e9daille Ste Catherine de Sienne argent 925 rhodi\u00e9 10 mm\" width=\"100\" height=\"100\" data-kale-share-title=\"Saint Catherine de Sienne : patronne d\u2019Italie\" data-kale-share-url=\"https:\/\/blog.holyart.it\/fr\/?p=4446\" \/><\/div>\n<div class=\"blocco-contenuto\">\n<div class=\"blocco-acquista\">Acheter sur Holyart:<\/div>\n<div class=\"blocco-titolo\"><a href=\"https:\/\/www.holyart.fr\/articles-religieux\/bijoux-religieux\/pendentifs-croix-et-broches\/medaille-ste-catherine-de-sienne-argent-925-rhodie-10-mm?path=articles-religieux&amp;path=bijoux-religieux&amp;path=pendentifs-croix-et-broches&amp;path=medaille-ste-catherine-de-sienne-argent-925-rhodie-10-mm\">M\u00e9daille Ste Catherine de Sienne<\/a><\/div>\n<div class=\"blocco-descrizione\">M\u00e9daille de d\u00e9votion \u00e0 Sainte Catherine en argent 925 rhodi\u00e9.<\/div>\n<\/div>\n<\/div>\n<h2>Patronne d\u2019Italie<\/h2>\n<p>Sainte Catherine de Sienne est donc f\u00eat\u00e9e le 29 avril, jour de sa mort. Elle est souvent repr\u00e9sent\u00e9e avec une robe typique de l\u2019ordre auquel elle appartenait, celui des Mantel\u00e9es\u00a0: habit blanc avec au-dessus un manteau noir. Ses embl\u00e8mes sont le <strong>lys blanc<\/strong>, symbole de sa puret\u00e9 et chastet\u00e9, la <strong>bague<\/strong>, qui symbolise les noces mystiques entre elle et J\u00e9sus, <strong>un livre et une plume<\/strong>, qui rappellent sa sagesse et son activit\u00e9 d\u2019\u00e9crivaine et th\u00e9ologienne, et encore les stigmates, la couronne d\u2019\u00e9pines, la croix, le c\u0153ur.<\/p>\n<div class=\"link-product\">\n<div class=\"blocco-immagine\"><img loading=\"lazy\" decoding=\"async\" class=\"alignnone size-full wp-image-4458\" src=\"https:\/\/blog.holyart.it\/fr\/wp-content\/uploads\/sites\/14\/2022\/04\/Sainte-Catherine-de-Sienne-40-cm-statue-r\u00e9sine.jpg\" alt=\"Sainte Catherine de Sienne 40 cm statue r\u00e9sine\" width=\"100\" height=\"100\" data-kale-share-title=\"Saint Catherine de Sienne : patronne d\u2019Italie\" data-kale-share-url=\"https:\/\/blog.holyart.it\/fr\/?p=4446\" \/><\/div>\n<div class=\"blocco-contenuto\">\n<div class=\"blocco-acquista\">Acheter sur Holyart:<\/div>\n<div class=\"blocco-titolo\"><a href=\"https:\/\/www.holyart.fr\/articles-religieux\/statues\/statues-en-resine-et-pvc\/sainte-catherine-de-sienne-40-cm-statue-resine?path=articles-religieux&amp;path=statues&amp;path=statues-en-resine-et-pvc&amp;path=sainte-catherine-de-sienne-40-cm-statue-resine\">Sainte Catherine de Sienne<\/a><\/div>\n<div class=\"blocco-descrizione\">Statue en r\u00e9sine color\u00e9e \u00e0 la main, 40 cm.<\/div>\n<\/div>\n<\/div>\n<p>Depuis 1939, elle est sainte <strong>patronne d\u2019Italie<\/strong> avec <a href=\"https:\/\/www.holyart.fr\/blog\/saints-et-bienheureux\/le-cantique-des-creatures-de-saint-francois\/\"><strong>Saint Fran\u00e7ois d\u2019Assise<\/strong><\/a>. En 1999, <a href=\"https:\/\/www.holyart.fr\/occasions-speciales\/jean-paul-ii?path=occasions-speciales&amp;path=jean-paul-ii\"><strong>Jean-Paul II<\/strong><\/a> la proclama \u00e9galement copatronne d\u2019Europe.<\/p>\n<div class=\"link-article\">\n<p><img loading=\"lazy\" decoding=\"async\" class=\"alignnone wp-image-4475 size-full\" src=\"https:\/\/blog.holyart.it\/fr\/wp-content\/uploads\/sites\/14\/2022\/04\/Le-cantique-des-cr\u00e9atures-de-Saint-Fran\u00e7ois.jpg\" alt=\"Le cantique des cr\u00e9atures de Saint Fran\u00e7ois\" width=\"150\" height=\"100\" data-kale-share-title=\"Saint Catherine de Sienne : patronne d\u2019Italie\" data-kale-share-url=\"https:\/\/blog.holyart.it\/fr\/?p=4446\" \/><\/p>\n<div class=\"leggi-anche\">Lire aussi :<\/div>\n<p><strong><a href=\"https:\/\/www.holyart.fr\/blog\/saints-et-bienheureux\/le-cantique-des-creatures-de-saint-francois\/\">Le cantique des cr\u00e9atures de Saint Fran\u00e7ois<br \/>\n<\/a><\/strong>Saint Fran\u00e7ois d\u2019Assise est un des saints les plus aim\u00e9s et les plus v\u00e9n\u00e9r\u00e9s de l\u2019\u00c9glise catholique. Proche des pauvres, fr\u00e8re des derniers&#8230;<\/p>\n<\/div>\n<h2>Neuvaine \u00e0 Sainte Catherine de Sienne<\/h2>\n<p>La Neuvaine \u00e0 Sainte Catherine peut \u00eatre r\u00e9cit\u00e9e en pr\u00e9paration \u00e0 sa f\u00eate, le 29 avril, et donc pendant les neuf jours allant du 20 au 28 avril, ou \u00e0 chaque fois qu\u2019on en ressent le besoin afin de trouver soutien et r\u00e9confort dans un moment difficile.<\/p>\n<p><strong><em>Premier jour<\/em><\/strong><\/p>\n<p><em>Pour cet esprit d\u2019oraison que vous e\u00fbtes d\u00e8s votre enfance, pour lequel vous y m\u00eetes tous vos d\u00e9lices, et avec l\u2019\u00e9vang\u00e9lique salutation maintes fois par vous r\u00e9p\u00e9t\u00e9e combien \u00e9taient les marches de l\u2019escalier qu\u2019il vous arrivait de gravir, vous rend\u00eetes hommage \u00e0 la Sainte Vierge Marie, en nous obtenant, nous vous en prions, la gr\u00e2ce d\u2019aimer nous aussi suivant votre exemple l\u2019exercice de la pri\u00e8re et de la pratiquer toujours dans ces conditions qui la rendent digne satisfaction.<\/em><\/p>\n<p><em>Gloire au P\u00e8re, au Fils et au Saint-Esprit, comme il \u00e9tait au commencement, maintenant et toujours, pour les si\u00e8cles des si\u00e8cles.<\/em><\/p>\n<p><strong><em>Deuxi\u00e8me jour<\/em><\/strong><\/p>\n<p><em>Pour cette affection particuli\u00e8re que vous portiez, \u00f4 grande Sainte, \u00e0 la vertu de la puret\u00e9, pour laquelle d\u00e8s huit ans vous vous consacriez au Seigneur par un v\u0153u irr\u00e9vocable, et en vous rasant la t\u00eate, en g\u00e9missant, en soupirant, vous refus\u00e2tes en progr\u00e8s les plus honorables offres de tr\u00e8s avantageuse collocation, obtenez pour nous, nous vous prions, la gr\u00e2ce d\u2019\u00eatre nous aussi toujours fermes d\u2019esprit, de c\u0153ur et de coutume, ou d\u2019abhorrer avec haine supr\u00eame tout ce qui offense m\u00eame de mani\u00e8re l\u00e9g\u00e8re une vertu aussi sublime qu\u2019elle soul\u00e8ve les hommes \u00e0 la sph\u00e8re des Anges et les rend l\u2019objet le plus cher des divines complaisances.<\/em><\/p>\n<p><em>Gloire au P\u00e8re, au Fils et au Saint-Esprit, comme il \u00e9tait au commencement, maintenant et toujours, pour les si\u00e8cles des si\u00e8cles.<\/em><\/p>\n<p><strong><em>Troisi\u00e8me jour<\/em><\/strong><\/p>\n<p><em>Pour cet esprit de retrait que vous e\u00fbtes, \u00f4 grande Sainte, pour lequel vous ne d\u00e9siriez jamais d\u2019\u00eatre vue par d\u2019autres que votre J\u00e9sus, et distraite sans cesse par des occupations dans votre famille, vous s\u00fbtes vous fabriquer une telle solitude dans votre c\u0153ur que vous ayez votre esprit toujours occup\u00e9 par des pens\u00e9es de paradis, obtenez pour nous, nous vous prions, la gr\u00e2ce d\u2019aimer nous aussi la solitude et le retrait, malgr\u00e9 toutes les invitations que le monde nous fera de participer \u00e0 ses spectacles, \u00e0 ses pompes, et d\u2019avoir toujours adress\u00e9es \u00e0 Dieu les pens\u00e9es de notre esprit au milieu de toutes les occupations m\u00eame les plus distrayantes de notre \u00e9tat.<\/em><\/p>\n<p><em>Gloire au P\u00e8re, au Fils et au Saint-Esprit, comme il \u00e9tait au commencement, maintenant et toujours, pour les si\u00e8cles des si\u00e8cles.<\/em><\/p>\n<p><strong><em>Quatri\u00e8me jour<\/em><\/strong><\/p>\n<p><em>Pour cet esprit de p\u00e9nitence que vous e\u00fbtes, \u00f4 grande Sainte, d\u00e8s les ann\u00e9es de votre enfance, quand vous punissiez avec les plus ing\u00e9nieuses ou les plus afflictives mortifications votre condescendance d\u2019une seule foi \u00e0 ceux qui vous conseillait la d\u00e9licatesse ou l\u2019habillement, puis associ\u00e9e au Tiers-Ordre Dominicain, vous \u00e9difi\u00e2tes tout le monde avec l\u2019abstinence perp\u00e9tuelle du vin et de la viande, voir m\u00eame du sommeil, ne vous alimentant d\u2019autre que d\u2019herbes crues, ne dormant que tr\u00e8s peu et sur des planches nues, afin d\u2019employer toutes vos heures en oraison, avec le fait de toujours porter pr\u00e8s de votre corps un douloureux cilice, de mac\u00e9rer votre chair avec trois disciplines chaque jour, obtenez pour nous, nous vous prions, la gr\u00e2ce d\u2019observer toujours fid\u00e8lement ces abstinences et ces je\u00fbnes que l\u2019\u00c9glise commande, de tol\u00e9rer avec patience tout ce que d\u2019afflictif daignera Dieu de commander pour notre bien ou de mortifier spontan\u00e9ment toutes les inclinaisons perverses de notre c\u0153ur et les d\u00e9sirs immod\u00e9r\u00e9s de nos sens, afin d\u2019avoir nous aussi la n\u00e9cessaire ressemblance avec notre exemplaire crucifix.<\/em><\/p>\n<p><em>Gloire au P\u00e8re, au Fils et au Saint-Esprit, comme il \u00e9tait au commencement, maintenant et toujours, pour les si\u00e8cles des si\u00e8cles.<\/em><\/p>\n<p><strong><em>Cinqui\u00e8me jour<\/em><\/strong><\/p>\n<p><em>Pour cette h\u00e9ro\u00efque charit\u00e9 qui vous m\u00fbtes, \u00f4 grande Sainte, \u00e0 servir spontan\u00e9ment et \u00e0 soigner de votre propre main les pauvres infirmes abandonn\u00e9es par le monde entier de par la hideur et la puanteur de leurs plaies gangreneuses, et par lesquelles vous ne f\u00fbtes remerci\u00e9e qu\u2019avec des injures, grossi\u00e8ret\u00e9s et calomnies des plus d\u00e9shonorantes, obtenez pour nous du Seigneur la gr\u00e2ce d\u2019\u00eatre nous aussi toujours pr\u00eats \u00e0 secourir notre prochain dans toutes ses n\u00e9cessit\u00e9s et \u00e0 pardonner g\u00e9n\u00e9reusement, voir r\u00e9pondre par des b\u00e9n\u00e9dictions, tous les outrages qui nous seraient adress\u00e9s, afin que nous m\u00e9ritions dans cette vie et dans la prochaine la b\u00e9atitude promise aux humbles et aux mis\u00e9ricordieux v\u00e9ritables.<\/em><\/p>\n<p><em>Gloire au P\u00e8re, au Fils et au Saint-Esprit, comme il \u00e9tait au commencement, maintenant et toujours, pour les si\u00e8cles des si\u00e8cles.<\/em><\/p>\n<p><strong><em>Sixi\u00e8me jour<\/em><\/strong><\/p>\n<p><em>Pour cette admirable force qui, avec le redoublement des oraisons, de l\u2019aust\u00e9rit\u00e9 et de la ferveur, vous d\u00e9montr\u00e2tes, \u00f4 grande Sainte, contre tous les podestats de l\u2019int\u00e9rieur qui d\u00e9cha\u00een\u00e9es contre vous vous pers\u00e9cut\u00e8rent pendant si longtemps avec les images les plus indignes dans les tentations les plus violentes, et pour laquelle vous remport\u00e2tes du divin votre \u00c9poux, outre la familiarit\u00e9 de parler et de traiter avec ses Saints et avec sa m\u00e8re Marie en personne, les ravissements, les extases les r\u00e9v\u00e9lations et les plus intimes communications avec Lui, jusqu\u2019\u00e0 \u00eatre avec le don d\u2019une riche bague d\u00e9clar\u00e9e son \u00e9pouse, obtenez pour nous, nous vous prions, la gr\u00e2ce d\u2019\u00eatre nous aussi tout aussi forts contre les assauts de nos ennemis spirituels, afin que en prime de notre fid\u00e9lit\u00e9 nous grandissions toujours et chaque jour dans l\u2019amour divin, jusqu\u2019\u00e0 nous m\u00e9riter avec suret\u00e9 l\u2019union ins\u00e9parable avec le Bien supr\u00eame.<\/em><\/p>\n<p><em>Gloire au P\u00e8re, au Fils et au Saint-Esprit, comme il \u00e9tait au commencement, maintenant et toujours, pour les si\u00e8cles des si\u00e8cles.<\/em><\/p>\n<p><strong><em>Septi\u00e8me jour<\/em><\/strong><\/p>\n<p><em>Pour cette lumi\u00e8re surnaturelle, dont vous f\u00fbtes miraculeusement dot\u00e9e, \u00f4 grande Sainte, pour laquelle vous parv\u00eentes \u00e0 servir de conseill\u00e8re avec de nombreuses lettres aux m\u00eames romains Pontifes, et \u00e0 \u00eatre personnellement consult\u00e9e par eux, jusqu\u2019\u00e0 leur r\u00e9v\u00e9ler ce qu\u2019ils avaient r\u00e9solu dans leur c\u0153ur, et obtenir d\u2019eux la tant soupir\u00e9e restauration du Saint Si\u00e8ge \u00e0 Rome, duquel elle avait \u00e9t\u00e9 priv\u00e9e pendant septante ans, obtenez pour nous du Seigneur la gr\u00e2ce de conna\u00eetre toujours dans nos doutes ce qui est le plus conforme au vouloir de Dieu et le plus convenable \u00e0 la sant\u00e9 de notre \u00e2me, afin que de nos r\u00e9solution d\u00e9rive ainsi la croissance de notre ferveur face \u00e0 Dieu, comme dans notre \u00e9dification concernant notre prochain.<\/em><\/p>\n<p><em>Gloire au P\u00e8re, au Fils et au Saint-Esprit, comme il \u00e9tait au commencement, maintenant et toujours, pour les si\u00e8cles des si\u00e8cles.<\/em><\/p>\n<p><strong><em>Huiti\u00e8me jour<\/em><\/strong><\/p>\n<p><em>Pour cette tr\u00e8s singuli\u00e8re d\u00e9votion que vous vouiez, \u00f4 grande Sainte, \u00e0 J\u00e9sus-Christ sacremant\u00e9, pour laquelle vous f\u00fbtes maintes fois communi\u00e9e de sa propre main et d\u00e9salt\u00e9r\u00e9e de son flanc avec son divin Sang, perdu donc le go\u00fbt des aliments, vous dur\u00e2tes huit ans du principe du Car\u00eame jusqu\u2019au jour de l\u2019Ascension sans vous nourrir d\u2019autre que de la Tr\u00e8s-Sainte Eucharistie, obtenez pour nous, nous vous prions, la gr\u00e2ce de porter au Tr\u00e8s-Saint Sacrement un amour semblable au v\u00f4tre, o\u00f9 nous faisions notre d\u00e9lice le fait de nous attarder longtemps en sa pr\u00e9sence, de le recevoir fr\u00e9quemment en notre sein et de lui procurer en toute circonstance la plus grande glorification possible.<\/em><\/p>\n<p><em>Gloire au P\u00e8re, au Fils et au Saint-Esprit, comme il \u00e9tait au commencement, maintenant et toujours, pour les si\u00e8cles des si\u00e8cles.<\/em><\/p>\n<p><strong><em>N<span class=\"text__translation\">euvi\u00e8me jour<\/span><\/em><\/strong><\/p>\n<p><em>Pour l\u2019amour extraordinaire que vous e\u00fbtes pour les tourments pour lesquelles vous imput\u00e2tes \u00e0 une grande fortune le fait de souffrir dans les invisibles stigmates de toutes les douleurs d\u2019un corps crucifi\u00e9, et surprise dans la derni\u00e8re infirmit\u00e9, vous rend\u00eetes spectacle d\u2019admiration \u00e0 tout le monde de par la s\u00e9r\u00e9nit\u00e9 et la gloire avec lesquelles vous souffr\u00eetes les tourments les plus \u00e9pouvantables, obtenez pour nous du Seigneur la gr\u00e2ce de recevoir avec chr\u00e9tienne r\u00e9signation, voir avec sainte all\u00e9gresse toutes les croix que notre Seigneur se complaira de nous visiter, afin que, apr\u00e8s avoir port\u00e9 la mortification de Christ sur nos membres, nous puissions avec vous participer \u00e0 la pl\u00e9nitude de sa b\u00e9atitude dans la maison de l\u2019\u00e9ternit\u00e9.<\/em><\/p>\n<p><em>Gloire au P\u00e8re, au Fils et au Saint-Esprit, comme il \u00e9tait au commencement, maintenant et toujours, pour les si\u00e8cles des si\u00e8cles.<\/em><\/p>\n","protected":false},"excerpt":{"rendered":"<p>Sainte Catherine de Sienne, de femme du peuple \u00e0 conseill\u00e8re des Papes et princes. Courageuse, sage et totalement d\u00e9vou\u00e9e \u00e0 Christ. Apprenons \u00e0 mieux conna\u00eetre la Sainte Patronne d\u2019Italie. En pensant \u00e0 Catherine de Sienne, la premi\u00e8re r\u00e9flexion qui vient \u00e0 l\u2019esprit est comment la&hellip;<\/p>\n","protected":false},"author":1,"featured_media":4449,"comment_status":"closed","ping_status":"open","sticky":false,"template":"","format":"standard","meta":{"_acf_changed":false,"footnotes":""},"categories":[7],"tags":[],"class_list":["post-4446","post","type-post","status-publish","format-standard","has-post-thumbnail","hentry","category-saints-et-bienheureux"],"acf":[],"yoast_head":"<!-- This site is optimized with the Yoast SEO plugin v26.6 - https:\/\/yoast.com\/wordpress\/plugins\/seo\/ -->\n<title>Saint Catherine de Sienne : patronne d\u2019Italie - Holyart.fr Blog<\/title>\n<meta name=\"description\" content=\"Sainte Catherine de Sienne, de femme du peuple \u00e0 conseill\u00e8re des Papes et princes. Courageuse, sage et totalement d\u00e9vou\u00e9e \u00e0 Christ. Apprenons \u00e0 mieux...\" \/>\n<meta name=\"robots\" content=\"index, follow, max-snippet:-1, max-image-preview:large, max-video-preview:-1\" \/>\n<link rel=\"canonical\" href=\"https:\/\/blog.holyart.it\/fr\/saints-et-bienheureux\/saint-catherine-de-sienne-patronne-ditalie\/\" \/>\n<meta property=\"og:locale\" content=\"fr_FR\" \/>\n<meta property=\"og:type\" content=\"article\" \/>\n<meta property=\"og:title\" content=\"Saint Catherine de Sienne : patronne d\u2019Italie - Holyart.fr Blog\" \/>\n<meta property=\"og:description\" content=\"Sainte Catherine de Sienne, de femme du peuple \u00e0 conseill\u00e8re des Papes et princes. Courageuse, sage et totalement d\u00e9vou\u00e9e \u00e0 Christ. Apprenons \u00e0 mieux...\" \/>\n<meta property=\"og:url\" content=\"https:\/\/blog.holyart.it\/fr\/saints-et-bienheureux\/saint-catherine-de-sienne-patronne-ditalie\/\" \/>\n<meta property=\"og:site_name\" content=\"Holyart.fr Blog\" \/>\n<meta property=\"article:published_time\" content=\"2022-04-27T10:30:25+00:00\" \/>\n<meta property=\"article:modified_time\" content=\"2024-04-16T07:47:41+00:00\" \/>\n<meta property=\"og:image\" content=\"https:\/\/blog.holyart.it\/fr\/wp-content\/uploads\/sites\/14\/2022\/04\/Saint-Catherine-de-Sienne-patronne-d\u2019Italie.jpg\" \/>\n\t<meta property=\"og:image:width\" content=\"1000\" \/>\n\t<meta property=\"og:image:height\" content=\"666\" \/>\n\t<meta property=\"og:image:type\" content=\"image\/jpeg\" \/>\n<meta name=\"author\" content=\"Redazione\" \/>\n<meta name=\"twitter:card\" content=\"summary_large_image\" \/>\n<meta name=\"twitter:label1\" content=\"\u00c9crit par\" \/>\n\t<meta name=\"twitter:data1\" content=\"Redazione\" \/>\n\t<meta name=\"twitter:label2\" content=\"Dur\u00e9e de lecture estim\u00e9e\" \/>\n\t<meta name=\"twitter:data2\" content=\"16 minutes\" \/>\n<script type=\"application\/ld+json\" class=\"yoast-schema-graph\">{\"@context\":\"https:\/\/schema.org\",\"@graph\":[{\"@type\":\"Article\",\"@id\":\"https:\/\/blog.holyart.it\/fr\/saints-et-bienheureux\/saint-catherine-de-sienne-patronne-ditalie\/#article\",\"isPartOf\":{\"@id\":\"https:\/\/blog.holyart.it\/fr\/saints-et-bienheureux\/saint-catherine-de-sienne-patronne-ditalie\/\"},\"author\":{\"name\":\"Redazione\",\"@id\":\"https:\/\/blog.holyart.it\/fr\/#\/schema\/person\/0a7b686e5af0f856ec1e390dd0baecda\"},\"headline\":\"Saint Catherine de Sienne : patronne d\u2019Italie\",\"datePublished\":\"2022-04-27T10:30:25+00:00\",\"dateModified\":\"2024-04-16T07:47:41+00:00\",\"mainEntityOfPage\":{\"@id\":\"https:\/\/blog.holyart.it\/fr\/saints-et-bienheureux\/saint-catherine-de-sienne-patronne-ditalie\/\"},\"wordCount\":3220,\"publisher\":{\"@id\":\"https:\/\/blog.holyart.it\/fr\/#organization\"},\"image\":{\"@id\":\"https:\/\/blog.holyart.it\/fr\/saints-et-bienheureux\/saint-catherine-de-sienne-patronne-ditalie\/#primaryimage\"},\"thumbnailUrl\":\"https:\/\/blog.holyart.it\/fr\/wp-content\/uploads\/sites\/14\/2022\/04\/Saint-Catherine-de-Sienne-patronne-d\u2019Italie.jpg\",\"articleSection\":[\"Saints et Bienheureux\"],\"inLanguage\":\"fr-FR\"},{\"@type\":\"WebPage\",\"@id\":\"https:\/\/blog.holyart.it\/fr\/saints-et-bienheureux\/saint-catherine-de-sienne-patronne-ditalie\/\",\"url\":\"https:\/\/blog.holyart.it\/fr\/saints-et-bienheureux\/saint-catherine-de-sienne-patronne-ditalie\/\",\"name\":\"Saint Catherine de Sienne : patronne d\u2019Italie - Holyart.fr Blog\",\"isPartOf\":{\"@id\":\"https:\/\/blog.holyart.it\/fr\/#website\"},\"primaryImageOfPage\":{\"@id\":\"https:\/\/blog.holyart.it\/fr\/saints-et-bienheureux\/saint-catherine-de-sienne-patronne-ditalie\/#primaryimage\"},\"image\":{\"@id\":\"https:\/\/blog.holyart.it\/fr\/saints-et-bienheureux\/saint-catherine-de-sienne-patronne-ditalie\/#primaryimage\"},\"thumbnailUrl\":\"https:\/\/blog.holyart.it\/fr\/wp-content\/uploads\/sites\/14\/2022\/04\/Saint-Catherine-de-Sienne-patronne-d\u2019Italie.jpg\",\"datePublished\":\"2022-04-27T10:30:25+00:00\",\"dateModified\":\"2024-04-16T07:47:41+00:00\",\"description\":\"Sainte Catherine de Sienne, de femme du peuple \u00e0 conseill\u00e8re des Papes et princes. Courageuse, sage et totalement d\u00e9vou\u00e9e \u00e0 Christ. Apprenons \u00e0 mieux...\",\"breadcrumb\":{\"@id\":\"https:\/\/blog.holyart.it\/fr\/saints-et-bienheureux\/saint-catherine-de-sienne-patronne-ditalie\/#breadcrumb\"},\"inLanguage\":\"fr-FR\",\"potentialAction\":[{\"@type\":\"ReadAction\",\"target\":[\"https:\/\/blog.holyart.it\/fr\/saints-et-bienheureux\/saint-catherine-de-sienne-patronne-ditalie\/\"]}]},{\"@type\":\"ImageObject\",\"inLanguage\":\"fr-FR\",\"@id\":\"https:\/\/blog.holyart.it\/fr\/saints-et-bienheureux\/saint-catherine-de-sienne-patronne-ditalie\/#primaryimage\",\"url\":\"https:\/\/blog.holyart.it\/fr\/wp-content\/uploads\/sites\/14\/2022\/04\/Saint-Catherine-de-Sienne-patronne-d\u2019Italie.jpg\",\"contentUrl\":\"https:\/\/blog.holyart.it\/fr\/wp-content\/uploads\/sites\/14\/2022\/04\/Saint-Catherine-de-Sienne-patronne-d\u2019Italie.jpg\",\"width\":1000,\"height\":666,\"caption\":\"Saint Catherine de Sienne patronne d\u2019Italie\"},{\"@type\":\"BreadcrumbList\",\"@id\":\"https:\/\/blog.holyart.it\/fr\/saints-et-bienheureux\/saint-catherine-de-sienne-patronne-ditalie\/#breadcrumb\",\"itemListElement\":[{\"@type\":\"ListItem\",\"position\":1,\"name\":\"Homepage\",\"item\":\"https:\/\/blog.holyart.it\/fr\/\"},{\"@type\":\"ListItem\",\"position\":2,\"name\":\"Saints et Bienheureux\",\"item\":\"https:\/\/blog.holyart.it\/fr\/saints-et-bienheureux\/\"},{\"@type\":\"ListItem\",\"position\":3,\"name\":\"Saint Catherine de Sienne : patronne d\u2019Italie\"}]},{\"@type\":\"WebSite\",\"@id\":\"https:\/\/blog.holyart.it\/fr\/#website\",\"url\":\"https:\/\/blog.holyart.it\/fr\/\",\"name\":\"Holyart.fr Blog\",\"description\":\"Holyblog\",\"publisher\":{\"@id\":\"https:\/\/blog.holyart.it\/fr\/#organization\"},\"potentialAction\":[{\"@type\":\"SearchAction\",\"target\":{\"@type\":\"EntryPoint\",\"urlTemplate\":\"https:\/\/blog.holyart.it\/fr\/?s={search_term_string}\"},\"query-input\":{\"@type\":\"PropertyValueSpecification\",\"valueRequired\":true,\"valueName\":\"search_term_string\"}}],\"inLanguage\":\"fr-FR\"},{\"@type\":\"Organization\",\"@id\":\"https:\/\/blog.holyart.it\/fr\/#organization\",\"name\":\"Holyart.fr Blog\",\"url\":\"https:\/\/blog.holyart.it\/fr\/\",\"logo\":{\"@type\":\"ImageObject\",\"inLanguage\":\"fr-FR\",\"@id\":\"https:\/\/blog.holyart.it\/fr\/#\/schema\/logo\/image\/\",\"url\":\"https:\/\/blog.holyart.it\/fr\/wp-content\/uploads\/sites\/14\/2022\/12\/Holyart_Blog_Logo.jpg\",\"contentUrl\":\"https:\/\/blog.holyart.it\/fr\/wp-content\/uploads\/sites\/14\/2022\/12\/Holyart_Blog_Logo.jpg\",\"width\":300,\"height\":50,\"caption\":\"Holyart.fr Blog\"},\"image\":{\"@id\":\"https:\/\/blog.holyart.it\/fr\/#\/schema\/logo\/image\/\"}},{\"@type\":\"Person\",\"@id\":\"https:\/\/blog.holyart.it\/fr\/#\/schema\/person\/0a7b686e5af0f856ec1e390dd0baecda\",\"name\":\"Redazione\",\"image\":{\"@type\":\"ImageObject\",\"inLanguage\":\"fr-FR\",\"@id\":\"https:\/\/blog.holyart.it\/fr\/#\/schema\/person\/image\/\",\"url\":\"https:\/\/secure.gravatar.com\/avatar\/f477da817f43e50d0af36abecd33e3edf826c68299714bdc1057dff3b113f516?s=96&d=mm&r=g\",\"contentUrl\":\"https:\/\/secure.gravatar.com\/avatar\/f477da817f43e50d0af36abecd33e3edf826c68299714bdc1057dff3b113f516?s=96&d=mm&r=g\",\"caption\":\"Redazione\"},\"url\":\"https:\/\/blog.holyart.it\/fr\/author\/admin\/\"}]}<\/script>\n<!-- \/ Yoast SEO plugin. -->","yoast_head_json":{"title":"Saint Catherine de Sienne : patronne d\u2019Italie - Holyart.fr Blog","description":"Sainte Catherine de Sienne, de femme du peuple \u00e0 conseill\u00e8re des Papes et princes. Courageuse, sage et totalement d\u00e9vou\u00e9e \u00e0 Christ. Apprenons \u00e0 mieux...","robots":{"index":"index","follow":"follow","max-snippet":"max-snippet:-1","max-image-preview":"max-image-preview:large","max-video-preview":"max-video-preview:-1"},"canonical":"https:\/\/blog.holyart.it\/fr\/saints-et-bienheureux\/saint-catherine-de-sienne-patronne-ditalie\/","og_locale":"fr_FR","og_type":"article","og_title":"Saint Catherine de Sienne : patronne d\u2019Italie - Holyart.fr Blog","og_description":"Sainte Catherine de Sienne, de femme du peuple \u00e0 conseill\u00e8re des Papes et princes. Courageuse, sage et totalement d\u00e9vou\u00e9e \u00e0 Christ. Apprenons \u00e0 mieux...","og_url":"https:\/\/blog.holyart.it\/fr\/saints-et-bienheureux\/saint-catherine-de-sienne-patronne-ditalie\/","og_site_name":"Holyart.fr Blog","article_published_time":"2022-04-27T10:30:25+00:00","article_modified_time":"2024-04-16T07:47:41+00:00","og_image":[{"width":1000,"height":666,"url":"https:\/\/blog.holyart.it\/fr\/wp-content\/uploads\/sites\/14\/2022\/04\/Saint-Catherine-de-Sienne-patronne-d\u2019Italie.jpg","type":"image\/jpeg"}],"author":"Redazione","twitter_card":"summary_large_image","twitter_misc":{"\u00c9crit par":"Redazione","Dur\u00e9e de lecture estim\u00e9e":"16 minutes"},"schema":{"@context":"https:\/\/schema.org","@graph":[{"@type":"Article","@id":"https:\/\/blog.holyart.it\/fr\/saints-et-bienheureux\/saint-catherine-de-sienne-patronne-ditalie\/#article","isPartOf":{"@id":"https:\/\/blog.holyart.it\/fr\/saints-et-bienheureux\/saint-catherine-de-sienne-patronne-ditalie\/"},"author":{"name":"Redazione","@id":"https:\/\/blog.holyart.it\/fr\/#\/schema\/person\/0a7b686e5af0f856ec1e390dd0baecda"},"headline":"Saint Catherine de Sienne : patronne d\u2019Italie","datePublished":"2022-04-27T10:30:25+00:00","dateModified":"2024-04-16T07:47:41+00:00","mainEntityOfPage":{"@id":"https:\/\/blog.holyart.it\/fr\/saints-et-bienheureux\/saint-catherine-de-sienne-patronne-ditalie\/"},"wordCount":3220,"publisher":{"@id":"https:\/\/blog.holyart.it\/fr\/#organization"},"image":{"@id":"https:\/\/blog.holyart.it\/fr\/saints-et-bienheureux\/saint-catherine-de-sienne-patronne-ditalie\/#primaryimage"},"thumbnailUrl":"https:\/\/blog.holyart.it\/fr\/wp-content\/uploads\/sites\/14\/2022\/04\/Saint-Catherine-de-Sienne-patronne-d\u2019Italie.jpg","articleSection":["Saints et Bienheureux"],"inLanguage":"fr-FR"},{"@type":"WebPage","@id":"https:\/\/blog.holyart.it\/fr\/saints-et-bienheureux\/saint-catherine-de-sienne-patronne-ditalie\/","url":"https:\/\/blog.holyart.it\/fr\/saints-et-bienheureux\/saint-catherine-de-sienne-patronne-ditalie\/","name":"Saint Catherine de Sienne : patronne d\u2019Italie - Holyart.fr Blog","isPartOf":{"@id":"https:\/\/blog.holyart.it\/fr\/#website"},"primaryImageOfPage":{"@id":"https:\/\/blog.holyart.it\/fr\/saints-et-bienheureux\/saint-catherine-de-sienne-patronne-ditalie\/#primaryimage"},"image":{"@id":"https:\/\/blog.holyart.it\/fr\/saints-et-bienheureux\/saint-catherine-de-sienne-patronne-ditalie\/#primaryimage"},"thumbnailUrl":"https:\/\/blog.holyart.it\/fr\/wp-content\/uploads\/sites\/14\/2022\/04\/Saint-Catherine-de-Sienne-patronne-d\u2019Italie.jpg","datePublished":"2022-04-27T10:30:25+00:00","dateModified":"2024-04-16T07:47:41+00:00","description":"Sainte Catherine de Sienne, de femme du peuple \u00e0 conseill\u00e8re des Papes et princes. Courageuse, sage et totalement d\u00e9vou\u00e9e \u00e0 Christ. Apprenons \u00e0 mieux...","breadcrumb":{"@id":"https:\/\/blog.holyart.it\/fr\/saints-et-bienheureux\/saint-catherine-de-sienne-patronne-ditalie\/#breadcrumb"},"inLanguage":"fr-FR","potentialAction":[{"@type":"ReadAction","target":["https:\/\/blog.holyart.it\/fr\/saints-et-bienheureux\/saint-catherine-de-sienne-patronne-ditalie\/"]}]},{"@type":"ImageObject","inLanguage":"fr-FR","@id":"https:\/\/blog.holyart.it\/fr\/saints-et-bienheureux\/saint-catherine-de-sienne-patronne-ditalie\/#primaryimage","url":"https:\/\/blog.holyart.it\/fr\/wp-content\/uploads\/sites\/14\/2022\/04\/Saint-Catherine-de-Sienne-patronne-d\u2019Italie.jpg","contentUrl":"https:\/\/blog.holyart.it\/fr\/wp-content\/uploads\/sites\/14\/2022\/04\/Saint-Catherine-de-Sienne-patronne-d\u2019Italie.jpg","width":1000,"height":666,"caption":"Saint Catherine de Sienne patronne d\u2019Italie"},{"@type":"BreadcrumbList","@id":"https:\/\/blog.holyart.it\/fr\/saints-et-bienheureux\/saint-catherine-de-sienne-patronne-ditalie\/#breadcrumb","itemListElement":[{"@type":"ListItem","position":1,"name":"Homepage","item":"https:\/\/blog.holyart.it\/fr\/"},{"@type":"ListItem","position":2,"name":"Saints et Bienheureux","item":"https:\/\/blog.holyart.it\/fr\/saints-et-bienheureux\/"},{"@type":"ListItem","position":3,"name":"Saint Catherine de Sienne : patronne d\u2019Italie"}]},{"@type":"WebSite","@id":"https:\/\/blog.holyart.it\/fr\/#website","url":"https:\/\/blog.holyart.it\/fr\/","name":"Holyart.fr Blog","description":"Holyblog","publisher":{"@id":"https:\/\/blog.holyart.it\/fr\/#organization"},"potentialAction":[{"@type":"SearchAction","target":{"@type":"EntryPoint","urlTemplate":"https:\/\/blog.holyart.it\/fr\/?s={search_term_string}"},"query-input":{"@type":"PropertyValueSpecification","valueRequired":true,"valueName":"search_term_string"}}],"inLanguage":"fr-FR"},{"@type":"Organization","@id":"https:\/\/blog.holyart.it\/fr\/#organization","name":"Holyart.fr Blog","url":"https:\/\/blog.holyart.it\/fr\/","logo":{"@type":"ImageObject","inLanguage":"fr-FR","@id":"https:\/\/blog.holyart.it\/fr\/#\/schema\/logo\/image\/","url":"https:\/\/blog.holyart.it\/fr\/wp-content\/uploads\/sites\/14\/2022\/12\/Holyart_Blog_Logo.jpg","contentUrl":"https:\/\/blog.holyart.it\/fr\/wp-content\/uploads\/sites\/14\/2022\/12\/Holyart_Blog_Logo.jpg","width":300,"height":50,"caption":"Holyart.fr Blog"},"image":{"@id":"https:\/\/blog.holyart.it\/fr\/#\/schema\/logo\/image\/"}},{"@type":"Person","@id":"https:\/\/blog.holyart.it\/fr\/#\/schema\/person\/0a7b686e5af0f856ec1e390dd0baecda","name":"Redazione","image":{"@type":"ImageObject","inLanguage":"fr-FR","@id":"https:\/\/blog.holyart.it\/fr\/#\/schema\/person\/image\/","url":"https:\/\/secure.gravatar.com\/avatar\/f477da817f43e50d0af36abecd33e3edf826c68299714bdc1057dff3b113f516?s=96&d=mm&r=g","contentUrl":"https:\/\/secure.gravatar.com\/avatar\/f477da817f43e50d0af36abecd33e3edf826c68299714bdc1057dff3b113f516?s=96&d=mm&r=g","caption":"Redazione"},"url":"https:\/\/blog.holyart.it\/fr\/author\/admin\/"}]}},"_links":{"self":[{"href":"https:\/\/blog.holyart.it\/fr\/wp-json\/wp\/v2\/posts\/4446","targetHints":{"allow":["GET"]}}],"collection":[{"href":"https:\/\/blog.holyart.it\/fr\/wp-json\/wp\/v2\/posts"}],"about":[{"href":"https:\/\/blog.holyart.it\/fr\/wp-json\/wp\/v2\/types\/post"}],"author":[{"embeddable":true,"href":"https:\/\/blog.holyart.it\/fr\/wp-json\/wp\/v2\/users\/1"}],"replies":[{"embeddable":true,"href":"https:\/\/blog.holyart.it\/fr\/wp-json\/wp\/v2\/comments?post=4446"}],"version-history":[{"count":1,"href":"https:\/\/blog.holyart.it\/fr\/wp-json\/wp\/v2\/posts\/4446\/revisions"}],"predecessor-version":[{"id":6152,"href":"https:\/\/blog.holyart.it\/fr\/wp-json\/wp\/v2\/posts\/4446\/revisions\/6152"}],"wp:featuredmedia":[{"embeddable":true,"href":"https:\/\/blog.holyart.it\/fr\/wp-json\/wp\/v2\/media\/4449"}],"wp:attachment":[{"href":"https:\/\/blog.holyart.it\/fr\/wp-json\/wp\/v2\/media?parent=4446"}],"wp:term":[{"taxonomy":"category","embeddable":true,"href":"https:\/\/blog.holyart.it\/fr\/wp-json\/wp\/v2\/categories?post=4446"},{"taxonomy":"post_tag","embeddable":true,"href":"https:\/\/blog.holyart.it\/fr\/wp-json\/wp\/v2\/tags?post=4446"}],"curies":[{"name":"wp","href":"https:\/\/api.w.org\/{rel}","templated":true}]}}