{"id":4421,"date":"2022-04-18T12:30:12","date_gmt":"2022-04-18T10:30:12","guid":{"rendered":"https:\/\/blog.holyart.it\/fr\/?p=4421"},"modified":"2025-02-12T14:39:13","modified_gmt":"2025-02-12T13:39:13","slug":"lundi-de-paques-ou-lundi-de-lange-decouvrons-pourquoi-il-est-appele-ainsi","status":"publish","type":"post","link":"https:\/\/blog.holyart.it\/fr\/paques\/lundi-de-paques-ou-lundi-de-lange-decouvrons-pourquoi-il-est-appele-ainsi\/","title":{"rendered":"Lundi de P\u00e2ques ou Lundi de l\u2019Ange ? D\u00e9couvrons pourquoi il est appel\u00e9 ainsi"},"content":{"rendered":"<h4>Pourquoi le lundi apr\u00e8s P\u00e2ques est appel\u00e9 Lundi de l\u2019Ange ? Comment est f\u00eat\u00e9 le Lundi de P\u00e2ques ? D\u00e9couvrons-le dans cet article.<\/h4>\n\n<p>Tout le monde ne sait probablement pas que P\u00e2ques dure huit jours \u2013 si vous souhaitez en d\u00e9couvrir plus sur les <a href=\"https:\/\/www.holyart.fr\/blog\/occasions-speciales\/comment-calcule-t-on-la-date-de-paques\/\"><strong>dates de P\u00e2ques et sur comment on les calcule<\/strong><\/a>, nous y avons justement d\u00e9di\u00e9 un article \u2013 mais tout le monde sait ce qu\u2019est le <strong>Lundi de P\u00e2ques<\/strong>. En Italie c\u2019est un jour f\u00e9ri\u00e9 dans le calendrier liturgique comme dans le calendrier civil et souvent on le f\u00eate avec un barbecue, une escapade, mais pas seulement : lisez cet article afin de d\u00e9couvrir de nombreuses curiosit\u00e9s int\u00e9ressantes sur les festivit\u00e9s du Lundi de P\u00e2ques.<\/p>\n<div class=\"link-article\">\n<p><img loading=\"lazy\" decoding=\"async\" class=\"alignnone size-full wp-image-4423\" src=\"https:\/\/blog.holyart.it\/fr\/wp-content\/uploads\/sites\/14\/2022\/04\/Comment-calcule-t-on-la-date-de-P\u00e2ques.jpeg\" alt=\"Comment calcule-t-on la date de P\u00e2ques\" width=\"150\" height=\"99\" data-kale-share-title=\"Lundi de P\u00e2ques ou Lundi de l\u2019Ange ? D\u00e9couvrons pourquoi il est appel\u00e9 ainsi\" data-kale-share-url=\"https:\/\/blog.holyart.it\/fr\/?p=4421\" \/><\/p>\n<div class=\"leggi-anche\">Lire aussi :<\/div>\n<p><strong><a href=\"https:\/\/www.holyart.fr\/blog\/occasions-speciales\/comment-calcule-t-on-la-date-de-paques\/\">Comment calcule-t-on la date de P\u00e2ques ?<\/a><\/strong><br \/>\nChaque ann\u00e9e sa date change, mais elle reste la f\u00eate la plus importante : dans cet article vous d\u00e9couvrirez comme on calcule la date de P\u00e2ques&#8230;<\/p>\n<\/div>\n<h2>Lundi de l\u2019Ange, Lundi de P\u00e2ques<\/h2>\n<p>Le lundi qui suit le dimanche de P\u00e2ques est un jour de f\u00eate. Le <a href=\"https:\/\/www.holyart.fr\/occasions-speciales\/paques-et-careme?path=occasions-speciales&amp;path=paques-et-careme\"><strong>dimanche de P\u00e2ques<\/strong><\/a> c\u00e9l\u00e8bre la r\u00e9surrection du Seigneur et est la f\u00eate la plus importante du calendrier liturgique. Le lundi suivant est par contre d\u00e9di\u00e9 au souvenir de l\u2019\u00e9pisode de l\u2019\u00c9vangile o\u00f9 les femmes, apr\u00e8s les \u00e9v\u00e9nements de la mort de Christ, se rendent au <strong>tombeau de J\u00e9sus<\/strong>. En y arrivant, elles ne trouvent pas le corps du Ma\u00eetre \u2013 qui est ressuscit\u00e9 \u2013 mais un <strong>ange du Seigneur<\/strong>, qui les attend. De l\u2019ange elles re\u00e7oivent la grandiose nouvelle : \u201cPour vous, ne craignez pas ; car je sais que vous cherchez J\u00e9sus qui a \u00e9t\u00e9 crucifi\u00e9. Il n\u2019est point ici ; <a href=\"https:\/\/www.holyart.fr\/occasions-speciales\/paques-et-careme\/christ-ressuscite-pretre-et-roi?page=1&amp;path=occasions-speciales&amp;path=paques-et-careme&amp;path=christ-ressuscite-pretre-et-roi\"><strong>il est ressuscit\u00e9, comme il l\u2019avait dit<\/strong><\/a>. Venez, voyez le lieu o\u00f9 il \u00e9tait couch\u00e9\u201d. Cet \u00e9pisode referme le message tr\u00e8s important de la <strong>R\u00e9surrection<\/strong> et de la joie qui en d\u00e9coule. Pour cette raison il est rappel\u00e9 dans un jour sp\u00e9cifique. Le nom \u00ab\u00a0<strong>Lundi de l\u2019Ange<\/strong>\u00a0\u00bb vient de ce passage de l\u2019\u00c9vangile.<\/p>\n<p><img loading=\"lazy\" decoding=\"async\" class=\"alignnone size-full wp-image-4426\" src=\"https:\/\/blog.holyart.it\/fr\/wp-content\/uploads\/sites\/14\/2022\/04\/Lundi-de-l\u2019Ange.jpeg\" alt=\"Lundi de l\u2019Ange\" width=\"999\" height=\"669\" data-kale-share-title=\"Lundi de P\u00e2ques ou Lundi de l\u2019Ange ? D\u00e9couvrons pourquoi il est appel\u00e9 ainsi\" data-kale-share-url=\"https:\/\/blog.holyart.it\/fr\/?p=4421\" \/><\/p>\n<p>On parle \u00e9galement de \u00ab\u00a0<strong>Lundi de P\u00e2ques<\/strong>\u00a0\u00bb : la raison de cette expression est que la f\u00eate de P\u00e2ques dure huit jours \u2013 l\u2019<strong>Octave de P\u00e2ques<\/strong>. Le Lundi de l\u2019Ange est aussi le lundi de l\u2019Octave de P\u00e2ques et chaque jour de l\u2019Octave est un prolongement de P\u00e2ques m\u00eame.<\/p>\n<p>Le terme italien <strong>\u00ab\u00a0Pasquetta\u00a0\u00bb<\/strong> vient par contre de la tradition populaire. Le mot <em>Pasquetta<\/em> est un <strong>diminutif<\/strong> du mot P\u00e2ques : il s\u2019agit donc d\u2019une petite P\u00e2que, un autre jour o\u00f9 f\u00eater, pas aussi important que le dimanche de P\u00e2ques, mais qui prolonge la joie du dimanche pr\u00e9c\u00e9dent. Le Lundi de P\u00e2ques est entr\u00e9 \u00e9galement dans la tradition civile comme jour f\u00e9ri\u00e9 et r\u00e9cr\u00e9atif.<\/p>\n<h2>Les f\u00eates de pr\u00e9cepte catholiques<\/h2>\n<p>Le Lundi de P\u00e2ques est-il obligatoire d\u2019assister \u00e0 la Messe selon le droit eccl\u00e9siastique ? La r\u00e9ponse est non. En effet, le Lundi de P\u00e2ques ne rentre pas dans la cat\u00e9gorie des <strong>f\u00eates de pr\u00e9cepte catholique<\/strong>s, i.e. les festivit\u00e9s ou solennit\u00e9s o\u00f9 l\u2019\u00c9glise oblige les fid\u00e8les \u00e0 participer \u00e0 la <strong>c\u00e9l\u00e9bration de l\u2019Eucharistie<\/strong> et \u00e0 s\u2019abstenir de toute activit\u00e9 ne permettant pas de rendre un culte \u00e0 Dieu et de Le glorifier avec la f\u00eate et le repos. Selon le <strong>Code de Droit Canonique<\/strong>, les f\u00eates de pr\u00e9cepte sont :<\/p>\n<ul>\n<li>Tous les dimanches (y compris celle de P\u00e2ques, bien \u00e9videmment)<\/li>\n<li><a href=\"https:\/\/www.holyart.fr\/noel?path=noel\"><strong>No\u00ebl &#8211; 25 d\u00e9cembre<\/strong><\/a><\/li>\n<li>\u00c9piphanie &#8211; 6 janvier<\/li>\n<li>Ascension du Seigneur \u2013 quaranti\u00e8me jour apr\u00e8s P\u00e2ques<\/li>\n<li><em>Corpus Domini<\/em> \u2013 jeudi apr\u00e8s la Pentec\u00f4te<\/li>\n<li>Marie Tr\u00e8s Sainte M\u00e8re de Dieu \u2013 1er janvier<\/li>\n<li>Immacul\u00e9e Conception de Marie \u2013 8 d\u00e9cembre<\/li>\n<li>Assomption de Marie \u2013 5 ao\u00fbt<\/li>\n<li>Toussaint \u2013 1er novembre<\/li>\n<\/ul>\n<p>L&rsquo;Ascension et le <em>Corpus Domini<\/em> sont des <strong>f\u00eates mobiles<\/strong>, c\u2019est-\u00e0-dire que leur date varie chaque ann\u00e9e, tandis que les autres sont des <strong>f\u00eates fixes<\/strong> et tombent toujours \u00e0 la m\u00eame date.<\/p>\n<div class=\"link-article\">\n<p><img loading=\"lazy\" decoding=\"async\" class=\"alignnone size-full wp-image-4427\" src=\"https:\/\/blog.holyart.it\/fr\/wp-content\/uploads\/sites\/14\/2022\/04\/Les-animaux-symboles-de-la-P\u00e2ques-chr\u00e9tienne.jpg\" alt=\"Les animaux symboles de la P\u00e2ques chr\u00e9tienne\" width=\"150\" height=\"99\" data-kale-share-title=\"Lundi de P\u00e2ques ou Lundi de l\u2019Ange ? D\u00e9couvrons pourquoi il est appel\u00e9 ainsi\" data-kale-share-url=\"https:\/\/blog.holyart.it\/fr\/?p=4421\" \/><\/p>\n<div class=\"leggi-anche\">Lire aussi :<\/div>\n<p><strong><a href=\"https:\/\/www.holyart.fr\/blog\/articles-religieux\/les-animaux-symboles-de-la-paques-chretienne\/\">Les animaux symboles de la P\u00e2ques chr\u00e9tienne<\/a><\/strong><br \/>\nColombes, lapins, agneaux : comme des animaux et d\u2019autres \u00e9l\u00e9ments du monde naturel deviennent des symboles de P\u00e2ques.<\/p>\n<\/div>\n<h2>Comment le Lundi de l\u2019Ange est-il f\u00eat\u00e9<\/h2>\n<p>M\u00eame si ce n\u2019est pas une f\u00eate de pr\u00e9cepte, le Lundi de P\u00e2ques est c\u00e9l\u00e9br\u00e9 de diff\u00e9rentes mani\u00e8res.\u00a0 Parmi les diff\u00e9rentes <strong>traditions<\/strong>, il y a celle de d\u00e9dier la journ\u00e9e \u00e0 une <strong>escapade<\/strong>, avec sa famille ou ses amis. Certains disent qu\u2019il s\u2019agit m\u00eame d\u2019une tradition inspir\u00e9e par l\u2019\u00c9vangile, en particulier par l\u2019\u00e9pisode de l\u2019apparition de J\u00e9sus \u00e0 deux disciples en chemin vers Emma\u00fcs.<\/p>\n<p>Dans diff\u00e9rentes <strong>communes italiennes<\/strong>, le Lundi de P\u00e2ques se f\u00eate avec des <strong>c\u00e9l\u00e9brations<\/strong> et des <strong>cort\u00e8ges<\/strong> <strong>religieux<\/strong>. \u00c0 <strong>Mongiuffi Melia<\/strong> (Messine) on c\u00e9l\u00e8bre la <strong>rencontre entre J\u00e9sus Ressuscit\u00e9 et la Vierge Marie<\/strong>. La statue de Christ Ressuscit\u00e9 part de l\u2019\u00e9glise de San Sebastiano, celle de Marie de l\u2019\u00c9glise de Saint Nicol\u00f2 di Bari, couverte d\u2019un voile noir. Les deux statues se rejoignent au \u00ab\u00a0Pianto degli Angeli\u00a0\u00bb (Pleur des Anges), le voile de Marie est remplac\u00e9 par un voile blanc et la Vierge est couronn\u00e9e de fleurs. La rencontre entre les deux statues est accompagn\u00e9e de chants d\u2019enfants entre 5 et 10 ans d\u2019\u00e2ge, surnomm\u00e9s les \u00ab\u00a0anges de Marie\u00a0\u00bb. \u00c0 <strong>Parete <\/strong>(Caserte) on c\u00e9l\u00e8bre la f\u00eate patronale de la Tr\u00e8s Sainte Marie della Rotonda. Pour cette occasion, on met en sc\u00e8ne le \u00ab\u00a0<strong>vol des anges<\/strong>\u00a0\u00bb : des statues d\u2019anges sont soulev\u00e9es avec des c\u00e2bles et pr\u00e9c\u00e8dent la procession de la Vierge. \u00c0 <strong>Santa Venerina<\/strong> (Catane) sont ouvertes, uniquement pour cette occasion, trois chapelles o\u00f9 se tiennent les <strong>c\u00e9l\u00e9brations eucharistiques<\/strong> : Santa Venera, Madonna delle Grazie, Maria Santissima del Carmelo.<\/p>\n<p>Souvent cette journ\u00e9e est anim\u00e9e \u00e9galement avec des <strong>traditions populaires et<\/strong> des <strong>jeux<\/strong>, pas n\u00e9cessairement li\u00e9s \u00e0 la signification religieuse. \u00c0 <strong>Tredozio <\/strong>(Forl\u00ec-Cesena) on c\u00e9l\u00e8bre la Sagra (une kermesse) et le Palio de l\u2019\u0153uf, et le Lundi de P\u00e2ques est d\u00e9di\u00e9 aux mangeurs d\u2019\u0153ufs cuits durs. \u00c0 <strong>Fiorenzula d&rsquo;Ardua<\/strong> (Plaisance), un jeu traditionnel est celui du Pont al\u2019ov, o\u00f9 deux opposants tiennent chacun un \u0153uf en main et doivent essayer de casser celui de l\u2019adversaire avec la pointe du leur. \u00c0 <strong>Figline Valdarno<\/strong> (Figline) se tient le Palio, non pas celui tr\u00e8s c\u00e9l\u00e8bre entre les contr\u00e9es \u2013 qui a lieu le dimanche de P\u00e2ques \u2013 mais celui des enfants !<\/p>\n<div class=\"link-article\">\n<p><img loading=\"lazy\" decoding=\"async\" class=\"alignnone size-full wp-image-4430\" src=\"https:\/\/blog.holyart.it\/fr\/wp-content\/uploads\/sites\/14\/2022\/04\/Cr\u00e8che-de-P\u00e2ques.png\" alt=\"Cr\u00e8che de P\u00e2ques\" width=\"150\" height=\"99\" data-kale-share-title=\"Lundi de P\u00e2ques ou Lundi de l\u2019Ange ? D\u00e9couvrons pourquoi il est appel\u00e9 ainsi\" data-kale-share-url=\"https:\/\/blog.holyart.it\/fr\/?p=4421\" \/><\/p>\n<div class=\"leggi-anche\">Lire aussi :<\/div>\n<p><strong><a href=\"https:\/\/www.holyart.fr\/blog\/occasions-speciales\/creche-de-paques-une-ancienne-tradition-a-redecouvrir\/\">Cr\u00e8che de P\u00e2ques, une ancienne tradition \u00e0 red\u00e9couvrir<\/a><\/strong><br \/>\nCr\u00e8che de P\u00e2ques ? Bien s\u00fbr ! Dans notre pays c\u2019est une tradition ancienne et tr\u00e8s appr\u00e9ci\u00e9e. Mais quand faut-il l\u2019installer ?<\/p>\n<\/div>\n<p><strong>\u00c0 l\u2019\u00e9tranger<\/strong> aussi on f\u00eate le Lundi de P\u00e2ques : en <strong>Pologne<\/strong> la tradition veut que les hommes poursuivent les femmes en essayant de les arroser d\u2019eau ; aux <strong>\u00c9tats-Unis<\/strong> est c\u00e9l\u00e8bre la chasse aux \u0153ufs dans le jardin de la Maison Blanche.<\/p>\n","protected":false},"excerpt":{"rendered":"<p>Pourquoi le lundi apr\u00e8s P\u00e2ques est appel\u00e9 Lundi de l\u2019Ange ? Comment est f\u00eat\u00e9 le Lundi de P\u00e2ques ? D\u00e9couvrons-le dans cet article. Tout le monde ne sait probablement pas que P\u00e2ques dure huit jours \u2013 si vous souhaitez en d\u00e9couvrir plus sur les dates&hellip;<\/p>\n","protected":false},"author":1,"featured_media":4422,"comment_status":"closed","ping_status":"open","sticky":false,"template":"","format":"standard","meta":{"_acf_changed":false,"footnotes":""},"categories":[14,8],"tags":[],"class_list":["post-4421","post","type-post","status-publish","format-standard","has-post-thumbnail","hentry","category-paques","category-articles-religieux"],"acf":[],"yoast_head":"<!-- This site is optimized with the Yoast SEO plugin v26.6 - https:\/\/yoast.com\/wordpress\/plugins\/seo\/ -->\n<title>Lundi de P\u00e2ques ou Lundi de l\u2019Ange ? Pourquoi il est appel\u00e9 ainsi<\/title>\n<meta name=\"robots\" content=\"index, follow, max-snippet:-1, max-image-preview:large, max-video-preview:-1\" \/>\n<link rel=\"canonical\" href=\"https:\/\/blog.holyart.it\/fr\/paques\/lundi-de-paques-ou-lundi-de-lange-decouvrons-pourquoi-il-est-appele-ainsi\/\" \/>\n<meta property=\"og:locale\" content=\"fr_FR\" \/>\n<meta property=\"og:type\" content=\"article\" \/>\n<meta property=\"og:title\" content=\"Lundi de P\u00e2ques ou Lundi de l\u2019Ange ? Pourquoi il est appel\u00e9 ainsi\" \/>\n<meta property=\"og:description\" content=\"Pourquoi le lundi apr\u00e8s P\u00e2ques est appel\u00e9 Lundi de l\u2019Ange ? Comment est f\u00eat\u00e9 le Lundi de P\u00e2ques ? D\u00e9couvrons-le dans cet article. Tout le monde ne sait probablement pas que P\u00e2ques dure huit jours \u2013 si vous souhaitez en d\u00e9couvrir plus sur les dates&hellip;\" \/>\n<meta property=\"og:url\" content=\"https:\/\/blog.holyart.it\/fr\/paques\/lundi-de-paques-ou-lundi-de-lange-decouvrons-pourquoi-il-est-appele-ainsi\/\" \/>\n<meta property=\"og:site_name\" content=\"Holyart.fr Blog\" \/>\n<meta property=\"article:published_time\" content=\"2022-04-18T10:30:12+00:00\" \/>\n<meta property=\"article:modified_time\" content=\"2025-02-12T13:39:13+00:00\" \/>\n<meta property=\"og:image\" content=\"https:\/\/blog.holyart.it\/fr\/wp-content\/uploads\/sites\/14\/2022\/04\/Lundi-de-P\u00e2ques-ou-Lundi-de-l\u2019Ange.jpg\" \/>\n\t<meta property=\"og:image:width\" content=\"1000\" \/>\n\t<meta property=\"og:image:height\" content=\"666\" \/>\n\t<meta property=\"og:image:type\" content=\"image\/jpeg\" \/>\n<meta name=\"author\" content=\"Redazione\" \/>\n<meta name=\"twitter:card\" content=\"summary_large_image\" \/>\n<meta name=\"twitter:label1\" content=\"\u00c9crit par\" \/>\n\t<meta name=\"twitter:data1\" content=\"Redazione\" \/>\n\t<meta name=\"twitter:label2\" content=\"Dur\u00e9e de lecture estim\u00e9e\" \/>\n\t<meta name=\"twitter:data2\" content=\"7 minutes\" \/>\n<script type=\"application\/ld+json\" class=\"yoast-schema-graph\">{\"@context\":\"https:\/\/schema.org\",\"@graph\":[{\"@type\":\"Article\",\"@id\":\"https:\/\/blog.holyart.it\/fr\/paques\/lundi-de-paques-ou-lundi-de-lange-decouvrons-pourquoi-il-est-appele-ainsi\/#article\",\"isPartOf\":{\"@id\":\"https:\/\/blog.holyart.it\/fr\/paques\/lundi-de-paques-ou-lundi-de-lange-decouvrons-pourquoi-il-est-appele-ainsi\/\"},\"author\":{\"name\":\"Redazione\",\"@id\":\"https:\/\/blog.holyart.it\/fr\/#\/schema\/person\/0a7b686e5af0f856ec1e390dd0baecda\"},\"headline\":\"Lundi de P\u00e2ques ou Lundi de l\u2019Ange ? D\u00e9couvrons pourquoi il est appel\u00e9 ainsi\",\"datePublished\":\"2022-04-18T10:30:12+00:00\",\"dateModified\":\"2025-02-12T13:39:13+00:00\",\"mainEntityOfPage\":{\"@id\":\"https:\/\/blog.holyart.it\/fr\/paques\/lundi-de-paques-ou-lundi-de-lange-decouvrons-pourquoi-il-est-appele-ainsi\/\"},\"wordCount\":1256,\"publisher\":{\"@id\":\"https:\/\/blog.holyart.it\/fr\/#organization\"},\"image\":{\"@id\":\"https:\/\/blog.holyart.it\/fr\/paques\/lundi-de-paques-ou-lundi-de-lange-decouvrons-pourquoi-il-est-appele-ainsi\/#primaryimage\"},\"thumbnailUrl\":\"https:\/\/blog.holyart.it\/fr\/wp-content\/uploads\/sites\/14\/2022\/04\/Lundi-de-P\u00e2ques-ou-Lundi-de-l\u2019Ange.jpg\",\"articleSection\":[\"P\u00e2ques\",\"Religion\"],\"inLanguage\":\"fr-FR\"},{\"@type\":\"WebPage\",\"@id\":\"https:\/\/blog.holyart.it\/fr\/paques\/lundi-de-paques-ou-lundi-de-lange-decouvrons-pourquoi-il-est-appele-ainsi\/\",\"url\":\"https:\/\/blog.holyart.it\/fr\/paques\/lundi-de-paques-ou-lundi-de-lange-decouvrons-pourquoi-il-est-appele-ainsi\/\",\"name\":\"Lundi de P\u00e2ques ou Lundi de l\u2019Ange ? Pourquoi il est appel\u00e9 ainsi\",\"isPartOf\":{\"@id\":\"https:\/\/blog.holyart.it\/fr\/#website\"},\"primaryImageOfPage\":{\"@id\":\"https:\/\/blog.holyart.it\/fr\/paques\/lundi-de-paques-ou-lundi-de-lange-decouvrons-pourquoi-il-est-appele-ainsi\/#primaryimage\"},\"image\":{\"@id\":\"https:\/\/blog.holyart.it\/fr\/paques\/lundi-de-paques-ou-lundi-de-lange-decouvrons-pourquoi-il-est-appele-ainsi\/#primaryimage\"},\"thumbnailUrl\":\"https:\/\/blog.holyart.it\/fr\/wp-content\/uploads\/sites\/14\/2022\/04\/Lundi-de-P\u00e2ques-ou-Lundi-de-l\u2019Ange.jpg\",\"datePublished\":\"2022-04-18T10:30:12+00:00\",\"dateModified\":\"2025-02-12T13:39:13+00:00\",\"breadcrumb\":{\"@id\":\"https:\/\/blog.holyart.it\/fr\/paques\/lundi-de-paques-ou-lundi-de-lange-decouvrons-pourquoi-il-est-appele-ainsi\/#breadcrumb\"},\"inLanguage\":\"fr-FR\",\"potentialAction\":[{\"@type\":\"ReadAction\",\"target\":[\"https:\/\/blog.holyart.it\/fr\/paques\/lundi-de-paques-ou-lundi-de-lange-decouvrons-pourquoi-il-est-appele-ainsi\/\"]}]},{\"@type\":\"ImageObject\",\"inLanguage\":\"fr-FR\",\"@id\":\"https:\/\/blog.holyart.it\/fr\/paques\/lundi-de-paques-ou-lundi-de-lange-decouvrons-pourquoi-il-est-appele-ainsi\/#primaryimage\",\"url\":\"https:\/\/blog.holyart.it\/fr\/wp-content\/uploads\/sites\/14\/2022\/04\/Lundi-de-P\u00e2ques-ou-Lundi-de-l\u2019Ange.jpg\",\"contentUrl\":\"https:\/\/blog.holyart.it\/fr\/wp-content\/uploads\/sites\/14\/2022\/04\/Lundi-de-P\u00e2ques-ou-Lundi-de-l\u2019Ange.jpg\",\"width\":1000,\"height\":666,\"caption\":\"Lundi de P\u00e2ques ou Lundi de l\u2019Ange\"},{\"@type\":\"BreadcrumbList\",\"@id\":\"https:\/\/blog.holyart.it\/fr\/paques\/lundi-de-paques-ou-lundi-de-lange-decouvrons-pourquoi-il-est-appele-ainsi\/#breadcrumb\",\"itemListElement\":[{\"@type\":\"ListItem\",\"position\":1,\"name\":\"Homepage\",\"item\":\"https:\/\/blog.holyart.it\/fr\/\"},{\"@type\":\"ListItem\",\"position\":2,\"name\":\"P\u00e2ques\",\"item\":\"https:\/\/blog.holyart.it\/fr\/paques\/\"},{\"@type\":\"ListItem\",\"position\":3,\"name\":\"Lundi de P\u00e2ques ou Lundi de l\u2019Ange ? D\u00e9couvrons pourquoi il est appel\u00e9 ainsi\"}]},{\"@type\":\"WebSite\",\"@id\":\"https:\/\/blog.holyart.it\/fr\/#website\",\"url\":\"https:\/\/blog.holyart.it\/fr\/\",\"name\":\"Holyart.fr Blog\",\"description\":\"Holyblog\",\"publisher\":{\"@id\":\"https:\/\/blog.holyart.it\/fr\/#organization\"},\"potentialAction\":[{\"@type\":\"SearchAction\",\"target\":{\"@type\":\"EntryPoint\",\"urlTemplate\":\"https:\/\/blog.holyart.it\/fr\/?s={search_term_string}\"},\"query-input\":{\"@type\":\"PropertyValueSpecification\",\"valueRequired\":true,\"valueName\":\"search_term_string\"}}],\"inLanguage\":\"fr-FR\"},{\"@type\":\"Organization\",\"@id\":\"https:\/\/blog.holyart.it\/fr\/#organization\",\"name\":\"Holyart.fr Blog\",\"url\":\"https:\/\/blog.holyart.it\/fr\/\",\"logo\":{\"@type\":\"ImageObject\",\"inLanguage\":\"fr-FR\",\"@id\":\"https:\/\/blog.holyart.it\/fr\/#\/schema\/logo\/image\/\",\"url\":\"https:\/\/blog.holyart.it\/fr\/wp-content\/uploads\/sites\/14\/2022\/12\/Holyart_Blog_Logo.jpg\",\"contentUrl\":\"https:\/\/blog.holyart.it\/fr\/wp-content\/uploads\/sites\/14\/2022\/12\/Holyart_Blog_Logo.jpg\",\"width\":300,\"height\":50,\"caption\":\"Holyart.fr Blog\"},\"image\":{\"@id\":\"https:\/\/blog.holyart.it\/fr\/#\/schema\/logo\/image\/\"}},{\"@type\":\"Person\",\"@id\":\"https:\/\/blog.holyart.it\/fr\/#\/schema\/person\/0a7b686e5af0f856ec1e390dd0baecda\",\"name\":\"Redazione\",\"image\":{\"@type\":\"ImageObject\",\"inLanguage\":\"fr-FR\",\"@id\":\"https:\/\/blog.holyart.it\/fr\/#\/schema\/person\/image\/\",\"url\":\"https:\/\/secure.gravatar.com\/avatar\/f477da817f43e50d0af36abecd33e3edf826c68299714bdc1057dff3b113f516?s=96&d=mm&r=g\",\"contentUrl\":\"https:\/\/secure.gravatar.com\/avatar\/f477da817f43e50d0af36abecd33e3edf826c68299714bdc1057dff3b113f516?s=96&d=mm&r=g\",\"caption\":\"Redazione\"},\"url\":\"https:\/\/blog.holyart.it\/fr\/author\/admin\/\"}]}<\/script>\n<!-- \/ Yoast SEO plugin. -->","yoast_head_json":{"title":"Lundi de P\u00e2ques ou Lundi de l\u2019Ange ? Pourquoi il est appel\u00e9 ainsi","robots":{"index":"index","follow":"follow","max-snippet":"max-snippet:-1","max-image-preview":"max-image-preview:large","max-video-preview":"max-video-preview:-1"},"canonical":"https:\/\/blog.holyart.it\/fr\/paques\/lundi-de-paques-ou-lundi-de-lange-decouvrons-pourquoi-il-est-appele-ainsi\/","og_locale":"fr_FR","og_type":"article","og_title":"Lundi de P\u00e2ques ou Lundi de l\u2019Ange ? Pourquoi il est appel\u00e9 ainsi","og_description":"Pourquoi le lundi apr\u00e8s P\u00e2ques est appel\u00e9 Lundi de l\u2019Ange ? Comment est f\u00eat\u00e9 le Lundi de P\u00e2ques ? D\u00e9couvrons-le dans cet article. Tout le monde ne sait probablement pas que P\u00e2ques dure huit jours \u2013 si vous souhaitez en d\u00e9couvrir plus sur les dates&hellip;","og_url":"https:\/\/blog.holyart.it\/fr\/paques\/lundi-de-paques-ou-lundi-de-lange-decouvrons-pourquoi-il-est-appele-ainsi\/","og_site_name":"Holyart.fr Blog","article_published_time":"2022-04-18T10:30:12+00:00","article_modified_time":"2025-02-12T13:39:13+00:00","og_image":[{"width":1000,"height":666,"url":"https:\/\/blog.holyart.it\/fr\/wp-content\/uploads\/sites\/14\/2022\/04\/Lundi-de-P\u00e2ques-ou-Lundi-de-l\u2019Ange.jpg","type":"image\/jpeg"}],"author":"Redazione","twitter_card":"summary_large_image","twitter_misc":{"\u00c9crit par":"Redazione","Dur\u00e9e de lecture estim\u00e9e":"7 minutes"},"schema":{"@context":"https:\/\/schema.org","@graph":[{"@type":"Article","@id":"https:\/\/blog.holyart.it\/fr\/paques\/lundi-de-paques-ou-lundi-de-lange-decouvrons-pourquoi-il-est-appele-ainsi\/#article","isPartOf":{"@id":"https:\/\/blog.holyart.it\/fr\/paques\/lundi-de-paques-ou-lundi-de-lange-decouvrons-pourquoi-il-est-appele-ainsi\/"},"author":{"name":"Redazione","@id":"https:\/\/blog.holyart.it\/fr\/#\/schema\/person\/0a7b686e5af0f856ec1e390dd0baecda"},"headline":"Lundi de P\u00e2ques ou Lundi de l\u2019Ange ? D\u00e9couvrons pourquoi il est appel\u00e9 ainsi","datePublished":"2022-04-18T10:30:12+00:00","dateModified":"2025-02-12T13:39:13+00:00","mainEntityOfPage":{"@id":"https:\/\/blog.holyart.it\/fr\/paques\/lundi-de-paques-ou-lundi-de-lange-decouvrons-pourquoi-il-est-appele-ainsi\/"},"wordCount":1256,"publisher":{"@id":"https:\/\/blog.holyart.it\/fr\/#organization"},"image":{"@id":"https:\/\/blog.holyart.it\/fr\/paques\/lundi-de-paques-ou-lundi-de-lange-decouvrons-pourquoi-il-est-appele-ainsi\/#primaryimage"},"thumbnailUrl":"https:\/\/blog.holyart.it\/fr\/wp-content\/uploads\/sites\/14\/2022\/04\/Lundi-de-P\u00e2ques-ou-Lundi-de-l\u2019Ange.jpg","articleSection":["P\u00e2ques","Religion"],"inLanguage":"fr-FR"},{"@type":"WebPage","@id":"https:\/\/blog.holyart.it\/fr\/paques\/lundi-de-paques-ou-lundi-de-lange-decouvrons-pourquoi-il-est-appele-ainsi\/","url":"https:\/\/blog.holyart.it\/fr\/paques\/lundi-de-paques-ou-lundi-de-lange-decouvrons-pourquoi-il-est-appele-ainsi\/","name":"Lundi de P\u00e2ques ou Lundi de l\u2019Ange ? Pourquoi il est appel\u00e9 ainsi","isPartOf":{"@id":"https:\/\/blog.holyart.it\/fr\/#website"},"primaryImageOfPage":{"@id":"https:\/\/blog.holyart.it\/fr\/paques\/lundi-de-paques-ou-lundi-de-lange-decouvrons-pourquoi-il-est-appele-ainsi\/#primaryimage"},"image":{"@id":"https:\/\/blog.holyart.it\/fr\/paques\/lundi-de-paques-ou-lundi-de-lange-decouvrons-pourquoi-il-est-appele-ainsi\/#primaryimage"},"thumbnailUrl":"https:\/\/blog.holyart.it\/fr\/wp-content\/uploads\/sites\/14\/2022\/04\/Lundi-de-P\u00e2ques-ou-Lundi-de-l\u2019Ange.jpg","datePublished":"2022-04-18T10:30:12+00:00","dateModified":"2025-02-12T13:39:13+00:00","breadcrumb":{"@id":"https:\/\/blog.holyart.it\/fr\/paques\/lundi-de-paques-ou-lundi-de-lange-decouvrons-pourquoi-il-est-appele-ainsi\/#breadcrumb"},"inLanguage":"fr-FR","potentialAction":[{"@type":"ReadAction","target":["https:\/\/blog.holyart.it\/fr\/paques\/lundi-de-paques-ou-lundi-de-lange-decouvrons-pourquoi-il-est-appele-ainsi\/"]}]},{"@type":"ImageObject","inLanguage":"fr-FR","@id":"https:\/\/blog.holyart.it\/fr\/paques\/lundi-de-paques-ou-lundi-de-lange-decouvrons-pourquoi-il-est-appele-ainsi\/#primaryimage","url":"https:\/\/blog.holyart.it\/fr\/wp-content\/uploads\/sites\/14\/2022\/04\/Lundi-de-P\u00e2ques-ou-Lundi-de-l\u2019Ange.jpg","contentUrl":"https:\/\/blog.holyart.it\/fr\/wp-content\/uploads\/sites\/14\/2022\/04\/Lundi-de-P\u00e2ques-ou-Lundi-de-l\u2019Ange.jpg","width":1000,"height":666,"caption":"Lundi de P\u00e2ques ou Lundi de l\u2019Ange"},{"@type":"BreadcrumbList","@id":"https:\/\/blog.holyart.it\/fr\/paques\/lundi-de-paques-ou-lundi-de-lange-decouvrons-pourquoi-il-est-appele-ainsi\/#breadcrumb","itemListElement":[{"@type":"ListItem","position":1,"name":"Homepage","item":"https:\/\/blog.holyart.it\/fr\/"},{"@type":"ListItem","position":2,"name":"P\u00e2ques","item":"https:\/\/blog.holyart.it\/fr\/paques\/"},{"@type":"ListItem","position":3,"name":"Lundi de P\u00e2ques ou Lundi de l\u2019Ange ? D\u00e9couvrons pourquoi il est appel\u00e9 ainsi"}]},{"@type":"WebSite","@id":"https:\/\/blog.holyart.it\/fr\/#website","url":"https:\/\/blog.holyart.it\/fr\/","name":"Holyart.fr Blog","description":"Holyblog","publisher":{"@id":"https:\/\/blog.holyart.it\/fr\/#organization"},"potentialAction":[{"@type":"SearchAction","target":{"@type":"EntryPoint","urlTemplate":"https:\/\/blog.holyart.it\/fr\/?s={search_term_string}"},"query-input":{"@type":"PropertyValueSpecification","valueRequired":true,"valueName":"search_term_string"}}],"inLanguage":"fr-FR"},{"@type":"Organization","@id":"https:\/\/blog.holyart.it\/fr\/#organization","name":"Holyart.fr Blog","url":"https:\/\/blog.holyart.it\/fr\/","logo":{"@type":"ImageObject","inLanguage":"fr-FR","@id":"https:\/\/blog.holyart.it\/fr\/#\/schema\/logo\/image\/","url":"https:\/\/blog.holyart.it\/fr\/wp-content\/uploads\/sites\/14\/2022\/12\/Holyart_Blog_Logo.jpg","contentUrl":"https:\/\/blog.holyart.it\/fr\/wp-content\/uploads\/sites\/14\/2022\/12\/Holyart_Blog_Logo.jpg","width":300,"height":50,"caption":"Holyart.fr Blog"},"image":{"@id":"https:\/\/blog.holyart.it\/fr\/#\/schema\/logo\/image\/"}},{"@type":"Person","@id":"https:\/\/blog.holyart.it\/fr\/#\/schema\/person\/0a7b686e5af0f856ec1e390dd0baecda","name":"Redazione","image":{"@type":"ImageObject","inLanguage":"fr-FR","@id":"https:\/\/blog.holyart.it\/fr\/#\/schema\/person\/image\/","url":"https:\/\/secure.gravatar.com\/avatar\/f477da817f43e50d0af36abecd33e3edf826c68299714bdc1057dff3b113f516?s=96&d=mm&r=g","contentUrl":"https:\/\/secure.gravatar.com\/avatar\/f477da817f43e50d0af36abecd33e3edf826c68299714bdc1057dff3b113f516?s=96&d=mm&r=g","caption":"Redazione"},"url":"https:\/\/blog.holyart.it\/fr\/author\/admin\/"}]}},"_links":{"self":[{"href":"https:\/\/blog.holyart.it\/fr\/wp-json\/wp\/v2\/posts\/4421","targetHints":{"allow":["GET"]}}],"collection":[{"href":"https:\/\/blog.holyart.it\/fr\/wp-json\/wp\/v2\/posts"}],"about":[{"href":"https:\/\/blog.holyart.it\/fr\/wp-json\/wp\/v2\/types\/post"}],"author":[{"embeddable":true,"href":"https:\/\/blog.holyart.it\/fr\/wp-json\/wp\/v2\/users\/1"}],"replies":[{"embeddable":true,"href":"https:\/\/blog.holyart.it\/fr\/wp-json\/wp\/v2\/comments?post=4421"}],"version-history":[{"count":1,"href":"https:\/\/blog.holyart.it\/fr\/wp-json\/wp\/v2\/posts\/4421\/revisions"}],"predecessor-version":[{"id":6057,"href":"https:\/\/blog.holyart.it\/fr\/wp-json\/wp\/v2\/posts\/4421\/revisions\/6057"}],"wp:featuredmedia":[{"embeddable":true,"href":"https:\/\/blog.holyart.it\/fr\/wp-json\/wp\/v2\/media\/4422"}],"wp:attachment":[{"href":"https:\/\/blog.holyart.it\/fr\/wp-json\/wp\/v2\/media?parent=4421"}],"wp:term":[{"taxonomy":"category","embeddable":true,"href":"https:\/\/blog.holyart.it\/fr\/wp-json\/wp\/v2\/categories?post=4421"},{"taxonomy":"post_tag","embeddable":true,"href":"https:\/\/blog.holyart.it\/fr\/wp-json\/wp\/v2\/tags?post=4421"}],"curies":[{"name":"wp","href":"https:\/\/api.w.org\/{rel}","templated":true}]}}