{"id":4362,"date":"2022-04-11T12:30:11","date_gmt":"2022-04-11T10:30:11","guid":{"rendered":"https:\/\/blog.holyart.it\/fr\/?p=4362"},"modified":"2025-03-19T17:25:53","modified_gmt":"2025-03-19T16:25:53","slug":"le-mystere-du-voile-de-veronique-un-morceau-de-tissu-avec-lempreinte-du-visage-de-jesus","status":"publish","type":"post","link":"https:\/\/blog.holyart.it\/fr\/articles-religieux\/le-mystere-du-voile-de-veronique-un-morceau-de-tissu-avec-lempreinte-du-visage-de-jesus\/","title":{"rendered":"Le myst\u00e8re du Voile de V\u00e9ronique, un morceau de tissu avec l\u2019empreinte du visage de J\u00e9sus"},"content":{"rendered":"<h4>Le Voile de V\u00e9ronique est une des reliques les plus myst\u00e9rieuses et les plus fascinantes de l\u2019histoire de la chr\u00e9tient\u00e9. D\u2019o\u00f9 nait la l\u00e9gende du voile avec l\u2019empreinte du visage de Christ ?<\/h4>\n\n<p>Bien que le pr\u00e9nom V\u00e9ronique ne soit mentionn\u00e9 dans aucun des \u00c9vangiles canoniques, il est cit\u00e9 dans plusieurs \u00c9vangiles apocryphes et documents historiques et d\u00e9votionnels \u00e0 partir du VIIe si\u00e8cle apr. J.-C. La tradition la d\u00e9crit comme une jeune femme qui suivait la p\u00e9nible <a href=\"https:\/\/www.holyart.fr\/occasions-speciales\/paques-et-careme\/creche-de-paques\/scene-passion-de-christ-ascension-du-mont-du-calvaire-9-cm?path=occasions-speciales&amp;path=paques-et-careme&amp;path=creche-de-paques&amp;path=scene-passion-de-christ-ascension-du-mont-du-calvaire-9-cm\"><strong>mont\u00e9e de J\u00e9sus avec la Croix<\/strong><\/a> sur le Golgotha et qui, apitoy\u00e9e, lui essuya le visage souill\u00e9 de transpiration, larmes et sang. Sur ce morceau de lin resta imprim\u00e9 le visage du Christ. \u00c0 cet \u00e9pisode est d\u00e9di\u00e9e la sixi\u00e8me station du <a href=\"https:\/\/www.holyart.fr\/accessoires-pour-la-liturgie\/mobilier-deglise\/chemin-de-croix?page=1&amp;path=accessoires-pour-la-liturgie&amp;path=mobilier-deglise&amp;path=chemin-de-croix\"><strong><u>Chemin de Croix<\/u><\/strong><\/a>. Nait ainsi le <strong>Voile de V\u00e9ronique<\/strong>, une des reliques les plus \u00e9nigmatiques de l\u2019histoire de la chr\u00e9tient\u00e9, \u00e0 la base de nombreuses formes de d\u00e9votion et \u00e0 l\u2019origine d\u2019innombrables l\u00e9gendes.<\/p>\n<div class=\"link-product\">\n<div class=\"blocco-immagine\"><img loading=\"lazy\" decoding=\"async\" class=\"size-full wp-image-4365 alignleft\" src=\"https:\/\/blog.holyart.it\/fr\/wp-content\/uploads\/sites\/14\/2022\/04\/chemin-de-croix-tableaux-ovales-bois-15-stations.jpg\" alt=\"chemin-de-croix-tableaux-ovales-bois-15-stations\" width=\"100\" height=\"100\" data-kale-share-title=\"Le myst\u00e8re du Voile de V\u00e9ronique, un morceau de tissu avec l\u2019empreinte du visage de J\u00e9sus\" data-kale-share-url=\"https:\/\/blog.holyart.it\/fr\/?p=4362\" \/><\/div>\n<div class=\"blocco-contenuto\">\n<div class=\"blocco-acquista\">Acheter sur Holyart:<\/div>\n<div class=\"blocco-titolo\"><a href=\"https:\/\/www.holyart.fr\/accessoires-pour-la-liturgie\/mobilier-deglise\/chemin-de-croix\/chemin-de-croix-tableaux-ovales-bois-15-stations?path=accessoires-pour-la-liturgie&amp;path=mobilier-deglise&amp;path=chemin-de-croix&amp;path=chemin-de-croix-tableaux-ovales-bois-15-stations\">Chemin de Croix, tableaux ovales bois 15 stations<\/a><\/div>\n<div class=\"blocco-descrizione\">R\u00e9alis\u00e9 de mani\u00e8re artisanale per une usine Italienne<\/div>\n<\/div>\n<\/div>\n<h2>Le Voile de V\u00e9ronique : \u00e0 qui appartenait-il ?<\/h2>\n<p>Il existe de nombreuses th\u00e9ories plus ou moins vraisemblables sur ce que qui arriva au Voile de V\u00e9ronique, ou au V\u00e9ronique tout court, voire le Suaire de V\u00e9ronique, apr\u00e8s <a href=\"https:\/\/www.holyart.fr\/occasions-speciales\/paques-et-careme\/creche-de-paques\/scene-jesus-sur-la-croix-avec-marie-a-ses-pieds-9-cm?path=occasions-speciales&amp;path=paques-et-careme&amp;path=creche-de-paques&amp;path=scene-jesus-sur-la-croix-avec-marie-a-ses-pieds-9-cm\"><strong>la Crucifixion de J\u00e9sus<\/strong><\/a>. La derni\u00e8re d\u00e9finition est d\u2019ailleurs erron\u00e9e et renvoie in\u00e9vitablement au <strong>Saint-Suaire<\/strong>, mais la r\u00e9f\u00e9rence n\u2019est pas correcte puisque le Suaire de Turin montre la figure enti\u00e8re de J\u00e9sus, tandis que le Voile ne montrerait que la Sainte Face. En un sens, l\u2019histoire du Voile de V\u00e9ronique renvoie bien plus au <strong><em>mandylion<\/em> acheiropo\u00ef\u00e8te<\/strong>, l\u2019image sacr\u00e9e \u00ab\u00a0<em>ne pas faite de mains d\u2019homme<\/em>\u00a0\u00bb. Abgar V Ukama, roi d\u2019\u00c9desse, gravement malade, demanda \u00e0 un de ses messagers de se rendre aupr\u00e8s de J\u00e9sus et d\u2019en tirer un portrait, afin qu\u2019il puisse le gu\u00e9rir, mais J\u00e9sus, une fois rencontr\u00e9 l\u2019\u00e9missaire, lui demanda un morceau de tissu, avec lequel il s\u2019essuya le visage, en y laissant imprim\u00e9s ses traits. Naquit ainsi le <em>mandylion<\/em>.<\/p>\n<div class=\"link-product\">\n<div class=\"blocco-immagine\"><img loading=\"lazy\" decoding=\"async\" class=\"size-full wp-image-4370 alignleft\" src=\"https:\/\/blog.holyart.it\/fr\/wp-content\/uploads\/sites\/14\/2022\/04\/scene-jesus-sur-la-croix-avec-marie-a-ses-pieds.jpg\" alt=\"scene jesus sur la croix avec marie a ses pieds\" width=\"100\" height=\"100\" data-kale-share-title=\"Le myst\u00e8re du Voile de V\u00e9ronique, un morceau de tissu avec l\u2019empreinte du visage de J\u00e9sus\" data-kale-share-url=\"https:\/\/blog.holyart.it\/fr\/?p=4362\" \/><\/div>\n<div class=\"blocco-contenuto\">\n<div class=\"blocco-acquista\">Acheter sur Holyart:<\/div>\n<div class=\"blocco-titolo\"><a href=\"https:\/\/www.holyart.fr\/occasions-speciales\/paques-et-careme\/creche-de-paques\/scene-jesus-sur-la-croix-avec-marie-a-ses-pieds-9-cm?path=occasions-speciales&amp;path=paques-et-careme&amp;path=creche-de-paques&amp;path=scene-jesus-sur-la-croix-avec-marie-a-ses-pieds-9-cm\">Sc\u00e8ne J\u00e9sus sur la croix avec Marie \u00e0 ses pieds 9 cm<\/a><\/div>\n<div class=\"blocco-descrizione\">Santons en r\u00e9sine d&rsquo;une hauteur maximale r\u00e9elle de 15 cm<\/div>\n<\/div>\n<\/div>\n<p>Dans une autre version de l\u2019histoire, le tissu appartenait \u00e0 une femme du nom de V\u00e9ronique, disciple de J\u00e9sus. Elle souhaitait avoir un <strong>portrait du Seigneur<\/strong> et, dans ce but, elle avait achet\u00e9 un morceau de toile blanche afin de le confier \u00e0 un peintre qui puisse le r\u00e9aliser pour elle. Mais elle rencontre J\u00e9sus sur la route et Il lui demanda ce tissu, s\u2019en frotta le visage et lui offrit le portrait qu\u2019elle avait souhait\u00e9. Cette m\u00eame effigie fut ensuite livr\u00e9e par V\u00e9ronique au messager Volusianus, arriv\u00e9 \u00e0 J\u00e9rusalem par ordre de l\u2019Empereur Tiberius, gravement malade. Puisqu\u2019\u00e0 son arriv\u00e9e en ville J\u00e9sus avait d\u00e9j\u00e0 \u00e9t\u00e9 crucifi\u00e9, le pauvre homme \u00e9tait sur le point de retourner \u00e0 Rome avec les mains vides, mais V\u00e9ronique voulut l\u2019accompagner, en amenant avec elle son voile, et d\u00e8s que l\u2019Empereur vit la pr\u00e9cieuse relique il gu\u00e9rit \u00e0 l\u2019instant. Une inscription sur les restes d\u2019un \u00e9crin conserv\u00e9 au Panth\u00e9on t\u00e9moigne encore aujourd\u2019hui du voyage de V\u00e9ronique et l\u2019arriv\u00e9e \u00e0 Rome de celui qui est d\u00e9finit \u00a0comme le \u00ab\u00a0suaire de J\u00e9sus-Christ\u00a0\u00bb.<\/p>\n<div class=\"link-product\">\n<div class=\"blocco-immagine\"><img loading=\"lazy\" decoding=\"async\" class=\"size-full wp-image-4372 alignleft\" src=\"https:\/\/blog.holyart.it\/fr\/wp-content\/uploads\/sites\/14\/2022\/04\/scene-passion-de-christ-ascension-du-mont-du-calvaire-9-cm.jpg\" alt=\"scene passion de christ ascension du mont du calvaire 9 cm\" width=\"100\" height=\"100\" data-kale-share-title=\"Le myst\u00e8re du Voile de V\u00e9ronique, un morceau de tissu avec l\u2019empreinte du visage de J\u00e9sus\" data-kale-share-url=\"https:\/\/blog.holyart.it\/fr\/?p=4362\" \/><\/div>\n<div class=\"blocco-contenuto\">\n<div class=\"blocco-acquista\">Acheter sur Holyart:<\/div>\n<div class=\"blocco-titolo\"><a href=\"https:\/\/www.holyart.fr\/occasions-speciales\/paques-et-careme\/creche-de-paques\/scene-passion-de-christ-ascension-du-mont-du-calvaire-9-cm?path=occasions-speciales&amp;path=paques-et-careme&amp;path=creche-de-paques&amp;path=scene-passion-de-christ-ascension-du-mont-du-calvaire-9-cm\">Sc\u00e8ne passion de Christ ascension du Mont du Calvaire 9 cm<\/a><\/div>\n<div class=\"blocco-descrizione\">Sc\u00e8ne de la vie de J\u00e9sus avec figurines en r\u00e9sine<\/div>\n<\/div>\n<\/div>\n<p>Ensuite, le Pape Urbain VIII fit ins\u00e9rer la relique dans une des quatre chapelles, dans les piliers qui soutiennent le d\u00f4me de la <strong>Basilique Saint-Pierre<\/strong>.<\/p>\n<h2>La\u00a0gu\u00e9rison de l\u2019h\u00e9morro\u00efsse<\/h2>\n<p>V\u00e9ronique est souvent confondue avec une autre figure f\u00e9minine cit\u00e9e dans les \u00c9vangiles. Il s\u2019agit de B\u00e9r\u00e9nice, mieux connue comme l\u2019<strong>h\u00e9morro\u00efsse<\/strong>, une femme gu\u00e9rie par Christ d\u2019interminables h\u00e9morragies. L\u2019\u00e9pisode est cit\u00e9 dans les \u00c9vangiles synoptiques (Matthieu 9,20-22 ; Marc 5,25-34\u00a0; Luc 8,43-48). La confusion nait du fait que les pr\u00e9noms des deux femmes ont <strong>la m\u00eame \u00e9tymologie<\/strong>. En effet, V\u00e9ronique n\u2019est autre que la traduction latine du nom grec <em>Pherenike<\/em> ou <em>Berenike<\/em>, dont la signification est <em>fere nike<\/em>, \u00ab\u00a0qui m\u00e8ne \u00e0 la victoire\u00a0\u00bb. Le nom V\u00e9ronique d\u00e9rive de la forme latine de ce pr\u00e9nom, c\u2019est-\u00e0-dire <em>Bernice<\/em>, qui maintient la signification de \u00ab\u00a0porteuse de victoire\u00a0\u00bb ou \u00ab\u00a0celle qui conduit \u00e0 la victoire\u00a0\u00bb. Toutefois, avec le temps, Bernice a \u00e9t\u00e9 substitu\u00e9 \u00e0 V\u00e9ronique afin de l\u2019adapter \u00e0 la forme eccl\u00e9siastique <em>v\u00e9ritable ic\u00f4ne<\/em>, \u00ab\u00a0vrai image\u00a0\u00bb. La r\u00e9f\u00e9rence est justement au Voile de V\u00e9ronique.<\/p>\n<p>L\u2019\u00e9pisode \u00e9vang\u00e9lique parle d\u2019<strong>une femme souffrant d\u2019une h\u00e9morragie interminable <\/strong>qui s\u2019approcha de J\u00e9sus lorsque ce dernier se rendait chez Ja\u00efre afin de gu\u00e9rir sa fille malade. La femme, consciente que son mal la rendait impure aux yeux de Dieu et des hommes, essaya de toucher J\u00e9sus sans qu\u2019Il s\u2019en aper\u00e7oive, en lui effleurant le manteau, mais Il se retourna et demanda qui l\u2019avait touch\u00e9. La femme, tremblante, s\u2019avan\u00e7a en lui expliquant son geste et en annon\u00e7ant qu\u2019elle venait de gu\u00e9rir. Alors J\u00e9sus lui dit : \u00ab\u00a0<em>Ta foi t\u2019a sauv\u00e9e ; va en paix<\/em>\u00a0\u00bb.<\/p>\n<h2>Sainte V\u00e9ronique<\/h2>\n<p>V\u00e9ronique aurait donc \u00e9t\u00e9 une des disciples de J\u00e9sus, une des nombreuses femmes qui Le suivait, Lui et ses Ap\u00f4tres, afin d\u2019\u00e9couter la Parole et d\u2019en embrasser le message de salut. Mais il n\u2019y a pas d\u2019informations certaines \u00e0 ce propos et il aurait effectivement pu s\u2019agir simplement d\u2019une femme parmi beaucoup d\u2019autres, \u00e9mue de compassion face \u00e0 la souffrance d\u2019un homme innocent qui \u00e9tait train\u00e9 vers la mort, au point de se frayer un chemin parmi ses tortionnaires pour lui offrir un dernier moment de tendresse et de piti\u00e9. Le geste de V\u00e9ronique, d\u2019approcher J\u00e9sus pour lui nettoyer le visage, comme elle aurait pu faire \u00e0 un fr\u00e8re, \u00e0 un parent, est un exemple de mis\u00e9ricorde pour nous tous.<\/p>\n<p>Selon la l\u00e9gende, V\u00e9ronique, apr\u00e8s avoir assist\u00e9 \u00e0 <strong><a href=\"https:\/\/www.holyart.fr\/blog\/articles-religieux\/paques-dans-lart-les-plus-belles-oeuvres-qui-representent-la-passion-de-christ\/\">la Passion de Christ<\/a><\/strong> et \u00e0 Sa Crucifixion, d\u00e9cida de d\u00e9dier sa vie \u00e0 r\u00e9pandre Sa Parole. Elle s\u2019unit aux Ap\u00f4tres et voyagea ensuite \u00e0 travers l\u2019Europe, s\u2019arr\u00eatant longtemps en France, pays dont aujourd\u2019hui est la Sainte protectrice, afin de convertir les Gaulois. Sa m\u00e9moire liturgique tombe le 12 juillet.<\/p>\n<div class=\"link-article\">\n<p><img loading=\"lazy\" decoding=\"async\" class=\"alignnone size-full wp-image-4375\" src=\"https:\/\/blog.holyart.it\/fr\/wp-content\/uploads\/sites\/14\/2022\/04\/P\u00e2ques-dans-l\u2019art.jpg\" alt=\"P\u00e2ques dans l\u2019art\" width=\"150\" height=\"99\" data-kale-share-title=\"Le myst\u00e8re du Voile de V\u00e9ronique, un morceau de tissu avec l\u2019empreinte du visage de J\u00e9sus\" data-kale-share-url=\"https:\/\/blog.holyart.it\/fr\/?p=4362\" \/><\/p>\n<div class=\"leggi-anche\">Lire aussi :<\/div>\n<p><strong><a href=\"https:\/\/www.holyart.fr\/blog\/articles-religieux\/paques-dans-lart-les-plus-belles-oeuvres-qui-representent-la-passion-de-christ\/\">P\u00e2ques dans l\u2019art : les plus belles \u0153uvres qui repr\u00e9sentent la Passion de Christ<\/a><\/strong><br \/>\nP\u00e2ques est probablement la c\u00e9l\u00e9bration la plus importante pour les chr\u00e9tiens catholiques. Pour cette raison&#8230;<\/p>\n<\/div>\n<h2>Le voile de Manoppello<\/h2>\n<p>Une autre tradition relative au Voile de V\u00e9ronique veut que la \u00ab\u00a0Sainte Face\u00a0\u00bb ait \u00e9t\u00e9 ramen\u00e9e \u00e0 Manopello, en province de Pescara (Italie). Des examens effectu\u00e9s sur la relique repr\u00e9sentant le visage de Christ conserv\u00e9e sur place depuis 1506 d\u00e9montrent que sur le tissu il n\u2019y a aucune couleur ni pigment, et on ne s\u2019explique donc pas comment l\u2019image a pu y \u00eatre imprim\u00e9e. En outre, les dimensions du visage sur le voile de Manoppello co\u00efncident avec celles du Suaire de Turin. Ce fut un p\u00e8lerin myst\u00e9rieux qui apporta la relique \u00e0 Manoppello et on ne poss\u00e8de aucune information concernant cet homme.<\/p>\n<p>Meta description: Le Voile de V\u00e9ronique, ou le V\u00e9ronique, d\u2019o\u00f9 sont n\u00e9es d\u2019innombrables traditions d\u00e9votionnelles, \u00e9tait un tissu avec imprim\u00e9 dessus le visage de J\u00e9sus. Voici l\u2019histoire de cette relique.<\/p>\n","protected":false},"excerpt":{"rendered":"<p>Le Voile de V\u00e9ronique est une des reliques les plus myst\u00e9rieuses et les plus fascinantes de l\u2019histoire de la chr\u00e9tient\u00e9. D\u2019o\u00f9 nait la l\u00e9gende du voile avec l\u2019empreinte du visage de Christ ? Bien que le pr\u00e9nom V\u00e9ronique ne soit mentionn\u00e9 dans aucun des \u00c9vangiles&hellip;<\/p>\n","protected":false},"author":1,"featured_media":4378,"comment_status":"closed","ping_status":"open","sticky":false,"template":"","format":"standard","meta":{"_acf_changed":false,"footnotes":""},"categories":[8,7],"tags":[],"class_list":["post-4362","post","type-post","status-publish","format-standard","has-post-thumbnail","hentry","category-articles-religieux","category-saints-et-bienheureux"],"acf":[],"yoast_head":"<!-- This site is optimized with the Yoast SEO plugin v26.6 - https:\/\/yoast.com\/wordpress\/plugins\/seo\/ -->\n<title>Le myst\u00e8re du Voile de V\u00e9ronique, un morceau de tissu avec l\u2019empreinte du visage de J\u00e9sus<\/title>\n<meta name=\"description\" content=\"Le Voile de V\u00e9ronique est une des reliques les plus myst\u00e9rieuses et les plus fascinantes de l\u2019histoire de la chr\u00e9tient\u00e9. D\u2019o\u00f9 nait la l\u00e9gende...\" \/>\n<meta name=\"robots\" content=\"index, follow, max-snippet:-1, max-image-preview:large, max-video-preview:-1\" \/>\n<link rel=\"canonical\" href=\"https:\/\/blog.holyart.it\/fr\/articles-religieux\/le-mystere-du-voile-de-veronique-un-morceau-de-tissu-avec-lempreinte-du-visage-de-jesus\/\" \/>\n<meta property=\"og:locale\" content=\"fr_FR\" \/>\n<meta property=\"og:type\" content=\"article\" \/>\n<meta property=\"og:title\" content=\"Le myst\u00e8re du Voile de V\u00e9ronique, un morceau de tissu avec l\u2019empreinte du visage de J\u00e9sus\" \/>\n<meta property=\"og:description\" content=\"Le Voile de V\u00e9ronique est une des reliques les plus myst\u00e9rieuses et les plus fascinantes de l\u2019histoire de la chr\u00e9tient\u00e9. D\u2019o\u00f9 nait la l\u00e9gende...\" \/>\n<meta property=\"og:url\" content=\"https:\/\/blog.holyart.it\/fr\/articles-religieux\/le-mystere-du-voile-de-veronique-un-morceau-de-tissu-avec-lempreinte-du-visage-de-jesus\/\" \/>\n<meta property=\"og:site_name\" content=\"Holyart.fr Blog\" \/>\n<meta property=\"article:published_time\" content=\"2022-04-11T10:30:11+00:00\" \/>\n<meta property=\"article:modified_time\" content=\"2025-03-19T16:25:53+00:00\" \/>\n<meta property=\"og:image\" content=\"https:\/\/blog.holyart.it\/fr\/wp-content\/uploads\/sites\/14\/2022\/04\/Le-myst\u00e8re-du-Voile-de-V\u00e9ronique-un-morceau-de-tissu-avec-l\u2019empreinte-du-visage-de-J\u00e9sus.jpg\" \/>\n\t<meta property=\"og:image:width\" content=\"1000\" \/>\n\t<meta property=\"og:image:height\" content=\"666\" \/>\n\t<meta property=\"og:image:type\" content=\"image\/jpeg\" \/>\n<meta name=\"author\" content=\"Redazione\" \/>\n<meta name=\"twitter:card\" content=\"summary_large_image\" \/>\n<meta name=\"twitter:label1\" content=\"\u00c9crit par\" \/>\n\t<meta name=\"twitter:data1\" content=\"Redazione\" \/>\n\t<meta name=\"twitter:label2\" content=\"Dur\u00e9e de lecture estim\u00e9e\" \/>\n\t<meta name=\"twitter:data2\" content=\"7 minutes\" \/>\n<script type=\"application\/ld+json\" class=\"yoast-schema-graph\">{\"@context\":\"https:\/\/schema.org\",\"@graph\":[{\"@type\":\"Article\",\"@id\":\"https:\/\/blog.holyart.it\/fr\/articles-religieux\/le-mystere-du-voile-de-veronique-un-morceau-de-tissu-avec-lempreinte-du-visage-de-jesus\/#article\",\"isPartOf\":{\"@id\":\"https:\/\/blog.holyart.it\/fr\/articles-religieux\/le-mystere-du-voile-de-veronique-un-morceau-de-tissu-avec-lempreinte-du-visage-de-jesus\/\"},\"author\":{\"name\":\"Redazione\",\"@id\":\"https:\/\/blog.holyart.it\/fr\/#\/schema\/person\/0a7b686e5af0f856ec1e390dd0baecda\"},\"headline\":\"Le myst\u00e8re du Voile de V\u00e9ronique, un morceau de tissu avec l\u2019empreinte du visage de J\u00e9sus\",\"datePublished\":\"2022-04-11T10:30:11+00:00\",\"dateModified\":\"2025-03-19T16:25:53+00:00\",\"mainEntityOfPage\":{\"@id\":\"https:\/\/blog.holyart.it\/fr\/articles-religieux\/le-mystere-du-voile-de-veronique-un-morceau-de-tissu-avec-lempreinte-du-visage-de-jesus\/\"},\"wordCount\":1363,\"publisher\":{\"@id\":\"https:\/\/blog.holyart.it\/fr\/#organization\"},\"image\":{\"@id\":\"https:\/\/blog.holyart.it\/fr\/articles-religieux\/le-mystere-du-voile-de-veronique-un-morceau-de-tissu-avec-lempreinte-du-visage-de-jesus\/#primaryimage\"},\"thumbnailUrl\":\"https:\/\/blog.holyart.it\/fr\/wp-content\/uploads\/sites\/14\/2022\/04\/Le-myst\u00e8re-du-Voile-de-V\u00e9ronique-un-morceau-de-tissu-avec-l\u2019empreinte-du-visage-de-J\u00e9sus.jpg\",\"articleSection\":[\"Religion\",\"Saints et Bienheureux\"],\"inLanguage\":\"fr-FR\"},{\"@type\":\"WebPage\",\"@id\":\"https:\/\/blog.holyart.it\/fr\/articles-religieux\/le-mystere-du-voile-de-veronique-un-morceau-de-tissu-avec-lempreinte-du-visage-de-jesus\/\",\"url\":\"https:\/\/blog.holyart.it\/fr\/articles-religieux\/le-mystere-du-voile-de-veronique-un-morceau-de-tissu-avec-lempreinte-du-visage-de-jesus\/\",\"name\":\"Le myst\u00e8re du Voile de V\u00e9ronique, un morceau de tissu avec l\u2019empreinte du visage de J\u00e9sus\",\"isPartOf\":{\"@id\":\"https:\/\/blog.holyart.it\/fr\/#website\"},\"primaryImageOfPage\":{\"@id\":\"https:\/\/blog.holyart.it\/fr\/articles-religieux\/le-mystere-du-voile-de-veronique-un-morceau-de-tissu-avec-lempreinte-du-visage-de-jesus\/#primaryimage\"},\"image\":{\"@id\":\"https:\/\/blog.holyart.it\/fr\/articles-religieux\/le-mystere-du-voile-de-veronique-un-morceau-de-tissu-avec-lempreinte-du-visage-de-jesus\/#primaryimage\"},\"thumbnailUrl\":\"https:\/\/blog.holyart.it\/fr\/wp-content\/uploads\/sites\/14\/2022\/04\/Le-myst\u00e8re-du-Voile-de-V\u00e9ronique-un-morceau-de-tissu-avec-l\u2019empreinte-du-visage-de-J\u00e9sus.jpg\",\"datePublished\":\"2022-04-11T10:30:11+00:00\",\"dateModified\":\"2025-03-19T16:25:53+00:00\",\"description\":\"Le Voile de V\u00e9ronique est une des reliques les plus myst\u00e9rieuses et les plus fascinantes de l\u2019histoire de la chr\u00e9tient\u00e9. D\u2019o\u00f9 nait la l\u00e9gende...\",\"breadcrumb\":{\"@id\":\"https:\/\/blog.holyart.it\/fr\/articles-religieux\/le-mystere-du-voile-de-veronique-un-morceau-de-tissu-avec-lempreinte-du-visage-de-jesus\/#breadcrumb\"},\"inLanguage\":\"fr-FR\",\"potentialAction\":[{\"@type\":\"ReadAction\",\"target\":[\"https:\/\/blog.holyart.it\/fr\/articles-religieux\/le-mystere-du-voile-de-veronique-un-morceau-de-tissu-avec-lempreinte-du-visage-de-jesus\/\"]}]},{\"@type\":\"ImageObject\",\"inLanguage\":\"fr-FR\",\"@id\":\"https:\/\/blog.holyart.it\/fr\/articles-religieux\/le-mystere-du-voile-de-veronique-un-morceau-de-tissu-avec-lempreinte-du-visage-de-jesus\/#primaryimage\",\"url\":\"https:\/\/blog.holyart.it\/fr\/wp-content\/uploads\/sites\/14\/2022\/04\/Le-myst\u00e8re-du-Voile-de-V\u00e9ronique-un-morceau-de-tissu-avec-l\u2019empreinte-du-visage-de-J\u00e9sus.jpg\",\"contentUrl\":\"https:\/\/blog.holyart.it\/fr\/wp-content\/uploads\/sites\/14\/2022\/04\/Le-myst\u00e8re-du-Voile-de-V\u00e9ronique-un-morceau-de-tissu-avec-l\u2019empreinte-du-visage-de-J\u00e9sus.jpg\",\"width\":1000,\"height\":666,\"caption\":\"Le myst\u00e8re du Voile de V\u00e9ronique, un morceau de tissu avec l\u2019empreinte du visage de J\u00e9sus\"},{\"@type\":\"BreadcrumbList\",\"@id\":\"https:\/\/blog.holyart.it\/fr\/articles-religieux\/le-mystere-du-voile-de-veronique-un-morceau-de-tissu-avec-lempreinte-du-visage-de-jesus\/#breadcrumb\",\"itemListElement\":[{\"@type\":\"ListItem\",\"position\":1,\"name\":\"Homepage\",\"item\":\"https:\/\/blog.holyart.it\/fr\/\"},{\"@type\":\"ListItem\",\"position\":2,\"name\":\"Religion\",\"item\":\"https:\/\/blog.holyart.it\/fr\/articles-religieux\/\"},{\"@type\":\"ListItem\",\"position\":3,\"name\":\"Le myst\u00e8re du Voile de V\u00e9ronique, un morceau de tissu avec l\u2019empreinte du visage de J\u00e9sus\"}]},{\"@type\":\"WebSite\",\"@id\":\"https:\/\/blog.holyart.it\/fr\/#website\",\"url\":\"https:\/\/blog.holyart.it\/fr\/\",\"name\":\"Holyart.fr Blog\",\"description\":\"Holyblog\",\"publisher\":{\"@id\":\"https:\/\/blog.holyart.it\/fr\/#organization\"},\"potentialAction\":[{\"@type\":\"SearchAction\",\"target\":{\"@type\":\"EntryPoint\",\"urlTemplate\":\"https:\/\/blog.holyart.it\/fr\/?s={search_term_string}\"},\"query-input\":{\"@type\":\"PropertyValueSpecification\",\"valueRequired\":true,\"valueName\":\"search_term_string\"}}],\"inLanguage\":\"fr-FR\"},{\"@type\":\"Organization\",\"@id\":\"https:\/\/blog.holyart.it\/fr\/#organization\",\"name\":\"Holyart.fr Blog\",\"url\":\"https:\/\/blog.holyart.it\/fr\/\",\"logo\":{\"@type\":\"ImageObject\",\"inLanguage\":\"fr-FR\",\"@id\":\"https:\/\/blog.holyart.it\/fr\/#\/schema\/logo\/image\/\",\"url\":\"https:\/\/blog.holyart.it\/fr\/wp-content\/uploads\/sites\/14\/2022\/12\/Holyart_Blog_Logo.jpg\",\"contentUrl\":\"https:\/\/blog.holyart.it\/fr\/wp-content\/uploads\/sites\/14\/2022\/12\/Holyart_Blog_Logo.jpg\",\"width\":300,\"height\":50,\"caption\":\"Holyart.fr Blog\"},\"image\":{\"@id\":\"https:\/\/blog.holyart.it\/fr\/#\/schema\/logo\/image\/\"}},{\"@type\":\"Person\",\"@id\":\"https:\/\/blog.holyart.it\/fr\/#\/schema\/person\/0a7b686e5af0f856ec1e390dd0baecda\",\"name\":\"Redazione\",\"image\":{\"@type\":\"ImageObject\",\"inLanguage\":\"fr-FR\",\"@id\":\"https:\/\/blog.holyart.it\/fr\/#\/schema\/person\/image\/\",\"url\":\"https:\/\/secure.gravatar.com\/avatar\/f477da817f43e50d0af36abecd33e3edf826c68299714bdc1057dff3b113f516?s=96&d=mm&r=g\",\"contentUrl\":\"https:\/\/secure.gravatar.com\/avatar\/f477da817f43e50d0af36abecd33e3edf826c68299714bdc1057dff3b113f516?s=96&d=mm&r=g\",\"caption\":\"Redazione\"},\"url\":\"https:\/\/blog.holyart.it\/fr\/author\/admin\/\"}]}<\/script>\n<!-- \/ Yoast SEO plugin. -->","yoast_head_json":{"title":"Le myst\u00e8re du Voile de V\u00e9ronique, un morceau de tissu avec l\u2019empreinte du visage de J\u00e9sus","description":"Le Voile de V\u00e9ronique est une des reliques les plus myst\u00e9rieuses et les plus fascinantes de l\u2019histoire de la chr\u00e9tient\u00e9. D\u2019o\u00f9 nait la l\u00e9gende...","robots":{"index":"index","follow":"follow","max-snippet":"max-snippet:-1","max-image-preview":"max-image-preview:large","max-video-preview":"max-video-preview:-1"},"canonical":"https:\/\/blog.holyart.it\/fr\/articles-religieux\/le-mystere-du-voile-de-veronique-un-morceau-de-tissu-avec-lempreinte-du-visage-de-jesus\/","og_locale":"fr_FR","og_type":"article","og_title":"Le myst\u00e8re du Voile de V\u00e9ronique, un morceau de tissu avec l\u2019empreinte du visage de J\u00e9sus","og_description":"Le Voile de V\u00e9ronique est une des reliques les plus myst\u00e9rieuses et les plus fascinantes de l\u2019histoire de la chr\u00e9tient\u00e9. D\u2019o\u00f9 nait la l\u00e9gende...","og_url":"https:\/\/blog.holyart.it\/fr\/articles-religieux\/le-mystere-du-voile-de-veronique-un-morceau-de-tissu-avec-lempreinte-du-visage-de-jesus\/","og_site_name":"Holyart.fr Blog","article_published_time":"2022-04-11T10:30:11+00:00","article_modified_time":"2025-03-19T16:25:53+00:00","og_image":[{"width":1000,"height":666,"url":"https:\/\/blog.holyart.it\/fr\/wp-content\/uploads\/sites\/14\/2022\/04\/Le-myst\u00e8re-du-Voile-de-V\u00e9ronique-un-morceau-de-tissu-avec-l\u2019empreinte-du-visage-de-J\u00e9sus.jpg","type":"image\/jpeg"}],"author":"Redazione","twitter_card":"summary_large_image","twitter_misc":{"\u00c9crit par":"Redazione","Dur\u00e9e de lecture estim\u00e9e":"7 minutes"},"schema":{"@context":"https:\/\/schema.org","@graph":[{"@type":"Article","@id":"https:\/\/blog.holyart.it\/fr\/articles-religieux\/le-mystere-du-voile-de-veronique-un-morceau-de-tissu-avec-lempreinte-du-visage-de-jesus\/#article","isPartOf":{"@id":"https:\/\/blog.holyart.it\/fr\/articles-religieux\/le-mystere-du-voile-de-veronique-un-morceau-de-tissu-avec-lempreinte-du-visage-de-jesus\/"},"author":{"name":"Redazione","@id":"https:\/\/blog.holyart.it\/fr\/#\/schema\/person\/0a7b686e5af0f856ec1e390dd0baecda"},"headline":"Le myst\u00e8re du Voile de V\u00e9ronique, un morceau de tissu avec l\u2019empreinte du visage de J\u00e9sus","datePublished":"2022-04-11T10:30:11+00:00","dateModified":"2025-03-19T16:25:53+00:00","mainEntityOfPage":{"@id":"https:\/\/blog.holyart.it\/fr\/articles-religieux\/le-mystere-du-voile-de-veronique-un-morceau-de-tissu-avec-lempreinte-du-visage-de-jesus\/"},"wordCount":1363,"publisher":{"@id":"https:\/\/blog.holyart.it\/fr\/#organization"},"image":{"@id":"https:\/\/blog.holyart.it\/fr\/articles-religieux\/le-mystere-du-voile-de-veronique-un-morceau-de-tissu-avec-lempreinte-du-visage-de-jesus\/#primaryimage"},"thumbnailUrl":"https:\/\/blog.holyart.it\/fr\/wp-content\/uploads\/sites\/14\/2022\/04\/Le-myst\u00e8re-du-Voile-de-V\u00e9ronique-un-morceau-de-tissu-avec-l\u2019empreinte-du-visage-de-J\u00e9sus.jpg","articleSection":["Religion","Saints et Bienheureux"],"inLanguage":"fr-FR"},{"@type":"WebPage","@id":"https:\/\/blog.holyart.it\/fr\/articles-religieux\/le-mystere-du-voile-de-veronique-un-morceau-de-tissu-avec-lempreinte-du-visage-de-jesus\/","url":"https:\/\/blog.holyart.it\/fr\/articles-religieux\/le-mystere-du-voile-de-veronique-un-morceau-de-tissu-avec-lempreinte-du-visage-de-jesus\/","name":"Le myst\u00e8re du Voile de V\u00e9ronique, un morceau de tissu avec l\u2019empreinte du visage de J\u00e9sus","isPartOf":{"@id":"https:\/\/blog.holyart.it\/fr\/#website"},"primaryImageOfPage":{"@id":"https:\/\/blog.holyart.it\/fr\/articles-religieux\/le-mystere-du-voile-de-veronique-un-morceau-de-tissu-avec-lempreinte-du-visage-de-jesus\/#primaryimage"},"image":{"@id":"https:\/\/blog.holyart.it\/fr\/articles-religieux\/le-mystere-du-voile-de-veronique-un-morceau-de-tissu-avec-lempreinte-du-visage-de-jesus\/#primaryimage"},"thumbnailUrl":"https:\/\/blog.holyart.it\/fr\/wp-content\/uploads\/sites\/14\/2022\/04\/Le-myst\u00e8re-du-Voile-de-V\u00e9ronique-un-morceau-de-tissu-avec-l\u2019empreinte-du-visage-de-J\u00e9sus.jpg","datePublished":"2022-04-11T10:30:11+00:00","dateModified":"2025-03-19T16:25:53+00:00","description":"Le Voile de V\u00e9ronique est une des reliques les plus myst\u00e9rieuses et les plus fascinantes de l\u2019histoire de la chr\u00e9tient\u00e9. D\u2019o\u00f9 nait la l\u00e9gende...","breadcrumb":{"@id":"https:\/\/blog.holyart.it\/fr\/articles-religieux\/le-mystere-du-voile-de-veronique-un-morceau-de-tissu-avec-lempreinte-du-visage-de-jesus\/#breadcrumb"},"inLanguage":"fr-FR","potentialAction":[{"@type":"ReadAction","target":["https:\/\/blog.holyart.it\/fr\/articles-religieux\/le-mystere-du-voile-de-veronique-un-morceau-de-tissu-avec-lempreinte-du-visage-de-jesus\/"]}]},{"@type":"ImageObject","inLanguage":"fr-FR","@id":"https:\/\/blog.holyart.it\/fr\/articles-religieux\/le-mystere-du-voile-de-veronique-un-morceau-de-tissu-avec-lempreinte-du-visage-de-jesus\/#primaryimage","url":"https:\/\/blog.holyart.it\/fr\/wp-content\/uploads\/sites\/14\/2022\/04\/Le-myst\u00e8re-du-Voile-de-V\u00e9ronique-un-morceau-de-tissu-avec-l\u2019empreinte-du-visage-de-J\u00e9sus.jpg","contentUrl":"https:\/\/blog.holyart.it\/fr\/wp-content\/uploads\/sites\/14\/2022\/04\/Le-myst\u00e8re-du-Voile-de-V\u00e9ronique-un-morceau-de-tissu-avec-l\u2019empreinte-du-visage-de-J\u00e9sus.jpg","width":1000,"height":666,"caption":"Le myst\u00e8re du Voile de V\u00e9ronique, un morceau de tissu avec l\u2019empreinte du visage de J\u00e9sus"},{"@type":"BreadcrumbList","@id":"https:\/\/blog.holyart.it\/fr\/articles-religieux\/le-mystere-du-voile-de-veronique-un-morceau-de-tissu-avec-lempreinte-du-visage-de-jesus\/#breadcrumb","itemListElement":[{"@type":"ListItem","position":1,"name":"Homepage","item":"https:\/\/blog.holyart.it\/fr\/"},{"@type":"ListItem","position":2,"name":"Religion","item":"https:\/\/blog.holyart.it\/fr\/articles-religieux\/"},{"@type":"ListItem","position":3,"name":"Le myst\u00e8re du Voile de V\u00e9ronique, un morceau de tissu avec l\u2019empreinte du visage de J\u00e9sus"}]},{"@type":"WebSite","@id":"https:\/\/blog.holyart.it\/fr\/#website","url":"https:\/\/blog.holyart.it\/fr\/","name":"Holyart.fr Blog","description":"Holyblog","publisher":{"@id":"https:\/\/blog.holyart.it\/fr\/#organization"},"potentialAction":[{"@type":"SearchAction","target":{"@type":"EntryPoint","urlTemplate":"https:\/\/blog.holyart.it\/fr\/?s={search_term_string}"},"query-input":{"@type":"PropertyValueSpecification","valueRequired":true,"valueName":"search_term_string"}}],"inLanguage":"fr-FR"},{"@type":"Organization","@id":"https:\/\/blog.holyart.it\/fr\/#organization","name":"Holyart.fr Blog","url":"https:\/\/blog.holyart.it\/fr\/","logo":{"@type":"ImageObject","inLanguage":"fr-FR","@id":"https:\/\/blog.holyart.it\/fr\/#\/schema\/logo\/image\/","url":"https:\/\/blog.holyart.it\/fr\/wp-content\/uploads\/sites\/14\/2022\/12\/Holyart_Blog_Logo.jpg","contentUrl":"https:\/\/blog.holyart.it\/fr\/wp-content\/uploads\/sites\/14\/2022\/12\/Holyart_Blog_Logo.jpg","width":300,"height":50,"caption":"Holyart.fr Blog"},"image":{"@id":"https:\/\/blog.holyart.it\/fr\/#\/schema\/logo\/image\/"}},{"@type":"Person","@id":"https:\/\/blog.holyart.it\/fr\/#\/schema\/person\/0a7b686e5af0f856ec1e390dd0baecda","name":"Redazione","image":{"@type":"ImageObject","inLanguage":"fr-FR","@id":"https:\/\/blog.holyart.it\/fr\/#\/schema\/person\/image\/","url":"https:\/\/secure.gravatar.com\/avatar\/f477da817f43e50d0af36abecd33e3edf826c68299714bdc1057dff3b113f516?s=96&d=mm&r=g","contentUrl":"https:\/\/secure.gravatar.com\/avatar\/f477da817f43e50d0af36abecd33e3edf826c68299714bdc1057dff3b113f516?s=96&d=mm&r=g","caption":"Redazione"},"url":"https:\/\/blog.holyart.it\/fr\/author\/admin\/"}]}},"_links":{"self":[{"href":"https:\/\/blog.holyart.it\/fr\/wp-json\/wp\/v2\/posts\/4362","targetHints":{"allow":["GET"]}}],"collection":[{"href":"https:\/\/blog.holyart.it\/fr\/wp-json\/wp\/v2\/posts"}],"about":[{"href":"https:\/\/blog.holyart.it\/fr\/wp-json\/wp\/v2\/types\/post"}],"author":[{"embeddable":true,"href":"https:\/\/blog.holyart.it\/fr\/wp-json\/wp\/v2\/users\/1"}],"replies":[{"embeddable":true,"href":"https:\/\/blog.holyart.it\/fr\/wp-json\/wp\/v2\/comments?post=4362"}],"version-history":[{"count":1,"href":"https:\/\/blog.holyart.it\/fr\/wp-json\/wp\/v2\/posts\/4362\/revisions"}],"predecessor-version":[{"id":5996,"href":"https:\/\/blog.holyart.it\/fr\/wp-json\/wp\/v2\/posts\/4362\/revisions\/5996"}],"wp:featuredmedia":[{"embeddable":true,"href":"https:\/\/blog.holyart.it\/fr\/wp-json\/wp\/v2\/media\/4378"}],"wp:attachment":[{"href":"https:\/\/blog.holyart.it\/fr\/wp-json\/wp\/v2\/media?parent=4362"}],"wp:term":[{"taxonomy":"category","embeddable":true,"href":"https:\/\/blog.holyart.it\/fr\/wp-json\/wp\/v2\/categories?post=4362"},{"taxonomy":"post_tag","embeddable":true,"href":"https:\/\/blog.holyart.it\/fr\/wp-json\/wp\/v2\/tags?post=4362"}],"curies":[{"name":"wp","href":"https:\/\/api.w.org\/{rel}","templated":true}]}}