{"id":4305,"date":"2022-04-04T17:28:53","date_gmt":"2022-04-04T15:28:53","guid":{"rendered":"https:\/\/blog.holyart.it\/fr\/?p=4305"},"modified":"2026-03-20T10:39:00","modified_gmt":"2026-03-20T09:39:00","slug":"les-rites-de-la-semaine-sainte","status":"publish","type":"post","link":"https:\/\/blog.holyart.it\/fr\/paques\/les-rites-de-la-semaine-sainte\/","title":{"rendered":"Les rites de la Semaine Sainte"},"content":{"rendered":"<h4>P\u00e2ques est la f\u00eate la plus importante de l\u2019ann\u00e9e pour les chr\u00e9tiens et est c\u00e9l\u00e9br\u00e9e dans le monde entier. Les rites qui la caract\u00e9risent sont r\u00e9partis tout au long de la Semaine Sainte. Voyons jour par jour ce qui se passe.<\/h4>\n<p>La Semaine Sainte est cette p\u00e9riode de sept jours qui va du <strong>Dimanche des Rameaux<\/strong>, jour o\u00f9 l\u2019on c\u00e9l\u00e8bre l\u2019arriv\u00e9e de J\u00e9sus \u00e0 J\u00e9rusalem, au <strong>Samedi Saint<\/strong> et aux <a href=\"https:\/\/www.holyart.fr\/blog\/articles-religieux\/origines-de-paques\/\"><strong>Dimanche de P\u00e2ques<\/strong><\/a>, qui f\u00eatent la r\u00e9surrection de J\u00e9sus-Christ. Il parait tout de suite \u00e9vident comment et pourquoi ces sept jours sont si importants pour chaque chr\u00e9tien. La mort et la R\u00e9surrection de J\u00e9sus sont l\u2019apog\u00e9e de l\u2019ann\u00e9e liturgique, le moment le plus fort et le plus significatif sur le plan spirituel et pour le parcours de foi de chaque croyant. C\u2019est dans sa mort, mais surtout dans sa R\u00e9surrection que J\u00e9sus d\u00e9montre sa divinit\u00e9 et indique, par le biais de sa souffrance, le chemin vers l\u2019espoir du salut et de la vie \u00e9ternelle. Il n\u2019est pas \u00e9tonnant donc que les c\u00e9l\u00e9brations li\u00e9es \u00e0 cet \u00e9v\u00e9nement soient si articul\u00e9es et \u00e9tal\u00e9es dans le temps, et qu\u2019elles prennent des formes diff\u00e9rentes, mais tout aussi solennelles et significatives, dans toutes les professions de la foi chr\u00e9tienne.<\/p>\n<div class=\"link-article\">\n<p><img loading=\"lazy\" decoding=\"async\" class=\"alignnone size-full wp-image-4309\" src=\"https:\/\/blog.holyart.it\/fr\/wp-content\/uploads\/sites\/14\/2022\/04\/Les-origines-de-P\u00e2ques-1.jpg\" alt=\"Les origines de P\u00e2ques\" width=\"150\" height=\"99\" data-kale-share-title=\"Les rites de la Semaine Sainte\" data-kale-share-url=\"https:\/\/blog.holyart.it\/fr\/?p=4305\" \/><\/p>\n<div class=\"leggi-anche\">Lire aussi :<\/div>\n<p><strong><a href=\"https:\/\/www.holyart.fr\/blog\/articles-religieux\/origines-de-paques\/\">Les origines de P\u00e2ques<\/a><\/strong><br \/>\nP\u00e2ques est la plus importante des f\u00eates chr\u00e9tiennes. Pr\u00e9sente dans toutes les confessions, elle rappelle et f\u00eate la R\u00e9surrection de J\u00e9sus-Christ&#8230;<\/p>\n<\/div>\n<p>Pas plus \u00e9tonnant que, pour arriver \u00e0 ce moment de solennit\u00e9 et d\u2019\u00e9l\u00e9vation spirituelle, il soit n\u00e9cessaire de se soumettre \u00e0 une longue p\u00e9riode de p\u00e9nitence et de privation, c\u2019est-\u00e0-dire les quarante jours de <strong>Car\u00eame<\/strong>, qui d\u00e9butent avec <a href=\"https:\/\/www.holyart.fr\/blog\/articles-religieux\/mercredi-des-cendres-quest-ce-que-cest\/\"><strong>le Mercredi des Cendres<\/strong><\/a> et se concluent justement avec le Jeudi de la Semaine Sainte.<\/p>\n<p>Ce n\u2019est pas facile de recueillir tous les rites solennels c\u00e9l\u00e9br\u00e9s dans le monde chr\u00e9tien en ces jours sp\u00e9ciaux. Nous essayerons de reparcourir les diff\u00e9rents passages de ce parcours de foi et d\u2019esp\u00e9rance, de passion et d\u2019expiation.<\/p>\n<p>P\u00e2ques est une f\u00eate mobile et pourtant il n\u2019est pas possible de d\u00e9finir une date exacte de d\u00e9but et de fin. Elle suit le cycle lunaire et chaque ann\u00e9e est c\u00e9l\u00e9br\u00e9e le dimanche suivant la premi\u00e8re pleine lune de printemps.<\/p>\n<h2>La semaine sainte<\/h2>\n<h3>Dimanche des rameaux<\/h3>\n<p>Le <strong>Dimanche des Rameaux<\/strong> pr\u00e9c\u00e8de P\u00e2ques et marque le d\u00e9but de la Semaine Sainte. Il rappelle l\u2019<a href=\"https:\/\/www.holyart.fr\/occasions-speciales\/paques-et-careme\/creche-de-paques\/scene-de-lentree-de-jesus-a-jerusalem-9-cm\"><strong>entr\u00e9e triomphale de J\u00e9sus \u00e0 J\u00e9rusalem<\/strong><\/a>, quand il fut accueilli par les citoyens en f\u00eate comme \u00e9tant le Messie, en l\u2019acclamant avec ce mot\u00a0:\u00a0\u00ab\u00a0<em>Hosanna au fils de David\u00a0! B\u00e9nit soit celui qui vient au nom du Seigneur\u00a0! Hosanna dans les lieux tr\u00e8s hauts !\u00a0<\/em>\u00bb (Matt 21,9). Pour les Juifs, le <strong>palmier<\/strong> \u00e9tait une des quatre plantes port\u00e9es en procession pour la festivit\u00e9 du <em>Sukkot<\/em>, la f\u00eate du p\u00e8lerinage, qui rappelait le voyage du peuple d\u2019Isra\u00ebl vers la Terre promise et, en particulier, le temps pass\u00e9 dans le d\u00e9sert, quand ils vivaient dans des cabanes appel\u00e9es <em>sukot<\/em>. Pendant cette f\u00eate, on utilisait une branche de palmier (<em>lulav<\/em>), une de c\u00e8dre (<em>etrog<\/em>), trois branches de <em>myrte<\/em> et deux de <em>saule<\/em>. Le palmier indiquait donc bonheur et triomphe, prosp\u00e9rit\u00e9 et richesse, tout comme chez les Grecs et les Romains.<\/p>\n<div class=\"link-product\">\n<div class=\"blocco-immagine\"><img loading=\"lazy\" decoding=\"async\" class=\"size-full wp-image-4313 alignleft\" src=\"https:\/\/blog.holyart.it\/fr\/wp-content\/uploads\/sites\/14\/2022\/04\/Sc\u00e8ne-de-lentr\u00e9e-de-J\u00e9sus-\u00e0-J\u00e9rusalem-9-cm-1.jpg\" alt=\"Sc\u00e8ne de l'entr\u00e9e de J\u00e9sus \u00e0 J\u00e9rusalem 9 cm\" width=\"100\" height=\"100\" data-kale-share-title=\"Les rites de la Semaine Sainte\" data-kale-share-url=\"https:\/\/blog.holyart.it\/fr\/?p=4305\" \/><\/div>\n<div class=\"blocco-contenuto\">\n<div class=\"blocco-acquista\">Acheter sur Holyart:<\/div>\n<div class=\"blocco-titolo\"><a href=\"https:\/\/www.holyart.fr\/occasions-speciales\/paques-et-careme\/creche-de-paques\/scene-de-lentree-de-jesus-a-jerusalem-9-cm\">Sc\u00e8ne de l&rsquo;entr\u00e9e de J\u00e9sus \u00e0 J\u00e9rusalem 9 cm<\/a><\/div>\n<div class=\"blocco-descrizione\">Sc\u00e8ne de la vie de J\u00e9sus, o\u00f9 il fait son entr\u00e9e \u00e0 J\u00e9rusalem sur un \u00e2ne avec un berger.<\/div>\n<\/div>\n<\/div>\n<p>Le Dimanche des Rameaux est connu \u00e9galement comme <em>De Passione Domini<\/em>, \u00ab\u00a0de la passion du Seigneur\u00a0\u00bb, puisque, bien qu\u2019il soit un jour de f\u00eate, c\u2019est le premier des \u00e9v\u00e8nements qui porteront \u00e0 l\u2019agonie et \u00e0 la Crucifixion de J\u00e9sus. Dans le rite romain, le Dimanche des Rameaux fait encore partie du Car\u00eame, tandis que dans la Forme extraordinaire, ce dernier se conclut le dimanche pr\u00e9c\u00e9dent.<\/p>\n<h3>Lundi<\/h3>\n<p>Les trois jours suivants le Dimanche des Rameaux rappellent certains faits de la vie de J\u00e9sus \u00e0 J\u00e9rusalem et en particulier la <strong>trahison de Judas<\/strong>. Chaque jour, comme premi\u00e8re lecture de la messe, on lit un des premiers trois chants du Serviteur du Seigneur du livre du proph\u00e8te Isa\u00efe. La lecture de l\u2019\u00c9vangile, par contre, raconte les derniers jours de J\u00e9sus avant l\u2019arrestation.<\/p>\n<p>Le lundi est le jour de l\u2019<strong>amiti\u00e9<\/strong>, sentiment important pour J\u00e9sus, qui aimait s\u2019entourer de bons amis et passer du temps avec eux. Dans ce jour, en particulier, on rappelle comment il se soit rendu \u00e0 B\u00e9thanie pour rendre visite \u00e0 trois grands amis\u00a0: Marthe, Marie et Lazare. \u00ab\u00a0<em>Six jours avant la P\u00e2que, J\u00e9sus arriva \u00e0 B\u00e9thanie, o\u00f9 \u00e9tait Lazare, qu\u2019il avait ressuscit\u00e9 des morts. L\u00e0, on lui fit un souper ; Marthe servait, et Lazare \u00e9tait un de ceux qui se trouvaient \u00e0 table avec lui. Marie, ayant pris une livre d\u2019un parfum de nard pur de grand prix, oignit les pieds de J\u00e9sus, et elle lui essuya les pieds avec ses cheveux\u00a0; et la maison fut remplie de l\u2019odeur du parfum\u00a0<\/em>\u00bb (Jean 12,1-3).<\/p>\n<h3>Mardi<\/h3>\n<p>la <strong>conscience de la trahison<\/strong> commence \u00e0 s\u2019esquisser dans l\u2019esprit de J\u00e9sus. La lecture de l\u2019\u00c9vangile dans la liturgie raconte cela :\u00a0\u00ab\u00a0<em>Ayant ainsi parl\u00e9, [tandis qu\u2019il \u00e9tait \u00e0 table avec ses disciples] J\u00e9sus fut troubl\u00e9 en son esprit, et il dit express\u00e9ment\u00a0: En v\u00e9rit\u00e9, en v\u00e9rit\u00e9, je vous le dis, l\u2019un de vous me livrera. Les disciples se regardaient les uns les autres, ne sachant de qui il parlait. Un des disciples, celui que J\u00e9sus aimait, \u00e9tait couch\u00e9 sur le sein de J\u00e9sus. Simon Pierre lui fit signe de demander qui \u00e9tait celui dont parlait J\u00e9sus. Et ce disciple, s\u2019\u00e9tant pench\u00e9 sur la poitrine de J\u00e9sus, lui dit\u00a0: Seigneur, qui est-ce\u00a0? J\u00e9sus r\u00e9pondit\u00a0: C\u2019est celui \u00e0 qui je donnerai le morceau tremp\u00e9. Et, ayant tremp\u00e9 le morceau, il le donna \u00e0 Judas, fils de Simon, l\u2019Iscariote<\/em>\u00a0\u00bb (Jean 13,21-25).<\/p>\n<h3>Mercredi<\/h3>\n<p>Le mercredi de la Semaine Sainte rappelle la <strong>trahison v\u00e9ritable de Judas<\/strong>, qui se rend chez les Pr\u00eatres afin de vendre J\u00e9sus. \u00ab\u00a0<em>Alors l\u2019un des douze, appel\u00e9 Judas Iscariote, alla vers les principaux sacrificateurs, et dit : Que voulez-vous me donner, et je vous le livrerai\u00a0? Et ils lui pay\u00e8rent trente pi\u00e8ces d\u2019argent. Depuis ce moment, il cherchait une occasion favorable pour livrer J\u00e9sus<\/em>.\u00a0\u00bb (Matt 26,14-16).<\/p>\n<h3>Jeudi Saint<\/h3>\n<p>C\u2019est le dernier jour de Car\u00eame, mais aussi le premier du <strong>Triduum Pascal<\/strong>, qui commence avec la <strong>messe in Cena Domini<\/strong> du Jeudi Saint et se termine avec le Dimanche de P\u00e2ques. Ces trois jours repr\u00e9sentent le temps central de l\u2019ann\u00e9e liturgique et c\u00e9l\u00e8brent le Myst\u00e8re pascal de J\u00e9sus-Christ : <strong>institution de l\u2019eucharistie<\/strong>, justement, et ensuite, <strong>passion<\/strong>, <strong>mort<\/strong>, <strong>descente<\/strong> <strong>aux<\/strong> <strong>enfers<\/strong> et <strong>r\u00e9surrection<\/strong>.<\/p>\n<p>Le <strong>matin<\/strong> du Jeudi Saint est d\u00e9di\u00e9 \u00e0 la cons\u00e9cration des Huiles Saintes, i.e. ceux qui serviront pour c\u00e9l\u00e9brer les Sacrements, et les pr\u00eatres renouvellent les promesses faites le jour de leur ordination.<\/p>\n<p>Au <strong>soir<\/strong>, on c\u00e9l\u00e8bre la <strong>messe in Cena Domini<\/strong>, qui rappelle <a href=\"https:\/\/www.holyart.fr\/noel\/creches-noel\/creche-noel-angela-tripi\/cene-30-cm-angela-tripi-terre-cuite\"><strong>la C\u00e8ne de J\u00e9sus<\/strong><\/a> et donc l\u2019<strong>institution de l\u2019Eucharistie<\/strong>. Il s\u2019agit d\u2019une c\u00e9r\u00e9monie importante, car on b\u00e9nit \u00e9galement les hosties qui seront distribu\u00e9es le jour suivant. La Cena Domini d\u00e9cr\u00e8te la fin du Car\u00eame et le d\u00e9but du Triduum Pascal.<\/p>\n<div class=\"link-product\">\n<div class=\"blocco-immagine\"><img loading=\"lazy\" decoding=\"async\" class=\"size-full wp-image-4315 alignleft\" src=\"https:\/\/blog.holyart.it\/fr\/wp-content\/uploads\/sites\/14\/2022\/04\/ultima-cena-30-cm-angela-tripi-terracotta-Copia.jpg\" alt=\"ultima-cena-30-cm-angela-tripi-terracotta - Copia\" width=\"100\" height=\"100\" data-kale-share-title=\"Les rites de la Semaine Sainte\" data-kale-share-url=\"https:\/\/blog.holyart.it\/fr\/?p=4305\" \/><\/div>\n<div class=\"blocco-contenuto\">\n<div class=\"blocco-acquista\">Acheter sur Holyart:<\/div>\n<div class=\"blocco-titolo\"><a href=\"https:\/\/www.holyart.fr\/noel\/creches-noel\/creche-noel-angela-tripi\/cene-30-cm-angela-tripi-terre-cuite\">C\u00e8ne 30 cm Angela Tripi terre cuite<\/a><\/div>\n<div class=\"blocco-descrizione\">Chaque personnage et chaque d\u00e9tail du d\u00e9cor repr\u00e9sentent une sculpture unique enti\u00e8rement r\u00e9alis\u00e9e \u00e0 la main<\/div>\n<\/div>\n<\/div>\n<p>Le Jeudi Saint f\u00eate \u00e9galement l\u2019institution du <strong>sacerdoce minist\u00e9riel<\/strong> et le <strong>commandement de l\u2019amour fraternel<\/strong>. J\u00e9sus<a href=\"https:\/\/www.holyart.fr\/occasions-speciales\/paques-et-careme\/creche-de-paques\/scene-vie-de-christ-lavement-des-pieds-9-cm\"><strong> lave les pieds \u00e0 ses disciples<\/strong><\/a> en tant que forme extr\u00eame d\u2019amour. \u00ab\u00a0<em>Avant la f\u00eate de P\u00e2que, J\u00e9sus, sachant que son heure \u00e9tait venue de passer de ce monde au P\u00e8re, et ayant aim\u00e9 les siens qui \u00e9taient dans le monde, mit le comble \u00e0 son amour pour eux. Pendant le souper, lorsque le diable avait d\u00e9j\u00e0 inspir\u00e9 au c\u0153ur de Judas Iscariote, fils de Simon, le dessein de le livrer, J\u00e9sus, qui savait que le P\u00e8re avait remis toutes choses entre ses mains, qu\u2019il \u00e9tait venu de Dieu, et qu\u2019il s\u2019en allait \u00e0 Dieu, se leva de table, \u00f4ta ses v\u00eatements, et prit un linge, dont il se ceignit. Ensuite il versa de l\u2019eau dans un bassin, et il se mit \u00e0 laver les pieds des disciples, et \u00e0 les essuyer avec le linge dont il \u00e9tait ceint<\/em>\u00a0\u00bb (Jean 13,1-5)<\/p>\n<p>De plus, le Jeudi Saint, on c\u00e9l\u00e8bre la remise du <strong>nouveau commandement de J\u00e9sus<\/strong>, le commandement de l\u2019amour. \u00ab\u00a0<em>Je vous donne un commandement nouveau\u00a0: Aimez-vous les uns les autres\u00a0; comme je vous ai aim\u00e9s, vous aussi, aimez-vous les uns les autres. A ceci tous conna\u00eetront que vous \u00eates mes disciples, si vous avez de l\u2019amour les uns pour les autres<\/em>\u00a0\u00bb (Jean, 34-35).<\/p>\n<p>Pour finir, le Jeudi Saint <strong><a href=\"https:\/\/www.holyart.fr\/accessoires-pour-la-liturgie\/mobilier-deglise\/croix-dautel-avec-chandeliers\">la croix du ma\u00eetre-autel<\/a> est couverte d\u2019un voile blanc<\/strong> et ensuite laiss\u00e9e voil\u00e9e jusqu\u2019au jour suivant. Cela fait partie de la <strong>Velatio<\/strong>, le voilage des croix et des images sacr\u00e9es expos\u00e9es \u00e0 la v\u00e9n\u00e9ration des fid\u00e8les, avec l\u2019exclusion de celles du Chemin de Croix. \u00ab\u00a0<em>Apr\u00e8s la Messe et avant les V\u00eapres, on couvre les croix et les images de l\u2019\u00e9glise de voiles violets\u00a0; les croix restent couvertes jusqu\u2019\u00e0 la fin de l\u2019adoration de la croix de la part du c\u00e9l\u00e9brant le Vendredi Saint, les images jusqu\u2019\u00e0 l\u2019intonation du Gloire lors de la Messe de la Vigile Pascale<\/em>\u00a0\u00bb r\u00e9cite le missel tridentin, fruit du Concile de Trente. En outre, la liturgie est accompagn\u00e9e de moments de <strong>silence solennel<\/strong>.<\/p>\n<h3>Vendredi Saint<\/h3>\n<p>Le Vendredi Saint pr\u00e9c\u00e8de le Dimanche de P\u00e2ques et rappelle la <strong>passion de J\u00e9sus, sa <a href=\"https:\/\/www.holyart.fr\/articles-religieux\/crucifix\/crucifix-en-pierre\/crucifix-en-pierre-ivoirine\">crucifixion<\/a> et sa mort<\/strong>. Il pr\u00e9voit l\u2019<strong>abstinence de viande <\/strong>pour les fid\u00e8les \u00e0 partir de 14 ans d\u2019\u00e2ge, et l\u2019<strong>abstinence et le je\u00fbne eccl\u00e9siastique <\/strong>pour ceux de 18 \u00e0 60 ans. Il s\u2019agit du dernier acte de p\u00e9nitence de la part des fid\u00e8les afin de pr\u00e9parer le retour de Christ et la lib\u00e9ration de la mort.<\/p>\n<div class=\"link-product\">\n<div class=\"blocco-immagine\"><img loading=\"lazy\" decoding=\"async\" class=\"size-full wp-image-4333 alignleft\" src=\"https:\/\/blog.holyart.it\/fr\/wp-content\/uploads\/sites\/14\/2022\/04\/Crucifix-en-pierre-ivoirine.jpg\" alt=\"Crucifix en pierre, ivoirine\" width=\"100\" height=\"100\" data-kale-share-title=\"Les rites de la Semaine Sainte\" data-kale-share-url=\"https:\/\/blog.holyart.it\/fr\/?p=4305\" \/><\/div>\n<div class=\"blocco-contenuto\">\n<div class=\"blocco-acquista\">Acheter sur Holyart:<\/div>\n<div class=\"blocco-titolo\"><a href=\"https:\/\/www.holyart.fr\/articles-religieux\/crucifix\/crucifix-en-pierre\/crucifix-en-pierre-ivoirine\">Crucifix en pierre, ivoirine<\/a><\/div>\n<div class=\"blocco-descrizione\">Crucifix r\u00e9alis\u00e9 les soeurs du monast\u00e8re de Bethl\u00e9em en France<\/div>\n<\/div>\n<\/div>\n<p>Le Vendredi Saint <strong>on ne c\u00e9l\u00e8bre pas l\u2019Eucharistie<\/strong>. Les hosties qui sont offertes ont en effet \u00e9t\u00e9 consacr\u00e9es la veille, le Jeudi Saint.<\/p>\n<p>La liturgie du Vendredi Saint c\u00e9l\u00e8bre la <strong>Passion du Seigneur<\/strong>, et prend le nom de c\u00e9l\u00e9bration \u00ab\u00a0<em>in Passione Domini<\/em>\u00a0\u00bb. Dans le pass\u00e9, on c\u00e9l\u00e9brait la liturgie du Vendredi Saint \u00e0 15h00, heure de la mort de J\u00e9sus selon les \u00c9vangiles. Aujourd\u2019hui elle est c\u00e9l\u00e9br\u00e9e dans l\u2019apr\u00e8s-midi, dans un horaire plus adapt\u00e9 afin de permettre la fr\u00e9quentation de la part des fid\u00e8les.<\/p>\n<p>La Liturgie in Passione Domini se compose de trois parties\u00a0:<\/p>\n<ul>\n<li>liturgie de la Parole, compos\u00e9e de nombreuses lectures et de la solennelles pri\u00e8re universelle\u00a0;<\/li>\n<li>adoration de la Sainte Croix du ma\u00eetre-autel, qui est lib\u00e9r\u00e9e du voile dont elle a \u00e9t\u00e9 recouverte le jour avant\u00a0;<\/li>\n<li>communion avec les pr\u00e9sanctifi\u00e9s (les hosties consacr\u00e9es le soir avant).<\/li>\n<\/ul>\n<p>G\u00e9n\u00e9ralement, la liturgie du Vendredi Saint est suivie du <strong>Chemin de Croix<\/strong>, de cort\u00e8ges avec statues processionnelles ou d\u2019autres actes de d\u00e9votion.<\/p>\n<h3>Le Samedi Saint<\/h3>\n<p>Le Samedi Saint c\u00e9l\u00e8bre le jour o\u00f9 J\u00e9sus serait descendu aux <strong>enfers<\/strong>. Cette descente a vu comme protagonistes la <strong>divinit\u00e9<\/strong> de Christ et son <strong>\u00e2me humaine<\/strong>, tandis que son corps restait dans le tombeau, prot\u00e9g\u00e9 de la d\u00e9cadence par la gr\u00e2ce divine. Pendant le temps pass\u00e9 aux enfers, J\u00e9sus triomphe contre le diable et lib\u00e8re les \u00e2mes des justes en les amenant au Paradis. Seulement une fois accomplie leur mission, \u00e2me et divinit\u00e9 retournent se joindre au corps incorrompu. C\u2019est le moment de la <a href=\"https:\/\/www.holyart.fr\/occasions-speciales\/paques-et-careme\/christ-ressuscite-pretre-et-roi\"><strong>R\u00e9surrection<\/strong><\/a>.<\/p>\n<p>Deuxi\u00e8me jour liturgique du Triddum pascal, c\u2019est un jour d\u00e9di\u00e9 au recueillement et \u00e0 la pri\u00e8re. Tous les fid\u00e8les sont en attente de la R\u00e9surrection, qui sera annonc\u00e9e lors de la <strong>veill\u00e9e pascale<\/strong> qui d\u00e9bute au coucher du soleil.<\/p>\n<p>\u00ab\u00a0<em>Aujourd\u2019hui, grand silence sur la terre ; grand silence et ensuite solitude parce que le Roi sommeille. La terre a trembl\u00e9 et elle s\u2019est apais\u00e9e, parce que Dieu s\u2019est endormi dans la chair et il a \u00e9veill\u00e9 ceux qui dorment depuis les origines. Dieu est mort dans la chair et le s\u00e9jour des morts s\u2019est mis \u00e0 trembler<\/em>\u00a0\u00bb (tir\u00e9 d\u2019une Hom\u00e9lie ancienne du Samedi Saint).<\/p>\n<p>Dans le jour du Samedi Saint on ne c\u00e9l\u00e8bre point de messe, l\u2019autel reste d\u00e9pouill\u00e9, pour symboliser l\u2019<strong>absence de Christ<\/strong>, son \u00eatre momentan\u00e9ment ailleurs. L\u2019eucharistie est conc\u00e9d\u00e9e uniquement en cas de mort. Les sacrements sont suspendus.<\/p>\n<p>Je\u00fbne eccl\u00e9siastique et abstinence de viande sont conseill\u00e9s, mais pas obligatoires.<\/p>\n<p>Apr\u00e8s le coucher du soleil, commence la <strong>Veill\u00e9e pascale<\/strong>, avec l\u2019allumage <strong><a href=\"https:\/\/www.holyart.fr\/blog\/accessoires-pour-la-liturgie\/cierge-pascal-lumiere-libere-tenebres\/\">du cierge pascal<\/a><\/strong>, est la proclamation de la <strong>lumi\u00e8re de Christ<\/strong><strong>.<\/strong><\/p>\n<h3>Dimanche de R\u00e9surrection<\/h3>\n<p>Le Dimanche de R\u00e9surrection conclut la Semaine Sainte en c\u00e9l\u00e9brant <strong>la joie et le triomphe de J\u00e9sus ressuscit\u00e9<\/strong>. La R\u00e9surrection repr\u00e9sente le fondement m\u00eame de la foi chr\u00e9tienne, qui se renouvelle \u00e0 chaque liturgie eucharistique et perp\u00e9tue son miracle dans le temps.<\/p>\n<div class=\"link-product\">\n<div class=\"blocco-immagine\"><img loading=\"lazy\" decoding=\"async\" class=\"size-full wp-image-4328 alignleft\" src=\"https:\/\/blog.holyart.it\/fr\/wp-content\/uploads\/sites\/14\/2022\/04\/Estampe-R\u00e9surrection-20x25-cm.jpg\" alt=\"Estampe R\u00e9surrection 20x25 cm\" width=\"100\" height=\"100\" data-kale-share-title=\"Les rites de la Semaine Sainte\" data-kale-share-url=\"https:\/\/blog.holyart.it\/fr\/?p=4305\" \/><\/div>\n<div class=\"blocco-contenuto\">\n<div class=\"blocco-acquista\">Acheter sur Holyart:<\/div>\n<div class=\"blocco-titolo\"><a href=\"https:\/\/www.holyart.fr\/articles-religieux\/tableaux-gravures-manuscrit-enlumine\/estampe-resurrection-20x25-cm\">Estampe R\u00e9surrection 20&#215;25 cm<\/a><\/div>\n<div class=\"blocco-descrizione\">Image r\u00e9alis\u00e9e en haute d\u00e9finition dans une lithographie italienne.<\/div>\n<\/div>\n<\/div>\n<h2>Les traditions populaires<\/h2>\n<p>On l\u2019imagine ais\u00e9ment, la Semaine Sainte se caract\u00e9rise, outre que par la liturgique sp\u00e9cifique de chaque journ\u00e9e, par des nombreuses formes de d\u00e9votion populaire et par des traditions qui puisent leurs origines dans le pass\u00e9. Du reste, surtout en Italie, <strong>la <u>tradition des f\u00eates patronales<\/u><\/strong> est enracin\u00e9e dans le territoire et dans la m\u00e9moire historique \u00e0 un tel point qu\u2019il devient parfois difficile de s\u00e9parer le sentiment religieux des suggestions plus profanes. M\u00eame dans cette p\u00e9riode si importante pour les chr\u00e9tiens, de nombreuses traditions populaires animent nos villes et nos villages. Nous souhaitons en rappeler quelques-unes.<\/p>\n<p>Lors de la <strong>Processione degli Incappucciati<\/strong> (Procession des Encapuchonn\u00e9s), qui se d\u00e9roule le Vendredi Saint \u00e0 <strong>Isernia<\/strong>, une procession d\u2019hommes enti\u00e8rement couverts d\u2019un voile blanc et couronn\u00e9s d\u2019une couronne d\u2019\u00e9pines parcourt toute la ville en portant sur les \u00e9paules les statues de la Mater Dolorosa et du Christ Mort.<\/p>\n<p>\u00c0 <strong>Lanciano<\/strong>, les <strong>Incappucciati<\/strong> portent une bure noire avec capuche et parcourent les rues de la ville avec des torches le Jeudi et le Vendredi Saints, tandis qu\u2019un homme choisi parmi les membres des Confr\u00e9ries employ\u00e9es dans la comm\u00e9moration joue le r\u00f4le de Simone de Cyr\u00e8ne d\u00e9chauss\u00e9 qui porte la croix \u00e0 travers la ville.<\/p>\n<p>\u00c0 <strong>Sarno<\/strong>, en Camapnie, depuis le XIIIe si\u00e8cle, des hommes encapuchonn\u00e9s, les <strong><em>Paputi<\/em><\/strong> (du latin <em>pappus<\/em>, vieux), parcourent le Chemin de Croix en portant des croix en bois.<\/p>\n<p>\u00c0 <strong>Enna<\/strong>, en Sicile, beaucoup de traditions pratiqu\u00e9es encore de nos jours pendant la Semaine Sainte remontent \u00e0 la domination espagnole, entre le XVe et le XVIIe si\u00e8cle. Pensons ici aussi aux encapuchonn\u00e9s qui, lors de la procession du Vendredi Saint, portent les <strong><em>fercoli<\/em><\/strong> (chars caract\u00e9ristiques) du Christ mort et de Notre-Dame des Douleurs, tandis qu\u2019autour d\u2019eux r\u00e9sonnent des marches fun\u00e8bres et les <em>lamentanze<\/em>, des anciens chants religieux qui pleurent la mort du Christ.<\/p>\n<p>\u00c0 <strong>Noicattaro<\/strong>, dans les Pouilles, le soir du Jeudi Saint, a lieu la procession des <strong>Crociferi<\/strong>, des hommes habill\u00e9s en noir, une capuche couvrant leur visage et une couronne d\u2019\u00e9pines sur leur t\u00eate, qui parcourent, d\u00e9chauss\u00e9s, les rues du centre pour visiter les reposoirs, les autels destin\u00e9s \u00e0 abriter temporairement le Saint Sacrement.<\/p>\n<p>\u00c0 <strong>San Severo<\/strong>, le Vendredi Saint s\u2019ouvre avec la traditionnelle <strong>procession de Notre-Dame des Douleurs et de J\u00e9sus Flagell\u00e9<\/strong>.<\/p>\n<p>Le Samedi Saint \u00e0 <strong>Nocera Terinese<\/strong>, en province de Catanzaro, les <strong><em>vattienti<\/em><\/strong> passent en procession par la ville en se frappant les jambes avec des objets pointus jusqu\u2019\u00e0 les faire saigner copieusement afin de rappeler les souffrances de J\u00e9sus.<\/p>\n<p>\u00c0 <strong>Sulmona<\/strong>, en province de L\u2019Aquila, le Dimanche de P\u00e2ques a lieu la Sainte Repr\u00e9sentation de la <strong>Madonna che scappa in piazza<\/strong> (la Sainte Vierge qui s\u2019enfuit sur la place). La statue de Notre-Dame des Douleurs est port\u00e9e en procession \u00e0 une grande vitesse, \u00e0 symboliser la course de Marie pour retrouver J\u00e9sus ressuscit\u00e9.<\/p>\n","protected":false},"excerpt":{"rendered":"<p>P\u00e2ques est la f\u00eate la plus importante de l\u2019ann\u00e9e pour les chr\u00e9tiens et est c\u00e9l\u00e9br\u00e9e dans le monde entier. Les rites qui la caract\u00e9risent sont r\u00e9partis tout au long de la Semaine Sainte. Voyons jour par jour ce qui se passe. La Semaine Sainte est&hellip;<\/p>\n","protected":false},"author":1,"featured_media":4335,"comment_status":"closed","ping_status":"open","sticky":false,"template":"","format":"standard","meta":{"_acf_changed":false,"footnotes":""},"categories":[4,12,14],"tags":[],"class_list":["post-4305","post","type-post","status-publish","format-standard","has-post-thumbnail","hentry","category-accessoires-pour-la-liturgie","category-occasions-speciales","category-paques"],"acf":[],"yoast_head":"<!-- This site is optimized with the Yoast SEO plugin v26.6 - https:\/\/yoast.com\/wordpress\/plugins\/seo\/ -->\n<title>Les rites de la Semaine Sainte<\/title>\n<meta name=\"description\" content=\"P\u00e2ques est la f\u00eate la plus importante de l\u2019ann\u00e9e pour les chr\u00e9tiens et est c\u00e9l\u00e9br\u00e9e dans le monde entier...\" \/>\n<meta name=\"robots\" content=\"index, follow, max-snippet:-1, max-image-preview:large, max-video-preview:-1\" \/>\n<link rel=\"canonical\" href=\"https:\/\/blog.holyart.it\/fr\/paques\/les-rites-de-la-semaine-sainte\/\" \/>\n<meta property=\"og:locale\" content=\"fr_FR\" \/>\n<meta property=\"og:type\" content=\"article\" \/>\n<meta property=\"og:title\" content=\"Les rites de la Semaine Sainte\" \/>\n<meta property=\"og:description\" content=\"P\u00e2ques est la f\u00eate la plus importante de l\u2019ann\u00e9e pour les chr\u00e9tiens et est c\u00e9l\u00e9br\u00e9e dans le monde entier...\" \/>\n<meta property=\"og:url\" content=\"https:\/\/blog.holyart.it\/fr\/paques\/les-rites-de-la-semaine-sainte\/\" \/>\n<meta property=\"og:site_name\" content=\"Holyart.fr Blog\" \/>\n<meta property=\"article:published_time\" content=\"2022-04-04T15:28:53+00:00\" \/>\n<meta property=\"article:modified_time\" content=\"2026-03-20T09:39:00+00:00\" \/>\n<meta property=\"og:image\" content=\"https:\/\/blog.holyart.it\/fr\/wp-content\/uploads\/sites\/14\/2022\/04\/Les-rites-de-la-Semaine-Sainte.jpg\" \/>\n\t<meta property=\"og:image:width\" content=\"1000\" \/>\n\t<meta property=\"og:image:height\" content=\"666\" \/>\n\t<meta property=\"og:image:type\" content=\"image\/jpeg\" \/>\n<meta name=\"author\" content=\"Redazione\" \/>\n<meta name=\"twitter:card\" content=\"summary_large_image\" \/>\n<meta name=\"twitter:label1\" content=\"\u00c9crit par\" \/>\n\t<meta name=\"twitter:data1\" content=\"Redazione\" \/>\n\t<meta name=\"twitter:label2\" content=\"Dur\u00e9e de lecture estim\u00e9e\" \/>\n\t<meta name=\"twitter:data2\" content=\"15 minutes\" \/>\n<script type=\"application\/ld+json\" class=\"yoast-schema-graph\">{\"@context\":\"https:\/\/schema.org\",\"@graph\":[{\"@type\":\"Article\",\"@id\":\"https:\/\/blog.holyart.it\/fr\/paques\/les-rites-de-la-semaine-sainte\/#article\",\"isPartOf\":{\"@id\":\"https:\/\/blog.holyart.it\/fr\/paques\/les-rites-de-la-semaine-sainte\/\"},\"author\":{\"name\":\"Redazione\",\"@id\":\"https:\/\/blog.holyart.it\/fr\/#\/schema\/person\/0a7b686e5af0f856ec1e390dd0baecda\"},\"headline\":\"Les rites de la Semaine Sainte\",\"datePublished\":\"2022-04-04T15:28:53+00:00\",\"dateModified\":\"2026-03-20T09:39:00+00:00\",\"mainEntityOfPage\":{\"@id\":\"https:\/\/blog.holyart.it\/fr\/paques\/les-rites-de-la-semaine-sainte\/\"},\"wordCount\":2934,\"publisher\":{\"@id\":\"https:\/\/blog.holyart.it\/fr\/#organization\"},\"image\":{\"@id\":\"https:\/\/blog.holyart.it\/fr\/paques\/les-rites-de-la-semaine-sainte\/#primaryimage\"},\"thumbnailUrl\":\"https:\/\/blog.holyart.it\/fr\/wp-content\/uploads\/sites\/14\/2022\/04\/Les-rites-de-la-Semaine-Sainte.jpg\",\"articleSection\":[\"Liturgie\",\"Occasions sp\u00e9ciales\",\"P\u00e2ques\"],\"inLanguage\":\"fr-FR\"},{\"@type\":\"WebPage\",\"@id\":\"https:\/\/blog.holyart.it\/fr\/paques\/les-rites-de-la-semaine-sainte\/\",\"url\":\"https:\/\/blog.holyart.it\/fr\/paques\/les-rites-de-la-semaine-sainte\/\",\"name\":\"Les rites de la Semaine Sainte\",\"isPartOf\":{\"@id\":\"https:\/\/blog.holyart.it\/fr\/#website\"},\"primaryImageOfPage\":{\"@id\":\"https:\/\/blog.holyart.it\/fr\/paques\/les-rites-de-la-semaine-sainte\/#primaryimage\"},\"image\":{\"@id\":\"https:\/\/blog.holyart.it\/fr\/paques\/les-rites-de-la-semaine-sainte\/#primaryimage\"},\"thumbnailUrl\":\"https:\/\/blog.holyart.it\/fr\/wp-content\/uploads\/sites\/14\/2022\/04\/Les-rites-de-la-Semaine-Sainte.jpg\",\"datePublished\":\"2022-04-04T15:28:53+00:00\",\"dateModified\":\"2026-03-20T09:39:00+00:00\",\"description\":\"P\u00e2ques est la f\u00eate la plus importante de l\u2019ann\u00e9e pour les chr\u00e9tiens et est c\u00e9l\u00e9br\u00e9e dans le monde entier...\",\"breadcrumb\":{\"@id\":\"https:\/\/blog.holyart.it\/fr\/paques\/les-rites-de-la-semaine-sainte\/#breadcrumb\"},\"inLanguage\":\"fr-FR\",\"potentialAction\":[{\"@type\":\"ReadAction\",\"target\":[\"https:\/\/blog.holyart.it\/fr\/paques\/les-rites-de-la-semaine-sainte\/\"]}]},{\"@type\":\"ImageObject\",\"inLanguage\":\"fr-FR\",\"@id\":\"https:\/\/blog.holyart.it\/fr\/paques\/les-rites-de-la-semaine-sainte\/#primaryimage\",\"url\":\"https:\/\/blog.holyart.it\/fr\/wp-content\/uploads\/sites\/14\/2022\/04\/Les-rites-de-la-Semaine-Sainte.jpg\",\"contentUrl\":\"https:\/\/blog.holyart.it\/fr\/wp-content\/uploads\/sites\/14\/2022\/04\/Les-rites-de-la-Semaine-Sainte.jpg\",\"width\":1000,\"height\":666,\"caption\":\"Les rites de la Semaine Sainte\"},{\"@type\":\"BreadcrumbList\",\"@id\":\"https:\/\/blog.holyart.it\/fr\/paques\/les-rites-de-la-semaine-sainte\/#breadcrumb\",\"itemListElement\":[{\"@type\":\"ListItem\",\"position\":1,\"name\":\"Homepage\",\"item\":\"https:\/\/blog.holyart.it\/fr\/\"},{\"@type\":\"ListItem\",\"position\":2,\"name\":\"P\u00e2ques\",\"item\":\"https:\/\/blog.holyart.it\/fr\/paques\/\"},{\"@type\":\"ListItem\",\"position\":3,\"name\":\"Les rites de la Semaine Sainte\"}]},{\"@type\":\"WebSite\",\"@id\":\"https:\/\/blog.holyart.it\/fr\/#website\",\"url\":\"https:\/\/blog.holyart.it\/fr\/\",\"name\":\"Holyart.fr Blog\",\"description\":\"Holyblog\",\"publisher\":{\"@id\":\"https:\/\/blog.holyart.it\/fr\/#organization\"},\"potentialAction\":[{\"@type\":\"SearchAction\",\"target\":{\"@type\":\"EntryPoint\",\"urlTemplate\":\"https:\/\/blog.holyart.it\/fr\/?s={search_term_string}\"},\"query-input\":{\"@type\":\"PropertyValueSpecification\",\"valueRequired\":true,\"valueName\":\"search_term_string\"}}],\"inLanguage\":\"fr-FR\"},{\"@type\":\"Organization\",\"@id\":\"https:\/\/blog.holyart.it\/fr\/#organization\",\"name\":\"Holyart.fr Blog\",\"url\":\"https:\/\/blog.holyart.it\/fr\/\",\"logo\":{\"@type\":\"ImageObject\",\"inLanguage\":\"fr-FR\",\"@id\":\"https:\/\/blog.holyart.it\/fr\/#\/schema\/logo\/image\/\",\"url\":\"https:\/\/blog.holyart.it\/fr\/wp-content\/uploads\/sites\/14\/2022\/12\/Holyart_Blog_Logo.jpg\",\"contentUrl\":\"https:\/\/blog.holyart.it\/fr\/wp-content\/uploads\/sites\/14\/2022\/12\/Holyart_Blog_Logo.jpg\",\"width\":300,\"height\":50,\"caption\":\"Holyart.fr Blog\"},\"image\":{\"@id\":\"https:\/\/blog.holyart.it\/fr\/#\/schema\/logo\/image\/\"}},{\"@type\":\"Person\",\"@id\":\"https:\/\/blog.holyart.it\/fr\/#\/schema\/person\/0a7b686e5af0f856ec1e390dd0baecda\",\"name\":\"Redazione\",\"image\":{\"@type\":\"ImageObject\",\"inLanguage\":\"fr-FR\",\"@id\":\"https:\/\/blog.holyart.it\/fr\/#\/schema\/person\/image\/\",\"url\":\"https:\/\/secure.gravatar.com\/avatar\/f477da817f43e50d0af36abecd33e3edf826c68299714bdc1057dff3b113f516?s=96&d=mm&r=g\",\"contentUrl\":\"https:\/\/secure.gravatar.com\/avatar\/f477da817f43e50d0af36abecd33e3edf826c68299714bdc1057dff3b113f516?s=96&d=mm&r=g\",\"caption\":\"Redazione\"},\"url\":\"https:\/\/blog.holyart.it\/fr\/author\/admin\/\"}]}<\/script>\n<!-- \/ Yoast SEO plugin. -->","yoast_head_json":{"title":"Les rites de la Semaine Sainte","description":"P\u00e2ques est la f\u00eate la plus importante de l\u2019ann\u00e9e pour les chr\u00e9tiens et est c\u00e9l\u00e9br\u00e9e dans le monde entier...","robots":{"index":"index","follow":"follow","max-snippet":"max-snippet:-1","max-image-preview":"max-image-preview:large","max-video-preview":"max-video-preview:-1"},"canonical":"https:\/\/blog.holyart.it\/fr\/paques\/les-rites-de-la-semaine-sainte\/","og_locale":"fr_FR","og_type":"article","og_title":"Les rites de la Semaine Sainte","og_description":"P\u00e2ques est la f\u00eate la plus importante de l\u2019ann\u00e9e pour les chr\u00e9tiens et est c\u00e9l\u00e9br\u00e9e dans le monde entier...","og_url":"https:\/\/blog.holyart.it\/fr\/paques\/les-rites-de-la-semaine-sainte\/","og_site_name":"Holyart.fr Blog","article_published_time":"2022-04-04T15:28:53+00:00","article_modified_time":"2026-03-20T09:39:00+00:00","og_image":[{"width":1000,"height":666,"url":"https:\/\/blog.holyart.it\/fr\/wp-content\/uploads\/sites\/14\/2022\/04\/Les-rites-de-la-Semaine-Sainte.jpg","type":"image\/jpeg"}],"author":"Redazione","twitter_card":"summary_large_image","twitter_misc":{"\u00c9crit par":"Redazione","Dur\u00e9e de lecture estim\u00e9e":"15 minutes"},"schema":{"@context":"https:\/\/schema.org","@graph":[{"@type":"Article","@id":"https:\/\/blog.holyart.it\/fr\/paques\/les-rites-de-la-semaine-sainte\/#article","isPartOf":{"@id":"https:\/\/blog.holyart.it\/fr\/paques\/les-rites-de-la-semaine-sainte\/"},"author":{"name":"Redazione","@id":"https:\/\/blog.holyart.it\/fr\/#\/schema\/person\/0a7b686e5af0f856ec1e390dd0baecda"},"headline":"Les rites de la Semaine Sainte","datePublished":"2022-04-04T15:28:53+00:00","dateModified":"2026-03-20T09:39:00+00:00","mainEntityOfPage":{"@id":"https:\/\/blog.holyart.it\/fr\/paques\/les-rites-de-la-semaine-sainte\/"},"wordCount":2934,"publisher":{"@id":"https:\/\/blog.holyart.it\/fr\/#organization"},"image":{"@id":"https:\/\/blog.holyart.it\/fr\/paques\/les-rites-de-la-semaine-sainte\/#primaryimage"},"thumbnailUrl":"https:\/\/blog.holyart.it\/fr\/wp-content\/uploads\/sites\/14\/2022\/04\/Les-rites-de-la-Semaine-Sainte.jpg","articleSection":["Liturgie","Occasions sp\u00e9ciales","P\u00e2ques"],"inLanguage":"fr-FR"},{"@type":"WebPage","@id":"https:\/\/blog.holyart.it\/fr\/paques\/les-rites-de-la-semaine-sainte\/","url":"https:\/\/blog.holyart.it\/fr\/paques\/les-rites-de-la-semaine-sainte\/","name":"Les rites de la Semaine Sainte","isPartOf":{"@id":"https:\/\/blog.holyart.it\/fr\/#website"},"primaryImageOfPage":{"@id":"https:\/\/blog.holyart.it\/fr\/paques\/les-rites-de-la-semaine-sainte\/#primaryimage"},"image":{"@id":"https:\/\/blog.holyart.it\/fr\/paques\/les-rites-de-la-semaine-sainte\/#primaryimage"},"thumbnailUrl":"https:\/\/blog.holyart.it\/fr\/wp-content\/uploads\/sites\/14\/2022\/04\/Les-rites-de-la-Semaine-Sainte.jpg","datePublished":"2022-04-04T15:28:53+00:00","dateModified":"2026-03-20T09:39:00+00:00","description":"P\u00e2ques est la f\u00eate la plus importante de l\u2019ann\u00e9e pour les chr\u00e9tiens et est c\u00e9l\u00e9br\u00e9e dans le monde entier...","breadcrumb":{"@id":"https:\/\/blog.holyart.it\/fr\/paques\/les-rites-de-la-semaine-sainte\/#breadcrumb"},"inLanguage":"fr-FR","potentialAction":[{"@type":"ReadAction","target":["https:\/\/blog.holyart.it\/fr\/paques\/les-rites-de-la-semaine-sainte\/"]}]},{"@type":"ImageObject","inLanguage":"fr-FR","@id":"https:\/\/blog.holyart.it\/fr\/paques\/les-rites-de-la-semaine-sainte\/#primaryimage","url":"https:\/\/blog.holyart.it\/fr\/wp-content\/uploads\/sites\/14\/2022\/04\/Les-rites-de-la-Semaine-Sainte.jpg","contentUrl":"https:\/\/blog.holyart.it\/fr\/wp-content\/uploads\/sites\/14\/2022\/04\/Les-rites-de-la-Semaine-Sainte.jpg","width":1000,"height":666,"caption":"Les rites de la Semaine Sainte"},{"@type":"BreadcrumbList","@id":"https:\/\/blog.holyart.it\/fr\/paques\/les-rites-de-la-semaine-sainte\/#breadcrumb","itemListElement":[{"@type":"ListItem","position":1,"name":"Homepage","item":"https:\/\/blog.holyart.it\/fr\/"},{"@type":"ListItem","position":2,"name":"P\u00e2ques","item":"https:\/\/blog.holyart.it\/fr\/paques\/"},{"@type":"ListItem","position":3,"name":"Les rites de la Semaine Sainte"}]},{"@type":"WebSite","@id":"https:\/\/blog.holyart.it\/fr\/#website","url":"https:\/\/blog.holyart.it\/fr\/","name":"Holyart.fr Blog","description":"Holyblog","publisher":{"@id":"https:\/\/blog.holyart.it\/fr\/#organization"},"potentialAction":[{"@type":"SearchAction","target":{"@type":"EntryPoint","urlTemplate":"https:\/\/blog.holyart.it\/fr\/?s={search_term_string}"},"query-input":{"@type":"PropertyValueSpecification","valueRequired":true,"valueName":"search_term_string"}}],"inLanguage":"fr-FR"},{"@type":"Organization","@id":"https:\/\/blog.holyart.it\/fr\/#organization","name":"Holyart.fr Blog","url":"https:\/\/blog.holyart.it\/fr\/","logo":{"@type":"ImageObject","inLanguage":"fr-FR","@id":"https:\/\/blog.holyart.it\/fr\/#\/schema\/logo\/image\/","url":"https:\/\/blog.holyart.it\/fr\/wp-content\/uploads\/sites\/14\/2022\/12\/Holyart_Blog_Logo.jpg","contentUrl":"https:\/\/blog.holyart.it\/fr\/wp-content\/uploads\/sites\/14\/2022\/12\/Holyart_Blog_Logo.jpg","width":300,"height":50,"caption":"Holyart.fr Blog"},"image":{"@id":"https:\/\/blog.holyart.it\/fr\/#\/schema\/logo\/image\/"}},{"@type":"Person","@id":"https:\/\/blog.holyart.it\/fr\/#\/schema\/person\/0a7b686e5af0f856ec1e390dd0baecda","name":"Redazione","image":{"@type":"ImageObject","inLanguage":"fr-FR","@id":"https:\/\/blog.holyart.it\/fr\/#\/schema\/person\/image\/","url":"https:\/\/secure.gravatar.com\/avatar\/f477da817f43e50d0af36abecd33e3edf826c68299714bdc1057dff3b113f516?s=96&d=mm&r=g","contentUrl":"https:\/\/secure.gravatar.com\/avatar\/f477da817f43e50d0af36abecd33e3edf826c68299714bdc1057dff3b113f516?s=96&d=mm&r=g","caption":"Redazione"},"url":"https:\/\/blog.holyart.it\/fr\/author\/admin\/"}]}},"_links":{"self":[{"href":"https:\/\/blog.holyart.it\/fr\/wp-json\/wp\/v2\/posts\/4305","targetHints":{"allow":["GET"]}}],"collection":[{"href":"https:\/\/blog.holyart.it\/fr\/wp-json\/wp\/v2\/posts"}],"about":[{"href":"https:\/\/blog.holyart.it\/fr\/wp-json\/wp\/v2\/types\/post"}],"author":[{"embeddable":true,"href":"https:\/\/blog.holyart.it\/fr\/wp-json\/wp\/v2\/users\/1"}],"replies":[{"embeddable":true,"href":"https:\/\/blog.holyart.it\/fr\/wp-json\/wp\/v2\/comments?post=4305"}],"version-history":[{"count":1,"href":"https:\/\/blog.holyart.it\/fr\/wp-json\/wp\/v2\/posts\/4305\/revisions"}],"predecessor-version":[{"id":5994,"href":"https:\/\/blog.holyart.it\/fr\/wp-json\/wp\/v2\/posts\/4305\/revisions\/5994"}],"wp:featuredmedia":[{"embeddable":true,"href":"https:\/\/blog.holyart.it\/fr\/wp-json\/wp\/v2\/media\/4335"}],"wp:attachment":[{"href":"https:\/\/blog.holyart.it\/fr\/wp-json\/wp\/v2\/media?parent=4305"}],"wp:term":[{"taxonomy":"category","embeddable":true,"href":"https:\/\/blog.holyart.it\/fr\/wp-json\/wp\/v2\/categories?post=4305"},{"taxonomy":"post_tag","embeddable":true,"href":"https:\/\/blog.holyart.it\/fr\/wp-json\/wp\/v2\/tags?post=4305"}],"curies":[{"name":"wp","href":"https:\/\/api.w.org\/{rel}","templated":true}]}}