{"id":4239,"date":"2022-03-28T12:30:57","date_gmt":"2022-03-28T10:30:57","guid":{"rendered":"https:\/\/blog.holyart.it\/fr\/?p=4239"},"modified":"2025-02-12T14:56:41","modified_gmt":"2025-02-12T13:56:41","slug":"creche-de-paques-une-ancienne-tradition-a-redecouvrir","status":"publish","type":"post","link":"https:\/\/blog.holyart.it\/fr\/paques\/creche-de-paques-une-ancienne-tradition-a-redecouvrir\/","title":{"rendered":"Cr\u00e8che de P\u00e2ques, une ancienne tradition \u00e0 red\u00e9couvrir"},"content":{"rendered":"<h4 style=\"text-align: center;\"><em>Cr\u00e8che de P\u00e2ques ? Bien s\u00fbr\u00a0! Dans notre pays c\u2019est une tradition ancienne et tr\u00e8s appr\u00e9ci\u00e9e. Mais quand faut-il l\u2019installer\u00a0? Quels sont les santons caract\u00e9ristiques\u00a0? D\u00e9couvrons-le ensemble.<\/em><\/h4>\n\n<p>Nous connaissons tous, depuis notre enfance, la cr\u00e8che classique que l\u2019on pr\u00e9pare \u00e0 <a href=\"https:\/\/www.holyart.fr\/noel\"><strong>No\u00ebl<\/strong><\/a>. Elle repr\u00e9sente la Nativit\u00e9 de J\u00e9sus, souvent plac\u00e9e \u00e0 l\u2019int\u00e9rieur d\u2019un contexte urbain ou campagnard, selon la tradition, enrichie par la pr\u00e9sence de bergers, paysans, vendeurs de nourriture, musiciens et animaux. Et au centre, bien \u00e9videmment, la cabane ou la grotte avec la Vierge, Saint Joseph et l\u2019Enfant J\u00e9sus dans la mangeoire, r\u00e9chauff\u00e9 par le souffle chaud du b\u0153uf et de l\u2019\u00e2ne.<\/p>\n<div class=\"link-article\">\n<p><img loading=\"lazy\" decoding=\"async\" class=\"alignnone size-full wp-image-4244\" src=\"https:\/\/blog.holyart.it\/fr\/wp-content\/uploads\/sites\/14\/2022\/03\/La-C\u00e8ne-de-L\u00e9onard-de-Vinci.jpeg\" alt=\"La C\u00e8ne de L\u00e9onard de Vinci\" width=\"150\" height=\"99\" data-kale-share-title=\"Cr\u00e8che de P\u00e2ques, une ancienne tradition \u00e0 red\u00e9couvrir\" data-kale-share-url=\"https:\/\/blog.holyart.it\/fr\/?p=4239\" \/><\/p>\n<div class=\"leggi-anche\">Lire aussi :<\/div>\n<p><strong><a href=\"https:\/\/www.holyart.fr\/blog\/articles-religieux\/la-cene-de-leonard-de-vinci-histoire-dun-chef-doeuvre\/#Les_apotres_dans_la_Cene\">La C\u00e8ne de L\u00e9onard de Vinci : histoire d\u2019un chef d\u2019\u0153uvre<\/a><\/strong><br \/>\nLa C\u00e8ne de L\u00e9onard de Vinci, dans le couvent de Santa Maria delle Grazie, est une des \u0153uvres les plus c\u00e9l\u00e8bres au monde&#8230;<\/p>\n<\/div>\n<p>Autrefois, dans certaines repr\u00e9sentations de la cr\u00e8che de No\u00ebl, on \u00e9voquait \u00e9galement <strong>d\u2019autres \u00e9pisodes<\/strong> li\u00e9s \u00e0 la naissance de J\u00e9sus, mais loin dans le temps par rapport \u00e0 celle-ci, comme par exemple l\u2019<strong><a href=\"https:\/\/www.holyart.fr\/occasions-speciales\/paques-et-careme\/creche-de-paques\/scene-de-lannonciation-a-marie-avec-archange-gabriel-9-cm\">Annonciation<\/a><\/strong>. Toutefois, la cr\u00e8che n\u2019est pour tradition que la repr\u00e9sentation de la Nativit\u00e9, comme le sugg\u00e8re son nom. Rappelons en effet que le mot cr\u00e8che d\u00e9signe la mangeoire o\u00f9 J\u00e9sus fut plac\u00e9 \u00e0 sa naissance.<\/p>\n<p>D\u2019o\u00f9 nait donc l\u2019id\u00e9e de r\u00e9aliser une <a href=\"https:\/\/www.holyart.fr\/occasions-speciales\/paques-et-careme\/creche-de-paques\"><strong>cr\u00e8che de P\u00e2ques<\/strong><\/a>, qui ne devrait donc m\u00eame pas porter ce nom\u00a0? En r\u00e9alit\u00e9, les deux cr\u00e8ches, de No\u00ebl et de P\u00e2ques, partagent la m\u00eame origine, i.e. la n\u00e9cessit\u00e9 de <strong>rendre visibles et compr\u00e9hensibles<\/strong> aux yeux de la plupart des personnes, hommes du peuples et paysans, incapables de lire et de comprendre les Saintes \u00c9critures dans leur enti\u00e8ret\u00e9, les \u00e9v\u00e9nements sacr\u00e9s et les vicissitudes li\u00e9es \u00e0 la vie et \u00e0 la mort de J\u00e9sus. Un type de <strong>d\u00e9votion populaire<\/strong>, donc, qui nous ram\u00e8ne aux <strong>repr\u00e9sentations sacr\u00e9es<\/strong> et, avant cela, aux <strong><em>laude drammatiche<\/em><\/strong>, d\u00e9j\u00e0 r\u00e9pandues en Italie \u00e0 partir du XIVe si\u00e8cle, des v\u00e9ritables spectacles th\u00e9\u00e2traux d\u2019argument religieux mis en place pour raconter au peuple, qui ne connaissait pas le latin, des \u00e9pisodes de la vie de J\u00e9sus ou de Marie et d\u2019autres histoires \u00e9difiantes. Ce type de repr\u00e9sentations avait en outre l\u2019avantage d\u2019impliquer tous ceux qui y assistaient en jouant sur <strong>la spiritualit\u00e9 et <\/strong>sur<strong> la <em>pietas<\/em> populaire<\/strong>. Rappelons que la cr\u00e8che de No\u00ebl elle-m\u00eame nait comme <strong>cr\u00e8che<\/strong> <strong>vivante<\/strong> dans ce m\u00eame but didactique et de diffusion de la v\u00e9rit\u00e9 autrement destin\u00e9s \u00e0 demeurer l\u2019apanage de rares savants. Et, comme suite \u00e0 l\u2019introduction de la cr\u00e8che vivante, des artisans et des artistes commenc\u00e8rent \u00e0 modeler des statuettes qui repr\u00e9sentaient la Nativit\u00e9, jusqu\u2019\u00e0 donner vie \u00e0 la <strong>tradition de la cr\u00e8che italienne<\/strong> que nous connaissons tous, il est probable que de la m\u00eame mani\u00e8re on commen\u00e7a aussi \u00e0 recr\u00e9er les sc\u00e8nes de la Passion et de la mort de J\u00e9sus, de <a href=\"https:\/\/www.holyart.fr\/blog\/articles-religieux\/la-cene-de-leonard-de-vinci-histoire-dun-chef-doeuvre\/\"><strong>la C\u00e8ne<\/strong><\/a> \u00e0 la m\u00e9ditation dans le jardin de Geths\u00e9mani, au jugement de Pilate, jusqu\u2019\u00e0 la crucifixion, \u00e0 la s\u00e9pulture et \u00e0 la r\u00e9surrection.<\/p>\n<p>Nous pouvons \u00e9galement relier la naissance de cette tradition de cr\u00e8che de P\u00e2ques \u00e0 celle du <a href=\"https:\/\/www.holyart.fr\/blog\/accessoires-pour-la-liturgie\/commemorer-le-parcours-douloureux-du-christ-a-travers-le-chemin-de-croix\/\"><strong>Chemin de Croix<\/strong><\/a>, n\u00e9 pour suppl\u00e9er \u00e0 l\u2019impossibilit\u00e9 pour des nombreux fid\u00e8les de se rendre en p\u00e8lerinage dans les lieux r\u00e9els de la passion et mort de Christ. En reconstituant ainsi \u00e0 l\u2019int\u00e9rieur des \u00e9glises et des lieux de culte les diff\u00e9rentes stations de cette Via Crucis sous forme de tableaux, sculptures et autres repr\u00e9sentations, on donnait la possibilit\u00e9 \u00e0 tout le monde de prendre part \u00e0 ces moments terribles et de grand impact spirituel.<\/p>\n<p>La diff\u00e9rence fondamentale entre la cr\u00e8che de No\u00ebl et celle de P\u00e2ques est que la premi\u00e8re nous pr\u00e9pare \u00e0 la <strong>naissance de J\u00e9sus<\/strong>, et pour cela l\u2019atmosph\u00e8re qu\u2019elle suscite est, bien s\u00fbr, de myst\u00e8re et de solennit\u00e9 face \u00e0 l\u2019Incarnation, mais aussi et surtout de joie. La cr\u00e8che de P\u00e2ques, par contre, nous pr\u00e9pare \u00e0 <strong>Sa mort<\/strong> et, de cette mani\u00e8re, nous rend conscients de combien notre existence soit \u00e9ph\u00e9m\u00e8re sans Dieu, de combien notre exp\u00e9rience dans la vie soit courte par rapport \u00e0 ce qui nous attend au Ciel.<\/p>\n<h2>Pourquoi faire une cr\u00e8che de P\u00e2ques chez soi<\/h2>\n<p>Voici donc pour quelle raison des nombreuses familles choisissent encore aujourd\u2019hui de r\u00e9aliser une cr\u00e8che de P\u00e2ques chez elles. Il s\u2019agit d\u2019une forme de d\u00e9votion, d\u2019une mani\u00e8re pour <strong>se pr\u00e9parer \u00e0 P\u00e2ques<\/strong> et c\u2019est pour cette raison que la cr\u00e8che de P\u00e2ques est install\u00e9e pendant le <strong>Car\u00eame<\/strong>, la p\u00e9riode qui pr\u00e9c\u00e8de P\u00e2ques, caract\u00e9ris\u00e9e par p\u00e9nitence, pri\u00e8re et r\u00e9flexion.\u00a0Ainsi, afin de le pr\u00e9parer \u00e0 temps, il est indispensable de savoir <a href=\"https:\/\/www.holyart.fr\/blog\/occasions-speciales\/comment-calcule-t-on-la-date-de-paques\/\"><strong>comment la date de P\u00e2ques est \u00e9tablie.<\/strong><\/a><\/p>\n<div class=\"link-article\">\n<p><img loading=\"lazy\" decoding=\"async\" class=\"alignnone size-full wp-image-4247\" src=\"https:\/\/blog.holyart.it\/fr\/wp-content\/uploads\/sites\/14\/2022\/03\/comment-la-date-de-P\u00e2ques-est-\u00e9tablie..jpeg\" alt=\"comment la date de P\u00e2ques est \u00e9tablie.\" width=\"150\" height=\"99\" data-kale-share-title=\"Cr\u00e8che de P\u00e2ques, une ancienne tradition \u00e0 red\u00e9couvrir\" data-kale-share-url=\"https:\/\/blog.holyart.it\/fr\/?p=4239\" \/><\/p>\n<div class=\"leggi-anche\">Lire aussi :<\/div>\n<p><strong><a href=\"https:\/\/www.holyart.fr\/blog\/occasions-speciales\/comment-calcule-t-on-la-date-de-paques\/\">Comment calcule-t-on la date de P\u00e2ques ?<\/a><\/strong><br \/>\nChaque ann\u00e9e sa date change, mais elle reste la f\u00eate la plus importante : dans cet article vous d\u00e9couvrirez comme on calcule la date de P\u00e2ques&#8230;<\/p>\n<\/div>\n<p>Nous nous sommes souvent attard\u00e9s sur comment l\u2019installation de la cr\u00e8che de No\u00ebl soit un <strong>moment de communion et d\u2019harmonie pour la famille<\/strong>. De la m\u00eame mani\u00e8re, la cr\u00e8che de P\u00e2ques peut devenir un moyen pour partager <strong>le Car\u00eame<\/strong>, en construisant ensemble quelque chose de beau qui garde tout le monde occup\u00e9 et, en m\u00eame temps, qui offre des moments de m\u00e9ditation et de pri\u00e8re commune.<\/p>\n<p>Cette dimension de d\u00e9votion commune est soulign\u00e9e par le fait que la cr\u00e8che de P\u00e2ques devrait \u00eatre r\u00e9alis\u00e9e comme une <strong>installation progressive<\/strong>. Il n\u2019est en effet pas n\u00e9cessaire de disposer toutes les sc\u00e8nes en m\u00eame temps, car il serait pr\u00e9f\u00e9rable de les ajouter au fur et \u00e0 mesure que P\u00e2ques approche, semaine apr\u00e8s semaine. La R\u00e9surrection de J\u00e9sus sera la derni\u00e8re sc\u00e8ne que nous r\u00e9aliserons, la plus importante, la plus pr\u00e9cieuse, la plus solennelle.<\/p>\n<h2>Cr\u00e8che de P\u00e2ques : santons<\/h2>\n<p>Nous pouvons commencer par des sc\u00e8nes de la vie de J\u00e9sus, comme son <strong><a href=\"https:\/\/www.holyart.fr\/occasions-speciales\/paques-et-careme\/creche-de-paques\/santons-scene-bapteme-9-cm\">Bapt\u00eame par Jean le Baptiste<\/a><\/strong>, ou le <strong><a href=\"https:\/\/www.holyart.fr\/occasions-speciales\/paques-et-careme\/creche-de-paques\/scene-vie-de-christ-lavement-des-pieds-9-cm\">Lavage des pieds<\/a><\/strong>, ou encore la <strong><a href=\"https:\/\/www.holyart.fr\/occasions-speciales\/paques-et-careme\/creche-de-paques\/santons-scene-de-vie-de-jesus-guerison-des-non-voyants-9-cm\">Gu\u00e9rison de l\u2019aveugle<\/a><\/strong>, pour ensuite arriver \u00e0 l\u2019<strong><a href=\"https:\/\/www.holyart.fr\/occasions-speciales\/paques-et-careme\/creche-de-paques\/scene-de-lentree-de-jesus-a-jerusalem-9-cm\">entr\u00e9e de J\u00e9sus \u00e0 J\u00e9rusalem<\/a> <\/strong>et ainsi de suite.<\/p>\n<p>D\u2019ici se d\u00e9veloppe l\u2019histoire li\u00e9e \u00e0 la p\u00e9riode pascale, de la <a href=\"https:\/\/www.holyart.fr\/occasions-speciales\/paques-et-careme\/creche-de-paques\/scene-de-la-cene-en-resine-9-cm\">C\u00e8ne<\/a>, \u00e0 la <strong><a href=\"https:\/\/www.holyart.fr\/occasions-speciales\/paques-et-careme\/creche-de-paques\/scene-passion-de-christ-gethsemani-9-cm\">pri\u00e8re dans le jardin de Geths\u00e9mani<\/a><\/strong>, de l\u2019<strong><a href=\"https:\/\/www.holyart.fr\/occasions-speciales\/paques-et-careme\/creche-de-paques\/scene-vie-de-christ-condamnation-de-jesus-9-cm\">Arrestation de Christ<\/a><\/strong>, \u00e0 la <strong><a href=\"https:\/\/www.holyart.fr\/occasions-speciales\/paques-et-careme\/creche-de-paques\/scene-passion-de-jesus-flagellation-de-christ-9-cm\">Flagellation<\/a><\/strong>, au <strong><a href=\"https:\/\/www.holyart.fr\/occasions-speciales\/paques-et-careme\/creche-de-paques\/scene-passion-de-christ-couronnement-depines-9-cm\">Couronnement d\u2019\u00e9pines<\/a><\/strong>, et ensuite le comble, la <strong><a href=\"https:\/\/www.holyart.fr\/occasions-speciales\/paques-et-careme\/creche-de-paques\/scene-jesus-sur-la-croix-avec-marie-a-ses-pieds-9-cm\">Crucifixion<\/a><\/strong>, la mort et la <strong><a href=\"https:\/\/www.holyart.fr\/occasions-speciales\/paques-et-careme\/creche-de-paques\/scene-descente-de-croix-jesus-dans-les-bras-de-marie-9-cm\">Descente de la Croix<\/a> <\/strong>et, bien \u00e9videmment, le moment le plus haut et le plus sp\u00e9ciale pour les chr\u00e9tiens\u00a0: la <strong><a href=\"https:\/\/www.holyart.fr\/occasions-speciales\/paques-et-careme\/creche-de-paques\/statuette-de-jesus-au-moment-de-la-resurrection-9-cm\">R\u00e9surrection<\/a><\/strong>.<\/p>\n<div class=\"sp-styles-warning\" style=\"width: 450px; background-color: #FFF; color: #F00; border: 1px solid #F00; padding: 10px; font-size: 14px;\">\n\t\t\t<span style=\"font-weight: bold;\">Warning: The stylesheets were not loaded!<\/span> \n\t\t\tYou will need to change the <i>Load stylesheets<\/i> setting from <i>Automatically<\/i> to <i>On homepage<\/i> or <i>On all pages<\/i>. \n\t\t\tYou can set that <a style=\"text-decoration: underline; color: #F00;\" href=\"https:\/\/blog.holyart.it\/fr\/wp-admin\/admin.php?page=sliderpro-settings\">here<\/a>.\n\t\t\t<\/div>\r\n<div id=\"slider-pro-79\" class=\"slider-pro sp-no-js\" style=\"width: 500px; height: 500px;\">\r\n\t<div class=\"sp-slides\">\r\n\t\t\r\n\t\t<div class=\"sp-slide\">\r\n\t\t\t<img loading=\"lazy\" decoding=\"async\" class=\"sp-image\" src=\"https:\/\/blog.holyart.it\/fr\/wp-content\/uploads\/sites\/14\/2022\/03\/Scene-de-la-Cene-en-resine-9-cm-1.jpg\" alt=\"Scene de la Cene en resine 9 cm\" width=\"500\" height=\"500\" \/>\r\n\t\t\t<div class=\"sp-thumbnail\"><img decoding=\"async\" src=\"https:\/\/blog.holyart.it\/fr\/wp-content\/uploads\/sites\/14\/2022\/03\/Scene-de-la-Cene.jpg\" alt=\"Scene de la Cene\" \/>\r\n\t\t\t<\/div>\r\n\t\t\t<div class=\"sp-caption\">Statue de S. Joseph, personne forte et humble. <br \/><strong><a href=\"https:\/\/www.holyart.fr\/occasions-speciales\/paques-et-careme\/creche-de-paques\/scene-de-la-cene-en-resine-9-cm\">Acheter sur Holyart<\/a><\/span><\/strong><\/div>\r\n\t\t<\/div>\r\n\t\t<div class=\"sp-slide\">\r\n\t\t\t<img loading=\"lazy\" decoding=\"async\" class=\"sp-image\" src=\"https:\/\/blog.holyart.it\/fr\/wp-content\/uploads\/sites\/14\/2022\/03\/Sc\u00e8ne-descente-de-croix-J\u00e9sus-dans-les-bras-de-Marie-9-cm.jpg\" alt=\"Sc\u00e8ne descente de croix J\u00e9sus dans les bras de Marie 9 cm\" width=\"500\" height=\"500\" \/>\r\n\t\t\t<div class=\"sp-thumbnail\"><img decoding=\"async\" src=\"https:\/\/blog.holyart.it\/fr\/wp-content\/uploads\/sites\/14\/2022\/03\/Sc\u00e8ne-descente-de-croix-J\u00e9sus.jpg\" alt=\"Sc\u00e8ne descente de croix J\u00e9sus\" \/>\r\n\t\t\t<\/div>\r\n\t\t\t<div class=\"sp-caption\">Sc\u00e8ne descente de croix J\u00e9sus dans les bras de Marie 9 cm <br \/><strong><a href=\"https:\/\/www.holyart.fr\/occasions-speciales\/paques-et-careme\/creche-de-paques\/scene-descente-de-croix-jesus-dans-les-bras-de-marie-9-cm\">Acheter sur Holyart<\/a><\/span><\/strong><\/div>\r\n\t\t<\/div>\r\n\t\t<div class=\"sp-slide\">\r\n\t\t\t<img loading=\"lazy\" decoding=\"async\" class=\"sp-image\" src=\"https:\/\/blog.holyart.it\/fr\/wp-content\/uploads\/sites\/14\/2022\/03\/Sc\u00e8ne-passion-de-J\u00e9sus-flagellation-de-Christ-9-cm.jpg\" alt=\"Sc\u00e8ne passion de J\u00e9sus flagellation de Christ 9 cm\" width=\"500\" height=\"500\" \/>\r\n\t\t\t<div class=\"sp-thumbnail\"><img decoding=\"async\" src=\"https:\/\/blog.holyart.it\/fr\/wp-content\/uploads\/sites\/14\/2022\/03\/Sc\u00e8ne-passion-de-J\u00e9sus-flagellation-de-Christ.jpg\" alt=\"Sc\u00e8ne passion de J\u00e9sus flagellation de Christ\" \/>\r\n\t\t\t<\/div>\r\n\t\t\t<div class=\"sp-caption\">Sc\u00e8ne passion de J\u00e9sus flagellation de Christ 9 cm <br \/><strong><a href=\"https:\/\/www.holyart.fr\/occasions-speciales\/paques-et-careme\/creche-de-paques\/scene-passion-de-jesus-flagellation-de-christ-9-cm\">Acheter sur Holyart<\/a><\/span><\/strong><\/div>\r\n\t\t<\/div>\r\n\t<\/div>\r\n<\/div>\n<h2>Signification de P\u00e2ques<\/h2>\n<p>Ce n\u2019est pas ici le lieu de nous attarder sur un sujet si ample et complexe comme la signification de P\u00e2ques pour les chr\u00e9tiens peut l\u2019\u00eatre. Il s\u2019agit en effet de la <strong>solennit\u00e9 la plus importante du Christianisme<\/strong>, la f\u00eate de toutes les f\u00eates, qui rappelle la R\u00e9surrection de J\u00e9sus.<\/p>\n<p>Mais pas seulement. La mort et la r\u00e9surrection de Christ ont repr\u00e9sent\u00e9 le d\u00e9but d\u2019un <strong>monde nouveau<\/strong>, d\u2019une <strong>nouvelle Alliance<\/strong> entre Dieu et les hommes, qui culminera \u00e0 la fin des temps, quand le <strong>R\u00e8gne de Dieu<\/strong> s\u2019ouvrira pour ceux qui l\u2019auront m\u00e9rit\u00e9.<\/p>\n<p>P\u00e2ques enferme en soi toutes la solennit\u00e9 et le myst\u00e8re de la religion chr\u00e9tienne, le comment J\u00e9sus, en se sacrifiant pour les hommes, les ait lib\u00e9r\u00e9s du p\u00e9ch\u00e9 originel et, en vainquant la mort avec la r\u00e9surrection, ait donn\u00e9 l\u2019espoir de la vie \u00e9ternelle \u00e0 nous tous dans l\u2019attente de la nouvelle venue du Seigneur.<\/p>\n<h2>Cr\u00e8che de P\u00e2ques \u00e0 faire soi-m\u00eame<\/h2>\n<p>Mis \u00e0 part les santons, qu\u2019il est possible d\u2019acheter sur notre site de vente en ligne, pour cr\u00e9er votre cr\u00e8che de P\u00e2ques vous devrez r\u00e9fl\u00e9chir \u00e0 comment r\u00e9aliser <a href=\"https:\/\/www.holyart.fr\/noel\/decors-creche-de-noel\"><strong>sc\u00e8nes et d\u00e9cors<\/strong><\/a>. En r\u00e9alit\u00e9, il est possible de r\u00e9utiliser tranquillement les d\u00e9cors ruraux et urbains que vous utilisez g\u00e9n\u00e9ralement pour votre cr\u00e8che de No\u00ebl. Et comme pour la cr\u00e8che de No\u00ebl nous vous avons toujours fourni des bons conseils pour <a href=\"https:\/\/www.holyart.fr\/blog\/noel\/petit-guide-sur-comment-construire-une-creche-maison\/\"><strong>des solutions faites maison<\/strong><\/a>, dans ce cas-ci aussi nous vous sugg\u00e9rons d\u2019utiliser des mat\u00e9riaux de r\u00e9cup\u00e9ration et un peu d\u2019imagination afin de rendre votre exp\u00e9rience d\u2019installation encore plus int\u00e9ressante et \u00e9difiante. Carton, bois contreplaqu\u00e9, un peu de colle \u00e0 chaud et votre imagination vous permettrons de recr\u00e9er le d\u00e9cor id\u00e9al pour donner vie \u00e0 une cr\u00e8che de P\u00e2ques tout \u00e0 fait unique.<\/p>\n<div class=\"link-article\">\n<p><img loading=\"lazy\" decoding=\"async\" class=\"alignnone size-thumbnail wp-image-4252\" src=\"https:\/\/blog.holyart.it\/fr\/wp-content\/uploads\/sites\/14\/2022\/03\/Petit-guide-sur-comment-construire-une-cr\u00e8che-maison-1-150x99.jpg\" alt=\"Petit guide sur comment construire une cr\u00e8che maison\" width=\"150\" height=\"99\" data-kale-share-title=\"Cr\u00e8che de P\u00e2ques, une ancienne tradition \u00e0 red\u00e9couvrir\" data-kale-share-url=\"https:\/\/blog.holyart.it\/fr\/?p=4239\" \/><\/p>\n<div class=\"leggi-anche\">Lire aussi :<\/div>\n<p><strong><a href=\"https:\/\/blog.holyart.it\/fr\/noel\/petit-guide-sur-comment-construire-une-creche-maison\/\">Petit guide sur comment construire une cr\u00e8che maison<\/a><\/strong><br \/>\nOn recommence \u00e0 parler de No\u00ebl. Luminaires, sapins d\u00e9cor\u00e9s, tous les symboles que nous aimons tant&#8230;<\/p>\n<\/div>\n","protected":false},"excerpt":{"rendered":"<p>Cr\u00e8che de P\u00e2ques ? Bien s\u00fbr\u00a0! Dans notre pays c\u2019est une tradition ancienne et tr\u00e8s appr\u00e9ci\u00e9e. Mais quand faut-il l\u2019installer\u00a0? Quels sont les santons caract\u00e9ristiques\u00a0? D\u00e9couvrons-le ensemble. Nous connaissons tous, depuis notre enfance, la cr\u00e8che classique que l\u2019on pr\u00e9pare \u00e0 No\u00ebl. Elle repr\u00e9sente la Nativit\u00e9&hellip;<\/p>\n","protected":false},"author":1,"featured_media":4275,"comment_status":"closed","ping_status":"open","sticky":false,"template":"","format":"standard","meta":{"_acf_changed":false,"footnotes":""},"categories":[12,14,8],"tags":[],"class_list":["post-4239","post","type-post","status-publish","format-standard","has-post-thumbnail","hentry","category-occasions-speciales","category-paques","category-articles-religieux"],"acf":[],"yoast_head":"<!-- This site is optimized with the Yoast SEO plugin v26.6 - https:\/\/yoast.com\/wordpress\/plugins\/seo\/ -->\n<title>Cr\u00e8che de P\u00e2ques, une ancienne tradition \u00e0 red\u00e9couvrir - Holyart.fr Blog<\/title>\n<meta name=\"description\" content=\"Cr\u00e8che de P\u00e2ques ? Bien s\u00fbr\u00a0! Dans notre pays c\u2019est une tradition ancienne et tr\u00e8s appr\u00e9ci\u00e9e. Mais quand faut-il l\u2019installer\u00a0? Quels sont les santons...\" \/>\n<meta name=\"robots\" content=\"index, follow, max-snippet:-1, max-image-preview:large, max-video-preview:-1\" \/>\n<link rel=\"canonical\" href=\"https:\/\/blog.holyart.it\/fr\/paques\/creche-de-paques-une-ancienne-tradition-a-redecouvrir\/\" \/>\n<meta property=\"og:locale\" content=\"fr_FR\" \/>\n<meta property=\"og:type\" content=\"article\" \/>\n<meta property=\"og:title\" content=\"Cr\u00e8che de P\u00e2ques, une ancienne tradition \u00e0 red\u00e9couvrir - Holyart.fr Blog\" \/>\n<meta property=\"og:description\" content=\"Cr\u00e8che de P\u00e2ques ? Bien s\u00fbr\u00a0! Dans notre pays c\u2019est une tradition ancienne et tr\u00e8s appr\u00e9ci\u00e9e. Mais quand faut-il l\u2019installer\u00a0? Quels sont les santons...\" \/>\n<meta property=\"og:url\" content=\"https:\/\/blog.holyart.it\/fr\/paques\/creche-de-paques-une-ancienne-tradition-a-redecouvrir\/\" \/>\n<meta property=\"og:site_name\" content=\"Holyart.fr Blog\" \/>\n<meta property=\"article:published_time\" content=\"2022-03-28T10:30:57+00:00\" \/>\n<meta property=\"article:modified_time\" content=\"2025-02-12T13:56:41+00:00\" \/>\n<meta property=\"og:image\" content=\"https:\/\/blog.holyart.it\/fr\/wp-content\/uploads\/sites\/14\/2022\/03\/Cr\u00e8che-de-P\u00e2ques.png\" \/>\n\t<meta property=\"og:image:width\" content=\"1000\" \/>\n\t<meta property=\"og:image:height\" content=\"666\" \/>\n\t<meta property=\"og:image:type\" content=\"image\/png\" \/>\n<meta name=\"author\" content=\"Redazione\" \/>\n<meta name=\"twitter:card\" content=\"summary_large_image\" \/>\n<meta name=\"twitter:label1\" content=\"\u00c9crit par\" \/>\n\t<meta name=\"twitter:data1\" content=\"Redazione\" \/>\n\t<meta name=\"twitter:label2\" content=\"Dur\u00e9e de lecture estim\u00e9e\" \/>\n\t<meta name=\"twitter:data2\" content=\"8 minutes\" \/>\n<script type=\"application\/ld+json\" class=\"yoast-schema-graph\">{\"@context\":\"https:\/\/schema.org\",\"@graph\":[{\"@type\":\"Article\",\"@id\":\"https:\/\/blog.holyart.it\/fr\/paques\/creche-de-paques-une-ancienne-tradition-a-redecouvrir\/#article\",\"isPartOf\":{\"@id\":\"https:\/\/blog.holyart.it\/fr\/paques\/creche-de-paques-une-ancienne-tradition-a-redecouvrir\/\"},\"author\":{\"name\":\"Redazione\",\"@id\":\"https:\/\/blog.holyart.it\/fr\/#\/schema\/person\/0a7b686e5af0f856ec1e390dd0baecda\"},\"headline\":\"Cr\u00e8che de P\u00e2ques, une ancienne tradition \u00e0 red\u00e9couvrir\",\"datePublished\":\"2022-03-28T10:30:57+00:00\",\"dateModified\":\"2025-02-12T13:56:41+00:00\",\"mainEntityOfPage\":{\"@id\":\"https:\/\/blog.holyart.it\/fr\/paques\/creche-de-paques-une-ancienne-tradition-a-redecouvrir\/\"},\"wordCount\":1614,\"publisher\":{\"@id\":\"https:\/\/blog.holyart.it\/fr\/#organization\"},\"image\":{\"@id\":\"https:\/\/blog.holyart.it\/fr\/paques\/creche-de-paques-une-ancienne-tradition-a-redecouvrir\/#primaryimage\"},\"thumbnailUrl\":\"https:\/\/blog.holyart.it\/fr\/wp-content\/uploads\/sites\/14\/2022\/03\/Cr\u00e8che-de-P\u00e2ques.png\",\"articleSection\":[\"Occasions sp\u00e9ciales\",\"P\u00e2ques\",\"Religion\"],\"inLanguage\":\"fr-FR\"},{\"@type\":\"WebPage\",\"@id\":\"https:\/\/blog.holyart.it\/fr\/paques\/creche-de-paques-une-ancienne-tradition-a-redecouvrir\/\",\"url\":\"https:\/\/blog.holyart.it\/fr\/paques\/creche-de-paques-une-ancienne-tradition-a-redecouvrir\/\",\"name\":\"Cr\u00e8che de P\u00e2ques, une ancienne tradition \u00e0 red\u00e9couvrir - Holyart.fr Blog\",\"isPartOf\":{\"@id\":\"https:\/\/blog.holyart.it\/fr\/#website\"},\"primaryImageOfPage\":{\"@id\":\"https:\/\/blog.holyart.it\/fr\/paques\/creche-de-paques-une-ancienne-tradition-a-redecouvrir\/#primaryimage\"},\"image\":{\"@id\":\"https:\/\/blog.holyart.it\/fr\/paques\/creche-de-paques-une-ancienne-tradition-a-redecouvrir\/#primaryimage\"},\"thumbnailUrl\":\"https:\/\/blog.holyart.it\/fr\/wp-content\/uploads\/sites\/14\/2022\/03\/Cr\u00e8che-de-P\u00e2ques.png\",\"datePublished\":\"2022-03-28T10:30:57+00:00\",\"dateModified\":\"2025-02-12T13:56:41+00:00\",\"description\":\"Cr\u00e8che de P\u00e2ques ? Bien s\u00fbr\u00a0! Dans notre pays c\u2019est une tradition ancienne et tr\u00e8s appr\u00e9ci\u00e9e. Mais quand faut-il l\u2019installer\u00a0? Quels sont les santons...\",\"breadcrumb\":{\"@id\":\"https:\/\/blog.holyart.it\/fr\/paques\/creche-de-paques-une-ancienne-tradition-a-redecouvrir\/#breadcrumb\"},\"inLanguage\":\"fr-FR\",\"potentialAction\":[{\"@type\":\"ReadAction\",\"target\":[\"https:\/\/blog.holyart.it\/fr\/paques\/creche-de-paques-une-ancienne-tradition-a-redecouvrir\/\"]}]},{\"@type\":\"ImageObject\",\"inLanguage\":\"fr-FR\",\"@id\":\"https:\/\/blog.holyart.it\/fr\/paques\/creche-de-paques-une-ancienne-tradition-a-redecouvrir\/#primaryimage\",\"url\":\"https:\/\/blog.holyart.it\/fr\/wp-content\/uploads\/sites\/14\/2022\/03\/Cr\u00e8che-de-P\u00e2ques.png\",\"contentUrl\":\"https:\/\/blog.holyart.it\/fr\/wp-content\/uploads\/sites\/14\/2022\/03\/Cr\u00e8che-de-P\u00e2ques.png\",\"width\":1000,\"height\":666,\"caption\":\"Cr\u00e8che de P\u00e2ques\"},{\"@type\":\"BreadcrumbList\",\"@id\":\"https:\/\/blog.holyart.it\/fr\/paques\/creche-de-paques-une-ancienne-tradition-a-redecouvrir\/#breadcrumb\",\"itemListElement\":[{\"@type\":\"ListItem\",\"position\":1,\"name\":\"Homepage\",\"item\":\"https:\/\/blog.holyart.it\/fr\/\"},{\"@type\":\"ListItem\",\"position\":2,\"name\":\"P\u00e2ques\",\"item\":\"https:\/\/blog.holyart.it\/fr\/paques\/\"},{\"@type\":\"ListItem\",\"position\":3,\"name\":\"Cr\u00e8che de P\u00e2ques, une ancienne tradition \u00e0 red\u00e9couvrir\"}]},{\"@type\":\"WebSite\",\"@id\":\"https:\/\/blog.holyart.it\/fr\/#website\",\"url\":\"https:\/\/blog.holyart.it\/fr\/\",\"name\":\"Holyart.fr Blog\",\"description\":\"Holyblog\",\"publisher\":{\"@id\":\"https:\/\/blog.holyart.it\/fr\/#organization\"},\"potentialAction\":[{\"@type\":\"SearchAction\",\"target\":{\"@type\":\"EntryPoint\",\"urlTemplate\":\"https:\/\/blog.holyart.it\/fr\/?s={search_term_string}\"},\"query-input\":{\"@type\":\"PropertyValueSpecification\",\"valueRequired\":true,\"valueName\":\"search_term_string\"}}],\"inLanguage\":\"fr-FR\"},{\"@type\":\"Organization\",\"@id\":\"https:\/\/blog.holyart.it\/fr\/#organization\",\"name\":\"Holyart.fr Blog\",\"url\":\"https:\/\/blog.holyart.it\/fr\/\",\"logo\":{\"@type\":\"ImageObject\",\"inLanguage\":\"fr-FR\",\"@id\":\"https:\/\/blog.holyart.it\/fr\/#\/schema\/logo\/image\/\",\"url\":\"https:\/\/blog.holyart.it\/fr\/wp-content\/uploads\/sites\/14\/2022\/12\/Holyart_Blog_Logo.jpg\",\"contentUrl\":\"https:\/\/blog.holyart.it\/fr\/wp-content\/uploads\/sites\/14\/2022\/12\/Holyart_Blog_Logo.jpg\",\"width\":300,\"height\":50,\"caption\":\"Holyart.fr Blog\"},\"image\":{\"@id\":\"https:\/\/blog.holyart.it\/fr\/#\/schema\/logo\/image\/\"}},{\"@type\":\"Person\",\"@id\":\"https:\/\/blog.holyart.it\/fr\/#\/schema\/person\/0a7b686e5af0f856ec1e390dd0baecda\",\"name\":\"Redazione\",\"image\":{\"@type\":\"ImageObject\",\"inLanguage\":\"fr-FR\",\"@id\":\"https:\/\/blog.holyart.it\/fr\/#\/schema\/person\/image\/\",\"url\":\"https:\/\/secure.gravatar.com\/avatar\/f477da817f43e50d0af36abecd33e3edf826c68299714bdc1057dff3b113f516?s=96&d=mm&r=g\",\"contentUrl\":\"https:\/\/secure.gravatar.com\/avatar\/f477da817f43e50d0af36abecd33e3edf826c68299714bdc1057dff3b113f516?s=96&d=mm&r=g\",\"caption\":\"Redazione\"},\"url\":\"https:\/\/blog.holyart.it\/fr\/author\/admin\/\"}]}<\/script>\n<!-- \/ Yoast SEO plugin. -->","yoast_head_json":{"title":"Cr\u00e8che de P\u00e2ques, une ancienne tradition \u00e0 red\u00e9couvrir - Holyart.fr Blog","description":"Cr\u00e8che de P\u00e2ques ? Bien s\u00fbr\u00a0! Dans notre pays c\u2019est une tradition ancienne et tr\u00e8s appr\u00e9ci\u00e9e. Mais quand faut-il l\u2019installer\u00a0? Quels sont les santons...","robots":{"index":"index","follow":"follow","max-snippet":"max-snippet:-1","max-image-preview":"max-image-preview:large","max-video-preview":"max-video-preview:-1"},"canonical":"https:\/\/blog.holyart.it\/fr\/paques\/creche-de-paques-une-ancienne-tradition-a-redecouvrir\/","og_locale":"fr_FR","og_type":"article","og_title":"Cr\u00e8che de P\u00e2ques, une ancienne tradition \u00e0 red\u00e9couvrir - Holyart.fr Blog","og_description":"Cr\u00e8che de P\u00e2ques ? Bien s\u00fbr\u00a0! Dans notre pays c\u2019est une tradition ancienne et tr\u00e8s appr\u00e9ci\u00e9e. Mais quand faut-il l\u2019installer\u00a0? Quels sont les santons...","og_url":"https:\/\/blog.holyart.it\/fr\/paques\/creche-de-paques-une-ancienne-tradition-a-redecouvrir\/","og_site_name":"Holyart.fr Blog","article_published_time":"2022-03-28T10:30:57+00:00","article_modified_time":"2025-02-12T13:56:41+00:00","og_image":[{"width":1000,"height":666,"url":"https:\/\/blog.holyart.it\/fr\/wp-content\/uploads\/sites\/14\/2022\/03\/Cr\u00e8che-de-P\u00e2ques.png","type":"image\/png"}],"author":"Redazione","twitter_card":"summary_large_image","twitter_misc":{"\u00c9crit par":"Redazione","Dur\u00e9e de lecture estim\u00e9e":"8 minutes"},"schema":{"@context":"https:\/\/schema.org","@graph":[{"@type":"Article","@id":"https:\/\/blog.holyart.it\/fr\/paques\/creche-de-paques-une-ancienne-tradition-a-redecouvrir\/#article","isPartOf":{"@id":"https:\/\/blog.holyart.it\/fr\/paques\/creche-de-paques-une-ancienne-tradition-a-redecouvrir\/"},"author":{"name":"Redazione","@id":"https:\/\/blog.holyart.it\/fr\/#\/schema\/person\/0a7b686e5af0f856ec1e390dd0baecda"},"headline":"Cr\u00e8che de P\u00e2ques, une ancienne tradition \u00e0 red\u00e9couvrir","datePublished":"2022-03-28T10:30:57+00:00","dateModified":"2025-02-12T13:56:41+00:00","mainEntityOfPage":{"@id":"https:\/\/blog.holyart.it\/fr\/paques\/creche-de-paques-une-ancienne-tradition-a-redecouvrir\/"},"wordCount":1614,"publisher":{"@id":"https:\/\/blog.holyart.it\/fr\/#organization"},"image":{"@id":"https:\/\/blog.holyart.it\/fr\/paques\/creche-de-paques-une-ancienne-tradition-a-redecouvrir\/#primaryimage"},"thumbnailUrl":"https:\/\/blog.holyart.it\/fr\/wp-content\/uploads\/sites\/14\/2022\/03\/Cr\u00e8che-de-P\u00e2ques.png","articleSection":["Occasions sp\u00e9ciales","P\u00e2ques","Religion"],"inLanguage":"fr-FR"},{"@type":"WebPage","@id":"https:\/\/blog.holyart.it\/fr\/paques\/creche-de-paques-une-ancienne-tradition-a-redecouvrir\/","url":"https:\/\/blog.holyart.it\/fr\/paques\/creche-de-paques-une-ancienne-tradition-a-redecouvrir\/","name":"Cr\u00e8che de P\u00e2ques, une ancienne tradition \u00e0 red\u00e9couvrir - Holyart.fr Blog","isPartOf":{"@id":"https:\/\/blog.holyart.it\/fr\/#website"},"primaryImageOfPage":{"@id":"https:\/\/blog.holyart.it\/fr\/paques\/creche-de-paques-une-ancienne-tradition-a-redecouvrir\/#primaryimage"},"image":{"@id":"https:\/\/blog.holyart.it\/fr\/paques\/creche-de-paques-une-ancienne-tradition-a-redecouvrir\/#primaryimage"},"thumbnailUrl":"https:\/\/blog.holyart.it\/fr\/wp-content\/uploads\/sites\/14\/2022\/03\/Cr\u00e8che-de-P\u00e2ques.png","datePublished":"2022-03-28T10:30:57+00:00","dateModified":"2025-02-12T13:56:41+00:00","description":"Cr\u00e8che de P\u00e2ques ? Bien s\u00fbr\u00a0! Dans notre pays c\u2019est une tradition ancienne et tr\u00e8s appr\u00e9ci\u00e9e. Mais quand faut-il l\u2019installer\u00a0? Quels sont les santons...","breadcrumb":{"@id":"https:\/\/blog.holyart.it\/fr\/paques\/creche-de-paques-une-ancienne-tradition-a-redecouvrir\/#breadcrumb"},"inLanguage":"fr-FR","potentialAction":[{"@type":"ReadAction","target":["https:\/\/blog.holyart.it\/fr\/paques\/creche-de-paques-une-ancienne-tradition-a-redecouvrir\/"]}]},{"@type":"ImageObject","inLanguage":"fr-FR","@id":"https:\/\/blog.holyart.it\/fr\/paques\/creche-de-paques-une-ancienne-tradition-a-redecouvrir\/#primaryimage","url":"https:\/\/blog.holyart.it\/fr\/wp-content\/uploads\/sites\/14\/2022\/03\/Cr\u00e8che-de-P\u00e2ques.png","contentUrl":"https:\/\/blog.holyart.it\/fr\/wp-content\/uploads\/sites\/14\/2022\/03\/Cr\u00e8che-de-P\u00e2ques.png","width":1000,"height":666,"caption":"Cr\u00e8che de P\u00e2ques"},{"@type":"BreadcrumbList","@id":"https:\/\/blog.holyart.it\/fr\/paques\/creche-de-paques-une-ancienne-tradition-a-redecouvrir\/#breadcrumb","itemListElement":[{"@type":"ListItem","position":1,"name":"Homepage","item":"https:\/\/blog.holyart.it\/fr\/"},{"@type":"ListItem","position":2,"name":"P\u00e2ques","item":"https:\/\/blog.holyart.it\/fr\/paques\/"},{"@type":"ListItem","position":3,"name":"Cr\u00e8che de P\u00e2ques, une ancienne tradition \u00e0 red\u00e9couvrir"}]},{"@type":"WebSite","@id":"https:\/\/blog.holyart.it\/fr\/#website","url":"https:\/\/blog.holyart.it\/fr\/","name":"Holyart.fr Blog","description":"Holyblog","publisher":{"@id":"https:\/\/blog.holyart.it\/fr\/#organization"},"potentialAction":[{"@type":"SearchAction","target":{"@type":"EntryPoint","urlTemplate":"https:\/\/blog.holyart.it\/fr\/?s={search_term_string}"},"query-input":{"@type":"PropertyValueSpecification","valueRequired":true,"valueName":"search_term_string"}}],"inLanguage":"fr-FR"},{"@type":"Organization","@id":"https:\/\/blog.holyart.it\/fr\/#organization","name":"Holyart.fr Blog","url":"https:\/\/blog.holyart.it\/fr\/","logo":{"@type":"ImageObject","inLanguage":"fr-FR","@id":"https:\/\/blog.holyart.it\/fr\/#\/schema\/logo\/image\/","url":"https:\/\/blog.holyart.it\/fr\/wp-content\/uploads\/sites\/14\/2022\/12\/Holyart_Blog_Logo.jpg","contentUrl":"https:\/\/blog.holyart.it\/fr\/wp-content\/uploads\/sites\/14\/2022\/12\/Holyart_Blog_Logo.jpg","width":300,"height":50,"caption":"Holyart.fr Blog"},"image":{"@id":"https:\/\/blog.holyart.it\/fr\/#\/schema\/logo\/image\/"}},{"@type":"Person","@id":"https:\/\/blog.holyart.it\/fr\/#\/schema\/person\/0a7b686e5af0f856ec1e390dd0baecda","name":"Redazione","image":{"@type":"ImageObject","inLanguage":"fr-FR","@id":"https:\/\/blog.holyart.it\/fr\/#\/schema\/person\/image\/","url":"https:\/\/secure.gravatar.com\/avatar\/f477da817f43e50d0af36abecd33e3edf826c68299714bdc1057dff3b113f516?s=96&d=mm&r=g","contentUrl":"https:\/\/secure.gravatar.com\/avatar\/f477da817f43e50d0af36abecd33e3edf826c68299714bdc1057dff3b113f516?s=96&d=mm&r=g","caption":"Redazione"},"url":"https:\/\/blog.holyart.it\/fr\/author\/admin\/"}]}},"_links":{"self":[{"href":"https:\/\/blog.holyart.it\/fr\/wp-json\/wp\/v2\/posts\/4239","targetHints":{"allow":["GET"]}}],"collection":[{"href":"https:\/\/blog.holyart.it\/fr\/wp-json\/wp\/v2\/posts"}],"about":[{"href":"https:\/\/blog.holyart.it\/fr\/wp-json\/wp\/v2\/types\/post"}],"author":[{"embeddable":true,"href":"https:\/\/blog.holyart.it\/fr\/wp-json\/wp\/v2\/users\/1"}],"replies":[{"embeddable":true,"href":"https:\/\/blog.holyart.it\/fr\/wp-json\/wp\/v2\/comments?post=4239"}],"version-history":[{"count":1,"href":"https:\/\/blog.holyart.it\/fr\/wp-json\/wp\/v2\/posts\/4239\/revisions"}],"predecessor-version":[{"id":5977,"href":"https:\/\/blog.holyart.it\/fr\/wp-json\/wp\/v2\/posts\/4239\/revisions\/5977"}],"wp:featuredmedia":[{"embeddable":true,"href":"https:\/\/blog.holyart.it\/fr\/wp-json\/wp\/v2\/media\/4275"}],"wp:attachment":[{"href":"https:\/\/blog.holyart.it\/fr\/wp-json\/wp\/v2\/media?parent=4239"}],"wp:term":[{"taxonomy":"category","embeddable":true,"href":"https:\/\/blog.holyart.it\/fr\/wp-json\/wp\/v2\/categories?post=4239"},{"taxonomy":"post_tag","embeddable":true,"href":"https:\/\/blog.holyart.it\/fr\/wp-json\/wp\/v2\/tags?post=4239"}],"curies":[{"name":"wp","href":"https:\/\/api.w.org\/{rel}","templated":true}]}}