{"id":4213,"date":"2022-03-23T12:30:38","date_gmt":"2022-03-23T11:30:38","guid":{"rendered":"https:\/\/blog.holyart.it\/fr\/?p=4213"},"modified":"2026-03-13T15:09:23","modified_gmt":"2026-03-13T14:09:23","slug":"annonciation-du-seigneur-pourquoi-la-fetons-nous-le-25-mars","status":"publish","type":"post","link":"https:\/\/blog.holyart.it\/fr\/articles-religieux\/annonciation-du-seigneur-pourquoi-la-fetons-nous-le-25-mars\/","title":{"rendered":"Annonciation du Seigneur : pourquoi la f\u00eatons-nous le 25 mars"},"content":{"rendered":"<h4>Le 25 mars nous c\u00e9l\u00e9brons l\u2019Annonciation du Seigneur, une f\u00eate d\u00e9di\u00e9e \u00e0 J\u00e9sus, mais aussi \u00e0 Sa m\u00e8re Marie, li\u00e9e \u00e0 Lui de mani\u00e8re indissoluble. D\u00e9couvrons pourquoi.<\/h4>\n\n<p>Peu de festivit\u00e9s chr\u00e9tiennes peuvent se vanter de l\u2019importance religieuse de l\u2019Annonciation du Seigneur. Elle se place en effet au centre de l\u2019histoire du salut, puisqu\u2019elle repr\u00e9sente le d\u00e9but des <strong>temps nouveaux<\/strong>, de la nouvelle alliance entre Dieu et l\u2019homme. C\u2019est avec l\u2019Annonciation que d\u00e9marre ce plan divin qui culminera avec la naissance de J\u00e9sus et surtout avec sa mort et r\u00e9surrection.<\/p>\n<p>Mais de quoi s\u2019agit-il ?<\/p>\n<p>Avec le terme \u201cAnnonciation\u201d on d\u00e9crit <strong>la rencontre entre Marie et <a href=\"https:\/\/www.holyart.fr\/blog\/saints-et-bienheureux\/archanges-qui-sont-ils-et-quelle-est-leur-fonction\/\">l\u2019archange Gabriel<\/a><\/strong> dans le petit village de Nazareth. Une rencontre destin\u00e9e \u00e0 changer compl\u00e8tement le sort de l\u2019humanit\u00e9, puisque ce fut \u00e0 cette occasion que l\u2019Archange, messager de Dieu, annon\u00e7a \u00e0 la jeune fille l\u2019imminente naissance du Messie.<\/p>\n<p>C\u2019est du myst\u00e8re de l\u2019<strong>Incarnation du Verbe <\/strong>que nous sommes en train de parler, c\u2019est-\u00e0-dire la croyance que J\u00e9sus-Christ se soit incarn\u00e9 au sein de la Vierge Marie. Pour cette raison, l\u2019Annonciation \u00e9tait autrefois appel\u00e9e la <strong>f\u00eate de la Divine Incarnation<\/strong>. Un concept incontournable pour les chr\u00e9tiens, qui toutefois g\u00e9n\u00e9ra de nombreux d\u00e9saccords dans l\u2019antiquit\u00e9. Pour finir, apr\u00e8s les propositions et les dissertations concernant l\u2019Incarnation et la nature de J\u00e9sus qui furent discut\u00e9es lors du Premi\u00e8re Concile de Nic\u00e9e en 325, du Concile d\u2019\u00c9ph\u00e8se en 431 et du Concile de Chalc\u00e9doine en 451, il fut d\u00e9clar\u00e9 que J\u00e9sus \u00e9tait <strong>\u00e0 la fois pleinement Dieu<\/strong>, et en tant que tel incarnation de la deuxi\u00e8me personne de la <a href=\"https:\/\/www.holyart.fr\/blog\/articles-religieux\/tres-sainte-trinite-signification-et-representation-iconographique\/\"><strong>Tr\u00e8s-Sainte Trinit\u00e9<\/strong><\/a>, engendr\u00e9 et non pas cr\u00e9\u00e9 par le P\u00e8re, <strong>et pleinement homme<\/strong>, n\u00e9 de la <a href=\"https:\/\/www.holyart.fr\/produits\/statues-vierge-marie.php\"><strong>Vierge Marie<\/strong><\/a>, fait chair. Tout ce qui divergeait de cette pens\u00e9e fut d\u00e9finie comme une h\u00e9r\u00e9sie.<\/p>\n<div class=\"link-article\">\n<p><img loading=\"lazy\" decoding=\"async\" class=\"alignnone size-full wp-image-4216\" src=\"https:\/\/blog.holyart.it\/fr\/wp-content\/uploads\/sites\/14\/2022\/03\/santissima-trinit\u00e0-e1647342344633.jpg\" alt=\"Tr\u00e8s Sainte Trinit\u00e9\" width=\"150\" height=\"100\" data-kale-share-title=\"Annonciation du Seigneur : pourquoi la f\u00eatons-nous le 25 mars\" data-kale-share-url=\"https:\/\/blog.holyart.it\/fr\/?p=4213\" \/><\/p>\n<div class=\"leggi-anche\">Lire aussi :<\/div>\n<p><strong><a href=\"https:\/\/www.holyart.fr\/blog\/articles-religieux\/tres-sainte-trinite-signification-et-representation-iconographique\/\">Tr\u00e8s Sainte Trinit\u00e9 : signification et repr\u00e9sentation<\/a><\/strong><br \/>\nLe concept de Trinit\u00e9 r\u00e9sume la doctrine fondamentale de l\u2019\u00e9glise catholique : Dieu est Un et Unique&#8230;<\/p>\n<\/div>\n<p>La F\u00eate de l\u2019Annonciation est c\u00e9l\u00e9br\u00e9e le <strong>25 mars<\/strong> pour une s\u00e9rie de raisons. Des anciennes th\u00e9ories d\u00e9j\u00e0 d\u00e9battues au VIe et au VIIe si\u00e8cle soutenaient en effet que, en m\u00eame temps que l\u2019\u00e9quinoxe de printemps, qui tombe autour de cette date, auraient eu lieu \u00e0 la fois l\u2019<strong>Incarnation du Verbe <\/strong>et la <strong>cr\u00e9ation du monde<\/strong>. Bien plus simplement, si nous prenons le <strong>25 d\u00e9cembre comme date de la naissance de J\u00e9sus<\/strong>, il nous suffit de remonter \u00e0 9 mois avant pour identifier la date indicative de sa miraculeuse conception.<\/p>\n<p>Un aspect fondamental que nous devons tenir en compte en parlant de l\u2019Annonciation du Seigneur est sa <strong>double nature de f\u00eate d\u00e9di\u00e9e \u00e0 J\u00e9sus<\/strong>, mais aussi de <strong>f\u00eate mariale<\/strong>. L\u2019Annonciation repr\u00e9sente probablement <strong>le plus haut et le plus important moment de rencontre entre l\u2019humain et le divin<\/strong> et, pour cette raison, les deux protagonistes ont la m\u00eame valeur. <strong>Marie<\/strong> symbolise l\u2019attente d\u2019Isra\u00ebl qui trouve enfin son accomplissement dans l\u2019arriv\u00e9e du Sauveur. Son acceptation du destin voulu pour elle par Dieu, l\u2019ob\u00e9issance avec laquelle elle se confie \u00e0 Sa volont\u00e9, et surtout l\u2019immense amour qui la caract\u00e9rise \u00e0 partir de ce moment sont indissolublement li\u00e9s \u00e0 l\u2019\u0153uvre salvatrice de Son Fils. En Marie le Salut est d\u00e9j\u00e0 une r\u00e9alit\u00e9, \u00e0 l\u2019instant m\u00eame o\u00f9 sa promesse est prononc\u00e9e\u00a0: \u00ab\u00a0<em>Et voici tu deviendras enceinte, et tu enfanteras un fils, et lui donneras le nom de J\u00e9sus. Il sera grand et sera appel\u00e9 Fils du Tr\u00e8s-Haut, et le Seigneur Dieu lui donnera le tr\u00f4ne de David, son p\u00e8re. Il r\u00e8gnera sur la maison de Jacob \u00e9ternellement, et son r\u00e8gne n\u2019aura point de fin<\/em>\u00a0\u00bb (Luc 1,31-33). Voici comment selon Luc l\u2019ange annon\u00e7a \u00e0 Marie la venue de <a href=\"https:\/\/www.holyart.fr\/occasions-speciales\/paques-et-careme\/christ-ressuscite-pretre-et-roi\"><strong>Christ Roi<\/strong><\/a>, Roi d\u2019Isra\u00ebl, Roi des rois, Roi de la Terre, Roi des nations, comme il est \u00e9crit dans les anciennes proph\u00e9ties concernant le Messie attendu par les Juifs.<\/p>\n<p><em>Annonciation du Seigneur<\/em>, donc, mais aussi <a href=\"https:\/\/www.holyart.fr\/blog\/saints-et-bienheureux\/lannonciation-de-sainte-vierge\/\"><strong>Annonciation de la Bienheureuse Vierge Marie<\/strong><\/a>, comme la f\u00eate \u00e9tait connue dans le pass\u00e9.<\/p>\n<div class=\"link-article\">\n<p><img loading=\"lazy\" decoding=\"async\" class=\"alignnone size-full wp-image-4220\" src=\"https:\/\/blog.holyart.it\/fr\/wp-content\/uploads\/sites\/14\/2022\/03\/Annunciazione-della-Beata-Vergine-Maria-e1647342689581.jpg\" alt=\"L\u2019annonciation de la Sainte Vierge\" width=\"150\" height=\"100\" data-kale-share-title=\"Annonciation du Seigneur : pourquoi la f\u00eatons-nous le 25 mars\" data-kale-share-url=\"https:\/\/blog.holyart.it\/fr\/?p=4213\" \/><\/p>\n<div class=\"leggi-anche\">Lire aussi :<\/div>\n<p><strong><a href=\"https:\/\/www.holyart.fr\/blog\/saints-et-bienheureux\/lannonciation-de-sainte-vierge\/\">L\u2019annonciation de la Sainte Vierge<\/a><\/strong><br \/>\nL\u2019Annonciation de la Sainte Vierge est s\u00fbrement un des moments les plus importants et les plus \u00e9vocateurs de la religion chr\u00e9tienne catholique&#8230;<\/p>\n<\/div>\n<p>Mais voyons plus en d\u00e9tail ce que Luc raconta \u00e0 propos de l\u2019Annonciation.<\/p>\n<h2>L\u2019Annonciation dans l\u2019\u00c9vangile selon Luc<\/h2>\n<p>L&rsquo;Annonciation est racont\u00e9e de mani\u00e8re tr\u00e8s diff\u00e9rente dans l\u2019\u00c9vangile selon <strong>Matthieu<\/strong> et dans l\u2019\u00c9vangile selon <strong>Luc<\/strong>. Nous nous attarderons surtout sur la version de Luc, celle dans laquelle l\u2019Archange se rend aupr\u00e8s de Marie pour lui apporter la nouvelle de sa prochaine grossesse. Dans l\u2019\u00c9vangile selon Matthieu, par contre, c\u2019est aupr\u00e8s de Joseph que l\u2019ange se rend, afin de lui intimer, dans un r\u00eave, de ne pas r\u00e9pudier son \u00e9pouse rendue enceinte par l\u2019\u0153uvre du Saint-Esprit.<\/p>\n<p>Voici ce que Luc \u00e9crit\u00a0:<\/p>\n<p><em>Au sixi\u00e8me mois, l\u2019ange Gabriel fut envoy\u00e9 par Dieu dans une ville de Galil\u00e9e, appel\u00e9e Nazareth, aupr\u00e8s d\u2019une vierge fianc\u00e9e \u00e0 un homme de la maison de David, nomm\u00e9 Joseph. Le nom de la vierge \u00e9tait Marie. L\u2019ange entra chez elle, et dit : Je te salue, Combl\u00e9e-de-gr\u00e2ce ; le Seigneur est avec toi. Troubl\u00e9e par cette parole, Marie se demandait ce que pouvait signifier une telle salutation. L\u2019ange lui dit : Ne crains point, Marie ; car tu as trouv\u00e9 gr\u00e2ce devant Dieu Et voici tu deviendras enceinte, et tu enfanteras un fils, et lui donneras le nom de J\u00e9sus. Il sera grand et sera appel\u00e9 Fils du Tr\u00e8s-Haut, et le Seigneur Dieu lui donnera le tr\u00f4ne de David, son p\u00e8re. Il r\u00e8gnera sur la maison de Jacob \u00e9ternellement, et son r\u00e8gne n\u2019aura point de fin<\/em>.<em> Marie dit \u00e0 l\u2019ange\u00a0: Comment cela se fera-t-il puisque je ne connais point d\u2019homme\u00a0? L\u2019ange lui r\u00e9pondit\u00a0: Le Saint-Esprit viendra sur toi, et la puissance du Tr\u00e8s-Haut te couvrira de son ombre. C\u2019est pourquoi le saint enfant qui na\u00eetra de toi sera appel\u00e9 Fils de Dieu. Voici, \u00c9lisabeth, ta parente, a con\u00e7u, elle aussi, un fils en sa vieillesse, et celle qui \u00e9tait appel\u00e9e st\u00e9rile est dans son sixi\u00e8me mois. Car rien n\u2019est impossible \u00e0 Dieu. Marie dit\u00a0: Je suis la servante du Seigneur, qu\u2019il me soit fait selon ta parole\u00a0! Et l\u2019ange la quitta.<\/em> (Luc 1, 26-38)<\/p>\n<p>Il suffit de lire ce passage de l\u2019\u00c9vangile afin de comprendre l\u2019importance que l\u2019Annonciation a pour tous les chr\u00e9tiens. En effet, des \u00e9tudes ont \u00e9t\u00e9 accomplies sur chaque phrase, chaque passage de cet extrait. Nous ne pr\u00e9tendons certes pas analyser dans un seul et unique article toutes ses infinies implications, soient-elles linguistiques ou th\u00e9ologiques.<\/p>\n<p>Nous nous approchons de cela avec simplicit\u00e9 et humilit\u00e9, exactement comme le fit Marie, une vierge promise \u00e0 un homme, Joseph, qui en pr\u00e9sence de <strong>Gabriel<\/strong>, un des archanges appartenant \u00e0 la troisi\u00e8me hi\u00e9rarchie de la cour c\u00e9leste, un ange qui a en son propre nom la puissance de Dieu, car cela signifie \u00ab\u00a0<em>Dieu se manifeste fort, puissant et tout-puissant<\/em>\u00a0\u00bb, est tout d\u2019abord troubl\u00e9e, rien que par le salut grandiloquent qui lui est adress\u00e9. Ce <strong><em>Combl\u00e9e-de-gr\u00e2ce<\/em><\/strong> que nous connaissons si bien gr\u00e2ce \u00e0 la pri\u00e8re Je Vous salue Marie, e qui vient du grec <em>kecharit\u00f2mene<\/em>, un terme qui exprime le maximum de gr\u00e2ce que quelqu\u2019un peut incarner. Mais le nom m\u00eame de <strong>Marie<\/strong> exprime une signification qui va au-del\u00e0 du nom , puisqu\u2019en aram\u00e9en il signifie \u00ab\u00a0<em>princesse, dame, reine<\/em>\u00a0\u00bb, en juif \u00ab\u00a0<em>celle qui voit et fait voir (ce qui ne peut \u00eatre vu)<\/em>\u00a0\u00bb et en \u00e9gyptien \u00ab\u00a0<em>celle qui est aim\u00e9e par Dieu<\/em>\u00a0\u00bb.<\/p>\n<p>Ensuite elle se tranquillise, quand l\u2019ange lui dit de ne rien craindre, puisqu\u2019elle est <strong>dans la gr\u00e2ce de Dieu<\/strong> et, quand on lui annonce qu\u2019en son sein na\u00eetra le Roi que tout le monde attend, elle s\u2019\u00e9merveille dans sa simplicit\u00e9, car elle n\u2019a encore connu aucun homme.<\/p>\n<p>L&rsquo;ange la rassure et, afin de lui donner une preuve de la v\u00e9racit\u00e9 de ses paroles, il lui annonce que sa parente <strong>\u00c9lisabeth<\/strong> aussi est enceinte, malgr\u00e9 son \u00e2ge avanc\u00e9, et qu\u2019elle accouchera bient\u00f4t, car <em>rien n\u2019est impossible \u00e0 Dieu<\/em>.<\/p>\n<p>Et \u00e0 ce moment-l\u00e0 Marie n\u2019a plus de doutes, ni d\u2019h\u00e9sitations\u00a0: \u00ab\u00a0<em>Je suis la servante du Seigneur, qu\u2019il me soit fait selon ta parole\u00a0\u00bb.<\/em><\/p>\n<p>Des mots d\u2019humilit\u00e9 et d\u2019ob\u00e9issance et, en m\u00eame temps, d\u2019une incroyable puissance. \u00c0 l\u2019instant m\u00eame o\u00f9 elle se remet compl\u00e8tement \u00e0 la volont\u00e9 de Dieu, Marie repr\u00e9sente tout le meilleur que l\u2019humanit\u00e9 peut incarner et offrir, et Dieu en personne l\u2019\u00e9l\u00e8ve au-dessus de tout et de tous.<\/p>\n<div class=\"link-product\">\n<div class=\"blocco-immagine\"><img loading=\"lazy\" decoding=\"async\" class=\"alignnone size-full wp-image-4222\" src=\"https:\/\/blog.holyart.it\/fr\/wp-content\/uploads\/sites\/14\/2022\/03\/annunciazione-a-maria-e1647342920286.jpg\" alt=\"Annonciation\" width=\"100\" height=\"100\" data-kale-share-title=\"Annonciation du Seigneur : pourquoi la f\u00eatons-nous le 25 mars\" data-kale-share-url=\"https:\/\/blog.holyart.it\/fr\/?p=4213\" \/><\/div>\n<div class=\"blocco-contenuto\">\n<div class=\"blocco-acquista\">Acheter sur Holyart:<\/div>\n<div class=\"blocco-titolo\"><a href=\"https:\/\/www.holyart.fr\/articles-religieux\/statues\/statues-en-pierre\/annonciation-29cm-pierre-monastere-de-bethleem\">Annonciation 29cm pierre<\/a><\/div>\n<div class=\"blocco-descrizione\">Statue r\u00e9alis\u00e9e \u00e0 la main par le monast\u00e8re de Bethl\u00e9em.<\/div>\n<\/div>\n<\/div>\n<p>C\u2019est ainsi que nous aussi nous devrions vivre cette f\u00eate, comme une <strong>invitation \u00e0 l\u2019humilit\u00e9<\/strong>, au courage de <strong>nous en remettre compl\u00e8tement \u00e0 Dieu<\/strong>, librement, sans questions. S\u2019il est vrai que c\u2019est toujours mieux de pond\u00e9rer et d\u2019affronter avec rationalit\u00e9 les choix importants, il est tout aussi vrai que, dans certains cas, il faut s\u2019en remettre exclusivement \u00e0 la foi, sans r\u00e9fl\u00e9chir aux cons\u00e9quences. En acceptant la volont\u00e9 de Dieu, Marie savait qu\u2019elle risquait d\u2019\u00eatre reni\u00e9e par son fianc\u00e9, et pourtant elle n\u2019h\u00e9sita pas, ne demanda pas de garanties. Elle a eu confiance en Dieu.<\/p>\n<p>Cela fait d\u2019elle la <em>Combl\u00e9e-de-gr\u00e2ce<\/em>, et en son fils J\u00e9sus chaque homme peut esp\u00e9rer obtenir un peu de cette gr\u00e2ce si pr\u00e9cieuse.<\/p>\n<p>Avant m\u00eame la naissance du Sauveur, Sa m\u00e8re devient l\u2019<strong>interm\u00e9diaire entre Lui et tous les hommes<\/strong>. Si J\u00e9sus est au centre de notre vision du ciel, Marie est \u00e0 ses c\u00f4t\u00e9s, suppliant la gr\u00e2ce pour nous tous. Elle qui a cru en Son Fils avant m\u00eame qu\u2019il ne vienne au monde.<\/p>\n<h2>L\u2019 Annonciation dans l\u2019art<\/h2>\n<p>L&rsquo;Annonciation a \u00e9t\u00e9 reproduite une quantit\u00e9 infinie de fois dans l\u2019art sacr\u00e9. Pensons au merveilleux tableau d\u2019Antonello de Messine, ou \u00e0 l\u2019Annonciation de L\u00e9onard de Vinci, ou encore avant \u00e0 celle de Giotto ou de Bernardo Daddi, et aux diff\u00e9rentes versions peintes par <a href=\"https:\/\/www.holyart.fr\/articles-religieux\/tapisseries-religieuses\/tapisserie-annonciation-de-fra-angelico-95x125-cm\"><strong>Beato Angelico<\/strong><\/a>, pour ne citer que quelques noms.<\/p>\n<div class=\"link-product\">\n<div class=\"blocco-immagine\"><img loading=\"lazy\" decoding=\"async\" class=\"alignnone size-full wp-image-4226\" src=\"https:\/\/blog.holyart.it\/fr\/wp-content\/uploads\/sites\/14\/2022\/03\/annunciazione-beato-angelico-e1647343195860.jpg\" alt=\"Tapisserie Annonciation de Fra Angelico\" width=\"100\" height=\"100\" data-kale-share-title=\"Annonciation du Seigneur : pourquoi la f\u00eatons-nous le 25 mars\" data-kale-share-url=\"https:\/\/blog.holyart.it\/fr\/?p=4213\" \/><\/div>\n<div class=\"blocco-contenuto\">\n<div class=\"blocco-acquista\">Acheter sur Holyart:<\/div>\n<div class=\"blocco-titolo\"><a href=\"https:\/\/www.holyart.fr\/articles-religieux\/tapisseries-religieuses\/tapisserie-annonciation-de-fra-angelico-95x125-cm\">Tapisserie Annonciation de Fra Angelico<\/a><\/div>\n<div class=\"blocco-descrizione\">Tapisserie Annonciation de Fra Angelico 95&#215;125 cm.<\/div>\n<\/div>\n<\/div>\n<p>G\u00e9n\u00e9ralement, ind\u00e9pendamment de l\u2019\u00e9poque et du courant artistique de r\u00e9f\u00e9rence, les \u0153uvres qui repr\u00e9sentent l\u2019Annonciation du Seigneur ont pour protagonistes Marie et l\u2019Archange Gabriel, g\u00e9n\u00e9ralement plac\u00e9s l\u2019un en face de l\u2019autre aux deux extr\u00e9mit\u00e9s de l\u2019espace. Dans certains tableaux ou fresques, l\u2019ange est en train de voler, dans d\u2019autres il s\u2019est pos\u00e9 \u00e0 terre, debout ou \u00e0 genoux, tandis que Marie est g\u00e9n\u00e9ralement assise, avec les bras crois\u00e9s en signe de soumission.<\/p>\n<div class=\"link-product\">\n<div class=\"blocco-immagine\"><img loading=\"lazy\" decoding=\"async\" class=\"alignnone size-full wp-image-4228\" src=\"https:\/\/blog.holyart.it\/fr\/wp-content\/uploads\/sites\/14\/2022\/03\/quadro-annunciazione-e1647343449602.jpg\" alt=\"Cadre Annonciation bi-lamin\u00e9\" width=\"100\" height=\"100\" data-kale-share-title=\"Annonciation du Seigneur : pourquoi la f\u00eatons-nous le 25 mars\" data-kale-share-url=\"https:\/\/blog.holyart.it\/fr\/?p=4213\" \/><\/div>\n<div class=\"blocco-contenuto\">\n<div class=\"blocco-acquista\">Acheter sur Holyart:<\/div>\n<div class=\"blocco-titolo\"><a href=\"https:\/\/www.holyart.fr\/articles-religieux\/bas-reliefs\/bas-reliefs-en-argent\/cadre-annonciation-bi-lamine-avec-arriere-bois-massif-details-or-33x25-cm\">Cadre Annonciation bi-lamin\u00e9<\/a><\/div>\n<div class=\"blocco-descrizione\">Cadre Annonciation avec arri\u00e8re bois massif d\u00e9tails 33&#215;25 cm.<\/div>\n<\/div>\n<\/div>\n<p>Dans certaines repr\u00e9sentations, par contre, elle tend la main vers l\u2019ange, qui lui offre un lys. Le symbolisme du lys, expression de puret\u00e9, revient souvent. La pi\u00e8ce de Marie que l\u2019on entrevoit derri\u00e8re elle est aussi propre et en ordre, \u00e0 signifier sa modestie et sa puret\u00e9.\u00a0Parfois, des bras de l\u2019ange sortent les mots du Je Vous salue Marie.<\/p>\n<p>D\u2019autres protagonistes de la repr\u00e9sentation peuvent \u00eatre le Saint-Esprit, repr\u00e9sent\u00e9 comme une colombe, la main de Dieu qui apparait dans un coin, et J\u00e9sus en personne, associ\u00e9 ou pas \u00e0 <a href=\"https:\/\/www.holyart.fr\/blog\/articles-religieux\/lhistoire-dadam-et-deve\/\"><strong>Adam et \u00c8ve<\/strong><\/a>, signe de la purification du p\u00e9ch\u00e9 originel que Sa venue repr\u00e9sente.<\/p>\n<div class=\"link-article\">\n<p><img loading=\"lazy\" decoding=\"async\" class=\"alignnone size-full wp-image-4231\" src=\"https:\/\/blog.holyart.it\/fr\/wp-content\/uploads\/sites\/14\/2022\/03\/storia-adamo-ed-eva-e1647350341893.jpg\" alt=\"L\u2019histoire d\u2019Adam et d\u2019\u00c8ve\" width=\"150\" height=\"100\" data-kale-share-title=\"Annonciation du Seigneur : pourquoi la f\u00eatons-nous le 25 mars\" data-kale-share-url=\"https:\/\/blog.holyart.it\/fr\/?p=4213\" \/><\/p>\n<div class=\"leggi-anche\">Lire aussi :<\/div>\n<p><strong><a href=\"https:\/\/www.holyart.fr\/blog\/articles-religieux\/lhistoire-dadam-et-deve\/\">L\u2019histoire d\u2019Adam et d\u2019\u00c8ve<\/a><\/strong><br \/>\nQui ne connait pas l\u2019histoire d\u2019Adam et d\u2019\u00c8ve, le premier homme et la premi\u00e8re femme? Mais sommes-nous s\u00fbrs de la conna\u00eetre vraiment?<\/p>\n<\/div>\n<p>Dans la Renaissance et dans le Baroque la disposition des personnages et les \u00e9l\u00e9ments symboliques commencent \u00e0 changer, en cr\u00e9ant des visions nouvelles et suggestives de cet \u00e9pisode, qui reste encore aujourd\u2019hui un th\u00e8me r\u00e9current de l\u2019iconographie sacr\u00e9e.<\/p>\n","protected":false},"excerpt":{"rendered":"<p>Le 25 mars nous c\u00e9l\u00e9brons l\u2019Annonciation du Seigneur, une f\u00eate d\u00e9di\u00e9e \u00e0 J\u00e9sus, mais aussi \u00e0 Sa m\u00e8re Marie, li\u00e9e \u00e0 Lui de mani\u00e8re indissoluble. D\u00e9couvrons pourquoi. Peu de festivit\u00e9s chr\u00e9tiennes peuvent se vanter de l\u2019importance religieuse de l\u2019Annonciation du Seigneur. Elle se place en&hellip;<\/p>\n","protected":false},"author":1,"featured_media":4214,"comment_status":"closed","ping_status":"open","sticky":false,"template":"","format":"standard","meta":{"_acf_changed":false,"footnotes":""},"categories":[8],"tags":[],"class_list":["post-4213","post","type-post","status-publish","format-standard","has-post-thumbnail","hentry","category-articles-religieux"],"acf":[],"yoast_head":"<!-- This site is optimized with the Yoast SEO plugin v26.6 - https:\/\/yoast.com\/wordpress\/plugins\/seo\/ -->\n<title>Annonciation du Seigneur : pourquoi la f\u00eatons-nous le 25 mars<\/title>\n<meta name=\"description\" content=\"Le 25 mars nous c\u00e9l\u00e9brons l\u2019Annonciation du Seigneur, une f\u00eate d\u00e9di\u00e9e \u00e0 J\u00e9sus, mais aussi \u00e0 Sa m\u00e8re Marie, li\u00e9e \u00e0 Lui de mani\u00e8re indissoluble. D\u00e9couvrons...\" \/>\n<meta name=\"robots\" content=\"index, follow, max-snippet:-1, max-image-preview:large, max-video-preview:-1\" \/>\n<link rel=\"canonical\" href=\"https:\/\/blog.holyart.it\/fr\/articles-religieux\/annonciation-du-seigneur-pourquoi-la-fetons-nous-le-25-mars\/\" \/>\n<meta property=\"og:locale\" content=\"fr_FR\" \/>\n<meta property=\"og:type\" content=\"article\" \/>\n<meta property=\"og:title\" content=\"Annonciation du Seigneur : pourquoi la f\u00eatons-nous le 25 mars\" \/>\n<meta property=\"og:description\" content=\"Le 25 mars nous c\u00e9l\u00e9brons l\u2019Annonciation du Seigneur, une f\u00eate d\u00e9di\u00e9e \u00e0 J\u00e9sus, mais aussi \u00e0 Sa m\u00e8re Marie, li\u00e9e \u00e0 Lui de mani\u00e8re indissoluble. D\u00e9couvrons...\" \/>\n<meta property=\"og:url\" content=\"https:\/\/blog.holyart.it\/fr\/articles-religieux\/annonciation-du-seigneur-pourquoi-la-fetons-nous-le-25-mars\/\" \/>\n<meta property=\"og:site_name\" content=\"Holyart.fr Blog\" \/>\n<meta property=\"article:published_time\" content=\"2022-03-23T11:30:38+00:00\" \/>\n<meta property=\"article:modified_time\" content=\"2026-03-13T14:09:23+00:00\" \/>\n<meta property=\"og:image\" content=\"https:\/\/blog.holyart.it\/fr\/wp-content\/uploads\/sites\/14\/2022\/03\/annunciazione-del-beato-angelico.jpg\" \/>\n\t<meta property=\"og:image:width\" content=\"1000\" \/>\n\t<meta property=\"og:image:height\" content=\"666\" \/>\n\t<meta property=\"og:image:type\" content=\"image\/jpeg\" \/>\n<meta name=\"author\" content=\"Redazione\" \/>\n<meta name=\"twitter:card\" content=\"summary_large_image\" \/>\n<meta name=\"twitter:label1\" content=\"\u00c9crit par\" \/>\n\t<meta name=\"twitter:data1\" content=\"Redazione\" \/>\n\t<meta name=\"twitter:label2\" content=\"Dur\u00e9e de lecture estim\u00e9e\" \/>\n\t<meta name=\"twitter:data2\" content=\"12 minutes\" \/>\n<script type=\"application\/ld+json\" class=\"yoast-schema-graph\">{\"@context\":\"https:\/\/schema.org\",\"@graph\":[{\"@type\":\"Article\",\"@id\":\"https:\/\/blog.holyart.it\/fr\/articles-religieux\/annonciation-du-seigneur-pourquoi-la-fetons-nous-le-25-mars\/#article\",\"isPartOf\":{\"@id\":\"https:\/\/blog.holyart.it\/fr\/articles-religieux\/annonciation-du-seigneur-pourquoi-la-fetons-nous-le-25-mars\/\"},\"author\":{\"name\":\"Redazione\",\"@id\":\"https:\/\/blog.holyart.it\/fr\/#\/schema\/person\/0a7b686e5af0f856ec1e390dd0baecda\"},\"headline\":\"Annonciation du Seigneur : pourquoi la f\u00eatons-nous le 25 mars\",\"datePublished\":\"2022-03-23T11:30:38+00:00\",\"dateModified\":\"2026-03-13T14:09:23+00:00\",\"mainEntityOfPage\":{\"@id\":\"https:\/\/blog.holyart.it\/fr\/articles-religieux\/annonciation-du-seigneur-pourquoi-la-fetons-nous-le-25-mars\/\"},\"wordCount\":2171,\"publisher\":{\"@id\":\"https:\/\/blog.holyart.it\/fr\/#organization\"},\"image\":{\"@id\":\"https:\/\/blog.holyart.it\/fr\/articles-religieux\/annonciation-du-seigneur-pourquoi-la-fetons-nous-le-25-mars\/#primaryimage\"},\"thumbnailUrl\":\"https:\/\/blog.holyart.it\/fr\/wp-content\/uploads\/sites\/14\/2022\/03\/annunciazione-del-beato-angelico.jpg\",\"articleSection\":[\"Religion\"],\"inLanguage\":\"fr-FR\"},{\"@type\":\"WebPage\",\"@id\":\"https:\/\/blog.holyart.it\/fr\/articles-religieux\/annonciation-du-seigneur-pourquoi-la-fetons-nous-le-25-mars\/\",\"url\":\"https:\/\/blog.holyart.it\/fr\/articles-religieux\/annonciation-du-seigneur-pourquoi-la-fetons-nous-le-25-mars\/\",\"name\":\"Annonciation du Seigneur : pourquoi la f\u00eatons-nous le 25 mars\",\"isPartOf\":{\"@id\":\"https:\/\/blog.holyart.it\/fr\/#website\"},\"primaryImageOfPage\":{\"@id\":\"https:\/\/blog.holyart.it\/fr\/articles-religieux\/annonciation-du-seigneur-pourquoi-la-fetons-nous-le-25-mars\/#primaryimage\"},\"image\":{\"@id\":\"https:\/\/blog.holyart.it\/fr\/articles-religieux\/annonciation-du-seigneur-pourquoi-la-fetons-nous-le-25-mars\/#primaryimage\"},\"thumbnailUrl\":\"https:\/\/blog.holyart.it\/fr\/wp-content\/uploads\/sites\/14\/2022\/03\/annunciazione-del-beato-angelico.jpg\",\"datePublished\":\"2022-03-23T11:30:38+00:00\",\"dateModified\":\"2026-03-13T14:09:23+00:00\",\"description\":\"Le 25 mars nous c\u00e9l\u00e9brons l\u2019Annonciation du Seigneur, une f\u00eate d\u00e9di\u00e9e \u00e0 J\u00e9sus, mais aussi \u00e0 Sa m\u00e8re Marie, li\u00e9e \u00e0 Lui de mani\u00e8re indissoluble. D\u00e9couvrons...\",\"breadcrumb\":{\"@id\":\"https:\/\/blog.holyart.it\/fr\/articles-religieux\/annonciation-du-seigneur-pourquoi-la-fetons-nous-le-25-mars\/#breadcrumb\"},\"inLanguage\":\"fr-FR\",\"potentialAction\":[{\"@type\":\"ReadAction\",\"target\":[\"https:\/\/blog.holyart.it\/fr\/articles-religieux\/annonciation-du-seigneur-pourquoi-la-fetons-nous-le-25-mars\/\"]}]},{\"@type\":\"ImageObject\",\"inLanguage\":\"fr-FR\",\"@id\":\"https:\/\/blog.holyart.it\/fr\/articles-religieux\/annonciation-du-seigneur-pourquoi-la-fetons-nous-le-25-mars\/#primaryimage\",\"url\":\"https:\/\/blog.holyart.it\/fr\/wp-content\/uploads\/sites\/14\/2022\/03\/annunciazione-del-beato-angelico.jpg\",\"contentUrl\":\"https:\/\/blog.holyart.it\/fr\/wp-content\/uploads\/sites\/14\/2022\/03\/annunciazione-del-beato-angelico.jpg\",\"width\":1000,\"height\":666,\"caption\":\"Annonciation du Seigneur\"},{\"@type\":\"BreadcrumbList\",\"@id\":\"https:\/\/blog.holyart.it\/fr\/articles-religieux\/annonciation-du-seigneur-pourquoi-la-fetons-nous-le-25-mars\/#breadcrumb\",\"itemListElement\":[{\"@type\":\"ListItem\",\"position\":1,\"name\":\"Homepage\",\"item\":\"https:\/\/blog.holyart.it\/fr\/\"},{\"@type\":\"ListItem\",\"position\":2,\"name\":\"Religion\",\"item\":\"https:\/\/blog.holyart.it\/fr\/articles-religieux\/\"},{\"@type\":\"ListItem\",\"position\":3,\"name\":\"Annonciation du Seigneur : pourquoi la f\u00eatons-nous le 25 mars\"}]},{\"@type\":\"WebSite\",\"@id\":\"https:\/\/blog.holyart.it\/fr\/#website\",\"url\":\"https:\/\/blog.holyart.it\/fr\/\",\"name\":\"Holyart.fr Blog\",\"description\":\"Holyblog\",\"publisher\":{\"@id\":\"https:\/\/blog.holyart.it\/fr\/#organization\"},\"potentialAction\":[{\"@type\":\"SearchAction\",\"target\":{\"@type\":\"EntryPoint\",\"urlTemplate\":\"https:\/\/blog.holyart.it\/fr\/?s={search_term_string}\"},\"query-input\":{\"@type\":\"PropertyValueSpecification\",\"valueRequired\":true,\"valueName\":\"search_term_string\"}}],\"inLanguage\":\"fr-FR\"},{\"@type\":\"Organization\",\"@id\":\"https:\/\/blog.holyart.it\/fr\/#organization\",\"name\":\"Holyart.fr Blog\",\"url\":\"https:\/\/blog.holyart.it\/fr\/\",\"logo\":{\"@type\":\"ImageObject\",\"inLanguage\":\"fr-FR\",\"@id\":\"https:\/\/blog.holyart.it\/fr\/#\/schema\/logo\/image\/\",\"url\":\"https:\/\/blog.holyart.it\/fr\/wp-content\/uploads\/sites\/14\/2022\/12\/Holyart_Blog_Logo.jpg\",\"contentUrl\":\"https:\/\/blog.holyart.it\/fr\/wp-content\/uploads\/sites\/14\/2022\/12\/Holyart_Blog_Logo.jpg\",\"width\":300,\"height\":50,\"caption\":\"Holyart.fr Blog\"},\"image\":{\"@id\":\"https:\/\/blog.holyart.it\/fr\/#\/schema\/logo\/image\/\"}},{\"@type\":\"Person\",\"@id\":\"https:\/\/blog.holyart.it\/fr\/#\/schema\/person\/0a7b686e5af0f856ec1e390dd0baecda\",\"name\":\"Redazione\",\"image\":{\"@type\":\"ImageObject\",\"inLanguage\":\"fr-FR\",\"@id\":\"https:\/\/blog.holyart.it\/fr\/#\/schema\/person\/image\/\",\"url\":\"https:\/\/secure.gravatar.com\/avatar\/f477da817f43e50d0af36abecd33e3edf826c68299714bdc1057dff3b113f516?s=96&d=mm&r=g\",\"contentUrl\":\"https:\/\/secure.gravatar.com\/avatar\/f477da817f43e50d0af36abecd33e3edf826c68299714bdc1057dff3b113f516?s=96&d=mm&r=g\",\"caption\":\"Redazione\"},\"url\":\"https:\/\/blog.holyart.it\/fr\/author\/admin\/\"}]}<\/script>\n<!-- \/ Yoast SEO plugin. -->","yoast_head_json":{"title":"Annonciation du Seigneur : pourquoi la f\u00eatons-nous le 25 mars","description":"Le 25 mars nous c\u00e9l\u00e9brons l\u2019Annonciation du Seigneur, une f\u00eate d\u00e9di\u00e9e \u00e0 J\u00e9sus, mais aussi \u00e0 Sa m\u00e8re Marie, li\u00e9e \u00e0 Lui de mani\u00e8re indissoluble. D\u00e9couvrons...","robots":{"index":"index","follow":"follow","max-snippet":"max-snippet:-1","max-image-preview":"max-image-preview:large","max-video-preview":"max-video-preview:-1"},"canonical":"https:\/\/blog.holyart.it\/fr\/articles-religieux\/annonciation-du-seigneur-pourquoi-la-fetons-nous-le-25-mars\/","og_locale":"fr_FR","og_type":"article","og_title":"Annonciation du Seigneur : pourquoi la f\u00eatons-nous le 25 mars","og_description":"Le 25 mars nous c\u00e9l\u00e9brons l\u2019Annonciation du Seigneur, une f\u00eate d\u00e9di\u00e9e \u00e0 J\u00e9sus, mais aussi \u00e0 Sa m\u00e8re Marie, li\u00e9e \u00e0 Lui de mani\u00e8re indissoluble. D\u00e9couvrons...","og_url":"https:\/\/blog.holyart.it\/fr\/articles-religieux\/annonciation-du-seigneur-pourquoi-la-fetons-nous-le-25-mars\/","og_site_name":"Holyart.fr Blog","article_published_time":"2022-03-23T11:30:38+00:00","article_modified_time":"2026-03-13T14:09:23+00:00","og_image":[{"width":1000,"height":666,"url":"https:\/\/blog.holyart.it\/fr\/wp-content\/uploads\/sites\/14\/2022\/03\/annunciazione-del-beato-angelico.jpg","type":"image\/jpeg"}],"author":"Redazione","twitter_card":"summary_large_image","twitter_misc":{"\u00c9crit par":"Redazione","Dur\u00e9e de lecture estim\u00e9e":"12 minutes"},"schema":{"@context":"https:\/\/schema.org","@graph":[{"@type":"Article","@id":"https:\/\/blog.holyart.it\/fr\/articles-religieux\/annonciation-du-seigneur-pourquoi-la-fetons-nous-le-25-mars\/#article","isPartOf":{"@id":"https:\/\/blog.holyart.it\/fr\/articles-religieux\/annonciation-du-seigneur-pourquoi-la-fetons-nous-le-25-mars\/"},"author":{"name":"Redazione","@id":"https:\/\/blog.holyart.it\/fr\/#\/schema\/person\/0a7b686e5af0f856ec1e390dd0baecda"},"headline":"Annonciation du Seigneur : pourquoi la f\u00eatons-nous le 25 mars","datePublished":"2022-03-23T11:30:38+00:00","dateModified":"2026-03-13T14:09:23+00:00","mainEntityOfPage":{"@id":"https:\/\/blog.holyart.it\/fr\/articles-religieux\/annonciation-du-seigneur-pourquoi-la-fetons-nous-le-25-mars\/"},"wordCount":2171,"publisher":{"@id":"https:\/\/blog.holyart.it\/fr\/#organization"},"image":{"@id":"https:\/\/blog.holyart.it\/fr\/articles-religieux\/annonciation-du-seigneur-pourquoi-la-fetons-nous-le-25-mars\/#primaryimage"},"thumbnailUrl":"https:\/\/blog.holyart.it\/fr\/wp-content\/uploads\/sites\/14\/2022\/03\/annunciazione-del-beato-angelico.jpg","articleSection":["Religion"],"inLanguage":"fr-FR"},{"@type":"WebPage","@id":"https:\/\/blog.holyart.it\/fr\/articles-religieux\/annonciation-du-seigneur-pourquoi-la-fetons-nous-le-25-mars\/","url":"https:\/\/blog.holyart.it\/fr\/articles-religieux\/annonciation-du-seigneur-pourquoi-la-fetons-nous-le-25-mars\/","name":"Annonciation du Seigneur : pourquoi la f\u00eatons-nous le 25 mars","isPartOf":{"@id":"https:\/\/blog.holyart.it\/fr\/#website"},"primaryImageOfPage":{"@id":"https:\/\/blog.holyart.it\/fr\/articles-religieux\/annonciation-du-seigneur-pourquoi-la-fetons-nous-le-25-mars\/#primaryimage"},"image":{"@id":"https:\/\/blog.holyart.it\/fr\/articles-religieux\/annonciation-du-seigneur-pourquoi-la-fetons-nous-le-25-mars\/#primaryimage"},"thumbnailUrl":"https:\/\/blog.holyart.it\/fr\/wp-content\/uploads\/sites\/14\/2022\/03\/annunciazione-del-beato-angelico.jpg","datePublished":"2022-03-23T11:30:38+00:00","dateModified":"2026-03-13T14:09:23+00:00","description":"Le 25 mars nous c\u00e9l\u00e9brons l\u2019Annonciation du Seigneur, une f\u00eate d\u00e9di\u00e9e \u00e0 J\u00e9sus, mais aussi \u00e0 Sa m\u00e8re Marie, li\u00e9e \u00e0 Lui de mani\u00e8re indissoluble. D\u00e9couvrons...","breadcrumb":{"@id":"https:\/\/blog.holyart.it\/fr\/articles-religieux\/annonciation-du-seigneur-pourquoi-la-fetons-nous-le-25-mars\/#breadcrumb"},"inLanguage":"fr-FR","potentialAction":[{"@type":"ReadAction","target":["https:\/\/blog.holyart.it\/fr\/articles-religieux\/annonciation-du-seigneur-pourquoi-la-fetons-nous-le-25-mars\/"]}]},{"@type":"ImageObject","inLanguage":"fr-FR","@id":"https:\/\/blog.holyart.it\/fr\/articles-religieux\/annonciation-du-seigneur-pourquoi-la-fetons-nous-le-25-mars\/#primaryimage","url":"https:\/\/blog.holyart.it\/fr\/wp-content\/uploads\/sites\/14\/2022\/03\/annunciazione-del-beato-angelico.jpg","contentUrl":"https:\/\/blog.holyart.it\/fr\/wp-content\/uploads\/sites\/14\/2022\/03\/annunciazione-del-beato-angelico.jpg","width":1000,"height":666,"caption":"Annonciation du Seigneur"},{"@type":"BreadcrumbList","@id":"https:\/\/blog.holyart.it\/fr\/articles-religieux\/annonciation-du-seigneur-pourquoi-la-fetons-nous-le-25-mars\/#breadcrumb","itemListElement":[{"@type":"ListItem","position":1,"name":"Homepage","item":"https:\/\/blog.holyart.it\/fr\/"},{"@type":"ListItem","position":2,"name":"Religion","item":"https:\/\/blog.holyart.it\/fr\/articles-religieux\/"},{"@type":"ListItem","position":3,"name":"Annonciation du Seigneur : pourquoi la f\u00eatons-nous le 25 mars"}]},{"@type":"WebSite","@id":"https:\/\/blog.holyart.it\/fr\/#website","url":"https:\/\/blog.holyart.it\/fr\/","name":"Holyart.fr Blog","description":"Holyblog","publisher":{"@id":"https:\/\/blog.holyart.it\/fr\/#organization"},"potentialAction":[{"@type":"SearchAction","target":{"@type":"EntryPoint","urlTemplate":"https:\/\/blog.holyart.it\/fr\/?s={search_term_string}"},"query-input":{"@type":"PropertyValueSpecification","valueRequired":true,"valueName":"search_term_string"}}],"inLanguage":"fr-FR"},{"@type":"Organization","@id":"https:\/\/blog.holyart.it\/fr\/#organization","name":"Holyart.fr Blog","url":"https:\/\/blog.holyart.it\/fr\/","logo":{"@type":"ImageObject","inLanguage":"fr-FR","@id":"https:\/\/blog.holyart.it\/fr\/#\/schema\/logo\/image\/","url":"https:\/\/blog.holyart.it\/fr\/wp-content\/uploads\/sites\/14\/2022\/12\/Holyart_Blog_Logo.jpg","contentUrl":"https:\/\/blog.holyart.it\/fr\/wp-content\/uploads\/sites\/14\/2022\/12\/Holyart_Blog_Logo.jpg","width":300,"height":50,"caption":"Holyart.fr Blog"},"image":{"@id":"https:\/\/blog.holyart.it\/fr\/#\/schema\/logo\/image\/"}},{"@type":"Person","@id":"https:\/\/blog.holyart.it\/fr\/#\/schema\/person\/0a7b686e5af0f856ec1e390dd0baecda","name":"Redazione","image":{"@type":"ImageObject","inLanguage":"fr-FR","@id":"https:\/\/blog.holyart.it\/fr\/#\/schema\/person\/image\/","url":"https:\/\/secure.gravatar.com\/avatar\/f477da817f43e50d0af36abecd33e3edf826c68299714bdc1057dff3b113f516?s=96&d=mm&r=g","contentUrl":"https:\/\/secure.gravatar.com\/avatar\/f477da817f43e50d0af36abecd33e3edf826c68299714bdc1057dff3b113f516?s=96&d=mm&r=g","caption":"Redazione"},"url":"https:\/\/blog.holyart.it\/fr\/author\/admin\/"}]}},"_links":{"self":[{"href":"https:\/\/blog.holyart.it\/fr\/wp-json\/wp\/v2\/posts\/4213","targetHints":{"allow":["GET"]}}],"collection":[{"href":"https:\/\/blog.holyart.it\/fr\/wp-json\/wp\/v2\/posts"}],"about":[{"href":"https:\/\/blog.holyart.it\/fr\/wp-json\/wp\/v2\/types\/post"}],"author":[{"embeddable":true,"href":"https:\/\/blog.holyart.it\/fr\/wp-json\/wp\/v2\/users\/1"}],"replies":[{"embeddable":true,"href":"https:\/\/blog.holyart.it\/fr\/wp-json\/wp\/v2\/comments?post=4213"}],"version-history":[{"count":1,"href":"https:\/\/blog.holyart.it\/fr\/wp-json\/wp\/v2\/posts\/4213\/revisions"}],"predecessor-version":[{"id":12163,"href":"https:\/\/blog.holyart.it\/fr\/wp-json\/wp\/v2\/posts\/4213\/revisions\/12163"}],"wp:featuredmedia":[{"embeddable":true,"href":"https:\/\/blog.holyart.it\/fr\/wp-json\/wp\/v2\/media\/4214"}],"wp:attachment":[{"href":"https:\/\/blog.holyart.it\/fr\/wp-json\/wp\/v2\/media?parent=4213"}],"wp:term":[{"taxonomy":"category","embeddable":true,"href":"https:\/\/blog.holyart.it\/fr\/wp-json\/wp\/v2\/categories?post=4213"},{"taxonomy":"post_tag","embeddable":true,"href":"https:\/\/blog.holyart.it\/fr\/wp-json\/wp\/v2\/tags?post=4213"}],"curies":[{"name":"wp","href":"https:\/\/api.w.org\/{rel}","templated":true}]}}