{"id":4164,"date":"2022-03-16T12:30:09","date_gmt":"2022-03-16T11:30:09","guid":{"rendered":"https:\/\/blog.holyart.it\/fr\/?p=4164"},"modified":"2026-03-09T16:00:08","modified_gmt":"2026-03-09T15:00:08","slug":"la-fleur-de-saint-joseph-est-le-nard-decouvrons-pourquoi","status":"publish","type":"post","link":"https:\/\/blog.holyart.it\/fr\/saints-et-bienheureux\/la-fleur-de-saint-joseph-est-le-nard-decouvrons-pourquoi\/","title":{"rendered":"La fleur de Saint Joseph est le nard : d\u00e9couvrons pourquoi"},"content":{"rendered":"<h4><em>Saint Joseph, symbole de tous les p\u00e8res. Pape Fran\u00e7ois lui a d\u00e9di\u00e9 l\u2019ann\u00e9e 2021. Mais aujourd\u2019hui nous allons parler d\u2019un aspect insolite le concernant : la fleur de Saint Joseph.<\/em><\/h4>\n\n<p>Beaucoup a \u00e9t\u00e9 dit pour exprimer l\u2019importance de <a href=\"https:\/\/www.holyart.fr\/blog\/saints-et-bienheureux\/saint-joseph\/\"><strong>Saint Joseph, p\u00e8re putatif de J\u00e9sus<\/strong><\/a>, Saint Patron et protecteur de l\u2019\u00c9glise universelle, symbole des travailleurs. Aujourd\u2019hui nous allons nous attarder sur un attribut un peu insolite donn\u00e9 \u00e0 ce saint si important. Tout le monde ne sait probablement pas qu\u2019il existe une <strong>fleur de Saint Joseph<\/strong> et que cette fleur tr\u00f4ne sur l\u2019<strong><a href=\"https:\/\/www.holyart.fr\/occasions-speciales\/pape-francois\">embl\u00e8me de Pape Fran\u00e7ois<\/a>. <\/strong>Il s\u2019agit d\u2019une <strong>fleur de nard<\/strong>.<\/p>\n<p>Mais pourquoi cette fleur, tr\u00e8s belle et au parfum doux et intense, a-t-elle \u00e9t\u00e9 attribu\u00e9e \u00e0 Saint Joseph ? Et pourquoi le somme Pontife l\u2019a voulu sur son embl\u00e8me, accompagn\u00e9e de la tiare et des cl\u00e9s crois\u00e9es, symboles du pouvoir papal, au soleil rayonnant qui repr\u00e9sente J\u00e9sus et \u00e0 l\u2019\u00e9toile symbole de la Vierge Marie ?<\/p>\n<p><img loading=\"lazy\" decoding=\"async\" class=\"size-full wp-image-4237 aligncenter\" src=\"https:\/\/blog.holyart.it\/fr\/wp-content\/uploads\/sites\/14\/2022\/03\/embleme-pape-francois.jpg\" alt=\"embleme pape francois\" width=\"614\" height=\"745\" data-kale-share-title=\"La fleur de Saint Joseph est le nard : d\u00e9couvrons pourquoi\" data-kale-share-url=\"https:\/\/blog.holyart.it\/fr\/saints-et-bienheureux\/la-fleur-de-saint-joseph-est-le-nard-decouvrons-pourquoi\/\" \/><\/p>\n<p>La particuli\u00e8re <strong>d\u00e9votion de Pape Fran\u00e7ois pour Saint Joseph<\/strong> est connue par tout le monde. Non seulement le Pape am\u00e8ne toujours avec lui, depuis le s\u00e9minaire, une statuette de Saint Joseph endormi, \u00e0 laquelle il affirme demander conseil par le biais de petits mots \u00e9crits, mais il a \u00e9galement pris la d\u00e9cision de proclamer 2021 l\u2019ann\u00e9e de Saint Joseph, par Lettre apostolique, <em>Patris corde<\/em> \u201cAvec un c\u0153ur de P\u00e8re\u201d. De cette mani\u00e8re, le pape a voulu reconna\u00eetre la valeur des personnes simples, humbles, qui pourtant se d\u00e9pensent tous les jours pour aider les autres, justement comme ce menuisier qui d\u00e9dia sa vie \u00e0 prot\u00e9ger sa jeune femme et un Enfant qui n\u2019\u00e9tait pas le sien.<\/p>\n<div class=\"sp-styles-warning\" style=\"width: 450px; background-color: #FFF; color: #F00; border: 1px solid #F00; padding: 10px; font-size: 14px;\">\n\t\t\t<span style=\"font-weight: bold;\">Warning: The stylesheets were not loaded!<\/span> \n\t\t\tYou will need to change the <i>Load stylesheets<\/i> setting from <i>Automatically<\/i> to <i>On homepage<\/i> or <i>On all pages<\/i>. \n\t\t\tYou can set that <a style=\"text-decoration: underline; color: #F00;\" href=\"https:\/\/blog.holyart.it\/fr\/wp-admin\/admin.php?page=sliderpro-settings\">here<\/a>.\n\t\t\t<\/div>\r\n<div id=\"slider-pro-74\" class=\"slider-pro sp-no-js\" style=\"width: 500px; height: 500px;\">\r\n\t<div class=\"sp-slides\">\r\n\t\t\r\n\t\t<div class=\"sp-slide\">\r\n\t\t\t<img loading=\"lazy\" decoding=\"async\" class=\"sp-image\" src=\"https:\/\/blog.holyart.it\/fr\/wp-content\/uploads\/sites\/14\/2022\/02\/Huile-de-Nard-10-ml.jpg\" alt=\"Huile de Nard 10 ml\" width=\"500\" height=\"500\" \/>\r\n\t\t\t<div class=\"sp-thumbnail\"><a class=\"\" href=\"https:\/\/www.holyart.fr\/produits-de-consommation\/encens\/huile-de-nard-10-ml\">\r\n\t\t\t\t<img decoding=\"async\" src=\"https:\/\/blog.holyart.it\/fr\/wp-content\/uploads\/sites\/14\/2022\/02\/Huile-de-Nard-10-ml.jpg\" alt=\"Huile de Nard 10 ml\" \/>\r\n\t\t\t<\/a>\r\n\t\t\t<\/div>\r\n\t\t\t<div class=\"sp-caption\">Huile de Nard 10 ml. <br \/><strong><a href=\"https:\/\/www.holyart.fr\/produits-de-consommation\/encens\/huile-de-nard-10-ml\">Acheter sur Holyart<\/a><\/span><\/strong><\/div>\r\n\t\t<\/div>\r\n\t\t<div class=\"sp-slide\">\r\n\t\t\t<img loading=\"lazy\" decoding=\"async\" class=\"sp-image\" src=\"https:\/\/blog.holyart.it\/fr\/wp-content\/uploads\/sites\/14\/2022\/02\/huile-de-nard-80-ml.jpg\" alt=\"huile de nard 80 ml\" width=\"500\" height=\"500\" \/>\r\n\t\t\t<div class=\"sp-thumbnail\"><a class=\"\" href=\"https:\/\/www.holyart.fr\/produits-de-consommation\/encens\/huile-de-nard-80-ml\">\r\n\t\t\t\t<img decoding=\"async\" src=\"https:\/\/blog.holyart.it\/fr\/wp-content\/uploads\/sites\/14\/2022\/02\/huile-de-nard-100x100.jpg\" alt=\"huile de nard\" \/>\r\n\t\t\t<\/a>\r\n\t\t\t<\/div>\r\n\t\t\t<div class=\"sp-caption\">Huile de Nard 80 ml.  <br \/><strong><a href=\"https:\/\/www.holyart.fr\/produits-de-consommation\/encens\/huile-de-nard-80-ml\">Acheter sur Holyart<\/a><\/span><\/strong><\/div>\r\n\t\t<\/div>\r\n\t\t<div class=\"sp-slide\">\r\n\t\t\t<img loading=\"lazy\" decoding=\"async\" class=\"sp-image\" src=\"https:\/\/blog.holyart.it\/fr\/wp-content\/uploads\/sites\/14\/2022\/02\/huile-parfumee-de-nard-35-ml.jpg\" alt=\"huile parfumee de nard 35 ml\" width=\"500\" height=\"500\" \/>\r\n\t\t\t<div class=\"sp-thumbnail\"><a class=\"\" href=\"https:\/\/www.holyart.fr\/produits-de-consommation\/encens\/huile-parfumee-de-nard-35-ml\">\r\n\t\t\t\t<img decoding=\"async\" src=\"https:\/\/blog.holyart.it\/fr\/wp-content\/uploads\/sites\/14\/2022\/02\/Huile-parfumee-de-nard-35-ml-100x100.jpg\" alt=\"Huile parfumee de nard\" \/>\r\n\t\t\t<\/a>\r\n\t\t\t<\/div>\r\n\t\t\t<div class=\"sp-caption\">Huile parfum\u00e9e de nard 35 ml. <br \/><strong><a href=\"https:\/\/www.holyart.fr\/produits-de-consommation\/encens\/huile-parfumee-de-nard-35-ml\">Acheter sur Holyart<\/a><\/span><\/strong><\/div>\r\n\t\t<\/div>\r\n\t<\/div>\r\n<\/div>\n<p>En revenant \u00e0 la fleur de Saint Joseph, tandis que dans l\u2019iconographie la plus r\u00e9pandue Saint Joseph est souvent repr\u00e9sent\u00e9 avec une <strong>canne de laquelle poussent des lys<\/strong>, symbole de la puret\u00e9 de la Vierge, dans l\u2019<strong>iconographie sacr\u00e9e des pays hispaniques <\/strong>Sain Joseph est souvent repr\u00e9sent\u00e9 avec une branche de nard en main. Le nard est une plante de la famille des val\u00e9rianes, originaire des grands plateaux de l\u2019Asie centrale, mais tr\u00e8s r\u00e9pandue sous des vari\u00e9t\u00e9s sp\u00e9cifiques au Mexique et en Am\u00e9rique Centrale. Ses fleurs ont une forme d\u2019\u00e9pis blancs ou ros\u00e9s. De ces fleurs on extrait une <strong>huile tr\u00e8s parfum\u00e9e<\/strong> consid\u00e9r\u00e9e d\u2019une grande valeur depuis l\u2019antiquit\u00e9, utilis\u00e9e comme encens : <a href=\"https:\/\/www.holyart.fr\/blog\/articles-religieux\/huile-de-nard-de-jerusalem-decouvrons-les-benefices-de-cet-ancien-onguent\/\"><strong>l\u2019huile de nard<\/strong><\/a>. Elle s\u2019obtient en \u00e9crasant et en distillant le contenu de son rhizome, l\u2019organe d\u2019accumulation des substances nutritives de la plante, qui lui permet de survivre longtemps m\u00eame dans des conditions climatiques hostiles. L\u2019huile de nard est utilis\u00e9e depuis toujours comme huile de massage en raison de ses propri\u00e9t\u00e9s calmantes, mais aussi pour son pouvoir antiseptique. Elle apaise l\u2019\u00e2me inqui\u00e8te, baisse la tension, favorise une respiration r\u00e9guli\u00e8re, et pour cela elle est encore aujourd\u2019hui amplement utilis\u00e9e aussi en aromath\u00e9rapie, pour parfumer l\u2019air et pour cr\u00e9er une atmosph\u00e8re agr\u00e9able et relaxante.<\/p>\n<div class=\"link-article\">\n<p><img loading=\"lazy\" decoding=\"async\" class=\"alignnone size-full wp-image-4165\" src=\"https:\/\/blog.holyart.it\/fr\/wp-content\/uploads\/sites\/14\/2022\/03\/fiore-nardo.jpeg\" alt=\"Nard de J\u00e9rusalem\" width=\"150\" height=\"99\" data-kale-share-title=\"La fleur de Saint Joseph est le nard : d\u00e9couvrons pourquoi\" data-kale-share-url=\"https:\/\/blog.holyart.it\/fr\/?p=4164\" \/><\/p>\n<div class=\"leggi-anche\">Lire aussi :<\/div>\n<p><strong><a href=\"https:\/\/www.holyart.fr\/blog\/articles-religieux\/huile-de-nard-de-jerusalem-decouvrons-les-benefices-de-cet-ancien-onguent\/\">Huile de Nard de J\u00e9rusalem : d\u00e9couvrons les b\u00e9n\u00e9fices<\/a><\/strong><br \/>\nQuel est l\u2019histoire de l\u2019huile de nard de J\u00e9rusalem ? Pour quelles applications peut-elle \u00eatre utilis\u00e9e ? Voici toutes les r\u00e9ponses !<\/p>\n<\/div>\n<p>Ce fluide ambr\u00e9 et extr\u00eamement aromatique obtenu du nard est <strong>consid\u00e9r\u00e9 depuis toujours comme sacr\u00e9<\/strong>, et il revient souvent dans la <a href=\"https:\/\/www.holyart.fr\/articles-religieux\/livres-sacres\/bibles\"><strong>Bible<\/strong> <\/a>aussi, du <em>Cantique des Cantiques<\/em>, comme <strong>symbole d\u2019amour sans limites<\/strong>, aux \u00c9vangiles, comme <strong>symbole d\u2019amour divin<\/strong>. Il est utilis\u00e9 par une femme, probablement Marie Madeleine ou Marie de B\u00e9thanie, pour oindre la t\u00eate et les pieds de J\u00e9sus. L\u2019huile pr\u00e9cieuse co\u00fbta \u00e0 la femme bien trois cents deniers et, pour cette raison, elle fut bl\u00e2m\u00e9e quand elle cassa involontairement le vase qui la contenait, mais dans cet \u00e9pisode on peut lire une <a href=\"https:\/\/www.holyart.fr\/occasions-speciales\/paques-et-careme\/christ-ressuscite-pretre-et-roi\"><strong>anticipation proph\u00e9tique de la mort de Christ<\/strong><\/a> et, dans la pr\u00e9cieuse huile vers\u00e9e, le symbole m\u00eame de Son amour, un amour fid\u00e8le jusqu\u2019\u00e0 donner sa propre vie, si pr\u00e9cieux qu\u2019il se r\u00e9pand au moment m\u00eame o\u00f9 il est vers\u00e9.<\/p>\n<p>M\u00eame l\u2019Ordre du Saint-S\u00e9pulcre de J\u00e9rusalem s\u2019inspire de cet \u00e9pisode de l\u2019onction de J\u00e9sus par les mains de la femme : comme elle enduisit les membres du Sauveur, l\u2019ordre soigne et prot\u00e8ge l\u2019\u00c9glise, le Corps de Christ. Ce n\u2019est pas un hasard si l\u2019huile de nard est depuis toujours parmi les onze herbes utilis\u00e9es pour l\u2019<a href=\"https:\/\/www.holyart.fr\/produits-de-consommation\/encens\"><strong>encens aromatique<\/strong><\/a> du Temple de J\u00e9rusalem.<\/p>\n<div class=\"sp-styles-warning\" style=\"width: 450px; background-color: #FFF; color: #F00; border: 1px solid #F00; padding: 10px; font-size: 14px;\">\n\t\t\t<span style=\"font-weight: bold;\">Warning: The stylesheets were not loaded!<\/span> \n\t\t\tYou will need to change the <i>Load stylesheets<\/i> setting from <i>Automatically<\/i> to <i>On homepage<\/i> or <i>On all pages<\/i>. \n\t\t\tYou can set that <a style=\"text-decoration: underline; color: #F00;\" href=\"https:\/\/blog.holyart.it\/fr\/wp-admin\/admin.php?page=sliderpro-settings\">here<\/a>.\n\t\t\t<\/div>\r\n<div id=\"slider-pro-78\" class=\"slider-pro sp-no-js\" style=\"width: 500px; height: 500px;\">\r\n\t<div class=\"sp-slides\">\r\n\t\t\r\n\t\t<div class=\"sp-slide\">\r\n\t\t\t<img loading=\"lazy\" decoding=\"async\" class=\"sp-image\" src=\"https:\/\/blog.holyart.it\/fr\/wp-content\/uploads\/sites\/14\/2022\/03\/San-giuseppe-1.jpg\" alt=\"Statue Saint Joseph et J\u00e9sus\" width=\"498\" height=\"499\" \/>\r\n\t\t\t<div class=\"sp-thumbnail\"><img decoding=\"async\" src=\"https:\/\/blog.holyart.it\/fr\/wp-content\/uploads\/sites\/14\/2022\/03\/san-giuseppe-con-gesu.jpg\" alt=\"Saint Joseph et J\u00e9sus \" \/>\r\n\t\t\t<\/div>\r\n\t\t\t<div class=\"sp-caption\">Statue de S. Joseph, personne forte et humble. <br \/><strong><a href=\"https:\/\/www.holyart.fr\/articles-religieux\/statues\/statues-en-pierre\/saint-joseph-et-jesus\">Acheter sur Holyart<\/a><\/span><\/strong><\/div>\r\n\t\t<\/div>\r\n\t\t<div class=\"sp-slide\">\r\n\t\t\t<img loading=\"lazy\" decoding=\"async\" class=\"sp-image\" src=\"https:\/\/blog.holyart.it\/fr\/wp-content\/uploads\/sites\/14\/2022\/03\/quadro-san-giuseppe.jpg\" alt=\"Cadre sur toile St Joseph\" width=\"500\" height=\"500\" \/>\r\n\t\t\t<div class=\"sp-thumbnail\"><img decoding=\"async\" src=\"https:\/\/blog.holyart.it\/fr\/wp-content\/uploads\/sites\/14\/2022\/03\/quadro-su-tela-pittorica-san-giuseppe.jpg\" alt=\"Cadre sur toile St Joseph\" \/>\r\n\t\t\t<\/div>\r\n\t\t\t<div class=\"sp-caption\">Cadre sur toile St Joseph 25x20 cm. <br \/><strong><a href=\"https:\/\/www.holyart.fr\/articles-religieux\/tableaux-gravures-manuscrit-enlumine\/cadre-sur-toile-st-joseph-25x20-cm\">Acheter sur Holyart<\/a><\/span><\/strong><\/div>\r\n\t\t<\/div>\r\n\t\t<div class=\"sp-slide\">\r\n\t\t\t<img loading=\"lazy\" decoding=\"async\" class=\"sp-image\" src=\"https:\/\/blog.holyart.it\/fr\/wp-content\/uploads\/sites\/14\/2022\/03\/medaglia-san-giuseppe-argento.jpg\" alt=\"M\u00e9daille St Joseph argent 925\" width=\"500\" height=\"500\" \/>\r\n\t\t\t<div class=\"sp-thumbnail\"><img decoding=\"async\" src=\"https:\/\/blog.holyart.it\/fr\/wp-content\/uploads\/sites\/14\/2022\/03\/medaglia-san-giuseppe-argento-150x150.jpg\" \/>\r\n\t\t\t<\/div>\r\n\t\t\t<div class=\"sp-caption\">M\u00e9daille St Joseph argent 925 rhodi\u00e9 10 mm. <br \/><strong><a href=\"https:\/\/www.holyart.fr\/articles-religieux\/bijoux-religieux\/pendentifs-croix-et-broches\/medaille-st-joseph-argent-925-rhodie-10-mm\">Acheter sur Holyart<\/a><\/span><\/strong><\/div>\r\n\t\t<\/div>\r\n\t\t<div class=\"sp-slide\">\r\n\t\t\t<img loading=\"lazy\" decoding=\"async\" class=\"sp-image\" src=\"https:\/\/blog.holyart.it\/fr\/wp-content\/uploads\/sites\/14\/2022\/03\/san-giuseppe-dormiente-veste-bianca.jpg\" alt=\"Saint Joseph endormi\" width=\"500\" height=\"500\" \/>\r\n\t\t\t<div class=\"sp-thumbnail\"><img decoding=\"async\" src=\"https:\/\/blog.holyart.it\/fr\/wp-content\/uploads\/sites\/14\/2022\/03\/san-giuseppe-dormiente-veste-bianca-polvere-di-marmo-12-cm.jpg\" alt=\"Saint Joseph endormi\" \/>\r\n\t\t\t<\/div>\r\n\t\t\t<div class=\"sp-caption\">Saint Joseph endormi tunique blanche poudre de marbre 12 cm. <br \/><strong><a href=\"https:\/\/www.holyart.fr\/articles-religieux\/statues\/statues-en-marbre-reconstitue\/saint-joseph-endormi-tunique-blanche-poudre-de-marbre-12-cm\">Acheter sur Holyart<\/a><\/span><\/strong><\/div>\r\n\t\t<\/div>\r\n\t\t<div class=\"sp-slide\">\r\n\t\t\t<img loading=\"lazy\" decoding=\"async\" class=\"sp-image\" src=\"https:\/\/blog.holyart.it\/fr\/wp-content\/uploads\/sites\/14\/2022\/03\/arazzo-san-giuseppe.jpg\" alt=\"Tapisserie St Joseph\" width=\"500\" height=\"500\" \/>\r\n\t\t\t<div class=\"sp-thumbnail\"><img decoding=\"async\" src=\"https:\/\/blog.holyart.it\/fr\/wp-content\/uploads\/sites\/14\/2022\/03\/arazzo-san-giuseppe-150x150.jpg\" \/>\r\n\t\t\t<\/div>\r\n\t\t\t<div class=\"sp-caption\">Tapisserie St Joseph avec lys bords d\u00e9cor\u00e9s passants 50x40 cm. <br \/><strong><a href=\"https:\/\/www.holyart.fr\/articles-religieux\/tapisseries-religieuses\/tapisserie-st-joseph-avec-lys-bords-decores-passants-50x40-cm\">Acheter sur Holyart<\/a><\/span><\/strong><\/div>\r\n\t\t<\/div>\r\n\t\t<div class=\"sp-slide\">\r\n\t\t\t<img loading=\"lazy\" decoding=\"async\" class=\"sp-image\" src=\"https:\/\/blog.holyart.it\/fr\/wp-content\/uploads\/sites\/14\/2022\/03\/icona-san-giuseppe-e-gesu-bambino.jpg\" alt=\" Ic\u00f4ne S.Joseph et l&#039;enfant J\u00e9sus\" width=\"500\" height=\"500\" \/>\r\n\t\t\t<div class=\"sp-thumbnail\"><img decoding=\"async\" src=\"https:\/\/blog.holyart.it\/fr\/wp-content\/uploads\/sites\/14\/2022\/03\/icona-san-giuseppe-e-gesu-bambino-150x150.jpg\" \/>\r\n\t\t\t<\/div>\r\n\t\t\t<div class=\"sp-caption\">Repr\u00e9sentation de S.Joseph avec l'enfant J\u00e9sus dans ses bras et un lis dans l'autre.<br \/><strong><a href=\"https:\/\/www.holyart.fr\/articles-religieux\/icones-religieuses\/icones-roumaines-peintes\/icone-s.joseph-et-lenfant-jesus\">Acheter sur Holyart<\/a><\/span><\/strong><\/div>\r\n\t\t<\/div>\r\n\t<\/div>\r\n<\/div>\n<h2>Que symbolise le nard ?<\/h2>\n<p>La fleur de nard li\u00e9e \u00e0 l\u2019<a href=\"https:\/\/www.holyart.fr\/occasions-speciales\/saint-joseph\"><strong>iconographie de Saint Joseph <\/strong><\/a>est bien diff\u00e9rente de celle que nous voyons sur le blason de Pape Fran\u00e7ois : le premier, que nous retrouvons dans les images pieuses et les repr\u00e9sentations du saint, est d\u00e9j\u00e0 en pleine floraison et rappelle beaucoup le lys, tandis que celle sur le blason du Pape ressemble plus \u00e0 une grappe de raisin. Il est possible que le Pape ait voulu exprimer ainsi non seulement sa d\u00e9votion \u00e0 Saint Joseph, mais aussi son <strong>espoir<\/strong> en quelque chose de bon \u00e0 venir, un espoir pour le monde qui doit encore \u00e9clore, exactement comme une fleur.<\/p>\n<p>Du reste, l\u2019attribution du nard \u00e0 Saint Joseph est aussi li\u00e9e au <strong>moment de la floraison<\/strong> de cette fleur. Saint Joseph est toujours repr\u00e9sent\u00e9 avec un b\u00e2ton fleuri en main car, selon la tradition, quelqu\u2019un se moqua de lui en d\u00e9couvrant que Marie \u00e9tait enceinte, mais pas de lui, et le d\u00e9fia\u00a0: si c\u2019\u00e9tait vraiment gr\u00e2ce \u00e0 un ange, le b\u00e2ton de Joseph aurait fleuri. Et ce fut bien le cas. Selon une autre tradition, la floraison du b\u00e2ton fut le signe miraculeux avec lequel le Ciel indiqua aux pr\u00eatres qui \u00e9tait le c\u00e9libataire \u00e0 choisir comme \u00e9poux pour <a href=\"https:\/\/www.holyart.fr\/search?params=%7B%22search%22%3A%22articles%20sur%20la%20madonne%22%7D&amp;search=articles+sur+la+madonne\"><strong>Marie<\/strong><\/a>.<\/p>\n","protected":false},"excerpt":{"rendered":"<p>Saint Joseph, symbole de tous les p\u00e8res. Pape Fran\u00e7ois lui a d\u00e9di\u00e9 l\u2019ann\u00e9e 2021. Mais aujourd\u2019hui nous allons parler d\u2019un aspect insolite le concernant : la fleur de Saint Joseph. Beaucoup a \u00e9t\u00e9 dit pour exprimer l\u2019importance de Saint Joseph, p\u00e8re putatif de J\u00e9sus, Saint&hellip;<\/p>\n","protected":false},"author":1,"featured_media":4170,"comment_status":"closed","ping_status":"open","sticky":false,"template":"","format":"standard","meta":{"_acf_changed":false,"footnotes":""},"categories":[7],"tags":[],"class_list":["post-4164","post","type-post","status-publish","format-standard","has-post-thumbnail","hentry","category-saints-et-bienheureux"],"acf":[],"yoast_head":"<!-- This site is optimized with the Yoast SEO plugin v26.6 - https:\/\/yoast.com\/wordpress\/plugins\/seo\/ -->\n<title>La fleur de Saint Joseph est le nard : d\u00e9couvrons pourquoi<\/title>\n<meta name=\"description\" content=\"Saint Joseph, symbole de tous les p\u00e8res. Pape Fran\u00e7ois lui a d\u00e9di\u00e9 l\u2019ann\u00e9e 2021. Mais aujourd\u2019hui nous allons parler d\u2019un aspect insolite le concernant...\" \/>\n<meta name=\"robots\" content=\"index, follow, max-snippet:-1, max-image-preview:large, max-video-preview:-1\" \/>\n<link rel=\"canonical\" href=\"https:\/\/blog.holyart.it\/fr\/saints-et-bienheureux\/la-fleur-de-saint-joseph-est-le-nard-decouvrons-pourquoi\/\" \/>\n<meta property=\"og:locale\" content=\"fr_FR\" \/>\n<meta property=\"og:type\" content=\"article\" \/>\n<meta property=\"og:title\" content=\"La fleur de Saint Joseph est le nard : d\u00e9couvrons pourquoi\" \/>\n<meta property=\"og:description\" content=\"Saint Joseph, symbole de tous les p\u00e8res. Pape Fran\u00e7ois lui a d\u00e9di\u00e9 l\u2019ann\u00e9e 2021. Mais aujourd\u2019hui nous allons parler d\u2019un aspect insolite le concernant...\" \/>\n<meta property=\"og:url\" content=\"https:\/\/blog.holyart.it\/fr\/saints-et-bienheureux\/la-fleur-de-saint-joseph-est-le-nard-decouvrons-pourquoi\/\" \/>\n<meta property=\"og:site_name\" content=\"Holyart.fr Blog\" \/>\n<meta property=\"article:published_time\" content=\"2022-03-16T11:30:09+00:00\" \/>\n<meta property=\"article:modified_time\" content=\"2026-03-09T15:00:08+00:00\" \/>\n<meta property=\"og:image\" content=\"https:\/\/blog.holyart.it\/fr\/wp-content\/uploads\/sites\/14\/2022\/03\/Fiore-San-Giuseppe.jpeg\" \/>\n\t<meta property=\"og:image:width\" content=\"1000\" \/>\n\t<meta property=\"og:image:height\" content=\"666\" \/>\n\t<meta property=\"og:image:type\" content=\"image\/jpeg\" \/>\n<meta name=\"author\" content=\"Redazione\" \/>\n<meta name=\"twitter:card\" content=\"summary_large_image\" \/>\n<meta name=\"twitter:label1\" content=\"\u00c9crit par\" \/>\n\t<meta name=\"twitter:data1\" content=\"Redazione\" \/>\n\t<meta name=\"twitter:label2\" content=\"Dur\u00e9e de lecture estim\u00e9e\" \/>\n\t<meta name=\"twitter:data2\" content=\"6 minutes\" \/>\n<script type=\"application\/ld+json\" class=\"yoast-schema-graph\">{\"@context\":\"https:\/\/schema.org\",\"@graph\":[{\"@type\":\"Article\",\"@id\":\"https:\/\/blog.holyart.it\/fr\/saints-et-bienheureux\/la-fleur-de-saint-joseph-est-le-nard-decouvrons-pourquoi\/#article\",\"isPartOf\":{\"@id\":\"https:\/\/blog.holyart.it\/fr\/saints-et-bienheureux\/la-fleur-de-saint-joseph-est-le-nard-decouvrons-pourquoi\/\"},\"author\":{\"name\":\"Redazione\",\"@id\":\"https:\/\/blog.holyart.it\/fr\/#\/schema\/person\/0a7b686e5af0f856ec1e390dd0baecda\"},\"headline\":\"La fleur de Saint Joseph est le nard : d\u00e9couvrons pourquoi\",\"datePublished\":\"2022-03-16T11:30:09+00:00\",\"dateModified\":\"2026-03-09T15:00:08+00:00\",\"mainEntityOfPage\":{\"@id\":\"https:\/\/blog.holyart.it\/fr\/saints-et-bienheureux\/la-fleur-de-saint-joseph-est-le-nard-decouvrons-pourquoi\/\"},\"wordCount\":1054,\"publisher\":{\"@id\":\"https:\/\/blog.holyart.it\/fr\/#organization\"},\"image\":{\"@id\":\"https:\/\/blog.holyart.it\/fr\/saints-et-bienheureux\/la-fleur-de-saint-joseph-est-le-nard-decouvrons-pourquoi\/#primaryimage\"},\"thumbnailUrl\":\"https:\/\/blog.holyart.it\/fr\/wp-content\/uploads\/sites\/14\/2022\/03\/Fiore-San-Giuseppe.jpeg\",\"articleSection\":[\"Saints et Bienheureux\"],\"inLanguage\":\"fr-FR\"},{\"@type\":\"WebPage\",\"@id\":\"https:\/\/blog.holyart.it\/fr\/saints-et-bienheureux\/la-fleur-de-saint-joseph-est-le-nard-decouvrons-pourquoi\/\",\"url\":\"https:\/\/blog.holyart.it\/fr\/saints-et-bienheureux\/la-fleur-de-saint-joseph-est-le-nard-decouvrons-pourquoi\/\",\"name\":\"La fleur de Saint Joseph est le nard : d\u00e9couvrons pourquoi\",\"isPartOf\":{\"@id\":\"https:\/\/blog.holyart.it\/fr\/#website\"},\"primaryImageOfPage\":{\"@id\":\"https:\/\/blog.holyart.it\/fr\/saints-et-bienheureux\/la-fleur-de-saint-joseph-est-le-nard-decouvrons-pourquoi\/#primaryimage\"},\"image\":{\"@id\":\"https:\/\/blog.holyart.it\/fr\/saints-et-bienheureux\/la-fleur-de-saint-joseph-est-le-nard-decouvrons-pourquoi\/#primaryimage\"},\"thumbnailUrl\":\"https:\/\/blog.holyart.it\/fr\/wp-content\/uploads\/sites\/14\/2022\/03\/Fiore-San-Giuseppe.jpeg\",\"datePublished\":\"2022-03-16T11:30:09+00:00\",\"dateModified\":\"2026-03-09T15:00:08+00:00\",\"description\":\"Saint Joseph, symbole de tous les p\u00e8res. Pape Fran\u00e7ois lui a d\u00e9di\u00e9 l\u2019ann\u00e9e 2021. Mais aujourd\u2019hui nous allons parler d\u2019un aspect insolite le concernant...\",\"breadcrumb\":{\"@id\":\"https:\/\/blog.holyart.it\/fr\/saints-et-bienheureux\/la-fleur-de-saint-joseph-est-le-nard-decouvrons-pourquoi\/#breadcrumb\"},\"inLanguage\":\"fr-FR\",\"potentialAction\":[{\"@type\":\"ReadAction\",\"target\":[\"https:\/\/blog.holyart.it\/fr\/saints-et-bienheureux\/la-fleur-de-saint-joseph-est-le-nard-decouvrons-pourquoi\/\"]}]},{\"@type\":\"ImageObject\",\"inLanguage\":\"fr-FR\",\"@id\":\"https:\/\/blog.holyart.it\/fr\/saints-et-bienheureux\/la-fleur-de-saint-joseph-est-le-nard-decouvrons-pourquoi\/#primaryimage\",\"url\":\"https:\/\/blog.holyart.it\/fr\/wp-content\/uploads\/sites\/14\/2022\/03\/Fiore-San-Giuseppe.jpeg\",\"contentUrl\":\"https:\/\/blog.holyart.it\/fr\/wp-content\/uploads\/sites\/14\/2022\/03\/Fiore-San-Giuseppe.jpeg\",\"width\":1000,\"height\":666,\"caption\":\"La fleur de Saint Joseph\"},{\"@type\":\"BreadcrumbList\",\"@id\":\"https:\/\/blog.holyart.it\/fr\/saints-et-bienheureux\/la-fleur-de-saint-joseph-est-le-nard-decouvrons-pourquoi\/#breadcrumb\",\"itemListElement\":[{\"@type\":\"ListItem\",\"position\":1,\"name\":\"Homepage\",\"item\":\"https:\/\/blog.holyart.it\/fr\/\"},{\"@type\":\"ListItem\",\"position\":2,\"name\":\"Saints et Bienheureux\",\"item\":\"https:\/\/blog.holyart.it\/fr\/saints-et-bienheureux\/\"},{\"@type\":\"ListItem\",\"position\":3,\"name\":\"La fleur de Saint Joseph est le nard : d\u00e9couvrons pourquoi\"}]},{\"@type\":\"WebSite\",\"@id\":\"https:\/\/blog.holyart.it\/fr\/#website\",\"url\":\"https:\/\/blog.holyart.it\/fr\/\",\"name\":\"Holyart.fr Blog\",\"description\":\"Holyblog\",\"publisher\":{\"@id\":\"https:\/\/blog.holyart.it\/fr\/#organization\"},\"potentialAction\":[{\"@type\":\"SearchAction\",\"target\":{\"@type\":\"EntryPoint\",\"urlTemplate\":\"https:\/\/blog.holyart.it\/fr\/?s={search_term_string}\"},\"query-input\":{\"@type\":\"PropertyValueSpecification\",\"valueRequired\":true,\"valueName\":\"search_term_string\"}}],\"inLanguage\":\"fr-FR\"},{\"@type\":\"Organization\",\"@id\":\"https:\/\/blog.holyart.it\/fr\/#organization\",\"name\":\"Holyart.fr Blog\",\"url\":\"https:\/\/blog.holyart.it\/fr\/\",\"logo\":{\"@type\":\"ImageObject\",\"inLanguage\":\"fr-FR\",\"@id\":\"https:\/\/blog.holyart.it\/fr\/#\/schema\/logo\/image\/\",\"url\":\"https:\/\/blog.holyart.it\/fr\/wp-content\/uploads\/sites\/14\/2022\/12\/Holyart_Blog_Logo.jpg\",\"contentUrl\":\"https:\/\/blog.holyart.it\/fr\/wp-content\/uploads\/sites\/14\/2022\/12\/Holyart_Blog_Logo.jpg\",\"width\":300,\"height\":50,\"caption\":\"Holyart.fr Blog\"},\"image\":{\"@id\":\"https:\/\/blog.holyart.it\/fr\/#\/schema\/logo\/image\/\"}},{\"@type\":\"Person\",\"@id\":\"https:\/\/blog.holyart.it\/fr\/#\/schema\/person\/0a7b686e5af0f856ec1e390dd0baecda\",\"name\":\"Redazione\",\"image\":{\"@type\":\"ImageObject\",\"inLanguage\":\"fr-FR\",\"@id\":\"https:\/\/blog.holyart.it\/fr\/#\/schema\/person\/image\/\",\"url\":\"https:\/\/secure.gravatar.com\/avatar\/f477da817f43e50d0af36abecd33e3edf826c68299714bdc1057dff3b113f516?s=96&d=mm&r=g\",\"contentUrl\":\"https:\/\/secure.gravatar.com\/avatar\/f477da817f43e50d0af36abecd33e3edf826c68299714bdc1057dff3b113f516?s=96&d=mm&r=g\",\"caption\":\"Redazione\"},\"url\":\"https:\/\/blog.holyart.it\/fr\/author\/admin\/\"}]}<\/script>\n<!-- \/ Yoast SEO plugin. -->","yoast_head_json":{"title":"La fleur de Saint Joseph est le nard : d\u00e9couvrons pourquoi","description":"Saint Joseph, symbole de tous les p\u00e8res. Pape Fran\u00e7ois lui a d\u00e9di\u00e9 l\u2019ann\u00e9e 2021. Mais aujourd\u2019hui nous allons parler d\u2019un aspect insolite le concernant...","robots":{"index":"index","follow":"follow","max-snippet":"max-snippet:-1","max-image-preview":"max-image-preview:large","max-video-preview":"max-video-preview:-1"},"canonical":"https:\/\/blog.holyart.it\/fr\/saints-et-bienheureux\/la-fleur-de-saint-joseph-est-le-nard-decouvrons-pourquoi\/","og_locale":"fr_FR","og_type":"article","og_title":"La fleur de Saint Joseph est le nard : d\u00e9couvrons pourquoi","og_description":"Saint Joseph, symbole de tous les p\u00e8res. Pape Fran\u00e7ois lui a d\u00e9di\u00e9 l\u2019ann\u00e9e 2021. Mais aujourd\u2019hui nous allons parler d\u2019un aspect insolite le concernant...","og_url":"https:\/\/blog.holyart.it\/fr\/saints-et-bienheureux\/la-fleur-de-saint-joseph-est-le-nard-decouvrons-pourquoi\/","og_site_name":"Holyart.fr Blog","article_published_time":"2022-03-16T11:30:09+00:00","article_modified_time":"2026-03-09T15:00:08+00:00","og_image":[{"width":1000,"height":666,"url":"https:\/\/blog.holyart.it\/fr\/wp-content\/uploads\/sites\/14\/2022\/03\/Fiore-San-Giuseppe.jpeg","type":"image\/jpeg"}],"author":"Redazione","twitter_card":"summary_large_image","twitter_misc":{"\u00c9crit par":"Redazione","Dur\u00e9e de lecture estim\u00e9e":"6 minutes"},"schema":{"@context":"https:\/\/schema.org","@graph":[{"@type":"Article","@id":"https:\/\/blog.holyart.it\/fr\/saints-et-bienheureux\/la-fleur-de-saint-joseph-est-le-nard-decouvrons-pourquoi\/#article","isPartOf":{"@id":"https:\/\/blog.holyart.it\/fr\/saints-et-bienheureux\/la-fleur-de-saint-joseph-est-le-nard-decouvrons-pourquoi\/"},"author":{"name":"Redazione","@id":"https:\/\/blog.holyart.it\/fr\/#\/schema\/person\/0a7b686e5af0f856ec1e390dd0baecda"},"headline":"La fleur de Saint Joseph est le nard : d\u00e9couvrons pourquoi","datePublished":"2022-03-16T11:30:09+00:00","dateModified":"2026-03-09T15:00:08+00:00","mainEntityOfPage":{"@id":"https:\/\/blog.holyart.it\/fr\/saints-et-bienheureux\/la-fleur-de-saint-joseph-est-le-nard-decouvrons-pourquoi\/"},"wordCount":1054,"publisher":{"@id":"https:\/\/blog.holyart.it\/fr\/#organization"},"image":{"@id":"https:\/\/blog.holyart.it\/fr\/saints-et-bienheureux\/la-fleur-de-saint-joseph-est-le-nard-decouvrons-pourquoi\/#primaryimage"},"thumbnailUrl":"https:\/\/blog.holyart.it\/fr\/wp-content\/uploads\/sites\/14\/2022\/03\/Fiore-San-Giuseppe.jpeg","articleSection":["Saints et Bienheureux"],"inLanguage":"fr-FR"},{"@type":"WebPage","@id":"https:\/\/blog.holyart.it\/fr\/saints-et-bienheureux\/la-fleur-de-saint-joseph-est-le-nard-decouvrons-pourquoi\/","url":"https:\/\/blog.holyart.it\/fr\/saints-et-bienheureux\/la-fleur-de-saint-joseph-est-le-nard-decouvrons-pourquoi\/","name":"La fleur de Saint Joseph est le nard : d\u00e9couvrons pourquoi","isPartOf":{"@id":"https:\/\/blog.holyart.it\/fr\/#website"},"primaryImageOfPage":{"@id":"https:\/\/blog.holyart.it\/fr\/saints-et-bienheureux\/la-fleur-de-saint-joseph-est-le-nard-decouvrons-pourquoi\/#primaryimage"},"image":{"@id":"https:\/\/blog.holyart.it\/fr\/saints-et-bienheureux\/la-fleur-de-saint-joseph-est-le-nard-decouvrons-pourquoi\/#primaryimage"},"thumbnailUrl":"https:\/\/blog.holyart.it\/fr\/wp-content\/uploads\/sites\/14\/2022\/03\/Fiore-San-Giuseppe.jpeg","datePublished":"2022-03-16T11:30:09+00:00","dateModified":"2026-03-09T15:00:08+00:00","description":"Saint Joseph, symbole de tous les p\u00e8res. Pape Fran\u00e7ois lui a d\u00e9di\u00e9 l\u2019ann\u00e9e 2021. Mais aujourd\u2019hui nous allons parler d\u2019un aspect insolite le concernant...","breadcrumb":{"@id":"https:\/\/blog.holyart.it\/fr\/saints-et-bienheureux\/la-fleur-de-saint-joseph-est-le-nard-decouvrons-pourquoi\/#breadcrumb"},"inLanguage":"fr-FR","potentialAction":[{"@type":"ReadAction","target":["https:\/\/blog.holyart.it\/fr\/saints-et-bienheureux\/la-fleur-de-saint-joseph-est-le-nard-decouvrons-pourquoi\/"]}]},{"@type":"ImageObject","inLanguage":"fr-FR","@id":"https:\/\/blog.holyart.it\/fr\/saints-et-bienheureux\/la-fleur-de-saint-joseph-est-le-nard-decouvrons-pourquoi\/#primaryimage","url":"https:\/\/blog.holyart.it\/fr\/wp-content\/uploads\/sites\/14\/2022\/03\/Fiore-San-Giuseppe.jpeg","contentUrl":"https:\/\/blog.holyart.it\/fr\/wp-content\/uploads\/sites\/14\/2022\/03\/Fiore-San-Giuseppe.jpeg","width":1000,"height":666,"caption":"La fleur de Saint Joseph"},{"@type":"BreadcrumbList","@id":"https:\/\/blog.holyart.it\/fr\/saints-et-bienheureux\/la-fleur-de-saint-joseph-est-le-nard-decouvrons-pourquoi\/#breadcrumb","itemListElement":[{"@type":"ListItem","position":1,"name":"Homepage","item":"https:\/\/blog.holyart.it\/fr\/"},{"@type":"ListItem","position":2,"name":"Saints et Bienheureux","item":"https:\/\/blog.holyart.it\/fr\/saints-et-bienheureux\/"},{"@type":"ListItem","position":3,"name":"La fleur de Saint Joseph est le nard : d\u00e9couvrons pourquoi"}]},{"@type":"WebSite","@id":"https:\/\/blog.holyart.it\/fr\/#website","url":"https:\/\/blog.holyart.it\/fr\/","name":"Holyart.fr Blog","description":"Holyblog","publisher":{"@id":"https:\/\/blog.holyart.it\/fr\/#organization"},"potentialAction":[{"@type":"SearchAction","target":{"@type":"EntryPoint","urlTemplate":"https:\/\/blog.holyart.it\/fr\/?s={search_term_string}"},"query-input":{"@type":"PropertyValueSpecification","valueRequired":true,"valueName":"search_term_string"}}],"inLanguage":"fr-FR"},{"@type":"Organization","@id":"https:\/\/blog.holyart.it\/fr\/#organization","name":"Holyart.fr Blog","url":"https:\/\/blog.holyart.it\/fr\/","logo":{"@type":"ImageObject","inLanguage":"fr-FR","@id":"https:\/\/blog.holyart.it\/fr\/#\/schema\/logo\/image\/","url":"https:\/\/blog.holyart.it\/fr\/wp-content\/uploads\/sites\/14\/2022\/12\/Holyart_Blog_Logo.jpg","contentUrl":"https:\/\/blog.holyart.it\/fr\/wp-content\/uploads\/sites\/14\/2022\/12\/Holyart_Blog_Logo.jpg","width":300,"height":50,"caption":"Holyart.fr Blog"},"image":{"@id":"https:\/\/blog.holyart.it\/fr\/#\/schema\/logo\/image\/"}},{"@type":"Person","@id":"https:\/\/blog.holyart.it\/fr\/#\/schema\/person\/0a7b686e5af0f856ec1e390dd0baecda","name":"Redazione","image":{"@type":"ImageObject","inLanguage":"fr-FR","@id":"https:\/\/blog.holyart.it\/fr\/#\/schema\/person\/image\/","url":"https:\/\/secure.gravatar.com\/avatar\/f477da817f43e50d0af36abecd33e3edf826c68299714bdc1057dff3b113f516?s=96&d=mm&r=g","contentUrl":"https:\/\/secure.gravatar.com\/avatar\/f477da817f43e50d0af36abecd33e3edf826c68299714bdc1057dff3b113f516?s=96&d=mm&r=g","caption":"Redazione"},"url":"https:\/\/blog.holyart.it\/fr\/author\/admin\/"}]}},"_links":{"self":[{"href":"https:\/\/blog.holyart.it\/fr\/wp-json\/wp\/v2\/posts\/4164","targetHints":{"allow":["GET"]}}],"collection":[{"href":"https:\/\/blog.holyart.it\/fr\/wp-json\/wp\/v2\/posts"}],"about":[{"href":"https:\/\/blog.holyart.it\/fr\/wp-json\/wp\/v2\/types\/post"}],"author":[{"embeddable":true,"href":"https:\/\/blog.holyart.it\/fr\/wp-json\/wp\/v2\/users\/1"}],"replies":[{"embeddable":true,"href":"https:\/\/blog.holyart.it\/fr\/wp-json\/wp\/v2\/comments?post=4164"}],"version-history":[{"count":1,"href":"https:\/\/blog.holyart.it\/fr\/wp-json\/wp\/v2\/posts\/4164\/revisions"}],"predecessor-version":[{"id":6500,"href":"https:\/\/blog.holyart.it\/fr\/wp-json\/wp\/v2\/posts\/4164\/revisions\/6500"}],"wp:featuredmedia":[{"embeddable":true,"href":"https:\/\/blog.holyart.it\/fr\/wp-json\/wp\/v2\/media\/4170"}],"wp:attachment":[{"href":"https:\/\/blog.holyart.it\/fr\/wp-json\/wp\/v2\/media?parent=4164"}],"wp:term":[{"taxonomy":"category","embeddable":true,"href":"https:\/\/blog.holyart.it\/fr\/wp-json\/wp\/v2\/categories?post=4164"},{"taxonomy":"post_tag","embeddable":true,"href":"https:\/\/blog.holyart.it\/fr\/wp-json\/wp\/v2\/tags?post=4164"}],"curies":[{"name":"wp","href":"https:\/\/api.w.org\/{rel}","templated":true}]}}