{"id":416,"date":"2017-07-19T16:24:34","date_gmt":"2017-07-19T14:24:34","guid":{"rendered":"https:\/\/blog.holyart.it\/fr\/?p=416"},"modified":"2018-02-08T14:50:05","modified_gmt":"2018-02-08T13:50:05","slug":"saint-paul-de-tarse-histoire-dun-missionnaire","status":"publish","type":"post","link":"https:\/\/blog.holyart.it\/fr\/saints-et-bienheureux\/saint-paul-de-tarse-histoire-dun-missionnaire\/","title":{"rendered":"Saint Paul de Tarse : histoire d\u2019un missionnaire"},"content":{"rendered":"<p><strong>Saint Paul de Tarse <\/strong>peut \u00eatre consid\u00e9r\u00e9 comme le premier grand missionnaire de l\u2019\u00e9glise chr\u00e9tienne. Son \u0153uvre de pros\u00e9lyte, sa contribution \u00e0 la diffusion du message \u00e9vang\u00e9lique dans tout le bassin de la M\u00e9diterran\u00e9e ne connait pas d\u2019\u00e9quivalent.<\/p>\n<p>Cette excellence se r\u00e9v\u00e8le encore plus extraordinaire si nous r\u00e9fl\u00e9chissons \u00e0 sa conversion de pers\u00e9cuteur acharn\u00e9 des chr\u00e9tiens \u00e0 leur pasteur et d\u00e9fenseur. M\u00eame s\u2019il n\u2019avait pas connu J\u00e9sus en personne, il fut paradoxalement parmi ses disciples les plus fervents et passionn\u00e9s. <strong>Sa propre vie est en effet un t\u00e9moignage de la grandeur divine, du pouvoir salvifique de la Gr\u00e2ce.<\/strong><\/p>\n<p>Saint Paul naquit \u00e0 Tarse, en Cilicie, autour du 5-10 d.C. Sa famille \u00e9tait d\u2019origine h\u00e9bra\u00efque, mais elle poss\u00e9dait la citoyennet\u00e9 romaine. Paul, ou Saul, comme on l\u2019appelait \u00e0 l\u2019\u00e9poque, grandit dans la culture h\u00e9bra\u00efque et ses \u00e9tudes suivirent les pr\u00e9ceptes de l\u2019\u00e9cole rabbinique.<\/p>\n<figure id=\"attachment_418\" aria-describedby=\"caption-attachment-418\" style=\"width: 300px\" class=\"wp-caption alignright\"><img loading=\"lazy\" decoding=\"async\" class=\"size-medium wp-image-418\" src=\"https:\/\/blog.holyart.it\/fr\/wp-content\/uploads\/sites\/14\/2017\/07\/Saint-Paul-de-Tarse-statue-300x300.jpg\" alt=\"Saint Paul de Tarse Statue\" width=\"300\" height=\"300\" \/><figcaption id=\"caption-attachment-418\" class=\"wp-caption-text\"><center><strong><a style=\"color: #0000ff; font-size: 17px;\" href=\"https:\/\/www.holyart.fr\/articles-religieux\/statues\/statues-en-fibre-de-verre\/saint-paul-160-cm-fibre-de-verre-coloree\"> Saint Paul de Tarse Statue<\/a><\/strong><\/center><\/figcaption><\/figure>\n<p>Envoy\u00e9 \u00e0 J\u00e9rusalem pour \u00e9tudier, il eut un premier contact avec les chr\u00e9tiens, une secte de dangereux subversifs \u00e0 ses yeux, \u00e0 extirper par tous les moyens au nom de la loi juda\u00efque.<\/p>\n<p>En grandissant, sa ferveur anti-chr\u00e9tienne se transforma en une v\u00e9ritable mission. Saint Paul, avant de devenir ce qu\u2019il devint ensuite, contribua \u00e0 l\u2019arrestation et \u00e0 la condamnation d\u2019innombrables chr\u00e9tiens.<\/p>\n<p>Ce fut pr\u00e9cis\u00e9ment pendant qu\u2019il poursuivait un groupe de chr\u00e9tiens en fuite vers Damas qu\u2019il fut cueilli par une soudaine vision. Une lumi\u00e8re du ciel l\u2019aveugla et une voix lui demanda\u00a0: \u00ab\u00a0Saul, Saul, pourquoi me pers\u00e9cuter\u00a0?\u00a0\u00bb. Et lui\u00a0: \u00ab\u00a0Qui es-tu, Seigneur\u00a0?\u00a0\u00bb\u00a0; et la voix\u00a0:\u00a0\u00ab\u00a0Je suis J\u00e9sus, celui que tu pers\u00e9cutes. Rel\u00e8ve-toi et entre dans la ville\u00a0: on te dira ce que tu dois faire\u00a0\u00bb. (Actes 9, 3-7).<\/p>\n<p>Ce ne fut pas simple pour Saul de comprendre cet appel, ni de s\u2019adapter \u00e0 sa nouvelle vie. Reni\u00e9 par ses gens, regard\u00e9 avec suspicion par ceux qui \u00e9taient habitu\u00e9s \u00e0 le voir comme ennemi, il commen\u00e7a sa pr\u00e9dication arm\u00e9 uniquement de son enthousiasme. La rencontre et la fr\u00e9quentation avec Pierre et les autres Ap\u00f4tres le rendirent \u00e9clair\u00e9 \u00e0 propos de la vie et de la Parole de J\u00e9sus. Depuis lors, il entreprit une s\u00e9rie de voyages apostoliques, souvent accompagn\u00e9 par l\u2019ap\u00f4tre Barnab\u00e9 et d\u2019autres disciples et amis. Il connut des pers\u00e9cutions et l\u2019emprisonnement, de la part des h\u00e9breux et des romains, mais il ne s\u2019arr\u00eata jamais, anim\u00e9 d\u2019un z\u00e8le in\u00e9puisable, d\u2019une soif de v\u00e9rit\u00e9 contagieuse. Sa mission l\u2019amena au martyr, \u00e0 Rome.<\/p>\n<p><strong>Les Lettres et les textes qu\u2019il a laiss\u00e9 sont \u00e0 la base de la Doctrine de l\u2019\u00c9glise comme nous la connaissons.<\/strong><\/p>\n<p>Il a affront\u00e9 dans ses \u00e9tudes et dans ses pr\u00e9dications tous les sujets li\u00e9s \u00e0 la vie terrestre des hommes et au chemin vers le salut.<\/p>\n<p>L\u2019\u00c9glise reconnait dans la personne de Saint Paul un de ses plus grands savants et le premier de ses pr\u00e9dicateurs.<\/p>\n","protected":false},"excerpt":{"rendered":"<p>Saint Paul de Tarse peut \u00eatre consid\u00e9r\u00e9 comme le premier grand missionnaire de l\u2019\u00e9glise chr\u00e9tienne. Son \u0153uvre de pros\u00e9lyte, sa contribution \u00e0 la diffusion du message \u00e9vang\u00e9lique dans tout le bassin de la M\u00e9diterran\u00e9e ne connait pas d\u2019\u00e9quivalent. Cette excellence se r\u00e9v\u00e8le encore plus extraordinaire&hellip;<\/p>\n","protected":false},"author":1,"featured_media":427,"comment_status":"closed","ping_status":"open","sticky":false,"template":"","format":"standard","meta":{"_acf_changed":false,"footnotes":""},"categories":[7],"tags":[],"class_list":["post-416","post","type-post","status-publish","format-standard","has-post-thumbnail","hentry","category-saints-et-bienheureux"],"acf":[],"yoast_head":"<!-- This site is optimized with the Yoast SEO plugin v26.6 - https:\/\/yoast.com\/wordpress\/plugins\/seo\/ -->\n<title>Saint Paul de Tarse : histoire d\u2019un missionnaire - Holyart.fr Blog<\/title>\n<meta name=\"description\" content=\"Saint Paul de Tarse peut \u00eatre consid\u00e9r\u00e9 comme le premier grand missionnaire de l\u2019\u00e9glise chr\u00e9tienne. Sa contribution \u00e0 la diffusion du message \u00e9vang\u00e9lique\" \/>\n<meta name=\"robots\" content=\"index, follow, max-snippet:-1, max-image-preview:large, max-video-preview:-1\" \/>\n<link rel=\"canonical\" href=\"https:\/\/blog.holyart.it\/fr\/saints-et-bienheureux\/saint-paul-de-tarse-histoire-dun-missionnaire\/\" \/>\n<meta property=\"og:locale\" content=\"fr_FR\" \/>\n<meta property=\"og:type\" content=\"article\" \/>\n<meta property=\"og:title\" content=\"Saint Paul de Tarse : histoire d\u2019un missionnaire - Holyart.fr Blog\" \/>\n<meta property=\"og:description\" content=\"Saint Paul de Tarse peut \u00eatre consid\u00e9r\u00e9 comme le premier grand missionnaire de l\u2019\u00e9glise chr\u00e9tienne. Sa contribution \u00e0 la diffusion du message \u00e9vang\u00e9lique\" \/>\n<meta property=\"og:url\" content=\"https:\/\/blog.holyart.it\/fr\/saints-et-bienheureux\/saint-paul-de-tarse-histoire-dun-missionnaire\/\" \/>\n<meta property=\"og:site_name\" content=\"Holyart.fr Blog\" \/>\n<meta property=\"article:published_time\" content=\"2017-07-19T14:24:34+00:00\" \/>\n<meta property=\"article:modified_time\" content=\"2018-02-08T13:50:05+00:00\" \/>\n<meta property=\"og:image\" content=\"https:\/\/blog.holyart.it\/fr\/wp-content\/uploads\/sites\/14\/2017\/07\/Saint-Paul-de-Tarse.jpg\" \/>\n\t<meta property=\"og:image:width\" content=\"1000\" \/>\n\t<meta property=\"og:image:height\" content=\"667\" \/>\n\t<meta property=\"og:image:type\" content=\"image\/jpeg\" \/>\n<meta name=\"author\" content=\"Redazione\" \/>\n<meta name=\"twitter:card\" content=\"summary_large_image\" \/>\n<meta name=\"twitter:label1\" content=\"\u00c9crit par\" \/>\n\t<meta name=\"twitter:data1\" content=\"Redazione\" \/>\n\t<meta name=\"twitter:label2\" content=\"Dur\u00e9e de lecture estim\u00e9e\" \/>\n\t<meta name=\"twitter:data2\" content=\"3 minutes\" \/>\n<script type=\"application\/ld+json\" class=\"yoast-schema-graph\">{\"@context\":\"https:\/\/schema.org\",\"@graph\":[{\"@type\":\"Article\",\"@id\":\"https:\/\/blog.holyart.it\/fr\/saints-et-bienheureux\/saint-paul-de-tarse-histoire-dun-missionnaire\/#article\",\"isPartOf\":{\"@id\":\"https:\/\/blog.holyart.it\/fr\/saints-et-bienheureux\/saint-paul-de-tarse-histoire-dun-missionnaire\/\"},\"author\":{\"name\":\"Redazione\",\"@id\":\"https:\/\/blog.holyart.it\/fr\/#\/schema\/person\/0a7b686e5af0f856ec1e390dd0baecda\"},\"headline\":\"Saint Paul de Tarse : histoire d\u2019un missionnaire\",\"datePublished\":\"2017-07-19T14:24:34+00:00\",\"dateModified\":\"2018-02-08T13:50:05+00:00\",\"mainEntityOfPage\":{\"@id\":\"https:\/\/blog.holyart.it\/fr\/saints-et-bienheureux\/saint-paul-de-tarse-histoire-dun-missionnaire\/\"},\"wordCount\":546,\"publisher\":{\"@id\":\"https:\/\/blog.holyart.it\/fr\/#organization\"},\"image\":{\"@id\":\"https:\/\/blog.holyart.it\/fr\/saints-et-bienheureux\/saint-paul-de-tarse-histoire-dun-missionnaire\/#primaryimage\"},\"thumbnailUrl\":\"https:\/\/blog.holyart.it\/fr\/wp-content\/uploads\/sites\/14\/2017\/07\/Saint-Paul-de-Tarse.jpg\",\"articleSection\":[\"Saints et Bienheureux\"],\"inLanguage\":\"fr-FR\"},{\"@type\":\"WebPage\",\"@id\":\"https:\/\/blog.holyart.it\/fr\/saints-et-bienheureux\/saint-paul-de-tarse-histoire-dun-missionnaire\/\",\"url\":\"https:\/\/blog.holyart.it\/fr\/saints-et-bienheureux\/saint-paul-de-tarse-histoire-dun-missionnaire\/\",\"name\":\"Saint Paul de Tarse : histoire d\u2019un missionnaire - Holyart.fr Blog\",\"isPartOf\":{\"@id\":\"https:\/\/blog.holyart.it\/fr\/#website\"},\"primaryImageOfPage\":{\"@id\":\"https:\/\/blog.holyart.it\/fr\/saints-et-bienheureux\/saint-paul-de-tarse-histoire-dun-missionnaire\/#primaryimage\"},\"image\":{\"@id\":\"https:\/\/blog.holyart.it\/fr\/saints-et-bienheureux\/saint-paul-de-tarse-histoire-dun-missionnaire\/#primaryimage\"},\"thumbnailUrl\":\"https:\/\/blog.holyart.it\/fr\/wp-content\/uploads\/sites\/14\/2017\/07\/Saint-Paul-de-Tarse.jpg\",\"datePublished\":\"2017-07-19T14:24:34+00:00\",\"dateModified\":\"2018-02-08T13:50:05+00:00\",\"description\":\"Saint Paul de Tarse peut \u00eatre consid\u00e9r\u00e9 comme le premier grand missionnaire de l\u2019\u00e9glise chr\u00e9tienne. Sa contribution \u00e0 la diffusion du message \u00e9vang\u00e9lique\",\"breadcrumb\":{\"@id\":\"https:\/\/blog.holyart.it\/fr\/saints-et-bienheureux\/saint-paul-de-tarse-histoire-dun-missionnaire\/#breadcrumb\"},\"inLanguage\":\"fr-FR\",\"potentialAction\":[{\"@type\":\"ReadAction\",\"target\":[\"https:\/\/blog.holyart.it\/fr\/saints-et-bienheureux\/saint-paul-de-tarse-histoire-dun-missionnaire\/\"]}]},{\"@type\":\"ImageObject\",\"inLanguage\":\"fr-FR\",\"@id\":\"https:\/\/blog.holyart.it\/fr\/saints-et-bienheureux\/saint-paul-de-tarse-histoire-dun-missionnaire\/#primaryimage\",\"url\":\"https:\/\/blog.holyart.it\/fr\/wp-content\/uploads\/sites\/14\/2017\/07\/Saint-Paul-de-Tarse.jpg\",\"contentUrl\":\"https:\/\/blog.holyart.it\/fr\/wp-content\/uploads\/sites\/14\/2017\/07\/Saint-Paul-de-Tarse.jpg\",\"width\":1000,\"height\":667,\"caption\":\"Saint Paul de Tarse\"},{\"@type\":\"BreadcrumbList\",\"@id\":\"https:\/\/blog.holyart.it\/fr\/saints-et-bienheureux\/saint-paul-de-tarse-histoire-dun-missionnaire\/#breadcrumb\",\"itemListElement\":[{\"@type\":\"ListItem\",\"position\":1,\"name\":\"Homepage\",\"item\":\"https:\/\/blog.holyart.it\/fr\/\"},{\"@type\":\"ListItem\",\"position\":2,\"name\":\"Saints et Bienheureux\",\"item\":\"https:\/\/blog.holyart.it\/fr\/saints-et-bienheureux\/\"},{\"@type\":\"ListItem\",\"position\":3,\"name\":\"Saint Paul de Tarse : histoire d\u2019un missionnaire\"}]},{\"@type\":\"WebSite\",\"@id\":\"https:\/\/blog.holyart.it\/fr\/#website\",\"url\":\"https:\/\/blog.holyart.it\/fr\/\",\"name\":\"Holyart.fr Blog\",\"description\":\"Holyblog\",\"publisher\":{\"@id\":\"https:\/\/blog.holyart.it\/fr\/#organization\"},\"potentialAction\":[{\"@type\":\"SearchAction\",\"target\":{\"@type\":\"EntryPoint\",\"urlTemplate\":\"https:\/\/blog.holyart.it\/fr\/?s={search_term_string}\"},\"query-input\":{\"@type\":\"PropertyValueSpecification\",\"valueRequired\":true,\"valueName\":\"search_term_string\"}}],\"inLanguage\":\"fr-FR\"},{\"@type\":\"Organization\",\"@id\":\"https:\/\/blog.holyart.it\/fr\/#organization\",\"name\":\"Holyart.fr Blog\",\"url\":\"https:\/\/blog.holyart.it\/fr\/\",\"logo\":{\"@type\":\"ImageObject\",\"inLanguage\":\"fr-FR\",\"@id\":\"https:\/\/blog.holyart.it\/fr\/#\/schema\/logo\/image\/\",\"url\":\"https:\/\/blog.holyart.it\/fr\/wp-content\/uploads\/sites\/14\/2022\/12\/Holyart_Blog_Logo.jpg\",\"contentUrl\":\"https:\/\/blog.holyart.it\/fr\/wp-content\/uploads\/sites\/14\/2022\/12\/Holyart_Blog_Logo.jpg\",\"width\":300,\"height\":50,\"caption\":\"Holyart.fr Blog\"},\"image\":{\"@id\":\"https:\/\/blog.holyart.it\/fr\/#\/schema\/logo\/image\/\"}},{\"@type\":\"Person\",\"@id\":\"https:\/\/blog.holyart.it\/fr\/#\/schema\/person\/0a7b686e5af0f856ec1e390dd0baecda\",\"name\":\"Redazione\",\"image\":{\"@type\":\"ImageObject\",\"inLanguage\":\"fr-FR\",\"@id\":\"https:\/\/blog.holyart.it\/fr\/#\/schema\/person\/image\/\",\"url\":\"https:\/\/secure.gravatar.com\/avatar\/f477da817f43e50d0af36abecd33e3edf826c68299714bdc1057dff3b113f516?s=96&d=mm&r=g\",\"contentUrl\":\"https:\/\/secure.gravatar.com\/avatar\/f477da817f43e50d0af36abecd33e3edf826c68299714bdc1057dff3b113f516?s=96&d=mm&r=g\",\"caption\":\"Redazione\"},\"url\":\"https:\/\/blog.holyart.it\/fr\/author\/admin\/\"}]}<\/script>\n<!-- \/ Yoast SEO plugin. -->","yoast_head_json":{"title":"Saint Paul de Tarse : histoire d\u2019un missionnaire - Holyart.fr Blog","description":"Saint Paul de Tarse peut \u00eatre consid\u00e9r\u00e9 comme le premier grand missionnaire de l\u2019\u00e9glise chr\u00e9tienne. Sa contribution \u00e0 la diffusion du message \u00e9vang\u00e9lique","robots":{"index":"index","follow":"follow","max-snippet":"max-snippet:-1","max-image-preview":"max-image-preview:large","max-video-preview":"max-video-preview:-1"},"canonical":"https:\/\/blog.holyart.it\/fr\/saints-et-bienheureux\/saint-paul-de-tarse-histoire-dun-missionnaire\/","og_locale":"fr_FR","og_type":"article","og_title":"Saint Paul de Tarse : histoire d\u2019un missionnaire - Holyart.fr Blog","og_description":"Saint Paul de Tarse peut \u00eatre consid\u00e9r\u00e9 comme le premier grand missionnaire de l\u2019\u00e9glise chr\u00e9tienne. Sa contribution \u00e0 la diffusion du message \u00e9vang\u00e9lique","og_url":"https:\/\/blog.holyart.it\/fr\/saints-et-bienheureux\/saint-paul-de-tarse-histoire-dun-missionnaire\/","og_site_name":"Holyart.fr Blog","article_published_time":"2017-07-19T14:24:34+00:00","article_modified_time":"2018-02-08T13:50:05+00:00","og_image":[{"width":1000,"height":667,"url":"https:\/\/blog.holyart.it\/fr\/wp-content\/uploads\/sites\/14\/2017\/07\/Saint-Paul-de-Tarse.jpg","type":"image\/jpeg"}],"author":"Redazione","twitter_card":"summary_large_image","twitter_misc":{"\u00c9crit par":"Redazione","Dur\u00e9e de lecture estim\u00e9e":"3 minutes"},"schema":{"@context":"https:\/\/schema.org","@graph":[{"@type":"Article","@id":"https:\/\/blog.holyart.it\/fr\/saints-et-bienheureux\/saint-paul-de-tarse-histoire-dun-missionnaire\/#article","isPartOf":{"@id":"https:\/\/blog.holyart.it\/fr\/saints-et-bienheureux\/saint-paul-de-tarse-histoire-dun-missionnaire\/"},"author":{"name":"Redazione","@id":"https:\/\/blog.holyart.it\/fr\/#\/schema\/person\/0a7b686e5af0f856ec1e390dd0baecda"},"headline":"Saint Paul de Tarse : histoire d\u2019un missionnaire","datePublished":"2017-07-19T14:24:34+00:00","dateModified":"2018-02-08T13:50:05+00:00","mainEntityOfPage":{"@id":"https:\/\/blog.holyart.it\/fr\/saints-et-bienheureux\/saint-paul-de-tarse-histoire-dun-missionnaire\/"},"wordCount":546,"publisher":{"@id":"https:\/\/blog.holyart.it\/fr\/#organization"},"image":{"@id":"https:\/\/blog.holyart.it\/fr\/saints-et-bienheureux\/saint-paul-de-tarse-histoire-dun-missionnaire\/#primaryimage"},"thumbnailUrl":"https:\/\/blog.holyart.it\/fr\/wp-content\/uploads\/sites\/14\/2017\/07\/Saint-Paul-de-Tarse.jpg","articleSection":["Saints et Bienheureux"],"inLanguage":"fr-FR"},{"@type":"WebPage","@id":"https:\/\/blog.holyart.it\/fr\/saints-et-bienheureux\/saint-paul-de-tarse-histoire-dun-missionnaire\/","url":"https:\/\/blog.holyart.it\/fr\/saints-et-bienheureux\/saint-paul-de-tarse-histoire-dun-missionnaire\/","name":"Saint Paul de Tarse : histoire d\u2019un missionnaire - Holyart.fr Blog","isPartOf":{"@id":"https:\/\/blog.holyart.it\/fr\/#website"},"primaryImageOfPage":{"@id":"https:\/\/blog.holyart.it\/fr\/saints-et-bienheureux\/saint-paul-de-tarse-histoire-dun-missionnaire\/#primaryimage"},"image":{"@id":"https:\/\/blog.holyart.it\/fr\/saints-et-bienheureux\/saint-paul-de-tarse-histoire-dun-missionnaire\/#primaryimage"},"thumbnailUrl":"https:\/\/blog.holyart.it\/fr\/wp-content\/uploads\/sites\/14\/2017\/07\/Saint-Paul-de-Tarse.jpg","datePublished":"2017-07-19T14:24:34+00:00","dateModified":"2018-02-08T13:50:05+00:00","description":"Saint Paul de Tarse peut \u00eatre consid\u00e9r\u00e9 comme le premier grand missionnaire de l\u2019\u00e9glise chr\u00e9tienne. Sa contribution \u00e0 la diffusion du message \u00e9vang\u00e9lique","breadcrumb":{"@id":"https:\/\/blog.holyart.it\/fr\/saints-et-bienheureux\/saint-paul-de-tarse-histoire-dun-missionnaire\/#breadcrumb"},"inLanguage":"fr-FR","potentialAction":[{"@type":"ReadAction","target":["https:\/\/blog.holyart.it\/fr\/saints-et-bienheureux\/saint-paul-de-tarse-histoire-dun-missionnaire\/"]}]},{"@type":"ImageObject","inLanguage":"fr-FR","@id":"https:\/\/blog.holyart.it\/fr\/saints-et-bienheureux\/saint-paul-de-tarse-histoire-dun-missionnaire\/#primaryimage","url":"https:\/\/blog.holyart.it\/fr\/wp-content\/uploads\/sites\/14\/2017\/07\/Saint-Paul-de-Tarse.jpg","contentUrl":"https:\/\/blog.holyart.it\/fr\/wp-content\/uploads\/sites\/14\/2017\/07\/Saint-Paul-de-Tarse.jpg","width":1000,"height":667,"caption":"Saint Paul de Tarse"},{"@type":"BreadcrumbList","@id":"https:\/\/blog.holyart.it\/fr\/saints-et-bienheureux\/saint-paul-de-tarse-histoire-dun-missionnaire\/#breadcrumb","itemListElement":[{"@type":"ListItem","position":1,"name":"Homepage","item":"https:\/\/blog.holyart.it\/fr\/"},{"@type":"ListItem","position":2,"name":"Saints et Bienheureux","item":"https:\/\/blog.holyart.it\/fr\/saints-et-bienheureux\/"},{"@type":"ListItem","position":3,"name":"Saint Paul de Tarse : histoire d\u2019un missionnaire"}]},{"@type":"WebSite","@id":"https:\/\/blog.holyart.it\/fr\/#website","url":"https:\/\/blog.holyart.it\/fr\/","name":"Holyart.fr Blog","description":"Holyblog","publisher":{"@id":"https:\/\/blog.holyart.it\/fr\/#organization"},"potentialAction":[{"@type":"SearchAction","target":{"@type":"EntryPoint","urlTemplate":"https:\/\/blog.holyart.it\/fr\/?s={search_term_string}"},"query-input":{"@type":"PropertyValueSpecification","valueRequired":true,"valueName":"search_term_string"}}],"inLanguage":"fr-FR"},{"@type":"Organization","@id":"https:\/\/blog.holyart.it\/fr\/#organization","name":"Holyart.fr Blog","url":"https:\/\/blog.holyart.it\/fr\/","logo":{"@type":"ImageObject","inLanguage":"fr-FR","@id":"https:\/\/blog.holyart.it\/fr\/#\/schema\/logo\/image\/","url":"https:\/\/blog.holyart.it\/fr\/wp-content\/uploads\/sites\/14\/2022\/12\/Holyart_Blog_Logo.jpg","contentUrl":"https:\/\/blog.holyart.it\/fr\/wp-content\/uploads\/sites\/14\/2022\/12\/Holyart_Blog_Logo.jpg","width":300,"height":50,"caption":"Holyart.fr Blog"},"image":{"@id":"https:\/\/blog.holyart.it\/fr\/#\/schema\/logo\/image\/"}},{"@type":"Person","@id":"https:\/\/blog.holyart.it\/fr\/#\/schema\/person\/0a7b686e5af0f856ec1e390dd0baecda","name":"Redazione","image":{"@type":"ImageObject","inLanguage":"fr-FR","@id":"https:\/\/blog.holyart.it\/fr\/#\/schema\/person\/image\/","url":"https:\/\/secure.gravatar.com\/avatar\/f477da817f43e50d0af36abecd33e3edf826c68299714bdc1057dff3b113f516?s=96&d=mm&r=g","contentUrl":"https:\/\/secure.gravatar.com\/avatar\/f477da817f43e50d0af36abecd33e3edf826c68299714bdc1057dff3b113f516?s=96&d=mm&r=g","caption":"Redazione"},"url":"https:\/\/blog.holyart.it\/fr\/author\/admin\/"}]}},"_links":{"self":[{"href":"https:\/\/blog.holyart.it\/fr\/wp-json\/wp\/v2\/posts\/416","targetHints":{"allow":["GET"]}}],"collection":[{"href":"https:\/\/blog.holyart.it\/fr\/wp-json\/wp\/v2\/posts"}],"about":[{"href":"https:\/\/blog.holyart.it\/fr\/wp-json\/wp\/v2\/types\/post"}],"author":[{"embeddable":true,"href":"https:\/\/blog.holyart.it\/fr\/wp-json\/wp\/v2\/users\/1"}],"replies":[{"embeddable":true,"href":"https:\/\/blog.holyart.it\/fr\/wp-json\/wp\/v2\/comments?post=416"}],"version-history":[{"count":0,"href":"https:\/\/blog.holyart.it\/fr\/wp-json\/wp\/v2\/posts\/416\/revisions"}],"wp:featuredmedia":[{"embeddable":true,"href":"https:\/\/blog.holyart.it\/fr\/wp-json\/wp\/v2\/media\/427"}],"wp:attachment":[{"href":"https:\/\/blog.holyart.it\/fr\/wp-json\/wp\/v2\/media?parent=416"}],"wp:term":[{"taxonomy":"category","embeddable":true,"href":"https:\/\/blog.holyart.it\/fr\/wp-json\/wp\/v2\/categories?post=416"},{"taxonomy":"post_tag","embeddable":true,"href":"https:\/\/blog.holyart.it\/fr\/wp-json\/wp\/v2\/tags?post=416"}],"curies":[{"name":"wp","href":"https:\/\/api.w.org\/{rel}","templated":true}]}}