{"id":4122,"date":"2022-03-07T12:30:09","date_gmt":"2022-03-07T11:30:09","guid":{"rendered":"https:\/\/blog.holyart.it\/fr\/?p=4122"},"modified":"2025-02-12T14:36:44","modified_gmt":"2025-02-12T13:36:44","slug":"comment-calcule-t-on-la-date-de-paques","status":"publish","type":"post","link":"https:\/\/blog.holyart.it\/fr\/paques\/comment-calcule-t-on-la-date-de-paques\/","title":{"rendered":"Comment calcule-t-on la date de P\u00e2ques ?"},"content":{"rendered":"<h4><em>Chaque ann\u00e9e sa date change, mais elle reste la f\u00eate la plus importante : dans cet article vous d\u00e9couvrirez comme on calcule la date de P\u00e2ques dans le monde juif et chr\u00e9tien.<\/em><\/h4>\n\n<p>La f\u00eate la plus importante de l\u2019ann\u00e9e liturgique : <strong>P\u00e2ques<\/strong> ! \u0152ufs en chocolat, colombes et lapins de P\u00e2ques \u00e9gaient cette p\u00e9riode, mais pour le monde chr\u00e9tien la <strong>v\u00e9ritable essence de P\u00e2ques<\/strong> est la victoire de J\u00e9sus sur la mort et le <strong>salut du p\u00e9ch\u00e9<\/strong> de l\u2019humanit\u00e9 enti\u00e8re. M\u00eame les quarante jours de Car\u00eame ne semblent pas suffisants pour se pr\u00e9parer \u00e0 un \u00e9v\u00e9nement d\u2019une telle ampleur ! Et \u00e0 propos de temps liturgiques, toutes les f\u00eates mobiles de l\u2019\u00c9glise d\u00e9pendent justement de P\u00e2ques.<\/p>\n<div class=\"link-product\">\n<div class=\"blocco-immagine\"><img loading=\"lazy\" decoding=\"async\" class=\"alignnone size-full wp-image-4141\" src=\"https:\/\/blog.holyart.it\/fr\/wp-content\/uploads\/sites\/14\/2022\/03\/scene-de-la-cene-en-resine.jpg\" alt=\"scene de la cene en resine\" width=\"100\" height=\"100\" data-kale-share-title=\"Comment calcule-t-on la date de P\u00e2ques ?\" data-kale-share-url=\"https:\/\/blog.holyart.it\/fr\/?p=4122\" \/><\/div>\n<div class=\"blocco-contenuto\">\n<div class=\"blocco-acquista\">Acheter sur Holyart:<\/div>\n<div class=\"blocco-titolo\"><a href=\"https:\/\/www.holyart.fr\/occasions-speciales\/paques-et-careme\/creche-de-paques\/scene-de-la-cene-en-resine-9-cm\">Sc\u00e8ne de la C\u00e8ne en r\u00e9sine 9 cm<\/a><\/div>\n<div class=\"blocco-descrizione\">Santons repr\u00e9sentant la c\u00e8ne avec J\u00e9sus, les douze ap\u00f4tres<\/div>\n<\/div>\n<\/div>\n<p>Dans cet article nous verrons quelle est la signification de P\u00e2ques dans le <strong>monde juif<\/strong> et dans le <strong>monde chr\u00e9tien<\/strong> et <strong>comment est calcul\u00e9e<\/strong> sa date dans les diff\u00e9rents calendriers.<\/p>\n<p><img loading=\"lazy\" decoding=\"async\" class=\"alignnone size-full wp-image-4127\" src=\"https:\/\/blog.holyart.it\/fr\/wp-content\/uploads\/sites\/14\/2022\/03\/religions.jpeg\" alt=\"religions\" width=\"1000\" height=\"432\" data-kale-share-title=\"Comment calcule-t-on la date de P\u00e2ques ?\" data-kale-share-url=\"https:\/\/blog.holyart.it\/fr\/?p=4122\" \/><\/p>\n<h2>Comment calcule-t-on la P\u00e2que juive ?<\/h2>\n<p>P\u00e2que juive et P\u00e2que chr\u00e9tienne sont li\u00e9es par l\u2019histoire des deux religions. Les \u00e9v\u00e9nements qui sont \u00e0 l\u2019origine de la P\u00e2que juive sont ceux racont\u00e9s par le <strong>livre de l\u2019Exo<\/strong>de : la <strong>lib\u00e9ration de l\u2019esclavage<\/strong> du peuple juif en \u00c9gypte et le d\u00e9but du <strong>voyage vers la Terre Promise<\/strong> dirig\u00e9 par Mo\u00efse. Le passage de l\u2019esclavage \u00e0 la libert\u00e9 est consid\u00e9r\u00e9 comme un des exemples les plus \u00e9vidents de l\u2019intervention de Dieu dans l\u2019histoire du peuple juif.<\/p>\n<p>La P\u00e2que juive \u2013 appel\u00e9e <strong>Pessa\u2019h<\/strong> \u2013 dure huit jours : elle commence avec le d\u00eener c\u00e9l\u00e9br\u00e9 la nuit du <strong>quatorzi\u00e8me jour du mois de Nissan<\/strong>, qui tombe entre mars et avril du calendrier gr\u00e9gorien. Le d\u00eener rappelle celui que les juifs consomm\u00e8rent juste avant de partir pour quitter l\u2019Egypte. \u00c9l\u00e9ment caract\u00e9ristique de la c\u00e9l\u00e9bration de la P\u00e2que juive est le <a href=\"https:\/\/www.holyart.fr\/produits-de-consommation\/hosties-pour-leucharistie\"><strong>pain azyme<\/strong><\/a>, i.e. sans levain : devant quitter l\u2019\u00c9gypte \u00e0 la h\u00e2te, les Juifs n\u2019eurent pas le temps de pr\u00e9parer un repas digne de ce nom et le pain non lev\u00e9 repr\u00e9sente la promptitude avec laquelle ils \u00e9taient pr\u00eats \u00e0 suivre l\u2019ordre de Dieu.<\/p>\n<h3>Comment calcule-t-on la P\u00e2que juive ?<\/h3>\n<p>La date de la P\u00e2que juive est diff\u00e9rente de la chr\u00e9tienne car elle se base sur le <strong>calendrier juif<\/strong>, o\u00f9 chaque mois commence avec la nouvelle lune et suit le cycle des phases lunaires. Le quinzi\u00e8me jour du mois co\u00efncide donc avec la pleine lune. La P\u00e2que juive tombe par cons\u00e9quent \u00e0 la <strong>premi\u00e8re pleine lune apr\u00e8s l\u2019\u00e9quinoxe de printemps<\/strong>. En faisant r\u00e9f\u00e9rence au calendrier gr\u00e9gorien, la date est comprise entre le 26 mars et le 25 avril. En 2022 la P\u00e2que juive est f\u00eat\u00e9e du 15 avril au 23 avril.<\/p>\n<div class=\"link-article\">\n<p><img loading=\"lazy\" decoding=\"async\" class=\"alignnone size-full wp-image-4131\" src=\"https:\/\/blog.holyart.it\/fr\/wp-content\/uploads\/sites\/14\/2022\/03\/Les-diff\u00e9rences-entre-juda\u00efsme-et-christianisme.jpg\" alt=\"Les diff\u00e9rences entre juda\u00efsme et christianisme\" width=\"150\" height=\"99\" data-kale-share-title=\"Comment calcule-t-on la date de P\u00e2ques ?\" data-kale-share-url=\"https:\/\/blog.holyart.it\/fr\/?p=4122\" \/><\/p>\n<div class=\"leggi-anche\">Lire aussi :<\/div>\n<p><strong><a href=\"https:\/\/www.holyart.fr\/blog\/articles-religieux\/les-differences-entre-judaisme-et-christianisme\/\">Les diff\u00e9rences entre juda\u00efsme et christianisme<\/a><\/strong><br \/>\nQuelles sont les diff\u00e9rences entre Juda\u00efsme et Christianisme? Le Dieu des Juifs est le m\u00eame que Celui des Chr\u00e9tiens ?&#8230;<\/p>\n<\/div>\n<h2>La P\u00e2que chr\u00e9tienne<\/h2>\n<p>La P\u00e2que chr\u00e9tienne est la c\u00e9l\u00e9bration de l\u2019\u00e9v\u00e9nement de la <a href=\"https:\/\/www.holyart.fr\/occasions-speciales\/paques-et-careme\/christ-ressuscite-pretre-et-roi\"><strong>R\u00e9surrection de Christ<\/strong><\/a>. Elle tombe toujours un dimanche. Au sein de l\u2019\u00c9glise catholique, P\u00e2ques est c\u00e9l\u00e9br\u00e9e pendant huit jours \u00e0 partir du dimanche de la R\u00e9surrection, appel\u00e9s l\u2019<strong>Octave de P\u00e2ques<\/strong>. La semaine qui pr\u00e9c\u00e8de P\u00e2ques est la <strong>Semaine Sainte<\/strong> et au cours des derniers trois jours \u2013 Jeudi Saint, Vendredi Saint et Samedi Saint, appel\u00e9s le Triduum Pascal \u2013 on revit les \u00e9v\u00e9nements de la Passion, crucifixion et mort de J\u00e9sus. Chaque journ\u00e9e de la Semaine Sainte a une signification sp\u00e9cifique, que nous avons expliqu\u00e9 dans un article de notre blog.<\/p>\n<p>La f\u00eate de P\u00e2ques est l\u2019<a href=\"https:\/\/www.holyart.fr\/accessoires-pour-la-liturgie\"><strong>\u00e9v\u00e9nement le plus important dans le calendrier liturgique <\/strong><\/a>de l\u2019\u00c9glise et d\u2019elle d\u00e9pendent toutes les f\u00eates principales de l\u2019ann\u00e9e. Les c\u00e9l\u00e9brations qui pr\u00e9c\u00e8dent le dimanche de P\u00e2ques sont intenses et am\u00e8nent les fid\u00e8les \u00e0 revivre les moments significatifs de la Passion de Christ. La tradition juive est pr\u00e9sente \u00e9galement pour les chr\u00e9tiens catholiques : le Jeudi Saint est souvent appel\u00e9 le d\u00eener pascal des Juifs et l\u2019Exode, partie de l\u2019histoire qui a amen\u00e9 \u00e0 la naissance du Christianisme. La nuit entre le Samedi Saint et le matin de P\u00e2ques on c\u00e9l\u00e8bre la <strong>Messe de la Vigile Pascale<\/strong>, pendant laquelle on lit des passages <a href=\"https:\/\/www.holyart.fr\/articles-religieux\/livres-sacres\/bibles\"><strong>de la Bible<\/strong><\/a> qui retracent l\u2019Histoire du Salut, de la cr\u00e9ation de l\u2019homme \u00e0 l\u2019accomplissement de la Promesse avec la R\u00e9surrection.<\/p>\n<div class=\"link-product\">\n<div class=\"blocco-immagine\"><img loading=\"lazy\" decoding=\"async\" class=\"alignnone size-full wp-image-4145\" src=\"https:\/\/blog.holyart.it\/fr\/wp-content\/uploads\/sites\/14\/2022\/03\/hosties-500-pieces.jpg\" alt=\"hosties 500 pieces\" width=\"100\" height=\"100\" data-kale-share-title=\"Comment calcule-t-on la date de P\u00e2ques ?\" data-kale-share-url=\"https:\/\/blog.holyart.it\/fr\/?p=4122\" \/><\/div>\n<div class=\"blocco-contenuto\">\n<div class=\"blocco-acquista\">Acheter sur Holyart:<\/div>\n<div class=\"blocco-titolo\"><a href=\"https:\/\/www.holyart.fr\/produits-de-consommation\/hosties-pour-leucharistie\/hosties-500-pieces-3.5-cm-diametre-fines\">Hosties 3.5 cm diam\u00e8tre, fines<\/a><\/div>\n<div class=\"blocco-descrizione\">Chaque paquet contient 500 pi\u00e8ces.<\/div>\n<\/div>\n<\/div>\n<h3>Comment calcule-t-on la P\u00e2que chr\u00e9tienne ?<\/h3>\n<p>Les dates de P\u00e2que juive et P\u00e2que chr\u00e9tienne sont souvent proches puisque les \u00e9v\u00e9nements de la mort et R\u00e9surrection de Christ ont eu lieu pendant les jours de la P\u00e2que juive : <a href=\"https:\/\/www.holyart.fr\/occasions-speciales\/paques-et-careme\/creche-de-paques\/scene-de-la-cene-en-resine-9-cm\"><strong>la C\u00e8ne de J\u00e9sus avec les ap\u00f4tres \u00e9tait en effet un d\u00eener pascal<\/strong><\/a>. La P\u00e2que chr\u00e9tienne est aussi calcul\u00e9e \u00e0 partir de l\u2019<strong>\u00e9quinoxe de printemps<\/strong>, qui par convention est fix\u00e9 au 21 mars, d\u00e9but de la nouvelle saison : <strong>le dimanche de P\u00e2que est le premier apr\u00e8s la premi\u00e8re pleine lune du printemps<\/strong>. De cette mani\u00e8re, P\u00e2que tombe toujours entre le 22 mars et le 25 avril. En 2021, la P\u00e2que chr\u00e9tienne est f\u00eat\u00e9e le dimanche 4 avril.<\/p>\n<h3>Comment calcule-t-on la P\u00e2que orthodoxe<\/h3>\n<p>Tandis que pour catholiques et protestants P\u00e2que tombe le premier dimanche apr\u00e8s la premi\u00e8re pleine lune du printemps, <a href=\"https:\/\/www.holyart.fr\/blog\/articles-religieux\/les-icones-orthodoxes-representations-des-oeuvres-du-christ-sur-terre\/\"><strong>pour les orthodoxes<\/strong> <\/a>elle est simplement le <strong>premier dimanche apr\u00e8s l\u2019\u00e9quinoxe<\/strong>. La p\u00e9riode est la m\u00eame, mais les deux dates peuvent diff\u00e9rer de quelques semaines. Plus sp\u00e9cifiquement, en 2021, la P\u00e2que orthodoxe tombe le 2 mai du calendrier gr\u00e9gorien.<\/p>\n<div class=\"link-article\">\n<p><img loading=\"lazy\" decoding=\"async\" class=\"alignnone size-full wp-image-4135\" src=\"https:\/\/blog.holyart.it\/fr\/wp-content\/uploads\/sites\/14\/2022\/03\/Les-ic\u00f4nes-orthodoxes.jpeg\" alt=\"Les ic\u00f4nes orthodoxes\" width=\"150\" height=\"99\" data-kale-share-title=\"Comment calcule-t-on la date de P\u00e2ques ?\" data-kale-share-url=\"https:\/\/blog.holyart.it\/fr\/?p=4122\" \/><\/p>\n<div class=\"leggi-anche\">Lire aussi :<\/div>\n<p><strong><a href=\"https:\/\/www.holyart.fr\/blog\/articles-religieux\/les-icones-orthodoxes-representations-des-oeuvres-du-christ-sur-terre\/\">Les ic\u00f4nes orthodoxes: repr\u00e9sentations des \u0153uvres du Christ sur terre<\/a><\/strong><br \/>\nLes ic\u00f4nes orthodoxes repr\u00e9sentent depuis toujours un lieu de rencontre entre l\u2019art et une spiritualit\u00e9 pure et solennelle&#8230;<\/p>\n<\/div>\n<h2>P\u00e2ques \u201cpr\u00e9coce\u201d ou \u201ctardive\u201d : qu\u2019entendons-nous ?<\/h2>\n<p>Souvent en parlant de la date de P\u00e2ques on dit qu\u2019<strong>elle tombe t\u00f4t ou tard <\/strong>et cela parce qu\u2019on fait r\u00e9f\u00e9rence \u00e0 quand elle tombe par rapport au jour de l\u2019\u00e9quinoxe de printemps. Une P\u00e2ques est \u201cpr\u00e9coce\u201d si elle tombe quelques jours apr\u00e8s l\u2019\u00e9quinoxe, entre le 22 mars et le 2 avril ; \u201cnormale\u201d si elle tombe entre le 3 et le 13 avril et \u201ctardive\u201d si elle tombe entre le 14 et le 25 avril.<\/p>\n<p>Sur notre site, vous trouverez de nombreux accessoires pour vivre au mieux ce jour si important. <a href=\"https:\/\/www.holyart.fr\/occasions-speciales\/paques-et-careme\"><strong>Visitez notre cat\u00e9gorie sp\u00e9cialement d\u00e9di\u00e9e \u00e0 P\u00e2ques<\/strong><\/a> et choisissez les articles parfaits pour vous et votre famille !<\/p>\n<div class=\"link-product\">\n<div class=\"blocco-immagine\"><img loading=\"lazy\" decoding=\"async\" class=\"alignnone size-full wp-image-4137\" src=\"https:\/\/blog.holyart.it\/fr\/wp-content\/uploads\/sites\/14\/2022\/03\/paques.jpg\" alt=\"paques\" width=\"100\" height=\"100\" data-kale-share-title=\"Comment calcule-t-on la date de P\u00e2ques ?\" data-kale-share-url=\"https:\/\/blog.holyart.it\/fr\/?p=4122\" \/><\/div>\n<div class=\"blocco-contenuto\">\n<div class=\"blocco-acquista\">Acheter sur Holyart:<\/div>\n<div class=\"blocco-titolo\"><a href=\"https:\/\/www.holyart.fr\/occasions-speciales\/paques-et-careme\">P\u00e2ques et car\u00eame<\/a><\/div>\n<div class=\"blocco-descrizione\">Nous avons s\u00e9lectionn\u00e9 des produits d\u00e9di\u00e9s \u00e0 cet \u00e9v\u00e9nement.<\/div>\n<\/div>\n<\/div>\n","protected":false},"excerpt":{"rendered":"<p>Chaque ann\u00e9e sa date change, mais elle reste la f\u00eate la plus importante : dans cet article vous d\u00e9couvrirez comme on calcule la date de P\u00e2ques dans le monde juif et chr\u00e9tien. La f\u00eate la plus importante de l\u2019ann\u00e9e liturgique : P\u00e2ques ! \u0152ufs en&hellip;<\/p>\n","protected":false},"author":1,"featured_media":4148,"comment_status":"closed","ping_status":"open","sticky":false,"template":"","format":"standard","meta":{"_acf_changed":false,"footnotes":""},"categories":[12,14,8],"tags":[],"class_list":["post-4122","post","type-post","status-publish","format-standard","has-post-thumbnail","hentry","category-occasions-speciales","category-paques","category-articles-religieux"],"acf":[],"yoast_head":"<!-- This site is optimized with the Yoast SEO plugin v26.6 - https:\/\/yoast.com\/wordpress\/plugins\/seo\/ -->\n<title>Comment calcule-t-on la date de P\u00e2ques ? - Holyart.fr Blog<\/title>\n<meta name=\"description\" content=\"Chaque ann\u00e9e sa date change, mais elle reste la f\u00eate la plus importante : dans cet article vous d\u00e9couvrirez comme on calcule la date de P\u00e2ques...\" \/>\n<meta name=\"robots\" content=\"index, follow, max-snippet:-1, max-image-preview:large, max-video-preview:-1\" \/>\n<link rel=\"canonical\" href=\"https:\/\/blog.holyart.it\/fr\/paques\/comment-calcule-t-on-la-date-de-paques\/\" \/>\n<meta property=\"og:locale\" content=\"fr_FR\" \/>\n<meta property=\"og:type\" content=\"article\" \/>\n<meta property=\"og:title\" content=\"Comment calcule-t-on la date de P\u00e2ques ? - Holyart.fr Blog\" \/>\n<meta property=\"og:description\" content=\"Chaque ann\u00e9e sa date change, mais elle reste la f\u00eate la plus importante : dans cet article vous d\u00e9couvrirez comme on calcule la date de P\u00e2ques...\" \/>\n<meta property=\"og:url\" content=\"https:\/\/blog.holyart.it\/fr\/paques\/comment-calcule-t-on-la-date-de-paques\/\" \/>\n<meta property=\"og:site_name\" content=\"Holyart.fr Blog\" \/>\n<meta property=\"article:published_time\" content=\"2022-03-07T11:30:09+00:00\" \/>\n<meta property=\"article:modified_time\" content=\"2025-02-12T13:36:44+00:00\" \/>\n<meta property=\"og:image\" content=\"https:\/\/blog.holyart.it\/fr\/wp-content\/uploads\/sites\/14\/2022\/03\/Comment-calcule-t-on-la-date-de-P\u00e2ques.jpeg\" \/>\n\t<meta property=\"og:image:width\" content=\"1000\" \/>\n\t<meta property=\"og:image:height\" content=\"666\" \/>\n\t<meta property=\"og:image:type\" content=\"image\/jpeg\" \/>\n<meta name=\"author\" content=\"Redazione\" \/>\n<meta name=\"twitter:card\" content=\"summary_large_image\" \/>\n<meta name=\"twitter:label1\" content=\"\u00c9crit par\" \/>\n\t<meta name=\"twitter:data1\" content=\"Redazione\" \/>\n\t<meta name=\"twitter:label2\" content=\"Dur\u00e9e de lecture estim\u00e9e\" \/>\n\t<meta name=\"twitter:data2\" content=\"7 minutes\" \/>\n<script type=\"application\/ld+json\" class=\"yoast-schema-graph\">{\"@context\":\"https:\/\/schema.org\",\"@graph\":[{\"@type\":\"Article\",\"@id\":\"https:\/\/blog.holyart.it\/fr\/paques\/comment-calcule-t-on-la-date-de-paques\/#article\",\"isPartOf\":{\"@id\":\"https:\/\/blog.holyart.it\/fr\/paques\/comment-calcule-t-on-la-date-de-paques\/\"},\"author\":{\"name\":\"Redazione\",\"@id\":\"https:\/\/blog.holyart.it\/fr\/#\/schema\/person\/0a7b686e5af0f856ec1e390dd0baecda\"},\"headline\":\"Comment calcule-t-on la date de P\u00e2ques ?\",\"datePublished\":\"2022-03-07T11:30:09+00:00\",\"dateModified\":\"2025-02-12T13:36:44+00:00\",\"mainEntityOfPage\":{\"@id\":\"https:\/\/blog.holyart.it\/fr\/paques\/comment-calcule-t-on-la-date-de-paques\/\"},\"wordCount\":1245,\"publisher\":{\"@id\":\"https:\/\/blog.holyart.it\/fr\/#organization\"},\"image\":{\"@id\":\"https:\/\/blog.holyart.it\/fr\/paques\/comment-calcule-t-on-la-date-de-paques\/#primaryimage\"},\"thumbnailUrl\":\"https:\/\/blog.holyart.it\/fr\/wp-content\/uploads\/sites\/14\/2022\/03\/Comment-calcule-t-on-la-date-de-P\u00e2ques.jpeg\",\"articleSection\":[\"Occasions sp\u00e9ciales\",\"P\u00e2ques\",\"Religion\"],\"inLanguage\":\"fr-FR\"},{\"@type\":\"WebPage\",\"@id\":\"https:\/\/blog.holyart.it\/fr\/paques\/comment-calcule-t-on-la-date-de-paques\/\",\"url\":\"https:\/\/blog.holyart.it\/fr\/paques\/comment-calcule-t-on-la-date-de-paques\/\",\"name\":\"Comment calcule-t-on la date de P\u00e2ques ? - Holyart.fr Blog\",\"isPartOf\":{\"@id\":\"https:\/\/blog.holyart.it\/fr\/#website\"},\"primaryImageOfPage\":{\"@id\":\"https:\/\/blog.holyart.it\/fr\/paques\/comment-calcule-t-on-la-date-de-paques\/#primaryimage\"},\"image\":{\"@id\":\"https:\/\/blog.holyart.it\/fr\/paques\/comment-calcule-t-on-la-date-de-paques\/#primaryimage\"},\"thumbnailUrl\":\"https:\/\/blog.holyart.it\/fr\/wp-content\/uploads\/sites\/14\/2022\/03\/Comment-calcule-t-on-la-date-de-P\u00e2ques.jpeg\",\"datePublished\":\"2022-03-07T11:30:09+00:00\",\"dateModified\":\"2025-02-12T13:36:44+00:00\",\"description\":\"Chaque ann\u00e9e sa date change, mais elle reste la f\u00eate la plus importante : dans cet article vous d\u00e9couvrirez comme on calcule la date de P\u00e2ques...\",\"breadcrumb\":{\"@id\":\"https:\/\/blog.holyart.it\/fr\/paques\/comment-calcule-t-on-la-date-de-paques\/#breadcrumb\"},\"inLanguage\":\"fr-FR\",\"potentialAction\":[{\"@type\":\"ReadAction\",\"target\":[\"https:\/\/blog.holyart.it\/fr\/paques\/comment-calcule-t-on-la-date-de-paques\/\"]}]},{\"@type\":\"ImageObject\",\"inLanguage\":\"fr-FR\",\"@id\":\"https:\/\/blog.holyart.it\/fr\/paques\/comment-calcule-t-on-la-date-de-paques\/#primaryimage\",\"url\":\"https:\/\/blog.holyart.it\/fr\/wp-content\/uploads\/sites\/14\/2022\/03\/Comment-calcule-t-on-la-date-de-P\u00e2ques.jpeg\",\"contentUrl\":\"https:\/\/blog.holyart.it\/fr\/wp-content\/uploads\/sites\/14\/2022\/03\/Comment-calcule-t-on-la-date-de-P\u00e2ques.jpeg\",\"width\":1000,\"height\":666,\"caption\":\"Comment calcule-t-on la date de P\u00e2ques\"},{\"@type\":\"BreadcrumbList\",\"@id\":\"https:\/\/blog.holyart.it\/fr\/paques\/comment-calcule-t-on-la-date-de-paques\/#breadcrumb\",\"itemListElement\":[{\"@type\":\"ListItem\",\"position\":1,\"name\":\"Homepage\",\"item\":\"https:\/\/blog.holyart.it\/fr\/\"},{\"@type\":\"ListItem\",\"position\":2,\"name\":\"P\u00e2ques\",\"item\":\"https:\/\/blog.holyart.it\/fr\/paques\/\"},{\"@type\":\"ListItem\",\"position\":3,\"name\":\"Comment calcule-t-on la date de P\u00e2ques ?\"}]},{\"@type\":\"WebSite\",\"@id\":\"https:\/\/blog.holyart.it\/fr\/#website\",\"url\":\"https:\/\/blog.holyart.it\/fr\/\",\"name\":\"Holyart.fr Blog\",\"description\":\"Holyblog\",\"publisher\":{\"@id\":\"https:\/\/blog.holyart.it\/fr\/#organization\"},\"potentialAction\":[{\"@type\":\"SearchAction\",\"target\":{\"@type\":\"EntryPoint\",\"urlTemplate\":\"https:\/\/blog.holyart.it\/fr\/?s={search_term_string}\"},\"query-input\":{\"@type\":\"PropertyValueSpecification\",\"valueRequired\":true,\"valueName\":\"search_term_string\"}}],\"inLanguage\":\"fr-FR\"},{\"@type\":\"Organization\",\"@id\":\"https:\/\/blog.holyart.it\/fr\/#organization\",\"name\":\"Holyart.fr Blog\",\"url\":\"https:\/\/blog.holyart.it\/fr\/\",\"logo\":{\"@type\":\"ImageObject\",\"inLanguage\":\"fr-FR\",\"@id\":\"https:\/\/blog.holyart.it\/fr\/#\/schema\/logo\/image\/\",\"url\":\"https:\/\/blog.holyart.it\/fr\/wp-content\/uploads\/sites\/14\/2022\/12\/Holyart_Blog_Logo.jpg\",\"contentUrl\":\"https:\/\/blog.holyart.it\/fr\/wp-content\/uploads\/sites\/14\/2022\/12\/Holyart_Blog_Logo.jpg\",\"width\":300,\"height\":50,\"caption\":\"Holyart.fr Blog\"},\"image\":{\"@id\":\"https:\/\/blog.holyart.it\/fr\/#\/schema\/logo\/image\/\"}},{\"@type\":\"Person\",\"@id\":\"https:\/\/blog.holyart.it\/fr\/#\/schema\/person\/0a7b686e5af0f856ec1e390dd0baecda\",\"name\":\"Redazione\",\"image\":{\"@type\":\"ImageObject\",\"inLanguage\":\"fr-FR\",\"@id\":\"https:\/\/blog.holyart.it\/fr\/#\/schema\/person\/image\/\",\"url\":\"https:\/\/secure.gravatar.com\/avatar\/f477da817f43e50d0af36abecd33e3edf826c68299714bdc1057dff3b113f516?s=96&d=mm&r=g\",\"contentUrl\":\"https:\/\/secure.gravatar.com\/avatar\/f477da817f43e50d0af36abecd33e3edf826c68299714bdc1057dff3b113f516?s=96&d=mm&r=g\",\"caption\":\"Redazione\"},\"url\":\"https:\/\/blog.holyart.it\/fr\/author\/admin\/\"}]}<\/script>\n<!-- \/ Yoast SEO plugin. -->","yoast_head_json":{"title":"Comment calcule-t-on la date de P\u00e2ques ? - Holyart.fr Blog","description":"Chaque ann\u00e9e sa date change, mais elle reste la f\u00eate la plus importante : dans cet article vous d\u00e9couvrirez comme on calcule la date de P\u00e2ques...","robots":{"index":"index","follow":"follow","max-snippet":"max-snippet:-1","max-image-preview":"max-image-preview:large","max-video-preview":"max-video-preview:-1"},"canonical":"https:\/\/blog.holyart.it\/fr\/paques\/comment-calcule-t-on-la-date-de-paques\/","og_locale":"fr_FR","og_type":"article","og_title":"Comment calcule-t-on la date de P\u00e2ques ? - Holyart.fr Blog","og_description":"Chaque ann\u00e9e sa date change, mais elle reste la f\u00eate la plus importante : dans cet article vous d\u00e9couvrirez comme on calcule la date de P\u00e2ques...","og_url":"https:\/\/blog.holyart.it\/fr\/paques\/comment-calcule-t-on-la-date-de-paques\/","og_site_name":"Holyart.fr Blog","article_published_time":"2022-03-07T11:30:09+00:00","article_modified_time":"2025-02-12T13:36:44+00:00","og_image":[{"width":1000,"height":666,"url":"https:\/\/blog.holyart.it\/fr\/wp-content\/uploads\/sites\/14\/2022\/03\/Comment-calcule-t-on-la-date-de-P\u00e2ques.jpeg","type":"image\/jpeg"}],"author":"Redazione","twitter_card":"summary_large_image","twitter_misc":{"\u00c9crit par":"Redazione","Dur\u00e9e de lecture estim\u00e9e":"7 minutes"},"schema":{"@context":"https:\/\/schema.org","@graph":[{"@type":"Article","@id":"https:\/\/blog.holyart.it\/fr\/paques\/comment-calcule-t-on-la-date-de-paques\/#article","isPartOf":{"@id":"https:\/\/blog.holyart.it\/fr\/paques\/comment-calcule-t-on-la-date-de-paques\/"},"author":{"name":"Redazione","@id":"https:\/\/blog.holyart.it\/fr\/#\/schema\/person\/0a7b686e5af0f856ec1e390dd0baecda"},"headline":"Comment calcule-t-on la date de P\u00e2ques ?","datePublished":"2022-03-07T11:30:09+00:00","dateModified":"2025-02-12T13:36:44+00:00","mainEntityOfPage":{"@id":"https:\/\/blog.holyart.it\/fr\/paques\/comment-calcule-t-on-la-date-de-paques\/"},"wordCount":1245,"publisher":{"@id":"https:\/\/blog.holyart.it\/fr\/#organization"},"image":{"@id":"https:\/\/blog.holyart.it\/fr\/paques\/comment-calcule-t-on-la-date-de-paques\/#primaryimage"},"thumbnailUrl":"https:\/\/blog.holyart.it\/fr\/wp-content\/uploads\/sites\/14\/2022\/03\/Comment-calcule-t-on-la-date-de-P\u00e2ques.jpeg","articleSection":["Occasions sp\u00e9ciales","P\u00e2ques","Religion"],"inLanguage":"fr-FR"},{"@type":"WebPage","@id":"https:\/\/blog.holyart.it\/fr\/paques\/comment-calcule-t-on-la-date-de-paques\/","url":"https:\/\/blog.holyart.it\/fr\/paques\/comment-calcule-t-on-la-date-de-paques\/","name":"Comment calcule-t-on la date de P\u00e2ques ? - Holyart.fr Blog","isPartOf":{"@id":"https:\/\/blog.holyart.it\/fr\/#website"},"primaryImageOfPage":{"@id":"https:\/\/blog.holyart.it\/fr\/paques\/comment-calcule-t-on-la-date-de-paques\/#primaryimage"},"image":{"@id":"https:\/\/blog.holyart.it\/fr\/paques\/comment-calcule-t-on-la-date-de-paques\/#primaryimage"},"thumbnailUrl":"https:\/\/blog.holyart.it\/fr\/wp-content\/uploads\/sites\/14\/2022\/03\/Comment-calcule-t-on-la-date-de-P\u00e2ques.jpeg","datePublished":"2022-03-07T11:30:09+00:00","dateModified":"2025-02-12T13:36:44+00:00","description":"Chaque ann\u00e9e sa date change, mais elle reste la f\u00eate la plus importante : dans cet article vous d\u00e9couvrirez comme on calcule la date de P\u00e2ques...","breadcrumb":{"@id":"https:\/\/blog.holyart.it\/fr\/paques\/comment-calcule-t-on-la-date-de-paques\/#breadcrumb"},"inLanguage":"fr-FR","potentialAction":[{"@type":"ReadAction","target":["https:\/\/blog.holyart.it\/fr\/paques\/comment-calcule-t-on-la-date-de-paques\/"]}]},{"@type":"ImageObject","inLanguage":"fr-FR","@id":"https:\/\/blog.holyart.it\/fr\/paques\/comment-calcule-t-on-la-date-de-paques\/#primaryimage","url":"https:\/\/blog.holyart.it\/fr\/wp-content\/uploads\/sites\/14\/2022\/03\/Comment-calcule-t-on-la-date-de-P\u00e2ques.jpeg","contentUrl":"https:\/\/blog.holyart.it\/fr\/wp-content\/uploads\/sites\/14\/2022\/03\/Comment-calcule-t-on-la-date-de-P\u00e2ques.jpeg","width":1000,"height":666,"caption":"Comment calcule-t-on la date de P\u00e2ques"},{"@type":"BreadcrumbList","@id":"https:\/\/blog.holyart.it\/fr\/paques\/comment-calcule-t-on-la-date-de-paques\/#breadcrumb","itemListElement":[{"@type":"ListItem","position":1,"name":"Homepage","item":"https:\/\/blog.holyart.it\/fr\/"},{"@type":"ListItem","position":2,"name":"P\u00e2ques","item":"https:\/\/blog.holyart.it\/fr\/paques\/"},{"@type":"ListItem","position":3,"name":"Comment calcule-t-on la date de P\u00e2ques ?"}]},{"@type":"WebSite","@id":"https:\/\/blog.holyart.it\/fr\/#website","url":"https:\/\/blog.holyart.it\/fr\/","name":"Holyart.fr Blog","description":"Holyblog","publisher":{"@id":"https:\/\/blog.holyart.it\/fr\/#organization"},"potentialAction":[{"@type":"SearchAction","target":{"@type":"EntryPoint","urlTemplate":"https:\/\/blog.holyart.it\/fr\/?s={search_term_string}"},"query-input":{"@type":"PropertyValueSpecification","valueRequired":true,"valueName":"search_term_string"}}],"inLanguage":"fr-FR"},{"@type":"Organization","@id":"https:\/\/blog.holyart.it\/fr\/#organization","name":"Holyart.fr Blog","url":"https:\/\/blog.holyart.it\/fr\/","logo":{"@type":"ImageObject","inLanguage":"fr-FR","@id":"https:\/\/blog.holyart.it\/fr\/#\/schema\/logo\/image\/","url":"https:\/\/blog.holyart.it\/fr\/wp-content\/uploads\/sites\/14\/2022\/12\/Holyart_Blog_Logo.jpg","contentUrl":"https:\/\/blog.holyart.it\/fr\/wp-content\/uploads\/sites\/14\/2022\/12\/Holyart_Blog_Logo.jpg","width":300,"height":50,"caption":"Holyart.fr Blog"},"image":{"@id":"https:\/\/blog.holyart.it\/fr\/#\/schema\/logo\/image\/"}},{"@type":"Person","@id":"https:\/\/blog.holyart.it\/fr\/#\/schema\/person\/0a7b686e5af0f856ec1e390dd0baecda","name":"Redazione","image":{"@type":"ImageObject","inLanguage":"fr-FR","@id":"https:\/\/blog.holyart.it\/fr\/#\/schema\/person\/image\/","url":"https:\/\/secure.gravatar.com\/avatar\/f477da817f43e50d0af36abecd33e3edf826c68299714bdc1057dff3b113f516?s=96&d=mm&r=g","contentUrl":"https:\/\/secure.gravatar.com\/avatar\/f477da817f43e50d0af36abecd33e3edf826c68299714bdc1057dff3b113f516?s=96&d=mm&r=g","caption":"Redazione"},"url":"https:\/\/blog.holyart.it\/fr\/author\/admin\/"}]}},"_links":{"self":[{"href":"https:\/\/blog.holyart.it\/fr\/wp-json\/wp\/v2\/posts\/4122","targetHints":{"allow":["GET"]}}],"collection":[{"href":"https:\/\/blog.holyart.it\/fr\/wp-json\/wp\/v2\/posts"}],"about":[{"href":"https:\/\/blog.holyart.it\/fr\/wp-json\/wp\/v2\/types\/post"}],"author":[{"embeddable":true,"href":"https:\/\/blog.holyart.it\/fr\/wp-json\/wp\/v2\/users\/1"}],"replies":[{"embeddable":true,"href":"https:\/\/blog.holyart.it\/fr\/wp-json\/wp\/v2\/comments?post=4122"}],"version-history":[{"count":1,"href":"https:\/\/blog.holyart.it\/fr\/wp-json\/wp\/v2\/posts\/4122\/revisions"}],"predecessor-version":[{"id":5995,"href":"https:\/\/blog.holyart.it\/fr\/wp-json\/wp\/v2\/posts\/4122\/revisions\/5995"}],"wp:featuredmedia":[{"embeddable":true,"href":"https:\/\/blog.holyart.it\/fr\/wp-json\/wp\/v2\/media\/4148"}],"wp:attachment":[{"href":"https:\/\/blog.holyart.it\/fr\/wp-json\/wp\/v2\/media?parent=4122"}],"wp:term":[{"taxonomy":"category","embeddable":true,"href":"https:\/\/blog.holyart.it\/fr\/wp-json\/wp\/v2\/categories?post=4122"},{"taxonomy":"post_tag","embeddable":true,"href":"https:\/\/blog.holyart.it\/fr\/wp-json\/wp\/v2\/tags?post=4122"}],"curies":[{"name":"wp","href":"https:\/\/api.w.org\/{rel}","templated":true}]}}