{"id":412,"date":"2017-07-05T16:16:58","date_gmt":"2017-07-05T14:16:58","guid":{"rendered":"https:\/\/blog.holyart.it\/fr\/?p=412"},"modified":"2018-02-08T14:50:25","modified_gmt":"2018-02-08T13:50:25","slug":"lhistoire-de-mere-teresa-de-calcutta","status":"publish","type":"post","link":"https:\/\/blog.holyart.it\/fr\/saints-et-bienheureux\/lhistoire-de-mere-teresa-de-calcutta\/","title":{"rendered":"L\u2019histoire de M\u00e8re Teresa de Calcutta"},"content":{"rendered":"<p>De <strong>M\u00e8re Teresa de Calcutta<\/strong> on s\u2019en souvient toujours comme de quelqu\u2019un dot\u00e9e d\u2019une volont\u00e9 infatigable d\u2019aider les derniers, les d\u00e9favoris\u00e9s, les pauvres. Aujourd\u2019hui c\u2019est une Sainte, source de d\u00e9votion dans le monde entier, et certainement <strong>une des figures les plus importantes de l\u2019histoire moderne<\/strong>, prix Nobel pour la paix et reconnue par beaucoup d\u2019autres titres.<\/p>\n<p>Mais il ne faut pas oublier qu\u2019elle \u00e9tait avant tout une femme, une simple femme qui a consciemment choisi de d\u00e9dier sa vie enti\u00e8re \u00e0 son prochain.<\/p>\n<p>Cette conscience ne doit jamais nous quitter, parce qu\u2019on peut en tirer la volont\u00e9 d\u2019imiter, selon nos moyens, des figures si importantes et si pr\u00e9cieuses.<\/p>\n<figure id=\"attachment_414\" aria-describedby=\"caption-attachment-414\" style=\"width: 300px\" class=\"wp-caption alignright\"><img loading=\"lazy\" decoding=\"async\" class=\"size-medium wp-image-414\" src=\"https:\/\/blog.holyart.it\/fr\/wp-content\/uploads\/sites\/14\/2017\/07\/M\u00e8re-Teresa-de-Calcutta-statue-300x300.jpg\" alt=\"M\u00e8re Teresa de Calcutta Statue\" width=\"300\" height=\"300\" \/><figcaption id=\"caption-attachment-414\" class=\"wp-caption-text\"><center><strong><a style=\"color: #0000ff; font-size: 17px;\" href=\"https:\/\/www.holyart.fr\/articles-religieux\/statues\/statues-en-resine-et-pvc\/mere-terese-de-calcutta-50-cm-resine\">M\u00e8re Teresa de Calcutta Statue<\/a><\/strong><\/center><\/figcaption><\/figure>\n<p>Sainte Teresa de Calcutta (Anjez\u00eb Gonxhe Bojaxhiu) \u00e9tait albanaise de naissance. Apr\u00e8s une enfance marqu\u00e9e par la mort pr\u00e9matur\u00e9e du p\u00e8re et caract\u00e9ris\u00e9e, d\u00e8s le d\u00e9but, par une propension naturelle \u00e0 la charit\u00e9 et aux \u0153uvres de mis\u00e9ricorde, elle pronon\u00e7a ses v\u0153ux \u00e0 l\u2019\u00e2ge de 18 ans et, apr\u00e8s un bref s\u00e9jour en Angleterre et en Irlande, elle fut invit\u00e9e dans les missions en Inde. L\u2019amour pour ce pays, Sainte Teresa l\u2019avait manifest\u00e9 depuis sa jeunesse, dans sa dense correspondance avec les missionnaires j\u00e9suites actifs au Bengale.<\/p>\n<p>D\u00e8s lors, Sainte Teresa v\u00e9cut entre Calcutta et \u00a0Darjelling, en se partageant entre pri\u00e8re et charit\u00e9, jusqu\u2019en ao\u00fbt 1946, quand Calcutta fut ensanglant\u00e9e par les combats ind\u00e9pendantistes et M\u00e8re Teresa re\u00e7ut la \u00ab\u00a0<strong>vocation dans la vocation<\/strong>\u00a0\u00bb. Elle comprit, en effet, qu\u2019elle devait quitter la vie tranquille du couvent pour s\u2019immerger compl\u00e8tement dans la pauvret\u00e9 de ceux qui vivaient dans les rues. Saint Teresa v\u00e9cut cette prise de conscience comme un ordre pr\u00e9cis de Dieu.<\/p>\n<p>\u00c0 partir de ce moment-l\u00e0, non sans lutter avec les refus de l\u2019\u00c9glise m\u00eame, elle commen\u00e7a sa v\u00e9ritable mission parmi les plus pauvres des pauvres. Elle abandonna le voile noir et elle obtint la citoyennet\u00e9 de la n\u00e9o-ind\u00e9pendante R\u00e9publique indienne. Son exemple fut vite suivi par d\u2019autres. Autour d\u2019elle se forma un r\u00e9seau de b\u00e9n\u00e9voles de plus en plus grand. Leurs t\u00e2ches allaient de la distribution de nourriture, \u00e0 l\u2019enseignement, jusqu\u2019\u00e0 l\u2019assistance aux malades et aux mourants.<\/p>\n<p>En 1950, M\u00e8re Teresa fonda les s\u0153urs <strong>Missionnaires de la charit\u00e9<\/strong>, une congr\u00e9gation vou\u00e9e \u00e0 la mis\u00e9ricorde et au soin des pauvres et des n\u00e9cessiteux. Comme habit, M\u00e8re Teresa choisit un sari blanc avec des bandes bleues, les couleurs des Intouchables.<\/p>\n<p>L\u2019influence de M\u00e8re Teresa grandit rapidement, gr\u00e2ce \u00e9galement \u00e0 l\u2019attention port\u00e9e par les m\u00e9dias du monde entier. Avec l\u2019aide de personnalit\u00e9s locales et \u00e9trang\u00e8res, elle ouvrit des centres d\u2019accueil et de soin pour les pauvres, les malades et les l\u00e9preux. Elle re\u00e7ut la visite de chefs d\u2019\u00c9tat, des hommes les plus puissants au monde, et elle cultiva une longue amiti\u00e9 avec <span style=\"color: #0000ff;\"><strong><a style=\"color: #0000ff;\" href=\"https:\/\/www.holyart.fr\/occasions-speciales\/jean-paul-ii\">Pape Jean-Paul II<\/a><\/strong><\/span>, qui la consid\u00e9rait d\u00e9j\u00e0 de son vivant comme <strong>Patron de l\u2019Hospitalit\u00e9<\/strong>.<\/p>\n<p>Elle resta \u00e0 la t\u00eate de sa congr\u00e9gation tant que sa sant\u00e9 le lui permit, en continuant \u00e0 aider ses gens. Elle mourut dans sa Calcutta \u00e0 l\u2019\u00e2ge de 87 ans. Jean-Paul II obtint pour elle un processus de b\u00e9atification sp\u00e9cial seulement deux ans apr\u00e8s sa mort, en t\u00e9moignage de la saintet\u00e9 dans laquelle elle avait v\u00e9cu pendant toute son existence.<\/p>\n","protected":false},"excerpt":{"rendered":"<p>De M\u00e8re Teresa de Calcutta on s\u2019en souvient toujours comme de quelqu\u2019un dot\u00e9e d\u2019une volont\u00e9 infatigable d\u2019aider les derniers, les d\u00e9favoris\u00e9s, les pauvres. Aujourd\u2019hui c\u2019est une Sainte, source de d\u00e9votion dans le monde entier, et certainement une des figures les plus importantes de l\u2019histoire moderne,&hellip;<\/p>\n","protected":false},"author":1,"featured_media":413,"comment_status":"closed","ping_status":"open","sticky":false,"template":"","format":"standard","meta":{"_acf_changed":false,"footnotes":""},"categories":[7],"tags":[],"class_list":["post-412","post","type-post","status-publish","format-standard","has-post-thumbnail","hentry","category-saints-et-bienheureux"],"acf":[],"yoast_head":"<!-- This site is optimized with the Yoast SEO plugin v26.6 - https:\/\/yoast.com\/wordpress\/plugins\/seo\/ -->\n<title>L\u2019histoire de M\u00e8re Teresa de Calcutta - Holyart.fr Blog<\/title>\n<meta name=\"description\" content=\"De M\u00e8re Teresa de Calcutta on s\u2019en souvient toujours comme de quelqu\u2019un dot\u00e9e d\u2019une volont\u00e9 infatigable d\u2019aider les derniers, les d\u00e9favoris\u00e9s, les pauvres.\" \/>\n<meta name=\"robots\" content=\"index, follow, max-snippet:-1, max-image-preview:large, max-video-preview:-1\" \/>\n<link rel=\"canonical\" href=\"https:\/\/blog.holyart.it\/fr\/saints-et-bienheureux\/lhistoire-de-mere-teresa-de-calcutta\/\" \/>\n<meta property=\"og:locale\" content=\"fr_FR\" \/>\n<meta property=\"og:type\" content=\"article\" \/>\n<meta property=\"og:title\" content=\"L\u2019histoire de M\u00e8re Teresa de Calcutta - Holyart.fr Blog\" \/>\n<meta property=\"og:description\" content=\"De M\u00e8re Teresa de Calcutta on s\u2019en souvient toujours comme de quelqu\u2019un dot\u00e9e d\u2019une volont\u00e9 infatigable d\u2019aider les derniers, les d\u00e9favoris\u00e9s, les pauvres.\" \/>\n<meta property=\"og:url\" content=\"https:\/\/blog.holyart.it\/fr\/saints-et-bienheureux\/lhistoire-de-mere-teresa-de-calcutta\/\" \/>\n<meta property=\"og:site_name\" content=\"Holyart.fr Blog\" \/>\n<meta property=\"article:published_time\" content=\"2017-07-05T14:16:58+00:00\" \/>\n<meta property=\"article:modified_time\" content=\"2018-02-08T13:50:25+00:00\" \/>\n<meta property=\"og:image\" content=\"https:\/\/blog.holyart.it\/fr\/wp-content\/uploads\/sites\/14\/2017\/07\/M\u00e8re-Teresa-de-Calcutta.jpg\" \/>\n\t<meta property=\"og:image:width\" content=\"1000\" \/>\n\t<meta property=\"og:image:height\" content=\"666\" \/>\n\t<meta property=\"og:image:type\" content=\"image\/jpeg\" \/>\n<meta name=\"author\" content=\"Redazione\" \/>\n<meta name=\"twitter:card\" content=\"summary_large_image\" \/>\n<meta name=\"twitter:label1\" content=\"\u00c9crit par\" \/>\n\t<meta name=\"twitter:data1\" content=\"Redazione\" \/>\n\t<meta name=\"twitter:label2\" content=\"Dur\u00e9e de lecture estim\u00e9e\" \/>\n\t<meta name=\"twitter:data2\" content=\"3 minutes\" \/>\n<script type=\"application\/ld+json\" class=\"yoast-schema-graph\">{\"@context\":\"https:\/\/schema.org\",\"@graph\":[{\"@type\":\"Article\",\"@id\":\"https:\/\/blog.holyart.it\/fr\/saints-et-bienheureux\/lhistoire-de-mere-teresa-de-calcutta\/#article\",\"isPartOf\":{\"@id\":\"https:\/\/blog.holyart.it\/fr\/saints-et-bienheureux\/lhistoire-de-mere-teresa-de-calcutta\/\"},\"author\":{\"name\":\"Redazione\",\"@id\":\"https:\/\/blog.holyart.it\/fr\/#\/schema\/person\/0a7b686e5af0f856ec1e390dd0baecda\"},\"headline\":\"L\u2019histoire de M\u00e8re Teresa de Calcutta\",\"datePublished\":\"2017-07-05T14:16:58+00:00\",\"dateModified\":\"2018-02-08T13:50:25+00:00\",\"mainEntityOfPage\":{\"@id\":\"https:\/\/blog.holyart.it\/fr\/saints-et-bienheureux\/lhistoire-de-mere-teresa-de-calcutta\/\"},\"wordCount\":628,\"publisher\":{\"@id\":\"https:\/\/blog.holyart.it\/fr\/#organization\"},\"image\":{\"@id\":\"https:\/\/blog.holyart.it\/fr\/saints-et-bienheureux\/lhistoire-de-mere-teresa-de-calcutta\/#primaryimage\"},\"thumbnailUrl\":\"https:\/\/blog.holyart.it\/fr\/wp-content\/uploads\/sites\/14\/2017\/07\/M\u00e8re-Teresa-de-Calcutta.jpg\",\"articleSection\":[\"Saints et Bienheureux\"],\"inLanguage\":\"fr-FR\"},{\"@type\":\"WebPage\",\"@id\":\"https:\/\/blog.holyart.it\/fr\/saints-et-bienheureux\/lhistoire-de-mere-teresa-de-calcutta\/\",\"url\":\"https:\/\/blog.holyart.it\/fr\/saints-et-bienheureux\/lhistoire-de-mere-teresa-de-calcutta\/\",\"name\":\"L\u2019histoire de M\u00e8re Teresa de Calcutta - Holyart.fr Blog\",\"isPartOf\":{\"@id\":\"https:\/\/blog.holyart.it\/fr\/#website\"},\"primaryImageOfPage\":{\"@id\":\"https:\/\/blog.holyart.it\/fr\/saints-et-bienheureux\/lhistoire-de-mere-teresa-de-calcutta\/#primaryimage\"},\"image\":{\"@id\":\"https:\/\/blog.holyart.it\/fr\/saints-et-bienheureux\/lhistoire-de-mere-teresa-de-calcutta\/#primaryimage\"},\"thumbnailUrl\":\"https:\/\/blog.holyart.it\/fr\/wp-content\/uploads\/sites\/14\/2017\/07\/M\u00e8re-Teresa-de-Calcutta.jpg\",\"datePublished\":\"2017-07-05T14:16:58+00:00\",\"dateModified\":\"2018-02-08T13:50:25+00:00\",\"description\":\"De M\u00e8re Teresa de Calcutta on s\u2019en souvient toujours comme de quelqu\u2019un dot\u00e9e d\u2019une volont\u00e9 infatigable d\u2019aider les derniers, les d\u00e9favoris\u00e9s, les pauvres.\",\"breadcrumb\":{\"@id\":\"https:\/\/blog.holyart.it\/fr\/saints-et-bienheureux\/lhistoire-de-mere-teresa-de-calcutta\/#breadcrumb\"},\"inLanguage\":\"fr-FR\",\"potentialAction\":[{\"@type\":\"ReadAction\",\"target\":[\"https:\/\/blog.holyart.it\/fr\/saints-et-bienheureux\/lhistoire-de-mere-teresa-de-calcutta\/\"]}]},{\"@type\":\"ImageObject\",\"inLanguage\":\"fr-FR\",\"@id\":\"https:\/\/blog.holyart.it\/fr\/saints-et-bienheureux\/lhistoire-de-mere-teresa-de-calcutta\/#primaryimage\",\"url\":\"https:\/\/blog.holyart.it\/fr\/wp-content\/uploads\/sites\/14\/2017\/07\/M\u00e8re-Teresa-de-Calcutta.jpg\",\"contentUrl\":\"https:\/\/blog.holyart.it\/fr\/wp-content\/uploads\/sites\/14\/2017\/07\/M\u00e8re-Teresa-de-Calcutta.jpg\",\"width\":1000,\"height\":666,\"caption\":\"M\u00e8re Teresa de Calcutta\"},{\"@type\":\"BreadcrumbList\",\"@id\":\"https:\/\/blog.holyart.it\/fr\/saints-et-bienheureux\/lhistoire-de-mere-teresa-de-calcutta\/#breadcrumb\",\"itemListElement\":[{\"@type\":\"ListItem\",\"position\":1,\"name\":\"Homepage\",\"item\":\"https:\/\/blog.holyart.it\/fr\/\"},{\"@type\":\"ListItem\",\"position\":2,\"name\":\"Saints et Bienheureux\",\"item\":\"https:\/\/blog.holyart.it\/fr\/saints-et-bienheureux\/\"},{\"@type\":\"ListItem\",\"position\":3,\"name\":\"L\u2019histoire de M\u00e8re Teresa de Calcutta\"}]},{\"@type\":\"WebSite\",\"@id\":\"https:\/\/blog.holyart.it\/fr\/#website\",\"url\":\"https:\/\/blog.holyart.it\/fr\/\",\"name\":\"Holyart.fr Blog\",\"description\":\"Holyblog\",\"publisher\":{\"@id\":\"https:\/\/blog.holyart.it\/fr\/#organization\"},\"potentialAction\":[{\"@type\":\"SearchAction\",\"target\":{\"@type\":\"EntryPoint\",\"urlTemplate\":\"https:\/\/blog.holyart.it\/fr\/?s={search_term_string}\"},\"query-input\":{\"@type\":\"PropertyValueSpecification\",\"valueRequired\":true,\"valueName\":\"search_term_string\"}}],\"inLanguage\":\"fr-FR\"},{\"@type\":\"Organization\",\"@id\":\"https:\/\/blog.holyart.it\/fr\/#organization\",\"name\":\"Holyart.fr Blog\",\"url\":\"https:\/\/blog.holyart.it\/fr\/\",\"logo\":{\"@type\":\"ImageObject\",\"inLanguage\":\"fr-FR\",\"@id\":\"https:\/\/blog.holyart.it\/fr\/#\/schema\/logo\/image\/\",\"url\":\"https:\/\/blog.holyart.it\/fr\/wp-content\/uploads\/sites\/14\/2022\/12\/Holyart_Blog_Logo.jpg\",\"contentUrl\":\"https:\/\/blog.holyart.it\/fr\/wp-content\/uploads\/sites\/14\/2022\/12\/Holyart_Blog_Logo.jpg\",\"width\":300,\"height\":50,\"caption\":\"Holyart.fr Blog\"},\"image\":{\"@id\":\"https:\/\/blog.holyart.it\/fr\/#\/schema\/logo\/image\/\"}},{\"@type\":\"Person\",\"@id\":\"https:\/\/blog.holyart.it\/fr\/#\/schema\/person\/0a7b686e5af0f856ec1e390dd0baecda\",\"name\":\"Redazione\",\"image\":{\"@type\":\"ImageObject\",\"inLanguage\":\"fr-FR\",\"@id\":\"https:\/\/blog.holyart.it\/fr\/#\/schema\/person\/image\/\",\"url\":\"https:\/\/secure.gravatar.com\/avatar\/f477da817f43e50d0af36abecd33e3edf826c68299714bdc1057dff3b113f516?s=96&d=mm&r=g\",\"contentUrl\":\"https:\/\/secure.gravatar.com\/avatar\/f477da817f43e50d0af36abecd33e3edf826c68299714bdc1057dff3b113f516?s=96&d=mm&r=g\",\"caption\":\"Redazione\"},\"url\":\"https:\/\/blog.holyart.it\/fr\/author\/admin\/\"}]}<\/script>\n<!-- \/ Yoast SEO plugin. -->","yoast_head_json":{"title":"L\u2019histoire de M\u00e8re Teresa de Calcutta - Holyart.fr Blog","description":"De M\u00e8re Teresa de Calcutta on s\u2019en souvient toujours comme de quelqu\u2019un dot\u00e9e d\u2019une volont\u00e9 infatigable d\u2019aider les derniers, les d\u00e9favoris\u00e9s, les pauvres.","robots":{"index":"index","follow":"follow","max-snippet":"max-snippet:-1","max-image-preview":"max-image-preview:large","max-video-preview":"max-video-preview:-1"},"canonical":"https:\/\/blog.holyart.it\/fr\/saints-et-bienheureux\/lhistoire-de-mere-teresa-de-calcutta\/","og_locale":"fr_FR","og_type":"article","og_title":"L\u2019histoire de M\u00e8re Teresa de Calcutta - Holyart.fr Blog","og_description":"De M\u00e8re Teresa de Calcutta on s\u2019en souvient toujours comme de quelqu\u2019un dot\u00e9e d\u2019une volont\u00e9 infatigable d\u2019aider les derniers, les d\u00e9favoris\u00e9s, les pauvres.","og_url":"https:\/\/blog.holyart.it\/fr\/saints-et-bienheureux\/lhistoire-de-mere-teresa-de-calcutta\/","og_site_name":"Holyart.fr Blog","article_published_time":"2017-07-05T14:16:58+00:00","article_modified_time":"2018-02-08T13:50:25+00:00","og_image":[{"width":1000,"height":666,"url":"https:\/\/blog.holyart.it\/fr\/wp-content\/uploads\/sites\/14\/2017\/07\/M\u00e8re-Teresa-de-Calcutta.jpg","type":"image\/jpeg"}],"author":"Redazione","twitter_card":"summary_large_image","twitter_misc":{"\u00c9crit par":"Redazione","Dur\u00e9e de lecture estim\u00e9e":"3 minutes"},"schema":{"@context":"https:\/\/schema.org","@graph":[{"@type":"Article","@id":"https:\/\/blog.holyart.it\/fr\/saints-et-bienheureux\/lhistoire-de-mere-teresa-de-calcutta\/#article","isPartOf":{"@id":"https:\/\/blog.holyart.it\/fr\/saints-et-bienheureux\/lhistoire-de-mere-teresa-de-calcutta\/"},"author":{"name":"Redazione","@id":"https:\/\/blog.holyart.it\/fr\/#\/schema\/person\/0a7b686e5af0f856ec1e390dd0baecda"},"headline":"L\u2019histoire de M\u00e8re Teresa de Calcutta","datePublished":"2017-07-05T14:16:58+00:00","dateModified":"2018-02-08T13:50:25+00:00","mainEntityOfPage":{"@id":"https:\/\/blog.holyart.it\/fr\/saints-et-bienheureux\/lhistoire-de-mere-teresa-de-calcutta\/"},"wordCount":628,"publisher":{"@id":"https:\/\/blog.holyart.it\/fr\/#organization"},"image":{"@id":"https:\/\/blog.holyart.it\/fr\/saints-et-bienheureux\/lhistoire-de-mere-teresa-de-calcutta\/#primaryimage"},"thumbnailUrl":"https:\/\/blog.holyart.it\/fr\/wp-content\/uploads\/sites\/14\/2017\/07\/M\u00e8re-Teresa-de-Calcutta.jpg","articleSection":["Saints et Bienheureux"],"inLanguage":"fr-FR"},{"@type":"WebPage","@id":"https:\/\/blog.holyart.it\/fr\/saints-et-bienheureux\/lhistoire-de-mere-teresa-de-calcutta\/","url":"https:\/\/blog.holyart.it\/fr\/saints-et-bienheureux\/lhistoire-de-mere-teresa-de-calcutta\/","name":"L\u2019histoire de M\u00e8re Teresa de Calcutta - Holyart.fr Blog","isPartOf":{"@id":"https:\/\/blog.holyart.it\/fr\/#website"},"primaryImageOfPage":{"@id":"https:\/\/blog.holyart.it\/fr\/saints-et-bienheureux\/lhistoire-de-mere-teresa-de-calcutta\/#primaryimage"},"image":{"@id":"https:\/\/blog.holyart.it\/fr\/saints-et-bienheureux\/lhistoire-de-mere-teresa-de-calcutta\/#primaryimage"},"thumbnailUrl":"https:\/\/blog.holyart.it\/fr\/wp-content\/uploads\/sites\/14\/2017\/07\/M\u00e8re-Teresa-de-Calcutta.jpg","datePublished":"2017-07-05T14:16:58+00:00","dateModified":"2018-02-08T13:50:25+00:00","description":"De M\u00e8re Teresa de Calcutta on s\u2019en souvient toujours comme de quelqu\u2019un dot\u00e9e d\u2019une volont\u00e9 infatigable d\u2019aider les derniers, les d\u00e9favoris\u00e9s, les pauvres.","breadcrumb":{"@id":"https:\/\/blog.holyart.it\/fr\/saints-et-bienheureux\/lhistoire-de-mere-teresa-de-calcutta\/#breadcrumb"},"inLanguage":"fr-FR","potentialAction":[{"@type":"ReadAction","target":["https:\/\/blog.holyart.it\/fr\/saints-et-bienheureux\/lhistoire-de-mere-teresa-de-calcutta\/"]}]},{"@type":"ImageObject","inLanguage":"fr-FR","@id":"https:\/\/blog.holyart.it\/fr\/saints-et-bienheureux\/lhistoire-de-mere-teresa-de-calcutta\/#primaryimage","url":"https:\/\/blog.holyart.it\/fr\/wp-content\/uploads\/sites\/14\/2017\/07\/M\u00e8re-Teresa-de-Calcutta.jpg","contentUrl":"https:\/\/blog.holyart.it\/fr\/wp-content\/uploads\/sites\/14\/2017\/07\/M\u00e8re-Teresa-de-Calcutta.jpg","width":1000,"height":666,"caption":"M\u00e8re Teresa de Calcutta"},{"@type":"BreadcrumbList","@id":"https:\/\/blog.holyart.it\/fr\/saints-et-bienheureux\/lhistoire-de-mere-teresa-de-calcutta\/#breadcrumb","itemListElement":[{"@type":"ListItem","position":1,"name":"Homepage","item":"https:\/\/blog.holyart.it\/fr\/"},{"@type":"ListItem","position":2,"name":"Saints et Bienheureux","item":"https:\/\/blog.holyart.it\/fr\/saints-et-bienheureux\/"},{"@type":"ListItem","position":3,"name":"L\u2019histoire de M\u00e8re Teresa de Calcutta"}]},{"@type":"WebSite","@id":"https:\/\/blog.holyart.it\/fr\/#website","url":"https:\/\/blog.holyart.it\/fr\/","name":"Holyart.fr Blog","description":"Holyblog","publisher":{"@id":"https:\/\/blog.holyart.it\/fr\/#organization"},"potentialAction":[{"@type":"SearchAction","target":{"@type":"EntryPoint","urlTemplate":"https:\/\/blog.holyart.it\/fr\/?s={search_term_string}"},"query-input":{"@type":"PropertyValueSpecification","valueRequired":true,"valueName":"search_term_string"}}],"inLanguage":"fr-FR"},{"@type":"Organization","@id":"https:\/\/blog.holyart.it\/fr\/#organization","name":"Holyart.fr Blog","url":"https:\/\/blog.holyart.it\/fr\/","logo":{"@type":"ImageObject","inLanguage":"fr-FR","@id":"https:\/\/blog.holyart.it\/fr\/#\/schema\/logo\/image\/","url":"https:\/\/blog.holyart.it\/fr\/wp-content\/uploads\/sites\/14\/2022\/12\/Holyart_Blog_Logo.jpg","contentUrl":"https:\/\/blog.holyart.it\/fr\/wp-content\/uploads\/sites\/14\/2022\/12\/Holyart_Blog_Logo.jpg","width":300,"height":50,"caption":"Holyart.fr Blog"},"image":{"@id":"https:\/\/blog.holyart.it\/fr\/#\/schema\/logo\/image\/"}},{"@type":"Person","@id":"https:\/\/blog.holyart.it\/fr\/#\/schema\/person\/0a7b686e5af0f856ec1e390dd0baecda","name":"Redazione","image":{"@type":"ImageObject","inLanguage":"fr-FR","@id":"https:\/\/blog.holyart.it\/fr\/#\/schema\/person\/image\/","url":"https:\/\/secure.gravatar.com\/avatar\/f477da817f43e50d0af36abecd33e3edf826c68299714bdc1057dff3b113f516?s=96&d=mm&r=g","contentUrl":"https:\/\/secure.gravatar.com\/avatar\/f477da817f43e50d0af36abecd33e3edf826c68299714bdc1057dff3b113f516?s=96&d=mm&r=g","caption":"Redazione"},"url":"https:\/\/blog.holyart.it\/fr\/author\/admin\/"}]}},"_links":{"self":[{"href":"https:\/\/blog.holyart.it\/fr\/wp-json\/wp\/v2\/posts\/412","targetHints":{"allow":["GET"]}}],"collection":[{"href":"https:\/\/blog.holyart.it\/fr\/wp-json\/wp\/v2\/posts"}],"about":[{"href":"https:\/\/blog.holyart.it\/fr\/wp-json\/wp\/v2\/types\/post"}],"author":[{"embeddable":true,"href":"https:\/\/blog.holyart.it\/fr\/wp-json\/wp\/v2\/users\/1"}],"replies":[{"embeddable":true,"href":"https:\/\/blog.holyart.it\/fr\/wp-json\/wp\/v2\/comments?post=412"}],"version-history":[{"count":0,"href":"https:\/\/blog.holyart.it\/fr\/wp-json\/wp\/v2\/posts\/412\/revisions"}],"wp:featuredmedia":[{"embeddable":true,"href":"https:\/\/blog.holyart.it\/fr\/wp-json\/wp\/v2\/media\/413"}],"wp:attachment":[{"href":"https:\/\/blog.holyart.it\/fr\/wp-json\/wp\/v2\/media?parent=412"}],"wp:term":[{"taxonomy":"category","embeddable":true,"href":"https:\/\/blog.holyart.it\/fr\/wp-json\/wp\/v2\/categories?post=412"},{"taxonomy":"post_tag","embeddable":true,"href":"https:\/\/blog.holyart.it\/fr\/wp-json\/wp\/v2\/tags?post=412"}],"curies":[{"name":"wp","href":"https:\/\/api.w.org\/{rel}","templated":true}]}}