{"id":409,"date":"2017-06-22T16:14:20","date_gmt":"2017-06-22T14:14:20","guid":{"rendered":"https:\/\/blog.holyart.it\/fr\/?p=409"},"modified":"2022-10-24T12:17:34","modified_gmt":"2022-10-24T10:17:34","slug":"centenaire-de-fatima","status":"publish","type":"post","link":"https:\/\/blog.holyart.it\/fr\/saints-et-bienheureux\/centenaire-de-fatima\/","title":{"rendered":"Le centenaire de Fatima"},"content":{"rendered":"<p>Le 13 mai pass\u00e9 les fid\u00e8les du monde entier ont c\u00e9l\u00e9br\u00e9 la <strong>F\u00eate de Notre-Dame de Fatima<\/strong>.<\/p>\n<p>Mais cette ann\u00e9e, il s\u2019agissait d\u2019une f\u00eate vraiment sp\u00e9ciale. En effet, c\u2019\u00e9tait le centenaire de la premi\u00e8re apparition de la Vierge Marie aux trois jeunes bergers <strong>Fran\u00e7ois<\/strong>, <strong>Jacinthe<\/strong> et <strong>Lucie<\/strong>. Le 13 mai 1917, alors qu\u2019ils faisaient pa\u00eetre leur troupeau \u00e0 Cova da Iria, aux alentours de F\u00e1tima (Portugal), les trois enfants virent un nuage descendre sur eux et une femme v\u00eatue de blanc avec un <strong>Chapelet<\/strong> entre les mains en sortir.<\/p>\n<p>Ce ne fut que la premi\u00e8re apparition, puisque la belle Dame demanda aux enfants de retourner au m\u00eame endroit le 13 de chaque mois, pendant cinq mois de suite. \u00c0 l\u2019occasion de ces rencontres, elle r\u00e9v\u00e9la aux enfant et aux autres t\u00e9moins arriv\u00e9s ensuite de grands prodiges et secrets sur la destin\u00e9e de l\u2019humanit\u00e9 enti\u00e8re.<\/p>\n<p>Les apparitions de Fatima furent reconnues par l\u2019\u00c9glise catholique d\u00e9j\u00e0 \u00e0 partir de 1930 et la ville portugaise devint l\u2019objet d\u2019un culte qui encore aujourd\u2019hui attire des milliers de p\u00e8lerins chaque ann\u00e9e.<\/p>\n<p>Le 12 et le 13 mai de cette ann\u00e9e, Pape Fran\u00e7ois s\u2019est rendu au Sanctuaire de Fatima, accueilli par des milliers de fid\u00e8les en pri\u00e8re, et a c\u00e9l\u00e9br\u00e9 le centenaire. Au cours de la c\u00e9l\u00e9bration il a canonis\u00e9 les deux bergers, Fran\u00e7ois et Jacinthe, morts quand ils \u00e9taient encore enfants. Le Pape a rappel\u00e9 l\u2019importance de la figure de la Vierge Marie pour les chr\u00e9tiens du monde entier, la fa\u00e7on dont elle sait devenir l\u2019interm\u00e9diaire entre Dieu et les hommes par son humilit\u00e9, sa mis\u00e9ricorde et sa d\u00e9votion, une m\u00e8re affectueuse et infiniment gentille.<\/p>\n<p>\u00ab\u00a0<em>Si nous souhaitons \u00eatre chr\u00e9tiens, nous devons \u00eatre mariaux, c\u2019est-\u00e0-dire que nous devons reconna\u00eetre le rapport essentiel, vital et providentiel qui unit la Sainte Vierge \u00e0 J\u00e9sus Christ, et qui ouvre \u00e0 nous la voie qui nous conduit \u00e0 Lui<\/em>\u00a0\u00bb a dit le Pape pendant la b\u00e9n\u00e9diction des bougies dans la Chapelle des Apparitions.<\/p>\n<p>La <span style=\"color: #0000ff;\"><strong><a style=\"color: #0000ff;\" href=\"https:\/\/www.holyart.fr\/occasions-speciales\/notre-dame-de-fatima\/statues-notre-dame-de-fatima\">Statue de Notre-Dame de Fatima<\/a><\/strong><\/span>, conserv\u00e9e dans le Sanctuaire \u00e9rig\u00e9 \u00e0 l\u2019endroit o\u00f9 la Vierge serait apparue aux bergers, est l\u2019objet de v\u00e9n\u00e9ration de fid\u00e8les du monde entier.<\/p>\n","protected":false},"excerpt":{"rendered":"<p>Le 13 mai pass\u00e9 les fid\u00e8les du monde entier ont c\u00e9l\u00e9br\u00e9 la F\u00eate de Notre-Dame de Fatima. Mais cette ann\u00e9e, il s\u2019agissait d\u2019une f\u00eate vraiment sp\u00e9ciale. En effet, c\u2019\u00e9tait le centenaire de la premi\u00e8re apparition de la Vierge Marie aux trois jeunes bergers Fran\u00e7ois, Jacinthe&hellip;<\/p>\n","protected":false},"author":1,"featured_media":410,"comment_status":"closed","ping_status":"open","sticky":false,"template":"","format":"standard","meta":{"_acf_changed":false,"footnotes":""},"categories":[7],"tags":[],"class_list":["post-409","post","type-post","status-publish","format-standard","has-post-thumbnail","hentry","category-saints-et-bienheureux"],"acf":[],"yoast_head":"<!-- This site is optimized with the Yoast SEO plugin v26.6 - https:\/\/yoast.com\/wordpress\/plugins\/seo\/ -->\n<title>Le centenaire de Fatima - Holyart.fr Blog<\/title>\n<meta name=\"description\" content=\"Le 13 mai pass\u00e9 les fid\u00e8les du monde entier ont c\u00e9l\u00e9br\u00e9 la F\u00eate de Notre-Dame de Fatima. Mais cette ann\u00e9e, il s\u2019agissait d\u2019une f\u00eate vraiment sp\u00e9ciale.\" \/>\n<meta name=\"robots\" content=\"index, follow, max-snippet:-1, max-image-preview:large, max-video-preview:-1\" \/>\n<link rel=\"canonical\" href=\"https:\/\/blog.holyart.it\/fr\/saints-et-bienheureux\/centenaire-de-fatima\/\" \/>\n<meta property=\"og:locale\" content=\"fr_FR\" \/>\n<meta property=\"og:type\" content=\"article\" \/>\n<meta property=\"og:title\" content=\"Le centenaire de Fatima - Holyart.fr Blog\" \/>\n<meta property=\"og:description\" content=\"Le 13 mai pass\u00e9 les fid\u00e8les du monde entier ont c\u00e9l\u00e9br\u00e9 la F\u00eate de Notre-Dame de Fatima. Mais cette ann\u00e9e, il s\u2019agissait d\u2019une f\u00eate vraiment sp\u00e9ciale.\" \/>\n<meta property=\"og:url\" content=\"https:\/\/blog.holyart.it\/fr\/saints-et-bienheureux\/centenaire-de-fatima\/\" \/>\n<meta property=\"og:site_name\" content=\"Holyart.fr Blog\" \/>\n<meta property=\"article:published_time\" content=\"2017-06-22T14:14:20+00:00\" \/>\n<meta property=\"article:modified_time\" content=\"2022-10-24T10:17:34+00:00\" \/>\n<meta property=\"og:image\" content=\"https:\/\/blog.holyart.it\/fr\/wp-content\/uploads\/sites\/14\/2017\/07\/Le-centenaire-de-Fatima.jpg\" \/>\n\t<meta property=\"og:image:width\" content=\"1000\" \/>\n\t<meta property=\"og:image:height\" content=\"665\" \/>\n\t<meta property=\"og:image:type\" content=\"image\/jpeg\" \/>\n<meta name=\"author\" content=\"Redazione\" \/>\n<meta name=\"twitter:card\" content=\"summary_large_image\" \/>\n<meta name=\"twitter:label1\" content=\"\u00c9crit par\" \/>\n\t<meta name=\"twitter:data1\" content=\"Redazione\" \/>\n\t<meta name=\"twitter:label2\" content=\"Dur\u00e9e de lecture estim\u00e9e\" \/>\n\t<meta name=\"twitter:data2\" content=\"2 minutes\" \/>\n<script type=\"application\/ld+json\" class=\"yoast-schema-graph\">{\"@context\":\"https:\/\/schema.org\",\"@graph\":[{\"@type\":\"Article\",\"@id\":\"https:\/\/blog.holyart.it\/fr\/saints-et-bienheureux\/centenaire-de-fatima\/#article\",\"isPartOf\":{\"@id\":\"https:\/\/blog.holyart.it\/fr\/saints-et-bienheureux\/centenaire-de-fatima\/\"},\"author\":{\"name\":\"Redazione\",\"@id\":\"https:\/\/blog.holyart.it\/fr\/#\/schema\/person\/0a7b686e5af0f856ec1e390dd0baecda\"},\"headline\":\"Le centenaire de Fatima\",\"datePublished\":\"2017-06-22T14:14:20+00:00\",\"dateModified\":\"2022-10-24T10:17:34+00:00\",\"mainEntityOfPage\":{\"@id\":\"https:\/\/blog.holyart.it\/fr\/saints-et-bienheureux\/centenaire-de-fatima\/\"},\"wordCount\":407,\"publisher\":{\"@id\":\"https:\/\/blog.holyart.it\/fr\/#organization\"},\"image\":{\"@id\":\"https:\/\/blog.holyart.it\/fr\/saints-et-bienheureux\/centenaire-de-fatima\/#primaryimage\"},\"thumbnailUrl\":\"https:\/\/blog.holyart.it\/fr\/wp-content\/uploads\/sites\/14\/2017\/07\/Le-centenaire-de-Fatima.jpg\",\"articleSection\":[\"Saints et Bienheureux\"],\"inLanguage\":\"fr-FR\"},{\"@type\":\"WebPage\",\"@id\":\"https:\/\/blog.holyart.it\/fr\/saints-et-bienheureux\/centenaire-de-fatima\/\",\"url\":\"https:\/\/blog.holyart.it\/fr\/saints-et-bienheureux\/centenaire-de-fatima\/\",\"name\":\"Le centenaire de Fatima - Holyart.fr Blog\",\"isPartOf\":{\"@id\":\"https:\/\/blog.holyart.it\/fr\/#website\"},\"primaryImageOfPage\":{\"@id\":\"https:\/\/blog.holyart.it\/fr\/saints-et-bienheureux\/centenaire-de-fatima\/#primaryimage\"},\"image\":{\"@id\":\"https:\/\/blog.holyart.it\/fr\/saints-et-bienheureux\/centenaire-de-fatima\/#primaryimage\"},\"thumbnailUrl\":\"https:\/\/blog.holyart.it\/fr\/wp-content\/uploads\/sites\/14\/2017\/07\/Le-centenaire-de-Fatima.jpg\",\"datePublished\":\"2017-06-22T14:14:20+00:00\",\"dateModified\":\"2022-10-24T10:17:34+00:00\",\"description\":\"Le 13 mai pass\u00e9 les fid\u00e8les du monde entier ont c\u00e9l\u00e9br\u00e9 la F\u00eate de Notre-Dame de Fatima. Mais cette ann\u00e9e, il s\u2019agissait d\u2019une f\u00eate vraiment sp\u00e9ciale.\",\"breadcrumb\":{\"@id\":\"https:\/\/blog.holyart.it\/fr\/saints-et-bienheureux\/centenaire-de-fatima\/#breadcrumb\"},\"inLanguage\":\"fr-FR\",\"potentialAction\":[{\"@type\":\"ReadAction\",\"target\":[\"https:\/\/blog.holyart.it\/fr\/saints-et-bienheureux\/centenaire-de-fatima\/\"]}]},{\"@type\":\"ImageObject\",\"inLanguage\":\"fr-FR\",\"@id\":\"https:\/\/blog.holyart.it\/fr\/saints-et-bienheureux\/centenaire-de-fatima\/#primaryimage\",\"url\":\"https:\/\/blog.holyart.it\/fr\/wp-content\/uploads\/sites\/14\/2017\/07\/Le-centenaire-de-Fatima.jpg\",\"contentUrl\":\"https:\/\/blog.holyart.it\/fr\/wp-content\/uploads\/sites\/14\/2017\/07\/Le-centenaire-de-Fatima.jpg\",\"width\":1000,\"height\":665,\"caption\":\"Le centenaire de Fatima\"},{\"@type\":\"BreadcrumbList\",\"@id\":\"https:\/\/blog.holyart.it\/fr\/saints-et-bienheureux\/centenaire-de-fatima\/#breadcrumb\",\"itemListElement\":[{\"@type\":\"ListItem\",\"position\":1,\"name\":\"Homepage\",\"item\":\"https:\/\/blog.holyart.it\/fr\/\"},{\"@type\":\"ListItem\",\"position\":2,\"name\":\"Saints et Bienheureux\",\"item\":\"https:\/\/blog.holyart.it\/fr\/saints-et-bienheureux\/\"},{\"@type\":\"ListItem\",\"position\":3,\"name\":\"Le centenaire de Fatima\"}]},{\"@type\":\"WebSite\",\"@id\":\"https:\/\/blog.holyart.it\/fr\/#website\",\"url\":\"https:\/\/blog.holyart.it\/fr\/\",\"name\":\"Holyart.fr Blog\",\"description\":\"Holyblog\",\"publisher\":{\"@id\":\"https:\/\/blog.holyart.it\/fr\/#organization\"},\"potentialAction\":[{\"@type\":\"SearchAction\",\"target\":{\"@type\":\"EntryPoint\",\"urlTemplate\":\"https:\/\/blog.holyart.it\/fr\/?s={search_term_string}\"},\"query-input\":{\"@type\":\"PropertyValueSpecification\",\"valueRequired\":true,\"valueName\":\"search_term_string\"}}],\"inLanguage\":\"fr-FR\"},{\"@type\":\"Organization\",\"@id\":\"https:\/\/blog.holyart.it\/fr\/#organization\",\"name\":\"Holyart.fr Blog\",\"url\":\"https:\/\/blog.holyart.it\/fr\/\",\"logo\":{\"@type\":\"ImageObject\",\"inLanguage\":\"fr-FR\",\"@id\":\"https:\/\/blog.holyart.it\/fr\/#\/schema\/logo\/image\/\",\"url\":\"https:\/\/blog.holyart.it\/fr\/wp-content\/uploads\/sites\/14\/2022\/12\/Holyart_Blog_Logo.jpg\",\"contentUrl\":\"https:\/\/blog.holyart.it\/fr\/wp-content\/uploads\/sites\/14\/2022\/12\/Holyart_Blog_Logo.jpg\",\"width\":300,\"height\":50,\"caption\":\"Holyart.fr Blog\"},\"image\":{\"@id\":\"https:\/\/blog.holyart.it\/fr\/#\/schema\/logo\/image\/\"}},{\"@type\":\"Person\",\"@id\":\"https:\/\/blog.holyart.it\/fr\/#\/schema\/person\/0a7b686e5af0f856ec1e390dd0baecda\",\"name\":\"Redazione\",\"image\":{\"@type\":\"ImageObject\",\"inLanguage\":\"fr-FR\",\"@id\":\"https:\/\/blog.holyart.it\/fr\/#\/schema\/person\/image\/\",\"url\":\"https:\/\/secure.gravatar.com\/avatar\/f477da817f43e50d0af36abecd33e3edf826c68299714bdc1057dff3b113f516?s=96&d=mm&r=g\",\"contentUrl\":\"https:\/\/secure.gravatar.com\/avatar\/f477da817f43e50d0af36abecd33e3edf826c68299714bdc1057dff3b113f516?s=96&d=mm&r=g\",\"caption\":\"Redazione\"},\"url\":\"https:\/\/blog.holyart.it\/fr\/author\/admin\/\"}]}<\/script>\n<!-- \/ Yoast SEO plugin. -->","yoast_head_json":{"title":"Le centenaire de Fatima - Holyart.fr Blog","description":"Le 13 mai pass\u00e9 les fid\u00e8les du monde entier ont c\u00e9l\u00e9br\u00e9 la F\u00eate de Notre-Dame de Fatima. Mais cette ann\u00e9e, il s\u2019agissait d\u2019une f\u00eate vraiment sp\u00e9ciale.","robots":{"index":"index","follow":"follow","max-snippet":"max-snippet:-1","max-image-preview":"max-image-preview:large","max-video-preview":"max-video-preview:-1"},"canonical":"https:\/\/blog.holyart.it\/fr\/saints-et-bienheureux\/centenaire-de-fatima\/","og_locale":"fr_FR","og_type":"article","og_title":"Le centenaire de Fatima - Holyart.fr Blog","og_description":"Le 13 mai pass\u00e9 les fid\u00e8les du monde entier ont c\u00e9l\u00e9br\u00e9 la F\u00eate de Notre-Dame de Fatima. Mais cette ann\u00e9e, il s\u2019agissait d\u2019une f\u00eate vraiment sp\u00e9ciale.","og_url":"https:\/\/blog.holyart.it\/fr\/saints-et-bienheureux\/centenaire-de-fatima\/","og_site_name":"Holyart.fr Blog","article_published_time":"2017-06-22T14:14:20+00:00","article_modified_time":"2022-10-24T10:17:34+00:00","og_image":[{"width":1000,"height":665,"url":"https:\/\/blog.holyart.it\/fr\/wp-content\/uploads\/sites\/14\/2017\/07\/Le-centenaire-de-Fatima.jpg","type":"image\/jpeg"}],"author":"Redazione","twitter_card":"summary_large_image","twitter_misc":{"\u00c9crit par":"Redazione","Dur\u00e9e de lecture estim\u00e9e":"2 minutes"},"schema":{"@context":"https:\/\/schema.org","@graph":[{"@type":"Article","@id":"https:\/\/blog.holyart.it\/fr\/saints-et-bienheureux\/centenaire-de-fatima\/#article","isPartOf":{"@id":"https:\/\/blog.holyart.it\/fr\/saints-et-bienheureux\/centenaire-de-fatima\/"},"author":{"name":"Redazione","@id":"https:\/\/blog.holyart.it\/fr\/#\/schema\/person\/0a7b686e5af0f856ec1e390dd0baecda"},"headline":"Le centenaire de Fatima","datePublished":"2017-06-22T14:14:20+00:00","dateModified":"2022-10-24T10:17:34+00:00","mainEntityOfPage":{"@id":"https:\/\/blog.holyart.it\/fr\/saints-et-bienheureux\/centenaire-de-fatima\/"},"wordCount":407,"publisher":{"@id":"https:\/\/blog.holyart.it\/fr\/#organization"},"image":{"@id":"https:\/\/blog.holyart.it\/fr\/saints-et-bienheureux\/centenaire-de-fatima\/#primaryimage"},"thumbnailUrl":"https:\/\/blog.holyart.it\/fr\/wp-content\/uploads\/sites\/14\/2017\/07\/Le-centenaire-de-Fatima.jpg","articleSection":["Saints et Bienheureux"],"inLanguage":"fr-FR"},{"@type":"WebPage","@id":"https:\/\/blog.holyart.it\/fr\/saints-et-bienheureux\/centenaire-de-fatima\/","url":"https:\/\/blog.holyart.it\/fr\/saints-et-bienheureux\/centenaire-de-fatima\/","name":"Le centenaire de Fatima - Holyart.fr Blog","isPartOf":{"@id":"https:\/\/blog.holyart.it\/fr\/#website"},"primaryImageOfPage":{"@id":"https:\/\/blog.holyart.it\/fr\/saints-et-bienheureux\/centenaire-de-fatima\/#primaryimage"},"image":{"@id":"https:\/\/blog.holyart.it\/fr\/saints-et-bienheureux\/centenaire-de-fatima\/#primaryimage"},"thumbnailUrl":"https:\/\/blog.holyart.it\/fr\/wp-content\/uploads\/sites\/14\/2017\/07\/Le-centenaire-de-Fatima.jpg","datePublished":"2017-06-22T14:14:20+00:00","dateModified":"2022-10-24T10:17:34+00:00","description":"Le 13 mai pass\u00e9 les fid\u00e8les du monde entier ont c\u00e9l\u00e9br\u00e9 la F\u00eate de Notre-Dame de Fatima. Mais cette ann\u00e9e, il s\u2019agissait d\u2019une f\u00eate vraiment sp\u00e9ciale.","breadcrumb":{"@id":"https:\/\/blog.holyart.it\/fr\/saints-et-bienheureux\/centenaire-de-fatima\/#breadcrumb"},"inLanguage":"fr-FR","potentialAction":[{"@type":"ReadAction","target":["https:\/\/blog.holyart.it\/fr\/saints-et-bienheureux\/centenaire-de-fatima\/"]}]},{"@type":"ImageObject","inLanguage":"fr-FR","@id":"https:\/\/blog.holyart.it\/fr\/saints-et-bienheureux\/centenaire-de-fatima\/#primaryimage","url":"https:\/\/blog.holyart.it\/fr\/wp-content\/uploads\/sites\/14\/2017\/07\/Le-centenaire-de-Fatima.jpg","contentUrl":"https:\/\/blog.holyart.it\/fr\/wp-content\/uploads\/sites\/14\/2017\/07\/Le-centenaire-de-Fatima.jpg","width":1000,"height":665,"caption":"Le centenaire de Fatima"},{"@type":"BreadcrumbList","@id":"https:\/\/blog.holyart.it\/fr\/saints-et-bienheureux\/centenaire-de-fatima\/#breadcrumb","itemListElement":[{"@type":"ListItem","position":1,"name":"Homepage","item":"https:\/\/blog.holyart.it\/fr\/"},{"@type":"ListItem","position":2,"name":"Saints et Bienheureux","item":"https:\/\/blog.holyart.it\/fr\/saints-et-bienheureux\/"},{"@type":"ListItem","position":3,"name":"Le centenaire de Fatima"}]},{"@type":"WebSite","@id":"https:\/\/blog.holyart.it\/fr\/#website","url":"https:\/\/blog.holyart.it\/fr\/","name":"Holyart.fr Blog","description":"Holyblog","publisher":{"@id":"https:\/\/blog.holyart.it\/fr\/#organization"},"potentialAction":[{"@type":"SearchAction","target":{"@type":"EntryPoint","urlTemplate":"https:\/\/blog.holyart.it\/fr\/?s={search_term_string}"},"query-input":{"@type":"PropertyValueSpecification","valueRequired":true,"valueName":"search_term_string"}}],"inLanguage":"fr-FR"},{"@type":"Organization","@id":"https:\/\/blog.holyart.it\/fr\/#organization","name":"Holyart.fr Blog","url":"https:\/\/blog.holyart.it\/fr\/","logo":{"@type":"ImageObject","inLanguage":"fr-FR","@id":"https:\/\/blog.holyart.it\/fr\/#\/schema\/logo\/image\/","url":"https:\/\/blog.holyart.it\/fr\/wp-content\/uploads\/sites\/14\/2022\/12\/Holyart_Blog_Logo.jpg","contentUrl":"https:\/\/blog.holyart.it\/fr\/wp-content\/uploads\/sites\/14\/2022\/12\/Holyart_Blog_Logo.jpg","width":300,"height":50,"caption":"Holyart.fr Blog"},"image":{"@id":"https:\/\/blog.holyart.it\/fr\/#\/schema\/logo\/image\/"}},{"@type":"Person","@id":"https:\/\/blog.holyart.it\/fr\/#\/schema\/person\/0a7b686e5af0f856ec1e390dd0baecda","name":"Redazione","image":{"@type":"ImageObject","inLanguage":"fr-FR","@id":"https:\/\/blog.holyart.it\/fr\/#\/schema\/person\/image\/","url":"https:\/\/secure.gravatar.com\/avatar\/f477da817f43e50d0af36abecd33e3edf826c68299714bdc1057dff3b113f516?s=96&d=mm&r=g","contentUrl":"https:\/\/secure.gravatar.com\/avatar\/f477da817f43e50d0af36abecd33e3edf826c68299714bdc1057dff3b113f516?s=96&d=mm&r=g","caption":"Redazione"},"url":"https:\/\/blog.holyart.it\/fr\/author\/admin\/"}]}},"_links":{"self":[{"href":"https:\/\/blog.holyart.it\/fr\/wp-json\/wp\/v2\/posts\/409","targetHints":{"allow":["GET"]}}],"collection":[{"href":"https:\/\/blog.holyart.it\/fr\/wp-json\/wp\/v2\/posts"}],"about":[{"href":"https:\/\/blog.holyart.it\/fr\/wp-json\/wp\/v2\/types\/post"}],"author":[{"embeddable":true,"href":"https:\/\/blog.holyart.it\/fr\/wp-json\/wp\/v2\/users\/1"}],"replies":[{"embeddable":true,"href":"https:\/\/blog.holyart.it\/fr\/wp-json\/wp\/v2\/comments?post=409"}],"version-history":[{"count":0,"href":"https:\/\/blog.holyart.it\/fr\/wp-json\/wp\/v2\/posts\/409\/revisions"}],"wp:featuredmedia":[{"embeddable":true,"href":"https:\/\/blog.holyart.it\/fr\/wp-json\/wp\/v2\/media\/410"}],"wp:attachment":[{"href":"https:\/\/blog.holyart.it\/fr\/wp-json\/wp\/v2\/media?parent=409"}],"wp:term":[{"taxonomy":"category","embeddable":true,"href":"https:\/\/blog.holyart.it\/fr\/wp-json\/wp\/v2\/categories?post=409"},{"taxonomy":"post_tag","embeddable":true,"href":"https:\/\/blog.holyart.it\/fr\/wp-json\/wp\/v2\/tags?post=409"}],"curies":[{"name":"wp","href":"https:\/\/api.w.org\/{rel}","templated":true}]}}