{"id":4083,"date":"2022-03-09T12:30:36","date_gmt":"2022-03-09T11:30:36","guid":{"rendered":"https:\/\/blog.holyart.it\/fr\/?p=4083"},"modified":"2026-03-06T11:05:41","modified_gmt":"2026-03-06T10:05:41","slug":"idees-cadeaux-pour-la-fete-des-peres","status":"publish","type":"post","link":"https:\/\/blog.holyart.it\/fr\/occasions-speciales\/idees-cadeaux-pour-la-fete-des-peres\/","title":{"rendered":"Id\u00e9es-cadeaux pour la F\u00eate des p\u00e8res"},"content":{"rendered":"<h4><em>Voici quelques id\u00e9es-cadeaux pour la F\u00eate des p\u00e8res. Des attentions sp\u00e9ciales pour quelqu\u2019un qui fait un \u201ctravail\u201d vraiment difficile&#8230;<\/em><\/h4>\n<p><em>\u201cChers papas, meilleurs v\u0153ux en ce jour ! Soyez pour vos enfants comme Saint Joseph : les protecteurs de leur croissance en \u00e2ge, sagesse et gr\u00e2ce.\u201d<\/em> Voil\u00e0 le message Twitter de <a href=\"https:\/\/www.holyart.fr\/occasions-speciales\/pape-francois\"><strong>Pape Fran\u00e7ois<\/strong><\/a> \u00e0 l\u2019occasion de la F\u00eate des p\u00e8res en Italie le 19 mars 2018. Pape Fran\u00e7ois est depuis toujours tr\u00e8s attach\u00e9 \u00e0 <a href=\"https:\/\/www.holyart.fr\/blog\/saints-et-bienheureux\/saint-joseph\/\"><strong>Saint Joseph, p\u00e8re putatif de J\u00e9sus<\/strong><\/a>, qui est f\u00eat\u00e9 justement le 19 mars et est donc c\u00e9l\u00e9br\u00e9 en Italie en m\u00eame temps que tous les autres p\u00e8res du monde. Ce n\u2019est pas un hasard si le Pape a choisi le 19 mars pour \u00eatre consacr\u00e9 au Seuil Pontifie et, en outre, il a d\u00e9clar\u00e9 que l\u2019ann\u00e9e <strong>2021 serai enti\u00e8rement \u00e0 Saint joseph<\/strong>. De plus, une habitude connue du Pape est celle d\u2019amener avec lui, depuis le s\u00e9minaire, une statuette de <a href=\"https:\/\/www.holyart.fr\/noel\/creches-noel\/creche-fontanini\/saint-joseph-endormi-fontanini-17-cm\"><strong><u>Saint Joseph endormi<\/u><\/strong><\/a>, \u00e0 laquelle le Pape a admis demander souvent conseil.<\/p>\n<div class=\"link-product\">\n<div class=\"blocco-immagine\"><img loading=\"lazy\" decoding=\"async\" class=\"alignnone size-full wp-image-4092\" src=\"https:\/\/blog.holyart.it\/fr\/wp-content\/uploads\/sites\/14\/2022\/03\/saint-joseph-endormi-fontanini.jpg\" alt=\"saint joseph endormi fontanini\" width=\"100\" height=\"100\" data-kale-share-title=\"Id\u00e9es-cadeaux pour la F\u00eate des p\u00e8res\" data-kale-share-url=\"https:\/\/blog.holyart.it\/fr\/?p=4083\" \/><\/div>\n<div class=\"blocco-contenuto\">\n<div class=\"blocco-acquista\">Acheter sur Holyart:<\/div>\n<div class=\"blocco-titolo\"><a href=\"https:\/\/www.holyart.fr\/noel\/creches-noel\/creche-fontanini\/saint-joseph-endormi-fontanini-17-cm\">Saint Joseph endormi Fontanini 17 cm<\/a><\/div>\n<div class=\"blocco-descrizione\">Santon pour cr\u00e8che r\u00e9alis\u00e9 par l&rsquo;entreprise Fontanini.<\/div>\n<\/div>\n<\/div>\n<p>En voulant vous sugg\u00e9rer aujourd\u2019hui quelques id\u00e9es-cadeaux pour la F\u00eate des p\u00e8res, il nous paraissait beau de commencer notre article avec cette citation qui, dans sa simplicit\u00e9, referme probablement le sens le plus profond de ce que c\u2019est d\u2019<strong>\u00eatre p\u00e8re de nos jours<\/strong>.<\/p>\n<p>Le papa est un v\u00e9ritable <strong>gardien<\/strong>, pour ses enfants, celui qui a la t\u00e2che de les prot\u00e9ger tant qu\u2019ils ne sont pas capables de marcher tous seuls (et souvent apr\u00e8s aussi), en les aidant \u00e0 grandir du mieux possible. Trop souvent cela n\u2019arrive pas. Le monde moderne, avec ses rythmes fr\u00e9n\u00e9tiques, fait parfois oublier aux p\u00e8res leur devoir et leur fait croire qu\u2019ils auront tout le temps pour \u00eatre \u00e0 c\u00f4t\u00e9s de leurs enfants, pour avoir un r\u00f4le dans leur vie, mais ce n\u2019est pas ainsi. Les enfants grandissent vite, et il arrive de plus en plus souvent que les parents restent en arri\u00e8re et perdent toute possibilit\u00e9 d\u2019exercer une quelconque influence sur eux. Ainsi <a href=\"https:\/\/www.holyart.fr\/occasions-speciales\/saint-joseph?sorter_id=6&amp;sort=20a\"><strong>Saint Joseph<\/strong> <strong>fut le protecteur de J\u00e9sus<\/strong><\/a>, il fut \u00e0 ses c\u00f4t\u00e9s pendant l\u2019enfance, il lui apprit son m\u00e9tier et lui transmit sa pens\u00e9e concernant le monde et les choses.<\/p>\n<p><img loading=\"lazy\" decoding=\"async\" class=\"size-full wp-image-4087 aligncenter\" src=\"https:\/\/blog.holyart.it\/fr\/wp-content\/uploads\/sites\/14\/2022\/03\/Saint-Joseph-fut-le-protecteur-de-J\u00e9sus.jpeg\" alt=\"Saint Joseph fut le protecteur de J\u00e9sus\" width=\"1000\" height=\"666\" data-kale-share-title=\"Id\u00e9es-cadeaux pour la F\u00eate des p\u00e8res\" data-kale-share-url=\"https:\/\/blog.holyart.it\/fr\/?p=4083\" \/><\/p>\n<p>&nbsp;<\/p>\n<p>Rappelons que dans <strong>le monde juif<\/strong><strong>\u00a0le rapport p\u00e8res-enfants \u00e9taient tr\u00e8s important.\u00a0<\/strong><br \/>\nDans les Proverbes 1,8-9 nous lisons : \u00c9coute, mon fils, l\u2019instruction de ton p\u00e8re, et ne rejette pas l\u2019enseignement de ta m\u00e8re ; <em>car c&rsquo;est une couronne de gr\u00e2ce pour ta t\u00eate, et une parure pour ton cou <\/em>; ou dans les \u00c9ph\u00e9siens 6,1-3 : <em>Enfants, ob\u00e9issez \u00e0 vos parents, selon le Seigneur, car cela est juste. Honore ton p\u00e8re et ta m\u00e8re c\u2019est le premier commandement avec une promesse, afin que tu sois heureux et que tu vives longtemps sur la terre.<\/em><\/p>\n<h2>Id\u00e9es-cadeaux pour la f\u00eate des p\u00e8res<\/h2>\n<p>Donc qu\u2019est-ce que l\u2019on pourrait offrir de beau \u00e0 une personne si importante comme notre papa \u00e0 l\u2019occasion de sa F\u00eate ? Chez <strong>Holyart<\/strong> nous avons d\u00e9j\u00e0 quelques id\u00e9es en t\u00eate.<\/p>\n<div class=\"sp-styles-warning\" style=\"width: 450px; background-color: #FFF; color: #F00; border: 1px solid #F00; padding: 10px; font-size: 14px;\">\n\t\t\t<span style=\"font-weight: bold;\">Warning: The stylesheets were not loaded!<\/span> \n\t\t\tYou will need to change the <i>Load stylesheets<\/i> setting from <i>Automatically<\/i> to <i>On homepage<\/i> or <i>On all pages<\/i>. \n\t\t\tYou can set that <a style=\"text-decoration: underline; color: #F00;\" href=\"https:\/\/blog.holyart.it\/fr\/wp-admin\/admin.php?page=sliderpro-settings\">here<\/a>.\n\t\t\t<\/div>\r\n<div id=\"slider-pro-76\" class=\"slider-pro sp-no-js\" style=\"width: 500px; height: 500px;\">\r\n\t<div class=\"sp-slides\">\r\n\t\t\r\n\t\t<div class=\"sp-slide\">\r\n\t\t\t<img loading=\"lazy\" decoding=\"async\" class=\"sp-image\" src=\"https:\/\/blog.holyart.it\/fr\/wp-content\/uploads\/sites\/14\/2022\/03\/Id\u00e9es-cadeaux-pour-la-f\u00eate-des-p\u00e8res.jpeg\" alt=\"Id\u00e9es-cadeaux pour la f\u00eate des p\u00e8res\" width=\"500\" height=\"624\" \/>\r\n\t\t\t<div class=\"sp-thumbnail\"><img decoding=\"async\" src=\"https:\/\/blog.holyart.it\/fr\/wp-content\/uploads\/sites\/14\/2022\/03\/Id\u00e9es-cadeaux-pour-la-f\u00eate-des-p\u00e8res.jpeg\" alt=\"Id\u00e9es-cadeaux pour la f\u00eate des p\u00e8res\" \/>\r\n\t\t\t<\/div>\r\n\t\t\t<div class=\"sp-caption\">Id\u00e9es-cadeaux pour la f\u00eate des p\u00e8res<\/div>\r\n\t\t<\/div>\r\n\t\t<div class=\"sp-slide\">\r\n\t\t\t<img loading=\"lazy\" decoding=\"async\" class=\"sp-image\" src=\"https:\/\/blog.holyart.it\/fr\/wp-content\/uploads\/sites\/14\/2022\/03\/Statues-Saint-Joseph.jpg\" alt=\"Statues Saint Joseph\" width=\"500\" height=\"500\" \/>\r\n\t\t\t<div class=\"sp-thumbnail\"><img decoding=\"async\" src=\"https:\/\/blog.holyart.it\/fr\/wp-content\/uploads\/sites\/14\/2022\/03\/Statues-Saint-Joseph.jpg\" alt=\"Statues Saint Joseph\" \/>\r\n\t\t\t<\/div>\r\n\t\t\t<div class=\"sp-caption\">Statues Saint Joseph <br \/>Cat\u00e9gorie d\u00e9di\u00e9e au p\u00e8re putatif de J\u00e9sus et mari fid\u00e8le et respectueux de la Vierge Marie.<br \/><strong><a href=\"https:\/\/www.holyart.fr\/produits\/statues-saint-joseph.php\">Acheter sur Holyart<\/a><\/span><\/strong><\/div>\r\n\t\t<\/div>\r\n\t\t<div class=\"sp-slide\">\r\n\t\t\t<img loading=\"lazy\" decoding=\"async\" class=\"sp-image\" src=\"https:\/\/blog.holyart.it\/fr\/wp-content\/uploads\/sites\/14\/2022\/03\/Montre-cadrant-blanc-Saint-Beno\u00eet-argent-925.jpg\" alt=\"Montre cadrant blanc Saint Beno\u00eet argent 925\" width=\"500\" height=\"500\" \/>\r\n\t\t\t<div class=\"sp-thumbnail\"><img decoding=\"async\" src=\"https:\/\/blog.holyart.it\/fr\/wp-content\/uploads\/sites\/14\/2022\/03\/Montre-cadrant-blanc-Saint-Beno\u00eet-argent.jpg\" alt=\"Montre cadrant blanc Saint Beno\u00eet argent\" \/>\r\n\t\t\t<\/div>\r\n\t\t\t<div class=\"sp-caption\">Montre cadrant blanc Saint Beno\u00eet argent 925<br \/>D\u00e9cor\u00e9 dans la partie inf\u00e9rieure par une m\u00e9daille de Saint Beno\u00eet en argent 925.<br \/><strong><a href=\"https:\/\/www.holyart.fr\/articles-religieux\/crucifix\/croix-de-st.-benoit\/montre-cadrant-blanc-saint-benoit-argent-925\">Acheter sur Holyart<\/a><\/span><\/strong><\/div>\r\n\t\t<\/div>\r\n\t\t<div class=\"sp-slide\">\r\n\t\t\t<img loading=\"lazy\" decoding=\"async\" class=\"sp-image\" src=\"https:\/\/blog.holyart.it\/fr\/wp-content\/uploads\/sites\/14\/2022\/03\/M\u00e9daille-de-Saint-Beno\u00eet-de-Nursie.jpg\" alt=\"M\u00e9daille de Saint Beno\u00eet de Nursie\" width=\"500\" height=\"500\" \/>\r\n\t\t\t<div class=\"sp-thumbnail\"><img decoding=\"async\" src=\"https:\/\/blog.holyart.it\/fr\/wp-content\/uploads\/sites\/14\/2022\/03\/M\u00e9daille-de-Saint-Beno\u00eet.jpg\" alt=\"M\u00e9daille de Saint Beno\u00eet\" \/>\r\n\t\t\t<\/div>\r\n\t\t\t<div class=\"sp-caption\">M\u00e9daille de Saint Beno\u00eet de Nursie<br \/>fut dessin\u00e9e et approuv\u00e9e par Pape Beno\u00eet XIV en 1742, en promettant l\u2019indulgence \u00e0 tous les fid\u00e8les qui l\u2019auraient port\u00e9e avec foi.<br \/><strong><a href=\"https:\/\/www.holyart.fr\/produits\/medaille-de-saint-benoit.php\">Acheter sur Holyart<\/a><\/span><\/strong><\/div>\r\n\t\t<\/div>\r\n\t\t<div class=\"sp-slide\">\r\n\t\t\t<img loading=\"lazy\" decoding=\"async\" class=\"sp-image\" src=\"https:\/\/blog.holyart.it\/fr\/wp-content\/uploads\/sites\/14\/2022\/03\/des-vins-blancs-et-rouges-produits-par-les-moines-des-monast\u00e8res.jpg\" alt=\"des vins blancs et rouges produits par les moines des monast\u00e8res\" width=\"500\" height=\"500\" \/>\r\n\t\t\t<div class=\"sp-thumbnail\"><img decoding=\"async\" src=\"https:\/\/blog.holyart.it\/fr\/wp-content\/uploads\/sites\/14\/2022\/03\/des-vins-blancs-et-rouges-produits-par-les-moines-des-monast\u00e8res.jpg\" alt=\"Des vins blancs et rouges produits par les moines des monast\u00e8res\" \/>\r\n\t\t\t<\/div>\r\n\t\t\t<div class=\"sp-caption\">Les vins rouges et blancs<br \/> produits par les moines des monast\u00e8res selon leurs recettes exclusives.<br \/><strong><a href=\"https:\/\/www.holyart.fr\/produits-des-monasteres\/les-vins-rouges-et-blancs\">Acheter sur Holyart<\/a><\/span><\/strong><\/div>\r\n\t\t<\/div>\r\n\t\t<div class=\"sp-slide\">\r\n\t\t\t<img loading=\"lazy\" decoding=\"async\" class=\"sp-image\" src=\"https:\/\/blog.holyart.it\/fr\/wp-content\/uploads\/sites\/14\/2022\/03\/Produits-pour-lhomme.jpg\" alt=\"Produits pour l&#039;homme\" width=\"500\" height=\"500\" \/>\r\n\t\t\t<div class=\"sp-thumbnail\"><img decoding=\"async\" src=\"https:\/\/blog.holyart.it\/fr\/wp-content\/uploads\/sites\/14\/2022\/03\/After-shave-Camaldoli.jpg\" alt=\"After shave Camaldoli\" \/>\r\n\t\t\t<\/div>\r\n\t\t\t<div class=\"sp-caption\">Cosm\u00e9tiques et huiles essentielles<br \/>Produits pour l'homme r\u00e9alis\u00e9s par les moines du monast\u00e8re de Camaldoli et par des autres monast\u00e8res italiens<br \/><strong><a href=\"https:\/\/www.holyart.fr\/produits-des-monasteres\/cosmetiques-et-huiles-essentielles\/produits-pour-lhomme\">Acheter sur Holyart<\/a><\/span><\/strong><\/div>\r\n\t\t<\/div>\r\n\t\t<div class=\"sp-slide\">\r\n\t\t\t<img loading=\"lazy\" decoding=\"async\" class=\"sp-image\" src=\"https:\/\/blog.holyart.it\/fr\/wp-content\/uploads\/sites\/14\/2022\/03\/produits-de-confiserie.jpg\" alt=\"produits de confiserie\" width=\"500\" height=\"500\" \/>\r\n\t\t\t<div class=\"sp-thumbnail\"><img decoding=\"async\" src=\"https:\/\/blog.holyart.it\/fr\/wp-content\/uploads\/sites\/14\/2022\/03\/produits-de-confiserie.jpg\" alt=\"produits de confiserie\" \/>\r\n\t\t\t<\/div>\r\n\t\t\t<div class=\"sp-caption\">Produits des monast\u00e8res<br \/>Produits de beaut\u00e9 des moines de Camaldoli, les produits de la ruche, les liqueurs, le vin, la huile, les bonbons, les huiles essentielles et plus encore.<br \/><strong><a href=\"https:\/\/www.holyart.fr\/produits-des-monasteres\">Acheter sur Holyart<\/a><\/span><\/strong><\/div>\r\n\t\t<\/div>\r\n\t<\/div>\r\n<\/div>\n<p>&nbsp;<\/p>\n<p>Nous avons d\u00e9j\u00e0 parl\u00e9 de Saint Joseph, p\u00e8re putatif de J\u00e9sus, dont la f\u00eate co\u00efncide en Italie avec celle de tous les p\u00e8res. Donc pourquoi ne pas offrir \u00e0 notre papa <a href=\"https:\/\/www.holyart.fr\/produits\/statues-saint-joseph.php\"><strong>une statue de Saint Joseph<\/strong><\/a>, afin de lui faire comprendre combien nous l\u2019estimons important ? Et pourquoi pas un <a href=\"https:\/\/www.holyart.fr\/noel\/santons-creche\/santon-saint-joseph-endormi-pour-creche-40-cm\"><strong>Saint Joseph endormi<\/strong><\/a>, comme celui que Pape Fran\u00e7ois ch\u00e9rit, afin qu\u2019il le prot\u00e8ge et qu\u2019il lui apporte conseil.<\/p>\n<p>Toujours pour lui faire savoir que nous pensons \u00e0 lui, nous pourrions lui offrir <strong><a href=\"https:\/\/www.holyart.fr\/articles-religieux\/crucifix\/croix-de-st.-benoit\/montre-cadrant-blanc-saint-benoit-argent-925\">une montre\u00a0<\/a><\/strong>ou<a href=\"https:\/\/www.holyart.fr\/produits\/medaille-de-saint-benoit.php\"><strong> une m\u00e9daille de Saint Beno\u00eet<\/strong><\/a> afin de le prot\u00e9ger, encore mieux si elle est produite par <a href=\"https:\/\/www.holyart.fr\/blog\/articles-religieux\/saint-benoit-le-saint-qui-a-inspire-lartisanat-italien\/\"><strong><u>une entreprise artisanale italienne<\/u><\/strong><\/a>. Encore de nos jours la m\u00e9daille de Saint Beno\u00eet est un des symboles sacr\u00e9s les plus r\u00e9pandus et les plus aim\u00e9s par les fid\u00e8les.<\/p>\n<p>En alternative, une bonne <a href=\"https:\/\/www.holyart.fr\/produits-des-monasteres\/les-vins-rouges-et-blancs\"><strong>bouteille de vin produit par une abbaye ou<\/strong><\/a>, si votre papa est toujours sur son trente-un, une <a href=\"https:\/\/www.holyart.fr\/produits-des-monasteres\/cosmetiques-et-huiles-essentielles\/parfums-apres-rasage-eau-de-cologne\/eau-parfumee-homme-agrumes-camaldoli-100-ml\"><strong>eau-de-Cologne <\/strong><\/a>ou<a href=\"https:\/\/www.holyart.fr\/produits-des-monasteres\/cosmetiques-et-huiles-essentielles\/parfums-apres-rasage-eau-de-cologne\/after-shave-camaldoli-100ml\"><strong> un apr\u00e8s rasage<\/strong> <strong>produits par la pharmacie de Camaldoli<\/strong><\/a>. Si cependant vous avez un papa gourmand, il pourrait appr\u00e9cier <a href=\"https:\/\/www.holyart.fr\/produits-des-monasteres\"><strong>une bonne sucrerie<\/strong> <strong>r\u00e9alis\u00e9e dans un monast\u00e8re<\/strong><\/a>. Il y en a de d\u00e9licieuses, comme <a href=\"https:\/\/www.holyart.fr\/produits-des-monasteres\/confitures-et-marmelades\"><strong>les confitures<\/strong><\/a>, <a href=\"https:\/\/www.holyart.fr\/produits-des-monasteres\/bonbons-gateaux\"><strong>les bonbons<\/strong><\/a>, <a href=\"https:\/\/www.holyart.fr\/produits-des-monasteres\/produits-de-la-ruche\"><strong>le miel<\/strong><\/a>.<\/p>\n<div class=\"link-product\">\n<div class=\"blocco-immagine\"><img loading=\"lazy\" decoding=\"async\" class=\"alignnone size-full wp-image-4101\" src=\"https:\/\/blog.holyart.it\/fr\/wp-content\/uploads\/sites\/14\/2022\/03\/caco-am\u00e8re-en-poudre.jpg\" alt=\"caco am\u00e8re en poudre\" width=\"100\" height=\"100\" data-kale-share-title=\"Id\u00e9es-cadeaux pour la F\u00eate des p\u00e8res\" data-kale-share-url=\"https:\/\/blog.holyart.it\/fr\/?p=4083\" \/><\/div>\n<div class=\"blocco-contenuto\">\n<div class=\"blocco-acquista\">Acheter sur Holyart:<\/div>\n<div class=\"blocco-titolo\"><a href=\"https:\/\/www.holyart.fr\/produits-des-monasteres\/chocolat-des-trappistes\/caco-amere-en-poudre-250gr-trappisti-frattocchie\">caco am\u00e8re en poudre<\/a><\/div>\n<div class=\"blocco-descrizione\">Produit choisi parmi les meilleures mati\u00e8res premi\u00e8res.<\/div>\n<\/div>\n<\/div>\n<p>Si vous \u00eates dou\u00e9s en cuisine, vous pourriez pr\u00e9parer pour lui les \u00ab\u00a0<strong>zeppole<\/strong>\u00a0\u00bb, un dessert typique du jour de Saint Joseph en Italie, en choisissant par exemple la variante au cacao avec cr\u00e8me p\u00e2tissi\u00e8re pour plus de gourmandise.<br \/>\nMettez fondre <strong>70 g de beurre<\/strong> dans <strong>250 ml d\u2019eau<\/strong> et accompagn\u00e9 d\u2019une <strong>pinc\u00e9e de sel<\/strong> dans une casserole ; quand l\u2019eau bout, ajoutez <strong>130 g de farine<\/strong> et <strong>30 g de <\/strong><a href=\"https:\/\/www.holyart.fr\/produits-des-monasteres\/chocolat-des-trappistes\/caco-amere-en-poudre-250gr-trappisti-frattocchie\"><strong>cacao amer en poudre<\/strong><\/a> et m\u00e9langez jusqu\u2019\u00e0 ce que la p\u00e2te ne se d\u00e9tache des parois de la casserole. Quand la p\u00e2te aura refroidi, ajoutez <strong>4 \u0153ufs<\/strong>, un \u00e0 la fois, en continuant de bien m\u00e9langer. Maintenant vous pouvez transf\u00e9rer la p\u00e2te dans une poche \u00e0 douilles et former les <em>zeppole<\/em> en les disposant sur une plaque de four recouverte de papier de cuisson. Enfournez pendant 20 minutes \u00e0 200\u00b0. Ouvrez le four pendant les 5 derni\u00e8res minutes, \u00e9teignez-le ensuite et laissez-le refroidir avec les p\u00e2tisseries \u00e0 l\u2019int\u00e9rieur. En attendant, pr\u00e9parez la cr\u00e8me en m\u00e9langeant <strong>75 g de farine<\/strong>, <strong>75 g de sucre<\/strong> et <strong>4 jaunes d\u2019\u0153uf<\/strong> dans une casserole. Ajoutez de la <strong>vanilline<\/strong>, de l\u2019<strong>ar\u00f4me d\u2019orange <\/strong>et, peu \u00e0 peu, <strong>500 ml de lait<\/strong>, tout en m\u00e9langeant pour \u00e9viter les grumeaux. Quand la cr\u00e8me sera \u00e9paissie sur le feu, \u00e9teignez et laissez-la refroidir. Utilisez-la ensuite pour farcir les <em>zeppole<\/em> de Saint Joseph. Et la touche finale : d\u00e9corez avec une cerise confite !<\/p>\n<figure id=\"attachment_4089\" aria-describedby=\"caption-attachment-4089\" style=\"width: 1000px\" class=\"wp-caption aligncenter\"><img loading=\"lazy\" decoding=\"async\" class=\"wp-image-4089 size-full\" src=\"https:\/\/blog.holyart.it\/fr\/wp-content\/uploads\/sites\/14\/2022\/03\/zeppole.png\" alt=\"zeppole\" width=\"1000\" height=\"671\" data-kale-share-title=\"Id\u00e9es-cadeaux pour la F\u00eate des p\u00e8res\" data-kale-share-url=\"https:\/\/blog.holyart.it\/fr\/?p=4083\" \/><figcaption id=\"caption-attachment-4089\" class=\"wp-caption-text\"><center><strong>Zeppole au cacao<\/strong><br \/><em>Fonte: Pinterest<\/em><\/center><\/figcaption><\/figure>\n","protected":false},"excerpt":{"rendered":"<p>Voici quelques id\u00e9es-cadeaux pour la F\u00eate des p\u00e8res. Des attentions sp\u00e9ciales pour quelqu\u2019un qui fait un \u201ctravail\u201d vraiment difficile&#8230; \u201cChers papas, meilleurs v\u0153ux en ce jour ! Soyez pour vos enfants comme Saint Joseph : les protecteurs de leur croissance en \u00e2ge, sagesse et gr\u00e2ce.\u201d&hellip;<\/p>\n","protected":false},"author":1,"featured_media":10301,"comment_status":"closed","ping_status":"open","sticky":false,"template":"","format":"standard","meta":{"_acf_changed":false,"footnotes":""},"categories":[12,7],"tags":[],"class_list":["post-4083","post","type-post","status-publish","format-standard","has-post-thumbnail","hentry","category-occasions-speciales","category-saints-et-bienheureux"],"acf":[],"yoast_head":"<!-- This site is optimized with the Yoast SEO plugin v26.6 - https:\/\/yoast.com\/wordpress\/plugins\/seo\/ -->\n<title>Id\u00e9es-cadeaux pour la F\u00eate des p\u00e8res<\/title>\n<meta name=\"description\" content=\"Voici quelques id\u00e9es-cadeaux pour la F\u00eate des p\u00e8res. Des attentions sp\u00e9ciales pour quelqu\u2019un qui fait un \u201ctravail\u201d vraiment difficile...\" \/>\n<meta name=\"robots\" content=\"index, follow, max-snippet:-1, max-image-preview:large, max-video-preview:-1\" \/>\n<link rel=\"canonical\" href=\"https:\/\/blog.holyart.it\/fr\/occasions-speciales\/idees-cadeaux-pour-la-fete-des-peres\/\" \/>\n<meta property=\"og:locale\" content=\"fr_FR\" \/>\n<meta property=\"og:type\" content=\"article\" \/>\n<meta property=\"og:title\" content=\"Id\u00e9es-cadeaux pour la F\u00eate des p\u00e8res\" \/>\n<meta property=\"og:description\" content=\"Voici quelques id\u00e9es-cadeaux pour la F\u00eate des p\u00e8res. Des attentions sp\u00e9ciales pour quelqu\u2019un qui fait un \u201ctravail\u201d vraiment difficile...\" \/>\n<meta property=\"og:url\" content=\"https:\/\/blog.holyart.it\/fr\/occasions-speciales\/idees-cadeaux-pour-la-fete-des-peres\/\" \/>\n<meta property=\"og:site_name\" content=\"Holyart.fr Blog\" \/>\n<meta property=\"article:published_time\" content=\"2022-03-09T11:30:36+00:00\" \/>\n<meta property=\"article:modified_time\" content=\"2026-03-06T10:05:41+00:00\" \/>\n<meta property=\"og:image\" content=\"https:\/\/blog.holyart.it\/fr\/wp-content\/uploads\/sites\/14\/2022\/03\/Idees-cadeaux-pour-la-Fete-des-peres-2.jpeg\" \/>\n\t<meta property=\"og:image:width\" content=\"1000\" \/>\n\t<meta property=\"og:image:height\" content=\"666\" \/>\n\t<meta property=\"og:image:type\" content=\"image\/jpeg\" \/>\n<meta name=\"author\" content=\"Redazione\" \/>\n<meta name=\"twitter:card\" content=\"summary_large_image\" \/>\n<meta name=\"twitter:label1\" content=\"\u00c9crit par\" \/>\n\t<meta name=\"twitter:data1\" content=\"Redazione\" \/>\n\t<meta name=\"twitter:label2\" content=\"Dur\u00e9e de lecture estim\u00e9e\" \/>\n\t<meta name=\"twitter:data2\" content=\"6 minutes\" \/>\n<script type=\"application\/ld+json\" class=\"yoast-schema-graph\">{\"@context\":\"https:\/\/schema.org\",\"@graph\":[{\"@type\":\"Article\",\"@id\":\"https:\/\/blog.holyart.it\/fr\/occasions-speciales\/idees-cadeaux-pour-la-fete-des-peres\/#article\",\"isPartOf\":{\"@id\":\"https:\/\/blog.holyart.it\/fr\/occasions-speciales\/idees-cadeaux-pour-la-fete-des-peres\/\"},\"author\":{\"name\":\"Redazione\",\"@id\":\"https:\/\/blog.holyart.it\/fr\/#\/schema\/person\/0a7b686e5af0f856ec1e390dd0baecda\"},\"headline\":\"Id\u00e9es-cadeaux pour la F\u00eate des p\u00e8res\",\"datePublished\":\"2022-03-09T11:30:36+00:00\",\"dateModified\":\"2026-03-06T10:05:41+00:00\",\"mainEntityOfPage\":{\"@id\":\"https:\/\/blog.holyart.it\/fr\/occasions-speciales\/idees-cadeaux-pour-la-fete-des-peres\/\"},\"wordCount\":1061,\"publisher\":{\"@id\":\"https:\/\/blog.holyart.it\/fr\/#organization\"},\"image\":{\"@id\":\"https:\/\/blog.holyart.it\/fr\/occasions-speciales\/idees-cadeaux-pour-la-fete-des-peres\/#primaryimage\"},\"thumbnailUrl\":\"https:\/\/blog.holyart.it\/fr\/wp-content\/uploads\/sites\/14\/2022\/03\/Idees-cadeaux-pour-la-Fete-des-peres-2.jpeg\",\"articleSection\":[\"Occasions sp\u00e9ciales\",\"Saints et Bienheureux\"],\"inLanguage\":\"fr-FR\"},{\"@type\":\"WebPage\",\"@id\":\"https:\/\/blog.holyart.it\/fr\/occasions-speciales\/idees-cadeaux-pour-la-fete-des-peres\/\",\"url\":\"https:\/\/blog.holyart.it\/fr\/occasions-speciales\/idees-cadeaux-pour-la-fete-des-peres\/\",\"name\":\"Id\u00e9es-cadeaux pour la F\u00eate des p\u00e8res\",\"isPartOf\":{\"@id\":\"https:\/\/blog.holyart.it\/fr\/#website\"},\"primaryImageOfPage\":{\"@id\":\"https:\/\/blog.holyart.it\/fr\/occasions-speciales\/idees-cadeaux-pour-la-fete-des-peres\/#primaryimage\"},\"image\":{\"@id\":\"https:\/\/blog.holyart.it\/fr\/occasions-speciales\/idees-cadeaux-pour-la-fete-des-peres\/#primaryimage\"},\"thumbnailUrl\":\"https:\/\/blog.holyart.it\/fr\/wp-content\/uploads\/sites\/14\/2022\/03\/Idees-cadeaux-pour-la-Fete-des-peres-2.jpeg\",\"datePublished\":\"2022-03-09T11:30:36+00:00\",\"dateModified\":\"2026-03-06T10:05:41+00:00\",\"description\":\"Voici quelques id\u00e9es-cadeaux pour la F\u00eate des p\u00e8res. Des attentions sp\u00e9ciales pour quelqu\u2019un qui fait un \u201ctravail\u201d vraiment difficile...\",\"breadcrumb\":{\"@id\":\"https:\/\/blog.holyart.it\/fr\/occasions-speciales\/idees-cadeaux-pour-la-fete-des-peres\/#breadcrumb\"},\"inLanguage\":\"fr-FR\",\"potentialAction\":[{\"@type\":\"ReadAction\",\"target\":[\"https:\/\/blog.holyart.it\/fr\/occasions-speciales\/idees-cadeaux-pour-la-fete-des-peres\/\"]}]},{\"@type\":\"ImageObject\",\"inLanguage\":\"fr-FR\",\"@id\":\"https:\/\/blog.holyart.it\/fr\/occasions-speciales\/idees-cadeaux-pour-la-fete-des-peres\/#primaryimage\",\"url\":\"https:\/\/blog.holyart.it\/fr\/wp-content\/uploads\/sites\/14\/2022\/03\/Idees-cadeaux-pour-la-Fete-des-peres-2.jpeg\",\"contentUrl\":\"https:\/\/blog.holyart.it\/fr\/wp-content\/uploads\/sites\/14\/2022\/03\/Idees-cadeaux-pour-la-Fete-des-peres-2.jpeg\",\"width\":1000,\"height\":666,\"caption\":\"Id\u00e9es-cadeaux pour la F\u00eate des p\u00e8res\"},{\"@type\":\"BreadcrumbList\",\"@id\":\"https:\/\/blog.holyart.it\/fr\/occasions-speciales\/idees-cadeaux-pour-la-fete-des-peres\/#breadcrumb\",\"itemListElement\":[{\"@type\":\"ListItem\",\"position\":1,\"name\":\"Homepage\",\"item\":\"https:\/\/blog.holyart.it\/fr\/\"},{\"@type\":\"ListItem\",\"position\":2,\"name\":\"Occasions sp\u00e9ciales\",\"item\":\"https:\/\/blog.holyart.it\/fr\/occasions-speciales\/\"},{\"@type\":\"ListItem\",\"position\":3,\"name\":\"Id\u00e9es-cadeaux pour la F\u00eate des p\u00e8res\"}]},{\"@type\":\"WebSite\",\"@id\":\"https:\/\/blog.holyart.it\/fr\/#website\",\"url\":\"https:\/\/blog.holyart.it\/fr\/\",\"name\":\"Holyart.fr Blog\",\"description\":\"Holyblog\",\"publisher\":{\"@id\":\"https:\/\/blog.holyart.it\/fr\/#organization\"},\"potentialAction\":[{\"@type\":\"SearchAction\",\"target\":{\"@type\":\"EntryPoint\",\"urlTemplate\":\"https:\/\/blog.holyart.it\/fr\/?s={search_term_string}\"},\"query-input\":{\"@type\":\"PropertyValueSpecification\",\"valueRequired\":true,\"valueName\":\"search_term_string\"}}],\"inLanguage\":\"fr-FR\"},{\"@type\":\"Organization\",\"@id\":\"https:\/\/blog.holyart.it\/fr\/#organization\",\"name\":\"Holyart.fr Blog\",\"url\":\"https:\/\/blog.holyart.it\/fr\/\",\"logo\":{\"@type\":\"ImageObject\",\"inLanguage\":\"fr-FR\",\"@id\":\"https:\/\/blog.holyart.it\/fr\/#\/schema\/logo\/image\/\",\"url\":\"https:\/\/blog.holyart.it\/fr\/wp-content\/uploads\/sites\/14\/2022\/12\/Holyart_Blog_Logo.jpg\",\"contentUrl\":\"https:\/\/blog.holyart.it\/fr\/wp-content\/uploads\/sites\/14\/2022\/12\/Holyart_Blog_Logo.jpg\",\"width\":300,\"height\":50,\"caption\":\"Holyart.fr Blog\"},\"image\":{\"@id\":\"https:\/\/blog.holyart.it\/fr\/#\/schema\/logo\/image\/\"}},{\"@type\":\"Person\",\"@id\":\"https:\/\/blog.holyart.it\/fr\/#\/schema\/person\/0a7b686e5af0f856ec1e390dd0baecda\",\"name\":\"Redazione\",\"image\":{\"@type\":\"ImageObject\",\"inLanguage\":\"fr-FR\",\"@id\":\"https:\/\/blog.holyart.it\/fr\/#\/schema\/person\/image\/\",\"url\":\"https:\/\/secure.gravatar.com\/avatar\/f477da817f43e50d0af36abecd33e3edf826c68299714bdc1057dff3b113f516?s=96&d=mm&r=g\",\"contentUrl\":\"https:\/\/secure.gravatar.com\/avatar\/f477da817f43e50d0af36abecd33e3edf826c68299714bdc1057dff3b113f516?s=96&d=mm&r=g\",\"caption\":\"Redazione\"},\"url\":\"https:\/\/blog.holyart.it\/fr\/author\/admin\/\"}]}<\/script>\n<!-- \/ Yoast SEO plugin. -->","yoast_head_json":{"title":"Id\u00e9es-cadeaux pour la F\u00eate des p\u00e8res","description":"Voici quelques id\u00e9es-cadeaux pour la F\u00eate des p\u00e8res. Des attentions sp\u00e9ciales pour quelqu\u2019un qui fait un \u201ctravail\u201d vraiment difficile...","robots":{"index":"index","follow":"follow","max-snippet":"max-snippet:-1","max-image-preview":"max-image-preview:large","max-video-preview":"max-video-preview:-1"},"canonical":"https:\/\/blog.holyart.it\/fr\/occasions-speciales\/idees-cadeaux-pour-la-fete-des-peres\/","og_locale":"fr_FR","og_type":"article","og_title":"Id\u00e9es-cadeaux pour la F\u00eate des p\u00e8res","og_description":"Voici quelques id\u00e9es-cadeaux pour la F\u00eate des p\u00e8res. Des attentions sp\u00e9ciales pour quelqu\u2019un qui fait un \u201ctravail\u201d vraiment difficile...","og_url":"https:\/\/blog.holyart.it\/fr\/occasions-speciales\/idees-cadeaux-pour-la-fete-des-peres\/","og_site_name":"Holyart.fr Blog","article_published_time":"2022-03-09T11:30:36+00:00","article_modified_time":"2026-03-06T10:05:41+00:00","og_image":[{"width":1000,"height":666,"url":"https:\/\/blog.holyart.it\/fr\/wp-content\/uploads\/sites\/14\/2022\/03\/Idees-cadeaux-pour-la-Fete-des-peres-2.jpeg","type":"image\/jpeg"}],"author":"Redazione","twitter_card":"summary_large_image","twitter_misc":{"\u00c9crit par":"Redazione","Dur\u00e9e de lecture estim\u00e9e":"6 minutes"},"schema":{"@context":"https:\/\/schema.org","@graph":[{"@type":"Article","@id":"https:\/\/blog.holyart.it\/fr\/occasions-speciales\/idees-cadeaux-pour-la-fete-des-peres\/#article","isPartOf":{"@id":"https:\/\/blog.holyart.it\/fr\/occasions-speciales\/idees-cadeaux-pour-la-fete-des-peres\/"},"author":{"name":"Redazione","@id":"https:\/\/blog.holyart.it\/fr\/#\/schema\/person\/0a7b686e5af0f856ec1e390dd0baecda"},"headline":"Id\u00e9es-cadeaux pour la F\u00eate des p\u00e8res","datePublished":"2022-03-09T11:30:36+00:00","dateModified":"2026-03-06T10:05:41+00:00","mainEntityOfPage":{"@id":"https:\/\/blog.holyart.it\/fr\/occasions-speciales\/idees-cadeaux-pour-la-fete-des-peres\/"},"wordCount":1061,"publisher":{"@id":"https:\/\/blog.holyart.it\/fr\/#organization"},"image":{"@id":"https:\/\/blog.holyart.it\/fr\/occasions-speciales\/idees-cadeaux-pour-la-fete-des-peres\/#primaryimage"},"thumbnailUrl":"https:\/\/blog.holyart.it\/fr\/wp-content\/uploads\/sites\/14\/2022\/03\/Idees-cadeaux-pour-la-Fete-des-peres-2.jpeg","articleSection":["Occasions sp\u00e9ciales","Saints et Bienheureux"],"inLanguage":"fr-FR"},{"@type":"WebPage","@id":"https:\/\/blog.holyart.it\/fr\/occasions-speciales\/idees-cadeaux-pour-la-fete-des-peres\/","url":"https:\/\/blog.holyart.it\/fr\/occasions-speciales\/idees-cadeaux-pour-la-fete-des-peres\/","name":"Id\u00e9es-cadeaux pour la F\u00eate des p\u00e8res","isPartOf":{"@id":"https:\/\/blog.holyart.it\/fr\/#website"},"primaryImageOfPage":{"@id":"https:\/\/blog.holyart.it\/fr\/occasions-speciales\/idees-cadeaux-pour-la-fete-des-peres\/#primaryimage"},"image":{"@id":"https:\/\/blog.holyart.it\/fr\/occasions-speciales\/idees-cadeaux-pour-la-fete-des-peres\/#primaryimage"},"thumbnailUrl":"https:\/\/blog.holyart.it\/fr\/wp-content\/uploads\/sites\/14\/2022\/03\/Idees-cadeaux-pour-la-Fete-des-peres-2.jpeg","datePublished":"2022-03-09T11:30:36+00:00","dateModified":"2026-03-06T10:05:41+00:00","description":"Voici quelques id\u00e9es-cadeaux pour la F\u00eate des p\u00e8res. Des attentions sp\u00e9ciales pour quelqu\u2019un qui fait un \u201ctravail\u201d vraiment difficile...","breadcrumb":{"@id":"https:\/\/blog.holyart.it\/fr\/occasions-speciales\/idees-cadeaux-pour-la-fete-des-peres\/#breadcrumb"},"inLanguage":"fr-FR","potentialAction":[{"@type":"ReadAction","target":["https:\/\/blog.holyart.it\/fr\/occasions-speciales\/idees-cadeaux-pour-la-fete-des-peres\/"]}]},{"@type":"ImageObject","inLanguage":"fr-FR","@id":"https:\/\/blog.holyart.it\/fr\/occasions-speciales\/idees-cadeaux-pour-la-fete-des-peres\/#primaryimage","url":"https:\/\/blog.holyart.it\/fr\/wp-content\/uploads\/sites\/14\/2022\/03\/Idees-cadeaux-pour-la-Fete-des-peres-2.jpeg","contentUrl":"https:\/\/blog.holyart.it\/fr\/wp-content\/uploads\/sites\/14\/2022\/03\/Idees-cadeaux-pour-la-Fete-des-peres-2.jpeg","width":1000,"height":666,"caption":"Id\u00e9es-cadeaux pour la F\u00eate des p\u00e8res"},{"@type":"BreadcrumbList","@id":"https:\/\/blog.holyart.it\/fr\/occasions-speciales\/idees-cadeaux-pour-la-fete-des-peres\/#breadcrumb","itemListElement":[{"@type":"ListItem","position":1,"name":"Homepage","item":"https:\/\/blog.holyart.it\/fr\/"},{"@type":"ListItem","position":2,"name":"Occasions sp\u00e9ciales","item":"https:\/\/blog.holyart.it\/fr\/occasions-speciales\/"},{"@type":"ListItem","position":3,"name":"Id\u00e9es-cadeaux pour la F\u00eate des p\u00e8res"}]},{"@type":"WebSite","@id":"https:\/\/blog.holyart.it\/fr\/#website","url":"https:\/\/blog.holyart.it\/fr\/","name":"Holyart.fr Blog","description":"Holyblog","publisher":{"@id":"https:\/\/blog.holyart.it\/fr\/#organization"},"potentialAction":[{"@type":"SearchAction","target":{"@type":"EntryPoint","urlTemplate":"https:\/\/blog.holyart.it\/fr\/?s={search_term_string}"},"query-input":{"@type":"PropertyValueSpecification","valueRequired":true,"valueName":"search_term_string"}}],"inLanguage":"fr-FR"},{"@type":"Organization","@id":"https:\/\/blog.holyart.it\/fr\/#organization","name":"Holyart.fr Blog","url":"https:\/\/blog.holyart.it\/fr\/","logo":{"@type":"ImageObject","inLanguage":"fr-FR","@id":"https:\/\/blog.holyart.it\/fr\/#\/schema\/logo\/image\/","url":"https:\/\/blog.holyart.it\/fr\/wp-content\/uploads\/sites\/14\/2022\/12\/Holyart_Blog_Logo.jpg","contentUrl":"https:\/\/blog.holyart.it\/fr\/wp-content\/uploads\/sites\/14\/2022\/12\/Holyart_Blog_Logo.jpg","width":300,"height":50,"caption":"Holyart.fr Blog"},"image":{"@id":"https:\/\/blog.holyart.it\/fr\/#\/schema\/logo\/image\/"}},{"@type":"Person","@id":"https:\/\/blog.holyart.it\/fr\/#\/schema\/person\/0a7b686e5af0f856ec1e390dd0baecda","name":"Redazione","image":{"@type":"ImageObject","inLanguage":"fr-FR","@id":"https:\/\/blog.holyart.it\/fr\/#\/schema\/person\/image\/","url":"https:\/\/secure.gravatar.com\/avatar\/f477da817f43e50d0af36abecd33e3edf826c68299714bdc1057dff3b113f516?s=96&d=mm&r=g","contentUrl":"https:\/\/secure.gravatar.com\/avatar\/f477da817f43e50d0af36abecd33e3edf826c68299714bdc1057dff3b113f516?s=96&d=mm&r=g","caption":"Redazione"},"url":"https:\/\/blog.holyart.it\/fr\/author\/admin\/"}]}},"_links":{"self":[{"href":"https:\/\/blog.holyart.it\/fr\/wp-json\/wp\/v2\/posts\/4083","targetHints":{"allow":["GET"]}}],"collection":[{"href":"https:\/\/blog.holyart.it\/fr\/wp-json\/wp\/v2\/posts"}],"about":[{"href":"https:\/\/blog.holyart.it\/fr\/wp-json\/wp\/v2\/types\/post"}],"author":[{"embeddable":true,"href":"https:\/\/blog.holyart.it\/fr\/wp-json\/wp\/v2\/users\/1"}],"replies":[{"embeddable":true,"href":"https:\/\/blog.holyart.it\/fr\/wp-json\/wp\/v2\/comments?post=4083"}],"version-history":[{"count":1,"href":"https:\/\/blog.holyart.it\/fr\/wp-json\/wp\/v2\/posts\/4083\/revisions"}],"predecessor-version":[{"id":6499,"href":"https:\/\/blog.holyart.it\/fr\/wp-json\/wp\/v2\/posts\/4083\/revisions\/6499"}],"wp:featuredmedia":[{"embeddable":true,"href":"https:\/\/blog.holyart.it\/fr\/wp-json\/wp\/v2\/media\/10301"}],"wp:attachment":[{"href":"https:\/\/blog.holyart.it\/fr\/wp-json\/wp\/v2\/media?parent=4083"}],"wp:term":[{"taxonomy":"category","embeddable":true,"href":"https:\/\/blog.holyart.it\/fr\/wp-json\/wp\/v2\/categories?post=4083"},{"taxonomy":"post_tag","embeddable":true,"href":"https:\/\/blog.holyart.it\/fr\/wp-json\/wp\/v2\/tags?post=4083"}],"curies":[{"name":"wp","href":"https:\/\/api.w.org\/{rel}","templated":true}]}}