{"id":406,"date":"2017-06-28T16:03:58","date_gmt":"2017-06-28T14:03:58","guid":{"rendered":"https:\/\/blog.holyart.it\/fr\/?p=406"},"modified":"2025-02-12T14:52:18","modified_gmt":"2025-02-12T13:52:18","slug":"pentecote-jour-on-celebre-saint-esprit-naissance-de-leglise","status":"publish","type":"post","link":"https:\/\/blog.holyart.it\/fr\/paques\/pentecote-jour-on-celebre-saint-esprit-naissance-de-leglise\/","title":{"rendered":"La Pentec\u00f4te : le jour o\u00f9 on c\u00e9l\u00e8bre le Saint Esprit et la naissance de l\u2019\u00c9glise"},"content":{"rendered":"<p>La <strong>Pentec\u00f4te<\/strong> est probablement, apr\u00e8s <span style=\"color: #0000ff;\"><strong><a style=\"color: #0000ff;\" href=\"https:\/\/www.holyart.fr\/occasions-speciales\/paques-et-careme\">P\u00e2ques<\/a><\/strong><\/span>, la f\u00eate la plus importante de l\u2019\u00c9glise catholique. Elle c\u00e9l\u00e8bre la descente du Saint Esprit, troisi\u00e8me personne de la Tr\u00e8s Sainte Trinit\u00e9, advenue apr\u00e8s la R\u00e9surrection de J\u00e9sus Christ et, dans un certain sens, le moment de la naissance m\u00eame de l\u2019\u00c9glise.<\/p>\n<p>Au d\u00e9but elle co\u00efncidait avec la f\u00eate h\u00e9bra\u00efque du Chavouot, un sorte de c\u00e9l\u00e9bration et de remerciement pour f\u00eater les moissons de la p\u00e9riode apr\u00e8s P\u00e2ques. A cette occasion, les h\u00e9breux remerciaient Dieu pour les fruits de la terre qu\u2019il leur avait \u00e9t\u00e9 donn\u00e9. Dans un deuxi\u00e8me temps, elle devint aussi le jour o\u00f9 on f\u00eatait la transmission du D\u00e9calogue \u00e0 Mo\u00efse au mont Sina\u00ef.<\/p>\n<p>Aujourd\u2019hui les catholiques f\u00eatent la Pentec\u00f4te 50 jours apr\u00e8s P\u00e2ques. La r\u00e9f\u00e9rence \u00e0 la f\u00eate h\u00e9bra\u00efque reste, surtout en ce qui concerne l\u2019attitude de remerciement avec laquelle les fid\u00e8les s\u2019adressent \u00e0 Dieu. Dans la Pentec\u00f4te chr\u00e9tienne aussi, en effet, on parle d\u2019un grand et pr\u00e9cieux cadeau que Dieu a voulu offrir \u00e0 son peuple, i.e. la <strong>Gr\u00e2ce du Saint Esprit<\/strong>. Dans le deuxi\u00e8me chapitre des Actes des Ap\u00f4tres, on raconte comment la Sainte Vierge et les ap\u00f4tres s\u2019\u00e9taient r\u00e9unis pour f\u00eater la Pentec\u00f4te avec le traditionnel p\u00e8lerinage \u00e0 J\u00e9rusalem et, tout comme eux, beaucoup d\u2019h\u00e9breux. Le Saint Esprit descendit sur eux sous forme d\u2019un grondement venant du ciel et de langues de feu qui se pos\u00e8rent sur chacun d\u2019entre eux. \u00c0 partir de ce moment-l\u00e0, ils furent tous capables de parler dans n\u2019importe quelle langue.<\/p>\n<p>Les qualit\u00e9s salvifiques et de sanctification du Saint Esprit assument une <strong>signification d\u2019unification et d\u2019inspiration pour les ap\u00f4tres<\/strong>, qui apr\u00e8s cette rencontre miraculeuse ressentent le devoir de commencer leur mission \u0153cum\u00e9nique et, d\u2019un point de vue, de cr\u00e9er l\u2019\u00c9glise. Avant cette \u00e9pisode, le Saint Esprit n\u2019avait pas encore \u00e9t\u00e9 d\u00e9crit en tant que personne divine. Uniquement dans l\u2019Ancien Testament, \u00e0 une vision du Saint Esprit comme force impersonnelle qui fa\u00e7onne les sorts de l\u2019univers se joigne le culte de sa personnalit\u00e9\u00a0: le Saint Esprit devient une personnification de l\u2019amour de Dieu, de sa volont\u00e9 consolatrice envers ses fils, de la sagesse infinie avec laquelle il instruit les disciples de J\u00e9sus afin qu\u2019ils deviennent promoteurs de v\u00e9rit\u00e9 et salut parmi les hommes. Il est souvent repr\u00e9sent\u00e9 comme une <strong>colombe blanche<\/strong>, ou bien comme les langues de feu qui auraient touch\u00e9 Marie et les Ap\u00f4tres.<\/p>\n<p>Le Saint Esprit transmet \u00e0 ceux qui en sont investis de multiples dons\u00a0: sagesse, intelligence, conseil, force, science, piti\u00e9 et crainte de Dieu. Tous les fid\u00e8les en b\u00e9n\u00e9ficient \u00e0 travers le <span style=\"color: #0000ff;\"><strong><a style=\"color: #0000ff;\" href=\"https:\/\/www.holyart.fr\/occasions-speciales\/bapteme\">Bapt\u00eame<\/a><\/strong><\/span> avant et la <span style=\"color: #0000ff;\"><strong><a style=\"color: #0000ff;\" href=\"https:\/\/www.holyart.fr\/occasions-speciales\/confirmation\">Confirmation<\/a><\/strong><\/span> ensuite. La Pentec\u00f4te est une f\u00eate qui implique tous les fid\u00e8les et surtout leurs familles, envelopp\u00e9es de la gr\u00e2ce du Saint Esprit et rendues plus unies et plus fortes contre les difficult\u00e9s de tous les jours.<\/p>\n","protected":false},"excerpt":{"rendered":"<p>La Pentec\u00f4te est probablement, apr\u00e8s P\u00e2ques, la f\u00eate la plus importante de l\u2019\u00c9glise catholique. Elle c\u00e9l\u00e8bre la descente du Saint Esprit, troisi\u00e8me personne de la Tr\u00e8s Sainte Trinit\u00e9, advenue apr\u00e8s la R\u00e9surrection de J\u00e9sus Christ et, dans un certain sens, le moment de la naissance&hellip;<\/p>\n","protected":false},"author":1,"featured_media":407,"comment_status":"closed","ping_status":"open","sticky":false,"template":"","format":"standard","meta":{"_acf_changed":false,"footnotes":""},"categories":[14,8],"tags":[],"class_list":["post-406","post","type-post","status-publish","format-standard","has-post-thumbnail","hentry","category-paques","category-articles-religieux"],"acf":[],"yoast_head":"<!-- This site is optimized with the Yoast SEO plugin v26.6 - https:\/\/yoast.com\/wordpress\/plugins\/seo\/ -->\n<title>La Pentec\u00f4te : le jour o\u00f9 on c\u00e9l\u00e8bre le Saint Esprit<\/title>\n<meta name=\"description\" content=\"La Pentec\u00f4te est, apr\u00e8s P\u00e2ques, la f\u00eate la plus importante de l\u2019\u00c9glise catholique. Elle c\u00e9l\u00e8bre la descente du Saint Esprit.\" \/>\n<meta name=\"robots\" content=\"index, follow, max-snippet:-1, max-image-preview:large, max-video-preview:-1\" \/>\n<link rel=\"canonical\" href=\"https:\/\/blog.holyart.it\/fr\/paques\/pentecote-jour-on-celebre-saint-esprit-naissance-de-leglise\/\" \/>\n<meta property=\"og:locale\" content=\"fr_FR\" \/>\n<meta property=\"og:type\" content=\"article\" \/>\n<meta property=\"og:title\" content=\"La Pentec\u00f4te : le jour o\u00f9 on c\u00e9l\u00e8bre le Saint Esprit\" \/>\n<meta property=\"og:description\" content=\"La Pentec\u00f4te est, apr\u00e8s P\u00e2ques, la f\u00eate la plus importante de l\u2019\u00c9glise catholique. Elle c\u00e9l\u00e8bre la descente du Saint Esprit.\" \/>\n<meta property=\"og:url\" content=\"https:\/\/blog.holyart.it\/fr\/paques\/pentecote-jour-on-celebre-saint-esprit-naissance-de-leglise\/\" \/>\n<meta property=\"og:site_name\" content=\"Holyart.fr Blog\" \/>\n<meta property=\"article:published_time\" content=\"2017-06-28T14:03:58+00:00\" \/>\n<meta property=\"article:modified_time\" content=\"2025-02-12T13:52:18+00:00\" \/>\n<meta property=\"og:image\" content=\"https:\/\/blog.holyart.it\/fr\/wp-content\/uploads\/sites\/14\/2017\/07\/Jacopo-Vignali-Pentec\u00f4te.jpg\" \/>\n\t<meta property=\"og:image:width\" content=\"1000\" \/>\n\t<meta property=\"og:image:height\" content=\"666\" \/>\n\t<meta property=\"og:image:type\" content=\"image\/jpeg\" \/>\n<meta name=\"author\" content=\"Redazione\" \/>\n<meta name=\"twitter:card\" content=\"summary_large_image\" \/>\n<meta name=\"twitter:label1\" content=\"\u00c9crit par\" \/>\n\t<meta name=\"twitter:data1\" content=\"Redazione\" \/>\n\t<meta name=\"twitter:label2\" content=\"Dur\u00e9e de lecture estim\u00e9e\" \/>\n\t<meta name=\"twitter:data2\" content=\"3 minutes\" \/>\n<script type=\"application\/ld+json\" class=\"yoast-schema-graph\">{\"@context\":\"https:\/\/schema.org\",\"@graph\":[{\"@type\":\"Article\",\"@id\":\"https:\/\/blog.holyart.it\/fr\/paques\/pentecote-jour-on-celebre-saint-esprit-naissance-de-leglise\/#article\",\"isPartOf\":{\"@id\":\"https:\/\/blog.holyart.it\/fr\/paques\/pentecote-jour-on-celebre-saint-esprit-naissance-de-leglise\/\"},\"author\":{\"name\":\"Redazione\",\"@id\":\"https:\/\/blog.holyart.it\/fr\/#\/schema\/person\/0a7b686e5af0f856ec1e390dd0baecda\"},\"headline\":\"La Pentec\u00f4te : le jour o\u00f9 on c\u00e9l\u00e8bre le Saint Esprit et la naissance de l\u2019\u00c9glise\",\"datePublished\":\"2017-06-28T14:03:58+00:00\",\"dateModified\":\"2025-02-12T13:52:18+00:00\",\"mainEntityOfPage\":{\"@id\":\"https:\/\/blog.holyart.it\/fr\/paques\/pentecote-jour-on-celebre-saint-esprit-naissance-de-leglise\/\"},\"wordCount\":567,\"publisher\":{\"@id\":\"https:\/\/blog.holyart.it\/fr\/#organization\"},\"image\":{\"@id\":\"https:\/\/blog.holyart.it\/fr\/paques\/pentecote-jour-on-celebre-saint-esprit-naissance-de-leglise\/#primaryimage\"},\"thumbnailUrl\":\"https:\/\/blog.holyart.it\/fr\/wp-content\/uploads\/sites\/14\/2017\/07\/Jacopo-Vignali-Pentec\u00f4te.jpg\",\"articleSection\":[\"P\u00e2ques\",\"Religion\"],\"inLanguage\":\"fr-FR\"},{\"@type\":\"WebPage\",\"@id\":\"https:\/\/blog.holyart.it\/fr\/paques\/pentecote-jour-on-celebre-saint-esprit-naissance-de-leglise\/\",\"url\":\"https:\/\/blog.holyart.it\/fr\/paques\/pentecote-jour-on-celebre-saint-esprit-naissance-de-leglise\/\",\"name\":\"La Pentec\u00f4te : le jour o\u00f9 on c\u00e9l\u00e8bre le Saint Esprit\",\"isPartOf\":{\"@id\":\"https:\/\/blog.holyart.it\/fr\/#website\"},\"primaryImageOfPage\":{\"@id\":\"https:\/\/blog.holyart.it\/fr\/paques\/pentecote-jour-on-celebre-saint-esprit-naissance-de-leglise\/#primaryimage\"},\"image\":{\"@id\":\"https:\/\/blog.holyart.it\/fr\/paques\/pentecote-jour-on-celebre-saint-esprit-naissance-de-leglise\/#primaryimage\"},\"thumbnailUrl\":\"https:\/\/blog.holyart.it\/fr\/wp-content\/uploads\/sites\/14\/2017\/07\/Jacopo-Vignali-Pentec\u00f4te.jpg\",\"datePublished\":\"2017-06-28T14:03:58+00:00\",\"dateModified\":\"2025-02-12T13:52:18+00:00\",\"description\":\"La Pentec\u00f4te est, apr\u00e8s P\u00e2ques, la f\u00eate la plus importante de l\u2019\u00c9glise catholique. Elle c\u00e9l\u00e8bre la descente du Saint Esprit.\",\"breadcrumb\":{\"@id\":\"https:\/\/blog.holyart.it\/fr\/paques\/pentecote-jour-on-celebre-saint-esprit-naissance-de-leglise\/#breadcrumb\"},\"inLanguage\":\"fr-FR\",\"potentialAction\":[{\"@type\":\"ReadAction\",\"target\":[\"https:\/\/blog.holyart.it\/fr\/paques\/pentecote-jour-on-celebre-saint-esprit-naissance-de-leglise\/\"]}]},{\"@type\":\"ImageObject\",\"inLanguage\":\"fr-FR\",\"@id\":\"https:\/\/blog.holyart.it\/fr\/paques\/pentecote-jour-on-celebre-saint-esprit-naissance-de-leglise\/#primaryimage\",\"url\":\"https:\/\/blog.holyart.it\/fr\/wp-content\/uploads\/sites\/14\/2017\/07\/Jacopo-Vignali-Pentec\u00f4te.jpg\",\"contentUrl\":\"https:\/\/blog.holyart.it\/fr\/wp-content\/uploads\/sites\/14\/2017\/07\/Jacopo-Vignali-Pentec\u00f4te.jpg\",\"width\":1000,\"height\":666,\"caption\":\"Jacopo Vignali Pentec\u00f4te\"},{\"@type\":\"BreadcrumbList\",\"@id\":\"https:\/\/blog.holyart.it\/fr\/paques\/pentecote-jour-on-celebre-saint-esprit-naissance-de-leglise\/#breadcrumb\",\"itemListElement\":[{\"@type\":\"ListItem\",\"position\":1,\"name\":\"Homepage\",\"item\":\"https:\/\/blog.holyart.it\/fr\/\"},{\"@type\":\"ListItem\",\"position\":2,\"name\":\"P\u00e2ques\",\"item\":\"https:\/\/blog.holyart.it\/fr\/paques\/\"},{\"@type\":\"ListItem\",\"position\":3,\"name\":\"La Pentec\u00f4te : le jour o\u00f9 on c\u00e9l\u00e8bre le Saint Esprit et la naissance de l\u2019\u00c9glise\"}]},{\"@type\":\"WebSite\",\"@id\":\"https:\/\/blog.holyart.it\/fr\/#website\",\"url\":\"https:\/\/blog.holyart.it\/fr\/\",\"name\":\"Holyart.fr Blog\",\"description\":\"Holyblog\",\"publisher\":{\"@id\":\"https:\/\/blog.holyart.it\/fr\/#organization\"},\"potentialAction\":[{\"@type\":\"SearchAction\",\"target\":{\"@type\":\"EntryPoint\",\"urlTemplate\":\"https:\/\/blog.holyart.it\/fr\/?s={search_term_string}\"},\"query-input\":{\"@type\":\"PropertyValueSpecification\",\"valueRequired\":true,\"valueName\":\"search_term_string\"}}],\"inLanguage\":\"fr-FR\"},{\"@type\":\"Organization\",\"@id\":\"https:\/\/blog.holyart.it\/fr\/#organization\",\"name\":\"Holyart.fr Blog\",\"url\":\"https:\/\/blog.holyart.it\/fr\/\",\"logo\":{\"@type\":\"ImageObject\",\"inLanguage\":\"fr-FR\",\"@id\":\"https:\/\/blog.holyart.it\/fr\/#\/schema\/logo\/image\/\",\"url\":\"https:\/\/blog.holyart.it\/fr\/wp-content\/uploads\/sites\/14\/2022\/12\/Holyart_Blog_Logo.jpg\",\"contentUrl\":\"https:\/\/blog.holyart.it\/fr\/wp-content\/uploads\/sites\/14\/2022\/12\/Holyart_Blog_Logo.jpg\",\"width\":300,\"height\":50,\"caption\":\"Holyart.fr Blog\"},\"image\":{\"@id\":\"https:\/\/blog.holyart.it\/fr\/#\/schema\/logo\/image\/\"}},{\"@type\":\"Person\",\"@id\":\"https:\/\/blog.holyart.it\/fr\/#\/schema\/person\/0a7b686e5af0f856ec1e390dd0baecda\",\"name\":\"Redazione\",\"image\":{\"@type\":\"ImageObject\",\"inLanguage\":\"fr-FR\",\"@id\":\"https:\/\/blog.holyart.it\/fr\/#\/schema\/person\/image\/\",\"url\":\"https:\/\/secure.gravatar.com\/avatar\/f477da817f43e50d0af36abecd33e3edf826c68299714bdc1057dff3b113f516?s=96&d=mm&r=g\",\"contentUrl\":\"https:\/\/secure.gravatar.com\/avatar\/f477da817f43e50d0af36abecd33e3edf826c68299714bdc1057dff3b113f516?s=96&d=mm&r=g\",\"caption\":\"Redazione\"},\"url\":\"https:\/\/blog.holyart.it\/fr\/author\/admin\/\"}]}<\/script>\n<!-- \/ Yoast SEO plugin. -->","yoast_head_json":{"title":"La Pentec\u00f4te : le jour o\u00f9 on c\u00e9l\u00e8bre le Saint Esprit","description":"La Pentec\u00f4te est, apr\u00e8s P\u00e2ques, la f\u00eate la plus importante de l\u2019\u00c9glise catholique. Elle c\u00e9l\u00e8bre la descente du Saint Esprit.","robots":{"index":"index","follow":"follow","max-snippet":"max-snippet:-1","max-image-preview":"max-image-preview:large","max-video-preview":"max-video-preview:-1"},"canonical":"https:\/\/blog.holyart.it\/fr\/paques\/pentecote-jour-on-celebre-saint-esprit-naissance-de-leglise\/","og_locale":"fr_FR","og_type":"article","og_title":"La Pentec\u00f4te : le jour o\u00f9 on c\u00e9l\u00e8bre le Saint Esprit","og_description":"La Pentec\u00f4te est, apr\u00e8s P\u00e2ques, la f\u00eate la plus importante de l\u2019\u00c9glise catholique. Elle c\u00e9l\u00e8bre la descente du Saint Esprit.","og_url":"https:\/\/blog.holyart.it\/fr\/paques\/pentecote-jour-on-celebre-saint-esprit-naissance-de-leglise\/","og_site_name":"Holyart.fr Blog","article_published_time":"2017-06-28T14:03:58+00:00","article_modified_time":"2025-02-12T13:52:18+00:00","og_image":[{"width":1000,"height":666,"url":"https:\/\/blog.holyart.it\/fr\/wp-content\/uploads\/sites\/14\/2017\/07\/Jacopo-Vignali-Pentec\u00f4te.jpg","type":"image\/jpeg"}],"author":"Redazione","twitter_card":"summary_large_image","twitter_misc":{"\u00c9crit par":"Redazione","Dur\u00e9e de lecture estim\u00e9e":"3 minutes"},"schema":{"@context":"https:\/\/schema.org","@graph":[{"@type":"Article","@id":"https:\/\/blog.holyart.it\/fr\/paques\/pentecote-jour-on-celebre-saint-esprit-naissance-de-leglise\/#article","isPartOf":{"@id":"https:\/\/blog.holyart.it\/fr\/paques\/pentecote-jour-on-celebre-saint-esprit-naissance-de-leglise\/"},"author":{"name":"Redazione","@id":"https:\/\/blog.holyart.it\/fr\/#\/schema\/person\/0a7b686e5af0f856ec1e390dd0baecda"},"headline":"La Pentec\u00f4te : le jour o\u00f9 on c\u00e9l\u00e8bre le Saint Esprit et la naissance de l\u2019\u00c9glise","datePublished":"2017-06-28T14:03:58+00:00","dateModified":"2025-02-12T13:52:18+00:00","mainEntityOfPage":{"@id":"https:\/\/blog.holyart.it\/fr\/paques\/pentecote-jour-on-celebre-saint-esprit-naissance-de-leglise\/"},"wordCount":567,"publisher":{"@id":"https:\/\/blog.holyart.it\/fr\/#organization"},"image":{"@id":"https:\/\/blog.holyart.it\/fr\/paques\/pentecote-jour-on-celebre-saint-esprit-naissance-de-leglise\/#primaryimage"},"thumbnailUrl":"https:\/\/blog.holyart.it\/fr\/wp-content\/uploads\/sites\/14\/2017\/07\/Jacopo-Vignali-Pentec\u00f4te.jpg","articleSection":["P\u00e2ques","Religion"],"inLanguage":"fr-FR"},{"@type":"WebPage","@id":"https:\/\/blog.holyart.it\/fr\/paques\/pentecote-jour-on-celebre-saint-esprit-naissance-de-leglise\/","url":"https:\/\/blog.holyart.it\/fr\/paques\/pentecote-jour-on-celebre-saint-esprit-naissance-de-leglise\/","name":"La Pentec\u00f4te : le jour o\u00f9 on c\u00e9l\u00e8bre le Saint Esprit","isPartOf":{"@id":"https:\/\/blog.holyart.it\/fr\/#website"},"primaryImageOfPage":{"@id":"https:\/\/blog.holyart.it\/fr\/paques\/pentecote-jour-on-celebre-saint-esprit-naissance-de-leglise\/#primaryimage"},"image":{"@id":"https:\/\/blog.holyart.it\/fr\/paques\/pentecote-jour-on-celebre-saint-esprit-naissance-de-leglise\/#primaryimage"},"thumbnailUrl":"https:\/\/blog.holyart.it\/fr\/wp-content\/uploads\/sites\/14\/2017\/07\/Jacopo-Vignali-Pentec\u00f4te.jpg","datePublished":"2017-06-28T14:03:58+00:00","dateModified":"2025-02-12T13:52:18+00:00","description":"La Pentec\u00f4te est, apr\u00e8s P\u00e2ques, la f\u00eate la plus importante de l\u2019\u00c9glise catholique. Elle c\u00e9l\u00e8bre la descente du Saint Esprit.","breadcrumb":{"@id":"https:\/\/blog.holyart.it\/fr\/paques\/pentecote-jour-on-celebre-saint-esprit-naissance-de-leglise\/#breadcrumb"},"inLanguage":"fr-FR","potentialAction":[{"@type":"ReadAction","target":["https:\/\/blog.holyart.it\/fr\/paques\/pentecote-jour-on-celebre-saint-esprit-naissance-de-leglise\/"]}]},{"@type":"ImageObject","inLanguage":"fr-FR","@id":"https:\/\/blog.holyart.it\/fr\/paques\/pentecote-jour-on-celebre-saint-esprit-naissance-de-leglise\/#primaryimage","url":"https:\/\/blog.holyart.it\/fr\/wp-content\/uploads\/sites\/14\/2017\/07\/Jacopo-Vignali-Pentec\u00f4te.jpg","contentUrl":"https:\/\/blog.holyart.it\/fr\/wp-content\/uploads\/sites\/14\/2017\/07\/Jacopo-Vignali-Pentec\u00f4te.jpg","width":1000,"height":666,"caption":"Jacopo Vignali Pentec\u00f4te"},{"@type":"BreadcrumbList","@id":"https:\/\/blog.holyart.it\/fr\/paques\/pentecote-jour-on-celebre-saint-esprit-naissance-de-leglise\/#breadcrumb","itemListElement":[{"@type":"ListItem","position":1,"name":"Homepage","item":"https:\/\/blog.holyart.it\/fr\/"},{"@type":"ListItem","position":2,"name":"P\u00e2ques","item":"https:\/\/blog.holyart.it\/fr\/paques\/"},{"@type":"ListItem","position":3,"name":"La Pentec\u00f4te : le jour o\u00f9 on c\u00e9l\u00e8bre le Saint Esprit et la naissance de l\u2019\u00c9glise"}]},{"@type":"WebSite","@id":"https:\/\/blog.holyart.it\/fr\/#website","url":"https:\/\/blog.holyart.it\/fr\/","name":"Holyart.fr Blog","description":"Holyblog","publisher":{"@id":"https:\/\/blog.holyart.it\/fr\/#organization"},"potentialAction":[{"@type":"SearchAction","target":{"@type":"EntryPoint","urlTemplate":"https:\/\/blog.holyart.it\/fr\/?s={search_term_string}"},"query-input":{"@type":"PropertyValueSpecification","valueRequired":true,"valueName":"search_term_string"}}],"inLanguage":"fr-FR"},{"@type":"Organization","@id":"https:\/\/blog.holyart.it\/fr\/#organization","name":"Holyart.fr Blog","url":"https:\/\/blog.holyart.it\/fr\/","logo":{"@type":"ImageObject","inLanguage":"fr-FR","@id":"https:\/\/blog.holyart.it\/fr\/#\/schema\/logo\/image\/","url":"https:\/\/blog.holyart.it\/fr\/wp-content\/uploads\/sites\/14\/2022\/12\/Holyart_Blog_Logo.jpg","contentUrl":"https:\/\/blog.holyart.it\/fr\/wp-content\/uploads\/sites\/14\/2022\/12\/Holyart_Blog_Logo.jpg","width":300,"height":50,"caption":"Holyart.fr Blog"},"image":{"@id":"https:\/\/blog.holyart.it\/fr\/#\/schema\/logo\/image\/"}},{"@type":"Person","@id":"https:\/\/blog.holyart.it\/fr\/#\/schema\/person\/0a7b686e5af0f856ec1e390dd0baecda","name":"Redazione","image":{"@type":"ImageObject","inLanguage":"fr-FR","@id":"https:\/\/blog.holyart.it\/fr\/#\/schema\/person\/image\/","url":"https:\/\/secure.gravatar.com\/avatar\/f477da817f43e50d0af36abecd33e3edf826c68299714bdc1057dff3b113f516?s=96&d=mm&r=g","contentUrl":"https:\/\/secure.gravatar.com\/avatar\/f477da817f43e50d0af36abecd33e3edf826c68299714bdc1057dff3b113f516?s=96&d=mm&r=g","caption":"Redazione"},"url":"https:\/\/blog.holyart.it\/fr\/author\/admin\/"}]}},"_links":{"self":[{"href":"https:\/\/blog.holyart.it\/fr\/wp-json\/wp\/v2\/posts\/406","targetHints":{"allow":["GET"]}}],"collection":[{"href":"https:\/\/blog.holyart.it\/fr\/wp-json\/wp\/v2\/posts"}],"about":[{"href":"https:\/\/blog.holyart.it\/fr\/wp-json\/wp\/v2\/types\/post"}],"author":[{"embeddable":true,"href":"https:\/\/blog.holyart.it\/fr\/wp-json\/wp\/v2\/users\/1"}],"replies":[{"embeddable":true,"href":"https:\/\/blog.holyart.it\/fr\/wp-json\/wp\/v2\/comments?post=406"}],"version-history":[{"count":1,"href":"https:\/\/blog.holyart.it\/fr\/wp-json\/wp\/v2\/posts\/406\/revisions"}],"predecessor-version":[{"id":9853,"href":"https:\/\/blog.holyart.it\/fr\/wp-json\/wp\/v2\/posts\/406\/revisions\/9853"}],"wp:featuredmedia":[{"embeddable":true,"href":"https:\/\/blog.holyart.it\/fr\/wp-json\/wp\/v2\/media\/407"}],"wp:attachment":[{"href":"https:\/\/blog.holyart.it\/fr\/wp-json\/wp\/v2\/media?parent=406"}],"wp:term":[{"taxonomy":"category","embeddable":true,"href":"https:\/\/blog.holyart.it\/fr\/wp-json\/wp\/v2\/categories?post=406"},{"taxonomy":"post_tag","embeddable":true,"href":"https:\/\/blog.holyart.it\/fr\/wp-json\/wp\/v2\/tags?post=406"}],"curies":[{"name":"wp","href":"https:\/\/api.w.org\/{rel}","templated":true}]}}