{"id":4055,"date":"2022-03-02T12:30:17","date_gmt":"2022-03-02T11:30:17","guid":{"rendered":"https:\/\/blog.holyart.it\/fr\/?p=4055"},"modified":"2025-02-12T14:52:50","modified_gmt":"2025-02-12T13:52:50","slug":"careme-quest-ce-que-cest-et-comment-fonctionne-t-il","status":"publish","type":"post","link":"https:\/\/blog.holyart.it\/fr\/paques\/careme-quest-ce-que-cest-et-comment-fonctionne-t-il\/","title":{"rendered":"Car\u00eame : qu\u2019est-ce que c\u2019est et comment fonctionne-t-il"},"content":{"rendered":"<h4>Le Car\u00eame est une p\u00e9riode de p\u00e9nitence qui revient chaque ann\u00e9e dans la vie des chr\u00e9tiens, en pr\u00e9paration <a href=\"https:\/\/www.holyart.fr\/occasions-speciales\/paques-et-careme\">\u00e0 P\u00e2ques.<\/a><\/h4>\n\n<p>Il n\u2019y a pas d\u2019autres mani\u00e8res pour d\u00e9finir le Car\u00eame : il s\u2019agit vraiment <strong>d\u2019un moment de pr\u00e9paration, de r\u00e9flexion int\u00e9rieure profonde et unique<\/strong>, indispensable pour aborder le myst\u00e8re pascal. Jamais comme pendant le Car\u00eame, le fid\u00e8le n\u2019est appel\u00e9 \u00e0 purifier le corps et l\u2019esprit, \u00e0 prier pour s\u2019\u00e9lever, pour se sentir proche de Dieu, pour \u00eatre pr\u00eat \u00e0 l\u2019accueillir dans une pl\u00e9nitude de foi et de gr\u00e2ce.<\/p>\n<p>Il s\u2019agit d\u2019un moment de l\u2019ann\u00e9e fondamental pour les chr\u00e9tiens, puisqu\u2019il s\u2019agit du moment o\u00f9 on se pr\u00e9pare \u00e0 P\u00e2ques, la f\u00eate la plus solennelle et la plus spirituellement forte pour chaque fid\u00e8le. Afin de se pr\u00e9parer \u00e0 cette c\u00e9l\u00e9bration, il ne suffit pas seulement de prier et de suivre les pr\u00e9ceptes de foi habituels. Il faut purifier le corps et l\u2019esprit, mettre \u00e0 l\u2019\u00e9preuve sa foi avec je\u00fbnes et p\u00e9nitences, d\u00e9montrer sa mis\u00e9ricorde avec des \u0153uvres de charit\u00e9 et d\u2019aum\u00f4ne. <strong>C\u2019est un rituel de pr\u00e9paration et de purification<\/strong> qui renvoie \u00e0 un pass\u00e9 lointain, \u00e0 des rites semblables qui ont \u00e9t\u00e9 consomm\u00e9s pendant des milliers d\u2019ann\u00e9es dans le contexte des religions pa\u00efennes, partout dans le monde. Ce n\u2019est pas un hasard si la pratique du je\u00fbne, une des plus importantes de celles \u00e0 observer pendant le Car\u00eame, se retrouve encore aujourd\u2019hui dans de nombreux autres cultes : pensons au Ramadan pour les musulmans et au Kippour pour les juifs.<\/p>\n<p>Dans le pass\u00e9, les pr\u00e9ceptes qui r\u00e9gulaient la vie des chr\u00e9tiens pendant le Car\u00eame \u00e9tait bien plus rigides et plus nombreux qu\u2019\u00e0 l\u2019heure actuelle. Ils pr\u00e9voyaient, outre un je\u00fbne bien plus spartiate, qui se r\u00e9duisait \u00e0 s\u2019alimenter uniquement avec du pain et de l\u2019eau pendant toute la p\u00e9riode \u00e9tablie, l\u2019obligation aussi de p\u00e8lerinages souvent \u00e9puisants, d\u2019activit\u00e9s de charit\u00e9s qui rendaient impossible d\u2019accomplir son propre travail et ses t\u00e2ches quotidiennes, en absorbant enti\u00e8rement la vie des fid\u00e8les. Aujourd\u2019hui les chr\u00e9tiens ont une vie plus facile, bien que les r\u00e8gles \u00e0 suivre en temps de Car\u00eame soit toujours trois : <strong>je\u00fbne, charit\u00e9, pri\u00e8re.<\/strong><\/p>\n<div class=\"link-article\">\n<p><img loading=\"lazy\" decoding=\"async\" class=\"alignnone size-full wp-image-4063\" src=\"https:\/\/blog.holyart.it\/fr\/wp-content\/uploads\/sites\/14\/2022\/02\/Les-conseils-de-Pape-Fran\u00e7ois-pour-le-Car\u00eame.jpeg\" alt=\"Les conseils de Pape Fran\u00e7ois pour le Car\u00eame\" width=\"150\" height=\"99\" data-kale-share-title=\"Car\u00eame : qu\u2019est-ce que c\u2019est et comment fonctionne-t-il\" data-kale-share-url=\"https:\/\/blog.holyart.it\/fr\/?p=4055\" \/><\/p>\n<div class=\"leggi-anche\">Lire aussi :<\/div>\n<p><strong><a href=\"https:\/\/www.holyart.fr\/blog\/articles-religieux\/conseils-de-pape-francois-careme\/\">Les conseils de Pape Fran\u00e7ois pour le Car\u00eame<\/a><\/strong><br \/>\nLe Car\u00eame est une p\u00e9riode de l\u2019ann\u00e9e liturgique qui pr\u00e9c\u00e8de P\u00e2ques et, dans un certain sens, permet aux fid\u00e8les de se pr\u00e9parer \u00e0 la c\u00e9l\u00e9brer&#8230;<\/p>\n<\/div>\n<h2>Je\u00fbne, charit\u00e9, pri\u00e8re<\/h2>\n<p>En ce qui concerne <a href=\"https:\/\/www.holyart.fr\/blog\/articles-religieux\/le-jeune-propose-par-notre-dame-de-medjugorje\/\"><strong>le je\u00fbne<\/strong><\/a>, de nos jours il ne faut pas se soumettre \u00e0 des privations excessives. Il est suffisant d\u2019\u00e9viter la viande tous les vendredis de la p\u00e9riode et observer le je\u00fbne le mercredi des Cendres et le Vendredi Saint. De plus, dans ces cas-ci, le je\u00fbne n\u2019est pas complet non plus : un repas par jour est permis, et l\u2019absorption de petites quantit\u00e9s de nourriture tout au long de la journ\u00e9e. Dans cette pratique, il ne reste plus qu\u2019un souvenir symbolique des normes comportementales qui \u00e9taient observ\u00e9es dans le pass\u00e9 et qui comprenaient non seulement un je\u00fbne complet, mais aussi l\u2019abstention de tout autre acte destin\u00e9 \u00e0 satisfaire la chair. Abstinence de la nourriture, du vin, du sexe, afin de purifier le corps et \u00e9lever l\u2019\u00e2me. Le v\u00e9ritable esprit du je\u00fbne de Car\u00eame devrait \u00eatre de sacrifier quelque chose auquel on tient, afin de d\u00e9montrer que l\u2019on n\u2019a pas peur d\u2019affronter des privations au nom de Dieu P\u00e8re. Ce serait bien si chacun de nous pouvait renoncer pendant cette p\u00e9riode \u00e0 quelque chose qui lui plait beaucoup, un aliment particulier dont on est gourmand, un passe-temps qui nous est cher, m\u00eame la vision d\u2019une s\u00e9rie t\u00e9l\u00e9vis\u00e9e pour laquelle on s\u2019est passionn\u00e9 ou l\u2019utilisation d\u2019un r\u00e9seau social. Inutile de renoncer aux brocolis et aux carottes, \u00e0 moins qu\u2019ils ne soient notre aliment pr\u00e9f\u00e9r\u00e9. <strong>S\u2019il n\u2019y a pas de sacrifice, il n\u2019y a pas de m\u00e9rite.<\/strong><\/p>\n<p><img loading=\"lazy\" decoding=\"async\" class=\"alignnone size-full wp-image-4066\" src=\"https:\/\/blog.holyart.it\/fr\/wp-content\/uploads\/sites\/14\/2022\/02\/Car\u00eame-qu\u2019est-ce-que-c\u2019est-et-comment-fonctionne-t-il-1.jpeg\" alt=\"Car\u00eame qu\u2019est-ce que c\u2019est et comment fonctionne-t-il\" width=\"1000\" height=\"669\" data-kale-share-title=\"Car\u00eame : qu\u2019est-ce que c\u2019est et comment fonctionne-t-il\" data-kale-share-url=\"https:\/\/blog.holyart.it\/fr\/?p=4055\" \/><\/p>\n<p>Dans le pass\u00e9, une conduite de vie sobre et mod\u00e9r\u00e9e rendait encore plus significative la pratique de <strong>la charit\u00e9<\/strong>, la deuxi\u00e8me norme impos\u00e9e en temps de Car\u00eame. Offrir aux autres dans un moment o\u00f9 on se privait de beaucoup \u00e9tait un signe de grand sacrifice et de force spirituelle. Le je\u00fbne et la charit\u00e9 s\u2019unissent pour nous aider \u00e0 d\u00e9tourner l\u2019attention de notre personne, de nos n\u00e9cessit\u00e9s. En renon\u00e7ant \u00e0 quelque chose et en en supportant la privation, tandis que nous offrons ce que nous pouvons aux autres en m\u00eame temps, nous nous battons avec notre \u00e9go\u00efsme et nous apprenons \u00e0 <strong>reconna\u00eetre Dieu dans le visage de ceux qui nous entoure<\/strong>. De nos jours aussi on demande aux chr\u00e9tiens qui observent la p\u00e9riode du Car\u00eame d\u2019accomplir des bonnes \u0153uvres, de faire du b\u00e9n\u00e9volat, de la charit\u00e9, aider les n\u00e9cessiteux selon les possibilit\u00e9s de chacun. Dans ce cas aussi, chacun devrait se construire un Car\u00eame \u00e0 sa port\u00e9e, en cr\u00e9ant des occasions r\u00e9elles o\u00f9 pouvoir se tendre vers les autres, offrir son temps, son \u00e9nergie, son amour. Les offrandes \u00e9conomiques seront surement appr\u00e9ci\u00e9es, mais dans ce cas aussi elles ne peuvent pas \u00eatre un palliatif, une mani\u00e8re d\u2019amadouer Dieu et son prochain, et de se sentir en paix. L<strong>\u2019amour pour Dieu devient l\u2019amour pour le prochain<\/strong>, et vice versa, dans un courant de sentiment et de foi qui s\u2019enrichit et nous rend plus proches du Seigneur.<\/p>\n<p>Pour finir, le corps et l\u2019\u00e2me, purifi\u00e9s par le je\u00fbne et \u00e9lev\u00e9s par la charit\u00e9, sont pr\u00eats pour <strong>la pri\u00e8re<\/strong>, qui, renforc\u00e9e par les privations subies et par la g\u00e9n\u00e9rosit\u00e9 d\u00e9montr\u00e9e, devient encore plus efficace et agr\u00e9able \u00e0 Dieu. Dans ce pr\u00e9cepte plus que jamais la dimension personnelle doit prendre le pas sur le reste. <strong>La pri\u00e8re est un dialogue intime<\/strong> avec Dieu, une confrontation \u00e0 laquelle il n\u2019est pas possible de se soustraire, mais qui devrait \u00e9galement \u00eatre cherch\u00e9e avec joie, avec attente. Conc\u00e9dons-nous le temps n\u00e9cessaire \u00e0 prier, conc\u00e9dons-nous le silence, non seulement celui qui exclu les bruits du monde ext\u00e9rieur, mais le silence int\u00e9rieur, qui nous permet de mettre de c\u00f4t\u00e9 les anxi\u00e9t\u00e9s du quotidien, les difficult\u00e9s, les inqui\u00e9tudes, pour nous d\u00e9dier uniquement \u00e0 Dieu, \u00e0 Sa contemplation, au dialogue avec Lui. Une seule <a href=\"https:\/\/www.holyart.fr\/produits-de-consommation\/bougies-cierges-chandelles\"><strong>bougie religieuse<\/strong><\/a> pour illuminer la pi\u00e8ce.<\/p>\n<div class=\"link-product\">\n<div class=\"blocco-immagine\"><img loading=\"lazy\" decoding=\"async\" class=\"alignnone size-full wp-image-4067\" src=\"https:\/\/blog.holyart.it\/fr\/wp-content\/uploads\/sites\/14\/2022\/02\/bougie-religieuse.jpg\" alt=\"bougie religieuse\" width=\"100\" height=\"100\" data-kale-share-title=\"Car\u00eame : qu\u2019est-ce que c\u2019est et comment fonctionne-t-il\" data-kale-share-url=\"https:\/\/blog.holyart.it\/fr\/?p=4055\" \/><\/div>\n<div class=\"blocco-contenuto\">\n<div class=\"blocco-acquista\">Acheter sur Holyart:<\/div>\n<div class=\"blocco-titolo\"><a href=\"https:\/\/www.holyart.fr\/produits-de-consommation\/bougies-cierges-chandelles?ZW_listing_qty=120\">BOUGIES, CIERGES, CHANDELLES<\/a><\/div>\n<div class=\"blocco-descrizione\">Bougies \u00e0 la cire d&rsquo;abeille, v\u00e9g\u00e9tale ou \u00e0 huile de paraffine.<\/div>\n<\/div>\n<\/div>\n<p>Le Car\u00eame est l\u2019attente de quelque chose que nous avons d\u00e9j\u00e0, c\u2019est la r\u00e9p\u00e9tition d\u2019un rituel finalis\u00e9 en une rencontre avec Dieu qui se renouvelle ann\u00e9e apr\u00e8s ann\u00e9e, plus forte, plus intense, plus solennelle. Un moment sp\u00e9cial, qui fait grandir en tant que chr\u00e9tien, mais surtout en tant que personne. Le Car\u00eame nous rappelle combien il est important de s\u2019affranchir chaque jour des choses mat\u00e9rielles, de tout ce qui nous tient trop fermement ancr\u00e9s \u00e0 notre quotidien, \u00e0 la possession, \u00e0 nous-m\u00eames, nous rendant plus pauvres \u00e0 l\u2019int\u00e9rieur et moins ouverts envers Dieu et le prochain.<\/p>\n<p><strong>Je\u00fbne, charit\u00e9 et pri\u00e8re deviennent ainsi des manifestations de notre engagement, de notre volont\u00e9 de conversion<\/strong>, nous aidant \u00e0 vivre sur notre peau de mani\u00e8re plus intense et authentique l\u2019amour de Christ.<\/p>\n<h2>40 jours de\u00a0Car\u00eame<\/h2>\n<p>Le Car\u00eame dure 40 jours, une p\u00e9riode qui rappelle les 40 jours pass\u00e9s par J\u00e9sus dans le d\u00e9sert avant de commencer \u00e0 pr\u00eacher (en r\u00e9alit\u00e9, il s\u2019agit de 44 jours, puisque les dimanches des quatre semaines ne sont pas tenus en compte). Le nombre 40 a une forte valeur symbolique, d\u00e9j\u00e0 dans l\u2019Ancien Testament : le D\u00e9luge universel dura 40 jours, tout comme Mo\u00efse resta 40 jours sur le Mont Sina\u00ef pour recueillir les Dix Commandements, et pendant 40 jours les juifs vagu\u00e8rent pour le d\u00e9sert \u00e0 la recherche de la Terre promise. Ce ne sont que quelques exemples o\u00f9 le nombre 40 revient dans la Bible, un num\u00e9ro qui marque l\u2019attente, la recherche de Dieu et la pr\u00e9paration in\u00e9vitable, souvent douloureuse, \u00e0 l\u2019accueillir avec conscience.<\/p>\n<p>Dans le Nouveau Testament aussi le nombre 40 revient souvent. Outre les 40 jours de p\u00e9nitence de J\u00e9sus dans le d\u00e9sert, il y a la p\u00e9riode entre Sa R\u00e9surrection et Son Assomption au ciel, p\u00e9riode qu\u2019il d\u00e9dia \u00e0 instruire Ses disciples et amis.<\/p>\n<h2>Quand commence le Car\u00e9me?<\/h2>\n<p>Le Car\u00eame d\u00e9bute le <a href=\"https:\/\/www.holyart.fr\/blog\/articles-religieux\/mercredi-des-cendres-quest-ce-que-cest\/\"><strong>Mercredi des Cendres<\/strong><\/a> et se conclut <strong>le Jeudi Saint<\/strong>, jour qui marque \u00e9galement le d\u00e9but de P\u00e2ques. \u00c0 l\u2019occasion du Mercredi des Cendres, les rameaux b\u00e9nis le Dimanche des Rameaux de l\u2019ann\u00e9e pr\u00e9c\u00e9dente sont br\u00fbl\u00e9s et les pr\u00eatres marquent les fronts des fid\u00e8les avec les cendres ainsi obtenues, en accompagnant le geste d\u2019une exhortation \u00e0 la Foi et \u00e0 la conversion.<\/p>\n<div class=\"link-article\">\n<p><img loading=\"lazy\" decoding=\"async\" class=\"alignnone size-full wp-image-4071\" src=\"https:\/\/blog.holyart.it\/fr\/wp-content\/uploads\/sites\/14\/2022\/02\/Mercredi-des-Cendres-qu\u2019est-ce-que-c\u2019est-1.jpeg\" alt=\"Mercredi des Cendres qu\u2019est-ce que c\u2019est\" width=\"150\" height=\"99\" data-kale-share-title=\"Car\u00eame : qu\u2019est-ce que c\u2019est et comment fonctionne-t-il\" data-kale-share-url=\"https:\/\/blog.holyart.it\/fr\/?p=4055\" \/><\/p>\n<div class=\"leggi-anche\">Lire aussi :<\/div>\n<p><strong><a href=\"https:\/\/www.holyart.fr\/blog\/articles-religieux\/mercredi-des-cendres-quest-ce-que-cest\/\">Mercredi des Cendres : qu\u2019est-ce que c\u2019est<\/a><\/strong><br \/>\nCarnaval touche \u00e0 sa fin. Apr\u00e8s Mardi gras, il y a le Mercredi des Cendres, qui marque le d\u00e9but du Car\u00eame.<\/p>\n<\/div>\n<p>En marquant le front du fid\u00e8le, le pr\u00eatre r\u00e9cite les formules suivantes : \u00ab Convertissez-vous et croyez \u00e0 <a href=\"https:\/\/www.holyart.fr\/articles-religieux\/livres-sacres\/evangiles\"><strong>l\u2019\u00c9vangile<\/strong><\/a> \u00bb ou \u00ab Souviens-toi que tu es poussi\u00e8re et que tu retourneras dans la poussi\u00e8re \u00bb. La premi\u00e8re est bien \u00e9videmment une invitation \u00e0 reprendre en main les rennes de son existence, \u00e0 ouvrir les yeux et \u00e0 orienter ses pas vers le bien et Dieu, tandis que la deuxi\u00e8me est tir\u00e9e de la citation biblique : \u00ab C&rsquo;est \u00e0 la sueur de ton visage que tu mangeras du pain, jusqu&rsquo;\u00e0 ce que tu retournes dans la terre, d&rsquo;o\u00f9 tu as \u00e9t\u00e9 pris; car tu es poussi\u00e8re, et tu retourneras dans la poussi\u00e8re. \u00bb (Gen 3,19). Un avertissement qui nous rappelle notre fragilit\u00e9, notre \u00ab ne pas \u00eatre plus que de la poussi\u00e8re \u00bb, cendres, mais qui, dans ce contexte, souligne \u00e9galement combien notre fragilit\u00e9 et notre petitesse nous rendent chers \u00e0 Dieu P\u00e8re.<br \/>\nLe Car\u00eame est un moment id\u00e9al pour red\u00e9couvrir la valeur du Bapt\u00eame, le fait qu\u2019il nous ait rendu partie de l\u2019\u00c9glise et digne du Salut en vertu de l\u2019amour de Dieu, de Sa confiance \u00e0 notre \u00e9gard. Cette confiance que nous n\u2019avons rien fait pour m\u00e9riter, car nous \u00e9tions trop petits quand nous avons \u00e9t\u00e9 baptis\u00e9s.<br \/>\nNous devons prouver la m\u00e9riter maintenant, en parcourant notre chemin de chr\u00e9tiens, et en profitant de p\u00e9riodes sp\u00e9ciales comme celle-ci pour nous am\u00e9liorer, pour nous purifier dans l\u2019esprit, et pouvoir ainsi nous approcher avec plus de conscience et de dignit\u00e9 du Myst\u00e8re de la mort et r\u00e9surrection de J\u00e9sus, au miracle de la r\u00e9demption qu\u2019Il nous offre. Le Car\u00eame est le moment liturgique o\u00f9 nous pouvons apercevoir avec le plus d\u2019intensit\u00e9 la Gr\u00e2ce salvatrice de Dieu, car il nous permet d\u2019expier nos p\u00e9ch\u00e9s, de revenir \u00e0 nous-m\u00eames pour regarder en face notre \u00e2me, et l\u2019am\u00e9liorer o\u00f9 c\u2019est possible. Au moment o\u00f9 nous nous sentons plus faibles et pauvres, plus fragiles et d\u00e9sarm\u00e9s, nous sommes plus proches de Dieu, de la force indestructible de Son immense Amour.<\/p>\n<p>Le <a href=\"https:\/\/www.holyart.fr\/occasions-speciales\/bapteme\"><strong>Bapt\u00eame<\/strong><\/a> nous a rapproch\u00e9 du myst\u00e8re de la mort et <a href=\"https:\/\/www.holyart.fr\/articles-religieux\/statues\/statues-en-bois-peint\/resurrection-de-christ-avec-rayons-bois-val-gardena\">r<strong>\u00e9surrection de Christ<\/strong><\/a>. Le Car\u00eame est le parcours que nous devons accomplir afin de d\u00e9montrer que nous en sommes dignes, que nous le sommes encore.<\/p>\n<div class=\"link-product\">\n<div class=\"blocco-immagine\"><img loading=\"lazy\" decoding=\"async\" class=\"alignnone size-full wp-image-4073\" src=\"https:\/\/blog.holyart.it\/fr\/wp-content\/uploads\/sites\/14\/2022\/02\/resurrection-de-christ-avec-rayons-bois.jpg\" alt=\"resurrection de christ avec rayons bois\" width=\"100\" height=\"100\" data-kale-share-title=\"Car\u00eame : qu\u2019est-ce que c\u2019est et comment fonctionne-t-il\" data-kale-share-url=\"https:\/\/blog.holyart.it\/fr\/?p=4055\" \/><\/div>\n<div class=\"blocco-contenuto\">\n<div class=\"blocco-acquista\">Acheter sur Holyart:<\/div>\n<div class=\"blocco-titolo\"><a href=\"https:\/\/www.holyart.fr\/articles-religieux\/statues\/statues-en-bois-peint\/resurrection-de-christ-avec-rayons-bois-val-gardena\">R\u00e9surrection de Christ avec rayons bois Val Gardena<\/a><\/div>\n<div class=\"blocco-descrizione\">sculpt\u00e9e et peinte \u00e0 la main avec couleurs \u00e0 l&rsquo;huile<\/div>\n<\/div>\n<\/div>\n","protected":false},"excerpt":{"rendered":"<p>Le Car\u00eame est une p\u00e9riode de p\u00e9nitence qui revient chaque ann\u00e9e dans la vie des chr\u00e9tiens, en pr\u00e9paration \u00e0 P\u00e2ques. Il n\u2019y a pas d\u2019autres mani\u00e8res pour d\u00e9finir le Car\u00eame : il s\u2019agit vraiment d\u2019un moment de pr\u00e9paration, de r\u00e9flexion int\u00e9rieure profonde et unique, indispensable&hellip;<\/p>\n","protected":false},"author":1,"featured_media":4077,"comment_status":"closed","ping_status":"open","sticky":false,"template":"","format":"standard","meta":{"_acf_changed":false,"footnotes":""},"categories":[12,14,8],"tags":[],"class_list":["post-4055","post","type-post","status-publish","format-standard","has-post-thumbnail","hentry","category-occasions-speciales","category-paques","category-articles-religieux"],"acf":[],"yoast_head":"<!-- This site is optimized with the Yoast SEO plugin v26.6 - https:\/\/yoast.com\/wordpress\/plugins\/seo\/ -->\n<title>Car\u00eame : qu\u2019est-ce que c\u2019est et comment fonctionne-t-il<\/title>\n<meta name=\"description\" content=\"Il n\u2019y a pas d\u2019autres mani\u00e8res pour d\u00e9finir le Car\u00eame : il s\u2019agit vraiment d\u2019un moment de pr\u00e9paration, de r\u00e9flexion int\u00e9rieure profonde et unique...\" \/>\n<meta name=\"robots\" content=\"index, follow, max-snippet:-1, max-image-preview:large, max-video-preview:-1\" \/>\n<link rel=\"canonical\" href=\"https:\/\/blog.holyart.it\/fr\/paques\/careme-quest-ce-que-cest-et-comment-fonctionne-t-il\/\" \/>\n<meta property=\"og:locale\" content=\"fr_FR\" \/>\n<meta property=\"og:type\" content=\"article\" \/>\n<meta property=\"og:title\" content=\"Car\u00eame : qu\u2019est-ce que c\u2019est et comment fonctionne-t-il\" \/>\n<meta property=\"og:description\" content=\"Il n\u2019y a pas d\u2019autres mani\u00e8res pour d\u00e9finir le Car\u00eame : il s\u2019agit vraiment d\u2019un moment de pr\u00e9paration, de r\u00e9flexion int\u00e9rieure profonde et unique...\" \/>\n<meta property=\"og:url\" content=\"https:\/\/blog.holyart.it\/fr\/paques\/careme-quest-ce-que-cest-et-comment-fonctionne-t-il\/\" \/>\n<meta property=\"og:site_name\" content=\"Holyart.fr Blog\" \/>\n<meta property=\"article:published_time\" content=\"2022-03-02T11:30:17+00:00\" \/>\n<meta property=\"article:modified_time\" content=\"2025-02-12T13:52:50+00:00\" \/>\n<meta property=\"og:image\" content=\"https:\/\/blog.holyart.it\/fr\/wp-content\/uploads\/sites\/14\/2022\/02\/Car\u00eame-qu\u2019est-ce-que-c\u2019est-et-comment-fonctionne-t-il-2.jpeg\" \/>\n\t<meta property=\"og:image:width\" content=\"1000\" \/>\n\t<meta property=\"og:image:height\" content=\"666\" \/>\n\t<meta property=\"og:image:type\" content=\"image\/jpeg\" \/>\n<meta name=\"author\" content=\"Redazione\" \/>\n<meta name=\"twitter:card\" content=\"summary_large_image\" \/>\n<meta name=\"twitter:label1\" content=\"\u00c9crit par\" \/>\n\t<meta name=\"twitter:data1\" content=\"Redazione\" \/>\n\t<meta name=\"twitter:label2\" content=\"Dur\u00e9e de lecture estim\u00e9e\" \/>\n\t<meta name=\"twitter:data2\" content=\"11 minutes\" \/>\n<script type=\"application\/ld+json\" class=\"yoast-schema-graph\">{\"@context\":\"https:\/\/schema.org\",\"@graph\":[{\"@type\":\"Article\",\"@id\":\"https:\/\/blog.holyart.it\/fr\/paques\/careme-quest-ce-que-cest-et-comment-fonctionne-t-il\/#article\",\"isPartOf\":{\"@id\":\"https:\/\/blog.holyart.it\/fr\/paques\/careme-quest-ce-que-cest-et-comment-fonctionne-t-il\/\"},\"author\":{\"name\":\"Redazione\",\"@id\":\"https:\/\/blog.holyart.it\/fr\/#\/schema\/person\/0a7b686e5af0f856ec1e390dd0baecda\"},\"headline\":\"Car\u00eame : qu\u2019est-ce que c\u2019est et comment fonctionne-t-il\",\"datePublished\":\"2022-03-02T11:30:17+00:00\",\"dateModified\":\"2025-02-12T13:52:50+00:00\",\"mainEntityOfPage\":{\"@id\":\"https:\/\/blog.holyart.it\/fr\/paques\/careme-quest-ce-que-cest-et-comment-fonctionne-t-il\/\"},\"wordCount\":2074,\"publisher\":{\"@id\":\"https:\/\/blog.holyart.it\/fr\/#organization\"},\"image\":{\"@id\":\"https:\/\/blog.holyart.it\/fr\/paques\/careme-quest-ce-que-cest-et-comment-fonctionne-t-il\/#primaryimage\"},\"thumbnailUrl\":\"https:\/\/blog.holyart.it\/fr\/wp-content\/uploads\/sites\/14\/2022\/02\/Car\u00eame-qu\u2019est-ce-que-c\u2019est-et-comment-fonctionne-t-il-2.jpeg\",\"articleSection\":[\"Occasions sp\u00e9ciales\",\"P\u00e2ques\",\"Religion\"],\"inLanguage\":\"fr-FR\"},{\"@type\":\"WebPage\",\"@id\":\"https:\/\/blog.holyart.it\/fr\/paques\/careme-quest-ce-que-cest-et-comment-fonctionne-t-il\/\",\"url\":\"https:\/\/blog.holyart.it\/fr\/paques\/careme-quest-ce-que-cest-et-comment-fonctionne-t-il\/\",\"name\":\"Car\u00eame : qu\u2019est-ce que c\u2019est et comment fonctionne-t-il\",\"isPartOf\":{\"@id\":\"https:\/\/blog.holyart.it\/fr\/#website\"},\"primaryImageOfPage\":{\"@id\":\"https:\/\/blog.holyart.it\/fr\/paques\/careme-quest-ce-que-cest-et-comment-fonctionne-t-il\/#primaryimage\"},\"image\":{\"@id\":\"https:\/\/blog.holyart.it\/fr\/paques\/careme-quest-ce-que-cest-et-comment-fonctionne-t-il\/#primaryimage\"},\"thumbnailUrl\":\"https:\/\/blog.holyart.it\/fr\/wp-content\/uploads\/sites\/14\/2022\/02\/Car\u00eame-qu\u2019est-ce-que-c\u2019est-et-comment-fonctionne-t-il-2.jpeg\",\"datePublished\":\"2022-03-02T11:30:17+00:00\",\"dateModified\":\"2025-02-12T13:52:50+00:00\",\"description\":\"Il n\u2019y a pas d\u2019autres mani\u00e8res pour d\u00e9finir le Car\u00eame : il s\u2019agit vraiment d\u2019un moment de pr\u00e9paration, de r\u00e9flexion int\u00e9rieure profonde et unique...\",\"breadcrumb\":{\"@id\":\"https:\/\/blog.holyart.it\/fr\/paques\/careme-quest-ce-que-cest-et-comment-fonctionne-t-il\/#breadcrumb\"},\"inLanguage\":\"fr-FR\",\"potentialAction\":[{\"@type\":\"ReadAction\",\"target\":[\"https:\/\/blog.holyart.it\/fr\/paques\/careme-quest-ce-que-cest-et-comment-fonctionne-t-il\/\"]}]},{\"@type\":\"ImageObject\",\"inLanguage\":\"fr-FR\",\"@id\":\"https:\/\/blog.holyart.it\/fr\/paques\/careme-quest-ce-que-cest-et-comment-fonctionne-t-il\/#primaryimage\",\"url\":\"https:\/\/blog.holyart.it\/fr\/wp-content\/uploads\/sites\/14\/2022\/02\/Car\u00eame-qu\u2019est-ce-que-c\u2019est-et-comment-fonctionne-t-il-2.jpeg\",\"contentUrl\":\"https:\/\/blog.holyart.it\/fr\/wp-content\/uploads\/sites\/14\/2022\/02\/Car\u00eame-qu\u2019est-ce-que-c\u2019est-et-comment-fonctionne-t-il-2.jpeg\",\"width\":1000,\"height\":666,\"caption\":\"Car\u00eame qu\u2019est-ce que c\u2019est et comment fonctionne-t-il\"},{\"@type\":\"BreadcrumbList\",\"@id\":\"https:\/\/blog.holyart.it\/fr\/paques\/careme-quest-ce-que-cest-et-comment-fonctionne-t-il\/#breadcrumb\",\"itemListElement\":[{\"@type\":\"ListItem\",\"position\":1,\"name\":\"Homepage\",\"item\":\"https:\/\/blog.holyart.it\/fr\/\"},{\"@type\":\"ListItem\",\"position\":2,\"name\":\"P\u00e2ques\",\"item\":\"https:\/\/blog.holyart.it\/fr\/paques\/\"},{\"@type\":\"ListItem\",\"position\":3,\"name\":\"Car\u00eame : qu\u2019est-ce que c\u2019est et comment fonctionne-t-il\"}]},{\"@type\":\"WebSite\",\"@id\":\"https:\/\/blog.holyart.it\/fr\/#website\",\"url\":\"https:\/\/blog.holyart.it\/fr\/\",\"name\":\"Holyart.fr Blog\",\"description\":\"Holyblog\",\"publisher\":{\"@id\":\"https:\/\/blog.holyart.it\/fr\/#organization\"},\"potentialAction\":[{\"@type\":\"SearchAction\",\"target\":{\"@type\":\"EntryPoint\",\"urlTemplate\":\"https:\/\/blog.holyart.it\/fr\/?s={search_term_string}\"},\"query-input\":{\"@type\":\"PropertyValueSpecification\",\"valueRequired\":true,\"valueName\":\"search_term_string\"}}],\"inLanguage\":\"fr-FR\"},{\"@type\":\"Organization\",\"@id\":\"https:\/\/blog.holyart.it\/fr\/#organization\",\"name\":\"Holyart.fr Blog\",\"url\":\"https:\/\/blog.holyart.it\/fr\/\",\"logo\":{\"@type\":\"ImageObject\",\"inLanguage\":\"fr-FR\",\"@id\":\"https:\/\/blog.holyart.it\/fr\/#\/schema\/logo\/image\/\",\"url\":\"https:\/\/blog.holyart.it\/fr\/wp-content\/uploads\/sites\/14\/2022\/12\/Holyart_Blog_Logo.jpg\",\"contentUrl\":\"https:\/\/blog.holyart.it\/fr\/wp-content\/uploads\/sites\/14\/2022\/12\/Holyart_Blog_Logo.jpg\",\"width\":300,\"height\":50,\"caption\":\"Holyart.fr Blog\"},\"image\":{\"@id\":\"https:\/\/blog.holyart.it\/fr\/#\/schema\/logo\/image\/\"}},{\"@type\":\"Person\",\"@id\":\"https:\/\/blog.holyart.it\/fr\/#\/schema\/person\/0a7b686e5af0f856ec1e390dd0baecda\",\"name\":\"Redazione\",\"image\":{\"@type\":\"ImageObject\",\"inLanguage\":\"fr-FR\",\"@id\":\"https:\/\/blog.holyart.it\/fr\/#\/schema\/person\/image\/\",\"url\":\"https:\/\/secure.gravatar.com\/avatar\/f477da817f43e50d0af36abecd33e3edf826c68299714bdc1057dff3b113f516?s=96&d=mm&r=g\",\"contentUrl\":\"https:\/\/secure.gravatar.com\/avatar\/f477da817f43e50d0af36abecd33e3edf826c68299714bdc1057dff3b113f516?s=96&d=mm&r=g\",\"caption\":\"Redazione\"},\"url\":\"https:\/\/blog.holyart.it\/fr\/author\/admin\/\"}]}<\/script>\n<!-- \/ Yoast SEO plugin. -->","yoast_head_json":{"title":"Car\u00eame : qu\u2019est-ce que c\u2019est et comment fonctionne-t-il","description":"Il n\u2019y a pas d\u2019autres mani\u00e8res pour d\u00e9finir le Car\u00eame : il s\u2019agit vraiment d\u2019un moment de pr\u00e9paration, de r\u00e9flexion int\u00e9rieure profonde et unique...","robots":{"index":"index","follow":"follow","max-snippet":"max-snippet:-1","max-image-preview":"max-image-preview:large","max-video-preview":"max-video-preview:-1"},"canonical":"https:\/\/blog.holyart.it\/fr\/paques\/careme-quest-ce-que-cest-et-comment-fonctionne-t-il\/","og_locale":"fr_FR","og_type":"article","og_title":"Car\u00eame : qu\u2019est-ce que c\u2019est et comment fonctionne-t-il","og_description":"Il n\u2019y a pas d\u2019autres mani\u00e8res pour d\u00e9finir le Car\u00eame : il s\u2019agit vraiment d\u2019un moment de pr\u00e9paration, de r\u00e9flexion int\u00e9rieure profonde et unique...","og_url":"https:\/\/blog.holyart.it\/fr\/paques\/careme-quest-ce-que-cest-et-comment-fonctionne-t-il\/","og_site_name":"Holyart.fr Blog","article_published_time":"2022-03-02T11:30:17+00:00","article_modified_time":"2025-02-12T13:52:50+00:00","og_image":[{"width":1000,"height":666,"url":"https:\/\/blog.holyart.it\/fr\/wp-content\/uploads\/sites\/14\/2022\/02\/Car\u00eame-qu\u2019est-ce-que-c\u2019est-et-comment-fonctionne-t-il-2.jpeg","type":"image\/jpeg"}],"author":"Redazione","twitter_card":"summary_large_image","twitter_misc":{"\u00c9crit par":"Redazione","Dur\u00e9e de lecture estim\u00e9e":"11 minutes"},"schema":{"@context":"https:\/\/schema.org","@graph":[{"@type":"Article","@id":"https:\/\/blog.holyart.it\/fr\/paques\/careme-quest-ce-que-cest-et-comment-fonctionne-t-il\/#article","isPartOf":{"@id":"https:\/\/blog.holyart.it\/fr\/paques\/careme-quest-ce-que-cest-et-comment-fonctionne-t-il\/"},"author":{"name":"Redazione","@id":"https:\/\/blog.holyart.it\/fr\/#\/schema\/person\/0a7b686e5af0f856ec1e390dd0baecda"},"headline":"Car\u00eame : qu\u2019est-ce que c\u2019est et comment fonctionne-t-il","datePublished":"2022-03-02T11:30:17+00:00","dateModified":"2025-02-12T13:52:50+00:00","mainEntityOfPage":{"@id":"https:\/\/blog.holyart.it\/fr\/paques\/careme-quest-ce-que-cest-et-comment-fonctionne-t-il\/"},"wordCount":2074,"publisher":{"@id":"https:\/\/blog.holyart.it\/fr\/#organization"},"image":{"@id":"https:\/\/blog.holyart.it\/fr\/paques\/careme-quest-ce-que-cest-et-comment-fonctionne-t-il\/#primaryimage"},"thumbnailUrl":"https:\/\/blog.holyart.it\/fr\/wp-content\/uploads\/sites\/14\/2022\/02\/Car\u00eame-qu\u2019est-ce-que-c\u2019est-et-comment-fonctionne-t-il-2.jpeg","articleSection":["Occasions sp\u00e9ciales","P\u00e2ques","Religion"],"inLanguage":"fr-FR"},{"@type":"WebPage","@id":"https:\/\/blog.holyart.it\/fr\/paques\/careme-quest-ce-que-cest-et-comment-fonctionne-t-il\/","url":"https:\/\/blog.holyart.it\/fr\/paques\/careme-quest-ce-que-cest-et-comment-fonctionne-t-il\/","name":"Car\u00eame : qu\u2019est-ce que c\u2019est et comment fonctionne-t-il","isPartOf":{"@id":"https:\/\/blog.holyart.it\/fr\/#website"},"primaryImageOfPage":{"@id":"https:\/\/blog.holyart.it\/fr\/paques\/careme-quest-ce-que-cest-et-comment-fonctionne-t-il\/#primaryimage"},"image":{"@id":"https:\/\/blog.holyart.it\/fr\/paques\/careme-quest-ce-que-cest-et-comment-fonctionne-t-il\/#primaryimage"},"thumbnailUrl":"https:\/\/blog.holyart.it\/fr\/wp-content\/uploads\/sites\/14\/2022\/02\/Car\u00eame-qu\u2019est-ce-que-c\u2019est-et-comment-fonctionne-t-il-2.jpeg","datePublished":"2022-03-02T11:30:17+00:00","dateModified":"2025-02-12T13:52:50+00:00","description":"Il n\u2019y a pas d\u2019autres mani\u00e8res pour d\u00e9finir le Car\u00eame : il s\u2019agit vraiment d\u2019un moment de pr\u00e9paration, de r\u00e9flexion int\u00e9rieure profonde et unique...","breadcrumb":{"@id":"https:\/\/blog.holyart.it\/fr\/paques\/careme-quest-ce-que-cest-et-comment-fonctionne-t-il\/#breadcrumb"},"inLanguage":"fr-FR","potentialAction":[{"@type":"ReadAction","target":["https:\/\/blog.holyart.it\/fr\/paques\/careme-quest-ce-que-cest-et-comment-fonctionne-t-il\/"]}]},{"@type":"ImageObject","inLanguage":"fr-FR","@id":"https:\/\/blog.holyart.it\/fr\/paques\/careme-quest-ce-que-cest-et-comment-fonctionne-t-il\/#primaryimage","url":"https:\/\/blog.holyart.it\/fr\/wp-content\/uploads\/sites\/14\/2022\/02\/Car\u00eame-qu\u2019est-ce-que-c\u2019est-et-comment-fonctionne-t-il-2.jpeg","contentUrl":"https:\/\/blog.holyart.it\/fr\/wp-content\/uploads\/sites\/14\/2022\/02\/Car\u00eame-qu\u2019est-ce-que-c\u2019est-et-comment-fonctionne-t-il-2.jpeg","width":1000,"height":666,"caption":"Car\u00eame qu\u2019est-ce que c\u2019est et comment fonctionne-t-il"},{"@type":"BreadcrumbList","@id":"https:\/\/blog.holyart.it\/fr\/paques\/careme-quest-ce-que-cest-et-comment-fonctionne-t-il\/#breadcrumb","itemListElement":[{"@type":"ListItem","position":1,"name":"Homepage","item":"https:\/\/blog.holyart.it\/fr\/"},{"@type":"ListItem","position":2,"name":"P\u00e2ques","item":"https:\/\/blog.holyart.it\/fr\/paques\/"},{"@type":"ListItem","position":3,"name":"Car\u00eame : qu\u2019est-ce que c\u2019est et comment fonctionne-t-il"}]},{"@type":"WebSite","@id":"https:\/\/blog.holyart.it\/fr\/#website","url":"https:\/\/blog.holyart.it\/fr\/","name":"Holyart.fr Blog","description":"Holyblog","publisher":{"@id":"https:\/\/blog.holyart.it\/fr\/#organization"},"potentialAction":[{"@type":"SearchAction","target":{"@type":"EntryPoint","urlTemplate":"https:\/\/blog.holyart.it\/fr\/?s={search_term_string}"},"query-input":{"@type":"PropertyValueSpecification","valueRequired":true,"valueName":"search_term_string"}}],"inLanguage":"fr-FR"},{"@type":"Organization","@id":"https:\/\/blog.holyart.it\/fr\/#organization","name":"Holyart.fr Blog","url":"https:\/\/blog.holyart.it\/fr\/","logo":{"@type":"ImageObject","inLanguage":"fr-FR","@id":"https:\/\/blog.holyart.it\/fr\/#\/schema\/logo\/image\/","url":"https:\/\/blog.holyart.it\/fr\/wp-content\/uploads\/sites\/14\/2022\/12\/Holyart_Blog_Logo.jpg","contentUrl":"https:\/\/blog.holyart.it\/fr\/wp-content\/uploads\/sites\/14\/2022\/12\/Holyart_Blog_Logo.jpg","width":300,"height":50,"caption":"Holyart.fr Blog"},"image":{"@id":"https:\/\/blog.holyart.it\/fr\/#\/schema\/logo\/image\/"}},{"@type":"Person","@id":"https:\/\/blog.holyart.it\/fr\/#\/schema\/person\/0a7b686e5af0f856ec1e390dd0baecda","name":"Redazione","image":{"@type":"ImageObject","inLanguage":"fr-FR","@id":"https:\/\/blog.holyart.it\/fr\/#\/schema\/person\/image\/","url":"https:\/\/secure.gravatar.com\/avatar\/f477da817f43e50d0af36abecd33e3edf826c68299714bdc1057dff3b113f516?s=96&d=mm&r=g","contentUrl":"https:\/\/secure.gravatar.com\/avatar\/f477da817f43e50d0af36abecd33e3edf826c68299714bdc1057dff3b113f516?s=96&d=mm&r=g","caption":"Redazione"},"url":"https:\/\/blog.holyart.it\/fr\/author\/admin\/"}]}},"_links":{"self":[{"href":"https:\/\/blog.holyart.it\/fr\/wp-json\/wp\/v2\/posts\/4055","targetHints":{"allow":["GET"]}}],"collection":[{"href":"https:\/\/blog.holyart.it\/fr\/wp-json\/wp\/v2\/posts"}],"about":[{"href":"https:\/\/blog.holyart.it\/fr\/wp-json\/wp\/v2\/types\/post"}],"author":[{"embeddable":true,"href":"https:\/\/blog.holyart.it\/fr\/wp-json\/wp\/v2\/users\/1"}],"replies":[{"embeddable":true,"href":"https:\/\/blog.holyart.it\/fr\/wp-json\/wp\/v2\/comments?post=4055"}],"version-history":[{"count":1,"href":"https:\/\/blog.holyart.it\/fr\/wp-json\/wp\/v2\/posts\/4055\/revisions"}],"predecessor-version":[{"id":9854,"href":"https:\/\/blog.holyart.it\/fr\/wp-json\/wp\/v2\/posts\/4055\/revisions\/9854"}],"wp:featuredmedia":[{"embeddable":true,"href":"https:\/\/blog.holyart.it\/fr\/wp-json\/wp\/v2\/media\/4077"}],"wp:attachment":[{"href":"https:\/\/blog.holyart.it\/fr\/wp-json\/wp\/v2\/media?parent=4055"}],"wp:term":[{"taxonomy":"category","embeddable":true,"href":"https:\/\/blog.holyart.it\/fr\/wp-json\/wp\/v2\/categories?post=4055"},{"taxonomy":"post_tag","embeddable":true,"href":"https:\/\/blog.holyart.it\/fr\/wp-json\/wp\/v2\/tags?post=4055"}],"curies":[{"name":"wp","href":"https:\/\/api.w.org\/{rel}","templated":true}]}}