{"id":4030,"date":"2022-02-28T12:30:35","date_gmt":"2022-02-28T11:30:35","guid":{"rendered":"https:\/\/blog.holyart.it\/fr\/?p=4030"},"modified":"2026-02-11T12:22:05","modified_gmt":"2026-02-11T11:22:05","slug":"quest-ce-que-mardi-gras","status":"publish","type":"post","link":"https:\/\/blog.holyart.it\/fr\/articles-religieux\/quest-ce-que-mardi-gras\/","title":{"rendered":"Qu\u2019est-ce que Mardi Gras"},"content":{"rendered":"<h4>C\u2019est bient\u00f4t Carnaval, une grande f\u00eate pour les enfants, mais \u00e9galement un moment important pour les catholiques, puisqu\u2019il pr\u00e9c\u00e8de le d\u00e9but du Car\u00eame. D\u00e9couvrons quelque chose de plus sur le Mardi Gras, le dernier jour de cette f\u00eate.<\/h4>\n\n<p>Le <strong>mardi gras<\/strong> est le jour qui conclut les festivit\u00e9s de <strong>Carnaval<\/strong>. Il s\u2019agit d\u2019un jour de f\u00eate, c\u00e9l\u00e9br\u00e9 aujourd\u2019hui avec des d\u00e9fil\u00e9s de chars all\u00e9goriques dans diff\u00e9rentes villes d\u2019Italie et l\u2019usage de porter <strong>masques et d\u00e9guisements<\/strong>.<br \/>\nLa signification religieuse du mardi gras, comme pour de nombreuses autres f\u00eates, s\u2019est perdue avec le temps, submerg\u00e9e par une vision plus consum\u00e9riste et projet\u00e9e vers le plan immanent. Il n\u2019a pas toujours \u00e9t\u00e9 comme \u00e7a, m\u00eame si, dans le cas du mardis gras, la connotation de f\u00eate religieuse reste toutefois caract\u00e9ris\u00e9e par une dimension de jouissance.<\/p>\n<p>En effet, du moment qu\u2019il s\u2019agit du jour qui pr\u00e9c\u00e8de le <a href=\"https:\/\/www.holyart.fr\/blog\/articles-religieux\/mercredi-des-cendres-quest-ce-que-cest\/\"><strong>mercredi des cendres<\/strong><\/a> et, du coup, le d\u00e9but du <a href=\"https:\/\/www.holyart.fr\/occasions-speciales\/paques-et-careme\"><strong>Car\u00eame<\/strong><\/a>, depuis l\u2019antiquit\u00e9 c\u2019\u00e9tait le dernier jour consacr\u00e9 \u00e0 la consommation de nourriture riche et savoureuse, grasse, pr\u00e9cis\u00e9ment, afin de vider le garde-manger de mani\u00e8re \u00e0 ne pas \u00eatre induits en tentation.<\/p>\n<div class=\"link-article\">\n<p><img loading=\"lazy\" decoding=\"async\" class=\"alignnone size-full wp-image-4035\" src=\"https:\/\/blog.holyart.it\/fr\/wp-content\/uploads\/sites\/14\/2022\/02\/Mercredi-des-Cendres-qu\u2019est-ce-que-c\u2019est.jpeg\" alt=\"Mercredi des Cendres qu\u2019est-ce que c\u2019est\" width=\"150\" height=\"99\" data-kale-share-title=\"Qu\u2019est-ce que Mardi Gras\" data-kale-share-url=\"https:\/\/blog.holyart.it\/fr\/?p=4030\" \/><\/p>\n<div class=\"leggi-anche\">Lire aussi :<\/div>\n<p><strong><a href=\"https:\/\/www.holyart.fr\/blog\/articles-religieux\/mercredi-des-cendres-quest-ce-que-cest\/\">Mercredi des Cendres : qu\u2019est-ce que c\u2019est<\/a><\/strong><br \/>\nCarnaval touche \u00e0 sa fin. Apr\u00e8s Mardi gras, il y a le Mercredi des Cendres, qui marque le d\u00e9but du Car\u00eame.<\/p>\n<\/div>\n<p>Avec le mercredi des cendres, qui pr\u00e9c\u00e8de le premier dimanche de Car\u00eame, d\u00e9bute une p\u00e9riode de <strong>p\u00e9nitence<\/strong> en pr\u00e9paration pour P\u00e2ques, caract\u00e9ris\u00e9e par des je\u00fbnes et par la renonciation \u00e0 certains aliments, comme la viande. Si nous observons le mot <strong>Carnaval<\/strong>, et en particulier son origine latine <em>carnem levare<\/em>, \u00ab\u00a0\u00e9liminer la viande\u00a0\u00bb, nous nous rendons compte de l\u2019importance que ces jours rev\u00eataient dans le pass\u00e9.<\/p>\n<p>D\u2019ailleurs, le <strong>je\u00fbne eccl\u00e9siastique<\/strong>, ainsi que l\u2019abstinence de la viande, sont des pratiques qui caract\u00e9risent la vie des fid\u00e8les depuis toujours. Les deux doivent \u00eatre observ\u00e9s \u00e0 l\u2019occasion du mercredi des cendres et du vendredi saint, tandis que seule l\u2019abstinence de la viande devrait \u00eatre respect\u00e9e tous les vendredis, y exclues les f\u00eates de pr\u00e9cepte. Cela \u00e0 partir de la constitution apostolique \u00ab\u00a0Paenitemini\u00a0\u00bb de Pape Paul VI de 1966, car avant les jours d\u2019abstinence et les je\u00fbnes obligatoires \u00e9taient bien plus nombreux.<\/p>\n<div class=\"link-article\">\n<p><img loading=\"lazy\" decoding=\"async\" class=\"alignnone size-full wp-image-4038\" src=\"https:\/\/blog.holyart.it\/fr\/wp-content\/uploads\/sites\/14\/2022\/02\/Le-je\u00fbne-propos\u00e9-par-Notre-Dame-de-Medjugorje.jpg\" alt=\"Le je\u00fbne propos\u00e9 par Notre-Dame de Medjugorje\" width=\"150\" height=\"100\" data-kale-share-title=\"Qu\u2019est-ce que Mardi Gras\" data-kale-share-url=\"https:\/\/blog.holyart.it\/fr\/?p=4030\" \/><\/p>\n<div class=\"leggi-anche\">Lire aussi :<\/div>\n<p><strong><a href=\"https:\/\/www.holyart.fr\/blog\/articles-religieux\/le-jeune-propose-par-notre-dame-de-medjugorje\/\">Le je\u00fbne propos\u00e9 par Notre-Dame de Medjugorje<\/a><\/strong><br \/>\nLe je\u00fbne propos\u00e9 par Notre-Dame de Medjugorje n\u2019est qu\u2019une des formes de je\u00fbnes conseill\u00e9s par l\u2019\u00c9glise depuis ses origines&#8230;<\/p>\n<\/div>\n<p>Donc le nom \u00ab\u00a0mardi gras\u00a0\u00bb d\u00e9rive effectivement de l\u2019usage de manger de la nourriture grasse, avec d\u2019entreprendre le <strong>r\u00e9gime quadrag\u00e9simal<\/strong>. Un autre jour tr\u00e8s important pour le carnaval est le <strong>jeudi gras<\/strong>, qui pr\u00e9c\u00e8de le mardi, lui aussi caract\u00e9ris\u00e9 dans le pass\u00e9 par des solennels festins.<\/p>\n<h2>Origines et hisotire du carneval<\/h2>\n<p>Ils existent des exceptions dans notre pays, des endroits o\u00f9 <strong>le carnaval dure un peu plus longtemps<\/strong>.<br \/>\n<strong>Milan<\/strong>, qui suit le calendrier ambrosien, jouit du carnaval quelques jours de plus, car, selon ce calendrier, le Car\u00eame commence le dimanche suivant le mercredi des cendres. La l\u00e9gende veut que <a href=\"https:\/\/www.holyart.fr\/articles-religieux\/statues\/statues-en-bois-peint\/saint-ambroise-avec-ruche-bois-colore-val-gardena\"><strong>Saint Ambroise<\/strong><\/a>, \u00e9tant en voyage et craignant de ne pas arriver \u00e0 rentre en ville \u00e0 temps pour la <a href=\"https:\/\/www.holyart.fr\/accessoires-pour-la-liturgie\"><strong>liturgie<\/strong><\/a> du mercredi des cendres, demanda de postposer les festivit\u00e9s.<\/p>\n<div class=\"link-product\">\n<div class=\"blocco-immagine\"><img loading=\"lazy\" decoding=\"async\" class=\"alignnone size-full wp-image-4042\" src=\"https:\/\/blog.holyart.it\/fr\/wp-content\/uploads\/sites\/14\/2022\/02\/calice-cene-email-patene-laiton-dore-cisele.jpg\" alt=\"calice cene email patene laiton dore cisele\" width=\"100\" height=\"100\" data-kale-share-title=\"Qu\u2019est-ce que Mardi Gras\" data-kale-share-url=\"https:\/\/blog.holyart.it\/fr\/?p=4030\" \/><\/div>\n<div class=\"blocco-contenuto\">\n<div class=\"blocco-acquista\">Acheter sur Holyart:<\/div>\n<div class=\"blocco-titolo\"><a href=\"https:\/\/www.holyart.fr\/accessoires-pour-la-liturgie\">Accessoires pour la liturgie<\/a><\/div>\n<div class=\"blocco-descrizione\">Burettes, Calices et Ciboires, accessoires vari\u00e9s et plus encore.<\/div>\n<\/div>\n<\/div>\n<p>\u00c0\u00a0<strong>Fontevivo<\/strong>, en province de Parme, le mercredi des cendres on f\u00eate le\u00a0<em>marcord\u00ec sgur\u00f2t<\/em>.<em>\u00a0<\/em>Quand Marie Louise r\u00e9gnait sur ces terres, il \u00e9tait son habitude d\u2019aller f\u00eater le mardi gras dans le Coll\u00e8ge des Nobles, situ\u00e9 dans cette petite localit\u00e9 de la r\u00e9gion parmesane. On y consommait de la nourriture riche et on portait des robes de luxe confectionn\u00e9es expr\u00e8s pour l\u2019occasion, mais le jour apr\u00e8s d\u00e9butait le Car\u00eame, et c\u2019\u00e9tait dommage de devoir jeter les restes de toutes ces bonnes choses\u00a0! Ainsi la Grande-duchesse obtint de l\u2019autorit\u00e9 religieuse un report pour le d\u00e9but du Car\u00eame. \u00c0 Fontevivo, il commencerait un jour plus tard. Elle ordonna ensuite que, le mercredi apr\u00e8s le mardi gras, les v\u00eatements port\u00e9s par les nobles pour le banquet soient offerts au peuple, ainsi que tout ce qui n\u2019avait pas \u00e9t\u00e9 mang\u00e9 et m\u00eame les casseroles utilis\u00e9s pour cuisiner. Le nom de cette f\u00eate,\u00a0<em>marcord\u00ec sgur\u00f2t<\/em>, d\u00e9rive du terme dialectal <em>sgurare<\/em>, \u00ab\u00a0nettoyer\u00a0\u00bb, en r\u00e9f\u00e9rence \u00e0 ce que les paysans faisaient avec les casseroles qui leur \u00e9taient offertes. Cette d\u00e9rogation est valable encore aujourd\u2019hui et le mercredi des cendres reste encore aujourd\u2019hui le jour culminant du carnaval.<\/p>\n<h2>Mais qu\u2019est-ce que le mardi gras ?<\/h2>\n<p>Comme d\u00e9j\u00e0 mentionn\u00e9, on porte des masques et on fait la f\u00eate, en participant \u00e9galement \u00e0 des beaux d\u00e9fil\u00e9s de chars. On mange \u00e9galement de nombreuses <strong>p\u00e2tisseries typiques<\/strong>, qui portent des noms diff\u00e9rents selon la r\u00e9gion o\u00f9 l\u2019on se trouve. Un exemple pour tous : les \u00ab\u00a0<strong>chiacchiere<\/strong>\u00a0\u00bb. Appel\u00e9es \u00e9galement \u00ab\u00a0frappe\u00a0\u00bb ou \u00ab\u00a0bugie\u00a0\u00bb ou \u00ab\u00a0cenci\u00a0\u00bb, pour ne citer que quelques-uns de leurs noms, qui d\u00e9rivent des <em>frictilia<\/em> romains, des p\u00e2tisseries frites dans le gras qui d\u00e9j\u00e0 dans la Rome antique \u00e9taient consomm\u00e9s pendant cette p\u00e9riode de l\u2019ann\u00e9e.<\/p>\n<figure id=\"attachment_4046\" aria-describedby=\"caption-attachment-4046\" style=\"width: 1024px\" class=\"wp-caption aligncenter\"><img loading=\"lazy\" decoding=\"async\" class=\"wp-image-4046 size-large\" src=\"https:\/\/blog.holyart.it\/fr\/wp-content\/uploads\/sites\/14\/2022\/02\/les-\u00ab-chiacchiere-\u00bb-1024x683.jpg\" alt=\"les chiacchiere\u00a0\" width=\"1024\" height=\"683\" data-kale-share-title=\"Qu\u2019est-ce que Mardi Gras\" data-kale-share-url=\"https:\/\/blog.holyart.it\/fr\/?p=4030\" \/><figcaption id=\"caption-attachment-4046\" class=\"wp-caption-text\"><center><strong> les chiacchiere\u00a0<\/strong><\/center><\/figcaption><\/figure>\n<p>Mais toute la dimension ludique et effr\u00e9n\u00e9e du mardi gras puise ses racines dans des <strong>festivit\u00e9s bien plus anciennes<\/strong>, caract\u00e9ris\u00e9es par un <strong>renversement momentan\u00e9 des lois<\/strong>, des obligations et des hi\u00e9rarchies, au nom du <strong>triomphe d\u2019un nouveau d\u00e9sordre<\/strong> fait de divertissement et de d\u00e9bauche.<br \/>\nPensons aux <strong>Saturnales<\/strong> romains, durant lesquels chaque ordre social \u00e9tait bris\u00e9, au point que m\u00eame les esclaves devenaient des hommes libres et d\u00e9signaient leur <em>princeps<\/em>.<br \/>\nOu bien les <strong>Ambarvales, toujours \u00e0 Rome<\/strong>, en l\u2019honneur de C\u00e9r\u00e8s, c\u00e9l\u00e9br\u00e9s pour favoriser la fertilit\u00e9 des champs et caract\u00e9ris\u00e9s par all\u00e9gresse et \u00e9bri\u00e9t\u00e9.<br \/>\nOu encore les f\u00eates grecques en l\u2019honneur de Dionysos, dites <strong>Anthest\u00e9ries<\/strong>, \u00e0 cheval entre f\u00e9vrier et mars, durant lesquelles on buvait en abondance le vin nouveau et on alternait des moments d\u2019all\u00e9gresse et d\u2019\u00e9bri\u00e9t\u00e9 \u00e0 d\u2019autres plus sombres et sinistres, puisqu\u2019on pensait que dans ces jours les esprits des d\u00e9funts vaguaient sur terre.<br \/>\nCe m\u00e9lange de festivit\u00e9s des vivants avec <a href=\"https:\/\/www.holyart.fr\/blog\/articles-religieux\/fete-de-la-toussaint-1er-novembre\/\"><strong>la pr\u00e9sence des morts<\/strong> <\/a>nous renvoie au\u00a0<em>D\u00eda de muertos<\/em>\u00a0mexicain, une sorte de carnaval qui a lieu entre le 28 octobre et le 2 novembre, caract\u00e9ris\u00e9 par fleurs, musique, boissons et nourriture traditionnels, mais \u00e9galement par la pr\u00e9sence all\u00e9gorique constante de la mort et de la comm\u00e9moration des d\u00e9funts.<\/p>\n<p>Dans le jeu de l\u2019<strong>inversion des r\u00f4les sociaux <\/strong>h\u00e9rit\u00e9s par ces f\u00eates, l\u2019usage du <strong>masque<\/strong> devient fondamental pour ceux qui f\u00eatent le carnaval. En g\u00e9n\u00e9ral, la f\u00eate de carnaval, ainsi que toutes les f\u00eates les plus anciennes d\u2019o\u00f9 il a pris ses origines, est une f\u00eate de <strong>renouvellement<\/strong> qui c\u00e9l\u00e8bre la fin d\u2019un cycle vital, ou saisonnier, et le d\u00e9but de quelque chose de compl\u00e9tement nouveau et diff\u00e9rent.<\/p>\n<p>Dans notre pays et en Europe, il existe depuis toujours, en tant qu\u2019\u00e9volution des f\u00eates pa\u00efennes cit\u00e9es ci-dessus, avec des noms et des caract\u00e9ristiques diff\u00e9rentes. Dans le Moyen \u00c2ge, il \u00e9tait connu comme <em>fasnachat<\/em>,\u00a0\u00ab\u00a0<strong>f\u00eate de folie<\/strong>\u00a0\u00bb, et \u00e9tait un moyen pour saluer la saison hivernale et accueillir le printemps avec des grandes festivit\u00e9s pendant lesquelles les pl\u00e9b\u00e9iens et les nobles s\u2019\u00e9changeaient de r\u00f4le en utilisant des masques et on s\u2019abandonnait \u00e0 toute sorte d\u2019exc\u00e8s et de divertissement. Souvent au sommet de la f\u00eate, un fantoche \u00e9tait jug\u00e9 et mis \u00e0 mort, symbole de la fin de tous les maux pass\u00e9s et du d\u00e9but d\u2019un nouveau cycle vital.<\/p>\n<p>Ensuite, l\u2019<strong>\u00c9glise catholique <\/strong>tenta de supprimer cette f\u00eate, trop effr\u00e9n\u00e9e et li\u00e9e \u00e0 un contexte pa\u00efen, mais il \u00e9tait \u00e9vident qu\u2019elle \u00e9tait si encr\u00e9e dans la culture populaire qu\u2019il \u00e9tait impossible de l\u2019\u00e9radiquer. Ainsi on d\u00e9cida de trouver une solution de compromis\u00a0: que les gens f\u00eatent la fin de l\u2019hiver et l\u2019arriv\u00e9 d\u2019un printemps fertile et prosp\u00e8re, \u00e0 condition qu\u2019ensuite elles soient dispos\u00e9es \u00e0 se soumettre de bon gr\u00e9 aux renonciations et aux privations du Car\u00eame.<\/p>\n<h2>Le mardi gras dans le monde<\/h2>\n<p>Revenons au mardi gras, il \u00e9tait f\u00eat\u00e9 \u00e9galement dans le reste de l\u2019Europe et dans certains autres pays du monde, m\u00eame compte tenu du progressif appauvrissement de la valeur religieuse de cette f\u00eate et du fait que dans les autres pays le Car\u00eame est moins senti qu\u2019en Italie, il n\u2019a pas chang\u00e9 de signification.<\/p>\n<p>En\u00a0<strong>France<\/strong>\u00a0le\u00a0<em>Mardi gras<\/em> d\u00e9rive de la f\u00eate m\u00e9di\u00e9vale connue comme la F\u00eate des Fous, durant laquelle tout le monde pouvait se comporter et s\u2019habiller comme il le voulait et \u00e9tait \u00e9lu Pape des fous. Cette f\u00eate est m\u00eame cit\u00e9e par Victor Hugo dans le splendide roman <em>Notre-Dame de Paris<\/em>.<\/p>\n<p><strong>Au Royaume-Uni, le Mardi gras s\u2019appelle<em> Shrove Tuesday<\/em><\/strong>, du verbe <em>to shrive<\/em>, \u00ab\u00a0se confesser, obtenir l\u2019absolution\u00a0\u00bb, ou \u00e9galement le <em>Pancake Day<\/em>, comme aux \u00c9tats-Unis, car en ce jour il est coutume de manger des pancakes.<\/p>\n<p>\u00c0\u00a0<strong>New Orl\u00e9ans<\/strong>, dans le Louisiane, dans les deux semaines qui pr\u00e9c\u00e8dent le <strong>Mardi gras<\/strong>, appel\u00e9 ici avec son nom fran\u00e7ais, se tiennent des grands d\u00e9fil\u00e9s quasi tous les jours et de nombreux \u00e9v\u00e9nements et autres f\u00eates.<\/p>\n<p>En <strong>Allemagne<\/strong> et dans les pays nordiques on f\u00eate davantage le dernier lundi avec le mercredi des cendres. En Allemagne, il est appel\u00e9\u00a0<em>Rosenmontag<\/em>, \u201clundi des roses\u201d, en <strong>Su\u00e8de<\/strong>\u00a0<em>Semladag<\/em>\u00a0\u00e0 cause du Semla, le g\u00e2teau typique qui est consomm\u00e9 pendant cette journ\u00e9e, moelleux et farci de cr\u00e8me fra\u00eeche et de p\u00e2te d\u2019amande.<\/p>\n<figure id=\"attachment_4048\" aria-describedby=\"caption-attachment-4048\" style=\"width: 1024px\" class=\"wp-caption aligncenter\"><img loading=\"lazy\" decoding=\"async\" class=\"wp-image-4048 size-large\" src=\"https:\/\/blog.holyart.it\/fr\/wp-content\/uploads\/sites\/14\/2022\/02\/du-Semla-1024x677.jpg\" alt=\"Du Semla\" width=\"1024\" height=\"677\" data-kale-share-title=\"Qu\u2019est-ce que Mardi Gras\" data-kale-share-url=\"https:\/\/blog.holyart.it\/fr\/?p=4030\" \/><figcaption id=\"caption-attachment-4048\" class=\"wp-caption-text\"><center><strong> Du Semla, le g\u00e2teau typique qui est consomm\u00e9 pendant cette journ\u00e9e <\/strong><\/center><\/figcaption><\/figure>\n<p>En\u00a0<strong>Russie<\/strong>, on f\u00eate la semaine enti\u00e8re qui pr\u00e9c\u00e8de le mercredi des cendres, la\u00a0<em>Maslenica<\/em>. Il s\u2019agit d\u2019une f\u00eate traditionnelle durant laquelle on pr\u00e9pare les caract\u00e9ristiques beignets frits appel\u00e9s <em>bliny<\/em>, \u00e0 base de beurre et d\u2019\u0153ufs, des aliments qui seront ensuite interdits pendant tous les Car\u00eame.<\/p>\n<p>Au <strong>Br\u00e9sil<\/strong>, le carnaval a \u00e9t\u00e9 amen\u00e9 par les portugais qui en 1723 le f\u00eataient avec l\u2019Entrudo, durant lequel les gens jetaient eau et nourriture en rue, en s\u2019abandonnant \u00e0 des exc\u00e8s souvent violents. Ensuite, des usages plus pittoresques et agr\u00e9ables furent introduits, comme les <em>lim\u00f5es de cheiro<\/em>, des ampoules d\u2019eau parfum\u00e9e, bien \u00e9videmment les \u00ab\u00a0fantasias\u00a0\u00bb, les magnifiques d\u00e9guisements des danseurs de samba qui ont rendu le carnaval br\u00e9silien c\u00e9l\u00e8bre dans le monde entier.<\/p>\n<p>\u00c0 <strong>Tenerife<\/strong>, aux Canaries, on f\u00eate un carnaval qui se fond sur la version br\u00e9silienne avec chars, danses et l\u2019\u00e9lection de la reine du carnaval. \u00c0 Santa Cruz, par contre, on f\u00eate \u00e9galement les <em>fun\u00e9railles de la sardine<\/em> : une sardine g\u00e9ante en papier m\u00e2ch\u00e9, maquill\u00e9e avec des longs cils, est transport\u00e9e dans les rues dans la parodie d\u2019un cort\u00e8ge fun\u00e9raire.<\/p>\n<p>En <strong>Gr\u00e8ce<\/strong>, le carnaval dure 3 semaines et est caract\u00e9ris\u00e9 par des d\u00e9fil\u00e9s floraux, des bals masqu\u00e9s avec des masques rappelant ceux du carnaval de Venise, et les batailles du <a href=\"https:\/\/www.holyart.fr\/produits-des-monasteres\/chocolat-des-trappistes\"><strong>chocolat<\/strong><\/a>, pendant lesquelles des filles d\u00e9guis\u00e9es se prom\u00e8nent sur des chars d\u00e9bordant de fleurs et jettent au public des p\u00e9tales et des g\u00e2teaux.<\/p>\n<p>Au <strong>Danemark<\/strong>, le carnaval s\u2019appelle <em>Fastelavn<\/em>, \u00ab\u00a0soir\u00e9e de je\u00fbne\u00a0\u00bb. C\u2019est une f\u00eate d\u00e9di\u00e9e surtout aux plus petits avec des jeux et des d\u00e9guisements. Une tradition li\u00e9e au pass\u00e9 et l\u2019\u00e9lection du <em>roi des chats<\/em>\u00a0: un petit tonneau est suspendu \u00e0 deux poteaux et des jeunes d\u00e9guis\u00e9s et \u00e0 cheval doivent essayer de le frapper avec des battes. Gagne celui qui arriver \u00e0 le casser d\u2019un seul coup de batte. Aujourd\u2019hui le tonneau est heureusement rempli de sucreries et de bonbons, mais dans le pass\u00e9 il contenant un chat vivant, symbole du mal \u00e0 d\u00e9raciner.<\/p>\n","protected":false},"excerpt":{"rendered":"<p>C\u2019est bient\u00f4t Carnaval, une grande f\u00eate pour les enfants, mais \u00e9galement un moment important pour les catholiques, puisqu\u2019il pr\u00e9c\u00e8de le d\u00e9but du Car\u00eame. D\u00e9couvrons quelque chose de plus sur le Mardi Gras, le dernier jour de cette f\u00eate. Le mardi gras est le jour qui&hellip;<\/p>\n","protected":false},"author":1,"featured_media":4052,"comment_status":"closed","ping_status":"open","sticky":false,"template":"","format":"standard","meta":{"_acf_changed":false,"footnotes":""},"categories":[4,12,14,8],"tags":[],"class_list":["post-4030","post","type-post","status-publish","format-standard","has-post-thumbnail","hentry","category-accessoires-pour-la-liturgie","category-occasions-speciales","category-paques","category-articles-religieux"],"acf":[],"yoast_head":"<!-- This site is optimized with the Yoast SEO plugin v26.6 - https:\/\/yoast.com\/wordpress\/plugins\/seo\/ -->\n<title>Qu\u2019est-ce que Mardi Gras<\/title>\n<meta name=\"description\" content=\"C\u2019est bient\u00f4t Carnaval, une grande f\u00eate pour les enfants, mais \u00e9galement un moment important pour les catholiques, puisqu\u2019il pr\u00e9c\u00e8de le d\u00e9but du Car\u00eame...\" \/>\n<meta name=\"robots\" content=\"index, follow, max-snippet:-1, max-image-preview:large, max-video-preview:-1\" \/>\n<link rel=\"canonical\" href=\"https:\/\/blog.holyart.it\/fr\/articles-religieux\/quest-ce-que-mardi-gras\/\" \/>\n<meta property=\"og:locale\" content=\"fr_FR\" \/>\n<meta property=\"og:type\" content=\"article\" \/>\n<meta property=\"og:title\" content=\"Qu\u2019est-ce que Mardi Gras\" \/>\n<meta property=\"og:description\" content=\"C\u2019est bient\u00f4t Carnaval, une grande f\u00eate pour les enfants, mais \u00e9galement un moment important pour les catholiques, puisqu\u2019il pr\u00e9c\u00e8de le d\u00e9but du Car\u00eame...\" \/>\n<meta property=\"og:url\" content=\"https:\/\/blog.holyart.it\/fr\/articles-religieux\/quest-ce-que-mardi-gras\/\" \/>\n<meta property=\"og:site_name\" content=\"Holyart.fr Blog\" \/>\n<meta property=\"article:published_time\" content=\"2022-02-28T11:30:35+00:00\" \/>\n<meta property=\"article:modified_time\" content=\"2026-02-11T11:22:05+00:00\" \/>\n<meta property=\"og:image\" content=\"https:\/\/blog.holyart.it\/fr\/wp-content\/uploads\/sites\/14\/2022\/02\/Qu\u2019est-ce-que-Mardi-Gras-1.jpg\" \/>\n\t<meta property=\"og:image:width\" content=\"1000\" \/>\n\t<meta property=\"og:image:height\" content=\"666\" \/>\n\t<meta property=\"og:image:type\" content=\"image\/jpeg\" \/>\n<meta name=\"author\" content=\"Redazione\" \/>\n<meta name=\"twitter:card\" content=\"summary_large_image\" \/>\n<meta name=\"twitter:label1\" content=\"\u00c9crit par\" \/>\n\t<meta name=\"twitter:data1\" content=\"Redazione\" \/>\n\t<meta name=\"twitter:label2\" content=\"Dur\u00e9e de lecture estim\u00e9e\" \/>\n\t<meta name=\"twitter:data2\" content=\"11 minutes\" \/>\n<script type=\"application\/ld+json\" class=\"yoast-schema-graph\">{\"@context\":\"https:\/\/schema.org\",\"@graph\":[{\"@type\":\"Article\",\"@id\":\"https:\/\/blog.holyart.it\/fr\/articles-religieux\/quest-ce-que-mardi-gras\/#article\",\"isPartOf\":{\"@id\":\"https:\/\/blog.holyart.it\/fr\/articles-religieux\/quest-ce-que-mardi-gras\/\"},\"author\":{\"name\":\"Redazione\",\"@id\":\"https:\/\/blog.holyart.it\/fr\/#\/schema\/person\/0a7b686e5af0f856ec1e390dd0baecda\"},\"headline\":\"Qu\u2019est-ce que Mardi Gras\",\"datePublished\":\"2022-02-28T11:30:35+00:00\",\"dateModified\":\"2026-02-11T11:22:05+00:00\",\"mainEntityOfPage\":{\"@id\":\"https:\/\/blog.holyart.it\/fr\/articles-religieux\/quest-ce-que-mardi-gras\/\"},\"wordCount\":2172,\"publisher\":{\"@id\":\"https:\/\/blog.holyart.it\/fr\/#organization\"},\"image\":{\"@id\":\"https:\/\/blog.holyart.it\/fr\/articles-religieux\/quest-ce-que-mardi-gras\/#primaryimage\"},\"thumbnailUrl\":\"https:\/\/blog.holyart.it\/fr\/wp-content\/uploads\/sites\/14\/2022\/02\/Qu\u2019est-ce-que-Mardi-Gras-1.jpg\",\"articleSection\":[\"Liturgie\",\"Occasions sp\u00e9ciales\",\"P\u00e2ques\",\"Religion\"],\"inLanguage\":\"fr-FR\"},{\"@type\":\"WebPage\",\"@id\":\"https:\/\/blog.holyart.it\/fr\/articles-religieux\/quest-ce-que-mardi-gras\/\",\"url\":\"https:\/\/blog.holyart.it\/fr\/articles-religieux\/quest-ce-que-mardi-gras\/\",\"name\":\"Qu\u2019est-ce que Mardi Gras\",\"isPartOf\":{\"@id\":\"https:\/\/blog.holyart.it\/fr\/#website\"},\"primaryImageOfPage\":{\"@id\":\"https:\/\/blog.holyart.it\/fr\/articles-religieux\/quest-ce-que-mardi-gras\/#primaryimage\"},\"image\":{\"@id\":\"https:\/\/blog.holyart.it\/fr\/articles-religieux\/quest-ce-que-mardi-gras\/#primaryimage\"},\"thumbnailUrl\":\"https:\/\/blog.holyart.it\/fr\/wp-content\/uploads\/sites\/14\/2022\/02\/Qu\u2019est-ce-que-Mardi-Gras-1.jpg\",\"datePublished\":\"2022-02-28T11:30:35+00:00\",\"dateModified\":\"2026-02-11T11:22:05+00:00\",\"description\":\"C\u2019est bient\u00f4t Carnaval, une grande f\u00eate pour les enfants, mais \u00e9galement un moment important pour les catholiques, puisqu\u2019il pr\u00e9c\u00e8de le d\u00e9but du Car\u00eame...\",\"breadcrumb\":{\"@id\":\"https:\/\/blog.holyart.it\/fr\/articles-religieux\/quest-ce-que-mardi-gras\/#breadcrumb\"},\"inLanguage\":\"fr-FR\",\"potentialAction\":[{\"@type\":\"ReadAction\",\"target\":[\"https:\/\/blog.holyart.it\/fr\/articles-religieux\/quest-ce-que-mardi-gras\/\"]}]},{\"@type\":\"ImageObject\",\"inLanguage\":\"fr-FR\",\"@id\":\"https:\/\/blog.holyart.it\/fr\/articles-religieux\/quest-ce-que-mardi-gras\/#primaryimage\",\"url\":\"https:\/\/blog.holyart.it\/fr\/wp-content\/uploads\/sites\/14\/2022\/02\/Qu\u2019est-ce-que-Mardi-Gras-1.jpg\",\"contentUrl\":\"https:\/\/blog.holyart.it\/fr\/wp-content\/uploads\/sites\/14\/2022\/02\/Qu\u2019est-ce-que-Mardi-Gras-1.jpg\",\"width\":1000,\"height\":666,\"caption\":\"Qu\u2019est-ce que Mardi Gras\"},{\"@type\":\"BreadcrumbList\",\"@id\":\"https:\/\/blog.holyart.it\/fr\/articles-religieux\/quest-ce-que-mardi-gras\/#breadcrumb\",\"itemListElement\":[{\"@type\":\"ListItem\",\"position\":1,\"name\":\"Homepage\",\"item\":\"https:\/\/blog.holyart.it\/fr\/\"},{\"@type\":\"ListItem\",\"position\":2,\"name\":\"Religion\",\"item\":\"https:\/\/blog.holyart.it\/fr\/articles-religieux\/\"},{\"@type\":\"ListItem\",\"position\":3,\"name\":\"Qu\u2019est-ce que Mardi Gras\"}]},{\"@type\":\"WebSite\",\"@id\":\"https:\/\/blog.holyart.it\/fr\/#website\",\"url\":\"https:\/\/blog.holyart.it\/fr\/\",\"name\":\"Holyart.fr Blog\",\"description\":\"Holyblog\",\"publisher\":{\"@id\":\"https:\/\/blog.holyart.it\/fr\/#organization\"},\"potentialAction\":[{\"@type\":\"SearchAction\",\"target\":{\"@type\":\"EntryPoint\",\"urlTemplate\":\"https:\/\/blog.holyart.it\/fr\/?s={search_term_string}\"},\"query-input\":{\"@type\":\"PropertyValueSpecification\",\"valueRequired\":true,\"valueName\":\"search_term_string\"}}],\"inLanguage\":\"fr-FR\"},{\"@type\":\"Organization\",\"@id\":\"https:\/\/blog.holyart.it\/fr\/#organization\",\"name\":\"Holyart.fr Blog\",\"url\":\"https:\/\/blog.holyart.it\/fr\/\",\"logo\":{\"@type\":\"ImageObject\",\"inLanguage\":\"fr-FR\",\"@id\":\"https:\/\/blog.holyart.it\/fr\/#\/schema\/logo\/image\/\",\"url\":\"https:\/\/blog.holyart.it\/fr\/wp-content\/uploads\/sites\/14\/2022\/12\/Holyart_Blog_Logo.jpg\",\"contentUrl\":\"https:\/\/blog.holyart.it\/fr\/wp-content\/uploads\/sites\/14\/2022\/12\/Holyart_Blog_Logo.jpg\",\"width\":300,\"height\":50,\"caption\":\"Holyart.fr Blog\"},\"image\":{\"@id\":\"https:\/\/blog.holyart.it\/fr\/#\/schema\/logo\/image\/\"}},{\"@type\":\"Person\",\"@id\":\"https:\/\/blog.holyart.it\/fr\/#\/schema\/person\/0a7b686e5af0f856ec1e390dd0baecda\",\"name\":\"Redazione\",\"image\":{\"@type\":\"ImageObject\",\"inLanguage\":\"fr-FR\",\"@id\":\"https:\/\/blog.holyart.it\/fr\/#\/schema\/person\/image\/\",\"url\":\"https:\/\/secure.gravatar.com\/avatar\/f477da817f43e50d0af36abecd33e3edf826c68299714bdc1057dff3b113f516?s=96&d=mm&r=g\",\"contentUrl\":\"https:\/\/secure.gravatar.com\/avatar\/f477da817f43e50d0af36abecd33e3edf826c68299714bdc1057dff3b113f516?s=96&d=mm&r=g\",\"caption\":\"Redazione\"},\"url\":\"https:\/\/blog.holyart.it\/fr\/author\/admin\/\"}]}<\/script>\n<!-- \/ Yoast SEO plugin. -->","yoast_head_json":{"title":"Qu\u2019est-ce que Mardi Gras","description":"C\u2019est bient\u00f4t Carnaval, une grande f\u00eate pour les enfants, mais \u00e9galement un moment important pour les catholiques, puisqu\u2019il pr\u00e9c\u00e8de le d\u00e9but du Car\u00eame...","robots":{"index":"index","follow":"follow","max-snippet":"max-snippet:-1","max-image-preview":"max-image-preview:large","max-video-preview":"max-video-preview:-1"},"canonical":"https:\/\/blog.holyart.it\/fr\/articles-religieux\/quest-ce-que-mardi-gras\/","og_locale":"fr_FR","og_type":"article","og_title":"Qu\u2019est-ce que Mardi Gras","og_description":"C\u2019est bient\u00f4t Carnaval, une grande f\u00eate pour les enfants, mais \u00e9galement un moment important pour les catholiques, puisqu\u2019il pr\u00e9c\u00e8de le d\u00e9but du Car\u00eame...","og_url":"https:\/\/blog.holyart.it\/fr\/articles-religieux\/quest-ce-que-mardi-gras\/","og_site_name":"Holyart.fr Blog","article_published_time":"2022-02-28T11:30:35+00:00","article_modified_time":"2026-02-11T11:22:05+00:00","og_image":[{"width":1000,"height":666,"url":"https:\/\/blog.holyart.it\/fr\/wp-content\/uploads\/sites\/14\/2022\/02\/Qu\u2019est-ce-que-Mardi-Gras-1.jpg","type":"image\/jpeg"}],"author":"Redazione","twitter_card":"summary_large_image","twitter_misc":{"\u00c9crit par":"Redazione","Dur\u00e9e de lecture estim\u00e9e":"11 minutes"},"schema":{"@context":"https:\/\/schema.org","@graph":[{"@type":"Article","@id":"https:\/\/blog.holyart.it\/fr\/articles-religieux\/quest-ce-que-mardi-gras\/#article","isPartOf":{"@id":"https:\/\/blog.holyart.it\/fr\/articles-religieux\/quest-ce-que-mardi-gras\/"},"author":{"name":"Redazione","@id":"https:\/\/blog.holyart.it\/fr\/#\/schema\/person\/0a7b686e5af0f856ec1e390dd0baecda"},"headline":"Qu\u2019est-ce que Mardi Gras","datePublished":"2022-02-28T11:30:35+00:00","dateModified":"2026-02-11T11:22:05+00:00","mainEntityOfPage":{"@id":"https:\/\/blog.holyart.it\/fr\/articles-religieux\/quest-ce-que-mardi-gras\/"},"wordCount":2172,"publisher":{"@id":"https:\/\/blog.holyart.it\/fr\/#organization"},"image":{"@id":"https:\/\/blog.holyart.it\/fr\/articles-religieux\/quest-ce-que-mardi-gras\/#primaryimage"},"thumbnailUrl":"https:\/\/blog.holyart.it\/fr\/wp-content\/uploads\/sites\/14\/2022\/02\/Qu\u2019est-ce-que-Mardi-Gras-1.jpg","articleSection":["Liturgie","Occasions sp\u00e9ciales","P\u00e2ques","Religion"],"inLanguage":"fr-FR"},{"@type":"WebPage","@id":"https:\/\/blog.holyart.it\/fr\/articles-religieux\/quest-ce-que-mardi-gras\/","url":"https:\/\/blog.holyart.it\/fr\/articles-religieux\/quest-ce-que-mardi-gras\/","name":"Qu\u2019est-ce que Mardi Gras","isPartOf":{"@id":"https:\/\/blog.holyart.it\/fr\/#website"},"primaryImageOfPage":{"@id":"https:\/\/blog.holyart.it\/fr\/articles-religieux\/quest-ce-que-mardi-gras\/#primaryimage"},"image":{"@id":"https:\/\/blog.holyart.it\/fr\/articles-religieux\/quest-ce-que-mardi-gras\/#primaryimage"},"thumbnailUrl":"https:\/\/blog.holyart.it\/fr\/wp-content\/uploads\/sites\/14\/2022\/02\/Qu\u2019est-ce-que-Mardi-Gras-1.jpg","datePublished":"2022-02-28T11:30:35+00:00","dateModified":"2026-02-11T11:22:05+00:00","description":"C\u2019est bient\u00f4t Carnaval, une grande f\u00eate pour les enfants, mais \u00e9galement un moment important pour les catholiques, puisqu\u2019il pr\u00e9c\u00e8de le d\u00e9but du Car\u00eame...","breadcrumb":{"@id":"https:\/\/blog.holyart.it\/fr\/articles-religieux\/quest-ce-que-mardi-gras\/#breadcrumb"},"inLanguage":"fr-FR","potentialAction":[{"@type":"ReadAction","target":["https:\/\/blog.holyart.it\/fr\/articles-religieux\/quest-ce-que-mardi-gras\/"]}]},{"@type":"ImageObject","inLanguage":"fr-FR","@id":"https:\/\/blog.holyart.it\/fr\/articles-religieux\/quest-ce-que-mardi-gras\/#primaryimage","url":"https:\/\/blog.holyart.it\/fr\/wp-content\/uploads\/sites\/14\/2022\/02\/Qu\u2019est-ce-que-Mardi-Gras-1.jpg","contentUrl":"https:\/\/blog.holyart.it\/fr\/wp-content\/uploads\/sites\/14\/2022\/02\/Qu\u2019est-ce-que-Mardi-Gras-1.jpg","width":1000,"height":666,"caption":"Qu\u2019est-ce que Mardi Gras"},{"@type":"BreadcrumbList","@id":"https:\/\/blog.holyart.it\/fr\/articles-religieux\/quest-ce-que-mardi-gras\/#breadcrumb","itemListElement":[{"@type":"ListItem","position":1,"name":"Homepage","item":"https:\/\/blog.holyart.it\/fr\/"},{"@type":"ListItem","position":2,"name":"Religion","item":"https:\/\/blog.holyart.it\/fr\/articles-religieux\/"},{"@type":"ListItem","position":3,"name":"Qu\u2019est-ce que Mardi Gras"}]},{"@type":"WebSite","@id":"https:\/\/blog.holyart.it\/fr\/#website","url":"https:\/\/blog.holyart.it\/fr\/","name":"Holyart.fr Blog","description":"Holyblog","publisher":{"@id":"https:\/\/blog.holyart.it\/fr\/#organization"},"potentialAction":[{"@type":"SearchAction","target":{"@type":"EntryPoint","urlTemplate":"https:\/\/blog.holyart.it\/fr\/?s={search_term_string}"},"query-input":{"@type":"PropertyValueSpecification","valueRequired":true,"valueName":"search_term_string"}}],"inLanguage":"fr-FR"},{"@type":"Organization","@id":"https:\/\/blog.holyart.it\/fr\/#organization","name":"Holyart.fr Blog","url":"https:\/\/blog.holyart.it\/fr\/","logo":{"@type":"ImageObject","inLanguage":"fr-FR","@id":"https:\/\/blog.holyart.it\/fr\/#\/schema\/logo\/image\/","url":"https:\/\/blog.holyart.it\/fr\/wp-content\/uploads\/sites\/14\/2022\/12\/Holyart_Blog_Logo.jpg","contentUrl":"https:\/\/blog.holyart.it\/fr\/wp-content\/uploads\/sites\/14\/2022\/12\/Holyart_Blog_Logo.jpg","width":300,"height":50,"caption":"Holyart.fr Blog"},"image":{"@id":"https:\/\/blog.holyart.it\/fr\/#\/schema\/logo\/image\/"}},{"@type":"Person","@id":"https:\/\/blog.holyart.it\/fr\/#\/schema\/person\/0a7b686e5af0f856ec1e390dd0baecda","name":"Redazione","image":{"@type":"ImageObject","inLanguage":"fr-FR","@id":"https:\/\/blog.holyart.it\/fr\/#\/schema\/person\/image\/","url":"https:\/\/secure.gravatar.com\/avatar\/f477da817f43e50d0af36abecd33e3edf826c68299714bdc1057dff3b113f516?s=96&d=mm&r=g","contentUrl":"https:\/\/secure.gravatar.com\/avatar\/f477da817f43e50d0af36abecd33e3edf826c68299714bdc1057dff3b113f516?s=96&d=mm&r=g","caption":"Redazione"},"url":"https:\/\/blog.holyart.it\/fr\/author\/admin\/"}]}},"_links":{"self":[{"href":"https:\/\/blog.holyart.it\/fr\/wp-json\/wp\/v2\/posts\/4030","targetHints":{"allow":["GET"]}}],"collection":[{"href":"https:\/\/blog.holyart.it\/fr\/wp-json\/wp\/v2\/posts"}],"about":[{"href":"https:\/\/blog.holyart.it\/fr\/wp-json\/wp\/v2\/types\/post"}],"author":[{"embeddable":true,"href":"https:\/\/blog.holyart.it\/fr\/wp-json\/wp\/v2\/users\/1"}],"replies":[{"embeddable":true,"href":"https:\/\/blog.holyart.it\/fr\/wp-json\/wp\/v2\/comments?post=4030"}],"version-history":[{"count":1,"href":"https:\/\/blog.holyart.it\/fr\/wp-json\/wp\/v2\/posts\/4030\/revisions"}],"predecessor-version":[{"id":9861,"href":"https:\/\/blog.holyart.it\/fr\/wp-json\/wp\/v2\/posts\/4030\/revisions\/9861"}],"wp:featuredmedia":[{"embeddable":true,"href":"https:\/\/blog.holyart.it\/fr\/wp-json\/wp\/v2\/media\/4052"}],"wp:attachment":[{"href":"https:\/\/blog.holyart.it\/fr\/wp-json\/wp\/v2\/media?parent=4030"}],"wp:term":[{"taxonomy":"category","embeddable":true,"href":"https:\/\/blog.holyart.it\/fr\/wp-json\/wp\/v2\/categories?post=4030"},{"taxonomy":"post_tag","embeddable":true,"href":"https:\/\/blog.holyart.it\/fr\/wp-json\/wp\/v2\/tags?post=4030"}],"curies":[{"name":"wp","href":"https:\/\/api.w.org\/{rel}","templated":true}]}}