{"id":399,"date":"2018-03-28T14:53:39","date_gmt":"2018-03-28T12:53:39","guid":{"rendered":"https:\/\/blog.holyart.it\/fr\/?p=399"},"modified":"2025-02-12T14:51:44","modified_gmt":"2025-02-12T13:51:44","slug":"solennite-corpus-domini","status":"publish","type":"post","link":"https:\/\/blog.holyart.it\/fr\/paques\/solennite-corpus-domini\/","title":{"rendered":"La solennit\u00e9 du Corpus Domini"},"content":{"rendered":"<p>La solennit\u00e9 du <strong>Corpus Domini<\/strong> (\u00ab\u00a0Corps du Seigneur\u00a0\u00bb) vient cl\u00f4turer les f\u00eates qui suivent <span style=\"color: #0000ff;\"><strong><a style=\"color: #0000ff;\" href=\"https:\/\/www.holyart.fr\/occasions-speciales\/paques-et-careme\">P\u00e2ques<\/a><\/strong><\/span>. On la c\u00e9l\u00e8bre le jeudi apr\u00e8s la f\u00eate de la Tr\u00e8s Sainte Trinit\u00e9, m\u00eame si dans beaucoup de pays elle tombe le dimanche suivant. La solennit\u00e9 du Corpus Domini c\u00e9l\u00e8bre <strong>la r\u00e9elle pr\u00e9sence de Christ dans l\u2019eucharistie<\/strong>, en s\u2019opposant \u00e0 la th\u00e9orie de B\u00e9ranger de Tours selon laquelle cette pr\u00e9sence ne serait que symbolique. Cette comm\u00e9moration nait au XIII si\u00e8cle dans les visions d\u2019une mystique belge, Julienne de Cornillon, et c\u00e9l\u00e8bre l\u2019origine du myst\u00e8re de l\u2019eucharistie.<\/p>\n<p>Dans la vision de Sainte Julienne de Cornillon la lune apparaissait pleine, blanche et resplendissante, avec une zone d\u2019ombre. La mystique interpr\u00e9ta cette apparition avec le manque dans l\u2019\u00c9glise de l\u2019\u00e9poque d\u2019une f\u00eate qui <strong>c\u00e9l\u00e9brait l\u2019eucharistie en tant que telle<\/strong>, comme incarnation de Christ dans le pain de la derni\u00e8re c\u00e8ne. Ensuite, le miracle eucharistique de Bolsena confirma cette conviction\u00a0: des gouttes de sang coul\u00e8rent d\u2019une hostie consacr\u00e9e et tach\u00e8rent le corporal en lin port\u00e9 par le pr\u00eatre et des pierres de l\u2019autel. \u00c0 partir de ce moment, Pape Urbain IV, ami et confident de Julienne, d\u00e9cr\u00e9ta que la solennit\u00e9 du Corpus Domini soit officielle et observ\u00e9e par toute l\u2019\u00e9glise.<\/p>\n<p>Le corporal du miracle de Bolsena est encore aujourd\u2019hui un \u00e9l\u00e9ment tr\u00e8s important de cette c\u00e9l\u00e9bration. En effet, chaque ann\u00e9e, le dimanche apr\u00e8s la f\u00eate du Corpus Domini, il est port\u00e9 en procession dans les rues d\u2019Orvieto.<\/p>\n<p>La solennit\u00e9 du Corpus Domini c\u00e9l\u00e8bre la relation entre Eucharistie et \u00c9glise. L\u2019Eucharistie est entendue en tant que corps du Christ et l\u2019\u00c9glise en tant que son corps mystique, qui tire son origine et son sens profond de ce premier.<\/p>\n<p>La solennit\u00e9 du Corpus Domini est f\u00eat\u00e9 partout avec des c\u00e9l\u00e9brations et des processions, pendant lesquelles on expose \u00e0 l\u2019adoration des fid\u00e8les une hostie consacr\u00e9e, symbole de J\u00e9sus devenu chair et sang, offert en sacrifice pour tous.<\/p>\n","protected":false},"excerpt":{"rendered":"<p>La solennit\u00e9 du Corpus Domini (\u00ab\u00a0Corps du Seigneur\u00a0\u00bb) vient cl\u00f4turer les f\u00eates qui suivent P\u00e2ques. On la c\u00e9l\u00e8bre le jeudi apr\u00e8s la f\u00eate de la Tr\u00e8s Sainte Trinit\u00e9, m\u00eame si dans beaucoup de pays elle tombe le dimanche suivant. La solennit\u00e9 du Corpus Domini c\u00e9l\u00e8bre&hellip;<\/p>\n","protected":false},"author":1,"featured_media":400,"comment_status":"closed","ping_status":"open","sticky":false,"template":"","format":"standard","meta":{"_acf_changed":false,"footnotes":""},"categories":[14,8],"tags":[],"class_list":["post-399","post","type-post","status-publish","format-standard","has-post-thumbnail","hentry","category-paques","category-articles-religieux"],"acf":[],"yoast_head":"<!-- This site is optimized with the Yoast SEO plugin v26.6 - https:\/\/yoast.com\/wordpress\/plugins\/seo\/ -->\n<title>La solennit\u00e9 du Corpus Domini - Holyart.fr Blog<\/title>\n<meta name=\"description\" content=\"La solennit\u00e9 du Corpus Domini vient cl\u00f4turer les f\u00eates qui suivent P\u00e2ques. On la c\u00e9l\u00e8bre le jeudi apr\u00e8s la f\u00eate de la Tr\u00e8s Sainte Trinit\u00e9\" \/>\n<meta name=\"robots\" content=\"index, follow, max-snippet:-1, max-image-preview:large, max-video-preview:-1\" \/>\n<link rel=\"canonical\" href=\"https:\/\/blog.holyart.it\/fr\/paques\/solennite-corpus-domini\/\" \/>\n<meta property=\"og:locale\" content=\"fr_FR\" \/>\n<meta property=\"og:type\" content=\"article\" \/>\n<meta property=\"og:title\" content=\"La solennit\u00e9 du Corpus Domini - Holyart.fr Blog\" \/>\n<meta property=\"og:description\" content=\"La solennit\u00e9 du Corpus Domini vient cl\u00f4turer les f\u00eates qui suivent P\u00e2ques. On la c\u00e9l\u00e8bre le jeudi apr\u00e8s la f\u00eate de la Tr\u00e8s Sainte Trinit\u00e9\" \/>\n<meta property=\"og:url\" content=\"https:\/\/blog.holyart.it\/fr\/paques\/solennite-corpus-domini\/\" \/>\n<meta property=\"og:site_name\" content=\"Holyart.fr Blog\" \/>\n<meta property=\"article:published_time\" content=\"2018-03-28T12:53:39+00:00\" \/>\n<meta property=\"article:modified_time\" content=\"2025-02-12T13:51:44+00:00\" \/>\n<meta property=\"og:image\" content=\"https:\/\/blog.holyart.it\/fr\/wp-content\/uploads\/sites\/14\/2017\/07\/La-solennit\u00e9-du-Corpus-Domini.jpg\" \/>\n\t<meta property=\"og:image:width\" content=\"1000\" \/>\n\t<meta property=\"og:image:height\" content=\"665\" \/>\n\t<meta property=\"og:image:type\" content=\"image\/jpeg\" \/>\n<meta name=\"author\" content=\"Redazione\" \/>\n<meta name=\"twitter:card\" content=\"summary_large_image\" \/>\n<meta name=\"twitter:label1\" content=\"\u00c9crit par\" \/>\n\t<meta name=\"twitter:data1\" content=\"Redazione\" \/>\n\t<meta name=\"twitter:label2\" content=\"Dur\u00e9e de lecture estim\u00e9e\" \/>\n\t<meta name=\"twitter:data2\" content=\"2 minutes\" \/>\n<script type=\"application\/ld+json\" class=\"yoast-schema-graph\">{\"@context\":\"https:\/\/schema.org\",\"@graph\":[{\"@type\":\"Article\",\"@id\":\"https:\/\/blog.holyart.it\/fr\/paques\/solennite-corpus-domini\/#article\",\"isPartOf\":{\"@id\":\"https:\/\/blog.holyart.it\/fr\/paques\/solennite-corpus-domini\/\"},\"author\":{\"name\":\"Redazione\",\"@id\":\"https:\/\/blog.holyart.it\/fr\/#\/schema\/person\/0a7b686e5af0f856ec1e390dd0baecda\"},\"headline\":\"La solennit\u00e9 du Corpus Domini\",\"datePublished\":\"2018-03-28T12:53:39+00:00\",\"dateModified\":\"2025-02-12T13:51:44+00:00\",\"mainEntityOfPage\":{\"@id\":\"https:\/\/blog.holyart.it\/fr\/paques\/solennite-corpus-domini\/\"},\"wordCount\":384,\"publisher\":{\"@id\":\"https:\/\/blog.holyart.it\/fr\/#organization\"},\"image\":{\"@id\":\"https:\/\/blog.holyart.it\/fr\/paques\/solennite-corpus-domini\/#primaryimage\"},\"thumbnailUrl\":\"https:\/\/blog.holyart.it\/fr\/wp-content\/uploads\/sites\/14\/2017\/07\/La-solennit\u00e9-du-Corpus-Domini.jpg\",\"articleSection\":[\"P\u00e2ques\",\"Religion\"],\"inLanguage\":\"fr-FR\"},{\"@type\":\"WebPage\",\"@id\":\"https:\/\/blog.holyart.it\/fr\/paques\/solennite-corpus-domini\/\",\"url\":\"https:\/\/blog.holyart.it\/fr\/paques\/solennite-corpus-domini\/\",\"name\":\"La solennit\u00e9 du Corpus Domini - Holyart.fr Blog\",\"isPartOf\":{\"@id\":\"https:\/\/blog.holyart.it\/fr\/#website\"},\"primaryImageOfPage\":{\"@id\":\"https:\/\/blog.holyart.it\/fr\/paques\/solennite-corpus-domini\/#primaryimage\"},\"image\":{\"@id\":\"https:\/\/blog.holyart.it\/fr\/paques\/solennite-corpus-domini\/#primaryimage\"},\"thumbnailUrl\":\"https:\/\/blog.holyart.it\/fr\/wp-content\/uploads\/sites\/14\/2017\/07\/La-solennit\u00e9-du-Corpus-Domini.jpg\",\"datePublished\":\"2018-03-28T12:53:39+00:00\",\"dateModified\":\"2025-02-12T13:51:44+00:00\",\"description\":\"La solennit\u00e9 du Corpus Domini vient cl\u00f4turer les f\u00eates qui suivent P\u00e2ques. On la c\u00e9l\u00e8bre le jeudi apr\u00e8s la f\u00eate de la Tr\u00e8s Sainte Trinit\u00e9\",\"breadcrumb\":{\"@id\":\"https:\/\/blog.holyart.it\/fr\/paques\/solennite-corpus-domini\/#breadcrumb\"},\"inLanguage\":\"fr-FR\",\"potentialAction\":[{\"@type\":\"ReadAction\",\"target\":[\"https:\/\/blog.holyart.it\/fr\/paques\/solennite-corpus-domini\/\"]}]},{\"@type\":\"ImageObject\",\"inLanguage\":\"fr-FR\",\"@id\":\"https:\/\/blog.holyart.it\/fr\/paques\/solennite-corpus-domini\/#primaryimage\",\"url\":\"https:\/\/blog.holyart.it\/fr\/wp-content\/uploads\/sites\/14\/2017\/07\/La-solennit\u00e9-du-Corpus-Domini.jpg\",\"contentUrl\":\"https:\/\/blog.holyart.it\/fr\/wp-content\/uploads\/sites\/14\/2017\/07\/La-solennit\u00e9-du-Corpus-Domini.jpg\",\"width\":1000,\"height\":665,\"caption\":\"La solennit\u00e9 du Corpus Domini\"},{\"@type\":\"BreadcrumbList\",\"@id\":\"https:\/\/blog.holyart.it\/fr\/paques\/solennite-corpus-domini\/#breadcrumb\",\"itemListElement\":[{\"@type\":\"ListItem\",\"position\":1,\"name\":\"Homepage\",\"item\":\"https:\/\/blog.holyart.it\/fr\/\"},{\"@type\":\"ListItem\",\"position\":2,\"name\":\"P\u00e2ques\",\"item\":\"https:\/\/blog.holyart.it\/fr\/paques\/\"},{\"@type\":\"ListItem\",\"position\":3,\"name\":\"La solennit\u00e9 du Corpus Domini\"}]},{\"@type\":\"WebSite\",\"@id\":\"https:\/\/blog.holyart.it\/fr\/#website\",\"url\":\"https:\/\/blog.holyart.it\/fr\/\",\"name\":\"Holyart.fr Blog\",\"description\":\"Holyblog\",\"publisher\":{\"@id\":\"https:\/\/blog.holyart.it\/fr\/#organization\"},\"potentialAction\":[{\"@type\":\"SearchAction\",\"target\":{\"@type\":\"EntryPoint\",\"urlTemplate\":\"https:\/\/blog.holyart.it\/fr\/?s={search_term_string}\"},\"query-input\":{\"@type\":\"PropertyValueSpecification\",\"valueRequired\":true,\"valueName\":\"search_term_string\"}}],\"inLanguage\":\"fr-FR\"},{\"@type\":\"Organization\",\"@id\":\"https:\/\/blog.holyart.it\/fr\/#organization\",\"name\":\"Holyart.fr Blog\",\"url\":\"https:\/\/blog.holyart.it\/fr\/\",\"logo\":{\"@type\":\"ImageObject\",\"inLanguage\":\"fr-FR\",\"@id\":\"https:\/\/blog.holyart.it\/fr\/#\/schema\/logo\/image\/\",\"url\":\"https:\/\/blog.holyart.it\/fr\/wp-content\/uploads\/sites\/14\/2022\/12\/Holyart_Blog_Logo.jpg\",\"contentUrl\":\"https:\/\/blog.holyart.it\/fr\/wp-content\/uploads\/sites\/14\/2022\/12\/Holyart_Blog_Logo.jpg\",\"width\":300,\"height\":50,\"caption\":\"Holyart.fr Blog\"},\"image\":{\"@id\":\"https:\/\/blog.holyart.it\/fr\/#\/schema\/logo\/image\/\"}},{\"@type\":\"Person\",\"@id\":\"https:\/\/blog.holyart.it\/fr\/#\/schema\/person\/0a7b686e5af0f856ec1e390dd0baecda\",\"name\":\"Redazione\",\"image\":{\"@type\":\"ImageObject\",\"inLanguage\":\"fr-FR\",\"@id\":\"https:\/\/blog.holyart.it\/fr\/#\/schema\/person\/image\/\",\"url\":\"https:\/\/secure.gravatar.com\/avatar\/f477da817f43e50d0af36abecd33e3edf826c68299714bdc1057dff3b113f516?s=96&d=mm&r=g\",\"contentUrl\":\"https:\/\/secure.gravatar.com\/avatar\/f477da817f43e50d0af36abecd33e3edf826c68299714bdc1057dff3b113f516?s=96&d=mm&r=g\",\"caption\":\"Redazione\"},\"url\":\"https:\/\/blog.holyart.it\/fr\/author\/admin\/\"}]}<\/script>\n<!-- \/ Yoast SEO plugin. -->","yoast_head_json":{"title":"La solennit\u00e9 du Corpus Domini - Holyart.fr Blog","description":"La solennit\u00e9 du Corpus Domini vient cl\u00f4turer les f\u00eates qui suivent P\u00e2ques. On la c\u00e9l\u00e8bre le jeudi apr\u00e8s la f\u00eate de la Tr\u00e8s Sainte Trinit\u00e9","robots":{"index":"index","follow":"follow","max-snippet":"max-snippet:-1","max-image-preview":"max-image-preview:large","max-video-preview":"max-video-preview:-1"},"canonical":"https:\/\/blog.holyart.it\/fr\/paques\/solennite-corpus-domini\/","og_locale":"fr_FR","og_type":"article","og_title":"La solennit\u00e9 du Corpus Domini - Holyart.fr Blog","og_description":"La solennit\u00e9 du Corpus Domini vient cl\u00f4turer les f\u00eates qui suivent P\u00e2ques. On la c\u00e9l\u00e8bre le jeudi apr\u00e8s la f\u00eate de la Tr\u00e8s Sainte Trinit\u00e9","og_url":"https:\/\/blog.holyart.it\/fr\/paques\/solennite-corpus-domini\/","og_site_name":"Holyart.fr Blog","article_published_time":"2018-03-28T12:53:39+00:00","article_modified_time":"2025-02-12T13:51:44+00:00","og_image":[{"width":1000,"height":665,"url":"https:\/\/blog.holyart.it\/fr\/wp-content\/uploads\/sites\/14\/2017\/07\/La-solennit\u00e9-du-Corpus-Domini.jpg","type":"image\/jpeg"}],"author":"Redazione","twitter_card":"summary_large_image","twitter_misc":{"\u00c9crit par":"Redazione","Dur\u00e9e de lecture estim\u00e9e":"2 minutes"},"schema":{"@context":"https:\/\/schema.org","@graph":[{"@type":"Article","@id":"https:\/\/blog.holyart.it\/fr\/paques\/solennite-corpus-domini\/#article","isPartOf":{"@id":"https:\/\/blog.holyart.it\/fr\/paques\/solennite-corpus-domini\/"},"author":{"name":"Redazione","@id":"https:\/\/blog.holyart.it\/fr\/#\/schema\/person\/0a7b686e5af0f856ec1e390dd0baecda"},"headline":"La solennit\u00e9 du Corpus Domini","datePublished":"2018-03-28T12:53:39+00:00","dateModified":"2025-02-12T13:51:44+00:00","mainEntityOfPage":{"@id":"https:\/\/blog.holyart.it\/fr\/paques\/solennite-corpus-domini\/"},"wordCount":384,"publisher":{"@id":"https:\/\/blog.holyart.it\/fr\/#organization"},"image":{"@id":"https:\/\/blog.holyart.it\/fr\/paques\/solennite-corpus-domini\/#primaryimage"},"thumbnailUrl":"https:\/\/blog.holyart.it\/fr\/wp-content\/uploads\/sites\/14\/2017\/07\/La-solennit\u00e9-du-Corpus-Domini.jpg","articleSection":["P\u00e2ques","Religion"],"inLanguage":"fr-FR"},{"@type":"WebPage","@id":"https:\/\/blog.holyart.it\/fr\/paques\/solennite-corpus-domini\/","url":"https:\/\/blog.holyart.it\/fr\/paques\/solennite-corpus-domini\/","name":"La solennit\u00e9 du Corpus Domini - Holyart.fr Blog","isPartOf":{"@id":"https:\/\/blog.holyart.it\/fr\/#website"},"primaryImageOfPage":{"@id":"https:\/\/blog.holyart.it\/fr\/paques\/solennite-corpus-domini\/#primaryimage"},"image":{"@id":"https:\/\/blog.holyart.it\/fr\/paques\/solennite-corpus-domini\/#primaryimage"},"thumbnailUrl":"https:\/\/blog.holyart.it\/fr\/wp-content\/uploads\/sites\/14\/2017\/07\/La-solennit\u00e9-du-Corpus-Domini.jpg","datePublished":"2018-03-28T12:53:39+00:00","dateModified":"2025-02-12T13:51:44+00:00","description":"La solennit\u00e9 du Corpus Domini vient cl\u00f4turer les f\u00eates qui suivent P\u00e2ques. On la c\u00e9l\u00e8bre le jeudi apr\u00e8s la f\u00eate de la Tr\u00e8s Sainte Trinit\u00e9","breadcrumb":{"@id":"https:\/\/blog.holyart.it\/fr\/paques\/solennite-corpus-domini\/#breadcrumb"},"inLanguage":"fr-FR","potentialAction":[{"@type":"ReadAction","target":["https:\/\/blog.holyart.it\/fr\/paques\/solennite-corpus-domini\/"]}]},{"@type":"ImageObject","inLanguage":"fr-FR","@id":"https:\/\/blog.holyart.it\/fr\/paques\/solennite-corpus-domini\/#primaryimage","url":"https:\/\/blog.holyart.it\/fr\/wp-content\/uploads\/sites\/14\/2017\/07\/La-solennit\u00e9-du-Corpus-Domini.jpg","contentUrl":"https:\/\/blog.holyart.it\/fr\/wp-content\/uploads\/sites\/14\/2017\/07\/La-solennit\u00e9-du-Corpus-Domini.jpg","width":1000,"height":665,"caption":"La solennit\u00e9 du Corpus Domini"},{"@type":"BreadcrumbList","@id":"https:\/\/blog.holyart.it\/fr\/paques\/solennite-corpus-domini\/#breadcrumb","itemListElement":[{"@type":"ListItem","position":1,"name":"Homepage","item":"https:\/\/blog.holyart.it\/fr\/"},{"@type":"ListItem","position":2,"name":"P\u00e2ques","item":"https:\/\/blog.holyart.it\/fr\/paques\/"},{"@type":"ListItem","position":3,"name":"La solennit\u00e9 du Corpus Domini"}]},{"@type":"WebSite","@id":"https:\/\/blog.holyart.it\/fr\/#website","url":"https:\/\/blog.holyart.it\/fr\/","name":"Holyart.fr Blog","description":"Holyblog","publisher":{"@id":"https:\/\/blog.holyart.it\/fr\/#organization"},"potentialAction":[{"@type":"SearchAction","target":{"@type":"EntryPoint","urlTemplate":"https:\/\/blog.holyart.it\/fr\/?s={search_term_string}"},"query-input":{"@type":"PropertyValueSpecification","valueRequired":true,"valueName":"search_term_string"}}],"inLanguage":"fr-FR"},{"@type":"Organization","@id":"https:\/\/blog.holyart.it\/fr\/#organization","name":"Holyart.fr Blog","url":"https:\/\/blog.holyart.it\/fr\/","logo":{"@type":"ImageObject","inLanguage":"fr-FR","@id":"https:\/\/blog.holyart.it\/fr\/#\/schema\/logo\/image\/","url":"https:\/\/blog.holyart.it\/fr\/wp-content\/uploads\/sites\/14\/2022\/12\/Holyart_Blog_Logo.jpg","contentUrl":"https:\/\/blog.holyart.it\/fr\/wp-content\/uploads\/sites\/14\/2022\/12\/Holyart_Blog_Logo.jpg","width":300,"height":50,"caption":"Holyart.fr Blog"},"image":{"@id":"https:\/\/blog.holyart.it\/fr\/#\/schema\/logo\/image\/"}},{"@type":"Person","@id":"https:\/\/blog.holyart.it\/fr\/#\/schema\/person\/0a7b686e5af0f856ec1e390dd0baecda","name":"Redazione","image":{"@type":"ImageObject","inLanguage":"fr-FR","@id":"https:\/\/blog.holyart.it\/fr\/#\/schema\/person\/image\/","url":"https:\/\/secure.gravatar.com\/avatar\/f477da817f43e50d0af36abecd33e3edf826c68299714bdc1057dff3b113f516?s=96&d=mm&r=g","contentUrl":"https:\/\/secure.gravatar.com\/avatar\/f477da817f43e50d0af36abecd33e3edf826c68299714bdc1057dff3b113f516?s=96&d=mm&r=g","caption":"Redazione"},"url":"https:\/\/blog.holyart.it\/fr\/author\/admin\/"}]}},"_links":{"self":[{"href":"https:\/\/blog.holyart.it\/fr\/wp-json\/wp\/v2\/posts\/399","targetHints":{"allow":["GET"]}}],"collection":[{"href":"https:\/\/blog.holyart.it\/fr\/wp-json\/wp\/v2\/posts"}],"about":[{"href":"https:\/\/blog.holyart.it\/fr\/wp-json\/wp\/v2\/types\/post"}],"author":[{"embeddable":true,"href":"https:\/\/blog.holyart.it\/fr\/wp-json\/wp\/v2\/users\/1"}],"replies":[{"embeddable":true,"href":"https:\/\/blog.holyart.it\/fr\/wp-json\/wp\/v2\/comments?post=399"}],"version-history":[{"count":1,"href":"https:\/\/blog.holyart.it\/fr\/wp-json\/wp\/v2\/posts\/399\/revisions"}],"predecessor-version":[{"id":9852,"href":"https:\/\/blog.holyart.it\/fr\/wp-json\/wp\/v2\/posts\/399\/revisions\/9852"}],"wp:featuredmedia":[{"embeddable":true,"href":"https:\/\/blog.holyart.it\/fr\/wp-json\/wp\/v2\/media\/400"}],"wp:attachment":[{"href":"https:\/\/blog.holyart.it\/fr\/wp-json\/wp\/v2\/media?parent=399"}],"wp:term":[{"taxonomy":"category","embeddable":true,"href":"https:\/\/blog.holyart.it\/fr\/wp-json\/wp\/v2\/categories?post=399"},{"taxonomy":"post_tag","embeddable":true,"href":"https:\/\/blog.holyart.it\/fr\/wp-json\/wp\/v2\/tags?post=399"}],"curies":[{"name":"wp","href":"https:\/\/api.w.org\/{rel}","templated":true}]}}