{"id":3952,"date":"2022-02-14T12:30:35","date_gmt":"2022-02-14T11:30:35","guid":{"rendered":"https:\/\/blog.holyart.it\/fr\/?p=3952"},"modified":"2022-10-12T12:02:54","modified_gmt":"2022-10-12T10:02:54","slug":"amour-pas-qua-la-saint-valentin","status":"publish","type":"post","link":"https:\/\/blog.holyart.it\/fr\/occasions-speciales\/amour-pas-qua-la-saint-valentin\/","title":{"rendered":"Amour : pas qu\u2019\u00e0 la Saint-Valentin"},"content":{"rendered":"<h4>Le 14 f\u00e9vrier est un jour sp\u00e9cial pour les couples du monde entier : on f\u00eate <strong>Saint Valentin<\/strong>, protecteur des amoureux. Bien \u00e9videmment, pour ceux qui s\u2019aiment chaque jour devrait \u00eatre sp\u00e9cial, mais le fait d\u2019avoir une date d\u00e9di\u00e9e n\u2019est pas pour tout le monde.<\/h4>\n\n<p>Une f\u00eate ancienne, celle de la <a href=\"https:\/\/www.holyart.fr\/occasions-speciales\/saint-valentin\"><strong>Saint Valentin<\/strong><\/a>, caract\u00e9ris\u00e9e \u00e0 l\u2019\u00e9tranger par la coutume de s\u2019\u00e9changer des cartes d\u2019amour d\u00e9cor\u00e9es de c\u0153urs, roses et autres symboles de l\u2019imaginaire amoureux. Ces cartes s\u2019appellent justement \u00ab\u00a0Valentine\u00a0\u00bb et ont atteint une telle diffusion qu\u2019elles s\u2019av\u00e8rent \u00eatre les plus achet\u00e9es et envoy\u00e9es tous les ans, deuxi\u00e8mes seulement derri\u00e8re les cartes de v\u0153ux de No\u00ebl.<\/p>\n<p>Outres les cartes, et surtout en Italie, le jour de la Saint-Valentin est f\u00eat\u00e9 par les amoureux avec des d\u00eeners, des attentions sp\u00e9ciales, des petits et grands cadeaux. Une f\u00eate tr\u00e8s commerciale, comme de nombreuses autres f\u00eates du reste, mais qui conserve, malgr\u00e9 tout, un charme ind\u00e9niable, qui chaque ann\u00e9e se renouvelle, en remplissant les vitrines et les magasins de c\u0153urs et de fleurs bariol\u00e9es, d\u2019images de cupidon et de g\u00e2teaux rigoureusement pour deux personnes. Une chanson des ann\u00e9es \u201970 r\u00e9p\u00e9tait <em>Love is in the air<\/em>\u00a0: voil\u00e0, \u00e0 la Saint Valentin on s\u2019en aper\u00e7oit encore plus, au point de toucher aussi ceux qui ne pense m\u00eame pas \u00e0 l\u2019amour.<\/p>\n<div class=\"link-product\">\n<div class=\"blocco-immagine\"><img loading=\"lazy\" decoding=\"async\" class=\"size-full wp-image-3957 alignleft\" src=\"https:\/\/blog.holyart.it\/fr\/wp-content\/uploads\/sites\/14\/2022\/02\/Bague-AMEN-coeur-argent-925-fin.-ros\u00e9e.jpg\" alt=\"Bague AMEN coeur argent 925 fin. ros\u00e9e\" width=\"100\" height=\"100\" data-kale-share-title=\"Amour : pas qu\u2019\u00e0 la Saint-Valentin\" data-kale-share-url=\"https:\/\/blog.holyart.it\/fr\/?p=3952\" \/><\/div>\n<div class=\"blocco-contenuto\">\n<div class=\"blocco-acquista\">Acheter sur Holyart:<\/div>\n<div class=\"blocco-titolo\"><a href=\"https:\/\/www.holyart.fr\/occasions-speciales\/saint-valentin\">Saint Valentin<\/a><\/div>\n<div class=\"blocco-descrizione\">A l&rsquo;occasion de la f\u00eate de St Valentin, le 14 f\u00e9vrier, nous avons cr\u00e9e une cat\u00e9gorie enti\u00e8rement d\u00e9di\u00e9 \u00e0 cet jour sp\u00e9cial.<\/div>\n<\/div>\n<\/div>\n<p>Mais comment est n\u00e9e la f\u00eate de la Saint Valentin ? Qui \u00e9tait ce myst\u00e9rieux saint qui a gagn\u00e9 le r\u00f4le de saint patron des amoureux\u00a0?<\/p>\n<h2>Origine de la f\u00eate<\/h2>\n<p>La mi-f\u00e9vrier a toujours \u00e9t\u00e9 une p\u00e9riode consacr\u00e9e aux c\u00e9l\u00e9brations. En effet, pour les romains, ce mois co\u00efncidait avec le moment de la renaissance de la nature apr\u00e8s le sommeil hivernal. Ce moment si sp\u00e9cial \u00e9tait d\u00e9j\u00e0 f\u00eat\u00e9 au V si\u00e8cle ap. J.-C. avec les Lupercales, des c\u00e9l\u00e9brations pa\u00efennes qui \u00e9taient un hymne \u00e0 la fertilit\u00e9 et qui avaient une fonction propitiatoire pour la belle saison qui allait arriver. On offrait au faune Lupercus, patron et symbole de la f\u00eate, des sacrifices m\u00eame brutaux d\u2019animaux, dont le sang \u00e9tait ensuite r\u00e9pandu dans les rues. Tout au long des m\u00eames rues, les matrones romaines s\u2019offraient aux jeunes disciples de Lupercus, qui, v\u00eatus d\u2019un simple pan en cuir, se baladaient en fouettant tous ceux qui souhaitaient se soumettre \u00e0 ce rituel violent et effr\u00e9n\u00e9. Un rituel qui, naturellement, n\u2019avait que tr\u00e8s peu en commun avec la morale chr\u00e9tienne, mais qui connaissait une telle diffusion que l\u2019\u00c9glise catholique d\u00e9cida de tenter de le convertir, de le christianiser.<\/p>\n<p>En 496 ap. J.-C., Pape G\u00e9lase d\u00e9cr\u00e9ta que le rite pa\u00efen de la fertilit\u00e9 n\u2019existait plus et il rempla\u00e7a la figure du Faune Lupercus avec celle de Saint Valentin.<\/p>\n<h2>Qui \u00e9tait Saint Valentin<\/h2>\n<p>Il existe en r\u00e9alit\u00e9 une multitude de Saints \u00ab\u00a0Valentins\u00a0\u00bb dans l\u2019histoire de l\u2019\u00c9glise catholique. Deux en particulier ont donn\u00e9 vie \u00e0 la tradition du Saint protecteur des amoureux, m\u00eame si, dans de nombreux cas, la tradition a fini par les unifier en une seule et unique personne\u00a0: <strong>Saint Valentin de Terni, \u00e9v\u00eaque romain et martyr<\/strong>.<\/p>\n<p>Valentin serait n\u00e9 \u00e0 Terni en 176 apr. J.-C. Terni \u00e0 l\u2019\u00e9poque \u00e9tait connu aussi sous le nom de Interamna Nahars, et c\u2019est pour cette raison que le Saint est parfois rappel\u00e9 aussi comme Saint Valentin de Interamna.<img loading=\"lazy\" decoding=\"async\" class=\"size-large wp-image-3955 aligncenter\" src=\"https:\/\/blog.holyart.it\/fr\/wp-content\/uploads\/sites\/14\/2022\/02\/qui-etait-saint-valentin-1024x768.jpg\" alt=\"qui etait saint valentin\" width=\"1024\" height=\"768\" data-kale-share-title=\"Amour : pas qu\u2019\u00e0 la Saint-Valentin\" data-kale-share-url=\"https:\/\/blog.holyart.it\/fr\/?p=3952\" \/><\/p>\n<p>Une fois devenu \u00e9v\u00eaque de Terni, il d\u00e9dia toute son existence \u00e0 prot\u00e9ger et aider les chr\u00e9tiens qui y habitaient, en les sauvant des pers\u00e9cutions. Pers\u00e9cut\u00e9 tout au long de sa vie, il finit par subir la torture et le martyre sous l\u2019empereur Aur\u00e9lien.<\/p>\n<p>On raconte que <strong>Valentin fut le premier religieux qui c\u00e9l\u00e9bra un mariage entre deux personnes qui professaient des religions diff\u00e9rentes<\/strong>, en b\u00e9nissant l\u2019union entre le l\u00e9gionnaire pa\u00efen Sabinus et la jeune chr\u00e9tienne Serapia. La jeune fille \u00e9tait malade et la l\u00e9gende veut qu\u2019elle et son amoureux moururent ensemble au moment o\u00f9 Valentin les b\u00e9nissaient en les unissant en mariage.<\/p>\n<p>Une autre l\u00e9gende raconte qu\u2019un jour Saint Valentin vit deux amoureux qui se disputaient dans son jardin. En arrivant pr\u00e8s d\u2019eux avec une rose \u00e0 la main, il leur dit de faire la paix en serrant ensemble la tige de la fleur entre leurs mains et en priant Dieu qu\u2019ils les prot\u00e8ge et qu\u2019il maintienne vivant leur amour.<\/p>\n<p>Les deux jeunes ob\u00e9irent, se r\u00e9concili\u00e8rent et, apr\u00e8s quelques temps, le 14 f\u00e9vrier (le 14 \u00e9tait le jour d\u00e9di\u00e9 aux b\u00e9n\u00e9dictions) retourn\u00e8rent aupr\u00e8s de l\u2019\u00c9v\u00eaque en lui demandant de b\u00e9nir leur mariage. D\u2019autres les imit\u00e8rent et le 14 de chaque mois devint une date fixe pour ces p\u00e8lerinages d\u2019amour, du moins jusqu\u2019\u00e0 ce que Valentin ne fut tu\u00e9, tout de suite apr\u00e8s avoir mari\u00e9 Serapia et Sabinus.<\/p>\n<p>On dit aussi que l\u2019\u00c9v\u00eaque avait offert une importante dote \u00e0 une jeune fille qui ne pouvait pas se marier car trop pauvre.<\/p>\n<div class=\"link-product\">\n<div class=\"blocco-immagine\"><img loading=\"lazy\" decoding=\"async\" class=\"size-full wp-image-3958 alignleft\" src=\"https:\/\/blog.holyart.it\/fr\/wp-content\/uploads\/sites\/14\/2022\/02\/Saint-Valentin-avec-coq-bois-colore-Val-Gardena.jpg\" alt=\"Saint Valentin avec coq bois colore Val Gardena\" width=\"100\" height=\"100\" data-kale-share-title=\"Amour : pas qu\u2019\u00e0 la Saint-Valentin\" data-kale-share-url=\"https:\/\/blog.holyart.it\/fr\/?p=3952\" \/><\/div>\n<div class=\"blocco-contenuto\">\n<div class=\"blocco-acquista\">Acheter sur Holyart:<\/div>\n<div class=\"blocco-titolo\"><a href=\"https:\/\/www.holyart.fr\/articles-religieux\/statues\/statues-en-bois-peint\/saint-valentin-avec-coq-bois-colore-val-gardena\">Saint Valentin avec coq bois color\u00e9 Val Gardena<\/a><\/div>\n<div class=\"blocco-descrizione\">Sculpture r\u00e9alis\u00e9e et peinte \u00e0 la main par des artisans italiens exp\u00e9riment\u00e9s donnant vie \u00e0 une oeuvre tr\u00e8s soign\u00e9e et r\u00e9aliste.<\/div>\n<\/div>\n<\/div>\n<p>Une autre tradition veut que Saint Valentin, arr\u00eat\u00e9 car il continuait \u00e0 marier des jeunes chr\u00e9tiens en secret malgr\u00e9 l\u2019interdiction de l\u2019Empereur Claude II, soit tomb\u00e9 \u00e9perdument amoureux de la fille de son ge\u00f4lier. Peu avant sa mort, il aurait \u00e9crit une lettre d\u2019adieu en signant\u00a0: \u00ab\u00a0Votre Valentin\u00a0\u00bb.<\/p>\n<p>Toutes ces histoires ont un d\u00e9nominateur commun \u00e9vident : elles ont pour protagonistes des amoureux, auxquels le Saint a offert son aide et sa b\u00e9n\u00e9diction. Cela explique pourquoi il est devenu, avec le temps, le saint protecteur des amoureux.<\/p>\n<h2>Saint Valentin dans l\u2019histoire et dans la litt\u00e9rature<\/h2>\n<p>Le premier \u00e0 lier la figure de Saint Valentin \u00e0 l\u2019amour fut Geoffrey Chaucer, auteur des Contes de Canterbury. Dans son po\u00e8me The Parliament of Fowls (Le Parlement des Oiseaux), \u00e9crit \u00e0 la fin du XV si\u00e8cle pour f\u00eater les noces de Richard II et Anne de Boh\u00eame, il a \u00e9crit : \u00ab\u00a0car au jour de la Saint Valentin, chaque oiseau choisit sa fianc\u00e9e\u00a0\u00bb. En effet, en France et en Angleterre, dans l\u2019antiquit\u00e9, la mi-f\u00e9vrier marquait le r\u00e9veil de la nature et le d\u00e9but de l\u2019accouplement des oiseaux.<\/p>\n<p>La journ\u00e9e de Saint Valentin \u00e9tait donc f\u00eat\u00e9e par les amoureux d\u00e9j\u00e0 au XV si\u00e8cle, \u00e9poque de l\u2019Amour courtois. Charles d\u2019Orl\u00e9ans, vaincu \u00e0 Azincourt en 1415 et prisonnier dans la Tour de Londres, \u00e9crivait \u00e0 sa femme\u00a0: \u00ab Je suis d\u00e9j\u00e0 d&rsquo;amour tann\u00e9, ma tr\u00e8s douce Valentine\u00a0\u00bb. Malheureusement leur amour ne fut pas chanceux\u00a0: elle mourra tandis qu\u2019il \u00e9tait loin de France et ils ne se rencontr\u00e8rent jamais plus.<\/p>\n<p>Dans la sc\u00e8ne de la folie d\u2019Oph\u00e9lie d\u2019Hamlet (sc\u00e8ne V acte IV), Shakespeare fait chanter \u00e0 la jeune fille d\u00e9lirante : Bonjour ! c\u2019est la Saint-Valentin. Tous, ce matin, sont lev\u00e9s de bonne heure, et moi, jeune fille, je suis \u00e0 votre fen\u00eatre, pour \u00eatre votre Valentine\u00a0\u00bb.<\/p>\n<p>Des amours heureux, des amours qui finissent bien, l\u2019histoire de l\u2019humanit\u00e9, mais aussi de la litt\u00e9rature, de l\u2019art, de la musique, en sont parssem\u00e9s, et Saint Valentin apparait comme un esprit lumineux et bienveillant, un p\u00e8re tr\u00e8s doux, gardien des secrets les plus intimes et les plus tendres de chaque c\u0153ur amoureux.<\/p>\n<h2>Id\u00e9es-cadeaux pour la Saint-Valentin<\/h2>\n<p>Nous avons d\u00e9j\u00e0 mentionn\u00e9 l\u2019usage de <strong>s\u2019\u00e9changer des <a href=\"https:\/\/www.holyart.fr\/articles-religieux\/images-pieuses-cartes-de-voeux\/cartes-de-voeux\">cartes d\u2019amour<\/a> pour la Saint-Valentin<\/strong>, en forme de c\u0153ur ou d\u00e9cor\u00e9s d\u2019images de Cupidon, de colombes et d\u2019autres figures qui \u00e9voquent le sentiment, la passion et la tendresse.<\/p>\n<p>Avec le temps, toutefois, les cartes ont \u00e9t\u00e9 remplac\u00e9es, ou du moins accompagn\u00e9es, par des <strong><a href=\"https:\/\/www.holyart.fr\/produits-des-monasteres\/chocolat-des-trappistes\">bo\u00eetes de chocolats<\/a>, des fleurs ou des bijoux<\/strong>.<\/p>\n<div class=\"link-product\">\n<div class=\"blocco-immagine\"><img loading=\"lazy\" decoding=\"async\" class=\"size-full wp-image-3960 alignleft\" src=\"https:\/\/blog.holyart.it\/fr\/wp-content\/uploads\/sites\/14\/2022\/02\/Bougie-Coeur-parfume-65x110-mm.jpg\" alt=\"Bougie Coeur parfume 65x110 mm\" width=\"100\" height=\"100\" data-kale-share-title=\"Amour : pas qu\u2019\u00e0 la Saint-Valentin\" data-kale-share-url=\"https:\/\/blog.holyart.it\/fr\/?p=3952\" \/><\/div>\n<div class=\"blocco-contenuto\">\n<div class=\"blocco-acquista\">Acheter sur Holyart:<\/div>\n<div class=\"blocco-titolo\"><a href=\"https:\/\/www.holyart.fr\/noel\/decorations-noel-pour-la-maison\/bougies-de-noel\/bougie-coeur-parfume-65x110-mm\">Bougie Coeur parfum\u00e9 65&#215;110 mm<\/a><\/div>\n<div class=\"blocco-descrizione\">Bougie d\u00e9corative en forme de coeur en cire de haute qualit\u00e9.<\/div>\n<\/div>\n<\/div>\n<p>\u00c0 propos de bijoux, outre ceux plus \u00ab\u00a0g\u00e9n\u00e9riques\u00a0\u00bb, bien pour la Saint-Valentin mais aussi pour toute autre occasion, ils en existent d\u2019autres \u00e9tudi\u00e9s de mani\u00e8re sp\u00e9cifique pour la f\u00eate des amoureux. Des <a href=\"https:\/\/www.holyart.fr\/occasions-speciales\/saint-valentin?103%5B%5D=2721&amp;p_min=&amp;p_max=\"><strong>pendentifs en forme de c\u0153ur en argent, en or<\/strong><\/a>, mais aussi en bois d\u2019olivier b\u00e9nit, des <a href=\"https:\/\/www.holyart.fr\/occasions-speciales\/saint-valentin?103%5B%5D=2720&amp;p_min=&amp;p_max=\"><strong>bracelets avec \u00e9crit JE T\u2019AIME dans toutes les langues du monde<\/strong><\/a>, des <a href=\"https:\/\/www.holyart.fr\/articles-religieux\/bagues-religieuses\/bague-argent-925-sainte-rita\"><strong>bagues avec les mains entrelac\u00e9es<\/strong><\/a>, comme celles de Sainte Rita, ou m\u00eame des chapelets avec les grains remplac\u00e9s par des c\u0153urs en cristal ou en verre color\u00e9. L\u2019amour qui peut \u00eatre port\u00e9, qui rend plus beau celui ou celle qui le porte et, en m\u00eame temps, qui le prot\u00e8ge, en embellissant non seulement le corps, mais l\u2019esprit aussi. Des gages d\u2019amour \u00e0 emmener toujours avec soi, pour ne jamais se sentir seuls, pour se rappeler toujours que l\u2019on fait partie de quelque chose de plus grand et sp\u00e9cial, quelque chose de merveilleux.<\/p>\n<div class=\"link-product\">\n<div class=\"blocco-immagine\"><img loading=\"lazy\" decoding=\"async\" class=\"size-full wp-image-3961 alignleft\" src=\"https:\/\/blog.holyart.it\/fr\/wp-content\/uploads\/sites\/14\/2022\/02\/pendentifs-saint-valentin.jpg\" alt=\"pendentifs saint valentin\" width=\"100\" height=\"100\" data-kale-share-title=\"Amour : pas qu\u2019\u00e0 la Saint-Valentin\" data-kale-share-url=\"https:\/\/blog.holyart.it\/fr\/?p=3952\" \/><\/div>\n<div class=\"blocco-contenuto\">\n<div class=\"blocco-acquista\">Acheter sur Holyart:<\/div>\n<div class=\"blocco-titolo\"><a href=\"https:\/\/www.holyart.fr\/articles-religieux\/bijoux-religieux\/pendentifs-croix-et-broches\/collier-amen-dore-coeur-centrale-argent-925\">Collier Amen dor\u00e9 coeur centrale argent 925<\/a><\/div>\n<div class=\"blocco-descrizione\">Collier Amen en argent 925 dor\u00e9 avec un coeur central brillant.<\/div>\n<\/div>\n<\/div>\n<h2>La Saint-Valentin dans le monde<\/h2>\n<p>Comment les amoureux f\u00eatent la Saint-Valentin dans le monde ? Les cartes, les Valentine, sont rest\u00e9es un grand classique. En Grande-Bretagne, par contre, elles sont souvent envoy\u00e9es de mani\u00e8re anonyme, comme don d\u2019amour et d\u2019amiti\u00e9 discret et silencieux \u00e0 quelqu\u2019un auquel on tient vraiment. Les jeunes filles japonaises offrent des bo\u00eetes de chocolats aux gar\u00e7ons, non seulement aux fianc\u00e9s, mais aussi aux amis ou aux coll\u00e8gues, lesquels, le 14 mars, rendent la pareille en leur offrant du chocolat blanc. En Cor\u00e9e du Sud aussi les filles offrent du chocolat le 14 f\u00e9vrier et en re\u00e7oivent du blanc le 14 mars de la part des gar\u00e7ons, mais ceux qui n\u2019ont rien re\u00e7u aux deux dates, le 14 avril doivent aller au restaurant et manger des nouilles au calamar noir, en se plaignant de leur solitude. Au Br\u00e9sil, le jour des amoureux est le 12 juin, la veille de la Saint Antoine, Saint Patron des mariages\u00a0: les femmes c\u00e9libataires se prom\u00e8nent avec une statuette du saint pour qu\u2019il les aide \u00e0 trouver un mari. En Espagne, les amoureux pr\u00e9f\u00e8rent les roses et les d\u00eeners aux chandelles, tandis qu\u2019aux \u00c9tats-Unis m\u00eame les enfants s\u2019\u00e9changent des cartes pour la Saint-Valentin. En effet, dans ce pays, la Saint-Valentin est un jour d\u00e9di\u00e9 \u00e0 l\u2019amour au sens large, \u00e0 la famille et aux amis, avec lesquels on \u00e9change des cartes et des sucreries. Comme on l\u2019\u00e9crivait tout \u00e0 l\u2019heure, <em>Love is in the air<\/em>. Ce jour-l\u00e0 en particulier\u00a0!<\/p>\n","protected":false},"excerpt":{"rendered":"<p>Le 14 f\u00e9vrier est un jour sp\u00e9cial pour les couples du monde entier : on f\u00eate Saint Valentin, protecteur des amoureux. Bien \u00e9videmment, pour ceux qui s\u2019aiment chaque jour devrait \u00eatre sp\u00e9cial, mais le fait d\u2019avoir une date d\u00e9di\u00e9e n\u2019est pas pour tout le monde.&hellip;<\/p>\n","protected":false},"author":1,"featured_media":3953,"comment_status":"closed","ping_status":"open","sticky":false,"template":"","format":"standard","meta":{"_acf_changed":false,"footnotes":""},"categories":[12],"tags":[],"class_list":["post-3952","post","type-post","status-publish","format-standard","has-post-thumbnail","hentry","category-occasions-speciales"],"acf":[],"yoast_head":"<!-- This site is optimized with the Yoast SEO plugin v26.6 - https:\/\/yoast.com\/wordpress\/plugins\/seo\/ -->\n<title>Amour : pas qu\u2019\u00e0 la Saint-Valentin - Holyart.fr Blog<\/title>\n<meta name=\"description\" content=\"Le 14 f\u00e9vrier est un jour sp\u00e9cial : on f\u00eate Saint Valentin, protecteur des amoureux. Le fait d\u2019avoir une date d\u00e9di\u00e9e n\u2019est pas pour tout le monde.\" \/>\n<meta name=\"robots\" content=\"index, follow, max-snippet:-1, max-image-preview:large, max-video-preview:-1\" \/>\n<link rel=\"canonical\" href=\"https:\/\/blog.holyart.it\/fr\/occasions-speciales\/amour-pas-qua-la-saint-valentin\/\" \/>\n<meta property=\"og:locale\" content=\"fr_FR\" \/>\n<meta property=\"og:type\" content=\"article\" \/>\n<meta property=\"og:title\" content=\"Amour : pas qu\u2019\u00e0 la Saint-Valentin - Holyart.fr Blog\" \/>\n<meta property=\"og:description\" content=\"Le 14 f\u00e9vrier est un jour sp\u00e9cial : on f\u00eate Saint Valentin, protecteur des amoureux. Le fait d\u2019avoir une date d\u00e9di\u00e9e n\u2019est pas pour tout le monde.\" \/>\n<meta property=\"og:url\" content=\"https:\/\/blog.holyart.it\/fr\/occasions-speciales\/amour-pas-qua-la-saint-valentin\/\" \/>\n<meta property=\"og:site_name\" content=\"Holyart.fr Blog\" \/>\n<meta property=\"article:published_time\" content=\"2022-02-14T11:30:35+00:00\" \/>\n<meta property=\"article:modified_time\" content=\"2022-10-12T10:02:54+00:00\" \/>\n<meta property=\"og:image\" content=\"https:\/\/blog.holyart.it\/fr\/wp-content\/uploads\/sites\/14\/2022\/02\/Saint-Valentin.jpg\" \/>\n\t<meta property=\"og:image:width\" content=\"1000\" \/>\n\t<meta property=\"og:image:height\" content=\"666\" \/>\n\t<meta property=\"og:image:type\" content=\"image\/jpeg\" \/>\n<meta name=\"author\" content=\"Redazione\" \/>\n<meta name=\"twitter:card\" content=\"summary_large_image\" \/>\n<meta name=\"twitter:label1\" content=\"\u00c9crit par\" \/>\n\t<meta name=\"twitter:data1\" content=\"Redazione\" \/>\n\t<meta name=\"twitter:label2\" content=\"Dur\u00e9e de lecture estim\u00e9e\" \/>\n\t<meta name=\"twitter:data2\" content=\"10 minutes\" \/>\n<script type=\"application\/ld+json\" class=\"yoast-schema-graph\">{\"@context\":\"https:\/\/schema.org\",\"@graph\":[{\"@type\":\"Article\",\"@id\":\"https:\/\/blog.holyart.it\/fr\/occasions-speciales\/amour-pas-qua-la-saint-valentin\/#article\",\"isPartOf\":{\"@id\":\"https:\/\/blog.holyart.it\/fr\/occasions-speciales\/amour-pas-qua-la-saint-valentin\/\"},\"author\":{\"name\":\"Redazione\",\"@id\":\"https:\/\/blog.holyart.it\/fr\/#\/schema\/person\/0a7b686e5af0f856ec1e390dd0baecda\"},\"headline\":\"Amour : pas qu\u2019\u00e0 la Saint-Valentin\",\"datePublished\":\"2022-02-14T11:30:35+00:00\",\"dateModified\":\"2022-10-12T10:02:54+00:00\",\"mainEntityOfPage\":{\"@id\":\"https:\/\/blog.holyart.it\/fr\/occasions-speciales\/amour-pas-qua-la-saint-valentin\/\"},\"wordCount\":1925,\"publisher\":{\"@id\":\"https:\/\/blog.holyart.it\/fr\/#organization\"},\"image\":{\"@id\":\"https:\/\/blog.holyart.it\/fr\/occasions-speciales\/amour-pas-qua-la-saint-valentin\/#primaryimage\"},\"thumbnailUrl\":\"https:\/\/blog.holyart.it\/fr\/wp-content\/uploads\/sites\/14\/2022\/02\/Saint-Valentin.jpg\",\"articleSection\":[\"Occasions sp\u00e9ciales\"],\"inLanguage\":\"fr-FR\"},{\"@type\":\"WebPage\",\"@id\":\"https:\/\/blog.holyart.it\/fr\/occasions-speciales\/amour-pas-qua-la-saint-valentin\/\",\"url\":\"https:\/\/blog.holyart.it\/fr\/occasions-speciales\/amour-pas-qua-la-saint-valentin\/\",\"name\":\"Amour : pas qu\u2019\u00e0 la Saint-Valentin - Holyart.fr Blog\",\"isPartOf\":{\"@id\":\"https:\/\/blog.holyart.it\/fr\/#website\"},\"primaryImageOfPage\":{\"@id\":\"https:\/\/blog.holyart.it\/fr\/occasions-speciales\/amour-pas-qua-la-saint-valentin\/#primaryimage\"},\"image\":{\"@id\":\"https:\/\/blog.holyart.it\/fr\/occasions-speciales\/amour-pas-qua-la-saint-valentin\/#primaryimage\"},\"thumbnailUrl\":\"https:\/\/blog.holyart.it\/fr\/wp-content\/uploads\/sites\/14\/2022\/02\/Saint-Valentin.jpg\",\"datePublished\":\"2022-02-14T11:30:35+00:00\",\"dateModified\":\"2022-10-12T10:02:54+00:00\",\"description\":\"Le 14 f\u00e9vrier est un jour sp\u00e9cial : on f\u00eate Saint Valentin, protecteur des amoureux. Le fait d\u2019avoir une date d\u00e9di\u00e9e n\u2019est pas pour tout le monde.\",\"breadcrumb\":{\"@id\":\"https:\/\/blog.holyart.it\/fr\/occasions-speciales\/amour-pas-qua-la-saint-valentin\/#breadcrumb\"},\"inLanguage\":\"fr-FR\",\"potentialAction\":[{\"@type\":\"ReadAction\",\"target\":[\"https:\/\/blog.holyart.it\/fr\/occasions-speciales\/amour-pas-qua-la-saint-valentin\/\"]}]},{\"@type\":\"ImageObject\",\"inLanguage\":\"fr-FR\",\"@id\":\"https:\/\/blog.holyart.it\/fr\/occasions-speciales\/amour-pas-qua-la-saint-valentin\/#primaryimage\",\"url\":\"https:\/\/blog.holyart.it\/fr\/wp-content\/uploads\/sites\/14\/2022\/02\/Saint-Valentin.jpg\",\"contentUrl\":\"https:\/\/blog.holyart.it\/fr\/wp-content\/uploads\/sites\/14\/2022\/02\/Saint-Valentin.jpg\",\"width\":1000,\"height\":666,\"caption\":\"Saint-Valentin\"},{\"@type\":\"BreadcrumbList\",\"@id\":\"https:\/\/blog.holyart.it\/fr\/occasions-speciales\/amour-pas-qua-la-saint-valentin\/#breadcrumb\",\"itemListElement\":[{\"@type\":\"ListItem\",\"position\":1,\"name\":\"Homepage\",\"item\":\"https:\/\/blog.holyart.it\/fr\/\"},{\"@type\":\"ListItem\",\"position\":2,\"name\":\"Occasions sp\u00e9ciales\",\"item\":\"https:\/\/blog.holyart.it\/fr\/occasions-speciales\/\"},{\"@type\":\"ListItem\",\"position\":3,\"name\":\"Amour : pas qu\u2019\u00e0 la Saint-Valentin\"}]},{\"@type\":\"WebSite\",\"@id\":\"https:\/\/blog.holyart.it\/fr\/#website\",\"url\":\"https:\/\/blog.holyart.it\/fr\/\",\"name\":\"Holyart.fr Blog\",\"description\":\"Holyblog\",\"publisher\":{\"@id\":\"https:\/\/blog.holyart.it\/fr\/#organization\"},\"potentialAction\":[{\"@type\":\"SearchAction\",\"target\":{\"@type\":\"EntryPoint\",\"urlTemplate\":\"https:\/\/blog.holyart.it\/fr\/?s={search_term_string}\"},\"query-input\":{\"@type\":\"PropertyValueSpecification\",\"valueRequired\":true,\"valueName\":\"search_term_string\"}}],\"inLanguage\":\"fr-FR\"},{\"@type\":\"Organization\",\"@id\":\"https:\/\/blog.holyart.it\/fr\/#organization\",\"name\":\"Holyart.fr Blog\",\"url\":\"https:\/\/blog.holyart.it\/fr\/\",\"logo\":{\"@type\":\"ImageObject\",\"inLanguage\":\"fr-FR\",\"@id\":\"https:\/\/blog.holyart.it\/fr\/#\/schema\/logo\/image\/\",\"url\":\"https:\/\/blog.holyart.it\/fr\/wp-content\/uploads\/sites\/14\/2022\/12\/Holyart_Blog_Logo.jpg\",\"contentUrl\":\"https:\/\/blog.holyart.it\/fr\/wp-content\/uploads\/sites\/14\/2022\/12\/Holyart_Blog_Logo.jpg\",\"width\":300,\"height\":50,\"caption\":\"Holyart.fr Blog\"},\"image\":{\"@id\":\"https:\/\/blog.holyart.it\/fr\/#\/schema\/logo\/image\/\"}},{\"@type\":\"Person\",\"@id\":\"https:\/\/blog.holyart.it\/fr\/#\/schema\/person\/0a7b686e5af0f856ec1e390dd0baecda\",\"name\":\"Redazione\",\"image\":{\"@type\":\"ImageObject\",\"inLanguage\":\"fr-FR\",\"@id\":\"https:\/\/blog.holyart.it\/fr\/#\/schema\/person\/image\/\",\"url\":\"https:\/\/secure.gravatar.com\/avatar\/f477da817f43e50d0af36abecd33e3edf826c68299714bdc1057dff3b113f516?s=96&d=mm&r=g\",\"contentUrl\":\"https:\/\/secure.gravatar.com\/avatar\/f477da817f43e50d0af36abecd33e3edf826c68299714bdc1057dff3b113f516?s=96&d=mm&r=g\",\"caption\":\"Redazione\"},\"url\":\"https:\/\/blog.holyart.it\/fr\/author\/admin\/\"}]}<\/script>\n<!-- \/ Yoast SEO plugin. -->","yoast_head_json":{"title":"Amour : pas qu\u2019\u00e0 la Saint-Valentin - Holyart.fr Blog","description":"Le 14 f\u00e9vrier est un jour sp\u00e9cial : on f\u00eate Saint Valentin, protecteur des amoureux. Le fait d\u2019avoir une date d\u00e9di\u00e9e n\u2019est pas pour tout le monde.","robots":{"index":"index","follow":"follow","max-snippet":"max-snippet:-1","max-image-preview":"max-image-preview:large","max-video-preview":"max-video-preview:-1"},"canonical":"https:\/\/blog.holyart.it\/fr\/occasions-speciales\/amour-pas-qua-la-saint-valentin\/","og_locale":"fr_FR","og_type":"article","og_title":"Amour : pas qu\u2019\u00e0 la Saint-Valentin - Holyart.fr Blog","og_description":"Le 14 f\u00e9vrier est un jour sp\u00e9cial : on f\u00eate Saint Valentin, protecteur des amoureux. Le fait d\u2019avoir une date d\u00e9di\u00e9e n\u2019est pas pour tout le monde.","og_url":"https:\/\/blog.holyart.it\/fr\/occasions-speciales\/amour-pas-qua-la-saint-valentin\/","og_site_name":"Holyart.fr Blog","article_published_time":"2022-02-14T11:30:35+00:00","article_modified_time":"2022-10-12T10:02:54+00:00","og_image":[{"width":1000,"height":666,"url":"https:\/\/blog.holyart.it\/fr\/wp-content\/uploads\/sites\/14\/2022\/02\/Saint-Valentin.jpg","type":"image\/jpeg"}],"author":"Redazione","twitter_card":"summary_large_image","twitter_misc":{"\u00c9crit par":"Redazione","Dur\u00e9e de lecture estim\u00e9e":"10 minutes"},"schema":{"@context":"https:\/\/schema.org","@graph":[{"@type":"Article","@id":"https:\/\/blog.holyart.it\/fr\/occasions-speciales\/amour-pas-qua-la-saint-valentin\/#article","isPartOf":{"@id":"https:\/\/blog.holyart.it\/fr\/occasions-speciales\/amour-pas-qua-la-saint-valentin\/"},"author":{"name":"Redazione","@id":"https:\/\/blog.holyart.it\/fr\/#\/schema\/person\/0a7b686e5af0f856ec1e390dd0baecda"},"headline":"Amour : pas qu\u2019\u00e0 la Saint-Valentin","datePublished":"2022-02-14T11:30:35+00:00","dateModified":"2022-10-12T10:02:54+00:00","mainEntityOfPage":{"@id":"https:\/\/blog.holyart.it\/fr\/occasions-speciales\/amour-pas-qua-la-saint-valentin\/"},"wordCount":1925,"publisher":{"@id":"https:\/\/blog.holyart.it\/fr\/#organization"},"image":{"@id":"https:\/\/blog.holyart.it\/fr\/occasions-speciales\/amour-pas-qua-la-saint-valentin\/#primaryimage"},"thumbnailUrl":"https:\/\/blog.holyart.it\/fr\/wp-content\/uploads\/sites\/14\/2022\/02\/Saint-Valentin.jpg","articleSection":["Occasions sp\u00e9ciales"],"inLanguage":"fr-FR"},{"@type":"WebPage","@id":"https:\/\/blog.holyart.it\/fr\/occasions-speciales\/amour-pas-qua-la-saint-valentin\/","url":"https:\/\/blog.holyart.it\/fr\/occasions-speciales\/amour-pas-qua-la-saint-valentin\/","name":"Amour : pas qu\u2019\u00e0 la Saint-Valentin - Holyart.fr Blog","isPartOf":{"@id":"https:\/\/blog.holyart.it\/fr\/#website"},"primaryImageOfPage":{"@id":"https:\/\/blog.holyart.it\/fr\/occasions-speciales\/amour-pas-qua-la-saint-valentin\/#primaryimage"},"image":{"@id":"https:\/\/blog.holyart.it\/fr\/occasions-speciales\/amour-pas-qua-la-saint-valentin\/#primaryimage"},"thumbnailUrl":"https:\/\/blog.holyart.it\/fr\/wp-content\/uploads\/sites\/14\/2022\/02\/Saint-Valentin.jpg","datePublished":"2022-02-14T11:30:35+00:00","dateModified":"2022-10-12T10:02:54+00:00","description":"Le 14 f\u00e9vrier est un jour sp\u00e9cial : on f\u00eate Saint Valentin, protecteur des amoureux. Le fait d\u2019avoir une date d\u00e9di\u00e9e n\u2019est pas pour tout le monde.","breadcrumb":{"@id":"https:\/\/blog.holyart.it\/fr\/occasions-speciales\/amour-pas-qua-la-saint-valentin\/#breadcrumb"},"inLanguage":"fr-FR","potentialAction":[{"@type":"ReadAction","target":["https:\/\/blog.holyart.it\/fr\/occasions-speciales\/amour-pas-qua-la-saint-valentin\/"]}]},{"@type":"ImageObject","inLanguage":"fr-FR","@id":"https:\/\/blog.holyart.it\/fr\/occasions-speciales\/amour-pas-qua-la-saint-valentin\/#primaryimage","url":"https:\/\/blog.holyart.it\/fr\/wp-content\/uploads\/sites\/14\/2022\/02\/Saint-Valentin.jpg","contentUrl":"https:\/\/blog.holyart.it\/fr\/wp-content\/uploads\/sites\/14\/2022\/02\/Saint-Valentin.jpg","width":1000,"height":666,"caption":"Saint-Valentin"},{"@type":"BreadcrumbList","@id":"https:\/\/blog.holyart.it\/fr\/occasions-speciales\/amour-pas-qua-la-saint-valentin\/#breadcrumb","itemListElement":[{"@type":"ListItem","position":1,"name":"Homepage","item":"https:\/\/blog.holyart.it\/fr\/"},{"@type":"ListItem","position":2,"name":"Occasions sp\u00e9ciales","item":"https:\/\/blog.holyart.it\/fr\/occasions-speciales\/"},{"@type":"ListItem","position":3,"name":"Amour : pas qu\u2019\u00e0 la Saint-Valentin"}]},{"@type":"WebSite","@id":"https:\/\/blog.holyart.it\/fr\/#website","url":"https:\/\/blog.holyart.it\/fr\/","name":"Holyart.fr Blog","description":"Holyblog","publisher":{"@id":"https:\/\/blog.holyart.it\/fr\/#organization"},"potentialAction":[{"@type":"SearchAction","target":{"@type":"EntryPoint","urlTemplate":"https:\/\/blog.holyart.it\/fr\/?s={search_term_string}"},"query-input":{"@type":"PropertyValueSpecification","valueRequired":true,"valueName":"search_term_string"}}],"inLanguage":"fr-FR"},{"@type":"Organization","@id":"https:\/\/blog.holyart.it\/fr\/#organization","name":"Holyart.fr Blog","url":"https:\/\/blog.holyart.it\/fr\/","logo":{"@type":"ImageObject","inLanguage":"fr-FR","@id":"https:\/\/blog.holyart.it\/fr\/#\/schema\/logo\/image\/","url":"https:\/\/blog.holyart.it\/fr\/wp-content\/uploads\/sites\/14\/2022\/12\/Holyart_Blog_Logo.jpg","contentUrl":"https:\/\/blog.holyart.it\/fr\/wp-content\/uploads\/sites\/14\/2022\/12\/Holyart_Blog_Logo.jpg","width":300,"height":50,"caption":"Holyart.fr Blog"},"image":{"@id":"https:\/\/blog.holyart.it\/fr\/#\/schema\/logo\/image\/"}},{"@type":"Person","@id":"https:\/\/blog.holyart.it\/fr\/#\/schema\/person\/0a7b686e5af0f856ec1e390dd0baecda","name":"Redazione","image":{"@type":"ImageObject","inLanguage":"fr-FR","@id":"https:\/\/blog.holyart.it\/fr\/#\/schema\/person\/image\/","url":"https:\/\/secure.gravatar.com\/avatar\/f477da817f43e50d0af36abecd33e3edf826c68299714bdc1057dff3b113f516?s=96&d=mm&r=g","contentUrl":"https:\/\/secure.gravatar.com\/avatar\/f477da817f43e50d0af36abecd33e3edf826c68299714bdc1057dff3b113f516?s=96&d=mm&r=g","caption":"Redazione"},"url":"https:\/\/blog.holyart.it\/fr\/author\/admin\/"}]}},"_links":{"self":[{"href":"https:\/\/blog.holyart.it\/fr\/wp-json\/wp\/v2\/posts\/3952","targetHints":{"allow":["GET"]}}],"collection":[{"href":"https:\/\/blog.holyart.it\/fr\/wp-json\/wp\/v2\/posts"}],"about":[{"href":"https:\/\/blog.holyart.it\/fr\/wp-json\/wp\/v2\/types\/post"}],"author":[{"embeddable":true,"href":"https:\/\/blog.holyart.it\/fr\/wp-json\/wp\/v2\/users\/1"}],"replies":[{"embeddable":true,"href":"https:\/\/blog.holyart.it\/fr\/wp-json\/wp\/v2\/comments?post=3952"}],"version-history":[{"count":0,"href":"https:\/\/blog.holyart.it\/fr\/wp-json\/wp\/v2\/posts\/3952\/revisions"}],"wp:featuredmedia":[{"embeddable":true,"href":"https:\/\/blog.holyart.it\/fr\/wp-json\/wp\/v2\/media\/3953"}],"wp:attachment":[{"href":"https:\/\/blog.holyart.it\/fr\/wp-json\/wp\/v2\/media?parent=3952"}],"wp:term":[{"taxonomy":"category","embeddable":true,"href":"https:\/\/blog.holyart.it\/fr\/wp-json\/wp\/v2\/categories?post=3952"},{"taxonomy":"post_tag","embeddable":true,"href":"https:\/\/blog.holyart.it\/fr\/wp-json\/wp\/v2\/tags?post=3952"}],"curies":[{"name":"wp","href":"https:\/\/api.w.org\/{rel}","templated":true}]}}