{"id":3895,"date":"2022-02-02T12:30:30","date_gmt":"2022-02-02T11:30:30","guid":{"rendered":"https:\/\/blog.holyart.it\/fr\/?p=3895"},"modified":"2026-01-30T12:51:37","modified_gmt":"2026-01-30T11:51:37","slug":"fete-de-sainte-agathe-a-catane-entre-foi-tradition-et-folklore","status":"publish","type":"post","link":"https:\/\/blog.holyart.it\/fr\/articles-religieux\/fete-de-sainte-agathe-a-catane-entre-foi-tradition-et-folklore\/","title":{"rendered":"F\u00eate de Sainte Agathe \u00e0 Catane : entre foi, tradition et folklore"},"content":{"rendered":"<h4>La f\u00eate de Sainte Agathe \u00e0 Catane, avec processions, v\u00eatements folkloriques et les c\u00e9l\u00e8bres chandeleurs, est un \u00e9v\u00e9nement grandiose pour de nombreux croyants. De quoi s\u2019agit-il ?<\/h4>\n\n<p>La <strong>f\u00eate de Sainte Agathe<\/strong> \u00e0 Catane est une des plus grandes manifestations religieuses d\u2019Italie. La Sainte est f\u00eat\u00e9e avec des processions accompagn\u00e9es de v\u00eatements folkloriques et d\u2019\u00e9l\u00e9ments traditionnels. Pensez que lors des journ\u00e9es de la f\u00eate de Sainte Agathe, du 3 au 5 f\u00e9vrier, <strong>plus d\u2019un million de personnes<\/strong> entre touristes, citoyens et fid\u00e8les se r\u00e9unissent. M\u00eame si cette ann\u00e9e ce fut diff\u00e9rent, la r\u00e9putation et l\u2019histoire sp\u00e9ciale de cette tradition persistent.<\/p>\n<h2>L\u2019histoire de Sainte Agathe<\/h2>\n<p><a href=\"https:\/\/www.holyart.fr\/articles-religieux\/tableaux-gravures-manuscrit-enlumine\/cadre-en-bois-profile-crochet-arriere-ste-agathe-35x30-cm\"><strong>Sainte Agathe<\/strong><\/a> v\u00e9cut au <strong>III si\u00e8cle<\/strong> apr\u00e8s Christ, quand le Christianisme \u2013 tout comme les pers\u00e9cutions \u2013 se diffusait \u00e0 l\u2019int\u00e9rieur de l\u2019empire romain. La famille d\u2019Agathe, afin de prot\u00e9ger sa foi, essaya de se r\u00e9fugier \u00e0 Palerme, mais le gouverneur Quintien les convoqua. Quand il vit Agathe, de nouveau \u00e0 Catane, il s\u2019en \u00e9prit.<\/p>\n<div class=\"link-product\">\n<div class=\"blocco-immagine\"><img loading=\"lazy\" decoding=\"async\" class=\"size-full wp-image-3896 alignleft\" src=\"https:\/\/blog.holyart.it\/fr\/wp-content\/uploads\/sites\/14\/2022\/01\/Cadre-en-bois-profile-crochet-arriere-Ste-Agathe.jpg\" alt=\"Cadre en bois profile crochet arriere Ste Agathe\" width=\"100\" height=\"100\" data-kale-share-title=\"F\u00eate de Sainte Agathe \u00e0 Catane : entre foi, tradition et folklore\" data-kale-share-url=\"https:\/\/blog.holyart.it\/fr\/?p=3895\" \/><\/div>\n<div class=\"blocco-contenuto\">\n<div class=\"blocco-acquista\">Acheter sur Holyart:<\/div>\n<div class=\"blocco-titolo\"><a href=\"https:\/\/www.holyart.fr\/articles-religieux\/tableaux-gravures-manuscrit-enlumine\/cadre-en-bois-profile-crochet-arriere-ste-agathe-35x30-cm\">Cadre en bois profil\u00e9 crochet arri\u00e8re Ste Agathe 35&#215;30 cm<\/a><\/div>\n<div class=\"blocco-descrizione\">Cadre en style vintage de Sainte Agathe.<\/div>\n<\/div>\n<\/div>\n<p>Il essaya de lui faire abjurer sa foi, mais la Sainte refusa, restant fid\u00e8le \u00e0 son choix. Quintien essaya de l\u2019en dissuader de diff\u00e9rentes mani\u00e8res\u00a0: voyant que la jeune ne c\u00e9dait pas, il la soumit \u00e0 tortures et supplices atroces, <a href=\"https:\/\/www.holyart.fr\/blog\/articles-religieux\/saints-martyrs-sacrifier-sa-vie-au-nom-de-dieu\/\"><strong>jusqu\u2019\u00e0 sa mort en martyre<\/strong><\/a>.<\/p>\n<p>Sa r\u00e9putation se r\u00e9pandit en peu de temps apr\u00e8s sa mort et elle est maintenant v\u00e9n\u00e9r\u00e9e comme <strong>Sainte martyre de l\u2019\u00c9glise Catholique<\/strong>.<\/p>\n<h2>Sainte Agathe patronne<\/h2>\n<p>Sainte Agathe est patronne de nombreuses villes et lieux d\u2019Italie et du monde. Nous la connaissons en particulier comme sainte <strong>patronne de la ville et de l\u2019archidioc\u00e8se de Catane<\/strong>. Elle est connue \u00e9galement comme protectrice des femmes atteintes par des pathologies au sein, des fondeurs de cloche et pompiers.<\/p>\n<h2>La procession de Sainte Agathe<\/h2>\n<p><img loading=\"lazy\" decoding=\"async\" class=\"size-full wp-image-3897 aligncenter\" src=\"https:\/\/blog.holyart.it\/fr\/wp-content\/uploads\/sites\/14\/2022\/01\/procession-de-Sainte-Agathe.jpeg\" alt=\"procession de sainte agathe\" width=\"800\" height=\"533\" data-kale-share-title=\"F\u00eate de Sainte Agathe \u00e0 Catane : entre foi, tradition et folklore\" data-kale-share-url=\"https:\/\/blog.holyart.it\/fr\/?p=3895\" \/><br \/>\nLa procession annuelle de Sainte Agathe \u00e0 Catane a lieu les <strong>3, 4 et 5 f\u00e9vrier<\/strong>. Le premier jour est d\u00e9di\u00e9 \u00e0 l\u2019offrande des bougies\u00a0: la procession se d\u00e9roule de la fournaise \u00e0 la cath\u00e9drale. C\u2019est le jour d\u00e9di\u00e9 \u00e0 la <strong>r\u00e9colte de la cire<\/strong> : on offre cierges et bougies en demandant la protection de la Sainte.<\/p>\n<p>L\u2019usage populaire veut que la bougie offerte doit \u00eatre de la m\u00eame taille ou du m\u00eame poids que la personne qui l\u2019offre.<\/p>\n<p>Le deuxi\u00e8me jour, le cort\u00e8ge se rassemble d\u00e8s le matin et la procession dure toute la journ\u00e9e. Les fid\u00e8les portent le traditionnel \u00ab\u00a0sac\u00a0\u00bb &#8211; une tunique blanche \u2013 avec un b\u00e9ret en velours noir, des gants blancs et un mouchoir blanc.<\/p>\n<p><a href=\"https:\/\/www.holyart.fr\/articles-religieux\/statues\/statues-en-resine-et-pvc\/buste-sainte-agathe-resine-coloree-20x20x10-cm\"><strong>Le buste de Sainte Agathe<\/strong><\/a> est hiss\u00e9 sur un <strong>fercolo<\/strong> (char reliquaire) <strong>argent\u00e9<\/strong> et, avec l\u2019\u00e9crin contenant les reliques de la Sainte, est promen\u00e9 dans la partie ext\u00e9rieure de la ville entre les acclamations et les r\u00e9jouissances. Le reliquaire, avec buste, \u00e9crin et bougie, p\u00e8se jusqu\u2019\u00e0 <strong>30 quintaux<\/strong>. La Sainte est toujours pr\u00e9c\u00e9d\u00e9e par les traditionnelles <strong><em>candelore<\/em><\/strong>, des cierges d\u00e9mesur\u00e9s qui repr\u00e9sentent les citoyens.<\/p>\n<div class=\"link-product\">\n<div class=\"blocco-immagine\"><img loading=\"lazy\" decoding=\"async\" class=\"size-full wp-image-3898 alignleft\" src=\"https:\/\/blog.holyart.it\/fr\/wp-content\/uploads\/sites\/14\/2022\/01\/Buste-Sainte-Agathe.jpg\" alt=\"Buste Sainte Agathe\" width=\"100\" height=\"100\" data-kale-share-title=\"F\u00eate de Sainte Agathe \u00e0 Catane : entre foi, tradition et folklore\" data-kale-share-url=\"https:\/\/blog.holyart.it\/fr\/?p=3895\" \/><\/div>\n<div class=\"blocco-contenuto\">\n<div class=\"blocco-acquista\">Acheter sur Holyart:<\/div>\n<div class=\"blocco-titolo\"><a href=\"https:\/\/www.holyart.fr\/articles-religieux\/statues\/statues-en-resine-et-pvc\/buste-sainte-agathe-resine-coloree-20x20x10-cm\">Buste Sainte Agathe r\u00e9sine color\u00e9e 20x20x10 cm<\/a><\/div>\n<div class=\"blocco-descrizione\">Buste de Sainte Agathe sur pi\u00e9destal de 8 cm, r\u00e9alis\u00e9e en r\u00e9sine et peinte \u00e0 la main.<\/div>\n<\/div>\n<\/div>\n<p>Le troisi\u00e8me jour, la procession passe par le centre de Catane et les fid\u00e8les accompagnent la Sainte jusqu\u2019\u00e0 la raccompagner dans la chambre de la cath\u00e9drale d\u2019o\u00f9 elle est partie.<\/p>\n<h2>Les <em>candelore<\/em> de Sainte Agathe<\/h2>\n<p>Un des \u00e9l\u00e9ments caract\u00e9ristiques de la f\u00eate de Sainte Agathe sont les c\u00e9l\u00e8bres <a href=\"https:\/\/www.holyart.fr\/blog\/articles-religieux\/la-chandeleur-histoire-et-curiosites\/\"><strong><em>candelores<\/em><\/strong><\/a>.<\/p>\n<div class=\"link-article\">\n<p><img loading=\"lazy\" decoding=\"async\" class=\"size-full wp-image-3899 alignleft\" src=\"https:\/\/blog.holyart.it\/fr\/wp-content\/uploads\/sites\/14\/2022\/01\/candelores.jpg\" alt=\"candelores\" width=\"150\" height=\"99\" data-kale-share-title=\"F\u00eate de Sainte Agathe \u00e0 Catane : entre foi, tradition et folklore\" data-kale-share-url=\"https:\/\/blog.holyart.it\/fr\/?p=3895\" \/><\/p>\n<div class=\"leggi-anche\">Lire aussi :<\/div>\n<p><strong><a href=\"https:\/\/www.holyart.fr\/blog\/articles-religieux\/la-chandeleur-histoire-et-curiosites\/\">La Chandeleur : histoire et curiosit\u00e9s<\/a><\/strong><br \/>\nLa Chandeleur, histoire d\u2019une f\u00eate aux grandes suggestions qui puise ses racines dans les rites pr\u00e9chr\u00e9tiens li\u00e9s au triomphe&#8230;<\/p>\n<\/div>\n<p>Il s\u2019agit de <a href=\"https:\/\/www.holyart.fr\/produits-de-consommation\/bougies-cierges-chandelles\"><strong>cierges monumentaux, enrichis de sculptures et de d\u00e9corations<\/strong><\/a>, qui accompagnent toujours la Sainte, en pr\u00e9c\u00e9dant le char reliquaire. Chaque \u00ab\u00a0<em>cereo<\/em>\u00a0\u00bb est attach\u00e9 \u00e0 un groupe de citoyens, qui souvent co\u00efncide avec un groupe de travailleurs\u00a0: du <em>Cereo<\/em> des Fleuristes au <em>Cereo<\/em> des Poissonniers, au <em>Cereo<\/em> des Bouchers. Les <em>candelore<\/em> de Sainte Agathe sont amen\u00e9s en procession rigoureusement \u00e0 dos \u2013 le poids des <em>candelore<\/em> va de 200 \u00e0 860 kilos \u2013 et chaque <em>cereo<\/em> a une position fixe dans la procession.<\/p>\n<div class=\"link-product\">\n<div class=\"blocco-immagine\"><img loading=\"lazy\" decoding=\"async\" class=\"size-full wp-image-3900 alignleft\" src=\"https:\/\/blog.holyart.it\/fr\/wp-content\/uploads\/sites\/14\/2022\/01\/Bougies-cierges-chandelles-1.jpg\" alt=\"Bougies, cierges, chandelles\" width=\"100\" height=\"100\" data-kale-share-title=\"F\u00eate de Sainte Agathe \u00e0 Catane : entre foi, tradition et folklore\" data-kale-share-url=\"https:\/\/blog.holyart.it\/fr\/?p=3895\" \/><\/div>\n<div class=\"blocco-contenuto\">\n<div class=\"blocco-acquista\">Acheter sur Holyart:<\/div>\n<div class=\"blocco-titolo\"><a href=\"https:\/\/www.holyart.fr\/produits-de-consommation\/bougies-cierges-chandelles\">Bougies, cierges, chandelles<\/a><\/div>\n<div class=\"blocco-descrizione\">Dans ce rayon vous pouvez trouver une vaste gamme de bougies et cierges.<\/div>\n<\/div>\n<\/div>\n","protected":false},"excerpt":{"rendered":"<p>La f\u00eate de Sainte Agathe \u00e0 Catane, avec processions, v\u00eatements folkloriques et les c\u00e9l\u00e8bres chandeleurs, est un \u00e9v\u00e9nement grandiose pour de nombreux croyants. De quoi s\u2019agit-il ? La f\u00eate de Sainte Agathe \u00e0 Catane est une des plus grandes manifestations religieuses d\u2019Italie. La Sainte est&hellip;<\/p>\n","protected":false},"author":1,"featured_media":3902,"comment_status":"closed","ping_status":"open","sticky":false,"template":"","format":"standard","meta":{"_acf_changed":false,"footnotes":""},"categories":[8],"tags":[],"class_list":["post-3895","post","type-post","status-publish","format-standard","has-post-thumbnail","hentry","category-articles-religieux"],"acf":[],"yoast_head":"<!-- This site is optimized with the Yoast SEO plugin v26.6 - https:\/\/yoast.com\/wordpress\/plugins\/seo\/ -->\n<title>F\u00eate de Sainte Agathe \u00e0 Catane : entre foi, tradition et folklore<\/title>\n<meta name=\"description\" content=\"La f\u00eate de Sainte Agathe, avec processions, v\u00eatements folkloriques et les c\u00e9l\u00e8bres chandeleurs, est un \u00e9v\u00e9nement grandiose pour de nombreux croyants.\" \/>\n<meta name=\"robots\" content=\"index, follow, max-snippet:-1, max-image-preview:large, max-video-preview:-1\" \/>\n<link rel=\"canonical\" href=\"https:\/\/blog.holyart.it\/fr\/articles-religieux\/fete-de-sainte-agathe-a-catane-entre-foi-tradition-et-folklore\/\" \/>\n<meta property=\"og:locale\" content=\"fr_FR\" \/>\n<meta property=\"og:type\" content=\"article\" \/>\n<meta property=\"og:title\" content=\"F\u00eate de Sainte Agathe \u00e0 Catane : entre foi, tradition et folklore\" \/>\n<meta property=\"og:description\" content=\"La f\u00eate de Sainte Agathe, avec processions, v\u00eatements folkloriques et les c\u00e9l\u00e8bres chandeleurs, est un \u00e9v\u00e9nement grandiose pour de nombreux croyants.\" \/>\n<meta property=\"og:url\" content=\"https:\/\/blog.holyart.it\/fr\/articles-religieux\/fete-de-sainte-agathe-a-catane-entre-foi-tradition-et-folklore\/\" \/>\n<meta property=\"og:site_name\" content=\"Holyart.fr Blog\" \/>\n<meta property=\"article:published_time\" content=\"2022-02-02T11:30:30+00:00\" \/>\n<meta property=\"article:modified_time\" content=\"2026-01-30T11:51:37+00:00\" \/>\n<meta property=\"og:image\" content=\"https:\/\/blog.holyart.it\/fr\/wp-content\/uploads\/sites\/14\/2022\/01\/sainte-agathe.jpeg\" \/>\n\t<meta property=\"og:image:width\" content=\"1000\" \/>\n\t<meta property=\"og:image:height\" content=\"666\" \/>\n\t<meta property=\"og:image:type\" content=\"image\/jpeg\" \/>\n<meta name=\"author\" content=\"Redazione\" \/>\n<meta name=\"twitter:card\" content=\"summary_large_image\" \/>\n<meta name=\"twitter:label1\" content=\"\u00c9crit par\" \/>\n\t<meta name=\"twitter:data1\" content=\"Redazione\" \/>\n\t<meta name=\"twitter:label2\" content=\"Dur\u00e9e de lecture estim\u00e9e\" \/>\n\t<meta name=\"twitter:data2\" content=\"5 minutes\" \/>\n<script type=\"application\/ld+json\" class=\"yoast-schema-graph\">{\"@context\":\"https:\/\/schema.org\",\"@graph\":[{\"@type\":\"Article\",\"@id\":\"https:\/\/blog.holyart.it\/fr\/articles-religieux\/fete-de-sainte-agathe-a-catane-entre-foi-tradition-et-folklore\/#article\",\"isPartOf\":{\"@id\":\"https:\/\/blog.holyart.it\/fr\/articles-religieux\/fete-de-sainte-agathe-a-catane-entre-foi-tradition-et-folklore\/\"},\"author\":{\"name\":\"Redazione\",\"@id\":\"https:\/\/blog.holyart.it\/fr\/#\/schema\/person\/0a7b686e5af0f856ec1e390dd0baecda\"},\"headline\":\"F\u00eate de Sainte Agathe \u00e0 Catane : entre foi, tradition et folklore\",\"datePublished\":\"2022-02-02T11:30:30+00:00\",\"dateModified\":\"2026-01-30T11:51:37+00:00\",\"mainEntityOfPage\":{\"@id\":\"https:\/\/blog.holyart.it\/fr\/articles-religieux\/fete-de-sainte-agathe-a-catane-entre-foi-tradition-et-folklore\/\"},\"wordCount\":784,\"publisher\":{\"@id\":\"https:\/\/blog.holyart.it\/fr\/#organization\"},\"image\":{\"@id\":\"https:\/\/blog.holyart.it\/fr\/articles-religieux\/fete-de-sainte-agathe-a-catane-entre-foi-tradition-et-folklore\/#primaryimage\"},\"thumbnailUrl\":\"https:\/\/blog.holyart.it\/fr\/wp-content\/uploads\/sites\/14\/2022\/01\/sainte-agathe.jpeg\",\"articleSection\":[\"Religion\"],\"inLanguage\":\"fr-FR\"},{\"@type\":\"WebPage\",\"@id\":\"https:\/\/blog.holyart.it\/fr\/articles-religieux\/fete-de-sainte-agathe-a-catane-entre-foi-tradition-et-folklore\/\",\"url\":\"https:\/\/blog.holyart.it\/fr\/articles-religieux\/fete-de-sainte-agathe-a-catane-entre-foi-tradition-et-folklore\/\",\"name\":\"F\u00eate de Sainte Agathe \u00e0 Catane : entre foi, tradition et folklore\",\"isPartOf\":{\"@id\":\"https:\/\/blog.holyart.it\/fr\/#website\"},\"primaryImageOfPage\":{\"@id\":\"https:\/\/blog.holyart.it\/fr\/articles-religieux\/fete-de-sainte-agathe-a-catane-entre-foi-tradition-et-folklore\/#primaryimage\"},\"image\":{\"@id\":\"https:\/\/blog.holyart.it\/fr\/articles-religieux\/fete-de-sainte-agathe-a-catane-entre-foi-tradition-et-folklore\/#primaryimage\"},\"thumbnailUrl\":\"https:\/\/blog.holyart.it\/fr\/wp-content\/uploads\/sites\/14\/2022\/01\/sainte-agathe.jpeg\",\"datePublished\":\"2022-02-02T11:30:30+00:00\",\"dateModified\":\"2026-01-30T11:51:37+00:00\",\"description\":\"La f\u00eate de Sainte Agathe, avec processions, v\u00eatements folkloriques et les c\u00e9l\u00e8bres chandeleurs, est un \u00e9v\u00e9nement grandiose pour de nombreux croyants.\",\"breadcrumb\":{\"@id\":\"https:\/\/blog.holyart.it\/fr\/articles-religieux\/fete-de-sainte-agathe-a-catane-entre-foi-tradition-et-folklore\/#breadcrumb\"},\"inLanguage\":\"fr-FR\",\"potentialAction\":[{\"@type\":\"ReadAction\",\"target\":[\"https:\/\/blog.holyart.it\/fr\/articles-religieux\/fete-de-sainte-agathe-a-catane-entre-foi-tradition-et-folklore\/\"]}]},{\"@type\":\"ImageObject\",\"inLanguage\":\"fr-FR\",\"@id\":\"https:\/\/blog.holyart.it\/fr\/articles-religieux\/fete-de-sainte-agathe-a-catane-entre-foi-tradition-et-folklore\/#primaryimage\",\"url\":\"https:\/\/blog.holyart.it\/fr\/wp-content\/uploads\/sites\/14\/2022\/01\/sainte-agathe.jpeg\",\"contentUrl\":\"https:\/\/blog.holyart.it\/fr\/wp-content\/uploads\/sites\/14\/2022\/01\/sainte-agathe.jpeg\",\"width\":1000,\"height\":666,\"caption\":\"sainte agathe\"},{\"@type\":\"BreadcrumbList\",\"@id\":\"https:\/\/blog.holyart.it\/fr\/articles-religieux\/fete-de-sainte-agathe-a-catane-entre-foi-tradition-et-folklore\/#breadcrumb\",\"itemListElement\":[{\"@type\":\"ListItem\",\"position\":1,\"name\":\"Homepage\",\"item\":\"https:\/\/blog.holyart.it\/fr\/\"},{\"@type\":\"ListItem\",\"position\":2,\"name\":\"Religion\",\"item\":\"https:\/\/blog.holyart.it\/fr\/articles-religieux\/\"},{\"@type\":\"ListItem\",\"position\":3,\"name\":\"F\u00eate de Sainte Agathe \u00e0 Catane : entre foi, tradition et folklore\"}]},{\"@type\":\"WebSite\",\"@id\":\"https:\/\/blog.holyart.it\/fr\/#website\",\"url\":\"https:\/\/blog.holyart.it\/fr\/\",\"name\":\"Holyart.fr Blog\",\"description\":\"Holyblog\",\"publisher\":{\"@id\":\"https:\/\/blog.holyart.it\/fr\/#organization\"},\"potentialAction\":[{\"@type\":\"SearchAction\",\"target\":{\"@type\":\"EntryPoint\",\"urlTemplate\":\"https:\/\/blog.holyart.it\/fr\/?s={search_term_string}\"},\"query-input\":{\"@type\":\"PropertyValueSpecification\",\"valueRequired\":true,\"valueName\":\"search_term_string\"}}],\"inLanguage\":\"fr-FR\"},{\"@type\":\"Organization\",\"@id\":\"https:\/\/blog.holyart.it\/fr\/#organization\",\"name\":\"Holyart.fr Blog\",\"url\":\"https:\/\/blog.holyart.it\/fr\/\",\"logo\":{\"@type\":\"ImageObject\",\"inLanguage\":\"fr-FR\",\"@id\":\"https:\/\/blog.holyart.it\/fr\/#\/schema\/logo\/image\/\",\"url\":\"https:\/\/blog.holyart.it\/fr\/wp-content\/uploads\/sites\/14\/2022\/12\/Holyart_Blog_Logo.jpg\",\"contentUrl\":\"https:\/\/blog.holyart.it\/fr\/wp-content\/uploads\/sites\/14\/2022\/12\/Holyart_Blog_Logo.jpg\",\"width\":300,\"height\":50,\"caption\":\"Holyart.fr Blog\"},\"image\":{\"@id\":\"https:\/\/blog.holyart.it\/fr\/#\/schema\/logo\/image\/\"}},{\"@type\":\"Person\",\"@id\":\"https:\/\/blog.holyart.it\/fr\/#\/schema\/person\/0a7b686e5af0f856ec1e390dd0baecda\",\"name\":\"Redazione\",\"image\":{\"@type\":\"ImageObject\",\"inLanguage\":\"fr-FR\",\"@id\":\"https:\/\/blog.holyart.it\/fr\/#\/schema\/person\/image\/\",\"url\":\"https:\/\/secure.gravatar.com\/avatar\/f477da817f43e50d0af36abecd33e3edf826c68299714bdc1057dff3b113f516?s=96&d=mm&r=g\",\"contentUrl\":\"https:\/\/secure.gravatar.com\/avatar\/f477da817f43e50d0af36abecd33e3edf826c68299714bdc1057dff3b113f516?s=96&d=mm&r=g\",\"caption\":\"Redazione\"},\"url\":\"https:\/\/blog.holyart.it\/fr\/author\/admin\/\"}]}<\/script>\n<!-- \/ Yoast SEO plugin. -->","yoast_head_json":{"title":"F\u00eate de Sainte Agathe \u00e0 Catane : entre foi, tradition et folklore","description":"La f\u00eate de Sainte Agathe, avec processions, v\u00eatements folkloriques et les c\u00e9l\u00e8bres chandeleurs, est un \u00e9v\u00e9nement grandiose pour de nombreux croyants.","robots":{"index":"index","follow":"follow","max-snippet":"max-snippet:-1","max-image-preview":"max-image-preview:large","max-video-preview":"max-video-preview:-1"},"canonical":"https:\/\/blog.holyart.it\/fr\/articles-religieux\/fete-de-sainte-agathe-a-catane-entre-foi-tradition-et-folklore\/","og_locale":"fr_FR","og_type":"article","og_title":"F\u00eate de Sainte Agathe \u00e0 Catane : entre foi, tradition et folklore","og_description":"La f\u00eate de Sainte Agathe, avec processions, v\u00eatements folkloriques et les c\u00e9l\u00e8bres chandeleurs, est un \u00e9v\u00e9nement grandiose pour de nombreux croyants.","og_url":"https:\/\/blog.holyart.it\/fr\/articles-religieux\/fete-de-sainte-agathe-a-catane-entre-foi-tradition-et-folklore\/","og_site_name":"Holyart.fr Blog","article_published_time":"2022-02-02T11:30:30+00:00","article_modified_time":"2026-01-30T11:51:37+00:00","og_image":[{"width":1000,"height":666,"url":"https:\/\/blog.holyart.it\/fr\/wp-content\/uploads\/sites\/14\/2022\/01\/sainte-agathe.jpeg","type":"image\/jpeg"}],"author":"Redazione","twitter_card":"summary_large_image","twitter_misc":{"\u00c9crit par":"Redazione","Dur\u00e9e de lecture estim\u00e9e":"5 minutes"},"schema":{"@context":"https:\/\/schema.org","@graph":[{"@type":"Article","@id":"https:\/\/blog.holyart.it\/fr\/articles-religieux\/fete-de-sainte-agathe-a-catane-entre-foi-tradition-et-folklore\/#article","isPartOf":{"@id":"https:\/\/blog.holyart.it\/fr\/articles-religieux\/fete-de-sainte-agathe-a-catane-entre-foi-tradition-et-folklore\/"},"author":{"name":"Redazione","@id":"https:\/\/blog.holyart.it\/fr\/#\/schema\/person\/0a7b686e5af0f856ec1e390dd0baecda"},"headline":"F\u00eate de Sainte Agathe \u00e0 Catane : entre foi, tradition et folklore","datePublished":"2022-02-02T11:30:30+00:00","dateModified":"2026-01-30T11:51:37+00:00","mainEntityOfPage":{"@id":"https:\/\/blog.holyart.it\/fr\/articles-religieux\/fete-de-sainte-agathe-a-catane-entre-foi-tradition-et-folklore\/"},"wordCount":784,"publisher":{"@id":"https:\/\/blog.holyart.it\/fr\/#organization"},"image":{"@id":"https:\/\/blog.holyart.it\/fr\/articles-religieux\/fete-de-sainte-agathe-a-catane-entre-foi-tradition-et-folklore\/#primaryimage"},"thumbnailUrl":"https:\/\/blog.holyart.it\/fr\/wp-content\/uploads\/sites\/14\/2022\/01\/sainte-agathe.jpeg","articleSection":["Religion"],"inLanguage":"fr-FR"},{"@type":"WebPage","@id":"https:\/\/blog.holyart.it\/fr\/articles-religieux\/fete-de-sainte-agathe-a-catane-entre-foi-tradition-et-folklore\/","url":"https:\/\/blog.holyart.it\/fr\/articles-religieux\/fete-de-sainte-agathe-a-catane-entre-foi-tradition-et-folklore\/","name":"F\u00eate de Sainte Agathe \u00e0 Catane : entre foi, tradition et folklore","isPartOf":{"@id":"https:\/\/blog.holyart.it\/fr\/#website"},"primaryImageOfPage":{"@id":"https:\/\/blog.holyart.it\/fr\/articles-religieux\/fete-de-sainte-agathe-a-catane-entre-foi-tradition-et-folklore\/#primaryimage"},"image":{"@id":"https:\/\/blog.holyart.it\/fr\/articles-religieux\/fete-de-sainte-agathe-a-catane-entre-foi-tradition-et-folklore\/#primaryimage"},"thumbnailUrl":"https:\/\/blog.holyart.it\/fr\/wp-content\/uploads\/sites\/14\/2022\/01\/sainte-agathe.jpeg","datePublished":"2022-02-02T11:30:30+00:00","dateModified":"2026-01-30T11:51:37+00:00","description":"La f\u00eate de Sainte Agathe, avec processions, v\u00eatements folkloriques et les c\u00e9l\u00e8bres chandeleurs, est un \u00e9v\u00e9nement grandiose pour de nombreux croyants.","breadcrumb":{"@id":"https:\/\/blog.holyart.it\/fr\/articles-religieux\/fete-de-sainte-agathe-a-catane-entre-foi-tradition-et-folklore\/#breadcrumb"},"inLanguage":"fr-FR","potentialAction":[{"@type":"ReadAction","target":["https:\/\/blog.holyart.it\/fr\/articles-religieux\/fete-de-sainte-agathe-a-catane-entre-foi-tradition-et-folklore\/"]}]},{"@type":"ImageObject","inLanguage":"fr-FR","@id":"https:\/\/blog.holyart.it\/fr\/articles-religieux\/fete-de-sainte-agathe-a-catane-entre-foi-tradition-et-folklore\/#primaryimage","url":"https:\/\/blog.holyart.it\/fr\/wp-content\/uploads\/sites\/14\/2022\/01\/sainte-agathe.jpeg","contentUrl":"https:\/\/blog.holyart.it\/fr\/wp-content\/uploads\/sites\/14\/2022\/01\/sainte-agathe.jpeg","width":1000,"height":666,"caption":"sainte agathe"},{"@type":"BreadcrumbList","@id":"https:\/\/blog.holyart.it\/fr\/articles-religieux\/fete-de-sainte-agathe-a-catane-entre-foi-tradition-et-folklore\/#breadcrumb","itemListElement":[{"@type":"ListItem","position":1,"name":"Homepage","item":"https:\/\/blog.holyart.it\/fr\/"},{"@type":"ListItem","position":2,"name":"Religion","item":"https:\/\/blog.holyart.it\/fr\/articles-religieux\/"},{"@type":"ListItem","position":3,"name":"F\u00eate de Sainte Agathe \u00e0 Catane : entre foi, tradition et folklore"}]},{"@type":"WebSite","@id":"https:\/\/blog.holyart.it\/fr\/#website","url":"https:\/\/blog.holyart.it\/fr\/","name":"Holyart.fr Blog","description":"Holyblog","publisher":{"@id":"https:\/\/blog.holyart.it\/fr\/#organization"},"potentialAction":[{"@type":"SearchAction","target":{"@type":"EntryPoint","urlTemplate":"https:\/\/blog.holyart.it\/fr\/?s={search_term_string}"},"query-input":{"@type":"PropertyValueSpecification","valueRequired":true,"valueName":"search_term_string"}}],"inLanguage":"fr-FR"},{"@type":"Organization","@id":"https:\/\/blog.holyart.it\/fr\/#organization","name":"Holyart.fr Blog","url":"https:\/\/blog.holyart.it\/fr\/","logo":{"@type":"ImageObject","inLanguage":"fr-FR","@id":"https:\/\/blog.holyart.it\/fr\/#\/schema\/logo\/image\/","url":"https:\/\/blog.holyart.it\/fr\/wp-content\/uploads\/sites\/14\/2022\/12\/Holyart_Blog_Logo.jpg","contentUrl":"https:\/\/blog.holyart.it\/fr\/wp-content\/uploads\/sites\/14\/2022\/12\/Holyart_Blog_Logo.jpg","width":300,"height":50,"caption":"Holyart.fr Blog"},"image":{"@id":"https:\/\/blog.holyart.it\/fr\/#\/schema\/logo\/image\/"}},{"@type":"Person","@id":"https:\/\/blog.holyart.it\/fr\/#\/schema\/person\/0a7b686e5af0f856ec1e390dd0baecda","name":"Redazione","image":{"@type":"ImageObject","inLanguage":"fr-FR","@id":"https:\/\/blog.holyart.it\/fr\/#\/schema\/person\/image\/","url":"https:\/\/secure.gravatar.com\/avatar\/f477da817f43e50d0af36abecd33e3edf826c68299714bdc1057dff3b113f516?s=96&d=mm&r=g","contentUrl":"https:\/\/secure.gravatar.com\/avatar\/f477da817f43e50d0af36abecd33e3edf826c68299714bdc1057dff3b113f516?s=96&d=mm&r=g","caption":"Redazione"},"url":"https:\/\/blog.holyart.it\/fr\/author\/admin\/"}]}},"_links":{"self":[{"href":"https:\/\/blog.holyart.it\/fr\/wp-json\/wp\/v2\/posts\/3895","targetHints":{"allow":["GET"]}}],"collection":[{"href":"https:\/\/blog.holyart.it\/fr\/wp-json\/wp\/v2\/posts"}],"about":[{"href":"https:\/\/blog.holyart.it\/fr\/wp-json\/wp\/v2\/types\/post"}],"author":[{"embeddable":true,"href":"https:\/\/blog.holyart.it\/fr\/wp-json\/wp\/v2\/users\/1"}],"replies":[{"embeddable":true,"href":"https:\/\/blog.holyart.it\/fr\/wp-json\/wp\/v2\/comments?post=3895"}],"version-history":[{"count":1,"href":"https:\/\/blog.holyart.it\/fr\/wp-json\/wp\/v2\/posts\/3895\/revisions"}],"predecessor-version":[{"id":5804,"href":"https:\/\/blog.holyart.it\/fr\/wp-json\/wp\/v2\/posts\/3895\/revisions\/5804"}],"wp:featuredmedia":[{"embeddable":true,"href":"https:\/\/blog.holyart.it\/fr\/wp-json\/wp\/v2\/media\/3902"}],"wp:attachment":[{"href":"https:\/\/blog.holyart.it\/fr\/wp-json\/wp\/v2\/media?parent=3895"}],"wp:term":[{"taxonomy":"category","embeddable":true,"href":"https:\/\/blog.holyart.it\/fr\/wp-json\/wp\/v2\/categories?post=3895"},{"taxonomy":"post_tag","embeddable":true,"href":"https:\/\/blog.holyart.it\/fr\/wp-json\/wp\/v2\/tags?post=3895"}],"curies":[{"name":"wp","href":"https:\/\/api.w.org\/{rel}","templated":true}]}}