{"id":389,"date":"2017-06-01T16:33:36","date_gmt":"2017-06-01T14:33:36","guid":{"rendered":"https:\/\/blog.holyart.it\/fr\/?p=389"},"modified":"2017-06-27T16:34:09","modified_gmt":"2017-06-27T14:34:09","slug":"naissance-evolution-confreries-de-lepoque-romaine-a-nos-jours","status":"publish","type":"post","link":"https:\/\/blog.holyart.it\/fr\/monasteres\/naissance-evolution-confreries-de-lepoque-romaine-a-nos-jours\/","title":{"rendered":"Naissance et \u00e9volution des confr\u00e9ries : de l\u2019\u00e9poque romaine \u00e0 nos jours"},"content":{"rendered":"<p>Les <strong>confr\u00e9ries<\/strong> sont des associations de chr\u00e9tiens la\u00efcs qui choisissent de se r\u00e9unir afin de promouvoir l\u2019agr\u00e9gation, augmenter la d\u00e9votion, le culte et accomplir des \u0153uvres de charit\u00e9, de p\u00e9nitence et de cat\u00e9ch\u00e8se. Elles existent depuis les origines du christianisme, \u00e0 l\u2019\u00e9poque romaine, et il est probable que les premi\u00e8res confr\u00e9ries se r\u00e9f\u00e9r\u00e8rent \u00e0 des institutions la\u00efques d\u00e9j\u00e0 existantes, comme les \u00ab\u00a0collegia\u00a0\u00bb romains ou les confr\u00e9ries grecques.<\/p>\n<p>Au cours des si\u00e8cles elles ont endoss\u00e9 diff\u00e9rentes d\u00e9nominations de r\u00e9gion en r\u00e9gion, de \u00ab\u00a0confraternitas\u00a0\u00bb \u00e0 \u00ab\u00a0caritas\u00a0\u00bb, de \u00ab\u00a0consortia\u00a0\u00bb \u00e0 \u00ab\u00a0sodalitium\u00a0\u00bb, de \u00ab\u00a0guilde\u00a0\u00bb \u00e0 \u00ab\u00a0schola\u00a0\u00bb, ou encore \u00ab\u00a0compagni\u00a0\u00bb, \u00ab\u00a0congr\u00e9gation\u00a0\u00bb ou \u00ab\u00a0cercle\u00a0\u00bb.<\/p>\n<p>Au-del\u00e0 du nom, en g\u00e9n\u00e9ral les confr\u00e9ries naissent dans le domaine de l\u2019\u00c9glise. L\u2019Autorit\u00e9 eccl\u00e9siastique seule peut en reconna\u00eetre la validit\u00e9 et modifier le statut et tout ce \u00e0 quoi elles font r\u00e9f\u00e9rence.<\/p>\n<p>Les membres d\u2019une confr\u00e9rie maintiennent leur statut de la\u00efc, \u00e0 la diff\u00e9rence des premi\u00e8res confr\u00e9ries, auxquelles seul le clerg\u00e9 pouvait prendre part. Ils ne doivent pas prononcer leurs v\u0153ux, et ils peuvent continuer normalement leur vie personnelle, de famille et de travail.<\/p>\n<p>N\u00e9es en tant que <strong>communaut\u00e9s de pri\u00e8re, de lecture commune des \u00e9critures<\/strong>, mais aussi l\u2019<strong>assistance aux infirmes et aux pauvres, aux orphelins et aux \u00e9trangers<\/strong>, les confr\u00e9ries m\u00e9di\u00e9vales pratiquaient souvent l\u2019auto-flagellation et d\u2019autres formes de p\u00e9nitence corporelles comme invocation de la mis\u00e9ricorde divine. Un exemple pour tous les \u00ab\u00a0disciplinati\u00a0\u00bb ou \u00ab\u00a0battuti\u00a0\u00bb (les flagellants), qui au XI si\u00e8cle d\u00e9filaient en procession en se flagellant pour comm\u00e9morer la Passion de Christ.<\/p>\n<p>\u00c0 partir du XVI si\u00e8cle, la tendance des confr\u00e9ries se concentra davantage sur la pratique de la <strong>charit\u00e9<\/strong> avec la <strong>fondation d\u2019h\u00f4pitaux et d\u2019hospices<\/strong> et sur la pratique d\u00e9votionnelle commune. Citons en particuliers les \u00ab\u00a0Blancs\u00a0\u00bb, habill\u00e9s avec un habit \u00e0 capuche en lin candide avec une croix rouge sur la poitrine.<\/p>\n<p>Parmi les m\u00e9rites des confr\u00e9ries, nous rappelons la sauvegarde d\u2019une bonne partie du patrimoine artistique et culturel de l\u2019\u00e9glise, des \u0153uvres et des documents pr\u00e9serv\u00e9s dans leurs archives, comme les \u00ab\u00a0Sept \u0152uvres de mis\u00e9ricorde\u00a0\u00bb du Caravage pour l\u2019\u00c9glise au Pio Monte della Misericordia de Naples et le \u00ab\u00a0Stabat Mater\u00a0\u00bb de Pergolesi ex\u00e9cut\u00e9 pour l\u2019Arciconfraternita dei Cavalieri della Vergine dei Sette Dolori de Naples.<\/p>\n<p>Importante fut aussi la contribution des confr\u00e9ries contre la diffusion du protestantisme en Italie et dans la lutte aux h\u00e9r\u00e9sies. Encore aujourd\u2019hui elles recouvrent un r\u00f4le fondamentale pour la vie des chr\u00e9tiens la\u00efcs, unis dans la volont\u00e9 d\u2019affronter ensemble petits et grands soucis. Des traditions du pass\u00e9 restent les couleurs de l\u2019habit que les confr\u00e8res portent et les <span style=\"color: #0000ff;\"><strong><a style=\"color: #0000ff;\" href=\"https:\/\/www.holyart.fr\/articles-religieux\/medailles-confreries-et-associations\">m\u00e9dailles des confr\u00e9ries<\/a><\/strong><\/span> qui reportent l\u2019effigie du groupe d\u2019appartenance.<\/p>\n","protected":false},"excerpt":{"rendered":"<p>Les confr\u00e9ries sont des associations de chr\u00e9tiens la\u00efcs qui choisissent de se r\u00e9unir afin de promouvoir l\u2019agr\u00e9gation, augmenter la d\u00e9votion, le culte et accomplir des \u0153uvres de charit\u00e9, de p\u00e9nitence et de cat\u00e9ch\u00e8se. Elles existent depuis les origines du christianisme, \u00e0 l\u2019\u00e9poque romaine, et il&hellip;<\/p>\n","protected":false},"author":1,"featured_media":390,"comment_status":"closed","ping_status":"open","sticky":false,"template":"","format":"standard","meta":{"_acf_changed":false,"footnotes":""},"categories":[11],"tags":[],"class_list":["post-389","post","type-post","status-publish","format-standard","has-post-thumbnail","hentry","category-monasteres"],"acf":[],"yoast_head":"<!-- This site is optimized with the Yoast SEO plugin v26.6 - https:\/\/yoast.com\/wordpress\/plugins\/seo\/ -->\n<title>Naissance et \u00e9volution des confr\u00e9ries - Holyblog<\/title>\n<meta name=\"description\" content=\"Les confr\u00e9ries sont des associations de chr\u00e9tiens la\u00efcs qui choisissent de se r\u00e9unir afin de promouvoir l\u2019agr\u00e9gation et accomplir des \u0153uvres de charit\u00e9\" \/>\n<meta name=\"robots\" content=\"index, follow, max-snippet:-1, max-image-preview:large, max-video-preview:-1\" \/>\n<link rel=\"canonical\" href=\"https:\/\/blog.holyart.it\/fr\/monasteres\/naissance-evolution-confreries-de-lepoque-romaine-a-nos-jours\/\" \/>\n<meta property=\"og:locale\" content=\"fr_FR\" \/>\n<meta property=\"og:type\" content=\"article\" \/>\n<meta property=\"og:title\" content=\"Naissance et \u00e9volution des confr\u00e9ries - Holyblog\" \/>\n<meta property=\"og:description\" content=\"Les confr\u00e9ries sont des associations de chr\u00e9tiens la\u00efcs qui choisissent de se r\u00e9unir afin de promouvoir l\u2019agr\u00e9gation et accomplir des \u0153uvres de charit\u00e9\" \/>\n<meta property=\"og:url\" content=\"https:\/\/blog.holyart.it\/fr\/monasteres\/naissance-evolution-confreries-de-lepoque-romaine-a-nos-jours\/\" \/>\n<meta property=\"og:site_name\" content=\"Holyart.fr Blog\" \/>\n<meta property=\"article:published_time\" content=\"2017-06-01T14:33:36+00:00\" \/>\n<meta property=\"article:modified_time\" content=\"2017-06-27T14:34:09+00:00\" \/>\n<meta property=\"og:image\" content=\"https:\/\/blog.holyart.it\/fr\/wp-content\/uploads\/sites\/14\/2017\/06\/Naissance-et-\u00e9volution-des-confr\u00e9ries-de-l\u2019\u00e9poque-romaine-\u00e0-nos-jours.jpg\" \/>\n\t<meta property=\"og:image:width\" content=\"1000\" \/>\n\t<meta property=\"og:image:height\" content=\"667\" \/>\n\t<meta property=\"og:image:type\" content=\"image\/jpeg\" \/>\n<meta name=\"author\" content=\"Redazione\" \/>\n<meta name=\"twitter:card\" content=\"summary_large_image\" \/>\n<meta name=\"twitter:label1\" content=\"\u00c9crit par\" \/>\n\t<meta name=\"twitter:data1\" content=\"Redazione\" \/>\n\t<meta name=\"twitter:label2\" content=\"Dur\u00e9e de lecture estim\u00e9e\" \/>\n\t<meta name=\"twitter:data2\" content=\"3 minutes\" \/>\n<script type=\"application\/ld+json\" class=\"yoast-schema-graph\">{\"@context\":\"https:\/\/schema.org\",\"@graph\":[{\"@type\":\"Article\",\"@id\":\"https:\/\/blog.holyart.it\/fr\/monasteres\/naissance-evolution-confreries-de-lepoque-romaine-a-nos-jours\/#article\",\"isPartOf\":{\"@id\":\"https:\/\/blog.holyart.it\/fr\/monasteres\/naissance-evolution-confreries-de-lepoque-romaine-a-nos-jours\/\"},\"author\":{\"name\":\"Redazione\",\"@id\":\"https:\/\/blog.holyart.it\/fr\/#\/schema\/person\/0a7b686e5af0f856ec1e390dd0baecda\"},\"headline\":\"Naissance et \u00e9volution des confr\u00e9ries : de l\u2019\u00e9poque romaine \u00e0 nos jours\",\"datePublished\":\"2017-06-01T14:33:36+00:00\",\"dateModified\":\"2017-06-27T14:34:09+00:00\",\"mainEntityOfPage\":{\"@id\":\"https:\/\/blog.holyart.it\/fr\/monasteres\/naissance-evolution-confreries-de-lepoque-romaine-a-nos-jours\/\"},\"wordCount\":512,\"publisher\":{\"@id\":\"https:\/\/blog.holyart.it\/fr\/#organization\"},\"image\":{\"@id\":\"https:\/\/blog.holyart.it\/fr\/monasteres\/naissance-evolution-confreries-de-lepoque-romaine-a-nos-jours\/#primaryimage\"},\"thumbnailUrl\":\"https:\/\/blog.holyart.it\/fr\/wp-content\/uploads\/sites\/14\/2017\/06\/Naissance-et-\u00e9volution-des-confr\u00e9ries-de-l\u2019\u00e9poque-romaine-\u00e0-nos-jours.jpg\",\"articleSection\":[\"Monast\u00e8res et confr\u00e9ries\"],\"inLanguage\":\"fr-FR\"},{\"@type\":\"WebPage\",\"@id\":\"https:\/\/blog.holyart.it\/fr\/monasteres\/naissance-evolution-confreries-de-lepoque-romaine-a-nos-jours\/\",\"url\":\"https:\/\/blog.holyart.it\/fr\/monasteres\/naissance-evolution-confreries-de-lepoque-romaine-a-nos-jours\/\",\"name\":\"Naissance et \u00e9volution des confr\u00e9ries - Holyblog\",\"isPartOf\":{\"@id\":\"https:\/\/blog.holyart.it\/fr\/#website\"},\"primaryImageOfPage\":{\"@id\":\"https:\/\/blog.holyart.it\/fr\/monasteres\/naissance-evolution-confreries-de-lepoque-romaine-a-nos-jours\/#primaryimage\"},\"image\":{\"@id\":\"https:\/\/blog.holyart.it\/fr\/monasteres\/naissance-evolution-confreries-de-lepoque-romaine-a-nos-jours\/#primaryimage\"},\"thumbnailUrl\":\"https:\/\/blog.holyart.it\/fr\/wp-content\/uploads\/sites\/14\/2017\/06\/Naissance-et-\u00e9volution-des-confr\u00e9ries-de-l\u2019\u00e9poque-romaine-\u00e0-nos-jours.jpg\",\"datePublished\":\"2017-06-01T14:33:36+00:00\",\"dateModified\":\"2017-06-27T14:34:09+00:00\",\"description\":\"Les confr\u00e9ries sont des associations de chr\u00e9tiens la\u00efcs qui choisissent de se r\u00e9unir afin de promouvoir l\u2019agr\u00e9gation et accomplir des \u0153uvres de charit\u00e9\",\"breadcrumb\":{\"@id\":\"https:\/\/blog.holyart.it\/fr\/monasteres\/naissance-evolution-confreries-de-lepoque-romaine-a-nos-jours\/#breadcrumb\"},\"inLanguage\":\"fr-FR\",\"potentialAction\":[{\"@type\":\"ReadAction\",\"target\":[\"https:\/\/blog.holyart.it\/fr\/monasteres\/naissance-evolution-confreries-de-lepoque-romaine-a-nos-jours\/\"]}]},{\"@type\":\"ImageObject\",\"inLanguage\":\"fr-FR\",\"@id\":\"https:\/\/blog.holyart.it\/fr\/monasteres\/naissance-evolution-confreries-de-lepoque-romaine-a-nos-jours\/#primaryimage\",\"url\":\"https:\/\/blog.holyart.it\/fr\/wp-content\/uploads\/sites\/14\/2017\/06\/Naissance-et-\u00e9volution-des-confr\u00e9ries-de-l\u2019\u00e9poque-romaine-\u00e0-nos-jours.jpg\",\"contentUrl\":\"https:\/\/blog.holyart.it\/fr\/wp-content\/uploads\/sites\/14\/2017\/06\/Naissance-et-\u00e9volution-des-confr\u00e9ries-de-l\u2019\u00e9poque-romaine-\u00e0-nos-jours.jpg\",\"width\":1000,\"height\":667,\"caption\":\"Naissance et \u00e9volution des confr\u00e9ries de l\u2019\u00e9poque romaine \u00e0 nos jours\"},{\"@type\":\"BreadcrumbList\",\"@id\":\"https:\/\/blog.holyart.it\/fr\/monasteres\/naissance-evolution-confreries-de-lepoque-romaine-a-nos-jours\/#breadcrumb\",\"itemListElement\":[{\"@type\":\"ListItem\",\"position\":1,\"name\":\"Homepage\",\"item\":\"https:\/\/blog.holyart.it\/fr\/\"},{\"@type\":\"ListItem\",\"position\":2,\"name\":\"Monast\u00e8res et confr\u00e9ries\",\"item\":\"https:\/\/blog.holyart.it\/fr\/monasteres\/\"},{\"@type\":\"ListItem\",\"position\":3,\"name\":\"Naissance et \u00e9volution des confr\u00e9ries : de l\u2019\u00e9poque romaine \u00e0 nos jours\"}]},{\"@type\":\"WebSite\",\"@id\":\"https:\/\/blog.holyart.it\/fr\/#website\",\"url\":\"https:\/\/blog.holyart.it\/fr\/\",\"name\":\"Holyart.fr Blog\",\"description\":\"Holyblog\",\"publisher\":{\"@id\":\"https:\/\/blog.holyart.it\/fr\/#organization\"},\"potentialAction\":[{\"@type\":\"SearchAction\",\"target\":{\"@type\":\"EntryPoint\",\"urlTemplate\":\"https:\/\/blog.holyart.it\/fr\/?s={search_term_string}\"},\"query-input\":{\"@type\":\"PropertyValueSpecification\",\"valueRequired\":true,\"valueName\":\"search_term_string\"}}],\"inLanguage\":\"fr-FR\"},{\"@type\":\"Organization\",\"@id\":\"https:\/\/blog.holyart.it\/fr\/#organization\",\"name\":\"Holyart.fr Blog\",\"url\":\"https:\/\/blog.holyart.it\/fr\/\",\"logo\":{\"@type\":\"ImageObject\",\"inLanguage\":\"fr-FR\",\"@id\":\"https:\/\/blog.holyart.it\/fr\/#\/schema\/logo\/image\/\",\"url\":\"https:\/\/blog.holyart.it\/fr\/wp-content\/uploads\/sites\/14\/2022\/12\/Holyart_Blog_Logo.jpg\",\"contentUrl\":\"https:\/\/blog.holyart.it\/fr\/wp-content\/uploads\/sites\/14\/2022\/12\/Holyart_Blog_Logo.jpg\",\"width\":300,\"height\":50,\"caption\":\"Holyart.fr Blog\"},\"image\":{\"@id\":\"https:\/\/blog.holyart.it\/fr\/#\/schema\/logo\/image\/\"}},{\"@type\":\"Person\",\"@id\":\"https:\/\/blog.holyart.it\/fr\/#\/schema\/person\/0a7b686e5af0f856ec1e390dd0baecda\",\"name\":\"Redazione\",\"image\":{\"@type\":\"ImageObject\",\"inLanguage\":\"fr-FR\",\"@id\":\"https:\/\/blog.holyart.it\/fr\/#\/schema\/person\/image\/\",\"url\":\"https:\/\/secure.gravatar.com\/avatar\/f477da817f43e50d0af36abecd33e3edf826c68299714bdc1057dff3b113f516?s=96&d=mm&r=g\",\"contentUrl\":\"https:\/\/secure.gravatar.com\/avatar\/f477da817f43e50d0af36abecd33e3edf826c68299714bdc1057dff3b113f516?s=96&d=mm&r=g\",\"caption\":\"Redazione\"},\"url\":\"https:\/\/blog.holyart.it\/fr\/author\/admin\/\"}]}<\/script>\n<!-- \/ Yoast SEO plugin. -->","yoast_head_json":{"title":"Naissance et \u00e9volution des confr\u00e9ries - Holyblog","description":"Les confr\u00e9ries sont des associations de chr\u00e9tiens la\u00efcs qui choisissent de se r\u00e9unir afin de promouvoir l\u2019agr\u00e9gation et accomplir des \u0153uvres de charit\u00e9","robots":{"index":"index","follow":"follow","max-snippet":"max-snippet:-1","max-image-preview":"max-image-preview:large","max-video-preview":"max-video-preview:-1"},"canonical":"https:\/\/blog.holyart.it\/fr\/monasteres\/naissance-evolution-confreries-de-lepoque-romaine-a-nos-jours\/","og_locale":"fr_FR","og_type":"article","og_title":"Naissance et \u00e9volution des confr\u00e9ries - Holyblog","og_description":"Les confr\u00e9ries sont des associations de chr\u00e9tiens la\u00efcs qui choisissent de se r\u00e9unir afin de promouvoir l\u2019agr\u00e9gation et accomplir des \u0153uvres de charit\u00e9","og_url":"https:\/\/blog.holyart.it\/fr\/monasteres\/naissance-evolution-confreries-de-lepoque-romaine-a-nos-jours\/","og_site_name":"Holyart.fr Blog","article_published_time":"2017-06-01T14:33:36+00:00","article_modified_time":"2017-06-27T14:34:09+00:00","og_image":[{"width":1000,"height":667,"url":"https:\/\/blog.holyart.it\/fr\/wp-content\/uploads\/sites\/14\/2017\/06\/Naissance-et-\u00e9volution-des-confr\u00e9ries-de-l\u2019\u00e9poque-romaine-\u00e0-nos-jours.jpg","type":"image\/jpeg"}],"author":"Redazione","twitter_card":"summary_large_image","twitter_misc":{"\u00c9crit par":"Redazione","Dur\u00e9e de lecture estim\u00e9e":"3 minutes"},"schema":{"@context":"https:\/\/schema.org","@graph":[{"@type":"Article","@id":"https:\/\/blog.holyart.it\/fr\/monasteres\/naissance-evolution-confreries-de-lepoque-romaine-a-nos-jours\/#article","isPartOf":{"@id":"https:\/\/blog.holyart.it\/fr\/monasteres\/naissance-evolution-confreries-de-lepoque-romaine-a-nos-jours\/"},"author":{"name":"Redazione","@id":"https:\/\/blog.holyart.it\/fr\/#\/schema\/person\/0a7b686e5af0f856ec1e390dd0baecda"},"headline":"Naissance et \u00e9volution des confr\u00e9ries : de l\u2019\u00e9poque romaine \u00e0 nos jours","datePublished":"2017-06-01T14:33:36+00:00","dateModified":"2017-06-27T14:34:09+00:00","mainEntityOfPage":{"@id":"https:\/\/blog.holyart.it\/fr\/monasteres\/naissance-evolution-confreries-de-lepoque-romaine-a-nos-jours\/"},"wordCount":512,"publisher":{"@id":"https:\/\/blog.holyart.it\/fr\/#organization"},"image":{"@id":"https:\/\/blog.holyart.it\/fr\/monasteres\/naissance-evolution-confreries-de-lepoque-romaine-a-nos-jours\/#primaryimage"},"thumbnailUrl":"https:\/\/blog.holyart.it\/fr\/wp-content\/uploads\/sites\/14\/2017\/06\/Naissance-et-\u00e9volution-des-confr\u00e9ries-de-l\u2019\u00e9poque-romaine-\u00e0-nos-jours.jpg","articleSection":["Monast\u00e8res et confr\u00e9ries"],"inLanguage":"fr-FR"},{"@type":"WebPage","@id":"https:\/\/blog.holyart.it\/fr\/monasteres\/naissance-evolution-confreries-de-lepoque-romaine-a-nos-jours\/","url":"https:\/\/blog.holyart.it\/fr\/monasteres\/naissance-evolution-confreries-de-lepoque-romaine-a-nos-jours\/","name":"Naissance et \u00e9volution des confr\u00e9ries - Holyblog","isPartOf":{"@id":"https:\/\/blog.holyart.it\/fr\/#website"},"primaryImageOfPage":{"@id":"https:\/\/blog.holyart.it\/fr\/monasteres\/naissance-evolution-confreries-de-lepoque-romaine-a-nos-jours\/#primaryimage"},"image":{"@id":"https:\/\/blog.holyart.it\/fr\/monasteres\/naissance-evolution-confreries-de-lepoque-romaine-a-nos-jours\/#primaryimage"},"thumbnailUrl":"https:\/\/blog.holyart.it\/fr\/wp-content\/uploads\/sites\/14\/2017\/06\/Naissance-et-\u00e9volution-des-confr\u00e9ries-de-l\u2019\u00e9poque-romaine-\u00e0-nos-jours.jpg","datePublished":"2017-06-01T14:33:36+00:00","dateModified":"2017-06-27T14:34:09+00:00","description":"Les confr\u00e9ries sont des associations de chr\u00e9tiens la\u00efcs qui choisissent de se r\u00e9unir afin de promouvoir l\u2019agr\u00e9gation et accomplir des \u0153uvres de charit\u00e9","breadcrumb":{"@id":"https:\/\/blog.holyart.it\/fr\/monasteres\/naissance-evolution-confreries-de-lepoque-romaine-a-nos-jours\/#breadcrumb"},"inLanguage":"fr-FR","potentialAction":[{"@type":"ReadAction","target":["https:\/\/blog.holyart.it\/fr\/monasteres\/naissance-evolution-confreries-de-lepoque-romaine-a-nos-jours\/"]}]},{"@type":"ImageObject","inLanguage":"fr-FR","@id":"https:\/\/blog.holyart.it\/fr\/monasteres\/naissance-evolution-confreries-de-lepoque-romaine-a-nos-jours\/#primaryimage","url":"https:\/\/blog.holyart.it\/fr\/wp-content\/uploads\/sites\/14\/2017\/06\/Naissance-et-\u00e9volution-des-confr\u00e9ries-de-l\u2019\u00e9poque-romaine-\u00e0-nos-jours.jpg","contentUrl":"https:\/\/blog.holyart.it\/fr\/wp-content\/uploads\/sites\/14\/2017\/06\/Naissance-et-\u00e9volution-des-confr\u00e9ries-de-l\u2019\u00e9poque-romaine-\u00e0-nos-jours.jpg","width":1000,"height":667,"caption":"Naissance et \u00e9volution des confr\u00e9ries de l\u2019\u00e9poque romaine \u00e0 nos jours"},{"@type":"BreadcrumbList","@id":"https:\/\/blog.holyart.it\/fr\/monasteres\/naissance-evolution-confreries-de-lepoque-romaine-a-nos-jours\/#breadcrumb","itemListElement":[{"@type":"ListItem","position":1,"name":"Homepage","item":"https:\/\/blog.holyart.it\/fr\/"},{"@type":"ListItem","position":2,"name":"Monast\u00e8res et confr\u00e9ries","item":"https:\/\/blog.holyart.it\/fr\/monasteres\/"},{"@type":"ListItem","position":3,"name":"Naissance et \u00e9volution des confr\u00e9ries : de l\u2019\u00e9poque romaine \u00e0 nos jours"}]},{"@type":"WebSite","@id":"https:\/\/blog.holyart.it\/fr\/#website","url":"https:\/\/blog.holyart.it\/fr\/","name":"Holyart.fr Blog","description":"Holyblog","publisher":{"@id":"https:\/\/blog.holyart.it\/fr\/#organization"},"potentialAction":[{"@type":"SearchAction","target":{"@type":"EntryPoint","urlTemplate":"https:\/\/blog.holyart.it\/fr\/?s={search_term_string}"},"query-input":{"@type":"PropertyValueSpecification","valueRequired":true,"valueName":"search_term_string"}}],"inLanguage":"fr-FR"},{"@type":"Organization","@id":"https:\/\/blog.holyart.it\/fr\/#organization","name":"Holyart.fr Blog","url":"https:\/\/blog.holyart.it\/fr\/","logo":{"@type":"ImageObject","inLanguage":"fr-FR","@id":"https:\/\/blog.holyart.it\/fr\/#\/schema\/logo\/image\/","url":"https:\/\/blog.holyart.it\/fr\/wp-content\/uploads\/sites\/14\/2022\/12\/Holyart_Blog_Logo.jpg","contentUrl":"https:\/\/blog.holyart.it\/fr\/wp-content\/uploads\/sites\/14\/2022\/12\/Holyart_Blog_Logo.jpg","width":300,"height":50,"caption":"Holyart.fr Blog"},"image":{"@id":"https:\/\/blog.holyart.it\/fr\/#\/schema\/logo\/image\/"}},{"@type":"Person","@id":"https:\/\/blog.holyart.it\/fr\/#\/schema\/person\/0a7b686e5af0f856ec1e390dd0baecda","name":"Redazione","image":{"@type":"ImageObject","inLanguage":"fr-FR","@id":"https:\/\/blog.holyart.it\/fr\/#\/schema\/person\/image\/","url":"https:\/\/secure.gravatar.com\/avatar\/f477da817f43e50d0af36abecd33e3edf826c68299714bdc1057dff3b113f516?s=96&d=mm&r=g","contentUrl":"https:\/\/secure.gravatar.com\/avatar\/f477da817f43e50d0af36abecd33e3edf826c68299714bdc1057dff3b113f516?s=96&d=mm&r=g","caption":"Redazione"},"url":"https:\/\/blog.holyart.it\/fr\/author\/admin\/"}]}},"_links":{"self":[{"href":"https:\/\/blog.holyart.it\/fr\/wp-json\/wp\/v2\/posts\/389","targetHints":{"allow":["GET"]}}],"collection":[{"href":"https:\/\/blog.holyart.it\/fr\/wp-json\/wp\/v2\/posts"}],"about":[{"href":"https:\/\/blog.holyart.it\/fr\/wp-json\/wp\/v2\/types\/post"}],"author":[{"embeddable":true,"href":"https:\/\/blog.holyart.it\/fr\/wp-json\/wp\/v2\/users\/1"}],"replies":[{"embeddable":true,"href":"https:\/\/blog.holyart.it\/fr\/wp-json\/wp\/v2\/comments?post=389"}],"version-history":[{"count":0,"href":"https:\/\/blog.holyart.it\/fr\/wp-json\/wp\/v2\/posts\/389\/revisions"}],"wp:featuredmedia":[{"embeddable":true,"href":"https:\/\/blog.holyart.it\/fr\/wp-json\/wp\/v2\/media\/390"}],"wp:attachment":[{"href":"https:\/\/blog.holyart.it\/fr\/wp-json\/wp\/v2\/media?parent=389"}],"wp:term":[{"taxonomy":"category","embeddable":true,"href":"https:\/\/blog.holyart.it\/fr\/wp-json\/wp\/v2\/categories?post=389"},{"taxonomy":"post_tag","embeddable":true,"href":"https:\/\/blog.holyart.it\/fr\/wp-json\/wp\/v2\/tags?post=389"}],"curies":[{"name":"wp","href":"https:\/\/api.w.org\/{rel}","templated":true}]}}