{"id":3886,"date":"2022-01-31T10:00:39","date_gmt":"2022-01-31T09:00:39","guid":{"rendered":"https:\/\/blog.holyart.it\/fr\/?p=3886"},"modified":"2024-01-08T17:48:47","modified_gmt":"2024-01-08T16:48:47","slug":"presentation-de-jesus-au-temple-jusqua-la-chandeleur","status":"publish","type":"post","link":"https:\/\/blog.holyart.it\/fr\/articles-religieux\/presentation-de-jesus-au-temple-jusqua-la-chandeleur\/","title":{"rendered":"Pr\u00e9sentation de J\u00e9sus au temple jusqu\u2019\u00e0 la Chandeleur"},"content":{"rendered":"<h4>Le 2 f\u00e9vrier nous f\u00eatons la pr\u00e9sentation de J\u00e9sus au temple. Connue \u00e9galement comme la f\u00eate de la purification de Marie, ou Chandeleur, il s\u2019agit d\u2019une f\u00eate qui a pris au cours des si\u00e8cles de nombreuses significations diff\u00e9rentes et importantes. D\u00e9couvrons lesquelles.<\/h4>\n\n<p><a href=\"https:\/\/www.holyart.fr\/articles-religieux\/bas-reliefs\/bas-reliefs-en-pierre\/bas-relief-presentation-de-jesus\"><strong>La f\u00eate de la pr\u00e9sentation de J\u00e9sus au Temple<\/strong><\/a> a \u00e9t\u00e9 importante depuis son institution au IV si\u00e8cle apr. J.-C. En effet, elle repr\u00e9sente un <strong>point de conjonction<\/strong> tr\u00e8s significatif entre l\u2019histoire de J\u00e9sus et du Christianisme et la culture juive. L\u2019Ancien Testament imposait des r\u00e8gles tr\u00e8s rigides et \u00e9tablissait des c\u00e9r\u00e9monies pr\u00e9cises qui suivait la naissance d\u2019un enfant dans une famille, surtout s\u2019il s\u2019agissait d\u2019un gar\u00e7on. La femme qui avait accouch\u00e9 \u00e9tait consid\u00e9r\u00e9e comme <strong>impure<\/strong> (L\u00e9vitique 12) et devait se soumettre \u00e0 une s\u00e9rie de rituels de purification avant de pouvoir toucher de nouveaux des objets sacr\u00e9s et entrer dans le sanctuaire. En outre, chaque m\u00e2le premier-n\u00e9 <strong>devait \u00eatre consacr\u00e9 au Seigneur<\/strong> et rachet\u00e9 par le biais d\u2019une offrande symbolique, en signe de gratitude pour la lib\u00e9ration du peuple juif de l\u2019esclavage en \u00c9gypte (Exode 13,2 et 13,11-16).<\/p>\n<div class=\"link-product\">\n<div class=\"blocco-immagine\"><img loading=\"lazy\" decoding=\"async\" class=\"size-full wp-image-3888 alignleft\" src=\"https:\/\/blog.holyart.it\/fr\/wp-content\/uploads\/sites\/14\/2022\/01\/Bas-relief-presentation-de-Jesus.jpg\" alt=\"Bas-relief presentation de Jesus\" width=\"100\" height=\"100\" data-kale-share-title=\"Pr\u00e9sentation de J\u00e9sus au temple jusqu\u2019\u00e0 la Chandeleur\" data-kale-share-url=\"https:\/\/blog.holyart.it\/fr\/?p=3886\" \/><\/div>\n<div class=\"blocco-contenuto\">\n<div class=\"blocco-acquista\">Acheter sur Holyart:<\/div>\n<div class=\"blocco-titolo\"><a href=\"https:\/\/www.holyart.fr\/articles-religieux\/bas-reliefs\/bas-reliefs-en-pierre\/bas-relief-presentation-de-jesus\">Bas-relief pr\u00e9sentation de J\u00e9sus<\/a><\/div>\n<div class=\"blocco-descrizione\">Bas-relief en pierre des Pyr\u00e9n\u00e9es repr\u00e9sentant la Pr\u00e9sentation de J\u00e9sus.<\/div>\n<\/div>\n<\/div>\n<p>Dans l\u2019<strong>\u00c9vangile de Luc <\/strong>(Luc 2,22-40) nous lisons donc l\u2019\u00e9pisode de la pr\u00e9sentation de J\u00e9sus au Temple, advenu quarante jours apr\u00e8s Sa naissance. Joseph et Marie conduisent <a href=\"https:\/\/www.holyart.fr\/articles-religieux\/statues\/statues-enfant-jesus\"><strong>J\u00e9sus enfant<\/strong><\/a> au Temple de J\u00e9rusalem. Ici ils tombent sur le <strong>vieux Sim\u00e9on<\/strong>, auquel avait \u00e9t\u00e9 pr\u00e9dit qu\u2019il ne serait pas mort avant de voir le Messie et qui, en prenant J\u00e9sus au bras, le b\u00e9nit avec ces mots\u00a0: \u00ab\u00a0<em>Maintenant, Seigneur, tu laisses ton serviteur s\u2019en aller en paix, selon ta parole. Car mes yeux ont vu ton salut, salut que tu as pr\u00e9par\u00e9 devant tous les peuples, lumi\u00e8re pour \u00e9clairer les nations, et gloire d\u2019Isra\u00ebl, ton peuple\u00a0<\/em>\u00bb.<br \/>\nEnsuite la <a href=\"https:\/\/www.holyart.fr\/blog\/articles-religieux\/cadre-sainte-famille-un-symbole-a-garder-chez-soi\/\"><strong>Sainte Famille<\/strong><\/a> rencontre la <strong>proph\u00e9tesse Anne<\/strong> et elle aussi reconnait en J\u00e9sus le Messie.<\/p>\n<div class=\"link-article\">\n<p><img loading=\"lazy\" decoding=\"async\" class=\"size-full wp-image-3889 alignleft\" src=\"https:\/\/blog.holyart.it\/fr\/wp-content\/uploads\/sites\/14\/2022\/01\/Cadre-Sainte-Famille.jpg\" alt=\"Cadre Sainte Famille\" width=\"150\" height=\"100\" data-kale-share-title=\"Pr\u00e9sentation de J\u00e9sus au temple jusqu\u2019\u00e0 la Chandeleur\" data-kale-share-url=\"https:\/\/blog.holyart.it\/fr\/?p=3886\" \/><\/p>\n<div class=\"leggi-anche\">Lire aussi :<\/div>\n<p><strong><a href=\"https:\/\/www.holyart.fr\/blog\/articles-religieux\/cadre-sainte-famille-un-symbole-a-garder-chez-soi\/\">Cadre Sainte Famille : un symbole \u00e0 garder chez soi<\/a><\/strong><br \/>\nLa Sainte Famille, mod\u00e8le id\u00e9al de chaque m\u00e9nage, incarnation d\u2019amour, mis\u00e9ricorde, humilit\u00e9&#8230;<\/p>\n<\/div>\n<p>Cet \u00e9pisode sert \u00e0 confirmer ce qu\u2019a proph\u00e9tis\u00e9 <strong>Malachie<\/strong>, dernier proph\u00e8te de l\u2019Ancien Testament, selon lequel la reconnaissance du Messie serait advenue au Temple : \u00ab\u00a0<em>Voici, j\u2019enverrai mon messager\u00a0; il pr\u00e9para le chemin devant moi. Et soudain entrera dans son temple le Seigneur que vous cherchez\u00a0; et le messager de l\u2019alliance que vous d\u00e9sirez, voici, il vient, dit l\u2019\u00c9ternel des arm\u00e9es<\/em>\u00a0\u00bb (Malachie 3,1).<\/p>\n<h2>F\u00eate de la Chandeleur<\/h2>\n<p>Nous avions d\u00e9j\u00e0 d\u00e9di\u00e9 un article \u00e0 la <a href=\"https:\/\/www.holyart.fr\/blog\/articles-religieux\/la-chandeleur-histoire-et-curiosites\/\"><strong>Chandeleur<\/strong><\/a>, qui co\u00efncide avec la f\u00eate de la pr\u00e9sentation de J\u00e9sus au Temple. Il s\u2019agit d\u2019une f\u00eate qui c\u00e9l\u00e8bre le <strong>triomphe de la lumi\u00e8re sur les t\u00e9n\u00e8bres<\/strong>, mais \u00e9galement la fin symbolique des f\u00eates de No\u00ebl et le d\u00e9but du chemin pascal.<\/p>\n<div class=\"link-article\">\n<p><img loading=\"lazy\" decoding=\"async\" class=\"size-full wp-image-3890 alignleft\" src=\"https:\/\/blog.holyart.it\/fr\/wp-content\/uploads\/sites\/14\/2022\/01\/Chandeleur.jpg\" alt=\"Chandeleur\" width=\"150\" height=\"99\" data-kale-share-title=\"Pr\u00e9sentation de J\u00e9sus au temple jusqu\u2019\u00e0 la Chandeleur\" data-kale-share-url=\"https:\/\/blog.holyart.it\/fr\/?p=3886\" \/><\/p>\n<div class=\"leggi-anche\">Lire aussi :<\/div>\n<p><strong><a href=\"https:\/\/www.holyart.fr\/blog\/articles-religieux\/la-chandeleur-histoire-et-curiosites\/\">La Chandeleur : histoire et curiosit\u00e9s<\/a><\/strong><br \/>\nLa Chandeleur, histoire d\u2019une f\u00eate aux grandes suggestions qui puise ses racines dans les rites pr\u00e9chr\u00e9tiens li\u00e9s au triomphe&#8230;<\/p>\n<\/div>\n<p>Dans cette journ\u00e9e <a href=\"https:\/\/www.holyart.fr\/produits-de-consommation\/bougies-cierges-chandelles\"><strong>les bougies et les cierges<\/strong><\/a>, symbole de J\u00e9sus en tant que lumi\u00e8re du monde, <em>lumi\u00e8re pour \u00e9clairer les nations<\/em>, sont b\u00e9nis. Une fois b\u00e9nis, ils sont distribu\u00e9s aux fid\u00e8les en tant que protection contre le mal et les calamit\u00e9s.<\/p>\n<div class=\"link-product\">\n<div class=\"blocco-immagine\"><img loading=\"lazy\" decoding=\"async\" class=\"size-full wp-image-3891 alignleft\" src=\"https:\/\/blog.holyart.it\/fr\/wp-content\/uploads\/sites\/14\/2022\/01\/Bougies-cierges-chandelles.jpg\" alt=\"Bougies, cierges, chandelles\" width=\"100\" height=\"100\" data-kale-share-title=\"Pr\u00e9sentation de J\u00e9sus au temple jusqu\u2019\u00e0 la Chandeleur\" data-kale-share-url=\"https:\/\/blog.holyart.it\/fr\/?p=3886\" \/><\/div>\n<div class=\"blocco-contenuto\">\n<div class=\"blocco-acquista\">Acheter sur Holyart:<\/div>\n<div class=\"blocco-titolo\"><a href=\"https:\/\/www.holyart.fr\/produits-de-consommation\/bougies-cierges-chandelles\">Bougies, cierges, chandelles<\/a><\/div>\n<div class=\"blocco-descrizione\">Dans ce rayon vous pouvez trouver une vaste gamme de bougies et cierges.<\/div>\n<\/div>\n<\/div>\n<p>Comme de nombreuses autres f\u00eates chr\u00e9tiennes, il est probable que la Chandeleur puise ses origines du <strong>paganisme<\/strong>. Nombreuses sont en effet les f\u00eates c\u00e9l\u00e9br\u00e9es par les anciennes civilisations pour f\u00eater le passage des t\u00e9n\u00e8bres \u00e0 la lumi\u00e8re, symbolis\u00e9 par la fin de l\u2019hiver et le d\u00e9but du printemps. \u00c0 la mi-f\u00e9vrier, les <strong>Romains<\/strong> c\u00e9l\u00e9braient les Lupercales, caract\u00e9ris\u00e9es par <a href=\"https:\/\/www.holyart.fr\/accessoires-pour-la-liturgie\/lampes-et-lanternes\"><strong>l\u2019allumage de beaucoup de lampes et cierges<\/strong><\/a>, mais aussi de rituels de purification. Les <strong>Celtes<\/strong>, de leur c\u00f4t\u00e9, faisaient co\u00efncider le 1\u00b0 f\u00e9vrier avec la f\u00eate d\u2019<em>Imbolc<\/em>, le \u00ab\u00a0Jour de Sainte Brigide\u00a0\u00bb, qui c\u00e9l\u00e9brait l\u2019apog\u00e9e de l\u2019hiver et, dans certaines zones, le d\u00e9but du printemps.<\/p>\n<h2>Purification de Marie<\/h2>\n<p>La f\u00eate de la Chandeleur a \u00e9t\u00e9 pendant tr\u00e8s longtemps une <a href=\"https:\/\/www.holyart.fr\/produits\/statues-vierge-marie.php\"><strong>f\u00eate Mariale<\/strong><\/a>. Dans l\u2019antiquit\u00e9, elle \u00e9tait f\u00eat\u00e9e le <strong>14 f\u00e9vrier<\/strong> et rappelait la purification de Marie apr\u00e8s l\u2019accouchement, accomplie selon les d\u00e9lais et les usages chers \u00e0 la culture et \u00e0 la religion juive.<img loading=\"lazy\" decoding=\"async\" class=\"size-full wp-image-3892 aligncenter\" src=\"https:\/\/blog.holyart.it\/fr\/wp-content\/uploads\/sites\/14\/2022\/01\/purification-de-marie.jpeg\" alt=\"purification de marie\" width=\"1000\" height=\"867\" data-kale-share-title=\"Pr\u00e9sentation de J\u00e9sus au temple jusqu\u2019\u00e0 la Chandeleur\" data-kale-share-url=\"https:\/\/blog.holyart.it\/fr\/?p=3886\" \/><\/p>\n<p>Aujourd\u2019hui, l\u2019attention a \u00e9t\u00e9 d\u00e9plac\u00e9e de la M\u00e8re au Fils, et le 2 f\u00e9vrier est devenu l\u2019occasion pour c\u00e9l\u00e9brer la Pr\u00e9sentation de J\u00e9sus au Temple. Cela est advenu suite \u00e0 la r\u00e9forme liturgique d\u00e9cr\u00e9t\u00e9e par le <strong>Concile Vatican II<\/strong>. Reste toutefois vive dans de nombreux pays, surtout dans les zones rurales, la tradition de la <strong>purification des femmes<\/strong> pour cette occasion. Jusqu\u2019\u00e0 il y a peu, en Valnerina, dans les Marches, chaque femme qui accouchait devait se rendre \u00e0 l\u2019\u00e9glise 40 jours apr\u00e8s l\u2019accouchement pour \u00eatre purifi\u00e9e par le pr\u00eatre. La femme devait s\u2019agenouiller avec une bougie allum\u00e9e sur le seuil, o\u00f9 le pr\u00eatre la b\u00e9nissait et, ensuite, ils entraient ensemble dans l\u2019\u00e9glise, en marchant vers l\u2019autel, tandis qu\u2019elle se tenait agripp\u00e9e \u00e0 l\u2019\u00e9tole blanche port\u00e9e par le pr\u00eatre.<\/p>\n<div class=\"link-product\">\n<div class=\"blocco-immagine\"><img loading=\"lazy\" decoding=\"async\" class=\"size-full wp-image-3893 alignleft\" src=\"https:\/\/blog.holyart.it\/fr\/wp-content\/uploads\/sites\/14\/2022\/01\/Icone-peinte-a-la-main-sur-bois-Presentation-au-Temple.jpg\" alt=\"Icone peinte a la main sur bois Presentation au Temple\" width=\"100\" height=\"100\" data-kale-share-title=\"Pr\u00e9sentation de J\u00e9sus au temple jusqu\u2019\u00e0 la Chandeleur\" data-kale-share-url=\"https:\/\/blog.holyart.it\/fr\/?p=3886\" \/><\/div>\n<div class=\"blocco-contenuto\">\n<div class=\"blocco-acquista\">Acheter sur Holyart:<\/div>\n<div class=\"blocco-titolo\"><a href=\"https:\/\/www.holyart.fr\/articles-religieux\/icones-religieuses\/icones-roumaines-peintes\/icone-peinte-a-la-main-sur-bois-presentation-au-temple-19x26-cm\">Ic\u00f4ne Pr\u00e9sentation au Temple 19&#215;26 cm<\/a><\/div>\n<div class=\"blocco-descrizione\">Ic\u00f4ne enti\u00e8rement r\u00e9alis\u00e9e en Roumanie, livr\u00e9e avec certificat de garantie.<\/div>\n<\/div>\n<\/div>\n<h2>Proverbes sur la Chandeleur<\/h2>\n<p>Toujours en milieu rural et populaire se situent de nombreux proverbes et dictons li\u00e9s \u00e0 la f\u00eate de la Chandeleur. Dans le pass\u00e9, il s\u2019agissait du jour o\u00f9 les vieux du village cherchaient \u00e0 deviner comment aurait \u00e9t\u00e9 la m\u00e9t\u00e9o jusqu\u2019\u00e0 l\u2019arriv\u00e9e du printemps. Des nombreux proverbes se relient justement \u00e0 cette dimension \u00ab\u00a0m\u00e9t\u00e9orologique\u00a0\u00bb, comme un dicton v\u00e9nitien \u00ab\u00a0S<em>e ce sole a candelora del inverno semo f\u00f2ra, se piove e tira vento del inverno semo dentro\u00a0<\/em>\u00bb dont existent des versions similaires \u00e9galement en Lombardie et \u00e0 Trieste et qui \u00e9quivaut aux dictons fran\u00e7ais \u00ab\u00a0<em>Chandeleur claire, laisse l\u2019hiver derri\u00e8re\u00a0<\/em>\u00bb et \u00ab\u00a0<em>Chandeleur noire, l\u2019hiver fait son devoir<\/em>\u00a0\u00bb. En pratique, dans ces zones d\u2019Italie on croit que si le jour de la Chandeleur il y a du soleil, l\u2019hiver est quasi fini, tandis que s\u2019il pleut ou il fait venteux, l\u2019hiver durera encore pendant un moment.<\/p>\n<p>Par contre, en Toscane et en \u00c9milie, on croit exactement l\u2019inverse : s\u2019il neige ou il gr\u00eale pour la Chandeleur, l\u2019hiver ne pourra pas durer encore longtemps. \u00ab\u00a0<em>Se piove o se gragnola dell\u2019inverno semo fora <\/em>\u00bb on dit en Toscane, tandis qu\u2019\u00e0 Bologne : \u00ab <em>Al d\u00e9 dl\u2019Inzari\u00f4la, o ch\u2019al naiva o ch\u2019al pi\u00f4va dal inv\u00earen a s\u00e4n f\u00f2ra, mo s\u2019ai \u00e9 al sulad\u00e8l a in ar\u00e4n anc pr un msar\u00e8l<\/em> \u00bb (le jour de la Chandeleur, qu\u2019il neige ou qu\u2019il pleuve, nous sortons de l\u2019hiver, mais s\u2019il y a soleil, nous en avons encore pour un petit mois), ce qui \u00e9quivaut au dicton fran\u00e7ais \u00ab\u00a0<em>Quand pour la Chandeleur, le soleil luit, quarante jours d\u2019hiver suivent<\/em>\u00a0\u00bb.<\/p>\n","protected":false},"excerpt":{"rendered":"<p>Le 2 f\u00e9vrier nous f\u00eatons la pr\u00e9sentation de J\u00e9sus au temple. Connue \u00e9galement comme la f\u00eate de la purification de Marie, ou Chandeleur, il s\u2019agit d\u2019une f\u00eate qui a pris au cours des si\u00e8cles de nombreuses significations diff\u00e9rentes et importantes. D\u00e9couvrons lesquelles. La f\u00eate de&hellip;<\/p>\n","protected":false},"author":1,"featured_media":3887,"comment_status":"closed","ping_status":"open","sticky":false,"template":"","format":"standard","meta":{"_acf_changed":false,"footnotes":""},"categories":[8],"tags":[],"class_list":["post-3886","post","type-post","status-publish","format-standard","has-post-thumbnail","hentry","category-articles-religieux"],"acf":[],"yoast_head":"<!-- This site is optimized with the Yoast SEO plugin v26.6 - https:\/\/yoast.com\/wordpress\/plugins\/seo\/ -->\n<title>Pr\u00e9sentation de J\u00e9sus au temple jusqu\u2019\u00e0 la Chandeleur - Holyart.fr Blog<\/title>\n<meta name=\"description\" content=\"Le 2 f\u00e9vrier nous f\u00eatons la pr\u00e9sentation de J\u00e9sus au temple. Connue \u00e9galement comme la f\u00eate de la purification de Marie, ou Chandeleur.\" \/>\n<meta name=\"robots\" content=\"index, follow, max-snippet:-1, max-image-preview:large, max-video-preview:-1\" \/>\n<link rel=\"canonical\" href=\"https:\/\/blog.holyart.it\/fr\/articles-religieux\/presentation-de-jesus-au-temple-jusqua-la-chandeleur\/\" \/>\n<meta property=\"og:locale\" content=\"fr_FR\" \/>\n<meta property=\"og:type\" content=\"article\" \/>\n<meta property=\"og:title\" content=\"Pr\u00e9sentation de J\u00e9sus au temple jusqu\u2019\u00e0 la Chandeleur - Holyart.fr Blog\" \/>\n<meta property=\"og:description\" content=\"Le 2 f\u00e9vrier nous f\u00eatons la pr\u00e9sentation de J\u00e9sus au temple. Connue \u00e9galement comme la f\u00eate de la purification de Marie, ou Chandeleur.\" \/>\n<meta property=\"og:url\" content=\"https:\/\/blog.holyart.it\/fr\/articles-religieux\/presentation-de-jesus-au-temple-jusqua-la-chandeleur\/\" \/>\n<meta property=\"og:site_name\" content=\"Holyart.fr Blog\" \/>\n<meta property=\"article:published_time\" content=\"2022-01-31T09:00:39+00:00\" \/>\n<meta property=\"article:modified_time\" content=\"2024-01-08T16:48:47+00:00\" \/>\n<meta property=\"og:image\" content=\"https:\/\/blog.holyart.it\/fr\/wp-content\/uploads\/sites\/14\/2022\/01\/Presentation-de-Jesus-au-temple.jpg\" \/>\n\t<meta property=\"og:image:width\" content=\"1000\" \/>\n\t<meta property=\"og:image:height\" content=\"666\" \/>\n\t<meta property=\"og:image:type\" content=\"image\/jpeg\" \/>\n<meta name=\"author\" content=\"Redazione\" \/>\n<meta name=\"twitter:card\" content=\"summary_large_image\" \/>\n<meta name=\"twitter:label1\" content=\"\u00c9crit par\" \/>\n\t<meta name=\"twitter:data1\" content=\"Redazione\" \/>\n\t<meta name=\"twitter:label2\" content=\"Dur\u00e9e de lecture estim\u00e9e\" \/>\n\t<meta name=\"twitter:data2\" content=\"7 minutes\" \/>\n<script type=\"application\/ld+json\" class=\"yoast-schema-graph\">{\"@context\":\"https:\/\/schema.org\",\"@graph\":[{\"@type\":\"Article\",\"@id\":\"https:\/\/blog.holyart.it\/fr\/articles-religieux\/presentation-de-jesus-au-temple-jusqua-la-chandeleur\/#article\",\"isPartOf\":{\"@id\":\"https:\/\/blog.holyart.it\/fr\/articles-religieux\/presentation-de-jesus-au-temple-jusqua-la-chandeleur\/\"},\"author\":{\"name\":\"Redazione\",\"@id\":\"https:\/\/blog.holyart.it\/fr\/#\/schema\/person\/0a7b686e5af0f856ec1e390dd0baecda\"},\"headline\":\"Pr\u00e9sentation de J\u00e9sus au temple jusqu\u2019\u00e0 la Chandeleur\",\"datePublished\":\"2022-01-31T09:00:39+00:00\",\"dateModified\":\"2024-01-08T16:48:47+00:00\",\"mainEntityOfPage\":{\"@id\":\"https:\/\/blog.holyart.it\/fr\/articles-religieux\/presentation-de-jesus-au-temple-jusqua-la-chandeleur\/\"},\"wordCount\":1322,\"publisher\":{\"@id\":\"https:\/\/blog.holyart.it\/fr\/#organization\"},\"image\":{\"@id\":\"https:\/\/blog.holyart.it\/fr\/articles-religieux\/presentation-de-jesus-au-temple-jusqua-la-chandeleur\/#primaryimage\"},\"thumbnailUrl\":\"https:\/\/blog.holyart.it\/fr\/wp-content\/uploads\/sites\/14\/2022\/01\/Presentation-de-Jesus-au-temple.jpg\",\"articleSection\":[\"Religion\"],\"inLanguage\":\"fr-FR\"},{\"@type\":\"WebPage\",\"@id\":\"https:\/\/blog.holyart.it\/fr\/articles-religieux\/presentation-de-jesus-au-temple-jusqua-la-chandeleur\/\",\"url\":\"https:\/\/blog.holyart.it\/fr\/articles-religieux\/presentation-de-jesus-au-temple-jusqua-la-chandeleur\/\",\"name\":\"Pr\u00e9sentation de J\u00e9sus au temple jusqu\u2019\u00e0 la Chandeleur - Holyart.fr Blog\",\"isPartOf\":{\"@id\":\"https:\/\/blog.holyart.it\/fr\/#website\"},\"primaryImageOfPage\":{\"@id\":\"https:\/\/blog.holyart.it\/fr\/articles-religieux\/presentation-de-jesus-au-temple-jusqua-la-chandeleur\/#primaryimage\"},\"image\":{\"@id\":\"https:\/\/blog.holyart.it\/fr\/articles-religieux\/presentation-de-jesus-au-temple-jusqua-la-chandeleur\/#primaryimage\"},\"thumbnailUrl\":\"https:\/\/blog.holyart.it\/fr\/wp-content\/uploads\/sites\/14\/2022\/01\/Presentation-de-Jesus-au-temple.jpg\",\"datePublished\":\"2022-01-31T09:00:39+00:00\",\"dateModified\":\"2024-01-08T16:48:47+00:00\",\"description\":\"Le 2 f\u00e9vrier nous f\u00eatons la pr\u00e9sentation de J\u00e9sus au temple. Connue \u00e9galement comme la f\u00eate de la purification de Marie, ou Chandeleur.\",\"breadcrumb\":{\"@id\":\"https:\/\/blog.holyart.it\/fr\/articles-religieux\/presentation-de-jesus-au-temple-jusqua-la-chandeleur\/#breadcrumb\"},\"inLanguage\":\"fr-FR\",\"potentialAction\":[{\"@type\":\"ReadAction\",\"target\":[\"https:\/\/blog.holyart.it\/fr\/articles-religieux\/presentation-de-jesus-au-temple-jusqua-la-chandeleur\/\"]}]},{\"@type\":\"ImageObject\",\"inLanguage\":\"fr-FR\",\"@id\":\"https:\/\/blog.holyart.it\/fr\/articles-religieux\/presentation-de-jesus-au-temple-jusqua-la-chandeleur\/#primaryimage\",\"url\":\"https:\/\/blog.holyart.it\/fr\/wp-content\/uploads\/sites\/14\/2022\/01\/Presentation-de-Jesus-au-temple.jpg\",\"contentUrl\":\"https:\/\/blog.holyart.it\/fr\/wp-content\/uploads\/sites\/14\/2022\/01\/Presentation-de-Jesus-au-temple.jpg\",\"width\":1000,\"height\":666,\"caption\":\"Presentation de Jesus au temple\"},{\"@type\":\"BreadcrumbList\",\"@id\":\"https:\/\/blog.holyart.it\/fr\/articles-religieux\/presentation-de-jesus-au-temple-jusqua-la-chandeleur\/#breadcrumb\",\"itemListElement\":[{\"@type\":\"ListItem\",\"position\":1,\"name\":\"Homepage\",\"item\":\"https:\/\/blog.holyart.it\/fr\/\"},{\"@type\":\"ListItem\",\"position\":2,\"name\":\"Religion\",\"item\":\"https:\/\/blog.holyart.it\/fr\/articles-religieux\/\"},{\"@type\":\"ListItem\",\"position\":3,\"name\":\"Pr\u00e9sentation de J\u00e9sus au temple jusqu\u2019\u00e0 la Chandeleur\"}]},{\"@type\":\"WebSite\",\"@id\":\"https:\/\/blog.holyart.it\/fr\/#website\",\"url\":\"https:\/\/blog.holyart.it\/fr\/\",\"name\":\"Holyart.fr Blog\",\"description\":\"Holyblog\",\"publisher\":{\"@id\":\"https:\/\/blog.holyart.it\/fr\/#organization\"},\"potentialAction\":[{\"@type\":\"SearchAction\",\"target\":{\"@type\":\"EntryPoint\",\"urlTemplate\":\"https:\/\/blog.holyart.it\/fr\/?s={search_term_string}\"},\"query-input\":{\"@type\":\"PropertyValueSpecification\",\"valueRequired\":true,\"valueName\":\"search_term_string\"}}],\"inLanguage\":\"fr-FR\"},{\"@type\":\"Organization\",\"@id\":\"https:\/\/blog.holyart.it\/fr\/#organization\",\"name\":\"Holyart.fr Blog\",\"url\":\"https:\/\/blog.holyart.it\/fr\/\",\"logo\":{\"@type\":\"ImageObject\",\"inLanguage\":\"fr-FR\",\"@id\":\"https:\/\/blog.holyart.it\/fr\/#\/schema\/logo\/image\/\",\"url\":\"https:\/\/blog.holyart.it\/fr\/wp-content\/uploads\/sites\/14\/2022\/12\/Holyart_Blog_Logo.jpg\",\"contentUrl\":\"https:\/\/blog.holyart.it\/fr\/wp-content\/uploads\/sites\/14\/2022\/12\/Holyart_Blog_Logo.jpg\",\"width\":300,\"height\":50,\"caption\":\"Holyart.fr Blog\"},\"image\":{\"@id\":\"https:\/\/blog.holyart.it\/fr\/#\/schema\/logo\/image\/\"}},{\"@type\":\"Person\",\"@id\":\"https:\/\/blog.holyart.it\/fr\/#\/schema\/person\/0a7b686e5af0f856ec1e390dd0baecda\",\"name\":\"Redazione\",\"image\":{\"@type\":\"ImageObject\",\"inLanguage\":\"fr-FR\",\"@id\":\"https:\/\/blog.holyart.it\/fr\/#\/schema\/person\/image\/\",\"url\":\"https:\/\/secure.gravatar.com\/avatar\/f477da817f43e50d0af36abecd33e3edf826c68299714bdc1057dff3b113f516?s=96&d=mm&r=g\",\"contentUrl\":\"https:\/\/secure.gravatar.com\/avatar\/f477da817f43e50d0af36abecd33e3edf826c68299714bdc1057dff3b113f516?s=96&d=mm&r=g\",\"caption\":\"Redazione\"},\"url\":\"https:\/\/blog.holyart.it\/fr\/author\/admin\/\"}]}<\/script>\n<!-- \/ Yoast SEO plugin. -->","yoast_head_json":{"title":"Pr\u00e9sentation de J\u00e9sus au temple jusqu\u2019\u00e0 la Chandeleur - Holyart.fr Blog","description":"Le 2 f\u00e9vrier nous f\u00eatons la pr\u00e9sentation de J\u00e9sus au temple. Connue \u00e9galement comme la f\u00eate de la purification de Marie, ou Chandeleur.","robots":{"index":"index","follow":"follow","max-snippet":"max-snippet:-1","max-image-preview":"max-image-preview:large","max-video-preview":"max-video-preview:-1"},"canonical":"https:\/\/blog.holyart.it\/fr\/articles-religieux\/presentation-de-jesus-au-temple-jusqua-la-chandeleur\/","og_locale":"fr_FR","og_type":"article","og_title":"Pr\u00e9sentation de J\u00e9sus au temple jusqu\u2019\u00e0 la Chandeleur - Holyart.fr Blog","og_description":"Le 2 f\u00e9vrier nous f\u00eatons la pr\u00e9sentation de J\u00e9sus au temple. Connue \u00e9galement comme la f\u00eate de la purification de Marie, ou Chandeleur.","og_url":"https:\/\/blog.holyart.it\/fr\/articles-religieux\/presentation-de-jesus-au-temple-jusqua-la-chandeleur\/","og_site_name":"Holyart.fr Blog","article_published_time":"2022-01-31T09:00:39+00:00","article_modified_time":"2024-01-08T16:48:47+00:00","og_image":[{"width":1000,"height":666,"url":"https:\/\/blog.holyart.it\/fr\/wp-content\/uploads\/sites\/14\/2022\/01\/Presentation-de-Jesus-au-temple.jpg","type":"image\/jpeg"}],"author":"Redazione","twitter_card":"summary_large_image","twitter_misc":{"\u00c9crit par":"Redazione","Dur\u00e9e de lecture estim\u00e9e":"7 minutes"},"schema":{"@context":"https:\/\/schema.org","@graph":[{"@type":"Article","@id":"https:\/\/blog.holyart.it\/fr\/articles-religieux\/presentation-de-jesus-au-temple-jusqua-la-chandeleur\/#article","isPartOf":{"@id":"https:\/\/blog.holyart.it\/fr\/articles-religieux\/presentation-de-jesus-au-temple-jusqua-la-chandeleur\/"},"author":{"name":"Redazione","@id":"https:\/\/blog.holyart.it\/fr\/#\/schema\/person\/0a7b686e5af0f856ec1e390dd0baecda"},"headline":"Pr\u00e9sentation de J\u00e9sus au temple jusqu\u2019\u00e0 la Chandeleur","datePublished":"2022-01-31T09:00:39+00:00","dateModified":"2024-01-08T16:48:47+00:00","mainEntityOfPage":{"@id":"https:\/\/blog.holyart.it\/fr\/articles-religieux\/presentation-de-jesus-au-temple-jusqua-la-chandeleur\/"},"wordCount":1322,"publisher":{"@id":"https:\/\/blog.holyart.it\/fr\/#organization"},"image":{"@id":"https:\/\/blog.holyart.it\/fr\/articles-religieux\/presentation-de-jesus-au-temple-jusqua-la-chandeleur\/#primaryimage"},"thumbnailUrl":"https:\/\/blog.holyart.it\/fr\/wp-content\/uploads\/sites\/14\/2022\/01\/Presentation-de-Jesus-au-temple.jpg","articleSection":["Religion"],"inLanguage":"fr-FR"},{"@type":"WebPage","@id":"https:\/\/blog.holyart.it\/fr\/articles-religieux\/presentation-de-jesus-au-temple-jusqua-la-chandeleur\/","url":"https:\/\/blog.holyart.it\/fr\/articles-religieux\/presentation-de-jesus-au-temple-jusqua-la-chandeleur\/","name":"Pr\u00e9sentation de J\u00e9sus au temple jusqu\u2019\u00e0 la Chandeleur - Holyart.fr Blog","isPartOf":{"@id":"https:\/\/blog.holyart.it\/fr\/#website"},"primaryImageOfPage":{"@id":"https:\/\/blog.holyart.it\/fr\/articles-religieux\/presentation-de-jesus-au-temple-jusqua-la-chandeleur\/#primaryimage"},"image":{"@id":"https:\/\/blog.holyart.it\/fr\/articles-religieux\/presentation-de-jesus-au-temple-jusqua-la-chandeleur\/#primaryimage"},"thumbnailUrl":"https:\/\/blog.holyart.it\/fr\/wp-content\/uploads\/sites\/14\/2022\/01\/Presentation-de-Jesus-au-temple.jpg","datePublished":"2022-01-31T09:00:39+00:00","dateModified":"2024-01-08T16:48:47+00:00","description":"Le 2 f\u00e9vrier nous f\u00eatons la pr\u00e9sentation de J\u00e9sus au temple. Connue \u00e9galement comme la f\u00eate de la purification de Marie, ou Chandeleur.","breadcrumb":{"@id":"https:\/\/blog.holyart.it\/fr\/articles-religieux\/presentation-de-jesus-au-temple-jusqua-la-chandeleur\/#breadcrumb"},"inLanguage":"fr-FR","potentialAction":[{"@type":"ReadAction","target":["https:\/\/blog.holyart.it\/fr\/articles-religieux\/presentation-de-jesus-au-temple-jusqua-la-chandeleur\/"]}]},{"@type":"ImageObject","inLanguage":"fr-FR","@id":"https:\/\/blog.holyart.it\/fr\/articles-religieux\/presentation-de-jesus-au-temple-jusqua-la-chandeleur\/#primaryimage","url":"https:\/\/blog.holyart.it\/fr\/wp-content\/uploads\/sites\/14\/2022\/01\/Presentation-de-Jesus-au-temple.jpg","contentUrl":"https:\/\/blog.holyart.it\/fr\/wp-content\/uploads\/sites\/14\/2022\/01\/Presentation-de-Jesus-au-temple.jpg","width":1000,"height":666,"caption":"Presentation de Jesus au temple"},{"@type":"BreadcrumbList","@id":"https:\/\/blog.holyart.it\/fr\/articles-religieux\/presentation-de-jesus-au-temple-jusqua-la-chandeleur\/#breadcrumb","itemListElement":[{"@type":"ListItem","position":1,"name":"Homepage","item":"https:\/\/blog.holyart.it\/fr\/"},{"@type":"ListItem","position":2,"name":"Religion","item":"https:\/\/blog.holyart.it\/fr\/articles-religieux\/"},{"@type":"ListItem","position":3,"name":"Pr\u00e9sentation de J\u00e9sus au temple jusqu\u2019\u00e0 la Chandeleur"}]},{"@type":"WebSite","@id":"https:\/\/blog.holyart.it\/fr\/#website","url":"https:\/\/blog.holyart.it\/fr\/","name":"Holyart.fr Blog","description":"Holyblog","publisher":{"@id":"https:\/\/blog.holyart.it\/fr\/#organization"},"potentialAction":[{"@type":"SearchAction","target":{"@type":"EntryPoint","urlTemplate":"https:\/\/blog.holyart.it\/fr\/?s={search_term_string}"},"query-input":{"@type":"PropertyValueSpecification","valueRequired":true,"valueName":"search_term_string"}}],"inLanguage":"fr-FR"},{"@type":"Organization","@id":"https:\/\/blog.holyart.it\/fr\/#organization","name":"Holyart.fr Blog","url":"https:\/\/blog.holyart.it\/fr\/","logo":{"@type":"ImageObject","inLanguage":"fr-FR","@id":"https:\/\/blog.holyart.it\/fr\/#\/schema\/logo\/image\/","url":"https:\/\/blog.holyart.it\/fr\/wp-content\/uploads\/sites\/14\/2022\/12\/Holyart_Blog_Logo.jpg","contentUrl":"https:\/\/blog.holyart.it\/fr\/wp-content\/uploads\/sites\/14\/2022\/12\/Holyart_Blog_Logo.jpg","width":300,"height":50,"caption":"Holyart.fr Blog"},"image":{"@id":"https:\/\/blog.holyart.it\/fr\/#\/schema\/logo\/image\/"}},{"@type":"Person","@id":"https:\/\/blog.holyart.it\/fr\/#\/schema\/person\/0a7b686e5af0f856ec1e390dd0baecda","name":"Redazione","image":{"@type":"ImageObject","inLanguage":"fr-FR","@id":"https:\/\/blog.holyart.it\/fr\/#\/schema\/person\/image\/","url":"https:\/\/secure.gravatar.com\/avatar\/f477da817f43e50d0af36abecd33e3edf826c68299714bdc1057dff3b113f516?s=96&d=mm&r=g","contentUrl":"https:\/\/secure.gravatar.com\/avatar\/f477da817f43e50d0af36abecd33e3edf826c68299714bdc1057dff3b113f516?s=96&d=mm&r=g","caption":"Redazione"},"url":"https:\/\/blog.holyart.it\/fr\/author\/admin\/"}]}},"_links":{"self":[{"href":"https:\/\/blog.holyart.it\/fr\/wp-json\/wp\/v2\/posts\/3886","targetHints":{"allow":["GET"]}}],"collection":[{"href":"https:\/\/blog.holyart.it\/fr\/wp-json\/wp\/v2\/posts"}],"about":[{"href":"https:\/\/blog.holyart.it\/fr\/wp-json\/wp\/v2\/types\/post"}],"author":[{"embeddable":true,"href":"https:\/\/blog.holyart.it\/fr\/wp-json\/wp\/v2\/users\/1"}],"replies":[{"embeddable":true,"href":"https:\/\/blog.holyart.it\/fr\/wp-json\/wp\/v2\/comments?post=3886"}],"version-history":[{"count":1,"href":"https:\/\/blog.holyart.it\/fr\/wp-json\/wp\/v2\/posts\/3886\/revisions"}],"predecessor-version":[{"id":5846,"href":"https:\/\/blog.holyart.it\/fr\/wp-json\/wp\/v2\/posts\/3886\/revisions\/5846"}],"wp:featuredmedia":[{"embeddable":true,"href":"https:\/\/blog.holyart.it\/fr\/wp-json\/wp\/v2\/media\/3887"}],"wp:attachment":[{"href":"https:\/\/blog.holyart.it\/fr\/wp-json\/wp\/v2\/media?parent=3886"}],"wp:term":[{"taxonomy":"category","embeddable":true,"href":"https:\/\/blog.holyart.it\/fr\/wp-json\/wp\/v2\/categories?post=3886"},{"taxonomy":"post_tag","embeddable":true,"href":"https:\/\/blog.holyart.it\/fr\/wp-json\/wp\/v2\/tags?post=3886"}],"curies":[{"name":"wp","href":"https:\/\/api.w.org\/{rel}","templated":true}]}}