{"id":3876,"date":"2022-01-26T10:00:01","date_gmt":"2022-01-26T09:00:01","guid":{"rendered":"https:\/\/blog.holyart.it\/fr\/?p=3876"},"modified":"2026-02-18T15:45:57","modified_gmt":"2026-02-18T14:45:57","slug":"les-fils-dadam-et-eve-comment-naquit-le-genre-humain","status":"publish","type":"post","link":"https:\/\/blog.holyart.it\/fr\/articles-religieux\/les-fils-dadam-et-eve-comment-naquit-le-genre-humain\/","title":{"rendered":"Les fils d\u2019Adam et Eve : comment naquit le genre humain"},"content":{"rendered":"<h4>Qui furent les fils d\u2019Adam et Eve et comment le genre humain naquit ? Voici comment la Bible raconte la naissance de l\u2019humanit\u00e9<\/h4>\n\n<p>Avant d\u2019entreprendre ce discours sur les fils d\u2019<a href=\"https:\/\/www.holyart.fr\/blog\/articles-religieux\/lhistoire-dadam-et-deve\/\"><strong>Adam et Eve<\/strong><\/a> et l\u2019origine du genre humain, il est opportun de rappeler un concept fondamental, que l\u2019on perd parfois de vue. Il serait absurde de prendre \u00e0 la lettre tout ce qui est \u00e9crit dans les Saintes \u00c9critures, surtout quand nous parlons de ses livres les plus anciens. Si d\u2019un c\u00f4t\u00e9 il est vrai que la <a href=\"https:\/\/www.holyart.fr\/articles-religieux\/livres-sacres\/bibles\"><strong>Bible<\/strong><\/a> a \u00e9t\u00e9 inspir\u00e9e par Dieu, de l\u2019autre il est tout aussi vrai qu\u2019elle a \u00e9t\u00e9 \u00e9crite par des hommes, qui ont r\u00e9\u00e9labor\u00e9 le Message divin en rapport avec le monde dans lequel ils vivaient.<\/p>\n<div class=\"link-article\">\n<p><img loading=\"lazy\" decoding=\"async\" class=\"size-full wp-image-3878 alignleft\" src=\"https:\/\/blog.holyart.it\/fr\/wp-content\/uploads\/sites\/14\/2022\/01\/histoire-d-adam-et-eve.jpg\" alt=\"histoire d adam et eve\" width=\"150\" height=\"99\" data-kale-share-title=\"Les fils d\u2019Adam et Eve\" data-kale-share-url=\"https:\/\/blog.holyart.it\/fr\/?p=3876\" \/><\/p>\n<div class=\"leggi-anche\">Lire aussi :<\/div>\n<p><strong><a href=\"https:\/\/www.holyart.fr\/blog\/articles-religieux\/lhistoire-dadam-et-deve\/\">L\u2019histoire d\u2019Adam et d\u2019\u00c8ve<\/a><\/strong><br \/>\nQui ne connait pas l\u2019histoire d\u2019Adam et d\u2019\u00c8ve, le premier homme et la premi\u00e8re femme ? Mais sommes-nous s\u00fbrs de la conna\u00eetre&#8230;<\/p>\n<\/div>\n<p>Par cons\u00e9quent, la <strong>Gen\u00e8se<\/strong> n\u2019est ni un livre d\u2019histoire, ni un trait\u00e9 scientifique. Il contient de <strong>grandes v\u00e9rit\u00e9s<\/strong> qui sont \u00e0 la base des religions juive et chr\u00e9tienne, inspir\u00e9es par Dieu et racont\u00e9es par des hommes qui ont v\u00e9cu beaucoup de temps apr\u00e8s les \u00ab\u00a0faits\u00a0\u00bb qui y sont d\u00e9crits. Il contient ce que nous devons comprendre \u00e0 propos de l\u2019origine du monde, de la cr\u00e9ation de l\u2019homme et de la femme, de l\u2019<a href=\"https:\/\/www.holyart.fr\/blog\/articles-religieux\/signification-de-larbre-de-vie\/\"><strong>Arbre de la Vie<\/strong><\/a>, qui donnait aux premiers hommes l\u2019immortalit\u00e9 et les pr\u00e9servaient de tout mal, et de l\u2019Arbre de la Connaissance, du p\u00e9ch\u00e9 originel, accompli par l\u2019homme par libre arbitre, et de toutes les cons\u00e9quences qu\u2019il a engendr\u00e9, en cassant le lien entre homme et Dieu et en rendant n\u00e9cessaire la venue de J\u00e9sus pour le recr\u00e9er sur la base d\u2019une nouvelle Alliance, plus durable.<\/p>\n<div class=\"link-product\">\n<div class=\"blocco-immagine\"><img loading=\"lazy\" decoding=\"async\" class=\"size-full wp-image-3879 alignleft\" src=\"https:\/\/blog.holyart.it\/fr\/wp-content\/uploads\/sites\/14\/2022\/01\/icone-arbre-de-la-vie.jpg\" alt=\"icone arbre de la vie\" width=\"100\" height=\"100\" data-kale-share-title=\"Les fils d\u2019Adam et Eve\" data-kale-share-url=\"https:\/\/blog.holyart.it\/fr\/?p=3876\" \/><\/div>\n<div class=\"blocco-contenuto\">\n<div class=\"blocco-acquista\">Acheter sur Holyart:<\/div>\n<div class=\"blocco-titolo\"><a href=\"https:\/\/www.holyart.fr\/articles-religieux\/icones-religieuses\/icones-grecques\/icone-arbre-de-la-vie\">Ic\u00f4ne arbre de la vie<\/a><\/div>\n<div class=\"blocco-descrizione\">Ic\u00f4ne grecque peinte \u00e0 la main sur planche en bois, dor\u00e9e.<\/div>\n<\/div>\n<\/div>\n<p>Partons donc d\u2019<strong>Adam et \u00c8ve <\/strong>et de leurs fils, <strong>Ca\u00efn et Abel<\/strong>, mais aussi <strong>Seth<\/strong>, qui viendra \u00ab\u00a0remplacer\u00a0\u00bb le d\u00e9funt Abel afin de donner vie \u00e0 la <strong>descendance b\u00e9nite<\/strong> des hommes, dans la contraposition avec celle <strong>maudite<\/strong> g\u00e9n\u00e9r\u00e9e par Ca\u00efn, le <em>fratricide<\/em>.<\/p>\n<h2>L\u2019arbre g\u00e9n\u00e9alogique d\u2019Adam et Eve<\/h2>\n<p>Un aspect int\u00e9ressant de l\u2019<strong>arbre g\u00e9n\u00e9alogique d\u2019Adam et Eve <\/strong>est qu\u2019il pr\u00e9suppose que, une fois chass\u00e9s du <a href=\"https:\/\/www.holyart.fr\/blog\/articles-religieux\/le-jardin-deden-dans-la-genese\/\"><strong>Paradis Terrestre<\/strong><\/a>, ils se retrouv\u00e8rent \u00e0 vivre dans un monde d\u00e9j\u00e0 peupl\u00e9 d\u2019autres hommes et femmes. Le fait que deux de leurs fils, <strong>Ca\u00efn et Abel<\/strong>, furent respectivement agriculteur et \u00e9leveur nous permet d\u2019ins\u00e9rer la vie des deux anc\u00eatres de l\u2019humanit\u00e9 dans une p\u00e9riode historique correspondante au N\u00e9olithique, entre 10000 et 3500 av. J.-C. donc, plus ou moins, \u00e0 une \u00e9poque caract\u00e9ris\u00e9e par des nombreuses et importantes innovations dans le travail de la pierre, outre que dans l\u2019introduction de la c\u00e9ramique, de l\u2019agriculture et de l\u2019\u00e9levage, mais aussi de v\u00e9ritables r\u00e9volutions concernant la structure sociale et familiale.<\/p>\n<div class=\"link-article\">\n<p><img loading=\"lazy\" decoding=\"async\" class=\"size-full wp-image-3881 alignleft\" src=\"https:\/\/blog.holyart.it\/fr\/wp-content\/uploads\/sites\/14\/2022\/01\/arbre-de-la-vie.jpg\" alt=\"arbre de la vie\" width=\"150\" height=\"99\" data-kale-share-title=\"Les fils d\u2019Adam et Eve\" data-kale-share-url=\"https:\/\/blog.holyart.it\/fr\/?p=3876\" \/><\/p>\n<div class=\"leggi-anche\">Lire aussi :<\/div>\n<p><strong><a href=\"https:\/\/www.holyart.fr\/blog\/articles-religieux\/le-jardin-deden-dans-la-genese\/\">Le jardin d\u2019\u00c9den dans la Gen\u00e8se<\/a><\/strong><br \/>\nLe jardin d\u2019\u00c9den repr\u00e9sente le premier immense don que Dieu fit \u00e0 l\u2019homme et \u00e0 la femme. Perdu suite au P\u00e9ch\u00e9 originel&#8230;<\/p>\n<\/div>\n<p>Ils existaient donc d\u2019autres hommes et d\u2019autres femmes, en plus d\u2019Adam et Eve, lesquels eurent beaucoup d\u2019enfants\u00a0: \u00ab\u00a0<em>Les jours d\u2019Adam, apr\u00e8s la naissance de Seth, furent de huit cents ans\u00a0; et il engendra des fils et des filles. Tous les jours qu\u2019Adam v\u00e9cut furent de neuf cent trente ans\u00a0; puis il mourut\u00a0<\/em>\u00bb (Gen\u00e8se 5,4-5). Les fils d\u2019Adam et \u00c8ve \u00e9taient donc Ca\u00efn, Abel et Seth, plus beaucoup d\u2019autres dont nous ignorons les pr\u00e9noms.<\/p>\n<p><strong>Ca\u00efn<\/strong>, l\u2019agriculteur, apr\u00e8s le meurtre d\u2019Abel, s\u2019\u00e9tablit au nord-est de l\u2019Eden, maria sa s\u0153ur Awan et avec sa descendance maudite fonda les premi\u00e8res villes, en vivant comme un Sans Dieu. De l\u2019union avec Awan naquit <strong>H\u00e9noch<\/strong>.<\/p>\n<p>Dieu fit en sorte qu\u2019Adam, \u00e0 l\u2019\u00e2ge de 130 ans, g\u00e9n\u00e8re \u00ab\u00a0<em>un fils \u00e0 sa ressemblance, selon son image<\/em>\u00a0\u00bb (Gen\u00e8se 5,3), <strong>Seth<\/strong>, qui naquit d\u00e9j\u00e0 circoncis et dont la descendance, b\u00e9nite et religieuse, aurait poursuivit le grand plan divin qui arrivera jusqu\u2019\u00e0 No\u00e9 et au d\u00e9luge. Adam aurait \u00e9galement r\u00e9v\u00e9l\u00e9 \u00e0 Seth le savoir secret recueilli par apr\u00e8s dans la Kabbale, l\u2019ensemble des enseignements \u00e9sot\u00e9riques du juda\u00efsme rabbinique. Selon le <em>Livre des Jubil\u00e9s<\/em>, texte non canonique remontant au IIe si\u00e8cle, Seth maria sa s\u0153ur Az\u00fbr\u00e2, de quatre ans sa cadette, et avec elle engendra <strong>\u00c9nosh<\/strong>.<\/p>\n<h2>Ca\u00efn et Abel<\/h2>\n<p>Si nous examinons le r\u00e9cit biblique, il en \u00e9merge \u00e9galement que, parmi les hommes \u00e9taient r\u00e9pandus les <strong>sacrifices \u00e0 Dieu<\/strong> : les sacrifices d\u2019Abel, qui consistaient en des animaux offerts en holocauste, \u00e9taient agr\u00e9ables \u00e0 Dieu, tandis que ceux de Ca\u00efn, qui offraient les fruits de la terre qu\u2019il cultivait, pas.<\/p>\n<p>Afin de comprendre cette pr\u00e9f\u00e9rence, nous devons faire r\u00e9f\u00e9rence \u00e0 la culture et \u00e0 la religion juive. Dans le <em>L\u00e9vitique<\/em>, on affirme que seul le sang est capable d\u2019expier les p\u00e9ch\u00e9s, car <strong>le sang est la vie<\/strong> (cf. Lv 17,11) et sans effusion de sang il n\u2019existe pas de pardon (H\u00e9breux 9,22). Les sacrifices d\u2019animaux \u00e9taient donc les plus agr\u00e9able \u00e0 Dieu, les seules qui pouvaient garantir la r\u00e9demption et la r\u00e9conciliation.<\/p>\n<p>Certains experts ont lu dans l\u2019homicide d\u2019Abel par son fr\u00e8re une signification symbolique du contraste entre la vie des hommes qui vivaient comme nomades et les premiers s\u00e9dentaires, se d\u00e9diant \u00e0 la cultivation de la Terre.<img loading=\"lazy\" decoding=\"async\" class=\"size-large wp-image-3883 aligncenter\" src=\"https:\/\/blog.holyart.it\/fr\/wp-content\/uploads\/sites\/14\/2022\/01\/arbre-genealogique-adam-et-eve-1024x576.jpg\" alt=\"arbre genealogique adam et eve\" width=\"1024\" height=\"576\" data-kale-share-title=\"Les fils d\u2019Adam et Eve\" data-kale-share-url=\"https:\/\/blog.holyart.it\/fr\/?p=3876\" \/><\/p>\n<p>Une derni\u00e8re consid\u00e9ration sur Ca\u00efn. La g\u00e9n\u00e8re parle encore de lui et de sa descendance\u00a0:<\/p>\n<p>\u00ab\u00a0<em>Ca\u00efn connut sa femme ; elle con\u00e7ut, et enfanta H\u00e9noc. Il b\u00e2tit ensuite une ville, et il donna \u00e0 cette ville le nom de son fils H\u00e9noc. H\u00e9noc engendra Irad, Irad engendra Mehuja\u00ebl, Mehuja\u00ebl engendra Metuscha\u00ebl, et Metuscha\u00ebl engendra L\u00e9mec. L\u00e9mec prit deux femmes : le nom de l\u2019une \u00e9tait Ada, et le nom de l\u2019autre Tsilla. Ada enfanta Jabal\u00a0: il fut <strong>le p\u00e8re de ceux qui habitent sous des tentes et pr\u00e8s des troupeaux<\/strong>. Le nom de son fr\u00e8re \u00e9tait Jubal\u00a0: il fut <strong>le p\u00e8re de tous ceux qui jouent de la harpe et du chalumeau<\/strong>. Tsilla, de son c\u00f4t\u00e9, enfanta Tubal-Ca\u00efn, qui <strong>forgeait tous les instruments d\u2019airain et de fer<\/strong>. La s\u0153ur de Tubal-Ca\u00efn \u00e9tait Naama.<\/em>\u00a0\u00bb (Gen\u00e8se 4,17-22).<\/p>\n<p>&nbsp;<\/p>\n<p>Bien que le fait d\u2019attribuer \u00e0 Ca\u00efn l\u2019origine de ces artistes et travailleurs puisse para\u00eetre positif, en r\u00e9alit\u00e9 son choix de <strong>construire des villes<\/strong> est vue dans une optique n\u00e9gative et il est consid\u00e9r\u00e9 comme \u00e9tant le fondateur d\u2019une civilisation faite d\u2019\u00e9leveurs, musiciens et forgerons, mais probablement aussi des \u00ab\u00a0fils du plaisir\u00a0\u00bb (Naama, <em>la belle<\/em> ou <em>aim\u00e9e<\/em>), adonn\u00e9s au b\u00e9n\u00e9fice personnel, \u00e0 la violence et \u00e0 la confusion comme nous le verrons avec la construction de la Tour de Babel.<\/p>\n","protected":false},"excerpt":{"rendered":"<p>Qui furent les fils d\u2019Adam et Eve et comment le genre humain naquit ? Voici comment la Bible raconte la naissance de l\u2019humanit\u00e9 Avant d\u2019entreprendre ce discours sur les fils d\u2019Adam et Eve et l\u2019origine du genre humain, il est opportun de rappeler un concept&hellip;<\/p>\n","protected":false},"author":1,"featured_media":3877,"comment_status":"closed","ping_status":"open","sticky":false,"template":"","format":"standard","meta":{"_acf_changed":false,"footnotes":""},"categories":[8],"tags":[],"class_list":["post-3876","post","type-post","status-publish","format-standard","has-post-thumbnail","hentry","category-articles-religieux"],"acf":[],"yoast_head":"<!-- This site is optimized with the Yoast SEO plugin v26.6 - https:\/\/yoast.com\/wordpress\/plugins\/seo\/ -->\n<title>Les fils d\u2019Adam et Eve : comment naquit le genre humain - Holyart.fr Blog<\/title>\n<meta name=\"description\" content=\"Qui furent les fils d\u2019Adam et Eve et comment le genre humain naquit ? Voici comment la Bible raconte la naissance de l\u2019humanit\u00e9\" \/>\n<meta name=\"robots\" content=\"index, follow, max-snippet:-1, max-image-preview:large, max-video-preview:-1\" \/>\n<link rel=\"canonical\" href=\"https:\/\/blog.holyart.it\/fr\/articles-religieux\/les-fils-dadam-et-eve-comment-naquit-le-genre-humain\/\" \/>\n<meta property=\"og:locale\" content=\"fr_FR\" \/>\n<meta property=\"og:type\" content=\"article\" \/>\n<meta property=\"og:title\" content=\"Les fils d\u2019Adam et Eve : comment naquit le genre humain - Holyart.fr Blog\" \/>\n<meta property=\"og:description\" content=\"Qui furent les fils d\u2019Adam et Eve et comment le genre humain naquit ? Voici comment la Bible raconte la naissance de l\u2019humanit\u00e9\" \/>\n<meta property=\"og:url\" content=\"https:\/\/blog.holyart.it\/fr\/articles-religieux\/les-fils-dadam-et-eve-comment-naquit-le-genre-humain\/\" \/>\n<meta property=\"og:site_name\" content=\"Holyart.fr Blog\" \/>\n<meta property=\"article:published_time\" content=\"2022-01-26T09:00:01+00:00\" \/>\n<meta property=\"article:modified_time\" content=\"2026-02-18T14:45:57+00:00\" \/>\n<meta property=\"og:image\" content=\"https:\/\/blog.holyart.it\/fr\/wp-content\/uploads\/sites\/14\/2022\/01\/cain-et-abel.jpg\" \/>\n\t<meta property=\"og:image:width\" content=\"1000\" \/>\n\t<meta property=\"og:image:height\" content=\"666\" \/>\n\t<meta property=\"og:image:type\" content=\"image\/jpeg\" \/>\n<meta name=\"author\" content=\"Redazione\" \/>\n<meta name=\"twitter:card\" content=\"summary_large_image\" \/>\n<meta name=\"twitter:label1\" content=\"\u00c9crit par\" \/>\n\t<meta name=\"twitter:data1\" content=\"Redazione\" \/>\n\t<meta name=\"twitter:label2\" content=\"Dur\u00e9e de lecture estim\u00e9e\" \/>\n\t<meta name=\"twitter:data2\" content=\"7 minutes\" \/>\n<script type=\"application\/ld+json\" class=\"yoast-schema-graph\">{\"@context\":\"https:\/\/schema.org\",\"@graph\":[{\"@type\":\"Article\",\"@id\":\"https:\/\/blog.holyart.it\/fr\/articles-religieux\/les-fils-dadam-et-eve-comment-naquit-le-genre-humain\/#article\",\"isPartOf\":{\"@id\":\"https:\/\/blog.holyart.it\/fr\/articles-religieux\/les-fils-dadam-et-eve-comment-naquit-le-genre-humain\/\"},\"author\":{\"name\":\"Redazione\",\"@id\":\"https:\/\/blog.holyart.it\/fr\/#\/schema\/person\/0a7b686e5af0f856ec1e390dd0baecda\"},\"headline\":\"Les fils d\u2019Adam et Eve : comment naquit le genre humain\",\"datePublished\":\"2022-01-26T09:00:01+00:00\",\"dateModified\":\"2026-02-18T14:45:57+00:00\",\"mainEntityOfPage\":{\"@id\":\"https:\/\/blog.holyart.it\/fr\/articles-religieux\/les-fils-dadam-et-eve-comment-naquit-le-genre-humain\/\"},\"wordCount\":1264,\"publisher\":{\"@id\":\"https:\/\/blog.holyart.it\/fr\/#organization\"},\"image\":{\"@id\":\"https:\/\/blog.holyart.it\/fr\/articles-religieux\/les-fils-dadam-et-eve-comment-naquit-le-genre-humain\/#primaryimage\"},\"thumbnailUrl\":\"https:\/\/blog.holyart.it\/fr\/wp-content\/uploads\/sites\/14\/2022\/01\/cain-et-abel.jpg\",\"articleSection\":[\"Religion\"],\"inLanguage\":\"fr-FR\"},{\"@type\":\"WebPage\",\"@id\":\"https:\/\/blog.holyart.it\/fr\/articles-religieux\/les-fils-dadam-et-eve-comment-naquit-le-genre-humain\/\",\"url\":\"https:\/\/blog.holyart.it\/fr\/articles-religieux\/les-fils-dadam-et-eve-comment-naquit-le-genre-humain\/\",\"name\":\"Les fils d\u2019Adam et Eve : comment naquit le genre humain - Holyart.fr Blog\",\"isPartOf\":{\"@id\":\"https:\/\/blog.holyart.it\/fr\/#website\"},\"primaryImageOfPage\":{\"@id\":\"https:\/\/blog.holyart.it\/fr\/articles-religieux\/les-fils-dadam-et-eve-comment-naquit-le-genre-humain\/#primaryimage\"},\"image\":{\"@id\":\"https:\/\/blog.holyart.it\/fr\/articles-religieux\/les-fils-dadam-et-eve-comment-naquit-le-genre-humain\/#primaryimage\"},\"thumbnailUrl\":\"https:\/\/blog.holyart.it\/fr\/wp-content\/uploads\/sites\/14\/2022\/01\/cain-et-abel.jpg\",\"datePublished\":\"2022-01-26T09:00:01+00:00\",\"dateModified\":\"2026-02-18T14:45:57+00:00\",\"description\":\"Qui furent les fils d\u2019Adam et Eve et comment le genre humain naquit ? Voici comment la Bible raconte la naissance de l\u2019humanit\u00e9\",\"breadcrumb\":{\"@id\":\"https:\/\/blog.holyart.it\/fr\/articles-religieux\/les-fils-dadam-et-eve-comment-naquit-le-genre-humain\/#breadcrumb\"},\"inLanguage\":\"fr-FR\",\"potentialAction\":[{\"@type\":\"ReadAction\",\"target\":[\"https:\/\/blog.holyart.it\/fr\/articles-religieux\/les-fils-dadam-et-eve-comment-naquit-le-genre-humain\/\"]}]},{\"@type\":\"ImageObject\",\"inLanguage\":\"fr-FR\",\"@id\":\"https:\/\/blog.holyart.it\/fr\/articles-religieux\/les-fils-dadam-et-eve-comment-naquit-le-genre-humain\/#primaryimage\",\"url\":\"https:\/\/blog.holyart.it\/fr\/wp-content\/uploads\/sites\/14\/2022\/01\/cain-et-abel.jpg\",\"contentUrl\":\"https:\/\/blog.holyart.it\/fr\/wp-content\/uploads\/sites\/14\/2022\/01\/cain-et-abel.jpg\",\"width\":1000,\"height\":666,\"caption\":\"cain et abel\"},{\"@type\":\"BreadcrumbList\",\"@id\":\"https:\/\/blog.holyart.it\/fr\/articles-religieux\/les-fils-dadam-et-eve-comment-naquit-le-genre-humain\/#breadcrumb\",\"itemListElement\":[{\"@type\":\"ListItem\",\"position\":1,\"name\":\"Homepage\",\"item\":\"https:\/\/blog.holyart.it\/fr\/\"},{\"@type\":\"ListItem\",\"position\":2,\"name\":\"Religion\",\"item\":\"https:\/\/blog.holyart.it\/fr\/articles-religieux\/\"},{\"@type\":\"ListItem\",\"position\":3,\"name\":\"Les fils d\u2019Adam et Eve : comment naquit le genre humain\"}]},{\"@type\":\"WebSite\",\"@id\":\"https:\/\/blog.holyart.it\/fr\/#website\",\"url\":\"https:\/\/blog.holyart.it\/fr\/\",\"name\":\"Holyart.fr Blog\",\"description\":\"Holyblog\",\"publisher\":{\"@id\":\"https:\/\/blog.holyart.it\/fr\/#organization\"},\"potentialAction\":[{\"@type\":\"SearchAction\",\"target\":{\"@type\":\"EntryPoint\",\"urlTemplate\":\"https:\/\/blog.holyart.it\/fr\/?s={search_term_string}\"},\"query-input\":{\"@type\":\"PropertyValueSpecification\",\"valueRequired\":true,\"valueName\":\"search_term_string\"}}],\"inLanguage\":\"fr-FR\"},{\"@type\":\"Organization\",\"@id\":\"https:\/\/blog.holyart.it\/fr\/#organization\",\"name\":\"Holyart.fr Blog\",\"url\":\"https:\/\/blog.holyart.it\/fr\/\",\"logo\":{\"@type\":\"ImageObject\",\"inLanguage\":\"fr-FR\",\"@id\":\"https:\/\/blog.holyart.it\/fr\/#\/schema\/logo\/image\/\",\"url\":\"https:\/\/blog.holyart.it\/fr\/wp-content\/uploads\/sites\/14\/2022\/12\/Holyart_Blog_Logo.jpg\",\"contentUrl\":\"https:\/\/blog.holyart.it\/fr\/wp-content\/uploads\/sites\/14\/2022\/12\/Holyart_Blog_Logo.jpg\",\"width\":300,\"height\":50,\"caption\":\"Holyart.fr Blog\"},\"image\":{\"@id\":\"https:\/\/blog.holyart.it\/fr\/#\/schema\/logo\/image\/\"}},{\"@type\":\"Person\",\"@id\":\"https:\/\/blog.holyart.it\/fr\/#\/schema\/person\/0a7b686e5af0f856ec1e390dd0baecda\",\"name\":\"Redazione\",\"image\":{\"@type\":\"ImageObject\",\"inLanguage\":\"fr-FR\",\"@id\":\"https:\/\/blog.holyart.it\/fr\/#\/schema\/person\/image\/\",\"url\":\"https:\/\/secure.gravatar.com\/avatar\/f477da817f43e50d0af36abecd33e3edf826c68299714bdc1057dff3b113f516?s=96&d=mm&r=g\",\"contentUrl\":\"https:\/\/secure.gravatar.com\/avatar\/f477da817f43e50d0af36abecd33e3edf826c68299714bdc1057dff3b113f516?s=96&d=mm&r=g\",\"caption\":\"Redazione\"},\"url\":\"https:\/\/blog.holyart.it\/fr\/author\/admin\/\"}]}<\/script>\n<!-- \/ Yoast SEO plugin. -->","yoast_head_json":{"title":"Les fils d\u2019Adam et Eve : comment naquit le genre humain - Holyart.fr Blog","description":"Qui furent les fils d\u2019Adam et Eve et comment le genre humain naquit ? Voici comment la Bible raconte la naissance de l\u2019humanit\u00e9","robots":{"index":"index","follow":"follow","max-snippet":"max-snippet:-1","max-image-preview":"max-image-preview:large","max-video-preview":"max-video-preview:-1"},"canonical":"https:\/\/blog.holyart.it\/fr\/articles-religieux\/les-fils-dadam-et-eve-comment-naquit-le-genre-humain\/","og_locale":"fr_FR","og_type":"article","og_title":"Les fils d\u2019Adam et Eve : comment naquit le genre humain - Holyart.fr Blog","og_description":"Qui furent les fils d\u2019Adam et Eve et comment le genre humain naquit ? Voici comment la Bible raconte la naissance de l\u2019humanit\u00e9","og_url":"https:\/\/blog.holyart.it\/fr\/articles-religieux\/les-fils-dadam-et-eve-comment-naquit-le-genre-humain\/","og_site_name":"Holyart.fr Blog","article_published_time":"2022-01-26T09:00:01+00:00","article_modified_time":"2026-02-18T14:45:57+00:00","og_image":[{"width":1000,"height":666,"url":"https:\/\/blog.holyart.it\/fr\/wp-content\/uploads\/sites\/14\/2022\/01\/cain-et-abel.jpg","type":"image\/jpeg"}],"author":"Redazione","twitter_card":"summary_large_image","twitter_misc":{"\u00c9crit par":"Redazione","Dur\u00e9e de lecture estim\u00e9e":"7 minutes"},"schema":{"@context":"https:\/\/schema.org","@graph":[{"@type":"Article","@id":"https:\/\/blog.holyart.it\/fr\/articles-religieux\/les-fils-dadam-et-eve-comment-naquit-le-genre-humain\/#article","isPartOf":{"@id":"https:\/\/blog.holyart.it\/fr\/articles-religieux\/les-fils-dadam-et-eve-comment-naquit-le-genre-humain\/"},"author":{"name":"Redazione","@id":"https:\/\/blog.holyart.it\/fr\/#\/schema\/person\/0a7b686e5af0f856ec1e390dd0baecda"},"headline":"Les fils d\u2019Adam et Eve : comment naquit le genre humain","datePublished":"2022-01-26T09:00:01+00:00","dateModified":"2026-02-18T14:45:57+00:00","mainEntityOfPage":{"@id":"https:\/\/blog.holyart.it\/fr\/articles-religieux\/les-fils-dadam-et-eve-comment-naquit-le-genre-humain\/"},"wordCount":1264,"publisher":{"@id":"https:\/\/blog.holyart.it\/fr\/#organization"},"image":{"@id":"https:\/\/blog.holyart.it\/fr\/articles-religieux\/les-fils-dadam-et-eve-comment-naquit-le-genre-humain\/#primaryimage"},"thumbnailUrl":"https:\/\/blog.holyart.it\/fr\/wp-content\/uploads\/sites\/14\/2022\/01\/cain-et-abel.jpg","articleSection":["Religion"],"inLanguage":"fr-FR"},{"@type":"WebPage","@id":"https:\/\/blog.holyart.it\/fr\/articles-religieux\/les-fils-dadam-et-eve-comment-naquit-le-genre-humain\/","url":"https:\/\/blog.holyart.it\/fr\/articles-religieux\/les-fils-dadam-et-eve-comment-naquit-le-genre-humain\/","name":"Les fils d\u2019Adam et Eve : comment naquit le genre humain - Holyart.fr Blog","isPartOf":{"@id":"https:\/\/blog.holyart.it\/fr\/#website"},"primaryImageOfPage":{"@id":"https:\/\/blog.holyart.it\/fr\/articles-religieux\/les-fils-dadam-et-eve-comment-naquit-le-genre-humain\/#primaryimage"},"image":{"@id":"https:\/\/blog.holyart.it\/fr\/articles-religieux\/les-fils-dadam-et-eve-comment-naquit-le-genre-humain\/#primaryimage"},"thumbnailUrl":"https:\/\/blog.holyart.it\/fr\/wp-content\/uploads\/sites\/14\/2022\/01\/cain-et-abel.jpg","datePublished":"2022-01-26T09:00:01+00:00","dateModified":"2026-02-18T14:45:57+00:00","description":"Qui furent les fils d\u2019Adam et Eve et comment le genre humain naquit ? Voici comment la Bible raconte la naissance de l\u2019humanit\u00e9","breadcrumb":{"@id":"https:\/\/blog.holyart.it\/fr\/articles-religieux\/les-fils-dadam-et-eve-comment-naquit-le-genre-humain\/#breadcrumb"},"inLanguage":"fr-FR","potentialAction":[{"@type":"ReadAction","target":["https:\/\/blog.holyart.it\/fr\/articles-religieux\/les-fils-dadam-et-eve-comment-naquit-le-genre-humain\/"]}]},{"@type":"ImageObject","inLanguage":"fr-FR","@id":"https:\/\/blog.holyart.it\/fr\/articles-religieux\/les-fils-dadam-et-eve-comment-naquit-le-genre-humain\/#primaryimage","url":"https:\/\/blog.holyart.it\/fr\/wp-content\/uploads\/sites\/14\/2022\/01\/cain-et-abel.jpg","contentUrl":"https:\/\/blog.holyart.it\/fr\/wp-content\/uploads\/sites\/14\/2022\/01\/cain-et-abel.jpg","width":1000,"height":666,"caption":"cain et abel"},{"@type":"BreadcrumbList","@id":"https:\/\/blog.holyart.it\/fr\/articles-religieux\/les-fils-dadam-et-eve-comment-naquit-le-genre-humain\/#breadcrumb","itemListElement":[{"@type":"ListItem","position":1,"name":"Homepage","item":"https:\/\/blog.holyart.it\/fr\/"},{"@type":"ListItem","position":2,"name":"Religion","item":"https:\/\/blog.holyart.it\/fr\/articles-religieux\/"},{"@type":"ListItem","position":3,"name":"Les fils d\u2019Adam et Eve : comment naquit le genre humain"}]},{"@type":"WebSite","@id":"https:\/\/blog.holyart.it\/fr\/#website","url":"https:\/\/blog.holyart.it\/fr\/","name":"Holyart.fr Blog","description":"Holyblog","publisher":{"@id":"https:\/\/blog.holyart.it\/fr\/#organization"},"potentialAction":[{"@type":"SearchAction","target":{"@type":"EntryPoint","urlTemplate":"https:\/\/blog.holyart.it\/fr\/?s={search_term_string}"},"query-input":{"@type":"PropertyValueSpecification","valueRequired":true,"valueName":"search_term_string"}}],"inLanguage":"fr-FR"},{"@type":"Organization","@id":"https:\/\/blog.holyart.it\/fr\/#organization","name":"Holyart.fr Blog","url":"https:\/\/blog.holyart.it\/fr\/","logo":{"@type":"ImageObject","inLanguage":"fr-FR","@id":"https:\/\/blog.holyart.it\/fr\/#\/schema\/logo\/image\/","url":"https:\/\/blog.holyart.it\/fr\/wp-content\/uploads\/sites\/14\/2022\/12\/Holyart_Blog_Logo.jpg","contentUrl":"https:\/\/blog.holyart.it\/fr\/wp-content\/uploads\/sites\/14\/2022\/12\/Holyart_Blog_Logo.jpg","width":300,"height":50,"caption":"Holyart.fr Blog"},"image":{"@id":"https:\/\/blog.holyart.it\/fr\/#\/schema\/logo\/image\/"}},{"@type":"Person","@id":"https:\/\/blog.holyart.it\/fr\/#\/schema\/person\/0a7b686e5af0f856ec1e390dd0baecda","name":"Redazione","image":{"@type":"ImageObject","inLanguage":"fr-FR","@id":"https:\/\/blog.holyart.it\/fr\/#\/schema\/person\/image\/","url":"https:\/\/secure.gravatar.com\/avatar\/f477da817f43e50d0af36abecd33e3edf826c68299714bdc1057dff3b113f516?s=96&d=mm&r=g","contentUrl":"https:\/\/secure.gravatar.com\/avatar\/f477da817f43e50d0af36abecd33e3edf826c68299714bdc1057dff3b113f516?s=96&d=mm&r=g","caption":"Redazione"},"url":"https:\/\/blog.holyart.it\/fr\/author\/admin\/"}]}},"_links":{"self":[{"href":"https:\/\/blog.holyart.it\/fr\/wp-json\/wp\/v2\/posts\/3876","targetHints":{"allow":["GET"]}}],"collection":[{"href":"https:\/\/blog.holyart.it\/fr\/wp-json\/wp\/v2\/posts"}],"about":[{"href":"https:\/\/blog.holyart.it\/fr\/wp-json\/wp\/v2\/types\/post"}],"author":[{"embeddable":true,"href":"https:\/\/blog.holyart.it\/fr\/wp-json\/wp\/v2\/users\/1"}],"replies":[{"embeddable":true,"href":"https:\/\/blog.holyart.it\/fr\/wp-json\/wp\/v2\/comments?post=3876"}],"version-history":[{"count":1,"href":"https:\/\/blog.holyart.it\/fr\/wp-json\/wp\/v2\/posts\/3876\/revisions"}],"predecessor-version":[{"id":8070,"href":"https:\/\/blog.holyart.it\/fr\/wp-json\/wp\/v2\/posts\/3876\/revisions\/8070"}],"wp:featuredmedia":[{"embeddable":true,"href":"https:\/\/blog.holyart.it\/fr\/wp-json\/wp\/v2\/media\/3877"}],"wp:attachment":[{"href":"https:\/\/blog.holyart.it\/fr\/wp-json\/wp\/v2\/media?parent=3876"}],"wp:term":[{"taxonomy":"category","embeddable":true,"href":"https:\/\/blog.holyart.it\/fr\/wp-json\/wp\/v2\/categories?post=3876"},{"taxonomy":"post_tag","embeddable":true,"href":"https:\/\/blog.holyart.it\/fr\/wp-json\/wp\/v2\/tags?post=3876"}],"curies":[{"name":"wp","href":"https:\/\/api.w.org\/{rel}","templated":true}]}}