{"id":3866,"date":"2022-01-24T10:00:09","date_gmt":"2022-01-24T09:00:09","guid":{"rendered":"https:\/\/blog.holyart.it\/fr\/?p=3866"},"modified":"2022-01-24T17:58:58","modified_gmt":"2022-01-24T16:58:58","slug":"les-prieres-de-pape-francois-pour-2022-protagonistes-la-fraternite-et-la-solidarite","status":"publish","type":"post","link":"https:\/\/blog.holyart.it\/fr\/articles-religieux\/les-prieres-de-pape-francois-pour-2022-protagonistes-la-fraternite-et-la-solidarite\/","title":{"rendered":"Les pri\u00e8res de Pape Fran\u00e7ois pour 2022 : protagonistes la fraternit\u00e9 et la solidarit\u00e9"},"content":{"rendered":"<h4>Les pri\u00e8res de Pape Fran\u00e7ois pour 2022 sont une invitation \u00e0 la fraternit\u00e9 et \u00e0 la solidarti\u00e9 parmi les peuples et un avertissement \u00e0 prot\u00e9ger les innocents et les sans d\u00e9fenses<\/h4>\n\n<p>Comme chaque ann\u00e9e, nous nous retrouvons \u00e0 faire des bilans et \u00e0 examiner ce que notre vie a \u00e9t\u00e9 dans les mois pass\u00e9s. <a href=\"https:\/\/www.holyart.fr\/occasions-speciales\/pape-francois\"><strong>Pape Fran\u00e7ois<\/strong><\/a> fait de m\u00eame, et bien plus, et avec la clairvoyance qui le caract\u00e9rise, il est d\u00e9j\u00e0 orient\u00e9 vers l\u2019avenir, vers la nouvelle ann\u00e9e, avec une s\u00e9rie d\u2019<strong>intentions et de pri\u00e8res <\/strong>\u00e0 confier \u00e0 son R\u00e9seau mondial pour 2022. Il s\u2019agit d\u2019un v\u00e9ritable <strong>calendrier de pri\u00e8re<\/strong>, avec un objectif, un sujet, un focus pour chaque mois, m\u00eame s\u2019il est clair que le Pontife s\u2019attend que chaque chr\u00e9tien ne se limite pas \u00e0 focaliser ses engagements et sa d\u00e9votion uniquement sur l\u2019objet propos\u00e9 pour cette p\u00e9riode pr\u00e9cise. On ne peut pas prier de mani\u00e8re compartiment\u00e9e, on ne peut pas s\u2019approcher de l\u2019engagement religieux et humain comme si nous devions accomplir une t\u00e2che que quelqu\u2019un \u00e0 pr\u00e9dispos\u00e9 pour nous, en nous limitant \u00e0 faire le stricte n\u00e9cessaire pour se sentir en r\u00e8gle avec sa propre conscience.<\/p>\n<div class=\"link-product\">\n<div class=\"blocco-immagine\"><img loading=\"lazy\" decoding=\"async\" class=\"size-full wp-image-3867 alignleft\" src=\"https:\/\/blog.holyart.it\/fr\/wp-content\/uploads\/sites\/14\/2022\/01\/Chapelet-bois-dolivier-Pape-Francois.jpg\" alt=\"Chapelet bois d'olivier Pape Francois\" width=\"100\" height=\"100\" data-kale-share-title=\"Les pri\u00e8res de Pape Fran\u00e7ois pour 2022 : protagonistes la fraternit\u00e9 et la solidarit\u00e9\" data-kale-share-url=\"https:\/\/blog.holyart.it\/fr\/?p=3866\" \/><\/div>\n<div class=\"blocco-contenuto\">\n<div class=\"blocco-acquista\">Acheter sur Holyart:<\/div>\n<div class=\"blocco-titolo\"><a href=\"https:\/\/www.holyart.fr\/articles-religieux\/chapelets-et-etuis-a-chapelet\/chapelets-en-bois\/chapelet-bois-dolivier-pape-francois\">Chapelet bois d&rsquo;olivier Pape Fran\u00e7ois<\/a><\/div>\n<div class=\"blocco-descrizione\">La croix repr\u00e9sente la croix du Bon Pasteur et la m\u00e9daille le Pape Fran\u00e7ois.<\/div>\n<\/div>\n<\/div>\n<p>Il suffit de parcourir le calendrier des intentions et des pri\u00e8res de Pape Fran\u00e7ois pour 2022 pour comprendre comment les bons propos pour l\u2019ann\u00e9e nouvelle doivent \u00eatre au centre de nos pens\u00e9es et de nos pri\u00e8res tout le temps. La subdivision mensuelle sert uniquement \u00e0 focaliser l\u2019attention au fur et \u00e0 mesure sur diff\u00e9rents sujets et \u00e0 rappeler les \u00e9v\u00e9nements organis\u00e9s \u00e0 cet \u00e9gard.<\/p>\n<h2>Fraternit\u00e9 et solidarit\u00e9<\/h2>\n<p>\u00c0 la fraternit\u00e9 et <strong>\u00e0 la solidarit\u00e9<\/strong> est d\u00e9di\u00e9e l\u2019intention de Pape Fran\u00e7ois pour le mois de <strong>janvier<\/strong>, mais sa pri\u00e8re est que ces valeurs nous guident pour toute l\u2019ann\u00e9e \u00e0 venir. Le monde aujourd\u2019hui a besoin plus que jamais de fraternit\u00e9 humaine et de compassion, c\u2019est le seul d\u00e9fi pour le temps \u00e0 venir, celui auquel nous sont tous appel\u00e9s \u00e0 participer activement.<\/p>\n<h2>Prier pour les familles et les jeunes<\/h2>\n<p>La famille est pour Pape Fran\u00e7ois le lieu o\u00f9 tout ce qui est bon et juste en nous puise sa force et son principe. Ce n\u2019est donc pas \u00e9tonnant qu\u2019il ait voulu d\u00e9dier plusieurs mois non seulement \u00e0 la famille dans son enti\u00e8ret\u00e9, mais aussi \u00e0 ses protagonistes, aux jeunes, aux personnes \u00e2g\u00e9es, qui unis peuvent s\u2019engager \u00e0 changer le monde et \u00e0 le rendre meilleur.<\/p>\n<h2>Prier pour les victimes de violence<\/h2>\n<p>Les enfants avant tout, mais aussi les femmes et tous ceux qui se retrouvent dans une position de faiblesse, de fragilit\u00e9 et qui, au lieu de recevoir de l\u2019aide, sont frapp\u00e9s encore plus profond\u00e9ment par ceux qui devraient les aider. Il est fondamental de reconna\u00eetre la priorit\u00e9 de la mis\u00e9ricorde et la n\u00e9cessit\u00e9 de prot\u00e9ger et d\u2019aider qui en a le plus besoin et d\u2019agir non seulement avec les pri\u00e8res, mais aussi avec des actions rapides et pr\u00e9cises.<\/p>\n<div class=\"link-product\">\n<div class=\"blocco-immagine\"><img loading=\"lazy\" decoding=\"async\" class=\"size-full wp-image-3873 alignleft\" src=\"https:\/\/blog.holyart.it\/fr\/wp-content\/uploads\/sites\/14\/2022\/01\/collier-croix-pape-francois.jpg\" alt=\"collier croix pape francois\" width=\"100\" height=\"100\" data-kale-share-title=\"Les pri\u00e8res de Pape Fran\u00e7ois pour 2022 : protagonistes la fraternit\u00e9 et la solidarit\u00e9\" data-kale-share-url=\"https:\/\/blog.holyart.it\/fr\/?p=3866\" \/><\/div>\n<div class=\"blocco-contenuto\">\n<div class=\"blocco-acquista\">Acheter sur Holyart:<\/div>\n<div class=\"blocco-titolo\"><a href=\"https:\/\/www.holyart.fr\/occasions-speciales\/pape-francois\">Pape Fran\u00e7ois<\/a><\/div>\n<div class=\"blocco-descrizione\">Pape Fran\u00e7ois: cat\u00e9gorie d\u00e9di\u00e9e \u00e0 Pape Jorge Mario Bergoglio.<\/div>\n<\/div>\n<\/div>\n<h2>Calendrier des intentions de Pape Fran\u00e7ois pour 2022<\/h2>\n<p><em>Janvier<\/em><br \/>\n<strong>Pour \u00e9duquer \u00e0 la fraternit\u00e9<\/strong><br \/>\nLes pri\u00e8res de Pape Fran\u00e7ois et de nous tous et l\u2019engagement de ce mois-ci seront pour tous ceux qui subissent discriminations et pers\u00e9cutions religieuses, afin qu\u2019ils trouvent leur place dans le monde et la reconnaissance de leurs droits et de la dignit\u00e9 humaine.<\/p>\n<p><em>F\u00e9vrier<br \/>\n<\/em><strong>Pour les religieuses et les consacr\u00e9es<br \/>\n<\/strong>Un mois d\u00e9di\u00e9 aux religieuses qui prient pour nous tous et s\u2019engagent quotidiennement avec mis\u00e9ricorde et courage \u00e0 soutenir les d\u00e9fis continus de notre temps.<\/p>\n<div class=\"link-product\">\n<div class=\"blocco-immagine\"><img loading=\"lazy\" decoding=\"async\" class=\"size-full wp-image-3868 alignleft\" src=\"https:\/\/blog.holyart.it\/fr\/wp-content\/uploads\/sites\/14\/2022\/01\/Marie-qui-defait-les-noeuds.jpg\" alt=\"Marie qui defait les noeuds\" width=\"100\" height=\"100\" data-kale-share-title=\"Les pri\u00e8res de Pape Fran\u00e7ois pour 2022 : protagonistes la fraternit\u00e9 et la solidarit\u00e9\" data-kale-share-url=\"https:\/\/blog.holyart.it\/fr\/?p=3866\" \/><\/div>\n<div class=\"blocco-contenuto\">\n<div class=\"blocco-acquista\">Acheter sur Holyart:<\/div>\n<div class=\"blocco-titolo\"><a href=\"https:\/\/www.holyart.fr\/articles-religieux\/statues\/statues-en-resine-et-pvc\/marie-qui-defait-les-noeuds-23-cm-statue-en-resine\">Marie qui d\u00e9fait les noeuds 23 cm statue en r\u00e9sine<\/a><\/div>\n<div class=\"blocco-descrizione\">Statue en r\u00e9sine peinte enti\u00e8rement \u00e0 la main repr\u00e9sentant Marie qui d\u00e9fait les noeuds de 23 cm de hauteur.<\/div>\n<\/div>\n<\/div>\n<p><em>Mars<\/em><br \/>\n<strong>Pour une r\u00e9ponse chr\u00e9tienne aux d\u00e9fis de la bio\u00e9thique<\/strong><br \/>\nLa pens\u00e9e et la pri\u00e8re de Pape Fran\u00e7ois pour ce mois sont pour la vie, qui doit \u00eatre toujours promue, m\u00eame avec les actions conscientes et avec un comportement quotidien responsable.<\/p>\n<p><em>Avril<\/em><br \/>\n<strong>Pour le personnel sanitaire<\/strong><br \/>\nLe personnel sanitaire a fait beaucoup dans ces derni\u00e8res deux ann\u00e9es de pand\u00e9mie et continue d\u2019\u00eatre engag\u00e9 en premi\u00e8re ligne dans le soin des malades, mais aussi dans l\u2019assistance aux personnes \u00e2g\u00e9es et dans l\u2019aide aux populations des pays les plus pauvres et les plus n\u00e9cessiteux. N\u2019oublions pas ces h\u00e9ros et prions pour que les gouvernements et les associations locales leur permettent de faire leur devoir.<\/p>\n<p><em>Mai<\/em><br \/>\n<strong>Pour la foi des jeunes<\/strong><br \/>\nDans le <a href=\"https:\/\/www.holyart.fr\/blog\/articles-religieux\/mai-mois-de-la-vierge-comment-celebrer-le-mois-marial\/\"><strong>mois marial<\/strong><\/a> par excellence, le Pape pense aux jeunes, qui sont notre future. Prions afin qu\u2019ils trouvent leur chemin dans Marie et dans la foi, en apprenant que la vie demande courage et engagement afin d\u2019\u00eatre v\u00e9cue pleinement.<\/p>\n<div class=\"link-article\">\n<p><img loading=\"lazy\" decoding=\"async\" class=\"size-full wp-image-3869 alignleft\" src=\"https:\/\/blog.holyart.it\/fr\/wp-content\/uploads\/sites\/14\/2022\/01\/mai-mois-de-la-vierge.jpg\" alt=\"mai mois de la vierge\" width=\"150\" height=\"99\" data-kale-share-title=\"Les pri\u00e8res de Pape Fran\u00e7ois pour 2022 : protagonistes la fraternit\u00e9 et la solidarit\u00e9\" data-kale-share-url=\"https:\/\/blog.holyart.it\/fr\/?p=3866\" \/><\/p>\n<div class=\"leggi-anche\">Lire aussi :<\/div>\n<p><strong><a href=\"https:\/\/www.holyart.fr\/blog\/articles-religieux\/mai-mois-de-la-vierge-comment-celebrer-le-mois-marial\/\">Mai, mois de la Vierge : comment c\u00e9l\u00e9brer le mois marial<\/a><\/strong><br \/>\nMai est le mois consacr\u00e9 \u00e0 la Sainte Vierge. Des pri\u00e8res sp\u00e9ciales, des actes de d\u00e9votions et la F\u00eate des M\u00e8res qui, non pas par hasard, tombe au mois de mai&#8230;<\/p>\n<\/div>\n<p><em>Juin<\/em><br \/>\n<strong>Pour les familles<\/strong><br \/>\nMois d\u00e9di\u00e9 aux familles chr\u00e9tiennes du monde entier. Ce n\u2019est pas un hasard si la <strong>Journ\u00e9e internationale des familles<\/strong> aura lieu \u00e0 Rome justement en juin 2022. Une invitation \u00e0 la gratuit\u00e9 de l\u2019amour et \u00e0 la saintet\u00e9 dans la vie quotidienne \u00e0 c\u00f4t\u00e9 de ceux qui nous aimons.<\/p>\n<p><em>Juillet<\/em><br \/>\n<strong>Pour les personnes \u00e2g\u00e9es<\/strong><br \/>\nComme les jeunes sont le future, les personnes \u00e2g\u00e9es repr\u00e9sentent les racines et la m\u00e9moire de nous tous. Ensemble ces deux g\u00e9n\u00e9rations pourront cr\u00e9er un monde meilleur, bas\u00e9 sur l\u2019exp\u00e9rience et la sagesse unies \u00e0 l\u2019espoir et \u00e0 la responsabilit\u00e9. En juillet se tiendra la <strong>Journ\u00e9e internationale des grands-parents et des personnes \u00e2g\u00e9es<\/strong>.<\/p>\n<p><em>Ao\u00fbt<\/em><br \/>\n<strong>Pour les petites et moyennes entreprises<\/strong><br \/>\nLa pens\u00e9e du Pape va \u00e9galement aux entrepreneurs, durement touch\u00e9s par la crise \u00e9conomique et par les fermetures caus\u00e9es par la pand\u00e9mie. De leur capacit\u00e9 \u00e0 se relever d\u00e9pend le bien-\u00eatre de beaucoup d\u2019entre nous.<\/p>\n<p><em>Septembre<\/em><br \/>\n<strong>Pour l\u2019abolition de la peine de mort<\/strong><br \/>\nEncore un avertissement au respect de la vie, cette fois v\u00e9hicul\u00e9 par la lutte contre la peine de mort.<\/p>\n<p><em>Octobre<\/em><br \/>\n<strong>Pour une \u00c9glise ouverte \u00e0 tous<\/strong><br \/>\nPape Fran\u00e7ois n\u2019a jamais arr\u00eat\u00e9 de pr\u00eacher son id\u00e9e d\u2019une <em>\u00e9glise en sortie<\/em>, fid\u00e8le \u00e0 l\u2019\u00c9vangile et aux traditions, mais sans \u00eatre referm\u00e9e sur elle-m\u00eame. L\u2019\u00e9glise doit \u00eatre symbole de t\u00e9moignage de foi, mais aussi <strong>lieu de solidarit\u00e9, fraternit\u00e9 et accueil<\/strong>, car Dieu n\u2019est enferm\u00e9 nulle part, il est tout le temps dehors, dans le monde, \u00ab\u00a0\u00e0 la recherche de gens, car il veut que personne ne soit exclus de son dessin d\u2019amour\u00a0\u00bb.<\/p>\n<div class=\"link-article\">\n<p><img loading=\"lazy\" decoding=\"async\" class=\"size-full wp-image-3874 alignleft\" src=\"https:\/\/blog.holyart.it\/fr\/wp-content\/uploads\/sites\/14\/2022\/01\/Fete-des-grands-parents.jpg\" alt=\"Fete des grands parents\" width=\"150\" height=\"99\" data-kale-share-title=\"Les pri\u00e8res de Pape Fran\u00e7ois pour 2022 : protagonistes la fraternit\u00e9 et la solidarit\u00e9\" data-kale-share-url=\"https:\/\/blog.holyart.it\/fr\/?p=3866\" \/><\/p>\n<div class=\"leggi-anche\">Lire aussi :<\/div>\n<p><strong><a href=\"https:\/\/www.holyart.fr\/blog\/articles-religieux\/fete-des-grands-parents-quand-la-celebrer-quoi-offrir-un-lien-tres-fort-avec-les-anges-gardiens\/\">F\u00eate des grands-parents : quand la c\u00e9l\u00e9brer, quoi offrir, un lien tr\u00e8s fort avec les anges gardiens<\/a><\/strong><br \/>\nTout le monde n\u2019a pas eu la chance de grandir avec un grand-parent \u00e0 ses c\u00f4t\u00e9s. Cela peut para\u00eetre une affirmation bizarre&#8230;<\/p>\n<\/div>\n<p><em>Novembre<\/em><br \/>\n<strong>Pour les enfants qui souffrent<\/strong><br \/>\nPour le mois de novembre le Pape tourne son attention vers les plus fragiles, les innocents\u00a0: les enfants victimes de la guerre, de la violence, de l\u2019in\u00e9galit\u00e9 sociale. Prions afin qu\u2019ils trouvent la chaleur d\u2019une famille, la s\u00e9curit\u00e9 et la dignit\u00e9 propres \u00e0 leur \u00e2ge et \u00e0 leur statut.<\/p>\n<p><em>D\u00e9cembre<\/em><br \/>\n<strong>Pour les organisations de b\u00e9n\u00e9volat<\/strong><br \/>\nPour conclure, le mois de d\u00e9cembre est d\u00e9di\u00e9 par le Pontife aux organisations humanitaires et de b\u00e9n\u00e9volat qui travaillent au niveau international pour le bien commun, afin qu\u2019ils puissent toujours trouver de nouveaux moyens, des nouvelles personnes d\u00e9sireuses de faire le bien, pour tous.<\/p>\n<div class=\"link-article\">\n<p><img loading=\"lazy\" decoding=\"async\" class=\"size-full wp-image-3870 alignleft\" src=\"https:\/\/blog.holyart.it\/fr\/wp-content\/uploads\/sites\/14\/2022\/01\/mato-grosso.jpg\" alt=\"mato grosso\" width=\"150\" height=\"99\" data-kale-share-title=\"Les pri\u00e8res de Pape Fran\u00e7ois pour 2022 : protagonistes la fraternit\u00e9 et la solidarit\u00e9\" data-kale-share-url=\"https:\/\/blog.holyart.it\/fr\/?p=3866\" \/><\/p>\n<div class=\"leggi-anche\">Lire aussi :<\/div>\n<p><strong><a href=\"https:\/\/www.holyart.fr\/blog\/articles-religieux\/operation-mato-grosso-laventure-de-jeunes-volontaires-qui-amena-a-un-projet-de-grande-valeur\/\">Op\u00e9ration Mato Grosso : l\u2019aventure de jeunes volontaires qui amena \u00e0 un projet de grande valeur<\/a><\/strong><br \/>\nL\u2019Op\u00e9ration Mato Grosso aide des communaut\u00e9s du monde entier \u00e0 travers ses jeunes volontaires. Et dans certaines r\u00e9alit\u00e9s qui&#8230;<\/p>\n<\/div>\n","protected":false},"excerpt":{"rendered":"<p>Les pri\u00e8res de Pape Fran\u00e7ois pour 2022 sont une invitation \u00e0 la fraternit\u00e9 et \u00e0 la solidarti\u00e9 parmi les peuples et un avertissement \u00e0 prot\u00e9ger les innocents et les sans d\u00e9fenses Comme chaque ann\u00e9e, nous nous retrouvons \u00e0 faire des bilans et \u00e0 examiner ce&hellip;<\/p>\n","protected":false},"author":1,"featured_media":3871,"comment_status":"closed","ping_status":"open","sticky":false,"template":"","format":"standard","meta":{"_acf_changed":false,"footnotes":""},"categories":[8],"tags":[],"class_list":["post-3866","post","type-post","status-publish","format-standard","has-post-thumbnail","hentry","category-articles-religieux"],"acf":[],"yoast_head":"<!-- This site is optimized with the Yoast SEO plugin v26.6 - https:\/\/yoast.com\/wordpress\/plugins\/seo\/ -->\n<title>Les pri\u00e8res de Pape Fran\u00e7ois pour 2022 : protagonistes la fraternit\u00e9 et la solidarit\u00e9<\/title>\n<meta name=\"description\" content=\"Les pri\u00e8res de Pape Fran\u00e7ois pour 2022 sont une invitation \u00e0 la fraternit\u00e9 et \u00e0 la solidarti\u00e9 parmi les peuples et un avertissement \u00e0 prot\u00e9ger les innocents\" \/>\n<meta name=\"robots\" content=\"index, follow, max-snippet:-1, max-image-preview:large, max-video-preview:-1\" \/>\n<link rel=\"canonical\" href=\"https:\/\/blog.holyart.it\/fr\/articles-religieux\/les-prieres-de-pape-francois-pour-2022-protagonistes-la-fraternite-et-la-solidarite\/\" \/>\n<meta property=\"og:locale\" content=\"fr_FR\" \/>\n<meta property=\"og:type\" content=\"article\" \/>\n<meta property=\"og:title\" content=\"Les pri\u00e8res de Pape Fran\u00e7ois pour 2022 : protagonistes la fraternit\u00e9 et la solidarit\u00e9\" \/>\n<meta property=\"og:description\" content=\"Les pri\u00e8res de Pape Fran\u00e7ois pour 2022 sont une invitation \u00e0 la fraternit\u00e9 et \u00e0 la solidarti\u00e9 parmi les peuples et un avertissement \u00e0 prot\u00e9ger les innocents\" \/>\n<meta property=\"og:url\" content=\"https:\/\/blog.holyart.it\/fr\/articles-religieux\/les-prieres-de-pape-francois-pour-2022-protagonistes-la-fraternite-et-la-solidarite\/\" \/>\n<meta property=\"og:site_name\" content=\"Holyart.fr Blog\" \/>\n<meta property=\"article:published_time\" content=\"2022-01-24T09:00:09+00:00\" \/>\n<meta property=\"article:modified_time\" content=\"2022-01-24T16:58:58+00:00\" \/>\n<meta property=\"og:image\" content=\"https:\/\/blog.holyart.it\/fr\/wp-content\/uploads\/sites\/14\/2022\/01\/prieres-de-Pape-Francois.jpg\" \/>\n\t<meta property=\"og:image:width\" content=\"1000\" \/>\n\t<meta property=\"og:image:height\" content=\"666\" \/>\n\t<meta property=\"og:image:type\" content=\"image\/jpeg\" \/>\n<meta name=\"author\" content=\"Redazione\" \/>\n<meta name=\"twitter:card\" content=\"summary_large_image\" \/>\n<meta name=\"twitter:label1\" content=\"\u00c9crit par\" \/>\n\t<meta name=\"twitter:data1\" content=\"Redazione\" \/>\n\t<meta name=\"twitter:label2\" content=\"Dur\u00e9e de lecture estim\u00e9e\" \/>\n\t<meta name=\"twitter:data2\" content=\"7 minutes\" \/>\n<script type=\"application\/ld+json\" class=\"yoast-schema-graph\">{\"@context\":\"https:\/\/schema.org\",\"@graph\":[{\"@type\":\"Article\",\"@id\":\"https:\/\/blog.holyart.it\/fr\/articles-religieux\/les-prieres-de-pape-francois-pour-2022-protagonistes-la-fraternite-et-la-solidarite\/#article\",\"isPartOf\":{\"@id\":\"https:\/\/blog.holyart.it\/fr\/articles-religieux\/les-prieres-de-pape-francois-pour-2022-protagonistes-la-fraternite-et-la-solidarite\/\"},\"author\":{\"name\":\"Redazione\",\"@id\":\"https:\/\/blog.holyart.it\/fr\/#\/schema\/person\/0a7b686e5af0f856ec1e390dd0baecda\"},\"headline\":\"Les pri\u00e8res de Pape Fran\u00e7ois pour 2022 : protagonistes la fraternit\u00e9 et la solidarit\u00e9\",\"datePublished\":\"2022-01-24T09:00:09+00:00\",\"dateModified\":\"2022-01-24T16:58:58+00:00\",\"mainEntityOfPage\":{\"@id\":\"https:\/\/blog.holyart.it\/fr\/articles-religieux\/les-prieres-de-pape-francois-pour-2022-protagonistes-la-fraternite-et-la-solidarite\/\"},\"wordCount\":1444,\"publisher\":{\"@id\":\"https:\/\/blog.holyart.it\/fr\/#organization\"},\"image\":{\"@id\":\"https:\/\/blog.holyart.it\/fr\/articles-religieux\/les-prieres-de-pape-francois-pour-2022-protagonistes-la-fraternite-et-la-solidarite\/#primaryimage\"},\"thumbnailUrl\":\"https:\/\/blog.holyart.it\/fr\/wp-content\/uploads\/sites\/14\/2022\/01\/prieres-de-Pape-Francois.jpg\",\"articleSection\":[\"Religion\"],\"inLanguage\":\"fr-FR\"},{\"@type\":\"WebPage\",\"@id\":\"https:\/\/blog.holyart.it\/fr\/articles-religieux\/les-prieres-de-pape-francois-pour-2022-protagonistes-la-fraternite-et-la-solidarite\/\",\"url\":\"https:\/\/blog.holyart.it\/fr\/articles-religieux\/les-prieres-de-pape-francois-pour-2022-protagonistes-la-fraternite-et-la-solidarite\/\",\"name\":\"Les pri\u00e8res de Pape Fran\u00e7ois pour 2022 : protagonistes la fraternit\u00e9 et la solidarit\u00e9\",\"isPartOf\":{\"@id\":\"https:\/\/blog.holyart.it\/fr\/#website\"},\"primaryImageOfPage\":{\"@id\":\"https:\/\/blog.holyart.it\/fr\/articles-religieux\/les-prieres-de-pape-francois-pour-2022-protagonistes-la-fraternite-et-la-solidarite\/#primaryimage\"},\"image\":{\"@id\":\"https:\/\/blog.holyart.it\/fr\/articles-religieux\/les-prieres-de-pape-francois-pour-2022-protagonistes-la-fraternite-et-la-solidarite\/#primaryimage\"},\"thumbnailUrl\":\"https:\/\/blog.holyart.it\/fr\/wp-content\/uploads\/sites\/14\/2022\/01\/prieres-de-Pape-Francois.jpg\",\"datePublished\":\"2022-01-24T09:00:09+00:00\",\"dateModified\":\"2022-01-24T16:58:58+00:00\",\"description\":\"Les pri\u00e8res de Pape Fran\u00e7ois pour 2022 sont une invitation \u00e0 la fraternit\u00e9 et \u00e0 la solidarti\u00e9 parmi les peuples et un avertissement \u00e0 prot\u00e9ger les innocents\",\"breadcrumb\":{\"@id\":\"https:\/\/blog.holyart.it\/fr\/articles-religieux\/les-prieres-de-pape-francois-pour-2022-protagonistes-la-fraternite-et-la-solidarite\/#breadcrumb\"},\"inLanguage\":\"fr-FR\",\"potentialAction\":[{\"@type\":\"ReadAction\",\"target\":[\"https:\/\/blog.holyart.it\/fr\/articles-religieux\/les-prieres-de-pape-francois-pour-2022-protagonistes-la-fraternite-et-la-solidarite\/\"]}]},{\"@type\":\"ImageObject\",\"inLanguage\":\"fr-FR\",\"@id\":\"https:\/\/blog.holyart.it\/fr\/articles-religieux\/les-prieres-de-pape-francois-pour-2022-protagonistes-la-fraternite-et-la-solidarite\/#primaryimage\",\"url\":\"https:\/\/blog.holyart.it\/fr\/wp-content\/uploads\/sites\/14\/2022\/01\/prieres-de-Pape-Francois.jpg\",\"contentUrl\":\"https:\/\/blog.holyart.it\/fr\/wp-content\/uploads\/sites\/14\/2022\/01\/prieres-de-Pape-Francois.jpg\",\"width\":1000,\"height\":666},{\"@type\":\"BreadcrumbList\",\"@id\":\"https:\/\/blog.holyart.it\/fr\/articles-religieux\/les-prieres-de-pape-francois-pour-2022-protagonistes-la-fraternite-et-la-solidarite\/#breadcrumb\",\"itemListElement\":[{\"@type\":\"ListItem\",\"position\":1,\"name\":\"Homepage\",\"item\":\"https:\/\/blog.holyart.it\/fr\/\"},{\"@type\":\"ListItem\",\"position\":2,\"name\":\"Religion\",\"item\":\"https:\/\/blog.holyart.it\/fr\/articles-religieux\/\"},{\"@type\":\"ListItem\",\"position\":3,\"name\":\"Les pri\u00e8res de Pape Fran\u00e7ois pour 2022 : protagonistes la fraternit\u00e9 et la solidarit\u00e9\"}]},{\"@type\":\"WebSite\",\"@id\":\"https:\/\/blog.holyart.it\/fr\/#website\",\"url\":\"https:\/\/blog.holyart.it\/fr\/\",\"name\":\"Holyart.fr Blog\",\"description\":\"Holyblog\",\"publisher\":{\"@id\":\"https:\/\/blog.holyart.it\/fr\/#organization\"},\"potentialAction\":[{\"@type\":\"SearchAction\",\"target\":{\"@type\":\"EntryPoint\",\"urlTemplate\":\"https:\/\/blog.holyart.it\/fr\/?s={search_term_string}\"},\"query-input\":{\"@type\":\"PropertyValueSpecification\",\"valueRequired\":true,\"valueName\":\"search_term_string\"}}],\"inLanguage\":\"fr-FR\"},{\"@type\":\"Organization\",\"@id\":\"https:\/\/blog.holyart.it\/fr\/#organization\",\"name\":\"Holyart.fr Blog\",\"url\":\"https:\/\/blog.holyart.it\/fr\/\",\"logo\":{\"@type\":\"ImageObject\",\"inLanguage\":\"fr-FR\",\"@id\":\"https:\/\/blog.holyart.it\/fr\/#\/schema\/logo\/image\/\",\"url\":\"https:\/\/blog.holyart.it\/fr\/wp-content\/uploads\/sites\/14\/2022\/12\/Holyart_Blog_Logo.jpg\",\"contentUrl\":\"https:\/\/blog.holyart.it\/fr\/wp-content\/uploads\/sites\/14\/2022\/12\/Holyart_Blog_Logo.jpg\",\"width\":300,\"height\":50,\"caption\":\"Holyart.fr Blog\"},\"image\":{\"@id\":\"https:\/\/blog.holyart.it\/fr\/#\/schema\/logo\/image\/\"}},{\"@type\":\"Person\",\"@id\":\"https:\/\/blog.holyart.it\/fr\/#\/schema\/person\/0a7b686e5af0f856ec1e390dd0baecda\",\"name\":\"Redazione\",\"image\":{\"@type\":\"ImageObject\",\"inLanguage\":\"fr-FR\",\"@id\":\"https:\/\/blog.holyart.it\/fr\/#\/schema\/person\/image\/\",\"url\":\"https:\/\/secure.gravatar.com\/avatar\/f477da817f43e50d0af36abecd33e3edf826c68299714bdc1057dff3b113f516?s=96&d=mm&r=g\",\"contentUrl\":\"https:\/\/secure.gravatar.com\/avatar\/f477da817f43e50d0af36abecd33e3edf826c68299714bdc1057dff3b113f516?s=96&d=mm&r=g\",\"caption\":\"Redazione\"},\"url\":\"https:\/\/blog.holyart.it\/fr\/author\/admin\/\"}]}<\/script>\n<!-- \/ Yoast SEO plugin. -->","yoast_head_json":{"title":"Les pri\u00e8res de Pape Fran\u00e7ois pour 2022 : protagonistes la fraternit\u00e9 et la solidarit\u00e9","description":"Les pri\u00e8res de Pape Fran\u00e7ois pour 2022 sont une invitation \u00e0 la fraternit\u00e9 et \u00e0 la solidarti\u00e9 parmi les peuples et un avertissement \u00e0 prot\u00e9ger les innocents","robots":{"index":"index","follow":"follow","max-snippet":"max-snippet:-1","max-image-preview":"max-image-preview:large","max-video-preview":"max-video-preview:-1"},"canonical":"https:\/\/blog.holyart.it\/fr\/articles-religieux\/les-prieres-de-pape-francois-pour-2022-protagonistes-la-fraternite-et-la-solidarite\/","og_locale":"fr_FR","og_type":"article","og_title":"Les pri\u00e8res de Pape Fran\u00e7ois pour 2022 : protagonistes la fraternit\u00e9 et la solidarit\u00e9","og_description":"Les pri\u00e8res de Pape Fran\u00e7ois pour 2022 sont une invitation \u00e0 la fraternit\u00e9 et \u00e0 la solidarti\u00e9 parmi les peuples et un avertissement \u00e0 prot\u00e9ger les innocents","og_url":"https:\/\/blog.holyart.it\/fr\/articles-religieux\/les-prieres-de-pape-francois-pour-2022-protagonistes-la-fraternite-et-la-solidarite\/","og_site_name":"Holyart.fr Blog","article_published_time":"2022-01-24T09:00:09+00:00","article_modified_time":"2022-01-24T16:58:58+00:00","og_image":[{"width":1000,"height":666,"url":"https:\/\/blog.holyart.it\/fr\/wp-content\/uploads\/sites\/14\/2022\/01\/prieres-de-Pape-Francois.jpg","type":"image\/jpeg"}],"author":"Redazione","twitter_card":"summary_large_image","twitter_misc":{"\u00c9crit par":"Redazione","Dur\u00e9e de lecture estim\u00e9e":"7 minutes"},"schema":{"@context":"https:\/\/schema.org","@graph":[{"@type":"Article","@id":"https:\/\/blog.holyart.it\/fr\/articles-religieux\/les-prieres-de-pape-francois-pour-2022-protagonistes-la-fraternite-et-la-solidarite\/#article","isPartOf":{"@id":"https:\/\/blog.holyart.it\/fr\/articles-religieux\/les-prieres-de-pape-francois-pour-2022-protagonistes-la-fraternite-et-la-solidarite\/"},"author":{"name":"Redazione","@id":"https:\/\/blog.holyart.it\/fr\/#\/schema\/person\/0a7b686e5af0f856ec1e390dd0baecda"},"headline":"Les pri\u00e8res de Pape Fran\u00e7ois pour 2022 : protagonistes la fraternit\u00e9 et la solidarit\u00e9","datePublished":"2022-01-24T09:00:09+00:00","dateModified":"2022-01-24T16:58:58+00:00","mainEntityOfPage":{"@id":"https:\/\/blog.holyart.it\/fr\/articles-religieux\/les-prieres-de-pape-francois-pour-2022-protagonistes-la-fraternite-et-la-solidarite\/"},"wordCount":1444,"publisher":{"@id":"https:\/\/blog.holyart.it\/fr\/#organization"},"image":{"@id":"https:\/\/blog.holyart.it\/fr\/articles-religieux\/les-prieres-de-pape-francois-pour-2022-protagonistes-la-fraternite-et-la-solidarite\/#primaryimage"},"thumbnailUrl":"https:\/\/blog.holyart.it\/fr\/wp-content\/uploads\/sites\/14\/2022\/01\/prieres-de-Pape-Francois.jpg","articleSection":["Religion"],"inLanguage":"fr-FR"},{"@type":"WebPage","@id":"https:\/\/blog.holyart.it\/fr\/articles-religieux\/les-prieres-de-pape-francois-pour-2022-protagonistes-la-fraternite-et-la-solidarite\/","url":"https:\/\/blog.holyart.it\/fr\/articles-religieux\/les-prieres-de-pape-francois-pour-2022-protagonistes-la-fraternite-et-la-solidarite\/","name":"Les pri\u00e8res de Pape Fran\u00e7ois pour 2022 : protagonistes la fraternit\u00e9 et la solidarit\u00e9","isPartOf":{"@id":"https:\/\/blog.holyart.it\/fr\/#website"},"primaryImageOfPage":{"@id":"https:\/\/blog.holyart.it\/fr\/articles-religieux\/les-prieres-de-pape-francois-pour-2022-protagonistes-la-fraternite-et-la-solidarite\/#primaryimage"},"image":{"@id":"https:\/\/blog.holyart.it\/fr\/articles-religieux\/les-prieres-de-pape-francois-pour-2022-protagonistes-la-fraternite-et-la-solidarite\/#primaryimage"},"thumbnailUrl":"https:\/\/blog.holyart.it\/fr\/wp-content\/uploads\/sites\/14\/2022\/01\/prieres-de-Pape-Francois.jpg","datePublished":"2022-01-24T09:00:09+00:00","dateModified":"2022-01-24T16:58:58+00:00","description":"Les pri\u00e8res de Pape Fran\u00e7ois pour 2022 sont une invitation \u00e0 la fraternit\u00e9 et \u00e0 la solidarti\u00e9 parmi les peuples et un avertissement \u00e0 prot\u00e9ger les innocents","breadcrumb":{"@id":"https:\/\/blog.holyart.it\/fr\/articles-religieux\/les-prieres-de-pape-francois-pour-2022-protagonistes-la-fraternite-et-la-solidarite\/#breadcrumb"},"inLanguage":"fr-FR","potentialAction":[{"@type":"ReadAction","target":["https:\/\/blog.holyart.it\/fr\/articles-religieux\/les-prieres-de-pape-francois-pour-2022-protagonistes-la-fraternite-et-la-solidarite\/"]}]},{"@type":"ImageObject","inLanguage":"fr-FR","@id":"https:\/\/blog.holyart.it\/fr\/articles-religieux\/les-prieres-de-pape-francois-pour-2022-protagonistes-la-fraternite-et-la-solidarite\/#primaryimage","url":"https:\/\/blog.holyart.it\/fr\/wp-content\/uploads\/sites\/14\/2022\/01\/prieres-de-Pape-Francois.jpg","contentUrl":"https:\/\/blog.holyart.it\/fr\/wp-content\/uploads\/sites\/14\/2022\/01\/prieres-de-Pape-Francois.jpg","width":1000,"height":666},{"@type":"BreadcrumbList","@id":"https:\/\/blog.holyart.it\/fr\/articles-religieux\/les-prieres-de-pape-francois-pour-2022-protagonistes-la-fraternite-et-la-solidarite\/#breadcrumb","itemListElement":[{"@type":"ListItem","position":1,"name":"Homepage","item":"https:\/\/blog.holyart.it\/fr\/"},{"@type":"ListItem","position":2,"name":"Religion","item":"https:\/\/blog.holyart.it\/fr\/articles-religieux\/"},{"@type":"ListItem","position":3,"name":"Les pri\u00e8res de Pape Fran\u00e7ois pour 2022 : protagonistes la fraternit\u00e9 et la solidarit\u00e9"}]},{"@type":"WebSite","@id":"https:\/\/blog.holyart.it\/fr\/#website","url":"https:\/\/blog.holyart.it\/fr\/","name":"Holyart.fr Blog","description":"Holyblog","publisher":{"@id":"https:\/\/blog.holyart.it\/fr\/#organization"},"potentialAction":[{"@type":"SearchAction","target":{"@type":"EntryPoint","urlTemplate":"https:\/\/blog.holyart.it\/fr\/?s={search_term_string}"},"query-input":{"@type":"PropertyValueSpecification","valueRequired":true,"valueName":"search_term_string"}}],"inLanguage":"fr-FR"},{"@type":"Organization","@id":"https:\/\/blog.holyart.it\/fr\/#organization","name":"Holyart.fr Blog","url":"https:\/\/blog.holyart.it\/fr\/","logo":{"@type":"ImageObject","inLanguage":"fr-FR","@id":"https:\/\/blog.holyart.it\/fr\/#\/schema\/logo\/image\/","url":"https:\/\/blog.holyart.it\/fr\/wp-content\/uploads\/sites\/14\/2022\/12\/Holyart_Blog_Logo.jpg","contentUrl":"https:\/\/blog.holyart.it\/fr\/wp-content\/uploads\/sites\/14\/2022\/12\/Holyart_Blog_Logo.jpg","width":300,"height":50,"caption":"Holyart.fr Blog"},"image":{"@id":"https:\/\/blog.holyart.it\/fr\/#\/schema\/logo\/image\/"}},{"@type":"Person","@id":"https:\/\/blog.holyart.it\/fr\/#\/schema\/person\/0a7b686e5af0f856ec1e390dd0baecda","name":"Redazione","image":{"@type":"ImageObject","inLanguage":"fr-FR","@id":"https:\/\/blog.holyart.it\/fr\/#\/schema\/person\/image\/","url":"https:\/\/secure.gravatar.com\/avatar\/f477da817f43e50d0af36abecd33e3edf826c68299714bdc1057dff3b113f516?s=96&d=mm&r=g","contentUrl":"https:\/\/secure.gravatar.com\/avatar\/f477da817f43e50d0af36abecd33e3edf826c68299714bdc1057dff3b113f516?s=96&d=mm&r=g","caption":"Redazione"},"url":"https:\/\/blog.holyart.it\/fr\/author\/admin\/"}]}},"_links":{"self":[{"href":"https:\/\/blog.holyart.it\/fr\/wp-json\/wp\/v2\/posts\/3866","targetHints":{"allow":["GET"]}}],"collection":[{"href":"https:\/\/blog.holyart.it\/fr\/wp-json\/wp\/v2\/posts"}],"about":[{"href":"https:\/\/blog.holyart.it\/fr\/wp-json\/wp\/v2\/types\/post"}],"author":[{"embeddable":true,"href":"https:\/\/blog.holyart.it\/fr\/wp-json\/wp\/v2\/users\/1"}],"replies":[{"embeddable":true,"href":"https:\/\/blog.holyart.it\/fr\/wp-json\/wp\/v2\/comments?post=3866"}],"version-history":[{"count":0,"href":"https:\/\/blog.holyart.it\/fr\/wp-json\/wp\/v2\/posts\/3866\/revisions"}],"wp:featuredmedia":[{"embeddable":true,"href":"https:\/\/blog.holyart.it\/fr\/wp-json\/wp\/v2\/media\/3871"}],"wp:attachment":[{"href":"https:\/\/blog.holyart.it\/fr\/wp-json\/wp\/v2\/media?parent=3866"}],"wp:term":[{"taxonomy":"category","embeddable":true,"href":"https:\/\/blog.holyart.it\/fr\/wp-json\/wp\/v2\/categories?post=3866"},{"taxonomy":"post_tag","embeddable":true,"href":"https:\/\/blog.holyart.it\/fr\/wp-json\/wp\/v2\/tags?post=3866"}],"curies":[{"name":"wp","href":"https:\/\/api.w.org\/{rel}","templated":true}]}}