{"id":3855,"date":"2022-01-20T10:00:02","date_gmt":"2022-01-20T09:00:02","guid":{"rendered":"https:\/\/blog.holyart.it\/fr\/?p=3855"},"modified":"2024-08-30T15:00:57","modified_gmt":"2024-08-30T13:00:57","slug":"les-saints-patrons-deurope-chaque-pays-a-son-saint-protecteur","status":"publish","type":"post","link":"https:\/\/blog.holyart.it\/fr\/saints-et-bienheureux\/les-saints-patrons-deurope-chaque-pays-a-son-saint-protecteur\/","title":{"rendered":"Les saints patrons d\u2019Europe : chaque pays a son saint protecteur"},"content":{"rendered":"<h4>Chaque pays a son saint protecteur : dans cet article, vous allez d\u00e9couvrir tous les saints protecteurs d\u2019Europe !<\/h4>\n<p>Chaque pays a &#8230; son propre saint. En connaissant l\u2019histoire de l\u2019Europe et des pays qui la compose, nous nous rendons compte que beaucoup de changements et de moments cl\u00e9 dans l\u2019histoire de l\u2019Europe sont li\u00e9s \u00e0 certains saints et saintes. Beaucoup d\u2019entre eux, pendant et apr\u00e8s leur vie, ont contribu\u00e9 \u00e0 changer non seulement l\u2019\u00c9glise, mais le monde aussi \u2013 <a href=\"https:\/\/www.holyart.fr\/blog\/saints-et-bienheureux\/saints-saintes-ont-change-monde\/\"><strong>dans un de nos articles<\/strong><\/a>, nous avons pr\u00e9sent\u00e9 certains de ces personnages. L\u2019Europe et ses \u00e9tats, au cours de l\u2019histoire, avec la contribution des papes et par la d\u00e9votion du peuple, ont \u00e9t\u00e9 confi\u00e9s \u00e0 la protection de certains saints en particulier.<\/p>\n<p>Voici quels sont les <strong>saints patrons d\u2019Europe<\/strong> en tant que continent et de certains des \u00e9tats qui la composent.<\/p>\n<div class=\"link-article\">\n<p><img loading=\"lazy\" decoding=\"async\" class=\"size-full wp-image-3857 alignleft\" src=\"https:\/\/blog.holyart.it\/fr\/wp-content\/uploads\/sites\/14\/2022\/01\/saints.jpg\" alt=\"saints\" width=\"150\" height=\"99\" data-kale-share-title=\"Les saints patrons d\u2019Europe : chaque pays a son saint protecteur\" data-kale-share-url=\"https:\/\/blog.holyart.it\/fr\/?p=3855\" \/><\/p>\n<div class=\"leggi-anche\">Lire aussi :<\/div>\n<p><strong><a href=\"https:\/\/www.holyart.fr\/blog\/saints-et-bienheureux\/saints-saintes-ont-change-monde\/\">Les saints et les saintes qui ont chang\u00e9 le monde<\/a><\/strong><br \/>\nL\u2019Histoire de l\u2019Europe et de l\u2019Occident comme nous le connaissons passe \u00e0 travers une s\u00e9rie continue de subversions politiques&#8230;<\/p>\n<\/div>\n<h2>Les Saints patrons d\u2019Europe<\/h2>\n<p>L&rsquo;Europe en tant que continent est confi\u00e9e \u00e0 diff\u00e9rents protecteurs. <a href=\"https:\/\/www.holyart.fr\/blog\/saints-et-bienheureux\/saint-benoit-de-nursie-saint-patron-de-leurope\/\"><strong>Saint Beno\u00eet de Nursie<\/strong><\/a> est l\u2019un d\u2019eux, proclam\u00e9 saint patron d\u2019Europe par pape Paul VI en 1964. Saint Beno\u00eet apporta une tr\u00e8s importante contribution au d\u00e9veloppement de l\u2019Europe et de nombreux de ses pays avec la fondation de l\u2019<a href=\"https:\/\/www.holyart.fr\/articles-religieux\/crucifix\/croix-de-st.-benoit\"><strong>Ordre de Saint Beno\u00eet<\/strong><\/a>.<\/p>\n<div class=\"link-product\">\n<div class=\"blocco-immagine\"><img loading=\"lazy\" decoding=\"async\" class=\"size-full wp-image-3858 alignleft\" src=\"https:\/\/blog.holyart.it\/fr\/wp-content\/uploads\/sites\/14\/2022\/01\/Croix-de-St.-Benoit.jpg\" alt=\"Croix de St. Benoit\" width=\"100\" height=\"100\" data-kale-share-title=\"Les saints patrons d\u2019Europe : chaque pays a son saint protecteur\" data-kale-share-url=\"https:\/\/blog.holyart.it\/fr\/?p=3855\" \/><\/div>\n<div class=\"blocco-contenuto\">\n<div class=\"blocco-acquista\">Acheter sur Holyart:<\/div>\n<div class=\"blocco-titolo\"><a href=\"https:\/\/www.holyart.fr\/articles-religieux\/crucifix\/croix-de-st.-benoit\">Croix de St. Beno\u00eet<\/a><\/div>\n<div class=\"blocco-descrizione\">Croix de Saint Beno\u00eet: croix en m\u00e9tal, bois d&rsquo;olivier, en bois naturel et color\u00e9es.<\/div>\n<\/div>\n<\/div>\n<p>Avec Saint Beno\u00eet, parmi les saints patrons d\u2019Europe, nous trouvons Sainte Catherine de Sienne, \u00e0 qui l\u2019Europe a \u00e9t\u00e9 confi\u00e9e \u00e0 partir de 1999 par pape Jean-Paul II.<\/p>\n<p>Mais <a href=\"https:\/\/www.holyart.fr\/articles-religieux\/chapelets-et-etuis-a-chapelet\/rosaires-de-devotion\/chapelet-de-devotion-de-sainte-brigitte\"><strong>Sainte Brigitte de Su\u00e8de<\/strong><\/a> aussi figure parmi les saints patrons du continent europ\u00e9en. Elle a \u00e9galement \u00e9t\u00e9 proclam\u00e9e co-patronne d\u2019Europe en 1999 en m\u00eame temps que Sainte Catherine.<\/p>\n<p>Les autres saints patrons d\u2019Europe sont Cyrille et M\u00e9thode, les fr\u00e8res \u00e9vang\u00e9lisateurs des peuples slaves, et Sainte Th\u00e9r\u00e8se-B\u00e9n\u00e9dicte de la Croix (Edith Stein).<\/p>\n<h3>Saints patrons d&rsquo;Italie : Saint Fran\u00e7ois et Sainte Catherine<\/h3>\n<p>Les Saints patrons \u00e0 qui est confi\u00e9e l\u2019Italie sont <strong><a href=\"https:\/\/www.holyart.fr\/articles-religieux\/statues\/statues-en-bois-peint\/saint-francois-dassise-avec-animaux-bois-val-gardena\">Saint Fran\u00e7ois d\u2019Assise<\/a> et Sainte Catherine de Sienne<\/strong>. Ils furent proclam\u00e9s patrons d\u2019Italie par pape Pie XI en 1939. Saint Fran\u00e7ois fut le protagoniste d\u2019un grand changement au sein de l\u2019\u00c9glise et dans la vie des Italiens, gr\u00e2ce \u00e0 son choix de <a href=\"https:\/\/www.holyart.fr\/blog\/saints-et-bienheureux\/le-cantique-des-creatures-de-saint-francois\/\"><strong>servir l\u2019\u00c9glise dans la pauvret\u00e9<\/strong><\/a>. Dans la p\u00e9riode historique pendant laquelle il v\u00e9cut, l\u2019\u00c9glise avait besoin d\u2019une r\u00e9forme afin de la rendre plus coh\u00e9rente avec ses enseignements et plus proche des fid\u00e8les : la vocation de Saint Fran\u00e7ois et son d\u00e9vouement \u00e0 Christ amen\u00e8rent un grand renouvellement dans la vie de l\u2019\u00c9glise.<\/p>\n<p><a href=\"https:\/\/www.holyart.fr\/articles-religieux\/statues\/statues-en-resine-et-pvc\/sainte-catherine-de-sienne-40-cm-statue-resine\"><strong>Sainte Catherine de Sienne<\/strong><\/a> fut une personnalit\u00e9 importante dans la soci\u00e9t\u00e9 m\u00e9di\u00e9vale et contribua au retour \u00e0 Rome du pape apr\u00e8s la captivit\u00e9 avignonnaise. Elle fut convoqu\u00e9e par pape Urbain VI, un \u00e9v\u00e9nement pour une femme \u00e0 cette \u00e9poque, et au cours de sa vie on reconnut sa place au sein des \u00e9rudits, politiques et personnalit\u00e9s de la soci\u00e9t\u00e9 europ\u00e9enne.<\/p>\n<div class=\"link-product\">\n<div class=\"blocco-immagine\"><img loading=\"lazy\" decoding=\"async\" class=\"size-full wp-image-3859 alignleft\" src=\"https:\/\/blog.holyart.it\/fr\/wp-content\/uploads\/sites\/14\/2022\/01\/sainte-catherine-de-sienne-40-cm-statue-resine.jpg\" alt=\"sainte catherine de sienne 40 cm statue resine\" width=\"100\" height=\"100\" data-kale-share-title=\"Les saints patrons d\u2019Europe : chaque pays a son saint protecteur\" data-kale-share-url=\"https:\/\/blog.holyart.it\/fr\/?p=3855\" \/><\/div>\n<div class=\"blocco-contenuto\">\n<div class=\"blocco-acquista\">Acheter sur Holyart:<\/div>\n<div class=\"blocco-titolo\"><a href=\"https:\/\/www.holyart.fr\/articles-religieux\/statues\/statues-en-resine-et-pvc\/sainte-catherine-de-sienne-40-cm-statue-resine\">Sainte Catherine de Sienne 40 cm statue r\u00e9sine<\/a><\/div>\n<div class=\"blocco-descrizione\">Statue en r\u00e9sine color\u00e9e \u00e0 la main, repr\u00e9sentant Sainte Catherine avec un livre et un bouquet de fleurs en main.<\/div>\n<\/div>\n<\/div>\n<h3>Saints patrons de France : Sainte Jeanne d\u2019Arc<\/h3>\n<p>En pensant \u00e0 la France, un des premiers noms qui nous viennent \u00e0 l\u2019esprit est surement celui de <strong>Jeanne d\u2019Arc, la pucelle d\u2019Orl\u00e9ans<\/strong>. Avec la Sainte Vierge Marie, Saint Martin de Tours et Sainte Th\u00e9r\u00e8se de Lisieux, elle est patronne de l\u2019\u00e9tat fran\u00e7ais depuis peu de temps apr\u00e8s sa canonisation en 1920. Sainte Jeanne d\u2019Arc est c\u00e9l\u00e8bre pour ses gestes en guerre. Elle contribua \u00e0 r\u00e9cup\u00e9rer une partie des territoires fran\u00e7ais que l\u2019Angleterre avait conquis apr\u00e8s la Guerre des Cent ans et brandit l\u2019\u00e9tendard d\u2019un \u00e9tat catholique sous la protection de Dieu. Elle fut captur\u00e9e par les Anglais, jug\u00e9e, faussement accus\u00e9e d\u2019h\u00e9r\u00e9sie et br\u00fbl\u00e9e sur le b\u00fbcher. Son proc\u00e8s fut d\u00e9clar\u00e9 nul en 1456 par pape Calliste III.<\/p>\n<div class=\"link-product\">\n<div class=\"blocco-immagine\"><img loading=\"lazy\" decoding=\"async\" class=\"size-full wp-image-3860 alignleft\" src=\"https:\/\/blog.holyart.it\/fr\/wp-content\/uploads\/sites\/14\/2022\/01\/sainte-jeanne-darc.jpg\" alt=\"sainte jeanne darc\" width=\"100\" height=\"100\" data-kale-share-title=\"Les saints patrons d\u2019Europe : chaque pays a son saint protecteur\" data-kale-share-url=\"https:\/\/blog.holyart.it\/fr\/?p=3855\" \/><\/div>\n<div class=\"blocco-contenuto\">\n<div class=\"blocco-acquista\">Acheter sur Holyart:<\/div>\n<div class=\"blocco-titolo\"><a href=\"https:\/\/www.holyart.fr\/articles-religieux\/tableaux-gravures-manuscrit-enlumine\/sainte-jeanne-darc\">Sainte Jeanne d&rsquo;Arc<\/a><\/div>\n<div class=\"blocco-descrizione\">Disponible en trois tailles pr\u00eat pour \u00eatre affich\u00e9 au mur : cm 30 x 40, cm 50 x 70, cm 70 x 100. Auteur: Paolo Bartoli.<\/div>\n<\/div>\n<\/div>\n<h3>Saints patrons d\u2019Allemagne : Saint Michel Archange<\/h3>\n<p>Un des patrons de l\u2019Allemagne est <a href=\"https:\/\/www.holyart.fr\/articles-religieux\/statues\/statues-en-resine-et-pvc\/saint-michel-archange-30-cm-statue-en-resine\"><strong>Saint Michel Archange<\/strong><\/a>. Saint Michel, l\u2019archange guerrier, est un saint auquel de nombreux fid\u00e8les sont d\u00e9vots. Dans un de nos articles nous avons parl\u00e9 de la Ligne Sacr\u00e9e de Saint Michel Archange : une ligne droite qui relie \u00e0 vol d\u2019oiseau sept sanctuaires d\u00e9di\u00e9s \u00e0 Saint Michel, myst\u00e9rieusement align\u00e9s de mani\u00e8re parfaite. \u00c0 Saint Michel sont d\u00e9di\u00e9es diff\u00e9rentes \u00e9glises allemandes, comme celles d\u2019Hambourg, Munich et Hildesheim.<\/p>\n<div class=\"link-product\">\n<div class=\"blocco-immagine\"><img loading=\"lazy\" decoding=\"async\" class=\"size-full wp-image-3861 alignleft\" src=\"https:\/\/blog.holyart.it\/fr\/wp-content\/uploads\/sites\/14\/2022\/01\/saint-michel-archange-30-cm-statue-en-resine.jpg\" alt=\"saint michel archange 30 cm statue en resine\" width=\"100\" height=\"100\" data-kale-share-title=\"Les saints patrons d\u2019Europe : chaque pays a son saint protecteur\" data-kale-share-url=\"https:\/\/blog.holyart.it\/fr\/?p=3855\" \/><\/div>\n<div class=\"blocco-contenuto\">\n<div class=\"blocco-acquista\">Acheter sur Holyart:<\/div>\n<div class=\"blocco-titolo\"><a href=\"https:\/\/www.holyart.fr\/articles-religieux\/statues\/statues-en-resine-et-pvc\/saint-michel-archange-30-cm-statue-en-resine\">Saint Michel Archange 30 cm statue en r\u00e9sine<\/a><\/div>\n<div class=\"blocco-descrizione\">Statue en r\u00e9sine de Saint Michel peinte \u00e0 la main et soign\u00e9e dans le moindre d\u00e9tail.<\/div>\n<\/div>\n<\/div>\n<h3>Saints patrons de Pologne : Vierge Marie Reine de Pologne<\/h3>\n<p>La Pologne a plusieurs saints patrons : Saint Casimir, Sainte Cun\u00e9gonde, Saint Albert de Prague, Saint Stanislas \u00e9v\u00eaque, Saint Stanislas Kostka, Saint Andr\u00e9 Bobola, Saint Florian. Mais la premi\u00e8re protectrice de la Pologne, la figura la plus aim\u00e9e et ch\u00e8re aux fid\u00e8les polonais est la <a href=\"https:\/\/www.holyart.fr\/articles-religieux\/tableaux-gravures-manuscrit-enlumine\/cadre-sur-toile-vierge-noire-de-czestochowa-40x30-cm\"><strong>Sainte Vierge Marie, Reine de Pologne<\/strong><\/a>. Le lien entre la Pologne et la figure de Marie est tr\u00e8s ancien. La Pologne est un lieu o\u00f9 se trouvent de tr\u00e8s nombreuses repr\u00e9sentations de la Vierge, des ic\u00f4nes aux fresques. <a href=\"https:\/\/www.holyart.fr\/occasions-speciales\/jean-paul-ii\"><strong>Saint Jean-Paul II aussi, premier pape polonais<\/strong><\/a>, s\u2019est distingu\u00e9 pendant les ann\u00e9es de son pontificat pour sa d\u00e9votion \u00e0 Marie.<\/p>\n<h3>Saints patrons d\u2019Espagne : Saint Jacques<\/h3>\n<p>Les saints patrons d\u2019Espagne sont la Vierge du Pilier, l\u2019Immacul\u00e9e Conception, <a href=\"https:\/\/www.holyart.fr\/articles-religieux\/statues\/statues-en-bois-naturel\/sainte-therese-davila-avec-couronne-depines-bois-naturel-val-gardena\"><strong>Sainte Th\u00e9r\u00e8se d\u2019Avila<\/strong><\/a> et, bien \u00e9videmment, <strong>Saint Jacques<\/strong>. En espagnol, l\u2019\u00e9quivalent de Jacques est <a href=\"https:\/\/www.holyart.fr\/articles-religieux\/statues\/statues-en-resine-et-pvc\/statue-saint-jacques-15-cm-moranduzzo\"><strong>Santiago<\/strong><\/a> et l\u2019un des endroits qui attire le plus de p\u00e8lerins au monde vers l\u2019Espagne est justement le Chemin de Compostelle.<\/p>\n<h3>Saints patrons du Portugal : Saint Antoine de Padoue<\/h3>\n<p>Le Portugal est confi\u00e9 \u00e0 la Tr\u00e8s-Sainte Vierge Marie de l\u2019Immacul\u00e9e Conception, \u00e0 Saint George, Saint Gabriel Archange, Saint Fran\u00e7ois de Borgia et <a href=\"https:\/\/www.holyart.fr\/blog\/saints-et-bienheureux\/saint-antoine-de-padoue-le-saint-aux-miracles\/\"><strong>Saint Antoine de Padoue<\/strong><\/a> (ou de Lisbonne, au Portugal). Pour ce dernier, une grande f\u00eate est c\u00e9l\u00e9br\u00e9e chaque ann\u00e9e dans la capitale portugaise.<\/p>\n<div class=\"link-article\">\n<p><img loading=\"lazy\" decoding=\"async\" class=\"size-full wp-image-3862 alignleft\" src=\"https:\/\/blog.holyart.it\/fr\/wp-content\/uploads\/sites\/14\/2022\/01\/saint-antoine-de-padoue.jpg\" alt=\"saint antoine de padoue\" width=\"150\" height=\"103\" data-kale-share-title=\"Les saints patrons d\u2019Europe : chaque pays a son saint protecteur\" data-kale-share-url=\"https:\/\/blog.holyart.it\/fr\/?p=3855\" \/><\/p>\n<div class=\"leggi-anche\">Lire aussi :<\/div>\n<p><strong><a href=\"https:\/\/www.holyart.fr\/blog\/saints-et-bienheureux\/saint-antoine-de-padoue-le-saint-aux-miracles\/\">Saint Antoine de Padoue, le Saint aux miracles<\/a><\/strong><br \/>\nSaint Antoine de Padoue fut, d\u00e9j\u00e0 parmi ses contemporains, ma\u00eetre de sagesse chr\u00e9tienne et auteur d\u2019\u0153uvres immortelles&#8230;<\/p>\n<\/div>\n<h3>Saints patrons du Royaume-Uni : Saint George<\/h3>\n<p>Le Royaume-Uni a des saints patrons diff\u00e9rents en fonction de la nation : Saint David pour le Pays de Galles, Saint Patrick pour l\u2019Irlande du Nord, Saint Andr\u00e9 Ap\u00f4tre et Saint Colomba pour l\u2019\u00c9cosse, Notre-Dame de Walsingham et Saint George pour l\u2019Angleterre. <strong>Saint George<\/strong> est un saint tr\u00e8s aim\u00e9 dans le monde anglais, malgr\u00e9 le fait que les d\u00e9tails de son histoire ne soient pas bien connus. Ce qui est certain est qu\u2019il \u00e9tait un chevalier : souvent il est repr\u00e9sent\u00e9 \u00e0 cheval, avec une \u00e9p\u00e9e ou une lance, en train de tuer un dragon, symbole du mal et du p\u00e9ch\u00e9.<\/p>\n<h3>Saints patrons d\u2019Irlande : Saint Patrick<\/h3>\n<p>Et pour finir, comment ne pas mentionner le si c\u00e9l\u00e8bre jour de la <a href=\"https:\/\/www.holyart.fr\/articles-religieux\/statues\/statues-en-resine-et-pvc\/saint-patrick-crosse-statue-resine-13-cm\"><strong>Saint Patrick<\/strong><\/a> ? Avec Sainte Brigitte de Kildare et Saint Colomba, Saint Patrick est <a href=\"https:\/\/www.holyart.fr\/blog\/articles-religieux\/saint-patrick-la-fete-curiosites-et-histoire\/\"><strong>patron d\u2019Irlande<\/strong><\/a>. Dans ses repr\u00e9sentations, il est souvent habill\u00e9 en vert, couleur symbole de l\u2019Irlande. Il fut un \u00e9v\u00eaque au r\u00f4le tr\u00e8s important dans la cat\u00e9ch\u00e8se des Irlandais : on rappelle souvent l\u2019analogie du tr\u00e8fle, utilis\u00e9e pour expliquer le myst\u00e8re de la Tr\u00e8s-Sainte Trinit\u00e9, attribu\u00e9e justement \u00e0 Saint Patrick.<\/p>\n<div class=\"link-article\">\n<p><img loading=\"lazy\" decoding=\"async\" class=\"size-full wp-image-3863 alignleft\" src=\"https:\/\/blog.holyart.it\/fr\/wp-content\/uploads\/sites\/14\/2022\/01\/Saint-Patrick.jpg\" alt=\"Saint Patrick\" width=\"150\" height=\"99\" data-kale-share-title=\"Les saints patrons d\u2019Europe : chaque pays a son saint protecteur\" data-kale-share-url=\"https:\/\/blog.holyart.it\/fr\/?p=3855\" \/><\/p>\n<div class=\"leggi-anche\">Lire aussi :<\/div>\n<p><strong><a href=\"https:\/\/www.holyart.fr\/blog\/articles-religieux\/saint-patrick-la-fete-curiosites-et-histoire\/\">Saint Patrick : la f\u00eate, curiosit\u00e9s et histoire<\/a><\/strong><br \/>\nLe 17 mars, on f\u00eate Saint Patrick, Saint Patron d\u2019Irlande. Une f\u00eate remplie de joie, couleurs (surtout le vert) et musique&#8230;<\/p>\n<\/div>\n","protected":false},"excerpt":{"rendered":"<p>Chaque pays a son saint protecteur : dans cet article, vous allez d\u00e9couvrir tous les saints protecteurs d\u2019Europe ! Chaque pays a &#8230; son propre saint. En connaissant l\u2019histoire de l\u2019Europe et des pays qui la compose, nous nous rendons compte que beaucoup de changements&hellip;<\/p>\n","protected":false},"author":1,"featured_media":3856,"comment_status":"closed","ping_status":"open","sticky":false,"template":"","format":"standard","meta":{"_acf_changed":false,"footnotes":""},"categories":[7],"tags":[],"class_list":["post-3855","post","type-post","status-publish","format-standard","has-post-thumbnail","hentry","category-saints-et-bienheureux"],"acf":[],"yoast_head":"<!-- This site is optimized with the Yoast SEO plugin v26.6 - https:\/\/yoast.com\/wordpress\/plugins\/seo\/ -->\n<title>Les saints patrons d\u2019Europe : chaque pays a son saint protecteur<\/title>\n<meta name=\"description\" content=\"Dans cet article, vous allez d\u00e9couvrir quels sont les saints patrons d\u2019Europe en tant que continent et de certains des \u00e9tats qui la composent.\" \/>\n<meta name=\"robots\" content=\"index, follow, max-snippet:-1, max-image-preview:large, max-video-preview:-1\" \/>\n<link rel=\"canonical\" href=\"https:\/\/blog.holyart.it\/fr\/saints-et-bienheureux\/les-saints-patrons-deurope-chaque-pays-a-son-saint-protecteur\/\" \/>\n<meta property=\"og:locale\" content=\"fr_FR\" \/>\n<meta property=\"og:type\" content=\"article\" \/>\n<meta property=\"og:title\" content=\"Les saints patrons d\u2019Europe : chaque pays a son saint protecteur\" \/>\n<meta property=\"og:description\" content=\"Dans cet article, vous allez d\u00e9couvrir quels sont les saints patrons d\u2019Europe en tant que continent et de certains des \u00e9tats qui la composent.\" \/>\n<meta property=\"og:url\" content=\"https:\/\/blog.holyart.it\/fr\/saints-et-bienheureux\/les-saints-patrons-deurope-chaque-pays-a-son-saint-protecteur\/\" \/>\n<meta property=\"og:site_name\" content=\"Holyart.fr Blog\" \/>\n<meta property=\"article:published_time\" content=\"2022-01-20T09:00:02+00:00\" \/>\n<meta property=\"article:modified_time\" content=\"2024-08-30T13:00:57+00:00\" \/>\n<meta property=\"og:image\" content=\"https:\/\/blog.holyart.it\/fr\/wp-content\/uploads\/sites\/14\/2022\/01\/Les-saints-patrons-d\u2019Europe.jpeg\" \/>\n\t<meta property=\"og:image:width\" content=\"1000\" \/>\n\t<meta property=\"og:image:height\" content=\"666\" \/>\n\t<meta property=\"og:image:type\" content=\"image\/jpeg\" \/>\n<meta name=\"author\" content=\"Redazione\" \/>\n<meta name=\"twitter:card\" content=\"summary_large_image\" \/>\n<meta name=\"twitter:label1\" content=\"\u00c9crit par\" \/>\n\t<meta name=\"twitter:data1\" content=\"Redazione\" \/>\n\t<meta name=\"twitter:label2\" content=\"Dur\u00e9e de lecture estim\u00e9e\" \/>\n\t<meta name=\"twitter:data2\" content=\"8 minutes\" \/>\n<script type=\"application\/ld+json\" class=\"yoast-schema-graph\">{\"@context\":\"https:\/\/schema.org\",\"@graph\":[{\"@type\":\"Article\",\"@id\":\"https:\/\/blog.holyart.it\/fr\/saints-et-bienheureux\/les-saints-patrons-deurope-chaque-pays-a-son-saint-protecteur\/#article\",\"isPartOf\":{\"@id\":\"https:\/\/blog.holyart.it\/fr\/saints-et-bienheureux\/les-saints-patrons-deurope-chaque-pays-a-son-saint-protecteur\/\"},\"author\":{\"name\":\"Redazione\",\"@id\":\"https:\/\/blog.holyart.it\/fr\/#\/schema\/person\/0a7b686e5af0f856ec1e390dd0baecda\"},\"headline\":\"Les saints patrons d\u2019Europe : chaque pays a son saint protecteur\",\"datePublished\":\"2022-01-20T09:00:02+00:00\",\"dateModified\":\"2024-08-30T13:00:57+00:00\",\"mainEntityOfPage\":{\"@id\":\"https:\/\/blog.holyart.it\/fr\/saints-et-bienheureux\/les-saints-patrons-deurope-chaque-pays-a-son-saint-protecteur\/\"},\"wordCount\":1426,\"publisher\":{\"@id\":\"https:\/\/blog.holyart.it\/fr\/#organization\"},\"image\":{\"@id\":\"https:\/\/blog.holyart.it\/fr\/saints-et-bienheureux\/les-saints-patrons-deurope-chaque-pays-a-son-saint-protecteur\/#primaryimage\"},\"thumbnailUrl\":\"https:\/\/blog.holyart.it\/fr\/wp-content\/uploads\/sites\/14\/2022\/01\/Les-saints-patrons-d\u2019Europe.jpeg\",\"articleSection\":[\"Saints et Bienheureux\"],\"inLanguage\":\"fr-FR\"},{\"@type\":\"WebPage\",\"@id\":\"https:\/\/blog.holyart.it\/fr\/saints-et-bienheureux\/les-saints-patrons-deurope-chaque-pays-a-son-saint-protecteur\/\",\"url\":\"https:\/\/blog.holyart.it\/fr\/saints-et-bienheureux\/les-saints-patrons-deurope-chaque-pays-a-son-saint-protecteur\/\",\"name\":\"Les saints patrons d\u2019Europe : chaque pays a son saint protecteur\",\"isPartOf\":{\"@id\":\"https:\/\/blog.holyart.it\/fr\/#website\"},\"primaryImageOfPage\":{\"@id\":\"https:\/\/blog.holyart.it\/fr\/saints-et-bienheureux\/les-saints-patrons-deurope-chaque-pays-a-son-saint-protecteur\/#primaryimage\"},\"image\":{\"@id\":\"https:\/\/blog.holyart.it\/fr\/saints-et-bienheureux\/les-saints-patrons-deurope-chaque-pays-a-son-saint-protecteur\/#primaryimage\"},\"thumbnailUrl\":\"https:\/\/blog.holyart.it\/fr\/wp-content\/uploads\/sites\/14\/2022\/01\/Les-saints-patrons-d\u2019Europe.jpeg\",\"datePublished\":\"2022-01-20T09:00:02+00:00\",\"dateModified\":\"2024-08-30T13:00:57+00:00\",\"description\":\"Dans cet article, vous allez d\u00e9couvrir quels sont les saints patrons d\u2019Europe en tant que continent et de certains des \u00e9tats qui la composent.\",\"breadcrumb\":{\"@id\":\"https:\/\/blog.holyart.it\/fr\/saints-et-bienheureux\/les-saints-patrons-deurope-chaque-pays-a-son-saint-protecteur\/#breadcrumb\"},\"inLanguage\":\"fr-FR\",\"potentialAction\":[{\"@type\":\"ReadAction\",\"target\":[\"https:\/\/blog.holyart.it\/fr\/saints-et-bienheureux\/les-saints-patrons-deurope-chaque-pays-a-son-saint-protecteur\/\"]}]},{\"@type\":\"ImageObject\",\"inLanguage\":\"fr-FR\",\"@id\":\"https:\/\/blog.holyart.it\/fr\/saints-et-bienheureux\/les-saints-patrons-deurope-chaque-pays-a-son-saint-protecteur\/#primaryimage\",\"url\":\"https:\/\/blog.holyart.it\/fr\/wp-content\/uploads\/sites\/14\/2022\/01\/Les-saints-patrons-d\u2019Europe.jpeg\",\"contentUrl\":\"https:\/\/blog.holyart.it\/fr\/wp-content\/uploads\/sites\/14\/2022\/01\/Les-saints-patrons-d\u2019Europe.jpeg\",\"width\":1000,\"height\":666,\"caption\":\"les saints patrons d'europe\"},{\"@type\":\"BreadcrumbList\",\"@id\":\"https:\/\/blog.holyart.it\/fr\/saints-et-bienheureux\/les-saints-patrons-deurope-chaque-pays-a-son-saint-protecteur\/#breadcrumb\",\"itemListElement\":[{\"@type\":\"ListItem\",\"position\":1,\"name\":\"Homepage\",\"item\":\"https:\/\/blog.holyart.it\/fr\/\"},{\"@type\":\"ListItem\",\"position\":2,\"name\":\"Saints et Bienheureux\",\"item\":\"https:\/\/blog.holyart.it\/fr\/saints-et-bienheureux\/\"},{\"@type\":\"ListItem\",\"position\":3,\"name\":\"Les saints patrons d\u2019Europe : chaque pays a son saint protecteur\"}]},{\"@type\":\"WebSite\",\"@id\":\"https:\/\/blog.holyart.it\/fr\/#website\",\"url\":\"https:\/\/blog.holyart.it\/fr\/\",\"name\":\"Holyart.fr Blog\",\"description\":\"Holyblog\",\"publisher\":{\"@id\":\"https:\/\/blog.holyart.it\/fr\/#organization\"},\"potentialAction\":[{\"@type\":\"SearchAction\",\"target\":{\"@type\":\"EntryPoint\",\"urlTemplate\":\"https:\/\/blog.holyart.it\/fr\/?s={search_term_string}\"},\"query-input\":{\"@type\":\"PropertyValueSpecification\",\"valueRequired\":true,\"valueName\":\"search_term_string\"}}],\"inLanguage\":\"fr-FR\"},{\"@type\":\"Organization\",\"@id\":\"https:\/\/blog.holyart.it\/fr\/#organization\",\"name\":\"Holyart.fr Blog\",\"url\":\"https:\/\/blog.holyart.it\/fr\/\",\"logo\":{\"@type\":\"ImageObject\",\"inLanguage\":\"fr-FR\",\"@id\":\"https:\/\/blog.holyart.it\/fr\/#\/schema\/logo\/image\/\",\"url\":\"https:\/\/blog.holyart.it\/fr\/wp-content\/uploads\/sites\/14\/2022\/12\/Holyart_Blog_Logo.jpg\",\"contentUrl\":\"https:\/\/blog.holyart.it\/fr\/wp-content\/uploads\/sites\/14\/2022\/12\/Holyart_Blog_Logo.jpg\",\"width\":300,\"height\":50,\"caption\":\"Holyart.fr Blog\"},\"image\":{\"@id\":\"https:\/\/blog.holyart.it\/fr\/#\/schema\/logo\/image\/\"}},{\"@type\":\"Person\",\"@id\":\"https:\/\/blog.holyart.it\/fr\/#\/schema\/person\/0a7b686e5af0f856ec1e390dd0baecda\",\"name\":\"Redazione\",\"image\":{\"@type\":\"ImageObject\",\"inLanguage\":\"fr-FR\",\"@id\":\"https:\/\/blog.holyart.it\/fr\/#\/schema\/person\/image\/\",\"url\":\"https:\/\/secure.gravatar.com\/avatar\/f477da817f43e50d0af36abecd33e3edf826c68299714bdc1057dff3b113f516?s=96&d=mm&r=g\",\"contentUrl\":\"https:\/\/secure.gravatar.com\/avatar\/f477da817f43e50d0af36abecd33e3edf826c68299714bdc1057dff3b113f516?s=96&d=mm&r=g\",\"caption\":\"Redazione\"},\"url\":\"https:\/\/blog.holyart.it\/fr\/author\/admin\/\"}]}<\/script>\n<!-- \/ Yoast SEO plugin. -->","yoast_head_json":{"title":"Les saints patrons d\u2019Europe : chaque pays a son saint protecteur","description":"Dans cet article, vous allez d\u00e9couvrir quels sont les saints patrons d\u2019Europe en tant que continent et de certains des \u00e9tats qui la composent.","robots":{"index":"index","follow":"follow","max-snippet":"max-snippet:-1","max-image-preview":"max-image-preview:large","max-video-preview":"max-video-preview:-1"},"canonical":"https:\/\/blog.holyart.it\/fr\/saints-et-bienheureux\/les-saints-patrons-deurope-chaque-pays-a-son-saint-protecteur\/","og_locale":"fr_FR","og_type":"article","og_title":"Les saints patrons d\u2019Europe : chaque pays a son saint protecteur","og_description":"Dans cet article, vous allez d\u00e9couvrir quels sont les saints patrons d\u2019Europe en tant que continent et de certains des \u00e9tats qui la composent.","og_url":"https:\/\/blog.holyart.it\/fr\/saints-et-bienheureux\/les-saints-patrons-deurope-chaque-pays-a-son-saint-protecteur\/","og_site_name":"Holyart.fr Blog","article_published_time":"2022-01-20T09:00:02+00:00","article_modified_time":"2024-08-30T13:00:57+00:00","og_image":[{"width":1000,"height":666,"url":"https:\/\/blog.holyart.it\/fr\/wp-content\/uploads\/sites\/14\/2022\/01\/Les-saints-patrons-d\u2019Europe.jpeg","type":"image\/jpeg"}],"author":"Redazione","twitter_card":"summary_large_image","twitter_misc":{"\u00c9crit par":"Redazione","Dur\u00e9e de lecture estim\u00e9e":"8 minutes"},"schema":{"@context":"https:\/\/schema.org","@graph":[{"@type":"Article","@id":"https:\/\/blog.holyart.it\/fr\/saints-et-bienheureux\/les-saints-patrons-deurope-chaque-pays-a-son-saint-protecteur\/#article","isPartOf":{"@id":"https:\/\/blog.holyart.it\/fr\/saints-et-bienheureux\/les-saints-patrons-deurope-chaque-pays-a-son-saint-protecteur\/"},"author":{"name":"Redazione","@id":"https:\/\/blog.holyart.it\/fr\/#\/schema\/person\/0a7b686e5af0f856ec1e390dd0baecda"},"headline":"Les saints patrons d\u2019Europe : chaque pays a son saint protecteur","datePublished":"2022-01-20T09:00:02+00:00","dateModified":"2024-08-30T13:00:57+00:00","mainEntityOfPage":{"@id":"https:\/\/blog.holyart.it\/fr\/saints-et-bienheureux\/les-saints-patrons-deurope-chaque-pays-a-son-saint-protecteur\/"},"wordCount":1426,"publisher":{"@id":"https:\/\/blog.holyart.it\/fr\/#organization"},"image":{"@id":"https:\/\/blog.holyart.it\/fr\/saints-et-bienheureux\/les-saints-patrons-deurope-chaque-pays-a-son-saint-protecteur\/#primaryimage"},"thumbnailUrl":"https:\/\/blog.holyart.it\/fr\/wp-content\/uploads\/sites\/14\/2022\/01\/Les-saints-patrons-d\u2019Europe.jpeg","articleSection":["Saints et Bienheureux"],"inLanguage":"fr-FR"},{"@type":"WebPage","@id":"https:\/\/blog.holyart.it\/fr\/saints-et-bienheureux\/les-saints-patrons-deurope-chaque-pays-a-son-saint-protecteur\/","url":"https:\/\/blog.holyart.it\/fr\/saints-et-bienheureux\/les-saints-patrons-deurope-chaque-pays-a-son-saint-protecteur\/","name":"Les saints patrons d\u2019Europe : chaque pays a son saint protecteur","isPartOf":{"@id":"https:\/\/blog.holyart.it\/fr\/#website"},"primaryImageOfPage":{"@id":"https:\/\/blog.holyart.it\/fr\/saints-et-bienheureux\/les-saints-patrons-deurope-chaque-pays-a-son-saint-protecteur\/#primaryimage"},"image":{"@id":"https:\/\/blog.holyart.it\/fr\/saints-et-bienheureux\/les-saints-patrons-deurope-chaque-pays-a-son-saint-protecteur\/#primaryimage"},"thumbnailUrl":"https:\/\/blog.holyart.it\/fr\/wp-content\/uploads\/sites\/14\/2022\/01\/Les-saints-patrons-d\u2019Europe.jpeg","datePublished":"2022-01-20T09:00:02+00:00","dateModified":"2024-08-30T13:00:57+00:00","description":"Dans cet article, vous allez d\u00e9couvrir quels sont les saints patrons d\u2019Europe en tant que continent et de certains des \u00e9tats qui la composent.","breadcrumb":{"@id":"https:\/\/blog.holyart.it\/fr\/saints-et-bienheureux\/les-saints-patrons-deurope-chaque-pays-a-son-saint-protecteur\/#breadcrumb"},"inLanguage":"fr-FR","potentialAction":[{"@type":"ReadAction","target":["https:\/\/blog.holyart.it\/fr\/saints-et-bienheureux\/les-saints-patrons-deurope-chaque-pays-a-son-saint-protecteur\/"]}]},{"@type":"ImageObject","inLanguage":"fr-FR","@id":"https:\/\/blog.holyart.it\/fr\/saints-et-bienheureux\/les-saints-patrons-deurope-chaque-pays-a-son-saint-protecteur\/#primaryimage","url":"https:\/\/blog.holyart.it\/fr\/wp-content\/uploads\/sites\/14\/2022\/01\/Les-saints-patrons-d\u2019Europe.jpeg","contentUrl":"https:\/\/blog.holyart.it\/fr\/wp-content\/uploads\/sites\/14\/2022\/01\/Les-saints-patrons-d\u2019Europe.jpeg","width":1000,"height":666,"caption":"les saints patrons d'europe"},{"@type":"BreadcrumbList","@id":"https:\/\/blog.holyart.it\/fr\/saints-et-bienheureux\/les-saints-patrons-deurope-chaque-pays-a-son-saint-protecteur\/#breadcrumb","itemListElement":[{"@type":"ListItem","position":1,"name":"Homepage","item":"https:\/\/blog.holyart.it\/fr\/"},{"@type":"ListItem","position":2,"name":"Saints et Bienheureux","item":"https:\/\/blog.holyart.it\/fr\/saints-et-bienheureux\/"},{"@type":"ListItem","position":3,"name":"Les saints patrons d\u2019Europe : chaque pays a son saint protecteur"}]},{"@type":"WebSite","@id":"https:\/\/blog.holyart.it\/fr\/#website","url":"https:\/\/blog.holyart.it\/fr\/","name":"Holyart.fr Blog","description":"Holyblog","publisher":{"@id":"https:\/\/blog.holyart.it\/fr\/#organization"},"potentialAction":[{"@type":"SearchAction","target":{"@type":"EntryPoint","urlTemplate":"https:\/\/blog.holyart.it\/fr\/?s={search_term_string}"},"query-input":{"@type":"PropertyValueSpecification","valueRequired":true,"valueName":"search_term_string"}}],"inLanguage":"fr-FR"},{"@type":"Organization","@id":"https:\/\/blog.holyart.it\/fr\/#organization","name":"Holyart.fr Blog","url":"https:\/\/blog.holyart.it\/fr\/","logo":{"@type":"ImageObject","inLanguage":"fr-FR","@id":"https:\/\/blog.holyart.it\/fr\/#\/schema\/logo\/image\/","url":"https:\/\/blog.holyart.it\/fr\/wp-content\/uploads\/sites\/14\/2022\/12\/Holyart_Blog_Logo.jpg","contentUrl":"https:\/\/blog.holyart.it\/fr\/wp-content\/uploads\/sites\/14\/2022\/12\/Holyart_Blog_Logo.jpg","width":300,"height":50,"caption":"Holyart.fr Blog"},"image":{"@id":"https:\/\/blog.holyart.it\/fr\/#\/schema\/logo\/image\/"}},{"@type":"Person","@id":"https:\/\/blog.holyart.it\/fr\/#\/schema\/person\/0a7b686e5af0f856ec1e390dd0baecda","name":"Redazione","image":{"@type":"ImageObject","inLanguage":"fr-FR","@id":"https:\/\/blog.holyart.it\/fr\/#\/schema\/person\/image\/","url":"https:\/\/secure.gravatar.com\/avatar\/f477da817f43e50d0af36abecd33e3edf826c68299714bdc1057dff3b113f516?s=96&d=mm&r=g","contentUrl":"https:\/\/secure.gravatar.com\/avatar\/f477da817f43e50d0af36abecd33e3edf826c68299714bdc1057dff3b113f516?s=96&d=mm&r=g","caption":"Redazione"},"url":"https:\/\/blog.holyart.it\/fr\/author\/admin\/"}]}},"_links":{"self":[{"href":"https:\/\/blog.holyart.it\/fr\/wp-json\/wp\/v2\/posts\/3855","targetHints":{"allow":["GET"]}}],"collection":[{"href":"https:\/\/blog.holyart.it\/fr\/wp-json\/wp\/v2\/posts"}],"about":[{"href":"https:\/\/blog.holyart.it\/fr\/wp-json\/wp\/v2\/types\/post"}],"author":[{"embeddable":true,"href":"https:\/\/blog.holyart.it\/fr\/wp-json\/wp\/v2\/users\/1"}],"replies":[{"embeddable":true,"href":"https:\/\/blog.holyart.it\/fr\/wp-json\/wp\/v2\/comments?post=3855"}],"version-history":[{"count":1,"href":"https:\/\/blog.holyart.it\/fr\/wp-json\/wp\/v2\/posts\/3855\/revisions"}],"predecessor-version":[{"id":6347,"href":"https:\/\/blog.holyart.it\/fr\/wp-json\/wp\/v2\/posts\/3855\/revisions\/6347"}],"wp:featuredmedia":[{"embeddable":true,"href":"https:\/\/blog.holyart.it\/fr\/wp-json\/wp\/v2\/media\/3856"}],"wp:attachment":[{"href":"https:\/\/blog.holyart.it\/fr\/wp-json\/wp\/v2\/media?parent=3855"}],"wp:term":[{"taxonomy":"category","embeddable":true,"href":"https:\/\/blog.holyart.it\/fr\/wp-json\/wp\/v2\/categories?post=3855"},{"taxonomy":"post_tag","embeddable":true,"href":"https:\/\/blog.holyart.it\/fr\/wp-json\/wp\/v2\/tags?post=3855"}],"curies":[{"name":"wp","href":"https:\/\/api.w.org\/{rel}","templated":true}]}}