{"id":3794,"date":"2021-12-30T10:00:30","date_gmt":"2021-12-30T09:00:30","guid":{"rendered":"https:\/\/blog.holyart.it\/fr\/?p=3794"},"modified":"2023-12-18T17:37:32","modified_gmt":"2023-12-18T16:37:32","slug":"la-nuit-de-la-saint-silvestre-entre-legendes-et-traditions","status":"publish","type":"post","link":"https:\/\/blog.holyart.it\/fr\/articles-religieux\/la-nuit-de-la-saint-silvestre-entre-legendes-et-traditions\/","title":{"rendered":"La nuit de la Saint Silvestre: entre l\u00e9gendes et traditions"},"content":{"rendered":"<h4>La nuit du Jour de l\u2019An on c\u00e9l\u00e8bre la m\u00e9moire de Saint Silvestre, une des plus importantes figures du Christianisme des origines. Mais ils existent aussi de nombreuses traditions populaires li\u00e9es \u00e0 cette date si sp\u00e9ciale. D\u00e9couvrons-les ensemble.<\/h4>\n\n<p>Il est rare qu\u2019en entendant parler de la nuit de la Saint-Silvestre notre premi\u00e8re pens\u00e9e aille \u00e0 <strong>Silvestre Ier<\/strong>, trente-troisi\u00e8me Pape de l\u2019\u00c9glise catholique, mort le 31 d\u00e9cembre 335. Et ce n\u2019est pas parce que ce Saint manque de m\u00e9rite, au contraire\u00a0! On raconte que c\u2019est \u00e0 lui qu\u2019on doit la <strong>conversion de l\u2019Empereur Constantin le Grand<\/strong>, qui reconnut le Christianisme comme religion et contribua largement \u00e0 sa diffusion.<\/p>\n<p>Mais ce n\u2019est pas tout. Pendant le pontificat de Saint Silvestre, long de vingt-et-un ans, fut convoqu\u00e9 le <strong>premier Concile \u0152cum\u00e9nique<\/strong> \u00e0 Nic\u00e9e, pr\u00e9sid\u00e9 par Constantin en personne, dans le but de r\u00e9gler les contrastes qui partageaient les chr\u00e9tiens, li\u00e9s \u00e0 des doctrines telles que l\u2019Arianisme, afin d\u2019obtenir paix et unit\u00e9 au sein de la religion.<\/p>\n<p>Et pourtant, bien que la nuit du Jour de l\u2019An, le 31 d\u00e9cembre, soit un jour de f\u00eate dans le monde entier, peu connaissent la corr\u00e9lation entre la derni\u00e8re nuit de l\u2019ann\u00e9e et Saint Silvestre.<\/p>\n<h2>Qui \u00e9tait Saint Silvestre ?<\/h2>\n<p>Pape Silvestre fut donc parmi les premiers papes \u00e0 ne pas devoir faire face aux pers\u00e9cutions qui pesaient sur l\u2019existence des premiers chr\u00e9tiens. L\u2019empereur Constantin lui fit m\u00eame don du palais de Latran comme r\u00e9sidence priv\u00e9e, et par sa volont\u00e9 il fonda la <strong>premi\u00e8re basilique de Saint Pierre<\/strong> sur le Col Vatican, afin d\u2019y accueillir les restes de l\u2019ap\u00f4tre Pierre.<br \/>\nMais, bien que le Christianisme ait d\u00e9sormais \u00e9t\u00e9 accept\u00e9 et reconnu en tant que religion, il \u00e9tait tout de m\u00eame menac\u00e9 par des <strong>controverses internes<\/strong>, qui mena\u00e7aient de le d\u00e9chirer en plein de diff\u00e9rentes professions de foi, justement au moment o\u00f9 il \u00e9tait enfin reconnu.<\/p>\n<p>En outre, Silvestre, en tant que Pape, eut \u00e0 faire \u00e0 l\u2019<strong>Empereur Constantin en premier<\/strong> qui, si d\u2019un c\u00f4t\u00e9 affranchit les chr\u00e9tiens des pers\u00e9cutions, de l\u2019autre exigeait d\u2019intervenir directement sur les questions de foi et dans les d\u00e9bats concernant les dogmes. Pour cette raison, lors du <strong>Concile d\u2019Arles<\/strong> (314 apr. J.-C.) quand on se battit contre l\u2019h\u00e9r\u00e9sie des Donatistes, mais aussi \u00e0 l\u2019occasion du <strong>premier Concile \u0152cum\u00e9nique \u00e0 Nic\u00e9e<\/strong> (325 apr. J.-C.), convoqu\u00e9 afin de contrer l\u2019h\u00e9r\u00e9sie Arienne, Silvestre ne put prendre part aux d\u00e9bats, mais simplement subir les d\u00e9cisions prises par l\u2019Empereur et les \u00c9v\u00eaques, ses subordonn\u00e9s.<br \/>\nCela ne l\u2019emp\u00eacha pas de s\u2019engager \u00e9norm\u00e9ment afin d\u2019<strong>am\u00e9liorer la vie des chr\u00e9tiens \u00e0 Rome<\/strong>, o\u00f9 il fit \u00e9riger <strong>huit basiliques<\/strong> et se d\u00e9dia \u00e0 l\u2019assistance aux plus pauvres et n\u00e9cessiteux. Ses contemporains ne manqu\u00e8rent pas de l\u2019appr\u00e9cier en tant que pape, tant qu\u2019ils le surnomm\u00e8rent le <strong>Confesseur de la foi<\/strong>, titre honorifique utilis\u00e9 \u00e0 partir du IV si\u00e8cle pour c\u00e9l\u00e9brer les hommes de Foi qui devinrent porte-paroles de Christ en vertu de leur courage et de leur sagesse, avec \u00e9crits, actions et pr\u00e9dications. Silvestre fut un des premiers \u00e0 m\u00e9riter ce titre.<\/p>\n<p>Pour ses vertus et ses extraordinaires capacit\u00e9s, on d\u00e9dia \u00e0 Silvestre la f\u00eate du <strong>31 d\u00e9cembre<\/strong> tout juste un an apr\u00e8s sa mort.<\/p>\n<h2>Les origines de la f\u00eate<\/h2>\n<p>Outre la date, il ne semble pas y avoir d\u2019autres liens entre la comm\u00e9moration de Saint Silvestre et la f\u00eate du Jour de l\u2019An. Il est vrai que le soir de la Saint Silvestre il y a toujours eu la tradition de r\u00e9citer le <em>Te Deum <\/em>afin de remercier Dieu pour l\u2019ann\u00e9e qui vient de passer. Mais en r\u00e9alit\u00e9 il est tr\u00e8s clair que les traditions li\u00e9es \u00e0 la nuit de Saint Silvestre ont des <strong>origines tr\u00e8s lointaines<\/strong> par rapport \u00e0 la vie et la mort du Saint. Beaucoup d\u2019entre elles nous viennent d\u2019un pass\u00e9 pa\u00efen, li\u00e9 aux peuples et aux civilisations anciennes qui habit\u00e8rent le continent europ\u00e9en bien avant le Christianisme.<br \/>\n\u00c0 ce propos, nous devons tenir compte que la <strong>fin de l\u2019ann\u00e9e <\/strong>n\u2019a pas toujours co\u00efncid\u00e9 avec le 31 d\u00e9cembre. Pour les <strong>Celtes<\/strong>, l\u2019ann\u00e9e se terminait avec le <strong>solstice d\u2019hiver<\/strong>, quand les journ\u00e9es commen\u00e7aient tout doucement \u00e0 se rallonger par rapport aux nuits fort sombres. Les <strong>anciens Romains<\/strong>, par contre, f\u00eataient le d\u00e9but de la nouvelle ann\u00e9e le 1<sup>er <\/sup>mars. M\u00eame apr\u00e8s l\u2019affirmation du calendrier gr\u00e9gorien, dans certaines zones, le peuple continua de c\u00e9l\u00e9brer la fin d\u2019une ann\u00e9e et le d\u00e9but d\u2019une nouvelle \u00e0 des dates variables et selon des rites anciens, li\u00e9es au <strong>triomphe de la lumi\u00e8re sur les t\u00e9n\u00e8bres<\/strong>, de la vie sur la mort, qui, avec le temps, finirent par co\u00efncider avec la R\u00e9surrection de Christ, avec Sa victoire sur la mort et sur le mal.<\/p>\n<p>C\u2019est quand m\u00eame fascinant de constater comment dans certaines des traditions de la Nuit de la Saint Silvestre, r\u00e9pandues encore aujourd\u2019hui dans le monde entier, bien qu\u2019avec des nombreuses variantes, s\u2019aper\u00e7oivent encore les anciens usages populaires et pa\u00efens.<\/p>\n<h2>Les traditions de la nuit de la Saint Silvestre<\/h2>\n<p>Les traditions du Jour de l\u2019An vont bien au-del\u00e0 des traditions culinaires des f\u00eates de No\u00ebl, mais, exactement comme pour les <a href=\"https:\/\/www.holyart.fr\/blog\/noel\/des-traditions-de-noel-du-monde-entier-que-vous-ignorez\/\"><strong>traditions de No\u00ebl<\/strong><\/a>, celles de la fin de l\u2019ann\u00e9e aussi changent de pays \u00e0 pays.<img loading=\"lazy\" decoding=\"async\" class=\"size-full wp-image-3795 aligncenter\" src=\"https:\/\/blog.holyart.it\/fr\/wp-content\/uploads\/sites\/14\/2021\/12\/la-nuit-de-la-Saint-Silvestre-2022.jpeg\" alt=\"la nuit de la Saint Silvestre 2022\" width=\"5769\" height=\"2600\" data-kale-share-title=\"La nuit de la Saint Silvestre\" data-kale-share-url=\"https:\/\/blog.holyart.it\/fr\/?p=3794\" \/><\/p>\n<p>Commen\u00e7ons par les <strong>lentilles<\/strong>, un grand classique de la nuit de la Saint Silvestre en Italie, symbole de <strong>chance<\/strong> et de <strong>prosp\u00e9rit\u00e9<\/strong> pour la nouvelle ann\u00e9e. D\u00e9j\u00e0 les <strong>anciens Romains<\/strong> avaient remarqu\u00e9 la ressemblance de ces l\u00e9gumineuses rondes avec des petites pi\u00e8ces d\u2019argent et les offraient dans une sacoche en cuir, la <em>scarsella<\/em>, avec le bon augure qu\u2019elles se transforment en des v\u00e9ritables pi\u00e8ces. Leur forme et le fait qu\u2019une fois cuites elles doublent de volume a confort\u00e9 leur r\u00e9putation li\u00e9e \u00e0 l\u2019argent et \u00e0 la prosp\u00e9rit\u00e9. Si on mange des lentilles le dernier jour de l\u2019an, pr\u00e9f\u00e9rablement accompagn\u00e9 de <em>cotechino<\/em> e <em>zampone<\/em>, deux produits de la tradition charcuti\u00e8re italienne, on pourra esp\u00e9rer en une nouvelle ann\u00e9e riche et chanceuse.<\/p>\n<div class=\"link-article\">\n<p><img loading=\"lazy\" decoding=\"async\" class=\"size-full wp-image-3796 alignleft\" src=\"https:\/\/blog.holyart.it\/fr\/wp-content\/uploads\/sites\/14\/2021\/12\/Des-traditions-de-Noel.jpg\" alt=\"Des traditions de Noel\" width=\"150\" height=\"99\" data-kale-share-title=\"La nuit de la Saint Silvestre\" data-kale-share-url=\"https:\/\/blog.holyart.it\/fr\/?p=3794\" \/><\/p>\n<div class=\"leggi-anche\">Lire aussi :<\/div>\n<p><strong><a href=\"https:\/\/www.holyart.fr\/blog\/noel\/des-traditions-de-noel-du-monde-entier-que-vous-ignorez\/\">Des traditions de No\u00ebl du monde entier que vous ignorez<\/a><\/strong><br \/>\nNo\u00ebl est probablement la f\u00eate la plus r\u00e9pandue au monde. Elle nait dans un contexte religieux en tant que c\u00e9l\u00e9bration de naissance&#8230;<\/p>\n<\/div>\n<p>Un ancien proverbe italien dit que \u00ab\u00a0qui mange du raisin le jour de l\u2019an, toute l\u2019ann\u00e9e compte son argent\u00a0\u00bb (<em>Chi mangia l&rsquo;uva per Capodanno conta i quattrini tutto l&rsquo;anno<\/em>). Le <strong>raisin<\/strong> aussi \u00e9tait consid\u00e9r\u00e9 par les Romains comme synonyme de <strong>richesse<\/strong> et <strong>abondance<\/strong>. Manger des grains de raisin, voire simplement en garder dans sa main, sur le coup de minuit, garantit une ann\u00e9e nouvelle riche et prosp\u00e8re. En Espagne et dans les pays de l\u2019Am\u00e9rique du Sud, o\u00f9 le Jour de l\u2019An s\u2019appelle <em>nochevieja,<\/em> quand sonne minuit, il y a l\u2019usage de manger <strong>douze grains de raisin<\/strong>, au rythme des douze coups des cloches. Chaque grain correspond \u00e0 un mois de l\u2019ann\u00e9e.<\/p>\n<p>Dans d\u2019autres pays, \u00e0 la place des grains de raisin, on mange <strong>douze fruits ronds<\/strong>, ou des <strong>grains de grenade<\/strong>, un autre fruit consid\u00e9r\u00e9 comme sacr\u00e9 depuis l\u2019antiquit\u00e9, symbole de <strong>fertilit\u00e9 et de richesse<\/strong>.<\/p>\n<p>7Aux \u00c9tats-Unis, mais aussi en Allemagne et en Irlande, tous les l\u00e9gumes verts et, en particulier, choux, brocolis et bettes ne peuvent manquer au repas du R\u00e9veillon afin de garantir chance et richesse pour la nouvelle ann\u00e9e.<\/p>\n<p>Toujours en restant dans le contexte alimentaire, des nombreuses cultures <strong>d\u00e9conseillent<\/strong> de manger <strong>langoustines et homards<\/strong> pour le R\u00e9veillon, car il s\u2019agit d\u2019animaux qui se d\u00e9placent en marche arri\u00e8re et cela pourrait \u00eatre de tr\u00e8s mauvais augure pour la nouvelle ann\u00e9e. La m\u00eame chose vaut pour le <strong>poulet et la volaille en g\u00e9n\u00e9ral<\/strong>, qui pourraient faire envoler la chance. Par contre, le <strong>cochon<\/strong>, qui avec son sympathique groin avance toujours \u00e0 la recherche de nourriture, est consid\u00e9r\u00e9 comme symbole de prosp\u00e9rit\u00e9 et de chance.<\/p>\n<p>L\u2019usage de faire <strong>exploser p\u00e9tards et feux d\u2019artifice<\/strong> peut \u00eatre expliqu\u00e9 par la volont\u00e9 de chasser les mauvais esprits et les d\u00e9mons avec leur bruit et d\u2019\u00e9claircir la nuit avec la lumi\u00e8re purificatrice du feu. M\u00eame le simple bruit du <strong>bouchon du champagne<\/strong> vaut comme rem\u00e8de contre le mauvais \u0153il.<\/p>\n<p>Ainsi<strong> jeter des vieux objets et des d\u00e9bris par la fen\u00eatre<\/strong> est une mani\u00e8re pour laisser derri\u00e8re soi l\u2019ann\u00e9e pass\u00e9e, en se lib\u00e9rant de quelque chose qui nous garde dans le pass\u00e9 de mani\u00e8re parfois n\u00e9faste. En Allemagne et au Japon on casse des assiettes et des vieux objets afin de se lib\u00e9rer de la rage.<\/p>\n<p>En ce qui concerne la <strong>lingerie rouge <\/strong>qui serait<strong> de bon augure<\/strong>, d\u00e9j\u00e0 les anciens Romains portaient des v\u00eatements rouges la derni\u00e8re nuit de l\u2019an, car cette couleur rappelait le sang et exorcisait la peur de la guerre. Aujourd\u2019hui, il s\u2019agit d\u2019un usage bien moins sanguinaire. Ce qui compte est que la lingerie ne soit pas achet\u00e9e, mais offerte par quelqu\u2019un et qu\u2019elle ne soit utilis\u00e9e qu\u2019une fois.<\/p>\n<p>Et vous, qu\u2019avez-vous au programme pour le R\u00e9veillons 2022 ? L\u2019ann\u00e9e 2021 n\u2019a pas \u00e9t\u00e9 facile, mais nous ne pouvons que vous souhaiter de la cl\u00f4turer sereinement et que l\u2019ann\u00e9e nouvelle vous r\u00e9serve paix et prosp\u00e9rit\u00e9.<\/p>\n","protected":false},"excerpt":{"rendered":"<p>La nuit du Jour de l\u2019An on c\u00e9l\u00e8bre la m\u00e9moire de Saint Silvestre, une des plus importantes figures du Christianisme des origines. Mais ils existent aussi de nombreuses traditions populaires li\u00e9es \u00e0 cette date si sp\u00e9ciale. D\u00e9couvrons-les ensemble. Il est rare qu\u2019en entendant parler de&hellip;<\/p>\n","protected":false},"author":1,"featured_media":3797,"comment_status":"closed","ping_status":"open","sticky":false,"template":"","format":"standard","meta":{"_acf_changed":false,"footnotes":""},"categories":[8],"tags":[],"class_list":["post-3794","post","type-post","status-publish","format-standard","has-post-thumbnail","hentry","category-articles-religieux"],"acf":[],"yoast_head":"<!-- This site is optimized with the Yoast SEO plugin v26.6 - https:\/\/yoast.com\/wordpress\/plugins\/seo\/ -->\n<title>La nuit de la Saint Silvestre: entre l\u00e9gendes et traditions - Holyart.fr Blog<\/title>\n<meta name=\"description\" content=\"La nuit du Jour de l\u2019An on c\u00e9l\u00e8bre la m\u00e9moire de Saint Silvestre, une des plus importantes figures du Christianisme des origines. Mais ils existent aussi de nombreuses traditions populaires li\u00e9es \u00e0 cette date si sp\u00e9ciale.\" \/>\n<meta name=\"robots\" content=\"index, follow, max-snippet:-1, max-image-preview:large, max-video-preview:-1\" \/>\n<link rel=\"canonical\" href=\"https:\/\/blog.holyart.it\/fr\/articles-religieux\/la-nuit-de-la-saint-silvestre-entre-legendes-et-traditions\/\" \/>\n<meta property=\"og:locale\" content=\"fr_FR\" \/>\n<meta property=\"og:type\" content=\"article\" \/>\n<meta property=\"og:title\" content=\"La nuit de la Saint Silvestre: entre l\u00e9gendes et traditions - Holyart.fr Blog\" \/>\n<meta property=\"og:description\" content=\"La nuit du Jour de l\u2019An on c\u00e9l\u00e8bre la m\u00e9moire de Saint Silvestre, une des plus importantes figures du Christianisme des origines. Mais ils existent aussi de nombreuses traditions populaires li\u00e9es \u00e0 cette date si sp\u00e9ciale.\" \/>\n<meta property=\"og:url\" content=\"https:\/\/blog.holyart.it\/fr\/articles-religieux\/la-nuit-de-la-saint-silvestre-entre-legendes-et-traditions\/\" \/>\n<meta property=\"og:site_name\" content=\"Holyart.fr Blog\" \/>\n<meta property=\"article:published_time\" content=\"2021-12-30T09:00:30+00:00\" \/>\n<meta property=\"article:modified_time\" content=\"2023-12-18T16:37:32+00:00\" \/>\n<meta property=\"og:image\" content=\"https:\/\/blog.holyart.it\/fr\/wp-content\/uploads\/sites\/14\/2021\/12\/La-nuit-de-la-Saint-Silvestre.jpeg\" \/>\n\t<meta property=\"og:image:width\" content=\"1000\" \/>\n\t<meta property=\"og:image:height\" content=\"666\" \/>\n\t<meta property=\"og:image:type\" content=\"image\/jpeg\" \/>\n<meta name=\"author\" content=\"Redazione\" \/>\n<meta name=\"twitter:card\" content=\"summary_large_image\" \/>\n<meta name=\"twitter:label1\" content=\"\u00c9crit par\" \/>\n\t<meta name=\"twitter:data1\" content=\"Redazione\" \/>\n\t<meta name=\"twitter:label2\" content=\"Dur\u00e9e de lecture estim\u00e9e\" \/>\n\t<meta name=\"twitter:data2\" content=\"9 minutes\" \/>\n<script type=\"application\/ld+json\" class=\"yoast-schema-graph\">{\"@context\":\"https:\/\/schema.org\",\"@graph\":[{\"@type\":\"Article\",\"@id\":\"https:\/\/blog.holyart.it\/fr\/articles-religieux\/la-nuit-de-la-saint-silvestre-entre-legendes-et-traditions\/#article\",\"isPartOf\":{\"@id\":\"https:\/\/blog.holyart.it\/fr\/articles-religieux\/la-nuit-de-la-saint-silvestre-entre-legendes-et-traditions\/\"},\"author\":{\"name\":\"Redazione\",\"@id\":\"https:\/\/blog.holyart.it\/fr\/#\/schema\/person\/0a7b686e5af0f856ec1e390dd0baecda\"},\"headline\":\"La nuit de la Saint Silvestre: entre l\u00e9gendes et traditions\",\"datePublished\":\"2021-12-30T09:00:30+00:00\",\"dateModified\":\"2023-12-18T16:37:32+00:00\",\"mainEntityOfPage\":{\"@id\":\"https:\/\/blog.holyart.it\/fr\/articles-religieux\/la-nuit-de-la-saint-silvestre-entre-legendes-et-traditions\/\"},\"wordCount\":1716,\"publisher\":{\"@id\":\"https:\/\/blog.holyart.it\/fr\/#organization\"},\"image\":{\"@id\":\"https:\/\/blog.holyart.it\/fr\/articles-religieux\/la-nuit-de-la-saint-silvestre-entre-legendes-et-traditions\/#primaryimage\"},\"thumbnailUrl\":\"https:\/\/blog.holyart.it\/fr\/wp-content\/uploads\/sites\/14\/2021\/12\/La-nuit-de-la-Saint-Silvestre.jpeg\",\"articleSection\":[\"Religion\"],\"inLanguage\":\"fr-FR\"},{\"@type\":\"WebPage\",\"@id\":\"https:\/\/blog.holyart.it\/fr\/articles-religieux\/la-nuit-de-la-saint-silvestre-entre-legendes-et-traditions\/\",\"url\":\"https:\/\/blog.holyart.it\/fr\/articles-religieux\/la-nuit-de-la-saint-silvestre-entre-legendes-et-traditions\/\",\"name\":\"La nuit de la Saint Silvestre: entre l\u00e9gendes et traditions - Holyart.fr Blog\",\"isPartOf\":{\"@id\":\"https:\/\/blog.holyart.it\/fr\/#website\"},\"primaryImageOfPage\":{\"@id\":\"https:\/\/blog.holyart.it\/fr\/articles-religieux\/la-nuit-de-la-saint-silvestre-entre-legendes-et-traditions\/#primaryimage\"},\"image\":{\"@id\":\"https:\/\/blog.holyart.it\/fr\/articles-religieux\/la-nuit-de-la-saint-silvestre-entre-legendes-et-traditions\/#primaryimage\"},\"thumbnailUrl\":\"https:\/\/blog.holyart.it\/fr\/wp-content\/uploads\/sites\/14\/2021\/12\/La-nuit-de-la-Saint-Silvestre.jpeg\",\"datePublished\":\"2021-12-30T09:00:30+00:00\",\"dateModified\":\"2023-12-18T16:37:32+00:00\",\"description\":\"La nuit du Jour de l\u2019An on c\u00e9l\u00e8bre la m\u00e9moire de Saint Silvestre, une des plus importantes figures du Christianisme des origines. Mais ils existent aussi de nombreuses traditions populaires li\u00e9es \u00e0 cette date si sp\u00e9ciale.\",\"breadcrumb\":{\"@id\":\"https:\/\/blog.holyart.it\/fr\/articles-religieux\/la-nuit-de-la-saint-silvestre-entre-legendes-et-traditions\/#breadcrumb\"},\"inLanguage\":\"fr-FR\",\"potentialAction\":[{\"@type\":\"ReadAction\",\"target\":[\"https:\/\/blog.holyart.it\/fr\/articles-religieux\/la-nuit-de-la-saint-silvestre-entre-legendes-et-traditions\/\"]}]},{\"@type\":\"ImageObject\",\"inLanguage\":\"fr-FR\",\"@id\":\"https:\/\/blog.holyart.it\/fr\/articles-religieux\/la-nuit-de-la-saint-silvestre-entre-legendes-et-traditions\/#primaryimage\",\"url\":\"https:\/\/blog.holyart.it\/fr\/wp-content\/uploads\/sites\/14\/2021\/12\/La-nuit-de-la-Saint-Silvestre.jpeg\",\"contentUrl\":\"https:\/\/blog.holyart.it\/fr\/wp-content\/uploads\/sites\/14\/2021\/12\/La-nuit-de-la-Saint-Silvestre.jpeg\",\"width\":1000,\"height\":666},{\"@type\":\"BreadcrumbList\",\"@id\":\"https:\/\/blog.holyart.it\/fr\/articles-religieux\/la-nuit-de-la-saint-silvestre-entre-legendes-et-traditions\/#breadcrumb\",\"itemListElement\":[{\"@type\":\"ListItem\",\"position\":1,\"name\":\"Homepage\",\"item\":\"https:\/\/blog.holyart.it\/fr\/\"},{\"@type\":\"ListItem\",\"position\":2,\"name\":\"Religion\",\"item\":\"https:\/\/blog.holyart.it\/fr\/articles-religieux\/\"},{\"@type\":\"ListItem\",\"position\":3,\"name\":\"La nuit de la Saint Silvestre: entre l\u00e9gendes et traditions\"}]},{\"@type\":\"WebSite\",\"@id\":\"https:\/\/blog.holyart.it\/fr\/#website\",\"url\":\"https:\/\/blog.holyart.it\/fr\/\",\"name\":\"Holyart.fr Blog\",\"description\":\"Holyblog\",\"publisher\":{\"@id\":\"https:\/\/blog.holyart.it\/fr\/#organization\"},\"potentialAction\":[{\"@type\":\"SearchAction\",\"target\":{\"@type\":\"EntryPoint\",\"urlTemplate\":\"https:\/\/blog.holyart.it\/fr\/?s={search_term_string}\"},\"query-input\":{\"@type\":\"PropertyValueSpecification\",\"valueRequired\":true,\"valueName\":\"search_term_string\"}}],\"inLanguage\":\"fr-FR\"},{\"@type\":\"Organization\",\"@id\":\"https:\/\/blog.holyart.it\/fr\/#organization\",\"name\":\"Holyart.fr Blog\",\"url\":\"https:\/\/blog.holyart.it\/fr\/\",\"logo\":{\"@type\":\"ImageObject\",\"inLanguage\":\"fr-FR\",\"@id\":\"https:\/\/blog.holyart.it\/fr\/#\/schema\/logo\/image\/\",\"url\":\"https:\/\/blog.holyart.it\/fr\/wp-content\/uploads\/sites\/14\/2022\/12\/Holyart_Blog_Logo.jpg\",\"contentUrl\":\"https:\/\/blog.holyart.it\/fr\/wp-content\/uploads\/sites\/14\/2022\/12\/Holyart_Blog_Logo.jpg\",\"width\":300,\"height\":50,\"caption\":\"Holyart.fr Blog\"},\"image\":{\"@id\":\"https:\/\/blog.holyart.it\/fr\/#\/schema\/logo\/image\/\"}},{\"@type\":\"Person\",\"@id\":\"https:\/\/blog.holyart.it\/fr\/#\/schema\/person\/0a7b686e5af0f856ec1e390dd0baecda\",\"name\":\"Redazione\",\"image\":{\"@type\":\"ImageObject\",\"inLanguage\":\"fr-FR\",\"@id\":\"https:\/\/blog.holyart.it\/fr\/#\/schema\/person\/image\/\",\"url\":\"https:\/\/secure.gravatar.com\/avatar\/f477da817f43e50d0af36abecd33e3edf826c68299714bdc1057dff3b113f516?s=96&d=mm&r=g\",\"contentUrl\":\"https:\/\/secure.gravatar.com\/avatar\/f477da817f43e50d0af36abecd33e3edf826c68299714bdc1057dff3b113f516?s=96&d=mm&r=g\",\"caption\":\"Redazione\"},\"url\":\"https:\/\/blog.holyart.it\/fr\/author\/admin\/\"}]}<\/script>\n<!-- \/ Yoast SEO plugin. -->","yoast_head_json":{"title":"La nuit de la Saint Silvestre: entre l\u00e9gendes et traditions - Holyart.fr Blog","description":"La nuit du Jour de l\u2019An on c\u00e9l\u00e8bre la m\u00e9moire de Saint Silvestre, une des plus importantes figures du Christianisme des origines. Mais ils existent aussi de nombreuses traditions populaires li\u00e9es \u00e0 cette date si sp\u00e9ciale.","robots":{"index":"index","follow":"follow","max-snippet":"max-snippet:-1","max-image-preview":"max-image-preview:large","max-video-preview":"max-video-preview:-1"},"canonical":"https:\/\/blog.holyart.it\/fr\/articles-religieux\/la-nuit-de-la-saint-silvestre-entre-legendes-et-traditions\/","og_locale":"fr_FR","og_type":"article","og_title":"La nuit de la Saint Silvestre: entre l\u00e9gendes et traditions - Holyart.fr Blog","og_description":"La nuit du Jour de l\u2019An on c\u00e9l\u00e8bre la m\u00e9moire de Saint Silvestre, une des plus importantes figures du Christianisme des origines. Mais ils existent aussi de nombreuses traditions populaires li\u00e9es \u00e0 cette date si sp\u00e9ciale.","og_url":"https:\/\/blog.holyart.it\/fr\/articles-religieux\/la-nuit-de-la-saint-silvestre-entre-legendes-et-traditions\/","og_site_name":"Holyart.fr Blog","article_published_time":"2021-12-30T09:00:30+00:00","article_modified_time":"2023-12-18T16:37:32+00:00","og_image":[{"width":1000,"height":666,"url":"https:\/\/blog.holyart.it\/fr\/wp-content\/uploads\/sites\/14\/2021\/12\/La-nuit-de-la-Saint-Silvestre.jpeg","type":"image\/jpeg"}],"author":"Redazione","twitter_card":"summary_large_image","twitter_misc":{"\u00c9crit par":"Redazione","Dur\u00e9e de lecture estim\u00e9e":"9 minutes"},"schema":{"@context":"https:\/\/schema.org","@graph":[{"@type":"Article","@id":"https:\/\/blog.holyart.it\/fr\/articles-religieux\/la-nuit-de-la-saint-silvestre-entre-legendes-et-traditions\/#article","isPartOf":{"@id":"https:\/\/blog.holyart.it\/fr\/articles-religieux\/la-nuit-de-la-saint-silvestre-entre-legendes-et-traditions\/"},"author":{"name":"Redazione","@id":"https:\/\/blog.holyart.it\/fr\/#\/schema\/person\/0a7b686e5af0f856ec1e390dd0baecda"},"headline":"La nuit de la Saint Silvestre: entre l\u00e9gendes et traditions","datePublished":"2021-12-30T09:00:30+00:00","dateModified":"2023-12-18T16:37:32+00:00","mainEntityOfPage":{"@id":"https:\/\/blog.holyart.it\/fr\/articles-religieux\/la-nuit-de-la-saint-silvestre-entre-legendes-et-traditions\/"},"wordCount":1716,"publisher":{"@id":"https:\/\/blog.holyart.it\/fr\/#organization"},"image":{"@id":"https:\/\/blog.holyart.it\/fr\/articles-religieux\/la-nuit-de-la-saint-silvestre-entre-legendes-et-traditions\/#primaryimage"},"thumbnailUrl":"https:\/\/blog.holyart.it\/fr\/wp-content\/uploads\/sites\/14\/2021\/12\/La-nuit-de-la-Saint-Silvestre.jpeg","articleSection":["Religion"],"inLanguage":"fr-FR"},{"@type":"WebPage","@id":"https:\/\/blog.holyart.it\/fr\/articles-religieux\/la-nuit-de-la-saint-silvestre-entre-legendes-et-traditions\/","url":"https:\/\/blog.holyart.it\/fr\/articles-religieux\/la-nuit-de-la-saint-silvestre-entre-legendes-et-traditions\/","name":"La nuit de la Saint Silvestre: entre l\u00e9gendes et traditions - Holyart.fr Blog","isPartOf":{"@id":"https:\/\/blog.holyart.it\/fr\/#website"},"primaryImageOfPage":{"@id":"https:\/\/blog.holyart.it\/fr\/articles-religieux\/la-nuit-de-la-saint-silvestre-entre-legendes-et-traditions\/#primaryimage"},"image":{"@id":"https:\/\/blog.holyart.it\/fr\/articles-religieux\/la-nuit-de-la-saint-silvestre-entre-legendes-et-traditions\/#primaryimage"},"thumbnailUrl":"https:\/\/blog.holyart.it\/fr\/wp-content\/uploads\/sites\/14\/2021\/12\/La-nuit-de-la-Saint-Silvestre.jpeg","datePublished":"2021-12-30T09:00:30+00:00","dateModified":"2023-12-18T16:37:32+00:00","description":"La nuit du Jour de l\u2019An on c\u00e9l\u00e8bre la m\u00e9moire de Saint Silvestre, une des plus importantes figures du Christianisme des origines. Mais ils existent aussi de nombreuses traditions populaires li\u00e9es \u00e0 cette date si sp\u00e9ciale.","breadcrumb":{"@id":"https:\/\/blog.holyart.it\/fr\/articles-religieux\/la-nuit-de-la-saint-silvestre-entre-legendes-et-traditions\/#breadcrumb"},"inLanguage":"fr-FR","potentialAction":[{"@type":"ReadAction","target":["https:\/\/blog.holyart.it\/fr\/articles-religieux\/la-nuit-de-la-saint-silvestre-entre-legendes-et-traditions\/"]}]},{"@type":"ImageObject","inLanguage":"fr-FR","@id":"https:\/\/blog.holyart.it\/fr\/articles-religieux\/la-nuit-de-la-saint-silvestre-entre-legendes-et-traditions\/#primaryimage","url":"https:\/\/blog.holyart.it\/fr\/wp-content\/uploads\/sites\/14\/2021\/12\/La-nuit-de-la-Saint-Silvestre.jpeg","contentUrl":"https:\/\/blog.holyart.it\/fr\/wp-content\/uploads\/sites\/14\/2021\/12\/La-nuit-de-la-Saint-Silvestre.jpeg","width":1000,"height":666},{"@type":"BreadcrumbList","@id":"https:\/\/blog.holyart.it\/fr\/articles-religieux\/la-nuit-de-la-saint-silvestre-entre-legendes-et-traditions\/#breadcrumb","itemListElement":[{"@type":"ListItem","position":1,"name":"Homepage","item":"https:\/\/blog.holyart.it\/fr\/"},{"@type":"ListItem","position":2,"name":"Religion","item":"https:\/\/blog.holyart.it\/fr\/articles-religieux\/"},{"@type":"ListItem","position":3,"name":"La nuit de la Saint Silvestre: entre l\u00e9gendes et traditions"}]},{"@type":"WebSite","@id":"https:\/\/blog.holyart.it\/fr\/#website","url":"https:\/\/blog.holyart.it\/fr\/","name":"Holyart.fr Blog","description":"Holyblog","publisher":{"@id":"https:\/\/blog.holyart.it\/fr\/#organization"},"potentialAction":[{"@type":"SearchAction","target":{"@type":"EntryPoint","urlTemplate":"https:\/\/blog.holyart.it\/fr\/?s={search_term_string}"},"query-input":{"@type":"PropertyValueSpecification","valueRequired":true,"valueName":"search_term_string"}}],"inLanguage":"fr-FR"},{"@type":"Organization","@id":"https:\/\/blog.holyart.it\/fr\/#organization","name":"Holyart.fr Blog","url":"https:\/\/blog.holyart.it\/fr\/","logo":{"@type":"ImageObject","inLanguage":"fr-FR","@id":"https:\/\/blog.holyart.it\/fr\/#\/schema\/logo\/image\/","url":"https:\/\/blog.holyart.it\/fr\/wp-content\/uploads\/sites\/14\/2022\/12\/Holyart_Blog_Logo.jpg","contentUrl":"https:\/\/blog.holyart.it\/fr\/wp-content\/uploads\/sites\/14\/2022\/12\/Holyart_Blog_Logo.jpg","width":300,"height":50,"caption":"Holyart.fr Blog"},"image":{"@id":"https:\/\/blog.holyart.it\/fr\/#\/schema\/logo\/image\/"}},{"@type":"Person","@id":"https:\/\/blog.holyart.it\/fr\/#\/schema\/person\/0a7b686e5af0f856ec1e390dd0baecda","name":"Redazione","image":{"@type":"ImageObject","inLanguage":"fr-FR","@id":"https:\/\/blog.holyart.it\/fr\/#\/schema\/person\/image\/","url":"https:\/\/secure.gravatar.com\/avatar\/f477da817f43e50d0af36abecd33e3edf826c68299714bdc1057dff3b113f516?s=96&d=mm&r=g","contentUrl":"https:\/\/secure.gravatar.com\/avatar\/f477da817f43e50d0af36abecd33e3edf826c68299714bdc1057dff3b113f516?s=96&d=mm&r=g","caption":"Redazione"},"url":"https:\/\/blog.holyart.it\/fr\/author\/admin\/"}]}},"_links":{"self":[{"href":"https:\/\/blog.holyart.it\/fr\/wp-json\/wp\/v2\/posts\/3794","targetHints":{"allow":["GET"]}}],"collection":[{"href":"https:\/\/blog.holyart.it\/fr\/wp-json\/wp\/v2\/posts"}],"about":[{"href":"https:\/\/blog.holyart.it\/fr\/wp-json\/wp\/v2\/types\/post"}],"author":[{"embeddable":true,"href":"https:\/\/blog.holyart.it\/fr\/wp-json\/wp\/v2\/users\/1"}],"replies":[{"embeddable":true,"href":"https:\/\/blog.holyart.it\/fr\/wp-json\/wp\/v2\/comments?post=3794"}],"version-history":[{"count":1,"href":"https:\/\/blog.holyart.it\/fr\/wp-json\/wp\/v2\/posts\/3794\/revisions"}],"predecessor-version":[{"id":7610,"href":"https:\/\/blog.holyart.it\/fr\/wp-json\/wp\/v2\/posts\/3794\/revisions\/7610"}],"wp:featuredmedia":[{"embeddable":true,"href":"https:\/\/blog.holyart.it\/fr\/wp-json\/wp\/v2\/media\/3797"}],"wp:attachment":[{"href":"https:\/\/blog.holyart.it\/fr\/wp-json\/wp\/v2\/media?parent=3794"}],"wp:term":[{"taxonomy":"category","embeddable":true,"href":"https:\/\/blog.holyart.it\/fr\/wp-json\/wp\/v2\/categories?post=3794"},{"taxonomy":"post_tag","embeddable":true,"href":"https:\/\/blog.holyart.it\/fr\/wp-json\/wp\/v2\/tags?post=3794"}],"curies":[{"name":"wp","href":"https:\/\/api.w.org\/{rel}","templated":true}]}}