{"id":377,"date":"2017-05-18T16:12:52","date_gmt":"2017-05-18T14:12:52","guid":{"rendered":"https:\/\/blog.holyart.it\/fr\/?p=377"},"modified":"2017-06-27T16:14:34","modified_gmt":"2017-06-27T14:14:34","slug":"culte-images-sacrees","status":"publish","type":"post","link":"https:\/\/blog.holyart.it\/fr\/articles-religieux\/culte-images-sacrees\/","title":{"rendered":"Le culte des images sacr\u00e9es"},"content":{"rendered":"<p>L\u2019\u00c9glise catholique recourt depuis toujours \u00e0 l\u2019usage d\u2019<span style=\"color: #0000ff;\"><strong><a style=\"color: #0000ff;\" href=\"https:\/\/www.holyart.fr\/articles-religieux\/statues\">images et de statues sacr\u00e9es<\/a> <\/strong><\/span>pour la pratique de la v\u00e9n\u00e9ration. Nous ne faisons pas r\u00e9f\u00e9rence, bien s\u00fbr, aux premiers chr\u00e9tiens, oblig\u00e9s de cacher leur foi et \u00e0 exercer leur culte dans des lieux secrets, o\u00f9 ils pouvaient \u00e0 peine utiliser des symboles secrets, incompr\u00e9hensibles pour leur ennemis. Eux aussi, pourtant, ils recueillaient les restes des premiers martyres, ceux qui d\u00e9virent par la suite Saints, et ils les respectaient et les v\u00e9n\u00e9raient comme des objets de culte.<\/p>\n<p>Beaucoup de religions, anciennes et modernes, sont <strong>iconoclastes<\/strong>, c\u2019est-\u00e0-dire qu\u2019elles condamnent le culte des images. Il suffit de penser \u00e0 l\u2019Islam qui prohibe la repr\u00e9sentation d\u2019images de Mahomet, mais aussi le Protestantisme, qui \u00e0 ses d\u00e9buts condamna et d\u00e9cr\u00e9ta la destruction de beaucoup de statues et d\u2019images dans les \u00e9glises catholiques.<\/p>\n<p>La Bible aussi condamne l\u2019idol\u00e2trie et beaucoup de passages des Textes Sacr\u00e9s prohibent la r\u00e9alisation de statues et d\u2019images, mais cette condamnation fait uniquement r\u00e9f\u00e9rence \u00e0 la repr\u00e9sentation de divinit\u00e9s pa\u00efennes. <strong>La Bible prohibe l\u2019idol\u00e2trie, non pas la cr\u00e9ation d\u2019images si destin\u00e9es \u00e0 l\u2019adoration et \u00e0 la v\u00e9n\u00e9ration de l\u2019unique et v\u00e9ritable Dieu<\/strong>. Au contraire, dans d\u2019autres passages des Textes Sacr\u00e9s c\u2019est Dieu en personne qui ordonne aux hommes de manifester leur d\u00e9votion en r\u00e9alisant des statues et des objets de v\u00e9n\u00e9ration.<\/p>\n<p>L\u2019utilisation d\u2019<strong>images sacr\u00e9es<\/strong>, la v\u00e9n\u00e9ration de <strong>statues qui repr\u00e9sentent J\u00e9sus,<\/strong> ou la <strong>Sainte Vierge,<\/strong> ou les <strong>Saints,<\/strong> n\u2019est donc pas en contraste avec les dogmes de la Bible. C\u2019est au contraire une sorte d\u2019h\u00e9ritage de ces premiers et timides gestes de d\u00e9votion port\u00e9s par les chr\u00e9tiens primitifs aux d\u00e9pouilles des martyres, recueillies avec piti\u00e9 et amour.<\/p>\n<p>C\u2019est en 787 pendant le Concile de Nic\u00e9e II qu\u2019on d\u00e9finit et consacre l\u2019usage d\u2019<strong>images sacr\u00e9es <\/strong>de la part des fid\u00e8les. Il leur fut attribu\u00e9 la m\u00eame sacralit\u00e9 que la croix et, par cons\u00e9quent, le droit d\u2019\u00eatre utilis\u00e9es dans les \u00e9glises, pendant les c\u00e9l\u00e9brations ou comme objet de v\u00e9n\u00e9ration pour les fid\u00e8les, mais aussi dans les maisons priv\u00e9es et dans les lieux publics.<\/p>\n<p>Suite aux d\u00e9cisions du Concile, les images sacr\u00e9es peuvent \u00eatre peintes, r\u00e9alis\u00e9es sous forme de mosa\u00efque, sculpt\u00e9es, tiss\u00e9es, dans la mesure o\u00f9\u00a0: \u00ab\u00a0elles soient l\u2019image du Seigneur Dieu et notre Sauveur J\u00e9sus-Christ, ou celle de l\u2019Immacul\u00e9e Notre-Dame, la Sainte M\u00e8re de Dieu, des saints anges, de tous le saints et les justes\u00a0\u00bb.<\/p>\n<p>La <strong>v\u00e9n\u00e9ration des images sacr\u00e9es<\/strong> a donn\u00e9 vie au cours de si\u00e8cle \u00e0 de nombreuses formes de d\u00e9votion populaire et ont s\u00fbrement contribu\u00e9 de mani\u00e8re significative \u00e0 la diffusion de la religion catholique dans le monde entier.<\/p>\n","protected":false},"excerpt":{"rendered":"<p>L\u2019\u00c9glise catholique recourt depuis toujours \u00e0 l\u2019usage d\u2019images et de statues sacr\u00e9es pour la pratique de la v\u00e9n\u00e9ration. Nous ne faisons pas r\u00e9f\u00e9rence, bien s\u00fbr, aux premiers chr\u00e9tiens, oblig\u00e9s de cacher leur foi et \u00e0 exercer leur culte dans des lieux secrets, o\u00f9 ils pouvaient&hellip;<\/p>\n","protected":false},"author":1,"featured_media":378,"comment_status":"closed","ping_status":"open","sticky":false,"template":"","format":"standard","meta":{"_acf_changed":false,"footnotes":""},"categories":[8],"tags":[],"class_list":["post-377","post","type-post","status-publish","format-standard","has-post-thumbnail","hentry","category-articles-religieux"],"acf":[],"yoast_head":"<!-- This site is optimized with the Yoast SEO plugin v26.6 - https:\/\/yoast.com\/wordpress\/plugins\/seo\/ -->\n<title>Le culte des images sacr\u00e9es - Holyart.fr Blog<\/title>\n<meta name=\"description\" content=\"L\u2019\u00c9glise catholique recourt depuis toujours \u00e0 l\u2019usage d\u2019images et de statues sacr\u00e9es pour la pratique de la v\u00e9n\u00e9ration.\" \/>\n<meta name=\"robots\" content=\"index, follow, max-snippet:-1, max-image-preview:large, max-video-preview:-1\" \/>\n<link rel=\"canonical\" href=\"https:\/\/blog.holyart.it\/fr\/articles-religieux\/culte-images-sacrees\/\" \/>\n<meta property=\"og:locale\" content=\"fr_FR\" \/>\n<meta property=\"og:type\" content=\"article\" \/>\n<meta property=\"og:title\" content=\"Le culte des images sacr\u00e9es - Holyart.fr Blog\" \/>\n<meta property=\"og:description\" content=\"L\u2019\u00c9glise catholique recourt depuis toujours \u00e0 l\u2019usage d\u2019images et de statues sacr\u00e9es pour la pratique de la v\u00e9n\u00e9ration.\" \/>\n<meta property=\"og:url\" content=\"https:\/\/blog.holyart.it\/fr\/articles-religieux\/culte-images-sacrees\/\" \/>\n<meta property=\"og:site_name\" content=\"Holyart.fr Blog\" \/>\n<meta property=\"article:published_time\" content=\"2017-05-18T14:12:52+00:00\" \/>\n<meta property=\"article:modified_time\" content=\"2017-06-27T14:14:34+00:00\" \/>\n<meta property=\"og:image\" content=\"https:\/\/blog.holyart.it\/fr\/wp-content\/uploads\/sites\/14\/2017\/06\/Le-culte-des-images-sacr\u00e9es.jpg\" \/>\n\t<meta property=\"og:image:width\" content=\"1000\" \/>\n\t<meta property=\"og:image:height\" content=\"667\" \/>\n\t<meta property=\"og:image:type\" content=\"image\/jpeg\" \/>\n<meta name=\"author\" content=\"Redazione\" \/>\n<meta name=\"twitter:card\" content=\"summary_large_image\" \/>\n<meta name=\"twitter:label1\" content=\"\u00c9crit par\" \/>\n\t<meta name=\"twitter:data1\" content=\"Redazione\" \/>\n\t<meta name=\"twitter:label2\" content=\"Dur\u00e9e de lecture estim\u00e9e\" \/>\n\t<meta name=\"twitter:data2\" content=\"3 minutes\" \/>\n<script type=\"application\/ld+json\" class=\"yoast-schema-graph\">{\"@context\":\"https:\/\/schema.org\",\"@graph\":[{\"@type\":\"Article\",\"@id\":\"https:\/\/blog.holyart.it\/fr\/articles-religieux\/culte-images-sacrees\/#article\",\"isPartOf\":{\"@id\":\"https:\/\/blog.holyart.it\/fr\/articles-religieux\/culte-images-sacrees\/\"},\"author\":{\"name\":\"Redazione\",\"@id\":\"https:\/\/blog.holyart.it\/fr\/#\/schema\/person\/0a7b686e5af0f856ec1e390dd0baecda\"},\"headline\":\"Le culte des images sacr\u00e9es\",\"datePublished\":\"2017-05-18T14:12:52+00:00\",\"dateModified\":\"2017-06-27T14:14:34+00:00\",\"mainEntityOfPage\":{\"@id\":\"https:\/\/blog.holyart.it\/fr\/articles-religieux\/culte-images-sacrees\/\"},\"wordCount\":524,\"publisher\":{\"@id\":\"https:\/\/blog.holyart.it\/fr\/#organization\"},\"image\":{\"@id\":\"https:\/\/blog.holyart.it\/fr\/articles-religieux\/culte-images-sacrees\/#primaryimage\"},\"thumbnailUrl\":\"https:\/\/blog.holyart.it\/fr\/wp-content\/uploads\/sites\/14\/2017\/06\/Le-culte-des-images-sacr\u00e9es.jpg\",\"articleSection\":[\"Religion\"],\"inLanguage\":\"fr-FR\"},{\"@type\":\"WebPage\",\"@id\":\"https:\/\/blog.holyart.it\/fr\/articles-religieux\/culte-images-sacrees\/\",\"url\":\"https:\/\/blog.holyart.it\/fr\/articles-religieux\/culte-images-sacrees\/\",\"name\":\"Le culte des images sacr\u00e9es - Holyart.fr Blog\",\"isPartOf\":{\"@id\":\"https:\/\/blog.holyart.it\/fr\/#website\"},\"primaryImageOfPage\":{\"@id\":\"https:\/\/blog.holyart.it\/fr\/articles-religieux\/culte-images-sacrees\/#primaryimage\"},\"image\":{\"@id\":\"https:\/\/blog.holyart.it\/fr\/articles-religieux\/culte-images-sacrees\/#primaryimage\"},\"thumbnailUrl\":\"https:\/\/blog.holyart.it\/fr\/wp-content\/uploads\/sites\/14\/2017\/06\/Le-culte-des-images-sacr\u00e9es.jpg\",\"datePublished\":\"2017-05-18T14:12:52+00:00\",\"dateModified\":\"2017-06-27T14:14:34+00:00\",\"description\":\"L\u2019\u00c9glise catholique recourt depuis toujours \u00e0 l\u2019usage d\u2019images et de statues sacr\u00e9es pour la pratique de la v\u00e9n\u00e9ration.\",\"breadcrumb\":{\"@id\":\"https:\/\/blog.holyart.it\/fr\/articles-religieux\/culte-images-sacrees\/#breadcrumb\"},\"inLanguage\":\"fr-FR\",\"potentialAction\":[{\"@type\":\"ReadAction\",\"target\":[\"https:\/\/blog.holyart.it\/fr\/articles-religieux\/culte-images-sacrees\/\"]}]},{\"@type\":\"ImageObject\",\"inLanguage\":\"fr-FR\",\"@id\":\"https:\/\/blog.holyart.it\/fr\/articles-religieux\/culte-images-sacrees\/#primaryimage\",\"url\":\"https:\/\/blog.holyart.it\/fr\/wp-content\/uploads\/sites\/14\/2017\/06\/Le-culte-des-images-sacr\u00e9es.jpg\",\"contentUrl\":\"https:\/\/blog.holyart.it\/fr\/wp-content\/uploads\/sites\/14\/2017\/06\/Le-culte-des-images-sacr\u00e9es.jpg\",\"width\":1000,\"height\":667,\"caption\":\"Le culte des images sacr\u00e9es\"},{\"@type\":\"BreadcrumbList\",\"@id\":\"https:\/\/blog.holyart.it\/fr\/articles-religieux\/culte-images-sacrees\/#breadcrumb\",\"itemListElement\":[{\"@type\":\"ListItem\",\"position\":1,\"name\":\"Homepage\",\"item\":\"https:\/\/blog.holyart.it\/fr\/\"},{\"@type\":\"ListItem\",\"position\":2,\"name\":\"Religion\",\"item\":\"https:\/\/blog.holyart.it\/fr\/articles-religieux\/\"},{\"@type\":\"ListItem\",\"position\":3,\"name\":\"Le culte des images sacr\u00e9es\"}]},{\"@type\":\"WebSite\",\"@id\":\"https:\/\/blog.holyart.it\/fr\/#website\",\"url\":\"https:\/\/blog.holyart.it\/fr\/\",\"name\":\"Holyart.fr Blog\",\"description\":\"Holyblog\",\"publisher\":{\"@id\":\"https:\/\/blog.holyart.it\/fr\/#organization\"},\"potentialAction\":[{\"@type\":\"SearchAction\",\"target\":{\"@type\":\"EntryPoint\",\"urlTemplate\":\"https:\/\/blog.holyart.it\/fr\/?s={search_term_string}\"},\"query-input\":{\"@type\":\"PropertyValueSpecification\",\"valueRequired\":true,\"valueName\":\"search_term_string\"}}],\"inLanguage\":\"fr-FR\"},{\"@type\":\"Organization\",\"@id\":\"https:\/\/blog.holyart.it\/fr\/#organization\",\"name\":\"Holyart.fr Blog\",\"url\":\"https:\/\/blog.holyart.it\/fr\/\",\"logo\":{\"@type\":\"ImageObject\",\"inLanguage\":\"fr-FR\",\"@id\":\"https:\/\/blog.holyart.it\/fr\/#\/schema\/logo\/image\/\",\"url\":\"https:\/\/blog.holyart.it\/fr\/wp-content\/uploads\/sites\/14\/2022\/12\/Holyart_Blog_Logo.jpg\",\"contentUrl\":\"https:\/\/blog.holyart.it\/fr\/wp-content\/uploads\/sites\/14\/2022\/12\/Holyart_Blog_Logo.jpg\",\"width\":300,\"height\":50,\"caption\":\"Holyart.fr Blog\"},\"image\":{\"@id\":\"https:\/\/blog.holyart.it\/fr\/#\/schema\/logo\/image\/\"}},{\"@type\":\"Person\",\"@id\":\"https:\/\/blog.holyart.it\/fr\/#\/schema\/person\/0a7b686e5af0f856ec1e390dd0baecda\",\"name\":\"Redazione\",\"image\":{\"@type\":\"ImageObject\",\"inLanguage\":\"fr-FR\",\"@id\":\"https:\/\/blog.holyart.it\/fr\/#\/schema\/person\/image\/\",\"url\":\"https:\/\/secure.gravatar.com\/avatar\/f477da817f43e50d0af36abecd33e3edf826c68299714bdc1057dff3b113f516?s=96&d=mm&r=g\",\"contentUrl\":\"https:\/\/secure.gravatar.com\/avatar\/f477da817f43e50d0af36abecd33e3edf826c68299714bdc1057dff3b113f516?s=96&d=mm&r=g\",\"caption\":\"Redazione\"},\"url\":\"https:\/\/blog.holyart.it\/fr\/author\/admin\/\"}]}<\/script>\n<!-- \/ Yoast SEO plugin. -->","yoast_head_json":{"title":"Le culte des images sacr\u00e9es - Holyart.fr Blog","description":"L\u2019\u00c9glise catholique recourt depuis toujours \u00e0 l\u2019usage d\u2019images et de statues sacr\u00e9es pour la pratique de la v\u00e9n\u00e9ration.","robots":{"index":"index","follow":"follow","max-snippet":"max-snippet:-1","max-image-preview":"max-image-preview:large","max-video-preview":"max-video-preview:-1"},"canonical":"https:\/\/blog.holyart.it\/fr\/articles-religieux\/culte-images-sacrees\/","og_locale":"fr_FR","og_type":"article","og_title":"Le culte des images sacr\u00e9es - Holyart.fr Blog","og_description":"L\u2019\u00c9glise catholique recourt depuis toujours \u00e0 l\u2019usage d\u2019images et de statues sacr\u00e9es pour la pratique de la v\u00e9n\u00e9ration.","og_url":"https:\/\/blog.holyart.it\/fr\/articles-religieux\/culte-images-sacrees\/","og_site_name":"Holyart.fr Blog","article_published_time":"2017-05-18T14:12:52+00:00","article_modified_time":"2017-06-27T14:14:34+00:00","og_image":[{"width":1000,"height":667,"url":"https:\/\/blog.holyart.it\/fr\/wp-content\/uploads\/sites\/14\/2017\/06\/Le-culte-des-images-sacr\u00e9es.jpg","type":"image\/jpeg"}],"author":"Redazione","twitter_card":"summary_large_image","twitter_misc":{"\u00c9crit par":"Redazione","Dur\u00e9e de lecture estim\u00e9e":"3 minutes"},"schema":{"@context":"https:\/\/schema.org","@graph":[{"@type":"Article","@id":"https:\/\/blog.holyart.it\/fr\/articles-religieux\/culte-images-sacrees\/#article","isPartOf":{"@id":"https:\/\/blog.holyart.it\/fr\/articles-religieux\/culte-images-sacrees\/"},"author":{"name":"Redazione","@id":"https:\/\/blog.holyart.it\/fr\/#\/schema\/person\/0a7b686e5af0f856ec1e390dd0baecda"},"headline":"Le culte des images sacr\u00e9es","datePublished":"2017-05-18T14:12:52+00:00","dateModified":"2017-06-27T14:14:34+00:00","mainEntityOfPage":{"@id":"https:\/\/blog.holyart.it\/fr\/articles-religieux\/culte-images-sacrees\/"},"wordCount":524,"publisher":{"@id":"https:\/\/blog.holyart.it\/fr\/#organization"},"image":{"@id":"https:\/\/blog.holyart.it\/fr\/articles-religieux\/culte-images-sacrees\/#primaryimage"},"thumbnailUrl":"https:\/\/blog.holyart.it\/fr\/wp-content\/uploads\/sites\/14\/2017\/06\/Le-culte-des-images-sacr\u00e9es.jpg","articleSection":["Religion"],"inLanguage":"fr-FR"},{"@type":"WebPage","@id":"https:\/\/blog.holyart.it\/fr\/articles-religieux\/culte-images-sacrees\/","url":"https:\/\/blog.holyart.it\/fr\/articles-religieux\/culte-images-sacrees\/","name":"Le culte des images sacr\u00e9es - Holyart.fr Blog","isPartOf":{"@id":"https:\/\/blog.holyart.it\/fr\/#website"},"primaryImageOfPage":{"@id":"https:\/\/blog.holyart.it\/fr\/articles-religieux\/culte-images-sacrees\/#primaryimage"},"image":{"@id":"https:\/\/blog.holyart.it\/fr\/articles-religieux\/culte-images-sacrees\/#primaryimage"},"thumbnailUrl":"https:\/\/blog.holyart.it\/fr\/wp-content\/uploads\/sites\/14\/2017\/06\/Le-culte-des-images-sacr\u00e9es.jpg","datePublished":"2017-05-18T14:12:52+00:00","dateModified":"2017-06-27T14:14:34+00:00","description":"L\u2019\u00c9glise catholique recourt depuis toujours \u00e0 l\u2019usage d\u2019images et de statues sacr\u00e9es pour la pratique de la v\u00e9n\u00e9ration.","breadcrumb":{"@id":"https:\/\/blog.holyart.it\/fr\/articles-religieux\/culte-images-sacrees\/#breadcrumb"},"inLanguage":"fr-FR","potentialAction":[{"@type":"ReadAction","target":["https:\/\/blog.holyart.it\/fr\/articles-religieux\/culte-images-sacrees\/"]}]},{"@type":"ImageObject","inLanguage":"fr-FR","@id":"https:\/\/blog.holyart.it\/fr\/articles-religieux\/culte-images-sacrees\/#primaryimage","url":"https:\/\/blog.holyart.it\/fr\/wp-content\/uploads\/sites\/14\/2017\/06\/Le-culte-des-images-sacr\u00e9es.jpg","contentUrl":"https:\/\/blog.holyart.it\/fr\/wp-content\/uploads\/sites\/14\/2017\/06\/Le-culte-des-images-sacr\u00e9es.jpg","width":1000,"height":667,"caption":"Le culte des images sacr\u00e9es"},{"@type":"BreadcrumbList","@id":"https:\/\/blog.holyart.it\/fr\/articles-religieux\/culte-images-sacrees\/#breadcrumb","itemListElement":[{"@type":"ListItem","position":1,"name":"Homepage","item":"https:\/\/blog.holyart.it\/fr\/"},{"@type":"ListItem","position":2,"name":"Religion","item":"https:\/\/blog.holyart.it\/fr\/articles-religieux\/"},{"@type":"ListItem","position":3,"name":"Le culte des images sacr\u00e9es"}]},{"@type":"WebSite","@id":"https:\/\/blog.holyart.it\/fr\/#website","url":"https:\/\/blog.holyart.it\/fr\/","name":"Holyart.fr Blog","description":"Holyblog","publisher":{"@id":"https:\/\/blog.holyart.it\/fr\/#organization"},"potentialAction":[{"@type":"SearchAction","target":{"@type":"EntryPoint","urlTemplate":"https:\/\/blog.holyart.it\/fr\/?s={search_term_string}"},"query-input":{"@type":"PropertyValueSpecification","valueRequired":true,"valueName":"search_term_string"}}],"inLanguage":"fr-FR"},{"@type":"Organization","@id":"https:\/\/blog.holyart.it\/fr\/#organization","name":"Holyart.fr Blog","url":"https:\/\/blog.holyart.it\/fr\/","logo":{"@type":"ImageObject","inLanguage":"fr-FR","@id":"https:\/\/blog.holyart.it\/fr\/#\/schema\/logo\/image\/","url":"https:\/\/blog.holyart.it\/fr\/wp-content\/uploads\/sites\/14\/2022\/12\/Holyart_Blog_Logo.jpg","contentUrl":"https:\/\/blog.holyart.it\/fr\/wp-content\/uploads\/sites\/14\/2022\/12\/Holyart_Blog_Logo.jpg","width":300,"height":50,"caption":"Holyart.fr Blog"},"image":{"@id":"https:\/\/blog.holyart.it\/fr\/#\/schema\/logo\/image\/"}},{"@type":"Person","@id":"https:\/\/blog.holyart.it\/fr\/#\/schema\/person\/0a7b686e5af0f856ec1e390dd0baecda","name":"Redazione","image":{"@type":"ImageObject","inLanguage":"fr-FR","@id":"https:\/\/blog.holyart.it\/fr\/#\/schema\/person\/image\/","url":"https:\/\/secure.gravatar.com\/avatar\/f477da817f43e50d0af36abecd33e3edf826c68299714bdc1057dff3b113f516?s=96&d=mm&r=g","contentUrl":"https:\/\/secure.gravatar.com\/avatar\/f477da817f43e50d0af36abecd33e3edf826c68299714bdc1057dff3b113f516?s=96&d=mm&r=g","caption":"Redazione"},"url":"https:\/\/blog.holyart.it\/fr\/author\/admin\/"}]}},"_links":{"self":[{"href":"https:\/\/blog.holyart.it\/fr\/wp-json\/wp\/v2\/posts\/377","targetHints":{"allow":["GET"]}}],"collection":[{"href":"https:\/\/blog.holyart.it\/fr\/wp-json\/wp\/v2\/posts"}],"about":[{"href":"https:\/\/blog.holyart.it\/fr\/wp-json\/wp\/v2\/types\/post"}],"author":[{"embeddable":true,"href":"https:\/\/blog.holyart.it\/fr\/wp-json\/wp\/v2\/users\/1"}],"replies":[{"embeddable":true,"href":"https:\/\/blog.holyart.it\/fr\/wp-json\/wp\/v2\/comments?post=377"}],"version-history":[{"count":0,"href":"https:\/\/blog.holyart.it\/fr\/wp-json\/wp\/v2\/posts\/377\/revisions"}],"wp:featuredmedia":[{"embeddable":true,"href":"https:\/\/blog.holyart.it\/fr\/wp-json\/wp\/v2\/media\/378"}],"wp:attachment":[{"href":"https:\/\/blog.holyart.it\/fr\/wp-json\/wp\/v2\/media?parent=377"}],"wp:term":[{"taxonomy":"category","embeddable":true,"href":"https:\/\/blog.holyart.it\/fr\/wp-json\/wp\/v2\/categories?post=377"},{"taxonomy":"post_tag","embeddable":true,"href":"https:\/\/blog.holyart.it\/fr\/wp-json\/wp\/v2\/tags?post=377"}],"curies":[{"name":"wp","href":"https:\/\/api.w.org\/{rel}","templated":true}]}}