{"id":374,"date":"2017-05-16T16:10:17","date_gmt":"2017-05-16T14:10:17","guid":{"rendered":"https:\/\/blog.holyart.it\/fr\/?p=374"},"modified":"2017-06-27T16:12:41","modified_gmt":"2017-06-27T14:12:41","slug":"culte-de-divine-misericorde","status":"publish","type":"post","link":"https:\/\/blog.holyart.it\/fr\/articles-religieux\/culte-de-divine-misericorde\/","title":{"rendered":"Le culte de la Divine Mis\u00e9ricorde"},"content":{"rendered":"<p>Le <strong>culte de la Divine Mis\u00e9ricorde<\/strong> nait de mani\u00e8re tardive. Ce fut Maria Faustyna Kowalska, s\u0153ur polonaise canonis\u00e9e en 2000 par pape Jean-Paul II, qui est fut la promotrice.<\/p>\n<p>Membre de la Congr\u00e9gation des <strong>S\u0153urs de Notre-Dame de la Mis\u00e9ricorde<\/strong>, s\u0153ur Faustyna d\u00e9montra d\u00e8s son plus jeune \u00e2ge des capacit\u00e9s mystiques. Son journal reporte de nombreux dialogues qu\u2019elle aurait eu au cours des ann\u00e9es entre elle et Dieu. Ce fut cette union privil\u00e9gi\u00e9e avec le Seigneur, en plus des gr\u00e2ces, des r\u00e9v\u00e9lations, des visions, des stigmates et d\u2019autres nombreux dons, qui fit en sorte qu\u2019elle soit \u00e9lev\u00e9e au r\u00f4le de Sainte.<\/p>\n<p>Le culte de la Divine Mis\u00e9ricorde nait d\u2019une vision que s\u0153ur Faustyna eut en 1931\u00a0: J\u00e9sus lui apparut dans sa cellule de blanc v\u00eatu avec une main lev\u00e9e en signe de b\u00e9n\u00e9diction et l\u2019autre pos\u00e9e sur sa poitrine, dont sortaient deux rayons resplendissants, un p\u00e2le et un rouge.<\/p>\n<p>J\u00e9sus lui expliqua que <strong>le rayon p\u00e2le repr\u00e9sentait l\u2019Eau<\/strong> qui justifie les \u00e2mes, tandis que <strong>le rouge repr\u00e9sentait le Sang<\/strong>, qui est vie.<\/p>\n<p>Le Seigneur lui ordonna de le peindre de cette mani\u00e8re et de faire en sorte que cette image soit v\u00e9n\u00e9r\u00e9e dans le monde entier. Il lui dit aussi que la c\u00e9l\u00e9bration pendant laquelle l\u2019image aurait d\u00fb \u00eatre b\u00e9nite aurait eu lieu <strong>le premier dimanche apr\u00e8s P\u00e2ques<\/strong>. Pape Jean-Paul II canonisa s\u0153ur Faustyna et d\u00e9cr\u00e9ta que la F\u00eate de la Divine Mis\u00e9ricorde soit c\u00e9l\u00e9br\u00e9e chaque ann\u00e9e \u00e0 cette date.<\/p>\n<p>Dans une apparition successive, J\u00e9sus dicta \u00e0 s\u0153ur Faustyna le <span style=\"color: #0000ff;\"><strong><a style=\"color: #0000ff;\" href=\"https:\/\/www.holyart.fr\/articles-religieux\/chapelets-et-etuis-a-chapelet\/rosaires-de-devotion\/chapelet-de-devotion-divine-misericorde\">Chapelet de la Divine Mis\u00e9ricorde<\/a><\/strong><\/span>, une pri\u00e8re de d\u00e9votion qui garantit des gr\u00e2ces \u00e0 la personne qui la r\u00e9cite, en particulier la promesse d\u2019une mort sereine et en paix. M\u00eame les pires p\u00e9cheurs, en r\u00e9citant une seule fois le Chapelet de la Divine Mis\u00e9ricorde, peuvent trouver en elle une derni\u00e8re ancre de salut et le pardon de tous les p\u00e9ch\u00e9s. La <strong>pri\u00e8re de la Divine Mis\u00e9ricorde<\/strong> est une invocation vibrante \u00e0 J\u00e9sus, P\u00e8re Mis\u00e9ricordieux, pr\u00eat \u00e0 accueillir \u00e0 tout instant dans ses bras les fils souffrants, pr\u00eat \u00e0 recueillir et \u00e0 les consoler de tous leur soucis.<\/p>\n<p>Il suffit de r\u00e9citer le Chapelet de la Divine Mis\u00e9ricorde pour trouver le soulagement de ses probl\u00e8mes et une nouvelle joie intime et profonde avec laquelle affronter la vie.<\/p>\n","protected":false},"excerpt":{"rendered":"<p>Le culte de la Divine Mis\u00e9ricorde nait de mani\u00e8re tardive. Ce fut Maria Faustyna Kowalska, s\u0153ur polonaise canonis\u00e9e en 2000 par pape Jean-Paul II, qui est fut la promotrice. Membre de la Congr\u00e9gation des S\u0153urs de Notre-Dame de la Mis\u00e9ricorde, s\u0153ur Faustyna d\u00e9montra d\u00e8s son&hellip;<\/p>\n","protected":false},"author":1,"featured_media":375,"comment_status":"closed","ping_status":"open","sticky":false,"template":"","format":"standard","meta":{"_acf_changed":false,"footnotes":""},"categories":[8],"tags":[],"class_list":["post-374","post","type-post","status-publish","format-standard","has-post-thumbnail","hentry","category-articles-religieux"],"acf":[],"yoast_head":"<!-- This site is optimized with the Yoast SEO plugin v26.6 - https:\/\/yoast.com\/wordpress\/plugins\/seo\/ -->\n<title>Le culte de la Divine Mis\u00e9ricorde - Holyart.fr Blog<\/title>\n<meta name=\"description\" content=\"Le culte de la Divine Mis\u00e9ricorde nait de mani\u00e8re tardive. Ce fut Maria Faustyna Kowalska, s\u0153ur polonaise canonis\u00e9e en 2000 par pape Jean-Paul II\" \/>\n<meta name=\"robots\" content=\"index, follow, max-snippet:-1, max-image-preview:large, max-video-preview:-1\" \/>\n<link rel=\"canonical\" href=\"https:\/\/blog.holyart.it\/fr\/articles-religieux\/culte-de-divine-misericorde\/\" \/>\n<meta property=\"og:locale\" content=\"fr_FR\" \/>\n<meta property=\"og:type\" content=\"article\" \/>\n<meta property=\"og:title\" content=\"Le culte de la Divine Mis\u00e9ricorde - Holyart.fr Blog\" \/>\n<meta property=\"og:description\" content=\"Le culte de la Divine Mis\u00e9ricorde nait de mani\u00e8re tardive. Ce fut Maria Faustyna Kowalska, s\u0153ur polonaise canonis\u00e9e en 2000 par pape Jean-Paul II\" \/>\n<meta property=\"og:url\" content=\"https:\/\/blog.holyart.it\/fr\/articles-religieux\/culte-de-divine-misericorde\/\" \/>\n<meta property=\"og:site_name\" content=\"Holyart.fr Blog\" \/>\n<meta property=\"article:published_time\" content=\"2017-05-16T14:10:17+00:00\" \/>\n<meta property=\"article:modified_time\" content=\"2017-06-27T14:12:41+00:00\" \/>\n<meta property=\"og:image\" content=\"https:\/\/blog.holyart.it\/fr\/wp-content\/uploads\/sites\/14\/2017\/06\/Le-culte-de-la-Divine-Mis\u00e9ricorde.jpg\" \/>\n\t<meta property=\"og:image:width\" content=\"1000\" \/>\n\t<meta property=\"og:image:height\" content=\"664\" \/>\n\t<meta property=\"og:image:type\" content=\"image\/jpeg\" \/>\n<meta name=\"author\" content=\"Redazione\" \/>\n<meta name=\"twitter:card\" content=\"summary_large_image\" \/>\n<meta name=\"twitter:label1\" content=\"\u00c9crit par\" \/>\n\t<meta name=\"twitter:data1\" content=\"Redazione\" \/>\n\t<meta name=\"twitter:label2\" content=\"Dur\u00e9e de lecture estim\u00e9e\" \/>\n\t<meta name=\"twitter:data2\" content=\"2 minutes\" \/>\n<script type=\"application\/ld+json\" class=\"yoast-schema-graph\">{\"@context\":\"https:\/\/schema.org\",\"@graph\":[{\"@type\":\"Article\",\"@id\":\"https:\/\/blog.holyart.it\/fr\/articles-religieux\/culte-de-divine-misericorde\/#article\",\"isPartOf\":{\"@id\":\"https:\/\/blog.holyart.it\/fr\/articles-religieux\/culte-de-divine-misericorde\/\"},\"author\":{\"name\":\"Redazione\",\"@id\":\"https:\/\/blog.holyart.it\/fr\/#\/schema\/person\/0a7b686e5af0f856ec1e390dd0baecda\"},\"headline\":\"Le culte de la Divine Mis\u00e9ricorde\",\"datePublished\":\"2017-05-16T14:10:17+00:00\",\"dateModified\":\"2017-06-27T14:12:41+00:00\",\"mainEntityOfPage\":{\"@id\":\"https:\/\/blog.holyart.it\/fr\/articles-religieux\/culte-de-divine-misericorde\/\"},\"wordCount\":455,\"publisher\":{\"@id\":\"https:\/\/blog.holyart.it\/fr\/#organization\"},\"image\":{\"@id\":\"https:\/\/blog.holyart.it\/fr\/articles-religieux\/culte-de-divine-misericorde\/#primaryimage\"},\"thumbnailUrl\":\"https:\/\/blog.holyart.it\/fr\/wp-content\/uploads\/sites\/14\/2017\/06\/Le-culte-de-la-Divine-Mis\u00e9ricorde.jpg\",\"articleSection\":[\"Religion\"],\"inLanguage\":\"fr-FR\"},{\"@type\":\"WebPage\",\"@id\":\"https:\/\/blog.holyart.it\/fr\/articles-religieux\/culte-de-divine-misericorde\/\",\"url\":\"https:\/\/blog.holyart.it\/fr\/articles-religieux\/culte-de-divine-misericorde\/\",\"name\":\"Le culte de la Divine Mis\u00e9ricorde - Holyart.fr Blog\",\"isPartOf\":{\"@id\":\"https:\/\/blog.holyart.it\/fr\/#website\"},\"primaryImageOfPage\":{\"@id\":\"https:\/\/blog.holyart.it\/fr\/articles-religieux\/culte-de-divine-misericorde\/#primaryimage\"},\"image\":{\"@id\":\"https:\/\/blog.holyart.it\/fr\/articles-religieux\/culte-de-divine-misericorde\/#primaryimage\"},\"thumbnailUrl\":\"https:\/\/blog.holyart.it\/fr\/wp-content\/uploads\/sites\/14\/2017\/06\/Le-culte-de-la-Divine-Mis\u00e9ricorde.jpg\",\"datePublished\":\"2017-05-16T14:10:17+00:00\",\"dateModified\":\"2017-06-27T14:12:41+00:00\",\"description\":\"Le culte de la Divine Mis\u00e9ricorde nait de mani\u00e8re tardive. Ce fut Maria Faustyna Kowalska, s\u0153ur polonaise canonis\u00e9e en 2000 par pape Jean-Paul II\",\"breadcrumb\":{\"@id\":\"https:\/\/blog.holyart.it\/fr\/articles-religieux\/culte-de-divine-misericorde\/#breadcrumb\"},\"inLanguage\":\"fr-FR\",\"potentialAction\":[{\"@type\":\"ReadAction\",\"target\":[\"https:\/\/blog.holyart.it\/fr\/articles-religieux\/culte-de-divine-misericorde\/\"]}]},{\"@type\":\"ImageObject\",\"inLanguage\":\"fr-FR\",\"@id\":\"https:\/\/blog.holyart.it\/fr\/articles-religieux\/culte-de-divine-misericorde\/#primaryimage\",\"url\":\"https:\/\/blog.holyart.it\/fr\/wp-content\/uploads\/sites\/14\/2017\/06\/Le-culte-de-la-Divine-Mis\u00e9ricorde.jpg\",\"contentUrl\":\"https:\/\/blog.holyart.it\/fr\/wp-content\/uploads\/sites\/14\/2017\/06\/Le-culte-de-la-Divine-Mis\u00e9ricorde.jpg\",\"width\":1000,\"height\":664,\"caption\":\"Foto:C\u00e9sar Mu\u00f1oz\/Andes\"},{\"@type\":\"BreadcrumbList\",\"@id\":\"https:\/\/blog.holyart.it\/fr\/articles-religieux\/culte-de-divine-misericorde\/#breadcrumb\",\"itemListElement\":[{\"@type\":\"ListItem\",\"position\":1,\"name\":\"Homepage\",\"item\":\"https:\/\/blog.holyart.it\/fr\/\"},{\"@type\":\"ListItem\",\"position\":2,\"name\":\"Religion\",\"item\":\"https:\/\/blog.holyart.it\/fr\/articles-religieux\/\"},{\"@type\":\"ListItem\",\"position\":3,\"name\":\"Le culte de la Divine Mis\u00e9ricorde\"}]},{\"@type\":\"WebSite\",\"@id\":\"https:\/\/blog.holyart.it\/fr\/#website\",\"url\":\"https:\/\/blog.holyart.it\/fr\/\",\"name\":\"Holyart.fr Blog\",\"description\":\"Holyblog\",\"publisher\":{\"@id\":\"https:\/\/blog.holyart.it\/fr\/#organization\"},\"potentialAction\":[{\"@type\":\"SearchAction\",\"target\":{\"@type\":\"EntryPoint\",\"urlTemplate\":\"https:\/\/blog.holyart.it\/fr\/?s={search_term_string}\"},\"query-input\":{\"@type\":\"PropertyValueSpecification\",\"valueRequired\":true,\"valueName\":\"search_term_string\"}}],\"inLanguage\":\"fr-FR\"},{\"@type\":\"Organization\",\"@id\":\"https:\/\/blog.holyart.it\/fr\/#organization\",\"name\":\"Holyart.fr Blog\",\"url\":\"https:\/\/blog.holyart.it\/fr\/\",\"logo\":{\"@type\":\"ImageObject\",\"inLanguage\":\"fr-FR\",\"@id\":\"https:\/\/blog.holyart.it\/fr\/#\/schema\/logo\/image\/\",\"url\":\"https:\/\/blog.holyart.it\/fr\/wp-content\/uploads\/sites\/14\/2022\/12\/Holyart_Blog_Logo.jpg\",\"contentUrl\":\"https:\/\/blog.holyart.it\/fr\/wp-content\/uploads\/sites\/14\/2022\/12\/Holyart_Blog_Logo.jpg\",\"width\":300,\"height\":50,\"caption\":\"Holyart.fr Blog\"},\"image\":{\"@id\":\"https:\/\/blog.holyart.it\/fr\/#\/schema\/logo\/image\/\"}},{\"@type\":\"Person\",\"@id\":\"https:\/\/blog.holyart.it\/fr\/#\/schema\/person\/0a7b686e5af0f856ec1e390dd0baecda\",\"name\":\"Redazione\",\"image\":{\"@type\":\"ImageObject\",\"inLanguage\":\"fr-FR\",\"@id\":\"https:\/\/blog.holyart.it\/fr\/#\/schema\/person\/image\/\",\"url\":\"https:\/\/secure.gravatar.com\/avatar\/f477da817f43e50d0af36abecd33e3edf826c68299714bdc1057dff3b113f516?s=96&d=mm&r=g\",\"contentUrl\":\"https:\/\/secure.gravatar.com\/avatar\/f477da817f43e50d0af36abecd33e3edf826c68299714bdc1057dff3b113f516?s=96&d=mm&r=g\",\"caption\":\"Redazione\"},\"url\":\"https:\/\/blog.holyart.it\/fr\/author\/admin\/\"}]}<\/script>\n<!-- \/ Yoast SEO plugin. -->","yoast_head_json":{"title":"Le culte de la Divine Mis\u00e9ricorde - Holyart.fr Blog","description":"Le culte de la Divine Mis\u00e9ricorde nait de mani\u00e8re tardive. Ce fut Maria Faustyna Kowalska, s\u0153ur polonaise canonis\u00e9e en 2000 par pape Jean-Paul II","robots":{"index":"index","follow":"follow","max-snippet":"max-snippet:-1","max-image-preview":"max-image-preview:large","max-video-preview":"max-video-preview:-1"},"canonical":"https:\/\/blog.holyart.it\/fr\/articles-religieux\/culte-de-divine-misericorde\/","og_locale":"fr_FR","og_type":"article","og_title":"Le culte de la Divine Mis\u00e9ricorde - Holyart.fr Blog","og_description":"Le culte de la Divine Mis\u00e9ricorde nait de mani\u00e8re tardive. Ce fut Maria Faustyna Kowalska, s\u0153ur polonaise canonis\u00e9e en 2000 par pape Jean-Paul II","og_url":"https:\/\/blog.holyart.it\/fr\/articles-religieux\/culte-de-divine-misericorde\/","og_site_name":"Holyart.fr Blog","article_published_time":"2017-05-16T14:10:17+00:00","article_modified_time":"2017-06-27T14:12:41+00:00","og_image":[{"width":1000,"height":664,"url":"https:\/\/blog.holyart.it\/fr\/wp-content\/uploads\/sites\/14\/2017\/06\/Le-culte-de-la-Divine-Mis\u00e9ricorde.jpg","type":"image\/jpeg"}],"author":"Redazione","twitter_card":"summary_large_image","twitter_misc":{"\u00c9crit par":"Redazione","Dur\u00e9e de lecture estim\u00e9e":"2 minutes"},"schema":{"@context":"https:\/\/schema.org","@graph":[{"@type":"Article","@id":"https:\/\/blog.holyart.it\/fr\/articles-religieux\/culte-de-divine-misericorde\/#article","isPartOf":{"@id":"https:\/\/blog.holyart.it\/fr\/articles-religieux\/culte-de-divine-misericorde\/"},"author":{"name":"Redazione","@id":"https:\/\/blog.holyart.it\/fr\/#\/schema\/person\/0a7b686e5af0f856ec1e390dd0baecda"},"headline":"Le culte de la Divine Mis\u00e9ricorde","datePublished":"2017-05-16T14:10:17+00:00","dateModified":"2017-06-27T14:12:41+00:00","mainEntityOfPage":{"@id":"https:\/\/blog.holyart.it\/fr\/articles-religieux\/culte-de-divine-misericorde\/"},"wordCount":455,"publisher":{"@id":"https:\/\/blog.holyart.it\/fr\/#organization"},"image":{"@id":"https:\/\/blog.holyart.it\/fr\/articles-religieux\/culte-de-divine-misericorde\/#primaryimage"},"thumbnailUrl":"https:\/\/blog.holyart.it\/fr\/wp-content\/uploads\/sites\/14\/2017\/06\/Le-culte-de-la-Divine-Mis\u00e9ricorde.jpg","articleSection":["Religion"],"inLanguage":"fr-FR"},{"@type":"WebPage","@id":"https:\/\/blog.holyart.it\/fr\/articles-religieux\/culte-de-divine-misericorde\/","url":"https:\/\/blog.holyart.it\/fr\/articles-religieux\/culte-de-divine-misericorde\/","name":"Le culte de la Divine Mis\u00e9ricorde - Holyart.fr Blog","isPartOf":{"@id":"https:\/\/blog.holyart.it\/fr\/#website"},"primaryImageOfPage":{"@id":"https:\/\/blog.holyart.it\/fr\/articles-religieux\/culte-de-divine-misericorde\/#primaryimage"},"image":{"@id":"https:\/\/blog.holyart.it\/fr\/articles-religieux\/culte-de-divine-misericorde\/#primaryimage"},"thumbnailUrl":"https:\/\/blog.holyart.it\/fr\/wp-content\/uploads\/sites\/14\/2017\/06\/Le-culte-de-la-Divine-Mis\u00e9ricorde.jpg","datePublished":"2017-05-16T14:10:17+00:00","dateModified":"2017-06-27T14:12:41+00:00","description":"Le culte de la Divine Mis\u00e9ricorde nait de mani\u00e8re tardive. Ce fut Maria Faustyna Kowalska, s\u0153ur polonaise canonis\u00e9e en 2000 par pape Jean-Paul II","breadcrumb":{"@id":"https:\/\/blog.holyart.it\/fr\/articles-religieux\/culte-de-divine-misericorde\/#breadcrumb"},"inLanguage":"fr-FR","potentialAction":[{"@type":"ReadAction","target":["https:\/\/blog.holyart.it\/fr\/articles-religieux\/culte-de-divine-misericorde\/"]}]},{"@type":"ImageObject","inLanguage":"fr-FR","@id":"https:\/\/blog.holyart.it\/fr\/articles-religieux\/culte-de-divine-misericorde\/#primaryimage","url":"https:\/\/blog.holyart.it\/fr\/wp-content\/uploads\/sites\/14\/2017\/06\/Le-culte-de-la-Divine-Mis\u00e9ricorde.jpg","contentUrl":"https:\/\/blog.holyart.it\/fr\/wp-content\/uploads\/sites\/14\/2017\/06\/Le-culte-de-la-Divine-Mis\u00e9ricorde.jpg","width":1000,"height":664,"caption":"Foto:C\u00e9sar Mu\u00f1oz\/Andes"},{"@type":"BreadcrumbList","@id":"https:\/\/blog.holyart.it\/fr\/articles-religieux\/culte-de-divine-misericorde\/#breadcrumb","itemListElement":[{"@type":"ListItem","position":1,"name":"Homepage","item":"https:\/\/blog.holyart.it\/fr\/"},{"@type":"ListItem","position":2,"name":"Religion","item":"https:\/\/blog.holyart.it\/fr\/articles-religieux\/"},{"@type":"ListItem","position":3,"name":"Le culte de la Divine Mis\u00e9ricorde"}]},{"@type":"WebSite","@id":"https:\/\/blog.holyart.it\/fr\/#website","url":"https:\/\/blog.holyart.it\/fr\/","name":"Holyart.fr Blog","description":"Holyblog","publisher":{"@id":"https:\/\/blog.holyart.it\/fr\/#organization"},"potentialAction":[{"@type":"SearchAction","target":{"@type":"EntryPoint","urlTemplate":"https:\/\/blog.holyart.it\/fr\/?s={search_term_string}"},"query-input":{"@type":"PropertyValueSpecification","valueRequired":true,"valueName":"search_term_string"}}],"inLanguage":"fr-FR"},{"@type":"Organization","@id":"https:\/\/blog.holyart.it\/fr\/#organization","name":"Holyart.fr Blog","url":"https:\/\/blog.holyart.it\/fr\/","logo":{"@type":"ImageObject","inLanguage":"fr-FR","@id":"https:\/\/blog.holyart.it\/fr\/#\/schema\/logo\/image\/","url":"https:\/\/blog.holyart.it\/fr\/wp-content\/uploads\/sites\/14\/2022\/12\/Holyart_Blog_Logo.jpg","contentUrl":"https:\/\/blog.holyart.it\/fr\/wp-content\/uploads\/sites\/14\/2022\/12\/Holyart_Blog_Logo.jpg","width":300,"height":50,"caption":"Holyart.fr Blog"},"image":{"@id":"https:\/\/blog.holyart.it\/fr\/#\/schema\/logo\/image\/"}},{"@type":"Person","@id":"https:\/\/blog.holyart.it\/fr\/#\/schema\/person\/0a7b686e5af0f856ec1e390dd0baecda","name":"Redazione","image":{"@type":"ImageObject","inLanguage":"fr-FR","@id":"https:\/\/blog.holyart.it\/fr\/#\/schema\/person\/image\/","url":"https:\/\/secure.gravatar.com\/avatar\/f477da817f43e50d0af36abecd33e3edf826c68299714bdc1057dff3b113f516?s=96&d=mm&r=g","contentUrl":"https:\/\/secure.gravatar.com\/avatar\/f477da817f43e50d0af36abecd33e3edf826c68299714bdc1057dff3b113f516?s=96&d=mm&r=g","caption":"Redazione"},"url":"https:\/\/blog.holyart.it\/fr\/author\/admin\/"}]}},"_links":{"self":[{"href":"https:\/\/blog.holyart.it\/fr\/wp-json\/wp\/v2\/posts\/374","targetHints":{"allow":["GET"]}}],"collection":[{"href":"https:\/\/blog.holyart.it\/fr\/wp-json\/wp\/v2\/posts"}],"about":[{"href":"https:\/\/blog.holyart.it\/fr\/wp-json\/wp\/v2\/types\/post"}],"author":[{"embeddable":true,"href":"https:\/\/blog.holyart.it\/fr\/wp-json\/wp\/v2\/users\/1"}],"replies":[{"embeddable":true,"href":"https:\/\/blog.holyart.it\/fr\/wp-json\/wp\/v2\/comments?post=374"}],"version-history":[{"count":0,"href":"https:\/\/blog.holyart.it\/fr\/wp-json\/wp\/v2\/posts\/374\/revisions"}],"wp:featuredmedia":[{"embeddable":true,"href":"https:\/\/blog.holyart.it\/fr\/wp-json\/wp\/v2\/media\/375"}],"wp:attachment":[{"href":"https:\/\/blog.holyart.it\/fr\/wp-json\/wp\/v2\/media?parent=374"}],"wp:term":[{"taxonomy":"category","embeddable":true,"href":"https:\/\/blog.holyart.it\/fr\/wp-json\/wp\/v2\/categories?post=374"},{"taxonomy":"post_tag","embeddable":true,"href":"https:\/\/blog.holyart.it\/fr\/wp-json\/wp\/v2\/tags?post=374"}],"curies":[{"name":"wp","href":"https:\/\/api.w.org\/{rel}","templated":true}]}}