{"id":3732,"date":"2021-12-14T10:00:49","date_gmt":"2021-12-14T09:00:49","guid":{"rendered":"https:\/\/blog.holyart.it\/fr\/?p=3732"},"modified":"2024-09-23T16:03:08","modified_gmt":"2024-09-23T14:03:08","slug":"la-creche-de-greccio-la-creche-de-saint-francois","status":"publish","type":"post","link":"https:\/\/blog.holyart.it\/fr\/noel\/la-creche-de-greccio-la-creche-de-saint-francois\/","title":{"rendered":"La cr\u00e8che de Greccio : la cr\u00e8che de Saint Fran\u00e7ois"},"content":{"rendered":"<h4>Quel est l\u2019histoire de la cr\u00e8che ? D\u2019o\u00f9 vient cette tradition que nous vivons tous les ans ? Voici l\u2019histoire de la premi\u00e8re cr\u00e8che, la cr\u00e8che de Greccio voulue par Saint Fran\u00e7ois.<\/h4>\n\n<p>Cette ann\u00e9e, comme tous les ans, un symbole chr\u00e9tien li\u00e9 \u00e0 No\u00ebl entre dans nos maisons et dans nos \u00e9glises : la <a href=\"https:\/\/www.holyart.fr\/noel\/creches-noel\"><strong>cr\u00e8che<\/strong><\/a>. Que ce soit dans les lieux publics ou priv\u00e9s, la naissance de J\u00e9sus est c\u00e9l\u00e9br\u00e9e avec statues, d\u00e9cors et gr\u00e2ce \u00e0 la cr\u00e9ativit\u00e9 des artisans de cr\u00e8che ou des passionn\u00e9s de la cr\u00e8che faite maison.<\/p>\n<p>Combien de possibilit\u00e9 y a-t-il pour cr\u00e9er une cr\u00e8che ? Cr\u00e8che napolitaine en terre cuite, cr\u00e8che en style arabe ou nordique, en r\u00e9sine ou en bois : il existe un vaste univers autour de cette repr\u00e9sentation qui unit l\u2019Art et la Foi.<\/p>\n<div class=\"link-product\">\n<div class=\"blocco-immagine\"><img loading=\"lazy\" decoding=\"async\" class=\"size-full wp-image-3733 alignleft\" src=\"https:\/\/blog.holyart.it\/fr\/wp-content\/uploads\/sites\/14\/2021\/12\/Creches-Noel.jpg\" alt=\"Creches Noel\" width=\"100\" height=\"100\" data-kale-share-title=\"La cr\u00e8che de Greccio : la cr\u00e8che de Saint Fran\u00e7ois\" data-kale-share-url=\"https:\/\/blog.holyart.it\/fr\/?p=3732\" \/><\/div>\n<div class=\"blocco-contenuto\">\n<div class=\"blocco-acquista\">Acheter sur Holyart:<\/div>\n<div class=\"blocco-titolo\"><a href=\"https:\/\/www.holyart.fr\/noel\/creches-noel\">Cr\u00e8ches No\u00ebl<\/a><\/div>\n<div class=\"blocco-descrizione\">Cr\u00e8ches No\u00ebl en bois, pierre, terre cuite et m\u00eame plus.<\/div>\n<\/div>\n<\/div>\n<p>M\u00eame <strong>Pape Fran\u00e7ois<\/strong> dans la lettre apostolique <em>Admirabile Signum<\/em> a rappel\u00e9 la beaut\u00e9 et la valeur de la cr\u00e8che :<\/p>\n<p>\u00ab\u00a0En contemplant la sc\u00e8ne de No\u00ebl, nous sommes invit\u00e9s \u00e0 nous mettre spirituellement en chemin, attir\u00e9s par l&rsquo;humilit\u00e9 de Celui qui s&rsquo;est fait homme pour rencontrer chaque homme. Et, nous d\u00e9couvrons qu&rsquo;Il nous aime jusqu\u2019au point de s\u2019unir \u00e0 nous, pour que nous aussi nous puissions nous unir \u00e0 Lui. [&#8230;] C&rsquo;est vraiment un exercice d&rsquo;imagination cr\u00e9ative, qui utilise les mat\u00e9riaux les plus vari\u00e9s pour cr\u00e9er de petits chefs-d&rsquo;\u0153uvre de beaut\u00e9. On l\u2019apprend d\u00e8s notre enfance : quand papa et maman, ensemble avec les grands-parents, transmettent cette habitude joyeuse qui poss\u00e8de en soi une riche spiritualit\u00e9 populaire.\u00a0\u00bb<\/p>\n<p>Mais d\u2019o\u00f9 vient cette tradition ?<\/p>\n<h2>L\u2019histoire de la cr\u00e8che de Greccio<\/h2>\n<p>L\u2019<strong>histoire de la cr\u00e8che <\/strong>a comme protagoniste un grand saint italien : <a href=\"https:\/\/www.holyart.fr\/blog\/saints-et-bienheureux\/le-cantique-des-creatures-de-saint-francois\/\"><strong>Saint Fran\u00e7ois d\u2019Assise<\/strong><\/a>. On est en 1223 \u00e0 Greccio, un petit village \u00e0 Rieti. Saint Fran\u00e7ois, arrivant probablement de Rome o\u00f9 le Pape avait confirm\u00e9 la r\u00e8gle franciscaine, s\u2019arr\u00eata dans le village o\u00f9 habitait Giovanni Velita, ami et disciple du saint. Quand il vit les grottes pr\u00e8s de Greccio, il se souvint d\u2019une image : <strong>Bethl\u00e9em<\/strong>, qu\u2019il avait visit\u00e9 lors de son voyage en Terre Sainte et, en particulier, les grottes o\u00f9 J\u00e9sus \u00e9tait n\u00e9.<\/p>\n<div class=\"link-article\">\n<p><img loading=\"lazy\" decoding=\"async\" class=\"size-full wp-image-3734 alignleft\" src=\"https:\/\/blog.holyart.it\/fr\/wp-content\/uploads\/sites\/14\/2021\/12\/Le-cantique-des-creatures-de-Saint-Francois.jpg\" alt=\"Le cantique des creatures de Saint Francois\" width=\"150\" height=\"99\" data-kale-share-title=\"La cr\u00e8che de Greccio : la cr\u00e8che de Saint Fran\u00e7ois\" data-kale-share-url=\"https:\/\/blog.holyart.it\/fr\/?p=3732\" \/><\/p>\n<div class=\"leggi-anche\">Lire aussi :<\/div>\n<p><strong><a href=\"https:\/\/www.holyart.fr\/blog\/saints-et-bienheureux\/le-cantique-des-creatures-de-saint-francois\/\">Le cantique des cr\u00e9atures de Saint Fran\u00e7ois<\/a><\/strong><br \/>\nSaint Fran\u00e7ois d\u2019Assise est un des saints les plus aim\u00e9s et les plus v\u00e9n\u00e9r\u00e9s de l\u2019\u00c9glise catholique. Proche des pauvres, fr\u00e8re des&#8230;<\/p>\n<\/div>\n<p>Frapp\u00e9 par les sc\u00e8nes des mosa\u00efques qui repr\u00e9sentaient la Nativit\u00e9 dans la Basilique de Sainte-Marie-Majeure \u00e0 Rome, Saint Fran\u00e7ois \u00e9prouva le grand d\u00e9sir de \u00ab\u00a0<strong>repr\u00e9senter l\u2019Enfant n\u00e9 \u00e0 Bethl\u00e9em<\/strong>, et voir avec les yeux du corps, les souffrances dans lesquelles il s\u2019est trouv\u00e9 par manque du n\u00e9cessaire pour un nouveau-n\u00e9, lorsqu\u2019il \u00e9tait couch\u00e9 dans un berceau sur la paille entre le b\u0153uf et l\u2019\u00e2ne\u00a0\u00bb (Thomas de Celano, <em>Vita Prima<\/em>, n. 84 : <em>Sources franciscaines<\/em> (FF), n. 468). Quinze jours avant No\u00ebl il exprima ce souhait et demanda de l\u2019aide \u00e0 Monsieur Giovanni Velita pour installer la <strong>premi\u00e8re cr\u00e8che de l\u2019histoire<\/strong>.<\/p>\n<p>Le d\u00e9cor et la r\u00e9alisation furent simples : une grotte, une mangeoire, un b\u0153uf et un \u00e2ne qui furent conduits sur place. Le 25 d\u00e9cembre, autour de cette sc\u00e8ne, se r\u00e9unirent moines, hommes et femmes de la zone en amenant fleurs et flambeaux. L\u2019histoire de la cr\u00e8che commen\u00e7a donc avec une <strong>cr\u00e8che vivante<\/strong>, faite de fid\u00e8les en chair et en os qui c\u00e9l\u00e9braient ensemble la pauvret\u00e9 de Dieu fait Homme. Sur ce <em>praesepium<\/em>, qui signifie mangeoire, fut c\u00e9l\u00e9br\u00e9e l\u2019eucharistie par un pr\u00eatre qui se trouvait dans l\u2019audience \u2013 Saint Fran\u00e7ois avait choisi de rester diacre.<\/p>\n<h2>Le miracle<\/h2>\n<p>En plus de l\u2019id\u00e9e de la cr\u00e8che, que nous r\u00e9alisons encore aujourd\u2019hui dans nos maisons, dans les \u00e9glises, voire sur notre lieu de travail, dans les \u00e9coles et sur les places, la tradition nous livre <strong>un miracle<\/strong>. On raconte en effet que dans la mangeoire de la cr\u00e8che de Greccio apparut r\u00e9ellement l\u2019<a href=\"https:\/\/www.holyart.fr\/noel\/creches-noel\/creches-monastere-de-bethleem\/enfant-jesus-avec-sa-creche-petite-creche\"><strong>Enfant J\u00e9sus<\/strong><\/a> et le moment v\u00e9cu par des personnes r\u00e9unies devint source d\u2019une grande joie.<\/p>\n<div class=\"link-product\">\n<div class=\"blocco-immagine\"><img loading=\"lazy\" decoding=\"async\" class=\"size-full wp-image-3735 alignleft\" src=\"https:\/\/blog.holyart.it\/fr\/wp-content\/uploads\/sites\/14\/2021\/12\/Enfant-Jesus.jpg\" alt=\"Enfant Jesus\" width=\"100\" height=\"100\" data-kale-share-title=\"La cr\u00e8che de Greccio : la cr\u00e8che de Saint Fran\u00e7ois\" data-kale-share-url=\"https:\/\/blog.holyart.it\/fr\/?p=3732\" \/><\/div>\n<div class=\"blocco-contenuto\">\n<div class=\"blocco-acquista\">Acheter sur Holyart:<\/div>\n<div class=\"blocco-titolo\"><a href=\"https:\/\/www.holyart.fr\/noel\/creches-noel\/creches-monastere-de-bethleem\/enfant-jesus-avec-sa-creche-petite-creche\">Enfant J\u00e9sus avec sa cr\u00e8che &#8211; petite cr\u00e8che<\/a><\/div>\n<div class=\"blocco-descrizione\">R\u00e8alis\u00e9e \u00e0 la main par le soeurs du monast\u00e8re de Bethl\u00e9em.<\/div>\n<\/div>\n<\/div>\n<p>Les gens retourn\u00e8rent chez eux de ce lieu profond\u00e9ment touch\u00e9s. Saint Fran\u00e7ois fut aper\u00e7u cette nuit-l\u00e0 en train d\u2019embrasser tendrement l\u2019Enfant apparut dans la mangeoire.<\/p>\n<p>Cette ann\u00e9e, comme tous les ans, la cr\u00e8che sera un signe de joie qui vient de l\u2019intuition d\u2019un grand saint.<\/p>\n","protected":false},"excerpt":{"rendered":"<p>Quel est l\u2019histoire de la cr\u00e8che ? D\u2019o\u00f9 vient cette tradition que nous vivons tous les ans ? Voici l\u2019histoire de la premi\u00e8re cr\u00e8che, la cr\u00e8che de Greccio voulue par Saint Fran\u00e7ois. Cette ann\u00e9e, comme tous les ans, un symbole chr\u00e9tien li\u00e9 \u00e0 No\u00ebl entre&hellip;<\/p>\n","protected":false},"author":1,"featured_media":3736,"comment_status":"closed","ping_status":"open","sticky":false,"template":"","format":"standard","meta":{"_acf_changed":false,"footnotes":""},"categories":[10],"tags":[],"class_list":["post-3732","post","type-post","status-publish","format-standard","has-post-thumbnail","hentry","category-noel"],"acf":[],"yoast_head":"<!-- This site is optimized with the Yoast SEO plugin v26.6 - https:\/\/yoast.com\/wordpress\/plugins\/seo\/ -->\n<title>La cr\u00e8che de Greccio : la cr\u00e8che de Saint Fran\u00e7ois - Holyart.fr Blog<\/title>\n<meta name=\"description\" content=\"Quel est l\u2019histoire de la cr\u00e8che ? Voici l\u2019histoire de la premi\u00e8re cr\u00e8che, la cr\u00e8che de Greccio voulue par Saint Fran\u00e7ois.\" \/>\n<meta name=\"robots\" content=\"index, follow, max-snippet:-1, max-image-preview:large, max-video-preview:-1\" \/>\n<link rel=\"canonical\" href=\"https:\/\/blog.holyart.it\/fr\/noel\/la-creche-de-greccio-la-creche-de-saint-francois\/\" \/>\n<meta property=\"og:locale\" content=\"fr_FR\" \/>\n<meta property=\"og:type\" content=\"article\" \/>\n<meta property=\"og:title\" content=\"La cr\u00e8che de Greccio : la cr\u00e8che de Saint Fran\u00e7ois - Holyart.fr Blog\" \/>\n<meta property=\"og:description\" content=\"Quel est l\u2019histoire de la cr\u00e8che ? Voici l\u2019histoire de la premi\u00e8re cr\u00e8che, la cr\u00e8che de Greccio voulue par Saint Fran\u00e7ois.\" \/>\n<meta property=\"og:url\" content=\"https:\/\/blog.holyart.it\/fr\/noel\/la-creche-de-greccio-la-creche-de-saint-francois\/\" \/>\n<meta property=\"og:site_name\" content=\"Holyart.fr Blog\" \/>\n<meta property=\"article:published_time\" content=\"2021-12-14T09:00:49+00:00\" \/>\n<meta property=\"article:modified_time\" content=\"2024-09-23T14:03:08+00:00\" \/>\n<meta property=\"og:image\" content=\"https:\/\/blog.holyart.it\/fr\/wp-content\/uploads\/sites\/14\/2021\/12\/La-creche-de-Greccio.jpg\" \/>\n\t<meta property=\"og:image:width\" content=\"1000\" \/>\n\t<meta property=\"og:image:height\" content=\"653\" \/>\n\t<meta property=\"og:image:type\" content=\"image\/jpeg\" \/>\n<meta name=\"author\" content=\"Redazione\" \/>\n<meta name=\"twitter:card\" content=\"summary_large_image\" \/>\n<meta name=\"twitter:label1\" content=\"\u00c9crit par\" \/>\n\t<meta name=\"twitter:data1\" content=\"Redazione\" \/>\n\t<meta name=\"twitter:label2\" content=\"Dur\u00e9e de lecture estim\u00e9e\" \/>\n\t<meta name=\"twitter:data2\" content=\"5 minutes\" \/>\n<script type=\"application\/ld+json\" class=\"yoast-schema-graph\">{\"@context\":\"https:\/\/schema.org\",\"@graph\":[{\"@type\":\"Article\",\"@id\":\"https:\/\/blog.holyart.it\/fr\/noel\/la-creche-de-greccio-la-creche-de-saint-francois\/#article\",\"isPartOf\":{\"@id\":\"https:\/\/blog.holyart.it\/fr\/noel\/la-creche-de-greccio-la-creche-de-saint-francois\/\"},\"author\":{\"name\":\"Redazione\",\"@id\":\"https:\/\/blog.holyart.it\/fr\/#\/schema\/person\/0a7b686e5af0f856ec1e390dd0baecda\"},\"headline\":\"La cr\u00e8che de Greccio : la cr\u00e8che de Saint Fran\u00e7ois\",\"datePublished\":\"2021-12-14T09:00:49+00:00\",\"dateModified\":\"2024-09-23T14:03:08+00:00\",\"mainEntityOfPage\":{\"@id\":\"https:\/\/blog.holyart.it\/fr\/noel\/la-creche-de-greccio-la-creche-de-saint-francois\/\"},\"wordCount\":856,\"publisher\":{\"@id\":\"https:\/\/blog.holyart.it\/fr\/#organization\"},\"image\":{\"@id\":\"https:\/\/blog.holyart.it\/fr\/noel\/la-creche-de-greccio-la-creche-de-saint-francois\/#primaryimage\"},\"thumbnailUrl\":\"https:\/\/blog.holyart.it\/fr\/wp-content\/uploads\/sites\/14\/2021\/12\/La-creche-de-Greccio.jpg\",\"articleSection\":[\"No\u00ebl\"],\"inLanguage\":\"fr-FR\"},{\"@type\":\"WebPage\",\"@id\":\"https:\/\/blog.holyart.it\/fr\/noel\/la-creche-de-greccio-la-creche-de-saint-francois\/\",\"url\":\"https:\/\/blog.holyart.it\/fr\/noel\/la-creche-de-greccio-la-creche-de-saint-francois\/\",\"name\":\"La cr\u00e8che de Greccio : la cr\u00e8che de Saint Fran\u00e7ois - Holyart.fr Blog\",\"isPartOf\":{\"@id\":\"https:\/\/blog.holyart.it\/fr\/#website\"},\"primaryImageOfPage\":{\"@id\":\"https:\/\/blog.holyart.it\/fr\/noel\/la-creche-de-greccio-la-creche-de-saint-francois\/#primaryimage\"},\"image\":{\"@id\":\"https:\/\/blog.holyart.it\/fr\/noel\/la-creche-de-greccio-la-creche-de-saint-francois\/#primaryimage\"},\"thumbnailUrl\":\"https:\/\/blog.holyart.it\/fr\/wp-content\/uploads\/sites\/14\/2021\/12\/La-creche-de-Greccio.jpg\",\"datePublished\":\"2021-12-14T09:00:49+00:00\",\"dateModified\":\"2024-09-23T14:03:08+00:00\",\"description\":\"Quel est l\u2019histoire de la cr\u00e8che ? Voici l\u2019histoire de la premi\u00e8re cr\u00e8che, la cr\u00e8che de Greccio voulue par Saint Fran\u00e7ois.\",\"breadcrumb\":{\"@id\":\"https:\/\/blog.holyart.it\/fr\/noel\/la-creche-de-greccio-la-creche-de-saint-francois\/#breadcrumb\"},\"inLanguage\":\"fr-FR\",\"potentialAction\":[{\"@type\":\"ReadAction\",\"target\":[\"https:\/\/blog.holyart.it\/fr\/noel\/la-creche-de-greccio-la-creche-de-saint-francois\/\"]}]},{\"@type\":\"ImageObject\",\"inLanguage\":\"fr-FR\",\"@id\":\"https:\/\/blog.holyart.it\/fr\/noel\/la-creche-de-greccio-la-creche-de-saint-francois\/#primaryimage\",\"url\":\"https:\/\/blog.holyart.it\/fr\/wp-content\/uploads\/sites\/14\/2021\/12\/La-creche-de-Greccio.jpg\",\"contentUrl\":\"https:\/\/blog.holyart.it\/fr\/wp-content\/uploads\/sites\/14\/2021\/12\/La-creche-de-Greccio.jpg\",\"width\":1000,\"height\":653,\"caption\":\"La creche de Greccio\"},{\"@type\":\"BreadcrumbList\",\"@id\":\"https:\/\/blog.holyart.it\/fr\/noel\/la-creche-de-greccio-la-creche-de-saint-francois\/#breadcrumb\",\"itemListElement\":[{\"@type\":\"ListItem\",\"position\":1,\"name\":\"Homepage\",\"item\":\"https:\/\/blog.holyart.it\/fr\/\"},{\"@type\":\"ListItem\",\"position\":2,\"name\":\"No\u00ebl\",\"item\":\"https:\/\/blog.holyart.it\/fr\/noel\/\"},{\"@type\":\"ListItem\",\"position\":3,\"name\":\"La cr\u00e8che de Greccio : la cr\u00e8che de Saint Fran\u00e7ois\"}]},{\"@type\":\"WebSite\",\"@id\":\"https:\/\/blog.holyart.it\/fr\/#website\",\"url\":\"https:\/\/blog.holyart.it\/fr\/\",\"name\":\"Holyart.fr Blog\",\"description\":\"Holyblog\",\"publisher\":{\"@id\":\"https:\/\/blog.holyart.it\/fr\/#organization\"},\"potentialAction\":[{\"@type\":\"SearchAction\",\"target\":{\"@type\":\"EntryPoint\",\"urlTemplate\":\"https:\/\/blog.holyart.it\/fr\/?s={search_term_string}\"},\"query-input\":{\"@type\":\"PropertyValueSpecification\",\"valueRequired\":true,\"valueName\":\"search_term_string\"}}],\"inLanguage\":\"fr-FR\"},{\"@type\":\"Organization\",\"@id\":\"https:\/\/blog.holyart.it\/fr\/#organization\",\"name\":\"Holyart.fr Blog\",\"url\":\"https:\/\/blog.holyart.it\/fr\/\",\"logo\":{\"@type\":\"ImageObject\",\"inLanguage\":\"fr-FR\",\"@id\":\"https:\/\/blog.holyart.it\/fr\/#\/schema\/logo\/image\/\",\"url\":\"https:\/\/blog.holyart.it\/fr\/wp-content\/uploads\/sites\/14\/2022\/12\/Holyart_Blog_Logo.jpg\",\"contentUrl\":\"https:\/\/blog.holyart.it\/fr\/wp-content\/uploads\/sites\/14\/2022\/12\/Holyart_Blog_Logo.jpg\",\"width\":300,\"height\":50,\"caption\":\"Holyart.fr Blog\"},\"image\":{\"@id\":\"https:\/\/blog.holyart.it\/fr\/#\/schema\/logo\/image\/\"}},{\"@type\":\"Person\",\"@id\":\"https:\/\/blog.holyart.it\/fr\/#\/schema\/person\/0a7b686e5af0f856ec1e390dd0baecda\",\"name\":\"Redazione\",\"image\":{\"@type\":\"ImageObject\",\"inLanguage\":\"fr-FR\",\"@id\":\"https:\/\/blog.holyart.it\/fr\/#\/schema\/person\/image\/\",\"url\":\"https:\/\/secure.gravatar.com\/avatar\/f477da817f43e50d0af36abecd33e3edf826c68299714bdc1057dff3b113f516?s=96&d=mm&r=g\",\"contentUrl\":\"https:\/\/secure.gravatar.com\/avatar\/f477da817f43e50d0af36abecd33e3edf826c68299714bdc1057dff3b113f516?s=96&d=mm&r=g\",\"caption\":\"Redazione\"},\"url\":\"https:\/\/blog.holyart.it\/fr\/author\/admin\/\"}]}<\/script>\n<!-- \/ Yoast SEO plugin. -->","yoast_head_json":{"title":"La cr\u00e8che de Greccio : la cr\u00e8che de Saint Fran\u00e7ois - Holyart.fr Blog","description":"Quel est l\u2019histoire de la cr\u00e8che ? Voici l\u2019histoire de la premi\u00e8re cr\u00e8che, la cr\u00e8che de Greccio voulue par Saint Fran\u00e7ois.","robots":{"index":"index","follow":"follow","max-snippet":"max-snippet:-1","max-image-preview":"max-image-preview:large","max-video-preview":"max-video-preview:-1"},"canonical":"https:\/\/blog.holyart.it\/fr\/noel\/la-creche-de-greccio-la-creche-de-saint-francois\/","og_locale":"fr_FR","og_type":"article","og_title":"La cr\u00e8che de Greccio : la cr\u00e8che de Saint Fran\u00e7ois - Holyart.fr Blog","og_description":"Quel est l\u2019histoire de la cr\u00e8che ? Voici l\u2019histoire de la premi\u00e8re cr\u00e8che, la cr\u00e8che de Greccio voulue par Saint Fran\u00e7ois.","og_url":"https:\/\/blog.holyart.it\/fr\/noel\/la-creche-de-greccio-la-creche-de-saint-francois\/","og_site_name":"Holyart.fr Blog","article_published_time":"2021-12-14T09:00:49+00:00","article_modified_time":"2024-09-23T14:03:08+00:00","og_image":[{"width":1000,"height":653,"url":"https:\/\/blog.holyart.it\/fr\/wp-content\/uploads\/sites\/14\/2021\/12\/La-creche-de-Greccio.jpg","type":"image\/jpeg"}],"author":"Redazione","twitter_card":"summary_large_image","twitter_misc":{"\u00c9crit par":"Redazione","Dur\u00e9e de lecture estim\u00e9e":"5 minutes"},"schema":{"@context":"https:\/\/schema.org","@graph":[{"@type":"Article","@id":"https:\/\/blog.holyart.it\/fr\/noel\/la-creche-de-greccio-la-creche-de-saint-francois\/#article","isPartOf":{"@id":"https:\/\/blog.holyart.it\/fr\/noel\/la-creche-de-greccio-la-creche-de-saint-francois\/"},"author":{"name":"Redazione","@id":"https:\/\/blog.holyart.it\/fr\/#\/schema\/person\/0a7b686e5af0f856ec1e390dd0baecda"},"headline":"La cr\u00e8che de Greccio : la cr\u00e8che de Saint Fran\u00e7ois","datePublished":"2021-12-14T09:00:49+00:00","dateModified":"2024-09-23T14:03:08+00:00","mainEntityOfPage":{"@id":"https:\/\/blog.holyart.it\/fr\/noel\/la-creche-de-greccio-la-creche-de-saint-francois\/"},"wordCount":856,"publisher":{"@id":"https:\/\/blog.holyart.it\/fr\/#organization"},"image":{"@id":"https:\/\/blog.holyart.it\/fr\/noel\/la-creche-de-greccio-la-creche-de-saint-francois\/#primaryimage"},"thumbnailUrl":"https:\/\/blog.holyart.it\/fr\/wp-content\/uploads\/sites\/14\/2021\/12\/La-creche-de-Greccio.jpg","articleSection":["No\u00ebl"],"inLanguage":"fr-FR"},{"@type":"WebPage","@id":"https:\/\/blog.holyart.it\/fr\/noel\/la-creche-de-greccio-la-creche-de-saint-francois\/","url":"https:\/\/blog.holyart.it\/fr\/noel\/la-creche-de-greccio-la-creche-de-saint-francois\/","name":"La cr\u00e8che de Greccio : la cr\u00e8che de Saint Fran\u00e7ois - Holyart.fr Blog","isPartOf":{"@id":"https:\/\/blog.holyart.it\/fr\/#website"},"primaryImageOfPage":{"@id":"https:\/\/blog.holyart.it\/fr\/noel\/la-creche-de-greccio-la-creche-de-saint-francois\/#primaryimage"},"image":{"@id":"https:\/\/blog.holyart.it\/fr\/noel\/la-creche-de-greccio-la-creche-de-saint-francois\/#primaryimage"},"thumbnailUrl":"https:\/\/blog.holyart.it\/fr\/wp-content\/uploads\/sites\/14\/2021\/12\/La-creche-de-Greccio.jpg","datePublished":"2021-12-14T09:00:49+00:00","dateModified":"2024-09-23T14:03:08+00:00","description":"Quel est l\u2019histoire de la cr\u00e8che ? Voici l\u2019histoire de la premi\u00e8re cr\u00e8che, la cr\u00e8che de Greccio voulue par Saint Fran\u00e7ois.","breadcrumb":{"@id":"https:\/\/blog.holyart.it\/fr\/noel\/la-creche-de-greccio-la-creche-de-saint-francois\/#breadcrumb"},"inLanguage":"fr-FR","potentialAction":[{"@type":"ReadAction","target":["https:\/\/blog.holyart.it\/fr\/noel\/la-creche-de-greccio-la-creche-de-saint-francois\/"]}]},{"@type":"ImageObject","inLanguage":"fr-FR","@id":"https:\/\/blog.holyart.it\/fr\/noel\/la-creche-de-greccio-la-creche-de-saint-francois\/#primaryimage","url":"https:\/\/blog.holyart.it\/fr\/wp-content\/uploads\/sites\/14\/2021\/12\/La-creche-de-Greccio.jpg","contentUrl":"https:\/\/blog.holyart.it\/fr\/wp-content\/uploads\/sites\/14\/2021\/12\/La-creche-de-Greccio.jpg","width":1000,"height":653,"caption":"La creche de Greccio"},{"@type":"BreadcrumbList","@id":"https:\/\/blog.holyart.it\/fr\/noel\/la-creche-de-greccio-la-creche-de-saint-francois\/#breadcrumb","itemListElement":[{"@type":"ListItem","position":1,"name":"Homepage","item":"https:\/\/blog.holyart.it\/fr\/"},{"@type":"ListItem","position":2,"name":"No\u00ebl","item":"https:\/\/blog.holyart.it\/fr\/noel\/"},{"@type":"ListItem","position":3,"name":"La cr\u00e8che de Greccio : la cr\u00e8che de Saint Fran\u00e7ois"}]},{"@type":"WebSite","@id":"https:\/\/blog.holyart.it\/fr\/#website","url":"https:\/\/blog.holyart.it\/fr\/","name":"Holyart.fr Blog","description":"Holyblog","publisher":{"@id":"https:\/\/blog.holyart.it\/fr\/#organization"},"potentialAction":[{"@type":"SearchAction","target":{"@type":"EntryPoint","urlTemplate":"https:\/\/blog.holyart.it\/fr\/?s={search_term_string}"},"query-input":{"@type":"PropertyValueSpecification","valueRequired":true,"valueName":"search_term_string"}}],"inLanguage":"fr-FR"},{"@type":"Organization","@id":"https:\/\/blog.holyart.it\/fr\/#organization","name":"Holyart.fr Blog","url":"https:\/\/blog.holyart.it\/fr\/","logo":{"@type":"ImageObject","inLanguage":"fr-FR","@id":"https:\/\/blog.holyart.it\/fr\/#\/schema\/logo\/image\/","url":"https:\/\/blog.holyart.it\/fr\/wp-content\/uploads\/sites\/14\/2022\/12\/Holyart_Blog_Logo.jpg","contentUrl":"https:\/\/blog.holyart.it\/fr\/wp-content\/uploads\/sites\/14\/2022\/12\/Holyart_Blog_Logo.jpg","width":300,"height":50,"caption":"Holyart.fr Blog"},"image":{"@id":"https:\/\/blog.holyart.it\/fr\/#\/schema\/logo\/image\/"}},{"@type":"Person","@id":"https:\/\/blog.holyart.it\/fr\/#\/schema\/person\/0a7b686e5af0f856ec1e390dd0baecda","name":"Redazione","image":{"@type":"ImageObject","inLanguage":"fr-FR","@id":"https:\/\/blog.holyart.it\/fr\/#\/schema\/person\/image\/","url":"https:\/\/secure.gravatar.com\/avatar\/f477da817f43e50d0af36abecd33e3edf826c68299714bdc1057dff3b113f516?s=96&d=mm&r=g","contentUrl":"https:\/\/secure.gravatar.com\/avatar\/f477da817f43e50d0af36abecd33e3edf826c68299714bdc1057dff3b113f516?s=96&d=mm&r=g","caption":"Redazione"},"url":"https:\/\/blog.holyart.it\/fr\/author\/admin\/"}]}},"_links":{"self":[{"href":"https:\/\/blog.holyart.it\/fr\/wp-json\/wp\/v2\/posts\/3732","targetHints":{"allow":["GET"]}}],"collection":[{"href":"https:\/\/blog.holyart.it\/fr\/wp-json\/wp\/v2\/posts"}],"about":[{"href":"https:\/\/blog.holyart.it\/fr\/wp-json\/wp\/v2\/types\/post"}],"author":[{"embeddable":true,"href":"https:\/\/blog.holyart.it\/fr\/wp-json\/wp\/v2\/users\/1"}],"replies":[{"embeddable":true,"href":"https:\/\/blog.holyart.it\/fr\/wp-json\/wp\/v2\/comments?post=3732"}],"version-history":[{"count":1,"href":"https:\/\/blog.holyart.it\/fr\/wp-json\/wp\/v2\/posts\/3732\/revisions"}],"predecessor-version":[{"id":8870,"href":"https:\/\/blog.holyart.it\/fr\/wp-json\/wp\/v2\/posts\/3732\/revisions\/8870"}],"wp:featuredmedia":[{"embeddable":true,"href":"https:\/\/blog.holyart.it\/fr\/wp-json\/wp\/v2\/media\/3736"}],"wp:attachment":[{"href":"https:\/\/blog.holyart.it\/fr\/wp-json\/wp\/v2\/media?parent=3732"}],"wp:term":[{"taxonomy":"category","embeddable":true,"href":"https:\/\/blog.holyart.it\/fr\/wp-json\/wp\/v2\/categories?post=3732"},{"taxonomy":"post_tag","embeddable":true,"href":"https:\/\/blog.holyart.it\/fr\/wp-json\/wp\/v2\/tags?post=3732"}],"curies":[{"name":"wp","href":"https:\/\/api.w.org\/{rel}","templated":true}]}}