{"id":3712,"date":"2021-12-07T10:00:31","date_gmt":"2021-12-07T09:00:31","guid":{"rendered":"https:\/\/blog.holyart.it\/fr\/?p=3712"},"modified":"2025-11-27T12:41:58","modified_gmt":"2025-11-27T11:41:58","slug":"saint-ambroise-qui-etait-le-saint-patron-de-milan","status":"publish","type":"post","link":"https:\/\/blog.holyart.it\/fr\/noel\/saint-ambroise-qui-etait-le-saint-patron-de-milan\/","title":{"rendered":"Saint Ambroise : qui \u00e9tait le Saint Patron de Milan ?"},"content":{"rendered":"<h4>Saint Ambroise est un des saints patrons de Milan et est v\u00e9n\u00e9r\u00e9 par toutes les \u00c9glises chr\u00e9tiennes. Apprenons \u00e0 mieux le conna\u00eetre et d\u00e9couvrons comment il est devenu \u00c9v\u00eaque (malgr\u00e9 lui) et pourquoi il est encore autant aim\u00e9 \u00e0 Milan.<\/h4>\n\n<p>Saint Ambroise est f\u00eat\u00e9 le <strong>7 d\u00e9cembre<\/strong>, le jour avant l\u2019Immacul\u00e9e Conception. Il ne s\u2019agit pas du jour de sa mort, advenue le 4 avril 397 ap. J.-C., mais du jour o\u00f9 il fut \u00e9lu \u00c9v\u00eaque de la ville de Milan. Le plus surprenant, comme nous allons le voir apr\u00e8s, est qu\u2019\u00e0 l\u2019\u00e9poque Ambroise n\u2019avait m\u00eame pas encore \u00e9t\u00e9 baptis\u00e9\u00a0! Et pourtant sa profonde humanit\u00e9 et l\u2019art oratoire dans lequel il excellait l\u2019avaient rendu si cher aux habitants de cette ville qu\u2019ils en demand\u00e8rent l\u2019\u00e9lection.<\/p>\n<p>Saint Ambroise est rappel\u00e9 par l\u2019\u00c9glise comme l\u2019un des <a href=\"https:\/\/www.holyart.fr\/blog\/saints-et-bienheureux\/les-docteurs-de-leglise-qui-sont-ils-et-quelles-sont-les-conditions-pour-obtenir-ce-titre\/\"><strong>quatre Docteurs<\/strong><\/a> les plus importants, avec Saint J\u00e9r\u00f4me, Saint Augustin et Saint Gr\u00e9goire. Il est \u00e9galement l\u2019un des <strong>P\u00e8res de l\u2019\u00c9glise<\/strong>, un des saints qui ont contribu\u00e9s \u00e0 l\u2019enrichir et \u00e0 l\u2019\u00e9difier, gr\u00e2ce \u00e0 la fois et aux enseignements.<\/p>\n<div class=\"link-article\">\n<p><img loading=\"lazy\" decoding=\"async\" class=\"size-full wp-image-3714 alignleft\" src=\"https:\/\/blog.holyart.it\/fr\/wp-content\/uploads\/sites\/14\/2021\/12\/Les-docteurs-de-l\u2019eglise.jpeg\" alt=\"Les docteurs de l\u2019eglise\" width=\"150\" height=\"99\" data-kale-share-title=\"Saint Ambroise : qui \u00e9tait le Saint Patron de Milan ?\" data-kale-share-url=\"https:\/\/blog.holyart.it\/fr\/?p=3712\" \/><\/p>\n<div class=\"leggi-anche\">Lire aussi :<\/div>\n<p><strong><a href=\"https:\/\/www.holyart.fr\/blog\/saints-et-bienheureux\/les-docteurs-de-leglise-qui-sont-ils-et-quelles-sont-les-conditions-pour-obtenir-ce-titre\/\">Les docteurs de l\u2019\u00c9glise : qui sont-ils et quelles sont les conditions pour obtenir ce titre<\/a><\/strong><br \/>\nLe 1er octobre, nous f\u00eatons Sainte Th\u00e9r\u00e8se de Lisieux, une des quatre femmes proclam\u00e9es Docteurs de l\u2019\u00c9glise. Mais qui sont&#8230;<\/p>\n<\/div>\n<p>Encore aujourd\u2019hui, le <strong>jour de <\/strong><a href=\"https:\/\/www.holyart.fr\/articles-religieux\/statues\/statues-en-bois-peint\/saint-ambroise-avec-ruche-bois-colore-val-gardena\"><strong>Saint Ambroise<\/strong><\/a> est tr\u00e8s important \u00e0 Milan. On y profite du jour de cong\u00e9 pour aller \u00e0 la Foire des\u00a0<em>Oh Bej! Oh Bej!<\/em>, le march\u00e9 de No\u00ebl le plus c\u00e9l\u00e8bre de la ville, o\u00f9 on peut trouver d\u2019innombrables produits d\u2019artisanat, d\u00e9corations de No\u00ebl et cr\u00e8ches. On y mange des ch\u00e2taignes et on boit du vin chaud. Dans la <strong>Basilique de Saint Ambroise<\/strong>, construite par le saint en personne entre 379 et 386, on c\u00e9l\u00e8bre une messe solennelle selon le rite ambrosien \u00e9tabli par lui-m\u00eame.<\/p>\n<p>Ils existent de nombreux <strong>proverbes<\/strong> li\u00e9s \u00e0 Saint Ambroise\u00a0: <em>\u00ab\u00a0Quand Saint Ambroise voit neiger, de dix-huit jours de froid nous sommes en danger\u00a0\u00bb, \u00ab\u00a0\u00c0 la Saint-Ambroise, du froid pour huit jours\u00a0\u00bb<\/em>.<\/p>\n<h2>Saint Ambroise : l\u2019histoire<\/h2>\n<p>Parmi les patronats de Saint Ambroise il y en a un de tr\u00e8s particulier : celui des <strong>abeilles<\/strong> et des apiculteurs. Une l\u00e9gende int\u00e9ressante existe \u00e0 ce propos. Quand le Saint n\u2019\u00e9tait encore qu\u2019un b\u00e9b\u00e9 et dormait dans son berceau dans le jardin de sa maison, un essaim d\u2019abeilles vola au-dessus de lui et, avant que qui que ce soit puisse intervenir, il se posa sur son visage et des abeilles rentr\u00e8rent dans sa bouche. La l\u00e9gende veut que cet \u00e9v\u00e8nement soit \u00e0 l\u2019origine de sa <strong>merveilleuse \u00e9loquence<\/strong>, puisque les insectes laborieux amen\u00e8rent entre ses l\u00e8vres une douceur de <a href=\"https:\/\/www.holyart.fr\/produits-des-monasteres\/produits-de-la-ruche\"><strong>miel<\/strong><\/a> alors qu\u2019il ne pouvait pas encore parler.<\/p>\n<div class=\"sp-styles-warning\" style=\"width: 450px; background-color: #FFF; color: #F00; border: 1px solid #F00; padding: 10px; font-size: 14px;\">\n\t\t\t<span style=\"font-weight: bold;\">Warning: The stylesheets were not loaded!<\/span> \n\t\t\tYou will need to change the <i>Load stylesheets<\/i> setting from <i>Automatically<\/i> to <i>On homepage<\/i> or <i>On all pages<\/i>. \n\t\t\tYou can set that <a style=\"text-decoration: underline; color: #F00;\" href=\"https:\/\/blog.holyart.it\/fr\/wp-admin\/admin.php?page=sliderpro-settings\">here<\/a>.\n\t\t\t<\/div>\r\n<div id=\"slider-pro-66\" class=\"slider-pro sp-no-js\" style=\"width: 500px; height: 500px;\">\r\n\t<div class=\"sp-slides\">\r\n\t\t\r\n\t\t<div class=\"sp-slide\">\r\n\t\t\t<img loading=\"lazy\" decoding=\"async\" class=\"sp-image\" src=\"https:\/\/blog.holyart.it\/fr\/wp-content\/uploads\/sites\/14\/2021\/12\/miel.jpeg\" alt=\"miel\" width=\"500\" height=\"500\" \/>\r\n\t\t\t<div class=\"sp-thumbnail\"><a class=\"\" href=\"https:\/\/www.holyart.fr\/produits-des-monasteres\/produits-de-la-ruche\/miel-dacacia-1000-gr-camaldoli\">\r\n\t\t\t\t<img decoding=\"async\" src=\"https:\/\/blog.holyart.it\/fr\/wp-content\/uploads\/sites\/14\/2021\/12\/Miel-dAcacia-1000-gr-Camaldoli.jpg\" alt=\"Miel d&#039;Acacia 1000 gr Camaldoli\" \/>\r\n\t\t\t<\/a>\r\n\t\t\t<\/div>\r\n\t\t\t<div class=\"sp-caption\">Miel d'Acacia 1000 gr Camaldoli. <br \/><strong><span style=\"color: #0000ff;font-size:18px\"><a style=\"color: #0000ff\" href=\"https:\/\/www.holyart.fr\/produits-des-monasteres\/produits-de-la-ruche\">Acheter sur Holyart<\/a><\/span><\/strong><\/div>\r\n\t\t<\/div>\r\n\t\t<div class=\"sp-slide\">\r\n\t\t\t<img loading=\"lazy\" decoding=\"async\" class=\"sp-image\" src=\"https:\/\/blog.holyart.it\/fr\/wp-content\/uploads\/sites\/14\/2021\/12\/Miel-mille-fleurs-500-gr-de-labbaye-de-Finalpia.jpg\" alt=\"Miel mille fleurs 500 gr de l&#039;abbaye de Finalpia\" width=\"150\" height=\"150\" \/>\r\n\t\t\t<div class=\"sp-thumbnail\"><a class=\"\" href=\"https:\/\/www.holyart.fr\/produits-des-monasteres\/produits-de-la-ruche\/miel-mille-fleurs-500-gr-de-labbaye-de-finalpia\">\r\n\t\t\t\t<img decoding=\"async\" src=\"https:\/\/blog.holyart.it\/fr\/wp-content\/uploads\/sites\/14\/2021\/12\/Miel-mille-fleurs-500-gr-de-labbaye-de-Finalpia.jpg\" alt=\"Miel mille fleurs 500 gr de l&#039;abbaye de Finalpia\" \/>\r\n\t\t\t<\/a>\r\n\t\t\t<\/div>\r\n\t\t\t<div class=\"sp-caption\">Miel mille fleurs 500 gr de l'abbaye de Finalpia. <br \/><strong><span style=\"color: #0000ff;font-size:18px\"><a style=\"color: #0000ff\" href=\"https:\/\/www.holyart.fr\/produits-des-monasteres\/produits-de-la-ruche\/miel-mille-fleurs-500-gr-de-labbaye-de-finalpia\">Acheter sur Holyart<\/a><\/span><\/strong><\/div>\r\n\t\t<\/div>\r\n\t\t<div class=\"sp-slide\">\r\n\t\t\t<img loading=\"lazy\" decoding=\"async\" class=\"sp-image\" src=\"https:\/\/blog.holyart.it\/fr\/wp-content\/uploads\/sites\/14\/2021\/12\/Miel-de-chataignier-500-gr-Camaldoli.jpg\" alt=\"Miel de chataignier 500 gr Camaldoli\" width=\"150\" height=\"150\" \/>\r\n\t\t\t<div class=\"sp-thumbnail\"><a class=\"\" href=\"https:\/\/www.holyart.fr\/produits-des-monasteres\/produits-de-la-ruche\/miel-de-chataignier-500-gr-camaldoli\">\r\n\t\t\t\t<img decoding=\"async\" src=\"https:\/\/blog.holyart.it\/fr\/wp-content\/uploads\/sites\/14\/2021\/12\/Miel-de-chataignier-500-gr-Camaldoli.jpg\" alt=\"Miel de chataignier 500 gr Camaldoli\" \/>\r\n\t\t\t<\/a>\r\n\t\t\t<\/div>\r\n\t\t\t<div class=\"sp-caption\">Miel de ch\u00e2taignier 500 gr Camaldoli. <br \/><strong><span style=\"color: #0000ff;font-size:18px\"><a style=\"color: #0000ff\" href=\"https:\/\/www.holyart.fr\/produits-des-monasteres\/produits-de-la-ruche\/miel-de-chataignier-500-gr-camaldoli\">Acheter sur Holyart<\/a><\/span><\/strong><\/div>\r\n\t\t<\/div>\r\n\t<\/div>\r\n<\/div>\n<p>Saint Ambroise, ou plut\u00f4t Aurelius Ambrosius, nacquit en 339 \u00e0 <strong>Tr\u00e8ves<\/strong>, en Gaule, fils de deux membres des plus importantes familles s\u00e9natoriales romaines. En effet, sa m\u00e8re appartenait \u00e0 la famille Aureliana et son p\u00e8re \u00e0 la famille Simmaco. Tous les deux \u00e9taient convertis au Christianisme. Le p\u00e8re d\u2019Aurelius \u00e9tait \u00e0 Tr\u00e8ves en qualit\u00e9 de pr\u00e9fet du pr\u00e9toire et lui aussi, d\u00e8s son enfance, avait \u00e9t\u00e9 destin\u00e9 \u00e0 une carri\u00e8re politique et administrative. Quand le p\u00e8re mourut, Aurelius et sa famille retourn\u00e8rent \u00e0 <strong>Rome<\/strong>, o\u00f9 le jeune gar\u00e7on poursuivit ses \u00e9tudes et commen\u00e7a ensuite \u00e0 participer \u00e0 la vie publique citadine.<\/p>\n<p>Ce fut en poursuivant sa carri\u00e8re politique qu\u2019Aurelius arriva \u00e0 <strong>Milan<\/strong>. La charge qui lui avait \u00e9t\u00e9 destin\u00e9e \u00e9tait celle de gouverneur de l\u2019Italie Annonaire pour la province romaine d\u2019Aemilia et Liguria, dont le si\u00e8ge \u00e9tait justement Milan, \u00e0 la cour de l\u2019empereur Valentinien I. En tant qu\u2019avocat, Aurelius se d\u00e9montra particuli\u00e8rement habile surtout dans la t\u00e2che de maintenir \u00e9quilibre et paix entre <strong>les ariens et les catholiques<\/strong>, malgr\u00e9 les rapports tendus entre les deux factions. Cela gr\u00e2ce \u00e0 sa grande \u00e9loquence, \u00e0 son sens de la justice et \u00e0 sa rigueur qui ne lui emp\u00eachait pas de se d\u00e9montrer aimable avec tout le monde.<\/p>\n<p>Le large consensus qu\u2019il suscita en ville fit en sorte que, malgr\u00e9 le fait qu\u2019il n\u2019ait pas encore re\u00e7ut le Bapt\u00eame, il fut r\u00e9clam\u00e9 comme <strong>\u00c9v\u00eaque de Milan<\/strong> \u00e0 la mort de l\u2019\u00e9v\u00eaque arien Auxence en 374.<\/p>\n<p>Ambroise au d\u00e9but refusa, tenta de ternir sa r\u00e9putation aux yeux de ses partisans et finit m\u00eame par s\u2019enfuir de la ville. Mais les milanais avaient fait leur choix et \u00e0 la fin Aurelius se r\u00e9signa au fait qu\u2019il devait s\u2019agir de la volont\u00e9 de Dieu. Il accepta donc la charge, se fit baptiser et le <strong>7 d\u00e9cembre 374<\/strong> il devint l\u2019\u00c9v\u00eaque de Milan.<\/p>\n<p>\u00c0 partir de ce moment-l\u00e0, Ambroise fit de son mieux pour combler ses lacunes dans l\u2019<strong>\u00e9tude des <\/strong><a href=\"https:\/\/www.holyart.fr\/articles-religieux\/livres-sacres\"><strong>Saintes \u00c9critures<\/strong><\/a>. Ce fut lui-m\u00eame qui introduisit en Occident la pratique de la <strong><em>lection divina<\/em><\/strong>, la pratique d\u2019\u00e9tude et pri\u00e8re qui pr\u00f4ne l\u2019Union spirituelle avec Dieu \u00e0 travers la lecture des \u00c9critures. Ce fut gr\u00e2ce \u00e0 sa pr\u00e9dication que <strong>Saint Augustin<\/strong>, parmi d\u2019autres, se convertit au Christianisme.<\/p>\n<p>En tant qu\u2019\u00e9v\u00eaque, Ambroise mena une <strong>existence d\u2019asc\u00e8te<\/strong>, en donnant tous ses biens aux pauvres et en s\u2019engageant sans cesse afin d\u2019aider les plus n\u00e9cessiteux.<\/p>\n<p>Pendant son mandat, plusieurs <strong>basiliques<\/strong> furent construite, parmi lesquelles celle qui sera devenue par la suite la Basilique de Saint Ambroise.<\/p>\n<h2>F\u00eate de Saint Ambroise \u00e0 Milan<\/h2>\n<p>La messe qui est c\u00e9l\u00e9br\u00e9e selon le rite ambrosien le 7 d\u00e9cembre \u00e0 la Basilique de <a href=\"https:\/\/www.holyart.fr\/articles-religieux\/statues\/statues-en-bois-peint\/saint-ambroise-avec-ruche-bois-colore-val-gardena\"><strong>Saint Ambroise<\/strong><\/a> de Milan n\u2019est pas une simple messe. Sa composante religieuse se m\u00e9lange avec celle populaire dans un \u00e9v\u00e8nement tr\u00e8s attendu par tous les milanais, pratiquants ou pas. L\u2019archev\u00eaque de Milan c\u00e9l\u00e8bre la messe selon un rituel ancien, rest\u00e9 inchang\u00e9 au cours des si\u00e8cles.<\/p>\n<div class=\"link-product\">\n<div class=\"blocco-immagine\"><img loading=\"lazy\" decoding=\"async\" class=\"size-full wp-image-3720 alignleft\" src=\"https:\/\/blog.holyart.it\/fr\/wp-content\/uploads\/sites\/14\/2021\/12\/Saint-Ambroise-avec-ruche-bois-colore-Val-Gardena.jpg\" alt=\"Saint Ambroise avec ruche bois colore Val Gardena\" width=\"100\" height=\"100\" data-kale-share-title=\"Saint Ambroise : qui \u00e9tait le Saint Patron de Milan ?\" data-kale-share-url=\"https:\/\/blog.holyart.it\/fr\/?p=3712\" \/><\/div>\n<div class=\"blocco-contenuto\">\n<div class=\"blocco-acquista\">Acheter sur Holyart:<\/div>\n<div class=\"blocco-titolo\"><a href=\"https:\/\/www.holyart.fr\/articles-religieux\/statues\/statues-en-bois-peint\/saint-ambroise-avec-ruche-bois-colore-val-gardena\">Saint Ambroise avec ruche bois color\u00e9 Val Gardena<\/a><\/div>\n<div class=\"blocco-descrizione\">Statue en bois d&rsquo;\u00e9rable color\u00e9 du Val Gardena, repr\u00e9sentant Saint Ambroise de Milan avec une ruche.<\/div>\n<\/div>\n<\/div>\n<p>La <strong>f\u00eate de Saint Ambroise<\/strong> \u00e0 Milan pr\u00e9c\u00e8de l\u2019Immacul\u00e9e Conception et marque le d\u00e9but de la p\u00e9riode de No\u00ebl. Ce n\u2019est pas simplement un march\u00e9 de No\u00ebl, m\u00eame si la traditionnelle <strong>Foire des Oh bej! Oh bej!<\/strong>\u00a0attire des milliers de personnes pendant quatre jours dans les rues du centre, autour des jardins du Ch\u00e2teau Sforzesco \u00e0 partir du 7 jusqu\u2019au 10 d\u00e9cembre. Le nom original de la foire d\u00e9riverait d\u2019une l\u00e9gende. En 1510, Pape Pie IV envoya des dons aux citoyens de Milan, par l\u2019interm\u00e9diaire de Giannetto Castiglione, premier Grand Ma\u00eetre de l\u2019Ordre des Saints Maurice et Lazare. Les enfants en particulier l\u2019accueillirent enthousiastes de ces cadeaux en criant\u00a0<em>Oh belli! Oh belli! <\/em>(oh, c\u2019est beau, c\u2019est beau !).<\/p>\n<p>La foire a \u00e9galement une grande importance gastronomique avec des p\u00e2tisseries typiques, du vin chaud pour combattre le froid et des ch\u00e2taignes r\u00f4ties.<\/p>\n<p>Depuis les ann\u00e9es Cinquante, la F\u00eate de Saint Ambroise \u00e0 Milan co\u00efncide avec l\u2019ouverture de la saison d\u2019op\u00e9ra du Th\u00e9\u00e2tre de la Scala de Milan.<\/p>\n<h2>Basilique de\u00a0Saint Ambroise<\/h2>\n<p>Nous avons d\u00e9j\u00e0 parl\u00e9 des nombreuses basiliques construites sur ordre d\u2019Ambroise. La Basilique qui lui est d\u00e9di\u00e9e se situe au sud-ouest de la ville et au d\u00e9but s\u2019appelait <strong>Basilique Martyrum<\/strong>. En effet, quand Ambroise la fit \u00e9riger, entre 379 et 386, il la destina \u00e0 accueillir les reliques de nombreux Saints Martyrs (Satire, Victor, Nabor, Vital, F\u00e9lix, Val\u00e9rie, Gervais et Protais).<img loading=\"lazy\" decoding=\"async\" class=\"size-full wp-image-3721 aligncenter\" src=\"https:\/\/blog.holyart.it\/fr\/wp-content\/uploads\/sites\/14\/2021\/12\/Basilique-de-Saint-Ambroise.jpeg\" alt=\"basilique de saint ambroise\" width=\"800\" height=\"572\" data-kale-share-title=\"Saint Ambroise : qui \u00e9tait le Saint Patron de Milan ?\" data-kale-share-url=\"https:\/\/blog.holyart.it\/fr\/?p=3712\" \/><\/p>\n<p>Quand Ambroise mourut, la Basilique changea de nom et fut agrandie. Elle est pr\u00e9c\u00e9d\u00e9e par un grand quadriportique et est dot\u00e9e de deux clochers, celui des Moines et celui des Chanoines. Parmi ses particularit\u00e9s, l\u2019<strong>Autel d\u2019or<\/strong>, ou Autel de Vuolvino, du nom du sculpteur qui l\u2019a r\u00e9alis\u00e9 entre 824 et 859. Il s\u2019agit d\u2019un magnifique exemple d\u2019orf\u00e8vrerie de l\u2019\u00e9poque carolingienne, compos\u00e9 de plaques d\u2019or et d\u2019argent dor\u00e9, mont\u00e9es sur une structure en bois et ensuite incrust\u00e9es de pierres pr\u00e9cieuses et d\u2019\u00e9mail. Puisque l\u2019abside se d\u00e9veloppe sur deux niveaux, l\u2019autel fait office de couverture pour la crypte qui accueille les reliques des Saints Gervais, Protais et Ambroise. L\u2019\u00e9tage accueille par contre un ch\u0153ur en bois.<\/p>\n<p>Une autre curiosit\u00e9 de la Basilique de Saint Ambroise est la <em>colonne du diable<\/em>. Selon la l\u00e9gende, le diable, dans une tentative de soumettre Saint Ambroise \u00e0 la tentation, essaya de l\u2019embrocher avec ses cornes, mais resta coinc\u00e9 dans la colonne. En t\u00e9moignage de ce fait, deux trous l\u2019un \u00e0 c\u00f4t\u00e9 de l\u2019autre sont rest\u00e9s sur la colonne et on raconte que de ces trous s\u2019\u00e9chappe une odeur de soufre venant du Styx, la rivi\u00e8re infernale.<\/p>\n","protected":false},"excerpt":{"rendered":"<p>Saint Ambroise est un des saints patrons de Milan et est v\u00e9n\u00e9r\u00e9 par toutes les \u00c9glises chr\u00e9tiennes. Apprenons \u00e0 mieux le conna\u00eetre et d\u00e9couvrons comment il est devenu \u00c9v\u00eaque (malgr\u00e9 lui) et pourquoi il est encore autant aim\u00e9 \u00e0 Milan. Saint Ambroise est f\u00eat\u00e9 le&hellip;<\/p>\n","protected":false},"author":1,"featured_media":3713,"comment_status":"closed","ping_status":"open","sticky":false,"template":"","format":"standard","meta":{"_acf_changed":false,"footnotes":""},"categories":[10],"tags":[],"class_list":["post-3712","post","type-post","status-publish","format-standard","has-post-thumbnail","hentry","category-noel"],"acf":[],"yoast_head":"<!-- This site is optimized with the Yoast SEO plugin v26.6 - https:\/\/yoast.com\/wordpress\/plugins\/seo\/ -->\n<title>Saint Ambroise : qui \u00e9tait le Saint Patron de Milan ? - Holyart.fr Blog<\/title>\n<meta name=\"description\" content=\"Saint Ambroise est un des saints patrons de Milan. Apprenons \u00e0 mieux le conna\u00eetre et d\u00e9couvrons comment il est devenu \u00c9v\u00eaque et pourquoi il est encore autant aim\u00e9 \u00e0 Milan.\" \/>\n<meta name=\"robots\" content=\"index, follow, max-snippet:-1, max-image-preview:large, max-video-preview:-1\" \/>\n<link rel=\"canonical\" href=\"https:\/\/blog.holyart.it\/fr\/noel\/saint-ambroise-qui-etait-le-saint-patron-de-milan\/\" \/>\n<meta property=\"og:locale\" content=\"fr_FR\" \/>\n<meta property=\"og:type\" content=\"article\" \/>\n<meta property=\"og:title\" content=\"Saint Ambroise : qui \u00e9tait le Saint Patron de Milan ? - Holyart.fr Blog\" \/>\n<meta property=\"og:description\" content=\"Saint Ambroise est un des saints patrons de Milan. Apprenons \u00e0 mieux le conna\u00eetre et d\u00e9couvrons comment il est devenu \u00c9v\u00eaque et pourquoi il est encore autant aim\u00e9 \u00e0 Milan.\" \/>\n<meta property=\"og:url\" content=\"https:\/\/blog.holyart.it\/fr\/noel\/saint-ambroise-qui-etait-le-saint-patron-de-milan\/\" \/>\n<meta property=\"og:site_name\" content=\"Holyart.fr Blog\" \/>\n<meta property=\"article:published_time\" content=\"2021-12-07T09:00:31+00:00\" \/>\n<meta property=\"article:modified_time\" content=\"2025-11-27T11:41:58+00:00\" \/>\n<meta property=\"og:image\" content=\"https:\/\/blog.holyart.it\/fr\/wp-content\/uploads\/sites\/14\/2021\/12\/Saint-Ambroise.jpeg\" \/>\n\t<meta property=\"og:image:width\" content=\"1000\" \/>\n\t<meta property=\"og:image:height\" content=\"666\" \/>\n\t<meta property=\"og:image:type\" content=\"image\/jpeg\" \/>\n<meta name=\"author\" content=\"Redazione\" \/>\n<meta name=\"twitter:card\" content=\"summary_large_image\" \/>\n<meta name=\"twitter:label1\" content=\"\u00c9crit par\" \/>\n\t<meta name=\"twitter:data1\" content=\"Redazione\" \/>\n\t<meta name=\"twitter:label2\" content=\"Dur\u00e9e de lecture estim\u00e9e\" \/>\n\t<meta name=\"twitter:data2\" content=\"8 minutes\" \/>\n<script type=\"application\/ld+json\" class=\"yoast-schema-graph\">{\"@context\":\"https:\/\/schema.org\",\"@graph\":[{\"@type\":\"Article\",\"@id\":\"https:\/\/blog.holyart.it\/fr\/noel\/saint-ambroise-qui-etait-le-saint-patron-de-milan\/#article\",\"isPartOf\":{\"@id\":\"https:\/\/blog.holyart.it\/fr\/noel\/saint-ambroise-qui-etait-le-saint-patron-de-milan\/\"},\"author\":{\"name\":\"Redazione\",\"@id\":\"https:\/\/blog.holyart.it\/fr\/#\/schema\/person\/0a7b686e5af0f856ec1e390dd0baecda\"},\"headline\":\"Saint Ambroise : qui \u00e9tait le Saint Patron de Milan ?\",\"datePublished\":\"2021-12-07T09:00:31+00:00\",\"dateModified\":\"2025-11-27T11:41:58+00:00\",\"mainEntityOfPage\":{\"@id\":\"https:\/\/blog.holyart.it\/fr\/noel\/saint-ambroise-qui-etait-le-saint-patron-de-milan\/\"},\"wordCount\":1558,\"publisher\":{\"@id\":\"https:\/\/blog.holyart.it\/fr\/#organization\"},\"image\":{\"@id\":\"https:\/\/blog.holyart.it\/fr\/noel\/saint-ambroise-qui-etait-le-saint-patron-de-milan\/#primaryimage\"},\"thumbnailUrl\":\"https:\/\/blog.holyart.it\/fr\/wp-content\/uploads\/sites\/14\/2021\/12\/Saint-Ambroise.jpeg\",\"articleSection\":[\"No\u00ebl\"],\"inLanguage\":\"fr-FR\"},{\"@type\":\"WebPage\",\"@id\":\"https:\/\/blog.holyart.it\/fr\/noel\/saint-ambroise-qui-etait-le-saint-patron-de-milan\/\",\"url\":\"https:\/\/blog.holyart.it\/fr\/noel\/saint-ambroise-qui-etait-le-saint-patron-de-milan\/\",\"name\":\"Saint Ambroise : qui \u00e9tait le Saint Patron de Milan ? - Holyart.fr Blog\",\"isPartOf\":{\"@id\":\"https:\/\/blog.holyart.it\/fr\/#website\"},\"primaryImageOfPage\":{\"@id\":\"https:\/\/blog.holyart.it\/fr\/noel\/saint-ambroise-qui-etait-le-saint-patron-de-milan\/#primaryimage\"},\"image\":{\"@id\":\"https:\/\/blog.holyart.it\/fr\/noel\/saint-ambroise-qui-etait-le-saint-patron-de-milan\/#primaryimage\"},\"thumbnailUrl\":\"https:\/\/blog.holyart.it\/fr\/wp-content\/uploads\/sites\/14\/2021\/12\/Saint-Ambroise.jpeg\",\"datePublished\":\"2021-12-07T09:00:31+00:00\",\"dateModified\":\"2025-11-27T11:41:58+00:00\",\"description\":\"Saint Ambroise est un des saints patrons de Milan. Apprenons \u00e0 mieux le conna\u00eetre et d\u00e9couvrons comment il est devenu \u00c9v\u00eaque et pourquoi il est encore autant aim\u00e9 \u00e0 Milan.\",\"breadcrumb\":{\"@id\":\"https:\/\/blog.holyart.it\/fr\/noel\/saint-ambroise-qui-etait-le-saint-patron-de-milan\/#breadcrumb\"},\"inLanguage\":\"fr-FR\",\"potentialAction\":[{\"@type\":\"ReadAction\",\"target\":[\"https:\/\/blog.holyart.it\/fr\/noel\/saint-ambroise-qui-etait-le-saint-patron-de-milan\/\"]}]},{\"@type\":\"ImageObject\",\"inLanguage\":\"fr-FR\",\"@id\":\"https:\/\/blog.holyart.it\/fr\/noel\/saint-ambroise-qui-etait-le-saint-patron-de-milan\/#primaryimage\",\"url\":\"https:\/\/blog.holyart.it\/fr\/wp-content\/uploads\/sites\/14\/2021\/12\/Saint-Ambroise.jpeg\",\"contentUrl\":\"https:\/\/blog.holyart.it\/fr\/wp-content\/uploads\/sites\/14\/2021\/12\/Saint-Ambroise.jpeg\",\"width\":1000,\"height\":666,\"caption\":\"Saint Ambroise\"},{\"@type\":\"BreadcrumbList\",\"@id\":\"https:\/\/blog.holyart.it\/fr\/noel\/saint-ambroise-qui-etait-le-saint-patron-de-milan\/#breadcrumb\",\"itemListElement\":[{\"@type\":\"ListItem\",\"position\":1,\"name\":\"Homepage\",\"item\":\"https:\/\/blog.holyart.it\/fr\/\"},{\"@type\":\"ListItem\",\"position\":2,\"name\":\"No\u00ebl\",\"item\":\"https:\/\/blog.holyart.it\/fr\/noel\/\"},{\"@type\":\"ListItem\",\"position\":3,\"name\":\"Saint Ambroise : qui \u00e9tait le Saint Patron de Milan ?\"}]},{\"@type\":\"WebSite\",\"@id\":\"https:\/\/blog.holyart.it\/fr\/#website\",\"url\":\"https:\/\/blog.holyart.it\/fr\/\",\"name\":\"Holyart.fr Blog\",\"description\":\"Holyblog\",\"publisher\":{\"@id\":\"https:\/\/blog.holyart.it\/fr\/#organization\"},\"potentialAction\":[{\"@type\":\"SearchAction\",\"target\":{\"@type\":\"EntryPoint\",\"urlTemplate\":\"https:\/\/blog.holyart.it\/fr\/?s={search_term_string}\"},\"query-input\":{\"@type\":\"PropertyValueSpecification\",\"valueRequired\":true,\"valueName\":\"search_term_string\"}}],\"inLanguage\":\"fr-FR\"},{\"@type\":\"Organization\",\"@id\":\"https:\/\/blog.holyart.it\/fr\/#organization\",\"name\":\"Holyart.fr Blog\",\"url\":\"https:\/\/blog.holyart.it\/fr\/\",\"logo\":{\"@type\":\"ImageObject\",\"inLanguage\":\"fr-FR\",\"@id\":\"https:\/\/blog.holyart.it\/fr\/#\/schema\/logo\/image\/\",\"url\":\"https:\/\/blog.holyart.it\/fr\/wp-content\/uploads\/sites\/14\/2022\/12\/Holyart_Blog_Logo.jpg\",\"contentUrl\":\"https:\/\/blog.holyart.it\/fr\/wp-content\/uploads\/sites\/14\/2022\/12\/Holyart_Blog_Logo.jpg\",\"width\":300,\"height\":50,\"caption\":\"Holyart.fr Blog\"},\"image\":{\"@id\":\"https:\/\/blog.holyart.it\/fr\/#\/schema\/logo\/image\/\"}},{\"@type\":\"Person\",\"@id\":\"https:\/\/blog.holyart.it\/fr\/#\/schema\/person\/0a7b686e5af0f856ec1e390dd0baecda\",\"name\":\"Redazione\",\"image\":{\"@type\":\"ImageObject\",\"inLanguage\":\"fr-FR\",\"@id\":\"https:\/\/blog.holyart.it\/fr\/#\/schema\/person\/image\/\",\"url\":\"https:\/\/secure.gravatar.com\/avatar\/f477da817f43e50d0af36abecd33e3edf826c68299714bdc1057dff3b113f516?s=96&d=mm&r=g\",\"contentUrl\":\"https:\/\/secure.gravatar.com\/avatar\/f477da817f43e50d0af36abecd33e3edf826c68299714bdc1057dff3b113f516?s=96&d=mm&r=g\",\"caption\":\"Redazione\"},\"url\":\"https:\/\/blog.holyart.it\/fr\/author\/admin\/\"}]}<\/script>\n<!-- \/ Yoast SEO plugin. -->","yoast_head_json":{"title":"Saint Ambroise : qui \u00e9tait le Saint Patron de Milan ? - Holyart.fr Blog","description":"Saint Ambroise est un des saints patrons de Milan. Apprenons \u00e0 mieux le conna\u00eetre et d\u00e9couvrons comment il est devenu \u00c9v\u00eaque et pourquoi il est encore autant aim\u00e9 \u00e0 Milan.","robots":{"index":"index","follow":"follow","max-snippet":"max-snippet:-1","max-image-preview":"max-image-preview:large","max-video-preview":"max-video-preview:-1"},"canonical":"https:\/\/blog.holyart.it\/fr\/noel\/saint-ambroise-qui-etait-le-saint-patron-de-milan\/","og_locale":"fr_FR","og_type":"article","og_title":"Saint Ambroise : qui \u00e9tait le Saint Patron de Milan ? - Holyart.fr Blog","og_description":"Saint Ambroise est un des saints patrons de Milan. Apprenons \u00e0 mieux le conna\u00eetre et d\u00e9couvrons comment il est devenu \u00c9v\u00eaque et pourquoi il est encore autant aim\u00e9 \u00e0 Milan.","og_url":"https:\/\/blog.holyart.it\/fr\/noel\/saint-ambroise-qui-etait-le-saint-patron-de-milan\/","og_site_name":"Holyart.fr Blog","article_published_time":"2021-12-07T09:00:31+00:00","article_modified_time":"2025-11-27T11:41:58+00:00","og_image":[{"width":1000,"height":666,"url":"https:\/\/blog.holyart.it\/fr\/wp-content\/uploads\/sites\/14\/2021\/12\/Saint-Ambroise.jpeg","type":"image\/jpeg"}],"author":"Redazione","twitter_card":"summary_large_image","twitter_misc":{"\u00c9crit par":"Redazione","Dur\u00e9e de lecture estim\u00e9e":"8 minutes"},"schema":{"@context":"https:\/\/schema.org","@graph":[{"@type":"Article","@id":"https:\/\/blog.holyart.it\/fr\/noel\/saint-ambroise-qui-etait-le-saint-patron-de-milan\/#article","isPartOf":{"@id":"https:\/\/blog.holyart.it\/fr\/noel\/saint-ambroise-qui-etait-le-saint-patron-de-milan\/"},"author":{"name":"Redazione","@id":"https:\/\/blog.holyart.it\/fr\/#\/schema\/person\/0a7b686e5af0f856ec1e390dd0baecda"},"headline":"Saint Ambroise : qui \u00e9tait le Saint Patron de Milan ?","datePublished":"2021-12-07T09:00:31+00:00","dateModified":"2025-11-27T11:41:58+00:00","mainEntityOfPage":{"@id":"https:\/\/blog.holyart.it\/fr\/noel\/saint-ambroise-qui-etait-le-saint-patron-de-milan\/"},"wordCount":1558,"publisher":{"@id":"https:\/\/blog.holyart.it\/fr\/#organization"},"image":{"@id":"https:\/\/blog.holyart.it\/fr\/noel\/saint-ambroise-qui-etait-le-saint-patron-de-milan\/#primaryimage"},"thumbnailUrl":"https:\/\/blog.holyart.it\/fr\/wp-content\/uploads\/sites\/14\/2021\/12\/Saint-Ambroise.jpeg","articleSection":["No\u00ebl"],"inLanguage":"fr-FR"},{"@type":"WebPage","@id":"https:\/\/blog.holyart.it\/fr\/noel\/saint-ambroise-qui-etait-le-saint-patron-de-milan\/","url":"https:\/\/blog.holyart.it\/fr\/noel\/saint-ambroise-qui-etait-le-saint-patron-de-milan\/","name":"Saint Ambroise : qui \u00e9tait le Saint Patron de Milan ? - Holyart.fr Blog","isPartOf":{"@id":"https:\/\/blog.holyart.it\/fr\/#website"},"primaryImageOfPage":{"@id":"https:\/\/blog.holyart.it\/fr\/noel\/saint-ambroise-qui-etait-le-saint-patron-de-milan\/#primaryimage"},"image":{"@id":"https:\/\/blog.holyart.it\/fr\/noel\/saint-ambroise-qui-etait-le-saint-patron-de-milan\/#primaryimage"},"thumbnailUrl":"https:\/\/blog.holyart.it\/fr\/wp-content\/uploads\/sites\/14\/2021\/12\/Saint-Ambroise.jpeg","datePublished":"2021-12-07T09:00:31+00:00","dateModified":"2025-11-27T11:41:58+00:00","description":"Saint Ambroise est un des saints patrons de Milan. Apprenons \u00e0 mieux le conna\u00eetre et d\u00e9couvrons comment il est devenu \u00c9v\u00eaque et pourquoi il est encore autant aim\u00e9 \u00e0 Milan.","breadcrumb":{"@id":"https:\/\/blog.holyart.it\/fr\/noel\/saint-ambroise-qui-etait-le-saint-patron-de-milan\/#breadcrumb"},"inLanguage":"fr-FR","potentialAction":[{"@type":"ReadAction","target":["https:\/\/blog.holyart.it\/fr\/noel\/saint-ambroise-qui-etait-le-saint-patron-de-milan\/"]}]},{"@type":"ImageObject","inLanguage":"fr-FR","@id":"https:\/\/blog.holyart.it\/fr\/noel\/saint-ambroise-qui-etait-le-saint-patron-de-milan\/#primaryimage","url":"https:\/\/blog.holyart.it\/fr\/wp-content\/uploads\/sites\/14\/2021\/12\/Saint-Ambroise.jpeg","contentUrl":"https:\/\/blog.holyart.it\/fr\/wp-content\/uploads\/sites\/14\/2021\/12\/Saint-Ambroise.jpeg","width":1000,"height":666,"caption":"Saint Ambroise"},{"@type":"BreadcrumbList","@id":"https:\/\/blog.holyart.it\/fr\/noel\/saint-ambroise-qui-etait-le-saint-patron-de-milan\/#breadcrumb","itemListElement":[{"@type":"ListItem","position":1,"name":"Homepage","item":"https:\/\/blog.holyart.it\/fr\/"},{"@type":"ListItem","position":2,"name":"No\u00ebl","item":"https:\/\/blog.holyart.it\/fr\/noel\/"},{"@type":"ListItem","position":3,"name":"Saint Ambroise : qui \u00e9tait le Saint Patron de Milan ?"}]},{"@type":"WebSite","@id":"https:\/\/blog.holyart.it\/fr\/#website","url":"https:\/\/blog.holyart.it\/fr\/","name":"Holyart.fr Blog","description":"Holyblog","publisher":{"@id":"https:\/\/blog.holyart.it\/fr\/#organization"},"potentialAction":[{"@type":"SearchAction","target":{"@type":"EntryPoint","urlTemplate":"https:\/\/blog.holyart.it\/fr\/?s={search_term_string}"},"query-input":{"@type":"PropertyValueSpecification","valueRequired":true,"valueName":"search_term_string"}}],"inLanguage":"fr-FR"},{"@type":"Organization","@id":"https:\/\/blog.holyart.it\/fr\/#organization","name":"Holyart.fr Blog","url":"https:\/\/blog.holyart.it\/fr\/","logo":{"@type":"ImageObject","inLanguage":"fr-FR","@id":"https:\/\/blog.holyart.it\/fr\/#\/schema\/logo\/image\/","url":"https:\/\/blog.holyart.it\/fr\/wp-content\/uploads\/sites\/14\/2022\/12\/Holyart_Blog_Logo.jpg","contentUrl":"https:\/\/blog.holyart.it\/fr\/wp-content\/uploads\/sites\/14\/2022\/12\/Holyart_Blog_Logo.jpg","width":300,"height":50,"caption":"Holyart.fr Blog"},"image":{"@id":"https:\/\/blog.holyart.it\/fr\/#\/schema\/logo\/image\/"}},{"@type":"Person","@id":"https:\/\/blog.holyart.it\/fr\/#\/schema\/person\/0a7b686e5af0f856ec1e390dd0baecda","name":"Redazione","image":{"@type":"ImageObject","inLanguage":"fr-FR","@id":"https:\/\/blog.holyart.it\/fr\/#\/schema\/person\/image\/","url":"https:\/\/secure.gravatar.com\/avatar\/f477da817f43e50d0af36abecd33e3edf826c68299714bdc1057dff3b113f516?s=96&d=mm&r=g","contentUrl":"https:\/\/secure.gravatar.com\/avatar\/f477da817f43e50d0af36abecd33e3edf826c68299714bdc1057dff3b113f516?s=96&d=mm&r=g","caption":"Redazione"},"url":"https:\/\/blog.holyart.it\/fr\/author\/admin\/"}]}},"_links":{"self":[{"href":"https:\/\/blog.holyart.it\/fr\/wp-json\/wp\/v2\/posts\/3712","targetHints":{"allow":["GET"]}}],"collection":[{"href":"https:\/\/blog.holyart.it\/fr\/wp-json\/wp\/v2\/posts"}],"about":[{"href":"https:\/\/blog.holyart.it\/fr\/wp-json\/wp\/v2\/types\/post"}],"author":[{"embeddable":true,"href":"https:\/\/blog.holyart.it\/fr\/wp-json\/wp\/v2\/users\/1"}],"replies":[{"embeddable":true,"href":"https:\/\/blog.holyart.it\/fr\/wp-json\/wp\/v2\/comments?post=3712"}],"version-history":[{"count":1,"href":"https:\/\/blog.holyart.it\/fr\/wp-json\/wp\/v2\/posts\/3712\/revisions"}],"predecessor-version":[{"id":7477,"href":"https:\/\/blog.holyart.it\/fr\/wp-json\/wp\/v2\/posts\/3712\/revisions\/7477"}],"wp:featuredmedia":[{"embeddable":true,"href":"https:\/\/blog.holyart.it\/fr\/wp-json\/wp\/v2\/media\/3713"}],"wp:attachment":[{"href":"https:\/\/blog.holyart.it\/fr\/wp-json\/wp\/v2\/media?parent=3712"}],"wp:term":[{"taxonomy":"category","embeddable":true,"href":"https:\/\/blog.holyart.it\/fr\/wp-json\/wp\/v2\/categories?post=3712"},{"taxonomy":"post_tag","embeddable":true,"href":"https:\/\/blog.holyart.it\/fr\/wp-json\/wp\/v2\/tags?post=3712"}],"curies":[{"name":"wp","href":"https:\/\/api.w.org\/{rel}","templated":true}]}}