{"id":3699,"date":"2021-12-02T10:00:17","date_gmt":"2021-12-02T09:00:17","guid":{"rendered":"https:\/\/blog.holyart.it\/fr\/?p=3699"},"modified":"2024-10-29T17:30:11","modified_gmt":"2024-10-29T16:30:11","slug":"creche-en-bois-techniques-de-realisation-des-artisans-de-holyart","status":"publish","type":"post","link":"https:\/\/blog.holyart.it\/fr\/noel\/creche-en-bois-techniques-de-realisation-des-artisans-de-holyart\/","title":{"rendered":"Cr\u00e8che en bois : techniques de r\u00e9alisation des artisans de Holyart"},"content":{"rendered":"<h4>La cr\u00e8che et la nativit\u00e9 en bois du Val Gardena sont le fruit d\u2019une riche tradition : voici comment naissent les santons des cr\u00e8ches du Val Gardena.<\/h4>\n\n<p><a href=\"https:\/\/www.holyart.fr\/noel\"><strong>No\u00ebl<\/strong><\/a> approche et nous sommes tous en train de nous demander quelle est la meilleure cr\u00e8che pour notre maison. Nous avons d\u00e9j\u00e0 parl\u00e9 de comment <a href=\"https:\/\/www.holyart.fr\/blog\/noel\/construire-votre-creche-en-suivant-des-conseils-dexperts\/\"><strong>cr\u00e9er votre propre cr\u00e8che en suivant des conseils d\u2019experts<\/strong><\/a>. D\u00e8s que nous choisissons de construire notre cr\u00e8che, une vaste gamme de produits divers et vari\u00e9s s\u2019offre \u00e0 nous, en commen\u00e7ant par le choix du mat\u00e9riel.<\/p>\n<div class=\"link-article\">\n<p><img loading=\"lazy\" decoding=\"async\" class=\"size-full wp-image-3700 alignleft\" src=\"https:\/\/blog.holyart.it\/fr\/wp-content\/uploads\/sites\/14\/2021\/11\/Construire-votre-Cr\u00e8che.jpg\" alt=\"Construire votre Cr\u00e8che\" width=\"150\" height=\"99\" data-kale-share-title=\"Cr\u00e8che en bois : techniques de r\u00e9alisation des artisans de Holyart\" data-kale-share-url=\"https:\/\/blog.holyart.it\/fr\/?p=3699\" \/><\/p>\n<div class=\"leggi-anche\">Lire aussi :<\/div>\n<p><strong><a href=\"https:\/\/www.holyart.fr\/blog\/noel\/construire-votre-creche-en-suivant-des-conseils-dexperts\/\">Construire votre Cr\u00e8che en suivant des conseils d\u2019experts<\/a><\/strong><br \/>\nQui a dit que monter une Cr\u00e8che \u00e9tait un jeu d\u2019enfant ? Il faut de l\u2019inventivit\u00e9, planification, une touche de dext\u00e9rit\u00e9 et, bien&#8230;<\/p>\n<\/div>\n<p>&nbsp;<\/p>\n<h2>La cr\u00e8che du Val Gardena<\/h2>\n<p>Un des types de cr\u00e8che que vous trouverez sur Holyart est la cr\u00e8che en bois et, en particulier, la <a href=\"https:\/\/www.holyart.fr\/noel\/creches-noel\/creche-noel-val-gardena\"><strong>cr\u00e8che en bois du Val Gardena<\/strong><\/a>. Le Val Gardena est l\u2019endroit par excellence connu pour le travail du bois en Italie. C\u2019est l\u00e0 qu\u2019une forte <strong>tradition<\/strong> dans la cr\u00e9ation de <strong>statues religieuses en bois<\/strong>, cr\u00e8ches et d\u00e9corations en bois pour la maison se d\u00e9veloppe et continue de cro\u00eetre.<\/p>\n<p>Les cr\u00e8ches du Val Gardena poss\u00e8dent des traits soign\u00e9s qui donnent aux statues expressivit\u00e9 et chaleur. Les finitions varient des santons laiss\u00e9s en bois naturel \u00e0 ceux <strong>peints \u00e0 la main<\/strong> avec couleurs \u00e0 l\u2019huile. En tout cas, il s\u2019agit d\u2019\u0153uvres d\u2019artisanat qui passent entre les mains d\u2019<strong>artistes du bois<\/strong>.<\/p>\n<p>Les styles aussi varient : on va de cr\u00e8ches et santons avec traits bien d\u00e9finis et r\u00e9alistes aux compositions stylis\u00e9es et symboliques. <a href=\"https:\/\/www.holyart.fr\/noel\/creches-noel\/creche-noel-val-gardena?83%5B%5D=2348&amp;p_min=&amp;p_max=\"><strong>Les nativit\u00e9s du Val Gardena<\/strong><\/a>, par exemple, montrent toute la vari\u00e9t\u00e9 de style des artisans du Val Gardena qui rencontre diff\u00e9rents go\u00fbts.<\/p>\n<table class=\"widefat sliders-list\">\n<tbody>\n<tr class=\"slider-row\">\n<td><div class=\"sp-styles-warning\" style=\"width: 450px; background-color: #FFF; color: #F00; border: 1px solid #F00; padding: 10px; font-size: 14px;\">\n\t\t\t<span style=\"font-weight: bold;\">Warning: The stylesheets were not loaded!<\/span> \n\t\t\tYou will need to change the <i>Load stylesheets<\/i> setting from <i>Automatically<\/i> to <i>On homepage<\/i> or <i>On all pages<\/i>. \n\t\t\tYou can set that <a style=\"text-decoration: underline; color: #F00;\" href=\"https:\/\/blog.holyart.it\/fr\/wp-admin\/admin.php?page=sliderpro-settings\">here<\/a>.\n\t\t\t<\/div>\r\n<div id=\"slider-pro-65\" class=\"slider-pro sp-no-js\" style=\"width: 500px; height: 500px;\">\r\n\t<div class=\"sp-slides\">\r\n\t\t\r\n\t\t<div class=\"sp-slide\">\r\n\t\t\t<img loading=\"lazy\" decoding=\"async\" class=\"sp-image\" src=\"https:\/\/blog.holyart.it\/fr\/wp-content\/uploads\/sites\/14\/2021\/11\/creche-du-Val-Gardena.jpg\" alt=\"creche du Val Gardena\" width=\"500\" height=\"499\" \/>\r\n\t\t\t<div class=\"sp-thumbnail\"><a class=\"\" href=\"https:\/\/www.holyart.fr\/noel\/nativite\/nativite-la-tendresse-bois-olivier-naturel-val-gardena\">\r\n\t\t\t\t<img decoding=\"async\" src=\"https:\/\/blog.holyart.it\/fr\/wp-content\/uploads\/sites\/14\/2021\/11\/Nativite-La-tendresse-bois-olivier-naturel-Val-Gardena.jpg\" alt=\"Nativite La tendresse bois olivier naturel Val Gardena\" \/>\r\n\t\t\t<\/a>\r\n\t\t\t<\/div>\r\n\t\t\t<div class=\"sp-caption\">Nativit\u00e9 La tendresse bois olivier naturel Val Gardena. <br \/><strong><span style=\"color: #0000ff;font-size:18px\"><a style=\"color: #0000ff\" href=\"https:\/\/www.holyart.fr\/noel\/nativite\/nativite-la-tendresse-bois-olivier-naturel-val-gardena\">Acheter sur Holyart<\/a><\/span><\/strong><\/div>\r\n\t\t<\/div>\r\n\t\t<div class=\"sp-slide\">\r\n\t\t\t<img loading=\"lazy\" decoding=\"async\" class=\"sp-image\" src=\"https:\/\/blog.holyart.it\/fr\/wp-content\/uploads\/sites\/14\/2021\/11\/Nativite-moderne-bois.jpg\" alt=\"Nativite moderne bois\" width=\"500\" height=\"499\" \/>\r\n\t\t\t<div class=\"sp-thumbnail\"><a class=\"\" href=\"https:\/\/www.holyart.fr\/noel\/nativite\/nativite-moderne-bois-mod.-neumeister-val-gardena\">\r\n\t\t\t\t<img decoding=\"async\" src=\"https:\/\/blog.holyart.it\/fr\/wp-content\/uploads\/sites\/14\/2021\/11\/Nativite-moderne-bois-mod.-Neumeister-Val-Gardena.jpg\" alt=\"Nativite moderne bois mod. Neumeister Val Gardena\" \/>\r\n\t\t\t<\/a>\r\n\t\t\t<\/div>\r\n\t\t\t<div class=\"sp-caption\">Nativit\u00e9 moderne bois mod. Neumeister Val Gardena. <br \/><strong><span style=\"color: #0000ff;font-size:18px\"><a style=\"color: #0000ff\" href=\"https:\/\/www.holyart.fr\/noel\/nativite\/nativite-moderne-bois-mod.-neumeister-val-gardena\">Acheter sur Holyart<\/a><\/span><\/strong><\/div>\r\n\t\t<\/div>\r\n\t\t<div class=\"sp-slide\">\r\n\t\t\t<img loading=\"lazy\" decoding=\"async\" class=\"sp-image\" src=\"https:\/\/blog.holyart.it\/fr\/wp-content\/uploads\/sites\/14\/2021\/11\/Nativite-en-bois-naturel.jpg\" alt=\"Nativite en bois naturel\" width=\"500\" height=\"500\" \/>\r\n\t\t\t<div class=\"sp-thumbnail\"><a class=\"\" href=\"https:\/\/www.holyart.fr\/noel\/creches-noel\/creche-noel-val-gardena\/nativite-en-bois-naturel-ronde\">\r\n\t\t\t\t<img decoding=\"async\" src=\"https:\/\/blog.holyart.it\/fr\/wp-content\/uploads\/sites\/14\/2021\/11\/Nativite-en-bois-naturel-ronde.jpg\" alt=\"Nativite en bois naturel, ronde\" \/>\r\n\t\t\t<\/a>\r\n\t\t\t<\/div>\r\n\t\t\t<div class=\"sp-caption\">Nativit\u00e9 en bois naturel, ronde. <br \/><strong><span style=\"color: #0000ff;font-size:18px\"><a style=\"color: #0000ff\" href=\"https:\/\/www.holyart.fr\/noel\/creches-noel\/creche-noel-val-gardena\/nativite-en-bois-naturel-ronde\">Acheter sur Holyart<\/a><\/span><\/strong><\/div>\r\n\t\t<\/div>\r\n\t<\/div>\r\n<\/div><\/td>\n<\/tr>\n<\/tbody>\n<\/table>\n<h2>Les nativit\u00e9s en bois<\/h2>\n<p>Les <strong>nativit\u00e9s du Val Gardena<\/strong> sont pr\u00e9sentes en tant qu\u2019ensemble de statues, \u00e0 ins\u00e9rer dans la cr\u00e8che \u00e0 l\u2019int\u00e9rieur d\u2019une cabane ou d\u2019une grotte, ou en tant que sculptures s\u00e9par\u00e9es, o\u00f9 souvent les personnages de Marie, Joseph et J\u00e9sus se serrent tendrement l\u2019un contre l\u2019autre. Sur Holyart, vous avez la possibilit\u00e9 de trouver tous les deux types de produits : les premiers pour compl\u00e9ter votre cr\u00e8che et les deuxi\u00e8mes comme id\u00e9e-cadeau ou pour enrichir une pi\u00e8ce de votre maison.<\/p>\n<h2>Le proc\u00e9d\u00e9 de fabrication : sculpt\u00e9s en bois et peints \u00e0 la main<\/h2>\n<p>Les proc\u00e9d\u00e9s de r\u00e9alisation de ces produits mettent en lumi\u00e8re la <strong>tradition<\/strong> <strong>artisanale<\/strong> du Val Gardena. Un des premiers passages est le choix du bois : bois diff\u00e9rents, caract\u00e9ristiques diff\u00e9rentes. Par exemple, le bois d\u2019\u00e9rable est plus dur et r\u00e9sistant, tandis que le bois de tilleul est plus tendre et simple \u00e0 travailler. Les sculpteurs choisissent le bois en fonction des caract\u00e9ristiques utiles pour la statue \u00e0 r\u00e9aliser.<\/p>\n<p>Les sculptures naissent de l\u2019habilit\u00e9 des artisans et sont r\u00e9alis\u00e9es \u00e0 l\u2019aide de <strong>machines con\u00e7ues expr\u00e8s pour le type de sculpture<\/strong>. Il s\u2019agit des m\u00eames machines depuis des g\u00e9n\u00e9rations et avec le temps elles ont maintenu le m\u00eame type de proc\u00e9d\u00e9, en \u00e9largissant la capacit\u00e9 de produire des articles toujours nouveaux.<\/p>\n<p>Quand les statues sont laiss\u00e9es <strong>au naturel<\/strong>, elles subissent une phase de finition qui permet de prot\u00e9ger la statue de l\u2019action du temps. Le bois peut \u00eatre laiss\u00e9 brut, subir un traitement de cirage ou bien \u00eatre bruni en obtenant ainsi des statues dans trois tonalit\u00e9s de marron. Les couleurs utilis\u00e9es pour les statues peintes sont celles \u00e0 l\u2019huile, appliqu\u00e9es \u00e0 la main par des ouvriers exp\u00e9riment\u00e9s.<\/p>\n<p>La derni\u00e8re phase est celle du laquage, qui sert \u00e0 stabiliser les couleurs. Apr\u00e8s ce dernier passage, la statue est pr\u00eate pour entrer dans nos maisons et dans nos cr\u00e8ches.<\/p>\n<h2><iframe loading=\"lazy\" src=\"https:\/\/www.youtube.com\/embed\/eS81c49nwgc\" width=\"860\" height=\"515\" frameborder=\"0\" allowfullscreen=\"allowfullscreen\"><span data-mce-type=\"bookmark\" style=\"display: inline-block; width: 0px; overflow: hidden; line-height: 0;\" class=\"mce_SELRES_start\">\ufeff<\/span><\/iframe><br \/>\nLes couleurs \u00e0 l\u2019huile<\/h2>\n<p>Les santons peints passent par les mains d\u2019artistes qui utilisent des <strong>couleurs \u00e0 l\u2019huile<\/strong> se basant sur une tradition s\u00e9culaire au niveau de la technique de peinture. Chaque jour, on applique une seule et unique couleur que l\u2019on laisse ensuite s\u00e9cher toute une nuit. Les couleurs \u00e0 l\u2019huile unissent l\u2019\u00e9clat qui les caract\u00e9risent \u00e0 la capacit\u00e9 de laisser entrevoir le grain du bois. De cette mani\u00e8re, la statue, sculpt\u00e9e en bois, est peinte \u00e0 la main et c\u2019est ainsi qu\u2019une petite oeuvre d\u2019art voit le jour.<\/p>\n<p>La cr\u00e8che en bois du Val Gardena est le r\u00e9sultat donc d\u2019un travail qui suit les techniques traditionnelles des artisans et passe par une longue histoire de cr\u00e9ations made in Italy.<\/p>\n","protected":false},"excerpt":{"rendered":"<p>La cr\u00e8che et la nativit\u00e9 en bois du Val Gardena sont le fruit d\u2019une riche tradition : voici comment naissent les santons des cr\u00e8ches du Val Gardena. No\u00ebl approche et nous sommes tous en train de nous demander quelle est la meilleure cr\u00e8che pour notre&hellip;<\/p>\n","protected":false},"author":1,"featured_media":3708,"comment_status":"closed","ping_status":"open","sticky":false,"template":"","format":"standard","meta":{"_acf_changed":false,"footnotes":""},"categories":[10],"tags":[],"class_list":["post-3699","post","type-post","status-publish","format-standard","has-post-thumbnail","hentry","category-noel"],"acf":[],"yoast_head":"<!-- This site is optimized with the Yoast SEO plugin v26.6 - https:\/\/yoast.com\/wordpress\/plugins\/seo\/ -->\n<title>Cr\u00e8che en bois : techniques de r\u00e9alisation des artisans de Holyart<\/title>\n<meta name=\"description\" content=\"La cr\u00e8che et la nativit\u00e9 en bois du Val Gardena sont le fruit d\u2019une riche tradition : voici comment naissent les santons des cr\u00e8ches du Val Gardena.\" \/>\n<meta name=\"robots\" content=\"index, follow, max-snippet:-1, max-image-preview:large, max-video-preview:-1\" \/>\n<link rel=\"canonical\" href=\"https:\/\/blog.holyart.it\/fr\/noel\/creche-en-bois-techniques-de-realisation-des-artisans-de-holyart\/\" \/>\n<meta property=\"og:locale\" content=\"fr_FR\" \/>\n<meta property=\"og:type\" content=\"article\" \/>\n<meta property=\"og:title\" content=\"Cr\u00e8che en bois : techniques de r\u00e9alisation des artisans de Holyart\" \/>\n<meta property=\"og:description\" content=\"La cr\u00e8che et la nativit\u00e9 en bois du Val Gardena sont le fruit d\u2019une riche tradition : voici comment naissent les santons des cr\u00e8ches du Val Gardena.\" \/>\n<meta property=\"og:url\" content=\"https:\/\/blog.holyart.it\/fr\/noel\/creche-en-bois-techniques-de-realisation-des-artisans-de-holyart\/\" \/>\n<meta property=\"og:site_name\" content=\"Holyart.fr Blog\" \/>\n<meta property=\"article:published_time\" content=\"2021-12-02T09:00:17+00:00\" \/>\n<meta property=\"article:modified_time\" content=\"2024-10-29T16:30:11+00:00\" \/>\n<meta property=\"og:image\" content=\"https:\/\/blog.holyart.it\/fr\/wp-content\/uploads\/sites\/14\/2021\/11\/La-creche-et-la-nativite-en-bois-du-Val-Gardena.jpg\" \/>\n\t<meta property=\"og:image:width\" content=\"1000\" \/>\n\t<meta property=\"og:image:height\" content=\"642\" \/>\n\t<meta property=\"og:image:type\" content=\"image\/jpeg\" \/>\n<meta name=\"author\" content=\"Redazione\" \/>\n<meta name=\"twitter:card\" content=\"summary_large_image\" \/>\n<meta name=\"twitter:label1\" content=\"\u00c9crit par\" \/>\n\t<meta name=\"twitter:data1\" content=\"Redazione\" \/>\n\t<meta name=\"twitter:label2\" content=\"Dur\u00e9e de lecture estim\u00e9e\" \/>\n\t<meta name=\"twitter:data2\" content=\"5 minutes\" \/>\n<script type=\"application\/ld+json\" class=\"yoast-schema-graph\">{\"@context\":\"https:\/\/schema.org\",\"@graph\":[{\"@type\":\"Article\",\"@id\":\"https:\/\/blog.holyart.it\/fr\/noel\/creche-en-bois-techniques-de-realisation-des-artisans-de-holyart\/#article\",\"isPartOf\":{\"@id\":\"https:\/\/blog.holyart.it\/fr\/noel\/creche-en-bois-techniques-de-realisation-des-artisans-de-holyart\/\"},\"author\":{\"name\":\"Redazione\",\"@id\":\"https:\/\/blog.holyart.it\/fr\/#\/schema\/person\/0a7b686e5af0f856ec1e390dd0baecda\"},\"headline\":\"Cr\u00e8che en bois : techniques de r\u00e9alisation des artisans de Holyart\",\"datePublished\":\"2021-12-02T09:00:17+00:00\",\"dateModified\":\"2024-10-29T16:30:11+00:00\",\"mainEntityOfPage\":{\"@id\":\"https:\/\/blog.holyart.it\/fr\/noel\/creche-en-bois-techniques-de-realisation-des-artisans-de-holyart\/\"},\"wordCount\":837,\"publisher\":{\"@id\":\"https:\/\/blog.holyart.it\/fr\/#organization\"},\"image\":{\"@id\":\"https:\/\/blog.holyart.it\/fr\/noel\/creche-en-bois-techniques-de-realisation-des-artisans-de-holyart\/#primaryimage\"},\"thumbnailUrl\":\"https:\/\/blog.holyart.it\/fr\/wp-content\/uploads\/sites\/14\/2021\/11\/La-creche-et-la-nativite-en-bois-du-Val-Gardena.jpg\",\"articleSection\":[\"No\u00ebl\"],\"inLanguage\":\"fr-FR\"},{\"@type\":\"WebPage\",\"@id\":\"https:\/\/blog.holyart.it\/fr\/noel\/creche-en-bois-techniques-de-realisation-des-artisans-de-holyart\/\",\"url\":\"https:\/\/blog.holyart.it\/fr\/noel\/creche-en-bois-techniques-de-realisation-des-artisans-de-holyart\/\",\"name\":\"Cr\u00e8che en bois : techniques de r\u00e9alisation des artisans de Holyart\",\"isPartOf\":{\"@id\":\"https:\/\/blog.holyart.it\/fr\/#website\"},\"primaryImageOfPage\":{\"@id\":\"https:\/\/blog.holyart.it\/fr\/noel\/creche-en-bois-techniques-de-realisation-des-artisans-de-holyart\/#primaryimage\"},\"image\":{\"@id\":\"https:\/\/blog.holyart.it\/fr\/noel\/creche-en-bois-techniques-de-realisation-des-artisans-de-holyart\/#primaryimage\"},\"thumbnailUrl\":\"https:\/\/blog.holyart.it\/fr\/wp-content\/uploads\/sites\/14\/2021\/11\/La-creche-et-la-nativite-en-bois-du-Val-Gardena.jpg\",\"datePublished\":\"2021-12-02T09:00:17+00:00\",\"dateModified\":\"2024-10-29T16:30:11+00:00\",\"description\":\"La cr\u00e8che et la nativit\u00e9 en bois du Val Gardena sont le fruit d\u2019une riche tradition : voici comment naissent les santons des cr\u00e8ches du Val Gardena.\",\"breadcrumb\":{\"@id\":\"https:\/\/blog.holyart.it\/fr\/noel\/creche-en-bois-techniques-de-realisation-des-artisans-de-holyart\/#breadcrumb\"},\"inLanguage\":\"fr-FR\",\"potentialAction\":[{\"@type\":\"ReadAction\",\"target\":[\"https:\/\/blog.holyart.it\/fr\/noel\/creche-en-bois-techniques-de-realisation-des-artisans-de-holyart\/\"]}]},{\"@type\":\"ImageObject\",\"inLanguage\":\"fr-FR\",\"@id\":\"https:\/\/blog.holyart.it\/fr\/noel\/creche-en-bois-techniques-de-realisation-des-artisans-de-holyart\/#primaryimage\",\"url\":\"https:\/\/blog.holyart.it\/fr\/wp-content\/uploads\/sites\/14\/2021\/11\/La-creche-et-la-nativite-en-bois-du-Val-Gardena.jpg\",\"contentUrl\":\"https:\/\/blog.holyart.it\/fr\/wp-content\/uploads\/sites\/14\/2021\/11\/La-creche-et-la-nativite-en-bois-du-Val-Gardena.jpg\",\"width\":1000,\"height\":642,\"caption\":\"La creche et la nativite en bois du Val Gardena\"},{\"@type\":\"BreadcrumbList\",\"@id\":\"https:\/\/blog.holyart.it\/fr\/noel\/creche-en-bois-techniques-de-realisation-des-artisans-de-holyart\/#breadcrumb\",\"itemListElement\":[{\"@type\":\"ListItem\",\"position\":1,\"name\":\"Homepage\",\"item\":\"https:\/\/blog.holyart.it\/fr\/\"},{\"@type\":\"ListItem\",\"position\":2,\"name\":\"No\u00ebl\",\"item\":\"https:\/\/blog.holyart.it\/fr\/noel\/\"},{\"@type\":\"ListItem\",\"position\":3,\"name\":\"Cr\u00e8che en bois : techniques de r\u00e9alisation des artisans de Holyart\"}]},{\"@type\":\"WebSite\",\"@id\":\"https:\/\/blog.holyart.it\/fr\/#website\",\"url\":\"https:\/\/blog.holyart.it\/fr\/\",\"name\":\"Holyart.fr Blog\",\"description\":\"Holyblog\",\"publisher\":{\"@id\":\"https:\/\/blog.holyart.it\/fr\/#organization\"},\"potentialAction\":[{\"@type\":\"SearchAction\",\"target\":{\"@type\":\"EntryPoint\",\"urlTemplate\":\"https:\/\/blog.holyart.it\/fr\/?s={search_term_string}\"},\"query-input\":{\"@type\":\"PropertyValueSpecification\",\"valueRequired\":true,\"valueName\":\"search_term_string\"}}],\"inLanguage\":\"fr-FR\"},{\"@type\":\"Organization\",\"@id\":\"https:\/\/blog.holyart.it\/fr\/#organization\",\"name\":\"Holyart.fr Blog\",\"url\":\"https:\/\/blog.holyart.it\/fr\/\",\"logo\":{\"@type\":\"ImageObject\",\"inLanguage\":\"fr-FR\",\"@id\":\"https:\/\/blog.holyart.it\/fr\/#\/schema\/logo\/image\/\",\"url\":\"https:\/\/blog.holyart.it\/fr\/wp-content\/uploads\/sites\/14\/2022\/12\/Holyart_Blog_Logo.jpg\",\"contentUrl\":\"https:\/\/blog.holyart.it\/fr\/wp-content\/uploads\/sites\/14\/2022\/12\/Holyart_Blog_Logo.jpg\",\"width\":300,\"height\":50,\"caption\":\"Holyart.fr Blog\"},\"image\":{\"@id\":\"https:\/\/blog.holyart.it\/fr\/#\/schema\/logo\/image\/\"}},{\"@type\":\"Person\",\"@id\":\"https:\/\/blog.holyart.it\/fr\/#\/schema\/person\/0a7b686e5af0f856ec1e390dd0baecda\",\"name\":\"Redazione\",\"image\":{\"@type\":\"ImageObject\",\"inLanguage\":\"fr-FR\",\"@id\":\"https:\/\/blog.holyart.it\/fr\/#\/schema\/person\/image\/\",\"url\":\"https:\/\/secure.gravatar.com\/avatar\/f477da817f43e50d0af36abecd33e3edf826c68299714bdc1057dff3b113f516?s=96&d=mm&r=g\",\"contentUrl\":\"https:\/\/secure.gravatar.com\/avatar\/f477da817f43e50d0af36abecd33e3edf826c68299714bdc1057dff3b113f516?s=96&d=mm&r=g\",\"caption\":\"Redazione\"},\"url\":\"https:\/\/blog.holyart.it\/fr\/author\/admin\/\"}]}<\/script>\n<!-- \/ Yoast SEO plugin. -->","yoast_head_json":{"title":"Cr\u00e8che en bois : techniques de r\u00e9alisation des artisans de Holyart","description":"La cr\u00e8che et la nativit\u00e9 en bois du Val Gardena sont le fruit d\u2019une riche tradition : voici comment naissent les santons des cr\u00e8ches du Val Gardena.","robots":{"index":"index","follow":"follow","max-snippet":"max-snippet:-1","max-image-preview":"max-image-preview:large","max-video-preview":"max-video-preview:-1"},"canonical":"https:\/\/blog.holyart.it\/fr\/noel\/creche-en-bois-techniques-de-realisation-des-artisans-de-holyart\/","og_locale":"fr_FR","og_type":"article","og_title":"Cr\u00e8che en bois : techniques de r\u00e9alisation des artisans de Holyart","og_description":"La cr\u00e8che et la nativit\u00e9 en bois du Val Gardena sont le fruit d\u2019une riche tradition : voici comment naissent les santons des cr\u00e8ches du Val Gardena.","og_url":"https:\/\/blog.holyart.it\/fr\/noel\/creche-en-bois-techniques-de-realisation-des-artisans-de-holyart\/","og_site_name":"Holyart.fr Blog","article_published_time":"2021-12-02T09:00:17+00:00","article_modified_time":"2024-10-29T16:30:11+00:00","og_image":[{"width":1000,"height":642,"url":"https:\/\/blog.holyart.it\/fr\/wp-content\/uploads\/sites\/14\/2021\/11\/La-creche-et-la-nativite-en-bois-du-Val-Gardena.jpg","type":"image\/jpeg"}],"author":"Redazione","twitter_card":"summary_large_image","twitter_misc":{"\u00c9crit par":"Redazione","Dur\u00e9e de lecture estim\u00e9e":"5 minutes"},"schema":{"@context":"https:\/\/schema.org","@graph":[{"@type":"Article","@id":"https:\/\/blog.holyart.it\/fr\/noel\/creche-en-bois-techniques-de-realisation-des-artisans-de-holyart\/#article","isPartOf":{"@id":"https:\/\/blog.holyart.it\/fr\/noel\/creche-en-bois-techniques-de-realisation-des-artisans-de-holyart\/"},"author":{"name":"Redazione","@id":"https:\/\/blog.holyart.it\/fr\/#\/schema\/person\/0a7b686e5af0f856ec1e390dd0baecda"},"headline":"Cr\u00e8che en bois : techniques de r\u00e9alisation des artisans de Holyart","datePublished":"2021-12-02T09:00:17+00:00","dateModified":"2024-10-29T16:30:11+00:00","mainEntityOfPage":{"@id":"https:\/\/blog.holyart.it\/fr\/noel\/creche-en-bois-techniques-de-realisation-des-artisans-de-holyart\/"},"wordCount":837,"publisher":{"@id":"https:\/\/blog.holyart.it\/fr\/#organization"},"image":{"@id":"https:\/\/blog.holyart.it\/fr\/noel\/creche-en-bois-techniques-de-realisation-des-artisans-de-holyart\/#primaryimage"},"thumbnailUrl":"https:\/\/blog.holyart.it\/fr\/wp-content\/uploads\/sites\/14\/2021\/11\/La-creche-et-la-nativite-en-bois-du-Val-Gardena.jpg","articleSection":["No\u00ebl"],"inLanguage":"fr-FR"},{"@type":"WebPage","@id":"https:\/\/blog.holyart.it\/fr\/noel\/creche-en-bois-techniques-de-realisation-des-artisans-de-holyart\/","url":"https:\/\/blog.holyart.it\/fr\/noel\/creche-en-bois-techniques-de-realisation-des-artisans-de-holyart\/","name":"Cr\u00e8che en bois : techniques de r\u00e9alisation des artisans de Holyart","isPartOf":{"@id":"https:\/\/blog.holyart.it\/fr\/#website"},"primaryImageOfPage":{"@id":"https:\/\/blog.holyart.it\/fr\/noel\/creche-en-bois-techniques-de-realisation-des-artisans-de-holyart\/#primaryimage"},"image":{"@id":"https:\/\/blog.holyart.it\/fr\/noel\/creche-en-bois-techniques-de-realisation-des-artisans-de-holyart\/#primaryimage"},"thumbnailUrl":"https:\/\/blog.holyart.it\/fr\/wp-content\/uploads\/sites\/14\/2021\/11\/La-creche-et-la-nativite-en-bois-du-Val-Gardena.jpg","datePublished":"2021-12-02T09:00:17+00:00","dateModified":"2024-10-29T16:30:11+00:00","description":"La cr\u00e8che et la nativit\u00e9 en bois du Val Gardena sont le fruit d\u2019une riche tradition : voici comment naissent les santons des cr\u00e8ches du Val Gardena.","breadcrumb":{"@id":"https:\/\/blog.holyart.it\/fr\/noel\/creche-en-bois-techniques-de-realisation-des-artisans-de-holyart\/#breadcrumb"},"inLanguage":"fr-FR","potentialAction":[{"@type":"ReadAction","target":["https:\/\/blog.holyart.it\/fr\/noel\/creche-en-bois-techniques-de-realisation-des-artisans-de-holyart\/"]}]},{"@type":"ImageObject","inLanguage":"fr-FR","@id":"https:\/\/blog.holyart.it\/fr\/noel\/creche-en-bois-techniques-de-realisation-des-artisans-de-holyart\/#primaryimage","url":"https:\/\/blog.holyart.it\/fr\/wp-content\/uploads\/sites\/14\/2021\/11\/La-creche-et-la-nativite-en-bois-du-Val-Gardena.jpg","contentUrl":"https:\/\/blog.holyart.it\/fr\/wp-content\/uploads\/sites\/14\/2021\/11\/La-creche-et-la-nativite-en-bois-du-Val-Gardena.jpg","width":1000,"height":642,"caption":"La creche et la nativite en bois du Val Gardena"},{"@type":"BreadcrumbList","@id":"https:\/\/blog.holyart.it\/fr\/noel\/creche-en-bois-techniques-de-realisation-des-artisans-de-holyart\/#breadcrumb","itemListElement":[{"@type":"ListItem","position":1,"name":"Homepage","item":"https:\/\/blog.holyart.it\/fr\/"},{"@type":"ListItem","position":2,"name":"No\u00ebl","item":"https:\/\/blog.holyart.it\/fr\/noel\/"},{"@type":"ListItem","position":3,"name":"Cr\u00e8che en bois : techniques de r\u00e9alisation des artisans de Holyart"}]},{"@type":"WebSite","@id":"https:\/\/blog.holyart.it\/fr\/#website","url":"https:\/\/blog.holyart.it\/fr\/","name":"Holyart.fr Blog","description":"Holyblog","publisher":{"@id":"https:\/\/blog.holyart.it\/fr\/#organization"},"potentialAction":[{"@type":"SearchAction","target":{"@type":"EntryPoint","urlTemplate":"https:\/\/blog.holyart.it\/fr\/?s={search_term_string}"},"query-input":{"@type":"PropertyValueSpecification","valueRequired":true,"valueName":"search_term_string"}}],"inLanguage":"fr-FR"},{"@type":"Organization","@id":"https:\/\/blog.holyart.it\/fr\/#organization","name":"Holyart.fr Blog","url":"https:\/\/blog.holyart.it\/fr\/","logo":{"@type":"ImageObject","inLanguage":"fr-FR","@id":"https:\/\/blog.holyart.it\/fr\/#\/schema\/logo\/image\/","url":"https:\/\/blog.holyart.it\/fr\/wp-content\/uploads\/sites\/14\/2022\/12\/Holyart_Blog_Logo.jpg","contentUrl":"https:\/\/blog.holyart.it\/fr\/wp-content\/uploads\/sites\/14\/2022\/12\/Holyart_Blog_Logo.jpg","width":300,"height":50,"caption":"Holyart.fr Blog"},"image":{"@id":"https:\/\/blog.holyart.it\/fr\/#\/schema\/logo\/image\/"}},{"@type":"Person","@id":"https:\/\/blog.holyart.it\/fr\/#\/schema\/person\/0a7b686e5af0f856ec1e390dd0baecda","name":"Redazione","image":{"@type":"ImageObject","inLanguage":"fr-FR","@id":"https:\/\/blog.holyart.it\/fr\/#\/schema\/person\/image\/","url":"https:\/\/secure.gravatar.com\/avatar\/f477da817f43e50d0af36abecd33e3edf826c68299714bdc1057dff3b113f516?s=96&d=mm&r=g","contentUrl":"https:\/\/secure.gravatar.com\/avatar\/f477da817f43e50d0af36abecd33e3edf826c68299714bdc1057dff3b113f516?s=96&d=mm&r=g","caption":"Redazione"},"url":"https:\/\/blog.holyart.it\/fr\/author\/admin\/"}]}},"_links":{"self":[{"href":"https:\/\/blog.holyart.it\/fr\/wp-json\/wp\/v2\/posts\/3699","targetHints":{"allow":["GET"]}}],"collection":[{"href":"https:\/\/blog.holyart.it\/fr\/wp-json\/wp\/v2\/posts"}],"about":[{"href":"https:\/\/blog.holyart.it\/fr\/wp-json\/wp\/v2\/types\/post"}],"author":[{"embeddable":true,"href":"https:\/\/blog.holyart.it\/fr\/wp-json\/wp\/v2\/users\/1"}],"replies":[{"embeddable":true,"href":"https:\/\/blog.holyart.it\/fr\/wp-json\/wp\/v2\/comments?post=3699"}],"version-history":[{"count":1,"href":"https:\/\/blog.holyart.it\/fr\/wp-json\/wp\/v2\/posts\/3699\/revisions"}],"predecessor-version":[{"id":8892,"href":"https:\/\/blog.holyart.it\/fr\/wp-json\/wp\/v2\/posts\/3699\/revisions\/8892"}],"wp:featuredmedia":[{"embeddable":true,"href":"https:\/\/blog.holyart.it\/fr\/wp-json\/wp\/v2\/media\/3708"}],"wp:attachment":[{"href":"https:\/\/blog.holyart.it\/fr\/wp-json\/wp\/v2\/media?parent=3699"}],"wp:term":[{"taxonomy":"category","embeddable":true,"href":"https:\/\/blog.holyart.it\/fr\/wp-json\/wp\/v2\/categories?post=3699"},{"taxonomy":"post_tag","embeddable":true,"href":"https:\/\/blog.holyart.it\/fr\/wp-json\/wp\/v2\/tags?post=3699"}],"curies":[{"name":"wp","href":"https:\/\/api.w.org\/{rel}","templated":true}]}}