{"id":359,"date":"2017-04-27T15:50:34","date_gmt":"2017-04-27T13:50:34","guid":{"rendered":"https:\/\/blog.holyart.it\/fr\/?p=359"},"modified":"2017-06-27T15:52:01","modified_gmt":"2017-06-27T13:52:01","slug":"lordre-moniales-carmelites-dechaussees","status":"publish","type":"post","link":"https:\/\/blog.holyart.it\/fr\/monasteres\/lordre-moniales-carmelites-dechaussees\/","title":{"rendered":"L\u2019ordre des moniales Carm\u00e9lites d\u00e9chauss\u00e9es"},"content":{"rendered":"<p>Les <strong>Carm\u00e9lites d\u00e9chauss\u00e9es<\/strong> sont des moniales dont la vie est consacr\u00e9e \u00e0 Dieu par des v\u0153ux solennels. L\u2019ordre nait en 1560 gr\u00e2ce \u00e0 un groupe de moniales recueillies autour de Saint Th\u00e9r\u00e8se de l\u2019Enfant-J\u00e9sus, personnage charismatique, femme et religieuse qui voulut donner une nouvelle vie \u00e0 l\u2019ordre carm\u00e9lite en restaurant les anciennes r\u00e8gles et en r\u00e9formant les choix de vie. Elle s\u2019inspira en partie de la r\u00e9forme mise en place par Pierre d\u2019Alcantara dans l\u2019ordre franciscain.<\/p>\n<p><strong>Les Carm\u00e9lites d\u00e9chauss\u00e9es sont des moniales clo\u00eetr\u00e9es<\/strong> qui se d\u00e9dient principalement \u00e0 la pri\u00e8re contemplative. La spiritualit\u00e9 de l\u2019ordre doit beaucoup \u00e0 la figure de <strong>Marie<\/strong>, de laquelle elle s\u2019inspire en tant qu\u2019exemple de vie en communion et de d\u00e9votion. La vie des Carm\u00e9lites d\u00e9chauss\u00e9es est li\u00e9e \u00e0 des horaires et \u00e0 des actes pr\u00e9cis, qui marquent le temps liturgique et le travail \u00e0 l\u2019int\u00e9rieur du monast\u00e8re, dans le potager, dans le verger. Elles sont tenues \u00e0 maintenir en permanence une ambiance de silence et de pri\u00e8re.<\/p>\n<p>Dans certains monast\u00e8res, les Carm\u00e9lites d\u00e9chauss\u00e9es produisent de <strong>d\u00e9licieuses confitures<\/strong> et d\u2019autres produits issus des potagers et des vergers qu\u2019elles cultivent. Ces produits, vendus dans le magasin du monast\u00e8re ou distribu\u00e9s dans d\u2019autres magasins italiens, contribuent \u00e0 la subsistance et \u00e0 la gestion du monast\u00e8re. Le <strong>choix des mati\u00e8res premi\u00e8res et le travail traditionnel et naturel<\/strong> garantissent pour tous ces produits une excellence prouv\u00e9e et une vaste gamme de parfums afin de satisfaire m\u00eame les palais les plus exigeants.<\/p>\n<p>Les <span style=\"color: #0000ff;\"><strong><a style=\"color: #0000ff;\" href=\"https:\/\/www.holyart.fr\/produits-des-monasteres\/confitures-et-marmelades\">confitures des Carm\u00e9lites d\u00e9chauss\u00e9es<\/a><\/strong><\/span> sont produites avec soin selon d\u2019anciennes recettes. Les fruits sont cueillis, travaill\u00e9s et cuits selon des m\u00e9thodes artisanales pour un r\u00e9sultat savoureux et authentique. Les confitures, les marmelades et les compotes des Carm\u00e9lites d\u00e9chauss\u00e9es sont confectionn\u00e9es selon une m\u00e9thode de travail traditionnelle. Elles sont produites avec responsabilit\u00e9, 100% naturelles, sans aucun additif. Une gourmandise salutaire et authentique qui rappelle des saveurs anciennes et pr\u00e9cieuses.<\/p>\n","protected":false},"excerpt":{"rendered":"<p>Les Carm\u00e9lites d\u00e9chauss\u00e9es sont des moniales dont la vie est consacr\u00e9e \u00e0 Dieu par des v\u0153ux solennels. L\u2019ordre nait en 1560 gr\u00e2ce \u00e0 un groupe de moniales recueillies autour de Saint Th\u00e9r\u00e8se de l\u2019Enfant-J\u00e9sus, personnage charismatique, femme et religieuse qui voulut donner une nouvelle vie&hellip;<\/p>\n","protected":false},"author":1,"featured_media":360,"comment_status":"closed","ping_status":"open","sticky":false,"template":"","format":"standard","meta":{"_acf_changed":false,"footnotes":""},"categories":[11],"tags":[],"class_list":["post-359","post","type-post","status-publish","format-standard","has-post-thumbnail","hentry","category-monasteres"],"acf":[],"yoast_head":"<!-- This site is optimized with the Yoast SEO plugin v26.6 - https:\/\/yoast.com\/wordpress\/plugins\/seo\/ -->\n<title>L\u2019ordre des moniales Carm\u00e9lites d\u00e9chauss\u00e9es - Holyart.fr Blog<\/title>\n<meta name=\"robots\" content=\"index, follow, max-snippet:-1, max-image-preview:large, max-video-preview:-1\" \/>\n<link rel=\"canonical\" href=\"https:\/\/blog.holyart.it\/fr\/monasteres\/lordre-moniales-carmelites-dechaussees\/\" \/>\n<meta property=\"og:locale\" content=\"fr_FR\" \/>\n<meta property=\"og:type\" content=\"article\" \/>\n<meta property=\"og:title\" content=\"L\u2019ordre des moniales Carm\u00e9lites d\u00e9chauss\u00e9es - Holyart.fr Blog\" \/>\n<meta property=\"og:description\" content=\"Les Carm\u00e9lites d\u00e9chauss\u00e9es sont des moniales dont la vie est consacr\u00e9e \u00e0 Dieu par des v\u0153ux solennels. L\u2019ordre nait en 1560 gr\u00e2ce \u00e0 un groupe de moniales recueillies autour de Saint Th\u00e9r\u00e8se de l\u2019Enfant-J\u00e9sus, personnage charismatique, femme et religieuse qui voulut donner une nouvelle vie&hellip;\" \/>\n<meta property=\"og:url\" content=\"https:\/\/blog.holyart.it\/fr\/monasteres\/lordre-moniales-carmelites-dechaussees\/\" \/>\n<meta property=\"og:site_name\" content=\"Holyart.fr Blog\" \/>\n<meta property=\"article:published_time\" content=\"2017-04-27T13:50:34+00:00\" \/>\n<meta property=\"article:modified_time\" content=\"2017-06-27T13:52:01+00:00\" \/>\n<meta property=\"og:image\" content=\"https:\/\/blog.holyart.it\/fr\/wp-content\/uploads\/sites\/14\/2017\/06\/L\u2019ordre-des-moniales-Carm\u00e9lites-d\u00e9chauss\u00e9es.jpg\" \/>\n\t<meta property=\"og:image:width\" content=\"1000\" \/>\n\t<meta property=\"og:image:height\" content=\"667\" \/>\n\t<meta property=\"og:image:type\" content=\"image\/jpeg\" \/>\n<meta name=\"author\" content=\"Redazione\" \/>\n<meta name=\"twitter:card\" content=\"summary_large_image\" \/>\n<meta name=\"twitter:label1\" content=\"\u00c9crit par\" \/>\n\t<meta name=\"twitter:data1\" content=\"Redazione\" \/>\n\t<meta name=\"twitter:label2\" content=\"Dur\u00e9e de lecture estim\u00e9e\" \/>\n\t<meta name=\"twitter:data2\" content=\"2 minutes\" \/>\n<script type=\"application\/ld+json\" class=\"yoast-schema-graph\">{\"@context\":\"https:\/\/schema.org\",\"@graph\":[{\"@type\":\"Article\",\"@id\":\"https:\/\/blog.holyart.it\/fr\/monasteres\/lordre-moniales-carmelites-dechaussees\/#article\",\"isPartOf\":{\"@id\":\"https:\/\/blog.holyart.it\/fr\/monasteres\/lordre-moniales-carmelites-dechaussees\/\"},\"author\":{\"name\":\"Redazione\",\"@id\":\"https:\/\/blog.holyart.it\/fr\/#\/schema\/person\/0a7b686e5af0f856ec1e390dd0baecda\"},\"headline\":\"L\u2019ordre des moniales Carm\u00e9lites d\u00e9chauss\u00e9es\",\"datePublished\":\"2017-04-27T13:50:34+00:00\",\"dateModified\":\"2017-06-27T13:52:01+00:00\",\"mainEntityOfPage\":{\"@id\":\"https:\/\/blog.holyart.it\/fr\/monasteres\/lordre-moniales-carmelites-dechaussees\/\"},\"wordCount\":374,\"publisher\":{\"@id\":\"https:\/\/blog.holyart.it\/fr\/#organization\"},\"image\":{\"@id\":\"https:\/\/blog.holyart.it\/fr\/monasteres\/lordre-moniales-carmelites-dechaussees\/#primaryimage\"},\"thumbnailUrl\":\"https:\/\/blog.holyart.it\/fr\/wp-content\/uploads\/sites\/14\/2017\/06\/L\u2019ordre-des-moniales-Carm\u00e9lites-d\u00e9chauss\u00e9es.jpg\",\"articleSection\":[\"Monast\u00e8res et confr\u00e9ries\"],\"inLanguage\":\"fr-FR\"},{\"@type\":\"WebPage\",\"@id\":\"https:\/\/blog.holyart.it\/fr\/monasteres\/lordre-moniales-carmelites-dechaussees\/\",\"url\":\"https:\/\/blog.holyart.it\/fr\/monasteres\/lordre-moniales-carmelites-dechaussees\/\",\"name\":\"L\u2019ordre des moniales Carm\u00e9lites d\u00e9chauss\u00e9es - Holyart.fr Blog\",\"isPartOf\":{\"@id\":\"https:\/\/blog.holyart.it\/fr\/#website\"},\"primaryImageOfPage\":{\"@id\":\"https:\/\/blog.holyart.it\/fr\/monasteres\/lordre-moniales-carmelites-dechaussees\/#primaryimage\"},\"image\":{\"@id\":\"https:\/\/blog.holyart.it\/fr\/monasteres\/lordre-moniales-carmelites-dechaussees\/#primaryimage\"},\"thumbnailUrl\":\"https:\/\/blog.holyart.it\/fr\/wp-content\/uploads\/sites\/14\/2017\/06\/L\u2019ordre-des-moniales-Carm\u00e9lites-d\u00e9chauss\u00e9es.jpg\",\"datePublished\":\"2017-04-27T13:50:34+00:00\",\"dateModified\":\"2017-06-27T13:52:01+00:00\",\"breadcrumb\":{\"@id\":\"https:\/\/blog.holyart.it\/fr\/monasteres\/lordre-moniales-carmelites-dechaussees\/#breadcrumb\"},\"inLanguage\":\"fr-FR\",\"potentialAction\":[{\"@type\":\"ReadAction\",\"target\":[\"https:\/\/blog.holyart.it\/fr\/monasteres\/lordre-moniales-carmelites-dechaussees\/\"]}]},{\"@type\":\"ImageObject\",\"inLanguage\":\"fr-FR\",\"@id\":\"https:\/\/blog.holyart.it\/fr\/monasteres\/lordre-moniales-carmelites-dechaussees\/#primaryimage\",\"url\":\"https:\/\/blog.holyart.it\/fr\/wp-content\/uploads\/sites\/14\/2017\/06\/L\u2019ordre-des-moniales-Carm\u00e9lites-d\u00e9chauss\u00e9es.jpg\",\"contentUrl\":\"https:\/\/blog.holyart.it\/fr\/wp-content\/uploads\/sites\/14\/2017\/06\/L\u2019ordre-des-moniales-Carm\u00e9lites-d\u00e9chauss\u00e9es.jpg\",\"width\":1000,\"height\":667,\"caption\":\"L\u2019ordre des moniales Carm\u00e9lites d\u00e9chauss\u00e9es\"},{\"@type\":\"BreadcrumbList\",\"@id\":\"https:\/\/blog.holyart.it\/fr\/monasteres\/lordre-moniales-carmelites-dechaussees\/#breadcrumb\",\"itemListElement\":[{\"@type\":\"ListItem\",\"position\":1,\"name\":\"Homepage\",\"item\":\"https:\/\/blog.holyart.it\/fr\/\"},{\"@type\":\"ListItem\",\"position\":2,\"name\":\"Monast\u00e8res et confr\u00e9ries\",\"item\":\"https:\/\/blog.holyart.it\/fr\/monasteres\/\"},{\"@type\":\"ListItem\",\"position\":3,\"name\":\"L\u2019ordre des moniales Carm\u00e9lites d\u00e9chauss\u00e9es\"}]},{\"@type\":\"WebSite\",\"@id\":\"https:\/\/blog.holyart.it\/fr\/#website\",\"url\":\"https:\/\/blog.holyart.it\/fr\/\",\"name\":\"Holyart.fr Blog\",\"description\":\"Holyblog\",\"publisher\":{\"@id\":\"https:\/\/blog.holyart.it\/fr\/#organization\"},\"potentialAction\":[{\"@type\":\"SearchAction\",\"target\":{\"@type\":\"EntryPoint\",\"urlTemplate\":\"https:\/\/blog.holyart.it\/fr\/?s={search_term_string}\"},\"query-input\":{\"@type\":\"PropertyValueSpecification\",\"valueRequired\":true,\"valueName\":\"search_term_string\"}}],\"inLanguage\":\"fr-FR\"},{\"@type\":\"Organization\",\"@id\":\"https:\/\/blog.holyart.it\/fr\/#organization\",\"name\":\"Holyart.fr Blog\",\"url\":\"https:\/\/blog.holyart.it\/fr\/\",\"logo\":{\"@type\":\"ImageObject\",\"inLanguage\":\"fr-FR\",\"@id\":\"https:\/\/blog.holyart.it\/fr\/#\/schema\/logo\/image\/\",\"url\":\"https:\/\/blog.holyart.it\/fr\/wp-content\/uploads\/sites\/14\/2022\/12\/Holyart_Blog_Logo.jpg\",\"contentUrl\":\"https:\/\/blog.holyart.it\/fr\/wp-content\/uploads\/sites\/14\/2022\/12\/Holyart_Blog_Logo.jpg\",\"width\":300,\"height\":50,\"caption\":\"Holyart.fr Blog\"},\"image\":{\"@id\":\"https:\/\/blog.holyart.it\/fr\/#\/schema\/logo\/image\/\"}},{\"@type\":\"Person\",\"@id\":\"https:\/\/blog.holyart.it\/fr\/#\/schema\/person\/0a7b686e5af0f856ec1e390dd0baecda\",\"name\":\"Redazione\",\"image\":{\"@type\":\"ImageObject\",\"inLanguage\":\"fr-FR\",\"@id\":\"https:\/\/blog.holyart.it\/fr\/#\/schema\/person\/image\/\",\"url\":\"https:\/\/secure.gravatar.com\/avatar\/f477da817f43e50d0af36abecd33e3edf826c68299714bdc1057dff3b113f516?s=96&d=mm&r=g\",\"contentUrl\":\"https:\/\/secure.gravatar.com\/avatar\/f477da817f43e50d0af36abecd33e3edf826c68299714bdc1057dff3b113f516?s=96&d=mm&r=g\",\"caption\":\"Redazione\"},\"url\":\"https:\/\/blog.holyart.it\/fr\/author\/admin\/\"}]}<\/script>\n<!-- \/ Yoast SEO plugin. -->","yoast_head_json":{"title":"L\u2019ordre des moniales Carm\u00e9lites d\u00e9chauss\u00e9es - Holyart.fr Blog","robots":{"index":"index","follow":"follow","max-snippet":"max-snippet:-1","max-image-preview":"max-image-preview:large","max-video-preview":"max-video-preview:-1"},"canonical":"https:\/\/blog.holyart.it\/fr\/monasteres\/lordre-moniales-carmelites-dechaussees\/","og_locale":"fr_FR","og_type":"article","og_title":"L\u2019ordre des moniales Carm\u00e9lites d\u00e9chauss\u00e9es - Holyart.fr Blog","og_description":"Les Carm\u00e9lites d\u00e9chauss\u00e9es sont des moniales dont la vie est consacr\u00e9e \u00e0 Dieu par des v\u0153ux solennels. L\u2019ordre nait en 1560 gr\u00e2ce \u00e0 un groupe de moniales recueillies autour de Saint Th\u00e9r\u00e8se de l\u2019Enfant-J\u00e9sus, personnage charismatique, femme et religieuse qui voulut donner une nouvelle vie&hellip;","og_url":"https:\/\/blog.holyart.it\/fr\/monasteres\/lordre-moniales-carmelites-dechaussees\/","og_site_name":"Holyart.fr Blog","article_published_time":"2017-04-27T13:50:34+00:00","article_modified_time":"2017-06-27T13:52:01+00:00","og_image":[{"width":1000,"height":667,"url":"https:\/\/blog.holyart.it\/fr\/wp-content\/uploads\/sites\/14\/2017\/06\/L\u2019ordre-des-moniales-Carm\u00e9lites-d\u00e9chauss\u00e9es.jpg","type":"image\/jpeg"}],"author":"Redazione","twitter_card":"summary_large_image","twitter_misc":{"\u00c9crit par":"Redazione","Dur\u00e9e de lecture estim\u00e9e":"2 minutes"},"schema":{"@context":"https:\/\/schema.org","@graph":[{"@type":"Article","@id":"https:\/\/blog.holyart.it\/fr\/monasteres\/lordre-moniales-carmelites-dechaussees\/#article","isPartOf":{"@id":"https:\/\/blog.holyart.it\/fr\/monasteres\/lordre-moniales-carmelites-dechaussees\/"},"author":{"name":"Redazione","@id":"https:\/\/blog.holyart.it\/fr\/#\/schema\/person\/0a7b686e5af0f856ec1e390dd0baecda"},"headline":"L\u2019ordre des moniales Carm\u00e9lites d\u00e9chauss\u00e9es","datePublished":"2017-04-27T13:50:34+00:00","dateModified":"2017-06-27T13:52:01+00:00","mainEntityOfPage":{"@id":"https:\/\/blog.holyart.it\/fr\/monasteres\/lordre-moniales-carmelites-dechaussees\/"},"wordCount":374,"publisher":{"@id":"https:\/\/blog.holyart.it\/fr\/#organization"},"image":{"@id":"https:\/\/blog.holyart.it\/fr\/monasteres\/lordre-moniales-carmelites-dechaussees\/#primaryimage"},"thumbnailUrl":"https:\/\/blog.holyart.it\/fr\/wp-content\/uploads\/sites\/14\/2017\/06\/L\u2019ordre-des-moniales-Carm\u00e9lites-d\u00e9chauss\u00e9es.jpg","articleSection":["Monast\u00e8res et confr\u00e9ries"],"inLanguage":"fr-FR"},{"@type":"WebPage","@id":"https:\/\/blog.holyart.it\/fr\/monasteres\/lordre-moniales-carmelites-dechaussees\/","url":"https:\/\/blog.holyart.it\/fr\/monasteres\/lordre-moniales-carmelites-dechaussees\/","name":"L\u2019ordre des moniales Carm\u00e9lites d\u00e9chauss\u00e9es - Holyart.fr Blog","isPartOf":{"@id":"https:\/\/blog.holyart.it\/fr\/#website"},"primaryImageOfPage":{"@id":"https:\/\/blog.holyart.it\/fr\/monasteres\/lordre-moniales-carmelites-dechaussees\/#primaryimage"},"image":{"@id":"https:\/\/blog.holyart.it\/fr\/monasteres\/lordre-moniales-carmelites-dechaussees\/#primaryimage"},"thumbnailUrl":"https:\/\/blog.holyart.it\/fr\/wp-content\/uploads\/sites\/14\/2017\/06\/L\u2019ordre-des-moniales-Carm\u00e9lites-d\u00e9chauss\u00e9es.jpg","datePublished":"2017-04-27T13:50:34+00:00","dateModified":"2017-06-27T13:52:01+00:00","breadcrumb":{"@id":"https:\/\/blog.holyart.it\/fr\/monasteres\/lordre-moniales-carmelites-dechaussees\/#breadcrumb"},"inLanguage":"fr-FR","potentialAction":[{"@type":"ReadAction","target":["https:\/\/blog.holyart.it\/fr\/monasteres\/lordre-moniales-carmelites-dechaussees\/"]}]},{"@type":"ImageObject","inLanguage":"fr-FR","@id":"https:\/\/blog.holyart.it\/fr\/monasteres\/lordre-moniales-carmelites-dechaussees\/#primaryimage","url":"https:\/\/blog.holyart.it\/fr\/wp-content\/uploads\/sites\/14\/2017\/06\/L\u2019ordre-des-moniales-Carm\u00e9lites-d\u00e9chauss\u00e9es.jpg","contentUrl":"https:\/\/blog.holyart.it\/fr\/wp-content\/uploads\/sites\/14\/2017\/06\/L\u2019ordre-des-moniales-Carm\u00e9lites-d\u00e9chauss\u00e9es.jpg","width":1000,"height":667,"caption":"L\u2019ordre des moniales Carm\u00e9lites d\u00e9chauss\u00e9es"},{"@type":"BreadcrumbList","@id":"https:\/\/blog.holyart.it\/fr\/monasteres\/lordre-moniales-carmelites-dechaussees\/#breadcrumb","itemListElement":[{"@type":"ListItem","position":1,"name":"Homepage","item":"https:\/\/blog.holyart.it\/fr\/"},{"@type":"ListItem","position":2,"name":"Monast\u00e8res et confr\u00e9ries","item":"https:\/\/blog.holyart.it\/fr\/monasteres\/"},{"@type":"ListItem","position":3,"name":"L\u2019ordre des moniales Carm\u00e9lites d\u00e9chauss\u00e9es"}]},{"@type":"WebSite","@id":"https:\/\/blog.holyart.it\/fr\/#website","url":"https:\/\/blog.holyart.it\/fr\/","name":"Holyart.fr Blog","description":"Holyblog","publisher":{"@id":"https:\/\/blog.holyart.it\/fr\/#organization"},"potentialAction":[{"@type":"SearchAction","target":{"@type":"EntryPoint","urlTemplate":"https:\/\/blog.holyart.it\/fr\/?s={search_term_string}"},"query-input":{"@type":"PropertyValueSpecification","valueRequired":true,"valueName":"search_term_string"}}],"inLanguage":"fr-FR"},{"@type":"Organization","@id":"https:\/\/blog.holyart.it\/fr\/#organization","name":"Holyart.fr Blog","url":"https:\/\/blog.holyart.it\/fr\/","logo":{"@type":"ImageObject","inLanguage":"fr-FR","@id":"https:\/\/blog.holyart.it\/fr\/#\/schema\/logo\/image\/","url":"https:\/\/blog.holyart.it\/fr\/wp-content\/uploads\/sites\/14\/2022\/12\/Holyart_Blog_Logo.jpg","contentUrl":"https:\/\/blog.holyart.it\/fr\/wp-content\/uploads\/sites\/14\/2022\/12\/Holyart_Blog_Logo.jpg","width":300,"height":50,"caption":"Holyart.fr Blog"},"image":{"@id":"https:\/\/blog.holyart.it\/fr\/#\/schema\/logo\/image\/"}},{"@type":"Person","@id":"https:\/\/blog.holyart.it\/fr\/#\/schema\/person\/0a7b686e5af0f856ec1e390dd0baecda","name":"Redazione","image":{"@type":"ImageObject","inLanguage":"fr-FR","@id":"https:\/\/blog.holyart.it\/fr\/#\/schema\/person\/image\/","url":"https:\/\/secure.gravatar.com\/avatar\/f477da817f43e50d0af36abecd33e3edf826c68299714bdc1057dff3b113f516?s=96&d=mm&r=g","contentUrl":"https:\/\/secure.gravatar.com\/avatar\/f477da817f43e50d0af36abecd33e3edf826c68299714bdc1057dff3b113f516?s=96&d=mm&r=g","caption":"Redazione"},"url":"https:\/\/blog.holyart.it\/fr\/author\/admin\/"}]}},"_links":{"self":[{"href":"https:\/\/blog.holyart.it\/fr\/wp-json\/wp\/v2\/posts\/359","targetHints":{"allow":["GET"]}}],"collection":[{"href":"https:\/\/blog.holyart.it\/fr\/wp-json\/wp\/v2\/posts"}],"about":[{"href":"https:\/\/blog.holyart.it\/fr\/wp-json\/wp\/v2\/types\/post"}],"author":[{"embeddable":true,"href":"https:\/\/blog.holyart.it\/fr\/wp-json\/wp\/v2\/users\/1"}],"replies":[{"embeddable":true,"href":"https:\/\/blog.holyart.it\/fr\/wp-json\/wp\/v2\/comments?post=359"}],"version-history":[{"count":0,"href":"https:\/\/blog.holyart.it\/fr\/wp-json\/wp\/v2\/posts\/359\/revisions"}],"wp:featuredmedia":[{"embeddable":true,"href":"https:\/\/blog.holyart.it\/fr\/wp-json\/wp\/v2\/media\/360"}],"wp:attachment":[{"href":"https:\/\/blog.holyart.it\/fr\/wp-json\/wp\/v2\/media?parent=359"}],"wp:term":[{"taxonomy":"category","embeddable":true,"href":"https:\/\/blog.holyart.it\/fr\/wp-json\/wp\/v2\/categories?post=359"},{"taxonomy":"post_tag","embeddable":true,"href":"https:\/\/blog.holyart.it\/fr\/wp-json\/wp\/v2\/tags?post=359"}],"curies":[{"name":"wp","href":"https:\/\/api.w.org\/{rel}","templated":true}]}}