{"id":356,"date":"2017-04-25T15:47:55","date_gmt":"2017-04-25T13:47:55","guid":{"rendered":"https:\/\/blog.holyart.it\/fr\/?p=356"},"modified":"2025-02-12T14:50:52","modified_gmt":"2025-02-12T13:50:52","slug":"cierge-pascal-lumiere-libere-tenebres","status":"publish","type":"post","link":"https:\/\/blog.holyart.it\/fr\/paques\/cierge-pascal-lumiere-libere-tenebres\/","title":{"rendered":"Le cierge pascal: la lumi\u00e8re qui nous lib\u00e8re des t\u00e9n\u00e8bres"},"content":{"rendered":"<p>Le postulat Christ-Lumi\u00e8re est un des plus r\u00e9currents dans la religion chr\u00e9tienne-catholique. Depuis les origines de la <strong>Liturgie<\/strong>, la lumi\u00e8re des lampes et des bougies a \u00e9t\u00e9 utilis\u00e9e comme <strong>symbole de la lumi\u00e8re du Christ ressuscit\u00e9<\/strong>, cette lumi\u00e8re capable de dissiper les t\u00e9n\u00e8bres de la nuit la plus sombre.<\/p>\n<p>Dieu cr\u00e9a comme premi\u00e8re chose la lumi\u00e8re et tout au long de la <span style=\"color: #0000ff;\"><strong><a style=\"color: #0000ff;\" href=\"https:\/\/www.holyart.fr\/articles-religieux\/livres-sacres\/bibles\">Bible<\/a><\/strong><\/span> on souligne comment elle est le signe de la pr\u00e9sence de Dieu, manifestation de sa grandeur.<\/p>\n<p>Mais c\u2019est surtout \u00e0 travers J\u00e9sus que la valeur symbolique de la lumi\u00e8re connait sa cons\u00e9cration.<\/p>\n<p>J\u00e9sus parle de lui-m\u00eame comme de la vraie lumi\u00e8re et de ses disciples comme de la lumi\u00e8re du monde, qui \u00ab\u00a0<em>luise ainsi devant les hommes, afin qu\u2019ils voient vos bonnes \u0153uvres et qu\u2019ils glorifient votre P\u00e8re qui est dans les cieux.<\/em>\u00a0\u00bb (Matthieu 5, 16)<\/p>\n<p>En particulier, le grand <span style=\"color: #0000ff;\"><a style=\"color: #0000ff;\" href=\"https:\/\/www.holyart.fr\/produits-de-consommation\/bougies-cierges-chandelles\"><strong>cierge<\/strong> <strong>pascal<\/strong><\/a><\/span> qui est allum\u00e9 \u00e0 l\u2019occasion de la Veill\u00e9e de P\u00e2ques, pour \u00eatre plac\u00e9 dans le baptist\u00e8re et port\u00e9 en procession solennelle, poss\u00e8de en soi une valeur symbolique tr\u00e8s forte.<\/p>\n<p>Dans l\u2019obscurit\u00e9 qui caract\u00e9rise la veill\u00e9e de P\u00e2ques, le <strong>cierge<\/strong> <strong>pascal<\/strong> est allum\u00e9 par le pr\u00eatre afin d\u2019\u00e9clairer le sombre ab\u00eeme dans lequel vaguent les hommes, priv\u00e9s de la lumi\u00e8re de l\u2019espoir, de la nouvelle vie. Il suffit de cette faible petite flamme pour faire rena\u00eetre l\u2019espoir, pour rallumer chez chacun l\u2019\u00e9tincelle de la Foi. \u00c0 la lueur b\u00e9nite du cierge les fid\u00e8les se red\u00e9couvrent <strong>fils de la lumi\u00e8re<\/strong>, en communion avec Dieu et avec les autres fr\u00e8res. La lumi\u00e8re des bougies, et en particulier celle du cierge pascal, inspire tous les participants avec la splendeur du Christ qui ressuscite des t\u00e9n\u00e8bres de la mort et vainc le mal.<\/p>\n<p>La nuit n\u2019est plus sombre, mais \u00e9clair\u00e9e par la pr\u00e9sence du Christ et elle se remplit de chants de joie et d\u2019espoir. <strong>Chaque faute est lav\u00e9e, chaque p\u00e9ch\u00e9 pardonn\u00e9 dans une renaissance commune<\/strong>.<\/p>\n<p>Le cierge pascal sera au centre de toutes les c\u00e9l\u00e9brations pour les cinquante jours de P\u00e2ques. Il se consommera, comme J\u00e9sus s\u2019est consomm\u00e9 devant Dieu, pour amour des hommes, en s\u2019immolant compl\u00e8tement. Son sacrifice se renouv\u00e8le chaque ann\u00e9e par ce <strong>symbole de salut et de r\u00e9demption<\/strong> qui br\u00fble, dont la fum\u00e9e, en montant au ciel, rappelle l\u2019ascension de Celui qui, revenu de la mort, apporte lumi\u00e8re et paix aux hommes jusqu\u2019\u00e0 la fin des temps.<\/p>\n","protected":false},"excerpt":{"rendered":"<p>Le postulat Christ-Lumi\u00e8re est un des plus r\u00e9currents dans la religion chr\u00e9tienne-catholique. Depuis les origines de la Liturgie, la lumi\u00e8re des lampes et des bougies a \u00e9t\u00e9 utilis\u00e9e comme symbole de la lumi\u00e8re du Christ ressuscit\u00e9, cette lumi\u00e8re capable de dissiper les t\u00e9n\u00e8bres de la&hellip;<\/p>\n","protected":false},"author":1,"featured_media":357,"comment_status":"closed","ping_status":"open","sticky":false,"template":"","format":"standard","meta":{"_acf_changed":false,"footnotes":""},"categories":[4,14],"tags":[],"class_list":["post-356","post","type-post","status-publish","format-standard","has-post-thumbnail","hentry","category-accessoires-pour-la-liturgie","category-paques"],"acf":[],"yoast_head":"<!-- This site is optimized with the Yoast SEO plugin v26.6 - https:\/\/yoast.com\/wordpress\/plugins\/seo\/ -->\n<title>Le cierge pascal: la lumi\u00e8re qui nous lib\u00e8re des t\u00e9n\u00e8bres<\/title>\n<meta name=\"description\" content=\"Le cierge pascal qui est allum\u00e9 \u00e0 l\u2019occasion de la Veill\u00e9e de P\u00e2ques, pour \u00eatre plac\u00e9 dans le baptist\u00e8re et port\u00e9 en procession solennelle...\" \/>\n<meta name=\"robots\" content=\"index, follow, max-snippet:-1, max-image-preview:large, max-video-preview:-1\" \/>\n<link rel=\"canonical\" href=\"https:\/\/blog.holyart.it\/fr\/paques\/cierge-pascal-lumiere-libere-tenebres\/\" \/>\n<meta property=\"og:locale\" content=\"fr_FR\" \/>\n<meta property=\"og:type\" content=\"article\" \/>\n<meta property=\"og:title\" content=\"Le cierge pascal: la lumi\u00e8re qui nous lib\u00e8re des t\u00e9n\u00e8bres\" \/>\n<meta property=\"og:description\" content=\"Le cierge pascal qui est allum\u00e9 \u00e0 l\u2019occasion de la Veill\u00e9e de P\u00e2ques, pour \u00eatre plac\u00e9 dans le baptist\u00e8re et port\u00e9 en procession solennelle...\" \/>\n<meta property=\"og:url\" content=\"https:\/\/blog.holyart.it\/fr\/paques\/cierge-pascal-lumiere-libere-tenebres\/\" \/>\n<meta property=\"og:site_name\" content=\"Holyart.fr Blog\" \/>\n<meta property=\"article:published_time\" content=\"2017-04-25T13:47:55+00:00\" \/>\n<meta property=\"article:modified_time\" content=\"2025-02-12T13:50:52+00:00\" \/>\n<meta property=\"og:image\" content=\"https:\/\/blog.holyart.it\/fr\/wp-content\/uploads\/sites\/14\/2017\/06\/Le-cierge-pascal.jpg\" \/>\n\t<meta property=\"og:image:width\" content=\"1000\" \/>\n\t<meta property=\"og:image:height\" content=\"667\" \/>\n\t<meta property=\"og:image:type\" content=\"image\/jpeg\" \/>\n<meta name=\"author\" content=\"Redazione\" \/>\n<meta name=\"twitter:card\" content=\"summary_large_image\" \/>\n<meta name=\"twitter:label1\" content=\"\u00c9crit par\" \/>\n\t<meta name=\"twitter:data1\" content=\"Redazione\" \/>\n\t<meta name=\"twitter:label2\" content=\"Dur\u00e9e de lecture estim\u00e9e\" \/>\n\t<meta name=\"twitter:data2\" content=\"3 minutes\" \/>\n<script type=\"application\/ld+json\" class=\"yoast-schema-graph\">{\"@context\":\"https:\/\/schema.org\",\"@graph\":[{\"@type\":\"Article\",\"@id\":\"https:\/\/blog.holyart.it\/fr\/paques\/cierge-pascal-lumiere-libere-tenebres\/#article\",\"isPartOf\":{\"@id\":\"https:\/\/blog.holyart.it\/fr\/paques\/cierge-pascal-lumiere-libere-tenebres\/\"},\"author\":{\"name\":\"Redazione\",\"@id\":\"https:\/\/blog.holyart.it\/fr\/#\/schema\/person\/0a7b686e5af0f856ec1e390dd0baecda\"},\"headline\":\"Le cierge pascal: la lumi\u00e8re qui nous lib\u00e8re des t\u00e9n\u00e8bres\",\"datePublished\":\"2017-04-25T13:47:55+00:00\",\"dateModified\":\"2025-02-12T13:50:52+00:00\",\"mainEntityOfPage\":{\"@id\":\"https:\/\/blog.holyart.it\/fr\/paques\/cierge-pascal-lumiere-libere-tenebres\/\"},\"wordCount\":471,\"publisher\":{\"@id\":\"https:\/\/blog.holyart.it\/fr\/#organization\"},\"image\":{\"@id\":\"https:\/\/blog.holyart.it\/fr\/paques\/cierge-pascal-lumiere-libere-tenebres\/#primaryimage\"},\"thumbnailUrl\":\"https:\/\/blog.holyart.it\/fr\/wp-content\/uploads\/sites\/14\/2017\/06\/Le-cierge-pascal.jpg\",\"articleSection\":[\"Liturgie\",\"P\u00e2ques\"],\"inLanguage\":\"fr-FR\"},{\"@type\":\"WebPage\",\"@id\":\"https:\/\/blog.holyart.it\/fr\/paques\/cierge-pascal-lumiere-libere-tenebres\/\",\"url\":\"https:\/\/blog.holyart.it\/fr\/paques\/cierge-pascal-lumiere-libere-tenebres\/\",\"name\":\"Le cierge pascal: la lumi\u00e8re qui nous lib\u00e8re des t\u00e9n\u00e8bres\",\"isPartOf\":{\"@id\":\"https:\/\/blog.holyart.it\/fr\/#website\"},\"primaryImageOfPage\":{\"@id\":\"https:\/\/blog.holyart.it\/fr\/paques\/cierge-pascal-lumiere-libere-tenebres\/#primaryimage\"},\"image\":{\"@id\":\"https:\/\/blog.holyart.it\/fr\/paques\/cierge-pascal-lumiere-libere-tenebres\/#primaryimage\"},\"thumbnailUrl\":\"https:\/\/blog.holyart.it\/fr\/wp-content\/uploads\/sites\/14\/2017\/06\/Le-cierge-pascal.jpg\",\"datePublished\":\"2017-04-25T13:47:55+00:00\",\"dateModified\":\"2025-02-12T13:50:52+00:00\",\"description\":\"Le cierge pascal qui est allum\u00e9 \u00e0 l\u2019occasion de la Veill\u00e9e de P\u00e2ques, pour \u00eatre plac\u00e9 dans le baptist\u00e8re et port\u00e9 en procession solennelle...\",\"breadcrumb\":{\"@id\":\"https:\/\/blog.holyart.it\/fr\/paques\/cierge-pascal-lumiere-libere-tenebres\/#breadcrumb\"},\"inLanguage\":\"fr-FR\",\"potentialAction\":[{\"@type\":\"ReadAction\",\"target\":[\"https:\/\/blog.holyart.it\/fr\/paques\/cierge-pascal-lumiere-libere-tenebres\/\"]}]},{\"@type\":\"ImageObject\",\"inLanguage\":\"fr-FR\",\"@id\":\"https:\/\/blog.holyart.it\/fr\/paques\/cierge-pascal-lumiere-libere-tenebres\/#primaryimage\",\"url\":\"https:\/\/blog.holyart.it\/fr\/wp-content\/uploads\/sites\/14\/2017\/06\/Le-cierge-pascal.jpg\",\"contentUrl\":\"https:\/\/blog.holyart.it\/fr\/wp-content\/uploads\/sites\/14\/2017\/06\/Le-cierge-pascal.jpg\",\"width\":1000,\"height\":667,\"caption\":\"Le cierge pascal\"},{\"@type\":\"BreadcrumbList\",\"@id\":\"https:\/\/blog.holyart.it\/fr\/paques\/cierge-pascal-lumiere-libere-tenebres\/#breadcrumb\",\"itemListElement\":[{\"@type\":\"ListItem\",\"position\":1,\"name\":\"Homepage\",\"item\":\"https:\/\/blog.holyart.it\/fr\/\"},{\"@type\":\"ListItem\",\"position\":2,\"name\":\"P\u00e2ques\",\"item\":\"https:\/\/blog.holyart.it\/fr\/paques\/\"},{\"@type\":\"ListItem\",\"position\":3,\"name\":\"Le cierge pascal: la lumi\u00e8re qui nous lib\u00e8re des t\u00e9n\u00e8bres\"}]},{\"@type\":\"WebSite\",\"@id\":\"https:\/\/blog.holyart.it\/fr\/#website\",\"url\":\"https:\/\/blog.holyart.it\/fr\/\",\"name\":\"Holyart.fr Blog\",\"description\":\"Holyblog\",\"publisher\":{\"@id\":\"https:\/\/blog.holyart.it\/fr\/#organization\"},\"potentialAction\":[{\"@type\":\"SearchAction\",\"target\":{\"@type\":\"EntryPoint\",\"urlTemplate\":\"https:\/\/blog.holyart.it\/fr\/?s={search_term_string}\"},\"query-input\":{\"@type\":\"PropertyValueSpecification\",\"valueRequired\":true,\"valueName\":\"search_term_string\"}}],\"inLanguage\":\"fr-FR\"},{\"@type\":\"Organization\",\"@id\":\"https:\/\/blog.holyart.it\/fr\/#organization\",\"name\":\"Holyart.fr Blog\",\"url\":\"https:\/\/blog.holyart.it\/fr\/\",\"logo\":{\"@type\":\"ImageObject\",\"inLanguage\":\"fr-FR\",\"@id\":\"https:\/\/blog.holyart.it\/fr\/#\/schema\/logo\/image\/\",\"url\":\"https:\/\/blog.holyart.it\/fr\/wp-content\/uploads\/sites\/14\/2022\/12\/Holyart_Blog_Logo.jpg\",\"contentUrl\":\"https:\/\/blog.holyart.it\/fr\/wp-content\/uploads\/sites\/14\/2022\/12\/Holyart_Blog_Logo.jpg\",\"width\":300,\"height\":50,\"caption\":\"Holyart.fr Blog\"},\"image\":{\"@id\":\"https:\/\/blog.holyart.it\/fr\/#\/schema\/logo\/image\/\"}},{\"@type\":\"Person\",\"@id\":\"https:\/\/blog.holyart.it\/fr\/#\/schema\/person\/0a7b686e5af0f856ec1e390dd0baecda\",\"name\":\"Redazione\",\"image\":{\"@type\":\"ImageObject\",\"inLanguage\":\"fr-FR\",\"@id\":\"https:\/\/blog.holyart.it\/fr\/#\/schema\/person\/image\/\",\"url\":\"https:\/\/secure.gravatar.com\/avatar\/f477da817f43e50d0af36abecd33e3edf826c68299714bdc1057dff3b113f516?s=96&d=mm&r=g\",\"contentUrl\":\"https:\/\/secure.gravatar.com\/avatar\/f477da817f43e50d0af36abecd33e3edf826c68299714bdc1057dff3b113f516?s=96&d=mm&r=g\",\"caption\":\"Redazione\"},\"url\":\"https:\/\/blog.holyart.it\/fr\/author\/admin\/\"}]}<\/script>\n<!-- \/ Yoast SEO plugin. -->","yoast_head_json":{"title":"Le cierge pascal: la lumi\u00e8re qui nous lib\u00e8re des t\u00e9n\u00e8bres","description":"Le cierge pascal qui est allum\u00e9 \u00e0 l\u2019occasion de la Veill\u00e9e de P\u00e2ques, pour \u00eatre plac\u00e9 dans le baptist\u00e8re et port\u00e9 en procession solennelle...","robots":{"index":"index","follow":"follow","max-snippet":"max-snippet:-1","max-image-preview":"max-image-preview:large","max-video-preview":"max-video-preview:-1"},"canonical":"https:\/\/blog.holyart.it\/fr\/paques\/cierge-pascal-lumiere-libere-tenebres\/","og_locale":"fr_FR","og_type":"article","og_title":"Le cierge pascal: la lumi\u00e8re qui nous lib\u00e8re des t\u00e9n\u00e8bres","og_description":"Le cierge pascal qui est allum\u00e9 \u00e0 l\u2019occasion de la Veill\u00e9e de P\u00e2ques, pour \u00eatre plac\u00e9 dans le baptist\u00e8re et port\u00e9 en procession solennelle...","og_url":"https:\/\/blog.holyart.it\/fr\/paques\/cierge-pascal-lumiere-libere-tenebres\/","og_site_name":"Holyart.fr Blog","article_published_time":"2017-04-25T13:47:55+00:00","article_modified_time":"2025-02-12T13:50:52+00:00","og_image":[{"width":1000,"height":667,"url":"https:\/\/blog.holyart.it\/fr\/wp-content\/uploads\/sites\/14\/2017\/06\/Le-cierge-pascal.jpg","type":"image\/jpeg"}],"author":"Redazione","twitter_card":"summary_large_image","twitter_misc":{"\u00c9crit par":"Redazione","Dur\u00e9e de lecture estim\u00e9e":"3 minutes"},"schema":{"@context":"https:\/\/schema.org","@graph":[{"@type":"Article","@id":"https:\/\/blog.holyart.it\/fr\/paques\/cierge-pascal-lumiere-libere-tenebres\/#article","isPartOf":{"@id":"https:\/\/blog.holyart.it\/fr\/paques\/cierge-pascal-lumiere-libere-tenebres\/"},"author":{"name":"Redazione","@id":"https:\/\/blog.holyart.it\/fr\/#\/schema\/person\/0a7b686e5af0f856ec1e390dd0baecda"},"headline":"Le cierge pascal: la lumi\u00e8re qui nous lib\u00e8re des t\u00e9n\u00e8bres","datePublished":"2017-04-25T13:47:55+00:00","dateModified":"2025-02-12T13:50:52+00:00","mainEntityOfPage":{"@id":"https:\/\/blog.holyart.it\/fr\/paques\/cierge-pascal-lumiere-libere-tenebres\/"},"wordCount":471,"publisher":{"@id":"https:\/\/blog.holyart.it\/fr\/#organization"},"image":{"@id":"https:\/\/blog.holyart.it\/fr\/paques\/cierge-pascal-lumiere-libere-tenebres\/#primaryimage"},"thumbnailUrl":"https:\/\/blog.holyart.it\/fr\/wp-content\/uploads\/sites\/14\/2017\/06\/Le-cierge-pascal.jpg","articleSection":["Liturgie","P\u00e2ques"],"inLanguage":"fr-FR"},{"@type":"WebPage","@id":"https:\/\/blog.holyart.it\/fr\/paques\/cierge-pascal-lumiere-libere-tenebres\/","url":"https:\/\/blog.holyart.it\/fr\/paques\/cierge-pascal-lumiere-libere-tenebres\/","name":"Le cierge pascal: la lumi\u00e8re qui nous lib\u00e8re des t\u00e9n\u00e8bres","isPartOf":{"@id":"https:\/\/blog.holyart.it\/fr\/#website"},"primaryImageOfPage":{"@id":"https:\/\/blog.holyart.it\/fr\/paques\/cierge-pascal-lumiere-libere-tenebres\/#primaryimage"},"image":{"@id":"https:\/\/blog.holyart.it\/fr\/paques\/cierge-pascal-lumiere-libere-tenebres\/#primaryimage"},"thumbnailUrl":"https:\/\/blog.holyart.it\/fr\/wp-content\/uploads\/sites\/14\/2017\/06\/Le-cierge-pascal.jpg","datePublished":"2017-04-25T13:47:55+00:00","dateModified":"2025-02-12T13:50:52+00:00","description":"Le cierge pascal qui est allum\u00e9 \u00e0 l\u2019occasion de la Veill\u00e9e de P\u00e2ques, pour \u00eatre plac\u00e9 dans le baptist\u00e8re et port\u00e9 en procession solennelle...","breadcrumb":{"@id":"https:\/\/blog.holyart.it\/fr\/paques\/cierge-pascal-lumiere-libere-tenebres\/#breadcrumb"},"inLanguage":"fr-FR","potentialAction":[{"@type":"ReadAction","target":["https:\/\/blog.holyart.it\/fr\/paques\/cierge-pascal-lumiere-libere-tenebres\/"]}]},{"@type":"ImageObject","inLanguage":"fr-FR","@id":"https:\/\/blog.holyart.it\/fr\/paques\/cierge-pascal-lumiere-libere-tenebres\/#primaryimage","url":"https:\/\/blog.holyart.it\/fr\/wp-content\/uploads\/sites\/14\/2017\/06\/Le-cierge-pascal.jpg","contentUrl":"https:\/\/blog.holyart.it\/fr\/wp-content\/uploads\/sites\/14\/2017\/06\/Le-cierge-pascal.jpg","width":1000,"height":667,"caption":"Le cierge pascal"},{"@type":"BreadcrumbList","@id":"https:\/\/blog.holyart.it\/fr\/paques\/cierge-pascal-lumiere-libere-tenebres\/#breadcrumb","itemListElement":[{"@type":"ListItem","position":1,"name":"Homepage","item":"https:\/\/blog.holyart.it\/fr\/"},{"@type":"ListItem","position":2,"name":"P\u00e2ques","item":"https:\/\/blog.holyart.it\/fr\/paques\/"},{"@type":"ListItem","position":3,"name":"Le cierge pascal: la lumi\u00e8re qui nous lib\u00e8re des t\u00e9n\u00e8bres"}]},{"@type":"WebSite","@id":"https:\/\/blog.holyart.it\/fr\/#website","url":"https:\/\/blog.holyart.it\/fr\/","name":"Holyart.fr Blog","description":"Holyblog","publisher":{"@id":"https:\/\/blog.holyart.it\/fr\/#organization"},"potentialAction":[{"@type":"SearchAction","target":{"@type":"EntryPoint","urlTemplate":"https:\/\/blog.holyart.it\/fr\/?s={search_term_string}"},"query-input":{"@type":"PropertyValueSpecification","valueRequired":true,"valueName":"search_term_string"}}],"inLanguage":"fr-FR"},{"@type":"Organization","@id":"https:\/\/blog.holyart.it\/fr\/#organization","name":"Holyart.fr Blog","url":"https:\/\/blog.holyart.it\/fr\/","logo":{"@type":"ImageObject","inLanguage":"fr-FR","@id":"https:\/\/blog.holyart.it\/fr\/#\/schema\/logo\/image\/","url":"https:\/\/blog.holyart.it\/fr\/wp-content\/uploads\/sites\/14\/2022\/12\/Holyart_Blog_Logo.jpg","contentUrl":"https:\/\/blog.holyart.it\/fr\/wp-content\/uploads\/sites\/14\/2022\/12\/Holyart_Blog_Logo.jpg","width":300,"height":50,"caption":"Holyart.fr Blog"},"image":{"@id":"https:\/\/blog.holyart.it\/fr\/#\/schema\/logo\/image\/"}},{"@type":"Person","@id":"https:\/\/blog.holyart.it\/fr\/#\/schema\/person\/0a7b686e5af0f856ec1e390dd0baecda","name":"Redazione","image":{"@type":"ImageObject","inLanguage":"fr-FR","@id":"https:\/\/blog.holyart.it\/fr\/#\/schema\/person\/image\/","url":"https:\/\/secure.gravatar.com\/avatar\/f477da817f43e50d0af36abecd33e3edf826c68299714bdc1057dff3b113f516?s=96&d=mm&r=g","contentUrl":"https:\/\/secure.gravatar.com\/avatar\/f477da817f43e50d0af36abecd33e3edf826c68299714bdc1057dff3b113f516?s=96&d=mm&r=g","caption":"Redazione"},"url":"https:\/\/blog.holyart.it\/fr\/author\/admin\/"}]}},"_links":{"self":[{"href":"https:\/\/blog.holyart.it\/fr\/wp-json\/wp\/v2\/posts\/356","targetHints":{"allow":["GET"]}}],"collection":[{"href":"https:\/\/blog.holyart.it\/fr\/wp-json\/wp\/v2\/posts"}],"about":[{"href":"https:\/\/blog.holyart.it\/fr\/wp-json\/wp\/v2\/types\/post"}],"author":[{"embeddable":true,"href":"https:\/\/blog.holyart.it\/fr\/wp-json\/wp\/v2\/users\/1"}],"replies":[{"embeddable":true,"href":"https:\/\/blog.holyart.it\/fr\/wp-json\/wp\/v2\/comments?post=356"}],"version-history":[{"count":1,"href":"https:\/\/blog.holyart.it\/fr\/wp-json\/wp\/v2\/posts\/356\/revisions"}],"predecessor-version":[{"id":9850,"href":"https:\/\/blog.holyart.it\/fr\/wp-json\/wp\/v2\/posts\/356\/revisions\/9850"}],"wp:featuredmedia":[{"embeddable":true,"href":"https:\/\/blog.holyart.it\/fr\/wp-json\/wp\/v2\/media\/357"}],"wp:attachment":[{"href":"https:\/\/blog.holyart.it\/fr\/wp-json\/wp\/v2\/media?parent=356"}],"wp:term":[{"taxonomy":"category","embeddable":true,"href":"https:\/\/blog.holyart.it\/fr\/wp-json\/wp\/v2\/categories?post=356"},{"taxonomy":"post_tag","embeddable":true,"href":"https:\/\/blog.holyart.it\/fr\/wp-json\/wp\/v2\/tags?post=356"}],"curies":[{"name":"wp","href":"https:\/\/api.w.org\/{rel}","templated":true}]}}