{"id":3494,"date":"2021-10-12T10:00:54","date_gmt":"2021-10-12T08:00:54","guid":{"rendered":"https:\/\/blog.holyart.it\/fr\/?p=3494"},"modified":"2025-05-21T17:49:22","modified_gmt":"2025-05-21T15:49:22","slug":"les-tombes-des-papes-et-tout-ce-quil-faut-savoir","status":"publish","type":"post","link":"https:\/\/blog.holyart.it\/fr\/articles-religieux\/les-tombes-des-papes-et-tout-ce-quil-faut-savoir\/","title":{"rendered":"Les tombes des papes et tout ce qu\u2019il faut savoir"},"content":{"rendered":"<h4>O\u00f9 se trouvent les tombes des papes ? D\u00e9couvrons o\u00f9 sont enterr\u00e9s depuis des si\u00e8cles les souverains pontifes et comment a lieu leur enterrement<\/h4>\n<p>O\u00f9 sont enterr\u00e9s les papes ? Une question banale, peut-\u00eatre, mais qui referme une signification profonde, strictement li\u00e9e \u00e0 la nature m\u00eame de la figure du pontife.<\/p>\n<p>Commen\u00e7ons par dire que tous les papes ne sont pas enterr\u00e9s au m\u00eame endroit, bien que la plupart d\u2019entre eux aient choisi comme derni\u00e8re demeure les <strong>Grottes Vaticanes<\/strong>, sous la Basilique de Saint Pierre. Le choix a son sens, si nous consid\u00e9rons que c\u2019est justement sous la Basilique qui gisent les restes du premier Pape,<a href=\"https:\/\/www.holyart.fr\/articles-religieux\/statues\/statues-en-platre\/saint-pierre-statue-platre-30-cm-peint-main-arte-barsanti\"><strong> fondateur de l\u2019\u00c9glise : Saint Pierre<\/strong><\/a>.<\/p>\n<p>La <a href=\"https:\/\/www.holyart.fr\/blog\/articles-religieux\/la-tombe-de-saint-pierre-et-son-incroyable-decouverte\/\"><strong>tombe de Saint Pierre<\/strong><\/a> a en effet \u00e9t\u00e9 d\u00e9couverte justement sous l\u2019autel majeur de la Basilique portant son nom, gr\u00e2ce \u00e0 une s\u00e9rie de fouilles men\u00e9es \u00e0 partir de 1939, qui ont permis de reconstruire comment et quand, au cours des si\u00e8cles, les restes du Saint ont \u00e9t\u00e9 honor\u00e9s et conserv\u00e9s comme un tr\u00e9sor inestimable.<\/p>\n<p>Les Grottes Vaticanes ne sont pas vraiment des grottes, mais une sorte d\u2019\u00e9glise sous l\u2019\u00e9glise. En effet, elles s\u2019\u00e9tendent trois m\u00e8tres sous le plancher de Saint Pierre, sur une longueur comprenant l\u2019autel majeur et qui atteint environ le milieu de la nef. En pratique, il s\u2019agit d\u2019un espace vide qui s\u00e9pare la basilique primitive voulue par Constantin au VI si\u00e8cle et l\u2019actuelle. Ici, dans un syst\u00e8me de couloirs et de niches, qui composent le plan d\u2019une \u00e9glise \u00e0 trois nefs (<em>Grottes anciennes<\/em>), s\u2019ouvrent des nombreuses chapelles accueillant les tombes des papes (<em>Grottes nouvelles<\/em>), dont la plupart sont d\u00e9cor\u00e9es de monuments fun\u00e9raires, bien que certains papes aient express\u00e9ment demand\u00e9 d\u2019avoir comme seul signe distinctif sur leur tombe une plaque avec leur nom grav\u00e9 dessus. Le dernier \u00e0 avancer cette requ\u00eate a \u00e9t\u00e9 <a href=\"https:\/\/www.holyart.fr\/occasions-speciales\/jean-paul-ii\"><strong>Jean-Paul II<\/strong><\/a>. Juste au centre du complexe des <em>Grottes nouvelles<\/em> surgit la <strong>chapelle de Saint Pierre<\/strong>, plac\u00e9e sous l\u2019autel majeur et la coupole de Michel-Ange de la Basilique situ\u00e9e au-dessus.<\/p>\n<div class=\"link-article\">\n<p><img loading=\"lazy\" decoding=\"async\" class=\"size-full wp-image-3496 alignleft\" src=\"https:\/\/blog.holyart.it\/fr\/wp-content\/uploads\/sites\/14\/2021\/10\/tombe-de-Saint-Pierre.jpeg\" alt=\"tombe de saint pierre\" width=\"150\" height=\"100\" data-kale-share-title=\"Les tombes des papes et tout ce qu\u2019il faut savoir\" data-kale-share-url=\"https:\/\/blog.holyart.it\/fr\/?p=3494\" \/><\/p>\n<div class=\"leggi-anche\">Lire aussi :<\/div>\n<p><strong><a href=\"https:\/\/www.holyart.fr\/blog\/articles-religieux\/la-tombe-de-saint-pierre-et-son-incroyable-decouverte\/\">La tombe de Saint Pierre et son incroyable d\u00e9couverte<\/a><\/strong><br \/>\nLa tombe de Saint Pierre \u00e0 Rome est consid\u00e9r\u00e9e depuis toujours comme un des lieux sacr\u00e9s de la chr\u00e9tient\u00e9 par excellence&#8230;<\/p>\n<\/div>\n<p>Nous parlions des \u0153uvres d\u2019art qui d\u00e9corent les tombes des papes dans les Grottes vaticanes. \u00c0 de nombreuses p\u00e9riodes de l\u2019histoire, \u00eatre enterr\u00e9 dans ce lieu \u00e9tait consid\u00e9r\u00e9 comme un honneur auquel aspirait tous les pontifes, mais pas seulement. En effet, dans les Grottes gisent \u00e9galement des hommes et des femmes qui se sont distingu\u00e9s par leur importance et leur valeur morale, y compris deux reines. Malgr\u00e9 cela, dans le pass\u00e9 aussi certains papes pr\u00e9f\u00e9r\u00e8rent \u00eatre enterr\u00e9s ailleurs. Par exemple, \u00e0 <strong>Saint-Jean-de-Latran<\/strong>, qui fut une n\u00e9cropole d\u00e9di\u00e9e \u00e0 de nombreux papes m\u00e9di\u00e9vaux pendant quasi la totalit\u00e9 du XII si\u00e8cle et qui accueille, entre autres, les restes de L\u00e9on XIII, tandis que Pie IX repose dans la basilique <strong>Saint-Laurent-hors-les-Murs<\/strong>.<\/p>\n<h2>Comment sont enterr\u00e9s les papes ?<\/h2>\n<p>Comme on peut logiquement s\u2019y attendre pour une figure si importante, la mort et l\u2019enterrement d\u2019un pape sont r\u00e9gl\u00e9s par toute une s\u00e9rie de traditions et de rituels codifi\u00e9s au cours du temps. Tout d\u2019abord, la mort du pontife doit \u00eatre v\u00e9rifi\u00e9e officiellement par le <strong>camerlingue<\/strong>, le cardinal charg\u00e9 d\u2019administrer les finances du Saint Si\u00e8ge et de pr\u00e9sider le si\u00e8ge m\u00eame lorsqu\u2019il est vacant. La reconnaissance doit avoir lieu en pr\u00e9sence du <strong>ma\u00eetre des c\u00e9l\u00e9brations liturgiques<\/strong> et du <strong>secr\u00e9taire<\/strong> et <strong>chancelier<\/strong> <strong>de<\/strong> <strong>la<\/strong> <strong>Chambre<\/strong> <strong>apostolique<\/strong>.<\/p>\n<p>Le camerlingue, encore lui, appose les <strong>scell\u00e9s aux chambres du pape<\/strong>. Le <strong>vicaire de Rome<\/strong> s\u2019occupe par contre de faire connaitre la nouvelle \u00e0 la ville et au monde. C\u2019est seulement \u00e0 ce moment-l\u00e0 que la <strong>porte majeure<\/strong> <strong>de la Basilique de Saint Pierre<\/strong> est entrouverte et les <strong>cloches<\/strong> sonnent.<\/p>\n<div class=\"link-article\">\n<p><img loading=\"lazy\" decoding=\"async\" class=\"size-full wp-image-3497 alignleft\" src=\"https:\/\/blog.holyart.it\/fr\/wp-content\/uploads\/sites\/14\/2021\/10\/Baldaquin-de-Saint-Pierre.jpg\" alt=\"Baldaquin de Saint Pierre\" width=\"150\" height=\"97\" data-kale-share-title=\"Les tombes des papes et tout ce qu\u2019il faut savoir\" data-kale-share-url=\"https:\/\/blog.holyart.it\/fr\/?p=3494\" \/><\/p>\n<div class=\"leggi-anche\">Lire aussi :<\/div>\n<p><strong><a href=\"https:\/\/www.holyart.fr\/blog\/articles-religieux\/histoire-du-baldaquin-de-saint-pierre\/\">Histoire du Baldaquin de Saint Pierre<\/a><\/strong><br \/>\nLe Baldaquin de Saint Pierre est un des monuments les plus spectaculaires qui puissent \u00eatre admir\u00e9s \u00e0 l\u2019int\u00e9rieur de la Basilique de Saint Pierre&#8230;<\/p>\n<\/div>\n<p>\u00c0 ce moment-l\u00e0, commencent les rites fun\u00e9raires proprement dits. La d\u00e9pouille est habill\u00e9e avec les <strong>v\u00eatements d\u2019apparat pontificaux<\/strong> : la mitre blanche, la chasuble rouge, le pallium de laine blanche avec croix noires. Ainsi compos\u00e9e, elle est <strong>expos\u00e9e pour l\u2019hommage des fid\u00e8les<\/strong> dans la Basilique de Saint Pierre pendant trois jours. Pendant neuf jours les cardinaux c\u00e9l\u00e8brent les <strong>Novendiales<\/strong>, les obs\u00e8ques en suffrage de l\u2019\u00e2me du pape et s\u2019occupent de casser l\u2019<strong>anneau du p\u00eacheur<\/strong>, un des insignes que le pape re\u00e7oit au d\u00e9but de son pontificat et qu\u2019il porte \u00e0 l\u2019annulaire de la main droite, et le <strong>sceau en plomb<\/strong> qu\u2019il utilise pour officialiser les lettres apostoliques. Dans le pass\u00e9, le corps du pape \u00e9tait souvent <strong>embaum\u00e9<\/strong> et le c\u0153ur et les autres organes proches conserv\u00e9s dans des jarres sp\u00e9cifiques, dont beaucoup sont arriv\u00e9es jusqu\u2019\u00e0 nous.<\/p>\n<p>&nbsp;<\/p>\n<p>Les <strong>fun\u00e9railles<\/strong> au sens propre sont c\u00e9l\u00e9br\u00e9es \u00e0 Saint Pierre avec une <em>Missa poenitentialis<\/em>, en pr\u00e9sence de d\u00e9l\u00e9gations d\u2019\u00c9tat du monde entier. \u00c0 la fin, le corps du pape est d\u00e9pos\u00e9 dans t<strong>rois caisses<\/strong> plac\u00e9es l\u2019une dans l\u2019autre, une en cypr\u00e8s, une en plomb et une en noyer et, enfin, enterr\u00e9 dans les Grottes vaticanes, \u00e0 moins que le pape n\u2019ait laiss\u00e9 d\u2019autres dispositions par \u00e9crit.<\/p>\n<h2>Combien sont les papes de l\u2019histoire ?<\/h2>\n<p>Mais combien de papes y a-t-il eu ? Selon la chronologie officielle, <a href=\"https:\/\/www.holyart.fr\/occasions-speciales\/pape-francois\"><strong>pape Fran\u00e7ois<\/strong><\/a> serait le 266\u00e8me pape de l\u2019histoire de l\u2019\u00c9glise. Avant lui, il y a donc eu 265 papes, un chiffre qui comprend ceux qui ont r\u00e9gn\u00e9 \u00e0 Rome et ceux qui ont eu comme si\u00e8ge Avignon (7). En r\u00e9alit\u00e9, un calcule plus approfondi d\u00e9montre qu\u2019il y a eu des pontifes qui ont r\u00e9gn\u00e9 pendant plus d\u2019un mandat, ou qui ont \u00e9t\u00e9 d\u00e9chus et ensuite r\u00e9\u00e9lus pour des \u00e9v\u00e9nements politiques. De ces 266 papes, 81 sont v\u00e9n\u00e9r\u00e9s comme saints, 10 ont \u00e9t\u00e9 b\u00e9atifi\u00e9s, 3 sont en cours de b\u00e9atification. Deux papes, L\u00e9on le Grand et <a href=\"https:\/\/www.holyart.fr\/articles-religieux\/statues\/statues-en-bois-peint\/saint-gregoire-avec-colombe-bois-colore-val-gardena\"><strong>Gr\u00e9goire le Grand<\/strong><\/a>, ont re\u00e7u le titre de docteur de l\u2019\u00c9glise.<\/p>\n<div class=\"link-product\">\n<div class=\"blocco-immagine\"><img loading=\"lazy\" decoding=\"async\" class=\"size-full wp-image-3498 alignleft\" src=\"https:\/\/blog.holyart.it\/fr\/wp-content\/uploads\/sites\/14\/2021\/10\/PAPE-FRAN\u00c7OIS.jpg\" alt=\"PAPE FRAN\u00c7OIS\" width=\"100\" height=\"100\" data-kale-share-title=\"Les tombes des papes et tout ce qu\u2019il faut savoir\" data-kale-share-url=\"https:\/\/blog.holyart.it\/fr\/?p=3494\" \/><\/div>\n<div class=\"blocco-contenuto\">\n<div class=\"blocco-acquista\">Acheter sur Holyart:<\/div>\n<div class=\"blocco-titolo\"><a href=\"https:\/\/www.holyart.fr\/occasions-speciales\/pape-francois?sorter_id=5&amp;sort=20a\">Pape Fran\u00e7ois<\/a><\/div>\n<div class=\"blocco-descrizione\">Cat\u00e9gorie d\u00e9di\u00e9e \u00e0 Pape Jorge Mario Bergoglio.<\/div>\n<\/div>\n<\/div>\n","protected":false},"excerpt":{"rendered":"<p>O\u00f9 se trouvent les tombes des papes ? D\u00e9couvrons o\u00f9 sont enterr\u00e9s depuis des si\u00e8cles les souverains pontifes et comment a lieu leur enterrement O\u00f9 sont enterr\u00e9s les papes ? Une question banale, peut-\u00eatre, mais qui referme une signification profonde, strictement li\u00e9e \u00e0 la nature&hellip;<\/p>\n","protected":false},"author":1,"featured_media":3495,"comment_status":"closed","ping_status":"open","sticky":false,"template":"","format":"standard","meta":{"_acf_changed":false,"footnotes":""},"categories":[8],"tags":[],"class_list":["post-3494","post","type-post","status-publish","format-standard","has-post-thumbnail","hentry","category-articles-religieux"],"acf":[],"yoast_head":"<!-- This site is optimized with the Yoast SEO plugin v26.6 - https:\/\/yoast.com\/wordpress\/plugins\/seo\/ -->\n<title>Les tombes des papes et tout ce qu\u2019il faut savoir - Holyart.fr Blog<\/title>\n<meta name=\"description\" content=\"O\u00f9 se trouvent les tombes des papes ? D\u00e9couvrons o\u00f9 sont enterr\u00e9s depuis des si\u00e8cles les souverains pontifes et comment a lieu leur enterrement\" \/>\n<meta name=\"robots\" content=\"index, follow, max-snippet:-1, max-image-preview:large, max-video-preview:-1\" \/>\n<link rel=\"canonical\" href=\"https:\/\/blog.holyart.it\/fr\/articles-religieux\/les-tombes-des-papes-et-tout-ce-quil-faut-savoir\/\" \/>\n<meta property=\"og:locale\" content=\"fr_FR\" \/>\n<meta property=\"og:type\" content=\"article\" \/>\n<meta property=\"og:title\" content=\"Les tombes des papes et tout ce qu\u2019il faut savoir - Holyart.fr Blog\" \/>\n<meta property=\"og:description\" content=\"O\u00f9 se trouvent les tombes des papes ? D\u00e9couvrons o\u00f9 sont enterr\u00e9s depuis des si\u00e8cles les souverains pontifes et comment a lieu leur enterrement\" \/>\n<meta property=\"og:url\" content=\"https:\/\/blog.holyart.it\/fr\/articles-religieux\/les-tombes-des-papes-et-tout-ce-quil-faut-savoir\/\" \/>\n<meta property=\"og:site_name\" content=\"Holyart.fr Blog\" \/>\n<meta property=\"article:published_time\" content=\"2021-10-12T08:00:54+00:00\" \/>\n<meta property=\"article:modified_time\" content=\"2025-05-21T15:49:22+00:00\" \/>\n<meta property=\"og:image\" content=\"https:\/\/blog.holyart.it\/fr\/wp-content\/uploads\/sites\/14\/2021\/10\/tombes-des-papes.jpeg\" \/>\n\t<meta property=\"og:image:width\" content=\"1000\" \/>\n\t<meta property=\"og:image:height\" content=\"666\" \/>\n\t<meta property=\"og:image:type\" content=\"image\/jpeg\" \/>\n<meta name=\"author\" content=\"Redazione\" \/>\n<meta name=\"twitter:card\" content=\"summary_large_image\" \/>\n<meta name=\"twitter:label1\" content=\"\u00c9crit par\" \/>\n\t<meta name=\"twitter:data1\" content=\"Redazione\" \/>\n\t<meta name=\"twitter:label2\" content=\"Dur\u00e9e de lecture estim\u00e9e\" \/>\n\t<meta name=\"twitter:data2\" content=\"6 minutes\" \/>\n<script type=\"application\/ld+json\" class=\"yoast-schema-graph\">{\"@context\":\"https:\/\/schema.org\",\"@graph\":[{\"@type\":\"Article\",\"@id\":\"https:\/\/blog.holyart.it\/fr\/articles-religieux\/les-tombes-des-papes-et-tout-ce-quil-faut-savoir\/#article\",\"isPartOf\":{\"@id\":\"https:\/\/blog.holyart.it\/fr\/articles-religieux\/les-tombes-des-papes-et-tout-ce-quil-faut-savoir\/\"},\"author\":{\"name\":\"Redazione\",\"@id\":\"https:\/\/blog.holyart.it\/fr\/#\/schema\/person\/0a7b686e5af0f856ec1e390dd0baecda\"},\"headline\":\"Les tombes des papes et tout ce qu\u2019il faut savoir\",\"datePublished\":\"2021-10-12T08:00:54+00:00\",\"dateModified\":\"2025-05-21T15:49:22+00:00\",\"mainEntityOfPage\":{\"@id\":\"https:\/\/blog.holyart.it\/fr\/articles-religieux\/les-tombes-des-papes-et-tout-ce-quil-faut-savoir\/\"},\"wordCount\":1134,\"publisher\":{\"@id\":\"https:\/\/blog.holyart.it\/fr\/#organization\"},\"image\":{\"@id\":\"https:\/\/blog.holyart.it\/fr\/articles-religieux\/les-tombes-des-papes-et-tout-ce-quil-faut-savoir\/#primaryimage\"},\"thumbnailUrl\":\"https:\/\/blog.holyart.it\/fr\/wp-content\/uploads\/sites\/14\/2021\/10\/tombes-des-papes.jpeg\",\"articleSection\":[\"Religion\"],\"inLanguage\":\"fr-FR\"},{\"@type\":\"WebPage\",\"@id\":\"https:\/\/blog.holyart.it\/fr\/articles-religieux\/les-tombes-des-papes-et-tout-ce-quil-faut-savoir\/\",\"url\":\"https:\/\/blog.holyart.it\/fr\/articles-religieux\/les-tombes-des-papes-et-tout-ce-quil-faut-savoir\/\",\"name\":\"Les tombes des papes et tout ce qu\u2019il faut savoir - Holyart.fr Blog\",\"isPartOf\":{\"@id\":\"https:\/\/blog.holyart.it\/fr\/#website\"},\"primaryImageOfPage\":{\"@id\":\"https:\/\/blog.holyart.it\/fr\/articles-religieux\/les-tombes-des-papes-et-tout-ce-quil-faut-savoir\/#primaryimage\"},\"image\":{\"@id\":\"https:\/\/blog.holyart.it\/fr\/articles-religieux\/les-tombes-des-papes-et-tout-ce-quil-faut-savoir\/#primaryimage\"},\"thumbnailUrl\":\"https:\/\/blog.holyart.it\/fr\/wp-content\/uploads\/sites\/14\/2021\/10\/tombes-des-papes.jpeg\",\"datePublished\":\"2021-10-12T08:00:54+00:00\",\"dateModified\":\"2025-05-21T15:49:22+00:00\",\"description\":\"O\u00f9 se trouvent les tombes des papes ? D\u00e9couvrons o\u00f9 sont enterr\u00e9s depuis des si\u00e8cles les souverains pontifes et comment a lieu leur enterrement\",\"breadcrumb\":{\"@id\":\"https:\/\/blog.holyart.it\/fr\/articles-religieux\/les-tombes-des-papes-et-tout-ce-quil-faut-savoir\/#breadcrumb\"},\"inLanguage\":\"fr-FR\",\"potentialAction\":[{\"@type\":\"ReadAction\",\"target\":[\"https:\/\/blog.holyart.it\/fr\/articles-religieux\/les-tombes-des-papes-et-tout-ce-quil-faut-savoir\/\"]}]},{\"@type\":\"ImageObject\",\"inLanguage\":\"fr-FR\",\"@id\":\"https:\/\/blog.holyart.it\/fr\/articles-religieux\/les-tombes-des-papes-et-tout-ce-quil-faut-savoir\/#primaryimage\",\"url\":\"https:\/\/blog.holyart.it\/fr\/wp-content\/uploads\/sites\/14\/2021\/10\/tombes-des-papes.jpeg\",\"contentUrl\":\"https:\/\/blog.holyart.it\/fr\/wp-content\/uploads\/sites\/14\/2021\/10\/tombes-des-papes.jpeg\",\"width\":1000,\"height\":666},{\"@type\":\"BreadcrumbList\",\"@id\":\"https:\/\/blog.holyart.it\/fr\/articles-religieux\/les-tombes-des-papes-et-tout-ce-quil-faut-savoir\/#breadcrumb\",\"itemListElement\":[{\"@type\":\"ListItem\",\"position\":1,\"name\":\"Homepage\",\"item\":\"https:\/\/blog.holyart.it\/fr\/\"},{\"@type\":\"ListItem\",\"position\":2,\"name\":\"Religion\",\"item\":\"https:\/\/blog.holyart.it\/fr\/articles-religieux\/\"},{\"@type\":\"ListItem\",\"position\":3,\"name\":\"Les tombes des papes et tout ce qu\u2019il faut savoir\"}]},{\"@type\":\"WebSite\",\"@id\":\"https:\/\/blog.holyart.it\/fr\/#website\",\"url\":\"https:\/\/blog.holyart.it\/fr\/\",\"name\":\"Holyart.fr Blog\",\"description\":\"Holyblog\",\"publisher\":{\"@id\":\"https:\/\/blog.holyart.it\/fr\/#organization\"},\"potentialAction\":[{\"@type\":\"SearchAction\",\"target\":{\"@type\":\"EntryPoint\",\"urlTemplate\":\"https:\/\/blog.holyart.it\/fr\/?s={search_term_string}\"},\"query-input\":{\"@type\":\"PropertyValueSpecification\",\"valueRequired\":true,\"valueName\":\"search_term_string\"}}],\"inLanguage\":\"fr-FR\"},{\"@type\":\"Organization\",\"@id\":\"https:\/\/blog.holyart.it\/fr\/#organization\",\"name\":\"Holyart.fr Blog\",\"url\":\"https:\/\/blog.holyart.it\/fr\/\",\"logo\":{\"@type\":\"ImageObject\",\"inLanguage\":\"fr-FR\",\"@id\":\"https:\/\/blog.holyart.it\/fr\/#\/schema\/logo\/image\/\",\"url\":\"https:\/\/blog.holyart.it\/fr\/wp-content\/uploads\/sites\/14\/2022\/12\/Holyart_Blog_Logo.jpg\",\"contentUrl\":\"https:\/\/blog.holyart.it\/fr\/wp-content\/uploads\/sites\/14\/2022\/12\/Holyart_Blog_Logo.jpg\",\"width\":300,\"height\":50,\"caption\":\"Holyart.fr Blog\"},\"image\":{\"@id\":\"https:\/\/blog.holyart.it\/fr\/#\/schema\/logo\/image\/\"}},{\"@type\":\"Person\",\"@id\":\"https:\/\/blog.holyart.it\/fr\/#\/schema\/person\/0a7b686e5af0f856ec1e390dd0baecda\",\"name\":\"Redazione\",\"image\":{\"@type\":\"ImageObject\",\"inLanguage\":\"fr-FR\",\"@id\":\"https:\/\/blog.holyart.it\/fr\/#\/schema\/person\/image\/\",\"url\":\"https:\/\/secure.gravatar.com\/avatar\/f477da817f43e50d0af36abecd33e3edf826c68299714bdc1057dff3b113f516?s=96&d=mm&r=g\",\"contentUrl\":\"https:\/\/secure.gravatar.com\/avatar\/f477da817f43e50d0af36abecd33e3edf826c68299714bdc1057dff3b113f516?s=96&d=mm&r=g\",\"caption\":\"Redazione\"},\"url\":\"https:\/\/blog.holyart.it\/fr\/author\/admin\/\"}]}<\/script>\n<!-- \/ Yoast SEO plugin. -->","yoast_head_json":{"title":"Les tombes des papes et tout ce qu\u2019il faut savoir - Holyart.fr Blog","description":"O\u00f9 se trouvent les tombes des papes ? D\u00e9couvrons o\u00f9 sont enterr\u00e9s depuis des si\u00e8cles les souverains pontifes et comment a lieu leur enterrement","robots":{"index":"index","follow":"follow","max-snippet":"max-snippet:-1","max-image-preview":"max-image-preview:large","max-video-preview":"max-video-preview:-1"},"canonical":"https:\/\/blog.holyart.it\/fr\/articles-religieux\/les-tombes-des-papes-et-tout-ce-quil-faut-savoir\/","og_locale":"fr_FR","og_type":"article","og_title":"Les tombes des papes et tout ce qu\u2019il faut savoir - Holyart.fr Blog","og_description":"O\u00f9 se trouvent les tombes des papes ? D\u00e9couvrons o\u00f9 sont enterr\u00e9s depuis des si\u00e8cles les souverains pontifes et comment a lieu leur enterrement","og_url":"https:\/\/blog.holyart.it\/fr\/articles-religieux\/les-tombes-des-papes-et-tout-ce-quil-faut-savoir\/","og_site_name":"Holyart.fr Blog","article_published_time":"2021-10-12T08:00:54+00:00","article_modified_time":"2025-05-21T15:49:22+00:00","og_image":[{"width":1000,"height":666,"url":"https:\/\/blog.holyart.it\/fr\/wp-content\/uploads\/sites\/14\/2021\/10\/tombes-des-papes.jpeg","type":"image\/jpeg"}],"author":"Redazione","twitter_card":"summary_large_image","twitter_misc":{"\u00c9crit par":"Redazione","Dur\u00e9e de lecture estim\u00e9e":"6 minutes"},"schema":{"@context":"https:\/\/schema.org","@graph":[{"@type":"Article","@id":"https:\/\/blog.holyart.it\/fr\/articles-religieux\/les-tombes-des-papes-et-tout-ce-quil-faut-savoir\/#article","isPartOf":{"@id":"https:\/\/blog.holyart.it\/fr\/articles-religieux\/les-tombes-des-papes-et-tout-ce-quil-faut-savoir\/"},"author":{"name":"Redazione","@id":"https:\/\/blog.holyart.it\/fr\/#\/schema\/person\/0a7b686e5af0f856ec1e390dd0baecda"},"headline":"Les tombes des papes et tout ce qu\u2019il faut savoir","datePublished":"2021-10-12T08:00:54+00:00","dateModified":"2025-05-21T15:49:22+00:00","mainEntityOfPage":{"@id":"https:\/\/blog.holyart.it\/fr\/articles-religieux\/les-tombes-des-papes-et-tout-ce-quil-faut-savoir\/"},"wordCount":1134,"publisher":{"@id":"https:\/\/blog.holyart.it\/fr\/#organization"},"image":{"@id":"https:\/\/blog.holyart.it\/fr\/articles-religieux\/les-tombes-des-papes-et-tout-ce-quil-faut-savoir\/#primaryimage"},"thumbnailUrl":"https:\/\/blog.holyart.it\/fr\/wp-content\/uploads\/sites\/14\/2021\/10\/tombes-des-papes.jpeg","articleSection":["Religion"],"inLanguage":"fr-FR"},{"@type":"WebPage","@id":"https:\/\/blog.holyart.it\/fr\/articles-religieux\/les-tombes-des-papes-et-tout-ce-quil-faut-savoir\/","url":"https:\/\/blog.holyart.it\/fr\/articles-religieux\/les-tombes-des-papes-et-tout-ce-quil-faut-savoir\/","name":"Les tombes des papes et tout ce qu\u2019il faut savoir - Holyart.fr Blog","isPartOf":{"@id":"https:\/\/blog.holyart.it\/fr\/#website"},"primaryImageOfPage":{"@id":"https:\/\/blog.holyart.it\/fr\/articles-religieux\/les-tombes-des-papes-et-tout-ce-quil-faut-savoir\/#primaryimage"},"image":{"@id":"https:\/\/blog.holyart.it\/fr\/articles-religieux\/les-tombes-des-papes-et-tout-ce-quil-faut-savoir\/#primaryimage"},"thumbnailUrl":"https:\/\/blog.holyart.it\/fr\/wp-content\/uploads\/sites\/14\/2021\/10\/tombes-des-papes.jpeg","datePublished":"2021-10-12T08:00:54+00:00","dateModified":"2025-05-21T15:49:22+00:00","description":"O\u00f9 se trouvent les tombes des papes ? D\u00e9couvrons o\u00f9 sont enterr\u00e9s depuis des si\u00e8cles les souverains pontifes et comment a lieu leur enterrement","breadcrumb":{"@id":"https:\/\/blog.holyart.it\/fr\/articles-religieux\/les-tombes-des-papes-et-tout-ce-quil-faut-savoir\/#breadcrumb"},"inLanguage":"fr-FR","potentialAction":[{"@type":"ReadAction","target":["https:\/\/blog.holyart.it\/fr\/articles-religieux\/les-tombes-des-papes-et-tout-ce-quil-faut-savoir\/"]}]},{"@type":"ImageObject","inLanguage":"fr-FR","@id":"https:\/\/blog.holyart.it\/fr\/articles-religieux\/les-tombes-des-papes-et-tout-ce-quil-faut-savoir\/#primaryimage","url":"https:\/\/blog.holyart.it\/fr\/wp-content\/uploads\/sites\/14\/2021\/10\/tombes-des-papes.jpeg","contentUrl":"https:\/\/blog.holyart.it\/fr\/wp-content\/uploads\/sites\/14\/2021\/10\/tombes-des-papes.jpeg","width":1000,"height":666},{"@type":"BreadcrumbList","@id":"https:\/\/blog.holyart.it\/fr\/articles-religieux\/les-tombes-des-papes-et-tout-ce-quil-faut-savoir\/#breadcrumb","itemListElement":[{"@type":"ListItem","position":1,"name":"Homepage","item":"https:\/\/blog.holyart.it\/fr\/"},{"@type":"ListItem","position":2,"name":"Religion","item":"https:\/\/blog.holyart.it\/fr\/articles-religieux\/"},{"@type":"ListItem","position":3,"name":"Les tombes des papes et tout ce qu\u2019il faut savoir"}]},{"@type":"WebSite","@id":"https:\/\/blog.holyart.it\/fr\/#website","url":"https:\/\/blog.holyart.it\/fr\/","name":"Holyart.fr Blog","description":"Holyblog","publisher":{"@id":"https:\/\/blog.holyart.it\/fr\/#organization"},"potentialAction":[{"@type":"SearchAction","target":{"@type":"EntryPoint","urlTemplate":"https:\/\/blog.holyart.it\/fr\/?s={search_term_string}"},"query-input":{"@type":"PropertyValueSpecification","valueRequired":true,"valueName":"search_term_string"}}],"inLanguage":"fr-FR"},{"@type":"Organization","@id":"https:\/\/blog.holyart.it\/fr\/#organization","name":"Holyart.fr Blog","url":"https:\/\/blog.holyart.it\/fr\/","logo":{"@type":"ImageObject","inLanguage":"fr-FR","@id":"https:\/\/blog.holyart.it\/fr\/#\/schema\/logo\/image\/","url":"https:\/\/blog.holyart.it\/fr\/wp-content\/uploads\/sites\/14\/2022\/12\/Holyart_Blog_Logo.jpg","contentUrl":"https:\/\/blog.holyart.it\/fr\/wp-content\/uploads\/sites\/14\/2022\/12\/Holyart_Blog_Logo.jpg","width":300,"height":50,"caption":"Holyart.fr Blog"},"image":{"@id":"https:\/\/blog.holyart.it\/fr\/#\/schema\/logo\/image\/"}},{"@type":"Person","@id":"https:\/\/blog.holyart.it\/fr\/#\/schema\/person\/0a7b686e5af0f856ec1e390dd0baecda","name":"Redazione","image":{"@type":"ImageObject","inLanguage":"fr-FR","@id":"https:\/\/blog.holyart.it\/fr\/#\/schema\/person\/image\/","url":"https:\/\/secure.gravatar.com\/avatar\/f477da817f43e50d0af36abecd33e3edf826c68299714bdc1057dff3b113f516?s=96&d=mm&r=g","contentUrl":"https:\/\/secure.gravatar.com\/avatar\/f477da817f43e50d0af36abecd33e3edf826c68299714bdc1057dff3b113f516?s=96&d=mm&r=g","caption":"Redazione"},"url":"https:\/\/blog.holyart.it\/fr\/author\/admin\/"}]}},"_links":{"self":[{"href":"https:\/\/blog.holyart.it\/fr\/wp-json\/wp\/v2\/posts\/3494","targetHints":{"allow":["GET"]}}],"collection":[{"href":"https:\/\/blog.holyart.it\/fr\/wp-json\/wp\/v2\/posts"}],"about":[{"href":"https:\/\/blog.holyart.it\/fr\/wp-json\/wp\/v2\/types\/post"}],"author":[{"embeddable":true,"href":"https:\/\/blog.holyart.it\/fr\/wp-json\/wp\/v2\/users\/1"}],"replies":[{"embeddable":true,"href":"https:\/\/blog.holyart.it\/fr\/wp-json\/wp\/v2\/comments?post=3494"}],"version-history":[{"count":1,"href":"https:\/\/blog.holyart.it\/fr\/wp-json\/wp\/v2\/posts\/3494\/revisions"}],"predecessor-version":[{"id":6534,"href":"https:\/\/blog.holyart.it\/fr\/wp-json\/wp\/v2\/posts\/3494\/revisions\/6534"}],"wp:featuredmedia":[{"embeddable":true,"href":"https:\/\/blog.holyart.it\/fr\/wp-json\/wp\/v2\/media\/3495"}],"wp:attachment":[{"href":"https:\/\/blog.holyart.it\/fr\/wp-json\/wp\/v2\/media?parent=3494"}],"wp:term":[{"taxonomy":"category","embeddable":true,"href":"https:\/\/blog.holyart.it\/fr\/wp-json\/wp\/v2\/categories?post=3494"},{"taxonomy":"post_tag","embeddable":true,"href":"https:\/\/blog.holyart.it\/fr\/wp-json\/wp\/v2\/tags?post=3494"}],"curies":[{"name":"wp","href":"https:\/\/api.w.org\/{rel}","templated":true}]}}