{"id":3478,"date":"2021-10-07T10:00:33","date_gmt":"2021-10-07T08:00:33","guid":{"rendered":"https:\/\/blog.holyart.it\/fr\/?p=3478"},"modified":"2023-09-21T15:12:06","modified_gmt":"2023-09-21T13:12:06","slug":"sainte-therese-de-lisieux-et-le-miracle-des-roses","status":"publish","type":"post","link":"https:\/\/blog.holyart.it\/fr\/articles-religieux\/sainte-therese-de-lisieux-et-le-miracle-des-roses\/","title":{"rendered":"Sainte Th\u00e9r\u00e8se de Lisieux et le miracle des roses"},"content":{"rendered":"<h4>Sainte Th\u00e9r\u00e8se de Lisieux, morte \u00e0 seulement vingt-cinq ans, apr\u00e8s avoir pass\u00e9 une bonne partie de sa vie en clo\u00eetre, nous a laiss\u00e9 un mod\u00e8le de spiritualit\u00e9 et un exemple suivi encore aujourd\u2019hui dans le monde entier.<\/h4>\n\n<p>Qu\u2019est-ce qui rend un saint si sp\u00e9cial\u00a0? Une d\u00e9finition difficile \u00e0 r\u00e9sumer en quelques lignes, sans tomber dans la banalit\u00e9, voir m\u00eame dans l\u2019erreur. En consultant n\u2019importe quel dictionnaire, nous lisons que, dans le contexte de l\u2019\u00c9glise catholique, le \u00ab\u00a0<strong>saint<\/strong>\u00a0\u00bb est un homme ou une femme qui a su vivre en <strong>suivant l\u2019exemple de J\u00e9sus<\/strong> et qui, pendant sa vie, a fait preuve de <strong>vertus chr\u00e9tiennes<\/strong> jusqu\u2019\u00e0 annuler, voire m\u00eame sacrifier, son existence au nom de la foi. Quels hommes et quelles femmes exceptionnels doivent \u00eatre ces saints, des h\u00e9ros pour ainsi dire\u00a0! Apr\u00e8s pensons \u00e0 Sainte Th\u00e9r\u00e8se de Lisieux, une jeune fille n\u00e9e et \u00e9lev\u00e9e en Normandie, dans une famille comme tant d\u2019autres, entr\u00e9e tr\u00e8s jeune dans l\u2019ordre des Carm\u00e9lites et morte \u00e0 l\u2019\u00e2ge d\u2019\u00e0 peine vingt-cinq ans. Comment peut cette jeune femme avoir d\u00e9montr\u00e9 tant et de tels dons pour justifier sa cons\u00e9cration et, surtout, la grande v\u00e9n\u00e9ration dont elle fait encore l\u2019objet\u00a0?<br \/>\nMais il y a plus.<\/p>\n<p>Sainte Th\u00e9r\u00e8se de Lisieux n\u2019est pas une simple sainte. Elle est v\u00e9n\u00e9r\u00e9e en tant que <strong>protectrice des missionnaires<\/strong> et est \u00e9galement une des Saintes Patronnes de France avec Sainte Anne, m\u00e8re de la Vierge Marie, et Jeanne d\u2019Arc. En outre, depuis 1997, elle est la troisi\u00e8me femme \u00e0 avoir \u00e9t\u00e9 proclam\u00e9e <strong>Docteur de l\u2019\u00c9glise<\/strong>, avec Catherine de Sienne et Th\u00e9r\u00e8se d\u2019Avila, un titre attribu\u00e9 uniquement \u00e0 qui a su montrer dans ses \u00e9crits, mais surtout dans sa vie, une illumination exceptionnelle et une sensibilit\u00e9 th\u00e9ologique.<\/p>\n<p>Qu\u2019est-ce qui rend si sp\u00e9ciale cette jeune fille\u00a0? D\u00e9couvrons-le ensemble.<\/p>\n<h2>L\u2019histoire de Sainte Th\u00e9r\u00e8se de Lisieux<\/h2>\n<p>L\u2019histoire de <strong>Sainte Th\u00e9r\u00e8se de l\u2019Enfant-J\u00e9<\/strong>sus, ou <strong>s\u0153ur Th\u00e9r\u00e8se de l\u2019Enfant-J\u00e9sus et de la Sainte-Face<\/strong>, ne semble pas l\u2019histoire d\u2019une femme exceptionnelle. N\u00e9e dans une famille aimante et tr\u00e8s pieuse, elle subit d\u00e8s l\u2019enfance pertes et deuils, en premier lieu celui de sa m\u00e8re, qui la quitta quand elle avait \u00e0 peine quatre ans. Malgr\u00e9 cela, elle grandit entour\u00e9e par l\u2019amour de son p\u00e8re et de ses quatre s\u0153urs, en d\u00e9montrant d\u00e8s son plus jeune \u00e2ge un insolite <strong>\u00e9lan d\u2019amour envers J\u00e9sus<\/strong>.<\/p>\n<p>N\u00e9e \u00e0 Alen\u00e7on, en Normandie, en 1873, elle d\u00e9m\u00e9nagea \u00e0 <strong>Lisieux<\/strong> apr\u00e8s la mort de sa m\u00e8re. L\u00e0, elle fut \u00e9duqu\u00e9e par les <strong>nonnes b\u00e9n\u00e9dictines<\/strong>, en d\u00e9montrant son caract\u00e8re timide, m\u00e9lancolique et peu port\u00e9 \u00e0 la vie collective.<br \/>\nQuand sa s\u0153ur a\u00een\u00e9e Pauline d\u00e9cida d\u2019entrer dans l\u2019ordre des <strong>Carm\u00e9lites<\/strong>, Th\u00e9r\u00e8se s\u2019aper\u00e7ut que la vie de religieuse pourrait la rendre heureuse aussi. Apr\u00e8s une terrible maladie, de laquelle elle gu\u00e9rit gr\u00e2ce aux pri\u00e8res adress\u00e9es \u00e0 la Vierge Marie, la jeune fille re\u00e7oit la <a href=\"https:\/\/www.holyart.fr\/occasions-speciales\/premiere-communion-profession-de-foi\"><strong>Premi\u00e8re Communion<\/strong><\/a>, qui lui confirme son intention de <strong>d\u00e9dier sa vie \u00e0 J\u00e9sus<\/strong>.<\/p>\n<p>Mais elle devra attendre et se heurter \u00e0 la perplexit\u00e9 des parents, inquiets pour son jeune \u00e2ge et pour sa sant\u00e9 fragile. Finalement, elle se rendit en <strong>p\u00e8lerinage \u00e0 Rome<\/strong> afin d\u2019implorer Pape L\u00e9on XIII de lui permettre de prononcer ses v\u0153ux. \u00c0 quinze ans \u00e0 peine, elle entra dans le m\u00eame monast\u00e8re o\u00f9 vivaient d\u00e9j\u00e0 deux de ses s\u0153urs et, une fois accomplit la p\u00e9riode de postulat et de noviciat, \u00e0 dix-sept ans et demi, elle <strong>pronon\u00e7a ses v\u0153ux solennels<\/strong> et acquit le nom religieux de Th\u00e9r\u00e8se de l\u2019<a href=\"https:\/\/www.holyart.fr\/noel\/statues-enfant-jesus\"><strong>Enfant-J\u00e9sus<\/strong><\/a> et de la Sainte-Face.<\/p>\n<div class=\"link-product\">\n<div class=\"blocco-immagine\"><img loading=\"lazy\" decoding=\"async\" class=\"size-full wp-image-3480 alignleft\" src=\"https:\/\/blog.holyart.it\/fr\/wp-content\/uploads\/sites\/14\/2021\/10\/Enfant-Jesus.jpg\" alt=\"Enfant Jesus\" width=\"100\" height=\"100\" data-kale-share-title=\"Sainte Th\u00e9r\u00e8se de Lisieux et le miracle des roses\" data-kale-share-url=\"https:\/\/blog.holyart.it\/fr\/?p=3478\" \/><\/div>\n<div class=\"blocco-contenuto\">\n<div class=\"blocco-acquista\">Acheter sur Holyart:<\/div>\n<div class=\"blocco-titolo\"><a href=\"https:\/\/www.holyart.fr\/noel\/statues-enfant-jesus?sorter_id=4&amp;sort=20a\">Statues Enfant J\u00e9sus<\/a><\/div>\n<div class=\"blocco-descrizione\">Dans ce rayon vous trouvez des statues de l&rsquo;enfant J\u00e9sus: J\u00e9sus en bois, en p\u00e2te de bois ou en r\u00e9sine.<\/div>\n<\/div>\n<\/div>\n<p>Th\u00e9r\u00e8se mourut le 30 septembre 1897 sans avoir jamais laiss\u00e9 le monast\u00e8re. Ses derniers mots furent : \u00ab\u00a0<em>Mon Dieu, je vous aime<\/em>\u00a0\u00bb. Dans le peu d\u2019ann\u00e9es pass\u00e9es parmi les carm\u00e9lites, elle \u00e9crivit une \u0153uvre autobiographique, l\u2019<strong>Histoire d\u2019une \u00e2me<\/strong>, encore aujourd\u2019hui un des textes fondamentaux de la spiritualit\u00e9 universelle, en plus de nombreuses po\u00e9sies, \u0153uvres th\u00e9\u00e2trales, pri\u00e8res et lettres.<br \/>\nElle fut canonis\u00e9e en 1925 par Pape Pie XI.<\/p>\n<h2>La th\u00e9ologie de la \u00ab\u00a0petite vie\u00a0\u00bb<\/h2>\n<p>Mais de quoi parlent les \u0153uvres laiss\u00e9es par Sainte Th\u00e9r\u00e8se\u00a0? Il est essentiel de comprendre en quoi consiste sa doctrine, du moment que c\u2019est en cette derni\u00e8re que r\u00e9side la raison ultime de sa saintet\u00e9. Comme nous l\u2019avons d\u00e9j\u00e0 mentionn\u00e9, d\u00e8s son enfance, Th\u00e9r\u00e8se montra une surprenante propension \u00e0 l\u2019amour envers J\u00e9sus. C\u2019est justement cet amour le c\u0153ur de l\u2019\u0153uvre th\u00e9ologique et litt\u00e9raire de Th\u00e9r\u00e8se, la <strong>recherche de la saintet\u00e9 dans les petits gestes quotidiens<\/strong>, m\u00eame ceux apparemment les plus insignifiants, mais qui deviennent immenses si <strong>accomplis au nom de l\u2019amour pour Dieu<\/strong>.<br \/>\nAucun acte d\u2019h\u00e9ro\u00efsme, aucune action th\u00e9\u00e2trale. Sainte Th\u00e9r\u00e8se suivait celle qu\u2019elle avait elle-m\u00eame d\u00e9fini la \u00ab\u00a0<strong>petite vie<\/strong>\u00a0\u00bb. Dans son sentiment d\u2019\u00eatre petite et inad\u00e9quate, dans la prise de conscience quotidienne de <strong>ses propres limites<\/strong>, elle se rendait compte de l\u2019\u00e9normit\u00e9 de l\u2019amour de Dieu, auquel nous ne pouvons que nous confier <strong>comme des enfants<\/strong>, en totale confiance et innocence. Plus nous nous sentons <strong>petits devant Dieu<\/strong>, plus Il nous aimera, car Sa nature l\u2019am\u00e8ne \u00e0 se pencher vers tout ce qui est petit et n\u00e9cessitant de l\u2019amour. Pour cette raison, Sainte Th\u00e9r\u00e8se signait ses lettres en ajoutant \u00e0 son nom l\u2019appellatif \u00ab\u00a0<em>tr\u00e8s petite<\/em>\u00a0\u00bb.<\/p>\n<p>Dans cette optique, l\u2019abandon \u00e0 Dieu correspond \u00e0 <strong>ne pas nous sentir comme rien<\/strong>, \u00e0 vivre constamment la conscience de notre pauvret\u00e9, notre petitesse. Cette <strong>inad\u00e9quation<\/strong>, ce sens de vide int\u00e9rieur est ainsi combl\u00e9 par la pl\u00e9nitude de l\u2019amour de Dieu. C\u2019est un concept r\u00e9volutionnaire, car il justifie chaque d\u00e9faut, chaque faiblesse, m\u00eame le p\u00e9ch\u00e9, qui de cette mani\u00e8re ne deviennent que d\u2019autres moyens pour rapprocher l\u2019homme, de par sa nature petit et imparfait, \u00e0 Dieu.<\/p>\n<p>Mais pas seulement : ceux qui c\u00e8dent \u00e0 leur petitesse et laissent l\u2019amour de Dieu les emplir, en les \u00e9levant au-dessus de leurs propres limites humaines, emm\u00e8nent avec eux\u00a0 ceux qui les aiment, dans une sorte de <strong>communion d\u2019amour<\/strong>, une rencontre d\u2019\u00e2mes qui embrassent toute l\u2019\u00e9glise, comme une grande famille.<\/p>\n<p>Dans cette louange \u00e0 la petitesse r\u00e9side la grandeur de Sainte Th\u00e9r\u00e8se de l\u2019Enfant-J\u00e9sus. Pie X, qui la d\u00e9finit l\u2019<em>\u00c9toile de mon Pontificat <\/em>ou encore <em>Ma petite Sainte<\/em>, affirme que m\u00eame s\u2019il n\u2019y avait rien d\u2019extraordinaire en elle, c\u2019\u00e9tait justement son extr\u00eame simplicit\u00e9 qui \u00e9tait la chose la plus extraordinaire et la plus digne d\u2019attention qui caract\u00e9risait son \u00e2me. Et Beno\u00eet XVI, en parlant de son \u0153uvre la plus c\u00e9l\u00e8bre, <strong>Histoire d\u2019une \u00e2me<\/strong>, dit\u00a0: \u00ab\u00a0<em>L\u2019Histoire d\u2019une \u00e2me est une merveilleuse histoire d\u2019Amour, racont\u00e9e avec une telle authenticit\u00e9, simplicit\u00e9 et fra\u00eecheur que le lecteur ne peut qu\u2019en \u00eatre fascin\u00e9\u00a0! <\/em>\u00bb.<\/p>\n<div class=\"sp-styles-warning\" style=\"width: 450px; background-color: #FFF; color: #F00; border: 1px solid #F00; padding: 10px; font-size: 14px;\">\n\t\t\t<span style=\"font-weight: bold;\">Warning: The stylesheets were not loaded!<\/span> \n\t\t\tYou will need to change the <i>Load stylesheets<\/i> setting from <i>Automatically<\/i> to <i>On homepage<\/i> or <i>On all pages<\/i>. \n\t\t\tYou can set that <a style=\"text-decoration: underline; color: #F00;\" href=\"https:\/\/blog.holyart.it\/fr\/wp-admin\/admin.php?page=sliderpro-settings\">here<\/a>.\n\t\t\t<\/div>\r\n<div id=\"slider-pro-49\" class=\"slider-pro sp-no-js\" style=\"width: 500px; height: 500px;\">\r\n\t<div class=\"sp-slides\">\r\n\t\t\r\n\t\t<div class=\"sp-slide\">\r\n\t\t\t<img loading=\"lazy\" decoding=\"async\" class=\"sp-image\" src=\"https:\/\/blog.holyart.it\/fr\/wp-content\/uploads\/sites\/14\/2021\/10\/Tapisserie-Ste-Therese-de-Lisieux-cadre-passants.jpg\" alt=\"Tapisserie Ste Therese de Lisieux cadre passants\" width=\"500\" height=\"500\" \/>\r\n\t\t\t<div class=\"sp-thumbnail\"><img decoding=\"async\" src=\"https:\/\/blog.holyart.it\/fr\/wp-content\/uploads\/sites\/14\/2021\/10\/Tapisserie-Ste-Therese-de-Lisieux.jpg\" alt=\"Tapisserie Ste Therese de Lisieux\" \/>\r\n\t\t\t<\/div>\r\n\t\t\t<div class=\"sp-caption\">Tapisserie Ste Th\u00e9r\u00e8se de Lisieux cadre passants 50x40 cm.\n<br \/><strong><span style=\"color: #0000ff;font-size:18px\"><a style=\"color: #0000ff\" href=\"https:\/\/www.holyart.fr\/articles-religieux\/tapisseries-religieuses\/tapisserie-ste-therese-de-lisieux-cadre-passants-50x40-cm\">Acheter sur Holyart<\/a><\/span><\/strong><\/div>\r\n\t\t<\/div>\r\n\t\t<div class=\"sp-slide\">\r\n\t\t\t<img loading=\"lazy\" decoding=\"async\" class=\"sp-image\" src=\"https:\/\/blog.holyart.it\/fr\/wp-content\/uploads\/sites\/14\/2021\/10\/St-Therese-de-Lisieux.jpg\" alt=\"St Therese de Lisieux\" width=\"500\" height=\"500\" \/>\r\n\t\t\t<div class=\"sp-thumbnail\"><img decoding=\"async\" src=\"https:\/\/blog.holyart.it\/fr\/wp-content\/uploads\/sites\/14\/2021\/10\/St-Therese-de-Lisieux-100x100.jpg\" alt=\"St Therese de Lisieux\" \/>\r\n\t\t\t<\/div>\r\n\t\t\t<div class=\"sp-caption\">Statue de Sainte Th\u00e9r\u00e8se de Lisieux.\n<br \/><strong><span style=\"color: #0000ff;font-size:18px\"><a style=\"color: #0000ff\" href=\"https:\/\/www.holyart.fr\/articles-religieux\/statues\/statues-en-bois-peint\/sainte-therese-de-lisieux\">Acheter sur Holyart<\/a><\/span><\/strong><\/div>\r\n\t\t<\/div>\r\n\t\t<div class=\"sp-slide\">\r\n\t\t\t<img loading=\"lazy\" decoding=\"async\" class=\"sp-image\" src=\"https:\/\/blog.holyart.it\/fr\/wp-content\/uploads\/sites\/14\/2021\/10\/Medaille-Ste-Therese-de-lEnfant-Jesus.jpg\" alt=\"Medaille Ste Therese de l&#039;Enfant-Jesus\" width=\"500\" height=\"500\" \/>\r\n\t\t\t<div class=\"sp-thumbnail\"><img decoding=\"async\" src=\"https:\/\/blog.holyart.it\/fr\/wp-content\/uploads\/sites\/14\/2021\/10\/Medaille-Ste-Therese-de-lEnfant-Jesus-argent.jpg\" alt=\"Medaille Ste Therese de l&#039;Enfant-Jesus argent\" \/>\r\n\t\t\t<\/div>\r\n\t\t\t<div class=\"sp-caption\">M\u00e9daille Ste Th\u00e9r\u00e8se de l'Enfant-J\u00e9sus argent 925 rhodi\u00e9 10 mm.\n<br \/><strong><span style=\"color: #0000ff;font-size:18px\"><a style=\"color: #0000ff\" href=\"https:\/\/www.holyart.fr\/articles-religieux\/bijoux-religieux\/pendentifs-croix-et-broches\/medaille-ste-therese-de-lenfant-jesus-argent-925-rhodie-10-mm\">Acheter sur Holyart<\/a><\/span><\/strong><\/div>\r\n\t\t<\/div>\r\n\t\t<div class=\"sp-slide\">\r\n\t\t\t<img loading=\"lazy\" decoding=\"async\" class=\"sp-image\" src=\"https:\/\/blog.holyart.it\/fr\/wp-content\/uploads\/sites\/14\/2021\/10\/Cadre-sur-toile-Ste-Therese-de-lEnfant-Jesus.jpg\" alt=\"Cadre sur toile Ste Therese de l&#039;Enfant-Jesus\" width=\"500\" height=\"500\" \/>\r\n\t\t\t<div class=\"sp-thumbnail\"><img decoding=\"async\" src=\"https:\/\/blog.holyart.it\/fr\/wp-content\/uploads\/sites\/14\/2021\/10\/Cadre-sur-toile-St-Therese-de-lEnfant-Jesus.jpg\" alt=\"Cadre sur toile St Therese de l&#039;Enfant Jesus\" \/>\r\n\t\t\t<\/div>\r\n\t\t\t<div class=\"sp-caption\">Cadre sur toile Ste Th\u00e9r\u00e8se de l'Enfant-J\u00e9sus 40x30 cm.\n<br \/><strong><span style=\"color: #0000ff;font-size:18px\"><a style=\"color: #0000ff\" href=\"https:\/\/www.holyart.fr\/articles-religieux\/tableaux-gravures-manuscrit-enlumine\/cadre-sur-toile-ste-therese-de-lenfant-jesus-40x30-cm\">Acheter sur Holyart<\/a><\/span><\/strong><\/div>\r\n\t\t<\/div>\r\n\t\t<div class=\"sp-slide\">\r\n\t\t\t<img loading=\"lazy\" decoding=\"async\" class=\"sp-image\" src=\"https:\/\/blog.holyart.it\/fr\/wp-content\/uploads\/sites\/14\/2021\/10\/Sainte-Therese-platre-nacre.jpg\" alt=\"Sainte Therese platre nacre\" width=\"500\" height=\"500\" \/>\r\n\t\t\t<div class=\"sp-thumbnail\"><img decoding=\"async\" src=\"https:\/\/blog.holyart.it\/fr\/wp-content\/uploads\/sites\/14\/2021\/10\/Sainte-Therese-60-cm-platre-nacre.jpg\" alt=\"Sainte Therese 60 cm platre nacre\" \/>\r\n\t\t\t<\/div>\r\n\t\t\t<div class=\"sp-caption\">Sainte Th\u00e9r\u00e8se 60 cm pl\u00e2tre nacr\u00e9.\n<br \/><strong><span style=\"color: #0000ff;font-size:18px\"><a style=\"color: #0000ff\" href=\"https:\/\/www.holyart.fr\/articles-religieux\/statues\/statues-en-platre\/sainte-therese-60-cm-platre-nacre\">Acheter sur Holyart<\/a><\/span><\/strong><\/div>\r\n\t\t<\/div>\r\n\t<\/div>\r\n<\/div>\n<h2>Sainte Th\u00e9r\u00e8se de Lisieux Docteur de l\u2019\u00c9glise<\/h2>\n<p>Ce fut Jean-Paul II en 1997, \u00e0 l\u2019occasion du centenaire de sa mort, qui proclama Sainte Th\u00e9r\u00e8se <a href=\"https:\/\/www.holyart.fr\/blog\/saints-et-bienheureux\/les-docteurs-de-leglise-qui-sont-ils-et-quelles-sont-les-conditions-pour-obtenir-ce-titre\/\"><strong>Docteur de l\u2019\u00c9glise<\/strong><\/a>. Et cela malgr\u00e9 le fait que Sainte Th\u00e9r\u00e8se n\u2019ait pu fr\u00e9quenter l\u2019universit\u00e9, ni mener d\u2019\u00e9tudes r\u00e9guli\u00e8res. Mais elle sut vivre sa vocation en rendant propre le <strong>commandement de l\u2019amour<\/strong> d\u2019une mani\u00e8re si pleine et totale, en vivant de pri\u00e8re et communion et en fournissant un exemple incomparable. C\u2019est aussi une des raisons pour lesquelles elle est v\u00e9n\u00e9r\u00e9e en tant que <strong>protectrice des missionnaires<\/strong>, malgr\u00e9 le fait qu\u2019elle n\u2019eut jamais la possibilit\u00e9 d\u2019\u0153uvrer dans les missions.<\/p>\n<div class=\"link-article\">\n<p><img loading=\"lazy\" decoding=\"async\" class=\"size-full wp-image-3492 alignleft\" src=\"https:\/\/blog.holyart.it\/fr\/wp-content\/uploads\/sites\/14\/2021\/10\/Docteurs-de-l\u2019Eglise.jpg\" alt=\"Docteurs de l\u2019Eglise\" width=\"150\" height=\"100\" data-kale-share-title=\"Sainte Th\u00e9r\u00e8se de Lisieux et le miracle des roses\" data-kale-share-url=\"https:\/\/blog.holyart.it\/fr\/?p=3478\" \/><\/p>\n<div class=\"leggi-anche\">Lire aussi :<\/div>\n<p><strong><a href=\"https:\/\/www.holyart.fr\/blog\/saints-et-bienheureux\/les-docteurs-de-leglise-qui-sont-ils-et-quelles-sont-les-conditions-pour-obtenir-ce-titre\/\">Les docteurs de l\u2019\u00c9glise : qui sont-ils et quelles sont les conditions pour obtenir ce titre<\/a><\/strong><br \/>\nLe 1er octobre, nous f\u00eatons Sainte Th\u00e9r\u00e8se de Lisieux, une des quatre femmes proclam\u00e9es Docteurs de l\u2019\u00c9glise&#8230;<\/p>\n<\/div>\n<p>Sainte Th\u00e9r\u00e8se de l\u2019Enfant-J\u00e9sus et de la Sainte-Face a m\u00e9rit\u00e9 le titre de <strong>Docteur de l\u2019\u00c9glise<\/strong> malgr\u00e9 le fait qu\u2019elle n\u2019\u00e9tait qu\u2019une femme, de surcroit morte si jeune, et malgr\u00e9 le fait qu\u2019elle \u00e9tait par caract\u00e8re et vie une contemplative et surement pas une h\u00e9ro\u00efne ou une personne d\u2019action. Mais son chemin spirituel a \u00e9t\u00e9 si innovant et m\u00fbr, ses \u00e9crits si riches d\u2019intuitions de foi tellement vastes et profondes, jusqu\u2019\u00e0 en faire un point de r\u00e9f\u00e9rence pour intellectuels et hommes de pens\u00e9e et d\u2019esprit bien plus grands et c\u00e9l\u00e8bres.<\/p>\n<h2>Signification du nom Th\u00e9r\u00e8se<\/h2>\n<p>Le nom Th\u00e9r\u00e8se d\u00e9rive du grec et signifie \u00ab\u00a0<em>chasseuse<\/em>\u00a0\u00bb. Rendu c\u00e9l\u00e8bre par Th\u00e9r\u00e8se d\u2019Avila, Sainte Patronne de Naples, et Th\u00e9r\u00e8se de Lisieux, mais \u00e9galement par M\u00e8re Th\u00e9r\u00e8se de Calcutta, \u00e0 une \u00e9poque plus r\u00e9cente, il s\u2019agit d\u2019un pr\u00e9nom qui rec\u00e8le en soi une note \u00e2pre et en m\u00eame temps douce. La f\u00eate du pr\u00e9nom tombe le 15 octobre (en m\u00e9moire de Sainte Th\u00e9r\u00e8se d\u2019Avila), le 1<sup>er<\/sup> ou le 3 octobre (en m\u00e9moire de Sainte Th\u00e9r\u00e8se de Lisieux ou de l\u2019Enfant-J\u00e9sus).<\/p>\n<h2>Sainte Th\u00e9r\u00e8se de Lisieux et la Neuvaine des roses<\/h2>\n<p>La neuvaine des roses de Sainte Th\u00e9r\u00e8se de l\u2019Enfant-J\u00e9sus s\u2019inspire des mots prononc\u00e9s par Sainte Th\u00e9r\u00e8se en personne, qui, en proph\u00e9tisant sa mort, annon\u00e7a\u00a0:\u00a0\u00ab\u00a0<em>Vous verrez, apr\u00e8s ma mort, je ferai tomber une pluie de roses<\/em>\u00a0\u00bb. Souvent l\u2019iconographie nous montre Sainte Th\u00e9r\u00e8se avec les mains remplies de roses, qui symbolisent les <strong>gr\u00e2ces<\/strong> qu\u2019elle a dispens\u00e9 au cours de sa vie et \u00e9galement apr\u00e8s sa mort.<\/p>\n<p>En 1925, un j\u00e9suite au nom de P\u00e8re <strong>Putigan<\/strong> commen\u00e7a \u00e0 r\u00e9citer une neuvaine pour invoquer une gr\u00e2ce importante et demanda \u00e0 Dieu, en signe de bienveillance et de garantie, une rose. Il l\u2019obtint le troisi\u00e8me jour et, avec elle, la gr\u00e2ce, et il commen\u00e7a ainsi une autre neuvaine et demanda une autre rose.<br \/>\nNaquit ainsi la neuvaine miraculeuse des roses, qui aujourd\u2019hui se pratique partout dans le monde. Elle peut \u00eatre r\u00e9cit\u00e9e \u00e0 tout moment, mais les fid\u00e8les de Sainte Th\u00e9r\u00e8se choisissent habituellement de la r\u00e9citer entre le 9 et le 17 de chaque mois.<\/p>\n<p><em>Tr\u00e8s Sainte Trinit\u00e9, P\u00e8re, Fils et Saint Esprit,<\/em><br \/>\n<em>Je vous remercie pour toutes les faveurs et les gr\u00e2ces dont vous avez enrichi votre servante<\/em><br \/>\n<em>Sainte-Th\u00e9r\u00e8se de l&rsquo;Enfant-J\u00e9sus,\u00a0<\/em><br \/>\n<em>Pendant les vingt-quatre ann\u00e9es pass\u00e9es sur cette Terre\u00a0<\/em><br \/>\n<em>Et, par les m\u00e9rites de cette sainte, accordez-moi la gr\u00e2ce qu&rsquo;ardemment je d\u00e9sire :<\/em><br \/>\n<em>(&#8230;&#8230;&#8230;.),<\/em><br \/>\n<em>Si elle est conforme \u00e0 votre sainte volont\u00e9,\u00a0<\/em><br \/>\n<em>Et pour le bien de mon \u00e2me.<\/em><br \/>\n<em>Aidez ma foi et mon esp\u00e9rance, \u00f4 Sainte-Th\u00e9r\u00e8se,<\/em><br \/>\n<em>R\u00e9alisez encore une fois votre promesse de passer votre Ciel \u00e0 faire du bien sur la Terre,\u00a0<\/em><br \/>\n<em>En permettant que je re\u00e7oive une rose comme signe de la gr\u00e2ce que je d\u00e9sire obtenir.\u201d<\/em><\/p>\n<p>R\u00e9citez ensuite \u00a024 gloria :<\/p>\n<p><em>\u201cGloire \u00e0 Dieu, au plus haut des cieux,<\/em><br \/>\n<em>Et paix sur la terre aux hommes qu&rsquo;il aime.<\/em><br \/>\n<em>Nous te louons, nous te b\u00e9nissons, nous t&rsquo;adorons,<\/em><br \/>\n<em>Nous te glorifions, nous te rendons gr\u00e2ce pour ton immense gloire,<\/em><br \/>\n<em>Seigneur Dieu, roi du Ciel, Dieu le P\u00e8re tout-puissant.<\/em><br \/>\n<em>Seigneur, Fils unique, J\u00e9sus Christ,<\/em><br \/>\n<em>Seigneur Dieu, Agneau de Dieu, le Fils du P\u00e8re.<\/em><br \/>\n<em>Toi qui enl\u00e8ves le p\u00e9ch\u00e9 du monde, prends piti\u00e9 de nous ;<\/em><br \/>\n<em>Toi qui enl\u00e8ves le p\u00e9ch\u00e9 du monde, re\u00e7ois notre pri\u00e8re ;<\/em><br \/>\n<em>Toi qui es assis \u00e0 la droite du P\u00e8re, prends piti\u00e9 de nous.<\/em><br \/>\n<em>Car toi seul es saint, toi seul es Seigneur, toi seul es le Tr\u00e8s-Haut,<\/em><br \/>\n<em>J\u00e9sus Christ, avec le Saint-Esprit, dans la gloire de Dieu le P\u00e8re.<\/em><br \/>\n<em>Amen.\u201d<\/em><\/p>\n<p>Poursuivez avec l&rsquo;invocation:<\/p>\n<p><em>\u201cGloire au P\u00e8re et au Fils et au Saint Esprit<\/em><br \/>\n<em>Comme il \u00e9tait au commencement, maintenant et toujours,<\/em><br \/>\n<em>Et dans les si\u00e8cles des si\u00e8cles<\/em><br \/>\n<em>Amen.\u201d<\/em><\/p>\n<p>Et terminez en disant : <em>\u201cSainte-Th\u00e9r\u00e8se de l&rsquo;Enfant-J\u00e9sus, priez pour nous.\u201d<\/em><\/p>\n","protected":false},"excerpt":{"rendered":"<p>Sainte Th\u00e9r\u00e8se de Lisieux, morte \u00e0 seulement vingt-cinq ans, apr\u00e8s avoir pass\u00e9 une bonne partie de sa vie en clo\u00eetre, nous a laiss\u00e9 un mod\u00e8le de spiritualit\u00e9 et un exemple suivi encore aujourd\u2019hui dans le monde entier. Qu\u2019est-ce qui rend un saint si sp\u00e9cial\u00a0? Une&hellip;<\/p>\n","protected":false},"author":1,"featured_media":3479,"comment_status":"closed","ping_status":"open","sticky":false,"template":"","format":"standard","meta":{"_acf_changed":false,"footnotes":""},"categories":[8],"tags":[],"class_list":["post-3478","post","type-post","status-publish","format-standard","has-post-thumbnail","hentry","category-articles-religieux"],"acf":[],"yoast_head":"<!-- This site is optimized with the Yoast SEO plugin v26.6 - https:\/\/yoast.com\/wordpress\/plugins\/seo\/ -->\n<title>Sainte Th\u00e9r\u00e8se de Lisieux et le miracle des roses - Holyart.fr Blog<\/title>\n<meta name=\"description\" content=\"Sainte Th\u00e9r\u00e8se de Lisieux apr\u00e8s avoir pass\u00e9 une bonne partie de sa vie en clo\u00eetre, nous a laiss\u00e9 un mod\u00e8le de spiritualit\u00e9\" \/>\n<meta name=\"robots\" content=\"index, follow, max-snippet:-1, max-image-preview:large, max-video-preview:-1\" \/>\n<link rel=\"canonical\" href=\"https:\/\/blog.holyart.it\/fr\/articles-religieux\/sainte-therese-de-lisieux-et-le-miracle-des-roses\/\" \/>\n<meta property=\"og:locale\" content=\"fr_FR\" \/>\n<meta property=\"og:type\" content=\"article\" \/>\n<meta property=\"og:title\" content=\"Sainte Th\u00e9r\u00e8se de Lisieux et le miracle des roses - Holyart.fr Blog\" \/>\n<meta property=\"og:description\" content=\"Sainte Th\u00e9r\u00e8se de Lisieux apr\u00e8s avoir pass\u00e9 une bonne partie de sa vie en clo\u00eetre, nous a laiss\u00e9 un mod\u00e8le de spiritualit\u00e9\" \/>\n<meta property=\"og:url\" content=\"https:\/\/blog.holyart.it\/fr\/articles-religieux\/sainte-therese-de-lisieux-et-le-miracle-des-roses\/\" \/>\n<meta property=\"og:site_name\" content=\"Holyart.fr Blog\" \/>\n<meta property=\"article:published_time\" content=\"2021-10-07T08:00:33+00:00\" \/>\n<meta property=\"article:modified_time\" content=\"2023-09-21T13:12:06+00:00\" \/>\n<meta property=\"og:image\" content=\"https:\/\/blog.holyart.it\/fr\/wp-content\/uploads\/sites\/14\/2021\/10\/Sainte-Therese-de-Lisieux.jpg\" \/>\n\t<meta property=\"og:image:width\" content=\"1000\" \/>\n\t<meta property=\"og:image:height\" content=\"666\" \/>\n\t<meta property=\"og:image:type\" content=\"image\/jpeg\" \/>\n<meta name=\"author\" content=\"Redazione\" \/>\n<meta name=\"twitter:card\" content=\"summary_large_image\" \/>\n<meta name=\"twitter:label1\" content=\"\u00c9crit par\" \/>\n\t<meta name=\"twitter:data1\" content=\"Redazione\" \/>\n\t<meta name=\"twitter:label2\" content=\"Dur\u00e9e de lecture estim\u00e9e\" \/>\n\t<meta name=\"twitter:data2\" content=\"10 minutes\" \/>\n<script type=\"application\/ld+json\" class=\"yoast-schema-graph\">{\"@context\":\"https:\/\/schema.org\",\"@graph\":[{\"@type\":\"Article\",\"@id\":\"https:\/\/blog.holyart.it\/fr\/articles-religieux\/sainte-therese-de-lisieux-et-le-miracle-des-roses\/#article\",\"isPartOf\":{\"@id\":\"https:\/\/blog.holyart.it\/fr\/articles-religieux\/sainte-therese-de-lisieux-et-le-miracle-des-roses\/\"},\"author\":{\"name\":\"Redazione\",\"@id\":\"https:\/\/blog.holyart.it\/fr\/#\/schema\/person\/0a7b686e5af0f856ec1e390dd0baecda\"},\"headline\":\"Sainte Th\u00e9r\u00e8se de Lisieux et le miracle des roses\",\"datePublished\":\"2021-10-07T08:00:33+00:00\",\"dateModified\":\"2023-09-21T13:12:06+00:00\",\"mainEntityOfPage\":{\"@id\":\"https:\/\/blog.holyart.it\/fr\/articles-religieux\/sainte-therese-de-lisieux-et-le-miracle-des-roses\/\"},\"wordCount\":2194,\"publisher\":{\"@id\":\"https:\/\/blog.holyart.it\/fr\/#organization\"},\"image\":{\"@id\":\"https:\/\/blog.holyart.it\/fr\/articles-religieux\/sainte-therese-de-lisieux-et-le-miracle-des-roses\/#primaryimage\"},\"thumbnailUrl\":\"https:\/\/blog.holyart.it\/fr\/wp-content\/uploads\/sites\/14\/2021\/10\/Sainte-Therese-de-Lisieux.jpg\",\"articleSection\":[\"Religion\"],\"inLanguage\":\"fr-FR\"},{\"@type\":\"WebPage\",\"@id\":\"https:\/\/blog.holyart.it\/fr\/articles-religieux\/sainte-therese-de-lisieux-et-le-miracle-des-roses\/\",\"url\":\"https:\/\/blog.holyart.it\/fr\/articles-religieux\/sainte-therese-de-lisieux-et-le-miracle-des-roses\/\",\"name\":\"Sainte Th\u00e9r\u00e8se de Lisieux et le miracle des roses - Holyart.fr Blog\",\"isPartOf\":{\"@id\":\"https:\/\/blog.holyart.it\/fr\/#website\"},\"primaryImageOfPage\":{\"@id\":\"https:\/\/blog.holyart.it\/fr\/articles-religieux\/sainte-therese-de-lisieux-et-le-miracle-des-roses\/#primaryimage\"},\"image\":{\"@id\":\"https:\/\/blog.holyart.it\/fr\/articles-religieux\/sainte-therese-de-lisieux-et-le-miracle-des-roses\/#primaryimage\"},\"thumbnailUrl\":\"https:\/\/blog.holyart.it\/fr\/wp-content\/uploads\/sites\/14\/2021\/10\/Sainte-Therese-de-Lisieux.jpg\",\"datePublished\":\"2021-10-07T08:00:33+00:00\",\"dateModified\":\"2023-09-21T13:12:06+00:00\",\"description\":\"Sainte Th\u00e9r\u00e8se de Lisieux apr\u00e8s avoir pass\u00e9 une bonne partie de sa vie en clo\u00eetre, nous a laiss\u00e9 un mod\u00e8le de spiritualit\u00e9\",\"breadcrumb\":{\"@id\":\"https:\/\/blog.holyart.it\/fr\/articles-religieux\/sainte-therese-de-lisieux-et-le-miracle-des-roses\/#breadcrumb\"},\"inLanguage\":\"fr-FR\",\"potentialAction\":[{\"@type\":\"ReadAction\",\"target\":[\"https:\/\/blog.holyart.it\/fr\/articles-religieux\/sainte-therese-de-lisieux-et-le-miracle-des-roses\/\"]}]},{\"@type\":\"ImageObject\",\"inLanguage\":\"fr-FR\",\"@id\":\"https:\/\/blog.holyart.it\/fr\/articles-religieux\/sainte-therese-de-lisieux-et-le-miracle-des-roses\/#primaryimage\",\"url\":\"https:\/\/blog.holyart.it\/fr\/wp-content\/uploads\/sites\/14\/2021\/10\/Sainte-Therese-de-Lisieux.jpg\",\"contentUrl\":\"https:\/\/blog.holyart.it\/fr\/wp-content\/uploads\/sites\/14\/2021\/10\/Sainte-Therese-de-Lisieux.jpg\",\"width\":1000,\"height\":666,\"caption\":\"Sainte Therese de Lisieux\"},{\"@type\":\"BreadcrumbList\",\"@id\":\"https:\/\/blog.holyart.it\/fr\/articles-religieux\/sainte-therese-de-lisieux-et-le-miracle-des-roses\/#breadcrumb\",\"itemListElement\":[{\"@type\":\"ListItem\",\"position\":1,\"name\":\"Homepage\",\"item\":\"https:\/\/blog.holyart.it\/fr\/\"},{\"@type\":\"ListItem\",\"position\":2,\"name\":\"Religion\",\"item\":\"https:\/\/blog.holyart.it\/fr\/articles-religieux\/\"},{\"@type\":\"ListItem\",\"position\":3,\"name\":\"Sainte Th\u00e9r\u00e8se de Lisieux et le miracle des roses\"}]},{\"@type\":\"WebSite\",\"@id\":\"https:\/\/blog.holyart.it\/fr\/#website\",\"url\":\"https:\/\/blog.holyart.it\/fr\/\",\"name\":\"Holyart.fr Blog\",\"description\":\"Holyblog\",\"publisher\":{\"@id\":\"https:\/\/blog.holyart.it\/fr\/#organization\"},\"potentialAction\":[{\"@type\":\"SearchAction\",\"target\":{\"@type\":\"EntryPoint\",\"urlTemplate\":\"https:\/\/blog.holyart.it\/fr\/?s={search_term_string}\"},\"query-input\":{\"@type\":\"PropertyValueSpecification\",\"valueRequired\":true,\"valueName\":\"search_term_string\"}}],\"inLanguage\":\"fr-FR\"},{\"@type\":\"Organization\",\"@id\":\"https:\/\/blog.holyart.it\/fr\/#organization\",\"name\":\"Holyart.fr Blog\",\"url\":\"https:\/\/blog.holyart.it\/fr\/\",\"logo\":{\"@type\":\"ImageObject\",\"inLanguage\":\"fr-FR\",\"@id\":\"https:\/\/blog.holyart.it\/fr\/#\/schema\/logo\/image\/\",\"url\":\"https:\/\/blog.holyart.it\/fr\/wp-content\/uploads\/sites\/14\/2022\/12\/Holyart_Blog_Logo.jpg\",\"contentUrl\":\"https:\/\/blog.holyart.it\/fr\/wp-content\/uploads\/sites\/14\/2022\/12\/Holyart_Blog_Logo.jpg\",\"width\":300,\"height\":50,\"caption\":\"Holyart.fr Blog\"},\"image\":{\"@id\":\"https:\/\/blog.holyart.it\/fr\/#\/schema\/logo\/image\/\"}},{\"@type\":\"Person\",\"@id\":\"https:\/\/blog.holyart.it\/fr\/#\/schema\/person\/0a7b686e5af0f856ec1e390dd0baecda\",\"name\":\"Redazione\",\"image\":{\"@type\":\"ImageObject\",\"inLanguage\":\"fr-FR\",\"@id\":\"https:\/\/blog.holyart.it\/fr\/#\/schema\/person\/image\/\",\"url\":\"https:\/\/secure.gravatar.com\/avatar\/f477da817f43e50d0af36abecd33e3edf826c68299714bdc1057dff3b113f516?s=96&d=mm&r=g\",\"contentUrl\":\"https:\/\/secure.gravatar.com\/avatar\/f477da817f43e50d0af36abecd33e3edf826c68299714bdc1057dff3b113f516?s=96&d=mm&r=g\",\"caption\":\"Redazione\"},\"url\":\"https:\/\/blog.holyart.it\/fr\/author\/admin\/\"}]}<\/script>\n<!-- \/ Yoast SEO plugin. -->","yoast_head_json":{"title":"Sainte Th\u00e9r\u00e8se de Lisieux et le miracle des roses - Holyart.fr Blog","description":"Sainte Th\u00e9r\u00e8se de Lisieux apr\u00e8s avoir pass\u00e9 une bonne partie de sa vie en clo\u00eetre, nous a laiss\u00e9 un mod\u00e8le de spiritualit\u00e9","robots":{"index":"index","follow":"follow","max-snippet":"max-snippet:-1","max-image-preview":"max-image-preview:large","max-video-preview":"max-video-preview:-1"},"canonical":"https:\/\/blog.holyart.it\/fr\/articles-religieux\/sainte-therese-de-lisieux-et-le-miracle-des-roses\/","og_locale":"fr_FR","og_type":"article","og_title":"Sainte Th\u00e9r\u00e8se de Lisieux et le miracle des roses - Holyart.fr Blog","og_description":"Sainte Th\u00e9r\u00e8se de Lisieux apr\u00e8s avoir pass\u00e9 une bonne partie de sa vie en clo\u00eetre, nous a laiss\u00e9 un mod\u00e8le de spiritualit\u00e9","og_url":"https:\/\/blog.holyart.it\/fr\/articles-religieux\/sainte-therese-de-lisieux-et-le-miracle-des-roses\/","og_site_name":"Holyart.fr Blog","article_published_time":"2021-10-07T08:00:33+00:00","article_modified_time":"2023-09-21T13:12:06+00:00","og_image":[{"width":1000,"height":666,"url":"https:\/\/blog.holyart.it\/fr\/wp-content\/uploads\/sites\/14\/2021\/10\/Sainte-Therese-de-Lisieux.jpg","type":"image\/jpeg"}],"author":"Redazione","twitter_card":"summary_large_image","twitter_misc":{"\u00c9crit par":"Redazione","Dur\u00e9e de lecture estim\u00e9e":"10 minutes"},"schema":{"@context":"https:\/\/schema.org","@graph":[{"@type":"Article","@id":"https:\/\/blog.holyart.it\/fr\/articles-religieux\/sainte-therese-de-lisieux-et-le-miracle-des-roses\/#article","isPartOf":{"@id":"https:\/\/blog.holyart.it\/fr\/articles-religieux\/sainte-therese-de-lisieux-et-le-miracle-des-roses\/"},"author":{"name":"Redazione","@id":"https:\/\/blog.holyart.it\/fr\/#\/schema\/person\/0a7b686e5af0f856ec1e390dd0baecda"},"headline":"Sainte Th\u00e9r\u00e8se de Lisieux et le miracle des roses","datePublished":"2021-10-07T08:00:33+00:00","dateModified":"2023-09-21T13:12:06+00:00","mainEntityOfPage":{"@id":"https:\/\/blog.holyart.it\/fr\/articles-religieux\/sainte-therese-de-lisieux-et-le-miracle-des-roses\/"},"wordCount":2194,"publisher":{"@id":"https:\/\/blog.holyart.it\/fr\/#organization"},"image":{"@id":"https:\/\/blog.holyart.it\/fr\/articles-religieux\/sainte-therese-de-lisieux-et-le-miracle-des-roses\/#primaryimage"},"thumbnailUrl":"https:\/\/blog.holyart.it\/fr\/wp-content\/uploads\/sites\/14\/2021\/10\/Sainte-Therese-de-Lisieux.jpg","articleSection":["Religion"],"inLanguage":"fr-FR"},{"@type":"WebPage","@id":"https:\/\/blog.holyart.it\/fr\/articles-religieux\/sainte-therese-de-lisieux-et-le-miracle-des-roses\/","url":"https:\/\/blog.holyart.it\/fr\/articles-religieux\/sainte-therese-de-lisieux-et-le-miracle-des-roses\/","name":"Sainte Th\u00e9r\u00e8se de Lisieux et le miracle des roses - Holyart.fr Blog","isPartOf":{"@id":"https:\/\/blog.holyart.it\/fr\/#website"},"primaryImageOfPage":{"@id":"https:\/\/blog.holyart.it\/fr\/articles-religieux\/sainte-therese-de-lisieux-et-le-miracle-des-roses\/#primaryimage"},"image":{"@id":"https:\/\/blog.holyart.it\/fr\/articles-religieux\/sainte-therese-de-lisieux-et-le-miracle-des-roses\/#primaryimage"},"thumbnailUrl":"https:\/\/blog.holyart.it\/fr\/wp-content\/uploads\/sites\/14\/2021\/10\/Sainte-Therese-de-Lisieux.jpg","datePublished":"2021-10-07T08:00:33+00:00","dateModified":"2023-09-21T13:12:06+00:00","description":"Sainte Th\u00e9r\u00e8se de Lisieux apr\u00e8s avoir pass\u00e9 une bonne partie de sa vie en clo\u00eetre, nous a laiss\u00e9 un mod\u00e8le de spiritualit\u00e9","breadcrumb":{"@id":"https:\/\/blog.holyart.it\/fr\/articles-religieux\/sainte-therese-de-lisieux-et-le-miracle-des-roses\/#breadcrumb"},"inLanguage":"fr-FR","potentialAction":[{"@type":"ReadAction","target":["https:\/\/blog.holyart.it\/fr\/articles-religieux\/sainte-therese-de-lisieux-et-le-miracle-des-roses\/"]}]},{"@type":"ImageObject","inLanguage":"fr-FR","@id":"https:\/\/blog.holyart.it\/fr\/articles-religieux\/sainte-therese-de-lisieux-et-le-miracle-des-roses\/#primaryimage","url":"https:\/\/blog.holyart.it\/fr\/wp-content\/uploads\/sites\/14\/2021\/10\/Sainte-Therese-de-Lisieux.jpg","contentUrl":"https:\/\/blog.holyart.it\/fr\/wp-content\/uploads\/sites\/14\/2021\/10\/Sainte-Therese-de-Lisieux.jpg","width":1000,"height":666,"caption":"Sainte Therese de Lisieux"},{"@type":"BreadcrumbList","@id":"https:\/\/blog.holyart.it\/fr\/articles-religieux\/sainte-therese-de-lisieux-et-le-miracle-des-roses\/#breadcrumb","itemListElement":[{"@type":"ListItem","position":1,"name":"Homepage","item":"https:\/\/blog.holyart.it\/fr\/"},{"@type":"ListItem","position":2,"name":"Religion","item":"https:\/\/blog.holyart.it\/fr\/articles-religieux\/"},{"@type":"ListItem","position":3,"name":"Sainte Th\u00e9r\u00e8se de Lisieux et le miracle des roses"}]},{"@type":"WebSite","@id":"https:\/\/blog.holyart.it\/fr\/#website","url":"https:\/\/blog.holyart.it\/fr\/","name":"Holyart.fr Blog","description":"Holyblog","publisher":{"@id":"https:\/\/blog.holyart.it\/fr\/#organization"},"potentialAction":[{"@type":"SearchAction","target":{"@type":"EntryPoint","urlTemplate":"https:\/\/blog.holyart.it\/fr\/?s={search_term_string}"},"query-input":{"@type":"PropertyValueSpecification","valueRequired":true,"valueName":"search_term_string"}}],"inLanguage":"fr-FR"},{"@type":"Organization","@id":"https:\/\/blog.holyart.it\/fr\/#organization","name":"Holyart.fr Blog","url":"https:\/\/blog.holyart.it\/fr\/","logo":{"@type":"ImageObject","inLanguage":"fr-FR","@id":"https:\/\/blog.holyart.it\/fr\/#\/schema\/logo\/image\/","url":"https:\/\/blog.holyart.it\/fr\/wp-content\/uploads\/sites\/14\/2022\/12\/Holyart_Blog_Logo.jpg","contentUrl":"https:\/\/blog.holyart.it\/fr\/wp-content\/uploads\/sites\/14\/2022\/12\/Holyart_Blog_Logo.jpg","width":300,"height":50,"caption":"Holyart.fr Blog"},"image":{"@id":"https:\/\/blog.holyart.it\/fr\/#\/schema\/logo\/image\/"}},{"@type":"Person","@id":"https:\/\/blog.holyart.it\/fr\/#\/schema\/person\/0a7b686e5af0f856ec1e390dd0baecda","name":"Redazione","image":{"@type":"ImageObject","inLanguage":"fr-FR","@id":"https:\/\/blog.holyart.it\/fr\/#\/schema\/person\/image\/","url":"https:\/\/secure.gravatar.com\/avatar\/f477da817f43e50d0af36abecd33e3edf826c68299714bdc1057dff3b113f516?s=96&d=mm&r=g","contentUrl":"https:\/\/secure.gravatar.com\/avatar\/f477da817f43e50d0af36abecd33e3edf826c68299714bdc1057dff3b113f516?s=96&d=mm&r=g","caption":"Redazione"},"url":"https:\/\/blog.holyart.it\/fr\/author\/admin\/"}]}},"_links":{"self":[{"href":"https:\/\/blog.holyart.it\/fr\/wp-json\/wp\/v2\/posts\/3478","targetHints":{"allow":["GET"]}}],"collection":[{"href":"https:\/\/blog.holyart.it\/fr\/wp-json\/wp\/v2\/posts"}],"about":[{"href":"https:\/\/blog.holyart.it\/fr\/wp-json\/wp\/v2\/types\/post"}],"author":[{"embeddable":true,"href":"https:\/\/blog.holyart.it\/fr\/wp-json\/wp\/v2\/users\/1"}],"replies":[{"embeddable":true,"href":"https:\/\/blog.holyart.it\/fr\/wp-json\/wp\/v2\/comments?post=3478"}],"version-history":[{"count":1,"href":"https:\/\/blog.holyart.it\/fr\/wp-json\/wp\/v2\/posts\/3478\/revisions"}],"predecessor-version":[{"id":7040,"href":"https:\/\/blog.holyart.it\/fr\/wp-json\/wp\/v2\/posts\/3478\/revisions\/7040"}],"wp:featuredmedia":[{"embeddable":true,"href":"https:\/\/blog.holyart.it\/fr\/wp-json\/wp\/v2\/media\/3479"}],"wp:attachment":[{"href":"https:\/\/blog.holyart.it\/fr\/wp-json\/wp\/v2\/media?parent=3478"}],"wp:term":[{"taxonomy":"category","embeddable":true,"href":"https:\/\/blog.holyart.it\/fr\/wp-json\/wp\/v2\/categories?post=3478"},{"taxonomy":"post_tag","embeddable":true,"href":"https:\/\/blog.holyart.it\/fr\/wp-json\/wp\/v2\/tags?post=3478"}],"curies":[{"name":"wp","href":"https:\/\/api.w.org\/{rel}","templated":true}]}}