{"id":3453,"date":"2021-09-30T10:00:58","date_gmt":"2021-09-30T08:00:58","guid":{"rendered":"https:\/\/blog.holyart.it\/fr\/?p=3453"},"modified":"2022-10-20T10:11:35","modified_gmt":"2022-10-20T08:11:35","slug":"5-cadeaux-pour-la-fete-des-grands-parents","status":"publish","type":"post","link":"https:\/\/blog.holyart.it\/fr\/articles-religieux\/5-cadeaux-pour-la-fete-des-grands-parents\/","title":{"rendered":"5 cadeaux pour la f\u00eate des grands-parents"},"content":{"rendered":"<h4>Le 2 octobre en Italie est d\u00e9di\u00e9 \u00e0 la c\u00e9l\u00e9bration civile de la F\u00eate des grands-parents. Le m\u00eame jour, l\u2019\u00c9glise f\u00eate les Anges gardiens. Et ce n\u2019est pas un hasard.<\/h4>\n\n<p>La f\u00eate des grands-parents n\u2019est pas une f\u00eate religieuse \u00e0 proprement parler. L\u2019\u00e9glise catholique rappelle comme saints patrons des grands-parents les Saints <strong>Joachim et Anne, parents de Marie<\/strong> et grands-parents de J\u00e9sus, mais leur m\u00e9moire est c\u00e9l\u00e9br\u00e9e respectivement le 26 juillet et le 16 ao\u00fbt.<\/p>\n<p>L\u2019id\u00e9e de d\u00e9dier un jour sp\u00e9cial aux grands-parents est venue dans les ann\u00e9es \u201980 \u00e0 une dame am\u00e9ricaine, m\u00e8re de quinze enfants et grand-m\u00e8re de quarante petits-enfants. Elle s\u2019appelait Marian McQuade et elle proposa une <strong>f\u00eate pour c\u00e9l\u00e9brer l\u2019importance des grands-parents dans la soci\u00e9t\u00e9<\/strong>, en tant que <strong>pilier des familles, fondement de l\u2019\u00e9ducation<\/strong> des jeunes et collant indispensable pour la <strong>communication entre g\u00e9n\u00e9rations<\/strong>. Gr\u00e2ce \u00e0 cette dame entreprenante, la f\u00eate des grands-parents fut institu\u00e9e aux Etats-Unis en 1978.<\/p>\n<p>Le <strong>Parlement italien<\/strong> a reconnu la F\u00eate des Grands-parents le 31 juillet 2005 et, depuis lors, elle est f\u00eat\u00e9e le 2 octobre.<\/p>\n<p>Mais que f\u00eatons-nous ? Il s\u2019agit d\u2019une journ\u00e9e sp\u00e9ciale finalis\u00e9e \u00e0 <strong>honorer tous les grands-p\u00e8res et les grands-m\u00e8res<\/strong>, \u00e0 <strong>les remercier<\/strong> pour leur r\u00f4le d\u2019\u00e9ducateurs et de gardiens de la m\u00e9moire, non seulement de celle de la famille, mais la m\u00e9moire historique d\u2019une nation enti\u00e8re, trop souvent laiss\u00e9e aux livres d\u2019histoire qui ne savent pas rendre justice aux \u00e9motions, au c\u0153ur de qui l\u2019a v\u00e9cue sur sa propre peau.<\/p>\n<p>En Italie, il y a une <strong>fleur<\/strong> que l\u2019Union Nationale des P\u00e9pini\u00e9ristes et Fleuristes a voulu d\u00e9di\u00e9 \u00e0 la F\u00eate des Grands-Parents : les mysotis ou \u201csouvenez-vous-de-moi\u201d. Et il y a m\u00eame une <strong>chanson officielle<\/strong>, <em>Tu sarai<\/em>, de Walter Bassani, \u00e9crite en 2005 sur commission par la F\u00e9d\u00e9ration des Transporteurs Italiens. Voici quelques couplets de la chanson :<\/p>\n<p><em>I nonni sono dei giardinieri\u00a0\u00a0\u00a0\u00a0\u00a0\u00a0\u00a0\u00a0\u00a0\u00a0\u00a0\u00a0\u00a0\u00a0\u00a0\u00a0\u00a0\u00a0\u00a0\u00a0\u00a0\u00a0\u00a0\u00a0\u00a0\u00a0\u00a0\u00a0\u00a0\u00a0\u00a0\u00a0\u00a0\u00a0\u00a0\u00a0\u00a0\u00a0 Les grands-parents sont des jardiniers<\/em><br \/>\n<em>e sanno tutto sui pomodori,\u00a0\u00a0\u00a0\u00a0\u00a0\u00a0\u00a0\u00a0\u00a0\u00a0\u00a0\u00a0\u00a0\u00a0\u00a0\u00a0\u00a0\u00a0\u00a0\u00a0\u00a0\u00a0\u00a0\u00a0\u00a0\u00a0\u00a0\u00a0\u00a0\u00a0\u00a0\u00a0\u00a0\u00a0\u00a0\u00a0\u00a0\u00a0 et ils savent tout sur les tomates,<\/em><br \/>\n<em>passano il tempo coltivando fiori\u00a0\u00a0\u00a0\u00a0\u00a0\u00a0\u00a0\u00a0\u00a0\u00a0\u00a0\u00a0\u00a0\u00a0\u00a0\u00a0\u00a0\u00a0\u00a0\u00a0\u00a0\u00a0\u00a0\u00a0\u00a0\u00a0\u00a0\u00a0\u00a0 ils passent leur temps \u00e0 cultiver des fleurs<\/em><br \/>\n<em>pregano dentro per quel mondo fuori.\u00a0\u00a0\u00a0\u00a0\u00a0\u00a0\u00a0\u00a0\u00a0\u00a0\u00a0\u00a0\u00a0\u00a0\u00a0\u00a0\u00a0\u00a0\u00a0\u00a0\u00a0 ils prient \u00e0 l\u2019int\u00e9rieur pour ce monde ext\u00e9rieur.<\/em><\/p>\n<p><em>I nonni insegnano senza parlare\u00a0\u00a0\u00a0\u00a0\u00a0\u00a0\u00a0\u00a0\u00a0\u00a0\u00a0\u00a0\u00a0\u00a0\u00a0\u00a0\u00a0\u00a0\u00a0\u00a0\u00a0\u00a0\u00a0\u00a0\u00a0\u00a0\u00a0\u00a0\u00a0\u00a0 Les grands-parents apprennent sans parler<\/em><br \/>\n<em>che senza amore questo mondo muore.\u00a0\u00a0\u00a0\u00a0\u00a0\u00a0\u00a0\u00a0\u00a0\u00a0\u00a0\u00a0\u00a0\u00a0\u00a0\u00a0\u00a0\u00a0\u00a0 que sans amour ce monde se meure.<\/em><br \/>\n<em>I nonni cercano di farci capire\u00a0\u00a0\u00a0\u00a0\u00a0\u00a0\u00a0\u00a0\u00a0\u00a0\u00a0\u00a0\u00a0\u00a0\u00a0\u00a0\u00a0\u00a0\u00a0\u00a0\u00a0\u00a0\u00a0\u00a0\u00a0\u00a0\u00a0\u00a0\u00a0\u00a0\u00a0\u00a0\u00a0 Les grands-parents cherchent \u00e0 nous faire<\/em><\/p>\n<p><em>comprendre<\/em><\/p>\n<p><em>qual \u00e8 la strada per non soffrire.\u00a0\u00a0\u00a0\u00a0\u00a0\u00a0\u00a0\u00a0\u00a0\u00a0\u00a0\u00a0\u00a0\u00a0\u00a0\u00a0\u00a0\u00a0\u00a0\u00a0\u00a0\u00a0\u00a0\u00a0\u00a0\u00a0\u00a0\u00a0\u00a0\u00a0 quel est le chemin pour ne pas souffrir.\u00a0\u00a0\u00a0\u00a0\u00a0\u00a0\u00a0\u00a0 <\/em><\/p>\n<p>Le fait m\u00eame que l\u2019\u00c9tat italien ait voulu d\u00e9dier une reconnaissance officielle justement avec cette F\u00eate des Grands-Parents du 2 octobre nous fait comprendre combien leur valeur dans la soci\u00e9t\u00e9 soit encore d\u00e9terminant, surtout pour la croissance et le bonheur des enfants, qui souvent fournissent aux grands-parents le soutien et la tutelle que les parents, pris par leur travail, ne peuvent garantir. Un <strong>moment de rencontre et de reconnaissance<\/strong>, donc, comme soulign\u00e9 par les nombreuses initiatives promues par les autorit\u00e9s locales et par les \u00e9coles, qui encouragent les enfants de tout \u00e2ge \u00e0 r\u00e9\u00e9valuer l\u2019importance des grands-parents dans leur vie, de reconna\u00eetre combien ces <a href=\"https:\/\/www.holyart.fr\/blog\/articles-religieux\/ange-gardien-quil-10-choses-a-savoir\/\"><strong>anges gardiens<\/strong><\/a> soient pr\u00e9cieux \u00e0 leurs c\u00f4t\u00e9s.<\/p>\n<p>Voil\u00e0 o\u00f9 \u00e9merge probablement le <strong><a href=\"https:\/\/www.holyart.fr\/blog\/articles-religieux\/fete-des-grands-parents-quand-la-celebrer-quoi-offrir-un-lien-tres-fort-avec-les-anges-gardiens\/\">lien entre la F\u00eate des Grands-Parents et la r\u00e9currence du 2 octobre que l\u2019\u00c9glise d\u00e9die aux Anges gardiens<\/a><\/strong>.<\/p>\n<div class=\"link-article\">\n<p><img loading=\"lazy\" decoding=\"async\" class=\"alignleft size-full wp-image-3455\" src=\"https:\/\/blog.holyart.it\/fr\/wp-content\/uploads\/sites\/14\/2021\/09\/fete-des-grand-parents.jpg\" alt=\"fete des grand parents\" width=\"150\" height=\"100\" data-kale-share-title=\"5 cadeaux pour la f\u00eate des grands-parents\" data-kale-share-url=\"https:\/\/blog.holyart.it\/fr\/?p=3453\" \/><\/p>\n<div class=\"leggi-anche\">Lire aussi :<\/div>\n<p><strong><a href=\"https:\/\/www.holyart.fr\/blog\/articles-religieux\/ange-gardien-quil-10-choses-a-savoir\/\">F\u00eate des grands-parents : quand la c\u00e9l\u00e9brer, quoi offrir, un lien tr\u00e8s fort avec les anges gardiens<\/a><\/strong><br \/>\nTout le monde n\u2019a pas eu la chance de grandir avec un grand-parent \u00e0 ses c\u00f4t\u00e9s. Cela peut para\u00eetre une affirmation bizarre&#8230;<\/p>\n<\/div>\n<p>Penser aux grands-parents en tant que guides et gardiens aimants des petit-enfants, <strong>Anges gardiens en chair et en os<\/strong>, qui aident leurs enfants \u00e0 affronter les difficult\u00e9s quotidiennes de leurs jeunes familles, et servent de point de r\u00e9f\u00e9rence pour les plus petits, souvent laiss\u00e9s seuls et un peu \u00e9gar\u00e9s dans ce monde moderne toujours plus fr\u00e9n\u00e9tique.<\/p>\n<p>Mais notre r\u00e9flexion est qu\u2019<strong>il serait beau de penser aux grands-parents tous les jours<\/strong>, et non seulement le 2 octobre. Ils le m\u00e9ritent, avec tout ce qu\u2019ils font, et ils devraient \u00eatre remerci\u00e9s bien plus souvent en recevant des cadeaux de leurs petit-enfants en tant que manifestation de gratitude et d\u2019amour.<\/p>\n<div class=\"link-article\">\n<p><img loading=\"lazy\" decoding=\"async\" class=\"alignleft size-full wp-image-3456\" src=\"https:\/\/blog.holyart.it\/fr\/wp-content\/uploads\/sites\/14\/2021\/09\/ange-gardien.jpg\" alt=\"ange gardien\" width=\"150\" height=\"100\" data-kale-share-title=\"5 cadeaux pour la f\u00eate des grands-parents\" data-kale-share-url=\"https:\/\/blog.holyart.it\/fr\/?p=3453\" \/><\/p>\n<div class=\"leggi-anche\">Lire aussi :<\/div>\n<p><strong><a href=\"https:\/\/www.holyart.fr\/blog\/articles-religieux\/ange-gardien-quil-10-choses-a-savoir\/\">F\u00eate des grands-parents : quand la c\u00e9l\u00e9brer, quoi offrir, un lien tr\u00e8s fort avec les anges gardiens<\/a><\/strong><br \/>\nSelon la tradition chr\u00e9tienne, chacun de nous a un Ange Gardien, qui l&rsquo;accompagne du moment de sa naissance jusqu&rsquo;au moment&#8230;<\/p>\n<\/div>\n<h2>La f\u00eate des grands-parents dans le monde<\/h2>\n<p>Les autres pays du monde c\u00e9l\u00e8brent aussi la F\u00eate des Grands-parents, mais \u00e0 des jours diff\u00e9rents.<\/p>\n<p>Aux <strong>\u00c9tats-Unis<\/strong>, o\u00f9 les festivit\u00e9s tombent rarement \u00e0 une date fixe, la F\u00eate des Grands-parents tombe le <strong>premier dimanche de septembre<\/strong>, tout de suite apr\u00e8s le <em>Labor Day<\/em>, la f\u00eate des travailleurs am\u00e9ricains qui marque le retour au travail apr\u00e8s les vacances le premier lundi de septembre. Cette ann\u00e9e, la f\u00eate tombera le <strong>13 septembre<\/strong>.<\/p>\n<p>Au <strong>Portugal<\/strong> et en <strong>Espagne<\/strong>, les grands-parents sont f\u00eat\u00e9s le <strong>26 juillet<\/strong>, en m\u00eame temps que la F\u00eate des Saints <u>Joachim et Anne, les grands-parents de J\u00e9sus<\/u>. Les autres pays latino-am\u00e9ricains, comme l\u2019Argentine, le Nicaragua, Panama et le Paraguay, f\u00eatent aussi les grands-parents ce m\u00eame jour, tandis qu\u2019au Mexique la f\u00eate tombe le <strong>28 ao\u00fbt<\/strong>.<\/p>\n<p>En <strong>France<\/strong>, depuis 2008, les grands-parents sont f\u00eat\u00e9s <strong>le premier dimanche d\u2019octobre<\/strong> gr\u00e2ce \u00e0 l\u2019\u00e9crivain et peintre Franck Izquierdo, tandis que la F\u00eate des Grands-m\u00e8res tombe <strong>le premier dimanche de mars <\/strong>depuis 1987 par l\u2019initiative d\u2019une marque de caf\u00e9, Grand\u2019M\u00e8re.<\/p>\n<p>En <strong>Pologne<\/strong>, depuis 1964, on f\u00eate la Journ\u00e9e des Grands-M\u00e8res le <strong>21 janvier<\/strong> et celle des Grands-P\u00e8res le <strong>22 janvier<\/strong>. Les deux f\u00eates sont tr\u00e8s ressenties dans ce pays, o\u00f9 les grands-parents re\u00e7oivent cadeaux, fleurs et cartes de v\u0153ux de la part de leurs petits-enfants.<\/p>\n<p>Depuis 1990, dans le <strong>Royaume Uni<\/strong>, les grands-parents sont c\u00e9l\u00e9br\u00e9s le premier dimanche d\u2019octobre sur initiative d\u2019<em>Age Concern<\/em>, une r\u00e9alit\u00e9 qui regroupe de nombreuses organisations humanitaires prenant soin des personnes \u00e2g\u00e9es. Cette ann\u00e9e leur f\u00eate tombe le <strong>4 octobre<\/strong>.<\/p>\n<p>En <strong>Australie<\/strong>, dans le Queensland, on f\u00eate le <em>Grandparents Day<\/em> le <strong>premier dimanche de novembre<\/strong>, tandis que dans le New South Walers la F\u00eate des Grands-parents tombe le <strong>dernier dimanche d\u2019octobre<\/strong>.<\/p>\n<h2>F\u00eate des grands-parents : des cadeaux personnalis\u00e9s<\/h2>\n<p>Mais venons aux cadeaux que nous pouvons offrir \u00e0 nos grands-parents en ce jour qui leur est d\u00e9di\u00e9. Les <strong>v\u0153ux<\/strong> seront s\u00fbrement appr\u00e9ci\u00e9s, tout comme les <strong>fleurs<\/strong>, surtout pour les grands-m\u00e8res. Les plus petits pourront offrir aux grands-parents un <strong>dessin<\/strong> r\u00e9alis\u00e9 avec leurs propres mains, ou peut-\u00eatre un petit <strong>bricolage confectionn\u00e9 \u00e0 l\u2019\u00e9cole<\/strong>. Mais si vous pr\u00e9f\u00e9rez surprendre vos grands-parents avec un cadeau plus important, choisi avec le c\u0153ur, pour leur faire savoir combien vous pensez \u00e0 eux et combien vous les aimez, voici quelques propositions depuis notre catalogue en ligne.<\/p>\n<h2>Chapelet sur mesure<\/h2>\n<p>Qu\u2019y a-t-il de plus beau pour un grand-parent qui est aussi un fervent croyant de recevoir un magnifique <strong>chapelet r\u00e9alis\u00e9 sur mesure<\/strong> express\u00e9ment pour lui ? Oui, vous pouvez choisir les grains, la croix, une m\u00e9daille sp\u00e9cifique, comme celles <a href=\"https:\/\/www.holyart.fr\/blog\/articles-religieux\/bijoux-religieux-la-nouvelle-gamme-de-produits-holyart\/\"><strong>r\u00e9alis\u00e9es en exclusivit\u00e9 pour Holyart<\/strong><\/a>, la cha\u00eene et tous les accessoires d\u2019assemblage.<\/p>\n<div class=\"link-article\">\n<p><img loading=\"lazy\" decoding=\"async\" class=\"alignleft size-full wp-image-3457\" src=\"https:\/\/blog.holyart.it\/fr\/wp-content\/uploads\/sites\/14\/2021\/09\/Bijoux-religieux.jpg\" alt=\"Bijoux religieux\" width=\"150\" height=\"100\" data-kale-share-title=\"5 cadeaux pour la f\u00eate des grands-parents\" data-kale-share-url=\"https:\/\/blog.holyart.it\/fr\/?p=3453\" \/><\/p>\n<div class=\"leggi-anche\">Lire aussi :<\/div>\n<p><strong><a href=\"https:\/\/www.holyart.fr\/blog\/articles-religieux\/bijoux-religieux-la-nouvelle-gamme-de-produits-holyart\/\">Bijoux religieux la nouvelle gamme de produits Holyart<\/a><\/strong><br \/>\nBijoux religieux ? Oui, mais uniquement si de haute qualit\u00e9, r\u00e9alis\u00e9s selon des m\u00e9thodes artisanales par des entreprises italiennes&#8230;<\/p>\n<\/div>\n<p>Dans notre magasin en ligne, vous trouverez des <a href=\"https:\/\/www.holyart.fr\/articles-religieux\/chapelets-et-etuis-a-chapelet\/chapelet-a-faire-soi-meme\/kit-144-chapelets\"><strong>kits complets<\/strong><\/a> pour r\u00e9aliser soi-m\u00eame un chapelet pour votre grand-parent, avec tout ce qu\u2019il vous faut, du cordon aux fermoirs, des accessoires de finition m\u00e9talliques \u00e0 la croix, des perles \u00e0 la m\u00e9daille avec image de la Vierge, ou \u00e0 la croix pastorale de Jean-Paul II. Le tout livr\u00e9 avec des instructions claires et pr\u00e9cises pour la <a href=\"https:\/\/www.holyart.fr\/articles-religieux\/chapelets-et-etuis-a-chapelet\/chapelet-a-faire-soi-meme\"><strong>confection du chapelet<\/strong><\/a>. Et puis pensez \u00e0 combien vos grands-parents seront heureux de savoir combien vous vous \u00eates appliqu\u00e9s pour construire quelque chose de si beau expr\u00e8s pour eux !<\/p>\n<div class=\"link-product\">\n<div class=\"blocco-immagine\"><img loading=\"lazy\" decoding=\"async\" class=\"alignleft size-full wp-image-3459\" src=\"https:\/\/blog.holyart.it\/fr\/wp-content\/uploads\/sites\/14\/2021\/09\/Chapelet-\u00e0-faire-soi-m\u00eame-1.jpg\" alt=\"Chapelet \u00e0 faire soi-m\u00eame\" width=\"100\" height=\"100\" data-kale-share-title=\"5 cadeaux pour la f\u00eate des grands-parents\" data-kale-share-url=\"https:\/\/blog.holyart.it\/fr\/?p=3453\" \/><\/div>\n<div class=\"blocco-contenuto\">\n<div class=\"blocco-acquista\">Acheter sur Holyart:<\/div>\n<div class=\"blocco-titolo\"><a href=\"https:\/\/www.holyart.fr\/articles-religieux\/chapelets-et-etuis-a-chapelet\/chapelet-a-faire-soi-meme\">Chapelet \u00e0 faire soi-m\u00eame<\/a><\/div>\n<div class=\"blocco-descrizione\">Chapelet \u00e0 faire soi-m\u00eame: dans cette cat\u00e9gorie vous trouverez tout le n\u00e9cessaire pour r\u00e9aliser vous m\u00eame vos chapelets.<\/div>\n<\/div>\n<\/div>\n<h2>Porte-photo<\/h2>\n<p>Le <strong>porte-photo<\/strong> est un grand classique pour toutes les occasions. Pour la F\u00eate des Grands-parents pourquoi donc ne pas choisir d\u2019en offrir un tout \u00e0 fait magnifique et d\u2019y glisser en plus une photo sp\u00e9ciale de vous, voire une d\u2019eux et vous ensemble. Ainsi ils pourront se rappeler \u00e0 chaque instant combien vous les aimez et vous tenez \u00e0 eux.<\/p>\n<div class=\"link-product\">\n<div class=\"blocco-immagine\"><img loading=\"lazy\" decoding=\"async\" class=\"alignleft size-full wp-image-3460\" src=\"https:\/\/blog.holyart.it\/fr\/wp-content\/uploads\/sites\/14\/2021\/09\/porte-photo.jpg\" alt=\"porte-photo\" width=\"100\" height=\"100\" data-kale-share-title=\"5 cadeaux pour la f\u00eate des grands-parents\" data-kale-share-url=\"https:\/\/blog.holyart.it\/fr\/?p=3453\" \/><\/div>\n<div class=\"blocco-contenuto\">\n<div class=\"blocco-acquista\">Acheter sur Holyart:<\/div>\n<div class=\"blocco-titolo\"><a href=\"https:\/\/www.holyart.fr\/articles-religieux\/cadeaux-et-souvenirs-pour-les-occasions-speciales\/bonbonniere-porte-photo-ange-coeur-inox-9x12-cm-avec-cristaux\">Bonbonni\u00e8re porte-photo Ange coeur avec cristaux<\/a><\/div>\n<div class=\"blocco-descrizione\">Bonbonni\u00e8re porte-photo en cristal enti\u00e8rement r\u00e9alis\u00e9e \u00e0 la main en Italie.<\/div>\n<\/div>\n<\/div>\n<h2>Statuette du saint pr\u00e9f\u00e9r\u00e9<\/h2>\n<p>Sur Holyart, vous pouvez choisir parmi <a href=\"https:\/\/www.holyart.fr\/articles-religieux\/statues\/statues-en-resine-et-pvc\"><strong>plus de 300 statues de saints<\/strong><\/a>. De Padre Pio \u00e0 Saint Fran\u00e7ois, de Notre-Dame de Fatima \u00e0 Saint Antoine. Elles sont toutes <a href=\"https:\/\/www.holyart.fr\/blog\/articles-religieux\/statues-religieuses-en-platre-lexcellence-de-lartisanat-italien\/\"><strong>produites en Italie par des entreprises artisanales<\/strong><\/a> utilisant des m\u00e9thodes de fabrication traditionnelles avec un grand professionnalisme et un grand soin pour les d\u00e9tails.<\/p>\n<div class=\"link-product\">\n<div class=\"blocco-immagine\"><img loading=\"lazy\" decoding=\"async\" class=\"alignleft size-full wp-image-3461\" src=\"https:\/\/blog.holyart.it\/fr\/wp-content\/uploads\/sites\/14\/2021\/09\/STATUES-EN-R\u00c9SINE-ET-PVC.jpg\" alt=\"STATUES EN R\u00c9SINE ET PVC\" width=\"100\" height=\"100\" data-kale-share-title=\"5 cadeaux pour la f\u00eate des grands-parents\" data-kale-share-url=\"https:\/\/blog.holyart.it\/fr\/?p=3453\" \/><\/div>\n<div class=\"blocco-contenuto\">\n<div class=\"blocco-acquista\">Acheter sur Holyart:<\/div>\n<div class=\"blocco-titolo\"><a href=\"https:\/\/www.holyart.fr\/articles-religieux\/statues\/statues-en-resine-et-pvc\">Statues en r\u00e9sine et PVC<\/a><\/div>\n<div class=\"blocco-descrizione\">Vaste choix de statues de J\u00e9sus, de Notre Dame et des Saints disponibles en plusieurs tailles.<\/div>\n<\/div>\n<\/div>\n<h2>M\u00e9daille de la Vierge Miraculeuse<\/h2>\n<p>Les bijoux religieux aussi peuvent \u00eatre des cadeaux tr\u00e8s appr\u00e9ci\u00e9s par les grands-parents, et pas uniquement. Vous en trouverez de tous les genres, en or ou en argent : <a href=\"https:\/\/www.holyart.fr\/articles-religieux\/bijoux-religieux\/chapelets-en-argent\"><strong>chapelets<\/strong><\/a>, <a href=\"https:\/\/www.holyart.fr\/articles-religieux\/bijoux-religieux\/pendentifs-croix-et-broches\"><strong>colliers, dizainiers, m\u00e9dailles et broches<\/strong><\/a>. Tous nos bijoux sont r\u00e9alis\u00e9s \u00e0 la main par des ma\u00eetres orf\u00e8vres italiens, et sont originaux et \u00e9l\u00e9gants, \u00e0 porter ou \u00e0 offrir. Pour vos grands-parents, vous pouvez choisir parmi diff\u00e9rentes <a href=\"https:\/\/www.holyart.fr\/articles-religieux\/bijoux-religieux\/pendentifs-croix-et-broches?39%5B%5D=1747%2C1640%2C1643&amp;p_min=&amp;p_max=\">m\u00e9dailles<\/a>, en or ou en argent, ou peut-\u00eatre une splendide cam\u00e9e avec filigrane d\u2019argent, ou encore avec une photo sp\u00e9ciale imprim\u00e9e en quadrichromie sur de la vitroc\u00e9ramique.<\/p>\n<div class=\"link-product\">\n<div class=\"blocco-immagine\"><img loading=\"lazy\" decoding=\"async\" class=\"alignleft size-full wp-image-3462\" src=\"https:\/\/blog.holyart.it\/fr\/wp-content\/uploads\/sites\/14\/2021\/09\/pendentifs.jpg\" alt=\"pendentifs\" width=\"100\" height=\"100\" data-kale-share-title=\"5 cadeaux pour la f\u00eate des grands-parents\" data-kale-share-url=\"https:\/\/blog.holyart.it\/fr\/?p=3453\" \/><\/div>\n<div class=\"blocco-contenuto\">\n<div class=\"blocco-acquista\">Acheter sur Holyart:<\/div>\n<div class=\"blocco-titolo\"><a href=\"https:\/\/www.holyart.fr\/articles-religieux\/bijoux-religieux\/pendentifs-croix-et-broches?39%5B%5D=1747%2C1640%2C1643&amp;p_min=&amp;p_max=\">Pendentifs, croix et broches<\/a><\/div>\n<div class=\"blocco-descrizione\">Pendentifs, croix, broches, m\u00e9dailles et colliers en or et argent sur diff\u00e9rents sujets.<\/div>\n<\/div>\n<\/div>\n<h2>Cadre avec anges<\/h2>\n<p>Et pour revenir \u00e0 l\u2019argument de cet article et au lien entre la F\u00eate des Grands-parents et celle des Anges gardiens, pourquoi ne pas offrir \u00e0 vos grands-parents un petit <a href=\"https:\/\/www.holyart.fr\/articles-religieux\/tableaux-gravures-manuscrit-enlumine?22%5B%5D=1195&amp;p_min=&amp;p_max=\"><strong>cadre repr\u00e9sentant un ange gardien<\/strong> <\/a>? Ce serait un cadeau pour faire comprendre de mani\u00e8re attentionn\u00e9e et touchante que c\u2019est ainsi que vous les voyez, <a href=\"https:\/\/www.holyart.fr\/articles-religieux\/anges?sorter_id=4&amp;sort=20a\"><strong>comme vos anges uniques et sp\u00e9ciaux<\/strong><\/a>, toujours \u00e0 vos c\u00f4t\u00e9s.<\/p>\n<div class=\"link-product\">\n<div class=\"blocco-immagine\"><img loading=\"lazy\" decoding=\"async\" class=\"alignleft size-full wp-image-3463\" src=\"https:\/\/blog.holyart.it\/fr\/wp-content\/uploads\/sites\/14\/2021\/09\/anges.jpg\" alt=\"anges\" width=\"100\" height=\"100\" data-kale-share-title=\"5 cadeaux pour la f\u00eate des grands-parents\" data-kale-share-url=\"https:\/\/blog.holyart.it\/fr\/?p=3453\" \/><\/div>\n<div class=\"blocco-contenuto\">\n<div class=\"blocco-acquista\">Acheter sur Holyart:<\/div>\n<div class=\"blocco-titolo\"><a href=\"https:\/\/www.holyart.fr\/articles-religieux\/anges\">Anges<\/a><\/div>\n<div class=\"blocco-descrizione\">Anges et petits anges tr\u00e8s vari\u00e9s: en bois, en vitraille, en porcelaine et bien d&rsquo;autres mat\u00e9riels.<\/div>\n<\/div>\n<\/div>\n","protected":false},"excerpt":{"rendered":"<p>Le 2 octobre en Italie est d\u00e9di\u00e9 \u00e0 la c\u00e9l\u00e9bration civile de la F\u00eate des grands-parents. Le m\u00eame jour, l\u2019\u00c9glise f\u00eate les Anges gardiens. Et ce n\u2019est pas un hasard. La f\u00eate des grands-parents n\u2019est pas une f\u00eate religieuse \u00e0 proprement parler. L\u2019\u00e9glise catholique rappelle&hellip;<\/p>\n","protected":false},"author":1,"featured_media":3454,"comment_status":"closed","ping_status":"open","sticky":false,"template":"","format":"standard","meta":{"_acf_changed":false,"footnotes":""},"categories":[8],"tags":[],"class_list":["post-3453","post","type-post","status-publish","format-standard","has-post-thumbnail","hentry","category-articles-religieux"],"acf":[],"yoast_head":"<!-- This site is optimized with the Yoast SEO plugin v26.6 - https:\/\/yoast.com\/wordpress\/plugins\/seo\/ -->\n<title>5 cadeaux pour la f\u00eate des grands-parents - Holyart.fr Blog<\/title>\n<meta name=\"description\" content=\"Le 2 octobre en Italie est d\u00e9di\u00e9 \u00e0 la c\u00e9l\u00e9bration civile de la F\u00eate des grands-parents. Le m\u00eame jour, l\u2019\u00c9glise f\u00eate les Anges gardiens.\" \/>\n<meta name=\"robots\" content=\"index, follow, max-snippet:-1, max-image-preview:large, max-video-preview:-1\" \/>\n<link rel=\"canonical\" href=\"https:\/\/blog.holyart.it\/fr\/articles-religieux\/5-cadeaux-pour-la-fete-des-grands-parents\/\" \/>\n<meta property=\"og:locale\" content=\"fr_FR\" \/>\n<meta property=\"og:type\" content=\"article\" \/>\n<meta property=\"og:title\" content=\"5 cadeaux pour la f\u00eate des grands-parents - Holyart.fr Blog\" \/>\n<meta property=\"og:description\" content=\"Le 2 octobre en Italie est d\u00e9di\u00e9 \u00e0 la c\u00e9l\u00e9bration civile de la F\u00eate des grands-parents. Le m\u00eame jour, l\u2019\u00c9glise f\u00eate les Anges gardiens.\" \/>\n<meta property=\"og:url\" content=\"https:\/\/blog.holyart.it\/fr\/articles-religieux\/5-cadeaux-pour-la-fete-des-grands-parents\/\" \/>\n<meta property=\"og:site_name\" content=\"Holyart.fr Blog\" \/>\n<meta property=\"article:published_time\" content=\"2021-09-30T08:00:58+00:00\" \/>\n<meta property=\"article:modified_time\" content=\"2022-10-20T08:11:35+00:00\" \/>\n<meta property=\"og:image\" content=\"https:\/\/blog.holyart.it\/fr\/wp-content\/uploads\/sites\/14\/2021\/09\/cadeaux-pour-la-fete-des-grands-parents.jpg\" \/>\n\t<meta property=\"og:image:width\" content=\"1000\" \/>\n\t<meta property=\"og:image:height\" content=\"666\" \/>\n\t<meta property=\"og:image:type\" content=\"image\/jpeg\" \/>\n<meta name=\"author\" content=\"Redazione\" \/>\n<meta name=\"twitter:card\" content=\"summary_large_image\" \/>\n<meta name=\"twitter:label1\" content=\"\u00c9crit par\" \/>\n\t<meta name=\"twitter:data1\" content=\"Redazione\" \/>\n\t<meta name=\"twitter:label2\" content=\"Dur\u00e9e de lecture estim\u00e9e\" \/>\n\t<meta name=\"twitter:data2\" content=\"9 minutes\" \/>\n<script type=\"application\/ld+json\" class=\"yoast-schema-graph\">{\"@context\":\"https:\/\/schema.org\",\"@graph\":[{\"@type\":\"Article\",\"@id\":\"https:\/\/blog.holyart.it\/fr\/articles-religieux\/5-cadeaux-pour-la-fete-des-grands-parents\/#article\",\"isPartOf\":{\"@id\":\"https:\/\/blog.holyart.it\/fr\/articles-religieux\/5-cadeaux-pour-la-fete-des-grands-parents\/\"},\"author\":{\"name\":\"Redazione\",\"@id\":\"https:\/\/blog.holyart.it\/fr\/#\/schema\/person\/0a7b686e5af0f856ec1e390dd0baecda\"},\"headline\":\"5 cadeaux pour la f\u00eate des grands-parents\",\"datePublished\":\"2021-09-30T08:00:58+00:00\",\"dateModified\":\"2022-10-20T08:11:35+00:00\",\"mainEntityOfPage\":{\"@id\":\"https:\/\/blog.holyart.it\/fr\/articles-religieux\/5-cadeaux-pour-la-fete-des-grands-parents\/\"},\"wordCount\":1873,\"publisher\":{\"@id\":\"https:\/\/blog.holyart.it\/fr\/#organization\"},\"image\":{\"@id\":\"https:\/\/blog.holyart.it\/fr\/articles-religieux\/5-cadeaux-pour-la-fete-des-grands-parents\/#primaryimage\"},\"thumbnailUrl\":\"https:\/\/blog.holyart.it\/fr\/wp-content\/uploads\/sites\/14\/2021\/09\/cadeaux-pour-la-fete-des-grands-parents.jpg\",\"articleSection\":[\"Religion\"],\"inLanguage\":\"fr-FR\"},{\"@type\":\"WebPage\",\"@id\":\"https:\/\/blog.holyart.it\/fr\/articles-religieux\/5-cadeaux-pour-la-fete-des-grands-parents\/\",\"url\":\"https:\/\/blog.holyart.it\/fr\/articles-religieux\/5-cadeaux-pour-la-fete-des-grands-parents\/\",\"name\":\"5 cadeaux pour la f\u00eate des grands-parents - Holyart.fr Blog\",\"isPartOf\":{\"@id\":\"https:\/\/blog.holyart.it\/fr\/#website\"},\"primaryImageOfPage\":{\"@id\":\"https:\/\/blog.holyart.it\/fr\/articles-religieux\/5-cadeaux-pour-la-fete-des-grands-parents\/#primaryimage\"},\"image\":{\"@id\":\"https:\/\/blog.holyart.it\/fr\/articles-religieux\/5-cadeaux-pour-la-fete-des-grands-parents\/#primaryimage\"},\"thumbnailUrl\":\"https:\/\/blog.holyart.it\/fr\/wp-content\/uploads\/sites\/14\/2021\/09\/cadeaux-pour-la-fete-des-grands-parents.jpg\",\"datePublished\":\"2021-09-30T08:00:58+00:00\",\"dateModified\":\"2022-10-20T08:11:35+00:00\",\"description\":\"Le 2 octobre en Italie est d\u00e9di\u00e9 \u00e0 la c\u00e9l\u00e9bration civile de la F\u00eate des grands-parents. Le m\u00eame jour, l\u2019\u00c9glise f\u00eate les Anges gardiens.\",\"breadcrumb\":{\"@id\":\"https:\/\/blog.holyart.it\/fr\/articles-religieux\/5-cadeaux-pour-la-fete-des-grands-parents\/#breadcrumb\"},\"inLanguage\":\"fr-FR\",\"potentialAction\":[{\"@type\":\"ReadAction\",\"target\":[\"https:\/\/blog.holyart.it\/fr\/articles-religieux\/5-cadeaux-pour-la-fete-des-grands-parents\/\"]}]},{\"@type\":\"ImageObject\",\"inLanguage\":\"fr-FR\",\"@id\":\"https:\/\/blog.holyart.it\/fr\/articles-religieux\/5-cadeaux-pour-la-fete-des-grands-parents\/#primaryimage\",\"url\":\"https:\/\/blog.holyart.it\/fr\/wp-content\/uploads\/sites\/14\/2021\/09\/cadeaux-pour-la-fete-des-grands-parents.jpg\",\"contentUrl\":\"https:\/\/blog.holyart.it\/fr\/wp-content\/uploads\/sites\/14\/2021\/09\/cadeaux-pour-la-fete-des-grands-parents.jpg\",\"width\":1000,\"height\":666,\"caption\":\"cadeaux pour la fete des grands parents\"},{\"@type\":\"BreadcrumbList\",\"@id\":\"https:\/\/blog.holyart.it\/fr\/articles-religieux\/5-cadeaux-pour-la-fete-des-grands-parents\/#breadcrumb\",\"itemListElement\":[{\"@type\":\"ListItem\",\"position\":1,\"name\":\"Homepage\",\"item\":\"https:\/\/blog.holyart.it\/fr\/\"},{\"@type\":\"ListItem\",\"position\":2,\"name\":\"Religion\",\"item\":\"https:\/\/blog.holyart.it\/fr\/articles-religieux\/\"},{\"@type\":\"ListItem\",\"position\":3,\"name\":\"5 cadeaux pour la f\u00eate des grands-parents\"}]},{\"@type\":\"WebSite\",\"@id\":\"https:\/\/blog.holyart.it\/fr\/#website\",\"url\":\"https:\/\/blog.holyart.it\/fr\/\",\"name\":\"Holyart.fr Blog\",\"description\":\"Holyblog\",\"publisher\":{\"@id\":\"https:\/\/blog.holyart.it\/fr\/#organization\"},\"potentialAction\":[{\"@type\":\"SearchAction\",\"target\":{\"@type\":\"EntryPoint\",\"urlTemplate\":\"https:\/\/blog.holyart.it\/fr\/?s={search_term_string}\"},\"query-input\":{\"@type\":\"PropertyValueSpecification\",\"valueRequired\":true,\"valueName\":\"search_term_string\"}}],\"inLanguage\":\"fr-FR\"},{\"@type\":\"Organization\",\"@id\":\"https:\/\/blog.holyart.it\/fr\/#organization\",\"name\":\"Holyart.fr Blog\",\"url\":\"https:\/\/blog.holyart.it\/fr\/\",\"logo\":{\"@type\":\"ImageObject\",\"inLanguage\":\"fr-FR\",\"@id\":\"https:\/\/blog.holyart.it\/fr\/#\/schema\/logo\/image\/\",\"url\":\"https:\/\/blog.holyart.it\/fr\/wp-content\/uploads\/sites\/14\/2022\/12\/Holyart_Blog_Logo.jpg\",\"contentUrl\":\"https:\/\/blog.holyart.it\/fr\/wp-content\/uploads\/sites\/14\/2022\/12\/Holyart_Blog_Logo.jpg\",\"width\":300,\"height\":50,\"caption\":\"Holyart.fr Blog\"},\"image\":{\"@id\":\"https:\/\/blog.holyart.it\/fr\/#\/schema\/logo\/image\/\"}},{\"@type\":\"Person\",\"@id\":\"https:\/\/blog.holyart.it\/fr\/#\/schema\/person\/0a7b686e5af0f856ec1e390dd0baecda\",\"name\":\"Redazione\",\"image\":{\"@type\":\"ImageObject\",\"inLanguage\":\"fr-FR\",\"@id\":\"https:\/\/blog.holyart.it\/fr\/#\/schema\/person\/image\/\",\"url\":\"https:\/\/secure.gravatar.com\/avatar\/f477da817f43e50d0af36abecd33e3edf826c68299714bdc1057dff3b113f516?s=96&d=mm&r=g\",\"contentUrl\":\"https:\/\/secure.gravatar.com\/avatar\/f477da817f43e50d0af36abecd33e3edf826c68299714bdc1057dff3b113f516?s=96&d=mm&r=g\",\"caption\":\"Redazione\"},\"url\":\"https:\/\/blog.holyart.it\/fr\/author\/admin\/\"}]}<\/script>\n<!-- \/ Yoast SEO plugin. -->","yoast_head_json":{"title":"5 cadeaux pour la f\u00eate des grands-parents - Holyart.fr Blog","description":"Le 2 octobre en Italie est d\u00e9di\u00e9 \u00e0 la c\u00e9l\u00e9bration civile de la F\u00eate des grands-parents. Le m\u00eame jour, l\u2019\u00c9glise f\u00eate les Anges gardiens.","robots":{"index":"index","follow":"follow","max-snippet":"max-snippet:-1","max-image-preview":"max-image-preview:large","max-video-preview":"max-video-preview:-1"},"canonical":"https:\/\/blog.holyart.it\/fr\/articles-religieux\/5-cadeaux-pour-la-fete-des-grands-parents\/","og_locale":"fr_FR","og_type":"article","og_title":"5 cadeaux pour la f\u00eate des grands-parents - Holyart.fr Blog","og_description":"Le 2 octobre en Italie est d\u00e9di\u00e9 \u00e0 la c\u00e9l\u00e9bration civile de la F\u00eate des grands-parents. Le m\u00eame jour, l\u2019\u00c9glise f\u00eate les Anges gardiens.","og_url":"https:\/\/blog.holyart.it\/fr\/articles-religieux\/5-cadeaux-pour-la-fete-des-grands-parents\/","og_site_name":"Holyart.fr Blog","article_published_time":"2021-09-30T08:00:58+00:00","article_modified_time":"2022-10-20T08:11:35+00:00","og_image":[{"width":1000,"height":666,"url":"https:\/\/blog.holyart.it\/fr\/wp-content\/uploads\/sites\/14\/2021\/09\/cadeaux-pour-la-fete-des-grands-parents.jpg","type":"image\/jpeg"}],"author":"Redazione","twitter_card":"summary_large_image","twitter_misc":{"\u00c9crit par":"Redazione","Dur\u00e9e de lecture estim\u00e9e":"9 minutes"},"schema":{"@context":"https:\/\/schema.org","@graph":[{"@type":"Article","@id":"https:\/\/blog.holyart.it\/fr\/articles-religieux\/5-cadeaux-pour-la-fete-des-grands-parents\/#article","isPartOf":{"@id":"https:\/\/blog.holyart.it\/fr\/articles-religieux\/5-cadeaux-pour-la-fete-des-grands-parents\/"},"author":{"name":"Redazione","@id":"https:\/\/blog.holyart.it\/fr\/#\/schema\/person\/0a7b686e5af0f856ec1e390dd0baecda"},"headline":"5 cadeaux pour la f\u00eate des grands-parents","datePublished":"2021-09-30T08:00:58+00:00","dateModified":"2022-10-20T08:11:35+00:00","mainEntityOfPage":{"@id":"https:\/\/blog.holyart.it\/fr\/articles-religieux\/5-cadeaux-pour-la-fete-des-grands-parents\/"},"wordCount":1873,"publisher":{"@id":"https:\/\/blog.holyart.it\/fr\/#organization"},"image":{"@id":"https:\/\/blog.holyart.it\/fr\/articles-religieux\/5-cadeaux-pour-la-fete-des-grands-parents\/#primaryimage"},"thumbnailUrl":"https:\/\/blog.holyart.it\/fr\/wp-content\/uploads\/sites\/14\/2021\/09\/cadeaux-pour-la-fete-des-grands-parents.jpg","articleSection":["Religion"],"inLanguage":"fr-FR"},{"@type":"WebPage","@id":"https:\/\/blog.holyart.it\/fr\/articles-religieux\/5-cadeaux-pour-la-fete-des-grands-parents\/","url":"https:\/\/blog.holyart.it\/fr\/articles-religieux\/5-cadeaux-pour-la-fete-des-grands-parents\/","name":"5 cadeaux pour la f\u00eate des grands-parents - Holyart.fr Blog","isPartOf":{"@id":"https:\/\/blog.holyart.it\/fr\/#website"},"primaryImageOfPage":{"@id":"https:\/\/blog.holyart.it\/fr\/articles-religieux\/5-cadeaux-pour-la-fete-des-grands-parents\/#primaryimage"},"image":{"@id":"https:\/\/blog.holyart.it\/fr\/articles-religieux\/5-cadeaux-pour-la-fete-des-grands-parents\/#primaryimage"},"thumbnailUrl":"https:\/\/blog.holyart.it\/fr\/wp-content\/uploads\/sites\/14\/2021\/09\/cadeaux-pour-la-fete-des-grands-parents.jpg","datePublished":"2021-09-30T08:00:58+00:00","dateModified":"2022-10-20T08:11:35+00:00","description":"Le 2 octobre en Italie est d\u00e9di\u00e9 \u00e0 la c\u00e9l\u00e9bration civile de la F\u00eate des grands-parents. Le m\u00eame jour, l\u2019\u00c9glise f\u00eate les Anges gardiens.","breadcrumb":{"@id":"https:\/\/blog.holyart.it\/fr\/articles-religieux\/5-cadeaux-pour-la-fete-des-grands-parents\/#breadcrumb"},"inLanguage":"fr-FR","potentialAction":[{"@type":"ReadAction","target":["https:\/\/blog.holyart.it\/fr\/articles-religieux\/5-cadeaux-pour-la-fete-des-grands-parents\/"]}]},{"@type":"ImageObject","inLanguage":"fr-FR","@id":"https:\/\/blog.holyart.it\/fr\/articles-religieux\/5-cadeaux-pour-la-fete-des-grands-parents\/#primaryimage","url":"https:\/\/blog.holyart.it\/fr\/wp-content\/uploads\/sites\/14\/2021\/09\/cadeaux-pour-la-fete-des-grands-parents.jpg","contentUrl":"https:\/\/blog.holyart.it\/fr\/wp-content\/uploads\/sites\/14\/2021\/09\/cadeaux-pour-la-fete-des-grands-parents.jpg","width":1000,"height":666,"caption":"cadeaux pour la fete des grands parents"},{"@type":"BreadcrumbList","@id":"https:\/\/blog.holyart.it\/fr\/articles-religieux\/5-cadeaux-pour-la-fete-des-grands-parents\/#breadcrumb","itemListElement":[{"@type":"ListItem","position":1,"name":"Homepage","item":"https:\/\/blog.holyart.it\/fr\/"},{"@type":"ListItem","position":2,"name":"Religion","item":"https:\/\/blog.holyart.it\/fr\/articles-religieux\/"},{"@type":"ListItem","position":3,"name":"5 cadeaux pour la f\u00eate des grands-parents"}]},{"@type":"WebSite","@id":"https:\/\/blog.holyart.it\/fr\/#website","url":"https:\/\/blog.holyart.it\/fr\/","name":"Holyart.fr Blog","description":"Holyblog","publisher":{"@id":"https:\/\/blog.holyart.it\/fr\/#organization"},"potentialAction":[{"@type":"SearchAction","target":{"@type":"EntryPoint","urlTemplate":"https:\/\/blog.holyart.it\/fr\/?s={search_term_string}"},"query-input":{"@type":"PropertyValueSpecification","valueRequired":true,"valueName":"search_term_string"}}],"inLanguage":"fr-FR"},{"@type":"Organization","@id":"https:\/\/blog.holyart.it\/fr\/#organization","name":"Holyart.fr Blog","url":"https:\/\/blog.holyart.it\/fr\/","logo":{"@type":"ImageObject","inLanguage":"fr-FR","@id":"https:\/\/blog.holyart.it\/fr\/#\/schema\/logo\/image\/","url":"https:\/\/blog.holyart.it\/fr\/wp-content\/uploads\/sites\/14\/2022\/12\/Holyart_Blog_Logo.jpg","contentUrl":"https:\/\/blog.holyart.it\/fr\/wp-content\/uploads\/sites\/14\/2022\/12\/Holyart_Blog_Logo.jpg","width":300,"height":50,"caption":"Holyart.fr Blog"},"image":{"@id":"https:\/\/blog.holyart.it\/fr\/#\/schema\/logo\/image\/"}},{"@type":"Person","@id":"https:\/\/blog.holyart.it\/fr\/#\/schema\/person\/0a7b686e5af0f856ec1e390dd0baecda","name":"Redazione","image":{"@type":"ImageObject","inLanguage":"fr-FR","@id":"https:\/\/blog.holyart.it\/fr\/#\/schema\/person\/image\/","url":"https:\/\/secure.gravatar.com\/avatar\/f477da817f43e50d0af36abecd33e3edf826c68299714bdc1057dff3b113f516?s=96&d=mm&r=g","contentUrl":"https:\/\/secure.gravatar.com\/avatar\/f477da817f43e50d0af36abecd33e3edf826c68299714bdc1057dff3b113f516?s=96&d=mm&r=g","caption":"Redazione"},"url":"https:\/\/blog.holyart.it\/fr\/author\/admin\/"}]}},"_links":{"self":[{"href":"https:\/\/blog.holyart.it\/fr\/wp-json\/wp\/v2\/posts\/3453","targetHints":{"allow":["GET"]}}],"collection":[{"href":"https:\/\/blog.holyart.it\/fr\/wp-json\/wp\/v2\/posts"}],"about":[{"href":"https:\/\/blog.holyart.it\/fr\/wp-json\/wp\/v2\/types\/post"}],"author":[{"embeddable":true,"href":"https:\/\/blog.holyart.it\/fr\/wp-json\/wp\/v2\/users\/1"}],"replies":[{"embeddable":true,"href":"https:\/\/blog.holyart.it\/fr\/wp-json\/wp\/v2\/comments?post=3453"}],"version-history":[{"count":0,"href":"https:\/\/blog.holyart.it\/fr\/wp-json\/wp\/v2\/posts\/3453\/revisions"}],"wp:featuredmedia":[{"embeddable":true,"href":"https:\/\/blog.holyart.it\/fr\/wp-json\/wp\/v2\/media\/3454"}],"wp:attachment":[{"href":"https:\/\/blog.holyart.it\/fr\/wp-json\/wp\/v2\/media?parent=3453"}],"wp:term":[{"taxonomy":"category","embeddable":true,"href":"https:\/\/blog.holyart.it\/fr\/wp-json\/wp\/v2\/categories?post=3453"},{"taxonomy":"post_tag","embeddable":true,"href":"https:\/\/blog.holyart.it\/fr\/wp-json\/wp\/v2\/tags?post=3453"}],"curies":[{"name":"wp","href":"https:\/\/api.w.org\/{rel}","templated":true}]}}