{"id":3448,"date":"2021-09-28T10:00:19","date_gmt":"2021-09-28T08:00:19","guid":{"rendered":"https:\/\/blog.holyart.it\/fr\/?p=3448"},"modified":"2021-09-28T09:39:17","modified_gmt":"2021-09-28T07:39:17","slug":"fete-des-grands-parents-quand-la-celebrer-quoi-offrir-un-lien-tres-fort-avec-les-anges-gardiens","status":"publish","type":"post","link":"https:\/\/blog.holyart.it\/fr\/articles-religieux\/fete-des-grands-parents-quand-la-celebrer-quoi-offrir-un-lien-tres-fort-avec-les-anges-gardiens\/","title":{"rendered":"F\u00eate des grands-parents : quand la c\u00e9l\u00e9brer, quoi offrir, un lien tr\u00e8s fort avec les anges gardiens"},"content":{"rendered":"\n<p>Tout le monde n&rsquo;a pas eu la chance de grandir avec un grand-parent \u00e0 ses c\u00f4t\u00e9s. Cela peut para\u00eetre une affirmation bizarre, presque banale. Mais ce n&rsquo;est pas le cas. Passer son enfance en contact \u00e9troit avec une personne \u00e2g\u00e9e, voire m\u00eame \u00eatre laiss\u00e9 par maman et papa chez mamy et papy, pour des raisons professionnelles ou pour des obligations, peut se r\u00e9v\u00e9ler un don vraiment unique, inestimable, pour un enfant. Car papy ou mamy sont un pr\u00e9cieux tr\u00e9sor, des conteurs d&rsquo;histoires magiques, capables de raconter pendant des heures et des heures des contes fantastiques, des \u00e9pisodes \u00e9mouvants, des histoires dr\u00f4les, et le plus surprenant est que, tr\u00e8s souvent, ils ne doivent m\u00eame pas faire l&rsquo;effort d&rsquo;aller les chercher dans livres ou les inventer, car il s&rsquo;agit de moments de leur propre vie, d&rsquo;\u00e9v\u00e9nements extraordinaires qu&rsquo;ils ont v\u00e9cu personnellement ! Et il ne s&rsquo;agit pas tout le temps d&rsquo;histoires dr\u00f4les et joyeuses, non. Certains grands-parents ont connu des r\u00e9alit\u00e9s terribles, ont affront\u00e9 la faim, la guerre et parfois m\u00eame l&#8217;emprisonnement, et pourraient d\u00e9cider de le raconter \u00e0 leurs petits-enfants quand ils seront peut-\u00eatre un peu plus grands. Mais le seul fait qu&rsquo;ils soient l\u00e0 \u00e0 raconter, qu&rsquo;ils aient surv\u00e9cus \u00e0 tant de choses horribles, ce ne sera qu&rsquo;un autre point en leur faveur, une autre d\u00e9monstration de combien ils soient sp\u00e9ciaux et uniques. Il n&rsquo;y a pas de meilleure mani\u00e8re pour apprendre l&rsquo;histoire de notre pays que gr\u00e2ce \u00e0 qui a v\u00e9cu cette histoire, en assistant aux changements, en vivant sur sa propre peau les\u00a0 bouleversements politiques et historiques qui ont cr\u00e9\u00e9 le monde tel que nous le connaissons et dans lequel nous vivons. Il n&rsquo;y a rien d&rsquo;escompt\u00e9 dans le fait d&rsquo;avoir un grand-parent, rien de banal. Et certainement rien d&rsquo;inutile.<\/p>\n<h2>La F\u00eate des Grands-Parents<\/h2>\n<p>Ce n&rsquo;est pas un hasard si la <strong>F\u00eate des Grands-Parents<\/strong> en Italie est f\u00eat\u00e9e le <strong>2 octobre<\/strong>, le m\u00eame jour pendant lequel l\u2019\u00c9glise f\u00eate les <strong>Anges<\/strong>. Rares sont les cas o\u00f9 une f\u00eate civile est associ\u00e9e de mani\u00e8re si explicite \u00e0 une f\u00eate religieuse, mais vu la nature particuli\u00e8re de cette c\u00e9l\u00e9bration il n&rsquo;y a pas de quoi s&rsquo;\u00e9tonner. Les grands-parents, en effet, sont des <strong><a href=\"https:\/\/www.holyart.fr\/blog\/articles-religieux\/ange-gardien-quil-10-choses-a-savoir\/\">Anges gardiens<\/a> en chair et en os<\/strong>, surtout pour tous les jeunes couples qui, sans leur aide, auraient des grosses difficult\u00e9s \u00e0 \u00e9lever leurs propres enfants. Certes, ce r\u00f4le \u00e9tait normal dans le pass\u00e9, presque ancr\u00e9. Les personnes \u00e2g\u00e9es \u00e9taient tenues en plus grande estime en tant que d\u00e9positaires d&rsquo;une sagesse ancienne, transmise oralement, g\u00e9n\u00e9ration apr\u00e8s g\u00e9n\u00e9ration. C&rsquo;est \u00e0 eux qu&rsquo;on s&rsquo;adressait pour avoir conseil, pour affronter des d\u00e9cisions difficiles. Le monde moderne, avec ses rythmes fr\u00e9n\u00e9tiques et l&rsquo;obsession pour la productivit\u00e9 exacerb\u00e9e et le succ\u00e8s \u00e0 tout prix, a modifi\u00e9 radicalement certaines des valeurs sur lesquelles notre soci\u00e9t\u00e9 se basait. Mais, heureusement, tout n&rsquo;a pas \u00e9t\u00e9 perdu.<\/p>\n<div class=\"link-article\">\n<p><img loading=\"lazy\" decoding=\"async\" class=\"alignleft size-full wp-image-3450\" src=\"https:\/\/blog.holyart.it\/fr\/wp-content\/uploads\/sites\/14\/2021\/09\/Ange-Gardien-1.jpg\" alt=\"Ange Gardien\" width=\"150\" height=\"99\" data-kale-share-title=\"F\u00eate des grands-parents : quand la c\u00e9l\u00e9brer, quoi offrir, un lien tr\u00e8s fort avec les anges gardiens\" data-kale-share-url=\"https:\/\/blog.holyart.it\/fr\/?p=3448\" \/><\/p>\n<div class=\"leggi-anche\">Lire aussi :<\/div>\n<p><strong><a href=\"https:\/\/www.holyart.fr\/blog\/articles-religieux\/ange-gardien-quil-10-choses-a-savoir\/\">Qui est votre Ange Gardien et ce qu\u2019il fait : 10 choses \u00e0 savoir<\/a><\/strong><br \/>\nSelon la tradition chr\u00e9tienne, chacun de nous a un Ange Gardien, qui l\u2019accompagne du moment de sa naissance jusqu\u2019au moment&#8230;<\/p>\n<\/div>\n<p>La F\u00eate des Grands-Parents le 2 octobre repr\u00e9sente un reconnaissance officielle de la part de l&rsquo;\u00e9tat italien sur la valeur des grands-parents dans la soci\u00e9t\u00e9, un r\u00f4le consid\u00e9r\u00e9 pas moins important que celui des parents, pour la croissance et le bonheur des enfants. Le Parlement a voulu officialiser cette reconnaissance et a invit\u00e9 les Autorit\u00e9s locales et les associations \u00e0 souligner en cette date l&rsquo;importance de ces hommes et de ces femmes, qui ont beaucoup donn\u00e9 et donne encore beaucoup, si on leur donne la possibilit\u00e9 de le faire. Il existe m\u00eame le prix pour le papy ou la mamy d&rsquo;Italie, remis par le pr\u00e9sident de la R\u00e9publique !<\/p>\n<p>Les grands-parents comme point de r\u00e9f\u00e9rence pour les jeunes familles, donc, et surtout comme gardiens&#8230;ou mieux, Anges gardiens pour les enfants, trop souvent oblig\u00e9s par le travail de maman et de papa \u00e0 rester seuls. Et il ne s&rsquo;agit pas seulement de l&rsquo;\u00e9pargne financi\u00e8re que ces figures peuvent garantir, en rempla\u00e7ant la baby-sitter ou la cr\u00e8che. Ces pr\u00e9sences r\u00e9confortantes et affectueuses peuvent amplement compenser l&rsquo;absence des parents, non seulement pour s&rsquo;occuper des petits et emp\u00eacher qu&rsquo;il leur arrive malheur, mais surtout pour tout ce qu&rsquo;ils ont \u00e0 apprendre aux nouvelles g\u00e9n\u00e9rations. Un v\u00e9ritable tr\u00e9sor de connaissances, de m\u00e9moires v\u00e9cues en personne, d&rsquo;exp\u00e9riences de vie qui, dans certains cas, s&rsquo;entrelacent avec notre histoire r\u00e9cente, celle qui est trop souvent donn\u00e9e pour acquise dans les livres d&rsquo;histoire, et sur laquelle, malheureusement, les jeunes d\u00e9montrent des lacunes effrayantes. Un patrimoine inestimable, indispensable pour \u00e9duquer les nouvelles g\u00e9n\u00e9rations et leur donner une conscience civique et historique.<\/p>\n<p>Et les grands-parents qui g\u00e2tent trop leurs petits-enfants ? Dans la plupart des cas il n&rsquo;y a rien de grave \u00e0 conc\u00e9der une sucrerie en plus, \u00e0 fermer un \u0153il (ou m\u00eame les deux) sur une b\u00eatise qu&rsquo;ils ont commise. Il ne s&rsquo;agit que d&rsquo;un moyen pour cr\u00e9er de la complicit\u00e9, un rapport sp\u00e9cial qui peut durer toute la vie et se r\u00e9v\u00e9ler tout aussi important pour le grand-parent que pour l&rsquo;enfant.<\/p>\n<h2>Grands-parents et Anges<\/h2>\n<p>Les Grands-Parents compar\u00e9s aux Anges, donc, des cr\u00e9atures \u00e9th\u00e9r\u00e9es et spirituelles consid\u00e9r\u00e9es pendant des mill\u00e9naires comme les d\u00e9positaires de la v\u00e9rit\u00e9, non seulement dans la religion catholique, mais aussi dans beaucoup des religions pr\u00e9c\u00e9dentes. Tout comme les Anges sont devenus des gardiens de la spiritualit\u00e9, des points de r\u00e9f\u00e9rence de notre pens\u00e9e collective, de notre conscience humaine, les grands-parents repr\u00e9sentent un r\u00e9servoir inestimable de connaissance et de valeurs humaines.<\/p>\n<div class=\"link-product\">\n<div class=\"blocco-immagine\"><img loading=\"lazy\" decoding=\"async\" class=\"alignleft size-full wp-image-3451\" src=\"https:\/\/blog.holyart.it\/fr\/wp-content\/uploads\/sites\/14\/2021\/09\/ange-mon-ami-argile-centre-ave.jpg\" alt=\"ange mon ami argile centre ave\" width=\"100\" height=\"100\" data-kale-share-title=\"F\u00eate des grands-parents : quand la c\u00e9l\u00e9brer, quoi offrir, un lien tr\u00e8s fort avec les anges gardiens\" data-kale-share-url=\"https:\/\/blog.holyart.it\/fr\/?p=3448\" \/><\/div>\n<div class=\"blocco-contenuto\">\n<div class=\"blocco-acquista\">Acheter sur Holyart:<\/div>\n<div class=\"blocco-titolo\"><a href=\"https:\/\/www.holyart.fr\/articles-religieux\/anges\/ange-mon-ami-argile-centre-ave-19-cm\">Ange Mon Ami argile Centre Ave 19 cm<\/a><\/div>\n<div class=\"blocco-descrizione\">Ange en argile r\u00e9fractaire blanche, r\u00e9alis\u00e9 \u00e0 la main au Centre C\u00e9ramiques Ave de Loppiano (Florence).<\/div>\n<\/div>\n<\/div>\n<p>Les Anges gardiens sont les messagers par excellence, porteurs de lumi\u00e8re et d&rsquo;amour, gardiens auxquels Dieu, dans sa bont\u00e9 infinie, confie chacun de nous afin qu&rsquo;ils nous gardent et qu&rsquo;ils nous prot\u00e8gent des adversit\u00e9s et des dangers. Ils sont des guides patients et fid\u00e8les, qui nous conduisent par la main du premier jour de notre vie jusqu&rsquo;\u00e0 celui de notre mort et au-del\u00e0. Les Anges gardiens nous soutiennent, nous aident \u00e0 surmonter les moments difficiles, nous donnent de la force et du courage quand tout nous semble trop fatigant \u00e0 surmonter, et ils font tout cela par amour, uniquement par amour, sans r\u00e9serves, sans limites, sans h\u00e9sitations. Exactement comme le font les grands-parents en somme.<\/p>\n<h2>Comment f\u00eater les grands-parents<\/h2>\n<p>La F\u00eate des Grands-Parents est aussi une occasion pour f\u00eater simplement les grands-parents et avec les grands-parents. Il est d&rsquo;usage de <strong>leur offrir une petite plante<\/strong>, souvent un sempervirent, ou un \u00ab\u00a0ne m&rsquo;oubliez pas\u00a0\u00bb. Beaucoup d&rsquo;enfants, aid\u00e9s par leurs parents ou par leurs ma\u00eetresses d&rsquo;\u00e9cole, se lancent dans la fabrication de petites cr\u00e9ations faites \u00e0 la main \u00e0 offrir \u00e0 mamy et papy, des dessins, des sculptures, des collages, et ainsi de suite. Il n&rsquo;y a pas de limites \u00e0 l&rsquo;imagination et, naturellement, \u00e0 l&rsquo;affection avec lesquelles accompagner ces dons. <strong>Car chaque grand-parent est unique, diff\u00e9rent de n&rsquo;importe quel autre grand-parent<\/strong>.<\/p>\n<p>Les enfants les plus audacieux pourront offrir aux grands-parents un g\u00e2teau ou des biscuits qu&rsquo;ils auront pr\u00e9par\u00e9s eux-m\u00eames, bien \u00e9videmment avec l&rsquo;aide de leur maman.<\/p>\n<p>Mais, surtout, le plus beau des cadeaux \u00e0 offrir \u00e0 ses grands-parents le jour de leur f\u00eate est du temps. Du temps \u00e0 passer avec leurs petits-enfants, peut-\u00eatre en organisant une belle excursion tous ensemble, ou en participant \u00e0 une des nombreuses f\u00eates organis\u00e9es pour l&rsquo;occasion dans toutes les communes. Ou sinon faire quelque chose que les grands-parents aiment beaucoup, comme aller au cin\u00e9ma, au th\u00e9\u00e2tre, aux man\u00e8ges, dans un mus\u00e9e. Dans ce cas-ci aussi, des nombreuses associations offrent des r\u00e9ductions et des entr\u00e9es gratuites pour les familles avec leurs grands-parents \u00e0 la suite\u00a0! Du temps \u00e0 passer ensemble, avec les personnes qui nous aiment vraiment.<\/p>\n<h2>Pas uniquement en Italie<\/h2>\n<p>La F\u00eate des grands-parents n&rsquo;est pas une exclusivit\u00e9 italienne. Au contraire, elle n&rsquo;est arriv\u00e9e dans notre pays qu&rsquo;\u00e0 partir de 2005, plus tard qu&rsquo;ailleurs. En Italie, en tout cas, son symbole et la fleur \u00ab\u00a0ne m&rsquo;oubliez pas\u00a0\u00bb. Aux \u00c9tats-Unis on la f\u00eate le premier dimanche de septembre d\u00e9j\u00e0 depuis la fin des ann\u00e9es &rsquo;70, gr\u00e2ce \u00e0 la campagne de sensibilisation promue par madame Marian Mc Quade, maman de 15 enfants et grand-m\u00e8re de 40 petits-enfants. Dans beaucoup d&rsquo;autres pays europ\u00e9ens aussi on f\u00eate les grands-parents, \u00e0 des jours diff\u00e9rents et de mani\u00e8res diff\u00e9rentes\u00a0: en France en mars, en Espagne et au Portugal le 26 juillet, et ainsi de suite.<\/p>\n","protected":false},"excerpt":{"rendered":"<p>Tout le monde n&rsquo;a pas eu la chance de grandir avec un grand-parent \u00e0 ses c\u00f4t\u00e9s. Cela peut para\u00eetre une affirmation bizarre, presque banale. Mais ce n&rsquo;est pas le cas. Passer son enfance en contact \u00e9troit avec une personne \u00e2g\u00e9e, voire m\u00eame \u00eatre laiss\u00e9 par&hellip;<\/p>\n","protected":false},"author":1,"featured_media":3449,"comment_status":"closed","ping_status":"open","sticky":false,"template":"","format":"standard","meta":{"_acf_changed":false,"footnotes":""},"categories":[8],"tags":[],"class_list":["post-3448","post","type-post","status-publish","format-standard","has-post-thumbnail","hentry","category-articles-religieux"],"acf":[],"yoast_head":"<!-- This site is optimized with the Yoast SEO plugin v26.6 - https:\/\/yoast.com\/wordpress\/plugins\/seo\/ -->\n<title>F\u00eate des grands-parents : quand la c\u00e9l\u00e9brer, quoi offrir, un lien tr\u00e8s fort avec les anges gardiens - Holyart.fr Blog<\/title>\n<meta name=\"description\" content=\"Tout le monde n&#039;a pas eu la chance de grandir avec un grand-parent \u00e0 ses c\u00f4t\u00e9s. Cela peut para\u00eetre une affirmation bizarre, presque banale...\" \/>\n<meta name=\"robots\" content=\"index, follow, max-snippet:-1, max-image-preview:large, max-video-preview:-1\" \/>\n<link rel=\"canonical\" href=\"https:\/\/blog.holyart.it\/fr\/articles-religieux\/fete-des-grands-parents-quand-la-celebrer-quoi-offrir-un-lien-tres-fort-avec-les-anges-gardiens\/\" \/>\n<meta property=\"og:locale\" content=\"fr_FR\" \/>\n<meta property=\"og:type\" content=\"article\" \/>\n<meta property=\"og:title\" content=\"F\u00eate des grands-parents : quand la c\u00e9l\u00e9brer, quoi offrir, un lien tr\u00e8s fort avec les anges gardiens - Holyart.fr Blog\" \/>\n<meta property=\"og:description\" content=\"Tout le monde n&#039;a pas eu la chance de grandir avec un grand-parent \u00e0 ses c\u00f4t\u00e9s. Cela peut para\u00eetre une affirmation bizarre, presque banale...\" \/>\n<meta property=\"og:url\" content=\"https:\/\/blog.holyart.it\/fr\/articles-religieux\/fete-des-grands-parents-quand-la-celebrer-quoi-offrir-un-lien-tres-fort-avec-les-anges-gardiens\/\" \/>\n<meta property=\"og:site_name\" content=\"Holyart.fr Blog\" \/>\n<meta property=\"article:published_time\" content=\"2021-09-28T08:00:19+00:00\" \/>\n<meta property=\"og:image\" content=\"https:\/\/blog.holyart.it\/fr\/wp-content\/uploads\/sites\/14\/2021\/09\/F\u00eate-des-grands-parents.jpg\" \/>\n\t<meta property=\"og:image:width\" content=\"1000\" \/>\n\t<meta property=\"og:image:height\" content=\"666\" \/>\n\t<meta property=\"og:image:type\" content=\"image\/jpeg\" \/>\n<meta name=\"author\" content=\"Redazione\" \/>\n<meta name=\"twitter:card\" content=\"summary_large_image\" \/>\n<meta name=\"twitter:label1\" content=\"\u00c9crit par\" \/>\n\t<meta name=\"twitter:data1\" content=\"Redazione\" \/>\n\t<meta name=\"twitter:label2\" content=\"Dur\u00e9e de lecture estim\u00e9e\" \/>\n\t<meta name=\"twitter:data2\" content=\"8 minutes\" \/>\n<script type=\"application\/ld+json\" class=\"yoast-schema-graph\">{\"@context\":\"https:\/\/schema.org\",\"@graph\":[{\"@type\":\"Article\",\"@id\":\"https:\/\/blog.holyart.it\/fr\/articles-religieux\/fete-des-grands-parents-quand-la-celebrer-quoi-offrir-un-lien-tres-fort-avec-les-anges-gardiens\/#article\",\"isPartOf\":{\"@id\":\"https:\/\/blog.holyart.it\/fr\/articles-religieux\/fete-des-grands-parents-quand-la-celebrer-quoi-offrir-un-lien-tres-fort-avec-les-anges-gardiens\/\"},\"author\":{\"name\":\"Redazione\",\"@id\":\"https:\/\/blog.holyart.it\/fr\/#\/schema\/person\/0a7b686e5af0f856ec1e390dd0baecda\"},\"headline\":\"F\u00eate des grands-parents : quand la c\u00e9l\u00e9brer, quoi offrir, un lien tr\u00e8s fort avec les anges gardiens\",\"datePublished\":\"2021-09-28T08:00:19+00:00\",\"mainEntityOfPage\":{\"@id\":\"https:\/\/blog.holyart.it\/fr\/articles-religieux\/fete-des-grands-parents-quand-la-celebrer-quoi-offrir-un-lien-tres-fort-avec-les-anges-gardiens\/\"},\"wordCount\":1540,\"publisher\":{\"@id\":\"https:\/\/blog.holyart.it\/fr\/#organization\"},\"image\":{\"@id\":\"https:\/\/blog.holyart.it\/fr\/articles-religieux\/fete-des-grands-parents-quand-la-celebrer-quoi-offrir-un-lien-tres-fort-avec-les-anges-gardiens\/#primaryimage\"},\"thumbnailUrl\":\"https:\/\/blog.holyart.it\/fr\/wp-content\/uploads\/sites\/14\/2021\/09\/F\u00eate-des-grands-parents.jpg\",\"articleSection\":[\"Religion\"],\"inLanguage\":\"fr-FR\"},{\"@type\":\"WebPage\",\"@id\":\"https:\/\/blog.holyart.it\/fr\/articles-religieux\/fete-des-grands-parents-quand-la-celebrer-quoi-offrir-un-lien-tres-fort-avec-les-anges-gardiens\/\",\"url\":\"https:\/\/blog.holyart.it\/fr\/articles-religieux\/fete-des-grands-parents-quand-la-celebrer-quoi-offrir-un-lien-tres-fort-avec-les-anges-gardiens\/\",\"name\":\"F\u00eate des grands-parents : quand la c\u00e9l\u00e9brer, quoi offrir, un lien tr\u00e8s fort avec les anges gardiens - Holyart.fr Blog\",\"isPartOf\":{\"@id\":\"https:\/\/blog.holyart.it\/fr\/#website\"},\"primaryImageOfPage\":{\"@id\":\"https:\/\/blog.holyart.it\/fr\/articles-religieux\/fete-des-grands-parents-quand-la-celebrer-quoi-offrir-un-lien-tres-fort-avec-les-anges-gardiens\/#primaryimage\"},\"image\":{\"@id\":\"https:\/\/blog.holyart.it\/fr\/articles-religieux\/fete-des-grands-parents-quand-la-celebrer-quoi-offrir-un-lien-tres-fort-avec-les-anges-gardiens\/#primaryimage\"},\"thumbnailUrl\":\"https:\/\/blog.holyart.it\/fr\/wp-content\/uploads\/sites\/14\/2021\/09\/F\u00eate-des-grands-parents.jpg\",\"datePublished\":\"2021-09-28T08:00:19+00:00\",\"description\":\"Tout le monde n'a pas eu la chance de grandir avec un grand-parent \u00e0 ses c\u00f4t\u00e9s. Cela peut para\u00eetre une affirmation bizarre, presque banale...\",\"breadcrumb\":{\"@id\":\"https:\/\/blog.holyart.it\/fr\/articles-religieux\/fete-des-grands-parents-quand-la-celebrer-quoi-offrir-un-lien-tres-fort-avec-les-anges-gardiens\/#breadcrumb\"},\"inLanguage\":\"fr-FR\",\"potentialAction\":[{\"@type\":\"ReadAction\",\"target\":[\"https:\/\/blog.holyart.it\/fr\/articles-religieux\/fete-des-grands-parents-quand-la-celebrer-quoi-offrir-un-lien-tres-fort-avec-les-anges-gardiens\/\"]}]},{\"@type\":\"ImageObject\",\"inLanguage\":\"fr-FR\",\"@id\":\"https:\/\/blog.holyart.it\/fr\/articles-religieux\/fete-des-grands-parents-quand-la-celebrer-quoi-offrir-un-lien-tres-fort-avec-les-anges-gardiens\/#primaryimage\",\"url\":\"https:\/\/blog.holyart.it\/fr\/wp-content\/uploads\/sites\/14\/2021\/09\/F\u00eate-des-grands-parents.jpg\",\"contentUrl\":\"https:\/\/blog.holyart.it\/fr\/wp-content\/uploads\/sites\/14\/2021\/09\/F\u00eate-des-grands-parents.jpg\",\"width\":1000,\"height\":666,\"caption\":\"F\u00eate des grands-parents\"},{\"@type\":\"BreadcrumbList\",\"@id\":\"https:\/\/blog.holyart.it\/fr\/articles-religieux\/fete-des-grands-parents-quand-la-celebrer-quoi-offrir-un-lien-tres-fort-avec-les-anges-gardiens\/#breadcrumb\",\"itemListElement\":[{\"@type\":\"ListItem\",\"position\":1,\"name\":\"Homepage\",\"item\":\"https:\/\/blog.holyart.it\/fr\/\"},{\"@type\":\"ListItem\",\"position\":2,\"name\":\"Religion\",\"item\":\"https:\/\/blog.holyart.it\/fr\/articles-religieux\/\"},{\"@type\":\"ListItem\",\"position\":3,\"name\":\"F\u00eate des grands-parents : quand la c\u00e9l\u00e9brer, quoi offrir, un lien tr\u00e8s fort avec les anges gardiens\"}]},{\"@type\":\"WebSite\",\"@id\":\"https:\/\/blog.holyart.it\/fr\/#website\",\"url\":\"https:\/\/blog.holyart.it\/fr\/\",\"name\":\"Holyart.fr Blog\",\"description\":\"Holyblog\",\"publisher\":{\"@id\":\"https:\/\/blog.holyart.it\/fr\/#organization\"},\"potentialAction\":[{\"@type\":\"SearchAction\",\"target\":{\"@type\":\"EntryPoint\",\"urlTemplate\":\"https:\/\/blog.holyart.it\/fr\/?s={search_term_string}\"},\"query-input\":{\"@type\":\"PropertyValueSpecification\",\"valueRequired\":true,\"valueName\":\"search_term_string\"}}],\"inLanguage\":\"fr-FR\"},{\"@type\":\"Organization\",\"@id\":\"https:\/\/blog.holyart.it\/fr\/#organization\",\"name\":\"Holyart.fr Blog\",\"url\":\"https:\/\/blog.holyart.it\/fr\/\",\"logo\":{\"@type\":\"ImageObject\",\"inLanguage\":\"fr-FR\",\"@id\":\"https:\/\/blog.holyart.it\/fr\/#\/schema\/logo\/image\/\",\"url\":\"https:\/\/blog.holyart.it\/fr\/wp-content\/uploads\/sites\/14\/2022\/12\/Holyart_Blog_Logo.jpg\",\"contentUrl\":\"https:\/\/blog.holyart.it\/fr\/wp-content\/uploads\/sites\/14\/2022\/12\/Holyart_Blog_Logo.jpg\",\"width\":300,\"height\":50,\"caption\":\"Holyart.fr Blog\"},\"image\":{\"@id\":\"https:\/\/blog.holyart.it\/fr\/#\/schema\/logo\/image\/\"}},{\"@type\":\"Person\",\"@id\":\"https:\/\/blog.holyart.it\/fr\/#\/schema\/person\/0a7b686e5af0f856ec1e390dd0baecda\",\"name\":\"Redazione\",\"image\":{\"@type\":\"ImageObject\",\"inLanguage\":\"fr-FR\",\"@id\":\"https:\/\/blog.holyart.it\/fr\/#\/schema\/person\/image\/\",\"url\":\"https:\/\/secure.gravatar.com\/avatar\/f477da817f43e50d0af36abecd33e3edf826c68299714bdc1057dff3b113f516?s=96&d=mm&r=g\",\"contentUrl\":\"https:\/\/secure.gravatar.com\/avatar\/f477da817f43e50d0af36abecd33e3edf826c68299714bdc1057dff3b113f516?s=96&d=mm&r=g\",\"caption\":\"Redazione\"},\"url\":\"https:\/\/blog.holyart.it\/fr\/author\/admin\/\"}]}<\/script>\n<!-- \/ Yoast SEO plugin. -->","yoast_head_json":{"title":"F\u00eate des grands-parents : quand la c\u00e9l\u00e9brer, quoi offrir, un lien tr\u00e8s fort avec les anges gardiens - Holyart.fr Blog","description":"Tout le monde n'a pas eu la chance de grandir avec un grand-parent \u00e0 ses c\u00f4t\u00e9s. Cela peut para\u00eetre une affirmation bizarre, presque banale...","robots":{"index":"index","follow":"follow","max-snippet":"max-snippet:-1","max-image-preview":"max-image-preview:large","max-video-preview":"max-video-preview:-1"},"canonical":"https:\/\/blog.holyart.it\/fr\/articles-religieux\/fete-des-grands-parents-quand-la-celebrer-quoi-offrir-un-lien-tres-fort-avec-les-anges-gardiens\/","og_locale":"fr_FR","og_type":"article","og_title":"F\u00eate des grands-parents : quand la c\u00e9l\u00e9brer, quoi offrir, un lien tr\u00e8s fort avec les anges gardiens - Holyart.fr Blog","og_description":"Tout le monde n'a pas eu la chance de grandir avec un grand-parent \u00e0 ses c\u00f4t\u00e9s. Cela peut para\u00eetre une affirmation bizarre, presque banale...","og_url":"https:\/\/blog.holyart.it\/fr\/articles-religieux\/fete-des-grands-parents-quand-la-celebrer-quoi-offrir-un-lien-tres-fort-avec-les-anges-gardiens\/","og_site_name":"Holyart.fr Blog","article_published_time":"2021-09-28T08:00:19+00:00","og_image":[{"width":1000,"height":666,"url":"https:\/\/blog.holyart.it\/fr\/wp-content\/uploads\/sites\/14\/2021\/09\/F\u00eate-des-grands-parents.jpg","type":"image\/jpeg"}],"author":"Redazione","twitter_card":"summary_large_image","twitter_misc":{"\u00c9crit par":"Redazione","Dur\u00e9e de lecture estim\u00e9e":"8 minutes"},"schema":{"@context":"https:\/\/schema.org","@graph":[{"@type":"Article","@id":"https:\/\/blog.holyart.it\/fr\/articles-religieux\/fete-des-grands-parents-quand-la-celebrer-quoi-offrir-un-lien-tres-fort-avec-les-anges-gardiens\/#article","isPartOf":{"@id":"https:\/\/blog.holyart.it\/fr\/articles-religieux\/fete-des-grands-parents-quand-la-celebrer-quoi-offrir-un-lien-tres-fort-avec-les-anges-gardiens\/"},"author":{"name":"Redazione","@id":"https:\/\/blog.holyart.it\/fr\/#\/schema\/person\/0a7b686e5af0f856ec1e390dd0baecda"},"headline":"F\u00eate des grands-parents : quand la c\u00e9l\u00e9brer, quoi offrir, un lien tr\u00e8s fort avec les anges gardiens","datePublished":"2021-09-28T08:00:19+00:00","mainEntityOfPage":{"@id":"https:\/\/blog.holyart.it\/fr\/articles-religieux\/fete-des-grands-parents-quand-la-celebrer-quoi-offrir-un-lien-tres-fort-avec-les-anges-gardiens\/"},"wordCount":1540,"publisher":{"@id":"https:\/\/blog.holyart.it\/fr\/#organization"},"image":{"@id":"https:\/\/blog.holyart.it\/fr\/articles-religieux\/fete-des-grands-parents-quand-la-celebrer-quoi-offrir-un-lien-tres-fort-avec-les-anges-gardiens\/#primaryimage"},"thumbnailUrl":"https:\/\/blog.holyart.it\/fr\/wp-content\/uploads\/sites\/14\/2021\/09\/F\u00eate-des-grands-parents.jpg","articleSection":["Religion"],"inLanguage":"fr-FR"},{"@type":"WebPage","@id":"https:\/\/blog.holyart.it\/fr\/articles-religieux\/fete-des-grands-parents-quand-la-celebrer-quoi-offrir-un-lien-tres-fort-avec-les-anges-gardiens\/","url":"https:\/\/blog.holyart.it\/fr\/articles-religieux\/fete-des-grands-parents-quand-la-celebrer-quoi-offrir-un-lien-tres-fort-avec-les-anges-gardiens\/","name":"F\u00eate des grands-parents : quand la c\u00e9l\u00e9brer, quoi offrir, un lien tr\u00e8s fort avec les anges gardiens - Holyart.fr Blog","isPartOf":{"@id":"https:\/\/blog.holyart.it\/fr\/#website"},"primaryImageOfPage":{"@id":"https:\/\/blog.holyart.it\/fr\/articles-religieux\/fete-des-grands-parents-quand-la-celebrer-quoi-offrir-un-lien-tres-fort-avec-les-anges-gardiens\/#primaryimage"},"image":{"@id":"https:\/\/blog.holyart.it\/fr\/articles-religieux\/fete-des-grands-parents-quand-la-celebrer-quoi-offrir-un-lien-tres-fort-avec-les-anges-gardiens\/#primaryimage"},"thumbnailUrl":"https:\/\/blog.holyart.it\/fr\/wp-content\/uploads\/sites\/14\/2021\/09\/F\u00eate-des-grands-parents.jpg","datePublished":"2021-09-28T08:00:19+00:00","description":"Tout le monde n'a pas eu la chance de grandir avec un grand-parent \u00e0 ses c\u00f4t\u00e9s. Cela peut para\u00eetre une affirmation bizarre, presque banale...","breadcrumb":{"@id":"https:\/\/blog.holyart.it\/fr\/articles-religieux\/fete-des-grands-parents-quand-la-celebrer-quoi-offrir-un-lien-tres-fort-avec-les-anges-gardiens\/#breadcrumb"},"inLanguage":"fr-FR","potentialAction":[{"@type":"ReadAction","target":["https:\/\/blog.holyart.it\/fr\/articles-religieux\/fete-des-grands-parents-quand-la-celebrer-quoi-offrir-un-lien-tres-fort-avec-les-anges-gardiens\/"]}]},{"@type":"ImageObject","inLanguage":"fr-FR","@id":"https:\/\/blog.holyart.it\/fr\/articles-religieux\/fete-des-grands-parents-quand-la-celebrer-quoi-offrir-un-lien-tres-fort-avec-les-anges-gardiens\/#primaryimage","url":"https:\/\/blog.holyart.it\/fr\/wp-content\/uploads\/sites\/14\/2021\/09\/F\u00eate-des-grands-parents.jpg","contentUrl":"https:\/\/blog.holyart.it\/fr\/wp-content\/uploads\/sites\/14\/2021\/09\/F\u00eate-des-grands-parents.jpg","width":1000,"height":666,"caption":"F\u00eate des grands-parents"},{"@type":"BreadcrumbList","@id":"https:\/\/blog.holyart.it\/fr\/articles-religieux\/fete-des-grands-parents-quand-la-celebrer-quoi-offrir-un-lien-tres-fort-avec-les-anges-gardiens\/#breadcrumb","itemListElement":[{"@type":"ListItem","position":1,"name":"Homepage","item":"https:\/\/blog.holyart.it\/fr\/"},{"@type":"ListItem","position":2,"name":"Religion","item":"https:\/\/blog.holyart.it\/fr\/articles-religieux\/"},{"@type":"ListItem","position":3,"name":"F\u00eate des grands-parents : quand la c\u00e9l\u00e9brer, quoi offrir, un lien tr\u00e8s fort avec les anges gardiens"}]},{"@type":"WebSite","@id":"https:\/\/blog.holyart.it\/fr\/#website","url":"https:\/\/blog.holyart.it\/fr\/","name":"Holyart.fr Blog","description":"Holyblog","publisher":{"@id":"https:\/\/blog.holyart.it\/fr\/#organization"},"potentialAction":[{"@type":"SearchAction","target":{"@type":"EntryPoint","urlTemplate":"https:\/\/blog.holyart.it\/fr\/?s={search_term_string}"},"query-input":{"@type":"PropertyValueSpecification","valueRequired":true,"valueName":"search_term_string"}}],"inLanguage":"fr-FR"},{"@type":"Organization","@id":"https:\/\/blog.holyart.it\/fr\/#organization","name":"Holyart.fr Blog","url":"https:\/\/blog.holyart.it\/fr\/","logo":{"@type":"ImageObject","inLanguage":"fr-FR","@id":"https:\/\/blog.holyart.it\/fr\/#\/schema\/logo\/image\/","url":"https:\/\/blog.holyart.it\/fr\/wp-content\/uploads\/sites\/14\/2022\/12\/Holyart_Blog_Logo.jpg","contentUrl":"https:\/\/blog.holyart.it\/fr\/wp-content\/uploads\/sites\/14\/2022\/12\/Holyart_Blog_Logo.jpg","width":300,"height":50,"caption":"Holyart.fr Blog"},"image":{"@id":"https:\/\/blog.holyart.it\/fr\/#\/schema\/logo\/image\/"}},{"@type":"Person","@id":"https:\/\/blog.holyart.it\/fr\/#\/schema\/person\/0a7b686e5af0f856ec1e390dd0baecda","name":"Redazione","image":{"@type":"ImageObject","inLanguage":"fr-FR","@id":"https:\/\/blog.holyart.it\/fr\/#\/schema\/person\/image\/","url":"https:\/\/secure.gravatar.com\/avatar\/f477da817f43e50d0af36abecd33e3edf826c68299714bdc1057dff3b113f516?s=96&d=mm&r=g","contentUrl":"https:\/\/secure.gravatar.com\/avatar\/f477da817f43e50d0af36abecd33e3edf826c68299714bdc1057dff3b113f516?s=96&d=mm&r=g","caption":"Redazione"},"url":"https:\/\/blog.holyart.it\/fr\/author\/admin\/"}]}},"_links":{"self":[{"href":"https:\/\/blog.holyart.it\/fr\/wp-json\/wp\/v2\/posts\/3448","targetHints":{"allow":["GET"]}}],"collection":[{"href":"https:\/\/blog.holyart.it\/fr\/wp-json\/wp\/v2\/posts"}],"about":[{"href":"https:\/\/blog.holyart.it\/fr\/wp-json\/wp\/v2\/types\/post"}],"author":[{"embeddable":true,"href":"https:\/\/blog.holyart.it\/fr\/wp-json\/wp\/v2\/users\/1"}],"replies":[{"embeddable":true,"href":"https:\/\/blog.holyart.it\/fr\/wp-json\/wp\/v2\/comments?post=3448"}],"version-history":[{"count":0,"href":"https:\/\/blog.holyart.it\/fr\/wp-json\/wp\/v2\/posts\/3448\/revisions"}],"wp:featuredmedia":[{"embeddable":true,"href":"https:\/\/blog.holyart.it\/fr\/wp-json\/wp\/v2\/media\/3449"}],"wp:attachment":[{"href":"https:\/\/blog.holyart.it\/fr\/wp-json\/wp\/v2\/media?parent=3448"}],"wp:term":[{"taxonomy":"category","embeddable":true,"href":"https:\/\/blog.holyart.it\/fr\/wp-json\/wp\/v2\/categories?post=3448"},{"taxonomy":"post_tag","embeddable":true,"href":"https:\/\/blog.holyart.it\/fr\/wp-json\/wp\/v2\/tags?post=3448"}],"curies":[{"name":"wp","href":"https:\/\/api.w.org\/{rel}","templated":true}]}}